{"id":35110,"date":"2023-09-24T19:45:46","date_gmt":"2023-09-24T22:45:46","guid":{"rendered":"https:\/\/newsinfoco.com.br\/inicio\/?p=35110"},"modified":"2023-09-24T19:45:46","modified_gmt":"2023-09-24T22:45:46","slug":"lancamento-oficial-bahia-beer-festival-da-cerveja-de-alagoinhas-acontece-nos-dias-17-18-e-19-de-novembro","status":"publish","type":"post","link":"https:\/\/newsinfoco.com.br\/inicio\/lancamento-oficial-bahia-beer-festival-da-cerveja-de-alagoinhas-acontece-nos-dias-17-18-e-19-de-novembro\/","title":{"rendered":"Lan\u00e7amento oficial: Bahia Beer \u2013 Festival da Cerveja de Alagoinhas acontece nos dias 17, 18 e 19 de novembro"},"content":{"rendered":"<p>Em Novembro, todos os caminhos levam a Alagoinhas, a Capital Estadual da Cerveja. Os portais foram abertos nesse s\u00e1bado (23), com o lan\u00e7amento do Bahia Beer \u2013 Festival da Cerveja de Alagoinhas, uma realiza\u00e7\u00e3o da Prefeitura Municipal em parceria com o Governo do Estado e apoio do Governo Federal, via Minist\u00e9rios do Turismo e da Cultura.<\/p>\n<p>As datas j\u00e1 est\u00e3o confirmadas: 17, 18 e 19. Nesses tr\u00eas dias, o Parque de Exposi\u00e7\u00f5es ser\u00e1 totalmente adaptado para receber uma programa\u00e7\u00e3o diversificada, que prev\u00ea palestras, gastronomia, concursos e show musicais com artistas renomados. O p\u00fablico tamb\u00e9m poder\u00e1 acompanhar, pelas ruas da cidade, um arrast\u00e3o com trio el\u00e9trico. O projeto detalhado foi apresentado pelo Diretor Executivo da Ag\u00eancia Mercado, Thiago Sankey, para a plateia, formada por jornalistas e radialistas, for\u00e7as empresariais, representantes do polo de bebidas, de sindicatos e associa\u00e7\u00f5es, secret\u00e1rios municipais, vereadores e representantes da sociedade civil.<\/p>\n<p>A pretens\u00e3o \u00e9 atrair turistas de todo o pa\u00eds, al\u00e9m de empreendimentos da vasta cadeia produtiva da cerveja, cuja mat\u00e9ria-prima principal \u00e9 a \u00e1gua. Por sinal, a de Alagoinhas \u00e9 considerada a segunda melhor do mundo, bioquimicamente.<\/p>\n<p><a class=\"group1 cboxElement\" href=\"https:\/\/www.alagoinhas.ba.gov.br\/wp-content\/uploads\/2023\/09\/WhatsApp-Image-2023-09-24-at-13.25.171.jpeg\"><img loading=\"lazy\" decoding=\"async\" class=\"aligncenter size-full wp-image-69312\" src=\"https:\/\/www.alagoinhas.ba.gov.br\/wp-content\/uploads\/2023\/09\/WhatsApp-Image-2023-09-24-at-13.25.171.jpeg\" sizes=\"auto, (max-width: 1600px) 100vw, 1600px\" srcset=\"https:\/\/www.alagoinhas.ba.gov.br\/wp-content\/uploads\/2023\/09\/WhatsApp-Image-2023-09-24-at-13.25.171.jpeg 1600w, https:\/\/www.alagoinhas.ba.gov.br\/wp-content\/uploads\/2023\/09\/WhatsApp-Image-2023-09-24-at-13.25.171-300x200.jpeg 300w, https:\/\/www.alagoinhas.ba.gov.br\/wp-content\/uploads\/2023\/09\/WhatsApp-Image-2023-09-24-at-13.25.171-768x512.jpeg 768w, https:\/\/www.alagoinhas.ba.gov.br\/wp-content\/uploads\/2023\/09\/WhatsApp-Image-2023-09-24-at-13.25.171-1024x682.jpeg 1024w, https:\/\/www.alagoinhas.ba.gov.br\/wp-content\/uploads\/2023\/09\/WhatsApp-Image-2023-09-24-at-13.25.171-24x16.jpeg 24w\" alt=\"\" width=\"1600\" height=\"1066\" \/><\/a><\/p>\n<p>O lan\u00e7amento do Bahia Beer aconteceu no Teatro do SESC e contou com a participa\u00e7\u00e3o do secret\u00e1rio de Turismo da Bahia Maur\u00edcio Bacelar e de representantes do polo cervejeiro, da ind\u00fastria e do com\u00e9rcio, da classe pol\u00edtica \u2013 como o deputado federal Jo\u00e3o Carlos Bacelar, respons\u00e1vel pelas audi\u00eancias com os ministros Celso Sabino (Turismo) e Margareth Menezes (Cultura). Al\u00e9m disso, a grande imprensa e a imprensa local compareceram em peso, com a miss\u00e3o de reverberar o Festival da Cerveja de Alagoinhas pelo Brasil afora.<\/p>\n<p>Primeira a se pronunciar na solenidade, a secret\u00e1ria de Cultura, Esporte e Turismo, Iraci Gama, lembrou que at\u00e9 o nome da cidade est\u00e1 marcado pela presen\u00e7a da \u00e1gua, \u201cAlagoinhas vem de pequenas lagoas, as lagoinhas\u201d. Ela fez refer\u00eancia ao turismo de neg\u00f3cios, bastante pujante na cidade, e ressaltou que o Bahia Beer tem que ter em mira o benef\u00edcio \u00e0 comunidade, uma vez que o \u201cpoder p\u00fablico \u00e9 o respons\u00e1vel pelo planejamento e busca de elementos que possam trazer melhorias para nossa popula\u00e7\u00e3o\u201d.<\/p>\n<p><a class=\"group1 cboxElement\" href=\"https:\/\/www.alagoinhas.ba.gov.br\/wp-content\/uploads\/2023\/09\/WhatsApp-Image-2023-09-24-at-13.22.552.jpeg\"><img loading=\"lazy\" decoding=\"async\" class=\"aligncenter size-full wp-image-69313\" src=\"https:\/\/www.alagoinhas.ba.gov.br\/wp-content\/uploads\/2023\/09\/WhatsApp-Image-2023-09-24-at-13.22.552.jpeg\" sizes=\"auto, (max-width: 1600px) 100vw, 1600px\" srcset=\"https:\/\/www.alagoinhas.ba.gov.br\/wp-content\/uploads\/2023\/09\/WhatsApp-Image-2023-09-24-at-13.22.552.jpeg 1600w, https:\/\/www.alagoinhas.ba.gov.br\/wp-content\/uploads\/2023\/09\/WhatsApp-Image-2023-09-24-at-13.22.552-300x200.jpeg 300w, https:\/\/www.alagoinhas.ba.gov.br\/wp-content\/uploads\/2023\/09\/WhatsApp-Image-2023-09-24-at-13.22.552-768x512.jpeg 768w, https:\/\/www.alagoinhas.ba.gov.br\/wp-content\/uploads\/2023\/09\/WhatsApp-Image-2023-09-24-at-13.22.552-1024x682.jpeg 1024w, https:\/\/www.alagoinhas.ba.gov.br\/wp-content\/uploads\/2023\/09\/WhatsApp-Image-2023-09-24-at-13.22.552-24x16.jpeg 24w\" alt=\"\" width=\"1600\" height=\"1066\" \/><\/a><\/p>\n<p>A deputada estadual Ludmilla Fiscina frisou que o Bahia Beer tamb\u00e9m ser\u00e1 marcado pela a\u00e7\u00e3o social, com um projeto de reciclagem e a participa\u00e7\u00e3o do Bahia sem Fome no evento. A autora da lei que outorga ao munic\u00edpio o t\u00edtulo de capital da cerveja tamb\u00e9m frisou a atra\u00e7\u00e3o de emprego e renda como um dos objetivos centrais do evento. \u201cEstou muito feliz e euf\u00f3rica. Aprovamos o t\u00edtulo de capital estadual da cerveja e o festival anual por unanimidade. Iremos celebrar a cultura cervejeira, com atividades variadas, corrida da cerveja, concursos gastron\u00f4micos, valoriza\u00e7\u00e3o da cerveja artesanal, feira de neg\u00f3cios e o melhor, promovendo emprego e renda para a nossa gente!\u201d.<\/p>\n<p>J\u00e1 o prefeito Joaquim Neto lembrou toda a engrenagem da ind\u00fastria de bebidas, que inclui em sua cadeia produtiva a fabrica\u00e7\u00e3o de rolhas, tampinhas, latinhas, r\u00f3tulos, sem falar na log\u00edstica do transporte de carretas, que saem de Alagoinhas carregadas de cerveja, \u00e1gua e refrigerante. \u201cIsso tudo traz emprego para a nossa cidade e regi\u00e3o, aumentando o recolhimento de ICMS para a Bahia. Os grandes produtores da ind\u00fastria de bebidas est\u00e3o compartilhando com a cidade esse evento que j\u00e1 nasce grande e com a tend\u00eancia de crescer mais a cada ano\u201d.<\/p>\n<p>\u201cAlagoinhas \u00e9 um polo consolidado de bebidas, isso \u00e9 de conhecimento nacional. A partir da uni\u00e3o entre as esferas municipal, estadual e federal vamos potencializar uma economia que gira em torno da produ\u00e7\u00e3o da cerveja\u201d, declarou o secret\u00e1rio Maur\u00edcio Bacelar, afirmando que o Bahia Beer tamb\u00e9m ir\u00e1 diversificar a oferta tur\u00edstica no estado. \u201cEstamos galgando v\u00e1rios degraus, colocando Alagoinhas e a Bahia em outro patamar. Quem sabe, no futuro, o Congresso Nacional possa seguir a Assembleia Legislativa da Bahia e fazer de Alagoinhas a capital nacional da cerveja\u201d.<\/p>\n<p>Fotos: Roberto Fonseca<\/p>\n<p><a class=\"group1 cboxElement\" href=\"https:\/\/www.alagoinhas.ba.gov.br\/wp-content\/uploads\/2023\/09\/WhatsApp-Image-2023-09-24-at-13.25.19.jpeg\"><img loading=\"lazy\" decoding=\"async\" class=\"aligncenter size-full wp-image-69315\" src=\"https:\/\/www.alagoinhas.ba.gov.br\/wp-content\/uploads\/2023\/09\/WhatsApp-Image-2023-09-24-at-13.25.19.jpeg\" sizes=\"auto, (max-width: 1600px) 100vw, 1600px\" srcset=\"https:\/\/www.alagoinhas.ba.gov.br\/wp-content\/uploads\/2023\/09\/WhatsApp-Image-2023-09-24-at-13.25.19.jpeg 1600w, https:\/\/www.alagoinhas.ba.gov.br\/wp-content\/uploads\/2023\/09\/WhatsApp-Image-2023-09-24-at-13.25.19-300x200.jpeg 300w, https:\/\/www.alagoinhas.ba.gov.br\/wp-content\/uploads\/2023\/09\/WhatsApp-Image-2023-09-24-at-13.25.19-768x512.jpeg 768w, https:\/\/www.alagoinhas.ba.gov.br\/wp-content\/uploads\/2023\/09\/WhatsApp-Image-2023-09-24-at-13.25.19-1024x682.jpeg 1024w, https:\/\/www.alagoinhas.ba.gov.br\/wp-content\/uploads\/2023\/09\/WhatsApp-Image-2023-09-24-at-13.25.19-24x16.jpeg 24w\" alt=\"\" width=\"1600\" height=\"1066\" \/><\/a><a class=\"group1 cboxElement\" href=\"https:\/\/www.alagoinhas.ba.gov.br\/wp-content\/uploads\/2023\/09\/WhatsApp-Image-2023-09-24-at-13.22.56.jpeg\"><img loading=\"lazy\" decoding=\"async\" class=\"aligncenter size-full wp-image-69316\" src=\"https:\/\/www.alagoinhas.ba.gov.br\/wp-content\/uploads\/2023\/09\/WhatsApp-Image-2023-09-24-at-13.22.56.jpeg\" sizes=\"auto, (max-width: 1600px) 100vw, 1600px\" srcset=\"https:\/\/www.alagoinhas.ba.gov.br\/wp-content\/uploads\/2023\/09\/WhatsApp-Image-2023-09-24-at-13.22.56.jpeg 1600w, https:\/\/www.alagoinhas.ba.gov.br\/wp-content\/uploads\/2023\/09\/WhatsApp-Image-2023-09-24-at-13.22.56-300x200.jpeg 300w, https:\/\/www.alagoinhas.ba.gov.br\/wp-content\/uploads\/2023\/09\/WhatsApp-Image-2023-09-24-at-13.22.56-768x512.jpeg 768w, https:\/\/www.alagoinhas.ba.gov.br\/wp-content\/uploads\/2023\/09\/WhatsApp-Image-2023-09-24-at-13.22.56-1024x682.jpeg 1024w, https:\/\/www.alagoinhas.ba.gov.br\/wp-content\/uploads\/2023\/09\/WhatsApp-Image-2023-09-24-at-13.22.56-24x16.jpeg 24w\" alt=\"\" width=\"1600\" height=\"1066\" \/><\/a><a class=\"group1 cboxElement\" href=\"https:\/\/www.alagoinhas.ba.gov.br\/wp-content\/uploads\/2023\/09\/WhatsApp-Image-2023-09-24-at-13.22.54.jpeg\"><img loading=\"lazy\" decoding=\"async\" class=\"aligncenter size-full wp-image-69317\" src=\"https:\/\/www.alagoinhas.ba.gov.br\/wp-content\/uploads\/2023\/09\/WhatsApp-Image-2023-09-24-at-13.22.54.jpeg\" sizes=\"auto, (max-width: 1600px) 100vw, 1600px\" srcset=\"https:\/\/www.alagoinhas.ba.gov.br\/wp-content\/uploads\/2023\/09\/WhatsApp-Image-2023-09-24-at-13.22.54.jpeg 1600w, https:\/\/www.alagoinhas.ba.gov.br\/wp-content\/uploads\/2023\/09\/WhatsApp-Image-2023-09-24-at-13.22.54-300x200.jpeg 300w, https:\/\/www.alagoinhas.ba.gov.br\/wp-content\/uploads\/2023\/09\/WhatsApp-Image-2023-09-24-at-13.22.54-768x512.jpeg 768w, https:\/\/www.alagoinhas.ba.gov.br\/wp-content\/uploads\/2023\/09\/WhatsApp-Image-2023-09-24-at-13.22.54-1024x682.jpeg 1024w, https:\/\/www.alagoinhas.ba.gov.br\/wp-content\/uploads\/2023\/09\/WhatsApp-Image-2023-09-24-at-13.22.54-24x16.jpeg 24w\" alt=\"\" width=\"1600\" height=\"1066\" \/><\/a><a class=\"group1 cboxElement\" href=\"https:\/\/www.alagoinhas.ba.gov.br\/wp-content\/uploads\/2023\/09\/WhatsApp-Image-2023-09-24-at-13.20.451-1.jpeg\"><img loading=\"lazy\" decoding=\"async\" class=\"aligncenter size-full wp-image-69318\" src=\"https:\/\/www.alagoinhas.ba.gov.br\/wp-content\/uploads\/2023\/09\/WhatsApp-Image-2023-09-24-at-13.20.451-1.jpeg\" sizes=\"auto, (max-width: 1600px) 100vw, 1600px\" srcset=\"https:\/\/www.alagoinhas.ba.gov.br\/wp-content\/uploads\/2023\/09\/WhatsApp-Image-2023-09-24-at-13.20.451-1.jpeg 1600w, https:\/\/www.alagoinhas.ba.gov.br\/wp-content\/uploads\/2023\/09\/WhatsApp-Image-2023-09-24-at-13.20.451-1-300x200.jpeg 300w, https:\/\/www.alagoinhas.ba.gov.br\/wp-content\/uploads\/2023\/09\/WhatsApp-Image-2023-09-24-at-13.20.451-1-768x512.jpeg 768w, https:\/\/www.alagoinhas.ba.gov.br\/wp-content\/uploads\/2023\/09\/WhatsApp-Image-2023-09-24-at-13.20.451-1-1024x682.jpeg 1024w, https:\/\/www.alagoinhas.ba.gov.br\/wp-content\/uploads\/2023\/09\/WhatsApp-Image-2023-09-24-at-13.20.451-1-24x16.jpeg 24w\" alt=\"\" width=\"1600\" height=\"1066\" \/><\/a><a class=\"group1 cboxElement\" href=\"https:\/\/www.alagoinhas.ba.gov.br\/wp-content\/uploads\/2023\/09\/WhatsApp-Image-2023-09-24-at-13.20.44.jpeg\"><img loading=\"lazy\" decoding=\"async\" class=\"aligncenter size-full wp-image-69320\" src=\"https:\/\/www.alagoinhas.ba.gov.br\/wp-content\/uploads\/2023\/09\/WhatsApp-Image-2023-09-24-at-13.20.44.jpeg\" sizes=\"auto, (max-width: 1600px) 100vw, 1600px\" srcset=\"https:\/\/www.alagoinhas.ba.gov.br\/wp-content\/uploads\/2023\/09\/WhatsApp-Image-2023-09-24-at-13.20.44.jpeg 1600w, https:\/\/www.alagoinhas.ba.gov.br\/wp-content\/uploads\/2023\/09\/WhatsApp-Image-2023-09-24-at-13.20.44-300x200.jpeg 300w, https:\/\/www.alagoinhas.ba.gov.br\/wp-content\/uploads\/2023\/09\/WhatsApp-Image-2023-09-24-at-13.20.44-768x512.jpeg 768w, https:\/\/www.alagoinhas.ba.gov.br\/wp-content\/uploads\/2023\/09\/WhatsApp-Image-2023-09-24-at-13.20.44-1024x682.jpeg 1024w, https:\/\/www.alagoinhas.ba.gov.br\/wp-content\/uploads\/2023\/09\/WhatsApp-Image-2023-09-24-at-13.20.44-24x16.jpeg 24w\" alt=\"\" width=\"1600\" height=\"1066\" \/><\/a><a class=\"group1 cboxElement\" href=\"https:\/\/www.alagoinhas.ba.gov.br\/wp-content\/uploads\/2023\/09\/WhatsApp-Image-2023-09-24-at-13.20.43.jpeg\"><img loading=\"lazy\" decoding=\"async\" class=\"aligncenter size-full wp-image-69322\" src=\"https:\/\/www.alagoinhas.ba.gov.br\/wp-content\/uploads\/2023\/09\/WhatsApp-Image-2023-09-24-at-13.20.43.jpeg\" sizes=\"auto, (max-width: 1600px) 100vw, 1600px\" srcset=\"https:\/\/www.alagoinhas.ba.gov.br\/wp-content\/uploads\/2023\/09\/WhatsApp-Image-2023-09-24-at-13.20.43.jpeg 1600w, https:\/\/www.alagoinhas.ba.gov.br\/wp-content\/uploads\/2023\/09\/WhatsApp-Image-2023-09-24-at-13.20.43-300x200.jpeg 300w, https:\/\/www.alagoinhas.ba.gov.br\/wp-content\/uploads\/2023\/09\/WhatsApp-Image-2023-09-24-at-13.20.43-768x512.jpeg 768w, https:\/\/www.alagoinhas.ba.gov.br\/wp-content\/uploads\/2023\/09\/WhatsApp-Image-2023-09-24-at-13.20.43-1024x682.jpeg 1024w, https:\/\/www.alagoinhas.ba.gov.br\/wp-content\/uploads\/2023\/09\/WhatsApp-Image-2023-09-24-at-13.20.43-24x16.jpeg 24w\" alt=\"\" width=\"1600\" height=\"1066\" \/><\/a><a class=\"group1 cboxElement\" href=\"https:\/\/www.alagoinhas.ba.gov.br\/wp-content\/uploads\/2023\/09\/WhatsApp-Image-2023-09-24-at-13.20.431.jpeg\"><img loading=\"lazy\" decoding=\"async\" class=\"aligncenter size-full wp-image-69321\" src=\"https:\/\/www.alagoinhas.ba.gov.br\/wp-content\/uploads\/2023\/09\/WhatsApp-Image-2023-09-24-at-13.20.431.jpeg\" sizes=\"auto, (max-width: 1600px) 100vw, 1600px\" srcset=\"https:\/\/www.alagoinhas.ba.gov.br\/wp-content\/uploads\/2023\/09\/WhatsApp-Image-2023-09-24-at-13.20.431.jpeg 1600w, https:\/\/www.alagoinhas.ba.gov.br\/wp-content\/uploads\/2023\/09\/WhatsApp-Image-2023-09-24-at-13.20.431-300x200.jpeg 300w, https:\/\/www.alagoinhas.ba.gov.br\/wp-content\/uploads\/2023\/09\/WhatsApp-Image-2023-09-24-at-13.20.431-768x512.jpeg 768w, https:\/\/www.alagoinhas.ba.gov.br\/wp-content\/uploads\/2023\/09\/WhatsApp-Image-2023-09-24-at-13.20.431-1024x682.jpeg 1024w, https:\/\/www.alagoinhas.ba.gov.br\/wp-content\/uploads\/2023\/09\/WhatsApp-Image-2023-09-24-at-13.20.431-24x16.jpeg 24w\" alt=\"\" width=\"1600\" height=\"1066\" \/><\/a><\/p>\n<div align=\"right\">\n<p>&nbsp;<\/p>\n<\/div>\n<div class='share-to-whatsapp-wrapper'><div class='share-on-whsp'>Share on: <\/div><a data-text='Lan\u00e7amento oficial: Bahia Beer \u2013 Festival da Cerveja de Alagoinhas acontece nos dias 17, 18 e 19 de novembro' data-link='https:\/\/newsinfoco.com.br\/inicio\/lancamento-oficial-bahia-beer-festival-da-cerveja-de-alagoinhas-acontece-nos-dias-17-18-e-19-de-novembro\/' class='whatsapp-button whatsapp-share'>WhatsApp<\/a><div class='clear '><\/div><\/div>","protected":false},"excerpt":{"rendered":"<p>Em Novembro, todos os caminhos levam a Alagoinhas, a Capital Estadual da Cerveja. Os portais foram abertos nesse s\u00e1bado (23), com o lan\u00e7amento do Bahia Beer \u2013 Festival da Cerveja de Alagoinhas, uma realiza\u00e7\u00e3o da Prefeitura Municipal em parceria com o Governo do Estado e apoio do Governo Federal, via Minist\u00e9rios do Turismo e da [&hellip;]<\/p>\n","protected":false},"author":1,"featured_media":35111,"comment_status":"closed","ping_status":"closed","sticky":false,"template":"","format":"standard","meta":{"om_disable_all_campaigns":false,"rop_custom_images_group":[],"rop_custom_messages_group":[],"rop_publish_now":"initial","rop_publish_now_accounts":[],"rop_publish_now_history":[],"rop_publish_now_status":"pending","_exactmetrics_skip_tracking":false,"footnotes":""},"categories":[38,167],"tags":[],"class_list":["post-35110","post","type-post","status-publish","format-standard","has-post-thumbnail","hentry","category-alagoinhas-e-regiao","category-exclusivas"],"aioseo_notices":[],"aioseo_head":"\n\t\t<!-- All in One SEO 4.9.10 - aioseo.com -->\n\t<meta name=\"description\" content=\"Em Novembro, todos os caminhos levam a Alagoinhas, a Capital Estadual da Cerveja. Os portais foram abertos nesse s\u00e1bado (23), com o lan\u00e7amento do Bahia Beer \u2013 Festival da Cerveja de Alagoinhas, uma realiza\u00e7\u00e3o da Prefeitura Municipal em parceria com o Governo do Estado e apoio do Governo Federal, via Minist\u00e9rios do Turismo e da\" \/>\n\t<meta name=\"robots\" content=\"max-image-preview:large\" \/>\n\t<meta name=\"author\" content=\"administrador\"\/>\n\t<link rel=\"canonical\" href=\"https:\/\/newsinfoco.com.br\/inicio\/lancamento-oficial-bahia-beer-festival-da-cerveja-de-alagoinhas-acontece-nos-dias-17-18-e-19-de-novembro\/\" \/>\n\t<meta name=\"generator\" content=\"All in One SEO (AIOSEO) 4.9.10\" \/>\n\t\t<meta property=\"og:locale\" content=\"pt_BR\" \/>\n\t\t<meta property=\"og:site_name\" content=\"News In Foco - Editado por Caio Pimenta - O principal site de noticias de Alagoinhas e regi\u00e3o\" \/>\n\t\t<meta property=\"og:type\" content=\"article\" \/>\n\t\t<meta property=\"og:title\" content=\"Lan\u00e7amento oficial: Bahia Beer \u2013 Festival da Cerveja de Alagoinhas acontece nos dias 17, 18 e 19 de novembro - News In Foco - Editado por Caio Pimenta\" \/>\n\t\t<meta property=\"og:description\" content=\"Em Novembro, todos os caminhos levam a Alagoinhas, a Capital Estadual da Cerveja. Os portais foram abertos nesse s\u00e1bado (23), com o lan\u00e7amento do Bahia Beer \u2013 Festival da Cerveja de Alagoinhas, uma realiza\u00e7\u00e3o da Prefeitura Municipal em parceria com o Governo do Estado e apoio do Governo Federal, via Minist\u00e9rios do Turismo e da\" \/>\n\t\t<meta property=\"og:url\" content=\"https:\/\/newsinfoco.com.br\/inicio\/lancamento-oficial-bahia-beer-festival-da-cerveja-de-alagoinhas-acontece-nos-dias-17-18-e-19-de-novembro\/\" \/>\n\t\t<meta property=\"article:published_time\" content=\"2023-09-24T22:45:46+00:00\" \/>\n\t\t<meta property=\"article:modified_time\" content=\"2023-09-24T22:45:46+00:00\" \/>\n\t\t<meta name=\"twitter:card\" content=\"summary_large_image\" \/>\n\t\t<meta name=\"twitter:title\" content=\"Lan\u00e7amento oficial: Bahia Beer \u2013 Festival da Cerveja de Alagoinhas acontece nos dias 17, 18 e 19 de novembro - News In Foco - Editado por Caio Pimenta\" \/>\n\t\t<meta name=\"twitter:description\" content=\"Em Novembro, todos os caminhos levam a Alagoinhas, a Capital Estadual da Cerveja. Os portais foram abertos nesse s\u00e1bado (23), com o lan\u00e7amento do Bahia Beer \u2013 Festival da Cerveja de Alagoinhas, uma realiza\u00e7\u00e3o da Prefeitura Municipal em parceria com o Governo do Estado e apoio do Governo Federal, via Minist\u00e9rios do Turismo e da\" \/>\n\t\t<script type=\"application\/ld+json\" class=\"aioseo-schema\">\n\t\t\t{\"@context\":\"https:\\\/\\\/schema.org\",\"@graph\":[{\"@type\":\"BlogPosting\",\"@id\":\"https:\\\/\\\/newsinfoco.com.br\\\/inicio\\\/lancamento-oficial-bahia-beer-festival-da-cerveja-de-alagoinhas-acontece-nos-dias-17-18-e-19-de-novembro\\\/#blogposting\",\"name\":\"Lan\\u00e7amento oficial: Bahia Beer \\u2013 Festival da Cerveja de Alagoinhas acontece nos dias 17, 18 e 19 de novembro - News In Foco - Editado por Caio Pimenta\",\"headline\":\"Lan\\u00e7amento oficial: Bahia Beer \\u2013 Festival da Cerveja de Alagoinhas acontece nos dias 17, 18 e 19 de novembro\",\"author\":{\"@id\":\"https:\\\/\\\/newsinfoco.com.br\\\/inicio\\\/author\\\/administrador\\\/#author\"},\"publisher\":{\"@id\":\"https:\\\/\\\/newsinfoco.com.br\\\/inicio\\\/#organization\"},\"image\":{\"@type\":\"ImageObject\",\"url\":\"https:\\\/\\\/newsinfoco.com.br\\\/inicio\\\/wp-content\\\/uploads\\\/2023\\\/09\\\/WhatsApp-Image-2023-09-24-at-13.25.18.jpeg\",\"width\":1600,\"height\":1066},\"datePublished\":\"2023-09-24T19:45:46-03:00\",\"dateModified\":\"2023-09-24T19:45:46-03:00\",\"inLanguage\":\"pt-BR\",\"mainEntityOfPage\":{\"@id\":\"https:\\\/\\\/newsinfoco.com.br\\\/inicio\\\/lancamento-oficial-bahia-beer-festival-da-cerveja-de-alagoinhas-acontece-nos-dias-17-18-e-19-de-novembro\\\/#webpage\"},\"isPartOf\":{\"@id\":\"https:\\\/\\\/newsinfoco.com.br\\\/inicio\\\/lancamento-oficial-bahia-beer-festival-da-cerveja-de-alagoinhas-acontece-nos-dias-17-18-e-19-de-novembro\\\/#webpage\"},\"articleSection\":\"Alagoinhas e Regi\\u00e3o, Manchete\"},{\"@type\":\"BreadcrumbList\",\"@id\":\"https:\\\/\\\/newsinfoco.com.br\\\/inicio\\\/lancamento-oficial-bahia-beer-festival-da-cerveja-de-alagoinhas-acontece-nos-dias-17-18-e-19-de-novembro\\\/#breadcrumblist\",\"itemListElement\":[{\"@type\":\"ListItem\",\"@id\":\"https:\\\/\\\/newsinfoco.com.br\\\/inicio#listItem\",\"position\":1,\"name\":\"In\\u00edcio\",\"item\":\"https:\\\/\\\/newsinfoco.com.br\\\/inicio\",\"nextItem\":{\"@type\":\"ListItem\",\"@id\":\"https:\\\/\\\/newsinfoco.com.br\\\/inicio\\\/category\\\/alagoinhas-e-regiao\\\/#listItem\",\"name\":\"Alagoinhas e Regi\\u00e3o\"}},{\"@type\":\"ListItem\",\"@id\":\"https:\\\/\\\/newsinfoco.com.br\\\/inicio\\\/category\\\/alagoinhas-e-regiao\\\/#listItem\",\"position\":2,\"name\":\"Alagoinhas e Regi\\u00e3o\",\"item\":\"https:\\\/\\\/newsinfoco.com.br\\\/inicio\\\/category\\\/alagoinhas-e-regiao\\\/\",\"nextItem\":{\"@type\":\"ListItem\",\"@id\":\"https:\\\/\\\/newsinfoco.com.br\\\/inicio\\\/lancamento-oficial-bahia-beer-festival-da-cerveja-de-alagoinhas-acontece-nos-dias-17-18-e-19-de-novembro\\\/#listItem\",\"name\":\"Lan\\u00e7amento oficial: Bahia Beer \\u2013 Festival da Cerveja de Alagoinhas acontece nos dias 17, 18 e 19 de novembro\"},\"previousItem\":{\"@type\":\"ListItem\",\"@id\":\"https:\\\/\\\/newsinfoco.com.br\\\/inicio#listItem\",\"name\":\"In\\u00edcio\"}},{\"@type\":\"ListItem\",\"@id\":\"https:\\\/\\\/newsinfoco.com.br\\\/inicio\\\/lancamento-oficial-bahia-beer-festival-da-cerveja-de-alagoinhas-acontece-nos-dias-17-18-e-19-de-novembro\\\/#listItem\",\"position\":3,\"name\":\"Lan\\u00e7amento oficial: Bahia Beer \\u2013 Festival da Cerveja de Alagoinhas acontece nos dias 17, 18 e 19 de novembro\",\"previousItem\":{\"@type\":\"ListItem\",\"@id\":\"https:\\\/\\\/newsinfoco.com.br\\\/inicio\\\/category\\\/alagoinhas-e-regiao\\\/#listItem\",\"name\":\"Alagoinhas e Regi\\u00e3o\"}}]},{\"@type\":\"Organization\",\"@id\":\"https:\\\/\\\/newsinfoco.com.br\\\/inicio\\\/#organization\",\"name\":\"News In Foco - Editado por Caio Pimenta\",\"description\":\"O principal site de noticias de Alagoinhas e regi\\u00e3o\",\"url\":\"https:\\\/\\\/newsinfoco.com.br\\\/inicio\\\/\"},{\"@type\":\"Person\",\"@id\":\"https:\\\/\\\/newsinfoco.com.br\\\/inicio\\\/author\\\/administrador\\\/#author\",\"url\":\"https:\\\/\\\/newsinfoco.com.br\\\/inicio\\\/author\\\/administrador\\\/\",\"name\":\"administrador\",\"image\":{\"@type\":\"ImageObject\",\"@id\":\"https:\\\/\\\/newsinfoco.com.br\\\/inicio\\\/lancamento-oficial-bahia-beer-festival-da-cerveja-de-alagoinhas-acontece-nos-dias-17-18-e-19-de-novembro\\\/#authorImage\",\"url\":\"https:\\\/\\\/secure.gravatar.com\\\/avatar\\\/c17a617433de8c1dc9584bb79aab7563b46f5bb7e1728c9b17d9cc3ce6a08e49?s=96&d=mm&r=g\",\"width\":96,\"height\":96,\"caption\":\"administrador\"}},{\"@type\":\"WebPage\",\"@id\":\"https:\\\/\\\/newsinfoco.com.br\\\/inicio\\\/lancamento-oficial-bahia-beer-festival-da-cerveja-de-alagoinhas-acontece-nos-dias-17-18-e-19-de-novembro\\\/#webpage\",\"url\":\"https:\\\/\\\/newsinfoco.com.br\\\/inicio\\\/lancamento-oficial-bahia-beer-festival-da-cerveja-de-alagoinhas-acontece-nos-dias-17-18-e-19-de-novembro\\\/\",\"name\":\"Lan\\u00e7amento oficial: Bahia Beer \\u2013 Festival da Cerveja de Alagoinhas acontece nos dias 17, 18 e 19 de novembro - News In Foco - Editado por Caio Pimenta\",\"description\":\"Em Novembro, todos os caminhos levam a Alagoinhas, a Capital Estadual da Cerveja. Os portais foram abertos nesse s\\u00e1bado (23), com o lan\\u00e7amento do Bahia Beer \\u2013 Festival da Cerveja de Alagoinhas, uma realiza\\u00e7\\u00e3o da Prefeitura Municipal em parceria com o Governo do Estado e apoio do Governo Federal, via Minist\\u00e9rios do Turismo e da\",\"inLanguage\":\"pt-BR\",\"isPartOf\":{\"@id\":\"https:\\\/\\\/newsinfoco.com.br\\\/inicio\\\/#website\"},\"breadcrumb\":{\"@id\":\"https:\\\/\\\/newsinfoco.com.br\\\/inicio\\\/lancamento-oficial-bahia-beer-festival-da-cerveja-de-alagoinhas-acontece-nos-dias-17-18-e-19-de-novembro\\\/#breadcrumblist\"},\"author\":{\"@id\":\"https:\\\/\\\/newsinfoco.com.br\\\/inicio\\\/author\\\/administrador\\\/#author\"},\"creator\":{\"@id\":\"https:\\\/\\\/newsinfoco.com.br\\\/inicio\\\/author\\\/administrador\\\/#author\"},\"image\":{\"@type\":\"ImageObject\",\"url\":\"https:\\\/\\\/newsinfoco.com.br\\\/inicio\\\/wp-content\\\/uploads\\\/2023\\\/09\\\/WhatsApp-Image-2023-09-24-at-13.25.18.jpeg\",\"@id\":\"https:\\\/\\\/newsinfoco.com.br\\\/inicio\\\/lancamento-oficial-bahia-beer-festival-da-cerveja-de-alagoinhas-acontece-nos-dias-17-18-e-19-de-novembro\\\/#mainImage\",\"width\":1600,\"height\":1066},\"primaryImageOfPage\":{\"@id\":\"https:\\\/\\\/newsinfoco.com.br\\\/inicio\\\/lancamento-oficial-bahia-beer-festival-da-cerveja-de-alagoinhas-acontece-nos-dias-17-18-e-19-de-novembro\\\/#mainImage\"},\"datePublished\":\"2023-09-24T19:45:46-03:00\",\"dateModified\":\"2023-09-24T19:45:46-03:00\"},{\"@type\":\"WebSite\",\"@id\":\"https:\\\/\\\/newsinfoco.com.br\\\/inicio\\\/#website\",\"url\":\"https:\\\/\\\/newsinfoco.com.br\\\/inicio\\\/\",\"name\":\"News In Foco - Editado por Caio Pimenta\",\"description\":\"O principal site de noticias de Alagoinhas e regi\\u00e3o\",\"inLanguage\":\"pt-BR\",\"publisher\":{\"@id\":\"https:\\\/\\\/newsinfoco.com.br\\\/inicio\\\/#organization\"}}]}\n\t\t<\/script>\n\t\t<!-- All in One SEO -->\n\n","aioseo_head_json":{"title":"Lan\u00e7amento oficial: Bahia Beer \u2013 Festival da Cerveja de Alagoinhas acontece nos dias 17, 18 e 19 de novembro - News In Foco - Editado por Caio Pimenta","description":"Em Novembro, todos os caminhos levam a Alagoinhas, a Capital Estadual da Cerveja. Os portais foram abertos nesse s\u00e1bado (23), com o lan\u00e7amento do Bahia Beer \u2013 Festival da Cerveja de Alagoinhas, uma realiza\u00e7\u00e3o da Prefeitura Municipal em parceria com o Governo do Estado e apoio do Governo Federal, via Minist\u00e9rios do Turismo e da","canonical_url":"https:\/\/newsinfoco.com.br\/inicio\/lancamento-oficial-bahia-beer-festival-da-cerveja-de-alagoinhas-acontece-nos-dias-17-18-e-19-de-novembro\/","robots":"max-image-preview:large","keywords":"","webmasterTools":{"miscellaneous":""},"schema":{"@context":"https:\/\/schema.org","@graph":[{"@type":"BlogPosting","@id":"https:\/\/newsinfoco.com.br\/inicio\/lancamento-oficial-bahia-beer-festival-da-cerveja-de-alagoinhas-acontece-nos-dias-17-18-e-19-de-novembro\/#blogposting","name":"Lan\u00e7amento oficial: Bahia Beer \u2013 Festival da Cerveja de Alagoinhas acontece nos dias 17, 18 e 19 de novembro - News In Foco - Editado por Caio Pimenta","headline":"Lan\u00e7amento oficial: Bahia Beer \u2013 Festival da Cerveja de Alagoinhas acontece nos dias 17, 18 e 19 de novembro","author":{"@id":"https:\/\/newsinfoco.com.br\/inicio\/author\/administrador\/#author"},"publisher":{"@id":"https:\/\/newsinfoco.com.br\/inicio\/#organization"},"image":{"@type":"ImageObject","url":"https:\/\/newsinfoco.com.br\/inicio\/wp-content\/uploads\/2023\/09\/WhatsApp-Image-2023-09-24-at-13.25.18.jpeg","width":1600,"height":1066},"datePublished":"2023-09-24T19:45:46-03:00","dateModified":"2023-09-24T19:45:46-03:00","inLanguage":"pt-BR","mainEntityOfPage":{"@id":"https:\/\/newsinfoco.com.br\/inicio\/lancamento-oficial-bahia-beer-festival-da-cerveja-de-alagoinhas-acontece-nos-dias-17-18-e-19-de-novembro\/#webpage"},"isPartOf":{"@id":"https:\/\/newsinfoco.com.br\/inicio\/lancamento-oficial-bahia-beer-festival-da-cerveja-de-alagoinhas-acontece-nos-dias-17-18-e-19-de-novembro\/#webpage"},"articleSection":"Alagoinhas e Regi\u00e3o, Manchete"},{"@type":"BreadcrumbList","@id":"https:\/\/newsinfoco.com.br\/inicio\/lancamento-oficial-bahia-beer-festival-da-cerveja-de-alagoinhas-acontece-nos-dias-17-18-e-19-de-novembro\/#breadcrumblist","itemListElement":[{"@type":"ListItem","@id":"https:\/\/newsinfoco.com.br\/inicio#listItem","position":1,"name":"In\u00edcio","item":"https:\/\/newsinfoco.com.br\/inicio","nextItem":{"@type":"ListItem","@id":"https:\/\/newsinfoco.com.br\/inicio\/category\/alagoinhas-e-regiao\/#listItem","name":"Alagoinhas e Regi\u00e3o"}},{"@type":"ListItem","@id":"https:\/\/newsinfoco.com.br\/inicio\/category\/alagoinhas-e-regiao\/#listItem","position":2,"name":"Alagoinhas e Regi\u00e3o","item":"https:\/\/newsinfoco.com.br\/inicio\/category\/alagoinhas-e-regiao\/","nextItem":{"@type":"ListItem","@id":"https:\/\/newsinfoco.com.br\/inicio\/lancamento-oficial-bahia-beer-festival-da-cerveja-de-alagoinhas-acontece-nos-dias-17-18-e-19-de-novembro\/#listItem","name":"Lan\u00e7amento oficial: Bahia Beer \u2013 Festival da Cerveja de Alagoinhas acontece nos dias 17, 18 e 19 de novembro"},"previousItem":{"@type":"ListItem","@id":"https:\/\/newsinfoco.com.br\/inicio#listItem","name":"In\u00edcio"}},{"@type":"ListItem","@id":"https:\/\/newsinfoco.com.br\/inicio\/lancamento-oficial-bahia-beer-festival-da-cerveja-de-alagoinhas-acontece-nos-dias-17-18-e-19-de-novembro\/#listItem","position":3,"name":"Lan\u00e7amento oficial: Bahia Beer \u2013 Festival da Cerveja de Alagoinhas acontece nos dias 17, 18 e 19 de novembro","previousItem":{"@type":"ListItem","@id":"https:\/\/newsinfoco.com.br\/inicio\/category\/alagoinhas-e-regiao\/#listItem","name":"Alagoinhas e Regi\u00e3o"}}]},{"@type":"Organization","@id":"https:\/\/newsinfoco.com.br\/inicio\/#organization","name":"News In Foco - Editado por Caio Pimenta","description":"O principal site de noticias de Alagoinhas e regi\u00e3o","url":"https:\/\/newsinfoco.com.br\/inicio\/"},{"@type":"Person","@id":"https:\/\/newsinfoco.com.br\/inicio\/author\/administrador\/#author","url":"https:\/\/newsinfoco.com.br\/inicio\/author\/administrador\/","name":"administrador","image":{"@type":"ImageObject","@id":"https:\/\/newsinfoco.com.br\/inicio\/lancamento-oficial-bahia-beer-festival-da-cerveja-de-alagoinhas-acontece-nos-dias-17-18-e-19-de-novembro\/#authorImage","url":"https:\/\/secure.gravatar.com\/avatar\/c17a617433de8c1dc9584bb79aab7563b46f5bb7e1728c9b17d9cc3ce6a08e49?s=96&d=mm&r=g","width":96,"height":96,"caption":"administrador"}},{"@type":"WebPage","@id":"https:\/\/newsinfoco.com.br\/inicio\/lancamento-oficial-bahia-beer-festival-da-cerveja-de-alagoinhas-acontece-nos-dias-17-18-e-19-de-novembro\/#webpage","url":"https:\/\/newsinfoco.com.br\/inicio\/lancamento-oficial-bahia-beer-festival-da-cerveja-de-alagoinhas-acontece-nos-dias-17-18-e-19-de-novembro\/","name":"Lan\u00e7amento oficial: Bahia Beer \u2013 Festival da Cerveja de Alagoinhas acontece nos dias 17, 18 e 19 de novembro - News In Foco - Editado por Caio Pimenta","description":"Em Novembro, todos os caminhos levam a Alagoinhas, a Capital Estadual da Cerveja. Os portais foram abertos nesse s\u00e1bado (23), com o lan\u00e7amento do Bahia Beer \u2013 Festival da Cerveja de Alagoinhas, uma realiza\u00e7\u00e3o da Prefeitura Municipal em parceria com o Governo do Estado e apoio do Governo Federal, via Minist\u00e9rios do Turismo e da","inLanguage":"pt-BR","isPartOf":{"@id":"https:\/\/newsinfoco.com.br\/inicio\/#website"},"breadcrumb":{"@id":"https:\/\/newsinfoco.com.br\/inicio\/lancamento-oficial-bahia-beer-festival-da-cerveja-de-alagoinhas-acontece-nos-dias-17-18-e-19-de-novembro\/#breadcrumblist"},"author":{"@id":"https:\/\/newsinfoco.com.br\/inicio\/author\/administrador\/#author"},"creator":{"@id":"https:\/\/newsinfoco.com.br\/inicio\/author\/administrador\/#author"},"image":{"@type":"ImageObject","url":"https:\/\/newsinfoco.com.br\/inicio\/wp-content\/uploads\/2023\/09\/WhatsApp-Image-2023-09-24-at-13.25.18.jpeg","@id":"https:\/\/newsinfoco.com.br\/inicio\/lancamento-oficial-bahia-beer-festival-da-cerveja-de-alagoinhas-acontece-nos-dias-17-18-e-19-de-novembro\/#mainImage","width":1600,"height":1066},"primaryImageOfPage":{"@id":"https:\/\/newsinfoco.com.br\/inicio\/lancamento-oficial-bahia-beer-festival-da-cerveja-de-alagoinhas-acontece-nos-dias-17-18-e-19-de-novembro\/#mainImage"},"datePublished":"2023-09-24T19:45:46-03:00","dateModified":"2023-09-24T19:45:46-03:00"},{"@type":"WebSite","@id":"https:\/\/newsinfoco.com.br\/inicio\/#website","url":"https:\/\/newsinfoco.com.br\/inicio\/","name":"News In Foco - Editado por Caio Pimenta","description":"O principal site de noticias de Alagoinhas e regi\u00e3o","inLanguage":"pt-BR","publisher":{"@id":"https:\/\/newsinfoco.com.br\/inicio\/#organization"}}]},"og:locale":"pt_BR","og:site_name":"News In Foco - Editado por Caio Pimenta - O principal site de noticias de Alagoinhas e regi\u00e3o","og:type":"article","og:title":"Lan\u00e7amento oficial: Bahia Beer \u2013 Festival da Cerveja de Alagoinhas acontece nos dias 17, 18 e 19 de novembro - News In Foco - Editado por Caio Pimenta","og:description":"Em Novembro, todos os caminhos levam a Alagoinhas, a Capital Estadual da Cerveja. Os portais foram abertos nesse s\u00e1bado (23), com o lan\u00e7amento do Bahia Beer \u2013 Festival da Cerveja de Alagoinhas, uma realiza\u00e7\u00e3o da Prefeitura Municipal em parceria com o Governo do Estado e apoio do Governo Federal, via Minist\u00e9rios do Turismo e da","og:url":"https:\/\/newsinfoco.com.br\/inicio\/lancamento-oficial-bahia-beer-festival-da-cerveja-de-alagoinhas-acontece-nos-dias-17-18-e-19-de-novembro\/","article:published_time":"2023-09-24T22:45:46+00:00","article:modified_time":"2023-09-24T22:45:46+00:00","twitter:card":"summary_large_image","twitter:title":"Lan\u00e7amento oficial: Bahia Beer \u2013 Festival da Cerveja de Alagoinhas acontece nos dias 17, 18 e 19 de novembro - News In Foco - Editado por Caio Pimenta","twitter:description":"Em Novembro, todos os caminhos levam a Alagoinhas, a Capital Estadual da Cerveja. Os portais foram abertos nesse s\u00e1bado (23), com o lan\u00e7amento do Bahia Beer \u2013 Festival da Cerveja de Alagoinhas, uma realiza\u00e7\u00e3o da Prefeitura Municipal em parceria com o Governo do Estado e apoio do Governo Federal, via Minist\u00e9rios do Turismo e da"},"aioseo_meta_data":{"post_id":"35110","title":null,"description":null,"keywords":[],"keyphrases":{"focus":{"keyphrase":"","score":0,"analysis":{"keyphraseInTitle":{"score":0,"maxScore":9,"error":1}}},"additional":[]},"primary_term":null,"canonical_url":null,"og_title":null,"og_description":null,"og_object_type":"default","og_image_type":"default","og_image_url":null,"og_image_width":null,"og_image_height":null,"og_image_custom_url":null,"og_image_custom_fields":null,"og_video":"","og_custom_url":null,"og_article_section":null,"og_article_tags":[],"twitter_use_og":false,"twitter_card":"default","twitter_image_type":"default","twitter_image_url":null,"twitter_image_custom_url":null,"twitter_image_custom_fields":null,"twitter_title":null,"twitter_description":null,"schema":{"blockGraphs":[],"customGraphs":[],"default":{"data":{"Article":[],"Course":[],"Dataset":[],"FAQPage":[],"Movie":[],"Person":[],"Product":[],"ProductReview":[],"Car":[],"Recipe":[],"Service":[],"SoftwareApplication":[],"WebPage":[]},"graphName":"BlogPosting","isEnabled":true},"graphs":[]},"schema_type":"default","schema_type_options":null,"pillar_content":false,"robots_default":true,"robots_noindex":false,"robots_noarchive":false,"robots_nosnippet":false,"robots_nofollow":false,"robots_noimageindex":false,"robots_noodp":false,"robots_notranslate":false,"robots_max_snippet":"-1","robots_max_videopreview":"-1","robots_max_imagepreview":"large","priority":null,"frequency":"default","local_seo":null,"breadcrumb_settings":null,"limit_modified_date":false,"ai":null,"created":"2023-09-24 22:45:47","updated":"2025-07-11 10:14:50","seo_analyzer_scan_date":null},"aioseo_breadcrumb":"<div class=\"aioseo-breadcrumbs\"><span class=\"aioseo-breadcrumb\">\n\t\t\t<a href=\"https:\/\/newsinfoco.com.br\/inicio\" title=\"In\u00edcio\">In\u00edcio<\/a>\n\t\t<\/span><span class=\"aioseo-breadcrumb-separator\">&raquo;<\/span><span class=\"aioseo-breadcrumb\">\n\t\t\t<a href=\"https:\/\/newsinfoco.com.br\/inicio\/category\/alagoinhas-e-regiao\/\" title=\"Alagoinhas e Regi\u00e3o\">Alagoinhas e Regi\u00e3o<\/a>\n\t\t<\/span><span class=\"aioseo-breadcrumb-separator\">&raquo;<\/span><span class=\"aioseo-breadcrumb\">\n\t\t\tLan\u00e7amento oficial: Bahia Beer \u2013 Festival da Cerveja de Alagoinhas acontece nos dias 17, 18 e 19 de novembro\n\t\t<\/span><\/div>","aioseo_breadcrumb_json":[{"label":"In\u00edcio","link":"https:\/\/newsinfoco.com.br\/inicio"},{"label":"Alagoinhas e Regi\u00e3o","link":"https:\/\/newsinfoco.com.br\/inicio\/category\/alagoinhas-e-regiao\/"},{"label":"Lan\u00e7amento oficial: Bahia Beer \u2013 Festival da Cerveja de Alagoinhas acontece nos dias 17, 18 e 19 de novembro","link":"https:\/\/newsinfoco.com.br\/inicio\/lancamento-oficial-bahia-beer-festival-da-cerveja-de-alagoinhas-acontece-nos-dias-17-18-e-19-de-novembro\/"}],"_links":{"self":[{"href":"https:\/\/newsinfoco.com.br\/inicio\/wp-json\/wp\/v2\/posts\/35110","targetHints":{"allow":["GET"]}}],"collection":[{"href":"https:\/\/newsinfoco.com.br\/inicio\/wp-json\/wp\/v2\/posts"}],"about":[{"href":"https:\/\/newsinfoco.com.br\/inicio\/wp-json\/wp\/v2\/types\/post"}],"author":[{"embeddable":true,"href":"https:\/\/newsinfoco.com.br\/inicio\/wp-json\/wp\/v2\/users\/1"}],"replies":[{"embeddable":true,"href":"https:\/\/newsinfoco.com.br\/inicio\/wp-json\/wp\/v2\/comments?post=35110"}],"version-history":[{"count":1,"href":"https:\/\/newsinfoco.com.br\/inicio\/wp-json\/wp\/v2\/posts\/35110\/revisions"}],"predecessor-version":[{"id":35112,"href":"https:\/\/newsinfoco.com.br\/inicio\/wp-json\/wp\/v2\/posts\/35110\/revisions\/35112"}],"wp:featuredmedia":[{"embeddable":true,"href":"https:\/\/newsinfoco.com.br\/inicio\/wp-json\/wp\/v2\/media\/35111"}],"wp:attachment":[{"href":"https:\/\/newsinfoco.com.br\/inicio\/wp-json\/wp\/v2\/media?parent=35110"}],"wp:term":[{"taxonomy":"category","embeddable":true,"href":"https:\/\/newsinfoco.com.br\/inicio\/wp-json\/wp\/v2\/categories?post=35110"},{"taxonomy":"post_tag","embeddable":true,"href":"https:\/\/newsinfoco.com.br\/inicio\/wp-json\/wp\/v2\/tags?post=35110"}],"curies":[{"name":"wp","href":"https:\/\/api.w.org\/{rel}","templated":true}]}}