{"id":35121,"date":"2023-09-25T18:17:41","date_gmt":"2023-09-25T21:17:41","guid":{"rendered":"https:\/\/newsinfoco.com.br\/inicio\/?p=35121"},"modified":"2023-09-25T18:17:41","modified_gmt":"2023-09-25T21:17:41","slug":"rui-costa-diz-que-criminalidade-no-brasil-piorou-sob-bolsonaro-liberou-armas","status":"publish","type":"post","link":"https:\/\/newsinfoco.com.br\/inicio\/rui-costa-diz-que-criminalidade-no-brasil-piorou-sob-bolsonaro-liberou-armas\/","title":{"rendered":"Rui Costa diz que criminalidade no Brasil piorou sob Bolsonaro: \u201cLiberou armas\u201d"},"content":{"rendered":"<p>Diante da onda de\u00a0viol\u00eancia\u00a0que atinge a Bahia, o ministro da Casa Civil, Rui Costa (PT), revelou, em conversa com a jornalista Andreia Sadi, do G1, que o governo do presidente Lula estuda a cria\u00e7\u00e3o de uma a\u00e7\u00e3o ao lado das For\u00e7as Armadas e da Pol\u00edcia Federal para combater a presen\u00e7a de fuzis e outras armas pesadas no Brasil.<\/p>\n<p>Para a publica\u00e7\u00e3o, Rui aproveitou ainda para fazer criticas contra o ex-presidente Jair Bolsonaro (PL) que, de acordo com o petista, colaborou com a situa\u00e7\u00e3o atual promovendo um \u201cliberou geral\u201d para as armas pesadas durante a sua gest\u00e3o.<\/p>\n<p>\u201cEu conversei com [Fl\u00e1vio] Dino [ministro da Justi\u00e7a e Seguran\u00e7a P\u00fablica] e queremos uma pol\u00edtica conjunta da PF e das For\u00e7as Armadas para conter fuzis no Brasil e de armas pesadas tamb\u00e9m. \u00c9 preciso padronizar os n\u00fameros de crimes para compara\u00e7\u00e3o, \u00e9 isso que defendo, mas claro que os n\u00fameros s\u00e3o uma trag\u00e9dia em todo Brasil. E piorou muito no governo Bolsonaro, quando teve o liberou geral de armas pesadas, como fuzis.\u201d, explicou.<\/p>\n<p>&nbsp;<\/p>\n<p>Politicaaovivo<\/p>\n<p>&nbsp;<\/p>\n<div class='share-to-whatsapp-wrapper'><div class='share-on-whsp'>Share on: <\/div><a data-text='Rui Costa diz que criminalidade no Brasil piorou sob Bolsonaro: \u201cLiberou armas\u201d' data-link='https:\/\/newsinfoco.com.br\/inicio\/rui-costa-diz-que-criminalidade-no-brasil-piorou-sob-bolsonaro-liberou-armas\/' class='whatsapp-button whatsapp-share'>WhatsApp<\/a><div class='clear '><\/div><\/div>","protected":false},"excerpt":{"rendered":"<p>Diante da onda de\u00a0viol\u00eancia\u00a0que atinge a Bahia, o ministro da Casa Civil, Rui Costa (PT), revelou, em conversa com a jornalista Andreia Sadi, do G1, que o governo do presidente Lula estuda a cria\u00e7\u00e3o de uma a\u00e7\u00e3o ao lado das For\u00e7as Armadas e da Pol\u00edcia Federal para combater a presen\u00e7a de fuzis e outras armas [&hellip;]<\/p>\n","protected":false},"author":1,"featured_media":35122,"comment_status":"closed","ping_status":"closed","sticky":false,"template":"","format":"standard","meta":{"om_disable_all_campaigns":false,"rop_custom_images_group":[],"rop_custom_messages_group":[],"rop_publish_now":"initial","rop_publish_now_accounts":[],"rop_publish_now_history":[],"rop_publish_now_status":"pending","_exactmetrics_skip_tracking":false,"footnotes":""},"categories":[21],"tags":[],"class_list":["post-35121","post","type-post","status-publish","format-standard","has-post-thumbnail","hentry","category-brasil"],"aioseo_notices":[],"aioseo_head":"\n\t\t<!-- All in One SEO 4.9.10 - aioseo.com -->\n\t<meta name=\"description\" content=\"Diante da onda de viol\u00eancia que atinge a Bahia, o ministro da Casa Civil, Rui Costa (PT), revelou, em conversa com a jornalista Andreia Sadi, do G1, que o governo do presidente Lula estuda a cria\u00e7\u00e3o de uma a\u00e7\u00e3o ao lado das For\u00e7as Armadas e da Pol\u00edcia Federal para combater a presen\u00e7a de fuzis e outras armas\" \/>\n\t<meta name=\"robots\" content=\"max-image-preview:large\" \/>\n\t<meta name=\"author\" content=\"administrador\"\/>\n\t<link rel=\"canonical\" href=\"https:\/\/newsinfoco.com.br\/inicio\/rui-costa-diz-que-criminalidade-no-brasil-piorou-sob-bolsonaro-liberou-armas\/\" \/>\n\t<meta name=\"generator\" content=\"All in One SEO (AIOSEO) 4.9.10\" \/>\n\t\t<meta property=\"og:locale\" content=\"pt_BR\" \/>\n\t\t<meta property=\"og:site_name\" content=\"News In Foco - Editado por Caio Pimenta - O principal site de noticias de Alagoinhas e regi\u00e3o\" \/>\n\t\t<meta property=\"og:type\" content=\"article\" \/>\n\t\t<meta property=\"og:title\" content=\"Rui Costa diz que criminalidade no Brasil piorou sob Bolsonaro: \u201cLiberou armas\u201d - News In Foco - Editado por Caio Pimenta\" \/>\n\t\t<meta property=\"og:description\" content=\"Diante da onda de viol\u00eancia que atinge a Bahia, o ministro da Casa Civil, Rui Costa (PT), revelou, em conversa com a jornalista Andreia Sadi, do G1, que o governo do presidente Lula estuda a cria\u00e7\u00e3o de uma a\u00e7\u00e3o ao lado das For\u00e7as Armadas e da Pol\u00edcia Federal para combater a presen\u00e7a de fuzis e outras armas\" \/>\n\t\t<meta property=\"og:url\" content=\"https:\/\/newsinfoco.com.br\/inicio\/rui-costa-diz-que-criminalidade-no-brasil-piorou-sob-bolsonaro-liberou-armas\/\" \/>\n\t\t<meta property=\"article:published_time\" content=\"2023-09-25T21:17:41+00:00\" \/>\n\t\t<meta property=\"article:modified_time\" content=\"2023-09-25T21:17:41+00:00\" \/>\n\t\t<meta name=\"twitter:card\" content=\"summary_large_image\" \/>\n\t\t<meta name=\"twitter:title\" content=\"Rui Costa diz que criminalidade no Brasil piorou sob Bolsonaro: \u201cLiberou armas\u201d - News In Foco - Editado por Caio Pimenta\" \/>\n\t\t<meta name=\"twitter:description\" content=\"Diante da onda de viol\u00eancia que atinge a Bahia, o ministro da Casa Civil, Rui Costa (PT), revelou, em conversa com a jornalista Andreia Sadi, do G1, que o governo do presidente Lula estuda a cria\u00e7\u00e3o de uma a\u00e7\u00e3o ao lado das For\u00e7as Armadas e da Pol\u00edcia Federal para combater a presen\u00e7a de fuzis e outras armas\" \/>\n\t\t<script type=\"application\/ld+json\" class=\"aioseo-schema\">\n\t\t\t{\"@context\":\"https:\\\/\\\/schema.org\",\"@graph\":[{\"@type\":\"BlogPosting\",\"@id\":\"https:\\\/\\\/newsinfoco.com.br\\\/inicio\\\/rui-costa-diz-que-criminalidade-no-brasil-piorou-sob-bolsonaro-liberou-armas\\\/#blogposting\",\"name\":\"Rui Costa diz que criminalidade no Brasil piorou sob Bolsonaro: \\u201cLiberou armas\\u201d - News In Foco - Editado por Caio Pimenta\",\"headline\":\"Rui Costa diz que criminalidade no Brasil piorou sob Bolsonaro: \\u201cLiberou armas\\u201d\",\"author\":{\"@id\":\"https:\\\/\\\/newsinfoco.com.br\\\/inicio\\\/author\\\/administrador\\\/#author\"},\"publisher\":{\"@id\":\"https:\\\/\\\/newsinfoco.com.br\\\/inicio\\\/#organization\"},\"image\":{\"@type\":\"ImageObject\",\"url\":\"https:\\\/\\\/newsinfoco.com.br\\\/inicio\\\/wp-content\\\/uploads\\\/2023\\\/09\\\/rui.jpg.webp\",\"width\":719,\"height\":401},\"datePublished\":\"2023-09-25T18:17:41-03:00\",\"dateModified\":\"2023-09-25T18:17:41-03:00\",\"inLanguage\":\"pt-BR\",\"mainEntityOfPage\":{\"@id\":\"https:\\\/\\\/newsinfoco.com.br\\\/inicio\\\/rui-costa-diz-que-criminalidade-no-brasil-piorou-sob-bolsonaro-liberou-armas\\\/#webpage\"},\"isPartOf\":{\"@id\":\"https:\\\/\\\/newsinfoco.com.br\\\/inicio\\\/rui-costa-diz-que-criminalidade-no-brasil-piorou-sob-bolsonaro-liberou-armas\\\/#webpage\"},\"articleSection\":\"Brasil\"},{\"@type\":\"BreadcrumbList\",\"@id\":\"https:\\\/\\\/newsinfoco.com.br\\\/inicio\\\/rui-costa-diz-que-criminalidade-no-brasil-piorou-sob-bolsonaro-liberou-armas\\\/#breadcrumblist\",\"itemListElement\":[{\"@type\":\"ListItem\",\"@id\":\"https:\\\/\\\/newsinfoco.com.br\\\/inicio#listItem\",\"position\":1,\"name\":\"In\\u00edcio\",\"item\":\"https:\\\/\\\/newsinfoco.com.br\\\/inicio\",\"nextItem\":{\"@type\":\"ListItem\",\"@id\":\"https:\\\/\\\/newsinfoco.com.br\\\/inicio\\\/category\\\/brasil\\\/#listItem\",\"name\":\"Brasil\"}},{\"@type\":\"ListItem\",\"@id\":\"https:\\\/\\\/newsinfoco.com.br\\\/inicio\\\/category\\\/brasil\\\/#listItem\",\"position\":2,\"name\":\"Brasil\",\"item\":\"https:\\\/\\\/newsinfoco.com.br\\\/inicio\\\/category\\\/brasil\\\/\",\"nextItem\":{\"@type\":\"ListItem\",\"@id\":\"https:\\\/\\\/newsinfoco.com.br\\\/inicio\\\/rui-costa-diz-que-criminalidade-no-brasil-piorou-sob-bolsonaro-liberou-armas\\\/#listItem\",\"name\":\"Rui Costa diz que criminalidade no Brasil piorou sob Bolsonaro: \\u201cLiberou armas\\u201d\"},\"previousItem\":{\"@type\":\"ListItem\",\"@id\":\"https:\\\/\\\/newsinfoco.com.br\\\/inicio#listItem\",\"name\":\"In\\u00edcio\"}},{\"@type\":\"ListItem\",\"@id\":\"https:\\\/\\\/newsinfoco.com.br\\\/inicio\\\/rui-costa-diz-que-criminalidade-no-brasil-piorou-sob-bolsonaro-liberou-armas\\\/#listItem\",\"position\":3,\"name\":\"Rui Costa diz que criminalidade no Brasil piorou sob Bolsonaro: \\u201cLiberou armas\\u201d\",\"previousItem\":{\"@type\":\"ListItem\",\"@id\":\"https:\\\/\\\/newsinfoco.com.br\\\/inicio\\\/category\\\/brasil\\\/#listItem\",\"name\":\"Brasil\"}}]},{\"@type\":\"Organization\",\"@id\":\"https:\\\/\\\/newsinfoco.com.br\\\/inicio\\\/#organization\",\"name\":\"News In Foco - Editado por Caio Pimenta\",\"description\":\"O principal site de noticias de Alagoinhas e regi\\u00e3o\",\"url\":\"https:\\\/\\\/newsinfoco.com.br\\\/inicio\\\/\"},{\"@type\":\"Person\",\"@id\":\"https:\\\/\\\/newsinfoco.com.br\\\/inicio\\\/author\\\/administrador\\\/#author\",\"url\":\"https:\\\/\\\/newsinfoco.com.br\\\/inicio\\\/author\\\/administrador\\\/\",\"name\":\"administrador\",\"image\":{\"@type\":\"ImageObject\",\"@id\":\"https:\\\/\\\/newsinfoco.com.br\\\/inicio\\\/rui-costa-diz-que-criminalidade-no-brasil-piorou-sob-bolsonaro-liberou-armas\\\/#authorImage\",\"url\":\"https:\\\/\\\/secure.gravatar.com\\\/avatar\\\/c17a617433de8c1dc9584bb79aab7563b46f5bb7e1728c9b17d9cc3ce6a08e49?s=96&d=mm&r=g\",\"width\":96,\"height\":96,\"caption\":\"administrador\"}},{\"@type\":\"WebPage\",\"@id\":\"https:\\\/\\\/newsinfoco.com.br\\\/inicio\\\/rui-costa-diz-que-criminalidade-no-brasil-piorou-sob-bolsonaro-liberou-armas\\\/#webpage\",\"url\":\"https:\\\/\\\/newsinfoco.com.br\\\/inicio\\\/rui-costa-diz-que-criminalidade-no-brasil-piorou-sob-bolsonaro-liberou-armas\\\/\",\"name\":\"Rui Costa diz que criminalidade no Brasil piorou sob Bolsonaro: \\u201cLiberou armas\\u201d - News In Foco - Editado por Caio Pimenta\",\"description\":\"Diante da onda de viol\\u00eancia que atinge a Bahia, o ministro da Casa Civil, Rui Costa (PT), revelou, em conversa com a jornalista Andreia Sadi, do G1, que o governo do presidente Lula estuda a cria\\u00e7\\u00e3o de uma a\\u00e7\\u00e3o ao lado das For\\u00e7as Armadas e da Pol\\u00edcia Federal para combater a presen\\u00e7a de fuzis e outras armas\",\"inLanguage\":\"pt-BR\",\"isPartOf\":{\"@id\":\"https:\\\/\\\/newsinfoco.com.br\\\/inicio\\\/#website\"},\"breadcrumb\":{\"@id\":\"https:\\\/\\\/newsinfoco.com.br\\\/inicio\\\/rui-costa-diz-que-criminalidade-no-brasil-piorou-sob-bolsonaro-liberou-armas\\\/#breadcrumblist\"},\"author\":{\"@id\":\"https:\\\/\\\/newsinfoco.com.br\\\/inicio\\\/author\\\/administrador\\\/#author\"},\"creator\":{\"@id\":\"https:\\\/\\\/newsinfoco.com.br\\\/inicio\\\/author\\\/administrador\\\/#author\"},\"image\":{\"@type\":\"ImageObject\",\"url\":\"https:\\\/\\\/newsinfoco.com.br\\\/inicio\\\/wp-content\\\/uploads\\\/2023\\\/09\\\/rui.jpg.webp\",\"@id\":\"https:\\\/\\\/newsinfoco.com.br\\\/inicio\\\/rui-costa-diz-que-criminalidade-no-brasil-piorou-sob-bolsonaro-liberou-armas\\\/#mainImage\",\"width\":719,\"height\":401},\"primaryImageOfPage\":{\"@id\":\"https:\\\/\\\/newsinfoco.com.br\\\/inicio\\\/rui-costa-diz-que-criminalidade-no-brasil-piorou-sob-bolsonaro-liberou-armas\\\/#mainImage\"},\"datePublished\":\"2023-09-25T18:17:41-03:00\",\"dateModified\":\"2023-09-25T18:17:41-03:00\"},{\"@type\":\"WebSite\",\"@id\":\"https:\\\/\\\/newsinfoco.com.br\\\/inicio\\\/#website\",\"url\":\"https:\\\/\\\/newsinfoco.com.br\\\/inicio\\\/\",\"name\":\"News In Foco - Editado por Caio Pimenta\",\"description\":\"O principal site de noticias de Alagoinhas e regi\\u00e3o\",\"inLanguage\":\"pt-BR\",\"publisher\":{\"@id\":\"https:\\\/\\\/newsinfoco.com.br\\\/inicio\\\/#organization\"}}]}\n\t\t<\/script>\n\t\t<!-- All in One SEO -->\n\n","aioseo_head_json":{"title":"Rui Costa diz que criminalidade no Brasil piorou sob Bolsonaro: \u201cLiberou armas\u201d - News In Foco - Editado por Caio Pimenta","description":"Diante da onda de viol\u00eancia que atinge a Bahia, o ministro da Casa Civil, Rui Costa (PT), revelou, em conversa com a jornalista Andreia Sadi, do G1, que o governo do presidente Lula estuda a cria\u00e7\u00e3o de uma a\u00e7\u00e3o ao lado das For\u00e7as Armadas e da Pol\u00edcia Federal para combater a presen\u00e7a de fuzis e outras armas","canonical_url":"https:\/\/newsinfoco.com.br\/inicio\/rui-costa-diz-que-criminalidade-no-brasil-piorou-sob-bolsonaro-liberou-armas\/","robots":"max-image-preview:large","keywords":"","webmasterTools":{"miscellaneous":""},"schema":{"@context":"https:\/\/schema.org","@graph":[{"@type":"BlogPosting","@id":"https:\/\/newsinfoco.com.br\/inicio\/rui-costa-diz-que-criminalidade-no-brasil-piorou-sob-bolsonaro-liberou-armas\/#blogposting","name":"Rui Costa diz que criminalidade no Brasil piorou sob Bolsonaro: \u201cLiberou armas\u201d - News In Foco - Editado por Caio Pimenta","headline":"Rui Costa diz que criminalidade no Brasil piorou sob Bolsonaro: \u201cLiberou armas\u201d","author":{"@id":"https:\/\/newsinfoco.com.br\/inicio\/author\/administrador\/#author"},"publisher":{"@id":"https:\/\/newsinfoco.com.br\/inicio\/#organization"},"image":{"@type":"ImageObject","url":"https:\/\/newsinfoco.com.br\/inicio\/wp-content\/uploads\/2023\/09\/rui.jpg.webp","width":719,"height":401},"datePublished":"2023-09-25T18:17:41-03:00","dateModified":"2023-09-25T18:17:41-03:00","inLanguage":"pt-BR","mainEntityOfPage":{"@id":"https:\/\/newsinfoco.com.br\/inicio\/rui-costa-diz-que-criminalidade-no-brasil-piorou-sob-bolsonaro-liberou-armas\/#webpage"},"isPartOf":{"@id":"https:\/\/newsinfoco.com.br\/inicio\/rui-costa-diz-que-criminalidade-no-brasil-piorou-sob-bolsonaro-liberou-armas\/#webpage"},"articleSection":"Brasil"},{"@type":"BreadcrumbList","@id":"https:\/\/newsinfoco.com.br\/inicio\/rui-costa-diz-que-criminalidade-no-brasil-piorou-sob-bolsonaro-liberou-armas\/#breadcrumblist","itemListElement":[{"@type":"ListItem","@id":"https:\/\/newsinfoco.com.br\/inicio#listItem","position":1,"name":"In\u00edcio","item":"https:\/\/newsinfoco.com.br\/inicio","nextItem":{"@type":"ListItem","@id":"https:\/\/newsinfoco.com.br\/inicio\/category\/brasil\/#listItem","name":"Brasil"}},{"@type":"ListItem","@id":"https:\/\/newsinfoco.com.br\/inicio\/category\/brasil\/#listItem","position":2,"name":"Brasil","item":"https:\/\/newsinfoco.com.br\/inicio\/category\/brasil\/","nextItem":{"@type":"ListItem","@id":"https:\/\/newsinfoco.com.br\/inicio\/rui-costa-diz-que-criminalidade-no-brasil-piorou-sob-bolsonaro-liberou-armas\/#listItem","name":"Rui Costa diz que criminalidade no Brasil piorou sob Bolsonaro: \u201cLiberou armas\u201d"},"previousItem":{"@type":"ListItem","@id":"https:\/\/newsinfoco.com.br\/inicio#listItem","name":"In\u00edcio"}},{"@type":"ListItem","@id":"https:\/\/newsinfoco.com.br\/inicio\/rui-costa-diz-que-criminalidade-no-brasil-piorou-sob-bolsonaro-liberou-armas\/#listItem","position":3,"name":"Rui Costa diz que criminalidade no Brasil piorou sob Bolsonaro: \u201cLiberou armas\u201d","previousItem":{"@type":"ListItem","@id":"https:\/\/newsinfoco.com.br\/inicio\/category\/brasil\/#listItem","name":"Brasil"}}]},{"@type":"Organization","@id":"https:\/\/newsinfoco.com.br\/inicio\/#organization","name":"News In Foco - Editado por Caio Pimenta","description":"O principal site de noticias de Alagoinhas e regi\u00e3o","url":"https:\/\/newsinfoco.com.br\/inicio\/"},{"@type":"Person","@id":"https:\/\/newsinfoco.com.br\/inicio\/author\/administrador\/#author","url":"https:\/\/newsinfoco.com.br\/inicio\/author\/administrador\/","name":"administrador","image":{"@type":"ImageObject","@id":"https:\/\/newsinfoco.com.br\/inicio\/rui-costa-diz-que-criminalidade-no-brasil-piorou-sob-bolsonaro-liberou-armas\/#authorImage","url":"https:\/\/secure.gravatar.com\/avatar\/c17a617433de8c1dc9584bb79aab7563b46f5bb7e1728c9b17d9cc3ce6a08e49?s=96&d=mm&r=g","width":96,"height":96,"caption":"administrador"}},{"@type":"WebPage","@id":"https:\/\/newsinfoco.com.br\/inicio\/rui-costa-diz-que-criminalidade-no-brasil-piorou-sob-bolsonaro-liberou-armas\/#webpage","url":"https:\/\/newsinfoco.com.br\/inicio\/rui-costa-diz-que-criminalidade-no-brasil-piorou-sob-bolsonaro-liberou-armas\/","name":"Rui Costa diz que criminalidade no Brasil piorou sob Bolsonaro: \u201cLiberou armas\u201d - News In Foco - Editado por Caio Pimenta","description":"Diante da onda de viol\u00eancia que atinge a Bahia, o ministro da Casa Civil, Rui Costa (PT), revelou, em conversa com a jornalista Andreia Sadi, do G1, que o governo do presidente Lula estuda a cria\u00e7\u00e3o de uma a\u00e7\u00e3o ao lado das For\u00e7as Armadas e da Pol\u00edcia Federal para combater a presen\u00e7a de fuzis e outras armas","inLanguage":"pt-BR","isPartOf":{"@id":"https:\/\/newsinfoco.com.br\/inicio\/#website"},"breadcrumb":{"@id":"https:\/\/newsinfoco.com.br\/inicio\/rui-costa-diz-que-criminalidade-no-brasil-piorou-sob-bolsonaro-liberou-armas\/#breadcrumblist"},"author":{"@id":"https:\/\/newsinfoco.com.br\/inicio\/author\/administrador\/#author"},"creator":{"@id":"https:\/\/newsinfoco.com.br\/inicio\/author\/administrador\/#author"},"image":{"@type":"ImageObject","url":"https:\/\/newsinfoco.com.br\/inicio\/wp-content\/uploads\/2023\/09\/rui.jpg.webp","@id":"https:\/\/newsinfoco.com.br\/inicio\/rui-costa-diz-que-criminalidade-no-brasil-piorou-sob-bolsonaro-liberou-armas\/#mainImage","width":719,"height":401},"primaryImageOfPage":{"@id":"https:\/\/newsinfoco.com.br\/inicio\/rui-costa-diz-que-criminalidade-no-brasil-piorou-sob-bolsonaro-liberou-armas\/#mainImage"},"datePublished":"2023-09-25T18:17:41-03:00","dateModified":"2023-09-25T18:17:41-03:00"},{"@type":"WebSite","@id":"https:\/\/newsinfoco.com.br\/inicio\/#website","url":"https:\/\/newsinfoco.com.br\/inicio\/","name":"News In Foco - Editado por Caio Pimenta","description":"O principal site de noticias de Alagoinhas e regi\u00e3o","inLanguage":"pt-BR","publisher":{"@id":"https:\/\/newsinfoco.com.br\/inicio\/#organization"}}]},"og:locale":"pt_BR","og:site_name":"News In Foco - Editado por Caio Pimenta - O principal site de noticias de Alagoinhas e regi\u00e3o","og:type":"article","og:title":"Rui Costa diz que criminalidade no Brasil piorou sob Bolsonaro: \u201cLiberou armas\u201d - News In Foco - Editado por Caio Pimenta","og:description":"Diante da onda de viol\u00eancia que atinge a Bahia, o ministro da Casa Civil, Rui Costa (PT), revelou, em conversa com a jornalista Andreia Sadi, do G1, que o governo do presidente Lula estuda a cria\u00e7\u00e3o de uma a\u00e7\u00e3o ao lado das For\u00e7as Armadas e da Pol\u00edcia Federal para combater a presen\u00e7a de fuzis e outras armas","og:url":"https:\/\/newsinfoco.com.br\/inicio\/rui-costa-diz-que-criminalidade-no-brasil-piorou-sob-bolsonaro-liberou-armas\/","article:published_time":"2023-09-25T21:17:41+00:00","article:modified_time":"2023-09-25T21:17:41+00:00","twitter:card":"summary_large_image","twitter:title":"Rui Costa diz que criminalidade no Brasil piorou sob Bolsonaro: \u201cLiberou armas\u201d - News In Foco - Editado por Caio Pimenta","twitter:description":"Diante da onda de viol\u00eancia que atinge a Bahia, o ministro da Casa Civil, Rui Costa (PT), revelou, em conversa com a jornalista Andreia Sadi, do G1, que o governo do presidente Lula estuda a cria\u00e7\u00e3o de uma a\u00e7\u00e3o ao lado das For\u00e7as Armadas e da Pol\u00edcia Federal para combater a presen\u00e7a de fuzis e outras armas"},"aioseo_meta_data":{"post_id":"35121","title":null,"description":null,"keywords":[],"keyphrases":{"focus":{"keyphrase":"","score":0,"analysis":{"keyphraseInTitle":{"score":0,"maxScore":9,"error":1}}},"additional":[]},"primary_term":null,"canonical_url":null,"og_title":null,"og_description":null,"og_object_type":"default","og_image_type":"default","og_image_url":null,"og_image_width":null,"og_image_height":null,"og_image_custom_url":null,"og_image_custom_fields":null,"og_video":"","og_custom_url":null,"og_article_section":null,"og_article_tags":[],"twitter_use_og":false,"twitter_card":"default","twitter_image_type":"default","twitter_image_url":null,"twitter_image_custom_url":null,"twitter_image_custom_fields":null,"twitter_title":null,"twitter_description":null,"schema":{"blockGraphs":[],"customGraphs":[],"default":{"data":{"Article":[],"Course":[],"Dataset":[],"FAQPage":[],"Movie":[],"Person":[],"Product":[],"ProductReview":[],"Car":[],"Recipe":[],"Service":[],"SoftwareApplication":[],"WebPage":[]},"graphName":"BlogPosting","isEnabled":true},"graphs":[]},"schema_type":"default","schema_type_options":null,"pillar_content":false,"robots_default":true,"robots_noindex":false,"robots_noarchive":false,"robots_nosnippet":false,"robots_nofollow":false,"robots_noimageindex":false,"robots_noodp":false,"robots_notranslate":false,"robots_max_snippet":"-1","robots_max_videopreview":"-1","robots_max_imagepreview":"large","priority":null,"frequency":"default","local_seo":null,"breadcrumb_settings":null,"limit_modified_date":false,"ai":null,"created":"2023-09-25 21:17:41","updated":"2025-07-11 10:15:51","seo_analyzer_scan_date":null},"aioseo_breadcrumb":"<div class=\"aioseo-breadcrumbs\"><span class=\"aioseo-breadcrumb\">\n\t\t\t<a href=\"https:\/\/newsinfoco.com.br\/inicio\" title=\"In\u00edcio\">In\u00edcio<\/a>\n\t\t<\/span><span class=\"aioseo-breadcrumb-separator\">&raquo;<\/span><span class=\"aioseo-breadcrumb\">\n\t\t\t<a href=\"https:\/\/newsinfoco.com.br\/inicio\/category\/brasil\/\" title=\"Brasil\">Brasil<\/a>\n\t\t<\/span><span class=\"aioseo-breadcrumb-separator\">&raquo;<\/span><span class=\"aioseo-breadcrumb\">\n\t\t\tRui Costa diz que criminalidade no Brasil piorou sob Bolsonaro: \u201cLiberou armas\u201d\n\t\t<\/span><\/div>","aioseo_breadcrumb_json":[{"label":"In\u00edcio","link":"https:\/\/newsinfoco.com.br\/inicio"},{"label":"Brasil","link":"https:\/\/newsinfoco.com.br\/inicio\/category\/brasil\/"},{"label":"Rui Costa diz que criminalidade no Brasil piorou sob Bolsonaro: \u201cLiberou armas\u201d","link":"https:\/\/newsinfoco.com.br\/inicio\/rui-costa-diz-que-criminalidade-no-brasil-piorou-sob-bolsonaro-liberou-armas\/"}],"_links":{"self":[{"href":"https:\/\/newsinfoco.com.br\/inicio\/wp-json\/wp\/v2\/posts\/35121","targetHints":{"allow":["GET"]}}],"collection":[{"href":"https:\/\/newsinfoco.com.br\/inicio\/wp-json\/wp\/v2\/posts"}],"about":[{"href":"https:\/\/newsinfoco.com.br\/inicio\/wp-json\/wp\/v2\/types\/post"}],"author":[{"embeddable":true,"href":"https:\/\/newsinfoco.com.br\/inicio\/wp-json\/wp\/v2\/users\/1"}],"replies":[{"embeddable":true,"href":"https:\/\/newsinfoco.com.br\/inicio\/wp-json\/wp\/v2\/comments?post=35121"}],"version-history":[{"count":1,"href":"https:\/\/newsinfoco.com.br\/inicio\/wp-json\/wp\/v2\/posts\/35121\/revisions"}],"predecessor-version":[{"id":35123,"href":"https:\/\/newsinfoco.com.br\/inicio\/wp-json\/wp\/v2\/posts\/35121\/revisions\/35123"}],"wp:featuredmedia":[{"embeddable":true,"href":"https:\/\/newsinfoco.com.br\/inicio\/wp-json\/wp\/v2\/media\/35122"}],"wp:attachment":[{"href":"https:\/\/newsinfoco.com.br\/inicio\/wp-json\/wp\/v2\/media?parent=35121"}],"wp:term":[{"taxonomy":"category","embeddable":true,"href":"https:\/\/newsinfoco.com.br\/inicio\/wp-json\/wp\/v2\/categories?post=35121"},{"taxonomy":"post_tag","embeddable":true,"href":"https:\/\/newsinfoco.com.br\/inicio\/wp-json\/wp\/v2\/tags?post=35121"}],"curies":[{"name":"wp","href":"https:\/\/api.w.org\/{rel}","templated":true}]}}