{"id":35134,"date":"2023-09-28T17:31:16","date_gmt":"2023-09-28T20:31:16","guid":{"rendered":"https:\/\/newsinfoco.com.br\/inicio\/?p=35134"},"modified":"2023-09-28T17:31:16","modified_gmt":"2023-09-28T20:31:16","slug":"jaques-wagner-e-otto-alencar-votam-contra-marco-temporal-dos-povos-indigenas-aprovado-no-senado-federal-angelo-coronel-esteve-ausente","status":"publish","type":"post","link":"https:\/\/newsinfoco.com.br\/inicio\/jaques-wagner-e-otto-alencar-votam-contra-marco-temporal-dos-povos-indigenas-aprovado-no-senado-federal-angelo-coronel-esteve-ausente\/","title":{"rendered":"Jaques Wagner e Otto Alencar votam contra marco temporal dos povos ind\u00edgenas aprovado no Senado Federal; Angelo Coronel esteve ausente"},"content":{"rendered":"<p>Aprovado na noite de ontem (27) no Senado Federal, o marco temporal dos povos ind\u00edgenas contou com o voto contr\u00e1rio dos senadores baianos Jaques Wagner (PT) e Otto Alencar (PSD). Angelo Coronel, tamb\u00e9m do PSD, segundo a Casa, estava em miss\u00e3o oficial e n\u00e3o votou a proposta.<\/p>\n<p>O projeto teve 43 votos favor\u00e1veis e 21 contr\u00e1rios.<\/p>\n<p>Pela proposta, os ind\u00edgenas s\u00f3 poder\u00e3o reivindicar a posse de \u00e1reas que ocupavam, de forma permanente, em 5 de outubro de 1988, data da promulga\u00e7\u00e3o da Constitui\u00e7\u00e3o, ou seja, se as comunidades n\u00e3o comprovarem que estavam nas terras nesta data, poder\u00e3o ser expulsas.<\/p>\n<p>&nbsp;<\/p>\n<p>Politicalivre<\/p>\n<div class='share-to-whatsapp-wrapper'><div class='share-on-whsp'>Share on: <\/div><a data-text='Jaques Wagner e Otto Alencar votam contra marco temporal dos povos ind\u00edgenas aprovado no Senado Federal; Angelo Coronel esteve ausente' data-link='https:\/\/newsinfoco.com.br\/inicio\/jaques-wagner-e-otto-alencar-votam-contra-marco-temporal-dos-povos-indigenas-aprovado-no-senado-federal-angelo-coronel-esteve-ausente\/' class='whatsapp-button whatsapp-share'>WhatsApp<\/a><div class='clear '><\/div><\/div>","protected":false},"excerpt":{"rendered":"<p>Aprovado na noite de ontem (27) no Senado Federal, o marco temporal dos povos ind\u00edgenas contou com o voto contr\u00e1rio dos senadores baianos Jaques Wagner (PT) e Otto Alencar (PSD). Angelo Coronel, tamb\u00e9m do PSD, segundo a Casa, estava em miss\u00e3o oficial e n\u00e3o votou a proposta. O projeto teve 43 votos favor\u00e1veis e 21 [&hellip;]<\/p>\n","protected":false},"author":1,"featured_media":35135,"comment_status":"closed","ping_status":"closed","sticky":false,"template":"","format":"standard","meta":{"om_disable_all_campaigns":false,"rop_custom_images_group":[],"rop_custom_messages_group":[],"rop_publish_now":"initial","rop_publish_now_accounts":[],"rop_publish_now_history":[],"rop_publish_now_status":"pending","_exactmetrics_skip_tracking":false,"footnotes":""},"categories":[19],"tags":[],"class_list":["post-35134","post","type-post","status-publish","format-standard","has-post-thumbnail","hentry","category-bahia"],"aioseo_notices":[],"aioseo_head":"\n\t\t<!-- All in One SEO 4.9.10 - aioseo.com -->\n\t<meta name=\"description\" content=\"Aprovado na noite de ontem (27) no Senado Federal, o marco temporal dos povos ind\u00edgenas contou com o voto contr\u00e1rio dos senadores baianos Jaques Wagner (PT) e Otto Alencar (PSD). Angelo Coronel, tamb\u00e9m do PSD, segundo a Casa, estava em miss\u00e3o oficial e n\u00e3o votou a proposta. O projeto teve 43 votos favor\u00e1veis e 21\" \/>\n\t<meta name=\"robots\" content=\"max-image-preview:large\" \/>\n\t<meta name=\"author\" content=\"administrador\"\/>\n\t<link rel=\"canonical\" href=\"https:\/\/newsinfoco.com.br\/inicio\/jaques-wagner-e-otto-alencar-votam-contra-marco-temporal-dos-povos-indigenas-aprovado-no-senado-federal-angelo-coronel-esteve-ausente\/\" \/>\n\t<meta name=\"generator\" content=\"All in One SEO (AIOSEO) 4.9.10\" \/>\n\t\t<meta property=\"og:locale\" content=\"pt_BR\" \/>\n\t\t<meta property=\"og:site_name\" content=\"News In Foco - Editado por Caio Pimenta - O principal site de noticias de Alagoinhas e regi\u00e3o\" \/>\n\t\t<meta property=\"og:type\" content=\"article\" \/>\n\t\t<meta property=\"og:title\" content=\"Jaques Wagner e Otto Alencar votam contra marco temporal dos povos ind\u00edgenas aprovado no Senado Federal; Angelo Coronel esteve ausente - News In Foco - Editado por Caio Pimenta\" \/>\n\t\t<meta property=\"og:description\" content=\"Aprovado na noite de ontem (27) no Senado Federal, o marco temporal dos povos ind\u00edgenas contou com o voto contr\u00e1rio dos senadores baianos Jaques Wagner (PT) e Otto Alencar (PSD). Angelo Coronel, tamb\u00e9m do PSD, segundo a Casa, estava em miss\u00e3o oficial e n\u00e3o votou a proposta. O projeto teve 43 votos favor\u00e1veis e 21\" \/>\n\t\t<meta property=\"og:url\" content=\"https:\/\/newsinfoco.com.br\/inicio\/jaques-wagner-e-otto-alencar-votam-contra-marco-temporal-dos-povos-indigenas-aprovado-no-senado-federal-angelo-coronel-esteve-ausente\/\" \/>\n\t\t<meta property=\"article:published_time\" content=\"2023-09-28T20:31:16+00:00\" \/>\n\t\t<meta property=\"article:modified_time\" content=\"2023-09-28T20:31:16+00:00\" \/>\n\t\t<meta name=\"twitter:card\" content=\"summary_large_image\" \/>\n\t\t<meta name=\"twitter:title\" content=\"Jaques Wagner e Otto Alencar votam contra marco temporal dos povos ind\u00edgenas aprovado no Senado Federal; Angelo Coronel esteve ausente - News In Foco - Editado por Caio Pimenta\" \/>\n\t\t<meta name=\"twitter:description\" content=\"Aprovado na noite de ontem (27) no Senado Federal, o marco temporal dos povos ind\u00edgenas contou com o voto contr\u00e1rio dos senadores baianos Jaques Wagner (PT) e Otto Alencar (PSD). Angelo Coronel, tamb\u00e9m do PSD, segundo a Casa, estava em miss\u00e3o oficial e n\u00e3o votou a proposta. O projeto teve 43 votos favor\u00e1veis e 21\" \/>\n\t\t<script type=\"application\/ld+json\" class=\"aioseo-schema\">\n\t\t\t{\"@context\":\"https:\\\/\\\/schema.org\",\"@graph\":[{\"@type\":\"BlogPosting\",\"@id\":\"https:\\\/\\\/newsinfoco.com.br\\\/inicio\\\/jaques-wagner-e-otto-alencar-votam-contra-marco-temporal-dos-povos-indigenas-aprovado-no-senado-federal-angelo-coronel-esteve-ausente\\\/#blogposting\",\"name\":\"Jaques Wagner e Otto Alencar votam contra marco temporal dos povos ind\\u00edgenas aprovado no Senado Federal; Angelo Coronel esteve ausente - News In Foco - Editado por Caio Pimenta\",\"headline\":\"Jaques Wagner e Otto Alencar votam contra marco temporal dos povos ind\\u00edgenas aprovado no Senado Federal; Angelo Coronel esteve ausente\",\"author\":{\"@id\":\"https:\\\/\\\/newsinfoco.com.br\\\/inicio\\\/author\\\/administrador\\\/#author\"},\"publisher\":{\"@id\":\"https:\\\/\\\/newsinfoco.com.br\\\/inicio\\\/#organization\"},\"image\":{\"@type\":\"ImageObject\",\"url\":\"https:\\\/\\\/newsinfoco.com.br\\\/inicio\\\/wp-content\\\/uploads\\\/2023\\\/09\\\/jaques_wagner_otto_alencar_senadores_encontro_prefeitos_130919rv_021.jpg\",\"width\":2216,\"height\":1480},\"datePublished\":\"2023-09-28T17:31:16-03:00\",\"dateModified\":\"2023-09-28T17:31:16-03:00\",\"inLanguage\":\"pt-BR\",\"mainEntityOfPage\":{\"@id\":\"https:\\\/\\\/newsinfoco.com.br\\\/inicio\\\/jaques-wagner-e-otto-alencar-votam-contra-marco-temporal-dos-povos-indigenas-aprovado-no-senado-federal-angelo-coronel-esteve-ausente\\\/#webpage\"},\"isPartOf\":{\"@id\":\"https:\\\/\\\/newsinfoco.com.br\\\/inicio\\\/jaques-wagner-e-otto-alencar-votam-contra-marco-temporal-dos-povos-indigenas-aprovado-no-senado-federal-angelo-coronel-esteve-ausente\\\/#webpage\"},\"articleSection\":\"Bahia\"},{\"@type\":\"BreadcrumbList\",\"@id\":\"https:\\\/\\\/newsinfoco.com.br\\\/inicio\\\/jaques-wagner-e-otto-alencar-votam-contra-marco-temporal-dos-povos-indigenas-aprovado-no-senado-federal-angelo-coronel-esteve-ausente\\\/#breadcrumblist\",\"itemListElement\":[{\"@type\":\"ListItem\",\"@id\":\"https:\\\/\\\/newsinfoco.com.br\\\/inicio#listItem\",\"position\":1,\"name\":\"In\\u00edcio\",\"item\":\"https:\\\/\\\/newsinfoco.com.br\\\/inicio\",\"nextItem\":{\"@type\":\"ListItem\",\"@id\":\"https:\\\/\\\/newsinfoco.com.br\\\/inicio\\\/category\\\/bahia\\\/#listItem\",\"name\":\"Bahia\"}},{\"@type\":\"ListItem\",\"@id\":\"https:\\\/\\\/newsinfoco.com.br\\\/inicio\\\/category\\\/bahia\\\/#listItem\",\"position\":2,\"name\":\"Bahia\",\"item\":\"https:\\\/\\\/newsinfoco.com.br\\\/inicio\\\/category\\\/bahia\\\/\",\"nextItem\":{\"@type\":\"ListItem\",\"@id\":\"https:\\\/\\\/newsinfoco.com.br\\\/inicio\\\/jaques-wagner-e-otto-alencar-votam-contra-marco-temporal-dos-povos-indigenas-aprovado-no-senado-federal-angelo-coronel-esteve-ausente\\\/#listItem\",\"name\":\"Jaques Wagner e Otto Alencar votam contra marco temporal dos povos ind\\u00edgenas aprovado no Senado Federal; Angelo Coronel esteve ausente\"},\"previousItem\":{\"@type\":\"ListItem\",\"@id\":\"https:\\\/\\\/newsinfoco.com.br\\\/inicio#listItem\",\"name\":\"In\\u00edcio\"}},{\"@type\":\"ListItem\",\"@id\":\"https:\\\/\\\/newsinfoco.com.br\\\/inicio\\\/jaques-wagner-e-otto-alencar-votam-contra-marco-temporal-dos-povos-indigenas-aprovado-no-senado-federal-angelo-coronel-esteve-ausente\\\/#listItem\",\"position\":3,\"name\":\"Jaques Wagner e Otto Alencar votam contra marco temporal dos povos ind\\u00edgenas aprovado no Senado Federal; Angelo Coronel esteve ausente\",\"previousItem\":{\"@type\":\"ListItem\",\"@id\":\"https:\\\/\\\/newsinfoco.com.br\\\/inicio\\\/category\\\/bahia\\\/#listItem\",\"name\":\"Bahia\"}}]},{\"@type\":\"Organization\",\"@id\":\"https:\\\/\\\/newsinfoco.com.br\\\/inicio\\\/#organization\",\"name\":\"News In Foco - Editado por Caio Pimenta\",\"description\":\"O principal site de noticias de Alagoinhas e regi\\u00e3o\",\"url\":\"https:\\\/\\\/newsinfoco.com.br\\\/inicio\\\/\"},{\"@type\":\"Person\",\"@id\":\"https:\\\/\\\/newsinfoco.com.br\\\/inicio\\\/author\\\/administrador\\\/#author\",\"url\":\"https:\\\/\\\/newsinfoco.com.br\\\/inicio\\\/author\\\/administrador\\\/\",\"name\":\"administrador\",\"image\":{\"@type\":\"ImageObject\",\"@id\":\"https:\\\/\\\/newsinfoco.com.br\\\/inicio\\\/jaques-wagner-e-otto-alencar-votam-contra-marco-temporal-dos-povos-indigenas-aprovado-no-senado-federal-angelo-coronel-esteve-ausente\\\/#authorImage\",\"url\":\"https:\\\/\\\/secure.gravatar.com\\\/avatar\\\/c17a617433de8c1dc9584bb79aab7563b46f5bb7e1728c9b17d9cc3ce6a08e49?s=96&d=mm&r=g\",\"width\":96,\"height\":96,\"caption\":\"administrador\"}},{\"@type\":\"WebPage\",\"@id\":\"https:\\\/\\\/newsinfoco.com.br\\\/inicio\\\/jaques-wagner-e-otto-alencar-votam-contra-marco-temporal-dos-povos-indigenas-aprovado-no-senado-federal-angelo-coronel-esteve-ausente\\\/#webpage\",\"url\":\"https:\\\/\\\/newsinfoco.com.br\\\/inicio\\\/jaques-wagner-e-otto-alencar-votam-contra-marco-temporal-dos-povos-indigenas-aprovado-no-senado-federal-angelo-coronel-esteve-ausente\\\/\",\"name\":\"Jaques Wagner e Otto Alencar votam contra marco temporal dos povos ind\\u00edgenas aprovado no Senado Federal; Angelo Coronel esteve ausente - News In Foco - Editado por Caio Pimenta\",\"description\":\"Aprovado na noite de ontem (27) no Senado Federal, o marco temporal dos povos ind\\u00edgenas contou com o voto contr\\u00e1rio dos senadores baianos Jaques Wagner (PT) e Otto Alencar (PSD). Angelo Coronel, tamb\\u00e9m do PSD, segundo a Casa, estava em miss\\u00e3o oficial e n\\u00e3o votou a proposta. O projeto teve 43 votos favor\\u00e1veis e 21\",\"inLanguage\":\"pt-BR\",\"isPartOf\":{\"@id\":\"https:\\\/\\\/newsinfoco.com.br\\\/inicio\\\/#website\"},\"breadcrumb\":{\"@id\":\"https:\\\/\\\/newsinfoco.com.br\\\/inicio\\\/jaques-wagner-e-otto-alencar-votam-contra-marco-temporal-dos-povos-indigenas-aprovado-no-senado-federal-angelo-coronel-esteve-ausente\\\/#breadcrumblist\"},\"author\":{\"@id\":\"https:\\\/\\\/newsinfoco.com.br\\\/inicio\\\/author\\\/administrador\\\/#author\"},\"creator\":{\"@id\":\"https:\\\/\\\/newsinfoco.com.br\\\/inicio\\\/author\\\/administrador\\\/#author\"},\"image\":{\"@type\":\"ImageObject\",\"url\":\"https:\\\/\\\/newsinfoco.com.br\\\/inicio\\\/wp-content\\\/uploads\\\/2023\\\/09\\\/jaques_wagner_otto_alencar_senadores_encontro_prefeitos_130919rv_021.jpg\",\"@id\":\"https:\\\/\\\/newsinfoco.com.br\\\/inicio\\\/jaques-wagner-e-otto-alencar-votam-contra-marco-temporal-dos-povos-indigenas-aprovado-no-senado-federal-angelo-coronel-esteve-ausente\\\/#mainImage\",\"width\":2216,\"height\":1480},\"primaryImageOfPage\":{\"@id\":\"https:\\\/\\\/newsinfoco.com.br\\\/inicio\\\/jaques-wagner-e-otto-alencar-votam-contra-marco-temporal-dos-povos-indigenas-aprovado-no-senado-federal-angelo-coronel-esteve-ausente\\\/#mainImage\"},\"datePublished\":\"2023-09-28T17:31:16-03:00\",\"dateModified\":\"2023-09-28T17:31:16-03:00\"},{\"@type\":\"WebSite\",\"@id\":\"https:\\\/\\\/newsinfoco.com.br\\\/inicio\\\/#website\",\"url\":\"https:\\\/\\\/newsinfoco.com.br\\\/inicio\\\/\",\"name\":\"News In Foco - Editado por Caio Pimenta\",\"description\":\"O principal site de noticias de Alagoinhas e regi\\u00e3o\",\"inLanguage\":\"pt-BR\",\"publisher\":{\"@id\":\"https:\\\/\\\/newsinfoco.com.br\\\/inicio\\\/#organization\"}}]}\n\t\t<\/script>\n\t\t<!-- All in One SEO -->\n\n","aioseo_head_json":{"title":"Jaques Wagner e Otto Alencar votam contra marco temporal dos povos ind\u00edgenas aprovado no Senado Federal; Angelo Coronel esteve ausente - News In Foco - Editado por Caio Pimenta","description":"Aprovado na noite de ontem (27) no Senado Federal, o marco temporal dos povos ind\u00edgenas contou com o voto contr\u00e1rio dos senadores baianos Jaques Wagner (PT) e Otto Alencar (PSD). Angelo Coronel, tamb\u00e9m do PSD, segundo a Casa, estava em miss\u00e3o oficial e n\u00e3o votou a proposta. O projeto teve 43 votos favor\u00e1veis e 21","canonical_url":"https:\/\/newsinfoco.com.br\/inicio\/jaques-wagner-e-otto-alencar-votam-contra-marco-temporal-dos-povos-indigenas-aprovado-no-senado-federal-angelo-coronel-esteve-ausente\/","robots":"max-image-preview:large","keywords":"","webmasterTools":{"miscellaneous":""},"schema":{"@context":"https:\/\/schema.org","@graph":[{"@type":"BlogPosting","@id":"https:\/\/newsinfoco.com.br\/inicio\/jaques-wagner-e-otto-alencar-votam-contra-marco-temporal-dos-povos-indigenas-aprovado-no-senado-federal-angelo-coronel-esteve-ausente\/#blogposting","name":"Jaques Wagner e Otto Alencar votam contra marco temporal dos povos ind\u00edgenas aprovado no Senado Federal; Angelo Coronel esteve ausente - News In Foco - Editado por Caio Pimenta","headline":"Jaques Wagner e Otto Alencar votam contra marco temporal dos povos ind\u00edgenas aprovado no Senado Federal; Angelo Coronel esteve ausente","author":{"@id":"https:\/\/newsinfoco.com.br\/inicio\/author\/administrador\/#author"},"publisher":{"@id":"https:\/\/newsinfoco.com.br\/inicio\/#organization"},"image":{"@type":"ImageObject","url":"https:\/\/newsinfoco.com.br\/inicio\/wp-content\/uploads\/2023\/09\/jaques_wagner_otto_alencar_senadores_encontro_prefeitos_130919rv_021.jpg","width":2216,"height":1480},"datePublished":"2023-09-28T17:31:16-03:00","dateModified":"2023-09-28T17:31:16-03:00","inLanguage":"pt-BR","mainEntityOfPage":{"@id":"https:\/\/newsinfoco.com.br\/inicio\/jaques-wagner-e-otto-alencar-votam-contra-marco-temporal-dos-povos-indigenas-aprovado-no-senado-federal-angelo-coronel-esteve-ausente\/#webpage"},"isPartOf":{"@id":"https:\/\/newsinfoco.com.br\/inicio\/jaques-wagner-e-otto-alencar-votam-contra-marco-temporal-dos-povos-indigenas-aprovado-no-senado-federal-angelo-coronel-esteve-ausente\/#webpage"},"articleSection":"Bahia"},{"@type":"BreadcrumbList","@id":"https:\/\/newsinfoco.com.br\/inicio\/jaques-wagner-e-otto-alencar-votam-contra-marco-temporal-dos-povos-indigenas-aprovado-no-senado-federal-angelo-coronel-esteve-ausente\/#breadcrumblist","itemListElement":[{"@type":"ListItem","@id":"https:\/\/newsinfoco.com.br\/inicio#listItem","position":1,"name":"In\u00edcio","item":"https:\/\/newsinfoco.com.br\/inicio","nextItem":{"@type":"ListItem","@id":"https:\/\/newsinfoco.com.br\/inicio\/category\/bahia\/#listItem","name":"Bahia"}},{"@type":"ListItem","@id":"https:\/\/newsinfoco.com.br\/inicio\/category\/bahia\/#listItem","position":2,"name":"Bahia","item":"https:\/\/newsinfoco.com.br\/inicio\/category\/bahia\/","nextItem":{"@type":"ListItem","@id":"https:\/\/newsinfoco.com.br\/inicio\/jaques-wagner-e-otto-alencar-votam-contra-marco-temporal-dos-povos-indigenas-aprovado-no-senado-federal-angelo-coronel-esteve-ausente\/#listItem","name":"Jaques Wagner e Otto Alencar votam contra marco temporal dos povos ind\u00edgenas aprovado no Senado Federal; Angelo Coronel esteve ausente"},"previousItem":{"@type":"ListItem","@id":"https:\/\/newsinfoco.com.br\/inicio#listItem","name":"In\u00edcio"}},{"@type":"ListItem","@id":"https:\/\/newsinfoco.com.br\/inicio\/jaques-wagner-e-otto-alencar-votam-contra-marco-temporal-dos-povos-indigenas-aprovado-no-senado-federal-angelo-coronel-esteve-ausente\/#listItem","position":3,"name":"Jaques Wagner e Otto Alencar votam contra marco temporal dos povos ind\u00edgenas aprovado no Senado Federal; Angelo Coronel esteve ausente","previousItem":{"@type":"ListItem","@id":"https:\/\/newsinfoco.com.br\/inicio\/category\/bahia\/#listItem","name":"Bahia"}}]},{"@type":"Organization","@id":"https:\/\/newsinfoco.com.br\/inicio\/#organization","name":"News In Foco - Editado por Caio Pimenta","description":"O principal site de noticias de Alagoinhas e regi\u00e3o","url":"https:\/\/newsinfoco.com.br\/inicio\/"},{"@type":"Person","@id":"https:\/\/newsinfoco.com.br\/inicio\/author\/administrador\/#author","url":"https:\/\/newsinfoco.com.br\/inicio\/author\/administrador\/","name":"administrador","image":{"@type":"ImageObject","@id":"https:\/\/newsinfoco.com.br\/inicio\/jaques-wagner-e-otto-alencar-votam-contra-marco-temporal-dos-povos-indigenas-aprovado-no-senado-federal-angelo-coronel-esteve-ausente\/#authorImage","url":"https:\/\/secure.gravatar.com\/avatar\/c17a617433de8c1dc9584bb79aab7563b46f5bb7e1728c9b17d9cc3ce6a08e49?s=96&d=mm&r=g","width":96,"height":96,"caption":"administrador"}},{"@type":"WebPage","@id":"https:\/\/newsinfoco.com.br\/inicio\/jaques-wagner-e-otto-alencar-votam-contra-marco-temporal-dos-povos-indigenas-aprovado-no-senado-federal-angelo-coronel-esteve-ausente\/#webpage","url":"https:\/\/newsinfoco.com.br\/inicio\/jaques-wagner-e-otto-alencar-votam-contra-marco-temporal-dos-povos-indigenas-aprovado-no-senado-federal-angelo-coronel-esteve-ausente\/","name":"Jaques Wagner e Otto Alencar votam contra marco temporal dos povos ind\u00edgenas aprovado no Senado Federal; Angelo Coronel esteve ausente - News In Foco - Editado por Caio Pimenta","description":"Aprovado na noite de ontem (27) no Senado Federal, o marco temporal dos povos ind\u00edgenas contou com o voto contr\u00e1rio dos senadores baianos Jaques Wagner (PT) e Otto Alencar (PSD). Angelo Coronel, tamb\u00e9m do PSD, segundo a Casa, estava em miss\u00e3o oficial e n\u00e3o votou a proposta. O projeto teve 43 votos favor\u00e1veis e 21","inLanguage":"pt-BR","isPartOf":{"@id":"https:\/\/newsinfoco.com.br\/inicio\/#website"},"breadcrumb":{"@id":"https:\/\/newsinfoco.com.br\/inicio\/jaques-wagner-e-otto-alencar-votam-contra-marco-temporal-dos-povos-indigenas-aprovado-no-senado-federal-angelo-coronel-esteve-ausente\/#breadcrumblist"},"author":{"@id":"https:\/\/newsinfoco.com.br\/inicio\/author\/administrador\/#author"},"creator":{"@id":"https:\/\/newsinfoco.com.br\/inicio\/author\/administrador\/#author"},"image":{"@type":"ImageObject","url":"https:\/\/newsinfoco.com.br\/inicio\/wp-content\/uploads\/2023\/09\/jaques_wagner_otto_alencar_senadores_encontro_prefeitos_130919rv_021.jpg","@id":"https:\/\/newsinfoco.com.br\/inicio\/jaques-wagner-e-otto-alencar-votam-contra-marco-temporal-dos-povos-indigenas-aprovado-no-senado-federal-angelo-coronel-esteve-ausente\/#mainImage","width":2216,"height":1480},"primaryImageOfPage":{"@id":"https:\/\/newsinfoco.com.br\/inicio\/jaques-wagner-e-otto-alencar-votam-contra-marco-temporal-dos-povos-indigenas-aprovado-no-senado-federal-angelo-coronel-esteve-ausente\/#mainImage"},"datePublished":"2023-09-28T17:31:16-03:00","dateModified":"2023-09-28T17:31:16-03:00"},{"@type":"WebSite","@id":"https:\/\/newsinfoco.com.br\/inicio\/#website","url":"https:\/\/newsinfoco.com.br\/inicio\/","name":"News In Foco - Editado por Caio Pimenta","description":"O principal site de noticias de Alagoinhas e regi\u00e3o","inLanguage":"pt-BR","publisher":{"@id":"https:\/\/newsinfoco.com.br\/inicio\/#organization"}}]},"og:locale":"pt_BR","og:site_name":"News In Foco - Editado por Caio Pimenta - O principal site de noticias de Alagoinhas e regi\u00e3o","og:type":"article","og:title":"Jaques Wagner e Otto Alencar votam contra marco temporal dos povos ind\u00edgenas aprovado no Senado Federal; Angelo Coronel esteve ausente - News In Foco - Editado por Caio Pimenta","og:description":"Aprovado na noite de ontem (27) no Senado Federal, o marco temporal dos povos ind\u00edgenas contou com o voto contr\u00e1rio dos senadores baianos Jaques Wagner (PT) e Otto Alencar (PSD). Angelo Coronel, tamb\u00e9m do PSD, segundo a Casa, estava em miss\u00e3o oficial e n\u00e3o votou a proposta. O projeto teve 43 votos favor\u00e1veis e 21","og:url":"https:\/\/newsinfoco.com.br\/inicio\/jaques-wagner-e-otto-alencar-votam-contra-marco-temporal-dos-povos-indigenas-aprovado-no-senado-federal-angelo-coronel-esteve-ausente\/","article:published_time":"2023-09-28T20:31:16+00:00","article:modified_time":"2023-09-28T20:31:16+00:00","twitter:card":"summary_large_image","twitter:title":"Jaques Wagner e Otto Alencar votam contra marco temporal dos povos ind\u00edgenas aprovado no Senado Federal; Angelo Coronel esteve ausente - News In Foco - Editado por Caio Pimenta","twitter:description":"Aprovado na noite de ontem (27) no Senado Federal, o marco temporal dos povos ind\u00edgenas contou com o voto contr\u00e1rio dos senadores baianos Jaques Wagner (PT) e Otto Alencar (PSD). Angelo Coronel, tamb\u00e9m do PSD, segundo a Casa, estava em miss\u00e3o oficial e n\u00e3o votou a proposta. O projeto teve 43 votos favor\u00e1veis e 21"},"aioseo_meta_data":{"post_id":"35134","title":null,"description":null,"keywords":[],"keyphrases":{"focus":{"keyphrase":"","score":0,"analysis":{"keyphraseInTitle":{"score":0,"maxScore":9,"error":1}}},"additional":[]},"primary_term":null,"canonical_url":null,"og_title":null,"og_description":null,"og_object_type":"default","og_image_type":"default","og_image_url":null,"og_image_width":null,"og_image_height":null,"og_image_custom_url":null,"og_image_custom_fields":null,"og_video":"","og_custom_url":null,"og_article_section":null,"og_article_tags":[],"twitter_use_og":false,"twitter_card":"default","twitter_image_type":"default","twitter_image_url":null,"twitter_image_custom_url":null,"twitter_image_custom_fields":null,"twitter_title":null,"twitter_description":null,"schema":{"blockGraphs":[],"customGraphs":[],"default":{"data":{"Article":[],"Course":[],"Dataset":[],"FAQPage":[],"Movie":[],"Person":[],"Product":[],"ProductReview":[],"Car":[],"Recipe":[],"Service":[],"SoftwareApplication":[],"WebPage":[]},"graphName":"BlogPosting","isEnabled":true},"graphs":[]},"schema_type":"default","schema_type_options":null,"pillar_content":false,"robots_default":true,"robots_noindex":false,"robots_noarchive":false,"robots_nosnippet":false,"robots_nofollow":false,"robots_noimageindex":false,"robots_noodp":false,"robots_notranslate":false,"robots_max_snippet":"-1","robots_max_videopreview":"-1","robots_max_imagepreview":"large","priority":null,"frequency":"default","local_seo":null,"breadcrumb_settings":null,"limit_modified_date":false,"ai":null,"created":"2023-09-28 20:31:16","updated":"2025-07-11 10:15:51","seo_analyzer_scan_date":null},"aioseo_breadcrumb":"<div class=\"aioseo-breadcrumbs\"><span class=\"aioseo-breadcrumb\">\n\t\t\t<a href=\"https:\/\/newsinfoco.com.br\/inicio\" title=\"In\u00edcio\">In\u00edcio<\/a>\n\t\t<\/span><span class=\"aioseo-breadcrumb-separator\">&raquo;<\/span><span class=\"aioseo-breadcrumb\">\n\t\t\t<a href=\"https:\/\/newsinfoco.com.br\/inicio\/category\/bahia\/\" title=\"Bahia\">Bahia<\/a>\n\t\t<\/span><span class=\"aioseo-breadcrumb-separator\">&raquo;<\/span><span class=\"aioseo-breadcrumb\">\n\t\t\tJaques Wagner e Otto Alencar votam contra marco temporal dos povos ind\u00edgenas aprovado no Senado Federal; Angelo Coronel esteve ausente\n\t\t<\/span><\/div>","aioseo_breadcrumb_json":[{"label":"In\u00edcio","link":"https:\/\/newsinfoco.com.br\/inicio"},{"label":"Bahia","link":"https:\/\/newsinfoco.com.br\/inicio\/category\/bahia\/"},{"label":"Jaques Wagner e Otto Alencar votam contra marco temporal dos povos ind\u00edgenas aprovado no Senado Federal; Angelo Coronel esteve ausente","link":"https:\/\/newsinfoco.com.br\/inicio\/jaques-wagner-e-otto-alencar-votam-contra-marco-temporal-dos-povos-indigenas-aprovado-no-senado-federal-angelo-coronel-esteve-ausente\/"}],"_links":{"self":[{"href":"https:\/\/newsinfoco.com.br\/inicio\/wp-json\/wp\/v2\/posts\/35134","targetHints":{"allow":["GET"]}}],"collection":[{"href":"https:\/\/newsinfoco.com.br\/inicio\/wp-json\/wp\/v2\/posts"}],"about":[{"href":"https:\/\/newsinfoco.com.br\/inicio\/wp-json\/wp\/v2\/types\/post"}],"author":[{"embeddable":true,"href":"https:\/\/newsinfoco.com.br\/inicio\/wp-json\/wp\/v2\/users\/1"}],"replies":[{"embeddable":true,"href":"https:\/\/newsinfoco.com.br\/inicio\/wp-json\/wp\/v2\/comments?post=35134"}],"version-history":[{"count":1,"href":"https:\/\/newsinfoco.com.br\/inicio\/wp-json\/wp\/v2\/posts\/35134\/revisions"}],"predecessor-version":[{"id":35136,"href":"https:\/\/newsinfoco.com.br\/inicio\/wp-json\/wp\/v2\/posts\/35134\/revisions\/35136"}],"wp:featuredmedia":[{"embeddable":true,"href":"https:\/\/newsinfoco.com.br\/inicio\/wp-json\/wp\/v2\/media\/35135"}],"wp:attachment":[{"href":"https:\/\/newsinfoco.com.br\/inicio\/wp-json\/wp\/v2\/media?parent=35134"}],"wp:term":[{"taxonomy":"category","embeddable":true,"href":"https:\/\/newsinfoco.com.br\/inicio\/wp-json\/wp\/v2\/categories?post=35134"},{"taxonomy":"post_tag","embeddable":true,"href":"https:\/\/newsinfoco.com.br\/inicio\/wp-json\/wp\/v2\/tags?post=35134"}],"curies":[{"name":"wp","href":"https:\/\/api.w.org\/{rel}","templated":true}]}}