{"id":35138,"date":"2023-09-28T20:13:53","date_gmt":"2023-09-28T23:13:53","guid":{"rendered":"https:\/\/newsinfoco.com.br\/inicio\/?p=35138"},"modified":"2023-09-28T20:13:53","modified_gmt":"2023-09-28T23:13:53","slug":"prefeito-joaquim-neto-deve-modificar-loa-2024-para-incluir-subsidio-municipal-no-transporte-publico-de-alagoinhas","status":"publish","type":"post","link":"https:\/\/newsinfoco.com.br\/inicio\/prefeito-joaquim-neto-deve-modificar-loa-2024-para-incluir-subsidio-municipal-no-transporte-publico-de-alagoinhas\/","title":{"rendered":"Prefeito Joaquim Neto deve modificar LOA 2024 para incluir subsidio municipal no transporte p\u00fablico de Alagoinhas"},"content":{"rendered":"<p>O prefeito de Alagoinhas, Joaquim Neto(PSD), deve fazer uma altera\u00e7\u00e3o no projeto de Lei Or\u00e7ament\u00e1ria para 2024 enviada \u00e0 C\u00e2mara Municipal no \u00faltimo dia 19. A inten\u00e7\u00e3o \u00e9 incluir a destina\u00e7\u00e3o de recursos para subsidiar o transporte p\u00fablico municipal.<\/p>\n<p>O site News Infoco apurou que uma reuni\u00e3o realizada entre alguns integrantes da bancada governista e o prefeito Joaquim Neto tratou sobre o tema, da onde saiu a medida. Na oportunidade foi externada a preocupa\u00e7\u00e3o com a manuten\u00e7\u00e3o do servi\u00e7o de transporte p\u00fablico da cidade e a necessidade de apresentar melhorias neste mesmo servi\u00e7o que \u00e9 prestado \u00e0 popula\u00e7\u00e3o.<\/p>\n<p>O valor a ser destinado ao setor ainda n\u00e3o foi definido, mas deve ser revelado em breve<\/p>\n<p>A LOA 2024 estima uma arrecada\u00e7\u00e3o de R$ 658 milh\u00f5es, um acr\u00e9scimo de R$ 37 milh\u00f5es em rela\u00e7\u00e3o a LOA de 2023.<\/p>\n<p>Este ano, entre os meses de janeiro e junho, a prefeitura repassou R$ 2,4 milh\u00f5es a titulo de subsidio para o transporte p\u00fablico. Apesar de n\u00e3o suprir o d\u00e9ficit anual de cerca de R$ 12 milh\u00f5es, o valor, segundo o presidente do sindicato dos rodovi\u00e1rios, ajudou a empresa a honrar os pagamentos de sal\u00e1rios dos funcion\u00e1rios, que foi reajustado ap\u00f3s 2 anos. De acordo com o dirigente sindical outros benef\u00edcios foram concedidos aos mais de 220 colaboradores da empresa, que n\u00e3o possui nenhum d\u00e9bito trabalhista e previdenci\u00e1rio.<\/p>\n<p>Com o envio da LOA 2024 sem contemplar algum tipo de subsidio, a empresa concession\u00e1ria do servi\u00e7o de transporte p\u00fablico informou que teria dificuldades para implementar investimentos e at\u00e9 honrar os compromissos firmados com os trabalhadores, como o plano de sa\u00fade e sal\u00e1rios. Tamb\u00e9m foi colocado o risco de demiss\u00f5es diante da falta de recursos, o que fez com que o sindicato amea\u00e7asse paralisar o sistema.<\/p>\n<p>Pelo contrato de licita\u00e7\u00e3o firmado entre a prefeitura e a empresa, o sistema deveria ofertar 500 mil usu\u00e1rios\/m\u00eas, esse n\u00famero seria suficiente para arrecadar o valor necess\u00e1rio para custear o sistema. Por\u00e9m, desde o inicio da vig\u00eancia do contrato, esses n\u00fameros ca\u00edram drasticamente, chegando para menos da metade. Pelo contrato, a prefeitura deveria arcar com essa defasagem, pagando por meio de subsidio os valores, ou ent\u00e3o repassando para o usu\u00e1rio pagante o \u00f4nus do d\u00e9ficit por meio de reajuste tarif\u00e1rio. A prefeitura n\u00e3o fez nenhuma coisa, nem outra.<\/p>\n<p>Hoje, a tarifa t\u00e9cnica gira no entorno de R$ 6,50, mas a praticada \u00e9 de R$4,20. Uma defasagem de R$2,30 por passageiro. O resultado \u00e9 falta de recursos da empresa para promover investimentos no servi\u00e7o.<\/p>\n<p>De acordo com o presidente do sindicato dos rodovi\u00e1rios de Alagoinhas, Gil Alagoinhas, a depender do valor do subsidio p\u00fablico destinado pelo prefeito, \u00e9 poss\u00edvel que, al\u00e9m da renova\u00e7\u00e3o e aumento da frota de \u00f4nibus, o valor da tarifa caia. Uma situa\u00e7\u00e3o que seria in\u00e9dita no munic\u00edpio.<\/p>\n<p>&nbsp;<\/p>\n<p>Por Caio Pimenta para o News Infoco<\/p>\n<p>&nbsp;<\/p>\n<div class=\"google-auto-placed ap_container\"><\/div>\n<div class='share-to-whatsapp-wrapper'><div class='share-on-whsp'>Share on: <\/div><a data-text='Prefeito Joaquim Neto deve modificar LOA 2024 para incluir subsidio municipal no transporte p\u00fablico de Alagoinhas' data-link='https:\/\/newsinfoco.com.br\/inicio\/prefeito-joaquim-neto-deve-modificar-loa-2024-para-incluir-subsidio-municipal-no-transporte-publico-de-alagoinhas\/' class='whatsapp-button whatsapp-share'>WhatsApp<\/a><div class='clear '><\/div><\/div>","protected":false},"excerpt":{"rendered":"<p>O prefeito de Alagoinhas, Joaquim Neto(PSD), deve fazer uma altera\u00e7\u00e3o no projeto de Lei Or\u00e7ament\u00e1ria para 2024 enviada \u00e0 C\u00e2mara Municipal no \u00faltimo dia 19. A inten\u00e7\u00e3o \u00e9 incluir a destina\u00e7\u00e3o de recursos para subsidiar o transporte p\u00fablico municipal. O site News Infoco apurou que uma reuni\u00e3o realizada entre alguns integrantes da bancada governista e [&hellip;]<\/p>\n","protected":false},"author":1,"featured_media":28097,"comment_status":"closed","ping_status":"closed","sticky":false,"template":"","format":"standard","meta":{"om_disable_all_campaigns":false,"rop_custom_images_group":[],"rop_custom_messages_group":[],"rop_publish_now":"initial","rop_publish_now_accounts":[],"rop_publish_now_history":[],"rop_publish_now_status":"pending","_exactmetrics_skip_tracking":false,"footnotes":""},"categories":[38,167],"tags":[],"class_list":["post-35138","post","type-post","status-publish","format-standard","has-post-thumbnail","hentry","category-alagoinhas-e-regiao","category-exclusivas"],"aioseo_notices":[],"aioseo_head":"\n\t\t<!-- All in One SEO 4.9.10 - aioseo.com -->\n\t<meta name=\"description\" content=\"O prefeito de Alagoinhas, Joaquim Neto(PSD), deve fazer uma altera\u00e7\u00e3o no projeto de Lei Or\u00e7ament\u00e1ria para 2024 enviada \u00e0 C\u00e2mara Municipal no \u00faltimo dia 19. A inten\u00e7\u00e3o \u00e9 incluir a destina\u00e7\u00e3o de recursos para subsidiar o transporte p\u00fablico municipal. O site News Infoco apurou que uma reuni\u00e3o realizada entre alguns integrantes da bancada governista e\" \/>\n\t<meta name=\"robots\" content=\"max-image-preview:large\" \/>\n\t<meta name=\"author\" content=\"administrador\"\/>\n\t<link rel=\"canonical\" href=\"https:\/\/newsinfoco.com.br\/inicio\/prefeito-joaquim-neto-deve-modificar-loa-2024-para-incluir-subsidio-municipal-no-transporte-publico-de-alagoinhas\/\" \/>\n\t<meta name=\"generator\" content=\"All in One SEO (AIOSEO) 4.9.10\" \/>\n\t\t<meta property=\"og:locale\" content=\"pt_BR\" \/>\n\t\t<meta property=\"og:site_name\" content=\"News In Foco - Editado por Caio Pimenta - O principal site de noticias de Alagoinhas e regi\u00e3o\" \/>\n\t\t<meta property=\"og:type\" content=\"article\" \/>\n\t\t<meta property=\"og:title\" content=\"Prefeito Joaquim Neto deve modificar LOA 2024 para incluir subsidio municipal no transporte p\u00fablico de Alagoinhas - News In Foco - Editado por Caio Pimenta\" \/>\n\t\t<meta property=\"og:description\" content=\"O prefeito de Alagoinhas, Joaquim Neto(PSD), deve fazer uma altera\u00e7\u00e3o no projeto de Lei Or\u00e7ament\u00e1ria para 2024 enviada \u00e0 C\u00e2mara Municipal no \u00faltimo dia 19. A inten\u00e7\u00e3o \u00e9 incluir a destina\u00e7\u00e3o de recursos para subsidiar o transporte p\u00fablico municipal. O site News Infoco apurou que uma reuni\u00e3o realizada entre alguns integrantes da bancada governista e\" \/>\n\t\t<meta property=\"og:url\" content=\"https:\/\/newsinfoco.com.br\/inicio\/prefeito-joaquim-neto-deve-modificar-loa-2024-para-incluir-subsidio-municipal-no-transporte-publico-de-alagoinhas\/\" \/>\n\t\t<meta property=\"article:published_time\" content=\"2023-09-28T23:13:53+00:00\" \/>\n\t\t<meta property=\"article:modified_time\" content=\"2023-09-28T23:13:53+00:00\" \/>\n\t\t<meta name=\"twitter:card\" content=\"summary_large_image\" \/>\n\t\t<meta name=\"twitter:title\" content=\"Prefeito Joaquim Neto deve modificar LOA 2024 para incluir subsidio municipal no transporte p\u00fablico de Alagoinhas - News In Foco - Editado por Caio Pimenta\" \/>\n\t\t<meta name=\"twitter:description\" content=\"O prefeito de Alagoinhas, Joaquim Neto(PSD), deve fazer uma altera\u00e7\u00e3o no projeto de Lei Or\u00e7ament\u00e1ria para 2024 enviada \u00e0 C\u00e2mara Municipal no \u00faltimo dia 19. A inten\u00e7\u00e3o \u00e9 incluir a destina\u00e7\u00e3o de recursos para subsidiar o transporte p\u00fablico municipal. O site News Infoco apurou que uma reuni\u00e3o realizada entre alguns integrantes da bancada governista e\" \/>\n\t\t<script type=\"application\/ld+json\" class=\"aioseo-schema\">\n\t\t\t{\"@context\":\"https:\\\/\\\/schema.org\",\"@graph\":[{\"@type\":\"BlogPosting\",\"@id\":\"https:\\\/\\\/newsinfoco.com.br\\\/inicio\\\/prefeito-joaquim-neto-deve-modificar-loa-2024-para-incluir-subsidio-municipal-no-transporte-publico-de-alagoinhas\\\/#blogposting\",\"name\":\"Prefeito Joaquim Neto deve modificar LOA 2024 para incluir subsidio municipal no transporte p\\u00fablico de Alagoinhas - News In Foco - Editado por Caio Pimenta\",\"headline\":\"Prefeito Joaquim Neto deve modificar LOA 2024 para incluir subsidio municipal no transporte p\\u00fablico de Alagoinhas\",\"author\":{\"@id\":\"https:\\\/\\\/newsinfoco.com.br\\\/inicio\\\/author\\\/administrador\\\/#author\"},\"publisher\":{\"@id\":\"https:\\\/\\\/newsinfoco.com.br\\\/inicio\\\/#organization\"},\"image\":{\"@type\":\"ImageObject\",\"url\":\"https:\\\/\\\/newsinfoco.com.br\\\/inicio\\\/wp-content\\\/uploads\\\/2021\\\/12\\\/joaquim-neto-03.jpg\",\"width\":1002,\"height\":516},\"datePublished\":\"2023-09-28T20:13:53-03:00\",\"dateModified\":\"2023-09-28T20:13:53-03:00\",\"inLanguage\":\"pt-BR\",\"mainEntityOfPage\":{\"@id\":\"https:\\\/\\\/newsinfoco.com.br\\\/inicio\\\/prefeito-joaquim-neto-deve-modificar-loa-2024-para-incluir-subsidio-municipal-no-transporte-publico-de-alagoinhas\\\/#webpage\"},\"isPartOf\":{\"@id\":\"https:\\\/\\\/newsinfoco.com.br\\\/inicio\\\/prefeito-joaquim-neto-deve-modificar-loa-2024-para-incluir-subsidio-municipal-no-transporte-publico-de-alagoinhas\\\/#webpage\"},\"articleSection\":\"Alagoinhas e Regi\\u00e3o, Manchete\"},{\"@type\":\"BreadcrumbList\",\"@id\":\"https:\\\/\\\/newsinfoco.com.br\\\/inicio\\\/prefeito-joaquim-neto-deve-modificar-loa-2024-para-incluir-subsidio-municipal-no-transporte-publico-de-alagoinhas\\\/#breadcrumblist\",\"itemListElement\":[{\"@type\":\"ListItem\",\"@id\":\"https:\\\/\\\/newsinfoco.com.br\\\/inicio#listItem\",\"position\":1,\"name\":\"In\\u00edcio\",\"item\":\"https:\\\/\\\/newsinfoco.com.br\\\/inicio\",\"nextItem\":{\"@type\":\"ListItem\",\"@id\":\"https:\\\/\\\/newsinfoco.com.br\\\/inicio\\\/category\\\/alagoinhas-e-regiao\\\/#listItem\",\"name\":\"Alagoinhas e Regi\\u00e3o\"}},{\"@type\":\"ListItem\",\"@id\":\"https:\\\/\\\/newsinfoco.com.br\\\/inicio\\\/category\\\/alagoinhas-e-regiao\\\/#listItem\",\"position\":2,\"name\":\"Alagoinhas e Regi\\u00e3o\",\"item\":\"https:\\\/\\\/newsinfoco.com.br\\\/inicio\\\/category\\\/alagoinhas-e-regiao\\\/\",\"nextItem\":{\"@type\":\"ListItem\",\"@id\":\"https:\\\/\\\/newsinfoco.com.br\\\/inicio\\\/prefeito-joaquim-neto-deve-modificar-loa-2024-para-incluir-subsidio-municipal-no-transporte-publico-de-alagoinhas\\\/#listItem\",\"name\":\"Prefeito Joaquim Neto deve modificar LOA 2024 para incluir subsidio municipal no transporte p\\u00fablico de Alagoinhas\"},\"previousItem\":{\"@type\":\"ListItem\",\"@id\":\"https:\\\/\\\/newsinfoco.com.br\\\/inicio#listItem\",\"name\":\"In\\u00edcio\"}},{\"@type\":\"ListItem\",\"@id\":\"https:\\\/\\\/newsinfoco.com.br\\\/inicio\\\/prefeito-joaquim-neto-deve-modificar-loa-2024-para-incluir-subsidio-municipal-no-transporte-publico-de-alagoinhas\\\/#listItem\",\"position\":3,\"name\":\"Prefeito Joaquim Neto deve modificar LOA 2024 para incluir subsidio municipal no transporte p\\u00fablico de Alagoinhas\",\"previousItem\":{\"@type\":\"ListItem\",\"@id\":\"https:\\\/\\\/newsinfoco.com.br\\\/inicio\\\/category\\\/alagoinhas-e-regiao\\\/#listItem\",\"name\":\"Alagoinhas e Regi\\u00e3o\"}}]},{\"@type\":\"Organization\",\"@id\":\"https:\\\/\\\/newsinfoco.com.br\\\/inicio\\\/#organization\",\"name\":\"News In Foco - Editado por Caio Pimenta\",\"description\":\"O principal site de noticias de Alagoinhas e regi\\u00e3o\",\"url\":\"https:\\\/\\\/newsinfoco.com.br\\\/inicio\\\/\"},{\"@type\":\"Person\",\"@id\":\"https:\\\/\\\/newsinfoco.com.br\\\/inicio\\\/author\\\/administrador\\\/#author\",\"url\":\"https:\\\/\\\/newsinfoco.com.br\\\/inicio\\\/author\\\/administrador\\\/\",\"name\":\"administrador\",\"image\":{\"@type\":\"ImageObject\",\"@id\":\"https:\\\/\\\/newsinfoco.com.br\\\/inicio\\\/prefeito-joaquim-neto-deve-modificar-loa-2024-para-incluir-subsidio-municipal-no-transporte-publico-de-alagoinhas\\\/#authorImage\",\"url\":\"https:\\\/\\\/secure.gravatar.com\\\/avatar\\\/c17a617433de8c1dc9584bb79aab7563b46f5bb7e1728c9b17d9cc3ce6a08e49?s=96&d=mm&r=g\",\"width\":96,\"height\":96,\"caption\":\"administrador\"}},{\"@type\":\"WebPage\",\"@id\":\"https:\\\/\\\/newsinfoco.com.br\\\/inicio\\\/prefeito-joaquim-neto-deve-modificar-loa-2024-para-incluir-subsidio-municipal-no-transporte-publico-de-alagoinhas\\\/#webpage\",\"url\":\"https:\\\/\\\/newsinfoco.com.br\\\/inicio\\\/prefeito-joaquim-neto-deve-modificar-loa-2024-para-incluir-subsidio-municipal-no-transporte-publico-de-alagoinhas\\\/\",\"name\":\"Prefeito Joaquim Neto deve modificar LOA 2024 para incluir subsidio municipal no transporte p\\u00fablico de Alagoinhas - News In Foco - Editado por Caio Pimenta\",\"description\":\"O prefeito de Alagoinhas, Joaquim Neto(PSD), deve fazer uma altera\\u00e7\\u00e3o no projeto de Lei Or\\u00e7ament\\u00e1ria para 2024 enviada \\u00e0 C\\u00e2mara Municipal no \\u00faltimo dia 19. A inten\\u00e7\\u00e3o \\u00e9 incluir a destina\\u00e7\\u00e3o de recursos para subsidiar o transporte p\\u00fablico municipal. O site News Infoco apurou que uma reuni\\u00e3o realizada entre alguns integrantes da bancada governista e\",\"inLanguage\":\"pt-BR\",\"isPartOf\":{\"@id\":\"https:\\\/\\\/newsinfoco.com.br\\\/inicio\\\/#website\"},\"breadcrumb\":{\"@id\":\"https:\\\/\\\/newsinfoco.com.br\\\/inicio\\\/prefeito-joaquim-neto-deve-modificar-loa-2024-para-incluir-subsidio-municipal-no-transporte-publico-de-alagoinhas\\\/#breadcrumblist\"},\"author\":{\"@id\":\"https:\\\/\\\/newsinfoco.com.br\\\/inicio\\\/author\\\/administrador\\\/#author\"},\"creator\":{\"@id\":\"https:\\\/\\\/newsinfoco.com.br\\\/inicio\\\/author\\\/administrador\\\/#author\"},\"image\":{\"@type\":\"ImageObject\",\"url\":\"https:\\\/\\\/newsinfoco.com.br\\\/inicio\\\/wp-content\\\/uploads\\\/2021\\\/12\\\/joaquim-neto-03.jpg\",\"@id\":\"https:\\\/\\\/newsinfoco.com.br\\\/inicio\\\/prefeito-joaquim-neto-deve-modificar-loa-2024-para-incluir-subsidio-municipal-no-transporte-publico-de-alagoinhas\\\/#mainImage\",\"width\":1002,\"height\":516},\"primaryImageOfPage\":{\"@id\":\"https:\\\/\\\/newsinfoco.com.br\\\/inicio\\\/prefeito-joaquim-neto-deve-modificar-loa-2024-para-incluir-subsidio-municipal-no-transporte-publico-de-alagoinhas\\\/#mainImage\"},\"datePublished\":\"2023-09-28T20:13:53-03:00\",\"dateModified\":\"2023-09-28T20:13:53-03:00\"},{\"@type\":\"WebSite\",\"@id\":\"https:\\\/\\\/newsinfoco.com.br\\\/inicio\\\/#website\",\"url\":\"https:\\\/\\\/newsinfoco.com.br\\\/inicio\\\/\",\"name\":\"News In Foco - Editado por Caio Pimenta\",\"description\":\"O principal site de noticias de Alagoinhas e regi\\u00e3o\",\"inLanguage\":\"pt-BR\",\"publisher\":{\"@id\":\"https:\\\/\\\/newsinfoco.com.br\\\/inicio\\\/#organization\"}}]}\n\t\t<\/script>\n\t\t<!-- All in One SEO -->\n\n","aioseo_head_json":{"title":"Prefeito Joaquim Neto deve modificar LOA 2024 para incluir subsidio municipal no transporte p\u00fablico de Alagoinhas - News In Foco - Editado por Caio Pimenta","description":"O prefeito de Alagoinhas, Joaquim Neto(PSD), deve fazer uma altera\u00e7\u00e3o no projeto de Lei Or\u00e7ament\u00e1ria para 2024 enviada \u00e0 C\u00e2mara Municipal no \u00faltimo dia 19. A inten\u00e7\u00e3o \u00e9 incluir a destina\u00e7\u00e3o de recursos para subsidiar o transporte p\u00fablico municipal. O site News Infoco apurou que uma reuni\u00e3o realizada entre alguns integrantes da bancada governista e","canonical_url":"https:\/\/newsinfoco.com.br\/inicio\/prefeito-joaquim-neto-deve-modificar-loa-2024-para-incluir-subsidio-municipal-no-transporte-publico-de-alagoinhas\/","robots":"max-image-preview:large","keywords":"","webmasterTools":{"miscellaneous":""},"schema":{"@context":"https:\/\/schema.org","@graph":[{"@type":"BlogPosting","@id":"https:\/\/newsinfoco.com.br\/inicio\/prefeito-joaquim-neto-deve-modificar-loa-2024-para-incluir-subsidio-municipal-no-transporte-publico-de-alagoinhas\/#blogposting","name":"Prefeito Joaquim Neto deve modificar LOA 2024 para incluir subsidio municipal no transporte p\u00fablico de Alagoinhas - News In Foco - Editado por Caio Pimenta","headline":"Prefeito Joaquim Neto deve modificar LOA 2024 para incluir subsidio municipal no transporte p\u00fablico de Alagoinhas","author":{"@id":"https:\/\/newsinfoco.com.br\/inicio\/author\/administrador\/#author"},"publisher":{"@id":"https:\/\/newsinfoco.com.br\/inicio\/#organization"},"image":{"@type":"ImageObject","url":"https:\/\/newsinfoco.com.br\/inicio\/wp-content\/uploads\/2021\/12\/joaquim-neto-03.jpg","width":1002,"height":516},"datePublished":"2023-09-28T20:13:53-03:00","dateModified":"2023-09-28T20:13:53-03:00","inLanguage":"pt-BR","mainEntityOfPage":{"@id":"https:\/\/newsinfoco.com.br\/inicio\/prefeito-joaquim-neto-deve-modificar-loa-2024-para-incluir-subsidio-municipal-no-transporte-publico-de-alagoinhas\/#webpage"},"isPartOf":{"@id":"https:\/\/newsinfoco.com.br\/inicio\/prefeito-joaquim-neto-deve-modificar-loa-2024-para-incluir-subsidio-municipal-no-transporte-publico-de-alagoinhas\/#webpage"},"articleSection":"Alagoinhas e Regi\u00e3o, Manchete"},{"@type":"BreadcrumbList","@id":"https:\/\/newsinfoco.com.br\/inicio\/prefeito-joaquim-neto-deve-modificar-loa-2024-para-incluir-subsidio-municipal-no-transporte-publico-de-alagoinhas\/#breadcrumblist","itemListElement":[{"@type":"ListItem","@id":"https:\/\/newsinfoco.com.br\/inicio#listItem","position":1,"name":"In\u00edcio","item":"https:\/\/newsinfoco.com.br\/inicio","nextItem":{"@type":"ListItem","@id":"https:\/\/newsinfoco.com.br\/inicio\/category\/alagoinhas-e-regiao\/#listItem","name":"Alagoinhas e Regi\u00e3o"}},{"@type":"ListItem","@id":"https:\/\/newsinfoco.com.br\/inicio\/category\/alagoinhas-e-regiao\/#listItem","position":2,"name":"Alagoinhas e Regi\u00e3o","item":"https:\/\/newsinfoco.com.br\/inicio\/category\/alagoinhas-e-regiao\/","nextItem":{"@type":"ListItem","@id":"https:\/\/newsinfoco.com.br\/inicio\/prefeito-joaquim-neto-deve-modificar-loa-2024-para-incluir-subsidio-municipal-no-transporte-publico-de-alagoinhas\/#listItem","name":"Prefeito Joaquim Neto deve modificar LOA 2024 para incluir subsidio municipal no transporte p\u00fablico de Alagoinhas"},"previousItem":{"@type":"ListItem","@id":"https:\/\/newsinfoco.com.br\/inicio#listItem","name":"In\u00edcio"}},{"@type":"ListItem","@id":"https:\/\/newsinfoco.com.br\/inicio\/prefeito-joaquim-neto-deve-modificar-loa-2024-para-incluir-subsidio-municipal-no-transporte-publico-de-alagoinhas\/#listItem","position":3,"name":"Prefeito Joaquim Neto deve modificar LOA 2024 para incluir subsidio municipal no transporte p\u00fablico de Alagoinhas","previousItem":{"@type":"ListItem","@id":"https:\/\/newsinfoco.com.br\/inicio\/category\/alagoinhas-e-regiao\/#listItem","name":"Alagoinhas e Regi\u00e3o"}}]},{"@type":"Organization","@id":"https:\/\/newsinfoco.com.br\/inicio\/#organization","name":"News In Foco - Editado por Caio Pimenta","description":"O principal site de noticias de Alagoinhas e regi\u00e3o","url":"https:\/\/newsinfoco.com.br\/inicio\/"},{"@type":"Person","@id":"https:\/\/newsinfoco.com.br\/inicio\/author\/administrador\/#author","url":"https:\/\/newsinfoco.com.br\/inicio\/author\/administrador\/","name":"administrador","image":{"@type":"ImageObject","@id":"https:\/\/newsinfoco.com.br\/inicio\/prefeito-joaquim-neto-deve-modificar-loa-2024-para-incluir-subsidio-municipal-no-transporte-publico-de-alagoinhas\/#authorImage","url":"https:\/\/secure.gravatar.com\/avatar\/c17a617433de8c1dc9584bb79aab7563b46f5bb7e1728c9b17d9cc3ce6a08e49?s=96&d=mm&r=g","width":96,"height":96,"caption":"administrador"}},{"@type":"WebPage","@id":"https:\/\/newsinfoco.com.br\/inicio\/prefeito-joaquim-neto-deve-modificar-loa-2024-para-incluir-subsidio-municipal-no-transporte-publico-de-alagoinhas\/#webpage","url":"https:\/\/newsinfoco.com.br\/inicio\/prefeito-joaquim-neto-deve-modificar-loa-2024-para-incluir-subsidio-municipal-no-transporte-publico-de-alagoinhas\/","name":"Prefeito Joaquim Neto deve modificar LOA 2024 para incluir subsidio municipal no transporte p\u00fablico de Alagoinhas - News In Foco - Editado por Caio Pimenta","description":"O prefeito de Alagoinhas, Joaquim Neto(PSD), deve fazer uma altera\u00e7\u00e3o no projeto de Lei Or\u00e7ament\u00e1ria para 2024 enviada \u00e0 C\u00e2mara Municipal no \u00faltimo dia 19. A inten\u00e7\u00e3o \u00e9 incluir a destina\u00e7\u00e3o de recursos para subsidiar o transporte p\u00fablico municipal. O site News Infoco apurou que uma reuni\u00e3o realizada entre alguns integrantes da bancada governista e","inLanguage":"pt-BR","isPartOf":{"@id":"https:\/\/newsinfoco.com.br\/inicio\/#website"},"breadcrumb":{"@id":"https:\/\/newsinfoco.com.br\/inicio\/prefeito-joaquim-neto-deve-modificar-loa-2024-para-incluir-subsidio-municipal-no-transporte-publico-de-alagoinhas\/#breadcrumblist"},"author":{"@id":"https:\/\/newsinfoco.com.br\/inicio\/author\/administrador\/#author"},"creator":{"@id":"https:\/\/newsinfoco.com.br\/inicio\/author\/administrador\/#author"},"image":{"@type":"ImageObject","url":"https:\/\/newsinfoco.com.br\/inicio\/wp-content\/uploads\/2021\/12\/joaquim-neto-03.jpg","@id":"https:\/\/newsinfoco.com.br\/inicio\/prefeito-joaquim-neto-deve-modificar-loa-2024-para-incluir-subsidio-municipal-no-transporte-publico-de-alagoinhas\/#mainImage","width":1002,"height":516},"primaryImageOfPage":{"@id":"https:\/\/newsinfoco.com.br\/inicio\/prefeito-joaquim-neto-deve-modificar-loa-2024-para-incluir-subsidio-municipal-no-transporte-publico-de-alagoinhas\/#mainImage"},"datePublished":"2023-09-28T20:13:53-03:00","dateModified":"2023-09-28T20:13:53-03:00"},{"@type":"WebSite","@id":"https:\/\/newsinfoco.com.br\/inicio\/#website","url":"https:\/\/newsinfoco.com.br\/inicio\/","name":"News In Foco - Editado por Caio Pimenta","description":"O principal site de noticias de Alagoinhas e regi\u00e3o","inLanguage":"pt-BR","publisher":{"@id":"https:\/\/newsinfoco.com.br\/inicio\/#organization"}}]},"og:locale":"pt_BR","og:site_name":"News In Foco - Editado por Caio Pimenta - O principal site de noticias de Alagoinhas e regi\u00e3o","og:type":"article","og:title":"Prefeito Joaquim Neto deve modificar LOA 2024 para incluir subsidio municipal no transporte p\u00fablico de Alagoinhas - News In Foco - Editado por Caio Pimenta","og:description":"O prefeito de Alagoinhas, Joaquim Neto(PSD), deve fazer uma altera\u00e7\u00e3o no projeto de Lei Or\u00e7ament\u00e1ria para 2024 enviada \u00e0 C\u00e2mara Municipal no \u00faltimo dia 19. A inten\u00e7\u00e3o \u00e9 incluir a destina\u00e7\u00e3o de recursos para subsidiar o transporte p\u00fablico municipal. O site News Infoco apurou que uma reuni\u00e3o realizada entre alguns integrantes da bancada governista e","og:url":"https:\/\/newsinfoco.com.br\/inicio\/prefeito-joaquim-neto-deve-modificar-loa-2024-para-incluir-subsidio-municipal-no-transporte-publico-de-alagoinhas\/","article:published_time":"2023-09-28T23:13:53+00:00","article:modified_time":"2023-09-28T23:13:53+00:00","twitter:card":"summary_large_image","twitter:title":"Prefeito Joaquim Neto deve modificar LOA 2024 para incluir subsidio municipal no transporte p\u00fablico de Alagoinhas - News In Foco - Editado por Caio Pimenta","twitter:description":"O prefeito de Alagoinhas, Joaquim Neto(PSD), deve fazer uma altera\u00e7\u00e3o no projeto de Lei Or\u00e7ament\u00e1ria para 2024 enviada \u00e0 C\u00e2mara Municipal no \u00faltimo dia 19. A inten\u00e7\u00e3o \u00e9 incluir a destina\u00e7\u00e3o de recursos para subsidiar o transporte p\u00fablico municipal. O site News Infoco apurou que uma reuni\u00e3o realizada entre alguns integrantes da bancada governista e"},"aioseo_meta_data":{"post_id":"35138","title":null,"description":null,"keywords":[],"keyphrases":{"focus":{"keyphrase":"","score":0,"analysis":{"keyphraseInTitle":{"score":0,"maxScore":9,"error":1}}},"additional":[]},"primary_term":null,"canonical_url":null,"og_title":null,"og_description":null,"og_object_type":"default","og_image_type":"default","og_image_url":null,"og_image_width":null,"og_image_height":null,"og_image_custom_url":null,"og_image_custom_fields":null,"og_video":"","og_custom_url":null,"og_article_section":null,"og_article_tags":[],"twitter_use_og":false,"twitter_card":"default","twitter_image_type":"default","twitter_image_url":null,"twitter_image_custom_url":null,"twitter_image_custom_fields":null,"twitter_title":null,"twitter_description":null,"schema":{"blockGraphs":[],"customGraphs":[],"default":{"data":{"Article":[],"Course":[],"Dataset":[],"FAQPage":[],"Movie":[],"Person":[],"Product":[],"ProductReview":[],"Car":[],"Recipe":[],"Service":[],"SoftwareApplication":[],"WebPage":[]},"graphName":"BlogPosting","isEnabled":true},"graphs":[]},"schema_type":"default","schema_type_options":null,"pillar_content":false,"robots_default":true,"robots_noindex":false,"robots_noarchive":false,"robots_nosnippet":false,"robots_nofollow":false,"robots_noimageindex":false,"robots_noodp":false,"robots_notranslate":false,"robots_max_snippet":"-1","robots_max_videopreview":"-1","robots_max_imagepreview":"large","priority":null,"frequency":"default","local_seo":null,"breadcrumb_settings":null,"limit_modified_date":false,"ai":null,"created":"2023-09-28 23:13:54","updated":"2025-07-11 10:15:51","seo_analyzer_scan_date":null},"aioseo_breadcrumb":"<div class=\"aioseo-breadcrumbs\"><span class=\"aioseo-breadcrumb\">\n\t\t\t<a href=\"https:\/\/newsinfoco.com.br\/inicio\" title=\"In\u00edcio\">In\u00edcio<\/a>\n\t\t<\/span><span class=\"aioseo-breadcrumb-separator\">&raquo;<\/span><span class=\"aioseo-breadcrumb\">\n\t\t\t<a href=\"https:\/\/newsinfoco.com.br\/inicio\/category\/alagoinhas-e-regiao\/\" title=\"Alagoinhas e Regi\u00e3o\">Alagoinhas e Regi\u00e3o<\/a>\n\t\t<\/span><span class=\"aioseo-breadcrumb-separator\">&raquo;<\/span><span class=\"aioseo-breadcrumb\">\n\t\t\tPrefeito Joaquim Neto deve modificar LOA 2024 para incluir subsidio municipal no transporte p\u00fablico de Alagoinhas\n\t\t<\/span><\/div>","aioseo_breadcrumb_json":[{"label":"In\u00edcio","link":"https:\/\/newsinfoco.com.br\/inicio"},{"label":"Alagoinhas e Regi\u00e3o","link":"https:\/\/newsinfoco.com.br\/inicio\/category\/alagoinhas-e-regiao\/"},{"label":"Prefeito Joaquim Neto deve modificar LOA 2024 para incluir subsidio municipal no transporte p\u00fablico de Alagoinhas","link":"https:\/\/newsinfoco.com.br\/inicio\/prefeito-joaquim-neto-deve-modificar-loa-2024-para-incluir-subsidio-municipal-no-transporte-publico-de-alagoinhas\/"}],"_links":{"self":[{"href":"https:\/\/newsinfoco.com.br\/inicio\/wp-json\/wp\/v2\/posts\/35138","targetHints":{"allow":["GET"]}}],"collection":[{"href":"https:\/\/newsinfoco.com.br\/inicio\/wp-json\/wp\/v2\/posts"}],"about":[{"href":"https:\/\/newsinfoco.com.br\/inicio\/wp-json\/wp\/v2\/types\/post"}],"author":[{"embeddable":true,"href":"https:\/\/newsinfoco.com.br\/inicio\/wp-json\/wp\/v2\/users\/1"}],"replies":[{"embeddable":true,"href":"https:\/\/newsinfoco.com.br\/inicio\/wp-json\/wp\/v2\/comments?post=35138"}],"version-history":[{"count":1,"href":"https:\/\/newsinfoco.com.br\/inicio\/wp-json\/wp\/v2\/posts\/35138\/revisions"}],"predecessor-version":[{"id":35139,"href":"https:\/\/newsinfoco.com.br\/inicio\/wp-json\/wp\/v2\/posts\/35138\/revisions\/35139"}],"wp:featuredmedia":[{"embeddable":true,"href":"https:\/\/newsinfoco.com.br\/inicio\/wp-json\/wp\/v2\/media\/28097"}],"wp:attachment":[{"href":"https:\/\/newsinfoco.com.br\/inicio\/wp-json\/wp\/v2\/media?parent=35138"}],"wp:term":[{"taxonomy":"category","embeddable":true,"href":"https:\/\/newsinfoco.com.br\/inicio\/wp-json\/wp\/v2\/categories?post=35138"},{"taxonomy":"post_tag","embeddable":true,"href":"https:\/\/newsinfoco.com.br\/inicio\/wp-json\/wp\/v2\/tags?post=35138"}],"curies":[{"name":"wp","href":"https:\/\/api.w.org\/{rel}","templated":true}]}}