{"id":35148,"date":"2023-10-03T18:31:40","date_gmt":"2023-10-03T21:31:40","guid":{"rendered":"https:\/\/newsinfoco.com.br\/inicio\/?p=35148"},"modified":"2023-10-03T18:31:40","modified_gmt":"2023-10-03T21:31:40","slug":"em-parceria-com-o-governo-federal-sindicato-dos-comerciarios-de-alagoinhas-e-regiao-lanca-projeto-escola-do-trabalhador-4-0","status":"publish","type":"post","link":"https:\/\/newsinfoco.com.br\/inicio\/em-parceria-com-o-governo-federal-sindicato-dos-comerciarios-de-alagoinhas-e-regiao-lanca-projeto-escola-do-trabalhador-4-0\/","title":{"rendered":"Em parceria com o Governo Federal, Sindicato dos Comerci\u00e1rios de Alagoinhas e Regi\u00e3o lan\u00e7a projeto Escola do Trabalhador 4.0"},"content":{"rendered":"<p>O sindicato dos Comerci\u00e1rios de Alagoinhas e Regi\u00e3o se prepara para implantar no munic\u00edpio a <span style=\"font-weight: 400;\">Escola do Trabalhador 4.0. A a\u00e7\u00e3o, que conta com o apoio do Governo Federal, promete fomentar a qualifica\u00e7\u00e3o de m\u00e3o de obra e \u00e0 gera\u00e7\u00e3o de emprego e renda na regi\u00e3o.<\/span><\/p>\n<p><span style=\"font-weight: 400;\">&#8220;Sendo uma for\u00e7a sindical que luta de forma arrojada e engajada pela dignidade da pessoa humana, a Gest\u00e3o Adri\u00e3o Barbosa reinventa-se mais uma vez e, mantendo-se em seu trilhar de luta sociopol\u00edtica, faz do Sindicato dos Comerci\u00e1rios de Alagoinhas e Regi\u00e3o o primeiro sindicado a firmar ades\u00e3o \u00e0 Escola do Trabalhador 4.0, disponibilizando para a toda a Sociedade Alagoinhense e Regi\u00e3o oportunidade de Qualifica\u00e7\u00e3o de M\u00e3o de Obra e Fomento \u00e0 Gera\u00e7\u00e3o de Emprego e Renda.&#8221;, diz a nota do sindicato dos comerci\u00e1rios enviada a este site News Infoco.<\/span><\/p>\n<p><span style=\"font-weight: 400;\">A Escola do Trabalhador 4.0 \u00e9 um projeto que levar\u00e1 qualifica\u00e7\u00e3o profissional aos trabalhadores e trabalhadoras por meio de cursos telepresenciais. O Sicomerci\u00e1rio Alagoinhas e Regi\u00e3o fez um investimento numa sala de inform\u00e1tica proporcionando a estrutura necess\u00e1ria para que os trabalhadores possam qualificar. <\/span><span style=\"font-weight: 400;\">Ser\u00e3o disponibilizados na Escola do Trabalhador 4.0, cursos nas 07 trilhas de conhecimento que vai do letramento digital, espec\u00edfico para quem n\u00e3o sabe nada de inform\u00e1tica, at\u00e9 o dynamics 365, que \u00e9 um dos mais atuais sistemas da Microsoft.<\/span><\/p>\n<p><span style=\"font-weight: 400;\">O<\/span><span style=\"font-weight: 400;\"> Termo de Ades\u00e3o que foi firmado no evento realizado no dia 30\/09\/2023, no audit\u00f3rio do Plaza Hotel, o qual contou com a presen\u00e7a do Secret\u00e1rio Nacional de Qualifica\u00e7\u00e3o e Fomento \u00e0 Gera\u00e7\u00e3o de Emprego e Renda do Minist\u00e9rio do Trabalho e Emprego, Magno Lavigne, a presen\u00e7a do Deputado Federal Bacelar, do Assessor de Gest\u00e3o e Planejamento da Secretaria de Turismo do Estado da Bahia, Jo\u00e3o Henrique Paolilo, do Ex-Deputado, Filadelfo Neto, do Presidente da UGT-BA, Marcelo Carvalho, do Secret\u00e1rio de Desenvolvimento Econ\u00f4mico Municipal, Bruno Fagundes, representando o Prefeito Joaquim Neto e do Secret\u00e1rio de Educa\u00e7\u00e3o do Munic\u00edpio, Gustavo Carmo, al\u00e9m de outras autoridades locais e da Regi\u00e3o que se fizeram presente.\u00a0<\/span><\/p>\n<p><span style=\"font-weight: 400;\">Em uma demonstra\u00e7\u00e3o de for\u00e7a e capilaridade pol\u00edtica, o Presidente do Sindicato dos Comeri\u00e1rios, Adri\u00e3o Barbosa, juntamente com o Grupo Jo\u00e3o Henrique Paolilo e Filadelfo Neto, conseguiram trazer pela primeira \u00e0 Alagoinhas a visita de um Secret\u00e1rio Nacional do Governo Federal, bem como, conseguiu a marca de ser a primeira Entidade Sindical do Pa\u00eds a firmar Contrato de Ades\u00e3o \u00e0 Escola do Trabalhador 4.0 com o Governo Federal.\u00a0<\/span><\/p>\n<p><span style=\"font-weight: 400;\">&#8220;Destaca-se que, Adri\u00e3o Barbosa, mesmo n\u00e3o ocupando nenhum cargo pol\u00edtico, cumpre o seu dever enquanto cidad\u00e3o\/sindicalista, de forma que, mesmo estando fora da pol\u00edtica institucional, trabalha sempre engajado com a comunidade, ou seja, pratica a pol\u00edtica cidad\u00e3 em nome da dignidade da pessoa humana!&#8221;, diz outro trecho da nota do sicomerci\u00e1rio Alagoinhas e regi\u00e3o.<\/span><\/p>\n<p>&nbsp;<\/p>\n<div class='share-to-whatsapp-wrapper'><div class='share-on-whsp'>Share on: <\/div><a data-text='Em parceria com o Governo Federal, Sindicato dos Comerci\u00e1rios de Alagoinhas e Regi\u00e3o lan\u00e7a projeto Escola do Trabalhador 4.0' data-link='https:\/\/newsinfoco.com.br\/inicio\/em-parceria-com-o-governo-federal-sindicato-dos-comerciarios-de-alagoinhas-e-regiao-lanca-projeto-escola-do-trabalhador-4-0\/' class='whatsapp-button whatsapp-share'>WhatsApp<\/a><div class='clear '><\/div><\/div>","protected":false},"excerpt":{"rendered":"<p>O sindicato dos Comerci\u00e1rios de Alagoinhas e Regi\u00e3o se prepara para implantar no munic\u00edpio a Escola do Trabalhador 4.0. A a\u00e7\u00e3o, que conta com o apoio do Governo Federal, promete fomentar a qualifica\u00e7\u00e3o de m\u00e3o de obra e \u00e0 gera\u00e7\u00e3o de emprego e renda na regi\u00e3o. &#8220;Sendo uma for\u00e7a sindical que luta de forma arrojada [&hellip;]<\/p>\n","protected":false},"author":1,"featured_media":35149,"comment_status":"closed","ping_status":"closed","sticky":false,"template":"","format":"standard","meta":{"om_disable_all_campaigns":false,"rop_custom_images_group":[],"rop_custom_messages_group":[],"rop_publish_now":"initial","rop_publish_now_accounts":[],"rop_publish_now_history":[],"rop_publish_now_status":"pending","_exactmetrics_skip_tracking":false,"footnotes":""},"categories":[38,167],"tags":[],"class_list":["post-35148","post","type-post","status-publish","format-standard","has-post-thumbnail","hentry","category-alagoinhas-e-regiao","category-exclusivas"],"aioseo_notices":[],"aioseo_head":"\n\t\t<!-- All in One SEO 4.9.10 - aioseo.com -->\n\t<meta name=\"description\" content=\"O sindicato dos Comerci\u00e1rios de Alagoinhas e Regi\u00e3o se prepara para implantar no munic\u00edpio a Escola do Trabalhador 4.0. A a\u00e7\u00e3o, que conta com o apoio do Governo Federal, promete fomentar a qualifica\u00e7\u00e3o de m\u00e3o de obra e \u00e0 gera\u00e7\u00e3o de emprego e renda na regi\u00e3o. &quot;Sendo uma for\u00e7a sindical que luta de forma arrojada\" \/>\n\t<meta name=\"robots\" content=\"max-image-preview:large\" \/>\n\t<meta name=\"author\" content=\"administrador\"\/>\n\t<link rel=\"canonical\" href=\"https:\/\/newsinfoco.com.br\/inicio\/em-parceria-com-o-governo-federal-sindicato-dos-comerciarios-de-alagoinhas-e-regiao-lanca-projeto-escola-do-trabalhador-4-0\/\" \/>\n\t<meta name=\"generator\" content=\"All in One SEO (AIOSEO) 4.9.10\" \/>\n\t\t<meta property=\"og:locale\" content=\"pt_BR\" \/>\n\t\t<meta property=\"og:site_name\" content=\"News In Foco - Editado por Caio Pimenta - O principal site de noticias de Alagoinhas e regi\u00e3o\" \/>\n\t\t<meta property=\"og:type\" content=\"article\" \/>\n\t\t<meta property=\"og:title\" content=\"Em parceria com o Governo Federal, Sindicato dos Comerci\u00e1rios de Alagoinhas e Regi\u00e3o lan\u00e7a projeto Escola do Trabalhador 4.0 - News In Foco - Editado por Caio Pimenta\" \/>\n\t\t<meta property=\"og:description\" content=\"O sindicato dos Comerci\u00e1rios de Alagoinhas e Regi\u00e3o se prepara para implantar no munic\u00edpio a Escola do Trabalhador 4.0. A a\u00e7\u00e3o, que conta com o apoio do Governo Federal, promete fomentar a qualifica\u00e7\u00e3o de m\u00e3o de obra e \u00e0 gera\u00e7\u00e3o de emprego e renda na regi\u00e3o. &quot;Sendo uma for\u00e7a sindical que luta de forma arrojada\" \/>\n\t\t<meta property=\"og:url\" content=\"https:\/\/newsinfoco.com.br\/inicio\/em-parceria-com-o-governo-federal-sindicato-dos-comerciarios-de-alagoinhas-e-regiao-lanca-projeto-escola-do-trabalhador-4-0\/\" \/>\n\t\t<meta property=\"article:published_time\" content=\"2023-10-03T21:31:40+00:00\" \/>\n\t\t<meta property=\"article:modified_time\" content=\"2023-10-03T21:31:40+00:00\" \/>\n\t\t<meta name=\"twitter:card\" content=\"summary_large_image\" \/>\n\t\t<meta name=\"twitter:title\" content=\"Em parceria com o Governo Federal, Sindicato dos Comerci\u00e1rios de Alagoinhas e Regi\u00e3o lan\u00e7a projeto Escola do Trabalhador 4.0 - News In Foco - Editado por Caio Pimenta\" \/>\n\t\t<meta name=\"twitter:description\" content=\"O sindicato dos Comerci\u00e1rios de Alagoinhas e Regi\u00e3o se prepara para implantar no munic\u00edpio a Escola do Trabalhador 4.0. A a\u00e7\u00e3o, que conta com o apoio do Governo Federal, promete fomentar a qualifica\u00e7\u00e3o de m\u00e3o de obra e \u00e0 gera\u00e7\u00e3o de emprego e renda na regi\u00e3o. &quot;Sendo uma for\u00e7a sindical que luta de forma arrojada\" \/>\n\t\t<script type=\"application\/ld+json\" class=\"aioseo-schema\">\n\t\t\t{\"@context\":\"https:\\\/\\\/schema.org\",\"@graph\":[{\"@type\":\"BlogPosting\",\"@id\":\"https:\\\/\\\/newsinfoco.com.br\\\/inicio\\\/em-parceria-com-o-governo-federal-sindicato-dos-comerciarios-de-alagoinhas-e-regiao-lanca-projeto-escola-do-trabalhador-4-0\\\/#blogposting\",\"name\":\"Em parceria com o Governo Federal, Sindicato dos Comerci\\u00e1rios de Alagoinhas e Regi\\u00e3o lan\\u00e7a projeto Escola do Trabalhador 4.0 - News In Foco - Editado por Caio Pimenta\",\"headline\":\"Em parceria com o Governo Federal, Sindicato dos Comerci\\u00e1rios de Alagoinhas e Regi\\u00e3o lan\\u00e7a projeto Escola do Trabalhador 4.0\",\"author\":{\"@id\":\"https:\\\/\\\/newsinfoco.com.br\\\/inicio\\\/author\\\/administrador\\\/#author\"},\"publisher\":{\"@id\":\"https:\\\/\\\/newsinfoco.com.br\\\/inicio\\\/#organization\"},\"image\":{\"@type\":\"ImageObject\",\"url\":\"https:\\\/\\\/newsinfoco.com.br\\\/inicio\\\/wp-content\\\/uploads\\\/2023\\\/10\\\/IMG-20231003-WA0174.jpg\",\"width\":1024,\"height\":683},\"datePublished\":\"2023-10-03T18:31:40-03:00\",\"dateModified\":\"2023-10-03T18:31:40-03:00\",\"inLanguage\":\"pt-BR\",\"mainEntityOfPage\":{\"@id\":\"https:\\\/\\\/newsinfoco.com.br\\\/inicio\\\/em-parceria-com-o-governo-federal-sindicato-dos-comerciarios-de-alagoinhas-e-regiao-lanca-projeto-escola-do-trabalhador-4-0\\\/#webpage\"},\"isPartOf\":{\"@id\":\"https:\\\/\\\/newsinfoco.com.br\\\/inicio\\\/em-parceria-com-o-governo-federal-sindicato-dos-comerciarios-de-alagoinhas-e-regiao-lanca-projeto-escola-do-trabalhador-4-0\\\/#webpage\"},\"articleSection\":\"Alagoinhas e Regi\\u00e3o, Manchete\"},{\"@type\":\"BreadcrumbList\",\"@id\":\"https:\\\/\\\/newsinfoco.com.br\\\/inicio\\\/em-parceria-com-o-governo-federal-sindicato-dos-comerciarios-de-alagoinhas-e-regiao-lanca-projeto-escola-do-trabalhador-4-0\\\/#breadcrumblist\",\"itemListElement\":[{\"@type\":\"ListItem\",\"@id\":\"https:\\\/\\\/newsinfoco.com.br\\\/inicio#listItem\",\"position\":1,\"name\":\"In\\u00edcio\",\"item\":\"https:\\\/\\\/newsinfoco.com.br\\\/inicio\",\"nextItem\":{\"@type\":\"ListItem\",\"@id\":\"https:\\\/\\\/newsinfoco.com.br\\\/inicio\\\/category\\\/alagoinhas-e-regiao\\\/#listItem\",\"name\":\"Alagoinhas e Regi\\u00e3o\"}},{\"@type\":\"ListItem\",\"@id\":\"https:\\\/\\\/newsinfoco.com.br\\\/inicio\\\/category\\\/alagoinhas-e-regiao\\\/#listItem\",\"position\":2,\"name\":\"Alagoinhas e Regi\\u00e3o\",\"item\":\"https:\\\/\\\/newsinfoco.com.br\\\/inicio\\\/category\\\/alagoinhas-e-regiao\\\/\",\"nextItem\":{\"@type\":\"ListItem\",\"@id\":\"https:\\\/\\\/newsinfoco.com.br\\\/inicio\\\/em-parceria-com-o-governo-federal-sindicato-dos-comerciarios-de-alagoinhas-e-regiao-lanca-projeto-escola-do-trabalhador-4-0\\\/#listItem\",\"name\":\"Em parceria com o Governo Federal, Sindicato dos Comerci\\u00e1rios de Alagoinhas e Regi\\u00e3o lan\\u00e7a projeto Escola do Trabalhador 4.0\"},\"previousItem\":{\"@type\":\"ListItem\",\"@id\":\"https:\\\/\\\/newsinfoco.com.br\\\/inicio#listItem\",\"name\":\"In\\u00edcio\"}},{\"@type\":\"ListItem\",\"@id\":\"https:\\\/\\\/newsinfoco.com.br\\\/inicio\\\/em-parceria-com-o-governo-federal-sindicato-dos-comerciarios-de-alagoinhas-e-regiao-lanca-projeto-escola-do-trabalhador-4-0\\\/#listItem\",\"position\":3,\"name\":\"Em parceria com o Governo Federal, Sindicato dos Comerci\\u00e1rios de Alagoinhas e Regi\\u00e3o lan\\u00e7a projeto Escola do Trabalhador 4.0\",\"previousItem\":{\"@type\":\"ListItem\",\"@id\":\"https:\\\/\\\/newsinfoco.com.br\\\/inicio\\\/category\\\/alagoinhas-e-regiao\\\/#listItem\",\"name\":\"Alagoinhas e Regi\\u00e3o\"}}]},{\"@type\":\"Organization\",\"@id\":\"https:\\\/\\\/newsinfoco.com.br\\\/inicio\\\/#organization\",\"name\":\"News In Foco - Editado por Caio Pimenta\",\"description\":\"O principal site de noticias de Alagoinhas e regi\\u00e3o\",\"url\":\"https:\\\/\\\/newsinfoco.com.br\\\/inicio\\\/\"},{\"@type\":\"Person\",\"@id\":\"https:\\\/\\\/newsinfoco.com.br\\\/inicio\\\/author\\\/administrador\\\/#author\",\"url\":\"https:\\\/\\\/newsinfoco.com.br\\\/inicio\\\/author\\\/administrador\\\/\",\"name\":\"administrador\",\"image\":{\"@type\":\"ImageObject\",\"@id\":\"https:\\\/\\\/newsinfoco.com.br\\\/inicio\\\/em-parceria-com-o-governo-federal-sindicato-dos-comerciarios-de-alagoinhas-e-regiao-lanca-projeto-escola-do-trabalhador-4-0\\\/#authorImage\",\"url\":\"https:\\\/\\\/secure.gravatar.com\\\/avatar\\\/c17a617433de8c1dc9584bb79aab7563b46f5bb7e1728c9b17d9cc3ce6a08e49?s=96&d=mm&r=g\",\"width\":96,\"height\":96,\"caption\":\"administrador\"}},{\"@type\":\"WebPage\",\"@id\":\"https:\\\/\\\/newsinfoco.com.br\\\/inicio\\\/em-parceria-com-o-governo-federal-sindicato-dos-comerciarios-de-alagoinhas-e-regiao-lanca-projeto-escola-do-trabalhador-4-0\\\/#webpage\",\"url\":\"https:\\\/\\\/newsinfoco.com.br\\\/inicio\\\/em-parceria-com-o-governo-federal-sindicato-dos-comerciarios-de-alagoinhas-e-regiao-lanca-projeto-escola-do-trabalhador-4-0\\\/\",\"name\":\"Em parceria com o Governo Federal, Sindicato dos Comerci\\u00e1rios de Alagoinhas e Regi\\u00e3o lan\\u00e7a projeto Escola do Trabalhador 4.0 - News In Foco - Editado por Caio Pimenta\",\"description\":\"O sindicato dos Comerci\\u00e1rios de Alagoinhas e Regi\\u00e3o se prepara para implantar no munic\\u00edpio a Escola do Trabalhador 4.0. A a\\u00e7\\u00e3o, que conta com o apoio do Governo Federal, promete fomentar a qualifica\\u00e7\\u00e3o de m\\u00e3o de obra e \\u00e0 gera\\u00e7\\u00e3o de emprego e renda na regi\\u00e3o. \\\"Sendo uma for\\u00e7a sindical que luta de forma arrojada\",\"inLanguage\":\"pt-BR\",\"isPartOf\":{\"@id\":\"https:\\\/\\\/newsinfoco.com.br\\\/inicio\\\/#website\"},\"breadcrumb\":{\"@id\":\"https:\\\/\\\/newsinfoco.com.br\\\/inicio\\\/em-parceria-com-o-governo-federal-sindicato-dos-comerciarios-de-alagoinhas-e-regiao-lanca-projeto-escola-do-trabalhador-4-0\\\/#breadcrumblist\"},\"author\":{\"@id\":\"https:\\\/\\\/newsinfoco.com.br\\\/inicio\\\/author\\\/administrador\\\/#author\"},\"creator\":{\"@id\":\"https:\\\/\\\/newsinfoco.com.br\\\/inicio\\\/author\\\/administrador\\\/#author\"},\"image\":{\"@type\":\"ImageObject\",\"url\":\"https:\\\/\\\/newsinfoco.com.br\\\/inicio\\\/wp-content\\\/uploads\\\/2023\\\/10\\\/IMG-20231003-WA0174.jpg\",\"@id\":\"https:\\\/\\\/newsinfoco.com.br\\\/inicio\\\/em-parceria-com-o-governo-federal-sindicato-dos-comerciarios-de-alagoinhas-e-regiao-lanca-projeto-escola-do-trabalhador-4-0\\\/#mainImage\",\"width\":1024,\"height\":683},\"primaryImageOfPage\":{\"@id\":\"https:\\\/\\\/newsinfoco.com.br\\\/inicio\\\/em-parceria-com-o-governo-federal-sindicato-dos-comerciarios-de-alagoinhas-e-regiao-lanca-projeto-escola-do-trabalhador-4-0\\\/#mainImage\"},\"datePublished\":\"2023-10-03T18:31:40-03:00\",\"dateModified\":\"2023-10-03T18:31:40-03:00\"},{\"@type\":\"WebSite\",\"@id\":\"https:\\\/\\\/newsinfoco.com.br\\\/inicio\\\/#website\",\"url\":\"https:\\\/\\\/newsinfoco.com.br\\\/inicio\\\/\",\"name\":\"News In Foco - Editado por Caio Pimenta\",\"description\":\"O principal site de noticias de Alagoinhas e regi\\u00e3o\",\"inLanguage\":\"pt-BR\",\"publisher\":{\"@id\":\"https:\\\/\\\/newsinfoco.com.br\\\/inicio\\\/#organization\"}}]}\n\t\t<\/script>\n\t\t<!-- All in One SEO -->\n\n","aioseo_head_json":{"title":"Em parceria com o Governo Federal, Sindicato dos Comerci\u00e1rios de Alagoinhas e Regi\u00e3o lan\u00e7a projeto Escola do Trabalhador 4.0 - News In Foco - Editado por Caio Pimenta","description":"O sindicato dos Comerci\u00e1rios de Alagoinhas e Regi\u00e3o se prepara para implantar no munic\u00edpio a Escola do Trabalhador 4.0. A a\u00e7\u00e3o, que conta com o apoio do Governo Federal, promete fomentar a qualifica\u00e7\u00e3o de m\u00e3o de obra e \u00e0 gera\u00e7\u00e3o de emprego e renda na regi\u00e3o. \"Sendo uma for\u00e7a sindical que luta de forma arrojada","canonical_url":"https:\/\/newsinfoco.com.br\/inicio\/em-parceria-com-o-governo-federal-sindicato-dos-comerciarios-de-alagoinhas-e-regiao-lanca-projeto-escola-do-trabalhador-4-0\/","robots":"max-image-preview:large","keywords":"","webmasterTools":{"miscellaneous":""},"schema":{"@context":"https:\/\/schema.org","@graph":[{"@type":"BlogPosting","@id":"https:\/\/newsinfoco.com.br\/inicio\/em-parceria-com-o-governo-federal-sindicato-dos-comerciarios-de-alagoinhas-e-regiao-lanca-projeto-escola-do-trabalhador-4-0\/#blogposting","name":"Em parceria com o Governo Federal, Sindicato dos Comerci\u00e1rios de Alagoinhas e Regi\u00e3o lan\u00e7a projeto Escola do Trabalhador 4.0 - News In Foco - Editado por Caio Pimenta","headline":"Em parceria com o Governo Federal, Sindicato dos Comerci\u00e1rios de Alagoinhas e Regi\u00e3o lan\u00e7a projeto Escola do Trabalhador 4.0","author":{"@id":"https:\/\/newsinfoco.com.br\/inicio\/author\/administrador\/#author"},"publisher":{"@id":"https:\/\/newsinfoco.com.br\/inicio\/#organization"},"image":{"@type":"ImageObject","url":"https:\/\/newsinfoco.com.br\/inicio\/wp-content\/uploads\/2023\/10\/IMG-20231003-WA0174.jpg","width":1024,"height":683},"datePublished":"2023-10-03T18:31:40-03:00","dateModified":"2023-10-03T18:31:40-03:00","inLanguage":"pt-BR","mainEntityOfPage":{"@id":"https:\/\/newsinfoco.com.br\/inicio\/em-parceria-com-o-governo-federal-sindicato-dos-comerciarios-de-alagoinhas-e-regiao-lanca-projeto-escola-do-trabalhador-4-0\/#webpage"},"isPartOf":{"@id":"https:\/\/newsinfoco.com.br\/inicio\/em-parceria-com-o-governo-federal-sindicato-dos-comerciarios-de-alagoinhas-e-regiao-lanca-projeto-escola-do-trabalhador-4-0\/#webpage"},"articleSection":"Alagoinhas e Regi\u00e3o, Manchete"},{"@type":"BreadcrumbList","@id":"https:\/\/newsinfoco.com.br\/inicio\/em-parceria-com-o-governo-federal-sindicato-dos-comerciarios-de-alagoinhas-e-regiao-lanca-projeto-escola-do-trabalhador-4-0\/#breadcrumblist","itemListElement":[{"@type":"ListItem","@id":"https:\/\/newsinfoco.com.br\/inicio#listItem","position":1,"name":"In\u00edcio","item":"https:\/\/newsinfoco.com.br\/inicio","nextItem":{"@type":"ListItem","@id":"https:\/\/newsinfoco.com.br\/inicio\/category\/alagoinhas-e-regiao\/#listItem","name":"Alagoinhas e Regi\u00e3o"}},{"@type":"ListItem","@id":"https:\/\/newsinfoco.com.br\/inicio\/category\/alagoinhas-e-regiao\/#listItem","position":2,"name":"Alagoinhas e Regi\u00e3o","item":"https:\/\/newsinfoco.com.br\/inicio\/category\/alagoinhas-e-regiao\/","nextItem":{"@type":"ListItem","@id":"https:\/\/newsinfoco.com.br\/inicio\/em-parceria-com-o-governo-federal-sindicato-dos-comerciarios-de-alagoinhas-e-regiao-lanca-projeto-escola-do-trabalhador-4-0\/#listItem","name":"Em parceria com o Governo Federal, Sindicato dos Comerci\u00e1rios de Alagoinhas e Regi\u00e3o lan\u00e7a projeto Escola do Trabalhador 4.0"},"previousItem":{"@type":"ListItem","@id":"https:\/\/newsinfoco.com.br\/inicio#listItem","name":"In\u00edcio"}},{"@type":"ListItem","@id":"https:\/\/newsinfoco.com.br\/inicio\/em-parceria-com-o-governo-federal-sindicato-dos-comerciarios-de-alagoinhas-e-regiao-lanca-projeto-escola-do-trabalhador-4-0\/#listItem","position":3,"name":"Em parceria com o Governo Federal, Sindicato dos Comerci\u00e1rios de Alagoinhas e Regi\u00e3o lan\u00e7a projeto Escola do Trabalhador 4.0","previousItem":{"@type":"ListItem","@id":"https:\/\/newsinfoco.com.br\/inicio\/category\/alagoinhas-e-regiao\/#listItem","name":"Alagoinhas e Regi\u00e3o"}}]},{"@type":"Organization","@id":"https:\/\/newsinfoco.com.br\/inicio\/#organization","name":"News In Foco - Editado por Caio Pimenta","description":"O principal site de noticias de Alagoinhas e regi\u00e3o","url":"https:\/\/newsinfoco.com.br\/inicio\/"},{"@type":"Person","@id":"https:\/\/newsinfoco.com.br\/inicio\/author\/administrador\/#author","url":"https:\/\/newsinfoco.com.br\/inicio\/author\/administrador\/","name":"administrador","image":{"@type":"ImageObject","@id":"https:\/\/newsinfoco.com.br\/inicio\/em-parceria-com-o-governo-federal-sindicato-dos-comerciarios-de-alagoinhas-e-regiao-lanca-projeto-escola-do-trabalhador-4-0\/#authorImage","url":"https:\/\/secure.gravatar.com\/avatar\/c17a617433de8c1dc9584bb79aab7563b46f5bb7e1728c9b17d9cc3ce6a08e49?s=96&d=mm&r=g","width":96,"height":96,"caption":"administrador"}},{"@type":"WebPage","@id":"https:\/\/newsinfoco.com.br\/inicio\/em-parceria-com-o-governo-federal-sindicato-dos-comerciarios-de-alagoinhas-e-regiao-lanca-projeto-escola-do-trabalhador-4-0\/#webpage","url":"https:\/\/newsinfoco.com.br\/inicio\/em-parceria-com-o-governo-federal-sindicato-dos-comerciarios-de-alagoinhas-e-regiao-lanca-projeto-escola-do-trabalhador-4-0\/","name":"Em parceria com o Governo Federal, Sindicato dos Comerci\u00e1rios de Alagoinhas e Regi\u00e3o lan\u00e7a projeto Escola do Trabalhador 4.0 - News In Foco - Editado por Caio Pimenta","description":"O sindicato dos Comerci\u00e1rios de Alagoinhas e Regi\u00e3o se prepara para implantar no munic\u00edpio a Escola do Trabalhador 4.0. A a\u00e7\u00e3o, que conta com o apoio do Governo Federal, promete fomentar a qualifica\u00e7\u00e3o de m\u00e3o de obra e \u00e0 gera\u00e7\u00e3o de emprego e renda na regi\u00e3o. \"Sendo uma for\u00e7a sindical que luta de forma arrojada","inLanguage":"pt-BR","isPartOf":{"@id":"https:\/\/newsinfoco.com.br\/inicio\/#website"},"breadcrumb":{"@id":"https:\/\/newsinfoco.com.br\/inicio\/em-parceria-com-o-governo-federal-sindicato-dos-comerciarios-de-alagoinhas-e-regiao-lanca-projeto-escola-do-trabalhador-4-0\/#breadcrumblist"},"author":{"@id":"https:\/\/newsinfoco.com.br\/inicio\/author\/administrador\/#author"},"creator":{"@id":"https:\/\/newsinfoco.com.br\/inicio\/author\/administrador\/#author"},"image":{"@type":"ImageObject","url":"https:\/\/newsinfoco.com.br\/inicio\/wp-content\/uploads\/2023\/10\/IMG-20231003-WA0174.jpg","@id":"https:\/\/newsinfoco.com.br\/inicio\/em-parceria-com-o-governo-federal-sindicato-dos-comerciarios-de-alagoinhas-e-regiao-lanca-projeto-escola-do-trabalhador-4-0\/#mainImage","width":1024,"height":683},"primaryImageOfPage":{"@id":"https:\/\/newsinfoco.com.br\/inicio\/em-parceria-com-o-governo-federal-sindicato-dos-comerciarios-de-alagoinhas-e-regiao-lanca-projeto-escola-do-trabalhador-4-0\/#mainImage"},"datePublished":"2023-10-03T18:31:40-03:00","dateModified":"2023-10-03T18:31:40-03:00"},{"@type":"WebSite","@id":"https:\/\/newsinfoco.com.br\/inicio\/#website","url":"https:\/\/newsinfoco.com.br\/inicio\/","name":"News In Foco - Editado por Caio Pimenta","description":"O principal site de noticias de Alagoinhas e regi\u00e3o","inLanguage":"pt-BR","publisher":{"@id":"https:\/\/newsinfoco.com.br\/inicio\/#organization"}}]},"og:locale":"pt_BR","og:site_name":"News In Foco - Editado por Caio Pimenta - O principal site de noticias de Alagoinhas e regi\u00e3o","og:type":"article","og:title":"Em parceria com o Governo Federal, Sindicato dos Comerci\u00e1rios de Alagoinhas e Regi\u00e3o lan\u00e7a projeto Escola do Trabalhador 4.0 - News In Foco - Editado por Caio Pimenta","og:description":"O sindicato dos Comerci\u00e1rios de Alagoinhas e Regi\u00e3o se prepara para implantar no munic\u00edpio a Escola do Trabalhador 4.0. A a\u00e7\u00e3o, que conta com o apoio do Governo Federal, promete fomentar a qualifica\u00e7\u00e3o de m\u00e3o de obra e \u00e0 gera\u00e7\u00e3o de emprego e renda na regi\u00e3o. &quot;Sendo uma for\u00e7a sindical que luta de forma arrojada","og:url":"https:\/\/newsinfoco.com.br\/inicio\/em-parceria-com-o-governo-federal-sindicato-dos-comerciarios-de-alagoinhas-e-regiao-lanca-projeto-escola-do-trabalhador-4-0\/","article:published_time":"2023-10-03T21:31:40+00:00","article:modified_time":"2023-10-03T21:31:40+00:00","twitter:card":"summary_large_image","twitter:title":"Em parceria com o Governo Federal, Sindicato dos Comerci\u00e1rios de Alagoinhas e Regi\u00e3o lan\u00e7a projeto Escola do Trabalhador 4.0 - News In Foco - Editado por Caio Pimenta","twitter:description":"O sindicato dos Comerci\u00e1rios de Alagoinhas e Regi\u00e3o se prepara para implantar no munic\u00edpio a Escola do Trabalhador 4.0. A a\u00e7\u00e3o, que conta com o apoio do Governo Federal, promete fomentar a qualifica\u00e7\u00e3o de m\u00e3o de obra e \u00e0 gera\u00e7\u00e3o de emprego e renda na regi\u00e3o. &quot;Sendo uma for\u00e7a sindical que luta de forma arrojada"},"aioseo_meta_data":{"post_id":"35148","title":null,"description":null,"keywords":[],"keyphrases":{"focus":{"keyphrase":"","score":0,"analysis":{"keyphraseInTitle":{"score":0,"maxScore":9,"error":1}}},"additional":[]},"primary_term":null,"canonical_url":null,"og_title":null,"og_description":null,"og_object_type":"default","og_image_type":"default","og_image_url":null,"og_image_width":null,"og_image_height":null,"og_image_custom_url":null,"og_image_custom_fields":null,"og_video":"","og_custom_url":null,"og_article_section":null,"og_article_tags":[],"twitter_use_og":false,"twitter_card":"default","twitter_image_type":"default","twitter_image_url":null,"twitter_image_custom_url":null,"twitter_image_custom_fields":null,"twitter_title":null,"twitter_description":null,"schema":{"blockGraphs":[],"customGraphs":[],"default":{"data":{"Article":[],"Course":[],"Dataset":[],"FAQPage":[],"Movie":[],"Person":[],"Product":[],"ProductReview":[],"Car":[],"Recipe":[],"Service":[],"SoftwareApplication":[],"WebPage":[]},"graphName":"BlogPosting","isEnabled":true},"graphs":[]},"schema_type":"default","schema_type_options":null,"pillar_content":false,"robots_default":true,"robots_noindex":false,"robots_noarchive":false,"robots_nosnippet":false,"robots_nofollow":false,"robots_noimageindex":false,"robots_noodp":false,"robots_notranslate":false,"robots_max_snippet":"-1","robots_max_videopreview":"-1","robots_max_imagepreview":"large","priority":null,"frequency":"default","local_seo":null,"breadcrumb_settings":null,"limit_modified_date":false,"ai":null,"created":"2023-10-03 21:31:41","updated":"2025-07-11 10:17:04","seo_analyzer_scan_date":null},"aioseo_breadcrumb":"<div class=\"aioseo-breadcrumbs\"><span class=\"aioseo-breadcrumb\">\n\t\t\t<a href=\"https:\/\/newsinfoco.com.br\/inicio\" title=\"In\u00edcio\">In\u00edcio<\/a>\n\t\t<\/span><span class=\"aioseo-breadcrumb-separator\">&raquo;<\/span><span class=\"aioseo-breadcrumb\">\n\t\t\t<a href=\"https:\/\/newsinfoco.com.br\/inicio\/category\/alagoinhas-e-regiao\/\" title=\"Alagoinhas e Regi\u00e3o\">Alagoinhas e Regi\u00e3o<\/a>\n\t\t<\/span><span class=\"aioseo-breadcrumb-separator\">&raquo;<\/span><span class=\"aioseo-breadcrumb\">\n\t\t\tEm parceria com o Governo Federal, Sindicato dos Comerci\u00e1rios de Alagoinhas e Regi\u00e3o lan\u00e7a projeto Escola do Trabalhador 4.0\n\t\t<\/span><\/div>","aioseo_breadcrumb_json":[{"label":"In\u00edcio","link":"https:\/\/newsinfoco.com.br\/inicio"},{"label":"Alagoinhas e Regi\u00e3o","link":"https:\/\/newsinfoco.com.br\/inicio\/category\/alagoinhas-e-regiao\/"},{"label":"Em parceria com o Governo Federal, Sindicato dos Comerci\u00e1rios de Alagoinhas e Regi\u00e3o lan\u00e7a projeto Escola do Trabalhador 4.0","link":"https:\/\/newsinfoco.com.br\/inicio\/em-parceria-com-o-governo-federal-sindicato-dos-comerciarios-de-alagoinhas-e-regiao-lanca-projeto-escola-do-trabalhador-4-0\/"}],"_links":{"self":[{"href":"https:\/\/newsinfoco.com.br\/inicio\/wp-json\/wp\/v2\/posts\/35148","targetHints":{"allow":["GET"]}}],"collection":[{"href":"https:\/\/newsinfoco.com.br\/inicio\/wp-json\/wp\/v2\/posts"}],"about":[{"href":"https:\/\/newsinfoco.com.br\/inicio\/wp-json\/wp\/v2\/types\/post"}],"author":[{"embeddable":true,"href":"https:\/\/newsinfoco.com.br\/inicio\/wp-json\/wp\/v2\/users\/1"}],"replies":[{"embeddable":true,"href":"https:\/\/newsinfoco.com.br\/inicio\/wp-json\/wp\/v2\/comments?post=35148"}],"version-history":[{"count":1,"href":"https:\/\/newsinfoco.com.br\/inicio\/wp-json\/wp\/v2\/posts\/35148\/revisions"}],"predecessor-version":[{"id":35150,"href":"https:\/\/newsinfoco.com.br\/inicio\/wp-json\/wp\/v2\/posts\/35148\/revisions\/35150"}],"wp:featuredmedia":[{"embeddable":true,"href":"https:\/\/newsinfoco.com.br\/inicio\/wp-json\/wp\/v2\/media\/35149"}],"wp:attachment":[{"href":"https:\/\/newsinfoco.com.br\/inicio\/wp-json\/wp\/v2\/media?parent=35148"}],"wp:term":[{"taxonomy":"category","embeddable":true,"href":"https:\/\/newsinfoco.com.br\/inicio\/wp-json\/wp\/v2\/categories?post=35148"},{"taxonomy":"post_tag","embeddable":true,"href":"https:\/\/newsinfoco.com.br\/inicio\/wp-json\/wp\/v2\/tags?post=35148"}],"curies":[{"name":"wp","href":"https:\/\/api.w.org\/{rel}","templated":true}]}}