{"id":35161,"date":"2023-10-05T17:39:37","date_gmt":"2023-10-05T20:39:37","guid":{"rendered":"https:\/\/newsinfoco.com.br\/inicio\/?p=35161"},"modified":"2023-10-05T17:39:37","modified_gmt":"2023-10-05T20:39:37","slug":"senado-autoriza-governo-federal-a-nao-cumprir-o-piso-da-saude","status":"publish","type":"post","link":"https:\/\/newsinfoco.com.br\/inicio\/senado-autoriza-governo-federal-a-nao-cumprir-o-piso-da-saude\/","title":{"rendered":"Senado autoriza governo federal a n\u00e3o cumprir o piso da sa\u00fade"},"content":{"rendered":"<div id=\"chunk-2vjb6\">\n<div class=\"mc-column content-text active-extra-styles active-capital-letter\" data-block-type=\"unstyled\" data-block-weight=\"46\" data-block-id=\"3\">\n<p class=\" content-text__container theme-color-primary-first-letter\" data-track-category=\"Link no Texto\">O\u00a0Senado Federal\u00a0aprovou, nesta quarta-feira (4), um projeto de lei que permite que o governo Lula n\u00e3o cumpra a exig\u00eancia de pagar o piso da sa\u00fade para 2023. Foram 63 votos a favor e apenas dois contr\u00e1rios. A proposta segue para san\u00e7\u00e3o do presidente.<\/p>\n<\/div>\n<\/div>\n<div class=\"wall protected-content\">\n<div class=\"mc-column content-text active-extra-styles \" data-block-type=\"unstyled\" data-block-weight=\"36\" data-block-id=\"4\">\n<p class=\" content-text__container \" data-track-category=\"Link no Texto\" data-track-links=\"\">O dispositivo estava inserido em um projeto de lei que autoriza a compensa\u00e7\u00e3o de receita a estados e munic\u00edpios em decorr\u00eancia da redu\u00e7\u00e3o do ICMS sobre os combust\u00edveis, que vigorou entre junho e dezembro de 2022.<\/p>\n<\/div>\n<div class=\"mc-column content-text active-extra-styles \" data-block-type=\"unstyled\" data-block-weight=\"41\" data-block-id=\"5\">\n<p class=\" content-text__container \" data-track-category=\"Link no Texto\" data-track-links=\"\">A possibilidade de revoga\u00e7\u00e3o do teto da sa\u00fade foi inserido pelo deputado Zeca Dirceu (PT-PR), ainda quando o projeto tramitava na\u00a0C\u00e2mara dos Deputados. A proposta n\u00e3o estava prevista na pauta desta quarta pelo Senado, mas foi aprovada como pauta extra.<\/p>\n<\/div>\n<div id=\"chunk-au1d9\">\n<div class=\"mc-column content-text active-extra-styles \" data-block-type=\"unstyled\" data-block-weight=\"37\" data-block-id=\"6\">\n<p class=\" content-text__container \" data-track-category=\"Link no Texto\">Com a possibilidade de n\u00e3o se cumprir o piso da sa\u00fade, o texto retirou a obrigatoriedade de destinar 15% da receita corrente l\u00edquida (RCL) para a sa\u00fade.\u00a0<span class=\"highlight highlighted\">Para a sa\u00fade, seria preciso desembolsar mais R$ 20 bilh\u00f5es.<\/span><\/p>\n<div class=\"mc-column content-text active-extra-styles \" data-block-type=\"unstyled\" data-block-weight=\"37\" data-block-id=\"9\">\n<p class=\" content-text__container \" data-track-category=\"Link no Texto\" data-track-links=\"\">A senadora Tereza Cristina (PP-MS) protocolou um destaque ao projeto &#8212; para vota\u00e7\u00e3o posterior &#8211;, com objetivo de retirar o artigo que previa o governo descumprir o teto, mas acabou sendo vencida durante a vota\u00e7\u00e3o no plen\u00e1rio.<\/p>\n<p class=\" content-text__container \" data-track-category=\"Link no Texto\" data-track-links=\"\">&#8220;A exclus\u00e3o desse artigo \u00e9 uma medida crucial para assegurar que as pol\u00edticas governamentais estejam alinhadas com os princ\u00edpios e compromissos legais estabelecidos pelo Congresso, promovendo a transpar\u00eancia, a credibilidade e a sustentabilidade das finan\u00e7as p\u00fablicas&#8221;, afirmou a senadora.<\/p>\n<\/div>\n<div class=\"mc-column content-text active-extra-styles \" data-block-type=\"unstyled\" data-block-weight=\"47\" data-block-id=\"11\">\n<p class=\" content-text__container \" data-track-category=\"Link no Texto\" data-track-links=\"\">Dentre os votos contr\u00e1rios ao projeto, apenas os senadores Eduardo Gir\u00e3o (Novo-CE) e Carlos Portinho (PL-RJ) se negaram a aprovar a proposta que prev\u00ea o descumprimento do teto. Outros seis parlamentares do PL foram favor\u00e1veis ao projeto. Todos os senadores do PT votaram para aprovar a proposta.<\/p>\n<\/div>\n<div class=\"mc-column content-text active-extra-styles\" data-block-type=\"raw\" data-block-weight=\"3\" data-block-id=\"12\">\n<div class=\"content-intertitle\">\n<h2><strong>Tratativas do governo<\/strong><\/h2>\n<\/div>\n<p>Na semana passada, o Minist\u00e9rio da Fazenda enviou uma consulta ao Tribunal de Contas da Uni\u00e3o (TCU) para deixar de aplicar, em 2023, o valor m\u00ednimo constitucional de investimento em sa\u00fade e educa\u00e7\u00e3o.<\/p>\n<\/div>\n<div id=\"chunk-b0oc\">\n<p class=\" content-text__container \" data-track-category=\"Link no Texto\" data-track-links=\"\">Na consulta, o minist\u00e9rio questiona se o piso constitucional deveria ser aplicado j\u00e1 em 2023. O arcabou\u00e7o foi aprovado pelo Congresso em agosto. O governo quer saber se a obrigatoriedade do piso n\u00e3o valeria s\u00f3 a partir de 2024.<\/p>\n<div id=\"chunk-fb8a2\">\n<div class=\"mc-column content-text active-extra-styles \" data-block-type=\"unstyled\" data-block-weight=\"31\" data-block-id=\"15\">\n<p class=\" content-text__container \" data-track-category=\"Link no Texto\" data-track-links=\"\">Tamb\u00e9m nesta quarta-feira, a ministra do Planejamento e Or\u00e7amento, Simone Tebet, afirmou que \u00e9 mais f\u00e1cil para o governo aumentar a arrecada\u00e7\u00e3o por meio de novas medidas do que cortar gastos.<\/p>\n<p data-track-category=\"Link no Texto\" data-track-links=\"\">\n<\/div>\n<\/div>\n<p data-track-category=\"Link no Texto\">G1<\/p>\n<div class=\"mc-column content-text active-extra-styles \" data-block-type=\"unstyled\" data-block-weight=\"39\" data-block-id=\"14\">\n<div id=\"chunk-etbei\">\n<div class=\"content-ads content-ads--reveal\" data-block-type=\"ads\" data-block-id=\"16\">\n<p id=\"banner_materia__aa598b19-318c-472b-ae3b-0658aca5bb59\" class=\"tag-manager-publicidade-container mc-has-reveal mc-has-ad-lazyload tag-manager-publicidade-banner_materia__aa598b19-318c-472b-ae3b-0658aca5bb59 tag-manager-publicidade-container--carregado tag-manager-publicidade-container--visivel\" data-id=\"banner_materia__aa598b19-318c-472b-ae3b-0658aca5bb59\" data-google-query-id=\"CK7I6a_h34EDFdtD3QIdbYsNDQ\">\n<\/div>\n<\/div>\n<\/div>\n<\/div>\n<\/div>\n<\/div>\n<\/div>\n<div class='share-to-whatsapp-wrapper'><div class='share-on-whsp'>Share on: <\/div><a data-text='Senado autoriza governo federal a n\u00e3o cumprir o piso da sa\u00fade' data-link='https:\/\/newsinfoco.com.br\/inicio\/senado-autoriza-governo-federal-a-nao-cumprir-o-piso-da-saude\/' class='whatsapp-button whatsapp-share'>WhatsApp<\/a><div class='clear '><\/div><\/div>","protected":false},"excerpt":{"rendered":"<p>O\u00a0Senado Federal\u00a0aprovou, nesta quarta-feira (4), um projeto de lei que permite que o governo Lula n\u00e3o cumpra a exig\u00eancia de pagar o piso da sa\u00fade para 2023. Foram 63 votos a favor e apenas dois contr\u00e1rios. A proposta segue para san\u00e7\u00e3o do presidente. O dispositivo estava inserido em um projeto de lei que autoriza a [&hellip;]<\/p>\n","protected":false},"author":1,"featured_media":34671,"comment_status":"closed","ping_status":"closed","sticky":false,"template":"","format":"standard","meta":{"om_disable_all_campaigns":false,"rop_custom_images_group":[],"rop_custom_messages_group":[],"rop_publish_now":"initial","rop_publish_now_accounts":[],"rop_publish_now_history":[],"rop_publish_now_status":"pending","_exactmetrics_skip_tracking":false,"footnotes":""},"categories":[21],"tags":[],"class_list":["post-35161","post","type-post","status-publish","format-standard","has-post-thumbnail","hentry","category-brasil"],"aioseo_notices":[],"aioseo_head":"\n\t\t<!-- All in One SEO 4.9.10 - aioseo.com -->\n\t<meta name=\"description\" content=\"O Senado Federal aprovou, nesta quarta-feira (4), um projeto de lei que permite que o governo Lula n\u00e3o cumpra a exig\u00eancia de pagar o piso da sa\u00fade para 2023. Foram 63 votos a favor e apenas dois contr\u00e1rios. A proposta segue para san\u00e7\u00e3o do presidente. O dispositivo estava inserido em um projeto de lei que autoriza a\" \/>\n\t<meta name=\"robots\" content=\"max-image-preview:large\" \/>\n\t<meta name=\"author\" content=\"administrador\"\/>\n\t<link rel=\"canonical\" href=\"https:\/\/newsinfoco.com.br\/inicio\/senado-autoriza-governo-federal-a-nao-cumprir-o-piso-da-saude\/\" \/>\n\t<meta name=\"generator\" content=\"All in One SEO (AIOSEO) 4.9.10\" \/>\n\t\t<meta property=\"og:locale\" content=\"pt_BR\" \/>\n\t\t<meta property=\"og:site_name\" content=\"News In Foco - Editado por Caio Pimenta - O principal site de noticias de Alagoinhas e regi\u00e3o\" \/>\n\t\t<meta property=\"og:type\" content=\"article\" \/>\n\t\t<meta property=\"og:title\" content=\"Senado autoriza governo federal a n\u00e3o cumprir o piso da sa\u00fade - News In Foco - Editado por Caio Pimenta\" \/>\n\t\t<meta property=\"og:description\" content=\"O Senado Federal aprovou, nesta quarta-feira (4), um projeto de lei que permite que o governo Lula n\u00e3o cumpra a exig\u00eancia de pagar o piso da sa\u00fade para 2023. Foram 63 votos a favor e apenas dois contr\u00e1rios. A proposta segue para san\u00e7\u00e3o do presidente. O dispositivo estava inserido em um projeto de lei que autoriza a\" \/>\n\t\t<meta property=\"og:url\" content=\"https:\/\/newsinfoco.com.br\/inicio\/senado-autoriza-governo-federal-a-nao-cumprir-o-piso-da-saude\/\" \/>\n\t\t<meta property=\"article:published_time\" content=\"2023-10-05T20:39:37+00:00\" \/>\n\t\t<meta property=\"article:modified_time\" content=\"2023-10-05T20:39:37+00:00\" \/>\n\t\t<meta name=\"twitter:card\" content=\"summary_large_image\" \/>\n\t\t<meta name=\"twitter:title\" content=\"Senado autoriza governo federal a n\u00e3o cumprir o piso da sa\u00fade - News In Foco - Editado por Caio Pimenta\" \/>\n\t\t<meta name=\"twitter:description\" content=\"O Senado Federal aprovou, nesta quarta-feira (4), um projeto de lei que permite que o governo Lula n\u00e3o cumpra a exig\u00eancia de pagar o piso da sa\u00fade para 2023. Foram 63 votos a favor e apenas dois contr\u00e1rios. A proposta segue para san\u00e7\u00e3o do presidente. O dispositivo estava inserido em um projeto de lei que autoriza a\" \/>\n\t\t<script type=\"application\/ld+json\" class=\"aioseo-schema\">\n\t\t\t{\"@context\":\"https:\\\/\\\/schema.org\",\"@graph\":[{\"@type\":\"BlogPosting\",\"@id\":\"https:\\\/\\\/newsinfoco.com.br\\\/inicio\\\/senado-autoriza-governo-federal-a-nao-cumprir-o-piso-da-saude\\\/#blogposting\",\"name\":\"Senado autoriza governo federal a n\\u00e3o cumprir o piso da sa\\u00fade - News In Foco - Editado por Caio Pimenta\",\"headline\":\"Senado autoriza governo federal a n\\u00e3o cumprir o piso da sa\\u00fade\",\"author\":{\"@id\":\"https:\\\/\\\/newsinfoco.com.br\\\/inicio\\\/author\\\/administrador\\\/#author\"},\"publisher\":{\"@id\":\"https:\\\/\\\/newsinfoco.com.br\\\/inicio\\\/#organization\"},\"image\":{\"@type\":\"ImageObject\",\"url\":\"https:\\\/\\\/newsinfoco.com.br\\\/inicio\\\/wp-content\\\/uploads\\\/2023\\\/07\\\/Lula-evento-quinta-22.webp\",\"width\":1022,\"height\":575},\"datePublished\":\"2023-10-05T17:39:37-03:00\",\"dateModified\":\"2023-10-05T17:39:37-03:00\",\"inLanguage\":\"pt-BR\",\"mainEntityOfPage\":{\"@id\":\"https:\\\/\\\/newsinfoco.com.br\\\/inicio\\\/senado-autoriza-governo-federal-a-nao-cumprir-o-piso-da-saude\\\/#webpage\"},\"isPartOf\":{\"@id\":\"https:\\\/\\\/newsinfoco.com.br\\\/inicio\\\/senado-autoriza-governo-federal-a-nao-cumprir-o-piso-da-saude\\\/#webpage\"},\"articleSection\":\"Brasil\"},{\"@type\":\"BreadcrumbList\",\"@id\":\"https:\\\/\\\/newsinfoco.com.br\\\/inicio\\\/senado-autoriza-governo-federal-a-nao-cumprir-o-piso-da-saude\\\/#breadcrumblist\",\"itemListElement\":[{\"@type\":\"ListItem\",\"@id\":\"https:\\\/\\\/newsinfoco.com.br\\\/inicio#listItem\",\"position\":1,\"name\":\"In\\u00edcio\",\"item\":\"https:\\\/\\\/newsinfoco.com.br\\\/inicio\",\"nextItem\":{\"@type\":\"ListItem\",\"@id\":\"https:\\\/\\\/newsinfoco.com.br\\\/inicio\\\/category\\\/brasil\\\/#listItem\",\"name\":\"Brasil\"}},{\"@type\":\"ListItem\",\"@id\":\"https:\\\/\\\/newsinfoco.com.br\\\/inicio\\\/category\\\/brasil\\\/#listItem\",\"position\":2,\"name\":\"Brasil\",\"item\":\"https:\\\/\\\/newsinfoco.com.br\\\/inicio\\\/category\\\/brasil\\\/\",\"nextItem\":{\"@type\":\"ListItem\",\"@id\":\"https:\\\/\\\/newsinfoco.com.br\\\/inicio\\\/senado-autoriza-governo-federal-a-nao-cumprir-o-piso-da-saude\\\/#listItem\",\"name\":\"Senado autoriza governo federal a n\\u00e3o cumprir o piso da sa\\u00fade\"},\"previousItem\":{\"@type\":\"ListItem\",\"@id\":\"https:\\\/\\\/newsinfoco.com.br\\\/inicio#listItem\",\"name\":\"In\\u00edcio\"}},{\"@type\":\"ListItem\",\"@id\":\"https:\\\/\\\/newsinfoco.com.br\\\/inicio\\\/senado-autoriza-governo-federal-a-nao-cumprir-o-piso-da-saude\\\/#listItem\",\"position\":3,\"name\":\"Senado autoriza governo federal a n\\u00e3o cumprir o piso da sa\\u00fade\",\"previousItem\":{\"@type\":\"ListItem\",\"@id\":\"https:\\\/\\\/newsinfoco.com.br\\\/inicio\\\/category\\\/brasil\\\/#listItem\",\"name\":\"Brasil\"}}]},{\"@type\":\"Organization\",\"@id\":\"https:\\\/\\\/newsinfoco.com.br\\\/inicio\\\/#organization\",\"name\":\"News In Foco - Editado por Caio Pimenta\",\"description\":\"O principal site de noticias de Alagoinhas e regi\\u00e3o\",\"url\":\"https:\\\/\\\/newsinfoco.com.br\\\/inicio\\\/\"},{\"@type\":\"Person\",\"@id\":\"https:\\\/\\\/newsinfoco.com.br\\\/inicio\\\/author\\\/administrador\\\/#author\",\"url\":\"https:\\\/\\\/newsinfoco.com.br\\\/inicio\\\/author\\\/administrador\\\/\",\"name\":\"administrador\",\"image\":{\"@type\":\"ImageObject\",\"@id\":\"https:\\\/\\\/newsinfoco.com.br\\\/inicio\\\/senado-autoriza-governo-federal-a-nao-cumprir-o-piso-da-saude\\\/#authorImage\",\"url\":\"https:\\\/\\\/secure.gravatar.com\\\/avatar\\\/c17a617433de8c1dc9584bb79aab7563b46f5bb7e1728c9b17d9cc3ce6a08e49?s=96&d=mm&r=g\",\"width\":96,\"height\":96,\"caption\":\"administrador\"}},{\"@type\":\"WebPage\",\"@id\":\"https:\\\/\\\/newsinfoco.com.br\\\/inicio\\\/senado-autoriza-governo-federal-a-nao-cumprir-o-piso-da-saude\\\/#webpage\",\"url\":\"https:\\\/\\\/newsinfoco.com.br\\\/inicio\\\/senado-autoriza-governo-federal-a-nao-cumprir-o-piso-da-saude\\\/\",\"name\":\"Senado autoriza governo federal a n\\u00e3o cumprir o piso da sa\\u00fade - News In Foco - Editado por Caio Pimenta\",\"description\":\"O Senado Federal aprovou, nesta quarta-feira (4), um projeto de lei que permite que o governo Lula n\\u00e3o cumpra a exig\\u00eancia de pagar o piso da sa\\u00fade para 2023. Foram 63 votos a favor e apenas dois contr\\u00e1rios. A proposta segue para san\\u00e7\\u00e3o do presidente. O dispositivo estava inserido em um projeto de lei que autoriza a\",\"inLanguage\":\"pt-BR\",\"isPartOf\":{\"@id\":\"https:\\\/\\\/newsinfoco.com.br\\\/inicio\\\/#website\"},\"breadcrumb\":{\"@id\":\"https:\\\/\\\/newsinfoco.com.br\\\/inicio\\\/senado-autoriza-governo-federal-a-nao-cumprir-o-piso-da-saude\\\/#breadcrumblist\"},\"author\":{\"@id\":\"https:\\\/\\\/newsinfoco.com.br\\\/inicio\\\/author\\\/administrador\\\/#author\"},\"creator\":{\"@id\":\"https:\\\/\\\/newsinfoco.com.br\\\/inicio\\\/author\\\/administrador\\\/#author\"},\"image\":{\"@type\":\"ImageObject\",\"url\":\"https:\\\/\\\/newsinfoco.com.br\\\/inicio\\\/wp-content\\\/uploads\\\/2023\\\/07\\\/Lula-evento-quinta-22.webp\",\"@id\":\"https:\\\/\\\/newsinfoco.com.br\\\/inicio\\\/senado-autoriza-governo-federal-a-nao-cumprir-o-piso-da-saude\\\/#mainImage\",\"width\":1022,\"height\":575},\"primaryImageOfPage\":{\"@id\":\"https:\\\/\\\/newsinfoco.com.br\\\/inicio\\\/senado-autoriza-governo-federal-a-nao-cumprir-o-piso-da-saude\\\/#mainImage\"},\"datePublished\":\"2023-10-05T17:39:37-03:00\",\"dateModified\":\"2023-10-05T17:39:37-03:00\"},{\"@type\":\"WebSite\",\"@id\":\"https:\\\/\\\/newsinfoco.com.br\\\/inicio\\\/#website\",\"url\":\"https:\\\/\\\/newsinfoco.com.br\\\/inicio\\\/\",\"name\":\"News In Foco - Editado por Caio Pimenta\",\"description\":\"O principal site de noticias de Alagoinhas e regi\\u00e3o\",\"inLanguage\":\"pt-BR\",\"publisher\":{\"@id\":\"https:\\\/\\\/newsinfoco.com.br\\\/inicio\\\/#organization\"}}]}\n\t\t<\/script>\n\t\t<!-- All in One SEO -->\n\n","aioseo_head_json":{"title":"Senado autoriza governo federal a n\u00e3o cumprir o piso da sa\u00fade - News In Foco - Editado por Caio Pimenta","description":"O Senado Federal aprovou, nesta quarta-feira (4), um projeto de lei que permite que o governo Lula n\u00e3o cumpra a exig\u00eancia de pagar o piso da sa\u00fade para 2023. Foram 63 votos a favor e apenas dois contr\u00e1rios. A proposta segue para san\u00e7\u00e3o do presidente. O dispositivo estava inserido em um projeto de lei que autoriza a","canonical_url":"https:\/\/newsinfoco.com.br\/inicio\/senado-autoriza-governo-federal-a-nao-cumprir-o-piso-da-saude\/","robots":"max-image-preview:large","keywords":"","webmasterTools":{"miscellaneous":""},"schema":{"@context":"https:\/\/schema.org","@graph":[{"@type":"BlogPosting","@id":"https:\/\/newsinfoco.com.br\/inicio\/senado-autoriza-governo-federal-a-nao-cumprir-o-piso-da-saude\/#blogposting","name":"Senado autoriza governo federal a n\u00e3o cumprir o piso da sa\u00fade - News In Foco - Editado por Caio Pimenta","headline":"Senado autoriza governo federal a n\u00e3o cumprir o piso da sa\u00fade","author":{"@id":"https:\/\/newsinfoco.com.br\/inicio\/author\/administrador\/#author"},"publisher":{"@id":"https:\/\/newsinfoco.com.br\/inicio\/#organization"},"image":{"@type":"ImageObject","url":"https:\/\/newsinfoco.com.br\/inicio\/wp-content\/uploads\/2023\/07\/Lula-evento-quinta-22.webp","width":1022,"height":575},"datePublished":"2023-10-05T17:39:37-03:00","dateModified":"2023-10-05T17:39:37-03:00","inLanguage":"pt-BR","mainEntityOfPage":{"@id":"https:\/\/newsinfoco.com.br\/inicio\/senado-autoriza-governo-federal-a-nao-cumprir-o-piso-da-saude\/#webpage"},"isPartOf":{"@id":"https:\/\/newsinfoco.com.br\/inicio\/senado-autoriza-governo-federal-a-nao-cumprir-o-piso-da-saude\/#webpage"},"articleSection":"Brasil"},{"@type":"BreadcrumbList","@id":"https:\/\/newsinfoco.com.br\/inicio\/senado-autoriza-governo-federal-a-nao-cumprir-o-piso-da-saude\/#breadcrumblist","itemListElement":[{"@type":"ListItem","@id":"https:\/\/newsinfoco.com.br\/inicio#listItem","position":1,"name":"In\u00edcio","item":"https:\/\/newsinfoco.com.br\/inicio","nextItem":{"@type":"ListItem","@id":"https:\/\/newsinfoco.com.br\/inicio\/category\/brasil\/#listItem","name":"Brasil"}},{"@type":"ListItem","@id":"https:\/\/newsinfoco.com.br\/inicio\/category\/brasil\/#listItem","position":2,"name":"Brasil","item":"https:\/\/newsinfoco.com.br\/inicio\/category\/brasil\/","nextItem":{"@type":"ListItem","@id":"https:\/\/newsinfoco.com.br\/inicio\/senado-autoriza-governo-federal-a-nao-cumprir-o-piso-da-saude\/#listItem","name":"Senado autoriza governo federal a n\u00e3o cumprir o piso da sa\u00fade"},"previousItem":{"@type":"ListItem","@id":"https:\/\/newsinfoco.com.br\/inicio#listItem","name":"In\u00edcio"}},{"@type":"ListItem","@id":"https:\/\/newsinfoco.com.br\/inicio\/senado-autoriza-governo-federal-a-nao-cumprir-o-piso-da-saude\/#listItem","position":3,"name":"Senado autoriza governo federal a n\u00e3o cumprir o piso da sa\u00fade","previousItem":{"@type":"ListItem","@id":"https:\/\/newsinfoco.com.br\/inicio\/category\/brasil\/#listItem","name":"Brasil"}}]},{"@type":"Organization","@id":"https:\/\/newsinfoco.com.br\/inicio\/#organization","name":"News In Foco - Editado por Caio Pimenta","description":"O principal site de noticias de Alagoinhas e regi\u00e3o","url":"https:\/\/newsinfoco.com.br\/inicio\/"},{"@type":"Person","@id":"https:\/\/newsinfoco.com.br\/inicio\/author\/administrador\/#author","url":"https:\/\/newsinfoco.com.br\/inicio\/author\/administrador\/","name":"administrador","image":{"@type":"ImageObject","@id":"https:\/\/newsinfoco.com.br\/inicio\/senado-autoriza-governo-federal-a-nao-cumprir-o-piso-da-saude\/#authorImage","url":"https:\/\/secure.gravatar.com\/avatar\/c17a617433de8c1dc9584bb79aab7563b46f5bb7e1728c9b17d9cc3ce6a08e49?s=96&d=mm&r=g","width":96,"height":96,"caption":"administrador"}},{"@type":"WebPage","@id":"https:\/\/newsinfoco.com.br\/inicio\/senado-autoriza-governo-federal-a-nao-cumprir-o-piso-da-saude\/#webpage","url":"https:\/\/newsinfoco.com.br\/inicio\/senado-autoriza-governo-federal-a-nao-cumprir-o-piso-da-saude\/","name":"Senado autoriza governo federal a n\u00e3o cumprir o piso da sa\u00fade - News In Foco - Editado por Caio Pimenta","description":"O Senado Federal aprovou, nesta quarta-feira (4), um projeto de lei que permite que o governo Lula n\u00e3o cumpra a exig\u00eancia de pagar o piso da sa\u00fade para 2023. Foram 63 votos a favor e apenas dois contr\u00e1rios. A proposta segue para san\u00e7\u00e3o do presidente. O dispositivo estava inserido em um projeto de lei que autoriza a","inLanguage":"pt-BR","isPartOf":{"@id":"https:\/\/newsinfoco.com.br\/inicio\/#website"},"breadcrumb":{"@id":"https:\/\/newsinfoco.com.br\/inicio\/senado-autoriza-governo-federal-a-nao-cumprir-o-piso-da-saude\/#breadcrumblist"},"author":{"@id":"https:\/\/newsinfoco.com.br\/inicio\/author\/administrador\/#author"},"creator":{"@id":"https:\/\/newsinfoco.com.br\/inicio\/author\/administrador\/#author"},"image":{"@type":"ImageObject","url":"https:\/\/newsinfoco.com.br\/inicio\/wp-content\/uploads\/2023\/07\/Lula-evento-quinta-22.webp","@id":"https:\/\/newsinfoco.com.br\/inicio\/senado-autoriza-governo-federal-a-nao-cumprir-o-piso-da-saude\/#mainImage","width":1022,"height":575},"primaryImageOfPage":{"@id":"https:\/\/newsinfoco.com.br\/inicio\/senado-autoriza-governo-federal-a-nao-cumprir-o-piso-da-saude\/#mainImage"},"datePublished":"2023-10-05T17:39:37-03:00","dateModified":"2023-10-05T17:39:37-03:00"},{"@type":"WebSite","@id":"https:\/\/newsinfoco.com.br\/inicio\/#website","url":"https:\/\/newsinfoco.com.br\/inicio\/","name":"News In Foco - Editado por Caio Pimenta","description":"O principal site de noticias de Alagoinhas e regi\u00e3o","inLanguage":"pt-BR","publisher":{"@id":"https:\/\/newsinfoco.com.br\/inicio\/#organization"}}]},"og:locale":"pt_BR","og:site_name":"News In Foco - Editado por Caio Pimenta - O principal site de noticias de Alagoinhas e regi\u00e3o","og:type":"article","og:title":"Senado autoriza governo federal a n\u00e3o cumprir o piso da sa\u00fade - News In Foco - Editado por Caio Pimenta","og:description":"O Senado Federal aprovou, nesta quarta-feira (4), um projeto de lei que permite que o governo Lula n\u00e3o cumpra a exig\u00eancia de pagar o piso da sa\u00fade para 2023. Foram 63 votos a favor e apenas dois contr\u00e1rios. A proposta segue para san\u00e7\u00e3o do presidente. O dispositivo estava inserido em um projeto de lei que autoriza a","og:url":"https:\/\/newsinfoco.com.br\/inicio\/senado-autoriza-governo-federal-a-nao-cumprir-o-piso-da-saude\/","article:published_time":"2023-10-05T20:39:37+00:00","article:modified_time":"2023-10-05T20:39:37+00:00","twitter:card":"summary_large_image","twitter:title":"Senado autoriza governo federal a n\u00e3o cumprir o piso da sa\u00fade - News In Foco - Editado por Caio Pimenta","twitter:description":"O Senado Federal aprovou, nesta quarta-feira (4), um projeto de lei que permite que o governo Lula n\u00e3o cumpra a exig\u00eancia de pagar o piso da sa\u00fade para 2023. Foram 63 votos a favor e apenas dois contr\u00e1rios. A proposta segue para san\u00e7\u00e3o do presidente. O dispositivo estava inserido em um projeto de lei que autoriza a"},"aioseo_meta_data":{"post_id":"35161","title":null,"description":null,"keywords":[],"keyphrases":{"focus":{"keyphrase":"","score":0,"analysis":{"keyphraseInTitle":{"score":0,"maxScore":9,"error":1}}},"additional":[]},"primary_term":null,"canonical_url":null,"og_title":null,"og_description":null,"og_object_type":"default","og_image_type":"default","og_image_url":null,"og_image_width":null,"og_image_height":null,"og_image_custom_url":null,"og_image_custom_fields":null,"og_video":"","og_custom_url":null,"og_article_section":null,"og_article_tags":[],"twitter_use_og":false,"twitter_card":"default","twitter_image_type":"default","twitter_image_url":null,"twitter_image_custom_url":null,"twitter_image_custom_fields":null,"twitter_title":null,"twitter_description":null,"schema":{"blockGraphs":[],"customGraphs":[],"default":{"data":{"Article":[],"Course":[],"Dataset":[],"FAQPage":[],"Movie":[],"Person":[],"Product":[],"ProductReview":[],"Car":[],"Recipe":[],"Service":[],"SoftwareApplication":[],"WebPage":[]},"graphName":"BlogPosting","isEnabled":true},"graphs":[]},"schema_type":"default","schema_type_options":null,"pillar_content":false,"robots_default":true,"robots_noindex":false,"robots_noarchive":false,"robots_nosnippet":false,"robots_nofollow":false,"robots_noimageindex":false,"robots_noodp":false,"robots_notranslate":false,"robots_max_snippet":"-1","robots_max_videopreview":"-1","robots_max_imagepreview":"large","priority":null,"frequency":"default","local_seo":null,"breadcrumb_settings":null,"limit_modified_date":false,"ai":null,"created":"2023-10-05 20:39:37","updated":"2025-07-11 10:17:04","seo_analyzer_scan_date":null},"aioseo_breadcrumb":"<div class=\"aioseo-breadcrumbs\"><span class=\"aioseo-breadcrumb\">\n\t\t\t<a href=\"https:\/\/newsinfoco.com.br\/inicio\" title=\"In\u00edcio\">In\u00edcio<\/a>\n\t\t<\/span><span class=\"aioseo-breadcrumb-separator\">&raquo;<\/span><span class=\"aioseo-breadcrumb\">\n\t\t\t<a href=\"https:\/\/newsinfoco.com.br\/inicio\/category\/brasil\/\" title=\"Brasil\">Brasil<\/a>\n\t\t<\/span><span class=\"aioseo-breadcrumb-separator\">&raquo;<\/span><span class=\"aioseo-breadcrumb\">\n\t\t\tSenado autoriza governo federal a n\u00e3o cumprir o piso da sa\u00fade\n\t\t<\/span><\/div>","aioseo_breadcrumb_json":[{"label":"In\u00edcio","link":"https:\/\/newsinfoco.com.br\/inicio"},{"label":"Brasil","link":"https:\/\/newsinfoco.com.br\/inicio\/category\/brasil\/"},{"label":"Senado autoriza governo federal a n\u00e3o cumprir o piso da sa\u00fade","link":"https:\/\/newsinfoco.com.br\/inicio\/senado-autoriza-governo-federal-a-nao-cumprir-o-piso-da-saude\/"}],"_links":{"self":[{"href":"https:\/\/newsinfoco.com.br\/inicio\/wp-json\/wp\/v2\/posts\/35161","targetHints":{"allow":["GET"]}}],"collection":[{"href":"https:\/\/newsinfoco.com.br\/inicio\/wp-json\/wp\/v2\/posts"}],"about":[{"href":"https:\/\/newsinfoco.com.br\/inicio\/wp-json\/wp\/v2\/types\/post"}],"author":[{"embeddable":true,"href":"https:\/\/newsinfoco.com.br\/inicio\/wp-json\/wp\/v2\/users\/1"}],"replies":[{"embeddable":true,"href":"https:\/\/newsinfoco.com.br\/inicio\/wp-json\/wp\/v2\/comments?post=35161"}],"version-history":[{"count":1,"href":"https:\/\/newsinfoco.com.br\/inicio\/wp-json\/wp\/v2\/posts\/35161\/revisions"}],"predecessor-version":[{"id":35162,"href":"https:\/\/newsinfoco.com.br\/inicio\/wp-json\/wp\/v2\/posts\/35161\/revisions\/35162"}],"wp:featuredmedia":[{"embeddable":true,"href":"https:\/\/newsinfoco.com.br\/inicio\/wp-json\/wp\/v2\/media\/34671"}],"wp:attachment":[{"href":"https:\/\/newsinfoco.com.br\/inicio\/wp-json\/wp\/v2\/media?parent=35161"}],"wp:term":[{"taxonomy":"category","embeddable":true,"href":"https:\/\/newsinfoco.com.br\/inicio\/wp-json\/wp\/v2\/categories?post=35161"},{"taxonomy":"post_tag","embeddable":true,"href":"https:\/\/newsinfoco.com.br\/inicio\/wp-json\/wp\/v2\/tags?post=35161"}],"curies":[{"name":"wp","href":"https:\/\/api.w.org\/{rel}","templated":true}]}}