{"id":35163,"date":"2023-10-05T21:52:08","date_gmt":"2023-10-06T00:52:08","guid":{"rendered":"https:\/\/newsinfoco.com.br\/inicio\/?p=35163"},"modified":"2023-10-05T21:52:08","modified_gmt":"2023-10-06T00:52:08","slug":"eles-optaram-pelo-caminho-de-nao-valorizar-o-coletivo-diz-pc-do-b-sobre-desfiliacao-da-vereadora-juci-cardoso-e-do-suplente-adelson-filho","status":"publish","type":"post","link":"https:\/\/newsinfoco.com.br\/inicio\/eles-optaram-pelo-caminho-de-nao-valorizar-o-coletivo-diz-pc-do-b-sobre-desfiliacao-da-vereadora-juci-cardoso-e-do-suplente-adelson-filho\/","title":{"rendered":"&#8220;Eles optaram pelo caminho de n\u00e3o valorizar o coletivo&#8221;, diz PC do B sobre desfilia\u00e7\u00e3o da vereadora Juci Cardoso e do suplente Adelson Filho"},"content":{"rendered":"<p>O PC do B alagoinhense, em nota enviada na noite desta quinta-feira(05) \u00e0 este site News Infoco, revelou os motivos que levaram o partido a propor a sa\u00edda da vereadora Juci Cardoso e do seu suplente Adelson Filho.<\/p>\n<p>De acordo com a sigla, &#8220;eles optaram pelo caminho de n\u00e3o valorizar o coletivo e as inst\u00e2ncias partid\u00e1rias e priorizaram interesses outros, em detrimento de um coletivo partid\u00e1rio&#8221;. Na vis\u00e3o do PC do B, &#8220;as condi\u00e7\u00f5es de eleita e de primeiro suplente dos dois foram decorrentes da vota\u00e7\u00e3o do conjunto da milit\u00e2ncia do partido por meio das demais candidaturas em 2020&#8221;, o que mereceria uma maior aten\u00e7\u00e3o dos dois aos demais membros da sigla.<\/p>\n<p>&#8220;Diante do exposto conclu\u00edmos que dever\u00edamos de forma amig\u00e1vel e respeitosa convidar a ambos a procurarem outra alternativa partid\u00e1ria, mais condizentes com suas posturas pol\u00edticas que se revelaram incompat\u00edveis com o estatuto e o programa PCdoB.&#8221;, informa a nota.<\/p>\n<p>O partido faz ainda men\u00e7\u00f5es elogiosas a trajet\u00f3ria politica dos dois e afirma que eles &#8220;merecem o nosso respeito pela hist\u00f3ria de lutas em defesa do povo alagoinhense.&#8221;<\/p>\n<p>A dire\u00e7\u00e3o do PC do B anuncia tamb\u00e9m que nas pr\u00f3ximas semanas a milit\u00e2ncia estar\u00e1 focada para a constru\u00e7\u00e3o de sua Confer\u00eancia Municipal, o que envolve reuni\u00f5es de base e uma plen\u00e1ria final. Os projetos eleitorais do Partido para 2024 e 2026 est\u00e3o na pauta, junto com outros temas que, segundo eles, ir\u00e3o ajudar a sigla a preparar um ciclo de crescimento e fortalecimento na cidade.<\/p>\n<p>Segue abaixo a nota na \u00edntegra:<\/p>\n<p dir=\"auto\"><em>O PCdoB \u2013 Alagoinhas considera elogiosa a trajet\u00f3ria pol\u00edtica da vereadora Juci Cardoso e do suplente Adelson Filho. Ambos merecem o nosso respeito pela hist\u00f3ria de lutas em defesa do povo alagoinhense.<\/em><\/p>\n<p dir=\"auto\"><em>O PCdoB tem como pol\u00edtica acolher novos filiados que passam por um per\u00edodo de adapta\u00e7\u00e3o aos princ\u00edpios e regras que nos regem. No entanto, passados pouco mais de tr\u00eas anos de filia\u00e7\u00e3o ao partido, a companheira e o companheiro n\u00e3o se integraram ao que chamamos de projeto coletivo. Todas as nossas tentativas de incorporar ambos a estrutura partid\u00e1ria n\u00e3o se viabilizaram.<\/em><\/p>\n<p dir=\"auto\"><em>As condi\u00e7\u00f5es de eleita e de primeiro suplente dos dois camaradas foram decorrentes da vota\u00e7\u00e3o do conjunto da milit\u00e2ncia do partido por meio das demais candidaturas em 2020. Por\u00e9m, eles optaram pelo caminho de n\u00e3o valorizar o coletivo e as inst\u00e2ncias partid\u00e1rias e priorizaram interesses outros, em detrimento de um coletivo partid\u00e1rio.<\/em><\/p>\n<p dir=\"auto\"><em>Diante do exposto conclu\u00edmos que dever\u00edamos de forma amig\u00e1vel e respeitosa convidar a ambos a procurarem outra alternativa partid\u00e1ria, mais condizentes com suas posturas pol\u00edticas que se revelaram incompat\u00edveis com o estatuto e o programa PCdoB.<\/em><\/p>\n<p dir=\"auto\"><em>A dire\u00e7\u00e3o do PCdoB-Alagoinhas tem como objetivo fortalecer sua unidade e coes\u00e3o. Nas pr\u00f3ximas semanas nossa milit\u00e2ncia estar\u00e1 voltada para a constru\u00e7\u00e3o de sua Confer\u00eancia Municipal, o que envolve reuni\u00f5es de base e uma plen\u00e1ria final. Os projetos eleitorais do Partido para 2024 e 2026 est\u00e3o na pauta, junto com outros temas que ir\u00e3o nos ajudar a preparar um ciclo de crescimento e fortalecimento do PCdoB na cidade.<\/em><\/p>\n<p dir=\"auto\"><em>Viva o PCdoB!<\/em><\/p>\n<p dir=\"auto\"><em>Alagoinhas, 5 de outubro de 2023.<\/em><\/p>\n<p dir=\"auto\"><em>Maria Tereza<\/em><\/p>\n<p dir=\"auto\"><em>Presidenta do PCdoB &#8211; Alagoinhas<\/em><\/p>\n<div dir=\"auto\"><\/div>\n<div dir=\"auto\"><\/div>\n<div dir=\"auto\">Por Caio Pimenta para o News Infoco<\/div>\n<div class='share-to-whatsapp-wrapper'><div class='share-on-whsp'>Share on: <\/div><a data-text='\"Eles optaram pelo caminho de n\u00e3o valorizar o coletivo\", diz PC do B sobre desfilia\u00e7\u00e3o da vereadora Juci Cardoso e do suplente Adelson Filho' data-link='https:\/\/newsinfoco.com.br\/inicio\/eles-optaram-pelo-caminho-de-nao-valorizar-o-coletivo-diz-pc-do-b-sobre-desfiliacao-da-vereadora-juci-cardoso-e-do-suplente-adelson-filho\/' class='whatsapp-button whatsapp-share'>WhatsApp<\/a><div class='clear '><\/div><\/div>","protected":false},"excerpt":{"rendered":"<p>O PC do B alagoinhense, em nota enviada na noite desta quinta-feira(05) \u00e0 este site News Infoco, revelou os motivos que levaram o partido a propor a sa\u00edda da vereadora Juci Cardoso e do seu suplente Adelson Filho. De acordo com a sigla, &#8220;eles optaram pelo caminho de n\u00e3o valorizar o coletivo e as inst\u00e2ncias [&hellip;]<\/p>\n","protected":false},"author":1,"featured_media":35164,"comment_status":"closed","ping_status":"closed","sticky":false,"template":"","format":"standard","meta":{"om_disable_all_campaigns":false,"rop_custom_images_group":[],"rop_custom_messages_group":[],"rop_publish_now":"initial","rop_publish_now_accounts":[],"rop_publish_now_history":[],"rop_publish_now_status":"pending","_exactmetrics_skip_tracking":false,"footnotes":""},"categories":[38,167],"tags":[],"class_list":["post-35163","post","type-post","status-publish","format-standard","has-post-thumbnail","hentry","category-alagoinhas-e-regiao","category-exclusivas"],"aioseo_notices":[],"aioseo_head":"\n\t\t<!-- All in One SEO 4.9.10 - aioseo.com -->\n\t<meta name=\"description\" content=\"O PC do B alagoinhense, em nota enviada na noite desta quinta-feira(05) \u00e0 este site News Infoco, revelou os motivos que levaram o partido a propor a sa\u00edda da vereadora Juci Cardoso e do seu suplente Adelson Filho. De acordo com a sigla, &quot;eles optaram pelo caminho de n\u00e3o valorizar o coletivo e as inst\u00e2ncias\" \/>\n\t<meta name=\"robots\" content=\"max-image-preview:large\" \/>\n\t<meta name=\"author\" content=\"administrador\"\/>\n\t<link rel=\"canonical\" href=\"https:\/\/newsinfoco.com.br\/inicio\/eles-optaram-pelo-caminho-de-nao-valorizar-o-coletivo-diz-pc-do-b-sobre-desfiliacao-da-vereadora-juci-cardoso-e-do-suplente-adelson-filho\/\" \/>\n\t<meta name=\"generator\" content=\"All in One SEO (AIOSEO) 4.9.10\" \/>\n\t\t<meta property=\"og:locale\" content=\"pt_BR\" \/>\n\t\t<meta property=\"og:site_name\" content=\"News In Foco - Editado por Caio Pimenta - O principal site de noticias de Alagoinhas e regi\u00e3o\" \/>\n\t\t<meta property=\"og:type\" content=\"article\" \/>\n\t\t<meta property=\"og:title\" content=\"\u201cEles optaram pelo caminho de n\u00e3o valorizar o coletivo\u201d, diz PC do B sobre desfilia\u00e7\u00e3o da vereadora Juci Cardoso e do suplente Adelson Filho - News In Foco - Editado por Caio Pimenta\" \/>\n\t\t<meta property=\"og:description\" content=\"O PC do B alagoinhense, em nota enviada na noite desta quinta-feira(05) \u00e0 este site News Infoco, revelou os motivos que levaram o partido a propor a sa\u00edda da vereadora Juci Cardoso e do seu suplente Adelson Filho. De acordo com a sigla, &quot;eles optaram pelo caminho de n\u00e3o valorizar o coletivo e as inst\u00e2ncias\" \/>\n\t\t<meta property=\"og:url\" content=\"https:\/\/newsinfoco.com.br\/inicio\/eles-optaram-pelo-caminho-de-nao-valorizar-o-coletivo-diz-pc-do-b-sobre-desfiliacao-da-vereadora-juci-cardoso-e-do-suplente-adelson-filho\/\" \/>\n\t\t<meta property=\"article:published_time\" content=\"2023-10-06T00:52:08+00:00\" \/>\n\t\t<meta property=\"article:modified_time\" content=\"2023-10-06T00:52:08+00:00\" \/>\n\t\t<meta name=\"twitter:card\" content=\"summary_large_image\" \/>\n\t\t<meta name=\"twitter:title\" content=\"\u201cEles optaram pelo caminho de n\u00e3o valorizar o coletivo\u201d, diz PC do B sobre desfilia\u00e7\u00e3o da vereadora Juci Cardoso e do suplente Adelson Filho - News In Foco - Editado por Caio Pimenta\" \/>\n\t\t<meta name=\"twitter:description\" content=\"O PC do B alagoinhense, em nota enviada na noite desta quinta-feira(05) \u00e0 este site News Infoco, revelou os motivos que levaram o partido a propor a sa\u00edda da vereadora Juci Cardoso e do seu suplente Adelson Filho. De acordo com a sigla, &quot;eles optaram pelo caminho de n\u00e3o valorizar o coletivo e as inst\u00e2ncias\" \/>\n\t\t<script type=\"application\/ld+json\" class=\"aioseo-schema\">\n\t\t\t{\"@context\":\"https:\\\/\\\/schema.org\",\"@graph\":[{\"@type\":\"BlogPosting\",\"@id\":\"https:\\\/\\\/newsinfoco.com.br\\\/inicio\\\/eles-optaram-pelo-caminho-de-nao-valorizar-o-coletivo-diz-pc-do-b-sobre-desfiliacao-da-vereadora-juci-cardoso-e-do-suplente-adelson-filho\\\/#blogposting\",\"name\":\"\\u201cEles optaram pelo caminho de n\\u00e3o valorizar o coletivo\\u201d, diz PC do B sobre desfilia\\u00e7\\u00e3o da vereadora Juci Cardoso e do suplente Adelson Filho - News In Foco - Editado por Caio Pimenta\",\"headline\":\"&#8220;Eles optaram pelo caminho de n\\u00e3o valorizar o coletivo&#8221;, diz PC do B sobre desfilia\\u00e7\\u00e3o da vereadora Juci Cardoso e do suplente Adelson Filho\",\"author\":{\"@id\":\"https:\\\/\\\/newsinfoco.com.br\\\/inicio\\\/author\\\/administrador\\\/#author\"},\"publisher\":{\"@id\":\"https:\\\/\\\/newsinfoco.com.br\\\/inicio\\\/#organization\"},\"image\":{\"@type\":\"ImageObject\",\"url\":\"https:\\\/\\\/newsinfoco.com.br\\\/inicio\\\/wp-content\\\/uploads\\\/2023\\\/10\\\/pc-do-b-1.jpg\",\"width\":800,\"height\":600},\"datePublished\":\"2023-10-05T21:52:08-03:00\",\"dateModified\":\"2023-10-05T21:52:08-03:00\",\"inLanguage\":\"pt-BR\",\"mainEntityOfPage\":{\"@id\":\"https:\\\/\\\/newsinfoco.com.br\\\/inicio\\\/eles-optaram-pelo-caminho-de-nao-valorizar-o-coletivo-diz-pc-do-b-sobre-desfiliacao-da-vereadora-juci-cardoso-e-do-suplente-adelson-filho\\\/#webpage\"},\"isPartOf\":{\"@id\":\"https:\\\/\\\/newsinfoco.com.br\\\/inicio\\\/eles-optaram-pelo-caminho-de-nao-valorizar-o-coletivo-diz-pc-do-b-sobre-desfiliacao-da-vereadora-juci-cardoso-e-do-suplente-adelson-filho\\\/#webpage\"},\"articleSection\":\"Alagoinhas e Regi\\u00e3o, Manchete\"},{\"@type\":\"BreadcrumbList\",\"@id\":\"https:\\\/\\\/newsinfoco.com.br\\\/inicio\\\/eles-optaram-pelo-caminho-de-nao-valorizar-o-coletivo-diz-pc-do-b-sobre-desfiliacao-da-vereadora-juci-cardoso-e-do-suplente-adelson-filho\\\/#breadcrumblist\",\"itemListElement\":[{\"@type\":\"ListItem\",\"@id\":\"https:\\\/\\\/newsinfoco.com.br\\\/inicio#listItem\",\"position\":1,\"name\":\"In\\u00edcio\",\"item\":\"https:\\\/\\\/newsinfoco.com.br\\\/inicio\",\"nextItem\":{\"@type\":\"ListItem\",\"@id\":\"https:\\\/\\\/newsinfoco.com.br\\\/inicio\\\/category\\\/alagoinhas-e-regiao\\\/#listItem\",\"name\":\"Alagoinhas e Regi\\u00e3o\"}},{\"@type\":\"ListItem\",\"@id\":\"https:\\\/\\\/newsinfoco.com.br\\\/inicio\\\/category\\\/alagoinhas-e-regiao\\\/#listItem\",\"position\":2,\"name\":\"Alagoinhas e Regi\\u00e3o\",\"item\":\"https:\\\/\\\/newsinfoco.com.br\\\/inicio\\\/category\\\/alagoinhas-e-regiao\\\/\",\"nextItem\":{\"@type\":\"ListItem\",\"@id\":\"https:\\\/\\\/newsinfoco.com.br\\\/inicio\\\/eles-optaram-pelo-caminho-de-nao-valorizar-o-coletivo-diz-pc-do-b-sobre-desfiliacao-da-vereadora-juci-cardoso-e-do-suplente-adelson-filho\\\/#listItem\",\"name\":\"&#8220;Eles optaram pelo caminho de n\\u00e3o valorizar o coletivo&#8221;, diz PC do B sobre desfilia\\u00e7\\u00e3o da vereadora Juci Cardoso e do suplente Adelson Filho\"},\"previousItem\":{\"@type\":\"ListItem\",\"@id\":\"https:\\\/\\\/newsinfoco.com.br\\\/inicio#listItem\",\"name\":\"In\\u00edcio\"}},{\"@type\":\"ListItem\",\"@id\":\"https:\\\/\\\/newsinfoco.com.br\\\/inicio\\\/eles-optaram-pelo-caminho-de-nao-valorizar-o-coletivo-diz-pc-do-b-sobre-desfiliacao-da-vereadora-juci-cardoso-e-do-suplente-adelson-filho\\\/#listItem\",\"position\":3,\"name\":\"&#8220;Eles optaram pelo caminho de n\\u00e3o valorizar o coletivo&#8221;, diz PC do B sobre desfilia\\u00e7\\u00e3o da vereadora Juci Cardoso e do suplente Adelson Filho\",\"previousItem\":{\"@type\":\"ListItem\",\"@id\":\"https:\\\/\\\/newsinfoco.com.br\\\/inicio\\\/category\\\/alagoinhas-e-regiao\\\/#listItem\",\"name\":\"Alagoinhas e Regi\\u00e3o\"}}]},{\"@type\":\"Organization\",\"@id\":\"https:\\\/\\\/newsinfoco.com.br\\\/inicio\\\/#organization\",\"name\":\"News In Foco - Editado por Caio Pimenta\",\"description\":\"O principal site de noticias de Alagoinhas e regi\\u00e3o\",\"url\":\"https:\\\/\\\/newsinfoco.com.br\\\/inicio\\\/\"},{\"@type\":\"Person\",\"@id\":\"https:\\\/\\\/newsinfoco.com.br\\\/inicio\\\/author\\\/administrador\\\/#author\",\"url\":\"https:\\\/\\\/newsinfoco.com.br\\\/inicio\\\/author\\\/administrador\\\/\",\"name\":\"administrador\",\"image\":{\"@type\":\"ImageObject\",\"@id\":\"https:\\\/\\\/newsinfoco.com.br\\\/inicio\\\/eles-optaram-pelo-caminho-de-nao-valorizar-o-coletivo-diz-pc-do-b-sobre-desfiliacao-da-vereadora-juci-cardoso-e-do-suplente-adelson-filho\\\/#authorImage\",\"url\":\"https:\\\/\\\/secure.gravatar.com\\\/avatar\\\/c17a617433de8c1dc9584bb79aab7563b46f5bb7e1728c9b17d9cc3ce6a08e49?s=96&d=mm&r=g\",\"width\":96,\"height\":96,\"caption\":\"administrador\"}},{\"@type\":\"WebPage\",\"@id\":\"https:\\\/\\\/newsinfoco.com.br\\\/inicio\\\/eles-optaram-pelo-caminho-de-nao-valorizar-o-coletivo-diz-pc-do-b-sobre-desfiliacao-da-vereadora-juci-cardoso-e-do-suplente-adelson-filho\\\/#webpage\",\"url\":\"https:\\\/\\\/newsinfoco.com.br\\\/inicio\\\/eles-optaram-pelo-caminho-de-nao-valorizar-o-coletivo-diz-pc-do-b-sobre-desfiliacao-da-vereadora-juci-cardoso-e-do-suplente-adelson-filho\\\/\",\"name\":\"\\u201cEles optaram pelo caminho de n\\u00e3o valorizar o coletivo\\u201d, diz PC do B sobre desfilia\\u00e7\\u00e3o da vereadora Juci Cardoso e do suplente Adelson Filho - News In Foco - Editado por Caio Pimenta\",\"description\":\"O PC do B alagoinhense, em nota enviada na noite desta quinta-feira(05) \\u00e0 este site News Infoco, revelou os motivos que levaram o partido a propor a sa\\u00edda da vereadora Juci Cardoso e do seu suplente Adelson Filho. De acordo com a sigla, \\\"eles optaram pelo caminho de n\\u00e3o valorizar o coletivo e as inst\\u00e2ncias\",\"inLanguage\":\"pt-BR\",\"isPartOf\":{\"@id\":\"https:\\\/\\\/newsinfoco.com.br\\\/inicio\\\/#website\"},\"breadcrumb\":{\"@id\":\"https:\\\/\\\/newsinfoco.com.br\\\/inicio\\\/eles-optaram-pelo-caminho-de-nao-valorizar-o-coletivo-diz-pc-do-b-sobre-desfiliacao-da-vereadora-juci-cardoso-e-do-suplente-adelson-filho\\\/#breadcrumblist\"},\"author\":{\"@id\":\"https:\\\/\\\/newsinfoco.com.br\\\/inicio\\\/author\\\/administrador\\\/#author\"},\"creator\":{\"@id\":\"https:\\\/\\\/newsinfoco.com.br\\\/inicio\\\/author\\\/administrador\\\/#author\"},\"image\":{\"@type\":\"ImageObject\",\"url\":\"https:\\\/\\\/newsinfoco.com.br\\\/inicio\\\/wp-content\\\/uploads\\\/2023\\\/10\\\/pc-do-b-1.jpg\",\"@id\":\"https:\\\/\\\/newsinfoco.com.br\\\/inicio\\\/eles-optaram-pelo-caminho-de-nao-valorizar-o-coletivo-diz-pc-do-b-sobre-desfiliacao-da-vereadora-juci-cardoso-e-do-suplente-adelson-filho\\\/#mainImage\",\"width\":800,\"height\":600},\"primaryImageOfPage\":{\"@id\":\"https:\\\/\\\/newsinfoco.com.br\\\/inicio\\\/eles-optaram-pelo-caminho-de-nao-valorizar-o-coletivo-diz-pc-do-b-sobre-desfiliacao-da-vereadora-juci-cardoso-e-do-suplente-adelson-filho\\\/#mainImage\"},\"datePublished\":\"2023-10-05T21:52:08-03:00\",\"dateModified\":\"2023-10-05T21:52:08-03:00\"},{\"@type\":\"WebSite\",\"@id\":\"https:\\\/\\\/newsinfoco.com.br\\\/inicio\\\/#website\",\"url\":\"https:\\\/\\\/newsinfoco.com.br\\\/inicio\\\/\",\"name\":\"News In Foco - Editado por Caio Pimenta\",\"description\":\"O principal site de noticias de Alagoinhas e regi\\u00e3o\",\"inLanguage\":\"pt-BR\",\"publisher\":{\"@id\":\"https:\\\/\\\/newsinfoco.com.br\\\/inicio\\\/#organization\"}}]}\n\t\t<\/script>\n\t\t<!-- All in One SEO -->\n\n","aioseo_head_json":{"title":"\u201cEles optaram pelo caminho de n\u00e3o valorizar o coletivo\u201d, diz PC do B sobre desfilia\u00e7\u00e3o da vereadora Juci Cardoso e do suplente Adelson Filho - News In Foco - Editado por Caio Pimenta","description":"O PC do B alagoinhense, em nota enviada na noite desta quinta-feira(05) \u00e0 este site News Infoco, revelou os motivos que levaram o partido a propor a sa\u00edda da vereadora Juci Cardoso e do seu suplente Adelson Filho. De acordo com a sigla, \"eles optaram pelo caminho de n\u00e3o valorizar o coletivo e as inst\u00e2ncias","canonical_url":"https:\/\/newsinfoco.com.br\/inicio\/eles-optaram-pelo-caminho-de-nao-valorizar-o-coletivo-diz-pc-do-b-sobre-desfiliacao-da-vereadora-juci-cardoso-e-do-suplente-adelson-filho\/","robots":"max-image-preview:large","keywords":"","webmasterTools":{"miscellaneous":""},"schema":{"@context":"https:\/\/schema.org","@graph":[{"@type":"BlogPosting","@id":"https:\/\/newsinfoco.com.br\/inicio\/eles-optaram-pelo-caminho-de-nao-valorizar-o-coletivo-diz-pc-do-b-sobre-desfiliacao-da-vereadora-juci-cardoso-e-do-suplente-adelson-filho\/#blogposting","name":"\u201cEles optaram pelo caminho de n\u00e3o valorizar o coletivo\u201d, diz PC do B sobre desfilia\u00e7\u00e3o da vereadora Juci Cardoso e do suplente Adelson Filho - News In Foco - Editado por Caio Pimenta","headline":"&#8220;Eles optaram pelo caminho de n\u00e3o valorizar o coletivo&#8221;, diz PC do B sobre desfilia\u00e7\u00e3o da vereadora Juci Cardoso e do suplente Adelson Filho","author":{"@id":"https:\/\/newsinfoco.com.br\/inicio\/author\/administrador\/#author"},"publisher":{"@id":"https:\/\/newsinfoco.com.br\/inicio\/#organization"},"image":{"@type":"ImageObject","url":"https:\/\/newsinfoco.com.br\/inicio\/wp-content\/uploads\/2023\/10\/pc-do-b-1.jpg","width":800,"height":600},"datePublished":"2023-10-05T21:52:08-03:00","dateModified":"2023-10-05T21:52:08-03:00","inLanguage":"pt-BR","mainEntityOfPage":{"@id":"https:\/\/newsinfoco.com.br\/inicio\/eles-optaram-pelo-caminho-de-nao-valorizar-o-coletivo-diz-pc-do-b-sobre-desfiliacao-da-vereadora-juci-cardoso-e-do-suplente-adelson-filho\/#webpage"},"isPartOf":{"@id":"https:\/\/newsinfoco.com.br\/inicio\/eles-optaram-pelo-caminho-de-nao-valorizar-o-coletivo-diz-pc-do-b-sobre-desfiliacao-da-vereadora-juci-cardoso-e-do-suplente-adelson-filho\/#webpage"},"articleSection":"Alagoinhas e Regi\u00e3o, Manchete"},{"@type":"BreadcrumbList","@id":"https:\/\/newsinfoco.com.br\/inicio\/eles-optaram-pelo-caminho-de-nao-valorizar-o-coletivo-diz-pc-do-b-sobre-desfiliacao-da-vereadora-juci-cardoso-e-do-suplente-adelson-filho\/#breadcrumblist","itemListElement":[{"@type":"ListItem","@id":"https:\/\/newsinfoco.com.br\/inicio#listItem","position":1,"name":"In\u00edcio","item":"https:\/\/newsinfoco.com.br\/inicio","nextItem":{"@type":"ListItem","@id":"https:\/\/newsinfoco.com.br\/inicio\/category\/alagoinhas-e-regiao\/#listItem","name":"Alagoinhas e Regi\u00e3o"}},{"@type":"ListItem","@id":"https:\/\/newsinfoco.com.br\/inicio\/category\/alagoinhas-e-regiao\/#listItem","position":2,"name":"Alagoinhas e Regi\u00e3o","item":"https:\/\/newsinfoco.com.br\/inicio\/category\/alagoinhas-e-regiao\/","nextItem":{"@type":"ListItem","@id":"https:\/\/newsinfoco.com.br\/inicio\/eles-optaram-pelo-caminho-de-nao-valorizar-o-coletivo-diz-pc-do-b-sobre-desfiliacao-da-vereadora-juci-cardoso-e-do-suplente-adelson-filho\/#listItem","name":"&#8220;Eles optaram pelo caminho de n\u00e3o valorizar o coletivo&#8221;, diz PC do B sobre desfilia\u00e7\u00e3o da vereadora Juci Cardoso e do suplente Adelson Filho"},"previousItem":{"@type":"ListItem","@id":"https:\/\/newsinfoco.com.br\/inicio#listItem","name":"In\u00edcio"}},{"@type":"ListItem","@id":"https:\/\/newsinfoco.com.br\/inicio\/eles-optaram-pelo-caminho-de-nao-valorizar-o-coletivo-diz-pc-do-b-sobre-desfiliacao-da-vereadora-juci-cardoso-e-do-suplente-adelson-filho\/#listItem","position":3,"name":"&#8220;Eles optaram pelo caminho de n\u00e3o valorizar o coletivo&#8221;, diz PC do B sobre desfilia\u00e7\u00e3o da vereadora Juci Cardoso e do suplente Adelson Filho","previousItem":{"@type":"ListItem","@id":"https:\/\/newsinfoco.com.br\/inicio\/category\/alagoinhas-e-regiao\/#listItem","name":"Alagoinhas e Regi\u00e3o"}}]},{"@type":"Organization","@id":"https:\/\/newsinfoco.com.br\/inicio\/#organization","name":"News In Foco - Editado por Caio Pimenta","description":"O principal site de noticias de Alagoinhas e regi\u00e3o","url":"https:\/\/newsinfoco.com.br\/inicio\/"},{"@type":"Person","@id":"https:\/\/newsinfoco.com.br\/inicio\/author\/administrador\/#author","url":"https:\/\/newsinfoco.com.br\/inicio\/author\/administrador\/","name":"administrador","image":{"@type":"ImageObject","@id":"https:\/\/newsinfoco.com.br\/inicio\/eles-optaram-pelo-caminho-de-nao-valorizar-o-coletivo-diz-pc-do-b-sobre-desfiliacao-da-vereadora-juci-cardoso-e-do-suplente-adelson-filho\/#authorImage","url":"https:\/\/secure.gravatar.com\/avatar\/c17a617433de8c1dc9584bb79aab7563b46f5bb7e1728c9b17d9cc3ce6a08e49?s=96&d=mm&r=g","width":96,"height":96,"caption":"administrador"}},{"@type":"WebPage","@id":"https:\/\/newsinfoco.com.br\/inicio\/eles-optaram-pelo-caminho-de-nao-valorizar-o-coletivo-diz-pc-do-b-sobre-desfiliacao-da-vereadora-juci-cardoso-e-do-suplente-adelson-filho\/#webpage","url":"https:\/\/newsinfoco.com.br\/inicio\/eles-optaram-pelo-caminho-de-nao-valorizar-o-coletivo-diz-pc-do-b-sobre-desfiliacao-da-vereadora-juci-cardoso-e-do-suplente-adelson-filho\/","name":"\u201cEles optaram pelo caminho de n\u00e3o valorizar o coletivo\u201d, diz PC do B sobre desfilia\u00e7\u00e3o da vereadora Juci Cardoso e do suplente Adelson Filho - News In Foco - Editado por Caio Pimenta","description":"O PC do B alagoinhense, em nota enviada na noite desta quinta-feira(05) \u00e0 este site News Infoco, revelou os motivos que levaram o partido a propor a sa\u00edda da vereadora Juci Cardoso e do seu suplente Adelson Filho. De acordo com a sigla, \"eles optaram pelo caminho de n\u00e3o valorizar o coletivo e as inst\u00e2ncias","inLanguage":"pt-BR","isPartOf":{"@id":"https:\/\/newsinfoco.com.br\/inicio\/#website"},"breadcrumb":{"@id":"https:\/\/newsinfoco.com.br\/inicio\/eles-optaram-pelo-caminho-de-nao-valorizar-o-coletivo-diz-pc-do-b-sobre-desfiliacao-da-vereadora-juci-cardoso-e-do-suplente-adelson-filho\/#breadcrumblist"},"author":{"@id":"https:\/\/newsinfoco.com.br\/inicio\/author\/administrador\/#author"},"creator":{"@id":"https:\/\/newsinfoco.com.br\/inicio\/author\/administrador\/#author"},"image":{"@type":"ImageObject","url":"https:\/\/newsinfoco.com.br\/inicio\/wp-content\/uploads\/2023\/10\/pc-do-b-1.jpg","@id":"https:\/\/newsinfoco.com.br\/inicio\/eles-optaram-pelo-caminho-de-nao-valorizar-o-coletivo-diz-pc-do-b-sobre-desfiliacao-da-vereadora-juci-cardoso-e-do-suplente-adelson-filho\/#mainImage","width":800,"height":600},"primaryImageOfPage":{"@id":"https:\/\/newsinfoco.com.br\/inicio\/eles-optaram-pelo-caminho-de-nao-valorizar-o-coletivo-diz-pc-do-b-sobre-desfiliacao-da-vereadora-juci-cardoso-e-do-suplente-adelson-filho\/#mainImage"},"datePublished":"2023-10-05T21:52:08-03:00","dateModified":"2023-10-05T21:52:08-03:00"},{"@type":"WebSite","@id":"https:\/\/newsinfoco.com.br\/inicio\/#website","url":"https:\/\/newsinfoco.com.br\/inicio\/","name":"News In Foco - Editado por Caio Pimenta","description":"O principal site de noticias de Alagoinhas e regi\u00e3o","inLanguage":"pt-BR","publisher":{"@id":"https:\/\/newsinfoco.com.br\/inicio\/#organization"}}]},"og:locale":"pt_BR","og:site_name":"News In Foco - Editado por Caio Pimenta - O principal site de noticias de Alagoinhas e regi\u00e3o","og:type":"article","og:title":"\u201cEles optaram pelo caminho de n\u00e3o valorizar o coletivo\u201d, diz PC do B sobre desfilia\u00e7\u00e3o da vereadora Juci Cardoso e do suplente Adelson Filho - News In Foco - Editado por Caio Pimenta","og:description":"O PC do B alagoinhense, em nota enviada na noite desta quinta-feira(05) \u00e0 este site News Infoco, revelou os motivos que levaram o partido a propor a sa\u00edda da vereadora Juci Cardoso e do seu suplente Adelson Filho. De acordo com a sigla, &quot;eles optaram pelo caminho de n\u00e3o valorizar o coletivo e as inst\u00e2ncias","og:url":"https:\/\/newsinfoco.com.br\/inicio\/eles-optaram-pelo-caminho-de-nao-valorizar-o-coletivo-diz-pc-do-b-sobre-desfiliacao-da-vereadora-juci-cardoso-e-do-suplente-adelson-filho\/","article:published_time":"2023-10-06T00:52:08+00:00","article:modified_time":"2023-10-06T00:52:08+00:00","twitter:card":"summary_large_image","twitter:title":"\u201cEles optaram pelo caminho de n\u00e3o valorizar o coletivo\u201d, diz PC do B sobre desfilia\u00e7\u00e3o da vereadora Juci Cardoso e do suplente Adelson Filho - News In Foco - Editado por Caio Pimenta","twitter:description":"O PC do B alagoinhense, em nota enviada na noite desta quinta-feira(05) \u00e0 este site News Infoco, revelou os motivos que levaram o partido a propor a sa\u00edda da vereadora Juci Cardoso e do seu suplente Adelson Filho. De acordo com a sigla, &quot;eles optaram pelo caminho de n\u00e3o valorizar o coletivo e as inst\u00e2ncias"},"aioseo_meta_data":{"post_id":"35163","title":null,"description":null,"keywords":[],"keyphrases":{"focus":{"keyphrase":"","score":0,"analysis":{"keyphraseInTitle":{"score":0,"maxScore":9,"error":1}}},"additional":[]},"primary_term":null,"canonical_url":null,"og_title":null,"og_description":null,"og_object_type":"default","og_image_type":"default","og_image_url":null,"og_image_width":null,"og_image_height":null,"og_image_custom_url":null,"og_image_custom_fields":null,"og_video":"","og_custom_url":null,"og_article_section":null,"og_article_tags":[],"twitter_use_og":false,"twitter_card":"default","twitter_image_type":"default","twitter_image_url":null,"twitter_image_custom_url":null,"twitter_image_custom_fields":null,"twitter_title":null,"twitter_description":null,"schema":{"blockGraphs":[],"customGraphs":[],"default":{"data":{"Article":[],"Course":[],"Dataset":[],"FAQPage":[],"Movie":[],"Person":[],"Product":[],"ProductReview":[],"Car":[],"Recipe":[],"Service":[],"SoftwareApplication":[],"WebPage":[]},"graphName":"BlogPosting","isEnabled":true},"graphs":[]},"schema_type":"default","schema_type_options":null,"pillar_content":false,"robots_default":true,"robots_noindex":false,"robots_noarchive":false,"robots_nosnippet":false,"robots_nofollow":false,"robots_noimageindex":false,"robots_noodp":false,"robots_notranslate":false,"robots_max_snippet":"-1","robots_max_videopreview":"-1","robots_max_imagepreview":"large","priority":null,"frequency":"default","local_seo":null,"breadcrumb_settings":null,"limit_modified_date":false,"ai":null,"created":"2023-10-06 00:52:08","updated":"2025-07-11 10:17:04","seo_analyzer_scan_date":null},"aioseo_breadcrumb":"<div class=\"aioseo-breadcrumbs\"><span class=\"aioseo-breadcrumb\">\n\t\t\t<a href=\"https:\/\/newsinfoco.com.br\/inicio\" title=\"In\u00edcio\">In\u00edcio<\/a>\n\t\t<\/span><span class=\"aioseo-breadcrumb-separator\">&raquo;<\/span><span class=\"aioseo-breadcrumb\">\n\t\t\t<a href=\"https:\/\/newsinfoco.com.br\/inicio\/category\/alagoinhas-e-regiao\/\" title=\"Alagoinhas e Regi\u00e3o\">Alagoinhas e Regi\u00e3o<\/a>\n\t\t<\/span><span class=\"aioseo-breadcrumb-separator\">&raquo;<\/span><span class=\"aioseo-breadcrumb\">\n\t\t\t\u201cEles optaram pelo caminho de n\u00e3o valorizar o coletivo\u201d, diz PC do B sobre desfilia\u00e7\u00e3o da vereadora Juci Cardoso e do suplente Adelson Filho\n\t\t<\/span><\/div>","aioseo_breadcrumb_json":[{"label":"In\u00edcio","link":"https:\/\/newsinfoco.com.br\/inicio"},{"label":"Alagoinhas e Regi\u00e3o","link":"https:\/\/newsinfoco.com.br\/inicio\/category\/alagoinhas-e-regiao\/"},{"label":"&#8220;Eles optaram pelo caminho de n\u00e3o valorizar o coletivo&#8221;, diz PC do B sobre desfilia\u00e7\u00e3o da vereadora Juci Cardoso e do suplente Adelson Filho","link":"https:\/\/newsinfoco.com.br\/inicio\/eles-optaram-pelo-caminho-de-nao-valorizar-o-coletivo-diz-pc-do-b-sobre-desfiliacao-da-vereadora-juci-cardoso-e-do-suplente-adelson-filho\/"}],"_links":{"self":[{"href":"https:\/\/newsinfoco.com.br\/inicio\/wp-json\/wp\/v2\/posts\/35163","targetHints":{"allow":["GET"]}}],"collection":[{"href":"https:\/\/newsinfoco.com.br\/inicio\/wp-json\/wp\/v2\/posts"}],"about":[{"href":"https:\/\/newsinfoco.com.br\/inicio\/wp-json\/wp\/v2\/types\/post"}],"author":[{"embeddable":true,"href":"https:\/\/newsinfoco.com.br\/inicio\/wp-json\/wp\/v2\/users\/1"}],"replies":[{"embeddable":true,"href":"https:\/\/newsinfoco.com.br\/inicio\/wp-json\/wp\/v2\/comments?post=35163"}],"version-history":[{"count":1,"href":"https:\/\/newsinfoco.com.br\/inicio\/wp-json\/wp\/v2\/posts\/35163\/revisions"}],"predecessor-version":[{"id":35165,"href":"https:\/\/newsinfoco.com.br\/inicio\/wp-json\/wp\/v2\/posts\/35163\/revisions\/35165"}],"wp:featuredmedia":[{"embeddable":true,"href":"https:\/\/newsinfoco.com.br\/inicio\/wp-json\/wp\/v2\/media\/35164"}],"wp:attachment":[{"href":"https:\/\/newsinfoco.com.br\/inicio\/wp-json\/wp\/v2\/media?parent=35163"}],"wp:term":[{"taxonomy":"category","embeddable":true,"href":"https:\/\/newsinfoco.com.br\/inicio\/wp-json\/wp\/v2\/categories?post=35163"},{"taxonomy":"post_tag","embeddable":true,"href":"https:\/\/newsinfoco.com.br\/inicio\/wp-json\/wp\/v2\/tags?post=35163"}],"curies":[{"name":"wp","href":"https:\/\/api.w.org\/{rel}","templated":true}]}}