{"id":35173,"date":"2023-10-06T15:12:18","date_gmt":"2023-10-06T18:12:18","guid":{"rendered":"https:\/\/newsinfoco.com.br\/inicio\/?p=35173"},"modified":"2023-10-06T15:12:18","modified_gmt":"2023-10-06T18:12:18","slug":"provedor-legal-cidade-limpa-projeto-oferece-solucao-para-emaranhados-de-fios-nos-postes-de-alagoinhas","status":"publish","type":"post","link":"https:\/\/newsinfoco.com.br\/inicio\/provedor-legal-cidade-limpa-projeto-oferece-solucao-para-emaranhados-de-fios-nos-postes-de-alagoinhas\/","title":{"rendered":"\u201cProvedor Legal, Cidade Limpa\u201d: projeto oferece solu\u00e7\u00e3o para emaranhados de fios nos postes de Alagoinhas"},"content":{"rendered":"<p>Come\u00e7ou a ser implementado nesta quinta-feira (05) o projeto \u201cProvedor Legal, Cidade Limpa\u201d, que busca melhorar as condi\u00e7\u00f5es de instala\u00e7\u00e3o de cabos de internet\u00a0nos postes de energia el\u00e9trica. O projeto, iniciativa da vereadora Juci Cardoso, est\u00e1 sendo executado numa parceria entre a Prefeitura de Alagoinhas, por meio das secretarias de Servi\u00e7os P\u00fablicos (SESEP) e de Desenvolvimento Econ\u00f4mico e Meio Ambiente (SEDEA), a C\u00e2mara de Vereadores, a Neoenergia Coelba e as empresas provedoras de internet da cidade.<\/p>\n<p><a class=\"group1 cboxElement\" href=\"https:\/\/www.alagoinhas.ba.gov.br\/wp-content\/uploads\/2023\/10\/WhatsApp-Image-2023-10-05-at-11.02.48.jpeg\"><img loading=\"lazy\" decoding=\"async\" class=\"aligncenter size-full wp-image-69723\" src=\"https:\/\/www.alagoinhas.ba.gov.br\/wp-content\/uploads\/2023\/10\/WhatsApp-Image-2023-10-05-at-11.02.48.jpeg\" sizes=\"auto, (max-width: 1600px) 100vw, 1600px\" srcset=\"https:\/\/www.alagoinhas.ba.gov.br\/wp-content\/uploads\/2023\/10\/WhatsApp-Image-2023-10-05-at-11.02.48.jpeg 1600w, https:\/\/www.alagoinhas.ba.gov.br\/wp-content\/uploads\/2023\/10\/WhatsApp-Image-2023-10-05-at-11.02.48-300x200.jpeg 300w, https:\/\/www.alagoinhas.ba.gov.br\/wp-content\/uploads\/2023\/10\/WhatsApp-Image-2023-10-05-at-11.02.48-768x512.jpeg 768w, https:\/\/www.alagoinhas.ba.gov.br\/wp-content\/uploads\/2023\/10\/WhatsApp-Image-2023-10-05-at-11.02.48-1024x682.jpeg 1024w, https:\/\/www.alagoinhas.ba.gov.br\/wp-content\/uploads\/2023\/10\/WhatsApp-Image-2023-10-05-at-11.02.48-24x16.jpeg 24w\" alt=\"\" width=\"1600\" height=\"1066\" \/><\/a><\/p>\n<p>A motiva\u00e7\u00e3o para a\u00e7\u00e3o \u00e9 a condi\u00e7\u00e3o de desordenamento dos fios e cabos instalados nos postes, que al\u00e9m da polui\u00e7\u00e3o visual, traz riscos de focos de inc\u00eandios, colocando em perigo a popula\u00e7\u00e3o. Na primeira etapa, ser\u00e1 feita a retirada dos fios obsoletos, que est\u00e3o h\u00e1 anos nos postes sem utilidade alguma. Esse trabalho est\u00e1 sendo feito pelas empresas provedoras de internet com total seguran\u00e7a, com o apoio da SESEP e com todo o suporte da Neoenergia Coelba. Esta \u00faltima tamb\u00e9m atua no processo de regulamenta\u00e7\u00e3o das empresas, autorizando o uso dos postes. O ponto de partida foi nas ruas de Alagoinhas Velha, que segundo a organiza\u00e7\u00e3o do projeto, \u00e9 um bairro em que recentemente houve focos de inc\u00eandio. A opera\u00e7\u00e3o seguir\u00e1 por outros pontos tamb\u00e9m cr\u00edticos da cidade.<\/p>\n<p><img loading=\"lazy\" decoding=\"async\" class=\"aligncenter size-full wp-image-69725\" src=\"https:\/\/www.alagoinhas.ba.gov.br\/wp-content\/uploads\/2023\/10\/WhatsApp-Image-2023-10-05-at-11.02.49-2.jpeg\" sizes=\"auto, (max-width: 1600px) 100vw, 1600px\" srcset=\"https:\/\/www.alagoinhas.ba.gov.br\/wp-content\/uploads\/2023\/10\/WhatsApp-Image-2023-10-05-at-11.02.49-2.jpeg 1600w, https:\/\/www.alagoinhas.ba.gov.br\/wp-content\/uploads\/2023\/10\/WhatsApp-Image-2023-10-05-at-11.02.49-2-300x200.jpeg 300w, https:\/\/www.alagoinhas.ba.gov.br\/wp-content\/uploads\/2023\/10\/WhatsApp-Image-2023-10-05-at-11.02.49-2-768x512.jpeg 768w, https:\/\/www.alagoinhas.ba.gov.br\/wp-content\/uploads\/2023\/10\/WhatsApp-Image-2023-10-05-at-11.02.49-2-1024x682.jpeg 1024w, https:\/\/www.alagoinhas.ba.gov.br\/wp-content\/uploads\/2023\/10\/WhatsApp-Image-2023-10-05-at-11.02.49-2-24x16.jpeg 24w\" alt=\"\" width=\"1600\" height=\"1066\" \/><\/p>\n<p>Juci Cardoso explica que o projeto compreende a\u00e7\u00f5es a m\u00e9dio e longo prazo, inclu\u00eddas na proposta de um Projeto de Lei, de sua autoria, para disciplinar a atua\u00e7\u00e3o dos provedores de internet na cidade. \u201cEsse problema n\u00e3o nasceu agora; e n\u00e3o\u00a0s\u00e3o esses provedores que criaram o problema. A\u00a0maioria absoluta das empresas mostra boa-f\u00e9 e disposi\u00e7\u00e3o para fazer o trabalho em condi\u00e7\u00f5es adequadas de seguran\u00e7a. Temos trabalhado em rela\u00e7\u00e3o \u00e0 garantia, a regulariza\u00e7\u00e3o\u00a0desse servi\u00e7o, porque eles s\u00e3o respons\u00e1veis n\u00e3o s\u00f3 pela gera\u00e7\u00e3o de emprego em nosso munic\u00edpio, mas tamb\u00e9m pela inclus\u00e3o digital. Majoritariamente as comunidades, os \u00f3rg\u00e3os p\u00fablicos inclusive, s\u00e3o assistidos a partir desses provedores. Fazendo esse trabalho de forma progressiva, esperamos ter aqui em nossa cidade um piloto para o nosso Estado e para o Brasil tamb\u00e9m\u201d, destaca a vereadora.<\/p>\n<p><img loading=\"lazy\" decoding=\"async\" class=\"aligncenter size-full wp-image-69739\" src=\"https:\/\/www.alagoinhas.ba.gov.br\/wp-content\/uploads\/2023\/10\/WhatsApp-Image-2023-10-05-at-11.05.15-1.jpeg\" sizes=\"auto, (max-width: 1600px) 100vw, 1600px\" srcset=\"https:\/\/www.alagoinhas.ba.gov.br\/wp-content\/uploads\/2023\/10\/WhatsApp-Image-2023-10-05-at-11.05.15-1.jpeg 1600w, https:\/\/www.alagoinhas.ba.gov.br\/wp-content\/uploads\/2023\/10\/WhatsApp-Image-2023-10-05-at-11.05.15-1-300x200.jpeg 300w, https:\/\/www.alagoinhas.ba.gov.br\/wp-content\/uploads\/2023\/10\/WhatsApp-Image-2023-10-05-at-11.05.15-1-768x512.jpeg 768w, https:\/\/www.alagoinhas.ba.gov.br\/wp-content\/uploads\/2023\/10\/WhatsApp-Image-2023-10-05-at-11.05.15-1-1024x682.jpeg 1024w, https:\/\/www.alagoinhas.ba.gov.br\/wp-content\/uploads\/2023\/10\/WhatsApp-Image-2023-10-05-at-11.05.15-1-24x16.jpeg 24w\" alt=\"\" width=\"1600\" height=\"1066\" \/><\/p>\n<p>As empresas de internet far\u00e3o o servi\u00e7o bra\u00e7al, conforme explica Geanderson Batista, representante dos provedores: \u201cEu costumo dizer que n\u00f3s somos a verdadeira inclus\u00e3o digital e social da regi\u00e3o. Estamos abra\u00e7ando esse projeto de regulamenta\u00e7\u00e3o do compartilhamento de postes na cidade.\u00a0Vamos\u00a0remover todos os cabos que est\u00e3o com a ponta solta, enrolados no poste, desativados h\u00e1 anos.\u00a0Vamos, de fato, contribuir com o bem-estar da popula\u00e7\u00e3o e tamb\u00e9m dar uma seguran\u00e7a maior aos nossos colaboradores\u201d. Geanderson salienta que n\u00e3o haver\u00e1 interrup\u00e7\u00e3o do sinal para os usu\u00e1rios.<\/p>\n<p>A SESEP \u00e9 respons\u00e1vel pelo apoio operacional \u00e0 a\u00e7\u00e3o. \u201cEssa \u00e9 uma situa\u00e7\u00e3o que acontece n\u00e3o s\u00f3 em Alagoinhas, mas em v\u00e1rias cidades do pa\u00eds. Estamos dando total apoio ao projeto; a SESEP\u00a0entra com suporte log\u00edstico, como o cesto a\u00e9reo, autom\u00f3veis para recolher os fios etc. Certamente, vamos dar seguimento ao trabalho para reduzir esse transtorno\u201d, afirma Roberto Torres, vice-prefeito e secret\u00e1rio de Servi\u00e7os P\u00fablicos.<\/p>\n<p><img loading=\"lazy\" decoding=\"async\" class=\"aligncenter size-full wp-image-69726\" src=\"https:\/\/www.alagoinhas.ba.gov.br\/wp-content\/uploads\/2023\/10\/WhatsApp-Image-2023-10-05-at-11.02.49-3.jpeg\" sizes=\"auto, (max-width: 1600px) 100vw, 1600px\" srcset=\"https:\/\/www.alagoinhas.ba.gov.br\/wp-content\/uploads\/2023\/10\/WhatsApp-Image-2023-10-05-at-11.02.49-3.jpeg 1600w, https:\/\/www.alagoinhas.ba.gov.br\/wp-content\/uploads\/2023\/10\/WhatsApp-Image-2023-10-05-at-11.02.49-3-300x200.jpeg 300w, https:\/\/www.alagoinhas.ba.gov.br\/wp-content\/uploads\/2023\/10\/WhatsApp-Image-2023-10-05-at-11.02.49-3-768x512.jpeg 768w, https:\/\/www.alagoinhas.ba.gov.br\/wp-content\/uploads\/2023\/10\/WhatsApp-Image-2023-10-05-at-11.02.49-3-1024x682.jpeg 1024w, https:\/\/www.alagoinhas.ba.gov.br\/wp-content\/uploads\/2023\/10\/WhatsApp-Image-2023-10-05-at-11.02.49-3-24x16.jpeg 24w\" alt=\"\" width=\"1600\" height=\"1066\" \/><\/p>\n<p>Destacando a import\u00e2ncia que o segmento de provimento de internet tem para o desenvolvimento do munic\u00edpio e para a atra\u00e7\u00e3o de novos investimentos, o secret\u00e1rio de Desenvolvimento Econ\u00f4mico e Meio Ambiente, Bruno Fagundes, relata o que motiva a participa\u00e7\u00e3o da secretaria no projeto. \u201cN\u00e3o existe investimento em locais onde n\u00e3o haja comunica\u00e7\u00e3o de qualidade. O provedor gera emprego e renda para o munic\u00edpio. A preocupa\u00e7\u00e3o da\u00a0SEDEA\u00a0em\u00a0participar desse processo\u00a0\u00e9 garantir que seja uma a\u00e7\u00e3o realizada com qualidade e seguran\u00e7a para todos. Eu desconhe\u00e7o uma iniciativa como essa\u00a0no\u00a0Estado da Bahia e Alagoinhas est\u00e1 sendo precursora desse movimento\u201d, reconhece Bruno.<\/p>\n<p><img loading=\"lazy\" decoding=\"async\" class=\"aligncenter size-full wp-image-69742\" src=\"https:\/\/www.alagoinhas.ba.gov.br\/wp-content\/uploads\/2023\/10\/WhatsApp-Image-2023-10-05-at-15.04.32.jpeg\" sizes=\"auto, (max-width: 1280px) 100vw, 1280px\" srcset=\"https:\/\/www.alagoinhas.ba.gov.br\/wp-content\/uploads\/2023\/10\/WhatsApp-Image-2023-10-05-at-15.04.32.jpeg 1280w, https:\/\/www.alagoinhas.ba.gov.br\/wp-content\/uploads\/2023\/10\/WhatsApp-Image-2023-10-05-at-15.04.32-300x135.jpeg 300w, https:\/\/www.alagoinhas.ba.gov.br\/wp-content\/uploads\/2023\/10\/WhatsApp-Image-2023-10-05-at-15.04.32-768x346.jpeg 768w, https:\/\/www.alagoinhas.ba.gov.br\/wp-content\/uploads\/2023\/10\/WhatsApp-Image-2023-10-05-at-15.04.32-1024x461.jpeg 1024w, https:\/\/www.alagoinhas.ba.gov.br\/wp-content\/uploads\/2023\/10\/WhatsApp-Image-2023-10-05-at-15.04.32-24x11.jpeg 24w\" alt=\"\" width=\"1280\" height=\"576\" \/><\/p>\n<p>Cleto da Banana, presidente da C\u00e2mara de Vereadores,\u00a0institui\u00e7\u00e3o que integra a for\u00e7a-tarefa ressaltou a import\u00e2ncia da iniciativa: \u201cEsse trabalho \u00e9 muito importante para o munic\u00edpio, pois esse emaranhado de fios tem criado muitos transtornos. Sem d\u00favidas, essa a\u00e7\u00e3o, que est\u00e1 sendo feita por \u2018v\u00e1rias m\u00e3os\u2019 vai ser importante para solucionar esse problema.\u201d<\/p>\n<p>Para a vereadora Juci, \u00e9 importante que a popula\u00e7\u00e3o esteja atenta ao tipo de empresa que contrata para o servi\u00e7o: \u201c\u00c0s vezes o provedor oferece internet mais barata, mas sem\u00a0nenhuma seguran\u00e7a. Eu, como popula\u00e7\u00e3o, tamb\u00e9m j\u00e1 vou rejeitar esse servi\u00e7o para valorizar aqueles que querem fazer o trabalho da forma certa, que v\u00e3o garantir um servi\u00e7o de qualidade e um trabalho seguro.\u201d<\/p>\n<p>Veja abaixo um exemplo de \u201cantes\u201d e \u201cdepois\u201d da interven\u00e7\u00e3o do projeto:<\/p>\n<p><strong>ANTES<\/strong><\/p>\n<p><img loading=\"lazy\" decoding=\"async\" class=\"aligncenter size-full wp-image-69752\" src=\"https:\/\/www.alagoinhas.ba.gov.br\/wp-content\/uploads\/2023\/10\/IMG-20231005-WA0016.jpg\" sizes=\"auto, (max-width: 1280px) 100vw, 1280px\" srcset=\"https:\/\/www.alagoinhas.ba.gov.br\/wp-content\/uploads\/2023\/10\/IMG-20231005-WA0016.jpg 1280w, https:\/\/www.alagoinhas.ba.gov.br\/wp-content\/uploads\/2023\/10\/IMG-20231005-WA0016-300x135.jpg 300w, https:\/\/www.alagoinhas.ba.gov.br\/wp-content\/uploads\/2023\/10\/IMG-20231005-WA0016-768x346.jpg 768w, https:\/\/www.alagoinhas.ba.gov.br\/wp-content\/uploads\/2023\/10\/IMG-20231005-WA0016-1024x461.jpg 1024w, https:\/\/www.alagoinhas.ba.gov.br\/wp-content\/uploads\/2023\/10\/IMG-20231005-WA0016-24x11.jpg 24w\" alt=\"\" width=\"1280\" height=\"576\" \/><\/p>\n<p><strong>DEPOIS<\/strong><\/p>\n<p><a class=\"group1 cboxElement\" href=\"https:\/\/www.alagoinhas.ba.gov.br\/wp-content\/uploads\/2023\/10\/IMG-20231005-WA0017.jpg\"><img loading=\"lazy\" decoding=\"async\" class=\"aligncenter size-full wp-image-69751\" src=\"https:\/\/www.alagoinhas.ba.gov.br\/wp-content\/uploads\/2023\/10\/IMG-20231005-WA0017.jpg\" sizes=\"auto, (max-width: 1280px) 100vw, 1280px\" srcset=\"https:\/\/www.alagoinhas.ba.gov.br\/wp-content\/uploads\/2023\/10\/IMG-20231005-WA0017.jpg 1280w, https:\/\/www.alagoinhas.ba.gov.br\/wp-content\/uploads\/2023\/10\/IMG-20231005-WA0017-300x135.jpg 300w, https:\/\/www.alagoinhas.ba.gov.br\/wp-content\/uploads\/2023\/10\/IMG-20231005-WA0017-768x346.jpg 768w, https:\/\/www.alagoinhas.ba.gov.br\/wp-content\/uploads\/2023\/10\/IMG-20231005-WA0017-1024x461.jpg 1024w, https:\/\/www.alagoinhas.ba.gov.br\/wp-content\/uploads\/2023\/10\/IMG-20231005-WA0017-24x11.jpg 24w\" alt=\"\" width=\"1280\" height=\"576\" \/><\/a><\/p>\n<p>Confira mais imagens do primeiro dia de a\u00e7\u00e3o:<\/p>\n<p><a class=\"group1 cboxElement\" href=\"https:\/\/www.alagoinhas.ba.gov.br\/wp-content\/uploads\/2023\/10\/WhatsApp-Image-2023-10-05-at-11.05.14-2.jpeg\"><img loading=\"lazy\" decoding=\"async\" class=\"aligncenter size-full wp-image-69737\" src=\"https:\/\/www.alagoinhas.ba.gov.br\/wp-content\/uploads\/2023\/10\/WhatsApp-Image-2023-10-05-at-11.05.14-2.jpeg\" sizes=\"auto, (max-width: 1600px) 100vw, 1600px\" srcset=\"https:\/\/www.alagoinhas.ba.gov.br\/wp-content\/uploads\/2023\/10\/WhatsApp-Image-2023-10-05-at-11.05.14-2.jpeg 1600w, https:\/\/www.alagoinhas.ba.gov.br\/wp-content\/uploads\/2023\/10\/WhatsApp-Image-2023-10-05-at-11.05.14-2-300x200.jpeg 300w, https:\/\/www.alagoinhas.ba.gov.br\/wp-content\/uploads\/2023\/10\/WhatsApp-Image-2023-10-05-at-11.05.14-2-768x512.jpeg 768w, https:\/\/www.alagoinhas.ba.gov.br\/wp-content\/uploads\/2023\/10\/WhatsApp-Image-2023-10-05-at-11.05.14-2-1024x682.jpeg 1024w, https:\/\/www.alagoinhas.ba.gov.br\/wp-content\/uploads\/2023\/10\/WhatsApp-Image-2023-10-05-at-11.05.14-2-24x16.jpeg 24w\" alt=\"\" width=\"1600\" height=\"1066\" \/><\/a><\/p>\n<p><a class=\"group1 cboxElement\" href=\"https:\/\/www.alagoinhas.ba.gov.br\/wp-content\/uploads\/2023\/10\/WhatsApp-Image-2023-10-05-at-11.05.15-2.jpeg\"><img loading=\"lazy\" decoding=\"async\" class=\"aligncenter size-full wp-image-69740\" src=\"https:\/\/www.alagoinhas.ba.gov.br\/wp-content\/uploads\/2023\/10\/WhatsApp-Image-2023-10-05-at-11.05.15-2.jpeg\" sizes=\"auto, (max-width: 1600px) 100vw, 1600px\" srcset=\"https:\/\/www.alagoinhas.ba.gov.br\/wp-content\/uploads\/2023\/10\/WhatsApp-Image-2023-10-05-at-11.05.15-2.jpeg 1600w, https:\/\/www.alagoinhas.ba.gov.br\/wp-content\/uploads\/2023\/10\/WhatsApp-Image-2023-10-05-at-11.05.15-2-300x200.jpeg 300w, https:\/\/www.alagoinhas.ba.gov.br\/wp-content\/uploads\/2023\/10\/WhatsApp-Image-2023-10-05-at-11.05.15-2-768x512.jpeg 768w, https:\/\/www.alagoinhas.ba.gov.br\/wp-content\/uploads\/2023\/10\/WhatsApp-Image-2023-10-05-at-11.05.15-2-1024x682.jpeg 1024w, https:\/\/www.alagoinhas.ba.gov.br\/wp-content\/uploads\/2023\/10\/WhatsApp-Image-2023-10-05-at-11.05.15-2-24x16.jpeg 24w\" alt=\"\" width=\"1600\" height=\"1066\" \/><\/a><\/p>\n<p><img loading=\"lazy\" decoding=\"async\" class=\"aligncenter size-full wp-image-69730\" src=\"https:\/\/www.alagoinhas.ba.gov.br\/wp-content\/uploads\/2023\/10\/WhatsApp-Image-2023-10-05-at-11.03.47-1.jpeg\" sizes=\"auto, (max-width: 1600px) 100vw, 1600px\" srcset=\"https:\/\/www.alagoinhas.ba.gov.br\/wp-content\/uploads\/2023\/10\/WhatsApp-Image-2023-10-05-at-11.03.47-1.jpeg 1600w, https:\/\/www.alagoinhas.ba.gov.br\/wp-content\/uploads\/2023\/10\/WhatsApp-Image-2023-10-05-at-11.03.47-1-300x200.jpeg 300w, https:\/\/www.alagoinhas.ba.gov.br\/wp-content\/uploads\/2023\/10\/WhatsApp-Image-2023-10-05-at-11.03.47-1-768x512.jpeg 768w, https:\/\/www.alagoinhas.ba.gov.br\/wp-content\/uploads\/2023\/10\/WhatsApp-Image-2023-10-05-at-11.03.47-1-1024x682.jpeg 1024w, https:\/\/www.alagoinhas.ba.gov.br\/wp-content\/uploads\/2023\/10\/WhatsApp-Image-2023-10-05-at-11.03.47-1-24x16.jpeg 24w\" alt=\"\" width=\"1600\" height=\"1066\" \/><\/p>\n<p><img loading=\"lazy\" decoding=\"async\" class=\"aligncenter size-full wp-image-69743\" src=\"https:\/\/www.alagoinhas.ba.gov.br\/wp-content\/uploads\/2023\/10\/WhatsApp-Image-2023-10-05-at-15.04.32-2.jpeg\" sizes=\"auto, (max-width: 1440px) 100vw, 1440px\" srcset=\"https:\/\/www.alagoinhas.ba.gov.br\/wp-content\/uploads\/2023\/10\/WhatsApp-Image-2023-10-05-at-15.04.32-2.jpeg 1440w, https:\/\/www.alagoinhas.ba.gov.br\/wp-content\/uploads\/2023\/10\/WhatsApp-Image-2023-10-05-at-15.04.32-2-300x135.jpeg 300w, https:\/\/www.alagoinhas.ba.gov.br\/wp-content\/uploads\/2023\/10\/WhatsApp-Image-2023-10-05-at-15.04.32-2-768x346.jpeg 768w, https:\/\/www.alagoinhas.ba.gov.br\/wp-content\/uploads\/2023\/10\/WhatsApp-Image-2023-10-05-at-15.04.32-2-1024x461.jpeg 1024w, https:\/\/www.alagoinhas.ba.gov.br\/wp-content\/uploads\/2023\/10\/WhatsApp-Image-2023-10-05-at-15.04.32-2-24x11.jpeg 24w\" alt=\"\" width=\"1440\" height=\"648\" \/><\/p>\n<p><a class=\"group1 cboxElement\" href=\"https:\/\/www.alagoinhas.ba.gov.br\/wp-content\/uploads\/2023\/10\/WhatsApp-Image-2023-10-05-at-11.05.14-2.jpeg\"><img loading=\"lazy\" decoding=\"async\" class=\"aligncenter size-full wp-image-69737\" src=\"https:\/\/www.alagoinhas.ba.gov.br\/wp-content\/uploads\/2023\/10\/WhatsApp-Image-2023-10-05-at-11.05.14-2.jpeg\" sizes=\"auto, (max-width: 1600px) 100vw, 1600px\" srcset=\"https:\/\/www.alagoinhas.ba.gov.br\/wp-content\/uploads\/2023\/10\/WhatsApp-Image-2023-10-05-at-11.05.14-2.jpeg 1600w, https:\/\/www.alagoinhas.ba.gov.br\/wp-content\/uploads\/2023\/10\/WhatsApp-Image-2023-10-05-at-11.05.14-2-300x200.jpeg 300w, https:\/\/www.alagoinhas.ba.gov.br\/wp-content\/uploads\/2023\/10\/WhatsApp-Image-2023-10-05-at-11.05.14-2-768x512.jpeg 768w, https:\/\/www.alagoinhas.ba.gov.br\/wp-content\/uploads\/2023\/10\/WhatsApp-Image-2023-10-05-at-11.05.14-2-1024x682.jpeg 1024w, https:\/\/www.alagoinhas.ba.gov.br\/wp-content\/uploads\/2023\/10\/WhatsApp-Image-2023-10-05-at-11.05.14-2-24x16.jpeg 24w\" alt=\"\" width=\"1600\" height=\"1066\" \/><\/a><\/p>\n<p><a class=\"group1 cboxElement\" href=\"https:\/\/www.alagoinhas.ba.gov.br\/wp-content\/uploads\/2023\/10\/WhatsApp-Image-2023-10-05-at-11.04.07.jpeg\"><img loading=\"lazy\" decoding=\"async\" class=\"aligncenter size-full wp-image-69735\" src=\"https:\/\/www.alagoinhas.ba.gov.br\/wp-content\/uploads\/2023\/10\/WhatsApp-Image-2023-10-05-at-11.04.07.jpeg\" sizes=\"auto, (max-width: 1600px) 100vw, 1600px\" srcset=\"https:\/\/www.alagoinhas.ba.gov.br\/wp-content\/uploads\/2023\/10\/WhatsApp-Image-2023-10-05-at-11.04.07.jpeg 1600w, https:\/\/www.alagoinhas.ba.gov.br\/wp-content\/uploads\/2023\/10\/WhatsApp-Image-2023-10-05-at-11.04.07-300x200.jpeg 300w, https:\/\/www.alagoinhas.ba.gov.br\/wp-content\/uploads\/2023\/10\/WhatsApp-Image-2023-10-05-at-11.04.07-768x512.jpeg 768w, https:\/\/www.alagoinhas.ba.gov.br\/wp-content\/uploads\/2023\/10\/WhatsApp-Image-2023-10-05-at-11.04.07-1024x682.jpeg 1024w, https:\/\/www.alagoinhas.ba.gov.br\/wp-content\/uploads\/2023\/10\/WhatsApp-Image-2023-10-05-at-11.04.07-24x16.jpeg 24w\" alt=\"\" width=\"1600\" height=\"1066\" \/><\/a><\/p>\n<p>Fotos: Roberto Fonseca e Divulga\u00e7\u00e3o<\/p>\n<div align=\"right\"><\/div>\n<div class='share-to-whatsapp-wrapper'><div class='share-on-whsp'>Share on: <\/div><a data-text='\u201cProvedor Legal, Cidade Limpa\u201d: projeto oferece solu\u00e7\u00e3o para emaranhados de fios nos postes de Alagoinhas' data-link='https:\/\/newsinfoco.com.br\/inicio\/provedor-legal-cidade-limpa-projeto-oferece-solucao-para-emaranhados-de-fios-nos-postes-de-alagoinhas\/' class='whatsapp-button whatsapp-share'>WhatsApp<\/a><div class='clear '><\/div><\/div>","protected":false},"excerpt":{"rendered":"<p>Come\u00e7ou a ser implementado nesta quinta-feira (05) o projeto \u201cProvedor Legal, Cidade Limpa\u201d, que busca melhorar as condi\u00e7\u00f5es de instala\u00e7\u00e3o de cabos de internet\u00a0nos postes de energia el\u00e9trica. O projeto, iniciativa da vereadora Juci Cardoso, est\u00e1 sendo executado numa parceria entre a Prefeitura de Alagoinhas, por meio das secretarias de Servi\u00e7os P\u00fablicos (SESEP) e de [&hellip;]<\/p>\n","protected":false},"author":1,"featured_media":35174,"comment_status":"closed","ping_status":"closed","sticky":false,"template":"","format":"standard","meta":{"om_disable_all_campaigns":false,"rop_custom_images_group":[],"rop_custom_messages_group":[],"rop_publish_now":"initial","rop_publish_now_accounts":[],"rop_publish_now_history":[],"rop_publish_now_status":"pending","_exactmetrics_skip_tracking":false,"footnotes":""},"categories":[38,167],"tags":[],"class_list":["post-35173","post","type-post","status-publish","format-standard","has-post-thumbnail","hentry","category-alagoinhas-e-regiao","category-exclusivas"],"aioseo_notices":[],"aioseo_head":"\n\t\t<!-- All in One SEO 4.9.10 - aioseo.com -->\n\t<meta name=\"description\" content=\"Come\u00e7ou a ser implementado nesta quinta-feira (05) o projeto \u201cProvedor Legal, Cidade Limpa\u201d, que busca melhorar as condi\u00e7\u00f5es de instala\u00e7\u00e3o de cabos de internet nos postes de energia el\u00e9trica. O projeto, iniciativa da vereadora Juci Cardoso, est\u00e1 sendo executado numa parceria entre a Prefeitura de Alagoinhas, por meio das secretarias de Servi\u00e7os P\u00fablicos (SESEP) e de\" \/>\n\t<meta name=\"robots\" content=\"max-image-preview:large\" \/>\n\t<meta name=\"author\" content=\"administrador\"\/>\n\t<link rel=\"canonical\" href=\"https:\/\/newsinfoco.com.br\/inicio\/provedor-legal-cidade-limpa-projeto-oferece-solucao-para-emaranhados-de-fios-nos-postes-de-alagoinhas\/\" \/>\n\t<meta name=\"generator\" content=\"All in One SEO (AIOSEO) 4.9.10\" \/>\n\t\t<meta property=\"og:locale\" content=\"pt_BR\" \/>\n\t\t<meta property=\"og:site_name\" content=\"News In Foco - Editado por Caio Pimenta - O principal site de noticias de Alagoinhas e regi\u00e3o\" \/>\n\t\t<meta property=\"og:type\" content=\"article\" \/>\n\t\t<meta property=\"og:title\" content=\"\u201cProvedor Legal, Cidade Limpa\u201d: projeto oferece solu\u00e7\u00e3o para emaranhados de fios nos postes de Alagoinhas - News In Foco - Editado por Caio Pimenta\" \/>\n\t\t<meta property=\"og:description\" content=\"Come\u00e7ou a ser implementado nesta quinta-feira (05) o projeto \u201cProvedor Legal, Cidade Limpa\u201d, que busca melhorar as condi\u00e7\u00f5es de instala\u00e7\u00e3o de cabos de internet nos postes de energia el\u00e9trica. O projeto, iniciativa da vereadora Juci Cardoso, est\u00e1 sendo executado numa parceria entre a Prefeitura de Alagoinhas, por meio das secretarias de Servi\u00e7os P\u00fablicos (SESEP) e de\" \/>\n\t\t<meta property=\"og:url\" content=\"https:\/\/newsinfoco.com.br\/inicio\/provedor-legal-cidade-limpa-projeto-oferece-solucao-para-emaranhados-de-fios-nos-postes-de-alagoinhas\/\" \/>\n\t\t<meta property=\"article:published_time\" content=\"2023-10-06T18:12:18+00:00\" \/>\n\t\t<meta property=\"article:modified_time\" content=\"2023-10-06T18:12:18+00:00\" \/>\n\t\t<meta name=\"twitter:card\" content=\"summary_large_image\" \/>\n\t\t<meta name=\"twitter:title\" content=\"\u201cProvedor Legal, Cidade Limpa\u201d: projeto oferece solu\u00e7\u00e3o para emaranhados de fios nos postes de Alagoinhas - News In Foco - Editado por Caio Pimenta\" \/>\n\t\t<meta name=\"twitter:description\" content=\"Come\u00e7ou a ser implementado nesta quinta-feira (05) o projeto \u201cProvedor Legal, Cidade Limpa\u201d, que busca melhorar as condi\u00e7\u00f5es de instala\u00e7\u00e3o de cabos de internet nos postes de energia el\u00e9trica. O projeto, iniciativa da vereadora Juci Cardoso, est\u00e1 sendo executado numa parceria entre a Prefeitura de Alagoinhas, por meio das secretarias de Servi\u00e7os P\u00fablicos (SESEP) e de\" \/>\n\t\t<script type=\"application\/ld+json\" class=\"aioseo-schema\">\n\t\t\t{\"@context\":\"https:\\\/\\\/schema.org\",\"@graph\":[{\"@type\":\"BlogPosting\",\"@id\":\"https:\\\/\\\/newsinfoco.com.br\\\/inicio\\\/provedor-legal-cidade-limpa-projeto-oferece-solucao-para-emaranhados-de-fios-nos-postes-de-alagoinhas\\\/#blogposting\",\"name\":\"\\u201cProvedor Legal, Cidade Limpa\\u201d: projeto oferece solu\\u00e7\\u00e3o para emaranhados de fios nos postes de Alagoinhas - News In Foco - Editado por Caio Pimenta\",\"headline\":\"\\u201cProvedor Legal, Cidade Limpa\\u201d: projeto oferece solu\\u00e7\\u00e3o para emaranhados de fios nos postes de Alagoinhas\",\"author\":{\"@id\":\"https:\\\/\\\/newsinfoco.com.br\\\/inicio\\\/author\\\/administrador\\\/#author\"},\"publisher\":{\"@id\":\"https:\\\/\\\/newsinfoco.com.br\\\/inicio\\\/#organization\"},\"image\":{\"@type\":\"ImageObject\",\"url\":\"https:\\\/\\\/newsinfoco.com.br\\\/inicio\\\/wp-content\\\/uploads\\\/2023\\\/10\\\/WhatsApp-Image-2023-10-05-at-11.01.41-550x368-1.jpeg\",\"width\":550,\"height\":368},\"datePublished\":\"2023-10-06T15:12:18-03:00\",\"dateModified\":\"2023-10-06T15:12:18-03:00\",\"inLanguage\":\"pt-BR\",\"mainEntityOfPage\":{\"@id\":\"https:\\\/\\\/newsinfoco.com.br\\\/inicio\\\/provedor-legal-cidade-limpa-projeto-oferece-solucao-para-emaranhados-de-fios-nos-postes-de-alagoinhas\\\/#webpage\"},\"isPartOf\":{\"@id\":\"https:\\\/\\\/newsinfoco.com.br\\\/inicio\\\/provedor-legal-cidade-limpa-projeto-oferece-solucao-para-emaranhados-de-fios-nos-postes-de-alagoinhas\\\/#webpage\"},\"articleSection\":\"Alagoinhas e Regi\\u00e3o, Manchete\"},{\"@type\":\"BreadcrumbList\",\"@id\":\"https:\\\/\\\/newsinfoco.com.br\\\/inicio\\\/provedor-legal-cidade-limpa-projeto-oferece-solucao-para-emaranhados-de-fios-nos-postes-de-alagoinhas\\\/#breadcrumblist\",\"itemListElement\":[{\"@type\":\"ListItem\",\"@id\":\"https:\\\/\\\/newsinfoco.com.br\\\/inicio#listItem\",\"position\":1,\"name\":\"In\\u00edcio\",\"item\":\"https:\\\/\\\/newsinfoco.com.br\\\/inicio\",\"nextItem\":{\"@type\":\"ListItem\",\"@id\":\"https:\\\/\\\/newsinfoco.com.br\\\/inicio\\\/category\\\/alagoinhas-e-regiao\\\/#listItem\",\"name\":\"Alagoinhas e Regi\\u00e3o\"}},{\"@type\":\"ListItem\",\"@id\":\"https:\\\/\\\/newsinfoco.com.br\\\/inicio\\\/category\\\/alagoinhas-e-regiao\\\/#listItem\",\"position\":2,\"name\":\"Alagoinhas e Regi\\u00e3o\",\"item\":\"https:\\\/\\\/newsinfoco.com.br\\\/inicio\\\/category\\\/alagoinhas-e-regiao\\\/\",\"nextItem\":{\"@type\":\"ListItem\",\"@id\":\"https:\\\/\\\/newsinfoco.com.br\\\/inicio\\\/provedor-legal-cidade-limpa-projeto-oferece-solucao-para-emaranhados-de-fios-nos-postes-de-alagoinhas\\\/#listItem\",\"name\":\"\\u201cProvedor Legal, Cidade Limpa\\u201d: projeto oferece solu\\u00e7\\u00e3o para emaranhados de fios nos postes de Alagoinhas\"},\"previousItem\":{\"@type\":\"ListItem\",\"@id\":\"https:\\\/\\\/newsinfoco.com.br\\\/inicio#listItem\",\"name\":\"In\\u00edcio\"}},{\"@type\":\"ListItem\",\"@id\":\"https:\\\/\\\/newsinfoco.com.br\\\/inicio\\\/provedor-legal-cidade-limpa-projeto-oferece-solucao-para-emaranhados-de-fios-nos-postes-de-alagoinhas\\\/#listItem\",\"position\":3,\"name\":\"\\u201cProvedor Legal, Cidade Limpa\\u201d: projeto oferece solu\\u00e7\\u00e3o para emaranhados de fios nos postes de Alagoinhas\",\"previousItem\":{\"@type\":\"ListItem\",\"@id\":\"https:\\\/\\\/newsinfoco.com.br\\\/inicio\\\/category\\\/alagoinhas-e-regiao\\\/#listItem\",\"name\":\"Alagoinhas e Regi\\u00e3o\"}}]},{\"@type\":\"Organization\",\"@id\":\"https:\\\/\\\/newsinfoco.com.br\\\/inicio\\\/#organization\",\"name\":\"News In Foco - Editado por Caio Pimenta\",\"description\":\"O principal site de noticias de Alagoinhas e regi\\u00e3o\",\"url\":\"https:\\\/\\\/newsinfoco.com.br\\\/inicio\\\/\"},{\"@type\":\"Person\",\"@id\":\"https:\\\/\\\/newsinfoco.com.br\\\/inicio\\\/author\\\/administrador\\\/#author\",\"url\":\"https:\\\/\\\/newsinfoco.com.br\\\/inicio\\\/author\\\/administrador\\\/\",\"name\":\"administrador\",\"image\":{\"@type\":\"ImageObject\",\"@id\":\"https:\\\/\\\/newsinfoco.com.br\\\/inicio\\\/provedor-legal-cidade-limpa-projeto-oferece-solucao-para-emaranhados-de-fios-nos-postes-de-alagoinhas\\\/#authorImage\",\"url\":\"https:\\\/\\\/secure.gravatar.com\\\/avatar\\\/c17a617433de8c1dc9584bb79aab7563b46f5bb7e1728c9b17d9cc3ce6a08e49?s=96&d=mm&r=g\",\"width\":96,\"height\":96,\"caption\":\"administrador\"}},{\"@type\":\"WebPage\",\"@id\":\"https:\\\/\\\/newsinfoco.com.br\\\/inicio\\\/provedor-legal-cidade-limpa-projeto-oferece-solucao-para-emaranhados-de-fios-nos-postes-de-alagoinhas\\\/#webpage\",\"url\":\"https:\\\/\\\/newsinfoco.com.br\\\/inicio\\\/provedor-legal-cidade-limpa-projeto-oferece-solucao-para-emaranhados-de-fios-nos-postes-de-alagoinhas\\\/\",\"name\":\"\\u201cProvedor Legal, Cidade Limpa\\u201d: projeto oferece solu\\u00e7\\u00e3o para emaranhados de fios nos postes de Alagoinhas - News In Foco - Editado por Caio Pimenta\",\"description\":\"Come\\u00e7ou a ser implementado nesta quinta-feira (05) o projeto \\u201cProvedor Legal, Cidade Limpa\\u201d, que busca melhorar as condi\\u00e7\\u00f5es de instala\\u00e7\\u00e3o de cabos de internet nos postes de energia el\\u00e9trica. O projeto, iniciativa da vereadora Juci Cardoso, est\\u00e1 sendo executado numa parceria entre a Prefeitura de Alagoinhas, por meio das secretarias de Servi\\u00e7os P\\u00fablicos (SESEP) e de\",\"inLanguage\":\"pt-BR\",\"isPartOf\":{\"@id\":\"https:\\\/\\\/newsinfoco.com.br\\\/inicio\\\/#website\"},\"breadcrumb\":{\"@id\":\"https:\\\/\\\/newsinfoco.com.br\\\/inicio\\\/provedor-legal-cidade-limpa-projeto-oferece-solucao-para-emaranhados-de-fios-nos-postes-de-alagoinhas\\\/#breadcrumblist\"},\"author\":{\"@id\":\"https:\\\/\\\/newsinfoco.com.br\\\/inicio\\\/author\\\/administrador\\\/#author\"},\"creator\":{\"@id\":\"https:\\\/\\\/newsinfoco.com.br\\\/inicio\\\/author\\\/administrador\\\/#author\"},\"image\":{\"@type\":\"ImageObject\",\"url\":\"https:\\\/\\\/newsinfoco.com.br\\\/inicio\\\/wp-content\\\/uploads\\\/2023\\\/10\\\/WhatsApp-Image-2023-10-05-at-11.01.41-550x368-1.jpeg\",\"@id\":\"https:\\\/\\\/newsinfoco.com.br\\\/inicio\\\/provedor-legal-cidade-limpa-projeto-oferece-solucao-para-emaranhados-de-fios-nos-postes-de-alagoinhas\\\/#mainImage\",\"width\":550,\"height\":368},\"primaryImageOfPage\":{\"@id\":\"https:\\\/\\\/newsinfoco.com.br\\\/inicio\\\/provedor-legal-cidade-limpa-projeto-oferece-solucao-para-emaranhados-de-fios-nos-postes-de-alagoinhas\\\/#mainImage\"},\"datePublished\":\"2023-10-06T15:12:18-03:00\",\"dateModified\":\"2023-10-06T15:12:18-03:00\"},{\"@type\":\"WebSite\",\"@id\":\"https:\\\/\\\/newsinfoco.com.br\\\/inicio\\\/#website\",\"url\":\"https:\\\/\\\/newsinfoco.com.br\\\/inicio\\\/\",\"name\":\"News In Foco - Editado por Caio Pimenta\",\"description\":\"O principal site de noticias de Alagoinhas e regi\\u00e3o\",\"inLanguage\":\"pt-BR\",\"publisher\":{\"@id\":\"https:\\\/\\\/newsinfoco.com.br\\\/inicio\\\/#organization\"}}]}\n\t\t<\/script>\n\t\t<!-- All in One SEO -->\n\n","aioseo_head_json":{"title":"\u201cProvedor Legal, Cidade Limpa\u201d: projeto oferece solu\u00e7\u00e3o para emaranhados de fios nos postes de Alagoinhas - News In Foco - Editado por Caio Pimenta","description":"Come\u00e7ou a ser implementado nesta quinta-feira (05) o projeto \u201cProvedor Legal, Cidade Limpa\u201d, que busca melhorar as condi\u00e7\u00f5es de instala\u00e7\u00e3o de cabos de internet nos postes de energia el\u00e9trica. O projeto, iniciativa da vereadora Juci Cardoso, est\u00e1 sendo executado numa parceria entre a Prefeitura de Alagoinhas, por meio das secretarias de Servi\u00e7os P\u00fablicos (SESEP) e de","canonical_url":"https:\/\/newsinfoco.com.br\/inicio\/provedor-legal-cidade-limpa-projeto-oferece-solucao-para-emaranhados-de-fios-nos-postes-de-alagoinhas\/","robots":"max-image-preview:large","keywords":"","webmasterTools":{"miscellaneous":""},"schema":{"@context":"https:\/\/schema.org","@graph":[{"@type":"BlogPosting","@id":"https:\/\/newsinfoco.com.br\/inicio\/provedor-legal-cidade-limpa-projeto-oferece-solucao-para-emaranhados-de-fios-nos-postes-de-alagoinhas\/#blogposting","name":"\u201cProvedor Legal, Cidade Limpa\u201d: projeto oferece solu\u00e7\u00e3o para emaranhados de fios nos postes de Alagoinhas - News In Foco - Editado por Caio Pimenta","headline":"\u201cProvedor Legal, Cidade Limpa\u201d: projeto oferece solu\u00e7\u00e3o para emaranhados de fios nos postes de Alagoinhas","author":{"@id":"https:\/\/newsinfoco.com.br\/inicio\/author\/administrador\/#author"},"publisher":{"@id":"https:\/\/newsinfoco.com.br\/inicio\/#organization"},"image":{"@type":"ImageObject","url":"https:\/\/newsinfoco.com.br\/inicio\/wp-content\/uploads\/2023\/10\/WhatsApp-Image-2023-10-05-at-11.01.41-550x368-1.jpeg","width":550,"height":368},"datePublished":"2023-10-06T15:12:18-03:00","dateModified":"2023-10-06T15:12:18-03:00","inLanguage":"pt-BR","mainEntityOfPage":{"@id":"https:\/\/newsinfoco.com.br\/inicio\/provedor-legal-cidade-limpa-projeto-oferece-solucao-para-emaranhados-de-fios-nos-postes-de-alagoinhas\/#webpage"},"isPartOf":{"@id":"https:\/\/newsinfoco.com.br\/inicio\/provedor-legal-cidade-limpa-projeto-oferece-solucao-para-emaranhados-de-fios-nos-postes-de-alagoinhas\/#webpage"},"articleSection":"Alagoinhas e Regi\u00e3o, Manchete"},{"@type":"BreadcrumbList","@id":"https:\/\/newsinfoco.com.br\/inicio\/provedor-legal-cidade-limpa-projeto-oferece-solucao-para-emaranhados-de-fios-nos-postes-de-alagoinhas\/#breadcrumblist","itemListElement":[{"@type":"ListItem","@id":"https:\/\/newsinfoco.com.br\/inicio#listItem","position":1,"name":"In\u00edcio","item":"https:\/\/newsinfoco.com.br\/inicio","nextItem":{"@type":"ListItem","@id":"https:\/\/newsinfoco.com.br\/inicio\/category\/alagoinhas-e-regiao\/#listItem","name":"Alagoinhas e Regi\u00e3o"}},{"@type":"ListItem","@id":"https:\/\/newsinfoco.com.br\/inicio\/category\/alagoinhas-e-regiao\/#listItem","position":2,"name":"Alagoinhas e Regi\u00e3o","item":"https:\/\/newsinfoco.com.br\/inicio\/category\/alagoinhas-e-regiao\/","nextItem":{"@type":"ListItem","@id":"https:\/\/newsinfoco.com.br\/inicio\/provedor-legal-cidade-limpa-projeto-oferece-solucao-para-emaranhados-de-fios-nos-postes-de-alagoinhas\/#listItem","name":"\u201cProvedor Legal, Cidade Limpa\u201d: projeto oferece solu\u00e7\u00e3o para emaranhados de fios nos postes de Alagoinhas"},"previousItem":{"@type":"ListItem","@id":"https:\/\/newsinfoco.com.br\/inicio#listItem","name":"In\u00edcio"}},{"@type":"ListItem","@id":"https:\/\/newsinfoco.com.br\/inicio\/provedor-legal-cidade-limpa-projeto-oferece-solucao-para-emaranhados-de-fios-nos-postes-de-alagoinhas\/#listItem","position":3,"name":"\u201cProvedor Legal, Cidade Limpa\u201d: projeto oferece solu\u00e7\u00e3o para emaranhados de fios nos postes de Alagoinhas","previousItem":{"@type":"ListItem","@id":"https:\/\/newsinfoco.com.br\/inicio\/category\/alagoinhas-e-regiao\/#listItem","name":"Alagoinhas e Regi\u00e3o"}}]},{"@type":"Organization","@id":"https:\/\/newsinfoco.com.br\/inicio\/#organization","name":"News In Foco - Editado por Caio Pimenta","description":"O principal site de noticias de Alagoinhas e regi\u00e3o","url":"https:\/\/newsinfoco.com.br\/inicio\/"},{"@type":"Person","@id":"https:\/\/newsinfoco.com.br\/inicio\/author\/administrador\/#author","url":"https:\/\/newsinfoco.com.br\/inicio\/author\/administrador\/","name":"administrador","image":{"@type":"ImageObject","@id":"https:\/\/newsinfoco.com.br\/inicio\/provedor-legal-cidade-limpa-projeto-oferece-solucao-para-emaranhados-de-fios-nos-postes-de-alagoinhas\/#authorImage","url":"https:\/\/secure.gravatar.com\/avatar\/c17a617433de8c1dc9584bb79aab7563b46f5bb7e1728c9b17d9cc3ce6a08e49?s=96&d=mm&r=g","width":96,"height":96,"caption":"administrador"}},{"@type":"WebPage","@id":"https:\/\/newsinfoco.com.br\/inicio\/provedor-legal-cidade-limpa-projeto-oferece-solucao-para-emaranhados-de-fios-nos-postes-de-alagoinhas\/#webpage","url":"https:\/\/newsinfoco.com.br\/inicio\/provedor-legal-cidade-limpa-projeto-oferece-solucao-para-emaranhados-de-fios-nos-postes-de-alagoinhas\/","name":"\u201cProvedor Legal, Cidade Limpa\u201d: projeto oferece solu\u00e7\u00e3o para emaranhados de fios nos postes de Alagoinhas - News In Foco - Editado por Caio Pimenta","description":"Come\u00e7ou a ser implementado nesta quinta-feira (05) o projeto \u201cProvedor Legal, Cidade Limpa\u201d, que busca melhorar as condi\u00e7\u00f5es de instala\u00e7\u00e3o de cabos de internet nos postes de energia el\u00e9trica. O projeto, iniciativa da vereadora Juci Cardoso, est\u00e1 sendo executado numa parceria entre a Prefeitura de Alagoinhas, por meio das secretarias de Servi\u00e7os P\u00fablicos (SESEP) e de","inLanguage":"pt-BR","isPartOf":{"@id":"https:\/\/newsinfoco.com.br\/inicio\/#website"},"breadcrumb":{"@id":"https:\/\/newsinfoco.com.br\/inicio\/provedor-legal-cidade-limpa-projeto-oferece-solucao-para-emaranhados-de-fios-nos-postes-de-alagoinhas\/#breadcrumblist"},"author":{"@id":"https:\/\/newsinfoco.com.br\/inicio\/author\/administrador\/#author"},"creator":{"@id":"https:\/\/newsinfoco.com.br\/inicio\/author\/administrador\/#author"},"image":{"@type":"ImageObject","url":"https:\/\/newsinfoco.com.br\/inicio\/wp-content\/uploads\/2023\/10\/WhatsApp-Image-2023-10-05-at-11.01.41-550x368-1.jpeg","@id":"https:\/\/newsinfoco.com.br\/inicio\/provedor-legal-cidade-limpa-projeto-oferece-solucao-para-emaranhados-de-fios-nos-postes-de-alagoinhas\/#mainImage","width":550,"height":368},"primaryImageOfPage":{"@id":"https:\/\/newsinfoco.com.br\/inicio\/provedor-legal-cidade-limpa-projeto-oferece-solucao-para-emaranhados-de-fios-nos-postes-de-alagoinhas\/#mainImage"},"datePublished":"2023-10-06T15:12:18-03:00","dateModified":"2023-10-06T15:12:18-03:00"},{"@type":"WebSite","@id":"https:\/\/newsinfoco.com.br\/inicio\/#website","url":"https:\/\/newsinfoco.com.br\/inicio\/","name":"News In Foco - Editado por Caio Pimenta","description":"O principal site de noticias de Alagoinhas e regi\u00e3o","inLanguage":"pt-BR","publisher":{"@id":"https:\/\/newsinfoco.com.br\/inicio\/#organization"}}]},"og:locale":"pt_BR","og:site_name":"News In Foco - Editado por Caio Pimenta - O principal site de noticias de Alagoinhas e regi\u00e3o","og:type":"article","og:title":"\u201cProvedor Legal, Cidade Limpa\u201d: projeto oferece solu\u00e7\u00e3o para emaranhados de fios nos postes de Alagoinhas - News In Foco - Editado por Caio Pimenta","og:description":"Come\u00e7ou a ser implementado nesta quinta-feira (05) o projeto \u201cProvedor Legal, Cidade Limpa\u201d, que busca melhorar as condi\u00e7\u00f5es de instala\u00e7\u00e3o de cabos de internet nos postes de energia el\u00e9trica. O projeto, iniciativa da vereadora Juci Cardoso, est\u00e1 sendo executado numa parceria entre a Prefeitura de Alagoinhas, por meio das secretarias de Servi\u00e7os P\u00fablicos (SESEP) e de","og:url":"https:\/\/newsinfoco.com.br\/inicio\/provedor-legal-cidade-limpa-projeto-oferece-solucao-para-emaranhados-de-fios-nos-postes-de-alagoinhas\/","article:published_time":"2023-10-06T18:12:18+00:00","article:modified_time":"2023-10-06T18:12:18+00:00","twitter:card":"summary_large_image","twitter:title":"\u201cProvedor Legal, Cidade Limpa\u201d: projeto oferece solu\u00e7\u00e3o para emaranhados de fios nos postes de Alagoinhas - News In Foco - Editado por Caio Pimenta","twitter:description":"Come\u00e7ou a ser implementado nesta quinta-feira (05) o projeto \u201cProvedor Legal, Cidade Limpa\u201d, que busca melhorar as condi\u00e7\u00f5es de instala\u00e7\u00e3o de cabos de internet nos postes de energia el\u00e9trica. O projeto, iniciativa da vereadora Juci Cardoso, est\u00e1 sendo executado numa parceria entre a Prefeitura de Alagoinhas, por meio das secretarias de Servi\u00e7os P\u00fablicos (SESEP) e de"},"aioseo_meta_data":{"post_id":"35173","title":null,"description":null,"keywords":[],"keyphrases":{"focus":{"keyphrase":"","score":0,"analysis":{"keyphraseInTitle":{"score":0,"maxScore":9,"error":1}}},"additional":[]},"primary_term":null,"canonical_url":null,"og_title":null,"og_description":null,"og_object_type":"default","og_image_type":"default","og_image_url":null,"og_image_width":null,"og_image_height":null,"og_image_custom_url":null,"og_image_custom_fields":null,"og_video":"","og_custom_url":null,"og_article_section":null,"og_article_tags":[],"twitter_use_og":false,"twitter_card":"default","twitter_image_type":"default","twitter_image_url":null,"twitter_image_custom_url":null,"twitter_image_custom_fields":null,"twitter_title":null,"twitter_description":null,"schema":{"blockGraphs":[],"customGraphs":[],"default":{"data":{"Article":[],"Course":[],"Dataset":[],"FAQPage":[],"Movie":[],"Person":[],"Product":[],"ProductReview":[],"Car":[],"Recipe":[],"Service":[],"SoftwareApplication":[],"WebPage":[]},"graphName":"BlogPosting","isEnabled":true},"graphs":[]},"schema_type":"default","schema_type_options":null,"pillar_content":false,"robots_default":true,"robots_noindex":false,"robots_noarchive":false,"robots_nosnippet":false,"robots_nofollow":false,"robots_noimageindex":false,"robots_noodp":false,"robots_notranslate":false,"robots_max_snippet":"-1","robots_max_videopreview":"-1","robots_max_imagepreview":"large","priority":null,"frequency":"default","local_seo":null,"breadcrumb_settings":null,"limit_modified_date":false,"ai":null,"created":"2023-10-06 18:12:18","updated":"2025-07-11 10:17:04","seo_analyzer_scan_date":null},"aioseo_breadcrumb":"<div class=\"aioseo-breadcrumbs\"><span class=\"aioseo-breadcrumb\">\n\t\t\t<a href=\"https:\/\/newsinfoco.com.br\/inicio\" title=\"In\u00edcio\">In\u00edcio<\/a>\n\t\t<\/span><span class=\"aioseo-breadcrumb-separator\">&raquo;<\/span><span class=\"aioseo-breadcrumb\">\n\t\t\t<a href=\"https:\/\/newsinfoco.com.br\/inicio\/category\/alagoinhas-e-regiao\/\" title=\"Alagoinhas e Regi\u00e3o\">Alagoinhas e Regi\u00e3o<\/a>\n\t\t<\/span><span class=\"aioseo-breadcrumb-separator\">&raquo;<\/span><span class=\"aioseo-breadcrumb\">\n\t\t\t\u201cProvedor Legal, Cidade Limpa\u201d: projeto oferece solu\u00e7\u00e3o para emaranhados de fios nos postes de Alagoinhas\n\t\t<\/span><\/div>","aioseo_breadcrumb_json":[{"label":"In\u00edcio","link":"https:\/\/newsinfoco.com.br\/inicio"},{"label":"Alagoinhas e Regi\u00e3o","link":"https:\/\/newsinfoco.com.br\/inicio\/category\/alagoinhas-e-regiao\/"},{"label":"\u201cProvedor Legal, Cidade Limpa\u201d: projeto oferece solu\u00e7\u00e3o para emaranhados de fios nos postes de Alagoinhas","link":"https:\/\/newsinfoco.com.br\/inicio\/provedor-legal-cidade-limpa-projeto-oferece-solucao-para-emaranhados-de-fios-nos-postes-de-alagoinhas\/"}],"_links":{"self":[{"href":"https:\/\/newsinfoco.com.br\/inicio\/wp-json\/wp\/v2\/posts\/35173","targetHints":{"allow":["GET"]}}],"collection":[{"href":"https:\/\/newsinfoco.com.br\/inicio\/wp-json\/wp\/v2\/posts"}],"about":[{"href":"https:\/\/newsinfoco.com.br\/inicio\/wp-json\/wp\/v2\/types\/post"}],"author":[{"embeddable":true,"href":"https:\/\/newsinfoco.com.br\/inicio\/wp-json\/wp\/v2\/users\/1"}],"replies":[{"embeddable":true,"href":"https:\/\/newsinfoco.com.br\/inicio\/wp-json\/wp\/v2\/comments?post=35173"}],"version-history":[{"count":1,"href":"https:\/\/newsinfoco.com.br\/inicio\/wp-json\/wp\/v2\/posts\/35173\/revisions"}],"predecessor-version":[{"id":35175,"href":"https:\/\/newsinfoco.com.br\/inicio\/wp-json\/wp\/v2\/posts\/35173\/revisions\/35175"}],"wp:featuredmedia":[{"embeddable":true,"href":"https:\/\/newsinfoco.com.br\/inicio\/wp-json\/wp\/v2\/media\/35174"}],"wp:attachment":[{"href":"https:\/\/newsinfoco.com.br\/inicio\/wp-json\/wp\/v2\/media?parent=35173"}],"wp:term":[{"taxonomy":"category","embeddable":true,"href":"https:\/\/newsinfoco.com.br\/inicio\/wp-json\/wp\/v2\/categories?post=35173"},{"taxonomy":"post_tag","embeddable":true,"href":"https:\/\/newsinfoco.com.br\/inicio\/wp-json\/wp\/v2\/tags?post=35173"}],"curies":[{"name":"wp","href":"https:\/\/api.w.org\/{rel}","templated":true}]}}