{"id":35184,"date":"2023-10-07T17:02:11","date_gmt":"2023-10-07T20:02:11","guid":{"rendered":"https:\/\/newsinfoco.com.br\/inicio\/?p=35184"},"modified":"2023-10-07T17:03:33","modified_gmt":"2023-10-07T20:03:33","slug":"em-evento-do-governo-em-jequie-deputado-antonio-brito-se-revolta-com-o-prefeito-ze-coca-va-pra-p","status":"publish","type":"post","link":"https:\/\/newsinfoco.com.br\/inicio\/em-evento-do-governo-em-jequie-deputado-antonio-brito-se-revolta-com-o-prefeito-ze-coca-va-pra-p\/","title":{"rendered":"Em evento do governo em Jequi\u00e9, deputado Antonio Brito se revolta com o prefeito Z\u00e9 Coc\u00e1: &#8220;V\u00e1 pra p&#8221;"},"content":{"rendered":"<div class=\"styles__Body-sc-1ffquwr-7 ePhtZb\">\n<p>Em evento de visita do governador Jer\u00f4nimo Rodrigues (PT) \u00e0 inaugura\u00e7\u00e3o da UNACOM, no Hospital Prado Valadares, em Jequi\u00e9, o prefeito da cidade, Z\u00e9 Coc\u00e1 (PP), e o deputado federal\u00a0Antonio Brito (PSD)\u00a0se desentenderam.<\/p>\n<p>No v\u00eddeo que circula nas redes, o l\u00edder do PSD na C\u00e2mara dos Deputados aparece revoltado com o comportamento anterior de Z\u00e9 Coc\u00e1. Isso porque a assessoria de Antonio Brito afirmou que Coc\u00e1 foi recebido no local com vaias e gritos de &#8220;tra\u00edra&#8221; e teria partido para cima do deputado federal, apontando que ele deveria conter \u00e0quela milit\u00e2ncia.<\/p>\n<p>O homem que aparece acalmando Antonio Brito faz parte do cerimonial do governador.\u00a0O deputado federal teria feito um desabafo, apontando o comportamento do prefeito da cidade como de &#8220;moleque&#8221;. Ze Coc\u00e1 foi eleito prefeito com o apoio do ex-governador da Bahia e atual Ministro da Casa Civil, Rui Costa (PT), mas ap\u00f3s vit\u00f3ria nas elei\u00e7\u00f5es, rompeu com o PT e se uniu ao grupo liderado pelo ex-prefeito soteroplitano ACM Neto (Uni\u00e3o).<\/p>\n<p>Ainda de acordo com a assessoria de Antonio Brito, o tempo todo os pol\u00edticos se mantiveram distantes, sem nenhum contato direto, e o fato que n\u00e3o teria passado de um \u201ccalor do momento\u201d.<\/p>\n<p><strong>Veja v\u00eddeo:<\/strong><\/p>\n<p><iframe id=\"instagram-embed-0\" class=\"instagram-media instagram-media-rendered\" src=\"https:\/\/www.instagram.com\/reel\/CyGhgkFilg2\/embed\/captioned\/?cr=1&amp;v=14&amp;wp=540&amp;rd=https%3A%2F%2Fwww.metro1.com.br&amp;rp=%2Fnoticias%2Fpolitica%2F141762%2Cem-evento-do-governo-em-jequie-antonio-brito-se-revolta-com-ze-coca-va-pra-p#%7B%22ci%22%3A0%2C%22os%22%3A3163%2C%22ls%22%3A343%2C%22le%22%3A1313.6999999284744%7D\" height=\"1383\" frameborder=\"0\" scrolling=\"no\" allowfullscreen=\"allowfullscreen\" data-instgrm-payload-id=\"instagram-media-payload-0\" data-mce-fragment=\"1\"><\/iframe><\/p>\n<\/div>\n<div><\/div>\n<div>Metro1<\/div>\n<div class='share-to-whatsapp-wrapper'><div class='share-on-whsp'>Share on: <\/div><a data-text='Em evento do governo em Jequi\u00e9, deputado Antonio Brito se revolta com o prefeito Z\u00e9 Coc\u00e1: \"V\u00e1 pra p\"' data-link='https:\/\/newsinfoco.com.br\/inicio\/em-evento-do-governo-em-jequie-deputado-antonio-brito-se-revolta-com-o-prefeito-ze-coca-va-pra-p\/' class='whatsapp-button whatsapp-share'>WhatsApp<\/a><div class='clear '><\/div><\/div>","protected":false},"excerpt":{"rendered":"<p>Em evento de visita do governador Jer\u00f4nimo Rodrigues (PT) \u00e0 inaugura\u00e7\u00e3o da UNACOM, no Hospital Prado Valadares, em Jequi\u00e9, o prefeito da cidade, Z\u00e9 Coc\u00e1 (PP), e o deputado federal\u00a0Antonio Brito (PSD)\u00a0se desentenderam. No v\u00eddeo que circula nas redes, o l\u00edder do PSD na C\u00e2mara dos Deputados aparece revoltado com o comportamento anterior de Z\u00e9 [&hellip;]<\/p>\n","protected":false},"author":1,"featured_media":35185,"comment_status":"closed","ping_status":"closed","sticky":false,"template":"","format":"standard","meta":{"om_disable_all_campaigns":false,"rop_custom_images_group":[],"rop_custom_messages_group":[],"rop_publish_now":"initial","rop_publish_now_accounts":[],"rop_publish_now_history":[],"rop_publish_now_status":"pending","_exactmetrics_skip_tracking":false,"footnotes":""},"categories":[19],"tags":[],"class_list":["post-35184","post","type-post","status-publish","format-standard","has-post-thumbnail","hentry","category-bahia"],"aioseo_notices":[],"aioseo_head":"\n\t\t<!-- All in One SEO 4.9.10 - aioseo.com -->\n\t<meta name=\"description\" content=\"Em evento de visita do governador Jer\u00f4nimo Rodrigues (PT) \u00e0 inaugura\u00e7\u00e3o da UNACOM, no Hospital Prado Valadares, em Jequi\u00e9, o prefeito da cidade, Z\u00e9 Coc\u00e1 (PP), e o deputado federal Antonio Brito (PSD) se desentenderam. No v\u00eddeo que circula nas redes, o l\u00edder do PSD na C\u00e2mara dos Deputados aparece revoltado com o comportamento anterior de Z\u00e9\" \/>\n\t<meta name=\"robots\" content=\"max-image-preview:large\" \/>\n\t<meta name=\"author\" content=\"administrador\"\/>\n\t<link rel=\"canonical\" href=\"https:\/\/newsinfoco.com.br\/inicio\/em-evento-do-governo-em-jequie-deputado-antonio-brito-se-revolta-com-o-prefeito-ze-coca-va-pra-p\/\" \/>\n\t<meta name=\"generator\" content=\"All in One SEO (AIOSEO) 4.9.10\" \/>\n\t\t<meta property=\"og:locale\" content=\"pt_BR\" \/>\n\t\t<meta property=\"og:site_name\" content=\"News In Foco - Editado por Caio Pimenta - O principal site de noticias de Alagoinhas e regi\u00e3o\" \/>\n\t\t<meta property=\"og:type\" content=\"article\" \/>\n\t\t<meta property=\"og:title\" content=\"Em evento do governo em Jequi\u00e9, deputado Antonio Brito se revolta com o prefeito Z\u00e9 Coc\u00e1: \u201cV\u00e1 pra p\u201d - News In Foco - Editado por Caio Pimenta\" \/>\n\t\t<meta property=\"og:description\" content=\"Em evento de visita do governador Jer\u00f4nimo Rodrigues (PT) \u00e0 inaugura\u00e7\u00e3o da UNACOM, no Hospital Prado Valadares, em Jequi\u00e9, o prefeito da cidade, Z\u00e9 Coc\u00e1 (PP), e o deputado federal Antonio Brito (PSD) se desentenderam. No v\u00eddeo que circula nas redes, o l\u00edder do PSD na C\u00e2mara dos Deputados aparece revoltado com o comportamento anterior de Z\u00e9\" \/>\n\t\t<meta property=\"og:url\" content=\"https:\/\/newsinfoco.com.br\/inicio\/em-evento-do-governo-em-jequie-deputado-antonio-brito-se-revolta-com-o-prefeito-ze-coca-va-pra-p\/\" \/>\n\t\t<meta property=\"article:published_time\" content=\"2023-10-07T20:02:11+00:00\" \/>\n\t\t<meta property=\"article:modified_time\" content=\"2023-10-07T20:03:33+00:00\" \/>\n\t\t<meta name=\"twitter:card\" content=\"summary_large_image\" \/>\n\t\t<meta name=\"twitter:title\" content=\"Em evento do governo em Jequi\u00e9, deputado Antonio Brito se revolta com o prefeito Z\u00e9 Coc\u00e1: \u201cV\u00e1 pra p\u201d - News In Foco - Editado por Caio Pimenta\" \/>\n\t\t<meta name=\"twitter:description\" content=\"Em evento de visita do governador Jer\u00f4nimo Rodrigues (PT) \u00e0 inaugura\u00e7\u00e3o da UNACOM, no Hospital Prado Valadares, em Jequi\u00e9, o prefeito da cidade, Z\u00e9 Coc\u00e1 (PP), e o deputado federal Antonio Brito (PSD) se desentenderam. No v\u00eddeo que circula nas redes, o l\u00edder do PSD na C\u00e2mara dos Deputados aparece revoltado com o comportamento anterior de Z\u00e9\" \/>\n\t\t<script type=\"application\/ld+json\" class=\"aioseo-schema\">\n\t\t\t{\"@context\":\"https:\\\/\\\/schema.org\",\"@graph\":[{\"@type\":\"BlogPosting\",\"@id\":\"https:\\\/\\\/newsinfoco.com.br\\\/inicio\\\/em-evento-do-governo-em-jequie-deputado-antonio-brito-se-revolta-com-o-prefeito-ze-coca-va-pra-p\\\/#blogposting\",\"name\":\"Em evento do governo em Jequi\\u00e9, deputado Antonio Brito se revolta com o prefeito Z\\u00e9 Coc\\u00e1: \\u201cV\\u00e1 pra p\\u201d - News In Foco - Editado por Caio Pimenta\",\"headline\":\"Em evento do governo em Jequi\\u00e9, deputado Antonio Brito se revolta com o prefeito Z\\u00e9 Coc\\u00e1: &#8220;V\\u00e1 pra p&#8221;\",\"author\":{\"@id\":\"https:\\\/\\\/newsinfoco.com.br\\\/inicio\\\/author\\\/administrador\\\/#author\"},\"publisher\":{\"@id\":\"https:\\\/\\\/newsinfoco.com.br\\\/inicio\\\/#organization\"},\"image\":{\"@type\":\"ImageObject\",\"url\":\"https:\\\/\\\/newsinfoco.com.br\\\/inicio\\\/wp-content\\\/uploads\\\/2023\\\/10\\\/141762em-evento-do-governo-em-jequie-antonio-brito-se-revolta-com-ze-coca-va-pra-p-3.jpg\",\"width\":1600,\"height\":752},\"datePublished\":\"2023-10-07T17:02:11-03:00\",\"dateModified\":\"2023-10-07T17:03:33-03:00\",\"inLanguage\":\"pt-BR\",\"mainEntityOfPage\":{\"@id\":\"https:\\\/\\\/newsinfoco.com.br\\\/inicio\\\/em-evento-do-governo-em-jequie-deputado-antonio-brito-se-revolta-com-o-prefeito-ze-coca-va-pra-p\\\/#webpage\"},\"isPartOf\":{\"@id\":\"https:\\\/\\\/newsinfoco.com.br\\\/inicio\\\/em-evento-do-governo-em-jequie-deputado-antonio-brito-se-revolta-com-o-prefeito-ze-coca-va-pra-p\\\/#webpage\"},\"articleSection\":\"Bahia\"},{\"@type\":\"BreadcrumbList\",\"@id\":\"https:\\\/\\\/newsinfoco.com.br\\\/inicio\\\/em-evento-do-governo-em-jequie-deputado-antonio-brito-se-revolta-com-o-prefeito-ze-coca-va-pra-p\\\/#breadcrumblist\",\"itemListElement\":[{\"@type\":\"ListItem\",\"@id\":\"https:\\\/\\\/newsinfoco.com.br\\\/inicio#listItem\",\"position\":1,\"name\":\"In\\u00edcio\",\"item\":\"https:\\\/\\\/newsinfoco.com.br\\\/inicio\",\"nextItem\":{\"@type\":\"ListItem\",\"@id\":\"https:\\\/\\\/newsinfoco.com.br\\\/inicio\\\/category\\\/bahia\\\/#listItem\",\"name\":\"Bahia\"}},{\"@type\":\"ListItem\",\"@id\":\"https:\\\/\\\/newsinfoco.com.br\\\/inicio\\\/category\\\/bahia\\\/#listItem\",\"position\":2,\"name\":\"Bahia\",\"item\":\"https:\\\/\\\/newsinfoco.com.br\\\/inicio\\\/category\\\/bahia\\\/\",\"nextItem\":{\"@type\":\"ListItem\",\"@id\":\"https:\\\/\\\/newsinfoco.com.br\\\/inicio\\\/em-evento-do-governo-em-jequie-deputado-antonio-brito-se-revolta-com-o-prefeito-ze-coca-va-pra-p\\\/#listItem\",\"name\":\"Em evento do governo em Jequi\\u00e9, deputado Antonio Brito se revolta com o prefeito Z\\u00e9 Coc\\u00e1: &#8220;V\\u00e1 pra p&#8221;\"},\"previousItem\":{\"@type\":\"ListItem\",\"@id\":\"https:\\\/\\\/newsinfoco.com.br\\\/inicio#listItem\",\"name\":\"In\\u00edcio\"}},{\"@type\":\"ListItem\",\"@id\":\"https:\\\/\\\/newsinfoco.com.br\\\/inicio\\\/em-evento-do-governo-em-jequie-deputado-antonio-brito-se-revolta-com-o-prefeito-ze-coca-va-pra-p\\\/#listItem\",\"position\":3,\"name\":\"Em evento do governo em Jequi\\u00e9, deputado Antonio Brito se revolta com o prefeito Z\\u00e9 Coc\\u00e1: &#8220;V\\u00e1 pra p&#8221;\",\"previousItem\":{\"@type\":\"ListItem\",\"@id\":\"https:\\\/\\\/newsinfoco.com.br\\\/inicio\\\/category\\\/bahia\\\/#listItem\",\"name\":\"Bahia\"}}]},{\"@type\":\"Organization\",\"@id\":\"https:\\\/\\\/newsinfoco.com.br\\\/inicio\\\/#organization\",\"name\":\"News In Foco - Editado por Caio Pimenta\",\"description\":\"O principal site de noticias de Alagoinhas e regi\\u00e3o\",\"url\":\"https:\\\/\\\/newsinfoco.com.br\\\/inicio\\\/\"},{\"@type\":\"Person\",\"@id\":\"https:\\\/\\\/newsinfoco.com.br\\\/inicio\\\/author\\\/administrador\\\/#author\",\"url\":\"https:\\\/\\\/newsinfoco.com.br\\\/inicio\\\/author\\\/administrador\\\/\",\"name\":\"administrador\",\"image\":{\"@type\":\"ImageObject\",\"@id\":\"https:\\\/\\\/newsinfoco.com.br\\\/inicio\\\/em-evento-do-governo-em-jequie-deputado-antonio-brito-se-revolta-com-o-prefeito-ze-coca-va-pra-p\\\/#authorImage\",\"url\":\"https:\\\/\\\/secure.gravatar.com\\\/avatar\\\/c17a617433de8c1dc9584bb79aab7563b46f5bb7e1728c9b17d9cc3ce6a08e49?s=96&d=mm&r=g\",\"width\":96,\"height\":96,\"caption\":\"administrador\"}},{\"@type\":\"WebPage\",\"@id\":\"https:\\\/\\\/newsinfoco.com.br\\\/inicio\\\/em-evento-do-governo-em-jequie-deputado-antonio-brito-se-revolta-com-o-prefeito-ze-coca-va-pra-p\\\/#webpage\",\"url\":\"https:\\\/\\\/newsinfoco.com.br\\\/inicio\\\/em-evento-do-governo-em-jequie-deputado-antonio-brito-se-revolta-com-o-prefeito-ze-coca-va-pra-p\\\/\",\"name\":\"Em evento do governo em Jequi\\u00e9, deputado Antonio Brito se revolta com o prefeito Z\\u00e9 Coc\\u00e1: \\u201cV\\u00e1 pra p\\u201d - News In Foco - Editado por Caio Pimenta\",\"description\":\"Em evento de visita do governador Jer\\u00f4nimo Rodrigues (PT) \\u00e0 inaugura\\u00e7\\u00e3o da UNACOM, no Hospital Prado Valadares, em Jequi\\u00e9, o prefeito da cidade, Z\\u00e9 Coc\\u00e1 (PP), e o deputado federal Antonio Brito (PSD) se desentenderam. No v\\u00eddeo que circula nas redes, o l\\u00edder do PSD na C\\u00e2mara dos Deputados aparece revoltado com o comportamento anterior de Z\\u00e9\",\"inLanguage\":\"pt-BR\",\"isPartOf\":{\"@id\":\"https:\\\/\\\/newsinfoco.com.br\\\/inicio\\\/#website\"},\"breadcrumb\":{\"@id\":\"https:\\\/\\\/newsinfoco.com.br\\\/inicio\\\/em-evento-do-governo-em-jequie-deputado-antonio-brito-se-revolta-com-o-prefeito-ze-coca-va-pra-p\\\/#breadcrumblist\"},\"author\":{\"@id\":\"https:\\\/\\\/newsinfoco.com.br\\\/inicio\\\/author\\\/administrador\\\/#author\"},\"creator\":{\"@id\":\"https:\\\/\\\/newsinfoco.com.br\\\/inicio\\\/author\\\/administrador\\\/#author\"},\"image\":{\"@type\":\"ImageObject\",\"url\":\"https:\\\/\\\/newsinfoco.com.br\\\/inicio\\\/wp-content\\\/uploads\\\/2023\\\/10\\\/141762em-evento-do-governo-em-jequie-antonio-brito-se-revolta-com-ze-coca-va-pra-p-3.jpg\",\"@id\":\"https:\\\/\\\/newsinfoco.com.br\\\/inicio\\\/em-evento-do-governo-em-jequie-deputado-antonio-brito-se-revolta-com-o-prefeito-ze-coca-va-pra-p\\\/#mainImage\",\"width\":1600,\"height\":752},\"primaryImageOfPage\":{\"@id\":\"https:\\\/\\\/newsinfoco.com.br\\\/inicio\\\/em-evento-do-governo-em-jequie-deputado-antonio-brito-se-revolta-com-o-prefeito-ze-coca-va-pra-p\\\/#mainImage\"},\"datePublished\":\"2023-10-07T17:02:11-03:00\",\"dateModified\":\"2023-10-07T17:03:33-03:00\"},{\"@type\":\"WebSite\",\"@id\":\"https:\\\/\\\/newsinfoco.com.br\\\/inicio\\\/#website\",\"url\":\"https:\\\/\\\/newsinfoco.com.br\\\/inicio\\\/\",\"name\":\"News In Foco - Editado por Caio Pimenta\",\"description\":\"O principal site de noticias de Alagoinhas e regi\\u00e3o\",\"inLanguage\":\"pt-BR\",\"publisher\":{\"@id\":\"https:\\\/\\\/newsinfoco.com.br\\\/inicio\\\/#organization\"}}]}\n\t\t<\/script>\n\t\t<!-- All in One SEO -->\n\n","aioseo_head_json":{"title":"Em evento do governo em Jequi\u00e9, deputado Antonio Brito se revolta com o prefeito Z\u00e9 Coc\u00e1: \u201cV\u00e1 pra p\u201d - News In Foco - Editado por Caio Pimenta","description":"Em evento de visita do governador Jer\u00f4nimo Rodrigues (PT) \u00e0 inaugura\u00e7\u00e3o da UNACOM, no Hospital Prado Valadares, em Jequi\u00e9, o prefeito da cidade, Z\u00e9 Coc\u00e1 (PP), e o deputado federal Antonio Brito (PSD) se desentenderam. No v\u00eddeo que circula nas redes, o l\u00edder do PSD na C\u00e2mara dos Deputados aparece revoltado com o comportamento anterior de Z\u00e9","canonical_url":"https:\/\/newsinfoco.com.br\/inicio\/em-evento-do-governo-em-jequie-deputado-antonio-brito-se-revolta-com-o-prefeito-ze-coca-va-pra-p\/","robots":"max-image-preview:large","keywords":"","webmasterTools":{"miscellaneous":""},"schema":{"@context":"https:\/\/schema.org","@graph":[{"@type":"BlogPosting","@id":"https:\/\/newsinfoco.com.br\/inicio\/em-evento-do-governo-em-jequie-deputado-antonio-brito-se-revolta-com-o-prefeito-ze-coca-va-pra-p\/#blogposting","name":"Em evento do governo em Jequi\u00e9, deputado Antonio Brito se revolta com o prefeito Z\u00e9 Coc\u00e1: \u201cV\u00e1 pra p\u201d - News In Foco - Editado por Caio Pimenta","headline":"Em evento do governo em Jequi\u00e9, deputado Antonio Brito se revolta com o prefeito Z\u00e9 Coc\u00e1: &#8220;V\u00e1 pra p&#8221;","author":{"@id":"https:\/\/newsinfoco.com.br\/inicio\/author\/administrador\/#author"},"publisher":{"@id":"https:\/\/newsinfoco.com.br\/inicio\/#organization"},"image":{"@type":"ImageObject","url":"https:\/\/newsinfoco.com.br\/inicio\/wp-content\/uploads\/2023\/10\/141762em-evento-do-governo-em-jequie-antonio-brito-se-revolta-com-ze-coca-va-pra-p-3.jpg","width":1600,"height":752},"datePublished":"2023-10-07T17:02:11-03:00","dateModified":"2023-10-07T17:03:33-03:00","inLanguage":"pt-BR","mainEntityOfPage":{"@id":"https:\/\/newsinfoco.com.br\/inicio\/em-evento-do-governo-em-jequie-deputado-antonio-brito-se-revolta-com-o-prefeito-ze-coca-va-pra-p\/#webpage"},"isPartOf":{"@id":"https:\/\/newsinfoco.com.br\/inicio\/em-evento-do-governo-em-jequie-deputado-antonio-brito-se-revolta-com-o-prefeito-ze-coca-va-pra-p\/#webpage"},"articleSection":"Bahia"},{"@type":"BreadcrumbList","@id":"https:\/\/newsinfoco.com.br\/inicio\/em-evento-do-governo-em-jequie-deputado-antonio-brito-se-revolta-com-o-prefeito-ze-coca-va-pra-p\/#breadcrumblist","itemListElement":[{"@type":"ListItem","@id":"https:\/\/newsinfoco.com.br\/inicio#listItem","position":1,"name":"In\u00edcio","item":"https:\/\/newsinfoco.com.br\/inicio","nextItem":{"@type":"ListItem","@id":"https:\/\/newsinfoco.com.br\/inicio\/category\/bahia\/#listItem","name":"Bahia"}},{"@type":"ListItem","@id":"https:\/\/newsinfoco.com.br\/inicio\/category\/bahia\/#listItem","position":2,"name":"Bahia","item":"https:\/\/newsinfoco.com.br\/inicio\/category\/bahia\/","nextItem":{"@type":"ListItem","@id":"https:\/\/newsinfoco.com.br\/inicio\/em-evento-do-governo-em-jequie-deputado-antonio-brito-se-revolta-com-o-prefeito-ze-coca-va-pra-p\/#listItem","name":"Em evento do governo em Jequi\u00e9, deputado Antonio Brito se revolta com o prefeito Z\u00e9 Coc\u00e1: &#8220;V\u00e1 pra p&#8221;"},"previousItem":{"@type":"ListItem","@id":"https:\/\/newsinfoco.com.br\/inicio#listItem","name":"In\u00edcio"}},{"@type":"ListItem","@id":"https:\/\/newsinfoco.com.br\/inicio\/em-evento-do-governo-em-jequie-deputado-antonio-brito-se-revolta-com-o-prefeito-ze-coca-va-pra-p\/#listItem","position":3,"name":"Em evento do governo em Jequi\u00e9, deputado Antonio Brito se revolta com o prefeito Z\u00e9 Coc\u00e1: &#8220;V\u00e1 pra p&#8221;","previousItem":{"@type":"ListItem","@id":"https:\/\/newsinfoco.com.br\/inicio\/category\/bahia\/#listItem","name":"Bahia"}}]},{"@type":"Organization","@id":"https:\/\/newsinfoco.com.br\/inicio\/#organization","name":"News In Foco - Editado por Caio Pimenta","description":"O principal site de noticias de Alagoinhas e regi\u00e3o","url":"https:\/\/newsinfoco.com.br\/inicio\/"},{"@type":"Person","@id":"https:\/\/newsinfoco.com.br\/inicio\/author\/administrador\/#author","url":"https:\/\/newsinfoco.com.br\/inicio\/author\/administrador\/","name":"administrador","image":{"@type":"ImageObject","@id":"https:\/\/newsinfoco.com.br\/inicio\/em-evento-do-governo-em-jequie-deputado-antonio-brito-se-revolta-com-o-prefeito-ze-coca-va-pra-p\/#authorImage","url":"https:\/\/secure.gravatar.com\/avatar\/c17a617433de8c1dc9584bb79aab7563b46f5bb7e1728c9b17d9cc3ce6a08e49?s=96&d=mm&r=g","width":96,"height":96,"caption":"administrador"}},{"@type":"WebPage","@id":"https:\/\/newsinfoco.com.br\/inicio\/em-evento-do-governo-em-jequie-deputado-antonio-brito-se-revolta-com-o-prefeito-ze-coca-va-pra-p\/#webpage","url":"https:\/\/newsinfoco.com.br\/inicio\/em-evento-do-governo-em-jequie-deputado-antonio-brito-se-revolta-com-o-prefeito-ze-coca-va-pra-p\/","name":"Em evento do governo em Jequi\u00e9, deputado Antonio Brito se revolta com o prefeito Z\u00e9 Coc\u00e1: \u201cV\u00e1 pra p\u201d - News In Foco - Editado por Caio Pimenta","description":"Em evento de visita do governador Jer\u00f4nimo Rodrigues (PT) \u00e0 inaugura\u00e7\u00e3o da UNACOM, no Hospital Prado Valadares, em Jequi\u00e9, o prefeito da cidade, Z\u00e9 Coc\u00e1 (PP), e o deputado federal Antonio Brito (PSD) se desentenderam. No v\u00eddeo que circula nas redes, o l\u00edder do PSD na C\u00e2mara dos Deputados aparece revoltado com o comportamento anterior de Z\u00e9","inLanguage":"pt-BR","isPartOf":{"@id":"https:\/\/newsinfoco.com.br\/inicio\/#website"},"breadcrumb":{"@id":"https:\/\/newsinfoco.com.br\/inicio\/em-evento-do-governo-em-jequie-deputado-antonio-brito-se-revolta-com-o-prefeito-ze-coca-va-pra-p\/#breadcrumblist"},"author":{"@id":"https:\/\/newsinfoco.com.br\/inicio\/author\/administrador\/#author"},"creator":{"@id":"https:\/\/newsinfoco.com.br\/inicio\/author\/administrador\/#author"},"image":{"@type":"ImageObject","url":"https:\/\/newsinfoco.com.br\/inicio\/wp-content\/uploads\/2023\/10\/141762em-evento-do-governo-em-jequie-antonio-brito-se-revolta-com-ze-coca-va-pra-p-3.jpg","@id":"https:\/\/newsinfoco.com.br\/inicio\/em-evento-do-governo-em-jequie-deputado-antonio-brito-se-revolta-com-o-prefeito-ze-coca-va-pra-p\/#mainImage","width":1600,"height":752},"primaryImageOfPage":{"@id":"https:\/\/newsinfoco.com.br\/inicio\/em-evento-do-governo-em-jequie-deputado-antonio-brito-se-revolta-com-o-prefeito-ze-coca-va-pra-p\/#mainImage"},"datePublished":"2023-10-07T17:02:11-03:00","dateModified":"2023-10-07T17:03:33-03:00"},{"@type":"WebSite","@id":"https:\/\/newsinfoco.com.br\/inicio\/#website","url":"https:\/\/newsinfoco.com.br\/inicio\/","name":"News In Foco - Editado por Caio Pimenta","description":"O principal site de noticias de Alagoinhas e regi\u00e3o","inLanguage":"pt-BR","publisher":{"@id":"https:\/\/newsinfoco.com.br\/inicio\/#organization"}}]},"og:locale":"pt_BR","og:site_name":"News In Foco - Editado por Caio Pimenta - O principal site de noticias de Alagoinhas e regi\u00e3o","og:type":"article","og:title":"Em evento do governo em Jequi\u00e9, deputado Antonio Brito se revolta com o prefeito Z\u00e9 Coc\u00e1: \u201cV\u00e1 pra p\u201d - News In Foco - Editado por Caio Pimenta","og:description":"Em evento de visita do governador Jer\u00f4nimo Rodrigues (PT) \u00e0 inaugura\u00e7\u00e3o da UNACOM, no Hospital Prado Valadares, em Jequi\u00e9, o prefeito da cidade, Z\u00e9 Coc\u00e1 (PP), e o deputado federal Antonio Brito (PSD) se desentenderam. No v\u00eddeo que circula nas redes, o l\u00edder do PSD na C\u00e2mara dos Deputados aparece revoltado com o comportamento anterior de Z\u00e9","og:url":"https:\/\/newsinfoco.com.br\/inicio\/em-evento-do-governo-em-jequie-deputado-antonio-brito-se-revolta-com-o-prefeito-ze-coca-va-pra-p\/","article:published_time":"2023-10-07T20:02:11+00:00","article:modified_time":"2023-10-07T20:03:33+00:00","twitter:card":"summary_large_image","twitter:title":"Em evento do governo em Jequi\u00e9, deputado Antonio Brito se revolta com o prefeito Z\u00e9 Coc\u00e1: \u201cV\u00e1 pra p\u201d - News In Foco - Editado por Caio Pimenta","twitter:description":"Em evento de visita do governador Jer\u00f4nimo Rodrigues (PT) \u00e0 inaugura\u00e7\u00e3o da UNACOM, no Hospital Prado Valadares, em Jequi\u00e9, o prefeito da cidade, Z\u00e9 Coc\u00e1 (PP), e o deputado federal Antonio Brito (PSD) se desentenderam. No v\u00eddeo que circula nas redes, o l\u00edder do PSD na C\u00e2mara dos Deputados aparece revoltado com o comportamento anterior de Z\u00e9"},"aioseo_meta_data":{"post_id":"35184","title":null,"description":null,"keywords":[],"keyphrases":{"focus":{"keyphrase":"","score":0,"analysis":{"keyphraseInTitle":{"score":0,"maxScore":9,"error":1}}},"additional":[]},"primary_term":null,"canonical_url":null,"og_title":null,"og_description":null,"og_object_type":"default","og_image_type":"default","og_image_url":null,"og_image_width":null,"og_image_height":null,"og_image_custom_url":null,"og_image_custom_fields":null,"og_video":"","og_custom_url":null,"og_article_section":null,"og_article_tags":[],"twitter_use_og":false,"twitter_card":"default","twitter_image_type":"default","twitter_image_url":null,"twitter_image_custom_url":null,"twitter_image_custom_fields":null,"twitter_title":null,"twitter_description":null,"schema":{"blockGraphs":[],"customGraphs":[],"default":{"data":{"Article":[],"Course":[],"Dataset":[],"FAQPage":[],"Movie":[],"Person":[],"Product":[],"ProductReview":[],"Car":[],"Recipe":[],"Service":[],"SoftwareApplication":[],"WebPage":[]},"graphName":"BlogPosting","isEnabled":true},"graphs":[]},"schema_type":"default","schema_type_options":null,"pillar_content":false,"robots_default":true,"robots_noindex":false,"robots_noarchive":false,"robots_nosnippet":false,"robots_nofollow":false,"robots_noimageindex":false,"robots_noodp":false,"robots_notranslate":false,"robots_max_snippet":"-1","robots_max_videopreview":"-1","robots_max_imagepreview":"large","priority":null,"frequency":"default","local_seo":null,"breadcrumb_settings":null,"limit_modified_date":false,"ai":null,"created":"2023-10-07 20:02:11","updated":"2025-07-11 10:18:06","seo_analyzer_scan_date":null},"aioseo_breadcrumb":"<div class=\"aioseo-breadcrumbs\"><span class=\"aioseo-breadcrumb\">\n\t\t\t<a href=\"https:\/\/newsinfoco.com.br\/inicio\" title=\"In\u00edcio\">In\u00edcio<\/a>\n\t\t<\/span><span class=\"aioseo-breadcrumb-separator\">&raquo;<\/span><span class=\"aioseo-breadcrumb\">\n\t\t\t<a href=\"https:\/\/newsinfoco.com.br\/inicio\/category\/bahia\/\" title=\"Bahia\">Bahia<\/a>\n\t\t<\/span><span class=\"aioseo-breadcrumb-separator\">&raquo;<\/span><span class=\"aioseo-breadcrumb\">\n\t\t\tEm evento do governo em Jequi\u00e9, deputado Antonio Brito se revolta com o prefeito Z\u00e9 Coc\u00e1: \u201cV\u00e1 pra p\u201d\n\t\t<\/span><\/div>","aioseo_breadcrumb_json":[{"label":"In\u00edcio","link":"https:\/\/newsinfoco.com.br\/inicio"},{"label":"Bahia","link":"https:\/\/newsinfoco.com.br\/inicio\/category\/bahia\/"},{"label":"Em evento do governo em Jequi\u00e9, deputado Antonio Brito se revolta com o prefeito Z\u00e9 Coc\u00e1: &#8220;V\u00e1 pra p&#8221;","link":"https:\/\/newsinfoco.com.br\/inicio\/em-evento-do-governo-em-jequie-deputado-antonio-brito-se-revolta-com-o-prefeito-ze-coca-va-pra-p\/"}],"_links":{"self":[{"href":"https:\/\/newsinfoco.com.br\/inicio\/wp-json\/wp\/v2\/posts\/35184","targetHints":{"allow":["GET"]}}],"collection":[{"href":"https:\/\/newsinfoco.com.br\/inicio\/wp-json\/wp\/v2\/posts"}],"about":[{"href":"https:\/\/newsinfoco.com.br\/inicio\/wp-json\/wp\/v2\/types\/post"}],"author":[{"embeddable":true,"href":"https:\/\/newsinfoco.com.br\/inicio\/wp-json\/wp\/v2\/users\/1"}],"replies":[{"embeddable":true,"href":"https:\/\/newsinfoco.com.br\/inicio\/wp-json\/wp\/v2\/comments?post=35184"}],"version-history":[{"count":2,"href":"https:\/\/newsinfoco.com.br\/inicio\/wp-json\/wp\/v2\/posts\/35184\/revisions"}],"predecessor-version":[{"id":35187,"href":"https:\/\/newsinfoco.com.br\/inicio\/wp-json\/wp\/v2\/posts\/35184\/revisions\/35187"}],"wp:featuredmedia":[{"embeddable":true,"href":"https:\/\/newsinfoco.com.br\/inicio\/wp-json\/wp\/v2\/media\/35185"}],"wp:attachment":[{"href":"https:\/\/newsinfoco.com.br\/inicio\/wp-json\/wp\/v2\/media?parent=35184"}],"wp:term":[{"taxonomy":"category","embeddable":true,"href":"https:\/\/newsinfoco.com.br\/inicio\/wp-json\/wp\/v2\/categories?post=35184"},{"taxonomy":"post_tag","embeddable":true,"href":"https:\/\/newsinfoco.com.br\/inicio\/wp-json\/wp\/v2\/tags?post=35184"}],"curies":[{"name":"wp","href":"https:\/\/api.w.org\/{rel}","templated":true}]}}