{"id":35188,"date":"2023-10-08T17:39:56","date_gmt":"2023-10-08T20:39:56","guid":{"rendered":"https:\/\/newsinfoco.com.br\/inicio\/?p=35188"},"modified":"2023-10-08T17:45:58","modified_gmt":"2023-10-08T20:45:58","slug":"do-carro-eletrico-ao-parque-eolico-bahia-desponta-no-cenario-nacional-e-mostra-folego-em-momento-de-franco-desenvolvimento","status":"publish","type":"post","link":"https:\/\/newsinfoco.com.br\/inicio\/do-carro-eletrico-ao-parque-eolico-bahia-desponta-no-cenario-nacional-e-mostra-folego-em-momento-de-franco-desenvolvimento\/","title":{"rendered":"Do carro el\u00e9trico ao parque e\u00f3lico, Bahia desponta no cen\u00e1rio nacional e mostra f\u00f4lego em momento de franco desenvolvimento"},"content":{"rendered":"<p>Nesta segunda-feira (9), a Bahia protagoniza mais um feito que demonstra o momento positivo pelo qual est\u00e1 passando no que se refere \u00e0 acelera\u00e7\u00e3o do crescimento econ\u00f4mico e social do estado. A gigante chinesa da ind\u00fastria automobil\u00edstica \u2013 BYD lan\u00e7a a pedra fundamental do complexo fabril que vai produzir, em solo baiano, ve\u00edculos de passeio el\u00e9tricos e h\u00edbridos, caminh\u00f5es el\u00e9tricos, chassis de \u00f4nibus, al\u00e9m de processar l\u00edtio e ferro fosfato.<\/p>\n<p>O fato hist\u00f3rico para o estado se junta ao cen\u00e1rio de recordes recentes de investimentos pr\u00f3prios e privados que promovem crescimento tamb\u00e9m em outros setores e se refletem em avan\u00e7os econ\u00f4micos e de gera\u00e7\u00e3o de empego. Somente por parte da BYD, o investimento na implanta\u00e7\u00e3o das f\u00e1bricas em Cama\u00e7ari ser\u00e1 de R$ 3 bilh\u00f5es. A empresa estima a gera\u00e7\u00e3o de cerca de 5 mil empregos diretos e indiretos e j\u00e1 anunciou tamb\u00e9m que promover\u00e1 treinamento e capacita\u00e7\u00e3o de m\u00e3o de obra especializada, com prioridade para profissionais locais.<\/p>\n<p>Antes de participar do evento que marca oficialmente o in\u00edcio da instala\u00e7\u00e3o das novas f\u00e1bricas, o governador Jer\u00f4nimo Rodrigues visitou o local, neste domingo (8), acompanhado de uma comitiva de secret\u00e1rios e dirigentes do Governo do Estado e de representantes da empresa. Al\u00e9m dele, a cerim\u00f4nia da pedra fundamental ter\u00e1 a presen\u00e7a do fundador e CEO Global da BYD, Wang Chuanfu, e da CEO BYD Am\u00e9ricas, Stella Li. O vice-presidente, Geraldo Alckmin e ministros do Governo Federal tamb\u00e9m estar\u00e3o presentes.<\/p>\n<p>A for\u00e7a baiana de atra\u00e7\u00e3o de investimentos tem na BYD o seu exemplo mais recente, mas j\u00e1 demonstra desempenho positivo h\u00e1 mais tempo. Somente este ano, de janeiro a setembro, foram 49 novos empreendimentos implantados na Bahia, marcando R$ 3,96 bilh\u00f5es em investimentos e gera\u00e7\u00e3o de mais de 5 mil empregos. Nos pr\u00f3ximos anos, a proje\u00e7\u00e3o \u00e9 de que sejam criados 34,5 mil postos de trabalho, a partir de 380 empreendimentos, que foram ou est\u00e3o sendo instalados ou ampliados no estado, com aporte de R$ 127 bilh\u00f5es para o incremento da economia baiana.<\/p>\n<p>Os setores de gera\u00e7\u00e3o de energias renov\u00e1veis, e\u00f3lica e solar, se destacam entre os que mais crescem no estado. O Complexo E\u00f3lico de Tucano, localizado nos munic\u00edpios de Tucano, Biritinga e Araci, \u00e9 o mais novo desse setor a se instalar em solo baiano. Inaugurado no dia 3 de outubro, ser\u00e1 operado 100% por mulheres, com investimento de R$ 1,5 bilh\u00e3o. Este e outros empreendimentos, unidos ao crescimento do setor de servi\u00e7os, colocam a Bahia como o sexto estado brasileiro com melhor saldo na gera\u00e7\u00e3o de empregos este ano.<\/p>\n<p>Quando se trata de investimentos, com recursos pr\u00f3prios, em \u00e1reas de impacto direto na vida de baianos, os n\u00fameros tamb\u00e9m destacam a Bahia nacionalmente. O estado \u00e9 l\u00edder no pa\u00eds em investimentos como propor\u00e7\u00e3o das receitas. O total investido at\u00e9 a primeira quinzena de setembro somou R$ 5,85 bilh\u00f5es. As \u00e1reas sociais foram, com larga vantagem, as mais contempladas com estes recursos: foram R$ 2,68 bilh\u00f5es desembolsados pelas secretarias de Educa\u00e7\u00e3o, Sa\u00fade e Seguran\u00e7a, e no setor de infraestrutura foram R$ 2,65 bilh\u00f5es aplicados em obras e a\u00e7\u00f5es das secretarias de Infraestrutura, Desenvolvimento Urbano e Infraestrutura H\u00eddrica.<\/p>\n<p>De acordo com informa\u00e7\u00f5es da Secretaria do Tesouro Nacional (STN), vinculada ao Minist\u00e9rio da Fazenda, ao destinar 14% de sua receita total para os investimentos at\u00e9 o m\u00eas de junho, o governo baiano teve a melhor performance entre os estados no per\u00edodo.<\/p>\n<p>&nbsp;<\/p>\n<p>Politicalivre<\/p>\n<div class='share-to-whatsapp-wrapper'><div class='share-on-whsp'>Share on: <\/div><a data-text='Do carro el\u00e9trico ao parque e\u00f3lico, Bahia desponta no cen\u00e1rio nacional e mostra f\u00f4lego em momento de franco desenvolvimento' data-link='https:\/\/newsinfoco.com.br\/inicio\/do-carro-eletrico-ao-parque-eolico-bahia-desponta-no-cenario-nacional-e-mostra-folego-em-momento-de-franco-desenvolvimento\/' class='whatsapp-button whatsapp-share'>WhatsApp<\/a><div class='clear '><\/div><\/div>","protected":false},"excerpt":{"rendered":"<p>Nesta segunda-feira (9), a Bahia protagoniza mais um feito que demonstra o momento positivo pelo qual est\u00e1 passando no que se refere \u00e0 acelera\u00e7\u00e3o do crescimento econ\u00f4mico e social do estado. A gigante chinesa da ind\u00fastria automobil\u00edstica \u2013 BYD lan\u00e7a a pedra fundamental do complexo fabril que vai produzir, em solo baiano, ve\u00edculos de passeio [&hellip;]<\/p>\n","protected":false},"author":1,"featured_media":35189,"comment_status":"closed","ping_status":"closed","sticky":false,"template":"","format":"standard","meta":{"om_disable_all_campaigns":false,"rop_custom_images_group":[],"rop_custom_messages_group":[],"rop_publish_now":"initial","rop_publish_now_accounts":[],"rop_publish_now_history":[],"rop_publish_now_status":"pending","_exactmetrics_skip_tracking":false,"footnotes":""},"categories":[19],"tags":[],"class_list":["post-35188","post","type-post","status-publish","format-standard","has-post-thumbnail","hentry","category-bahia"],"aioseo_notices":[],"aioseo_head":"\n\t\t<!-- All in One SEO 4.9.10 - aioseo.com -->\n\t<meta name=\"description\" content=\"Nesta segunda-feira (9), a Bahia protagoniza mais um feito que demonstra o momento positivo pelo qual est\u00e1 passando no que se refere \u00e0 acelera\u00e7\u00e3o do crescimento econ\u00f4mico e social do estado. A gigante chinesa da ind\u00fastria automobil\u00edstica \u2013 BYD lan\u00e7a a pedra fundamental do complexo fabril que vai produzir, em solo baiano, ve\u00edculos de passeio\" \/>\n\t<meta name=\"robots\" content=\"max-image-preview:large\" \/>\n\t<meta name=\"author\" content=\"administrador\"\/>\n\t<link rel=\"canonical\" href=\"https:\/\/newsinfoco.com.br\/inicio\/do-carro-eletrico-ao-parque-eolico-bahia-desponta-no-cenario-nacional-e-mostra-folego-em-momento-de-franco-desenvolvimento\/\" \/>\n\t<meta name=\"generator\" content=\"All in One SEO (AIOSEO) 4.9.10\" \/>\n\t\t<meta property=\"og:locale\" content=\"pt_BR\" \/>\n\t\t<meta property=\"og:site_name\" content=\"News In Foco - Editado por Caio Pimenta - O principal site de noticias de Alagoinhas e regi\u00e3o\" \/>\n\t\t<meta property=\"og:type\" content=\"article\" \/>\n\t\t<meta property=\"og:title\" content=\"Do carro el\u00e9trico ao parque e\u00f3lico, Bahia desponta no cen\u00e1rio nacional e mostra f\u00f4lego em momento de franco desenvolvimento - News In Foco - Editado por Caio Pimenta\" \/>\n\t\t<meta property=\"og:description\" content=\"Nesta segunda-feira (9), a Bahia protagoniza mais um feito que demonstra o momento positivo pelo qual est\u00e1 passando no que se refere \u00e0 acelera\u00e7\u00e3o do crescimento econ\u00f4mico e social do estado. A gigante chinesa da ind\u00fastria automobil\u00edstica \u2013 BYD lan\u00e7a a pedra fundamental do complexo fabril que vai produzir, em solo baiano, ve\u00edculos de passeio\" \/>\n\t\t<meta property=\"og:url\" content=\"https:\/\/newsinfoco.com.br\/inicio\/do-carro-eletrico-ao-parque-eolico-bahia-desponta-no-cenario-nacional-e-mostra-folego-em-momento-de-franco-desenvolvimento\/\" \/>\n\t\t<meta property=\"article:published_time\" content=\"2023-10-08T20:39:56+00:00\" \/>\n\t\t<meta property=\"article:modified_time\" content=\"2023-10-08T20:45:58+00:00\" \/>\n\t\t<meta name=\"twitter:card\" content=\"summary_large_image\" \/>\n\t\t<meta name=\"twitter:title\" content=\"Do carro el\u00e9trico ao parque e\u00f3lico, Bahia desponta no cen\u00e1rio nacional e mostra f\u00f4lego em momento de franco desenvolvimento - News In Foco - Editado por Caio Pimenta\" \/>\n\t\t<meta name=\"twitter:description\" content=\"Nesta segunda-feira (9), a Bahia protagoniza mais um feito que demonstra o momento positivo pelo qual est\u00e1 passando no que se refere \u00e0 acelera\u00e7\u00e3o do crescimento econ\u00f4mico e social do estado. A gigante chinesa da ind\u00fastria automobil\u00edstica \u2013 BYD lan\u00e7a a pedra fundamental do complexo fabril que vai produzir, em solo baiano, ve\u00edculos de passeio\" \/>\n\t\t<script type=\"application\/ld+json\" class=\"aioseo-schema\">\n\t\t\t{\"@context\":\"https:\\\/\\\/schema.org\",\"@graph\":[{\"@type\":\"BlogPosting\",\"@id\":\"https:\\\/\\\/newsinfoco.com.br\\\/inicio\\\/do-carro-eletrico-ao-parque-eolico-bahia-desponta-no-cenario-nacional-e-mostra-folego-em-momento-de-franco-desenvolvimento\\\/#blogposting\",\"name\":\"Do carro el\\u00e9trico ao parque e\\u00f3lico, Bahia desponta no cen\\u00e1rio nacional e mostra f\\u00f4lego em momento de franco desenvolvimento - News In Foco - Editado por Caio Pimenta\",\"headline\":\"Do carro el\\u00e9trico ao parque e\\u00f3lico, Bahia desponta no cen\\u00e1rio nacional e mostra f\\u00f4lego em momento de franco desenvolvimento\",\"author\":{\"@id\":\"https:\\\/\\\/newsinfoco.com.br\\\/inicio\\\/author\\\/administrador\\\/#author\"},\"publisher\":{\"@id\":\"https:\\\/\\\/newsinfoco.com.br\\\/inicio\\\/#organization\"},\"image\":{\"@type\":\"ImageObject\",\"url\":\"https:\\\/\\\/newsinfoco.com.br\\\/inicio\\\/wp-content\\\/uploads\\\/2023\\\/10\\\/Artigo-Destaque_01221293_00.webp\",\"width\":1280,\"height\":720},\"datePublished\":\"2023-10-08T17:39:56-03:00\",\"dateModified\":\"2023-10-08T17:45:58-03:00\",\"inLanguage\":\"pt-BR\",\"mainEntityOfPage\":{\"@id\":\"https:\\\/\\\/newsinfoco.com.br\\\/inicio\\\/do-carro-eletrico-ao-parque-eolico-bahia-desponta-no-cenario-nacional-e-mostra-folego-em-momento-de-franco-desenvolvimento\\\/#webpage\"},\"isPartOf\":{\"@id\":\"https:\\\/\\\/newsinfoco.com.br\\\/inicio\\\/do-carro-eletrico-ao-parque-eolico-bahia-desponta-no-cenario-nacional-e-mostra-folego-em-momento-de-franco-desenvolvimento\\\/#webpage\"},\"articleSection\":\"Bahia\"},{\"@type\":\"BreadcrumbList\",\"@id\":\"https:\\\/\\\/newsinfoco.com.br\\\/inicio\\\/do-carro-eletrico-ao-parque-eolico-bahia-desponta-no-cenario-nacional-e-mostra-folego-em-momento-de-franco-desenvolvimento\\\/#breadcrumblist\",\"itemListElement\":[{\"@type\":\"ListItem\",\"@id\":\"https:\\\/\\\/newsinfoco.com.br\\\/inicio#listItem\",\"position\":1,\"name\":\"In\\u00edcio\",\"item\":\"https:\\\/\\\/newsinfoco.com.br\\\/inicio\",\"nextItem\":{\"@type\":\"ListItem\",\"@id\":\"https:\\\/\\\/newsinfoco.com.br\\\/inicio\\\/category\\\/bahia\\\/#listItem\",\"name\":\"Bahia\"}},{\"@type\":\"ListItem\",\"@id\":\"https:\\\/\\\/newsinfoco.com.br\\\/inicio\\\/category\\\/bahia\\\/#listItem\",\"position\":2,\"name\":\"Bahia\",\"item\":\"https:\\\/\\\/newsinfoco.com.br\\\/inicio\\\/category\\\/bahia\\\/\",\"nextItem\":{\"@type\":\"ListItem\",\"@id\":\"https:\\\/\\\/newsinfoco.com.br\\\/inicio\\\/do-carro-eletrico-ao-parque-eolico-bahia-desponta-no-cenario-nacional-e-mostra-folego-em-momento-de-franco-desenvolvimento\\\/#listItem\",\"name\":\"Do carro el\\u00e9trico ao parque e\\u00f3lico, Bahia desponta no cen\\u00e1rio nacional e mostra f\\u00f4lego em momento de franco desenvolvimento\"},\"previousItem\":{\"@type\":\"ListItem\",\"@id\":\"https:\\\/\\\/newsinfoco.com.br\\\/inicio#listItem\",\"name\":\"In\\u00edcio\"}},{\"@type\":\"ListItem\",\"@id\":\"https:\\\/\\\/newsinfoco.com.br\\\/inicio\\\/do-carro-eletrico-ao-parque-eolico-bahia-desponta-no-cenario-nacional-e-mostra-folego-em-momento-de-franco-desenvolvimento\\\/#listItem\",\"position\":3,\"name\":\"Do carro el\\u00e9trico ao parque e\\u00f3lico, Bahia desponta no cen\\u00e1rio nacional e mostra f\\u00f4lego em momento de franco desenvolvimento\",\"previousItem\":{\"@type\":\"ListItem\",\"@id\":\"https:\\\/\\\/newsinfoco.com.br\\\/inicio\\\/category\\\/bahia\\\/#listItem\",\"name\":\"Bahia\"}}]},{\"@type\":\"Organization\",\"@id\":\"https:\\\/\\\/newsinfoco.com.br\\\/inicio\\\/#organization\",\"name\":\"News In Foco - Editado por Caio Pimenta\",\"description\":\"O principal site de noticias de Alagoinhas e regi\\u00e3o\",\"url\":\"https:\\\/\\\/newsinfoco.com.br\\\/inicio\\\/\"},{\"@type\":\"Person\",\"@id\":\"https:\\\/\\\/newsinfoco.com.br\\\/inicio\\\/author\\\/administrador\\\/#author\",\"url\":\"https:\\\/\\\/newsinfoco.com.br\\\/inicio\\\/author\\\/administrador\\\/\",\"name\":\"administrador\",\"image\":{\"@type\":\"ImageObject\",\"@id\":\"https:\\\/\\\/newsinfoco.com.br\\\/inicio\\\/do-carro-eletrico-ao-parque-eolico-bahia-desponta-no-cenario-nacional-e-mostra-folego-em-momento-de-franco-desenvolvimento\\\/#authorImage\",\"url\":\"https:\\\/\\\/secure.gravatar.com\\\/avatar\\\/c17a617433de8c1dc9584bb79aab7563b46f5bb7e1728c9b17d9cc3ce6a08e49?s=96&d=mm&r=g\",\"width\":96,\"height\":96,\"caption\":\"administrador\"}},{\"@type\":\"WebPage\",\"@id\":\"https:\\\/\\\/newsinfoco.com.br\\\/inicio\\\/do-carro-eletrico-ao-parque-eolico-bahia-desponta-no-cenario-nacional-e-mostra-folego-em-momento-de-franco-desenvolvimento\\\/#webpage\",\"url\":\"https:\\\/\\\/newsinfoco.com.br\\\/inicio\\\/do-carro-eletrico-ao-parque-eolico-bahia-desponta-no-cenario-nacional-e-mostra-folego-em-momento-de-franco-desenvolvimento\\\/\",\"name\":\"Do carro el\\u00e9trico ao parque e\\u00f3lico, Bahia desponta no cen\\u00e1rio nacional e mostra f\\u00f4lego em momento de franco desenvolvimento - News In Foco - Editado por Caio Pimenta\",\"description\":\"Nesta segunda-feira (9), a Bahia protagoniza mais um feito que demonstra o momento positivo pelo qual est\\u00e1 passando no que se refere \\u00e0 acelera\\u00e7\\u00e3o do crescimento econ\\u00f4mico e social do estado. A gigante chinesa da ind\\u00fastria automobil\\u00edstica \\u2013 BYD lan\\u00e7a a pedra fundamental do complexo fabril que vai produzir, em solo baiano, ve\\u00edculos de passeio\",\"inLanguage\":\"pt-BR\",\"isPartOf\":{\"@id\":\"https:\\\/\\\/newsinfoco.com.br\\\/inicio\\\/#website\"},\"breadcrumb\":{\"@id\":\"https:\\\/\\\/newsinfoco.com.br\\\/inicio\\\/do-carro-eletrico-ao-parque-eolico-bahia-desponta-no-cenario-nacional-e-mostra-folego-em-momento-de-franco-desenvolvimento\\\/#breadcrumblist\"},\"author\":{\"@id\":\"https:\\\/\\\/newsinfoco.com.br\\\/inicio\\\/author\\\/administrador\\\/#author\"},\"creator\":{\"@id\":\"https:\\\/\\\/newsinfoco.com.br\\\/inicio\\\/author\\\/administrador\\\/#author\"},\"image\":{\"@type\":\"ImageObject\",\"url\":\"https:\\\/\\\/newsinfoco.com.br\\\/inicio\\\/wp-content\\\/uploads\\\/2023\\\/10\\\/Artigo-Destaque_01221293_00.webp\",\"@id\":\"https:\\\/\\\/newsinfoco.com.br\\\/inicio\\\/do-carro-eletrico-ao-parque-eolico-bahia-desponta-no-cenario-nacional-e-mostra-folego-em-momento-de-franco-desenvolvimento\\\/#mainImage\",\"width\":1280,\"height\":720},\"primaryImageOfPage\":{\"@id\":\"https:\\\/\\\/newsinfoco.com.br\\\/inicio\\\/do-carro-eletrico-ao-parque-eolico-bahia-desponta-no-cenario-nacional-e-mostra-folego-em-momento-de-franco-desenvolvimento\\\/#mainImage\"},\"datePublished\":\"2023-10-08T17:39:56-03:00\",\"dateModified\":\"2023-10-08T17:45:58-03:00\"},{\"@type\":\"WebSite\",\"@id\":\"https:\\\/\\\/newsinfoco.com.br\\\/inicio\\\/#website\",\"url\":\"https:\\\/\\\/newsinfoco.com.br\\\/inicio\\\/\",\"name\":\"News In Foco - Editado por Caio Pimenta\",\"description\":\"O principal site de noticias de Alagoinhas e regi\\u00e3o\",\"inLanguage\":\"pt-BR\",\"publisher\":{\"@id\":\"https:\\\/\\\/newsinfoco.com.br\\\/inicio\\\/#organization\"}}]}\n\t\t<\/script>\n\t\t<!-- All in One SEO -->\n\n","aioseo_head_json":{"title":"Do carro el\u00e9trico ao parque e\u00f3lico, Bahia desponta no cen\u00e1rio nacional e mostra f\u00f4lego em momento de franco desenvolvimento - News In Foco - Editado por Caio Pimenta","description":"Nesta segunda-feira (9), a Bahia protagoniza mais um feito que demonstra o momento positivo pelo qual est\u00e1 passando no que se refere \u00e0 acelera\u00e7\u00e3o do crescimento econ\u00f4mico e social do estado. A gigante chinesa da ind\u00fastria automobil\u00edstica \u2013 BYD lan\u00e7a a pedra fundamental do complexo fabril que vai produzir, em solo baiano, ve\u00edculos de passeio","canonical_url":"https:\/\/newsinfoco.com.br\/inicio\/do-carro-eletrico-ao-parque-eolico-bahia-desponta-no-cenario-nacional-e-mostra-folego-em-momento-de-franco-desenvolvimento\/","robots":"max-image-preview:large","keywords":"","webmasterTools":{"miscellaneous":""},"schema":{"@context":"https:\/\/schema.org","@graph":[{"@type":"BlogPosting","@id":"https:\/\/newsinfoco.com.br\/inicio\/do-carro-eletrico-ao-parque-eolico-bahia-desponta-no-cenario-nacional-e-mostra-folego-em-momento-de-franco-desenvolvimento\/#blogposting","name":"Do carro el\u00e9trico ao parque e\u00f3lico, Bahia desponta no cen\u00e1rio nacional e mostra f\u00f4lego em momento de franco desenvolvimento - News In Foco - Editado por Caio Pimenta","headline":"Do carro el\u00e9trico ao parque e\u00f3lico, Bahia desponta no cen\u00e1rio nacional e mostra f\u00f4lego em momento de franco desenvolvimento","author":{"@id":"https:\/\/newsinfoco.com.br\/inicio\/author\/administrador\/#author"},"publisher":{"@id":"https:\/\/newsinfoco.com.br\/inicio\/#organization"},"image":{"@type":"ImageObject","url":"https:\/\/newsinfoco.com.br\/inicio\/wp-content\/uploads\/2023\/10\/Artigo-Destaque_01221293_00.webp","width":1280,"height":720},"datePublished":"2023-10-08T17:39:56-03:00","dateModified":"2023-10-08T17:45:58-03:00","inLanguage":"pt-BR","mainEntityOfPage":{"@id":"https:\/\/newsinfoco.com.br\/inicio\/do-carro-eletrico-ao-parque-eolico-bahia-desponta-no-cenario-nacional-e-mostra-folego-em-momento-de-franco-desenvolvimento\/#webpage"},"isPartOf":{"@id":"https:\/\/newsinfoco.com.br\/inicio\/do-carro-eletrico-ao-parque-eolico-bahia-desponta-no-cenario-nacional-e-mostra-folego-em-momento-de-franco-desenvolvimento\/#webpage"},"articleSection":"Bahia"},{"@type":"BreadcrumbList","@id":"https:\/\/newsinfoco.com.br\/inicio\/do-carro-eletrico-ao-parque-eolico-bahia-desponta-no-cenario-nacional-e-mostra-folego-em-momento-de-franco-desenvolvimento\/#breadcrumblist","itemListElement":[{"@type":"ListItem","@id":"https:\/\/newsinfoco.com.br\/inicio#listItem","position":1,"name":"In\u00edcio","item":"https:\/\/newsinfoco.com.br\/inicio","nextItem":{"@type":"ListItem","@id":"https:\/\/newsinfoco.com.br\/inicio\/category\/bahia\/#listItem","name":"Bahia"}},{"@type":"ListItem","@id":"https:\/\/newsinfoco.com.br\/inicio\/category\/bahia\/#listItem","position":2,"name":"Bahia","item":"https:\/\/newsinfoco.com.br\/inicio\/category\/bahia\/","nextItem":{"@type":"ListItem","@id":"https:\/\/newsinfoco.com.br\/inicio\/do-carro-eletrico-ao-parque-eolico-bahia-desponta-no-cenario-nacional-e-mostra-folego-em-momento-de-franco-desenvolvimento\/#listItem","name":"Do carro el\u00e9trico ao parque e\u00f3lico, Bahia desponta no cen\u00e1rio nacional e mostra f\u00f4lego em momento de franco desenvolvimento"},"previousItem":{"@type":"ListItem","@id":"https:\/\/newsinfoco.com.br\/inicio#listItem","name":"In\u00edcio"}},{"@type":"ListItem","@id":"https:\/\/newsinfoco.com.br\/inicio\/do-carro-eletrico-ao-parque-eolico-bahia-desponta-no-cenario-nacional-e-mostra-folego-em-momento-de-franco-desenvolvimento\/#listItem","position":3,"name":"Do carro el\u00e9trico ao parque e\u00f3lico, Bahia desponta no cen\u00e1rio nacional e mostra f\u00f4lego em momento de franco desenvolvimento","previousItem":{"@type":"ListItem","@id":"https:\/\/newsinfoco.com.br\/inicio\/category\/bahia\/#listItem","name":"Bahia"}}]},{"@type":"Organization","@id":"https:\/\/newsinfoco.com.br\/inicio\/#organization","name":"News In Foco - Editado por Caio Pimenta","description":"O principal site de noticias de Alagoinhas e regi\u00e3o","url":"https:\/\/newsinfoco.com.br\/inicio\/"},{"@type":"Person","@id":"https:\/\/newsinfoco.com.br\/inicio\/author\/administrador\/#author","url":"https:\/\/newsinfoco.com.br\/inicio\/author\/administrador\/","name":"administrador","image":{"@type":"ImageObject","@id":"https:\/\/newsinfoco.com.br\/inicio\/do-carro-eletrico-ao-parque-eolico-bahia-desponta-no-cenario-nacional-e-mostra-folego-em-momento-de-franco-desenvolvimento\/#authorImage","url":"https:\/\/secure.gravatar.com\/avatar\/c17a617433de8c1dc9584bb79aab7563b46f5bb7e1728c9b17d9cc3ce6a08e49?s=96&d=mm&r=g","width":96,"height":96,"caption":"administrador"}},{"@type":"WebPage","@id":"https:\/\/newsinfoco.com.br\/inicio\/do-carro-eletrico-ao-parque-eolico-bahia-desponta-no-cenario-nacional-e-mostra-folego-em-momento-de-franco-desenvolvimento\/#webpage","url":"https:\/\/newsinfoco.com.br\/inicio\/do-carro-eletrico-ao-parque-eolico-bahia-desponta-no-cenario-nacional-e-mostra-folego-em-momento-de-franco-desenvolvimento\/","name":"Do carro el\u00e9trico ao parque e\u00f3lico, Bahia desponta no cen\u00e1rio nacional e mostra f\u00f4lego em momento de franco desenvolvimento - News In Foco - Editado por Caio Pimenta","description":"Nesta segunda-feira (9), a Bahia protagoniza mais um feito que demonstra o momento positivo pelo qual est\u00e1 passando no que se refere \u00e0 acelera\u00e7\u00e3o do crescimento econ\u00f4mico e social do estado. A gigante chinesa da ind\u00fastria automobil\u00edstica \u2013 BYD lan\u00e7a a pedra fundamental do complexo fabril que vai produzir, em solo baiano, ve\u00edculos de passeio","inLanguage":"pt-BR","isPartOf":{"@id":"https:\/\/newsinfoco.com.br\/inicio\/#website"},"breadcrumb":{"@id":"https:\/\/newsinfoco.com.br\/inicio\/do-carro-eletrico-ao-parque-eolico-bahia-desponta-no-cenario-nacional-e-mostra-folego-em-momento-de-franco-desenvolvimento\/#breadcrumblist"},"author":{"@id":"https:\/\/newsinfoco.com.br\/inicio\/author\/administrador\/#author"},"creator":{"@id":"https:\/\/newsinfoco.com.br\/inicio\/author\/administrador\/#author"},"image":{"@type":"ImageObject","url":"https:\/\/newsinfoco.com.br\/inicio\/wp-content\/uploads\/2023\/10\/Artigo-Destaque_01221293_00.webp","@id":"https:\/\/newsinfoco.com.br\/inicio\/do-carro-eletrico-ao-parque-eolico-bahia-desponta-no-cenario-nacional-e-mostra-folego-em-momento-de-franco-desenvolvimento\/#mainImage","width":1280,"height":720},"primaryImageOfPage":{"@id":"https:\/\/newsinfoco.com.br\/inicio\/do-carro-eletrico-ao-parque-eolico-bahia-desponta-no-cenario-nacional-e-mostra-folego-em-momento-de-franco-desenvolvimento\/#mainImage"},"datePublished":"2023-10-08T17:39:56-03:00","dateModified":"2023-10-08T17:45:58-03:00"},{"@type":"WebSite","@id":"https:\/\/newsinfoco.com.br\/inicio\/#website","url":"https:\/\/newsinfoco.com.br\/inicio\/","name":"News In Foco - Editado por Caio Pimenta","description":"O principal site de noticias de Alagoinhas e regi\u00e3o","inLanguage":"pt-BR","publisher":{"@id":"https:\/\/newsinfoco.com.br\/inicio\/#organization"}}]},"og:locale":"pt_BR","og:site_name":"News In Foco - Editado por Caio Pimenta - O principal site de noticias de Alagoinhas e regi\u00e3o","og:type":"article","og:title":"Do carro el\u00e9trico ao parque e\u00f3lico, Bahia desponta no cen\u00e1rio nacional e mostra f\u00f4lego em momento de franco desenvolvimento - News In Foco - Editado por Caio Pimenta","og:description":"Nesta segunda-feira (9), a Bahia protagoniza mais um feito que demonstra o momento positivo pelo qual est\u00e1 passando no que se refere \u00e0 acelera\u00e7\u00e3o do crescimento econ\u00f4mico e social do estado. A gigante chinesa da ind\u00fastria automobil\u00edstica \u2013 BYD lan\u00e7a a pedra fundamental do complexo fabril que vai produzir, em solo baiano, ve\u00edculos de passeio","og:url":"https:\/\/newsinfoco.com.br\/inicio\/do-carro-eletrico-ao-parque-eolico-bahia-desponta-no-cenario-nacional-e-mostra-folego-em-momento-de-franco-desenvolvimento\/","article:published_time":"2023-10-08T20:39:56+00:00","article:modified_time":"2023-10-08T20:45:58+00:00","twitter:card":"summary_large_image","twitter:title":"Do carro el\u00e9trico ao parque e\u00f3lico, Bahia desponta no cen\u00e1rio nacional e mostra f\u00f4lego em momento de franco desenvolvimento - News In Foco - Editado por Caio Pimenta","twitter:description":"Nesta segunda-feira (9), a Bahia protagoniza mais um feito que demonstra o momento positivo pelo qual est\u00e1 passando no que se refere \u00e0 acelera\u00e7\u00e3o do crescimento econ\u00f4mico e social do estado. A gigante chinesa da ind\u00fastria automobil\u00edstica \u2013 BYD lan\u00e7a a pedra fundamental do complexo fabril que vai produzir, em solo baiano, ve\u00edculos de passeio"},"aioseo_meta_data":{"post_id":"35188","title":null,"description":null,"keywords":[],"keyphrases":{"focus":{"keyphrase":"","score":0,"analysis":{"keyphraseInTitle":{"score":0,"maxScore":9,"error":1}}},"additional":[]},"primary_term":null,"canonical_url":null,"og_title":null,"og_description":null,"og_object_type":"default","og_image_type":"default","og_image_url":null,"og_image_width":null,"og_image_height":null,"og_image_custom_url":null,"og_image_custom_fields":null,"og_video":"","og_custom_url":null,"og_article_section":null,"og_article_tags":[],"twitter_use_og":false,"twitter_card":"default","twitter_image_type":"default","twitter_image_url":null,"twitter_image_custom_url":null,"twitter_image_custom_fields":null,"twitter_title":null,"twitter_description":null,"schema":{"blockGraphs":[],"customGraphs":[],"default":{"data":{"Article":[],"Course":[],"Dataset":[],"FAQPage":[],"Movie":[],"Person":[],"Product":[],"ProductReview":[],"Car":[],"Recipe":[],"Service":[],"SoftwareApplication":[],"WebPage":[]},"graphName":"BlogPosting","isEnabled":true},"graphs":[]},"schema_type":"default","schema_type_options":null,"pillar_content":false,"robots_default":true,"robots_noindex":false,"robots_noarchive":false,"robots_nosnippet":false,"robots_nofollow":false,"robots_noimageindex":false,"robots_noodp":false,"robots_notranslate":false,"robots_max_snippet":"-1","robots_max_videopreview":"-1","robots_max_imagepreview":"large","priority":null,"frequency":"default","local_seo":null,"breadcrumb_settings":null,"limit_modified_date":false,"ai":null,"created":"2023-10-08 20:39:57","updated":"2025-07-11 10:18:06","seo_analyzer_scan_date":null},"aioseo_breadcrumb":"<div class=\"aioseo-breadcrumbs\"><span class=\"aioseo-breadcrumb\">\n\t\t\t<a href=\"https:\/\/newsinfoco.com.br\/inicio\" title=\"In\u00edcio\">In\u00edcio<\/a>\n\t\t<\/span><span class=\"aioseo-breadcrumb-separator\">&raquo;<\/span><span class=\"aioseo-breadcrumb\">\n\t\t\t<a href=\"https:\/\/newsinfoco.com.br\/inicio\/category\/bahia\/\" title=\"Bahia\">Bahia<\/a>\n\t\t<\/span><span class=\"aioseo-breadcrumb-separator\">&raquo;<\/span><span class=\"aioseo-breadcrumb\">\n\t\t\tDo carro el\u00e9trico ao parque e\u00f3lico, Bahia desponta no cen\u00e1rio nacional e mostra f\u00f4lego em momento de franco desenvolvimento\n\t\t<\/span><\/div>","aioseo_breadcrumb_json":[{"label":"In\u00edcio","link":"https:\/\/newsinfoco.com.br\/inicio"},{"label":"Bahia","link":"https:\/\/newsinfoco.com.br\/inicio\/category\/bahia\/"},{"label":"Do carro el\u00e9trico ao parque e\u00f3lico, Bahia desponta no cen\u00e1rio nacional e mostra f\u00f4lego em momento de franco desenvolvimento","link":"https:\/\/newsinfoco.com.br\/inicio\/do-carro-eletrico-ao-parque-eolico-bahia-desponta-no-cenario-nacional-e-mostra-folego-em-momento-de-franco-desenvolvimento\/"}],"_links":{"self":[{"href":"https:\/\/newsinfoco.com.br\/inicio\/wp-json\/wp\/v2\/posts\/35188","targetHints":{"allow":["GET"]}}],"collection":[{"href":"https:\/\/newsinfoco.com.br\/inicio\/wp-json\/wp\/v2\/posts"}],"about":[{"href":"https:\/\/newsinfoco.com.br\/inicio\/wp-json\/wp\/v2\/types\/post"}],"author":[{"embeddable":true,"href":"https:\/\/newsinfoco.com.br\/inicio\/wp-json\/wp\/v2\/users\/1"}],"replies":[{"embeddable":true,"href":"https:\/\/newsinfoco.com.br\/inicio\/wp-json\/wp\/v2\/comments?post=35188"}],"version-history":[{"count":2,"href":"https:\/\/newsinfoco.com.br\/inicio\/wp-json\/wp\/v2\/posts\/35188\/revisions"}],"predecessor-version":[{"id":35191,"href":"https:\/\/newsinfoco.com.br\/inicio\/wp-json\/wp\/v2\/posts\/35188\/revisions\/35191"}],"wp:featuredmedia":[{"embeddable":true,"href":"https:\/\/newsinfoco.com.br\/inicio\/wp-json\/wp\/v2\/media\/35189"}],"wp:attachment":[{"href":"https:\/\/newsinfoco.com.br\/inicio\/wp-json\/wp\/v2\/media?parent=35188"}],"wp:term":[{"taxonomy":"category","embeddable":true,"href":"https:\/\/newsinfoco.com.br\/inicio\/wp-json\/wp\/v2\/categories?post=35188"},{"taxonomy":"post_tag","embeddable":true,"href":"https:\/\/newsinfoco.com.br\/inicio\/wp-json\/wp\/v2\/tags?post=35188"}],"curies":[{"name":"wp","href":"https:\/\/api.w.org\/{rel}","templated":true}]}}