{"id":35200,"date":"2023-10-12T21:50:59","date_gmt":"2023-10-13T00:50:59","guid":{"rendered":"https:\/\/newsinfoco.com.br\/inicio\/?p=35200"},"modified":"2023-10-12T21:50:59","modified_gmt":"2023-10-13T00:50:59","slug":"policlinica-municipal-de-alagoinhas-ganha-servicos-para-pessoas-neurodiversas-cuidado-integral-a-saude-da-mulher-e-centro-de-valorizacao-a-vida","status":"publish","type":"post","link":"https:\/\/newsinfoco.com.br\/inicio\/policlinica-municipal-de-alagoinhas-ganha-servicos-para-pessoas-neurodiversas-cuidado-integral-a-saude-da-mulher-e-centro-de-valorizacao-a-vida\/","title":{"rendered":"Policl\u00ednica Municipal de Alagoinhas ganha servi\u00e7os para pessoas neurodiversas, cuidado integral \u00e0 sa\u00fade da mulher e Centro de Valoriza\u00e7\u00e3o \u00e0 Vida"},"content":{"rendered":"<p>A sa\u00fade de Alagoinhas n\u00e3o para. E pensando em melhorar os servi\u00e7os j\u00e1 prestados<br \/>\n\u00e0 comunidade, foi lan\u00e7ada na Policl\u00ednica Municipal uma sala para \u00e0s pessoas neurodiversas, o Centro de Valoriza\u00e7\u00e3o \u00e0 Vida e o servi\u00e7o voltado ao cuidado integral \u00e0 sa\u00fade da mulher.<\/p>\n<p>\u201cDesde o m\u00eas de setembro que demos in\u00edcio a um servi\u00e7o voltado \u00e0s pessoas neurodiversas. Agora em outubro, estamos iniciando mais dois novos servi\u00e7os, um em car\u00e1ter de complementa\u00e7\u00e3o a pol\u00edtica de aten\u00e7\u00e3o \u00e0 sa\u00fade da mulher no munic\u00edpio, a\u00e7\u00f5es que j\u00e1 eram desenvolvidas voltadas a essa popula\u00e7\u00e3o. Ent\u00e3o hoje temos uma sala \u00e0 disposi\u00e7\u00e3o das mulheres realiza\u00e7\u00e3o de exames preventivos em demanda espont\u00e2nea. Ent\u00e3o, todas as mulheres que necessitarem fazer seus exames preventivos, podem se dirigir a qualquer Unidade de Sa\u00fade da Fam\u00edlia, mas tamb\u00e9m a Policl\u00ednica Municipal, pois temos esse servi\u00e7o aqui \u00e0 disposi\u00e7\u00e3o da popula\u00e7\u00e3o. Al\u00e9m disso, tamb\u00e9m estamos ofertando pol\u00edticas de valoriza\u00e7\u00e3o \u00e0 vida\u201d, explicou a secret\u00e1ria de Sa\u00fade, La\u00edna Passos.<\/p>\n<p>Para a diretora da Policl\u00ednica Municipal, Laize Costa, a nova sala ser\u00e1 um ponto fixo para as pessoas com demandas e pensamentos suicidas. \u201cAgora a gente tem um ponto fixo para acolhimento das pessoas que possuem pensamentos suicidas e at\u00e9 mesmo aquelas que j\u00e1 tem algum familiar na que j\u00e1 cometeu suic\u00eddio. Basta s\u00f3 se dirigir a Policl\u00ednica Municipal para ter acesso ao servi\u00e7o\u201d, comemorou ela salientando que o espa\u00e7o conta com psic\u00f3logo, escuta, psiquiatra de segunda a sexta.<\/p>\n<p>A vereadora Jaldice Nunes, que destinou emendas para ao projeto, diz que esses locais ser\u00e3o fundamentais para durante todo o ano. \u201cA gente imagina e defende que n\u00e3o seja feito a campanha apenas no m\u00eas da campanha. A gente precisa transcender esse m\u00eas e mostrar para toda a popula\u00e7\u00e3o que a educa\u00e7\u00e3o e preven\u00e7\u00e3o deve acontecer todos os dias, todos os meses do ano. Ent\u00e3o, estamos fazendo aqui um servi\u00e7o dispon\u00edveis para toda \u00e0 popula\u00e7\u00e3o\u201d, concluiu a edil.<\/p>\n<p>&nbsp;<\/p>\n<p>&nbsp;<\/p>\n<div align=\"right\"><\/div>\n<div class='share-to-whatsapp-wrapper'><div class='share-on-whsp'>Share on: <\/div><a data-text='Policl\u00ednica Municipal de Alagoinhas ganha servi\u00e7os para pessoas neurodiversas, cuidado integral \u00e0 sa\u00fade da mulher e Centro de Valoriza\u00e7\u00e3o \u00e0 Vida' data-link='https:\/\/newsinfoco.com.br\/inicio\/policlinica-municipal-de-alagoinhas-ganha-servicos-para-pessoas-neurodiversas-cuidado-integral-a-saude-da-mulher-e-centro-de-valorizacao-a-vida\/' class='whatsapp-button whatsapp-share'>WhatsApp<\/a><div class='clear '><\/div><\/div>","protected":false},"excerpt":{"rendered":"<p>A sa\u00fade de Alagoinhas n\u00e3o para. E pensando em melhorar os servi\u00e7os j\u00e1 prestados \u00e0 comunidade, foi lan\u00e7ada na Policl\u00ednica Municipal uma sala para \u00e0s pessoas neurodiversas, o Centro de Valoriza\u00e7\u00e3o \u00e0 Vida e o servi\u00e7o voltado ao cuidado integral \u00e0 sa\u00fade da mulher. \u201cDesde o m\u00eas de setembro que demos in\u00edcio a um servi\u00e7o [&hellip;]<\/p>\n","protected":false},"author":1,"featured_media":35201,"comment_status":"closed","ping_status":"closed","sticky":false,"template":"","format":"standard","meta":{"om_disable_all_campaigns":false,"rop_custom_images_group":[],"rop_custom_messages_group":[],"rop_publish_now":"initial","rop_publish_now_accounts":[],"rop_publish_now_history":[],"rop_publish_now_status":"pending","_exactmetrics_skip_tracking":false,"footnotes":""},"categories":[38,167],"tags":[],"class_list":["post-35200","post","type-post","status-publish","format-standard","has-post-thumbnail","hentry","category-alagoinhas-e-regiao","category-exclusivas"],"aioseo_notices":[],"aioseo_head":"\n\t\t<!-- All in One SEO 4.9.10 - aioseo.com -->\n\t<meta name=\"description\" content=\"A sa\u00fade de Alagoinhas n\u00e3o para. E pensando em melhorar os servi\u00e7os j\u00e1 prestados \u00e0 comunidade, foi lan\u00e7ada na Policl\u00ednica Municipal uma sala para \u00e0s pessoas neurodiversas, o Centro de Valoriza\u00e7\u00e3o \u00e0 Vida e o servi\u00e7o voltado ao cuidado integral \u00e0 sa\u00fade da mulher. \u201cDesde o m\u00eas de setembro que demos in\u00edcio a um servi\u00e7o\" \/>\n\t<meta name=\"robots\" content=\"max-image-preview:large\" \/>\n\t<meta name=\"author\" content=\"administrador\"\/>\n\t<link rel=\"canonical\" href=\"https:\/\/newsinfoco.com.br\/inicio\/policlinica-municipal-de-alagoinhas-ganha-servicos-para-pessoas-neurodiversas-cuidado-integral-a-saude-da-mulher-e-centro-de-valorizacao-a-vida\/\" \/>\n\t<meta name=\"generator\" content=\"All in One SEO (AIOSEO) 4.9.10\" \/>\n\t\t<meta property=\"og:locale\" content=\"pt_BR\" \/>\n\t\t<meta property=\"og:site_name\" content=\"News In Foco - Editado por Caio Pimenta - O principal site de noticias de Alagoinhas e regi\u00e3o\" \/>\n\t\t<meta property=\"og:type\" content=\"article\" \/>\n\t\t<meta property=\"og:title\" content=\"Policl\u00ednica Municipal de Alagoinhas ganha servi\u00e7os para pessoas neurodiversas, cuidado integral \u00e0 sa\u00fade da mulher e Centro de Valoriza\u00e7\u00e3o \u00e0 Vida - News In Foco - Editado por Caio Pimenta\" \/>\n\t\t<meta property=\"og:description\" content=\"A sa\u00fade de Alagoinhas n\u00e3o para. E pensando em melhorar os servi\u00e7os j\u00e1 prestados \u00e0 comunidade, foi lan\u00e7ada na Policl\u00ednica Municipal uma sala para \u00e0s pessoas neurodiversas, o Centro de Valoriza\u00e7\u00e3o \u00e0 Vida e o servi\u00e7o voltado ao cuidado integral \u00e0 sa\u00fade da mulher. \u201cDesde o m\u00eas de setembro que demos in\u00edcio a um servi\u00e7o\" \/>\n\t\t<meta property=\"og:url\" content=\"https:\/\/newsinfoco.com.br\/inicio\/policlinica-municipal-de-alagoinhas-ganha-servicos-para-pessoas-neurodiversas-cuidado-integral-a-saude-da-mulher-e-centro-de-valorizacao-a-vida\/\" \/>\n\t\t<meta property=\"article:published_time\" content=\"2023-10-13T00:50:59+00:00\" \/>\n\t\t<meta property=\"article:modified_time\" content=\"2023-10-13T00:50:59+00:00\" \/>\n\t\t<meta name=\"twitter:card\" content=\"summary_large_image\" \/>\n\t\t<meta name=\"twitter:title\" content=\"Policl\u00ednica Municipal de Alagoinhas ganha servi\u00e7os para pessoas neurodiversas, cuidado integral \u00e0 sa\u00fade da mulher e Centro de Valoriza\u00e7\u00e3o \u00e0 Vida - News In Foco - Editado por Caio Pimenta\" \/>\n\t\t<meta name=\"twitter:description\" content=\"A sa\u00fade de Alagoinhas n\u00e3o para. E pensando em melhorar os servi\u00e7os j\u00e1 prestados \u00e0 comunidade, foi lan\u00e7ada na Policl\u00ednica Municipal uma sala para \u00e0s pessoas neurodiversas, o Centro de Valoriza\u00e7\u00e3o \u00e0 Vida e o servi\u00e7o voltado ao cuidado integral \u00e0 sa\u00fade da mulher. \u201cDesde o m\u00eas de setembro que demos in\u00edcio a um servi\u00e7o\" \/>\n\t\t<script type=\"application\/ld+json\" class=\"aioseo-schema\">\n\t\t\t{\"@context\":\"https:\\\/\\\/schema.org\",\"@graph\":[{\"@type\":\"BlogPosting\",\"@id\":\"https:\\\/\\\/newsinfoco.com.br\\\/inicio\\\/policlinica-municipal-de-alagoinhas-ganha-servicos-para-pessoas-neurodiversas-cuidado-integral-a-saude-da-mulher-e-centro-de-valorizacao-a-vida\\\/#blogposting\",\"name\":\"Policl\\u00ednica Municipal de Alagoinhas ganha servi\\u00e7os para pessoas neurodiversas, cuidado integral \\u00e0 sa\\u00fade da mulher e Centro de Valoriza\\u00e7\\u00e3o \\u00e0 Vida - News In Foco - Editado por Caio Pimenta\",\"headline\":\"Policl\\u00ednica Municipal de Alagoinhas ganha servi\\u00e7os para pessoas neurodiversas, cuidado integral \\u00e0 sa\\u00fade da mulher e Centro de Valoriza\\u00e7\\u00e3o \\u00e0 Vida\",\"author\":{\"@id\":\"https:\\\/\\\/newsinfoco.com.br\\\/inicio\\\/author\\\/administrador\\\/#author\"},\"publisher\":{\"@id\":\"https:\\\/\\\/newsinfoco.com.br\\\/inicio\\\/#organization\"},\"image\":{\"@type\":\"ImageObject\",\"url\":\"https:\\\/\\\/newsinfoco.com.br\\\/inicio\\\/wp-content\\\/uploads\\\/2023\\\/10\\\/ee5f0e88-1e73-40d8-95b7-48be772864dc-1024x768-1.jpeg\",\"width\":1024,\"height\":768},\"datePublished\":\"2023-10-12T21:50:59-03:00\",\"dateModified\":\"2023-10-12T21:50:59-03:00\",\"inLanguage\":\"pt-BR\",\"mainEntityOfPage\":{\"@id\":\"https:\\\/\\\/newsinfoco.com.br\\\/inicio\\\/policlinica-municipal-de-alagoinhas-ganha-servicos-para-pessoas-neurodiversas-cuidado-integral-a-saude-da-mulher-e-centro-de-valorizacao-a-vida\\\/#webpage\"},\"isPartOf\":{\"@id\":\"https:\\\/\\\/newsinfoco.com.br\\\/inicio\\\/policlinica-municipal-de-alagoinhas-ganha-servicos-para-pessoas-neurodiversas-cuidado-integral-a-saude-da-mulher-e-centro-de-valorizacao-a-vida\\\/#webpage\"},\"articleSection\":\"Alagoinhas e Regi\\u00e3o, Manchete\"},{\"@type\":\"BreadcrumbList\",\"@id\":\"https:\\\/\\\/newsinfoco.com.br\\\/inicio\\\/policlinica-municipal-de-alagoinhas-ganha-servicos-para-pessoas-neurodiversas-cuidado-integral-a-saude-da-mulher-e-centro-de-valorizacao-a-vida\\\/#breadcrumblist\",\"itemListElement\":[{\"@type\":\"ListItem\",\"@id\":\"https:\\\/\\\/newsinfoco.com.br\\\/inicio#listItem\",\"position\":1,\"name\":\"In\\u00edcio\",\"item\":\"https:\\\/\\\/newsinfoco.com.br\\\/inicio\",\"nextItem\":{\"@type\":\"ListItem\",\"@id\":\"https:\\\/\\\/newsinfoco.com.br\\\/inicio\\\/category\\\/alagoinhas-e-regiao\\\/#listItem\",\"name\":\"Alagoinhas e Regi\\u00e3o\"}},{\"@type\":\"ListItem\",\"@id\":\"https:\\\/\\\/newsinfoco.com.br\\\/inicio\\\/category\\\/alagoinhas-e-regiao\\\/#listItem\",\"position\":2,\"name\":\"Alagoinhas e Regi\\u00e3o\",\"item\":\"https:\\\/\\\/newsinfoco.com.br\\\/inicio\\\/category\\\/alagoinhas-e-regiao\\\/\",\"nextItem\":{\"@type\":\"ListItem\",\"@id\":\"https:\\\/\\\/newsinfoco.com.br\\\/inicio\\\/policlinica-municipal-de-alagoinhas-ganha-servicos-para-pessoas-neurodiversas-cuidado-integral-a-saude-da-mulher-e-centro-de-valorizacao-a-vida\\\/#listItem\",\"name\":\"Policl\\u00ednica Municipal de Alagoinhas ganha servi\\u00e7os para pessoas neurodiversas, cuidado integral \\u00e0 sa\\u00fade da mulher e Centro de Valoriza\\u00e7\\u00e3o \\u00e0 Vida\"},\"previousItem\":{\"@type\":\"ListItem\",\"@id\":\"https:\\\/\\\/newsinfoco.com.br\\\/inicio#listItem\",\"name\":\"In\\u00edcio\"}},{\"@type\":\"ListItem\",\"@id\":\"https:\\\/\\\/newsinfoco.com.br\\\/inicio\\\/policlinica-municipal-de-alagoinhas-ganha-servicos-para-pessoas-neurodiversas-cuidado-integral-a-saude-da-mulher-e-centro-de-valorizacao-a-vida\\\/#listItem\",\"position\":3,\"name\":\"Policl\\u00ednica Municipal de Alagoinhas ganha servi\\u00e7os para pessoas neurodiversas, cuidado integral \\u00e0 sa\\u00fade da mulher e Centro de Valoriza\\u00e7\\u00e3o \\u00e0 Vida\",\"previousItem\":{\"@type\":\"ListItem\",\"@id\":\"https:\\\/\\\/newsinfoco.com.br\\\/inicio\\\/category\\\/alagoinhas-e-regiao\\\/#listItem\",\"name\":\"Alagoinhas e Regi\\u00e3o\"}}]},{\"@type\":\"Organization\",\"@id\":\"https:\\\/\\\/newsinfoco.com.br\\\/inicio\\\/#organization\",\"name\":\"News In Foco - Editado por Caio Pimenta\",\"description\":\"O principal site de noticias de Alagoinhas e regi\\u00e3o\",\"url\":\"https:\\\/\\\/newsinfoco.com.br\\\/inicio\\\/\"},{\"@type\":\"Person\",\"@id\":\"https:\\\/\\\/newsinfoco.com.br\\\/inicio\\\/author\\\/administrador\\\/#author\",\"url\":\"https:\\\/\\\/newsinfoco.com.br\\\/inicio\\\/author\\\/administrador\\\/\",\"name\":\"administrador\",\"image\":{\"@type\":\"ImageObject\",\"@id\":\"https:\\\/\\\/newsinfoco.com.br\\\/inicio\\\/policlinica-municipal-de-alagoinhas-ganha-servicos-para-pessoas-neurodiversas-cuidado-integral-a-saude-da-mulher-e-centro-de-valorizacao-a-vida\\\/#authorImage\",\"url\":\"https:\\\/\\\/secure.gravatar.com\\\/avatar\\\/c17a617433de8c1dc9584bb79aab7563b46f5bb7e1728c9b17d9cc3ce6a08e49?s=96&d=mm&r=g\",\"width\":96,\"height\":96,\"caption\":\"administrador\"}},{\"@type\":\"WebPage\",\"@id\":\"https:\\\/\\\/newsinfoco.com.br\\\/inicio\\\/policlinica-municipal-de-alagoinhas-ganha-servicos-para-pessoas-neurodiversas-cuidado-integral-a-saude-da-mulher-e-centro-de-valorizacao-a-vida\\\/#webpage\",\"url\":\"https:\\\/\\\/newsinfoco.com.br\\\/inicio\\\/policlinica-municipal-de-alagoinhas-ganha-servicos-para-pessoas-neurodiversas-cuidado-integral-a-saude-da-mulher-e-centro-de-valorizacao-a-vida\\\/\",\"name\":\"Policl\\u00ednica Municipal de Alagoinhas ganha servi\\u00e7os para pessoas neurodiversas, cuidado integral \\u00e0 sa\\u00fade da mulher e Centro de Valoriza\\u00e7\\u00e3o \\u00e0 Vida - News In Foco - Editado por Caio Pimenta\",\"description\":\"A sa\\u00fade de Alagoinhas n\\u00e3o para. E pensando em melhorar os servi\\u00e7os j\\u00e1 prestados \\u00e0 comunidade, foi lan\\u00e7ada na Policl\\u00ednica Municipal uma sala para \\u00e0s pessoas neurodiversas, o Centro de Valoriza\\u00e7\\u00e3o \\u00e0 Vida e o servi\\u00e7o voltado ao cuidado integral \\u00e0 sa\\u00fade da mulher. \\u201cDesde o m\\u00eas de setembro que demos in\\u00edcio a um servi\\u00e7o\",\"inLanguage\":\"pt-BR\",\"isPartOf\":{\"@id\":\"https:\\\/\\\/newsinfoco.com.br\\\/inicio\\\/#website\"},\"breadcrumb\":{\"@id\":\"https:\\\/\\\/newsinfoco.com.br\\\/inicio\\\/policlinica-municipal-de-alagoinhas-ganha-servicos-para-pessoas-neurodiversas-cuidado-integral-a-saude-da-mulher-e-centro-de-valorizacao-a-vida\\\/#breadcrumblist\"},\"author\":{\"@id\":\"https:\\\/\\\/newsinfoco.com.br\\\/inicio\\\/author\\\/administrador\\\/#author\"},\"creator\":{\"@id\":\"https:\\\/\\\/newsinfoco.com.br\\\/inicio\\\/author\\\/administrador\\\/#author\"},\"image\":{\"@type\":\"ImageObject\",\"url\":\"https:\\\/\\\/newsinfoco.com.br\\\/inicio\\\/wp-content\\\/uploads\\\/2023\\\/10\\\/ee5f0e88-1e73-40d8-95b7-48be772864dc-1024x768-1.jpeg\",\"@id\":\"https:\\\/\\\/newsinfoco.com.br\\\/inicio\\\/policlinica-municipal-de-alagoinhas-ganha-servicos-para-pessoas-neurodiversas-cuidado-integral-a-saude-da-mulher-e-centro-de-valorizacao-a-vida\\\/#mainImage\",\"width\":1024,\"height\":768},\"primaryImageOfPage\":{\"@id\":\"https:\\\/\\\/newsinfoco.com.br\\\/inicio\\\/policlinica-municipal-de-alagoinhas-ganha-servicos-para-pessoas-neurodiversas-cuidado-integral-a-saude-da-mulher-e-centro-de-valorizacao-a-vida\\\/#mainImage\"},\"datePublished\":\"2023-10-12T21:50:59-03:00\",\"dateModified\":\"2023-10-12T21:50:59-03:00\"},{\"@type\":\"WebSite\",\"@id\":\"https:\\\/\\\/newsinfoco.com.br\\\/inicio\\\/#website\",\"url\":\"https:\\\/\\\/newsinfoco.com.br\\\/inicio\\\/\",\"name\":\"News In Foco - Editado por Caio Pimenta\",\"description\":\"O principal site de noticias de Alagoinhas e regi\\u00e3o\",\"inLanguage\":\"pt-BR\",\"publisher\":{\"@id\":\"https:\\\/\\\/newsinfoco.com.br\\\/inicio\\\/#organization\"}}]}\n\t\t<\/script>\n\t\t<!-- All in One SEO -->\n\n","aioseo_head_json":{"title":"Policl\u00ednica Municipal de Alagoinhas ganha servi\u00e7os para pessoas neurodiversas, cuidado integral \u00e0 sa\u00fade da mulher e Centro de Valoriza\u00e7\u00e3o \u00e0 Vida - News In Foco - Editado por Caio Pimenta","description":"A sa\u00fade de Alagoinhas n\u00e3o para. E pensando em melhorar os servi\u00e7os j\u00e1 prestados \u00e0 comunidade, foi lan\u00e7ada na Policl\u00ednica Municipal uma sala para \u00e0s pessoas neurodiversas, o Centro de Valoriza\u00e7\u00e3o \u00e0 Vida e o servi\u00e7o voltado ao cuidado integral \u00e0 sa\u00fade da mulher. \u201cDesde o m\u00eas de setembro que demos in\u00edcio a um servi\u00e7o","canonical_url":"https:\/\/newsinfoco.com.br\/inicio\/policlinica-municipal-de-alagoinhas-ganha-servicos-para-pessoas-neurodiversas-cuidado-integral-a-saude-da-mulher-e-centro-de-valorizacao-a-vida\/","robots":"max-image-preview:large","keywords":"","webmasterTools":{"miscellaneous":""},"schema":{"@context":"https:\/\/schema.org","@graph":[{"@type":"BlogPosting","@id":"https:\/\/newsinfoco.com.br\/inicio\/policlinica-municipal-de-alagoinhas-ganha-servicos-para-pessoas-neurodiversas-cuidado-integral-a-saude-da-mulher-e-centro-de-valorizacao-a-vida\/#blogposting","name":"Policl\u00ednica Municipal de Alagoinhas ganha servi\u00e7os para pessoas neurodiversas, cuidado integral \u00e0 sa\u00fade da mulher e Centro de Valoriza\u00e7\u00e3o \u00e0 Vida - News In Foco - Editado por Caio Pimenta","headline":"Policl\u00ednica Municipal de Alagoinhas ganha servi\u00e7os para pessoas neurodiversas, cuidado integral \u00e0 sa\u00fade da mulher e Centro de Valoriza\u00e7\u00e3o \u00e0 Vida","author":{"@id":"https:\/\/newsinfoco.com.br\/inicio\/author\/administrador\/#author"},"publisher":{"@id":"https:\/\/newsinfoco.com.br\/inicio\/#organization"},"image":{"@type":"ImageObject","url":"https:\/\/newsinfoco.com.br\/inicio\/wp-content\/uploads\/2023\/10\/ee5f0e88-1e73-40d8-95b7-48be772864dc-1024x768-1.jpeg","width":1024,"height":768},"datePublished":"2023-10-12T21:50:59-03:00","dateModified":"2023-10-12T21:50:59-03:00","inLanguage":"pt-BR","mainEntityOfPage":{"@id":"https:\/\/newsinfoco.com.br\/inicio\/policlinica-municipal-de-alagoinhas-ganha-servicos-para-pessoas-neurodiversas-cuidado-integral-a-saude-da-mulher-e-centro-de-valorizacao-a-vida\/#webpage"},"isPartOf":{"@id":"https:\/\/newsinfoco.com.br\/inicio\/policlinica-municipal-de-alagoinhas-ganha-servicos-para-pessoas-neurodiversas-cuidado-integral-a-saude-da-mulher-e-centro-de-valorizacao-a-vida\/#webpage"},"articleSection":"Alagoinhas e Regi\u00e3o, Manchete"},{"@type":"BreadcrumbList","@id":"https:\/\/newsinfoco.com.br\/inicio\/policlinica-municipal-de-alagoinhas-ganha-servicos-para-pessoas-neurodiversas-cuidado-integral-a-saude-da-mulher-e-centro-de-valorizacao-a-vida\/#breadcrumblist","itemListElement":[{"@type":"ListItem","@id":"https:\/\/newsinfoco.com.br\/inicio#listItem","position":1,"name":"In\u00edcio","item":"https:\/\/newsinfoco.com.br\/inicio","nextItem":{"@type":"ListItem","@id":"https:\/\/newsinfoco.com.br\/inicio\/category\/alagoinhas-e-regiao\/#listItem","name":"Alagoinhas e Regi\u00e3o"}},{"@type":"ListItem","@id":"https:\/\/newsinfoco.com.br\/inicio\/category\/alagoinhas-e-regiao\/#listItem","position":2,"name":"Alagoinhas e Regi\u00e3o","item":"https:\/\/newsinfoco.com.br\/inicio\/category\/alagoinhas-e-regiao\/","nextItem":{"@type":"ListItem","@id":"https:\/\/newsinfoco.com.br\/inicio\/policlinica-municipal-de-alagoinhas-ganha-servicos-para-pessoas-neurodiversas-cuidado-integral-a-saude-da-mulher-e-centro-de-valorizacao-a-vida\/#listItem","name":"Policl\u00ednica Municipal de Alagoinhas ganha servi\u00e7os para pessoas neurodiversas, cuidado integral \u00e0 sa\u00fade da mulher e Centro de Valoriza\u00e7\u00e3o \u00e0 Vida"},"previousItem":{"@type":"ListItem","@id":"https:\/\/newsinfoco.com.br\/inicio#listItem","name":"In\u00edcio"}},{"@type":"ListItem","@id":"https:\/\/newsinfoco.com.br\/inicio\/policlinica-municipal-de-alagoinhas-ganha-servicos-para-pessoas-neurodiversas-cuidado-integral-a-saude-da-mulher-e-centro-de-valorizacao-a-vida\/#listItem","position":3,"name":"Policl\u00ednica Municipal de Alagoinhas ganha servi\u00e7os para pessoas neurodiversas, cuidado integral \u00e0 sa\u00fade da mulher e Centro de Valoriza\u00e7\u00e3o \u00e0 Vida","previousItem":{"@type":"ListItem","@id":"https:\/\/newsinfoco.com.br\/inicio\/category\/alagoinhas-e-regiao\/#listItem","name":"Alagoinhas e Regi\u00e3o"}}]},{"@type":"Organization","@id":"https:\/\/newsinfoco.com.br\/inicio\/#organization","name":"News In Foco - Editado por Caio Pimenta","description":"O principal site de noticias de Alagoinhas e regi\u00e3o","url":"https:\/\/newsinfoco.com.br\/inicio\/"},{"@type":"Person","@id":"https:\/\/newsinfoco.com.br\/inicio\/author\/administrador\/#author","url":"https:\/\/newsinfoco.com.br\/inicio\/author\/administrador\/","name":"administrador","image":{"@type":"ImageObject","@id":"https:\/\/newsinfoco.com.br\/inicio\/policlinica-municipal-de-alagoinhas-ganha-servicos-para-pessoas-neurodiversas-cuidado-integral-a-saude-da-mulher-e-centro-de-valorizacao-a-vida\/#authorImage","url":"https:\/\/secure.gravatar.com\/avatar\/c17a617433de8c1dc9584bb79aab7563b46f5bb7e1728c9b17d9cc3ce6a08e49?s=96&d=mm&r=g","width":96,"height":96,"caption":"administrador"}},{"@type":"WebPage","@id":"https:\/\/newsinfoco.com.br\/inicio\/policlinica-municipal-de-alagoinhas-ganha-servicos-para-pessoas-neurodiversas-cuidado-integral-a-saude-da-mulher-e-centro-de-valorizacao-a-vida\/#webpage","url":"https:\/\/newsinfoco.com.br\/inicio\/policlinica-municipal-de-alagoinhas-ganha-servicos-para-pessoas-neurodiversas-cuidado-integral-a-saude-da-mulher-e-centro-de-valorizacao-a-vida\/","name":"Policl\u00ednica Municipal de Alagoinhas ganha servi\u00e7os para pessoas neurodiversas, cuidado integral \u00e0 sa\u00fade da mulher e Centro de Valoriza\u00e7\u00e3o \u00e0 Vida - News In Foco - Editado por Caio Pimenta","description":"A sa\u00fade de Alagoinhas n\u00e3o para. E pensando em melhorar os servi\u00e7os j\u00e1 prestados \u00e0 comunidade, foi lan\u00e7ada na Policl\u00ednica Municipal uma sala para \u00e0s pessoas neurodiversas, o Centro de Valoriza\u00e7\u00e3o \u00e0 Vida e o servi\u00e7o voltado ao cuidado integral \u00e0 sa\u00fade da mulher. \u201cDesde o m\u00eas de setembro que demos in\u00edcio a um servi\u00e7o","inLanguage":"pt-BR","isPartOf":{"@id":"https:\/\/newsinfoco.com.br\/inicio\/#website"},"breadcrumb":{"@id":"https:\/\/newsinfoco.com.br\/inicio\/policlinica-municipal-de-alagoinhas-ganha-servicos-para-pessoas-neurodiversas-cuidado-integral-a-saude-da-mulher-e-centro-de-valorizacao-a-vida\/#breadcrumblist"},"author":{"@id":"https:\/\/newsinfoco.com.br\/inicio\/author\/administrador\/#author"},"creator":{"@id":"https:\/\/newsinfoco.com.br\/inicio\/author\/administrador\/#author"},"image":{"@type":"ImageObject","url":"https:\/\/newsinfoco.com.br\/inicio\/wp-content\/uploads\/2023\/10\/ee5f0e88-1e73-40d8-95b7-48be772864dc-1024x768-1.jpeg","@id":"https:\/\/newsinfoco.com.br\/inicio\/policlinica-municipal-de-alagoinhas-ganha-servicos-para-pessoas-neurodiversas-cuidado-integral-a-saude-da-mulher-e-centro-de-valorizacao-a-vida\/#mainImage","width":1024,"height":768},"primaryImageOfPage":{"@id":"https:\/\/newsinfoco.com.br\/inicio\/policlinica-municipal-de-alagoinhas-ganha-servicos-para-pessoas-neurodiversas-cuidado-integral-a-saude-da-mulher-e-centro-de-valorizacao-a-vida\/#mainImage"},"datePublished":"2023-10-12T21:50:59-03:00","dateModified":"2023-10-12T21:50:59-03:00"},{"@type":"WebSite","@id":"https:\/\/newsinfoco.com.br\/inicio\/#website","url":"https:\/\/newsinfoco.com.br\/inicio\/","name":"News In Foco - Editado por Caio Pimenta","description":"O principal site de noticias de Alagoinhas e regi\u00e3o","inLanguage":"pt-BR","publisher":{"@id":"https:\/\/newsinfoco.com.br\/inicio\/#organization"}}]},"og:locale":"pt_BR","og:site_name":"News In Foco - Editado por Caio Pimenta - O principal site de noticias de Alagoinhas e regi\u00e3o","og:type":"article","og:title":"Policl\u00ednica Municipal de Alagoinhas ganha servi\u00e7os para pessoas neurodiversas, cuidado integral \u00e0 sa\u00fade da mulher e Centro de Valoriza\u00e7\u00e3o \u00e0 Vida - News In Foco - Editado por Caio Pimenta","og:description":"A sa\u00fade de Alagoinhas n\u00e3o para. E pensando em melhorar os servi\u00e7os j\u00e1 prestados \u00e0 comunidade, foi lan\u00e7ada na Policl\u00ednica Municipal uma sala para \u00e0s pessoas neurodiversas, o Centro de Valoriza\u00e7\u00e3o \u00e0 Vida e o servi\u00e7o voltado ao cuidado integral \u00e0 sa\u00fade da mulher. \u201cDesde o m\u00eas de setembro que demos in\u00edcio a um servi\u00e7o","og:url":"https:\/\/newsinfoco.com.br\/inicio\/policlinica-municipal-de-alagoinhas-ganha-servicos-para-pessoas-neurodiversas-cuidado-integral-a-saude-da-mulher-e-centro-de-valorizacao-a-vida\/","article:published_time":"2023-10-13T00:50:59+00:00","article:modified_time":"2023-10-13T00:50:59+00:00","twitter:card":"summary_large_image","twitter:title":"Policl\u00ednica Municipal de Alagoinhas ganha servi\u00e7os para pessoas neurodiversas, cuidado integral \u00e0 sa\u00fade da mulher e Centro de Valoriza\u00e7\u00e3o \u00e0 Vida - News In Foco - Editado por Caio Pimenta","twitter:description":"A sa\u00fade de Alagoinhas n\u00e3o para. E pensando em melhorar os servi\u00e7os j\u00e1 prestados \u00e0 comunidade, foi lan\u00e7ada na Policl\u00ednica Municipal uma sala para \u00e0s pessoas neurodiversas, o Centro de Valoriza\u00e7\u00e3o \u00e0 Vida e o servi\u00e7o voltado ao cuidado integral \u00e0 sa\u00fade da mulher. \u201cDesde o m\u00eas de setembro que demos in\u00edcio a um servi\u00e7o"},"aioseo_meta_data":{"post_id":"35200","title":null,"description":null,"keywords":[],"keyphrases":{"focus":{"keyphrase":"","score":0,"analysis":{"keyphraseInTitle":{"score":0,"maxScore":9,"error":1}}},"additional":[]},"primary_term":null,"canonical_url":null,"og_title":null,"og_description":null,"og_object_type":"default","og_image_type":"default","og_image_url":null,"og_image_width":null,"og_image_height":null,"og_image_custom_url":null,"og_image_custom_fields":null,"og_video":"","og_custom_url":null,"og_article_section":null,"og_article_tags":[],"twitter_use_og":false,"twitter_card":"default","twitter_image_type":"default","twitter_image_url":null,"twitter_image_custom_url":null,"twitter_image_custom_fields":null,"twitter_title":null,"twitter_description":null,"schema":{"blockGraphs":[],"customGraphs":[],"default":{"data":{"Article":[],"Course":[],"Dataset":[],"FAQPage":[],"Movie":[],"Person":[],"Product":[],"ProductReview":[],"Car":[],"Recipe":[],"Service":[],"SoftwareApplication":[],"WebPage":[]},"graphName":"BlogPosting","isEnabled":true},"graphs":[]},"schema_type":"default","schema_type_options":null,"pillar_content":false,"robots_default":true,"robots_noindex":false,"robots_noarchive":false,"robots_nosnippet":false,"robots_nofollow":false,"robots_noimageindex":false,"robots_noodp":false,"robots_notranslate":false,"robots_max_snippet":"-1","robots_max_videopreview":"-1","robots_max_imagepreview":"large","priority":null,"frequency":"default","local_seo":null,"breadcrumb_settings":null,"limit_modified_date":false,"ai":null,"created":"2023-10-13 00:51:00","updated":"2025-07-11 10:18:06","seo_analyzer_scan_date":null},"aioseo_breadcrumb":"<div class=\"aioseo-breadcrumbs\"><span class=\"aioseo-breadcrumb\">\n\t\t\t<a href=\"https:\/\/newsinfoco.com.br\/inicio\" title=\"In\u00edcio\">In\u00edcio<\/a>\n\t\t<\/span><span class=\"aioseo-breadcrumb-separator\">&raquo;<\/span><span class=\"aioseo-breadcrumb\">\n\t\t\t<a href=\"https:\/\/newsinfoco.com.br\/inicio\/category\/alagoinhas-e-regiao\/\" title=\"Alagoinhas e Regi\u00e3o\">Alagoinhas e Regi\u00e3o<\/a>\n\t\t<\/span><span class=\"aioseo-breadcrumb-separator\">&raquo;<\/span><span class=\"aioseo-breadcrumb\">\n\t\t\tPolicl\u00ednica Municipal de Alagoinhas ganha servi\u00e7os para pessoas neurodiversas, cuidado integral \u00e0 sa\u00fade da mulher e Centro de Valoriza\u00e7\u00e3o \u00e0 Vida\n\t\t<\/span><\/div>","aioseo_breadcrumb_json":[{"label":"In\u00edcio","link":"https:\/\/newsinfoco.com.br\/inicio"},{"label":"Alagoinhas e Regi\u00e3o","link":"https:\/\/newsinfoco.com.br\/inicio\/category\/alagoinhas-e-regiao\/"},{"label":"Policl\u00ednica Municipal de Alagoinhas ganha servi\u00e7os para pessoas neurodiversas, cuidado integral \u00e0 sa\u00fade da mulher e Centro de Valoriza\u00e7\u00e3o \u00e0 Vida","link":"https:\/\/newsinfoco.com.br\/inicio\/policlinica-municipal-de-alagoinhas-ganha-servicos-para-pessoas-neurodiversas-cuidado-integral-a-saude-da-mulher-e-centro-de-valorizacao-a-vida\/"}],"_links":{"self":[{"href":"https:\/\/newsinfoco.com.br\/inicio\/wp-json\/wp\/v2\/posts\/35200","targetHints":{"allow":["GET"]}}],"collection":[{"href":"https:\/\/newsinfoco.com.br\/inicio\/wp-json\/wp\/v2\/posts"}],"about":[{"href":"https:\/\/newsinfoco.com.br\/inicio\/wp-json\/wp\/v2\/types\/post"}],"author":[{"embeddable":true,"href":"https:\/\/newsinfoco.com.br\/inicio\/wp-json\/wp\/v2\/users\/1"}],"replies":[{"embeddable":true,"href":"https:\/\/newsinfoco.com.br\/inicio\/wp-json\/wp\/v2\/comments?post=35200"}],"version-history":[{"count":1,"href":"https:\/\/newsinfoco.com.br\/inicio\/wp-json\/wp\/v2\/posts\/35200\/revisions"}],"predecessor-version":[{"id":35202,"href":"https:\/\/newsinfoco.com.br\/inicio\/wp-json\/wp\/v2\/posts\/35200\/revisions\/35202"}],"wp:featuredmedia":[{"embeddable":true,"href":"https:\/\/newsinfoco.com.br\/inicio\/wp-json\/wp\/v2\/media\/35201"}],"wp:attachment":[{"href":"https:\/\/newsinfoco.com.br\/inicio\/wp-json\/wp\/v2\/media?parent=35200"}],"wp:term":[{"taxonomy":"category","embeddable":true,"href":"https:\/\/newsinfoco.com.br\/inicio\/wp-json\/wp\/v2\/categories?post=35200"},{"taxonomy":"post_tag","embeddable":true,"href":"https:\/\/newsinfoco.com.br\/inicio\/wp-json\/wp\/v2\/tags?post=35200"}],"curies":[{"name":"wp","href":"https:\/\/api.w.org\/{rel}","templated":true}]}}