{"id":35203,"date":"2023-10-12T21:56:53","date_gmt":"2023-10-13T00:56:53","guid":{"rendered":"https:\/\/newsinfoco.com.br\/inicio\/?p=35203"},"modified":"2023-10-12T21:56:53","modified_gmt":"2023-10-13T00:56:53","slug":"alagoinhas-recebe-titulo-de-capital-estadual-da-cerveja","status":"publish","type":"post","link":"https:\/\/newsinfoco.com.br\/inicio\/alagoinhas-recebe-titulo-de-capital-estadual-da-cerveja\/","title":{"rendered":"Alagoinhas recebe t\u00edtulo de Capital Estadual da Cerveja"},"content":{"rendered":"<p>Alagoinhas se tornou, oficialmente, a Capital Estadual da Cerveja. A Assembleia Legislativa da Bahia, aprovou, no \u00faltimo dia 10 de outubro, um projeto de lei que batiza o munic\u00edpio a cerca de 120 km de Salvador, com o t\u00edtulo.<\/p>\n<p>O documento de N\u00ba 24.951\/2023 foi apresentado na ALBA pela deputada estadual Ludmilla Fiscina (PV). Alagoinhense e primeira mulher do munic\u00edpio e regi\u00e3o Agreste a se eleger deputada estadual, Fiscina apontou no projeto que a &#8220;qualidade da \u00e1gua \u00e9 uma riqueza inigual\u00e1vel, que brota do seu subsolo, sendo fundamental para o surgimento de um polo industrial cervejeiro de grande porte&#8221;.<\/p>\n<h2>Bahia Beer<\/h2>\n<p>O munic\u00edpio ainda ganhou o direito de realizar, anualmente, um festival nos moldes do Oktoberfest. Em novembro, deste ano, a Prefeitura do munic\u00edpio vai estrear a Bahia Beer. O evento vai atrair investimentos e turistas e contar\u00e1 com uma programa\u00e7\u00e3o com shows musicais, gastronomia, palestras, rodadas de neg\u00f3cios e mais.<\/p>\n<p>O festival vai acontecer entre os dias 17 e 19 de novembro, no Parque de Exposi\u00e7\u00f5es Miguel Fontes. Os concursos Cerveja no Prato, Rainha da Cerveja, A Melhor Cerveja Artesanal do Brasil e Melhor Cerveja do Brasil tamb\u00e9m marcar\u00e3o presen\u00e7a no evento. Os candidatos podem se inscrever no\u00a0<a href=\"https:\/\/bahiabeerfestival.com.br\/\" target=\"_blank\" rel=\"noopener\" data-mrf-link=\"https:\/\/bahiabeerfestival.com.br\/\">site.<\/a><\/p>\n<p>&nbsp;<\/p>\n<p>Ibahia<\/p>\n<div class='share-to-whatsapp-wrapper'><div class='share-on-whsp'>Share on: <\/div><a data-text='Alagoinhas recebe t\u00edtulo de Capital Estadual da Cerveja' data-link='https:\/\/newsinfoco.com.br\/inicio\/alagoinhas-recebe-titulo-de-capital-estadual-da-cerveja\/' class='whatsapp-button whatsapp-share'>WhatsApp<\/a><div class='clear '><\/div><\/div>","protected":false},"excerpt":{"rendered":"<p>Alagoinhas se tornou, oficialmente, a Capital Estadual da Cerveja. A Assembleia Legislativa da Bahia, aprovou, no \u00faltimo dia 10 de outubro, um projeto de lei que batiza o munic\u00edpio a cerca de 120 km de Salvador, com o t\u00edtulo. O documento de N\u00ba 24.951\/2023 foi apresentado na ALBA pela deputada estadual Ludmilla Fiscina (PV). Alagoinhense [&hellip;]<\/p>\n","protected":false},"author":1,"featured_media":35204,"comment_status":"closed","ping_status":"closed","sticky":false,"template":"","format":"standard","meta":{"om_disable_all_campaigns":false,"rop_custom_images_group":[],"rop_custom_messages_group":[],"rop_publish_now":"initial","rop_publish_now_accounts":[],"rop_publish_now_history":[],"rop_publish_now_status":"pending","_exactmetrics_skip_tracking":false,"footnotes":""},"categories":[38,167],"tags":[],"class_list":["post-35203","post","type-post","status-publish","format-standard","has-post-thumbnail","hentry","category-alagoinhas-e-regiao","category-exclusivas"],"aioseo_notices":[],"aioseo_head":"\n\t\t<!-- All in One SEO 4.9.10 - aioseo.com -->\n\t<meta name=\"description\" content=\"Alagoinhas se tornou, oficialmente, a Capital Estadual da Cerveja. A Assembleia Legislativa da Bahia, aprovou, no \u00faltimo dia 10 de outubro, um projeto de lei que batiza o munic\u00edpio a cerca de 120 km de Salvador, com o t\u00edtulo. O documento de N\u00ba 24.951\/2023 foi apresentado na ALBA pela deputada estadual Ludmilla Fiscina (PV). Alagoinhense\" \/>\n\t<meta name=\"robots\" content=\"max-image-preview:large\" \/>\n\t<meta name=\"author\" content=\"administrador\"\/>\n\t<link rel=\"canonical\" href=\"https:\/\/newsinfoco.com.br\/inicio\/alagoinhas-recebe-titulo-de-capital-estadual-da-cerveja\/\" \/>\n\t<meta name=\"generator\" content=\"All in One SEO (AIOSEO) 4.9.10\" \/>\n\t\t<meta property=\"og:locale\" content=\"pt_BR\" \/>\n\t\t<meta property=\"og:site_name\" content=\"News In Foco - Editado por Caio Pimenta - O principal site de noticias de Alagoinhas e regi\u00e3o\" \/>\n\t\t<meta property=\"og:type\" content=\"article\" \/>\n\t\t<meta property=\"og:title\" content=\"Alagoinhas recebe t\u00edtulo de Capital Estadual da Cerveja - News In Foco - Editado por Caio Pimenta\" \/>\n\t\t<meta property=\"og:description\" content=\"Alagoinhas se tornou, oficialmente, a Capital Estadual da Cerveja. A Assembleia Legislativa da Bahia, aprovou, no \u00faltimo dia 10 de outubro, um projeto de lei que batiza o munic\u00edpio a cerca de 120 km de Salvador, com o t\u00edtulo. O documento de N\u00ba 24.951\/2023 foi apresentado na ALBA pela deputada estadual Ludmilla Fiscina (PV). Alagoinhense\" \/>\n\t\t<meta property=\"og:url\" content=\"https:\/\/newsinfoco.com.br\/inicio\/alagoinhas-recebe-titulo-de-capital-estadual-da-cerveja\/\" \/>\n\t\t<meta property=\"article:published_time\" content=\"2023-10-13T00:56:53+00:00\" \/>\n\t\t<meta property=\"article:modified_time\" content=\"2023-10-13T00:56:53+00:00\" \/>\n\t\t<meta name=\"twitter:card\" content=\"summary_large_image\" \/>\n\t\t<meta name=\"twitter:title\" content=\"Alagoinhas recebe t\u00edtulo de Capital Estadual da Cerveja - News In Foco - Editado por Caio Pimenta\" \/>\n\t\t<meta name=\"twitter:description\" content=\"Alagoinhas se tornou, oficialmente, a Capital Estadual da Cerveja. A Assembleia Legislativa da Bahia, aprovou, no \u00faltimo dia 10 de outubro, um projeto de lei que batiza o munic\u00edpio a cerca de 120 km de Salvador, com o t\u00edtulo. O documento de N\u00ba 24.951\/2023 foi apresentado na ALBA pela deputada estadual Ludmilla Fiscina (PV). Alagoinhense\" \/>\n\t\t<script type=\"application\/ld+json\" class=\"aioseo-schema\">\n\t\t\t{\"@context\":\"https:\\\/\\\/schema.org\",\"@graph\":[{\"@type\":\"BlogPosting\",\"@id\":\"https:\\\/\\\/newsinfoco.com.br\\\/inicio\\\/alagoinhas-recebe-titulo-de-capital-estadual-da-cerveja\\\/#blogposting\",\"name\":\"Alagoinhas recebe t\\u00edtulo de Capital Estadual da Cerveja - News In Foco - Editado por Caio Pimenta\",\"headline\":\"Alagoinhas recebe t\\u00edtulo de Capital Estadual da Cerveja\",\"author\":{\"@id\":\"https:\\\/\\\/newsinfoco.com.br\\\/inicio\\\/author\\\/administrador\\\/#author\"},\"publisher\":{\"@id\":\"https:\\\/\\\/newsinfoco.com.br\\\/inicio\\\/#organization\"},\"image\":{\"@type\":\"ImageObject\",\"url\":\"https:\\\/\\\/newsinfoco.com.br\\\/inicio\\\/wp-content\\\/uploads\\\/2023\\\/10\\\/Alagoinhas-recebe-titulo-de-Capital-Estadual-da-Ce0030678700202310121753-6.webp\",\"width\":1200,\"height\":720},\"datePublished\":\"2023-10-12T21:56:53-03:00\",\"dateModified\":\"2023-10-12T21:56:53-03:00\",\"inLanguage\":\"pt-BR\",\"mainEntityOfPage\":{\"@id\":\"https:\\\/\\\/newsinfoco.com.br\\\/inicio\\\/alagoinhas-recebe-titulo-de-capital-estadual-da-cerveja\\\/#webpage\"},\"isPartOf\":{\"@id\":\"https:\\\/\\\/newsinfoco.com.br\\\/inicio\\\/alagoinhas-recebe-titulo-de-capital-estadual-da-cerveja\\\/#webpage\"},\"articleSection\":\"Alagoinhas e Regi\\u00e3o, Manchete\"},{\"@type\":\"BreadcrumbList\",\"@id\":\"https:\\\/\\\/newsinfoco.com.br\\\/inicio\\\/alagoinhas-recebe-titulo-de-capital-estadual-da-cerveja\\\/#breadcrumblist\",\"itemListElement\":[{\"@type\":\"ListItem\",\"@id\":\"https:\\\/\\\/newsinfoco.com.br\\\/inicio#listItem\",\"position\":1,\"name\":\"In\\u00edcio\",\"item\":\"https:\\\/\\\/newsinfoco.com.br\\\/inicio\",\"nextItem\":{\"@type\":\"ListItem\",\"@id\":\"https:\\\/\\\/newsinfoco.com.br\\\/inicio\\\/category\\\/alagoinhas-e-regiao\\\/#listItem\",\"name\":\"Alagoinhas e Regi\\u00e3o\"}},{\"@type\":\"ListItem\",\"@id\":\"https:\\\/\\\/newsinfoco.com.br\\\/inicio\\\/category\\\/alagoinhas-e-regiao\\\/#listItem\",\"position\":2,\"name\":\"Alagoinhas e Regi\\u00e3o\",\"item\":\"https:\\\/\\\/newsinfoco.com.br\\\/inicio\\\/category\\\/alagoinhas-e-regiao\\\/\",\"nextItem\":{\"@type\":\"ListItem\",\"@id\":\"https:\\\/\\\/newsinfoco.com.br\\\/inicio\\\/alagoinhas-recebe-titulo-de-capital-estadual-da-cerveja\\\/#listItem\",\"name\":\"Alagoinhas recebe t\\u00edtulo de Capital Estadual da Cerveja\"},\"previousItem\":{\"@type\":\"ListItem\",\"@id\":\"https:\\\/\\\/newsinfoco.com.br\\\/inicio#listItem\",\"name\":\"In\\u00edcio\"}},{\"@type\":\"ListItem\",\"@id\":\"https:\\\/\\\/newsinfoco.com.br\\\/inicio\\\/alagoinhas-recebe-titulo-de-capital-estadual-da-cerveja\\\/#listItem\",\"position\":3,\"name\":\"Alagoinhas recebe t\\u00edtulo de Capital Estadual da Cerveja\",\"previousItem\":{\"@type\":\"ListItem\",\"@id\":\"https:\\\/\\\/newsinfoco.com.br\\\/inicio\\\/category\\\/alagoinhas-e-regiao\\\/#listItem\",\"name\":\"Alagoinhas e Regi\\u00e3o\"}}]},{\"@type\":\"Organization\",\"@id\":\"https:\\\/\\\/newsinfoco.com.br\\\/inicio\\\/#organization\",\"name\":\"News In Foco - Editado por Caio Pimenta\",\"description\":\"O principal site de noticias de Alagoinhas e regi\\u00e3o\",\"url\":\"https:\\\/\\\/newsinfoco.com.br\\\/inicio\\\/\"},{\"@type\":\"Person\",\"@id\":\"https:\\\/\\\/newsinfoco.com.br\\\/inicio\\\/author\\\/administrador\\\/#author\",\"url\":\"https:\\\/\\\/newsinfoco.com.br\\\/inicio\\\/author\\\/administrador\\\/\",\"name\":\"administrador\",\"image\":{\"@type\":\"ImageObject\",\"@id\":\"https:\\\/\\\/newsinfoco.com.br\\\/inicio\\\/alagoinhas-recebe-titulo-de-capital-estadual-da-cerveja\\\/#authorImage\",\"url\":\"https:\\\/\\\/secure.gravatar.com\\\/avatar\\\/c17a617433de8c1dc9584bb79aab7563b46f5bb7e1728c9b17d9cc3ce6a08e49?s=96&d=mm&r=g\",\"width\":96,\"height\":96,\"caption\":\"administrador\"}},{\"@type\":\"WebPage\",\"@id\":\"https:\\\/\\\/newsinfoco.com.br\\\/inicio\\\/alagoinhas-recebe-titulo-de-capital-estadual-da-cerveja\\\/#webpage\",\"url\":\"https:\\\/\\\/newsinfoco.com.br\\\/inicio\\\/alagoinhas-recebe-titulo-de-capital-estadual-da-cerveja\\\/\",\"name\":\"Alagoinhas recebe t\\u00edtulo de Capital Estadual da Cerveja - News In Foco - Editado por Caio Pimenta\",\"description\":\"Alagoinhas se tornou, oficialmente, a Capital Estadual da Cerveja. A Assembleia Legislativa da Bahia, aprovou, no \\u00faltimo dia 10 de outubro, um projeto de lei que batiza o munic\\u00edpio a cerca de 120 km de Salvador, com o t\\u00edtulo. O documento de N\\u00ba 24.951\\\/2023 foi apresentado na ALBA pela deputada estadual Ludmilla Fiscina (PV). Alagoinhense\",\"inLanguage\":\"pt-BR\",\"isPartOf\":{\"@id\":\"https:\\\/\\\/newsinfoco.com.br\\\/inicio\\\/#website\"},\"breadcrumb\":{\"@id\":\"https:\\\/\\\/newsinfoco.com.br\\\/inicio\\\/alagoinhas-recebe-titulo-de-capital-estadual-da-cerveja\\\/#breadcrumblist\"},\"author\":{\"@id\":\"https:\\\/\\\/newsinfoco.com.br\\\/inicio\\\/author\\\/administrador\\\/#author\"},\"creator\":{\"@id\":\"https:\\\/\\\/newsinfoco.com.br\\\/inicio\\\/author\\\/administrador\\\/#author\"},\"image\":{\"@type\":\"ImageObject\",\"url\":\"https:\\\/\\\/newsinfoco.com.br\\\/inicio\\\/wp-content\\\/uploads\\\/2023\\\/10\\\/Alagoinhas-recebe-titulo-de-Capital-Estadual-da-Ce0030678700202310121753-6.webp\",\"@id\":\"https:\\\/\\\/newsinfoco.com.br\\\/inicio\\\/alagoinhas-recebe-titulo-de-capital-estadual-da-cerveja\\\/#mainImage\",\"width\":1200,\"height\":720},\"primaryImageOfPage\":{\"@id\":\"https:\\\/\\\/newsinfoco.com.br\\\/inicio\\\/alagoinhas-recebe-titulo-de-capital-estadual-da-cerveja\\\/#mainImage\"},\"datePublished\":\"2023-10-12T21:56:53-03:00\",\"dateModified\":\"2023-10-12T21:56:53-03:00\"},{\"@type\":\"WebSite\",\"@id\":\"https:\\\/\\\/newsinfoco.com.br\\\/inicio\\\/#website\",\"url\":\"https:\\\/\\\/newsinfoco.com.br\\\/inicio\\\/\",\"name\":\"News In Foco - Editado por Caio Pimenta\",\"description\":\"O principal site de noticias de Alagoinhas e regi\\u00e3o\",\"inLanguage\":\"pt-BR\",\"publisher\":{\"@id\":\"https:\\\/\\\/newsinfoco.com.br\\\/inicio\\\/#organization\"}}]}\n\t\t<\/script>\n\t\t<!-- All in One SEO -->\n\n","aioseo_head_json":{"title":"Alagoinhas recebe t\u00edtulo de Capital Estadual da Cerveja - News In Foco - Editado por Caio Pimenta","description":"Alagoinhas se tornou, oficialmente, a Capital Estadual da Cerveja. A Assembleia Legislativa da Bahia, aprovou, no \u00faltimo dia 10 de outubro, um projeto de lei que batiza o munic\u00edpio a cerca de 120 km de Salvador, com o t\u00edtulo. O documento de N\u00ba 24.951\/2023 foi apresentado na ALBA pela deputada estadual Ludmilla Fiscina (PV). Alagoinhense","canonical_url":"https:\/\/newsinfoco.com.br\/inicio\/alagoinhas-recebe-titulo-de-capital-estadual-da-cerveja\/","robots":"max-image-preview:large","keywords":"","webmasterTools":{"miscellaneous":""},"schema":{"@context":"https:\/\/schema.org","@graph":[{"@type":"BlogPosting","@id":"https:\/\/newsinfoco.com.br\/inicio\/alagoinhas-recebe-titulo-de-capital-estadual-da-cerveja\/#blogposting","name":"Alagoinhas recebe t\u00edtulo de Capital Estadual da Cerveja - News In Foco - Editado por Caio Pimenta","headline":"Alagoinhas recebe t\u00edtulo de Capital Estadual da Cerveja","author":{"@id":"https:\/\/newsinfoco.com.br\/inicio\/author\/administrador\/#author"},"publisher":{"@id":"https:\/\/newsinfoco.com.br\/inicio\/#organization"},"image":{"@type":"ImageObject","url":"https:\/\/newsinfoco.com.br\/inicio\/wp-content\/uploads\/2023\/10\/Alagoinhas-recebe-titulo-de-Capital-Estadual-da-Ce0030678700202310121753-6.webp","width":1200,"height":720},"datePublished":"2023-10-12T21:56:53-03:00","dateModified":"2023-10-12T21:56:53-03:00","inLanguage":"pt-BR","mainEntityOfPage":{"@id":"https:\/\/newsinfoco.com.br\/inicio\/alagoinhas-recebe-titulo-de-capital-estadual-da-cerveja\/#webpage"},"isPartOf":{"@id":"https:\/\/newsinfoco.com.br\/inicio\/alagoinhas-recebe-titulo-de-capital-estadual-da-cerveja\/#webpage"},"articleSection":"Alagoinhas e Regi\u00e3o, Manchete"},{"@type":"BreadcrumbList","@id":"https:\/\/newsinfoco.com.br\/inicio\/alagoinhas-recebe-titulo-de-capital-estadual-da-cerveja\/#breadcrumblist","itemListElement":[{"@type":"ListItem","@id":"https:\/\/newsinfoco.com.br\/inicio#listItem","position":1,"name":"In\u00edcio","item":"https:\/\/newsinfoco.com.br\/inicio","nextItem":{"@type":"ListItem","@id":"https:\/\/newsinfoco.com.br\/inicio\/category\/alagoinhas-e-regiao\/#listItem","name":"Alagoinhas e Regi\u00e3o"}},{"@type":"ListItem","@id":"https:\/\/newsinfoco.com.br\/inicio\/category\/alagoinhas-e-regiao\/#listItem","position":2,"name":"Alagoinhas e Regi\u00e3o","item":"https:\/\/newsinfoco.com.br\/inicio\/category\/alagoinhas-e-regiao\/","nextItem":{"@type":"ListItem","@id":"https:\/\/newsinfoco.com.br\/inicio\/alagoinhas-recebe-titulo-de-capital-estadual-da-cerveja\/#listItem","name":"Alagoinhas recebe t\u00edtulo de Capital Estadual da Cerveja"},"previousItem":{"@type":"ListItem","@id":"https:\/\/newsinfoco.com.br\/inicio#listItem","name":"In\u00edcio"}},{"@type":"ListItem","@id":"https:\/\/newsinfoco.com.br\/inicio\/alagoinhas-recebe-titulo-de-capital-estadual-da-cerveja\/#listItem","position":3,"name":"Alagoinhas recebe t\u00edtulo de Capital Estadual da Cerveja","previousItem":{"@type":"ListItem","@id":"https:\/\/newsinfoco.com.br\/inicio\/category\/alagoinhas-e-regiao\/#listItem","name":"Alagoinhas e Regi\u00e3o"}}]},{"@type":"Organization","@id":"https:\/\/newsinfoco.com.br\/inicio\/#organization","name":"News In Foco - Editado por Caio Pimenta","description":"O principal site de noticias de Alagoinhas e regi\u00e3o","url":"https:\/\/newsinfoco.com.br\/inicio\/"},{"@type":"Person","@id":"https:\/\/newsinfoco.com.br\/inicio\/author\/administrador\/#author","url":"https:\/\/newsinfoco.com.br\/inicio\/author\/administrador\/","name":"administrador","image":{"@type":"ImageObject","@id":"https:\/\/newsinfoco.com.br\/inicio\/alagoinhas-recebe-titulo-de-capital-estadual-da-cerveja\/#authorImage","url":"https:\/\/secure.gravatar.com\/avatar\/c17a617433de8c1dc9584bb79aab7563b46f5bb7e1728c9b17d9cc3ce6a08e49?s=96&d=mm&r=g","width":96,"height":96,"caption":"administrador"}},{"@type":"WebPage","@id":"https:\/\/newsinfoco.com.br\/inicio\/alagoinhas-recebe-titulo-de-capital-estadual-da-cerveja\/#webpage","url":"https:\/\/newsinfoco.com.br\/inicio\/alagoinhas-recebe-titulo-de-capital-estadual-da-cerveja\/","name":"Alagoinhas recebe t\u00edtulo de Capital Estadual da Cerveja - News In Foco - Editado por Caio Pimenta","description":"Alagoinhas se tornou, oficialmente, a Capital Estadual da Cerveja. A Assembleia Legislativa da Bahia, aprovou, no \u00faltimo dia 10 de outubro, um projeto de lei que batiza o munic\u00edpio a cerca de 120 km de Salvador, com o t\u00edtulo. O documento de N\u00ba 24.951\/2023 foi apresentado na ALBA pela deputada estadual Ludmilla Fiscina (PV). Alagoinhense","inLanguage":"pt-BR","isPartOf":{"@id":"https:\/\/newsinfoco.com.br\/inicio\/#website"},"breadcrumb":{"@id":"https:\/\/newsinfoco.com.br\/inicio\/alagoinhas-recebe-titulo-de-capital-estadual-da-cerveja\/#breadcrumblist"},"author":{"@id":"https:\/\/newsinfoco.com.br\/inicio\/author\/administrador\/#author"},"creator":{"@id":"https:\/\/newsinfoco.com.br\/inicio\/author\/administrador\/#author"},"image":{"@type":"ImageObject","url":"https:\/\/newsinfoco.com.br\/inicio\/wp-content\/uploads\/2023\/10\/Alagoinhas-recebe-titulo-de-Capital-Estadual-da-Ce0030678700202310121753-6.webp","@id":"https:\/\/newsinfoco.com.br\/inicio\/alagoinhas-recebe-titulo-de-capital-estadual-da-cerveja\/#mainImage","width":1200,"height":720},"primaryImageOfPage":{"@id":"https:\/\/newsinfoco.com.br\/inicio\/alagoinhas-recebe-titulo-de-capital-estadual-da-cerveja\/#mainImage"},"datePublished":"2023-10-12T21:56:53-03:00","dateModified":"2023-10-12T21:56:53-03:00"},{"@type":"WebSite","@id":"https:\/\/newsinfoco.com.br\/inicio\/#website","url":"https:\/\/newsinfoco.com.br\/inicio\/","name":"News In Foco - Editado por Caio Pimenta","description":"O principal site de noticias de Alagoinhas e regi\u00e3o","inLanguage":"pt-BR","publisher":{"@id":"https:\/\/newsinfoco.com.br\/inicio\/#organization"}}]},"og:locale":"pt_BR","og:site_name":"News In Foco - Editado por Caio Pimenta - O principal site de noticias de Alagoinhas e regi\u00e3o","og:type":"article","og:title":"Alagoinhas recebe t\u00edtulo de Capital Estadual da Cerveja - News In Foco - Editado por Caio Pimenta","og:description":"Alagoinhas se tornou, oficialmente, a Capital Estadual da Cerveja. A Assembleia Legislativa da Bahia, aprovou, no \u00faltimo dia 10 de outubro, um projeto de lei que batiza o munic\u00edpio a cerca de 120 km de Salvador, com o t\u00edtulo. O documento de N\u00ba 24.951\/2023 foi apresentado na ALBA pela deputada estadual Ludmilla Fiscina (PV). Alagoinhense","og:url":"https:\/\/newsinfoco.com.br\/inicio\/alagoinhas-recebe-titulo-de-capital-estadual-da-cerveja\/","article:published_time":"2023-10-13T00:56:53+00:00","article:modified_time":"2023-10-13T00:56:53+00:00","twitter:card":"summary_large_image","twitter:title":"Alagoinhas recebe t\u00edtulo de Capital Estadual da Cerveja - News In Foco - Editado por Caio Pimenta","twitter:description":"Alagoinhas se tornou, oficialmente, a Capital Estadual da Cerveja. A Assembleia Legislativa da Bahia, aprovou, no \u00faltimo dia 10 de outubro, um projeto de lei que batiza o munic\u00edpio a cerca de 120 km de Salvador, com o t\u00edtulo. O documento de N\u00ba 24.951\/2023 foi apresentado na ALBA pela deputada estadual Ludmilla Fiscina (PV). Alagoinhense"},"aioseo_meta_data":{"post_id":"35203","title":null,"description":null,"keywords":[],"keyphrases":{"focus":{"keyphrase":"","score":0,"analysis":{"keyphraseInTitle":{"score":0,"maxScore":9,"error":1}}},"additional":[]},"primary_term":null,"canonical_url":null,"og_title":null,"og_description":null,"og_object_type":"default","og_image_type":"default","og_image_url":null,"og_image_width":null,"og_image_height":null,"og_image_custom_url":null,"og_image_custom_fields":null,"og_video":"","og_custom_url":null,"og_article_section":null,"og_article_tags":[],"twitter_use_og":false,"twitter_card":"default","twitter_image_type":"default","twitter_image_url":null,"twitter_image_custom_url":null,"twitter_image_custom_fields":null,"twitter_title":null,"twitter_description":null,"schema":{"blockGraphs":[],"customGraphs":[],"default":{"data":{"Article":[],"Course":[],"Dataset":[],"FAQPage":[],"Movie":[],"Person":[],"Product":[],"ProductReview":[],"Car":[],"Recipe":[],"Service":[],"SoftwareApplication":[],"WebPage":[]},"graphName":"BlogPosting","isEnabled":true},"graphs":[]},"schema_type":"default","schema_type_options":null,"pillar_content":false,"robots_default":true,"robots_noindex":false,"robots_noarchive":false,"robots_nosnippet":false,"robots_nofollow":false,"robots_noimageindex":false,"robots_noodp":false,"robots_notranslate":false,"robots_max_snippet":"-1","robots_max_videopreview":"-1","robots_max_imagepreview":"large","priority":null,"frequency":"default","local_seo":null,"breadcrumb_settings":null,"limit_modified_date":false,"ai":null,"created":"2023-10-13 00:56:54","updated":"2025-07-11 10:18:06","seo_analyzer_scan_date":null},"aioseo_breadcrumb":"<div class=\"aioseo-breadcrumbs\"><span class=\"aioseo-breadcrumb\">\n\t\t\t<a href=\"https:\/\/newsinfoco.com.br\/inicio\" title=\"In\u00edcio\">In\u00edcio<\/a>\n\t\t<\/span><span class=\"aioseo-breadcrumb-separator\">&raquo;<\/span><span class=\"aioseo-breadcrumb\">\n\t\t\t<a href=\"https:\/\/newsinfoco.com.br\/inicio\/category\/alagoinhas-e-regiao\/\" title=\"Alagoinhas e Regi\u00e3o\">Alagoinhas e Regi\u00e3o<\/a>\n\t\t<\/span><span class=\"aioseo-breadcrumb-separator\">&raquo;<\/span><span class=\"aioseo-breadcrumb\">\n\t\t\tAlagoinhas recebe t\u00edtulo de Capital Estadual da Cerveja\n\t\t<\/span><\/div>","aioseo_breadcrumb_json":[{"label":"In\u00edcio","link":"https:\/\/newsinfoco.com.br\/inicio"},{"label":"Alagoinhas e Regi\u00e3o","link":"https:\/\/newsinfoco.com.br\/inicio\/category\/alagoinhas-e-regiao\/"},{"label":"Alagoinhas recebe t\u00edtulo de Capital Estadual da Cerveja","link":"https:\/\/newsinfoco.com.br\/inicio\/alagoinhas-recebe-titulo-de-capital-estadual-da-cerveja\/"}],"_links":{"self":[{"href":"https:\/\/newsinfoco.com.br\/inicio\/wp-json\/wp\/v2\/posts\/35203","targetHints":{"allow":["GET"]}}],"collection":[{"href":"https:\/\/newsinfoco.com.br\/inicio\/wp-json\/wp\/v2\/posts"}],"about":[{"href":"https:\/\/newsinfoco.com.br\/inicio\/wp-json\/wp\/v2\/types\/post"}],"author":[{"embeddable":true,"href":"https:\/\/newsinfoco.com.br\/inicio\/wp-json\/wp\/v2\/users\/1"}],"replies":[{"embeddable":true,"href":"https:\/\/newsinfoco.com.br\/inicio\/wp-json\/wp\/v2\/comments?post=35203"}],"version-history":[{"count":1,"href":"https:\/\/newsinfoco.com.br\/inicio\/wp-json\/wp\/v2\/posts\/35203\/revisions"}],"predecessor-version":[{"id":35205,"href":"https:\/\/newsinfoco.com.br\/inicio\/wp-json\/wp\/v2\/posts\/35203\/revisions\/35205"}],"wp:featuredmedia":[{"embeddable":true,"href":"https:\/\/newsinfoco.com.br\/inicio\/wp-json\/wp\/v2\/media\/35204"}],"wp:attachment":[{"href":"https:\/\/newsinfoco.com.br\/inicio\/wp-json\/wp\/v2\/media?parent=35203"}],"wp:term":[{"taxonomy":"category","embeddable":true,"href":"https:\/\/newsinfoco.com.br\/inicio\/wp-json\/wp\/v2\/categories?post=35203"},{"taxonomy":"post_tag","embeddable":true,"href":"https:\/\/newsinfoco.com.br\/inicio\/wp-json\/wp\/v2\/tags?post=35203"}],"curies":[{"name":"wp","href":"https:\/\/api.w.org\/{rel}","templated":true}]}}