{"id":35213,"date":"2023-10-15T18:19:55","date_gmt":"2023-10-15T21:19:55","guid":{"rendered":"https:\/\/newsinfoco.com.br\/inicio\/?p=35213"},"modified":"2023-10-15T18:19:55","modified_gmt":"2023-10-15T21:19:55","slug":"israel-confirma-que-filha-de-brasileira-esta-entre-refens-do-hamas","status":"publish","type":"post","link":"https:\/\/newsinfoco.com.br\/inicio\/israel-confirma-que-filha-de-brasileira-esta-entre-refens-do-hamas\/","title":{"rendered":"Israel confirma que filha de brasileira est\u00e1 entre ref\u00e9ns do Hamas"},"content":{"rendered":"<p>A filha de uma brasileira est\u00e1 entre os\u00a0mais de 120 ref\u00e9ns\u00a0do grupo Hamas. A bab\u00e1 Celeste Fishbein, 18 anos,\u00a0estava em um kibutz, esp\u00e9cie de comunidade rural, pr\u00f3xima \u00e0 Faixa de Gaza, quando desapareceu ap\u00f3s o ataque surpresa do Hamas, no dia 7 de outubro.<\/p>\n<p>A fam\u00edlia afirma ter recebido a confirma\u00e7\u00e3o do estado de Israel ap\u00f3s an\u00e1lise de amostra de DNA da m\u00e3e da jovem, que n\u00e3o a identificou entre os 1.300 mortos no ataque. Nas redes sociais, os parentes t\u00eam compartilhado pedidos de ajuda e atualiza\u00e7\u00f5es sobre Celeste.<\/p>\n<p class=\"texto\">O irm\u00e3o, Liel Fishbein e outros familiares conseguiram escapar porque se esconderam em um bunker durante o ataque. Em entrevista ao canal CNN, o tio da jovem, M\u00e1rio Fishbein, contou que a garota trocou mensagens com eles at\u00e9 por volta de 11h20, do s\u00e1bado (7\/10), quando parou de responder. O namorado da garota tamb\u00e9m est\u00e1 desaparecido.<\/p>\n<p class=\"texto\">Al\u00e9m do tio e irm\u00e3o, estavam a m\u00e3e de Celeste; a av\u00f3, de 94 anos; e a cuidadora da idosa. Eles foram resgatados pelo ex\u00e9rcito israelense 20 horas ap\u00f3s o ataque.<\/p>\n<p>&nbsp;<\/p>\n<p>Correio Braziliense<\/p>\n<p>&nbsp;<\/p>\n<div class='share-to-whatsapp-wrapper'><div class='share-on-whsp'>Share on: <\/div><a data-text='Israel confirma que filha de brasileira est\u00e1 entre ref\u00e9ns do Hamas' data-link='https:\/\/newsinfoco.com.br\/inicio\/israel-confirma-que-filha-de-brasileira-esta-entre-refens-do-hamas\/' class='whatsapp-button whatsapp-share'>WhatsApp<\/a><div class='clear '><\/div><\/div>","protected":false},"excerpt":{"rendered":"<p>A filha de uma brasileira est\u00e1 entre os\u00a0mais de 120 ref\u00e9ns\u00a0do grupo Hamas. A bab\u00e1 Celeste Fishbein, 18 anos,\u00a0estava em um kibutz, esp\u00e9cie de comunidade rural, pr\u00f3xima \u00e0 Faixa de Gaza, quando desapareceu ap\u00f3s o ataque surpresa do Hamas, no dia 7 de outubro. A fam\u00edlia afirma ter recebido a confirma\u00e7\u00e3o do estado de Israel [&hellip;]<\/p>\n","protected":false},"author":1,"featured_media":35214,"comment_status":"closed","ping_status":"closed","sticky":false,"template":"","format":"standard","meta":{"om_disable_all_campaigns":false,"rop_custom_images_group":[],"rop_custom_messages_group":[],"rop_publish_now":"initial","rop_publish_now_accounts":[],"rop_publish_now_history":[],"rop_publish_now_status":"pending","_exactmetrics_skip_tracking":false,"footnotes":""},"categories":[21],"tags":[],"class_list":["post-35213","post","type-post","status-publish","format-standard","has-post-thumbnail","hentry","category-brasil"],"aioseo_notices":[],"aioseo_head":"\n\t\t<!-- All in One SEO 4.9.10 - aioseo.com -->\n\t<meta name=\"description\" content=\"A filha de uma brasileira est\u00e1 entre os mais de 120 ref\u00e9ns do grupo Hamas. A bab\u00e1 Celeste Fishbein, 18 anos, estava em um kibutz, esp\u00e9cie de comunidade rural, pr\u00f3xima \u00e0 Faixa de Gaza, quando desapareceu ap\u00f3s o ataque surpresa do Hamas, no dia 7 de outubro. A fam\u00edlia afirma ter recebido a confirma\u00e7\u00e3o do estado de Israel\" \/>\n\t<meta name=\"robots\" content=\"max-image-preview:large\" \/>\n\t<meta name=\"author\" content=\"administrador\"\/>\n\t<link rel=\"canonical\" href=\"https:\/\/newsinfoco.com.br\/inicio\/israel-confirma-que-filha-de-brasileira-esta-entre-refens-do-hamas\/\" \/>\n\t<meta name=\"generator\" content=\"All in One SEO (AIOSEO) 4.9.10\" \/>\n\t\t<meta property=\"og:locale\" content=\"pt_BR\" \/>\n\t\t<meta property=\"og:site_name\" content=\"News In Foco - Editado por Caio Pimenta - O principal site de noticias de Alagoinhas e regi\u00e3o\" \/>\n\t\t<meta property=\"og:type\" content=\"article\" \/>\n\t\t<meta property=\"og:title\" content=\"Israel confirma que filha de brasileira est\u00e1 entre ref\u00e9ns do Hamas - News In Foco - Editado por Caio Pimenta\" \/>\n\t\t<meta property=\"og:description\" content=\"A filha de uma brasileira est\u00e1 entre os mais de 120 ref\u00e9ns do grupo Hamas. A bab\u00e1 Celeste Fishbein, 18 anos, estava em um kibutz, esp\u00e9cie de comunidade rural, pr\u00f3xima \u00e0 Faixa de Gaza, quando desapareceu ap\u00f3s o ataque surpresa do Hamas, no dia 7 de outubro. A fam\u00edlia afirma ter recebido a confirma\u00e7\u00e3o do estado de Israel\" \/>\n\t\t<meta property=\"og:url\" content=\"https:\/\/newsinfoco.com.br\/inicio\/israel-confirma-que-filha-de-brasileira-esta-entre-refens-do-hamas\/\" \/>\n\t\t<meta property=\"article:published_time\" content=\"2023-10-15T21:19:55+00:00\" \/>\n\t\t<meta property=\"article:modified_time\" content=\"2023-10-15T21:19:55+00:00\" \/>\n\t\t<meta name=\"twitter:card\" content=\"summary_large_image\" \/>\n\t\t<meta name=\"twitter:title\" content=\"Israel confirma que filha de brasileira est\u00e1 entre ref\u00e9ns do Hamas - News In Foco - Editado por Caio Pimenta\" \/>\n\t\t<meta name=\"twitter:description\" content=\"A filha de uma brasileira est\u00e1 entre os mais de 120 ref\u00e9ns do grupo Hamas. A bab\u00e1 Celeste Fishbein, 18 anos, estava em um kibutz, esp\u00e9cie de comunidade rural, pr\u00f3xima \u00e0 Faixa de Gaza, quando desapareceu ap\u00f3s o ataque surpresa do Hamas, no dia 7 de outubro. A fam\u00edlia afirma ter recebido a confirma\u00e7\u00e3o do estado de Israel\" \/>\n\t\t<script type=\"application\/ld+json\" class=\"aioseo-schema\">\n\t\t\t{\"@context\":\"https:\\\/\\\/schema.org\",\"@graph\":[{\"@type\":\"BlogPosting\",\"@id\":\"https:\\\/\\\/newsinfoco.com.br\\\/inicio\\\/israel-confirma-que-filha-de-brasileira-esta-entre-refens-do-hamas\\\/#blogposting\",\"name\":\"Israel confirma que filha de brasileira est\\u00e1 entre ref\\u00e9ns do Hamas - News In Foco - Editado por Caio Pimenta\",\"headline\":\"Israel confirma que filha de brasileira est\\u00e1 entre ref\\u00e9ns do Hamas\",\"author\":{\"@id\":\"https:\\\/\\\/newsinfoco.com.br\\\/inicio\\\/author\\\/administrador\\\/#author\"},\"publisher\":{\"@id\":\"https:\\\/\\\/newsinfoco.com.br\\\/inicio\\\/#organization\"},\"image\":{\"@type\":\"ImageObject\",\"url\":\"https:\\\/\\\/newsinfoco.com.br\\\/inicio\\\/wp-content\\\/uploads\\\/2023\\\/10\\\/1_ggggggg-30190685.jpg\",\"width\":675,\"height\":450},\"datePublished\":\"2023-10-15T18:19:55-03:00\",\"dateModified\":\"2023-10-15T18:19:55-03:00\",\"inLanguage\":\"pt-BR\",\"mainEntityOfPage\":{\"@id\":\"https:\\\/\\\/newsinfoco.com.br\\\/inicio\\\/israel-confirma-que-filha-de-brasileira-esta-entre-refens-do-hamas\\\/#webpage\"},\"isPartOf\":{\"@id\":\"https:\\\/\\\/newsinfoco.com.br\\\/inicio\\\/israel-confirma-que-filha-de-brasileira-esta-entre-refens-do-hamas\\\/#webpage\"},\"articleSection\":\"Brasil\"},{\"@type\":\"BreadcrumbList\",\"@id\":\"https:\\\/\\\/newsinfoco.com.br\\\/inicio\\\/israel-confirma-que-filha-de-brasileira-esta-entre-refens-do-hamas\\\/#breadcrumblist\",\"itemListElement\":[{\"@type\":\"ListItem\",\"@id\":\"https:\\\/\\\/newsinfoco.com.br\\\/inicio#listItem\",\"position\":1,\"name\":\"In\\u00edcio\",\"item\":\"https:\\\/\\\/newsinfoco.com.br\\\/inicio\",\"nextItem\":{\"@type\":\"ListItem\",\"@id\":\"https:\\\/\\\/newsinfoco.com.br\\\/inicio\\\/category\\\/brasil\\\/#listItem\",\"name\":\"Brasil\"}},{\"@type\":\"ListItem\",\"@id\":\"https:\\\/\\\/newsinfoco.com.br\\\/inicio\\\/category\\\/brasil\\\/#listItem\",\"position\":2,\"name\":\"Brasil\",\"item\":\"https:\\\/\\\/newsinfoco.com.br\\\/inicio\\\/category\\\/brasil\\\/\",\"nextItem\":{\"@type\":\"ListItem\",\"@id\":\"https:\\\/\\\/newsinfoco.com.br\\\/inicio\\\/israel-confirma-que-filha-de-brasileira-esta-entre-refens-do-hamas\\\/#listItem\",\"name\":\"Israel confirma que filha de brasileira est\\u00e1 entre ref\\u00e9ns do Hamas\"},\"previousItem\":{\"@type\":\"ListItem\",\"@id\":\"https:\\\/\\\/newsinfoco.com.br\\\/inicio#listItem\",\"name\":\"In\\u00edcio\"}},{\"@type\":\"ListItem\",\"@id\":\"https:\\\/\\\/newsinfoco.com.br\\\/inicio\\\/israel-confirma-que-filha-de-brasileira-esta-entre-refens-do-hamas\\\/#listItem\",\"position\":3,\"name\":\"Israel confirma que filha de brasileira est\\u00e1 entre ref\\u00e9ns do Hamas\",\"previousItem\":{\"@type\":\"ListItem\",\"@id\":\"https:\\\/\\\/newsinfoco.com.br\\\/inicio\\\/category\\\/brasil\\\/#listItem\",\"name\":\"Brasil\"}}]},{\"@type\":\"Organization\",\"@id\":\"https:\\\/\\\/newsinfoco.com.br\\\/inicio\\\/#organization\",\"name\":\"News In Foco - Editado por Caio Pimenta\",\"description\":\"O principal site de noticias de Alagoinhas e regi\\u00e3o\",\"url\":\"https:\\\/\\\/newsinfoco.com.br\\\/inicio\\\/\"},{\"@type\":\"Person\",\"@id\":\"https:\\\/\\\/newsinfoco.com.br\\\/inicio\\\/author\\\/administrador\\\/#author\",\"url\":\"https:\\\/\\\/newsinfoco.com.br\\\/inicio\\\/author\\\/administrador\\\/\",\"name\":\"administrador\",\"image\":{\"@type\":\"ImageObject\",\"@id\":\"https:\\\/\\\/newsinfoco.com.br\\\/inicio\\\/israel-confirma-que-filha-de-brasileira-esta-entre-refens-do-hamas\\\/#authorImage\",\"url\":\"https:\\\/\\\/secure.gravatar.com\\\/avatar\\\/c17a617433de8c1dc9584bb79aab7563b46f5bb7e1728c9b17d9cc3ce6a08e49?s=96&d=mm&r=g\",\"width\":96,\"height\":96,\"caption\":\"administrador\"}},{\"@type\":\"WebPage\",\"@id\":\"https:\\\/\\\/newsinfoco.com.br\\\/inicio\\\/israel-confirma-que-filha-de-brasileira-esta-entre-refens-do-hamas\\\/#webpage\",\"url\":\"https:\\\/\\\/newsinfoco.com.br\\\/inicio\\\/israel-confirma-que-filha-de-brasileira-esta-entre-refens-do-hamas\\\/\",\"name\":\"Israel confirma que filha de brasileira est\\u00e1 entre ref\\u00e9ns do Hamas - News In Foco - Editado por Caio Pimenta\",\"description\":\"A filha de uma brasileira est\\u00e1 entre os mais de 120 ref\\u00e9ns do grupo Hamas. A bab\\u00e1 Celeste Fishbein, 18 anos, estava em um kibutz, esp\\u00e9cie de comunidade rural, pr\\u00f3xima \\u00e0 Faixa de Gaza, quando desapareceu ap\\u00f3s o ataque surpresa do Hamas, no dia 7 de outubro. A fam\\u00edlia afirma ter recebido a confirma\\u00e7\\u00e3o do estado de Israel\",\"inLanguage\":\"pt-BR\",\"isPartOf\":{\"@id\":\"https:\\\/\\\/newsinfoco.com.br\\\/inicio\\\/#website\"},\"breadcrumb\":{\"@id\":\"https:\\\/\\\/newsinfoco.com.br\\\/inicio\\\/israel-confirma-que-filha-de-brasileira-esta-entre-refens-do-hamas\\\/#breadcrumblist\"},\"author\":{\"@id\":\"https:\\\/\\\/newsinfoco.com.br\\\/inicio\\\/author\\\/administrador\\\/#author\"},\"creator\":{\"@id\":\"https:\\\/\\\/newsinfoco.com.br\\\/inicio\\\/author\\\/administrador\\\/#author\"},\"image\":{\"@type\":\"ImageObject\",\"url\":\"https:\\\/\\\/newsinfoco.com.br\\\/inicio\\\/wp-content\\\/uploads\\\/2023\\\/10\\\/1_ggggggg-30190685.jpg\",\"@id\":\"https:\\\/\\\/newsinfoco.com.br\\\/inicio\\\/israel-confirma-que-filha-de-brasileira-esta-entre-refens-do-hamas\\\/#mainImage\",\"width\":675,\"height\":450},\"primaryImageOfPage\":{\"@id\":\"https:\\\/\\\/newsinfoco.com.br\\\/inicio\\\/israel-confirma-que-filha-de-brasileira-esta-entre-refens-do-hamas\\\/#mainImage\"},\"datePublished\":\"2023-10-15T18:19:55-03:00\",\"dateModified\":\"2023-10-15T18:19:55-03:00\"},{\"@type\":\"WebSite\",\"@id\":\"https:\\\/\\\/newsinfoco.com.br\\\/inicio\\\/#website\",\"url\":\"https:\\\/\\\/newsinfoco.com.br\\\/inicio\\\/\",\"name\":\"News In Foco - Editado por Caio Pimenta\",\"description\":\"O principal site de noticias de Alagoinhas e regi\\u00e3o\",\"inLanguage\":\"pt-BR\",\"publisher\":{\"@id\":\"https:\\\/\\\/newsinfoco.com.br\\\/inicio\\\/#organization\"}}]}\n\t\t<\/script>\n\t\t<!-- All in One SEO -->\n\n","aioseo_head_json":{"title":"Israel confirma que filha de brasileira est\u00e1 entre ref\u00e9ns do Hamas - News In Foco - Editado por Caio Pimenta","description":"A filha de uma brasileira est\u00e1 entre os mais de 120 ref\u00e9ns do grupo Hamas. A bab\u00e1 Celeste Fishbein, 18 anos, estava em um kibutz, esp\u00e9cie de comunidade rural, pr\u00f3xima \u00e0 Faixa de Gaza, quando desapareceu ap\u00f3s o ataque surpresa do Hamas, no dia 7 de outubro. A fam\u00edlia afirma ter recebido a confirma\u00e7\u00e3o do estado de Israel","canonical_url":"https:\/\/newsinfoco.com.br\/inicio\/israel-confirma-que-filha-de-brasileira-esta-entre-refens-do-hamas\/","robots":"max-image-preview:large","keywords":"","webmasterTools":{"miscellaneous":""},"schema":{"@context":"https:\/\/schema.org","@graph":[{"@type":"BlogPosting","@id":"https:\/\/newsinfoco.com.br\/inicio\/israel-confirma-que-filha-de-brasileira-esta-entre-refens-do-hamas\/#blogposting","name":"Israel confirma que filha de brasileira est\u00e1 entre ref\u00e9ns do Hamas - News In Foco - Editado por Caio Pimenta","headline":"Israel confirma que filha de brasileira est\u00e1 entre ref\u00e9ns do Hamas","author":{"@id":"https:\/\/newsinfoco.com.br\/inicio\/author\/administrador\/#author"},"publisher":{"@id":"https:\/\/newsinfoco.com.br\/inicio\/#organization"},"image":{"@type":"ImageObject","url":"https:\/\/newsinfoco.com.br\/inicio\/wp-content\/uploads\/2023\/10\/1_ggggggg-30190685.jpg","width":675,"height":450},"datePublished":"2023-10-15T18:19:55-03:00","dateModified":"2023-10-15T18:19:55-03:00","inLanguage":"pt-BR","mainEntityOfPage":{"@id":"https:\/\/newsinfoco.com.br\/inicio\/israel-confirma-que-filha-de-brasileira-esta-entre-refens-do-hamas\/#webpage"},"isPartOf":{"@id":"https:\/\/newsinfoco.com.br\/inicio\/israel-confirma-que-filha-de-brasileira-esta-entre-refens-do-hamas\/#webpage"},"articleSection":"Brasil"},{"@type":"BreadcrumbList","@id":"https:\/\/newsinfoco.com.br\/inicio\/israel-confirma-que-filha-de-brasileira-esta-entre-refens-do-hamas\/#breadcrumblist","itemListElement":[{"@type":"ListItem","@id":"https:\/\/newsinfoco.com.br\/inicio#listItem","position":1,"name":"In\u00edcio","item":"https:\/\/newsinfoco.com.br\/inicio","nextItem":{"@type":"ListItem","@id":"https:\/\/newsinfoco.com.br\/inicio\/category\/brasil\/#listItem","name":"Brasil"}},{"@type":"ListItem","@id":"https:\/\/newsinfoco.com.br\/inicio\/category\/brasil\/#listItem","position":2,"name":"Brasil","item":"https:\/\/newsinfoco.com.br\/inicio\/category\/brasil\/","nextItem":{"@type":"ListItem","@id":"https:\/\/newsinfoco.com.br\/inicio\/israel-confirma-que-filha-de-brasileira-esta-entre-refens-do-hamas\/#listItem","name":"Israel confirma que filha de brasileira est\u00e1 entre ref\u00e9ns do Hamas"},"previousItem":{"@type":"ListItem","@id":"https:\/\/newsinfoco.com.br\/inicio#listItem","name":"In\u00edcio"}},{"@type":"ListItem","@id":"https:\/\/newsinfoco.com.br\/inicio\/israel-confirma-que-filha-de-brasileira-esta-entre-refens-do-hamas\/#listItem","position":3,"name":"Israel confirma que filha de brasileira est\u00e1 entre ref\u00e9ns do Hamas","previousItem":{"@type":"ListItem","@id":"https:\/\/newsinfoco.com.br\/inicio\/category\/brasil\/#listItem","name":"Brasil"}}]},{"@type":"Organization","@id":"https:\/\/newsinfoco.com.br\/inicio\/#organization","name":"News In Foco - Editado por Caio Pimenta","description":"O principal site de noticias de Alagoinhas e regi\u00e3o","url":"https:\/\/newsinfoco.com.br\/inicio\/"},{"@type":"Person","@id":"https:\/\/newsinfoco.com.br\/inicio\/author\/administrador\/#author","url":"https:\/\/newsinfoco.com.br\/inicio\/author\/administrador\/","name":"administrador","image":{"@type":"ImageObject","@id":"https:\/\/newsinfoco.com.br\/inicio\/israel-confirma-que-filha-de-brasileira-esta-entre-refens-do-hamas\/#authorImage","url":"https:\/\/secure.gravatar.com\/avatar\/c17a617433de8c1dc9584bb79aab7563b46f5bb7e1728c9b17d9cc3ce6a08e49?s=96&d=mm&r=g","width":96,"height":96,"caption":"administrador"}},{"@type":"WebPage","@id":"https:\/\/newsinfoco.com.br\/inicio\/israel-confirma-que-filha-de-brasileira-esta-entre-refens-do-hamas\/#webpage","url":"https:\/\/newsinfoco.com.br\/inicio\/israel-confirma-que-filha-de-brasileira-esta-entre-refens-do-hamas\/","name":"Israel confirma que filha de brasileira est\u00e1 entre ref\u00e9ns do Hamas - News In Foco - Editado por Caio Pimenta","description":"A filha de uma brasileira est\u00e1 entre os mais de 120 ref\u00e9ns do grupo Hamas. A bab\u00e1 Celeste Fishbein, 18 anos, estava em um kibutz, esp\u00e9cie de comunidade rural, pr\u00f3xima \u00e0 Faixa de Gaza, quando desapareceu ap\u00f3s o ataque surpresa do Hamas, no dia 7 de outubro. A fam\u00edlia afirma ter recebido a confirma\u00e7\u00e3o do estado de Israel","inLanguage":"pt-BR","isPartOf":{"@id":"https:\/\/newsinfoco.com.br\/inicio\/#website"},"breadcrumb":{"@id":"https:\/\/newsinfoco.com.br\/inicio\/israel-confirma-que-filha-de-brasileira-esta-entre-refens-do-hamas\/#breadcrumblist"},"author":{"@id":"https:\/\/newsinfoco.com.br\/inicio\/author\/administrador\/#author"},"creator":{"@id":"https:\/\/newsinfoco.com.br\/inicio\/author\/administrador\/#author"},"image":{"@type":"ImageObject","url":"https:\/\/newsinfoco.com.br\/inicio\/wp-content\/uploads\/2023\/10\/1_ggggggg-30190685.jpg","@id":"https:\/\/newsinfoco.com.br\/inicio\/israel-confirma-que-filha-de-brasileira-esta-entre-refens-do-hamas\/#mainImage","width":675,"height":450},"primaryImageOfPage":{"@id":"https:\/\/newsinfoco.com.br\/inicio\/israel-confirma-que-filha-de-brasileira-esta-entre-refens-do-hamas\/#mainImage"},"datePublished":"2023-10-15T18:19:55-03:00","dateModified":"2023-10-15T18:19:55-03:00"},{"@type":"WebSite","@id":"https:\/\/newsinfoco.com.br\/inicio\/#website","url":"https:\/\/newsinfoco.com.br\/inicio\/","name":"News In Foco - Editado por Caio Pimenta","description":"O principal site de noticias de Alagoinhas e regi\u00e3o","inLanguage":"pt-BR","publisher":{"@id":"https:\/\/newsinfoco.com.br\/inicio\/#organization"}}]},"og:locale":"pt_BR","og:site_name":"News In Foco - Editado por Caio Pimenta - O principal site de noticias de Alagoinhas e regi\u00e3o","og:type":"article","og:title":"Israel confirma que filha de brasileira est\u00e1 entre ref\u00e9ns do Hamas - News In Foco - Editado por Caio Pimenta","og:description":"A filha de uma brasileira est\u00e1 entre os mais de 120 ref\u00e9ns do grupo Hamas. A bab\u00e1 Celeste Fishbein, 18 anos, estava em um kibutz, esp\u00e9cie de comunidade rural, pr\u00f3xima \u00e0 Faixa de Gaza, quando desapareceu ap\u00f3s o ataque surpresa do Hamas, no dia 7 de outubro. A fam\u00edlia afirma ter recebido a confirma\u00e7\u00e3o do estado de Israel","og:url":"https:\/\/newsinfoco.com.br\/inicio\/israel-confirma-que-filha-de-brasileira-esta-entre-refens-do-hamas\/","article:published_time":"2023-10-15T21:19:55+00:00","article:modified_time":"2023-10-15T21:19:55+00:00","twitter:card":"summary_large_image","twitter:title":"Israel confirma que filha de brasileira est\u00e1 entre ref\u00e9ns do Hamas - News In Foco - Editado por Caio Pimenta","twitter:description":"A filha de uma brasileira est\u00e1 entre os mais de 120 ref\u00e9ns do grupo Hamas. A bab\u00e1 Celeste Fishbein, 18 anos, estava em um kibutz, esp\u00e9cie de comunidade rural, pr\u00f3xima \u00e0 Faixa de Gaza, quando desapareceu ap\u00f3s o ataque surpresa do Hamas, no dia 7 de outubro. A fam\u00edlia afirma ter recebido a confirma\u00e7\u00e3o do estado de Israel"},"aioseo_meta_data":{"post_id":"35213","title":null,"description":null,"keywords":[],"keyphrases":{"focus":{"keyphrase":"","score":0,"analysis":{"keyphraseInTitle":{"score":0,"maxScore":9,"error":1}}},"additional":[]},"primary_term":null,"canonical_url":null,"og_title":null,"og_description":null,"og_object_type":"default","og_image_type":"default","og_image_url":null,"og_image_width":null,"og_image_height":null,"og_image_custom_url":null,"og_image_custom_fields":null,"og_video":"","og_custom_url":null,"og_article_section":null,"og_article_tags":[],"twitter_use_og":false,"twitter_card":"default","twitter_image_type":"default","twitter_image_url":null,"twitter_image_custom_url":null,"twitter_image_custom_fields":null,"twitter_title":null,"twitter_description":null,"schema":{"blockGraphs":[],"customGraphs":[],"default":{"data":{"Article":[],"Course":[],"Dataset":[],"FAQPage":[],"Movie":[],"Person":[],"Product":[],"ProductReview":[],"Car":[],"Recipe":[],"Service":[],"SoftwareApplication":[],"WebPage":[]},"graphName":"BlogPosting","isEnabled":true},"graphs":[]},"schema_type":"default","schema_type_options":null,"pillar_content":false,"robots_default":true,"robots_noindex":false,"robots_noarchive":false,"robots_nosnippet":false,"robots_nofollow":false,"robots_noimageindex":false,"robots_noodp":false,"robots_notranslate":false,"robots_max_snippet":"-1","robots_max_videopreview":"-1","robots_max_imagepreview":"large","priority":null,"frequency":"default","local_seo":null,"breadcrumb_settings":null,"limit_modified_date":false,"ai":null,"created":"2023-10-15 21:19:55","updated":"2025-07-11 10:18:06","seo_analyzer_scan_date":null},"aioseo_breadcrumb":"<div class=\"aioseo-breadcrumbs\"><span class=\"aioseo-breadcrumb\">\n\t\t\t<a href=\"https:\/\/newsinfoco.com.br\/inicio\" title=\"In\u00edcio\">In\u00edcio<\/a>\n\t\t<\/span><span class=\"aioseo-breadcrumb-separator\">&raquo;<\/span><span class=\"aioseo-breadcrumb\">\n\t\t\t<a href=\"https:\/\/newsinfoco.com.br\/inicio\/category\/brasil\/\" title=\"Brasil\">Brasil<\/a>\n\t\t<\/span><span class=\"aioseo-breadcrumb-separator\">&raquo;<\/span><span class=\"aioseo-breadcrumb\">\n\t\t\tIsrael confirma que filha de brasileira est\u00e1 entre ref\u00e9ns do Hamas\n\t\t<\/span><\/div>","aioseo_breadcrumb_json":[{"label":"In\u00edcio","link":"https:\/\/newsinfoco.com.br\/inicio"},{"label":"Brasil","link":"https:\/\/newsinfoco.com.br\/inicio\/category\/brasil\/"},{"label":"Israel confirma que filha de brasileira est\u00e1 entre ref\u00e9ns do Hamas","link":"https:\/\/newsinfoco.com.br\/inicio\/israel-confirma-que-filha-de-brasileira-esta-entre-refens-do-hamas\/"}],"_links":{"self":[{"href":"https:\/\/newsinfoco.com.br\/inicio\/wp-json\/wp\/v2\/posts\/35213","targetHints":{"allow":["GET"]}}],"collection":[{"href":"https:\/\/newsinfoco.com.br\/inicio\/wp-json\/wp\/v2\/posts"}],"about":[{"href":"https:\/\/newsinfoco.com.br\/inicio\/wp-json\/wp\/v2\/types\/post"}],"author":[{"embeddable":true,"href":"https:\/\/newsinfoco.com.br\/inicio\/wp-json\/wp\/v2\/users\/1"}],"replies":[{"embeddable":true,"href":"https:\/\/newsinfoco.com.br\/inicio\/wp-json\/wp\/v2\/comments?post=35213"}],"version-history":[{"count":1,"href":"https:\/\/newsinfoco.com.br\/inicio\/wp-json\/wp\/v2\/posts\/35213\/revisions"}],"predecessor-version":[{"id":35215,"href":"https:\/\/newsinfoco.com.br\/inicio\/wp-json\/wp\/v2\/posts\/35213\/revisions\/35215"}],"wp:featuredmedia":[{"embeddable":true,"href":"https:\/\/newsinfoco.com.br\/inicio\/wp-json\/wp\/v2\/media\/35214"}],"wp:attachment":[{"href":"https:\/\/newsinfoco.com.br\/inicio\/wp-json\/wp\/v2\/media?parent=35213"}],"wp:term":[{"taxonomy":"category","embeddable":true,"href":"https:\/\/newsinfoco.com.br\/inicio\/wp-json\/wp\/v2\/categories?post=35213"},{"taxonomy":"post_tag","embeddable":true,"href":"https:\/\/newsinfoco.com.br\/inicio\/wp-json\/wp\/v2\/tags?post=35213"}],"curies":[{"name":"wp","href":"https:\/\/api.w.org\/{rel}","templated":true}]}}