{"id":35221,"date":"2023-10-16T10:49:09","date_gmt":"2023-10-16T13:49:09","guid":{"rendered":"https:\/\/newsinfoco.com.br\/inicio\/?p=35221"},"modified":"2023-10-16T10:49:09","modified_gmt":"2023-10-16T13:49:09","slug":"ex-governador-da-bahia-e-atual-prefeito-de-guanambi-nilo-coelho-pode-sofrer-acao-por-incapacidade-civil","status":"publish","type":"post","link":"https:\/\/newsinfoco.com.br\/inicio\/ex-governador-da-bahia-e-atual-prefeito-de-guanambi-nilo-coelho-pode-sofrer-acao-por-incapacidade-civil\/","title":{"rendered":"Ex-governador da Bahia e atual prefeito de Guanambi, Nilo Coelho, pode sofrer a\u00e7\u00e3o por \u201cincapacidade civil\u201d"},"content":{"rendered":"<p>O prefeito de\u00a0Guanambi, no Sert\u00e3o Produtivo, Sudoeste baiano, Nilo Coelho (Uni\u00e3o) deve ser acionado na Justi\u00e7a, com pedido de afastamento do cargo. Segundo o\u00a0Achei Sudoeste, parceiro do Bahia Not\u00edcias, a acusa\u00e7\u00e3o \u00e9 por uma \u201csuposta incapacidade civil\u201d.<\/p>\n<p>Por conta do caso, a a\u00e7\u00e3o deve ser protocoladas ainda nesta segunda-feira (16) na Vara C\u00edvel de Guanambi e no Minist\u00e9rio P\u00fablico Federal (MPF). A suspeita \u00e9 que o gestor e ex-governador da Bahia, que tem atualmente 80 anos, estaria sem condi\u00e7\u00f5es de exercer o cargo, o que refletiria em m\u00e1 administra\u00e7\u00e3o e atitudes equivocadas.<\/p>\n<p>Em um trecho do documento, fala-se em \u201cevidente estado de sa\u00fade debilitado\u201d, \u201cconfus\u00e3o mental\u201d e at\u00e9 uso do gestor \u201ccomo fantoche\u201d, o que causaria a nulidade dos atos praticados pelo mesmo. Nilo Coelho foi governador da Bahia entre 1989 e 1991.<\/p>\n<p>Ainda segundo uma das a\u00e7\u00f5es, \u201ca popula\u00e7\u00e3o reconhece a ampla biografia do gestor, que foi governador, deputado e prefeito por quatro oportunidades, mas que a mesma popula\u00e7\u00e3o n\u00e3o pode ficar ref\u00e9m de sua biografia e desta situa\u00e7\u00e3o\u201d, diz trecho da a\u00e7\u00e3o.<\/p>\n<p>&nbsp;<\/p>\n<p>Bahianoticias<\/p>\n<div class='share-to-whatsapp-wrapper'><div class='share-on-whsp'>Share on: <\/div><a data-text='Ex-governador da Bahia e atual prefeito de Guanambi, Nilo Coelho, pode sofrer a\u00e7\u00e3o por \u201cincapacidade civil\u201d' data-link='https:\/\/newsinfoco.com.br\/inicio\/ex-governador-da-bahia-e-atual-prefeito-de-guanambi-nilo-coelho-pode-sofrer-acao-por-incapacidade-civil\/' class='whatsapp-button whatsapp-share'>WhatsApp<\/a><div class='clear '><\/div><\/div>","protected":false},"excerpt":{"rendered":"<p>O prefeito de\u00a0Guanambi, no Sert\u00e3o Produtivo, Sudoeste baiano, Nilo Coelho (Uni\u00e3o) deve ser acionado na Justi\u00e7a, com pedido de afastamento do cargo. Segundo o\u00a0Achei Sudoeste, parceiro do Bahia Not\u00edcias, a acusa\u00e7\u00e3o \u00e9 por uma \u201csuposta incapacidade civil\u201d. Por conta do caso, a a\u00e7\u00e3o deve ser protocoladas ainda nesta segunda-feira (16) na Vara C\u00edvel de Guanambi [&hellip;]<\/p>\n","protected":false},"author":1,"featured_media":35222,"comment_status":"closed","ping_status":"closed","sticky":false,"template":"","format":"standard","meta":{"om_disable_all_campaigns":false,"rop_custom_images_group":[],"rop_custom_messages_group":[],"rop_publish_now":"initial","rop_publish_now_accounts":[],"rop_publish_now_history":[],"rop_publish_now_status":"pending","_exactmetrics_skip_tracking":false,"footnotes":""},"categories":[19],"tags":[],"class_list":["post-35221","post","type-post","status-publish","format-standard","has-post-thumbnail","hentry","category-bahia"],"aioseo_notices":[],"aioseo_head":"\n\t\t<!-- All in One SEO 4.9.10 - aioseo.com -->\n\t<meta name=\"description\" content=\"O prefeito de Guanambi, no Sert\u00e3o Produtivo, Sudoeste baiano, Nilo Coelho (Uni\u00e3o) deve ser acionado na Justi\u00e7a, com pedido de afastamento do cargo. Segundo o Achei Sudoeste, parceiro do Bahia Not\u00edcias, a acusa\u00e7\u00e3o \u00e9 por uma \u201csuposta incapacidade civil\u201d. Por conta do caso, a a\u00e7\u00e3o deve ser protocoladas ainda nesta segunda-feira (16) na Vara C\u00edvel de Guanambi\" \/>\n\t<meta name=\"robots\" content=\"max-image-preview:large\" \/>\n\t<meta name=\"author\" content=\"administrador\"\/>\n\t<link rel=\"canonical\" href=\"https:\/\/newsinfoco.com.br\/inicio\/ex-governador-da-bahia-e-atual-prefeito-de-guanambi-nilo-coelho-pode-sofrer-acao-por-incapacidade-civil\/\" \/>\n\t<meta name=\"generator\" content=\"All in One SEO (AIOSEO) 4.9.10\" \/>\n\t\t<meta property=\"og:locale\" content=\"pt_BR\" \/>\n\t\t<meta property=\"og:site_name\" content=\"News In Foco - Editado por Caio Pimenta - O principal site de noticias de Alagoinhas e regi\u00e3o\" \/>\n\t\t<meta property=\"og:type\" content=\"article\" \/>\n\t\t<meta property=\"og:title\" content=\"Ex-governador da Bahia e atual prefeito de Guanambi, Nilo Coelho, pode sofrer a\u00e7\u00e3o por \u201cincapacidade civil\u201d - News In Foco - Editado por Caio Pimenta\" \/>\n\t\t<meta property=\"og:description\" content=\"O prefeito de Guanambi, no Sert\u00e3o Produtivo, Sudoeste baiano, Nilo Coelho (Uni\u00e3o) deve ser acionado na Justi\u00e7a, com pedido de afastamento do cargo. Segundo o Achei Sudoeste, parceiro do Bahia Not\u00edcias, a acusa\u00e7\u00e3o \u00e9 por uma \u201csuposta incapacidade civil\u201d. Por conta do caso, a a\u00e7\u00e3o deve ser protocoladas ainda nesta segunda-feira (16) na Vara C\u00edvel de Guanambi\" \/>\n\t\t<meta property=\"og:url\" content=\"https:\/\/newsinfoco.com.br\/inicio\/ex-governador-da-bahia-e-atual-prefeito-de-guanambi-nilo-coelho-pode-sofrer-acao-por-incapacidade-civil\/\" \/>\n\t\t<meta property=\"article:published_time\" content=\"2023-10-16T13:49:09+00:00\" \/>\n\t\t<meta property=\"article:modified_time\" content=\"2023-10-16T13:49:09+00:00\" \/>\n\t\t<meta name=\"twitter:card\" content=\"summary_large_image\" \/>\n\t\t<meta name=\"twitter:title\" content=\"Ex-governador da Bahia e atual prefeito de Guanambi, Nilo Coelho, pode sofrer a\u00e7\u00e3o por \u201cincapacidade civil\u201d - News In Foco - Editado por Caio Pimenta\" \/>\n\t\t<meta name=\"twitter:description\" content=\"O prefeito de Guanambi, no Sert\u00e3o Produtivo, Sudoeste baiano, Nilo Coelho (Uni\u00e3o) deve ser acionado na Justi\u00e7a, com pedido de afastamento do cargo. Segundo o Achei Sudoeste, parceiro do Bahia Not\u00edcias, a acusa\u00e7\u00e3o \u00e9 por uma \u201csuposta incapacidade civil\u201d. Por conta do caso, a a\u00e7\u00e3o deve ser protocoladas ainda nesta segunda-feira (16) na Vara C\u00edvel de Guanambi\" \/>\n\t\t<script type=\"application\/ld+json\" class=\"aioseo-schema\">\n\t\t\t{\"@context\":\"https:\\\/\\\/schema.org\",\"@graph\":[{\"@type\":\"BlogPosting\",\"@id\":\"https:\\\/\\\/newsinfoco.com.br\\\/inicio\\\/ex-governador-da-bahia-e-atual-prefeito-de-guanambi-nilo-coelho-pode-sofrer-acao-por-incapacidade-civil\\\/#blogposting\",\"name\":\"Ex-governador da Bahia e atual prefeito de Guanambi, Nilo Coelho, pode sofrer a\\u00e7\\u00e3o por \\u201cincapacidade civil\\u201d - News In Foco - Editado por Caio Pimenta\",\"headline\":\"Ex-governador da Bahia e atual prefeito de Guanambi, Nilo Coelho, pode sofrer a\\u00e7\\u00e3o por \\u201cincapacidade civil\\u201d\",\"author\":{\"@id\":\"https:\\\/\\\/newsinfoco.com.br\\\/inicio\\\/author\\\/administrador\\\/#author\"},\"publisher\":{\"@id\":\"https:\\\/\\\/newsinfoco.com.br\\\/inicio\\\/#organization\"},\"image\":{\"@type\":\"ImageObject\",\"url\":\"https:\\\/\\\/newsinfoco.com.br\\\/inicio\\\/wp-content\\\/uploads\\\/2023\\\/10\\\/nilocoelho.jpg\",\"width\":600,\"height\":420,\"caption\":\"foto: blog do Anderson\"},\"datePublished\":\"2023-10-16T10:49:09-03:00\",\"dateModified\":\"2023-10-16T10:49:09-03:00\",\"inLanguage\":\"pt-BR\",\"mainEntityOfPage\":{\"@id\":\"https:\\\/\\\/newsinfoco.com.br\\\/inicio\\\/ex-governador-da-bahia-e-atual-prefeito-de-guanambi-nilo-coelho-pode-sofrer-acao-por-incapacidade-civil\\\/#webpage\"},\"isPartOf\":{\"@id\":\"https:\\\/\\\/newsinfoco.com.br\\\/inicio\\\/ex-governador-da-bahia-e-atual-prefeito-de-guanambi-nilo-coelho-pode-sofrer-acao-por-incapacidade-civil\\\/#webpage\"},\"articleSection\":\"Bahia\"},{\"@type\":\"BreadcrumbList\",\"@id\":\"https:\\\/\\\/newsinfoco.com.br\\\/inicio\\\/ex-governador-da-bahia-e-atual-prefeito-de-guanambi-nilo-coelho-pode-sofrer-acao-por-incapacidade-civil\\\/#breadcrumblist\",\"itemListElement\":[{\"@type\":\"ListItem\",\"@id\":\"https:\\\/\\\/newsinfoco.com.br\\\/inicio#listItem\",\"position\":1,\"name\":\"In\\u00edcio\",\"item\":\"https:\\\/\\\/newsinfoco.com.br\\\/inicio\",\"nextItem\":{\"@type\":\"ListItem\",\"@id\":\"https:\\\/\\\/newsinfoco.com.br\\\/inicio\\\/category\\\/bahia\\\/#listItem\",\"name\":\"Bahia\"}},{\"@type\":\"ListItem\",\"@id\":\"https:\\\/\\\/newsinfoco.com.br\\\/inicio\\\/category\\\/bahia\\\/#listItem\",\"position\":2,\"name\":\"Bahia\",\"item\":\"https:\\\/\\\/newsinfoco.com.br\\\/inicio\\\/category\\\/bahia\\\/\",\"nextItem\":{\"@type\":\"ListItem\",\"@id\":\"https:\\\/\\\/newsinfoco.com.br\\\/inicio\\\/ex-governador-da-bahia-e-atual-prefeito-de-guanambi-nilo-coelho-pode-sofrer-acao-por-incapacidade-civil\\\/#listItem\",\"name\":\"Ex-governador da Bahia e atual prefeito de Guanambi, Nilo Coelho, pode sofrer a\\u00e7\\u00e3o por \\u201cincapacidade civil\\u201d\"},\"previousItem\":{\"@type\":\"ListItem\",\"@id\":\"https:\\\/\\\/newsinfoco.com.br\\\/inicio#listItem\",\"name\":\"In\\u00edcio\"}},{\"@type\":\"ListItem\",\"@id\":\"https:\\\/\\\/newsinfoco.com.br\\\/inicio\\\/ex-governador-da-bahia-e-atual-prefeito-de-guanambi-nilo-coelho-pode-sofrer-acao-por-incapacidade-civil\\\/#listItem\",\"position\":3,\"name\":\"Ex-governador da Bahia e atual prefeito de Guanambi, Nilo Coelho, pode sofrer a\\u00e7\\u00e3o por \\u201cincapacidade civil\\u201d\",\"previousItem\":{\"@type\":\"ListItem\",\"@id\":\"https:\\\/\\\/newsinfoco.com.br\\\/inicio\\\/category\\\/bahia\\\/#listItem\",\"name\":\"Bahia\"}}]},{\"@type\":\"Organization\",\"@id\":\"https:\\\/\\\/newsinfoco.com.br\\\/inicio\\\/#organization\",\"name\":\"News In Foco - Editado por Caio Pimenta\",\"description\":\"O principal site de noticias de Alagoinhas e regi\\u00e3o\",\"url\":\"https:\\\/\\\/newsinfoco.com.br\\\/inicio\\\/\"},{\"@type\":\"Person\",\"@id\":\"https:\\\/\\\/newsinfoco.com.br\\\/inicio\\\/author\\\/administrador\\\/#author\",\"url\":\"https:\\\/\\\/newsinfoco.com.br\\\/inicio\\\/author\\\/administrador\\\/\",\"name\":\"administrador\",\"image\":{\"@type\":\"ImageObject\",\"@id\":\"https:\\\/\\\/newsinfoco.com.br\\\/inicio\\\/ex-governador-da-bahia-e-atual-prefeito-de-guanambi-nilo-coelho-pode-sofrer-acao-por-incapacidade-civil\\\/#authorImage\",\"url\":\"https:\\\/\\\/secure.gravatar.com\\\/avatar\\\/c17a617433de8c1dc9584bb79aab7563b46f5bb7e1728c9b17d9cc3ce6a08e49?s=96&d=mm&r=g\",\"width\":96,\"height\":96,\"caption\":\"administrador\"}},{\"@type\":\"WebPage\",\"@id\":\"https:\\\/\\\/newsinfoco.com.br\\\/inicio\\\/ex-governador-da-bahia-e-atual-prefeito-de-guanambi-nilo-coelho-pode-sofrer-acao-por-incapacidade-civil\\\/#webpage\",\"url\":\"https:\\\/\\\/newsinfoco.com.br\\\/inicio\\\/ex-governador-da-bahia-e-atual-prefeito-de-guanambi-nilo-coelho-pode-sofrer-acao-por-incapacidade-civil\\\/\",\"name\":\"Ex-governador da Bahia e atual prefeito de Guanambi, Nilo Coelho, pode sofrer a\\u00e7\\u00e3o por \\u201cincapacidade civil\\u201d - News In Foco - Editado por Caio Pimenta\",\"description\":\"O prefeito de Guanambi, no Sert\\u00e3o Produtivo, Sudoeste baiano, Nilo Coelho (Uni\\u00e3o) deve ser acionado na Justi\\u00e7a, com pedido de afastamento do cargo. Segundo o Achei Sudoeste, parceiro do Bahia Not\\u00edcias, a acusa\\u00e7\\u00e3o \\u00e9 por uma \\u201csuposta incapacidade civil\\u201d. Por conta do caso, a a\\u00e7\\u00e3o deve ser protocoladas ainda nesta segunda-feira (16) na Vara C\\u00edvel de Guanambi\",\"inLanguage\":\"pt-BR\",\"isPartOf\":{\"@id\":\"https:\\\/\\\/newsinfoco.com.br\\\/inicio\\\/#website\"},\"breadcrumb\":{\"@id\":\"https:\\\/\\\/newsinfoco.com.br\\\/inicio\\\/ex-governador-da-bahia-e-atual-prefeito-de-guanambi-nilo-coelho-pode-sofrer-acao-por-incapacidade-civil\\\/#breadcrumblist\"},\"author\":{\"@id\":\"https:\\\/\\\/newsinfoco.com.br\\\/inicio\\\/author\\\/administrador\\\/#author\"},\"creator\":{\"@id\":\"https:\\\/\\\/newsinfoco.com.br\\\/inicio\\\/author\\\/administrador\\\/#author\"},\"image\":{\"@type\":\"ImageObject\",\"url\":\"https:\\\/\\\/newsinfoco.com.br\\\/inicio\\\/wp-content\\\/uploads\\\/2023\\\/10\\\/nilocoelho.jpg\",\"@id\":\"https:\\\/\\\/newsinfoco.com.br\\\/inicio\\\/ex-governador-da-bahia-e-atual-prefeito-de-guanambi-nilo-coelho-pode-sofrer-acao-por-incapacidade-civil\\\/#mainImage\",\"width\":600,\"height\":420,\"caption\":\"foto: blog do Anderson\"},\"primaryImageOfPage\":{\"@id\":\"https:\\\/\\\/newsinfoco.com.br\\\/inicio\\\/ex-governador-da-bahia-e-atual-prefeito-de-guanambi-nilo-coelho-pode-sofrer-acao-por-incapacidade-civil\\\/#mainImage\"},\"datePublished\":\"2023-10-16T10:49:09-03:00\",\"dateModified\":\"2023-10-16T10:49:09-03:00\"},{\"@type\":\"WebSite\",\"@id\":\"https:\\\/\\\/newsinfoco.com.br\\\/inicio\\\/#website\",\"url\":\"https:\\\/\\\/newsinfoco.com.br\\\/inicio\\\/\",\"name\":\"News In Foco - Editado por Caio Pimenta\",\"description\":\"O principal site de noticias de Alagoinhas e regi\\u00e3o\",\"inLanguage\":\"pt-BR\",\"publisher\":{\"@id\":\"https:\\\/\\\/newsinfoco.com.br\\\/inicio\\\/#organization\"}}]}\n\t\t<\/script>\n\t\t<!-- All in One SEO -->\n\n","aioseo_head_json":{"title":"Ex-governador da Bahia e atual prefeito de Guanambi, Nilo Coelho, pode sofrer a\u00e7\u00e3o por \u201cincapacidade civil\u201d - News In Foco - Editado por Caio Pimenta","description":"O prefeito de Guanambi, no Sert\u00e3o Produtivo, Sudoeste baiano, Nilo Coelho (Uni\u00e3o) deve ser acionado na Justi\u00e7a, com pedido de afastamento do cargo. Segundo o Achei Sudoeste, parceiro do Bahia Not\u00edcias, a acusa\u00e7\u00e3o \u00e9 por uma \u201csuposta incapacidade civil\u201d. Por conta do caso, a a\u00e7\u00e3o deve ser protocoladas ainda nesta segunda-feira (16) na Vara C\u00edvel de Guanambi","canonical_url":"https:\/\/newsinfoco.com.br\/inicio\/ex-governador-da-bahia-e-atual-prefeito-de-guanambi-nilo-coelho-pode-sofrer-acao-por-incapacidade-civil\/","robots":"max-image-preview:large","keywords":"","webmasterTools":{"miscellaneous":""},"schema":{"@context":"https:\/\/schema.org","@graph":[{"@type":"BlogPosting","@id":"https:\/\/newsinfoco.com.br\/inicio\/ex-governador-da-bahia-e-atual-prefeito-de-guanambi-nilo-coelho-pode-sofrer-acao-por-incapacidade-civil\/#blogposting","name":"Ex-governador da Bahia e atual prefeito de Guanambi, Nilo Coelho, pode sofrer a\u00e7\u00e3o por \u201cincapacidade civil\u201d - News In Foco - Editado por Caio Pimenta","headline":"Ex-governador da Bahia e atual prefeito de Guanambi, Nilo Coelho, pode sofrer a\u00e7\u00e3o por \u201cincapacidade civil\u201d","author":{"@id":"https:\/\/newsinfoco.com.br\/inicio\/author\/administrador\/#author"},"publisher":{"@id":"https:\/\/newsinfoco.com.br\/inicio\/#organization"},"image":{"@type":"ImageObject","url":"https:\/\/newsinfoco.com.br\/inicio\/wp-content\/uploads\/2023\/10\/nilocoelho.jpg","width":600,"height":420,"caption":"foto: blog do Anderson"},"datePublished":"2023-10-16T10:49:09-03:00","dateModified":"2023-10-16T10:49:09-03:00","inLanguage":"pt-BR","mainEntityOfPage":{"@id":"https:\/\/newsinfoco.com.br\/inicio\/ex-governador-da-bahia-e-atual-prefeito-de-guanambi-nilo-coelho-pode-sofrer-acao-por-incapacidade-civil\/#webpage"},"isPartOf":{"@id":"https:\/\/newsinfoco.com.br\/inicio\/ex-governador-da-bahia-e-atual-prefeito-de-guanambi-nilo-coelho-pode-sofrer-acao-por-incapacidade-civil\/#webpage"},"articleSection":"Bahia"},{"@type":"BreadcrumbList","@id":"https:\/\/newsinfoco.com.br\/inicio\/ex-governador-da-bahia-e-atual-prefeito-de-guanambi-nilo-coelho-pode-sofrer-acao-por-incapacidade-civil\/#breadcrumblist","itemListElement":[{"@type":"ListItem","@id":"https:\/\/newsinfoco.com.br\/inicio#listItem","position":1,"name":"In\u00edcio","item":"https:\/\/newsinfoco.com.br\/inicio","nextItem":{"@type":"ListItem","@id":"https:\/\/newsinfoco.com.br\/inicio\/category\/bahia\/#listItem","name":"Bahia"}},{"@type":"ListItem","@id":"https:\/\/newsinfoco.com.br\/inicio\/category\/bahia\/#listItem","position":2,"name":"Bahia","item":"https:\/\/newsinfoco.com.br\/inicio\/category\/bahia\/","nextItem":{"@type":"ListItem","@id":"https:\/\/newsinfoco.com.br\/inicio\/ex-governador-da-bahia-e-atual-prefeito-de-guanambi-nilo-coelho-pode-sofrer-acao-por-incapacidade-civil\/#listItem","name":"Ex-governador da Bahia e atual prefeito de Guanambi, Nilo Coelho, pode sofrer a\u00e7\u00e3o por \u201cincapacidade civil\u201d"},"previousItem":{"@type":"ListItem","@id":"https:\/\/newsinfoco.com.br\/inicio#listItem","name":"In\u00edcio"}},{"@type":"ListItem","@id":"https:\/\/newsinfoco.com.br\/inicio\/ex-governador-da-bahia-e-atual-prefeito-de-guanambi-nilo-coelho-pode-sofrer-acao-por-incapacidade-civil\/#listItem","position":3,"name":"Ex-governador da Bahia e atual prefeito de Guanambi, Nilo Coelho, pode sofrer a\u00e7\u00e3o por \u201cincapacidade civil\u201d","previousItem":{"@type":"ListItem","@id":"https:\/\/newsinfoco.com.br\/inicio\/category\/bahia\/#listItem","name":"Bahia"}}]},{"@type":"Organization","@id":"https:\/\/newsinfoco.com.br\/inicio\/#organization","name":"News In Foco - Editado por Caio Pimenta","description":"O principal site de noticias de Alagoinhas e regi\u00e3o","url":"https:\/\/newsinfoco.com.br\/inicio\/"},{"@type":"Person","@id":"https:\/\/newsinfoco.com.br\/inicio\/author\/administrador\/#author","url":"https:\/\/newsinfoco.com.br\/inicio\/author\/administrador\/","name":"administrador","image":{"@type":"ImageObject","@id":"https:\/\/newsinfoco.com.br\/inicio\/ex-governador-da-bahia-e-atual-prefeito-de-guanambi-nilo-coelho-pode-sofrer-acao-por-incapacidade-civil\/#authorImage","url":"https:\/\/secure.gravatar.com\/avatar\/c17a617433de8c1dc9584bb79aab7563b46f5bb7e1728c9b17d9cc3ce6a08e49?s=96&d=mm&r=g","width":96,"height":96,"caption":"administrador"}},{"@type":"WebPage","@id":"https:\/\/newsinfoco.com.br\/inicio\/ex-governador-da-bahia-e-atual-prefeito-de-guanambi-nilo-coelho-pode-sofrer-acao-por-incapacidade-civil\/#webpage","url":"https:\/\/newsinfoco.com.br\/inicio\/ex-governador-da-bahia-e-atual-prefeito-de-guanambi-nilo-coelho-pode-sofrer-acao-por-incapacidade-civil\/","name":"Ex-governador da Bahia e atual prefeito de Guanambi, Nilo Coelho, pode sofrer a\u00e7\u00e3o por \u201cincapacidade civil\u201d - News In Foco - Editado por Caio Pimenta","description":"O prefeito de Guanambi, no Sert\u00e3o Produtivo, Sudoeste baiano, Nilo Coelho (Uni\u00e3o) deve ser acionado na Justi\u00e7a, com pedido de afastamento do cargo. Segundo o Achei Sudoeste, parceiro do Bahia Not\u00edcias, a acusa\u00e7\u00e3o \u00e9 por uma \u201csuposta incapacidade civil\u201d. Por conta do caso, a a\u00e7\u00e3o deve ser protocoladas ainda nesta segunda-feira (16) na Vara C\u00edvel de Guanambi","inLanguage":"pt-BR","isPartOf":{"@id":"https:\/\/newsinfoco.com.br\/inicio\/#website"},"breadcrumb":{"@id":"https:\/\/newsinfoco.com.br\/inicio\/ex-governador-da-bahia-e-atual-prefeito-de-guanambi-nilo-coelho-pode-sofrer-acao-por-incapacidade-civil\/#breadcrumblist"},"author":{"@id":"https:\/\/newsinfoco.com.br\/inicio\/author\/administrador\/#author"},"creator":{"@id":"https:\/\/newsinfoco.com.br\/inicio\/author\/administrador\/#author"},"image":{"@type":"ImageObject","url":"https:\/\/newsinfoco.com.br\/inicio\/wp-content\/uploads\/2023\/10\/nilocoelho.jpg","@id":"https:\/\/newsinfoco.com.br\/inicio\/ex-governador-da-bahia-e-atual-prefeito-de-guanambi-nilo-coelho-pode-sofrer-acao-por-incapacidade-civil\/#mainImage","width":600,"height":420,"caption":"foto: blog do Anderson"},"primaryImageOfPage":{"@id":"https:\/\/newsinfoco.com.br\/inicio\/ex-governador-da-bahia-e-atual-prefeito-de-guanambi-nilo-coelho-pode-sofrer-acao-por-incapacidade-civil\/#mainImage"},"datePublished":"2023-10-16T10:49:09-03:00","dateModified":"2023-10-16T10:49:09-03:00"},{"@type":"WebSite","@id":"https:\/\/newsinfoco.com.br\/inicio\/#website","url":"https:\/\/newsinfoco.com.br\/inicio\/","name":"News In Foco - Editado por Caio Pimenta","description":"O principal site de noticias de Alagoinhas e regi\u00e3o","inLanguage":"pt-BR","publisher":{"@id":"https:\/\/newsinfoco.com.br\/inicio\/#organization"}}]},"og:locale":"pt_BR","og:site_name":"News In Foco - Editado por Caio Pimenta - O principal site de noticias de Alagoinhas e regi\u00e3o","og:type":"article","og:title":"Ex-governador da Bahia e atual prefeito de Guanambi, Nilo Coelho, pode sofrer a\u00e7\u00e3o por \u201cincapacidade civil\u201d - News In Foco - Editado por Caio Pimenta","og:description":"O prefeito de Guanambi, no Sert\u00e3o Produtivo, Sudoeste baiano, Nilo Coelho (Uni\u00e3o) deve ser acionado na Justi\u00e7a, com pedido de afastamento do cargo. Segundo o Achei Sudoeste, parceiro do Bahia Not\u00edcias, a acusa\u00e7\u00e3o \u00e9 por uma \u201csuposta incapacidade civil\u201d. Por conta do caso, a a\u00e7\u00e3o deve ser protocoladas ainda nesta segunda-feira (16) na Vara C\u00edvel de Guanambi","og:url":"https:\/\/newsinfoco.com.br\/inicio\/ex-governador-da-bahia-e-atual-prefeito-de-guanambi-nilo-coelho-pode-sofrer-acao-por-incapacidade-civil\/","article:published_time":"2023-10-16T13:49:09+00:00","article:modified_time":"2023-10-16T13:49:09+00:00","twitter:card":"summary_large_image","twitter:title":"Ex-governador da Bahia e atual prefeito de Guanambi, Nilo Coelho, pode sofrer a\u00e7\u00e3o por \u201cincapacidade civil\u201d - News In Foco - Editado por Caio Pimenta","twitter:description":"O prefeito de Guanambi, no Sert\u00e3o Produtivo, Sudoeste baiano, Nilo Coelho (Uni\u00e3o) deve ser acionado na Justi\u00e7a, com pedido de afastamento do cargo. Segundo o Achei Sudoeste, parceiro do Bahia Not\u00edcias, a acusa\u00e7\u00e3o \u00e9 por uma \u201csuposta incapacidade civil\u201d. Por conta do caso, a a\u00e7\u00e3o deve ser protocoladas ainda nesta segunda-feira (16) na Vara C\u00edvel de Guanambi"},"aioseo_meta_data":{"post_id":"35221","title":null,"description":null,"keywords":[],"keyphrases":{"focus":{"keyphrase":"","score":0,"analysis":{"keyphraseInTitle":{"score":0,"maxScore":9,"error":1}}},"additional":[]},"primary_term":null,"canonical_url":null,"og_title":null,"og_description":null,"og_object_type":"default","og_image_type":"default","og_image_url":null,"og_image_width":null,"og_image_height":null,"og_image_custom_url":null,"og_image_custom_fields":null,"og_video":"","og_custom_url":null,"og_article_section":null,"og_article_tags":[],"twitter_use_og":false,"twitter_card":"default","twitter_image_type":"default","twitter_image_url":null,"twitter_image_custom_url":null,"twitter_image_custom_fields":null,"twitter_title":null,"twitter_description":null,"schema":{"blockGraphs":[],"customGraphs":[],"default":{"data":{"Article":[],"Course":[],"Dataset":[],"FAQPage":[],"Movie":[],"Person":[],"Product":[],"ProductReview":[],"Car":[],"Recipe":[],"Service":[],"SoftwareApplication":[],"WebPage":[]},"graphName":"BlogPosting","isEnabled":true},"graphs":[]},"schema_type":"default","schema_type_options":null,"pillar_content":false,"robots_default":true,"robots_noindex":false,"robots_noarchive":false,"robots_nosnippet":false,"robots_nofollow":false,"robots_noimageindex":false,"robots_noodp":false,"robots_notranslate":false,"robots_max_snippet":"-1","robots_max_videopreview":"-1","robots_max_imagepreview":"large","priority":null,"frequency":"default","local_seo":null,"breadcrumb_settings":null,"limit_modified_date":false,"ai":null,"created":"2023-10-16 13:49:09","updated":"2025-07-11 10:19:02","seo_analyzer_scan_date":null},"aioseo_breadcrumb":"<div class=\"aioseo-breadcrumbs\"><span class=\"aioseo-breadcrumb\">\n\t\t\t<a href=\"https:\/\/newsinfoco.com.br\/inicio\" title=\"In\u00edcio\">In\u00edcio<\/a>\n\t\t<\/span><span class=\"aioseo-breadcrumb-separator\">&raquo;<\/span><span class=\"aioseo-breadcrumb\">\n\t\t\t<a href=\"https:\/\/newsinfoco.com.br\/inicio\/category\/bahia\/\" title=\"Bahia\">Bahia<\/a>\n\t\t<\/span><span class=\"aioseo-breadcrumb-separator\">&raquo;<\/span><span class=\"aioseo-breadcrumb\">\n\t\t\tEx-governador da Bahia e atual prefeito de Guanambi, Nilo Coelho, pode sofrer a\u00e7\u00e3o por \u201cincapacidade civil\u201d\n\t\t<\/span><\/div>","aioseo_breadcrumb_json":[{"label":"In\u00edcio","link":"https:\/\/newsinfoco.com.br\/inicio"},{"label":"Bahia","link":"https:\/\/newsinfoco.com.br\/inicio\/category\/bahia\/"},{"label":"Ex-governador da Bahia e atual prefeito de Guanambi, Nilo Coelho, pode sofrer a\u00e7\u00e3o por \u201cincapacidade civil\u201d","link":"https:\/\/newsinfoco.com.br\/inicio\/ex-governador-da-bahia-e-atual-prefeito-de-guanambi-nilo-coelho-pode-sofrer-acao-por-incapacidade-civil\/"}],"_links":{"self":[{"href":"https:\/\/newsinfoco.com.br\/inicio\/wp-json\/wp\/v2\/posts\/35221","targetHints":{"allow":["GET"]}}],"collection":[{"href":"https:\/\/newsinfoco.com.br\/inicio\/wp-json\/wp\/v2\/posts"}],"about":[{"href":"https:\/\/newsinfoco.com.br\/inicio\/wp-json\/wp\/v2\/types\/post"}],"author":[{"embeddable":true,"href":"https:\/\/newsinfoco.com.br\/inicio\/wp-json\/wp\/v2\/users\/1"}],"replies":[{"embeddable":true,"href":"https:\/\/newsinfoco.com.br\/inicio\/wp-json\/wp\/v2\/comments?post=35221"}],"version-history":[{"count":1,"href":"https:\/\/newsinfoco.com.br\/inicio\/wp-json\/wp\/v2\/posts\/35221\/revisions"}],"predecessor-version":[{"id":35223,"href":"https:\/\/newsinfoco.com.br\/inicio\/wp-json\/wp\/v2\/posts\/35221\/revisions\/35223"}],"wp:featuredmedia":[{"embeddable":true,"href":"https:\/\/newsinfoco.com.br\/inicio\/wp-json\/wp\/v2\/media\/35222"}],"wp:attachment":[{"href":"https:\/\/newsinfoco.com.br\/inicio\/wp-json\/wp\/v2\/media?parent=35221"}],"wp:term":[{"taxonomy":"category","embeddable":true,"href":"https:\/\/newsinfoco.com.br\/inicio\/wp-json\/wp\/v2\/categories?post=35221"},{"taxonomy":"post_tag","embeddable":true,"href":"https:\/\/newsinfoco.com.br\/inicio\/wp-json\/wp\/v2\/tags?post=35221"}],"curies":[{"name":"wp","href":"https:\/\/api.w.org\/{rel}","templated":true}]}}