{"id":35426,"date":"2023-11-16T18:03:36","date_gmt":"2023-11-16T21:03:36","guid":{"rendered":"https:\/\/newsinfoco.com.br\/inicio\/?p=35426"},"modified":"2023-11-16T18:06:12","modified_gmt":"2023-11-16T21:06:12","slug":"video-de-depoimento-do-ex-prefeito-paulo-cezar-a-justica-federal-que-causou-polemica-entre-cezistas-esta-tambem-disponivel-no-site-alagoinhashoje","status":"publish","type":"post","link":"https:\/\/newsinfoco.com.br\/inicio\/video-de-depoimento-do-ex-prefeito-paulo-cezar-a-justica-federal-que-causou-polemica-entre-cezistas-esta-tambem-disponivel-no-site-alagoinhashoje\/","title":{"rendered":"V\u00eddeo de depoimento do ex-prefeito Paulo Cezar \u00e0 Justi\u00e7a Federal que causou pol\u00eamica entre cezistas est\u00e1 tamb\u00e9m dispon\u00edvel no site Alagoinhashoje"},"content":{"rendered":"<p>O v\u00eddeo do depoimento do ex-prefeito de Alagoinhas Paulo Cezar Sim\u00f5es na a\u00e7\u00e3o que investiga sua participa\u00e7\u00e3o em um esquema fraudulento que desviou ao menos R$ 29 milh\u00f5es dos cofres do munic\u00edpio no per\u00edodo em que foi gestor e que circula nas redes sociais ( <strong><a href=\"https:\/\/newsinfoco.com.br\/inicio\/gravacao-de-depoimento-de-paulo-cezar-a-justica-federal-e-alianca-com-luma-menezes-sao-explorados-em-video-que-circula-nas-redes-sociais\/\">leia aqui<\/a><\/strong> ) se encontra tamb\u00e9m dispon\u00edvel em um outro site, o AlagoinhasHoje, do jornalista Maurilio Fontes. ( <strong><a href=\"https:\/\/www.alagoinhashoje.com\/exclusivo-video-do-depoimento-de-paulo-cezar-ao-ministerio-publico-federal\/\">leia aqui<\/a><\/strong> )<\/p>\n<p>O depoimento de Paulo Cezar, que j\u00e1 foi condenado pela Justi\u00e7a Federal a 2 anos e 6 meses de pris\u00e3o em primeira instancia em um dos processos que responde, foi publicada originalmente pelo site AlagoinhasHoje em 2020 e continua dispon\u00edvel at\u00e9 hoje no site.<\/p>\n<p>O video, publicado na \u00edntegra pelo site, cont\u00e9m 46 minutos e mostra o ex-prefeito Paulo Cezar caindo em v\u00e1rias contradi\u00e7\u00f5es e titubeando ao responder questionamentos do representante do MPF.<\/p>\n<p>A estrat\u00e9gia de defesa de Paulo Cezar no interrogat\u00f3rio, diz o AlagoinhasHoje, foi a de tentar se eximir das responsabilidades pela contrata\u00e7\u00e3o da empresa prestadora de servi\u00e7o de transporte escolar, dos valores contratuais e dos aditivos assinados nos anos seguintes at\u00e9 o final do segundo mandato, jogando como sempre a culpa para seus secret\u00e1rios.<\/p>\n<p>Questionado sobre a raz\u00e3o de ter assinado aditivos com pareceres contr\u00e1rios do sistema de controle interno da Prefeitura de Alagoinhas, Paulo Cezar n\u00e3o soube explicar.<\/p>\n<p>No decorrer do depoimento, com aproximadamente 46 minutos, o ex-prefeito Paulo Cezar demonstrou incoer\u00eancia entre os fatos ocorridos em seus dois mandatos e a realidade apontada pelas investiga\u00e7\u00f5es.<\/p>\n<p>O candidato do DEM \u00e0 Prefeitura de Alagoinhas \u00e0 \u00e9poca admitiu que Alex Ruaro cedeu m\u00f3veis para o comit\u00ea de uma de suas campanhas. Em depoimento \u00e0 Pol\u00edcia Federal, Paulo Cezar afirmou que sabia que a WS pertencia a Alex Ruaro, mas, em outra contradi\u00e7\u00e3o marcante, negou ter ci\u00eancia que empresa era de propriedade do empres\u00e1rio.<\/p>\n<p>Alex Ruaro foi preso em 21 de agosto de 2018, ap\u00f3s sofrer uma condena\u00e7\u00e3o de mais de 40 anos de pris\u00e3o.<\/p>\n<p>Ontem(15), ap\u00f3s a divulga\u00e7\u00e3o de um trecho deste v\u00eddeo pelo site News Infoco, uma nota foi enviada por Paulo Cezar em que trata a situa\u00e7\u00e3o como &#8220;divulga\u00e7\u00e3o de um video vazado ilegalmente&#8221; e prometendo tomar &#8220;medidas judiciais cab\u00edveis&#8221;.<\/p>\n<p>Em resposta, o\u00a0editor-chefe do site News Infoco, Caio Pimenta, que assina a mat\u00e9ria questionada pelo ex-prefeito Paulo Cezar esclarece que \u201ca imprensa tem o direito de divulgar informa\u00e7\u00f5es de interesse da sociedade\u201d e que a nota do ex-prefeito tem apenas o objetivo de \u201cintimidar e tentar cercear\u201d a liberdade de imprensa consagrada pela Constitui\u00e7\u00e3o Federal.<\/p>\n<p>Sobre a quest\u00e3o envolvendo um suposto \u201csigilo\u201d do material publicado, Caio Pimenta afirma que a legisla\u00e7\u00e3o confere a imprensa o sigilo da fonte e, al\u00e9m disso, h\u00e1 vasta jurisprud\u00eancia no meio jur\u00eddico que confere \u00e0 imprensa o direito de divulgar informa\u00e7\u00f5es de interesse p\u00fablico, mesmo que estejam sob sigilo.<\/p>\n<p>\u201cSe o ex-prefeito, que est\u00e1 envolto a diversos esc\u00e2ndalos em sua gest\u00e3o, as desconsidera, o problema \u00e9 dele. Agora se o que ele quer \u00e9 reescrever a hist\u00f3ria, negando o que \u00e9 fato, a sua condena\u00e7\u00e3o em primeira instancia, \u00e9 dever dos meios de comunica\u00e7\u00e3o informar ao povo\u201d, concluiu Pimenta.<\/p>\n<p>&nbsp;<\/p>\n<div class='share-to-whatsapp-wrapper'><div class='share-on-whsp'>Share on: <\/div><a data-text='V\u00eddeo de depoimento do ex-prefeito Paulo Cezar \u00e0 Justi\u00e7a Federal que causou pol\u00eamica entre cezistas est\u00e1 tamb\u00e9m dispon\u00edvel no site Alagoinhashoje' data-link='https:\/\/newsinfoco.com.br\/inicio\/video-de-depoimento-do-ex-prefeito-paulo-cezar-a-justica-federal-que-causou-polemica-entre-cezistas-esta-tambem-disponivel-no-site-alagoinhashoje\/' class='whatsapp-button whatsapp-share'>WhatsApp<\/a><div class='clear '><\/div><\/div>","protected":false},"excerpt":{"rendered":"<p>O v\u00eddeo do depoimento do ex-prefeito de Alagoinhas Paulo Cezar Sim\u00f5es na a\u00e7\u00e3o que investiga sua participa\u00e7\u00e3o em um esquema fraudulento que desviou ao menos R$ 29 milh\u00f5es dos cofres do munic\u00edpio no per\u00edodo em que foi gestor e que circula nas redes sociais ( leia aqui ) se encontra tamb\u00e9m dispon\u00edvel em um outro [&hellip;]<\/p>\n","protected":false},"author":1,"featured_media":35427,"comment_status":"closed","ping_status":"closed","sticky":false,"template":"","format":"standard","meta":{"om_disable_all_campaigns":false,"rop_custom_images_group":[],"rop_custom_messages_group":[],"rop_publish_now":"initial","rop_publish_now_accounts":[],"rop_publish_now_history":[],"rop_publish_now_status":"pending","_exactmetrics_skip_tracking":false,"footnotes":""},"categories":[38,167],"tags":[],"class_list":["post-35426","post","type-post","status-publish","format-standard","has-post-thumbnail","hentry","category-alagoinhas-e-regiao","category-exclusivas"],"aioseo_notices":[],"aioseo_head":"\n\t\t<!-- All in One SEO 4.9.10 - aioseo.com -->\n\t<meta name=\"description\" content=\"O v\u00eddeo do depoimento do ex-prefeito de Alagoinhas Paulo Cezar Sim\u00f5es na a\u00e7\u00e3o que investiga sua participa\u00e7\u00e3o em um esquema fraudulento que desviou ao menos R$ 29 milh\u00f5es dos cofres do munic\u00edpio no per\u00edodo em que foi gestor e que circula nas redes sociais ( leia aqui ) se encontra tamb\u00e9m dispon\u00edvel em um outro\" \/>\n\t<meta name=\"robots\" content=\"max-image-preview:large\" \/>\n\t<meta name=\"author\" content=\"administrador\"\/>\n\t<link rel=\"canonical\" href=\"https:\/\/newsinfoco.com.br\/inicio\/video-de-depoimento-do-ex-prefeito-paulo-cezar-a-justica-federal-que-causou-polemica-entre-cezistas-esta-tambem-disponivel-no-site-alagoinhashoje\/\" \/>\n\t<meta name=\"generator\" content=\"All in One SEO (AIOSEO) 4.9.10\" \/>\n\t\t<meta property=\"og:locale\" content=\"pt_BR\" \/>\n\t\t<meta property=\"og:site_name\" content=\"News In Foco - Editado por Caio Pimenta - O principal site de noticias de Alagoinhas e regi\u00e3o\" \/>\n\t\t<meta property=\"og:type\" content=\"article\" \/>\n\t\t<meta property=\"og:title\" content=\"V\u00eddeo de depoimento do ex-prefeito Paulo Cezar \u00e0 Justi\u00e7a Federal que causou pol\u00eamica entre cezistas est\u00e1 tamb\u00e9m dispon\u00edvel no site Alagoinhashoje - News In Foco - Editado por Caio Pimenta\" \/>\n\t\t<meta property=\"og:description\" content=\"O v\u00eddeo do depoimento do ex-prefeito de Alagoinhas Paulo Cezar Sim\u00f5es na a\u00e7\u00e3o que investiga sua participa\u00e7\u00e3o em um esquema fraudulento que desviou ao menos R$ 29 milh\u00f5es dos cofres do munic\u00edpio no per\u00edodo em que foi gestor e que circula nas redes sociais ( leia aqui ) se encontra tamb\u00e9m dispon\u00edvel em um outro\" \/>\n\t\t<meta property=\"og:url\" content=\"https:\/\/newsinfoco.com.br\/inicio\/video-de-depoimento-do-ex-prefeito-paulo-cezar-a-justica-federal-que-causou-polemica-entre-cezistas-esta-tambem-disponivel-no-site-alagoinhashoje\/\" \/>\n\t\t<meta property=\"article:published_time\" content=\"2023-11-16T21:03:36+00:00\" \/>\n\t\t<meta property=\"article:modified_time\" content=\"2023-11-16T21:06:12+00:00\" \/>\n\t\t<meta name=\"twitter:card\" content=\"summary_large_image\" \/>\n\t\t<meta name=\"twitter:title\" content=\"V\u00eddeo de depoimento do ex-prefeito Paulo Cezar \u00e0 Justi\u00e7a Federal que causou pol\u00eamica entre cezistas est\u00e1 tamb\u00e9m dispon\u00edvel no site Alagoinhashoje - News In Foco - Editado por Caio Pimenta\" \/>\n\t\t<meta name=\"twitter:description\" content=\"O v\u00eddeo do depoimento do ex-prefeito de Alagoinhas Paulo Cezar Sim\u00f5es na a\u00e7\u00e3o que investiga sua participa\u00e7\u00e3o em um esquema fraudulento que desviou ao menos R$ 29 milh\u00f5es dos cofres do munic\u00edpio no per\u00edodo em que foi gestor e que circula nas redes sociais ( leia aqui ) se encontra tamb\u00e9m dispon\u00edvel em um outro\" \/>\n\t\t<script type=\"application\/ld+json\" class=\"aioseo-schema\">\n\t\t\t{\"@context\":\"https:\\\/\\\/schema.org\",\"@graph\":[{\"@type\":\"BlogPosting\",\"@id\":\"https:\\\/\\\/newsinfoco.com.br\\\/inicio\\\/video-de-depoimento-do-ex-prefeito-paulo-cezar-a-justica-federal-que-causou-polemica-entre-cezistas-esta-tambem-disponivel-no-site-alagoinhashoje\\\/#blogposting\",\"name\":\"V\\u00eddeo de depoimento do ex-prefeito Paulo Cezar \\u00e0 Justi\\u00e7a Federal que causou pol\\u00eamica entre cezistas est\\u00e1 tamb\\u00e9m dispon\\u00edvel no site Alagoinhashoje - News In Foco - Editado por Caio Pimenta\",\"headline\":\"V\\u00eddeo de depoimento do ex-prefeito Paulo Cezar \\u00e0 Justi\\u00e7a Federal que causou pol\\u00eamica entre cezistas est\\u00e1 tamb\\u00e9m dispon\\u00edvel no site Alagoinhashoje\",\"author\":{\"@id\":\"https:\\\/\\\/newsinfoco.com.br\\\/inicio\\\/author\\\/administrador\\\/#author\"},\"publisher\":{\"@id\":\"https:\\\/\\\/newsinfoco.com.br\\\/inicio\\\/#organization\"},\"image\":{\"@type\":\"ImageObject\",\"url\":\"https:\\\/\\\/newsinfoco.com.br\\\/inicio\\\/wp-content\\\/uploads\\\/2023\\\/11\\\/print-luma-1.png\",\"width\":523,\"height\":420},\"datePublished\":\"2023-11-16T18:03:36-03:00\",\"dateModified\":\"2023-11-16T18:06:12-03:00\",\"inLanguage\":\"pt-BR\",\"mainEntityOfPage\":{\"@id\":\"https:\\\/\\\/newsinfoco.com.br\\\/inicio\\\/video-de-depoimento-do-ex-prefeito-paulo-cezar-a-justica-federal-que-causou-polemica-entre-cezistas-esta-tambem-disponivel-no-site-alagoinhashoje\\\/#webpage\"},\"isPartOf\":{\"@id\":\"https:\\\/\\\/newsinfoco.com.br\\\/inicio\\\/video-de-depoimento-do-ex-prefeito-paulo-cezar-a-justica-federal-que-causou-polemica-entre-cezistas-esta-tambem-disponivel-no-site-alagoinhashoje\\\/#webpage\"},\"articleSection\":\"Alagoinhas e Regi\\u00e3o, Manchete\"},{\"@type\":\"BreadcrumbList\",\"@id\":\"https:\\\/\\\/newsinfoco.com.br\\\/inicio\\\/video-de-depoimento-do-ex-prefeito-paulo-cezar-a-justica-federal-que-causou-polemica-entre-cezistas-esta-tambem-disponivel-no-site-alagoinhashoje\\\/#breadcrumblist\",\"itemListElement\":[{\"@type\":\"ListItem\",\"@id\":\"https:\\\/\\\/newsinfoco.com.br\\\/inicio#listItem\",\"position\":1,\"name\":\"In\\u00edcio\",\"item\":\"https:\\\/\\\/newsinfoco.com.br\\\/inicio\",\"nextItem\":{\"@type\":\"ListItem\",\"@id\":\"https:\\\/\\\/newsinfoco.com.br\\\/inicio\\\/category\\\/alagoinhas-e-regiao\\\/#listItem\",\"name\":\"Alagoinhas e Regi\\u00e3o\"}},{\"@type\":\"ListItem\",\"@id\":\"https:\\\/\\\/newsinfoco.com.br\\\/inicio\\\/category\\\/alagoinhas-e-regiao\\\/#listItem\",\"position\":2,\"name\":\"Alagoinhas e Regi\\u00e3o\",\"item\":\"https:\\\/\\\/newsinfoco.com.br\\\/inicio\\\/category\\\/alagoinhas-e-regiao\\\/\",\"nextItem\":{\"@type\":\"ListItem\",\"@id\":\"https:\\\/\\\/newsinfoco.com.br\\\/inicio\\\/video-de-depoimento-do-ex-prefeito-paulo-cezar-a-justica-federal-que-causou-polemica-entre-cezistas-esta-tambem-disponivel-no-site-alagoinhashoje\\\/#listItem\",\"name\":\"V\\u00eddeo de depoimento do ex-prefeito Paulo Cezar \\u00e0 Justi\\u00e7a Federal que causou pol\\u00eamica entre cezistas est\\u00e1 tamb\\u00e9m dispon\\u00edvel no site Alagoinhashoje\"},\"previousItem\":{\"@type\":\"ListItem\",\"@id\":\"https:\\\/\\\/newsinfoco.com.br\\\/inicio#listItem\",\"name\":\"In\\u00edcio\"}},{\"@type\":\"ListItem\",\"@id\":\"https:\\\/\\\/newsinfoco.com.br\\\/inicio\\\/video-de-depoimento-do-ex-prefeito-paulo-cezar-a-justica-federal-que-causou-polemica-entre-cezistas-esta-tambem-disponivel-no-site-alagoinhashoje\\\/#listItem\",\"position\":3,\"name\":\"V\\u00eddeo de depoimento do ex-prefeito Paulo Cezar \\u00e0 Justi\\u00e7a Federal que causou pol\\u00eamica entre cezistas est\\u00e1 tamb\\u00e9m dispon\\u00edvel no site Alagoinhashoje\",\"previousItem\":{\"@type\":\"ListItem\",\"@id\":\"https:\\\/\\\/newsinfoco.com.br\\\/inicio\\\/category\\\/alagoinhas-e-regiao\\\/#listItem\",\"name\":\"Alagoinhas e Regi\\u00e3o\"}}]},{\"@type\":\"Organization\",\"@id\":\"https:\\\/\\\/newsinfoco.com.br\\\/inicio\\\/#organization\",\"name\":\"News In Foco - Editado por Caio Pimenta\",\"description\":\"O principal site de noticias de Alagoinhas e regi\\u00e3o\",\"url\":\"https:\\\/\\\/newsinfoco.com.br\\\/inicio\\\/\"},{\"@type\":\"Person\",\"@id\":\"https:\\\/\\\/newsinfoco.com.br\\\/inicio\\\/author\\\/administrador\\\/#author\",\"url\":\"https:\\\/\\\/newsinfoco.com.br\\\/inicio\\\/author\\\/administrador\\\/\",\"name\":\"administrador\",\"image\":{\"@type\":\"ImageObject\",\"@id\":\"https:\\\/\\\/newsinfoco.com.br\\\/inicio\\\/video-de-depoimento-do-ex-prefeito-paulo-cezar-a-justica-federal-que-causou-polemica-entre-cezistas-esta-tambem-disponivel-no-site-alagoinhashoje\\\/#authorImage\",\"url\":\"https:\\\/\\\/secure.gravatar.com\\\/avatar\\\/c17a617433de8c1dc9584bb79aab7563b46f5bb7e1728c9b17d9cc3ce6a08e49?s=96&d=mm&r=g\",\"width\":96,\"height\":96,\"caption\":\"administrador\"}},{\"@type\":\"WebPage\",\"@id\":\"https:\\\/\\\/newsinfoco.com.br\\\/inicio\\\/video-de-depoimento-do-ex-prefeito-paulo-cezar-a-justica-federal-que-causou-polemica-entre-cezistas-esta-tambem-disponivel-no-site-alagoinhashoje\\\/#webpage\",\"url\":\"https:\\\/\\\/newsinfoco.com.br\\\/inicio\\\/video-de-depoimento-do-ex-prefeito-paulo-cezar-a-justica-federal-que-causou-polemica-entre-cezistas-esta-tambem-disponivel-no-site-alagoinhashoje\\\/\",\"name\":\"V\\u00eddeo de depoimento do ex-prefeito Paulo Cezar \\u00e0 Justi\\u00e7a Federal que causou pol\\u00eamica entre cezistas est\\u00e1 tamb\\u00e9m dispon\\u00edvel no site Alagoinhashoje - News In Foco - Editado por Caio Pimenta\",\"description\":\"O v\\u00eddeo do depoimento do ex-prefeito de Alagoinhas Paulo Cezar Sim\\u00f5es na a\\u00e7\\u00e3o que investiga sua participa\\u00e7\\u00e3o em um esquema fraudulento que desviou ao menos R$ 29 milh\\u00f5es dos cofres do munic\\u00edpio no per\\u00edodo em que foi gestor e que circula nas redes sociais ( leia aqui ) se encontra tamb\\u00e9m dispon\\u00edvel em um outro\",\"inLanguage\":\"pt-BR\",\"isPartOf\":{\"@id\":\"https:\\\/\\\/newsinfoco.com.br\\\/inicio\\\/#website\"},\"breadcrumb\":{\"@id\":\"https:\\\/\\\/newsinfoco.com.br\\\/inicio\\\/video-de-depoimento-do-ex-prefeito-paulo-cezar-a-justica-federal-que-causou-polemica-entre-cezistas-esta-tambem-disponivel-no-site-alagoinhashoje\\\/#breadcrumblist\"},\"author\":{\"@id\":\"https:\\\/\\\/newsinfoco.com.br\\\/inicio\\\/author\\\/administrador\\\/#author\"},\"creator\":{\"@id\":\"https:\\\/\\\/newsinfoco.com.br\\\/inicio\\\/author\\\/administrador\\\/#author\"},\"image\":{\"@type\":\"ImageObject\",\"url\":\"https:\\\/\\\/newsinfoco.com.br\\\/inicio\\\/wp-content\\\/uploads\\\/2023\\\/11\\\/print-luma-1.png\",\"@id\":\"https:\\\/\\\/newsinfoco.com.br\\\/inicio\\\/video-de-depoimento-do-ex-prefeito-paulo-cezar-a-justica-federal-que-causou-polemica-entre-cezistas-esta-tambem-disponivel-no-site-alagoinhashoje\\\/#mainImage\",\"width\":523,\"height\":420},\"primaryImageOfPage\":{\"@id\":\"https:\\\/\\\/newsinfoco.com.br\\\/inicio\\\/video-de-depoimento-do-ex-prefeito-paulo-cezar-a-justica-federal-que-causou-polemica-entre-cezistas-esta-tambem-disponivel-no-site-alagoinhashoje\\\/#mainImage\"},\"datePublished\":\"2023-11-16T18:03:36-03:00\",\"dateModified\":\"2023-11-16T18:06:12-03:00\"},{\"@type\":\"WebSite\",\"@id\":\"https:\\\/\\\/newsinfoco.com.br\\\/inicio\\\/#website\",\"url\":\"https:\\\/\\\/newsinfoco.com.br\\\/inicio\\\/\",\"name\":\"News In Foco - Editado por Caio Pimenta\",\"description\":\"O principal site de noticias de Alagoinhas e regi\\u00e3o\",\"inLanguage\":\"pt-BR\",\"publisher\":{\"@id\":\"https:\\\/\\\/newsinfoco.com.br\\\/inicio\\\/#organization\"}}]}\n\t\t<\/script>\n\t\t<!-- All in One SEO -->\n\n","aioseo_head_json":{"title":"V\u00eddeo de depoimento do ex-prefeito Paulo Cezar \u00e0 Justi\u00e7a Federal que causou pol\u00eamica entre cezistas est\u00e1 tamb\u00e9m dispon\u00edvel no site Alagoinhashoje - News In Foco - Editado por Caio Pimenta","description":"O v\u00eddeo do depoimento do ex-prefeito de Alagoinhas Paulo Cezar Sim\u00f5es na a\u00e7\u00e3o que investiga sua participa\u00e7\u00e3o em um esquema fraudulento que desviou ao menos R$ 29 milh\u00f5es dos cofres do munic\u00edpio no per\u00edodo em que foi gestor e que circula nas redes sociais ( leia aqui ) se encontra tamb\u00e9m dispon\u00edvel em um outro","canonical_url":"https:\/\/newsinfoco.com.br\/inicio\/video-de-depoimento-do-ex-prefeito-paulo-cezar-a-justica-federal-que-causou-polemica-entre-cezistas-esta-tambem-disponivel-no-site-alagoinhashoje\/","robots":"max-image-preview:large","keywords":"","webmasterTools":{"miscellaneous":""},"schema":{"@context":"https:\/\/schema.org","@graph":[{"@type":"BlogPosting","@id":"https:\/\/newsinfoco.com.br\/inicio\/video-de-depoimento-do-ex-prefeito-paulo-cezar-a-justica-federal-que-causou-polemica-entre-cezistas-esta-tambem-disponivel-no-site-alagoinhashoje\/#blogposting","name":"V\u00eddeo de depoimento do ex-prefeito Paulo Cezar \u00e0 Justi\u00e7a Federal que causou pol\u00eamica entre cezistas est\u00e1 tamb\u00e9m dispon\u00edvel no site Alagoinhashoje - News In Foco - Editado por Caio Pimenta","headline":"V\u00eddeo de depoimento do ex-prefeito Paulo Cezar \u00e0 Justi\u00e7a Federal que causou pol\u00eamica entre cezistas est\u00e1 tamb\u00e9m dispon\u00edvel no site Alagoinhashoje","author":{"@id":"https:\/\/newsinfoco.com.br\/inicio\/author\/administrador\/#author"},"publisher":{"@id":"https:\/\/newsinfoco.com.br\/inicio\/#organization"},"image":{"@type":"ImageObject","url":"https:\/\/newsinfoco.com.br\/inicio\/wp-content\/uploads\/2023\/11\/print-luma-1.png","width":523,"height":420},"datePublished":"2023-11-16T18:03:36-03:00","dateModified":"2023-11-16T18:06:12-03:00","inLanguage":"pt-BR","mainEntityOfPage":{"@id":"https:\/\/newsinfoco.com.br\/inicio\/video-de-depoimento-do-ex-prefeito-paulo-cezar-a-justica-federal-que-causou-polemica-entre-cezistas-esta-tambem-disponivel-no-site-alagoinhashoje\/#webpage"},"isPartOf":{"@id":"https:\/\/newsinfoco.com.br\/inicio\/video-de-depoimento-do-ex-prefeito-paulo-cezar-a-justica-federal-que-causou-polemica-entre-cezistas-esta-tambem-disponivel-no-site-alagoinhashoje\/#webpage"},"articleSection":"Alagoinhas e Regi\u00e3o, Manchete"},{"@type":"BreadcrumbList","@id":"https:\/\/newsinfoco.com.br\/inicio\/video-de-depoimento-do-ex-prefeito-paulo-cezar-a-justica-federal-que-causou-polemica-entre-cezistas-esta-tambem-disponivel-no-site-alagoinhashoje\/#breadcrumblist","itemListElement":[{"@type":"ListItem","@id":"https:\/\/newsinfoco.com.br\/inicio#listItem","position":1,"name":"In\u00edcio","item":"https:\/\/newsinfoco.com.br\/inicio","nextItem":{"@type":"ListItem","@id":"https:\/\/newsinfoco.com.br\/inicio\/category\/alagoinhas-e-regiao\/#listItem","name":"Alagoinhas e Regi\u00e3o"}},{"@type":"ListItem","@id":"https:\/\/newsinfoco.com.br\/inicio\/category\/alagoinhas-e-regiao\/#listItem","position":2,"name":"Alagoinhas e Regi\u00e3o","item":"https:\/\/newsinfoco.com.br\/inicio\/category\/alagoinhas-e-regiao\/","nextItem":{"@type":"ListItem","@id":"https:\/\/newsinfoco.com.br\/inicio\/video-de-depoimento-do-ex-prefeito-paulo-cezar-a-justica-federal-que-causou-polemica-entre-cezistas-esta-tambem-disponivel-no-site-alagoinhashoje\/#listItem","name":"V\u00eddeo de depoimento do ex-prefeito Paulo Cezar \u00e0 Justi\u00e7a Federal que causou pol\u00eamica entre cezistas est\u00e1 tamb\u00e9m dispon\u00edvel no site Alagoinhashoje"},"previousItem":{"@type":"ListItem","@id":"https:\/\/newsinfoco.com.br\/inicio#listItem","name":"In\u00edcio"}},{"@type":"ListItem","@id":"https:\/\/newsinfoco.com.br\/inicio\/video-de-depoimento-do-ex-prefeito-paulo-cezar-a-justica-federal-que-causou-polemica-entre-cezistas-esta-tambem-disponivel-no-site-alagoinhashoje\/#listItem","position":3,"name":"V\u00eddeo de depoimento do ex-prefeito Paulo Cezar \u00e0 Justi\u00e7a Federal que causou pol\u00eamica entre cezistas est\u00e1 tamb\u00e9m dispon\u00edvel no site Alagoinhashoje","previousItem":{"@type":"ListItem","@id":"https:\/\/newsinfoco.com.br\/inicio\/category\/alagoinhas-e-regiao\/#listItem","name":"Alagoinhas e Regi\u00e3o"}}]},{"@type":"Organization","@id":"https:\/\/newsinfoco.com.br\/inicio\/#organization","name":"News In Foco - Editado por Caio Pimenta","description":"O principal site de noticias de Alagoinhas e regi\u00e3o","url":"https:\/\/newsinfoco.com.br\/inicio\/"},{"@type":"Person","@id":"https:\/\/newsinfoco.com.br\/inicio\/author\/administrador\/#author","url":"https:\/\/newsinfoco.com.br\/inicio\/author\/administrador\/","name":"administrador","image":{"@type":"ImageObject","@id":"https:\/\/newsinfoco.com.br\/inicio\/video-de-depoimento-do-ex-prefeito-paulo-cezar-a-justica-federal-que-causou-polemica-entre-cezistas-esta-tambem-disponivel-no-site-alagoinhashoje\/#authorImage","url":"https:\/\/secure.gravatar.com\/avatar\/c17a617433de8c1dc9584bb79aab7563b46f5bb7e1728c9b17d9cc3ce6a08e49?s=96&d=mm&r=g","width":96,"height":96,"caption":"administrador"}},{"@type":"WebPage","@id":"https:\/\/newsinfoco.com.br\/inicio\/video-de-depoimento-do-ex-prefeito-paulo-cezar-a-justica-federal-que-causou-polemica-entre-cezistas-esta-tambem-disponivel-no-site-alagoinhashoje\/#webpage","url":"https:\/\/newsinfoco.com.br\/inicio\/video-de-depoimento-do-ex-prefeito-paulo-cezar-a-justica-federal-que-causou-polemica-entre-cezistas-esta-tambem-disponivel-no-site-alagoinhashoje\/","name":"V\u00eddeo de depoimento do ex-prefeito Paulo Cezar \u00e0 Justi\u00e7a Federal que causou pol\u00eamica entre cezistas est\u00e1 tamb\u00e9m dispon\u00edvel no site Alagoinhashoje - News In Foco - Editado por Caio Pimenta","description":"O v\u00eddeo do depoimento do ex-prefeito de Alagoinhas Paulo Cezar Sim\u00f5es na a\u00e7\u00e3o que investiga sua participa\u00e7\u00e3o em um esquema fraudulento que desviou ao menos R$ 29 milh\u00f5es dos cofres do munic\u00edpio no per\u00edodo em que foi gestor e que circula nas redes sociais ( leia aqui ) se encontra tamb\u00e9m dispon\u00edvel em um outro","inLanguage":"pt-BR","isPartOf":{"@id":"https:\/\/newsinfoco.com.br\/inicio\/#website"},"breadcrumb":{"@id":"https:\/\/newsinfoco.com.br\/inicio\/video-de-depoimento-do-ex-prefeito-paulo-cezar-a-justica-federal-que-causou-polemica-entre-cezistas-esta-tambem-disponivel-no-site-alagoinhashoje\/#breadcrumblist"},"author":{"@id":"https:\/\/newsinfoco.com.br\/inicio\/author\/administrador\/#author"},"creator":{"@id":"https:\/\/newsinfoco.com.br\/inicio\/author\/administrador\/#author"},"image":{"@type":"ImageObject","url":"https:\/\/newsinfoco.com.br\/inicio\/wp-content\/uploads\/2023\/11\/print-luma-1.png","@id":"https:\/\/newsinfoco.com.br\/inicio\/video-de-depoimento-do-ex-prefeito-paulo-cezar-a-justica-federal-que-causou-polemica-entre-cezistas-esta-tambem-disponivel-no-site-alagoinhashoje\/#mainImage","width":523,"height":420},"primaryImageOfPage":{"@id":"https:\/\/newsinfoco.com.br\/inicio\/video-de-depoimento-do-ex-prefeito-paulo-cezar-a-justica-federal-que-causou-polemica-entre-cezistas-esta-tambem-disponivel-no-site-alagoinhashoje\/#mainImage"},"datePublished":"2023-11-16T18:03:36-03:00","dateModified":"2023-11-16T18:06:12-03:00"},{"@type":"WebSite","@id":"https:\/\/newsinfoco.com.br\/inicio\/#website","url":"https:\/\/newsinfoco.com.br\/inicio\/","name":"News In Foco - Editado por Caio Pimenta","description":"O principal site de noticias de Alagoinhas e regi\u00e3o","inLanguage":"pt-BR","publisher":{"@id":"https:\/\/newsinfoco.com.br\/inicio\/#organization"}}]},"og:locale":"pt_BR","og:site_name":"News In Foco - Editado por Caio Pimenta - O principal site de noticias de Alagoinhas e regi\u00e3o","og:type":"article","og:title":"V\u00eddeo de depoimento do ex-prefeito Paulo Cezar \u00e0 Justi\u00e7a Federal que causou pol\u00eamica entre cezistas est\u00e1 tamb\u00e9m dispon\u00edvel no site Alagoinhashoje - News In Foco - Editado por Caio Pimenta","og:description":"O v\u00eddeo do depoimento do ex-prefeito de Alagoinhas Paulo Cezar Sim\u00f5es na a\u00e7\u00e3o que investiga sua participa\u00e7\u00e3o em um esquema fraudulento que desviou ao menos R$ 29 milh\u00f5es dos cofres do munic\u00edpio no per\u00edodo em que foi gestor e que circula nas redes sociais ( leia aqui ) se encontra tamb\u00e9m dispon\u00edvel em um outro","og:url":"https:\/\/newsinfoco.com.br\/inicio\/video-de-depoimento-do-ex-prefeito-paulo-cezar-a-justica-federal-que-causou-polemica-entre-cezistas-esta-tambem-disponivel-no-site-alagoinhashoje\/","article:published_time":"2023-11-16T21:03:36+00:00","article:modified_time":"2023-11-16T21:06:12+00:00","twitter:card":"summary_large_image","twitter:title":"V\u00eddeo de depoimento do ex-prefeito Paulo Cezar \u00e0 Justi\u00e7a Federal que causou pol\u00eamica entre cezistas est\u00e1 tamb\u00e9m dispon\u00edvel no site Alagoinhashoje - News In Foco - Editado por Caio Pimenta","twitter:description":"O v\u00eddeo do depoimento do ex-prefeito de Alagoinhas Paulo Cezar Sim\u00f5es na a\u00e7\u00e3o que investiga sua participa\u00e7\u00e3o em um esquema fraudulento que desviou ao menos R$ 29 milh\u00f5es dos cofres do munic\u00edpio no per\u00edodo em que foi gestor e que circula nas redes sociais ( leia aqui ) se encontra tamb\u00e9m dispon\u00edvel em um outro"},"aioseo_meta_data":{"post_id":"35426","title":null,"description":null,"keywords":[],"keyphrases":{"focus":{"keyphrase":"","score":0,"analysis":{"keyphraseInTitle":{"score":0,"maxScore":9,"error":1}}},"additional":[]},"primary_term":null,"canonical_url":null,"og_title":null,"og_description":null,"og_object_type":"default","og_image_type":"default","og_image_url":null,"og_image_width":null,"og_image_height":null,"og_image_custom_url":null,"og_image_custom_fields":null,"og_video":"","og_custom_url":null,"og_article_section":null,"og_article_tags":[],"twitter_use_og":false,"twitter_card":"default","twitter_image_type":"default","twitter_image_url":null,"twitter_image_custom_url":null,"twitter_image_custom_fields":null,"twitter_title":null,"twitter_description":null,"schema":{"blockGraphs":[],"customGraphs":[],"default":{"data":{"Article":[],"Course":[],"Dataset":[],"FAQPage":[],"Movie":[],"Person":[],"Product":[],"ProductReview":[],"Car":[],"Recipe":[],"Service":[],"SoftwareApplication":[],"WebPage":[]},"graphName":"BlogPosting","isEnabled":true},"graphs":[]},"schema_type":"default","schema_type_options":null,"pillar_content":false,"robots_default":true,"robots_noindex":false,"robots_noarchive":false,"robots_nosnippet":false,"robots_nofollow":false,"robots_noimageindex":false,"robots_noodp":false,"robots_notranslate":false,"robots_max_snippet":"-1","robots_max_videopreview":"-1","robots_max_imagepreview":"large","priority":null,"frequency":"default","local_seo":null,"breadcrumb_settings":null,"limit_modified_date":false,"ai":null,"created":"2023-11-16 21:03:36","updated":"2025-07-11 10:24:12","seo_analyzer_scan_date":null},"aioseo_breadcrumb":"<div class=\"aioseo-breadcrumbs\"><span class=\"aioseo-breadcrumb\">\n\t\t\t<a href=\"https:\/\/newsinfoco.com.br\/inicio\" title=\"In\u00edcio\">In\u00edcio<\/a>\n\t\t<\/span><span class=\"aioseo-breadcrumb-separator\">&raquo;<\/span><span class=\"aioseo-breadcrumb\">\n\t\t\t<a href=\"https:\/\/newsinfoco.com.br\/inicio\/category\/alagoinhas-e-regiao\/\" title=\"Alagoinhas e Regi\u00e3o\">Alagoinhas e Regi\u00e3o<\/a>\n\t\t<\/span><span class=\"aioseo-breadcrumb-separator\">&raquo;<\/span><span class=\"aioseo-breadcrumb\">\n\t\t\tV\u00eddeo de depoimento do ex-prefeito Paulo Cezar \u00e0 Justi\u00e7a Federal que causou pol\u00eamica entre cezistas est\u00e1 tamb\u00e9m dispon\u00edvel no site Alagoinhashoje\n\t\t<\/span><\/div>","aioseo_breadcrumb_json":[{"label":"In\u00edcio","link":"https:\/\/newsinfoco.com.br\/inicio"},{"label":"Alagoinhas e Regi\u00e3o","link":"https:\/\/newsinfoco.com.br\/inicio\/category\/alagoinhas-e-regiao\/"},{"label":"V\u00eddeo de depoimento do ex-prefeito Paulo Cezar \u00e0 Justi\u00e7a Federal que causou pol\u00eamica entre cezistas est\u00e1 tamb\u00e9m dispon\u00edvel no site Alagoinhashoje","link":"https:\/\/newsinfoco.com.br\/inicio\/video-de-depoimento-do-ex-prefeito-paulo-cezar-a-justica-federal-que-causou-polemica-entre-cezistas-esta-tambem-disponivel-no-site-alagoinhashoje\/"}],"_links":{"self":[{"href":"https:\/\/newsinfoco.com.br\/inicio\/wp-json\/wp\/v2\/posts\/35426","targetHints":{"allow":["GET"]}}],"collection":[{"href":"https:\/\/newsinfoco.com.br\/inicio\/wp-json\/wp\/v2\/posts"}],"about":[{"href":"https:\/\/newsinfoco.com.br\/inicio\/wp-json\/wp\/v2\/types\/post"}],"author":[{"embeddable":true,"href":"https:\/\/newsinfoco.com.br\/inicio\/wp-json\/wp\/v2\/users\/1"}],"replies":[{"embeddable":true,"href":"https:\/\/newsinfoco.com.br\/inicio\/wp-json\/wp\/v2\/comments?post=35426"}],"version-history":[{"count":3,"href":"https:\/\/newsinfoco.com.br\/inicio\/wp-json\/wp\/v2\/posts\/35426\/revisions"}],"predecessor-version":[{"id":35430,"href":"https:\/\/newsinfoco.com.br\/inicio\/wp-json\/wp\/v2\/posts\/35426\/revisions\/35430"}],"wp:featuredmedia":[{"embeddable":true,"href":"https:\/\/newsinfoco.com.br\/inicio\/wp-json\/wp\/v2\/media\/35427"}],"wp:attachment":[{"href":"https:\/\/newsinfoco.com.br\/inicio\/wp-json\/wp\/v2\/media?parent=35426"}],"wp:term":[{"taxonomy":"category","embeddable":true,"href":"https:\/\/newsinfoco.com.br\/inicio\/wp-json\/wp\/v2\/categories?post=35426"},{"taxonomy":"post_tag","embeddable":true,"href":"https:\/\/newsinfoco.com.br\/inicio\/wp-json\/wp\/v2\/tags?post=35426"}],"curies":[{"name":"wp","href":"https:\/\/api.w.org\/{rel}","templated":true}]}}