{"id":35431,"date":"2023-11-16T18:52:34","date_gmt":"2023-11-16T21:52:34","guid":{"rendered":"https:\/\/newsinfoco.com.br\/inicio\/?p=35431"},"modified":"2023-11-16T18:52:34","modified_gmt":"2023-11-16T21:52:34","slug":"vereador-luciano-almeida-aquele-que-votou-a-favor-do-codigo-tributario-sem-ler-agora-faz-hora-extra-como-advogado-do-diabo-na-camara-de-alagoinhas-por-caio-pimenta","status":"publish","type":"post","link":"https:\/\/newsinfoco.com.br\/inicio\/vereador-luciano-almeida-aquele-que-votou-a-favor-do-codigo-tributario-sem-ler-agora-faz-hora-extra-como-advogado-do-diabo-na-camara-de-alagoinhas-por-caio-pimenta\/","title":{"rendered":"Vereador Luciano Almeida, aquele que votou a favor do c\u00f3digo tribut\u00e1rio sem ler, agora faz hora extra como &#8220;advogado do diabo&#8221; na C\u00e2mara de Alagoinhas &#8211; Por Caio Pimenta"},"content":{"rendered":"<p>Na tarde de hoje(16), durante sess\u00e3o na C\u00e2mara de Vereadores de Alagoinhas, o vereador Luciano Almeida saiu em defesa do ex-prefeito Paulo Cezar, condenado recentemente a 2 anos e 6 meses de pris\u00e3o, em primeira instancia, por fraude em licita\u00e7\u00e3o, e fez criticas pessoais, fazendo quest\u00e3o de citar meu nome e dizendo &#8220;n\u00e3o ter medo de mim&#8221;.\u00a0 De modo que fa\u00e7o quest\u00e3o de responde-lo.<\/p>\n<p>Primeiro \u00e9 preciso dizer ao vereador que ele n\u00e3o deve temer a mim, mas sim a sua consci\u00eancia que deve andar muito pesada diante das posturas e direcionamentos tomados durante seu mandato e que v\u00e3o de encontro aos interesses populares.<\/p><div class=\"newsi-conteudo_19\" id=\"newsi-3773945216\"><a href=\"https:\/\/www.instagram.com\/prefeituraalagoinhas?igsh=YzgzdDJ1bWR3aWI4\" aria-label=\"SAVE_20251006_221555\"><img loading=\"lazy\" decoding=\"async\" src=\"https:\/\/newsinfoco.com.br\/inicio\/wp-content\/uploads\/2025\/10\/SAVE_20251006_221555-rotated.jpg\" alt=\"\"  srcset=\"https:\/\/newsinfoco.com.br\/inicio\/wp-content\/uploads\/2025\/10\/SAVE_20251006_221555-rotated.jpg 1140w, https:\/\/newsinfoco.com.br\/inicio\/wp-content\/uploads\/2025\/10\/SAVE_20251006_221555-300x52.jpg 300w, https:\/\/newsinfoco.com.br\/inicio\/wp-content\/uploads\/2025\/10\/SAVE_20251006_221555-1024x177.jpg 1024w, https:\/\/newsinfoco.com.br\/inicio\/wp-content\/uploads\/2025\/10\/SAVE_20251006_221555-768x133.jpg 768w, https:\/\/newsinfoco.com.br\/inicio\/wp-content\/uploads\/2025\/10\/SAVE_20251006_221555-600x104.jpg 600w, https:\/\/newsinfoco.com.br\/inicio\/wp-content\/uploads\/2025\/10\/SAVE_20251006_221555-696x120.jpg 696w, https:\/\/newsinfoco.com.br\/inicio\/wp-content\/uploads\/2025\/10\/SAVE_20251006_221555-1068x185.jpg 1068w\" sizes=\"(max-width: 1140px) 100vw, 1140px\" width=\"1140\" height=\"197\"   \/><\/a><\/div>\n<p>Que a minha presen\u00e7a na imprensa local n\u00e3o interessa as aves de rapina e raposas velhas da politica alagoinhense, isso acredito que todos j\u00e1 est\u00e3o carecas de saber. J\u00e1 fui alvo de notas de rep\u00fadio de politicos, a\u00e7\u00f5es judiciais, a\u00e7\u00e3o de boicote contra os veiculos de comunica\u00e7\u00e3o que eu dirijo ou sou propriet\u00e1rio, enfim&#8230; A minha satisfa\u00e7\u00e3o \u00e9 que diante da verdade e responsabilidade ao qual conduzo meu trabalho, nada disso prosperou.<\/p>\n<p>Mas sinceramente, ver a\u00e7\u00f5es como essa, de pol\u00edticos que n\u00e3o tem compromisso com a cidade, que enxergam apenas suas pr\u00f3prias conveni\u00eancias e os ganhos pessoais, me mostra cada vez mais que estou no caminho certo. Triste estaria eu se estivesse do lado dessa gente, contra o povo de Alagoinhas.<\/p>\n<p>O hist\u00f3rico do vereador Luciano Almeida fala por si s\u00f3. Participou do governo Jo\u00e3o Fiscina, tida como o pior governo da hist\u00f3ria de Alagoinhas, e que hoje critica. Posteriormente, buscando manter-se da politica, foi para debaixo das asas do hoje deputado federal Paulo Azi, a quem desde ent\u00e3o \u00e9 um verdadeiro vassalo. Gra\u00e7as a subservi\u00eancia ao deputado, assumiu cargos em comiss\u00e3o na prefeitura durante o governo cezista, governo este acossado por diversos casos de corrup\u00e7\u00e3o, inclusive j\u00e1 com condena\u00e7\u00f5es em andamento. Com o apoio do deputado, elege-se vereador onde o grande ato lembrado pelos alagoinhenses foi o de votar na calada da noite, sem ler, um projeto do executivo, ao qual diz fazer oposi\u00e7\u00e3o, que tratava de um c\u00f3digo tribut\u00e1rio, concordando em aumentar a carga tribut\u00e1ria nas costas do alagoinhense.<\/p>\n<p>Esse hist\u00f3rico por si s\u00f3 j\u00e1 seria de envergonhar qualquer cidad\u00e3o honesto, mas para completar o soneto quer ainda o vereador Luciano Almeida fazer as vezes de &#8220;advogado do diabo&#8221;, defendo o indefens\u00e1vel, algu\u00e9m a quem o minist\u00e9rio p\u00fablico federal e a pr\u00f3pria Justi\u00e7a Federal, em sua primeira instancia, atesta ser o participe de um esquema que desviou dezenas de milh\u00f5es de reais dos cofres municipais.<\/p>\n<p>Isso mesmo minha gente, &#8220;advogado do diabo&#8221;, aquele individuo <span class=\"word a\">que<\/span>\u00a0<span class=\"word a\">defende<\/span>\u00a0<span class=\"word a\">uma<\/span>\u00a0<span class=\"word a\">tese<\/span>\u00a0<span class=\"word a\">ou<\/span>\u00a0<span class=\"word a\">opini\u00e3o<\/span>\u00a0<span class=\"word a\">contestada<\/span>\u00a0<span class=\"word a\">por<\/span>\u00a0<span class=\"word a\">todos<\/span>,\u00a0<span class=\"word a\">geralmente<\/span>\u00a0<span class=\"word a\">pelo<\/span>\u00a0<span class=\"word a\">prazer<\/span>\u00a0<span class=\"word a\">da<\/span> argumenta\u00e7\u00e3o. Foi isso o que virou o mandato do vereador Luciano Almeida?<\/p>\n<p>Cuidado vereador, as elei\u00e7\u00f5es est\u00e3o logo ali&#8230; \u00c9 bem verdade que tem politico que acredita que o povo tem mem\u00f3ria curta, mas as vezes o povo guarda bem as informa\u00e7\u00f5es, ainda mais quando tem cidad\u00e3os abnegados que fazem o favor de lembrar certas situa\u00e7\u00f5es.<\/p>\n<p><strong>Escrito por Caio Pimenta, advogado, \u00e2ncora do programa Primeira M\u00e3o, da radio Ouro Negro 100,5 FM. Ele tamb\u00e9m escreve sua coluna no site News Infoco, do qual \u00e9 editor- chefe e dirige a radio web 2 de julho.<\/strong><\/p>\n<div>\n<\/div>\n<p>&nbsp;<\/p>\n<div class='share-to-whatsapp-wrapper'><div class='share-on-whsp'>Share on: <\/div><a data-text='Vereador Luciano Almeida, aquele que votou a favor do c\u00f3digo tribut\u00e1rio sem ler, agora faz hora extra como \"advogado do diabo\" na C\u00e2mara de Alagoinhas - Por Caio Pimenta' data-link='https:\/\/newsinfoco.com.br\/inicio\/vereador-luciano-almeida-aquele-que-votou-a-favor-do-codigo-tributario-sem-ler-agora-faz-hora-extra-como-advogado-do-diabo-na-camara-de-alagoinhas-por-caio-pimenta\/' class='whatsapp-button whatsapp-share'>WhatsApp<\/a><div class='clear '><\/div><\/div>","protected":false},"excerpt":{"rendered":"<p>Na tarde de hoje(16), durante sess\u00e3o na C\u00e2mara de Vereadores de Alagoinhas, o vereador Luciano Almeida saiu em defesa do ex-prefeito Paulo Cezar, condenado recentemente a 2 anos e 6 meses de pris\u00e3o, em primeira instancia, por fraude em licita\u00e7\u00e3o, e fez criticas pessoais, fazendo quest\u00e3o de citar meu nome e dizendo &#8220;n\u00e3o ter medo [&hellip;]<\/p>\n","protected":false},"author":1,"featured_media":32909,"comment_status":"closed","ping_status":"closed","sticky":false,"template":"","format":"standard","meta":{"om_disable_all_campaigns":false,"_exactmetrics_skip_tracking":false,"_exactmetrics_sitenote_active":false,"_exactmetrics_sitenote_note":"","_exactmetrics_sitenote_category":0,"footnotes":""},"categories":[26],"tags":[],"class_list":["post-35431","post","type-post","status-publish","format-standard","has-post-thumbnail","hentry","category-caio-pimenta"],"aioseo_notices":[],"_links":{"self":[{"href":"https:\/\/newsinfoco.com.br\/inicio\/wp-json\/wp\/v2\/posts\/35431","targetHints":{"allow":["GET"]}}],"collection":[{"href":"https:\/\/newsinfoco.com.br\/inicio\/wp-json\/wp\/v2\/posts"}],"about":[{"href":"https:\/\/newsinfoco.com.br\/inicio\/wp-json\/wp\/v2\/types\/post"}],"author":[{"embeddable":true,"href":"https:\/\/newsinfoco.com.br\/inicio\/wp-json\/wp\/v2\/users\/1"}],"replies":[{"embeddable":true,"href":"https:\/\/newsinfoco.com.br\/inicio\/wp-json\/wp\/v2\/comments?post=35431"}],"version-history":[{"count":1,"href":"https:\/\/newsinfoco.com.br\/inicio\/wp-json\/wp\/v2\/posts\/35431\/revisions"}],"predecessor-version":[{"id":35432,"href":"https:\/\/newsinfoco.com.br\/inicio\/wp-json\/wp\/v2\/posts\/35431\/revisions\/35432"}],"wp:featuredmedia":[{"embeddable":true,"href":"https:\/\/newsinfoco.com.br\/inicio\/wp-json\/wp\/v2\/media\/32909"}],"wp:attachment":[{"href":"https:\/\/newsinfoco.com.br\/inicio\/wp-json\/wp\/v2\/media?parent=35431"}],"wp:term":[{"taxonomy":"category","embeddable":true,"href":"https:\/\/newsinfoco.com.br\/inicio\/wp-json\/wp\/v2\/categories?post=35431"},{"taxonomy":"post_tag","embeddable":true,"href":"https:\/\/newsinfoco.com.br\/inicio\/wp-json\/wp\/v2\/tags?post=35431"}],"curies":[{"name":"wp","href":"https:\/\/api.w.org\/{rel}","templated":true}]}}