{"id":35502,"date":"2023-11-23T18:30:54","date_gmt":"2023-11-23T21:30:54","guid":{"rendered":"https:\/\/newsinfoco.com.br\/inicio\/?p=35502"},"modified":"2023-11-23T18:30:54","modified_gmt":"2023-11-23T21:30:54","slug":"ministros-do-stf-sugerem-renuncia-de-jaques-wagner-da-lideranca-do-governo-no-senado","status":"publish","type":"post","link":"https:\/\/newsinfoco.com.br\/inicio\/ministros-do-stf-sugerem-renuncia-de-jaques-wagner-da-lideranca-do-governo-no-senado\/","title":{"rendered":"Ministros do STF sugerem ren\u00fancia de Jaques Wagner da lideran\u00e7a do Governo no Senado"},"content":{"rendered":"<p>O clima contra o l\u00edder do governo no Senado, Jaques Wagner (PT-BA), no Supremo Tribunal Federal est\u00e1 irrespir\u00e1vel. Tanto que ministros importantes da Corte sugeriram a seus interlocutores no Pal\u00e1cio do Planalto que o l\u00edder deixe o cargo.<\/p>\n<p>A coluna ouviu de um ministro do Planalto que &#8220;n\u00e3o h\u00e1 a menor chance&#8221; de afastamento de Wagner.<\/p>\n<p>O l\u00edder at\u00e9 acenou para os auxiliares do presidente Luiz In\u00e1cio Lula da Silva que est\u00e1 disposto a sair, se isto ajudar o governo. Mas o presidente da Rep\u00fablica tem respondido que n\u00e3o abre m\u00e3o da perman\u00eancia do senador.<\/p>\n<p>Os ministros do STF simplesmente n\u00e3o acreditam na vers\u00e3o de Jaques Wagner de que foi uma decis\u00e3o pessoal votar a favor da Proposta de Emenda Constitucional (PEC) que limita os poderes do STF.<\/p>\n<p>Segundo o l\u00edder e ex-governador da Bahia, o Pal\u00e1cio do Planalto n\u00e3o sabia e n\u00e3o participou de sua decis\u00e3o.<\/p>\n<p>A PEC foi aprovada nesta quarta-feira, 22, pelo plen\u00e1rio do Senado por 52 votos a 18. Precisava de 49. O centr\u00e3o e a oposi\u00e7\u00e3o s\u00f3 haviam contado, no dia anterior, com 48 senadores dispostos a apoiar a medida.<\/p>\n<p>Os tr\u00eas votos da Bahia na quarta-feira foram ent\u00e3o decisivos, somados ao de Lucas Barreto (PSD-AP). O senador do Amap\u00e1 informou ao l\u00edder do governo no Senado, Randolfe Rodrigues (sem partido-AP), que decidiu votar pela PEC para seguir Jaques Wagner.<\/p>\n<p>Randolfe disse \u00e0 coluna que n\u00e3o sabia da decis\u00e3o de Wagner de votar contra o Supremo Tribunal Federal. Na verdade, ele diz ter reclamado com o colega pelo fato de ter votado sem antes lhe comunicar.<\/p>\n<p>Os ministros do STF, no entanto, n\u00e3o entendem como um l\u00edder do governo poderia votar contra uma determina\u00e7\u00e3o do Pal\u00e1cio do Planalto. \u00c0 coluna um dos ministros expressou o racioc\u00ednio da maioria dos seus colegas assim: &#8220;Se ele n\u00e3o segue o que manda o governo, ent\u00e3o est\u00e1 obrigado a deixar o cargo de l\u00edder do governo.&#8221;<\/p>\n<p>O recado foi passado a interlocutores do presidente Lula, que respondeu ser contr\u00e1rio ao afastamento de Jaques Wagner. Isso deixou os ministros ainda mais desconfiados de uma opera\u00e7\u00e3o acertada entre o l\u00edder e o Pal\u00e1cio do Planalto para satisfazer o centr\u00e3o e o presidente do Senado, Rodrigo Pacheco (PSD-MG).<\/p>\n<p>Jaques tem argumentado com colegas que os pr\u00f3prios ministros do STF diziam considerar in\u00f3cua a PEC, na medida em que o STF j\u00e1 havia imposto limites \u00e0 decis\u00f5es monocr\u00e1ticas e aos pedidos de vista nos julgamentos.<\/p>\n<p>Se era in\u00f3cua, argumentou, n\u00e3o havia problema em aprovar a PEC abrindo um canal de negocia\u00e7\u00e3o com a oposi\u00e7\u00e3o para aprova\u00e7\u00e3o dos projetos de car\u00e1ter econ\u00f4mico em tramita\u00e7\u00e3o no Congresso. Esses projetos precisam ser aprovados at\u00e9 o final de dezembro no Senado e na C\u00e2mara para evitar um rombo no Or\u00e7amento de 2024.<\/p>\n<p>N\u00e3o convenceu o STF, cujos ministros abriram a sess\u00e3o plen\u00e1rias desta quinta-feira manifestando-se contra as press\u00f5es do Legislativo.<\/p>\n<p>O resultado \u00e9 que os ministros avisaram aos articuladores pol\u00edticos do presidente que, a partir de agora, n\u00e3o aceitar\u00e3o Jaques Wagner como interlocutor credenciado para discutir com a Corte medidas de interesse do governo que estejam sob julgamento.<\/p>\n<p>O coordenador do grupo de advogados Prerrogativas, Marco Aur\u00e9lio de Carvalho, disse a coluna que \u00e9 um absurdo &#8220;tentar demover da lideran\u00e7a do governo, por conta deste epis\u00f3dio, um senador como Jaques Wagner, que j\u00e1 foi governador, \u00e9 s\u00e9rio, \u00edntegro e tem uma excelente rela\u00e7\u00e3o com o Judici\u00e1rio!&#8221;.<\/p>\n<p>&nbsp;<\/p>\n<p>Tales Faria para o UOL<\/p>\n<p>&nbsp;<\/p>\n<div class='share-to-whatsapp-wrapper'><div class='share-on-whsp'>Share on: <\/div><a data-text='Ministros do STF sugerem ren\u00fancia de Jaques Wagner da lideran\u00e7a do Governo no Senado' data-link='https:\/\/newsinfoco.com.br\/inicio\/ministros-do-stf-sugerem-renuncia-de-jaques-wagner-da-lideranca-do-governo-no-senado\/' class='whatsapp-button whatsapp-share'>WhatsApp<\/a><div class='clear '><\/div><\/div>","protected":false},"excerpt":{"rendered":"<p>O clima contra o l\u00edder do governo no Senado, Jaques Wagner (PT-BA), no Supremo Tribunal Federal est\u00e1 irrespir\u00e1vel. Tanto que ministros importantes da Corte sugeriram a seus interlocutores no Pal\u00e1cio do Planalto que o l\u00edder deixe o cargo. A coluna ouviu de um ministro do Planalto que &#8220;n\u00e3o h\u00e1 a menor chance&#8221; de afastamento de [&hellip;]<\/p>\n","protected":false},"author":1,"featured_media":13195,"comment_status":"closed","ping_status":"closed","sticky":false,"template":"","format":"standard","meta":{"om_disable_all_campaigns":false,"rop_custom_images_group":[],"rop_custom_messages_group":[],"rop_publish_now":"initial","rop_publish_now_accounts":[],"rop_publish_now_history":[],"rop_publish_now_status":"pending","_exactmetrics_skip_tracking":false,"footnotes":""},"categories":[21],"tags":[],"class_list":["post-35502","post","type-post","status-publish","format-standard","has-post-thumbnail","hentry","category-brasil"],"aioseo_notices":[],"aioseo_head":"\n\t\t<!-- All in One SEO 4.9.10 - aioseo.com -->\n\t<meta name=\"description\" content=\"O clima contra o l\u00edder do governo no Senado, Jaques Wagner (PT-BA), no Supremo Tribunal Federal est\u00e1 irrespir\u00e1vel. Tanto que ministros importantes da Corte sugeriram a seus interlocutores no Pal\u00e1cio do Planalto que o l\u00edder deixe o cargo. A coluna ouviu de um ministro do Planalto que &quot;n\u00e3o h\u00e1 a menor chance&quot; de afastamento de\" \/>\n\t<meta name=\"robots\" content=\"max-image-preview:large\" \/>\n\t<meta name=\"author\" content=\"administrador\"\/>\n\t<link rel=\"canonical\" href=\"https:\/\/newsinfoco.com.br\/inicio\/ministros-do-stf-sugerem-renuncia-de-jaques-wagner-da-lideranca-do-governo-no-senado\/\" \/>\n\t<meta name=\"generator\" content=\"All in One SEO (AIOSEO) 4.9.10\" \/>\n\t\t<meta property=\"og:locale\" content=\"pt_BR\" \/>\n\t\t<meta property=\"og:site_name\" content=\"News In Foco - Editado por Caio Pimenta - O principal site de noticias de Alagoinhas e regi\u00e3o\" \/>\n\t\t<meta property=\"og:type\" content=\"article\" \/>\n\t\t<meta property=\"og:title\" content=\"Ministros do STF sugerem ren\u00fancia de Jaques Wagner da lideran\u00e7a do Governo no Senado - News In Foco - Editado por Caio Pimenta\" \/>\n\t\t<meta property=\"og:description\" content=\"O clima contra o l\u00edder do governo no Senado, Jaques Wagner (PT-BA), no Supremo Tribunal Federal est\u00e1 irrespir\u00e1vel. Tanto que ministros importantes da Corte sugeriram a seus interlocutores no Pal\u00e1cio do Planalto que o l\u00edder deixe o cargo. A coluna ouviu de um ministro do Planalto que &quot;n\u00e3o h\u00e1 a menor chance&quot; de afastamento de\" \/>\n\t\t<meta property=\"og:url\" content=\"https:\/\/newsinfoco.com.br\/inicio\/ministros-do-stf-sugerem-renuncia-de-jaques-wagner-da-lideranca-do-governo-no-senado\/\" \/>\n\t\t<meta property=\"article:published_time\" content=\"2023-11-23T21:30:54+00:00\" \/>\n\t\t<meta property=\"article:modified_time\" content=\"2023-11-23T21:30:54+00:00\" \/>\n\t\t<meta name=\"twitter:card\" content=\"summary_large_image\" \/>\n\t\t<meta name=\"twitter:title\" content=\"Ministros do STF sugerem ren\u00fancia de Jaques Wagner da lideran\u00e7a do Governo no Senado - News In Foco - Editado por Caio Pimenta\" \/>\n\t\t<meta name=\"twitter:description\" content=\"O clima contra o l\u00edder do governo no Senado, Jaques Wagner (PT-BA), no Supremo Tribunal Federal est\u00e1 irrespir\u00e1vel. Tanto que ministros importantes da Corte sugeriram a seus interlocutores no Pal\u00e1cio do Planalto que o l\u00edder deixe o cargo. A coluna ouviu de um ministro do Planalto que &quot;n\u00e3o h\u00e1 a menor chance&quot; de afastamento de\" \/>\n\t\t<script type=\"application\/ld+json\" class=\"aioseo-schema\">\n\t\t\t{\"@context\":\"https:\\\/\\\/schema.org\",\"@graph\":[{\"@type\":\"BlogPosting\",\"@id\":\"https:\\\/\\\/newsinfoco.com.br\\\/inicio\\\/ministros-do-stf-sugerem-renuncia-de-jaques-wagner-da-lideranca-do-governo-no-senado\\\/#blogposting\",\"name\":\"Ministros do STF sugerem ren\\u00fancia de Jaques Wagner da lideran\\u00e7a do Governo no Senado - News In Foco - Editado por Caio Pimenta\",\"headline\":\"Ministros do STF sugerem ren\\u00fancia de Jaques Wagner da lideran\\u00e7a do Governo no Senado\",\"author\":{\"@id\":\"https:\\\/\\\/newsinfoco.com.br\\\/inicio\\\/author\\\/administrador\\\/#author\"},\"publisher\":{\"@id\":\"https:\\\/\\\/newsinfoco.com.br\\\/inicio\\\/#organization\"},\"image\":{\"@type\":\"ImageObject\",\"url\":\"https:\\\/\\\/newsinfoco.com.br\\\/inicio\\\/wp-content\\\/uploads\\\/2019\\\/02\\\/02022017-jaques-wagner-mesa-diretora-assembleia-legislativa-da-bahia-alba-foto-josemar-pereira-ag-haack-bahiaba.jpg\",\"width\":600,\"height\":420,\"caption\":\"Foto: Josemar Pereira\\\/ Ag. Haack\\\/ bahia.ba\"},\"datePublished\":\"2023-11-23T18:30:54-03:00\",\"dateModified\":\"2023-11-23T18:30:54-03:00\",\"inLanguage\":\"pt-BR\",\"mainEntityOfPage\":{\"@id\":\"https:\\\/\\\/newsinfoco.com.br\\\/inicio\\\/ministros-do-stf-sugerem-renuncia-de-jaques-wagner-da-lideranca-do-governo-no-senado\\\/#webpage\"},\"isPartOf\":{\"@id\":\"https:\\\/\\\/newsinfoco.com.br\\\/inicio\\\/ministros-do-stf-sugerem-renuncia-de-jaques-wagner-da-lideranca-do-governo-no-senado\\\/#webpage\"},\"articleSection\":\"Brasil\"},{\"@type\":\"BreadcrumbList\",\"@id\":\"https:\\\/\\\/newsinfoco.com.br\\\/inicio\\\/ministros-do-stf-sugerem-renuncia-de-jaques-wagner-da-lideranca-do-governo-no-senado\\\/#breadcrumblist\",\"itemListElement\":[{\"@type\":\"ListItem\",\"@id\":\"https:\\\/\\\/newsinfoco.com.br\\\/inicio#listItem\",\"position\":1,\"name\":\"In\\u00edcio\",\"item\":\"https:\\\/\\\/newsinfoco.com.br\\\/inicio\",\"nextItem\":{\"@type\":\"ListItem\",\"@id\":\"https:\\\/\\\/newsinfoco.com.br\\\/inicio\\\/category\\\/brasil\\\/#listItem\",\"name\":\"Brasil\"}},{\"@type\":\"ListItem\",\"@id\":\"https:\\\/\\\/newsinfoco.com.br\\\/inicio\\\/category\\\/brasil\\\/#listItem\",\"position\":2,\"name\":\"Brasil\",\"item\":\"https:\\\/\\\/newsinfoco.com.br\\\/inicio\\\/category\\\/brasil\\\/\",\"nextItem\":{\"@type\":\"ListItem\",\"@id\":\"https:\\\/\\\/newsinfoco.com.br\\\/inicio\\\/ministros-do-stf-sugerem-renuncia-de-jaques-wagner-da-lideranca-do-governo-no-senado\\\/#listItem\",\"name\":\"Ministros do STF sugerem ren\\u00fancia de Jaques Wagner da lideran\\u00e7a do Governo no Senado\"},\"previousItem\":{\"@type\":\"ListItem\",\"@id\":\"https:\\\/\\\/newsinfoco.com.br\\\/inicio#listItem\",\"name\":\"In\\u00edcio\"}},{\"@type\":\"ListItem\",\"@id\":\"https:\\\/\\\/newsinfoco.com.br\\\/inicio\\\/ministros-do-stf-sugerem-renuncia-de-jaques-wagner-da-lideranca-do-governo-no-senado\\\/#listItem\",\"position\":3,\"name\":\"Ministros do STF sugerem ren\\u00fancia de Jaques Wagner da lideran\\u00e7a do Governo no Senado\",\"previousItem\":{\"@type\":\"ListItem\",\"@id\":\"https:\\\/\\\/newsinfoco.com.br\\\/inicio\\\/category\\\/brasil\\\/#listItem\",\"name\":\"Brasil\"}}]},{\"@type\":\"Organization\",\"@id\":\"https:\\\/\\\/newsinfoco.com.br\\\/inicio\\\/#organization\",\"name\":\"News In Foco - Editado por Caio Pimenta\",\"description\":\"O principal site de noticias de Alagoinhas e regi\\u00e3o\",\"url\":\"https:\\\/\\\/newsinfoco.com.br\\\/inicio\\\/\"},{\"@type\":\"Person\",\"@id\":\"https:\\\/\\\/newsinfoco.com.br\\\/inicio\\\/author\\\/administrador\\\/#author\",\"url\":\"https:\\\/\\\/newsinfoco.com.br\\\/inicio\\\/author\\\/administrador\\\/\",\"name\":\"administrador\",\"image\":{\"@type\":\"ImageObject\",\"@id\":\"https:\\\/\\\/newsinfoco.com.br\\\/inicio\\\/ministros-do-stf-sugerem-renuncia-de-jaques-wagner-da-lideranca-do-governo-no-senado\\\/#authorImage\",\"url\":\"https:\\\/\\\/secure.gravatar.com\\\/avatar\\\/c17a617433de8c1dc9584bb79aab7563b46f5bb7e1728c9b17d9cc3ce6a08e49?s=96&d=mm&r=g\",\"width\":96,\"height\":96,\"caption\":\"administrador\"}},{\"@type\":\"WebPage\",\"@id\":\"https:\\\/\\\/newsinfoco.com.br\\\/inicio\\\/ministros-do-stf-sugerem-renuncia-de-jaques-wagner-da-lideranca-do-governo-no-senado\\\/#webpage\",\"url\":\"https:\\\/\\\/newsinfoco.com.br\\\/inicio\\\/ministros-do-stf-sugerem-renuncia-de-jaques-wagner-da-lideranca-do-governo-no-senado\\\/\",\"name\":\"Ministros do STF sugerem ren\\u00fancia de Jaques Wagner da lideran\\u00e7a do Governo no Senado - News In Foco - Editado por Caio Pimenta\",\"description\":\"O clima contra o l\\u00edder do governo no Senado, Jaques Wagner (PT-BA), no Supremo Tribunal Federal est\\u00e1 irrespir\\u00e1vel. Tanto que ministros importantes da Corte sugeriram a seus interlocutores no Pal\\u00e1cio do Planalto que o l\\u00edder deixe o cargo. A coluna ouviu de um ministro do Planalto que \\\"n\\u00e3o h\\u00e1 a menor chance\\\" de afastamento de\",\"inLanguage\":\"pt-BR\",\"isPartOf\":{\"@id\":\"https:\\\/\\\/newsinfoco.com.br\\\/inicio\\\/#website\"},\"breadcrumb\":{\"@id\":\"https:\\\/\\\/newsinfoco.com.br\\\/inicio\\\/ministros-do-stf-sugerem-renuncia-de-jaques-wagner-da-lideranca-do-governo-no-senado\\\/#breadcrumblist\"},\"author\":{\"@id\":\"https:\\\/\\\/newsinfoco.com.br\\\/inicio\\\/author\\\/administrador\\\/#author\"},\"creator\":{\"@id\":\"https:\\\/\\\/newsinfoco.com.br\\\/inicio\\\/author\\\/administrador\\\/#author\"},\"image\":{\"@type\":\"ImageObject\",\"url\":\"https:\\\/\\\/newsinfoco.com.br\\\/inicio\\\/wp-content\\\/uploads\\\/2019\\\/02\\\/02022017-jaques-wagner-mesa-diretora-assembleia-legislativa-da-bahia-alba-foto-josemar-pereira-ag-haack-bahiaba.jpg\",\"@id\":\"https:\\\/\\\/newsinfoco.com.br\\\/inicio\\\/ministros-do-stf-sugerem-renuncia-de-jaques-wagner-da-lideranca-do-governo-no-senado\\\/#mainImage\",\"width\":600,\"height\":420,\"caption\":\"Foto: Josemar Pereira\\\/ Ag. Haack\\\/ bahia.ba\"},\"primaryImageOfPage\":{\"@id\":\"https:\\\/\\\/newsinfoco.com.br\\\/inicio\\\/ministros-do-stf-sugerem-renuncia-de-jaques-wagner-da-lideranca-do-governo-no-senado\\\/#mainImage\"},\"datePublished\":\"2023-11-23T18:30:54-03:00\",\"dateModified\":\"2023-11-23T18:30:54-03:00\"},{\"@type\":\"WebSite\",\"@id\":\"https:\\\/\\\/newsinfoco.com.br\\\/inicio\\\/#website\",\"url\":\"https:\\\/\\\/newsinfoco.com.br\\\/inicio\\\/\",\"name\":\"News In Foco - Editado por Caio Pimenta\",\"description\":\"O principal site de noticias de Alagoinhas e regi\\u00e3o\",\"inLanguage\":\"pt-BR\",\"publisher\":{\"@id\":\"https:\\\/\\\/newsinfoco.com.br\\\/inicio\\\/#organization\"}}]}\n\t\t<\/script>\n\t\t<!-- All in One SEO -->\n\n","aioseo_head_json":{"title":"Ministros do STF sugerem ren\u00fancia de Jaques Wagner da lideran\u00e7a do Governo no Senado - News In Foco - Editado por Caio Pimenta","description":"O clima contra o l\u00edder do governo no Senado, Jaques Wagner (PT-BA), no Supremo Tribunal Federal est\u00e1 irrespir\u00e1vel. Tanto que ministros importantes da Corte sugeriram a seus interlocutores no Pal\u00e1cio do Planalto que o l\u00edder deixe o cargo. A coluna ouviu de um ministro do Planalto que \"n\u00e3o h\u00e1 a menor chance\" de afastamento de","canonical_url":"https:\/\/newsinfoco.com.br\/inicio\/ministros-do-stf-sugerem-renuncia-de-jaques-wagner-da-lideranca-do-governo-no-senado\/","robots":"max-image-preview:large","keywords":"","webmasterTools":{"miscellaneous":""},"schema":{"@context":"https:\/\/schema.org","@graph":[{"@type":"BlogPosting","@id":"https:\/\/newsinfoco.com.br\/inicio\/ministros-do-stf-sugerem-renuncia-de-jaques-wagner-da-lideranca-do-governo-no-senado\/#blogposting","name":"Ministros do STF sugerem ren\u00fancia de Jaques Wagner da lideran\u00e7a do Governo no Senado - News In Foco - Editado por Caio Pimenta","headline":"Ministros do STF sugerem ren\u00fancia de Jaques Wagner da lideran\u00e7a do Governo no Senado","author":{"@id":"https:\/\/newsinfoco.com.br\/inicio\/author\/administrador\/#author"},"publisher":{"@id":"https:\/\/newsinfoco.com.br\/inicio\/#organization"},"image":{"@type":"ImageObject","url":"https:\/\/newsinfoco.com.br\/inicio\/wp-content\/uploads\/2019\/02\/02022017-jaques-wagner-mesa-diretora-assembleia-legislativa-da-bahia-alba-foto-josemar-pereira-ag-haack-bahiaba.jpg","width":600,"height":420,"caption":"Foto: Josemar Pereira\/ Ag. Haack\/ bahia.ba"},"datePublished":"2023-11-23T18:30:54-03:00","dateModified":"2023-11-23T18:30:54-03:00","inLanguage":"pt-BR","mainEntityOfPage":{"@id":"https:\/\/newsinfoco.com.br\/inicio\/ministros-do-stf-sugerem-renuncia-de-jaques-wagner-da-lideranca-do-governo-no-senado\/#webpage"},"isPartOf":{"@id":"https:\/\/newsinfoco.com.br\/inicio\/ministros-do-stf-sugerem-renuncia-de-jaques-wagner-da-lideranca-do-governo-no-senado\/#webpage"},"articleSection":"Brasil"},{"@type":"BreadcrumbList","@id":"https:\/\/newsinfoco.com.br\/inicio\/ministros-do-stf-sugerem-renuncia-de-jaques-wagner-da-lideranca-do-governo-no-senado\/#breadcrumblist","itemListElement":[{"@type":"ListItem","@id":"https:\/\/newsinfoco.com.br\/inicio#listItem","position":1,"name":"In\u00edcio","item":"https:\/\/newsinfoco.com.br\/inicio","nextItem":{"@type":"ListItem","@id":"https:\/\/newsinfoco.com.br\/inicio\/category\/brasil\/#listItem","name":"Brasil"}},{"@type":"ListItem","@id":"https:\/\/newsinfoco.com.br\/inicio\/category\/brasil\/#listItem","position":2,"name":"Brasil","item":"https:\/\/newsinfoco.com.br\/inicio\/category\/brasil\/","nextItem":{"@type":"ListItem","@id":"https:\/\/newsinfoco.com.br\/inicio\/ministros-do-stf-sugerem-renuncia-de-jaques-wagner-da-lideranca-do-governo-no-senado\/#listItem","name":"Ministros do STF sugerem ren\u00fancia de Jaques Wagner da lideran\u00e7a do Governo no Senado"},"previousItem":{"@type":"ListItem","@id":"https:\/\/newsinfoco.com.br\/inicio#listItem","name":"In\u00edcio"}},{"@type":"ListItem","@id":"https:\/\/newsinfoco.com.br\/inicio\/ministros-do-stf-sugerem-renuncia-de-jaques-wagner-da-lideranca-do-governo-no-senado\/#listItem","position":3,"name":"Ministros do STF sugerem ren\u00fancia de Jaques Wagner da lideran\u00e7a do Governo no Senado","previousItem":{"@type":"ListItem","@id":"https:\/\/newsinfoco.com.br\/inicio\/category\/brasil\/#listItem","name":"Brasil"}}]},{"@type":"Organization","@id":"https:\/\/newsinfoco.com.br\/inicio\/#organization","name":"News In Foco - Editado por Caio Pimenta","description":"O principal site de noticias de Alagoinhas e regi\u00e3o","url":"https:\/\/newsinfoco.com.br\/inicio\/"},{"@type":"Person","@id":"https:\/\/newsinfoco.com.br\/inicio\/author\/administrador\/#author","url":"https:\/\/newsinfoco.com.br\/inicio\/author\/administrador\/","name":"administrador","image":{"@type":"ImageObject","@id":"https:\/\/newsinfoco.com.br\/inicio\/ministros-do-stf-sugerem-renuncia-de-jaques-wagner-da-lideranca-do-governo-no-senado\/#authorImage","url":"https:\/\/secure.gravatar.com\/avatar\/c17a617433de8c1dc9584bb79aab7563b46f5bb7e1728c9b17d9cc3ce6a08e49?s=96&d=mm&r=g","width":96,"height":96,"caption":"administrador"}},{"@type":"WebPage","@id":"https:\/\/newsinfoco.com.br\/inicio\/ministros-do-stf-sugerem-renuncia-de-jaques-wagner-da-lideranca-do-governo-no-senado\/#webpage","url":"https:\/\/newsinfoco.com.br\/inicio\/ministros-do-stf-sugerem-renuncia-de-jaques-wagner-da-lideranca-do-governo-no-senado\/","name":"Ministros do STF sugerem ren\u00fancia de Jaques Wagner da lideran\u00e7a do Governo no Senado - News In Foco - Editado por Caio Pimenta","description":"O clima contra o l\u00edder do governo no Senado, Jaques Wagner (PT-BA), no Supremo Tribunal Federal est\u00e1 irrespir\u00e1vel. Tanto que ministros importantes da Corte sugeriram a seus interlocutores no Pal\u00e1cio do Planalto que o l\u00edder deixe o cargo. A coluna ouviu de um ministro do Planalto que \"n\u00e3o h\u00e1 a menor chance\" de afastamento de","inLanguage":"pt-BR","isPartOf":{"@id":"https:\/\/newsinfoco.com.br\/inicio\/#website"},"breadcrumb":{"@id":"https:\/\/newsinfoco.com.br\/inicio\/ministros-do-stf-sugerem-renuncia-de-jaques-wagner-da-lideranca-do-governo-no-senado\/#breadcrumblist"},"author":{"@id":"https:\/\/newsinfoco.com.br\/inicio\/author\/administrador\/#author"},"creator":{"@id":"https:\/\/newsinfoco.com.br\/inicio\/author\/administrador\/#author"},"image":{"@type":"ImageObject","url":"https:\/\/newsinfoco.com.br\/inicio\/wp-content\/uploads\/2019\/02\/02022017-jaques-wagner-mesa-diretora-assembleia-legislativa-da-bahia-alba-foto-josemar-pereira-ag-haack-bahiaba.jpg","@id":"https:\/\/newsinfoco.com.br\/inicio\/ministros-do-stf-sugerem-renuncia-de-jaques-wagner-da-lideranca-do-governo-no-senado\/#mainImage","width":600,"height":420,"caption":"Foto: Josemar Pereira\/ Ag. Haack\/ bahia.ba"},"primaryImageOfPage":{"@id":"https:\/\/newsinfoco.com.br\/inicio\/ministros-do-stf-sugerem-renuncia-de-jaques-wagner-da-lideranca-do-governo-no-senado\/#mainImage"},"datePublished":"2023-11-23T18:30:54-03:00","dateModified":"2023-11-23T18:30:54-03:00"},{"@type":"WebSite","@id":"https:\/\/newsinfoco.com.br\/inicio\/#website","url":"https:\/\/newsinfoco.com.br\/inicio\/","name":"News In Foco - Editado por Caio Pimenta","description":"O principal site de noticias de Alagoinhas e regi\u00e3o","inLanguage":"pt-BR","publisher":{"@id":"https:\/\/newsinfoco.com.br\/inicio\/#organization"}}]},"og:locale":"pt_BR","og:site_name":"News In Foco - Editado por Caio Pimenta - O principal site de noticias de Alagoinhas e regi\u00e3o","og:type":"article","og:title":"Ministros do STF sugerem ren\u00fancia de Jaques Wagner da lideran\u00e7a do Governo no Senado - News In Foco - Editado por Caio Pimenta","og:description":"O clima contra o l\u00edder do governo no Senado, Jaques Wagner (PT-BA), no Supremo Tribunal Federal est\u00e1 irrespir\u00e1vel. Tanto que ministros importantes da Corte sugeriram a seus interlocutores no Pal\u00e1cio do Planalto que o l\u00edder deixe o cargo. A coluna ouviu de um ministro do Planalto que &quot;n\u00e3o h\u00e1 a menor chance&quot; de afastamento de","og:url":"https:\/\/newsinfoco.com.br\/inicio\/ministros-do-stf-sugerem-renuncia-de-jaques-wagner-da-lideranca-do-governo-no-senado\/","article:published_time":"2023-11-23T21:30:54+00:00","article:modified_time":"2023-11-23T21:30:54+00:00","twitter:card":"summary_large_image","twitter:title":"Ministros do STF sugerem ren\u00fancia de Jaques Wagner da lideran\u00e7a do Governo no Senado - News In Foco - Editado por Caio Pimenta","twitter:description":"O clima contra o l\u00edder do governo no Senado, Jaques Wagner (PT-BA), no Supremo Tribunal Federal est\u00e1 irrespir\u00e1vel. Tanto que ministros importantes da Corte sugeriram a seus interlocutores no Pal\u00e1cio do Planalto que o l\u00edder deixe o cargo. A coluna ouviu de um ministro do Planalto que &quot;n\u00e3o h\u00e1 a menor chance&quot; de afastamento de"},"aioseo_meta_data":{"post_id":"35502","title":null,"description":null,"keywords":[],"keyphrases":{"focus":{"keyphrase":"","score":0,"analysis":{"keyphraseInTitle":{"score":0,"maxScore":9,"error":1}}},"additional":[]},"primary_term":null,"canonical_url":null,"og_title":null,"og_description":null,"og_object_type":"default","og_image_type":"default","og_image_url":null,"og_image_width":null,"og_image_height":null,"og_image_custom_url":null,"og_image_custom_fields":null,"og_video":"","og_custom_url":null,"og_article_section":null,"og_article_tags":[],"twitter_use_og":false,"twitter_card":"default","twitter_image_type":"default","twitter_image_url":null,"twitter_image_custom_url":null,"twitter_image_custom_fields":null,"twitter_title":null,"twitter_description":null,"schema":{"blockGraphs":[],"customGraphs":[],"default":{"data":{"Article":[],"Course":[],"Dataset":[],"FAQPage":[],"Movie":[],"Person":[],"Product":[],"ProductReview":[],"Car":[],"Recipe":[],"Service":[],"SoftwareApplication":[],"WebPage":[]},"graphName":"BlogPosting","isEnabled":true},"graphs":[]},"schema_type":"default","schema_type_options":null,"pillar_content":false,"robots_default":true,"robots_noindex":false,"robots_noarchive":false,"robots_nosnippet":false,"robots_nofollow":false,"robots_noimageindex":false,"robots_noodp":false,"robots_notranslate":false,"robots_max_snippet":"-1","robots_max_videopreview":"-1","robots_max_imagepreview":"large","priority":null,"frequency":"default","local_seo":null,"breadcrumb_settings":null,"limit_modified_date":false,"ai":null,"created":"2023-11-23 21:30:54","updated":"2025-07-11 10:26:48","seo_analyzer_scan_date":null},"aioseo_breadcrumb":"<div class=\"aioseo-breadcrumbs\"><span class=\"aioseo-breadcrumb\">\n\t\t\t<a href=\"https:\/\/newsinfoco.com.br\/inicio\" title=\"In\u00edcio\">In\u00edcio<\/a>\n\t\t<\/span><span class=\"aioseo-breadcrumb-separator\">&raquo;<\/span><span class=\"aioseo-breadcrumb\">\n\t\t\t<a href=\"https:\/\/newsinfoco.com.br\/inicio\/category\/brasil\/\" title=\"Brasil\">Brasil<\/a>\n\t\t<\/span><span class=\"aioseo-breadcrumb-separator\">&raquo;<\/span><span class=\"aioseo-breadcrumb\">\n\t\t\tMinistros do STF sugerem ren\u00fancia de Jaques Wagner da lideran\u00e7a do Governo no Senado\n\t\t<\/span><\/div>","aioseo_breadcrumb_json":[{"label":"In\u00edcio","link":"https:\/\/newsinfoco.com.br\/inicio"},{"label":"Brasil","link":"https:\/\/newsinfoco.com.br\/inicio\/category\/brasil\/"},{"label":"Ministros do STF sugerem ren\u00fancia de Jaques Wagner da lideran\u00e7a do Governo no Senado","link":"https:\/\/newsinfoco.com.br\/inicio\/ministros-do-stf-sugerem-renuncia-de-jaques-wagner-da-lideranca-do-governo-no-senado\/"}],"_links":{"self":[{"href":"https:\/\/newsinfoco.com.br\/inicio\/wp-json\/wp\/v2\/posts\/35502","targetHints":{"allow":["GET"]}}],"collection":[{"href":"https:\/\/newsinfoco.com.br\/inicio\/wp-json\/wp\/v2\/posts"}],"about":[{"href":"https:\/\/newsinfoco.com.br\/inicio\/wp-json\/wp\/v2\/types\/post"}],"author":[{"embeddable":true,"href":"https:\/\/newsinfoco.com.br\/inicio\/wp-json\/wp\/v2\/users\/1"}],"replies":[{"embeddable":true,"href":"https:\/\/newsinfoco.com.br\/inicio\/wp-json\/wp\/v2\/comments?post=35502"}],"version-history":[{"count":1,"href":"https:\/\/newsinfoco.com.br\/inicio\/wp-json\/wp\/v2\/posts\/35502\/revisions"}],"predecessor-version":[{"id":35503,"href":"https:\/\/newsinfoco.com.br\/inicio\/wp-json\/wp\/v2\/posts\/35502\/revisions\/35503"}],"wp:featuredmedia":[{"embeddable":true,"href":"https:\/\/newsinfoco.com.br\/inicio\/wp-json\/wp\/v2\/media\/13195"}],"wp:attachment":[{"href":"https:\/\/newsinfoco.com.br\/inicio\/wp-json\/wp\/v2\/media?parent=35502"}],"wp:term":[{"taxonomy":"category","embeddable":true,"href":"https:\/\/newsinfoco.com.br\/inicio\/wp-json\/wp\/v2\/categories?post=35502"},{"taxonomy":"post_tag","embeddable":true,"href":"https:\/\/newsinfoco.com.br\/inicio\/wp-json\/wp\/v2\/tags?post=35502"}],"curies":[{"name":"wp","href":"https:\/\/api.w.org\/{rel}","templated":true}]}}