{"id":35505,"date":"2023-11-24T19:40:57","date_gmt":"2023-11-24T22:40:57","guid":{"rendered":"https:\/\/newsinfoco.com.br\/inicio\/?p=35505"},"modified":"2023-11-24T19:40:57","modified_gmt":"2023-11-24T22:40:57","slug":"alem-de-jaques-wagner-pec-que-limita-decisoes-do-stf-teve-apoio-de-otto-alencar-e-angelo-coronel","status":"publish","type":"post","link":"https:\/\/newsinfoco.com.br\/inicio\/alem-de-jaques-wagner-pec-que-limita-decisoes-do-stf-teve-apoio-de-otto-alencar-e-angelo-coronel\/","title":{"rendered":"Al\u00e9m de Jaques Wagner, PEC que limita decis\u00f5es do STF teve apoio de Otto Alencar e Angelo Coronel"},"content":{"rendered":"<p>\u00danico voto no PT em favor da PEC que limita decis\u00f5es monocr\u00e1ticas de ministro do Supremo Tribunal Federal (STF), Jaques Wagner n\u00e3o foi o \u00fanico senador baiano a apoiar a medida que \u00e9 defendida por bolsonaristas.<\/p>\n<p>Al\u00e9m dele, Otto Alencar e Angelo Coronel (PSD, ambos) tamb\u00e9m referendaram a proposta. A PEC pro\u00edbe decis\u00f5es individuais de ministros que suspendam a efic\u00e1cia de leis ou atos dos presidentes da Rep\u00fablica, da C\u00e2mara, do Senado e do Congresso.<\/p>\n<p>Otto e Coronel chegaram a mudar de posi\u00e7\u00e3o, pois, inicialmente, foram contr\u00e1rios ao pedido de urg\u00eancia da mat\u00e9ria. O relator da proposta, o senador Espiridi\u00e3o Amin (PP-SC), no entanto, acolheu um pedido de Otto para retirar do texto uma regra que modificava a tramita\u00e7\u00e3o dos pedidos de vistas apresentados pelos ministros do STF.<\/p>\n<p>Com isso, todos os tr\u00eas senadores da Bahia acabaram votando a favor da proposta.<\/p>\n<p>Cr\u00edtica interna \u2013 O voto de Wagner foi muito mal recepcionado pelo PT. Presidente do partido, Gleisi Hoffmann (PT-PR) disse que o \u201csim\u201d do colega de partido \u201cfoi um erro\u201d.<\/p>\n<p>No Pal\u00e1cio do Planalto, Gleisi ainda afirmou que, a partir de agora, o caminho \u00e9 \u201ctentar na C\u00e2mara fazer as articula\u00e7\u00f5es para n\u00e3o deixar essa PEC prosperar\u201d. A tend\u00eancia \u00e9 que a proposta tenha uma tramita\u00e7\u00e3o lenta na Casa, uma vez que n\u00e3o est\u00e1 na lista de prioridades de Arthur Lira (PP-AL).<\/p>\n<p>&nbsp;<\/p>\n<p><span class=\"assinatura_exclusiva\">Alexandre Galv\u00e3o para o Politicalivre<\/span><\/p>\n<div class=\"carregar-mais\"><\/div>\n<div class='share-to-whatsapp-wrapper'><div class='share-on-whsp'>Share on: <\/div><a data-text='Al\u00e9m de Jaques Wagner, PEC que limita decis\u00f5es do STF teve apoio de Otto Alencar e Angelo Coronel' data-link='https:\/\/newsinfoco.com.br\/inicio\/alem-de-jaques-wagner-pec-que-limita-decisoes-do-stf-teve-apoio-de-otto-alencar-e-angelo-coronel\/' class='whatsapp-button whatsapp-share'>WhatsApp<\/a><div class='clear '><\/div><\/div>","protected":false},"excerpt":{"rendered":"<p>\u00danico voto no PT em favor da PEC que limita decis\u00f5es monocr\u00e1ticas de ministro do Supremo Tribunal Federal (STF), Jaques Wagner n\u00e3o foi o \u00fanico senador baiano a apoiar a medida que \u00e9 defendida por bolsonaristas. Al\u00e9m dele, Otto Alencar e Angelo Coronel (PSD, ambos) tamb\u00e9m referendaram a proposta. A PEC pro\u00edbe decis\u00f5es individuais de [&hellip;]<\/p>\n","protected":false},"author":1,"featured_media":35506,"comment_status":"closed","ping_status":"closed","sticky":false,"template":"","format":"standard","meta":{"om_disable_all_campaigns":false,"rop_custom_images_group":[],"rop_custom_messages_group":[],"rop_publish_now":"initial","rop_publish_now_accounts":[],"rop_publish_now_history":[],"rop_publish_now_status":"pending","_exactmetrics_skip_tracking":false,"footnotes":""},"categories":[19],"tags":[],"class_list":["post-35505","post","type-post","status-publish","format-standard","has-post-thumbnail","hentry","category-bahia"],"aioseo_notices":[],"aioseo_head":"\n\t\t<!-- All in One SEO 4.9.10 - aioseo.com -->\n\t<meta name=\"description\" content=\"\u00danico voto no PT em favor da PEC que limita decis\u00f5es monocr\u00e1ticas de ministro do Supremo Tribunal Federal (STF), Jaques Wagner n\u00e3o foi o \u00fanico senador baiano a apoiar a medida que \u00e9 defendida por bolsonaristas. Al\u00e9m dele, Otto Alencar e Angelo Coronel (PSD, ambos) tamb\u00e9m referendaram a proposta. A PEC pro\u00edbe decis\u00f5es individuais de\" \/>\n\t<meta name=\"robots\" content=\"max-image-preview:large\" \/>\n\t<meta name=\"author\" content=\"administrador\"\/>\n\t<link rel=\"canonical\" href=\"https:\/\/newsinfoco.com.br\/inicio\/alem-de-jaques-wagner-pec-que-limita-decisoes-do-stf-teve-apoio-de-otto-alencar-e-angelo-coronel\/\" \/>\n\t<meta name=\"generator\" content=\"All in One SEO (AIOSEO) 4.9.10\" \/>\n\t\t<meta property=\"og:locale\" content=\"pt_BR\" \/>\n\t\t<meta property=\"og:site_name\" content=\"News In Foco - Editado por Caio Pimenta - O principal site de noticias de Alagoinhas e regi\u00e3o\" \/>\n\t\t<meta property=\"og:type\" content=\"article\" \/>\n\t\t<meta property=\"og:title\" content=\"Al\u00e9m de Jaques Wagner, PEC que limita decis\u00f5es do STF teve apoio de Otto Alencar e Angelo Coronel - News In Foco - Editado por Caio Pimenta\" \/>\n\t\t<meta property=\"og:description\" content=\"\u00danico voto no PT em favor da PEC que limita decis\u00f5es monocr\u00e1ticas de ministro do Supremo Tribunal Federal (STF), Jaques Wagner n\u00e3o foi o \u00fanico senador baiano a apoiar a medida que \u00e9 defendida por bolsonaristas. Al\u00e9m dele, Otto Alencar e Angelo Coronel (PSD, ambos) tamb\u00e9m referendaram a proposta. A PEC pro\u00edbe decis\u00f5es individuais de\" \/>\n\t\t<meta property=\"og:url\" content=\"https:\/\/newsinfoco.com.br\/inicio\/alem-de-jaques-wagner-pec-que-limita-decisoes-do-stf-teve-apoio-de-otto-alencar-e-angelo-coronel\/\" \/>\n\t\t<meta property=\"article:published_time\" content=\"2023-11-24T22:40:57+00:00\" \/>\n\t\t<meta property=\"article:modified_time\" content=\"2023-11-24T22:40:57+00:00\" \/>\n\t\t<meta name=\"twitter:card\" content=\"summary_large_image\" \/>\n\t\t<meta name=\"twitter:title\" content=\"Al\u00e9m de Jaques Wagner, PEC que limita decis\u00f5es do STF teve apoio de Otto Alencar e Angelo Coronel - News In Foco - Editado por Caio Pimenta\" \/>\n\t\t<meta name=\"twitter:description\" content=\"\u00danico voto no PT em favor da PEC que limita decis\u00f5es monocr\u00e1ticas de ministro do Supremo Tribunal Federal (STF), Jaques Wagner n\u00e3o foi o \u00fanico senador baiano a apoiar a medida que \u00e9 defendida por bolsonaristas. Al\u00e9m dele, Otto Alencar e Angelo Coronel (PSD, ambos) tamb\u00e9m referendaram a proposta. A PEC pro\u00edbe decis\u00f5es individuais de\" \/>\n\t\t<script type=\"application\/ld+json\" class=\"aioseo-schema\">\n\t\t\t{\"@context\":\"https:\\\/\\\/schema.org\",\"@graph\":[{\"@type\":\"BlogPosting\",\"@id\":\"https:\\\/\\\/newsinfoco.com.br\\\/inicio\\\/alem-de-jaques-wagner-pec-que-limita-decisoes-do-stf-teve-apoio-de-otto-alencar-e-angelo-coronel\\\/#blogposting\",\"name\":\"Al\\u00e9m de Jaques Wagner, PEC que limita decis\\u00f5es do STF teve apoio de Otto Alencar e Angelo Coronel - News In Foco - Editado por Caio Pimenta\",\"headline\":\"Al\\u00e9m de Jaques Wagner, PEC que limita decis\\u00f5es do STF teve apoio de Otto Alencar e Angelo Coronel\",\"author\":{\"@id\":\"https:\\\/\\\/newsinfoco.com.br\\\/inicio\\\/author\\\/administrador\\\/#author\"},\"publisher\":{\"@id\":\"https:\\\/\\\/newsinfoco.com.br\\\/inicio\\\/#organization\"},\"image\":{\"@type\":\"ImageObject\",\"url\":\"https:\\\/\\\/newsinfoco.com.br\\\/inicio\\\/wp-content\\\/uploads\\\/2023\\\/11\\\/wagner.jpg\",\"width\":530,\"height\":353},\"datePublished\":\"2023-11-24T19:40:57-03:00\",\"dateModified\":\"2023-11-24T19:40:57-03:00\",\"inLanguage\":\"pt-BR\",\"mainEntityOfPage\":{\"@id\":\"https:\\\/\\\/newsinfoco.com.br\\\/inicio\\\/alem-de-jaques-wagner-pec-que-limita-decisoes-do-stf-teve-apoio-de-otto-alencar-e-angelo-coronel\\\/#webpage\"},\"isPartOf\":{\"@id\":\"https:\\\/\\\/newsinfoco.com.br\\\/inicio\\\/alem-de-jaques-wagner-pec-que-limita-decisoes-do-stf-teve-apoio-de-otto-alencar-e-angelo-coronel\\\/#webpage\"},\"articleSection\":\"Bahia\"},{\"@type\":\"BreadcrumbList\",\"@id\":\"https:\\\/\\\/newsinfoco.com.br\\\/inicio\\\/alem-de-jaques-wagner-pec-que-limita-decisoes-do-stf-teve-apoio-de-otto-alencar-e-angelo-coronel\\\/#breadcrumblist\",\"itemListElement\":[{\"@type\":\"ListItem\",\"@id\":\"https:\\\/\\\/newsinfoco.com.br\\\/inicio#listItem\",\"position\":1,\"name\":\"In\\u00edcio\",\"item\":\"https:\\\/\\\/newsinfoco.com.br\\\/inicio\",\"nextItem\":{\"@type\":\"ListItem\",\"@id\":\"https:\\\/\\\/newsinfoco.com.br\\\/inicio\\\/category\\\/bahia\\\/#listItem\",\"name\":\"Bahia\"}},{\"@type\":\"ListItem\",\"@id\":\"https:\\\/\\\/newsinfoco.com.br\\\/inicio\\\/category\\\/bahia\\\/#listItem\",\"position\":2,\"name\":\"Bahia\",\"item\":\"https:\\\/\\\/newsinfoco.com.br\\\/inicio\\\/category\\\/bahia\\\/\",\"nextItem\":{\"@type\":\"ListItem\",\"@id\":\"https:\\\/\\\/newsinfoco.com.br\\\/inicio\\\/alem-de-jaques-wagner-pec-que-limita-decisoes-do-stf-teve-apoio-de-otto-alencar-e-angelo-coronel\\\/#listItem\",\"name\":\"Al\\u00e9m de Jaques Wagner, PEC que limita decis\\u00f5es do STF teve apoio de Otto Alencar e Angelo Coronel\"},\"previousItem\":{\"@type\":\"ListItem\",\"@id\":\"https:\\\/\\\/newsinfoco.com.br\\\/inicio#listItem\",\"name\":\"In\\u00edcio\"}},{\"@type\":\"ListItem\",\"@id\":\"https:\\\/\\\/newsinfoco.com.br\\\/inicio\\\/alem-de-jaques-wagner-pec-que-limita-decisoes-do-stf-teve-apoio-de-otto-alencar-e-angelo-coronel\\\/#listItem\",\"position\":3,\"name\":\"Al\\u00e9m de Jaques Wagner, PEC que limita decis\\u00f5es do STF teve apoio de Otto Alencar e Angelo Coronel\",\"previousItem\":{\"@type\":\"ListItem\",\"@id\":\"https:\\\/\\\/newsinfoco.com.br\\\/inicio\\\/category\\\/bahia\\\/#listItem\",\"name\":\"Bahia\"}}]},{\"@type\":\"Organization\",\"@id\":\"https:\\\/\\\/newsinfoco.com.br\\\/inicio\\\/#organization\",\"name\":\"News In Foco - Editado por Caio Pimenta\",\"description\":\"O principal site de noticias de Alagoinhas e regi\\u00e3o\",\"url\":\"https:\\\/\\\/newsinfoco.com.br\\\/inicio\\\/\"},{\"@type\":\"Person\",\"@id\":\"https:\\\/\\\/newsinfoco.com.br\\\/inicio\\\/author\\\/administrador\\\/#author\",\"url\":\"https:\\\/\\\/newsinfoco.com.br\\\/inicio\\\/author\\\/administrador\\\/\",\"name\":\"administrador\",\"image\":{\"@type\":\"ImageObject\",\"@id\":\"https:\\\/\\\/newsinfoco.com.br\\\/inicio\\\/alem-de-jaques-wagner-pec-que-limita-decisoes-do-stf-teve-apoio-de-otto-alencar-e-angelo-coronel\\\/#authorImage\",\"url\":\"https:\\\/\\\/secure.gravatar.com\\\/avatar\\\/c17a617433de8c1dc9584bb79aab7563b46f5bb7e1728c9b17d9cc3ce6a08e49?s=96&d=mm&r=g\",\"width\":96,\"height\":96,\"caption\":\"administrador\"}},{\"@type\":\"WebPage\",\"@id\":\"https:\\\/\\\/newsinfoco.com.br\\\/inicio\\\/alem-de-jaques-wagner-pec-que-limita-decisoes-do-stf-teve-apoio-de-otto-alencar-e-angelo-coronel\\\/#webpage\",\"url\":\"https:\\\/\\\/newsinfoco.com.br\\\/inicio\\\/alem-de-jaques-wagner-pec-que-limita-decisoes-do-stf-teve-apoio-de-otto-alencar-e-angelo-coronel\\\/\",\"name\":\"Al\\u00e9m de Jaques Wagner, PEC que limita decis\\u00f5es do STF teve apoio de Otto Alencar e Angelo Coronel - News In Foco - Editado por Caio Pimenta\",\"description\":\"\\u00danico voto no PT em favor da PEC que limita decis\\u00f5es monocr\\u00e1ticas de ministro do Supremo Tribunal Federal (STF), Jaques Wagner n\\u00e3o foi o \\u00fanico senador baiano a apoiar a medida que \\u00e9 defendida por bolsonaristas. Al\\u00e9m dele, Otto Alencar e Angelo Coronel (PSD, ambos) tamb\\u00e9m referendaram a proposta. A PEC pro\\u00edbe decis\\u00f5es individuais de\",\"inLanguage\":\"pt-BR\",\"isPartOf\":{\"@id\":\"https:\\\/\\\/newsinfoco.com.br\\\/inicio\\\/#website\"},\"breadcrumb\":{\"@id\":\"https:\\\/\\\/newsinfoco.com.br\\\/inicio\\\/alem-de-jaques-wagner-pec-que-limita-decisoes-do-stf-teve-apoio-de-otto-alencar-e-angelo-coronel\\\/#breadcrumblist\"},\"author\":{\"@id\":\"https:\\\/\\\/newsinfoco.com.br\\\/inicio\\\/author\\\/administrador\\\/#author\"},\"creator\":{\"@id\":\"https:\\\/\\\/newsinfoco.com.br\\\/inicio\\\/author\\\/administrador\\\/#author\"},\"image\":{\"@type\":\"ImageObject\",\"url\":\"https:\\\/\\\/newsinfoco.com.br\\\/inicio\\\/wp-content\\\/uploads\\\/2023\\\/11\\\/wagner.jpg\",\"@id\":\"https:\\\/\\\/newsinfoco.com.br\\\/inicio\\\/alem-de-jaques-wagner-pec-que-limita-decisoes-do-stf-teve-apoio-de-otto-alencar-e-angelo-coronel\\\/#mainImage\",\"width\":530,\"height\":353},\"primaryImageOfPage\":{\"@id\":\"https:\\\/\\\/newsinfoco.com.br\\\/inicio\\\/alem-de-jaques-wagner-pec-que-limita-decisoes-do-stf-teve-apoio-de-otto-alencar-e-angelo-coronel\\\/#mainImage\"},\"datePublished\":\"2023-11-24T19:40:57-03:00\",\"dateModified\":\"2023-11-24T19:40:57-03:00\"},{\"@type\":\"WebSite\",\"@id\":\"https:\\\/\\\/newsinfoco.com.br\\\/inicio\\\/#website\",\"url\":\"https:\\\/\\\/newsinfoco.com.br\\\/inicio\\\/\",\"name\":\"News In Foco - Editado por Caio Pimenta\",\"description\":\"O principal site de noticias de Alagoinhas e regi\\u00e3o\",\"inLanguage\":\"pt-BR\",\"publisher\":{\"@id\":\"https:\\\/\\\/newsinfoco.com.br\\\/inicio\\\/#organization\"}}]}\n\t\t<\/script>\n\t\t<!-- All in One SEO -->\n\n","aioseo_head_json":{"title":"Al\u00e9m de Jaques Wagner, PEC que limita decis\u00f5es do STF teve apoio de Otto Alencar e Angelo Coronel - News In Foco - Editado por Caio Pimenta","description":"\u00danico voto no PT em favor da PEC que limita decis\u00f5es monocr\u00e1ticas de ministro do Supremo Tribunal Federal (STF), Jaques Wagner n\u00e3o foi o \u00fanico senador baiano a apoiar a medida que \u00e9 defendida por bolsonaristas. Al\u00e9m dele, Otto Alencar e Angelo Coronel (PSD, ambos) tamb\u00e9m referendaram a proposta. A PEC pro\u00edbe decis\u00f5es individuais de","canonical_url":"https:\/\/newsinfoco.com.br\/inicio\/alem-de-jaques-wagner-pec-que-limita-decisoes-do-stf-teve-apoio-de-otto-alencar-e-angelo-coronel\/","robots":"max-image-preview:large","keywords":"","webmasterTools":{"miscellaneous":""},"schema":{"@context":"https:\/\/schema.org","@graph":[{"@type":"BlogPosting","@id":"https:\/\/newsinfoco.com.br\/inicio\/alem-de-jaques-wagner-pec-que-limita-decisoes-do-stf-teve-apoio-de-otto-alencar-e-angelo-coronel\/#blogposting","name":"Al\u00e9m de Jaques Wagner, PEC que limita decis\u00f5es do STF teve apoio de Otto Alencar e Angelo Coronel - News In Foco - Editado por Caio Pimenta","headline":"Al\u00e9m de Jaques Wagner, PEC que limita decis\u00f5es do STF teve apoio de Otto Alencar e Angelo Coronel","author":{"@id":"https:\/\/newsinfoco.com.br\/inicio\/author\/administrador\/#author"},"publisher":{"@id":"https:\/\/newsinfoco.com.br\/inicio\/#organization"},"image":{"@type":"ImageObject","url":"https:\/\/newsinfoco.com.br\/inicio\/wp-content\/uploads\/2023\/11\/wagner.jpg","width":530,"height":353},"datePublished":"2023-11-24T19:40:57-03:00","dateModified":"2023-11-24T19:40:57-03:00","inLanguage":"pt-BR","mainEntityOfPage":{"@id":"https:\/\/newsinfoco.com.br\/inicio\/alem-de-jaques-wagner-pec-que-limita-decisoes-do-stf-teve-apoio-de-otto-alencar-e-angelo-coronel\/#webpage"},"isPartOf":{"@id":"https:\/\/newsinfoco.com.br\/inicio\/alem-de-jaques-wagner-pec-que-limita-decisoes-do-stf-teve-apoio-de-otto-alencar-e-angelo-coronel\/#webpage"},"articleSection":"Bahia"},{"@type":"BreadcrumbList","@id":"https:\/\/newsinfoco.com.br\/inicio\/alem-de-jaques-wagner-pec-que-limita-decisoes-do-stf-teve-apoio-de-otto-alencar-e-angelo-coronel\/#breadcrumblist","itemListElement":[{"@type":"ListItem","@id":"https:\/\/newsinfoco.com.br\/inicio#listItem","position":1,"name":"In\u00edcio","item":"https:\/\/newsinfoco.com.br\/inicio","nextItem":{"@type":"ListItem","@id":"https:\/\/newsinfoco.com.br\/inicio\/category\/bahia\/#listItem","name":"Bahia"}},{"@type":"ListItem","@id":"https:\/\/newsinfoco.com.br\/inicio\/category\/bahia\/#listItem","position":2,"name":"Bahia","item":"https:\/\/newsinfoco.com.br\/inicio\/category\/bahia\/","nextItem":{"@type":"ListItem","@id":"https:\/\/newsinfoco.com.br\/inicio\/alem-de-jaques-wagner-pec-que-limita-decisoes-do-stf-teve-apoio-de-otto-alencar-e-angelo-coronel\/#listItem","name":"Al\u00e9m de Jaques Wagner, PEC que limita decis\u00f5es do STF teve apoio de Otto Alencar e Angelo Coronel"},"previousItem":{"@type":"ListItem","@id":"https:\/\/newsinfoco.com.br\/inicio#listItem","name":"In\u00edcio"}},{"@type":"ListItem","@id":"https:\/\/newsinfoco.com.br\/inicio\/alem-de-jaques-wagner-pec-que-limita-decisoes-do-stf-teve-apoio-de-otto-alencar-e-angelo-coronel\/#listItem","position":3,"name":"Al\u00e9m de Jaques Wagner, PEC que limita decis\u00f5es do STF teve apoio de Otto Alencar e Angelo Coronel","previousItem":{"@type":"ListItem","@id":"https:\/\/newsinfoco.com.br\/inicio\/category\/bahia\/#listItem","name":"Bahia"}}]},{"@type":"Organization","@id":"https:\/\/newsinfoco.com.br\/inicio\/#organization","name":"News In Foco - Editado por Caio Pimenta","description":"O principal site de noticias de Alagoinhas e regi\u00e3o","url":"https:\/\/newsinfoco.com.br\/inicio\/"},{"@type":"Person","@id":"https:\/\/newsinfoco.com.br\/inicio\/author\/administrador\/#author","url":"https:\/\/newsinfoco.com.br\/inicio\/author\/administrador\/","name":"administrador","image":{"@type":"ImageObject","@id":"https:\/\/newsinfoco.com.br\/inicio\/alem-de-jaques-wagner-pec-que-limita-decisoes-do-stf-teve-apoio-de-otto-alencar-e-angelo-coronel\/#authorImage","url":"https:\/\/secure.gravatar.com\/avatar\/c17a617433de8c1dc9584bb79aab7563b46f5bb7e1728c9b17d9cc3ce6a08e49?s=96&d=mm&r=g","width":96,"height":96,"caption":"administrador"}},{"@type":"WebPage","@id":"https:\/\/newsinfoco.com.br\/inicio\/alem-de-jaques-wagner-pec-que-limita-decisoes-do-stf-teve-apoio-de-otto-alencar-e-angelo-coronel\/#webpage","url":"https:\/\/newsinfoco.com.br\/inicio\/alem-de-jaques-wagner-pec-que-limita-decisoes-do-stf-teve-apoio-de-otto-alencar-e-angelo-coronel\/","name":"Al\u00e9m de Jaques Wagner, PEC que limita decis\u00f5es do STF teve apoio de Otto Alencar e Angelo Coronel - News In Foco - Editado por Caio Pimenta","description":"\u00danico voto no PT em favor da PEC que limita decis\u00f5es monocr\u00e1ticas de ministro do Supremo Tribunal Federal (STF), Jaques Wagner n\u00e3o foi o \u00fanico senador baiano a apoiar a medida que \u00e9 defendida por bolsonaristas. Al\u00e9m dele, Otto Alencar e Angelo Coronel (PSD, ambos) tamb\u00e9m referendaram a proposta. A PEC pro\u00edbe decis\u00f5es individuais de","inLanguage":"pt-BR","isPartOf":{"@id":"https:\/\/newsinfoco.com.br\/inicio\/#website"},"breadcrumb":{"@id":"https:\/\/newsinfoco.com.br\/inicio\/alem-de-jaques-wagner-pec-que-limita-decisoes-do-stf-teve-apoio-de-otto-alencar-e-angelo-coronel\/#breadcrumblist"},"author":{"@id":"https:\/\/newsinfoco.com.br\/inicio\/author\/administrador\/#author"},"creator":{"@id":"https:\/\/newsinfoco.com.br\/inicio\/author\/administrador\/#author"},"image":{"@type":"ImageObject","url":"https:\/\/newsinfoco.com.br\/inicio\/wp-content\/uploads\/2023\/11\/wagner.jpg","@id":"https:\/\/newsinfoco.com.br\/inicio\/alem-de-jaques-wagner-pec-que-limita-decisoes-do-stf-teve-apoio-de-otto-alencar-e-angelo-coronel\/#mainImage","width":530,"height":353},"primaryImageOfPage":{"@id":"https:\/\/newsinfoco.com.br\/inicio\/alem-de-jaques-wagner-pec-que-limita-decisoes-do-stf-teve-apoio-de-otto-alencar-e-angelo-coronel\/#mainImage"},"datePublished":"2023-11-24T19:40:57-03:00","dateModified":"2023-11-24T19:40:57-03:00"},{"@type":"WebSite","@id":"https:\/\/newsinfoco.com.br\/inicio\/#website","url":"https:\/\/newsinfoco.com.br\/inicio\/","name":"News In Foco - Editado por Caio Pimenta","description":"O principal site de noticias de Alagoinhas e regi\u00e3o","inLanguage":"pt-BR","publisher":{"@id":"https:\/\/newsinfoco.com.br\/inicio\/#organization"}}]},"og:locale":"pt_BR","og:site_name":"News In Foco - Editado por Caio Pimenta - O principal site de noticias de Alagoinhas e regi\u00e3o","og:type":"article","og:title":"Al\u00e9m de Jaques Wagner, PEC que limita decis\u00f5es do STF teve apoio de Otto Alencar e Angelo Coronel - News In Foco - Editado por Caio Pimenta","og:description":"\u00danico voto no PT em favor da PEC que limita decis\u00f5es monocr\u00e1ticas de ministro do Supremo Tribunal Federal (STF), Jaques Wagner n\u00e3o foi o \u00fanico senador baiano a apoiar a medida que \u00e9 defendida por bolsonaristas. Al\u00e9m dele, Otto Alencar e Angelo Coronel (PSD, ambos) tamb\u00e9m referendaram a proposta. A PEC pro\u00edbe decis\u00f5es individuais de","og:url":"https:\/\/newsinfoco.com.br\/inicio\/alem-de-jaques-wagner-pec-que-limita-decisoes-do-stf-teve-apoio-de-otto-alencar-e-angelo-coronel\/","article:published_time":"2023-11-24T22:40:57+00:00","article:modified_time":"2023-11-24T22:40:57+00:00","twitter:card":"summary_large_image","twitter:title":"Al\u00e9m de Jaques Wagner, PEC que limita decis\u00f5es do STF teve apoio de Otto Alencar e Angelo Coronel - News In Foco - Editado por Caio Pimenta","twitter:description":"\u00danico voto no PT em favor da PEC que limita decis\u00f5es monocr\u00e1ticas de ministro do Supremo Tribunal Federal (STF), Jaques Wagner n\u00e3o foi o \u00fanico senador baiano a apoiar a medida que \u00e9 defendida por bolsonaristas. Al\u00e9m dele, Otto Alencar e Angelo Coronel (PSD, ambos) tamb\u00e9m referendaram a proposta. A PEC pro\u00edbe decis\u00f5es individuais de"},"aioseo_meta_data":{"post_id":"35505","title":null,"description":null,"keywords":[],"keyphrases":{"focus":{"keyphrase":"","score":0,"analysis":{"keyphraseInTitle":{"score":0,"maxScore":9,"error":1}}},"additional":[]},"primary_term":null,"canonical_url":null,"og_title":null,"og_description":null,"og_object_type":"default","og_image_type":"default","og_image_url":null,"og_image_width":null,"og_image_height":null,"og_image_custom_url":null,"og_image_custom_fields":null,"og_video":"","og_custom_url":null,"og_article_section":null,"og_article_tags":[],"twitter_use_og":false,"twitter_card":"default","twitter_image_type":"default","twitter_image_url":null,"twitter_image_custom_url":null,"twitter_image_custom_fields":null,"twitter_title":null,"twitter_description":null,"schema":{"blockGraphs":[],"customGraphs":[],"default":{"data":{"Article":[],"Course":[],"Dataset":[],"FAQPage":[],"Movie":[],"Person":[],"Product":[],"ProductReview":[],"Car":[],"Recipe":[],"Service":[],"SoftwareApplication":[],"WebPage":[]},"graphName":"BlogPosting","isEnabled":true},"graphs":[]},"schema_type":"default","schema_type_options":null,"pillar_content":false,"robots_default":true,"robots_noindex":false,"robots_noarchive":false,"robots_nosnippet":false,"robots_nofollow":false,"robots_noimageindex":false,"robots_noodp":false,"robots_notranslate":false,"robots_max_snippet":"-1","robots_max_videopreview":"-1","robots_max_imagepreview":"large","priority":null,"frequency":"default","local_seo":null,"breadcrumb_settings":null,"limit_modified_date":false,"ai":null,"created":"2023-11-24 22:40:57","updated":"2025-07-11 10:26:48","seo_analyzer_scan_date":null},"aioseo_breadcrumb":"<div class=\"aioseo-breadcrumbs\"><span class=\"aioseo-breadcrumb\">\n\t\t\t<a href=\"https:\/\/newsinfoco.com.br\/inicio\" title=\"In\u00edcio\">In\u00edcio<\/a>\n\t\t<\/span><span class=\"aioseo-breadcrumb-separator\">&raquo;<\/span><span class=\"aioseo-breadcrumb\">\n\t\t\t<a href=\"https:\/\/newsinfoco.com.br\/inicio\/category\/bahia\/\" title=\"Bahia\">Bahia<\/a>\n\t\t<\/span><span class=\"aioseo-breadcrumb-separator\">&raquo;<\/span><span class=\"aioseo-breadcrumb\">\n\t\t\tAl\u00e9m de Jaques Wagner, PEC que limita decis\u00f5es do STF teve apoio de Otto Alencar e Angelo Coronel\n\t\t<\/span><\/div>","aioseo_breadcrumb_json":[{"label":"In\u00edcio","link":"https:\/\/newsinfoco.com.br\/inicio"},{"label":"Bahia","link":"https:\/\/newsinfoco.com.br\/inicio\/category\/bahia\/"},{"label":"Al\u00e9m de Jaques Wagner, PEC que limita decis\u00f5es do STF teve apoio de Otto Alencar e Angelo Coronel","link":"https:\/\/newsinfoco.com.br\/inicio\/alem-de-jaques-wagner-pec-que-limita-decisoes-do-stf-teve-apoio-de-otto-alencar-e-angelo-coronel\/"}],"_links":{"self":[{"href":"https:\/\/newsinfoco.com.br\/inicio\/wp-json\/wp\/v2\/posts\/35505","targetHints":{"allow":["GET"]}}],"collection":[{"href":"https:\/\/newsinfoco.com.br\/inicio\/wp-json\/wp\/v2\/posts"}],"about":[{"href":"https:\/\/newsinfoco.com.br\/inicio\/wp-json\/wp\/v2\/types\/post"}],"author":[{"embeddable":true,"href":"https:\/\/newsinfoco.com.br\/inicio\/wp-json\/wp\/v2\/users\/1"}],"replies":[{"embeddable":true,"href":"https:\/\/newsinfoco.com.br\/inicio\/wp-json\/wp\/v2\/comments?post=35505"}],"version-history":[{"count":1,"href":"https:\/\/newsinfoco.com.br\/inicio\/wp-json\/wp\/v2\/posts\/35505\/revisions"}],"predecessor-version":[{"id":35507,"href":"https:\/\/newsinfoco.com.br\/inicio\/wp-json\/wp\/v2\/posts\/35505\/revisions\/35507"}],"wp:featuredmedia":[{"embeddable":true,"href":"https:\/\/newsinfoco.com.br\/inicio\/wp-json\/wp\/v2\/media\/35506"}],"wp:attachment":[{"href":"https:\/\/newsinfoco.com.br\/inicio\/wp-json\/wp\/v2\/media?parent=35505"}],"wp:term":[{"taxonomy":"category","embeddable":true,"href":"https:\/\/newsinfoco.com.br\/inicio\/wp-json\/wp\/v2\/categories?post=35505"},{"taxonomy":"post_tag","embeddable":true,"href":"https:\/\/newsinfoco.com.br\/inicio\/wp-json\/wp\/v2\/tags?post=35505"}],"curies":[{"name":"wp","href":"https:\/\/api.w.org\/{rel}","templated":true}]}}