{"id":35770,"date":"2024-02-10T19:04:37","date_gmt":"2024-02-10T22:04:37","guid":{"rendered":"https:\/\/newsinfoco.com.br\/inicio\/?p=35770"},"modified":"2024-02-10T19:09:20","modified_gmt":"2024-02-10T22:09:20","slug":"governador-jeronimo-rodrigues-recebe-arthur-lira-e-elmar-nascimento-para-almoco-no-palacio-de-ondina","status":"publish","type":"post","link":"https:\/\/newsinfoco.com.br\/inicio\/governador-jeronimo-rodrigues-recebe-arthur-lira-e-elmar-nascimento-para-almoco-no-palacio-de-ondina\/","title":{"rendered":"Governador Jer\u00f4nimo Rodrigues recebe Arthur Lira e Elmar Nascimento para almo\u00e7o no Pal\u00e1cio de Ondina"},"content":{"rendered":"<p>O governador Jer\u00f4nimo Rodrigues (PT) recebeu para um almo\u00e7o, neste s\u00e1bado (10), no Pal\u00e1cio de Ondina, o presidente da C\u00e2mara Federal, deputado Arthur Lira (PP-AL), e uma comitiva de cerca de 20 congressistas convidados para curtir o Carnaval de Salvador pelo l\u00edder do Uni\u00e3o Brasil na Casa, o deputado baiano Elmar Nascimento.<\/p>\n<p>Com o apoio de Lira, Elmar \u00e9 o favorito a ser o pr\u00f3ximo presidente da C\u00e2mara. Por isso, tenta se aproximar do PT tanto no plano estadual quanto federal. Mas outro concorrente de Elmar tamb\u00e9m participou do almo\u00e7o na resid\u00eancia oficial do governador: o deputado federal baiano Antonio Brito (PSD).<\/p>\n<p>Ministros e outros deputados estaduais baianos estiveram presentes no encontro, a exemplo do l\u00edder do governo na Assembleia Legislativa, Rosemberg Pinto (PT), e o comandante do Uni\u00e3o Brasil na Casa, Marcinho Oliveira, que \u00e9 ligado a Elmar e tem mantido uma boa rela\u00e7\u00e3o com Jer\u00f4nimo.<\/p>\n<p>Entre os congressistas baianos presentes estavam ainda a deputada federal L\u00eddice da Mata, presidente do PSB na Bahia, e os deputados federais Z\u00e9 Neto (PT) e Jorge Solla (PT). O secret\u00e1rio estadual de Rela\u00e7\u00f5es Institucionais, Luiz Caetano (PT), tamb\u00e9m participou do almo\u00e7o.<\/p>\n<p>&nbsp;<\/p>\n<p><span class=\"assinatura_exclusiva\">Pol\u00edtica Livre<\/span><\/p>\n<div class='share-to-whatsapp-wrapper'><div class='share-on-whsp'>Share on: <\/div><a data-text='Governador Jer\u00f4nimo Rodrigues recebe Arthur Lira e Elmar Nascimento para almo\u00e7o no Pal\u00e1cio de Ondina' data-link='https:\/\/newsinfoco.com.br\/inicio\/governador-jeronimo-rodrigues-recebe-arthur-lira-e-elmar-nascimento-para-almoco-no-palacio-de-ondina\/' class='whatsapp-button whatsapp-share'>WhatsApp<\/a><div class='clear '><\/div><\/div>","protected":false},"excerpt":{"rendered":"<p>O governador Jer\u00f4nimo Rodrigues (PT) recebeu para um almo\u00e7o, neste s\u00e1bado (10), no Pal\u00e1cio de Ondina, o presidente da C\u00e2mara Federal, deputado Arthur Lira (PP-AL), e uma comitiva de cerca de 20 congressistas convidados para curtir o Carnaval de Salvador pelo l\u00edder do Uni\u00e3o Brasil na Casa, o deputado baiano Elmar Nascimento. Com o apoio [&hellip;]<\/p>\n","protected":false},"author":1,"featured_media":35771,"comment_status":"closed","ping_status":"closed","sticky":false,"template":"","format":"standard","meta":{"om_disable_all_campaigns":false,"rop_custom_images_group":[],"rop_custom_messages_group":[],"rop_publish_now":"initial","rop_publish_now_accounts":[],"rop_publish_now_history":[],"rop_publish_now_status":"pending","_exactmetrics_skip_tracking":false,"footnotes":""},"categories":[19],"tags":[],"class_list":["post-35770","post","type-post","status-publish","format-standard","has-post-thumbnail","hentry","category-bahia"],"aioseo_notices":[],"aioseo_head":"\n\t\t<!-- All in One SEO 4.9.10 - aioseo.com -->\n\t<meta name=\"description\" content=\"O governador Jer\u00f4nimo Rodrigues (PT) recebeu para um almo\u00e7o, neste s\u00e1bado (10), no Pal\u00e1cio de Ondina, o presidente da C\u00e2mara Federal, deputado Arthur Lira (PP-AL), e uma comitiva de cerca de 20 congressistas convidados para curtir o Carnaval de Salvador pelo l\u00edder do Uni\u00e3o Brasil na Casa, o deputado baiano Elmar Nascimento. Com o apoio\" \/>\n\t<meta name=\"robots\" content=\"max-image-preview:large\" \/>\n\t<meta name=\"author\" content=\"administrador\"\/>\n\t<link rel=\"canonical\" href=\"https:\/\/newsinfoco.com.br\/inicio\/governador-jeronimo-rodrigues-recebe-arthur-lira-e-elmar-nascimento-para-almoco-no-palacio-de-ondina\/\" \/>\n\t<meta name=\"generator\" content=\"All in One SEO (AIOSEO) 4.9.10\" \/>\n\t\t<meta property=\"og:locale\" content=\"pt_BR\" \/>\n\t\t<meta property=\"og:site_name\" content=\"News In Foco - Editado por Caio Pimenta - O principal site de noticias de Alagoinhas e regi\u00e3o\" \/>\n\t\t<meta property=\"og:type\" content=\"article\" \/>\n\t\t<meta property=\"og:title\" content=\"Governador Jer\u00f4nimo Rodrigues recebe Arthur Lira e Elmar Nascimento para almo\u00e7o no Pal\u00e1cio de Ondina - News In Foco - Editado por Caio Pimenta\" \/>\n\t\t<meta property=\"og:description\" content=\"O governador Jer\u00f4nimo Rodrigues (PT) recebeu para um almo\u00e7o, neste s\u00e1bado (10), no Pal\u00e1cio de Ondina, o presidente da C\u00e2mara Federal, deputado Arthur Lira (PP-AL), e uma comitiva de cerca de 20 congressistas convidados para curtir o Carnaval de Salvador pelo l\u00edder do Uni\u00e3o Brasil na Casa, o deputado baiano Elmar Nascimento. Com o apoio\" \/>\n\t\t<meta property=\"og:url\" content=\"https:\/\/newsinfoco.com.br\/inicio\/governador-jeronimo-rodrigues-recebe-arthur-lira-e-elmar-nascimento-para-almoco-no-palacio-de-ondina\/\" \/>\n\t\t<meta property=\"article:published_time\" content=\"2024-02-10T22:04:37+00:00\" \/>\n\t\t<meta property=\"article:modified_time\" content=\"2024-02-10T22:09:20+00:00\" \/>\n\t\t<meta name=\"twitter:card\" content=\"summary_large_image\" \/>\n\t\t<meta name=\"twitter:title\" content=\"Governador Jer\u00f4nimo Rodrigues recebe Arthur Lira e Elmar Nascimento para almo\u00e7o no Pal\u00e1cio de Ondina - News In Foco - Editado por Caio Pimenta\" \/>\n\t\t<meta name=\"twitter:description\" content=\"O governador Jer\u00f4nimo Rodrigues (PT) recebeu para um almo\u00e7o, neste s\u00e1bado (10), no Pal\u00e1cio de Ondina, o presidente da C\u00e2mara Federal, deputado Arthur Lira (PP-AL), e uma comitiva de cerca de 20 congressistas convidados para curtir o Carnaval de Salvador pelo l\u00edder do Uni\u00e3o Brasil na Casa, o deputado baiano Elmar Nascimento. Com o apoio\" \/>\n\t\t<script type=\"application\/ld+json\" class=\"aioseo-schema\">\n\t\t\t{\"@context\":\"https:\\\/\\\/schema.org\",\"@graph\":[{\"@type\":\"BlogPosting\",\"@id\":\"https:\\\/\\\/newsinfoco.com.br\\\/inicio\\\/governador-jeronimo-rodrigues-recebe-arthur-lira-e-elmar-nascimento-para-almoco-no-palacio-de-ondina\\\/#blogposting\",\"name\":\"Governador Jer\\u00f4nimo Rodrigues recebe Arthur Lira e Elmar Nascimento para almo\\u00e7o no Pal\\u00e1cio de Ondina - News In Foco - Editado por Caio Pimenta\",\"headline\":\"Governador Jer\\u00f4nimo Rodrigues recebe Arthur Lira e Elmar Nascimento para almo\\u00e7o no Pal\\u00e1cio de Ondina\",\"author\":{\"@id\":\"https:\\\/\\\/newsinfoco.com.br\\\/inicio\\\/author\\\/administrador\\\/#author\"},\"publisher\":{\"@id\":\"https:\\\/\\\/newsinfoco.com.br\\\/inicio\\\/#organization\"},\"image\":{\"@type\":\"ImageObject\",\"url\":\"https:\\\/\\\/newsinfoco.com.br\\\/inicio\\\/wp-content\\\/uploads\\\/2024\\\/02\\\/Acesse-Politica-www.acessepolitica.com_.br-o-site-de-politica-mais-acessado-da-Bahia-JERONIMO-GERALDO-JUNIOR-EE.webp\",\"width\":781,\"height\":525},\"datePublished\":\"2024-02-10T19:04:37-03:00\",\"dateModified\":\"2024-02-10T19:09:20-03:00\",\"inLanguage\":\"pt-BR\",\"mainEntityOfPage\":{\"@id\":\"https:\\\/\\\/newsinfoco.com.br\\\/inicio\\\/governador-jeronimo-rodrigues-recebe-arthur-lira-e-elmar-nascimento-para-almoco-no-palacio-de-ondina\\\/#webpage\"},\"isPartOf\":{\"@id\":\"https:\\\/\\\/newsinfoco.com.br\\\/inicio\\\/governador-jeronimo-rodrigues-recebe-arthur-lira-e-elmar-nascimento-para-almoco-no-palacio-de-ondina\\\/#webpage\"},\"articleSection\":\"Bahia\"},{\"@type\":\"BreadcrumbList\",\"@id\":\"https:\\\/\\\/newsinfoco.com.br\\\/inicio\\\/governador-jeronimo-rodrigues-recebe-arthur-lira-e-elmar-nascimento-para-almoco-no-palacio-de-ondina\\\/#breadcrumblist\",\"itemListElement\":[{\"@type\":\"ListItem\",\"@id\":\"https:\\\/\\\/newsinfoco.com.br\\\/inicio#listItem\",\"position\":1,\"name\":\"In\\u00edcio\",\"item\":\"https:\\\/\\\/newsinfoco.com.br\\\/inicio\",\"nextItem\":{\"@type\":\"ListItem\",\"@id\":\"https:\\\/\\\/newsinfoco.com.br\\\/inicio\\\/category\\\/bahia\\\/#listItem\",\"name\":\"Bahia\"}},{\"@type\":\"ListItem\",\"@id\":\"https:\\\/\\\/newsinfoco.com.br\\\/inicio\\\/category\\\/bahia\\\/#listItem\",\"position\":2,\"name\":\"Bahia\",\"item\":\"https:\\\/\\\/newsinfoco.com.br\\\/inicio\\\/category\\\/bahia\\\/\",\"nextItem\":{\"@type\":\"ListItem\",\"@id\":\"https:\\\/\\\/newsinfoco.com.br\\\/inicio\\\/governador-jeronimo-rodrigues-recebe-arthur-lira-e-elmar-nascimento-para-almoco-no-palacio-de-ondina\\\/#listItem\",\"name\":\"Governador Jer\\u00f4nimo Rodrigues recebe Arthur Lira e Elmar Nascimento para almo\\u00e7o no Pal\\u00e1cio de Ondina\"},\"previousItem\":{\"@type\":\"ListItem\",\"@id\":\"https:\\\/\\\/newsinfoco.com.br\\\/inicio#listItem\",\"name\":\"In\\u00edcio\"}},{\"@type\":\"ListItem\",\"@id\":\"https:\\\/\\\/newsinfoco.com.br\\\/inicio\\\/governador-jeronimo-rodrigues-recebe-arthur-lira-e-elmar-nascimento-para-almoco-no-palacio-de-ondina\\\/#listItem\",\"position\":3,\"name\":\"Governador Jer\\u00f4nimo Rodrigues recebe Arthur Lira e Elmar Nascimento para almo\\u00e7o no Pal\\u00e1cio de Ondina\",\"previousItem\":{\"@type\":\"ListItem\",\"@id\":\"https:\\\/\\\/newsinfoco.com.br\\\/inicio\\\/category\\\/bahia\\\/#listItem\",\"name\":\"Bahia\"}}]},{\"@type\":\"Organization\",\"@id\":\"https:\\\/\\\/newsinfoco.com.br\\\/inicio\\\/#organization\",\"name\":\"News In Foco - Editado por Caio Pimenta\",\"description\":\"O principal site de noticias de Alagoinhas e regi\\u00e3o\",\"url\":\"https:\\\/\\\/newsinfoco.com.br\\\/inicio\\\/\"},{\"@type\":\"Person\",\"@id\":\"https:\\\/\\\/newsinfoco.com.br\\\/inicio\\\/author\\\/administrador\\\/#author\",\"url\":\"https:\\\/\\\/newsinfoco.com.br\\\/inicio\\\/author\\\/administrador\\\/\",\"name\":\"administrador\",\"image\":{\"@type\":\"ImageObject\",\"@id\":\"https:\\\/\\\/newsinfoco.com.br\\\/inicio\\\/governador-jeronimo-rodrigues-recebe-arthur-lira-e-elmar-nascimento-para-almoco-no-palacio-de-ondina\\\/#authorImage\",\"url\":\"https:\\\/\\\/secure.gravatar.com\\\/avatar\\\/c17a617433de8c1dc9584bb79aab7563b46f5bb7e1728c9b17d9cc3ce6a08e49?s=96&d=mm&r=g\",\"width\":96,\"height\":96,\"caption\":\"administrador\"}},{\"@type\":\"WebPage\",\"@id\":\"https:\\\/\\\/newsinfoco.com.br\\\/inicio\\\/governador-jeronimo-rodrigues-recebe-arthur-lira-e-elmar-nascimento-para-almoco-no-palacio-de-ondina\\\/#webpage\",\"url\":\"https:\\\/\\\/newsinfoco.com.br\\\/inicio\\\/governador-jeronimo-rodrigues-recebe-arthur-lira-e-elmar-nascimento-para-almoco-no-palacio-de-ondina\\\/\",\"name\":\"Governador Jer\\u00f4nimo Rodrigues recebe Arthur Lira e Elmar Nascimento para almo\\u00e7o no Pal\\u00e1cio de Ondina - News In Foco - Editado por Caio Pimenta\",\"description\":\"O governador Jer\\u00f4nimo Rodrigues (PT) recebeu para um almo\\u00e7o, neste s\\u00e1bado (10), no Pal\\u00e1cio de Ondina, o presidente da C\\u00e2mara Federal, deputado Arthur Lira (PP-AL), e uma comitiva de cerca de 20 congressistas convidados para curtir o Carnaval de Salvador pelo l\\u00edder do Uni\\u00e3o Brasil na Casa, o deputado baiano Elmar Nascimento. Com o apoio\",\"inLanguage\":\"pt-BR\",\"isPartOf\":{\"@id\":\"https:\\\/\\\/newsinfoco.com.br\\\/inicio\\\/#website\"},\"breadcrumb\":{\"@id\":\"https:\\\/\\\/newsinfoco.com.br\\\/inicio\\\/governador-jeronimo-rodrigues-recebe-arthur-lira-e-elmar-nascimento-para-almoco-no-palacio-de-ondina\\\/#breadcrumblist\"},\"author\":{\"@id\":\"https:\\\/\\\/newsinfoco.com.br\\\/inicio\\\/author\\\/administrador\\\/#author\"},\"creator\":{\"@id\":\"https:\\\/\\\/newsinfoco.com.br\\\/inicio\\\/author\\\/administrador\\\/#author\"},\"image\":{\"@type\":\"ImageObject\",\"url\":\"https:\\\/\\\/newsinfoco.com.br\\\/inicio\\\/wp-content\\\/uploads\\\/2024\\\/02\\\/Acesse-Politica-www.acessepolitica.com_.br-o-site-de-politica-mais-acessado-da-Bahia-JERONIMO-GERALDO-JUNIOR-EE.webp\",\"@id\":\"https:\\\/\\\/newsinfoco.com.br\\\/inicio\\\/governador-jeronimo-rodrigues-recebe-arthur-lira-e-elmar-nascimento-para-almoco-no-palacio-de-ondina\\\/#mainImage\",\"width\":781,\"height\":525},\"primaryImageOfPage\":{\"@id\":\"https:\\\/\\\/newsinfoco.com.br\\\/inicio\\\/governador-jeronimo-rodrigues-recebe-arthur-lira-e-elmar-nascimento-para-almoco-no-palacio-de-ondina\\\/#mainImage\"},\"datePublished\":\"2024-02-10T19:04:37-03:00\",\"dateModified\":\"2024-02-10T19:09:20-03:00\"},{\"@type\":\"WebSite\",\"@id\":\"https:\\\/\\\/newsinfoco.com.br\\\/inicio\\\/#website\",\"url\":\"https:\\\/\\\/newsinfoco.com.br\\\/inicio\\\/\",\"name\":\"News In Foco - Editado por Caio Pimenta\",\"description\":\"O principal site de noticias de Alagoinhas e regi\\u00e3o\",\"inLanguage\":\"pt-BR\",\"publisher\":{\"@id\":\"https:\\\/\\\/newsinfoco.com.br\\\/inicio\\\/#organization\"}}]}\n\t\t<\/script>\n\t\t<!-- All in One SEO -->\n\n","aioseo_head_json":{"title":"Governador Jer\u00f4nimo Rodrigues recebe Arthur Lira e Elmar Nascimento para almo\u00e7o no Pal\u00e1cio de Ondina - News In Foco - Editado por Caio Pimenta","description":"O governador Jer\u00f4nimo Rodrigues (PT) recebeu para um almo\u00e7o, neste s\u00e1bado (10), no Pal\u00e1cio de Ondina, o presidente da C\u00e2mara Federal, deputado Arthur Lira (PP-AL), e uma comitiva de cerca de 20 congressistas convidados para curtir o Carnaval de Salvador pelo l\u00edder do Uni\u00e3o Brasil na Casa, o deputado baiano Elmar Nascimento. Com o apoio","canonical_url":"https:\/\/newsinfoco.com.br\/inicio\/governador-jeronimo-rodrigues-recebe-arthur-lira-e-elmar-nascimento-para-almoco-no-palacio-de-ondina\/","robots":"max-image-preview:large","keywords":"","webmasterTools":{"miscellaneous":""},"schema":{"@context":"https:\/\/schema.org","@graph":[{"@type":"BlogPosting","@id":"https:\/\/newsinfoco.com.br\/inicio\/governador-jeronimo-rodrigues-recebe-arthur-lira-e-elmar-nascimento-para-almoco-no-palacio-de-ondina\/#blogposting","name":"Governador Jer\u00f4nimo Rodrigues recebe Arthur Lira e Elmar Nascimento para almo\u00e7o no Pal\u00e1cio de Ondina - News In Foco - Editado por Caio Pimenta","headline":"Governador Jer\u00f4nimo Rodrigues recebe Arthur Lira e Elmar Nascimento para almo\u00e7o no Pal\u00e1cio de Ondina","author":{"@id":"https:\/\/newsinfoco.com.br\/inicio\/author\/administrador\/#author"},"publisher":{"@id":"https:\/\/newsinfoco.com.br\/inicio\/#organization"},"image":{"@type":"ImageObject","url":"https:\/\/newsinfoco.com.br\/inicio\/wp-content\/uploads\/2024\/02\/Acesse-Politica-www.acessepolitica.com_.br-o-site-de-politica-mais-acessado-da-Bahia-JERONIMO-GERALDO-JUNIOR-EE.webp","width":781,"height":525},"datePublished":"2024-02-10T19:04:37-03:00","dateModified":"2024-02-10T19:09:20-03:00","inLanguage":"pt-BR","mainEntityOfPage":{"@id":"https:\/\/newsinfoco.com.br\/inicio\/governador-jeronimo-rodrigues-recebe-arthur-lira-e-elmar-nascimento-para-almoco-no-palacio-de-ondina\/#webpage"},"isPartOf":{"@id":"https:\/\/newsinfoco.com.br\/inicio\/governador-jeronimo-rodrigues-recebe-arthur-lira-e-elmar-nascimento-para-almoco-no-palacio-de-ondina\/#webpage"},"articleSection":"Bahia"},{"@type":"BreadcrumbList","@id":"https:\/\/newsinfoco.com.br\/inicio\/governador-jeronimo-rodrigues-recebe-arthur-lira-e-elmar-nascimento-para-almoco-no-palacio-de-ondina\/#breadcrumblist","itemListElement":[{"@type":"ListItem","@id":"https:\/\/newsinfoco.com.br\/inicio#listItem","position":1,"name":"In\u00edcio","item":"https:\/\/newsinfoco.com.br\/inicio","nextItem":{"@type":"ListItem","@id":"https:\/\/newsinfoco.com.br\/inicio\/category\/bahia\/#listItem","name":"Bahia"}},{"@type":"ListItem","@id":"https:\/\/newsinfoco.com.br\/inicio\/category\/bahia\/#listItem","position":2,"name":"Bahia","item":"https:\/\/newsinfoco.com.br\/inicio\/category\/bahia\/","nextItem":{"@type":"ListItem","@id":"https:\/\/newsinfoco.com.br\/inicio\/governador-jeronimo-rodrigues-recebe-arthur-lira-e-elmar-nascimento-para-almoco-no-palacio-de-ondina\/#listItem","name":"Governador Jer\u00f4nimo Rodrigues recebe Arthur Lira e Elmar Nascimento para almo\u00e7o no Pal\u00e1cio de Ondina"},"previousItem":{"@type":"ListItem","@id":"https:\/\/newsinfoco.com.br\/inicio#listItem","name":"In\u00edcio"}},{"@type":"ListItem","@id":"https:\/\/newsinfoco.com.br\/inicio\/governador-jeronimo-rodrigues-recebe-arthur-lira-e-elmar-nascimento-para-almoco-no-palacio-de-ondina\/#listItem","position":3,"name":"Governador Jer\u00f4nimo Rodrigues recebe Arthur Lira e Elmar Nascimento para almo\u00e7o no Pal\u00e1cio de Ondina","previousItem":{"@type":"ListItem","@id":"https:\/\/newsinfoco.com.br\/inicio\/category\/bahia\/#listItem","name":"Bahia"}}]},{"@type":"Organization","@id":"https:\/\/newsinfoco.com.br\/inicio\/#organization","name":"News In Foco - Editado por Caio Pimenta","description":"O principal site de noticias de Alagoinhas e regi\u00e3o","url":"https:\/\/newsinfoco.com.br\/inicio\/"},{"@type":"Person","@id":"https:\/\/newsinfoco.com.br\/inicio\/author\/administrador\/#author","url":"https:\/\/newsinfoco.com.br\/inicio\/author\/administrador\/","name":"administrador","image":{"@type":"ImageObject","@id":"https:\/\/newsinfoco.com.br\/inicio\/governador-jeronimo-rodrigues-recebe-arthur-lira-e-elmar-nascimento-para-almoco-no-palacio-de-ondina\/#authorImage","url":"https:\/\/secure.gravatar.com\/avatar\/c17a617433de8c1dc9584bb79aab7563b46f5bb7e1728c9b17d9cc3ce6a08e49?s=96&d=mm&r=g","width":96,"height":96,"caption":"administrador"}},{"@type":"WebPage","@id":"https:\/\/newsinfoco.com.br\/inicio\/governador-jeronimo-rodrigues-recebe-arthur-lira-e-elmar-nascimento-para-almoco-no-palacio-de-ondina\/#webpage","url":"https:\/\/newsinfoco.com.br\/inicio\/governador-jeronimo-rodrigues-recebe-arthur-lira-e-elmar-nascimento-para-almoco-no-palacio-de-ondina\/","name":"Governador Jer\u00f4nimo Rodrigues recebe Arthur Lira e Elmar Nascimento para almo\u00e7o no Pal\u00e1cio de Ondina - News In Foco - Editado por Caio Pimenta","description":"O governador Jer\u00f4nimo Rodrigues (PT) recebeu para um almo\u00e7o, neste s\u00e1bado (10), no Pal\u00e1cio de Ondina, o presidente da C\u00e2mara Federal, deputado Arthur Lira (PP-AL), e uma comitiva de cerca de 20 congressistas convidados para curtir o Carnaval de Salvador pelo l\u00edder do Uni\u00e3o Brasil na Casa, o deputado baiano Elmar Nascimento. Com o apoio","inLanguage":"pt-BR","isPartOf":{"@id":"https:\/\/newsinfoco.com.br\/inicio\/#website"},"breadcrumb":{"@id":"https:\/\/newsinfoco.com.br\/inicio\/governador-jeronimo-rodrigues-recebe-arthur-lira-e-elmar-nascimento-para-almoco-no-palacio-de-ondina\/#breadcrumblist"},"author":{"@id":"https:\/\/newsinfoco.com.br\/inicio\/author\/administrador\/#author"},"creator":{"@id":"https:\/\/newsinfoco.com.br\/inicio\/author\/administrador\/#author"},"image":{"@type":"ImageObject","url":"https:\/\/newsinfoco.com.br\/inicio\/wp-content\/uploads\/2024\/02\/Acesse-Politica-www.acessepolitica.com_.br-o-site-de-politica-mais-acessado-da-Bahia-JERONIMO-GERALDO-JUNIOR-EE.webp","@id":"https:\/\/newsinfoco.com.br\/inicio\/governador-jeronimo-rodrigues-recebe-arthur-lira-e-elmar-nascimento-para-almoco-no-palacio-de-ondina\/#mainImage","width":781,"height":525},"primaryImageOfPage":{"@id":"https:\/\/newsinfoco.com.br\/inicio\/governador-jeronimo-rodrigues-recebe-arthur-lira-e-elmar-nascimento-para-almoco-no-palacio-de-ondina\/#mainImage"},"datePublished":"2024-02-10T19:04:37-03:00","dateModified":"2024-02-10T19:09:20-03:00"},{"@type":"WebSite","@id":"https:\/\/newsinfoco.com.br\/inicio\/#website","url":"https:\/\/newsinfoco.com.br\/inicio\/","name":"News In Foco - Editado por Caio Pimenta","description":"O principal site de noticias de Alagoinhas e regi\u00e3o","inLanguage":"pt-BR","publisher":{"@id":"https:\/\/newsinfoco.com.br\/inicio\/#organization"}}]},"og:locale":"pt_BR","og:site_name":"News In Foco - Editado por Caio Pimenta - O principal site de noticias de Alagoinhas e regi\u00e3o","og:type":"article","og:title":"Governador Jer\u00f4nimo Rodrigues recebe Arthur Lira e Elmar Nascimento para almo\u00e7o no Pal\u00e1cio de Ondina - News In Foco - Editado por Caio Pimenta","og:description":"O governador Jer\u00f4nimo Rodrigues (PT) recebeu para um almo\u00e7o, neste s\u00e1bado (10), no Pal\u00e1cio de Ondina, o presidente da C\u00e2mara Federal, deputado Arthur Lira (PP-AL), e uma comitiva de cerca de 20 congressistas convidados para curtir o Carnaval de Salvador pelo l\u00edder do Uni\u00e3o Brasil na Casa, o deputado baiano Elmar Nascimento. Com o apoio","og:url":"https:\/\/newsinfoco.com.br\/inicio\/governador-jeronimo-rodrigues-recebe-arthur-lira-e-elmar-nascimento-para-almoco-no-palacio-de-ondina\/","article:published_time":"2024-02-10T22:04:37+00:00","article:modified_time":"2024-02-10T22:09:20+00:00","twitter:card":"summary_large_image","twitter:title":"Governador Jer\u00f4nimo Rodrigues recebe Arthur Lira e Elmar Nascimento para almo\u00e7o no Pal\u00e1cio de Ondina - News In Foco - Editado por Caio Pimenta","twitter:description":"O governador Jer\u00f4nimo Rodrigues (PT) recebeu para um almo\u00e7o, neste s\u00e1bado (10), no Pal\u00e1cio de Ondina, o presidente da C\u00e2mara Federal, deputado Arthur Lira (PP-AL), e uma comitiva de cerca de 20 congressistas convidados para curtir o Carnaval de Salvador pelo l\u00edder do Uni\u00e3o Brasil na Casa, o deputado baiano Elmar Nascimento. Com o apoio"},"aioseo_meta_data":{"post_id":"35770","title":null,"description":null,"keywords":[],"keyphrases":{"focus":{"keyphrase":"","score":0,"analysis":{"keyphraseInTitle":{"score":0,"maxScore":9,"error":1}}},"additional":[]},"primary_term":null,"canonical_url":null,"og_title":null,"og_description":null,"og_object_type":"default","og_image_type":"default","og_image_url":null,"og_image_width":null,"og_image_height":null,"og_image_custom_url":null,"og_image_custom_fields":null,"og_video":"","og_custom_url":null,"og_article_section":null,"og_article_tags":[],"twitter_use_og":false,"twitter_card":"default","twitter_image_type":"default","twitter_image_url":null,"twitter_image_custom_url":null,"twitter_image_custom_fields":null,"twitter_title":null,"twitter_description":null,"schema":{"blockGraphs":[],"customGraphs":[],"default":{"data":{"Article":[],"Course":[],"Dataset":[],"FAQPage":[],"Movie":[],"Person":[],"Product":[],"ProductReview":[],"Car":[],"Recipe":[],"Service":[],"SoftwareApplication":[],"WebPage":[]},"graphName":"BlogPosting","isEnabled":true},"graphs":[]},"schema_type":"default","schema_type_options":null,"pillar_content":false,"robots_default":true,"robots_noindex":false,"robots_noarchive":false,"robots_nosnippet":false,"robots_nofollow":false,"robots_noimageindex":false,"robots_noodp":false,"robots_notranslate":false,"robots_max_snippet":"-1","robots_max_videopreview":"-1","robots_max_imagepreview":"large","priority":null,"frequency":"default","local_seo":null,"breadcrumb_settings":null,"limit_modified_date":false,"ai":null,"created":"2024-02-10 22:04:37","updated":"2025-07-11 10:33:55","seo_analyzer_scan_date":null},"aioseo_breadcrumb":"<div class=\"aioseo-breadcrumbs\"><span class=\"aioseo-breadcrumb\">\n\t\t\t<a href=\"https:\/\/newsinfoco.com.br\/inicio\" title=\"In\u00edcio\">In\u00edcio<\/a>\n\t\t<\/span><span class=\"aioseo-breadcrumb-separator\">&raquo;<\/span><span class=\"aioseo-breadcrumb\">\n\t\t\t<a href=\"https:\/\/newsinfoco.com.br\/inicio\/category\/bahia\/\" title=\"Bahia\">Bahia<\/a>\n\t\t<\/span><span class=\"aioseo-breadcrumb-separator\">&raquo;<\/span><span class=\"aioseo-breadcrumb\">\n\t\t\tGovernador Jer\u00f4nimo Rodrigues recebe Arthur Lira e Elmar Nascimento para almo\u00e7o no Pal\u00e1cio de Ondina\n\t\t<\/span><\/div>","aioseo_breadcrumb_json":[{"label":"In\u00edcio","link":"https:\/\/newsinfoco.com.br\/inicio"},{"label":"Bahia","link":"https:\/\/newsinfoco.com.br\/inicio\/category\/bahia\/"},{"label":"Governador Jer\u00f4nimo Rodrigues recebe Arthur Lira e Elmar Nascimento para almo\u00e7o no Pal\u00e1cio de Ondina","link":"https:\/\/newsinfoco.com.br\/inicio\/governador-jeronimo-rodrigues-recebe-arthur-lira-e-elmar-nascimento-para-almoco-no-palacio-de-ondina\/"}],"_links":{"self":[{"href":"https:\/\/newsinfoco.com.br\/inicio\/wp-json\/wp\/v2\/posts\/35770","targetHints":{"allow":["GET"]}}],"collection":[{"href":"https:\/\/newsinfoco.com.br\/inicio\/wp-json\/wp\/v2\/posts"}],"about":[{"href":"https:\/\/newsinfoco.com.br\/inicio\/wp-json\/wp\/v2\/types\/post"}],"author":[{"embeddable":true,"href":"https:\/\/newsinfoco.com.br\/inicio\/wp-json\/wp\/v2\/users\/1"}],"replies":[{"embeddable":true,"href":"https:\/\/newsinfoco.com.br\/inicio\/wp-json\/wp\/v2\/comments?post=35770"}],"version-history":[{"count":3,"href":"https:\/\/newsinfoco.com.br\/inicio\/wp-json\/wp\/v2\/posts\/35770\/revisions"}],"predecessor-version":[{"id":35774,"href":"https:\/\/newsinfoco.com.br\/inicio\/wp-json\/wp\/v2\/posts\/35770\/revisions\/35774"}],"wp:featuredmedia":[{"embeddable":true,"href":"https:\/\/newsinfoco.com.br\/inicio\/wp-json\/wp\/v2\/media\/35771"}],"wp:attachment":[{"href":"https:\/\/newsinfoco.com.br\/inicio\/wp-json\/wp\/v2\/media?parent=35770"}],"wp:term":[{"taxonomy":"category","embeddable":true,"href":"https:\/\/newsinfoco.com.br\/inicio\/wp-json\/wp\/v2\/categories?post=35770"},{"taxonomy":"post_tag","embeddable":true,"href":"https:\/\/newsinfoco.com.br\/inicio\/wp-json\/wp\/v2\/tags?post=35770"}],"curies":[{"name":"wp","href":"https:\/\/api.w.org\/{rel}","templated":true}]}}