{"id":35789,"date":"2024-02-15T18:10:28","date_gmt":"2024-02-15T21:10:28","guid":{"rendered":"https:\/\/newsinfoco.com.br\/inicio\/?p=35789"},"modified":"2024-02-15T18:10:28","modified_gmt":"2024-02-15T21:10:28","slug":"quadra-do-conjunto-campo-belo-em-alagoinhas-e-requalificada-pela-secet","status":"publish","type":"post","link":"https:\/\/newsinfoco.com.br\/inicio\/quadra-do-conjunto-campo-belo-em-alagoinhas-e-requalificada-pela-secet\/","title":{"rendered":"Quadra do Conjunto Campo Belo, em Alagoinhas, \u00e9 requalificada pela SECET"},"content":{"rendered":"<p>Os moradores do Conjunto Campo Belo, sobretudo os adeptos das pr\u00e1ticas esportivas, ganharam uma quadra poliesportiva completamente requalificada pela Prefeitura de Alagoinhas. A reforma foi realizada por meio da Secretaria de Cultura, Esporte e Turismo (SECET), com emenda do vereador Anderson Baqueiro.<\/p>\n<p>A demanda da comunidade, atendida com a a\u00e7\u00e3o, possibilita um melhor aproveitamento do espa\u00e7o, utilizado por pessoas de distintas faixas et\u00e1rias, seja para jogos de futebol, ou outras atividades, como caminhadas e demais exerc\u00edcios que contribuem para a sa\u00fade f\u00edsica e mental da popula\u00e7\u00e3o.<\/p>\n<p>Al\u00e9m de pintura, o espa\u00e7o p\u00fablico recebeu reparos na superf\u00edcie, alambrado e rede de prote\u00e7\u00e3o, impedindo acidentes que pudessem acontecer com o desvio da bola para o meio da rua. O local j\u00e1 est\u00e1 apto para a utiliza\u00e7\u00e3o da popula\u00e7\u00e3o, seja no uso di\u00e1rio ou em torneios sazonais. \u201cS\u00e3o com medidas simples e eficazes, como essa, que incentivamos n\u00e3o s\u00f3 o esporte, mas a realiza\u00e7\u00e3o de quaisquer atividades f\u00edsicas, que ajudam o indiv\u00edduo como um todo, fortalecendo o sistema cardiovascular, motor e at\u00e9 mesmo a sa\u00fade mental, melhorando a qualidade vida da nossa gente\u201d, declarou o prefeito Joaquim Neto.<\/p>\n<p>Fotos: SECOM<\/p>\n<div class='share-to-whatsapp-wrapper'><div class='share-on-whsp'>Share on: <\/div><a data-text='Quadra do Conjunto Campo Belo, em Alagoinhas, \u00e9 requalificada pela SECET' data-link='https:\/\/newsinfoco.com.br\/inicio\/quadra-do-conjunto-campo-belo-em-alagoinhas-e-requalificada-pela-secet\/' class='whatsapp-button whatsapp-share'>WhatsApp<\/a><div class='clear '><\/div><\/div>","protected":false},"excerpt":{"rendered":"<p>Os moradores do Conjunto Campo Belo, sobretudo os adeptos das pr\u00e1ticas esportivas, ganharam uma quadra poliesportiva completamente requalificada pela Prefeitura de Alagoinhas. A reforma foi realizada por meio da Secretaria de Cultura, Esporte e Turismo (SECET), com emenda do vereador Anderson Baqueiro. A demanda da comunidade, atendida com a a\u00e7\u00e3o, possibilita um melhor aproveitamento do [&hellip;]<\/p>\n","protected":false},"author":1,"featured_media":35790,"comment_status":"closed","ping_status":"closed","sticky":false,"template":"","format":"standard","meta":{"om_disable_all_campaigns":false,"rop_custom_images_group":[],"rop_custom_messages_group":[],"rop_publish_now":"initial","rop_publish_now_accounts":[],"rop_publish_now_history":[],"rop_publish_now_status":"pending","_exactmetrics_skip_tracking":false,"footnotes":""},"categories":[38,167],"tags":[],"class_list":["post-35789","post","type-post","status-publish","format-standard","has-post-thumbnail","hentry","category-alagoinhas-e-regiao","category-exclusivas"],"aioseo_notices":[],"aioseo_head":"\n\t\t<!-- All in One SEO 4.9.10 - aioseo.com -->\n\t<meta name=\"description\" content=\"Os moradores do Conjunto Campo Belo, sobretudo os adeptos das pr\u00e1ticas esportivas, ganharam uma quadra poliesportiva completamente requalificada pela Prefeitura de Alagoinhas. A reforma foi realizada por meio da Secretaria de Cultura, Esporte e Turismo (SECET), com emenda do vereador Anderson Baqueiro. A demanda da comunidade, atendida com a a\u00e7\u00e3o, possibilita um melhor aproveitamento do\" \/>\n\t<meta name=\"robots\" content=\"max-image-preview:large\" \/>\n\t<meta name=\"author\" content=\"administrador\"\/>\n\t<link rel=\"canonical\" href=\"https:\/\/newsinfoco.com.br\/inicio\/quadra-do-conjunto-campo-belo-em-alagoinhas-e-requalificada-pela-secet\/\" \/>\n\t<meta name=\"generator\" content=\"All in One SEO (AIOSEO) 4.9.10\" \/>\n\t\t<meta property=\"og:locale\" content=\"pt_BR\" \/>\n\t\t<meta property=\"og:site_name\" content=\"News In Foco - Editado por Caio Pimenta - O principal site de noticias de Alagoinhas e regi\u00e3o\" \/>\n\t\t<meta property=\"og:type\" content=\"article\" \/>\n\t\t<meta property=\"og:title\" content=\"Quadra do Conjunto Campo Belo, em Alagoinhas, \u00e9 requalificada pela SECET - News In Foco - Editado por Caio Pimenta\" \/>\n\t\t<meta property=\"og:description\" content=\"Os moradores do Conjunto Campo Belo, sobretudo os adeptos das pr\u00e1ticas esportivas, ganharam uma quadra poliesportiva completamente requalificada pela Prefeitura de Alagoinhas. A reforma foi realizada por meio da Secretaria de Cultura, Esporte e Turismo (SECET), com emenda do vereador Anderson Baqueiro. A demanda da comunidade, atendida com a a\u00e7\u00e3o, possibilita um melhor aproveitamento do\" \/>\n\t\t<meta property=\"og:url\" content=\"https:\/\/newsinfoco.com.br\/inicio\/quadra-do-conjunto-campo-belo-em-alagoinhas-e-requalificada-pela-secet\/\" \/>\n\t\t<meta property=\"article:published_time\" content=\"2024-02-15T21:10:28+00:00\" \/>\n\t\t<meta property=\"article:modified_time\" content=\"2024-02-15T21:10:28+00:00\" \/>\n\t\t<meta name=\"twitter:card\" content=\"summary_large_image\" \/>\n\t\t<meta name=\"twitter:title\" content=\"Quadra do Conjunto Campo Belo, em Alagoinhas, \u00e9 requalificada pela SECET - News In Foco - Editado por Caio Pimenta\" \/>\n\t\t<meta name=\"twitter:description\" content=\"Os moradores do Conjunto Campo Belo, sobretudo os adeptos das pr\u00e1ticas esportivas, ganharam uma quadra poliesportiva completamente requalificada pela Prefeitura de Alagoinhas. A reforma foi realizada por meio da Secretaria de Cultura, Esporte e Turismo (SECET), com emenda do vereador Anderson Baqueiro. A demanda da comunidade, atendida com a a\u00e7\u00e3o, possibilita um melhor aproveitamento do\" \/>\n\t\t<script type=\"application\/ld+json\" class=\"aioseo-schema\">\n\t\t\t{\"@context\":\"https:\\\/\\\/schema.org\",\"@graph\":[{\"@type\":\"BlogPosting\",\"@id\":\"https:\\\/\\\/newsinfoco.com.br\\\/inicio\\\/quadra-do-conjunto-campo-belo-em-alagoinhas-e-requalificada-pela-secet\\\/#blogposting\",\"name\":\"Quadra do Conjunto Campo Belo, em Alagoinhas, \\u00e9 requalificada pela SECET - News In Foco - Editado por Caio Pimenta\",\"headline\":\"Quadra do Conjunto Campo Belo, em Alagoinhas, \\u00e9 requalificada pela SECET\",\"author\":{\"@id\":\"https:\\\/\\\/newsinfoco.com.br\\\/inicio\\\/author\\\/administrador\\\/#author\"},\"publisher\":{\"@id\":\"https:\\\/\\\/newsinfoco.com.br\\\/inicio\\\/#organization\"},\"image\":{\"@type\":\"ImageObject\",\"url\":\"https:\\\/\\\/newsinfoco.com.br\\\/inicio\\\/wp-content\\\/uploads\\\/2024\\\/02\\\/quadra.jpeg\",\"width\":1024,\"height\":576},\"datePublished\":\"2024-02-15T18:10:28-03:00\",\"dateModified\":\"2024-02-15T18:10:28-03:00\",\"inLanguage\":\"pt-BR\",\"mainEntityOfPage\":{\"@id\":\"https:\\\/\\\/newsinfoco.com.br\\\/inicio\\\/quadra-do-conjunto-campo-belo-em-alagoinhas-e-requalificada-pela-secet\\\/#webpage\"},\"isPartOf\":{\"@id\":\"https:\\\/\\\/newsinfoco.com.br\\\/inicio\\\/quadra-do-conjunto-campo-belo-em-alagoinhas-e-requalificada-pela-secet\\\/#webpage\"},\"articleSection\":\"Alagoinhas e Regi\\u00e3o, Manchete\"},{\"@type\":\"BreadcrumbList\",\"@id\":\"https:\\\/\\\/newsinfoco.com.br\\\/inicio\\\/quadra-do-conjunto-campo-belo-em-alagoinhas-e-requalificada-pela-secet\\\/#breadcrumblist\",\"itemListElement\":[{\"@type\":\"ListItem\",\"@id\":\"https:\\\/\\\/newsinfoco.com.br\\\/inicio#listItem\",\"position\":1,\"name\":\"In\\u00edcio\",\"item\":\"https:\\\/\\\/newsinfoco.com.br\\\/inicio\",\"nextItem\":{\"@type\":\"ListItem\",\"@id\":\"https:\\\/\\\/newsinfoco.com.br\\\/inicio\\\/category\\\/alagoinhas-e-regiao\\\/#listItem\",\"name\":\"Alagoinhas e Regi\\u00e3o\"}},{\"@type\":\"ListItem\",\"@id\":\"https:\\\/\\\/newsinfoco.com.br\\\/inicio\\\/category\\\/alagoinhas-e-regiao\\\/#listItem\",\"position\":2,\"name\":\"Alagoinhas e Regi\\u00e3o\",\"item\":\"https:\\\/\\\/newsinfoco.com.br\\\/inicio\\\/category\\\/alagoinhas-e-regiao\\\/\",\"nextItem\":{\"@type\":\"ListItem\",\"@id\":\"https:\\\/\\\/newsinfoco.com.br\\\/inicio\\\/quadra-do-conjunto-campo-belo-em-alagoinhas-e-requalificada-pela-secet\\\/#listItem\",\"name\":\"Quadra do Conjunto Campo Belo, em Alagoinhas, \\u00e9 requalificada pela SECET\"},\"previousItem\":{\"@type\":\"ListItem\",\"@id\":\"https:\\\/\\\/newsinfoco.com.br\\\/inicio#listItem\",\"name\":\"In\\u00edcio\"}},{\"@type\":\"ListItem\",\"@id\":\"https:\\\/\\\/newsinfoco.com.br\\\/inicio\\\/quadra-do-conjunto-campo-belo-em-alagoinhas-e-requalificada-pela-secet\\\/#listItem\",\"position\":3,\"name\":\"Quadra do Conjunto Campo Belo, em Alagoinhas, \\u00e9 requalificada pela SECET\",\"previousItem\":{\"@type\":\"ListItem\",\"@id\":\"https:\\\/\\\/newsinfoco.com.br\\\/inicio\\\/category\\\/alagoinhas-e-regiao\\\/#listItem\",\"name\":\"Alagoinhas e Regi\\u00e3o\"}}]},{\"@type\":\"Organization\",\"@id\":\"https:\\\/\\\/newsinfoco.com.br\\\/inicio\\\/#organization\",\"name\":\"News In Foco - Editado por Caio Pimenta\",\"description\":\"O principal site de noticias de Alagoinhas e regi\\u00e3o\",\"url\":\"https:\\\/\\\/newsinfoco.com.br\\\/inicio\\\/\"},{\"@type\":\"Person\",\"@id\":\"https:\\\/\\\/newsinfoco.com.br\\\/inicio\\\/author\\\/administrador\\\/#author\",\"url\":\"https:\\\/\\\/newsinfoco.com.br\\\/inicio\\\/author\\\/administrador\\\/\",\"name\":\"administrador\",\"image\":{\"@type\":\"ImageObject\",\"@id\":\"https:\\\/\\\/newsinfoco.com.br\\\/inicio\\\/quadra-do-conjunto-campo-belo-em-alagoinhas-e-requalificada-pela-secet\\\/#authorImage\",\"url\":\"https:\\\/\\\/secure.gravatar.com\\\/avatar\\\/c17a617433de8c1dc9584bb79aab7563b46f5bb7e1728c9b17d9cc3ce6a08e49?s=96&d=mm&r=g\",\"width\":96,\"height\":96,\"caption\":\"administrador\"}},{\"@type\":\"WebPage\",\"@id\":\"https:\\\/\\\/newsinfoco.com.br\\\/inicio\\\/quadra-do-conjunto-campo-belo-em-alagoinhas-e-requalificada-pela-secet\\\/#webpage\",\"url\":\"https:\\\/\\\/newsinfoco.com.br\\\/inicio\\\/quadra-do-conjunto-campo-belo-em-alagoinhas-e-requalificada-pela-secet\\\/\",\"name\":\"Quadra do Conjunto Campo Belo, em Alagoinhas, \\u00e9 requalificada pela SECET - News In Foco - Editado por Caio Pimenta\",\"description\":\"Os moradores do Conjunto Campo Belo, sobretudo os adeptos das pr\\u00e1ticas esportivas, ganharam uma quadra poliesportiva completamente requalificada pela Prefeitura de Alagoinhas. A reforma foi realizada por meio da Secretaria de Cultura, Esporte e Turismo (SECET), com emenda do vereador Anderson Baqueiro. A demanda da comunidade, atendida com a a\\u00e7\\u00e3o, possibilita um melhor aproveitamento do\",\"inLanguage\":\"pt-BR\",\"isPartOf\":{\"@id\":\"https:\\\/\\\/newsinfoco.com.br\\\/inicio\\\/#website\"},\"breadcrumb\":{\"@id\":\"https:\\\/\\\/newsinfoco.com.br\\\/inicio\\\/quadra-do-conjunto-campo-belo-em-alagoinhas-e-requalificada-pela-secet\\\/#breadcrumblist\"},\"author\":{\"@id\":\"https:\\\/\\\/newsinfoco.com.br\\\/inicio\\\/author\\\/administrador\\\/#author\"},\"creator\":{\"@id\":\"https:\\\/\\\/newsinfoco.com.br\\\/inicio\\\/author\\\/administrador\\\/#author\"},\"image\":{\"@type\":\"ImageObject\",\"url\":\"https:\\\/\\\/newsinfoco.com.br\\\/inicio\\\/wp-content\\\/uploads\\\/2024\\\/02\\\/quadra.jpeg\",\"@id\":\"https:\\\/\\\/newsinfoco.com.br\\\/inicio\\\/quadra-do-conjunto-campo-belo-em-alagoinhas-e-requalificada-pela-secet\\\/#mainImage\",\"width\":1024,\"height\":576},\"primaryImageOfPage\":{\"@id\":\"https:\\\/\\\/newsinfoco.com.br\\\/inicio\\\/quadra-do-conjunto-campo-belo-em-alagoinhas-e-requalificada-pela-secet\\\/#mainImage\"},\"datePublished\":\"2024-02-15T18:10:28-03:00\",\"dateModified\":\"2024-02-15T18:10:28-03:00\"},{\"@type\":\"WebSite\",\"@id\":\"https:\\\/\\\/newsinfoco.com.br\\\/inicio\\\/#website\",\"url\":\"https:\\\/\\\/newsinfoco.com.br\\\/inicio\\\/\",\"name\":\"News In Foco - Editado por Caio Pimenta\",\"description\":\"O principal site de noticias de Alagoinhas e regi\\u00e3o\",\"inLanguage\":\"pt-BR\",\"publisher\":{\"@id\":\"https:\\\/\\\/newsinfoco.com.br\\\/inicio\\\/#organization\"}}]}\n\t\t<\/script>\n\t\t<!-- All in One SEO -->\n\n","aioseo_head_json":{"title":"Quadra do Conjunto Campo Belo, em Alagoinhas, \u00e9 requalificada pela SECET - News In Foco - Editado por Caio Pimenta","description":"Os moradores do Conjunto Campo Belo, sobretudo os adeptos das pr\u00e1ticas esportivas, ganharam uma quadra poliesportiva completamente requalificada pela Prefeitura de Alagoinhas. A reforma foi realizada por meio da Secretaria de Cultura, Esporte e Turismo (SECET), com emenda do vereador Anderson Baqueiro. A demanda da comunidade, atendida com a a\u00e7\u00e3o, possibilita um melhor aproveitamento do","canonical_url":"https:\/\/newsinfoco.com.br\/inicio\/quadra-do-conjunto-campo-belo-em-alagoinhas-e-requalificada-pela-secet\/","robots":"max-image-preview:large","keywords":"","webmasterTools":{"miscellaneous":""},"schema":{"@context":"https:\/\/schema.org","@graph":[{"@type":"BlogPosting","@id":"https:\/\/newsinfoco.com.br\/inicio\/quadra-do-conjunto-campo-belo-em-alagoinhas-e-requalificada-pela-secet\/#blogposting","name":"Quadra do Conjunto Campo Belo, em Alagoinhas, \u00e9 requalificada pela SECET - News In Foco - Editado por Caio Pimenta","headline":"Quadra do Conjunto Campo Belo, em Alagoinhas, \u00e9 requalificada pela SECET","author":{"@id":"https:\/\/newsinfoco.com.br\/inicio\/author\/administrador\/#author"},"publisher":{"@id":"https:\/\/newsinfoco.com.br\/inicio\/#organization"},"image":{"@type":"ImageObject","url":"https:\/\/newsinfoco.com.br\/inicio\/wp-content\/uploads\/2024\/02\/quadra.jpeg","width":1024,"height":576},"datePublished":"2024-02-15T18:10:28-03:00","dateModified":"2024-02-15T18:10:28-03:00","inLanguage":"pt-BR","mainEntityOfPage":{"@id":"https:\/\/newsinfoco.com.br\/inicio\/quadra-do-conjunto-campo-belo-em-alagoinhas-e-requalificada-pela-secet\/#webpage"},"isPartOf":{"@id":"https:\/\/newsinfoco.com.br\/inicio\/quadra-do-conjunto-campo-belo-em-alagoinhas-e-requalificada-pela-secet\/#webpage"},"articleSection":"Alagoinhas e Regi\u00e3o, Manchete"},{"@type":"BreadcrumbList","@id":"https:\/\/newsinfoco.com.br\/inicio\/quadra-do-conjunto-campo-belo-em-alagoinhas-e-requalificada-pela-secet\/#breadcrumblist","itemListElement":[{"@type":"ListItem","@id":"https:\/\/newsinfoco.com.br\/inicio#listItem","position":1,"name":"In\u00edcio","item":"https:\/\/newsinfoco.com.br\/inicio","nextItem":{"@type":"ListItem","@id":"https:\/\/newsinfoco.com.br\/inicio\/category\/alagoinhas-e-regiao\/#listItem","name":"Alagoinhas e Regi\u00e3o"}},{"@type":"ListItem","@id":"https:\/\/newsinfoco.com.br\/inicio\/category\/alagoinhas-e-regiao\/#listItem","position":2,"name":"Alagoinhas e Regi\u00e3o","item":"https:\/\/newsinfoco.com.br\/inicio\/category\/alagoinhas-e-regiao\/","nextItem":{"@type":"ListItem","@id":"https:\/\/newsinfoco.com.br\/inicio\/quadra-do-conjunto-campo-belo-em-alagoinhas-e-requalificada-pela-secet\/#listItem","name":"Quadra do Conjunto Campo Belo, em Alagoinhas, \u00e9 requalificada pela SECET"},"previousItem":{"@type":"ListItem","@id":"https:\/\/newsinfoco.com.br\/inicio#listItem","name":"In\u00edcio"}},{"@type":"ListItem","@id":"https:\/\/newsinfoco.com.br\/inicio\/quadra-do-conjunto-campo-belo-em-alagoinhas-e-requalificada-pela-secet\/#listItem","position":3,"name":"Quadra do Conjunto Campo Belo, em Alagoinhas, \u00e9 requalificada pela SECET","previousItem":{"@type":"ListItem","@id":"https:\/\/newsinfoco.com.br\/inicio\/category\/alagoinhas-e-regiao\/#listItem","name":"Alagoinhas e Regi\u00e3o"}}]},{"@type":"Organization","@id":"https:\/\/newsinfoco.com.br\/inicio\/#organization","name":"News In Foco - Editado por Caio Pimenta","description":"O principal site de noticias de Alagoinhas e regi\u00e3o","url":"https:\/\/newsinfoco.com.br\/inicio\/"},{"@type":"Person","@id":"https:\/\/newsinfoco.com.br\/inicio\/author\/administrador\/#author","url":"https:\/\/newsinfoco.com.br\/inicio\/author\/administrador\/","name":"administrador","image":{"@type":"ImageObject","@id":"https:\/\/newsinfoco.com.br\/inicio\/quadra-do-conjunto-campo-belo-em-alagoinhas-e-requalificada-pela-secet\/#authorImage","url":"https:\/\/secure.gravatar.com\/avatar\/c17a617433de8c1dc9584bb79aab7563b46f5bb7e1728c9b17d9cc3ce6a08e49?s=96&d=mm&r=g","width":96,"height":96,"caption":"administrador"}},{"@type":"WebPage","@id":"https:\/\/newsinfoco.com.br\/inicio\/quadra-do-conjunto-campo-belo-em-alagoinhas-e-requalificada-pela-secet\/#webpage","url":"https:\/\/newsinfoco.com.br\/inicio\/quadra-do-conjunto-campo-belo-em-alagoinhas-e-requalificada-pela-secet\/","name":"Quadra do Conjunto Campo Belo, em Alagoinhas, \u00e9 requalificada pela SECET - News In Foco - Editado por Caio Pimenta","description":"Os moradores do Conjunto Campo Belo, sobretudo os adeptos das pr\u00e1ticas esportivas, ganharam uma quadra poliesportiva completamente requalificada pela Prefeitura de Alagoinhas. A reforma foi realizada por meio da Secretaria de Cultura, Esporte e Turismo (SECET), com emenda do vereador Anderson Baqueiro. A demanda da comunidade, atendida com a a\u00e7\u00e3o, possibilita um melhor aproveitamento do","inLanguage":"pt-BR","isPartOf":{"@id":"https:\/\/newsinfoco.com.br\/inicio\/#website"},"breadcrumb":{"@id":"https:\/\/newsinfoco.com.br\/inicio\/quadra-do-conjunto-campo-belo-em-alagoinhas-e-requalificada-pela-secet\/#breadcrumblist"},"author":{"@id":"https:\/\/newsinfoco.com.br\/inicio\/author\/administrador\/#author"},"creator":{"@id":"https:\/\/newsinfoco.com.br\/inicio\/author\/administrador\/#author"},"image":{"@type":"ImageObject","url":"https:\/\/newsinfoco.com.br\/inicio\/wp-content\/uploads\/2024\/02\/quadra.jpeg","@id":"https:\/\/newsinfoco.com.br\/inicio\/quadra-do-conjunto-campo-belo-em-alagoinhas-e-requalificada-pela-secet\/#mainImage","width":1024,"height":576},"primaryImageOfPage":{"@id":"https:\/\/newsinfoco.com.br\/inicio\/quadra-do-conjunto-campo-belo-em-alagoinhas-e-requalificada-pela-secet\/#mainImage"},"datePublished":"2024-02-15T18:10:28-03:00","dateModified":"2024-02-15T18:10:28-03:00"},{"@type":"WebSite","@id":"https:\/\/newsinfoco.com.br\/inicio\/#website","url":"https:\/\/newsinfoco.com.br\/inicio\/","name":"News In Foco - Editado por Caio Pimenta","description":"O principal site de noticias de Alagoinhas e regi\u00e3o","inLanguage":"pt-BR","publisher":{"@id":"https:\/\/newsinfoco.com.br\/inicio\/#organization"}}]},"og:locale":"pt_BR","og:site_name":"News In Foco - Editado por Caio Pimenta - O principal site de noticias de Alagoinhas e regi\u00e3o","og:type":"article","og:title":"Quadra do Conjunto Campo Belo, em Alagoinhas, \u00e9 requalificada pela SECET - News In Foco - Editado por Caio Pimenta","og:description":"Os moradores do Conjunto Campo Belo, sobretudo os adeptos das pr\u00e1ticas esportivas, ganharam uma quadra poliesportiva completamente requalificada pela Prefeitura de Alagoinhas. A reforma foi realizada por meio da Secretaria de Cultura, Esporte e Turismo (SECET), com emenda do vereador Anderson Baqueiro. A demanda da comunidade, atendida com a a\u00e7\u00e3o, possibilita um melhor aproveitamento do","og:url":"https:\/\/newsinfoco.com.br\/inicio\/quadra-do-conjunto-campo-belo-em-alagoinhas-e-requalificada-pela-secet\/","article:published_time":"2024-02-15T21:10:28+00:00","article:modified_time":"2024-02-15T21:10:28+00:00","twitter:card":"summary_large_image","twitter:title":"Quadra do Conjunto Campo Belo, em Alagoinhas, \u00e9 requalificada pela SECET - News In Foco - Editado por Caio Pimenta","twitter:description":"Os moradores do Conjunto Campo Belo, sobretudo os adeptos das pr\u00e1ticas esportivas, ganharam uma quadra poliesportiva completamente requalificada pela Prefeitura de Alagoinhas. A reforma foi realizada por meio da Secretaria de Cultura, Esporte e Turismo (SECET), com emenda do vereador Anderson Baqueiro. A demanda da comunidade, atendida com a a\u00e7\u00e3o, possibilita um melhor aproveitamento do"},"aioseo_meta_data":{"post_id":"35789","title":null,"description":null,"keywords":[],"keyphrases":{"focus":{"keyphrase":"","score":0,"analysis":{"keyphraseInTitle":{"score":0,"maxScore":9,"error":1}}},"additional":[]},"primary_term":null,"canonical_url":null,"og_title":null,"og_description":null,"og_object_type":"default","og_image_type":"default","og_image_url":null,"og_image_width":null,"og_image_height":null,"og_image_custom_url":null,"og_image_custom_fields":null,"og_video":"","og_custom_url":null,"og_article_section":null,"og_article_tags":[],"twitter_use_og":false,"twitter_card":"default","twitter_image_type":"default","twitter_image_url":null,"twitter_image_custom_url":null,"twitter_image_custom_fields":null,"twitter_title":null,"twitter_description":null,"schema":{"blockGraphs":[],"customGraphs":[],"default":{"data":{"Article":[],"Course":[],"Dataset":[],"FAQPage":[],"Movie":[],"Person":[],"Product":[],"ProductReview":[],"Car":[],"Recipe":[],"Service":[],"SoftwareApplication":[],"WebPage":[]},"graphName":"BlogPosting","isEnabled":true},"graphs":[]},"schema_type":"default","schema_type_options":null,"pillar_content":false,"robots_default":true,"robots_noindex":false,"robots_noarchive":false,"robots_nosnippet":false,"robots_nofollow":false,"robots_noimageindex":false,"robots_noodp":false,"robots_notranslate":false,"robots_max_snippet":"-1","robots_max_videopreview":"-1","robots_max_imagepreview":"large","priority":null,"frequency":"default","local_seo":null,"breadcrumb_settings":null,"limit_modified_date":false,"ai":null,"created":"2024-02-15 21:10:29","updated":"2025-07-11 10:33:55","seo_analyzer_scan_date":null},"aioseo_breadcrumb":"<div class=\"aioseo-breadcrumbs\"><span class=\"aioseo-breadcrumb\">\n\t\t\t<a href=\"https:\/\/newsinfoco.com.br\/inicio\" title=\"In\u00edcio\">In\u00edcio<\/a>\n\t\t<\/span><span class=\"aioseo-breadcrumb-separator\">&raquo;<\/span><span class=\"aioseo-breadcrumb\">\n\t\t\t<a href=\"https:\/\/newsinfoco.com.br\/inicio\/category\/alagoinhas-e-regiao\/\" title=\"Alagoinhas e Regi\u00e3o\">Alagoinhas e Regi\u00e3o<\/a>\n\t\t<\/span><span class=\"aioseo-breadcrumb-separator\">&raquo;<\/span><span class=\"aioseo-breadcrumb\">\n\t\t\tQuadra do Conjunto Campo Belo, em Alagoinhas, \u00e9 requalificada pela SECET\n\t\t<\/span><\/div>","aioseo_breadcrumb_json":[{"label":"In\u00edcio","link":"https:\/\/newsinfoco.com.br\/inicio"},{"label":"Alagoinhas e Regi\u00e3o","link":"https:\/\/newsinfoco.com.br\/inicio\/category\/alagoinhas-e-regiao\/"},{"label":"Quadra do Conjunto Campo Belo, em Alagoinhas, \u00e9 requalificada pela SECET","link":"https:\/\/newsinfoco.com.br\/inicio\/quadra-do-conjunto-campo-belo-em-alagoinhas-e-requalificada-pela-secet\/"}],"_links":{"self":[{"href":"https:\/\/newsinfoco.com.br\/inicio\/wp-json\/wp\/v2\/posts\/35789","targetHints":{"allow":["GET"]}}],"collection":[{"href":"https:\/\/newsinfoco.com.br\/inicio\/wp-json\/wp\/v2\/posts"}],"about":[{"href":"https:\/\/newsinfoco.com.br\/inicio\/wp-json\/wp\/v2\/types\/post"}],"author":[{"embeddable":true,"href":"https:\/\/newsinfoco.com.br\/inicio\/wp-json\/wp\/v2\/users\/1"}],"replies":[{"embeddable":true,"href":"https:\/\/newsinfoco.com.br\/inicio\/wp-json\/wp\/v2\/comments?post=35789"}],"version-history":[{"count":2,"href":"https:\/\/newsinfoco.com.br\/inicio\/wp-json\/wp\/v2\/posts\/35789\/revisions"}],"predecessor-version":[{"id":35792,"href":"https:\/\/newsinfoco.com.br\/inicio\/wp-json\/wp\/v2\/posts\/35789\/revisions\/35792"}],"wp:featuredmedia":[{"embeddable":true,"href":"https:\/\/newsinfoco.com.br\/inicio\/wp-json\/wp\/v2\/media\/35790"}],"wp:attachment":[{"href":"https:\/\/newsinfoco.com.br\/inicio\/wp-json\/wp\/v2\/media?parent=35789"}],"wp:term":[{"taxonomy":"category","embeddable":true,"href":"https:\/\/newsinfoco.com.br\/inicio\/wp-json\/wp\/v2\/categories?post=35789"},{"taxonomy":"post_tag","embeddable":true,"href":"https:\/\/newsinfoco.com.br\/inicio\/wp-json\/wp\/v2\/tags?post=35789"}],"curies":[{"name":"wp","href":"https:\/\/api.w.org\/{rel}","templated":true}]}}