{"id":35795,"date":"2024-02-19T21:12:16","date_gmt":"2024-02-20T00:12:16","guid":{"rendered":"https:\/\/newsinfoco.com.br\/inicio\/?p=35795"},"modified":"2024-02-19T21:12:16","modified_gmt":"2024-02-20T00:12:16","slug":"alagoinhas-recebe-feira-saude-mais-perto-com-exames-consultas-e-servicos-de-cidadania","status":"publish","type":"post","link":"https:\/\/newsinfoco.com.br\/inicio\/alagoinhas-recebe-feira-saude-mais-perto-com-exames-consultas-e-servicos-de-cidadania\/","title":{"rendered":"Alagoinhas recebe Feira Sa\u00fade Mais Perto com exames, consultas e servi\u00e7os de cidadania"},"content":{"rendered":"<p>Alagoinhas recebe, nos dias 22 e 23 de fevereiro, a Feira Sa\u00fade Mais Perto. A a\u00e7\u00e3o realizada pela Prefeitura Municipal em parceria com o Governo da Bahia, vai oferecer servi\u00e7os gratuitos de sa\u00fade e cidadania no Est\u00e1dio Carneir\u00e3o. A novidade foi anunciada nesta sexta-feira (16) pelo prefeito Joaquim Neto, a deputada estadual Ludmila Fiscina, a secret\u00e1ria de Sa\u00fade La\u00edna Passos e o secret\u00e1rio de Rela\u00e7\u00f5es Institucionais Gustavo Carmo.<\/p>\n<p>Ser\u00e3o ofertados atendimentos odontol\u00f3gicos, exames como ultrassonografias, RX, preventivos, mamografias, eletrocardiogramas, orienta\u00e7\u00e3o de sa\u00fade e nutricional, exames oftalmol\u00f3gicos, cirurgias de catarata e Yag Laser; exames laboratoriais, triagem para cirurgias eletivas, vacina\u00e7\u00e3o e testagem r\u00e1pida.<\/p>\n<p>A popula\u00e7\u00e3o tamb\u00e9m ter\u00e1 acesso ao posto do Servi\u00e7o de Atendimento ao Cidad\u00e3o (SAC), onde ser\u00e1 realizada a emiss\u00e3o da primeira e segunda via de carteira de identidade (necess\u00e1rio a certid\u00e3o de nascimento ou casamento original e em bom estado junto), totalmente gratuito, inscri\u00e7\u00e3o no CPF e emiss\u00e3o de cart\u00e3o do SUS e antecedentes criminais.<\/p>\n<p>Para acesso aos servi\u00e7os, os usu\u00e1rios dever\u00e3o apresentar Cart\u00e3o SUS, RG, comprovante de resid\u00eancia, comprovante de vacina contra o covid-19 e requisi\u00e7\u00e3o m\u00e9dica para realiza\u00e7\u00e3o de exames de ultrassonografia.<br \/>\n<a class=\"group1 cboxElement\" href=\"https:\/\/www.alagoinhas.ba.gov.br\/wp-content\/uploads\/2024\/02\/1d0bda95-7081-43ef-b008-721078005a00.jpeg\"><img loading=\"lazy\" decoding=\"async\" class=\"aligncenter size-full wp-image-72486\" src=\"https:\/\/www.alagoinhas.ba.gov.br\/wp-content\/uploads\/2024\/02\/1d0bda95-7081-43ef-b008-721078005a00.jpeg\" sizes=\"auto, (max-width: 1600px) 100vw, 1600px\" srcset=\"https:\/\/www.alagoinhas.ba.gov.br\/wp-content\/uploads\/2024\/02\/1d0bda95-7081-43ef-b008-721078005a00.jpeg 1600w, https:\/\/www.alagoinhas.ba.gov.br\/wp-content\/uploads\/2024\/02\/1d0bda95-7081-43ef-b008-721078005a00-300x200.jpeg 300w, https:\/\/www.alagoinhas.ba.gov.br\/wp-content\/uploads\/2024\/02\/1d0bda95-7081-43ef-b008-721078005a00-768x512.jpeg 768w, https:\/\/www.alagoinhas.ba.gov.br\/wp-content\/uploads\/2024\/02\/1d0bda95-7081-43ef-b008-721078005a00-1024x682.jpeg 1024w, https:\/\/www.alagoinhas.ba.gov.br\/wp-content\/uploads\/2024\/02\/1d0bda95-7081-43ef-b008-721078005a00-24x16.jpeg 24w\" alt=\"\" width=\"1600\" height=\"1066\" \/><\/a><\/p>\n<p><strong>Sobre a feira<\/strong><\/p>\n<p>A Feira Sa\u00fade Mais Perto \u00e9 mais uma ferramenta no processo de regionaliza\u00e7\u00e3o da sa\u00fade, levando atendimento de qualidade para todas as regi\u00f5es do Estado. A feira da sa\u00fade tem o papel importante de acelerar atendimentos de m\u00e9dia complexidade represados pela pandemia da Covid-19, priorizar a sa\u00fade preventiva e facilitar o acesso da popula\u00e7\u00e3o a tratamentos continuados.<\/p>\n<p>&nbsp;<\/p>\n<p>Foto: Roberto Fonseca \/ SECOM<\/p>\n<div class='share-to-whatsapp-wrapper'><div class='share-on-whsp'>Share on: <\/div><a data-text='Alagoinhas recebe Feira Sa\u00fade Mais Perto com exames, consultas e servi\u00e7os de cidadania' data-link='https:\/\/newsinfoco.com.br\/inicio\/alagoinhas-recebe-feira-saude-mais-perto-com-exames-consultas-e-servicos-de-cidadania\/' class='whatsapp-button whatsapp-share'>WhatsApp<\/a><div class='clear '><\/div><\/div>","protected":false},"excerpt":{"rendered":"<p>Alagoinhas recebe, nos dias 22 e 23 de fevereiro, a Feira Sa\u00fade Mais Perto. A a\u00e7\u00e3o realizada pela Prefeitura Municipal em parceria com o Governo da Bahia, vai oferecer servi\u00e7os gratuitos de sa\u00fade e cidadania no Est\u00e1dio Carneir\u00e3o. A novidade foi anunciada nesta sexta-feira (16) pelo prefeito Joaquim Neto, a deputada estadual Ludmila Fiscina, a [&hellip;]<\/p>\n","protected":false},"author":1,"featured_media":35796,"comment_status":"closed","ping_status":"closed","sticky":false,"template":"","format":"standard","meta":{"om_disable_all_campaigns":false,"rop_custom_images_group":[],"rop_custom_messages_group":[],"rop_publish_now":"initial","rop_publish_now_accounts":[],"rop_publish_now_history":[],"rop_publish_now_status":"pending","_exactmetrics_skip_tracking":false,"footnotes":""},"categories":[38,167],"tags":[],"class_list":["post-35795","post","type-post","status-publish","format-standard","has-post-thumbnail","hentry","category-alagoinhas-e-regiao","category-exclusivas"],"aioseo_notices":[],"aioseo_head":"\n\t\t<!-- All in One SEO 4.9.10 - aioseo.com -->\n\t<meta name=\"description\" content=\"Alagoinhas recebe, nos dias 22 e 23 de fevereiro, a Feira Sa\u00fade Mais Perto. A a\u00e7\u00e3o realizada pela Prefeitura Municipal em parceria com o Governo da Bahia, vai oferecer servi\u00e7os gratuitos de sa\u00fade e cidadania no Est\u00e1dio Carneir\u00e3o. A novidade foi anunciada nesta sexta-feira (16) pelo prefeito Joaquim Neto, a deputada estadual Ludmila Fiscina, a\" \/>\n\t<meta name=\"robots\" content=\"max-image-preview:large\" \/>\n\t<meta name=\"author\" content=\"administrador\"\/>\n\t<link rel=\"canonical\" href=\"https:\/\/newsinfoco.com.br\/inicio\/alagoinhas-recebe-feira-saude-mais-perto-com-exames-consultas-e-servicos-de-cidadania\/\" \/>\n\t<meta name=\"generator\" content=\"All in One SEO (AIOSEO) 4.9.10\" \/>\n\t\t<meta property=\"og:locale\" content=\"pt_BR\" \/>\n\t\t<meta property=\"og:site_name\" content=\"News In Foco - Editado por Caio Pimenta - O principal site de noticias de Alagoinhas e regi\u00e3o\" \/>\n\t\t<meta property=\"og:type\" content=\"article\" \/>\n\t\t<meta property=\"og:title\" content=\"Alagoinhas recebe Feira Sa\u00fade Mais Perto com exames, consultas e servi\u00e7os de cidadania - News In Foco - Editado por Caio Pimenta\" \/>\n\t\t<meta property=\"og:description\" content=\"Alagoinhas recebe, nos dias 22 e 23 de fevereiro, a Feira Sa\u00fade Mais Perto. A a\u00e7\u00e3o realizada pela Prefeitura Municipal em parceria com o Governo da Bahia, vai oferecer servi\u00e7os gratuitos de sa\u00fade e cidadania no Est\u00e1dio Carneir\u00e3o. A novidade foi anunciada nesta sexta-feira (16) pelo prefeito Joaquim Neto, a deputada estadual Ludmila Fiscina, a\" \/>\n\t\t<meta property=\"og:url\" content=\"https:\/\/newsinfoco.com.br\/inicio\/alagoinhas-recebe-feira-saude-mais-perto-com-exames-consultas-e-servicos-de-cidadania\/\" \/>\n\t\t<meta property=\"article:published_time\" content=\"2024-02-20T00:12:16+00:00\" \/>\n\t\t<meta property=\"article:modified_time\" content=\"2024-02-20T00:12:16+00:00\" \/>\n\t\t<meta name=\"twitter:card\" content=\"summary_large_image\" \/>\n\t\t<meta name=\"twitter:title\" content=\"Alagoinhas recebe Feira Sa\u00fade Mais Perto com exames, consultas e servi\u00e7os de cidadania - News In Foco - Editado por Caio Pimenta\" \/>\n\t\t<meta name=\"twitter:description\" content=\"Alagoinhas recebe, nos dias 22 e 23 de fevereiro, a Feira Sa\u00fade Mais Perto. A a\u00e7\u00e3o realizada pela Prefeitura Municipal em parceria com o Governo da Bahia, vai oferecer servi\u00e7os gratuitos de sa\u00fade e cidadania no Est\u00e1dio Carneir\u00e3o. A novidade foi anunciada nesta sexta-feira (16) pelo prefeito Joaquim Neto, a deputada estadual Ludmila Fiscina, a\" \/>\n\t\t<script type=\"application\/ld+json\" class=\"aioseo-schema\">\n\t\t\t{\"@context\":\"https:\\\/\\\/schema.org\",\"@graph\":[{\"@type\":\"BlogPosting\",\"@id\":\"https:\\\/\\\/newsinfoco.com.br\\\/inicio\\\/alagoinhas-recebe-feira-saude-mais-perto-com-exames-consultas-e-servicos-de-cidadania\\\/#blogposting\",\"name\":\"Alagoinhas recebe Feira Sa\\u00fade Mais Perto com exames, consultas e servi\\u00e7os de cidadania - News In Foco - Editado por Caio Pimenta\",\"headline\":\"Alagoinhas recebe Feira Sa\\u00fade Mais Perto com exames, consultas e servi\\u00e7os de cidadania\",\"author\":{\"@id\":\"https:\\\/\\\/newsinfoco.com.br\\\/inicio\\\/author\\\/administrador\\\/#author\"},\"publisher\":{\"@id\":\"https:\\\/\\\/newsinfoco.com.br\\\/inicio\\\/#organization\"},\"image\":{\"@type\":\"ImageObject\",\"url\":\"https:\\\/\\\/newsinfoco.com.br\\\/inicio\\\/wp-content\\\/uploads\\\/2024\\\/02\\\/feira.jpeg\",\"width\":1600,\"height\":1066},\"datePublished\":\"2024-02-19T21:12:16-03:00\",\"dateModified\":\"2024-02-19T21:12:16-03:00\",\"inLanguage\":\"pt-BR\",\"mainEntityOfPage\":{\"@id\":\"https:\\\/\\\/newsinfoco.com.br\\\/inicio\\\/alagoinhas-recebe-feira-saude-mais-perto-com-exames-consultas-e-servicos-de-cidadania\\\/#webpage\"},\"isPartOf\":{\"@id\":\"https:\\\/\\\/newsinfoco.com.br\\\/inicio\\\/alagoinhas-recebe-feira-saude-mais-perto-com-exames-consultas-e-servicos-de-cidadania\\\/#webpage\"},\"articleSection\":\"Alagoinhas e Regi\\u00e3o, Manchete\"},{\"@type\":\"BreadcrumbList\",\"@id\":\"https:\\\/\\\/newsinfoco.com.br\\\/inicio\\\/alagoinhas-recebe-feira-saude-mais-perto-com-exames-consultas-e-servicos-de-cidadania\\\/#breadcrumblist\",\"itemListElement\":[{\"@type\":\"ListItem\",\"@id\":\"https:\\\/\\\/newsinfoco.com.br\\\/inicio#listItem\",\"position\":1,\"name\":\"In\\u00edcio\",\"item\":\"https:\\\/\\\/newsinfoco.com.br\\\/inicio\",\"nextItem\":{\"@type\":\"ListItem\",\"@id\":\"https:\\\/\\\/newsinfoco.com.br\\\/inicio\\\/category\\\/alagoinhas-e-regiao\\\/#listItem\",\"name\":\"Alagoinhas e Regi\\u00e3o\"}},{\"@type\":\"ListItem\",\"@id\":\"https:\\\/\\\/newsinfoco.com.br\\\/inicio\\\/category\\\/alagoinhas-e-regiao\\\/#listItem\",\"position\":2,\"name\":\"Alagoinhas e Regi\\u00e3o\",\"item\":\"https:\\\/\\\/newsinfoco.com.br\\\/inicio\\\/category\\\/alagoinhas-e-regiao\\\/\",\"nextItem\":{\"@type\":\"ListItem\",\"@id\":\"https:\\\/\\\/newsinfoco.com.br\\\/inicio\\\/alagoinhas-recebe-feira-saude-mais-perto-com-exames-consultas-e-servicos-de-cidadania\\\/#listItem\",\"name\":\"Alagoinhas recebe Feira Sa\\u00fade Mais Perto com exames, consultas e servi\\u00e7os de cidadania\"},\"previousItem\":{\"@type\":\"ListItem\",\"@id\":\"https:\\\/\\\/newsinfoco.com.br\\\/inicio#listItem\",\"name\":\"In\\u00edcio\"}},{\"@type\":\"ListItem\",\"@id\":\"https:\\\/\\\/newsinfoco.com.br\\\/inicio\\\/alagoinhas-recebe-feira-saude-mais-perto-com-exames-consultas-e-servicos-de-cidadania\\\/#listItem\",\"position\":3,\"name\":\"Alagoinhas recebe Feira Sa\\u00fade Mais Perto com exames, consultas e servi\\u00e7os de cidadania\",\"previousItem\":{\"@type\":\"ListItem\",\"@id\":\"https:\\\/\\\/newsinfoco.com.br\\\/inicio\\\/category\\\/alagoinhas-e-regiao\\\/#listItem\",\"name\":\"Alagoinhas e Regi\\u00e3o\"}}]},{\"@type\":\"Organization\",\"@id\":\"https:\\\/\\\/newsinfoco.com.br\\\/inicio\\\/#organization\",\"name\":\"News In Foco - Editado por Caio Pimenta\",\"description\":\"O principal site de noticias de Alagoinhas e regi\\u00e3o\",\"url\":\"https:\\\/\\\/newsinfoco.com.br\\\/inicio\\\/\"},{\"@type\":\"Person\",\"@id\":\"https:\\\/\\\/newsinfoco.com.br\\\/inicio\\\/author\\\/administrador\\\/#author\",\"url\":\"https:\\\/\\\/newsinfoco.com.br\\\/inicio\\\/author\\\/administrador\\\/\",\"name\":\"administrador\",\"image\":{\"@type\":\"ImageObject\",\"@id\":\"https:\\\/\\\/newsinfoco.com.br\\\/inicio\\\/alagoinhas-recebe-feira-saude-mais-perto-com-exames-consultas-e-servicos-de-cidadania\\\/#authorImage\",\"url\":\"https:\\\/\\\/secure.gravatar.com\\\/avatar\\\/c17a617433de8c1dc9584bb79aab7563b46f5bb7e1728c9b17d9cc3ce6a08e49?s=96&d=mm&r=g\",\"width\":96,\"height\":96,\"caption\":\"administrador\"}},{\"@type\":\"WebPage\",\"@id\":\"https:\\\/\\\/newsinfoco.com.br\\\/inicio\\\/alagoinhas-recebe-feira-saude-mais-perto-com-exames-consultas-e-servicos-de-cidadania\\\/#webpage\",\"url\":\"https:\\\/\\\/newsinfoco.com.br\\\/inicio\\\/alagoinhas-recebe-feira-saude-mais-perto-com-exames-consultas-e-servicos-de-cidadania\\\/\",\"name\":\"Alagoinhas recebe Feira Sa\\u00fade Mais Perto com exames, consultas e servi\\u00e7os de cidadania - News In Foco - Editado por Caio Pimenta\",\"description\":\"Alagoinhas recebe, nos dias 22 e 23 de fevereiro, a Feira Sa\\u00fade Mais Perto. A a\\u00e7\\u00e3o realizada pela Prefeitura Municipal em parceria com o Governo da Bahia, vai oferecer servi\\u00e7os gratuitos de sa\\u00fade e cidadania no Est\\u00e1dio Carneir\\u00e3o. A novidade foi anunciada nesta sexta-feira (16) pelo prefeito Joaquim Neto, a deputada estadual Ludmila Fiscina, a\",\"inLanguage\":\"pt-BR\",\"isPartOf\":{\"@id\":\"https:\\\/\\\/newsinfoco.com.br\\\/inicio\\\/#website\"},\"breadcrumb\":{\"@id\":\"https:\\\/\\\/newsinfoco.com.br\\\/inicio\\\/alagoinhas-recebe-feira-saude-mais-perto-com-exames-consultas-e-servicos-de-cidadania\\\/#breadcrumblist\"},\"author\":{\"@id\":\"https:\\\/\\\/newsinfoco.com.br\\\/inicio\\\/author\\\/administrador\\\/#author\"},\"creator\":{\"@id\":\"https:\\\/\\\/newsinfoco.com.br\\\/inicio\\\/author\\\/administrador\\\/#author\"},\"image\":{\"@type\":\"ImageObject\",\"url\":\"https:\\\/\\\/newsinfoco.com.br\\\/inicio\\\/wp-content\\\/uploads\\\/2024\\\/02\\\/feira.jpeg\",\"@id\":\"https:\\\/\\\/newsinfoco.com.br\\\/inicio\\\/alagoinhas-recebe-feira-saude-mais-perto-com-exames-consultas-e-servicos-de-cidadania\\\/#mainImage\",\"width\":1600,\"height\":1066},\"primaryImageOfPage\":{\"@id\":\"https:\\\/\\\/newsinfoco.com.br\\\/inicio\\\/alagoinhas-recebe-feira-saude-mais-perto-com-exames-consultas-e-servicos-de-cidadania\\\/#mainImage\"},\"datePublished\":\"2024-02-19T21:12:16-03:00\",\"dateModified\":\"2024-02-19T21:12:16-03:00\"},{\"@type\":\"WebSite\",\"@id\":\"https:\\\/\\\/newsinfoco.com.br\\\/inicio\\\/#website\",\"url\":\"https:\\\/\\\/newsinfoco.com.br\\\/inicio\\\/\",\"name\":\"News In Foco - Editado por Caio Pimenta\",\"description\":\"O principal site de noticias de Alagoinhas e regi\\u00e3o\",\"inLanguage\":\"pt-BR\",\"publisher\":{\"@id\":\"https:\\\/\\\/newsinfoco.com.br\\\/inicio\\\/#organization\"}}]}\n\t\t<\/script>\n\t\t<!-- All in One SEO -->\n\n","aioseo_head_json":{"title":"Alagoinhas recebe Feira Sa\u00fade Mais Perto com exames, consultas e servi\u00e7os de cidadania - News In Foco - Editado por Caio Pimenta","description":"Alagoinhas recebe, nos dias 22 e 23 de fevereiro, a Feira Sa\u00fade Mais Perto. A a\u00e7\u00e3o realizada pela Prefeitura Municipal em parceria com o Governo da Bahia, vai oferecer servi\u00e7os gratuitos de sa\u00fade e cidadania no Est\u00e1dio Carneir\u00e3o. A novidade foi anunciada nesta sexta-feira (16) pelo prefeito Joaquim Neto, a deputada estadual Ludmila Fiscina, a","canonical_url":"https:\/\/newsinfoco.com.br\/inicio\/alagoinhas-recebe-feira-saude-mais-perto-com-exames-consultas-e-servicos-de-cidadania\/","robots":"max-image-preview:large","keywords":"","webmasterTools":{"miscellaneous":""},"schema":{"@context":"https:\/\/schema.org","@graph":[{"@type":"BlogPosting","@id":"https:\/\/newsinfoco.com.br\/inicio\/alagoinhas-recebe-feira-saude-mais-perto-com-exames-consultas-e-servicos-de-cidadania\/#blogposting","name":"Alagoinhas recebe Feira Sa\u00fade Mais Perto com exames, consultas e servi\u00e7os de cidadania - News In Foco - Editado por Caio Pimenta","headline":"Alagoinhas recebe Feira Sa\u00fade Mais Perto com exames, consultas e servi\u00e7os de cidadania","author":{"@id":"https:\/\/newsinfoco.com.br\/inicio\/author\/administrador\/#author"},"publisher":{"@id":"https:\/\/newsinfoco.com.br\/inicio\/#organization"},"image":{"@type":"ImageObject","url":"https:\/\/newsinfoco.com.br\/inicio\/wp-content\/uploads\/2024\/02\/feira.jpeg","width":1600,"height":1066},"datePublished":"2024-02-19T21:12:16-03:00","dateModified":"2024-02-19T21:12:16-03:00","inLanguage":"pt-BR","mainEntityOfPage":{"@id":"https:\/\/newsinfoco.com.br\/inicio\/alagoinhas-recebe-feira-saude-mais-perto-com-exames-consultas-e-servicos-de-cidadania\/#webpage"},"isPartOf":{"@id":"https:\/\/newsinfoco.com.br\/inicio\/alagoinhas-recebe-feira-saude-mais-perto-com-exames-consultas-e-servicos-de-cidadania\/#webpage"},"articleSection":"Alagoinhas e Regi\u00e3o, Manchete"},{"@type":"BreadcrumbList","@id":"https:\/\/newsinfoco.com.br\/inicio\/alagoinhas-recebe-feira-saude-mais-perto-com-exames-consultas-e-servicos-de-cidadania\/#breadcrumblist","itemListElement":[{"@type":"ListItem","@id":"https:\/\/newsinfoco.com.br\/inicio#listItem","position":1,"name":"In\u00edcio","item":"https:\/\/newsinfoco.com.br\/inicio","nextItem":{"@type":"ListItem","@id":"https:\/\/newsinfoco.com.br\/inicio\/category\/alagoinhas-e-regiao\/#listItem","name":"Alagoinhas e Regi\u00e3o"}},{"@type":"ListItem","@id":"https:\/\/newsinfoco.com.br\/inicio\/category\/alagoinhas-e-regiao\/#listItem","position":2,"name":"Alagoinhas e Regi\u00e3o","item":"https:\/\/newsinfoco.com.br\/inicio\/category\/alagoinhas-e-regiao\/","nextItem":{"@type":"ListItem","@id":"https:\/\/newsinfoco.com.br\/inicio\/alagoinhas-recebe-feira-saude-mais-perto-com-exames-consultas-e-servicos-de-cidadania\/#listItem","name":"Alagoinhas recebe Feira Sa\u00fade Mais Perto com exames, consultas e servi\u00e7os de cidadania"},"previousItem":{"@type":"ListItem","@id":"https:\/\/newsinfoco.com.br\/inicio#listItem","name":"In\u00edcio"}},{"@type":"ListItem","@id":"https:\/\/newsinfoco.com.br\/inicio\/alagoinhas-recebe-feira-saude-mais-perto-com-exames-consultas-e-servicos-de-cidadania\/#listItem","position":3,"name":"Alagoinhas recebe Feira Sa\u00fade Mais Perto com exames, consultas e servi\u00e7os de cidadania","previousItem":{"@type":"ListItem","@id":"https:\/\/newsinfoco.com.br\/inicio\/category\/alagoinhas-e-regiao\/#listItem","name":"Alagoinhas e Regi\u00e3o"}}]},{"@type":"Organization","@id":"https:\/\/newsinfoco.com.br\/inicio\/#organization","name":"News In Foco - Editado por Caio Pimenta","description":"O principal site de noticias de Alagoinhas e regi\u00e3o","url":"https:\/\/newsinfoco.com.br\/inicio\/"},{"@type":"Person","@id":"https:\/\/newsinfoco.com.br\/inicio\/author\/administrador\/#author","url":"https:\/\/newsinfoco.com.br\/inicio\/author\/administrador\/","name":"administrador","image":{"@type":"ImageObject","@id":"https:\/\/newsinfoco.com.br\/inicio\/alagoinhas-recebe-feira-saude-mais-perto-com-exames-consultas-e-servicos-de-cidadania\/#authorImage","url":"https:\/\/secure.gravatar.com\/avatar\/c17a617433de8c1dc9584bb79aab7563b46f5bb7e1728c9b17d9cc3ce6a08e49?s=96&d=mm&r=g","width":96,"height":96,"caption":"administrador"}},{"@type":"WebPage","@id":"https:\/\/newsinfoco.com.br\/inicio\/alagoinhas-recebe-feira-saude-mais-perto-com-exames-consultas-e-servicos-de-cidadania\/#webpage","url":"https:\/\/newsinfoco.com.br\/inicio\/alagoinhas-recebe-feira-saude-mais-perto-com-exames-consultas-e-servicos-de-cidadania\/","name":"Alagoinhas recebe Feira Sa\u00fade Mais Perto com exames, consultas e servi\u00e7os de cidadania - News In Foco - Editado por Caio Pimenta","description":"Alagoinhas recebe, nos dias 22 e 23 de fevereiro, a Feira Sa\u00fade Mais Perto. A a\u00e7\u00e3o realizada pela Prefeitura Municipal em parceria com o Governo da Bahia, vai oferecer servi\u00e7os gratuitos de sa\u00fade e cidadania no Est\u00e1dio Carneir\u00e3o. A novidade foi anunciada nesta sexta-feira (16) pelo prefeito Joaquim Neto, a deputada estadual Ludmila Fiscina, a","inLanguage":"pt-BR","isPartOf":{"@id":"https:\/\/newsinfoco.com.br\/inicio\/#website"},"breadcrumb":{"@id":"https:\/\/newsinfoco.com.br\/inicio\/alagoinhas-recebe-feira-saude-mais-perto-com-exames-consultas-e-servicos-de-cidadania\/#breadcrumblist"},"author":{"@id":"https:\/\/newsinfoco.com.br\/inicio\/author\/administrador\/#author"},"creator":{"@id":"https:\/\/newsinfoco.com.br\/inicio\/author\/administrador\/#author"},"image":{"@type":"ImageObject","url":"https:\/\/newsinfoco.com.br\/inicio\/wp-content\/uploads\/2024\/02\/feira.jpeg","@id":"https:\/\/newsinfoco.com.br\/inicio\/alagoinhas-recebe-feira-saude-mais-perto-com-exames-consultas-e-servicos-de-cidadania\/#mainImage","width":1600,"height":1066},"primaryImageOfPage":{"@id":"https:\/\/newsinfoco.com.br\/inicio\/alagoinhas-recebe-feira-saude-mais-perto-com-exames-consultas-e-servicos-de-cidadania\/#mainImage"},"datePublished":"2024-02-19T21:12:16-03:00","dateModified":"2024-02-19T21:12:16-03:00"},{"@type":"WebSite","@id":"https:\/\/newsinfoco.com.br\/inicio\/#website","url":"https:\/\/newsinfoco.com.br\/inicio\/","name":"News In Foco - Editado por Caio Pimenta","description":"O principal site de noticias de Alagoinhas e regi\u00e3o","inLanguage":"pt-BR","publisher":{"@id":"https:\/\/newsinfoco.com.br\/inicio\/#organization"}}]},"og:locale":"pt_BR","og:site_name":"News In Foco - Editado por Caio Pimenta - O principal site de noticias de Alagoinhas e regi\u00e3o","og:type":"article","og:title":"Alagoinhas recebe Feira Sa\u00fade Mais Perto com exames, consultas e servi\u00e7os de cidadania - News In Foco - Editado por Caio Pimenta","og:description":"Alagoinhas recebe, nos dias 22 e 23 de fevereiro, a Feira Sa\u00fade Mais Perto. A a\u00e7\u00e3o realizada pela Prefeitura Municipal em parceria com o Governo da Bahia, vai oferecer servi\u00e7os gratuitos de sa\u00fade e cidadania no Est\u00e1dio Carneir\u00e3o. A novidade foi anunciada nesta sexta-feira (16) pelo prefeito Joaquim Neto, a deputada estadual Ludmila Fiscina, a","og:url":"https:\/\/newsinfoco.com.br\/inicio\/alagoinhas-recebe-feira-saude-mais-perto-com-exames-consultas-e-servicos-de-cidadania\/","article:published_time":"2024-02-20T00:12:16+00:00","article:modified_time":"2024-02-20T00:12:16+00:00","twitter:card":"summary_large_image","twitter:title":"Alagoinhas recebe Feira Sa\u00fade Mais Perto com exames, consultas e servi\u00e7os de cidadania - News In Foco - Editado por Caio Pimenta","twitter:description":"Alagoinhas recebe, nos dias 22 e 23 de fevereiro, a Feira Sa\u00fade Mais Perto. A a\u00e7\u00e3o realizada pela Prefeitura Municipal em parceria com o Governo da Bahia, vai oferecer servi\u00e7os gratuitos de sa\u00fade e cidadania no Est\u00e1dio Carneir\u00e3o. A novidade foi anunciada nesta sexta-feira (16) pelo prefeito Joaquim Neto, a deputada estadual Ludmila Fiscina, a"},"aioseo_meta_data":{"post_id":"35795","title":null,"description":null,"keywords":[],"keyphrases":{"focus":{"keyphrase":"","score":0,"analysis":{"keyphraseInTitle":{"score":0,"maxScore":9,"error":1}}},"additional":[]},"primary_term":null,"canonical_url":null,"og_title":null,"og_description":null,"og_object_type":"default","og_image_type":"default","og_image_url":null,"og_image_width":null,"og_image_height":null,"og_image_custom_url":null,"og_image_custom_fields":null,"og_video":"","og_custom_url":null,"og_article_section":null,"og_article_tags":[],"twitter_use_og":false,"twitter_card":"default","twitter_image_type":"default","twitter_image_url":null,"twitter_image_custom_url":null,"twitter_image_custom_fields":null,"twitter_title":null,"twitter_description":null,"schema":{"blockGraphs":[],"customGraphs":[],"default":{"data":{"Article":[],"Course":[],"Dataset":[],"FAQPage":[],"Movie":[],"Person":[],"Product":[],"ProductReview":[],"Car":[],"Recipe":[],"Service":[],"SoftwareApplication":[],"WebPage":[]},"graphName":"BlogPosting","isEnabled":true},"graphs":[]},"schema_type":"default","schema_type_options":null,"pillar_content":false,"robots_default":true,"robots_noindex":false,"robots_noarchive":false,"robots_nosnippet":false,"robots_nofollow":false,"robots_noimageindex":false,"robots_noodp":false,"robots_notranslate":false,"robots_max_snippet":"-1","robots_max_videopreview":"-1","robots_max_imagepreview":"large","priority":null,"frequency":"default","local_seo":null,"breadcrumb_settings":null,"limit_modified_date":false,"ai":null,"created":"2024-02-20 00:12:16","updated":"2025-07-11 10:35:03","seo_analyzer_scan_date":null},"aioseo_breadcrumb":"<div class=\"aioseo-breadcrumbs\"><span class=\"aioseo-breadcrumb\">\n\t\t\t<a href=\"https:\/\/newsinfoco.com.br\/inicio\" title=\"In\u00edcio\">In\u00edcio<\/a>\n\t\t<\/span><span class=\"aioseo-breadcrumb-separator\">&raquo;<\/span><span class=\"aioseo-breadcrumb\">\n\t\t\t<a href=\"https:\/\/newsinfoco.com.br\/inicio\/category\/alagoinhas-e-regiao\/\" title=\"Alagoinhas e Regi\u00e3o\">Alagoinhas e Regi\u00e3o<\/a>\n\t\t<\/span><span class=\"aioseo-breadcrumb-separator\">&raquo;<\/span><span class=\"aioseo-breadcrumb\">\n\t\t\tAlagoinhas recebe Feira Sa\u00fade Mais Perto com exames, consultas e servi\u00e7os de cidadania\n\t\t<\/span><\/div>","aioseo_breadcrumb_json":[{"label":"In\u00edcio","link":"https:\/\/newsinfoco.com.br\/inicio"},{"label":"Alagoinhas e Regi\u00e3o","link":"https:\/\/newsinfoco.com.br\/inicio\/category\/alagoinhas-e-regiao\/"},{"label":"Alagoinhas recebe Feira Sa\u00fade Mais Perto com exames, consultas e servi\u00e7os de cidadania","link":"https:\/\/newsinfoco.com.br\/inicio\/alagoinhas-recebe-feira-saude-mais-perto-com-exames-consultas-e-servicos-de-cidadania\/"}],"_links":{"self":[{"href":"https:\/\/newsinfoco.com.br\/inicio\/wp-json\/wp\/v2\/posts\/35795","targetHints":{"allow":["GET"]}}],"collection":[{"href":"https:\/\/newsinfoco.com.br\/inicio\/wp-json\/wp\/v2\/posts"}],"about":[{"href":"https:\/\/newsinfoco.com.br\/inicio\/wp-json\/wp\/v2\/types\/post"}],"author":[{"embeddable":true,"href":"https:\/\/newsinfoco.com.br\/inicio\/wp-json\/wp\/v2\/users\/1"}],"replies":[{"embeddable":true,"href":"https:\/\/newsinfoco.com.br\/inicio\/wp-json\/wp\/v2\/comments?post=35795"}],"version-history":[{"count":1,"href":"https:\/\/newsinfoco.com.br\/inicio\/wp-json\/wp\/v2\/posts\/35795\/revisions"}],"predecessor-version":[{"id":35797,"href":"https:\/\/newsinfoco.com.br\/inicio\/wp-json\/wp\/v2\/posts\/35795\/revisions\/35797"}],"wp:featuredmedia":[{"embeddable":true,"href":"https:\/\/newsinfoco.com.br\/inicio\/wp-json\/wp\/v2\/media\/35796"}],"wp:attachment":[{"href":"https:\/\/newsinfoco.com.br\/inicio\/wp-json\/wp\/v2\/media?parent=35795"}],"wp:term":[{"taxonomy":"category","embeddable":true,"href":"https:\/\/newsinfoco.com.br\/inicio\/wp-json\/wp\/v2\/categories?post=35795"},{"taxonomy":"post_tag","embeddable":true,"href":"https:\/\/newsinfoco.com.br\/inicio\/wp-json\/wp\/v2\/tags?post=35795"}],"curies":[{"name":"wp","href":"https:\/\/api.w.org\/{rel}","templated":true}]}}