{"id":35798,"date":"2024-02-20T18:29:49","date_gmt":"2024-02-20T21:29:49","guid":{"rendered":"https:\/\/newsinfoco.com.br\/inicio\/?p=35798"},"modified":"2024-02-20T18:29:49","modified_gmt":"2024-02-20T21:29:49","slug":"mais-de-12-mil-atendimentos-serao-ofertados-durante-a-feira-saude-mais-perto-em-alagoinhas","status":"publish","type":"post","link":"https:\/\/newsinfoco.com.br\/inicio\/mais-de-12-mil-atendimentos-serao-ofertados-durante-a-feira-saude-mais-perto-em-alagoinhas\/","title":{"rendered":"Mais de 12 mil atendimentos ser\u00e3o ofertados durante a Feira Sa\u00fade Mais Perto em Alagoinhas"},"content":{"rendered":"<p>Com servi\u00e7os de sa\u00fade e voltados ao cidad\u00e3o, a popula\u00e7\u00e3o Alagoinhense ter\u00e1 acesso a realiza\u00e7\u00e3o de exames, consultas, cirurgias na Feira Sa\u00fade Mais Perto nos dias 22 e 23 de fevereiro. A a\u00e7\u00e3o realizada pela Prefeitura Municipal em parceria com o Governo do Estado da Bahia, vai oferecer mais de 12 mil atendimentos gratuitos aos alagoinhenses.<\/p>\n<p>Ser\u00e3o ofertados servi\u00e7os\u00a0de odontologia com: Procedimentos de Odontologia com tratamento de canal (de pr\u00e9-molar a pr\u00e9-molar), restaura\u00e7\u00e3o e reconstru\u00e7\u00e3o dent\u00e1ria, cirurgias da cavidade bucal, extra\u00e7\u00f5es, aplica\u00e7\u00e3o de fl\u00faor, atividades coletivas na aten\u00e7\u00e3o especializada e tratamento de doen\u00e7as da gengiva, limpeza e retirada de placa bacteriana, dentre outros (crian\u00e7as a partir dos 5 anos).<\/p>\n<p>Exames de Ultrassonografia com requisi\u00e7\u00e3o m\u00e9dica (Mama, Transvaginal, Abd\u00f4men Total, Tireoide, Vias urinarias, Pr\u00f3stata via abdominal e partes moles); Eletrocardiograma; Preventivo: Orienta\u00e7\u00e3o sobre a Sa\u00fade da Mulher e m\u00e9todos contraceptivos; Mamografia: em mulheres de 50 a 69 sem indica\u00e7\u00e3o m\u00e9dica. Assim como exames oftalmol\u00f3gicos, a partir dos 07 anos; rastreamento para cirurgia de catarata de idosos acima de 60 anos, capsulotomia por Yag Laser (procedimento que remove opacidades da c\u00e1psula posterior do cristalino, que \u00e9 o suporte onde a lente intraocular fica apoiada ap\u00f3s a cirurgia); e exames laboratoriais.<\/p>\n<p>Haver\u00e1 Cirurgias Eletivas com consulta com Cirurgi\u00e3o Geral, para encaminhamento, agendamento e execu\u00e7\u00e3o de cirurgias com H\u00e9rnia umbilical, Epig\u00e1strica e inguinal, Histerectomia e Ves\u00edcula); orienta\u00e7\u00e3o em Sa\u00fade; Imuniza\u00e7\u00e3o contra Covid-19, febre amarela, hepatite e t\u00e9tano; Testes r\u00e1pidos (HIV, s\u00edfilis e hepatite); Aferi\u00e7\u00e3o de press\u00e3o arterial e glicemia; Orienta\u00e7\u00e3o nutricional e servi\u00e7os de Fisioterapia.<\/p>\n<p>Tamb\u00e9m ser\u00e3o ofertados servi\u00e7os de Cidadania com Emiss\u00e3o da primeira e segunda via de carteira de identidade (necess\u00e1rio a certid\u00e3o de nascimento ou casamento original e em bom estado junto), inscri\u00e7\u00e3o no CPF e emiss\u00e3o de antecedentes criminais, al\u00e9m da emiss\u00e3o do cart\u00e3o do SUS.<\/p>\n<p>Para a estrutura ser\u00e3o disponibilizados carretas e caminh\u00f5es, consult\u00f3rios m\u00e9dicos para o atendimento m\u00f3vel que acontecer\u00e1 no Est\u00e1dio Carneir\u00e3o, a partir das 08h.<\/p>\n<p>&nbsp;<\/p>\n<p><a class=\"group1 cboxElement\" href=\"https:\/\/www.alagoinhas.ba.gov.br\/wp-content\/uploads\/2024\/02\/33d07f92-70fd-4e56-bcd5-d060fc00a3ef.jpeg\"><img loading=\"lazy\" decoding=\"async\" class=\"aligncenter size-full wp-image-72490\" src=\"https:\/\/www.alagoinhas.ba.gov.br\/wp-content\/uploads\/2024\/02\/33d07f92-70fd-4e56-bcd5-d060fc00a3ef.jpeg\" sizes=\"auto, (max-width: 1079px) 100vw, 1079px\" srcset=\"https:\/\/www.alagoinhas.ba.gov.br\/wp-content\/uploads\/2024\/02\/33d07f92-70fd-4e56-bcd5-d060fc00a3ef.jpeg 1079w, https:\/\/www.alagoinhas.ba.gov.br\/wp-content\/uploads\/2024\/02\/33d07f92-70fd-4e56-bcd5-d060fc00a3ef-300x300.jpeg 300w, https:\/\/www.alagoinhas.ba.gov.br\/wp-content\/uploads\/2024\/02\/33d07f92-70fd-4e56-bcd5-d060fc00a3ef-768x769.jpeg 768w, https:\/\/www.alagoinhas.ba.gov.br\/wp-content\/uploads\/2024\/02\/33d07f92-70fd-4e56-bcd5-d060fc00a3ef-1024x1024.jpeg 1024w, https:\/\/www.alagoinhas.ba.gov.br\/wp-content\/uploads\/2024\/02\/33d07f92-70fd-4e56-bcd5-d060fc00a3ef-24x24.jpeg 24w\" alt=\"\" width=\"1079\" height=\"1080\" \/><\/a><\/p>\n<p><a class=\"group1 cboxElement\" href=\"https:\/\/www.alagoinhas.ba.gov.br\/wp-content\/uploads\/2024\/02\/f1e4072c-f74f-471f-829d-e8c5c1c9e237.jpeg\"><img loading=\"lazy\" decoding=\"async\" class=\"aligncenter size-full wp-image-72491\" src=\"https:\/\/www.alagoinhas.ba.gov.br\/wp-content\/uploads\/2024\/02\/f1e4072c-f74f-471f-829d-e8c5c1c9e237.jpeg\" sizes=\"auto, (max-width: 1080px) 100vw, 1080px\" srcset=\"https:\/\/www.alagoinhas.ba.gov.br\/wp-content\/uploads\/2024\/02\/f1e4072c-f74f-471f-829d-e8c5c1c9e237.jpeg 1080w, https:\/\/www.alagoinhas.ba.gov.br\/wp-content\/uploads\/2024\/02\/f1e4072c-f74f-471f-829d-e8c5c1c9e237-300x300.jpeg 300w, https:\/\/www.alagoinhas.ba.gov.br\/wp-content\/uploads\/2024\/02\/f1e4072c-f74f-471f-829d-e8c5c1c9e237-768x768.jpeg 768w, https:\/\/www.alagoinhas.ba.gov.br\/wp-content\/uploads\/2024\/02\/f1e4072c-f74f-471f-829d-e8c5c1c9e237-1024x1024.jpeg 1024w, https:\/\/www.alagoinhas.ba.gov.br\/wp-content\/uploads\/2024\/02\/f1e4072c-f74f-471f-829d-e8c5c1c9e237-24x24.jpeg 24w\" alt=\"\" width=\"1080\" height=\"1080\" \/><\/a><a class=\"group1 cboxElement\" href=\"https:\/\/www.alagoinhas.ba.gov.br\/wp-content\/uploads\/2024\/02\/1ec61f96-0683-4b3c-ac4e-8ad2a0ffdcb1.jpeg\"><img loading=\"lazy\" decoding=\"async\" class=\"aligncenter size-full wp-image-72492\" src=\"https:\/\/www.alagoinhas.ba.gov.br\/wp-content\/uploads\/2024\/02\/1ec61f96-0683-4b3c-ac4e-8ad2a0ffdcb1.jpeg\" sizes=\"auto, (max-width: 1081px) 100vw, 1081px\" srcset=\"https:\/\/www.alagoinhas.ba.gov.br\/wp-content\/uploads\/2024\/02\/1ec61f96-0683-4b3c-ac4e-8ad2a0ffdcb1.jpeg 1081w, https:\/\/www.alagoinhas.ba.gov.br\/wp-content\/uploads\/2024\/02\/1ec61f96-0683-4b3c-ac4e-8ad2a0ffdcb1-300x300.jpeg 300w, https:\/\/www.alagoinhas.ba.gov.br\/wp-content\/uploads\/2024\/02\/1ec61f96-0683-4b3c-ac4e-8ad2a0ffdcb1-768x767.jpeg 768w, https:\/\/www.alagoinhas.ba.gov.br\/wp-content\/uploads\/2024\/02\/1ec61f96-0683-4b3c-ac4e-8ad2a0ffdcb1-1024x1024.jpeg 1024w, https:\/\/www.alagoinhas.ba.gov.br\/wp-content\/uploads\/2024\/02\/1ec61f96-0683-4b3c-ac4e-8ad2a0ffdcb1-24x24.jpeg 24w\" alt=\"\" width=\"1081\" height=\"1080\" \/><\/a><\/p>\n<p>&nbsp;<\/p>\n<div align=\"right\"><\/div>\n<div class='share-to-whatsapp-wrapper'><div class='share-on-whsp'>Share on: <\/div><a data-text='Mais de 12 mil atendimentos ser\u00e3o ofertados durante a Feira Sa\u00fade Mais Perto em Alagoinhas' data-link='https:\/\/newsinfoco.com.br\/inicio\/mais-de-12-mil-atendimentos-serao-ofertados-durante-a-feira-saude-mais-perto-em-alagoinhas\/' class='whatsapp-button whatsapp-share'>WhatsApp<\/a><div class='clear '><\/div><\/div>","protected":false},"excerpt":{"rendered":"<p>Com servi\u00e7os de sa\u00fade e voltados ao cidad\u00e3o, a popula\u00e7\u00e3o Alagoinhense ter\u00e1 acesso a realiza\u00e7\u00e3o de exames, consultas, cirurgias na Feira Sa\u00fade Mais Perto nos dias 22 e 23 de fevereiro. A a\u00e7\u00e3o realizada pela Prefeitura Municipal em parceria com o Governo do Estado da Bahia, vai oferecer mais de 12 mil atendimentos gratuitos aos [&hellip;]<\/p>\n","protected":false},"author":1,"featured_media":35800,"comment_status":"closed","ping_status":"closed","sticky":false,"template":"","format":"standard","meta":{"om_disable_all_campaigns":false,"rop_custom_images_group":[],"rop_custom_messages_group":[],"rop_publish_now":"initial","rop_publish_now_accounts":[],"rop_publish_now_history":[],"rop_publish_now_status":"pending","_exactmetrics_skip_tracking":false,"footnotes":""},"categories":[38,167],"tags":[],"class_list":["post-35798","post","type-post","status-publish","format-standard","has-post-thumbnail","hentry","category-alagoinhas-e-regiao","category-exclusivas"],"aioseo_notices":[],"aioseo_head":"\n\t\t<!-- All in One SEO 4.9.10 - aioseo.com -->\n\t<meta name=\"description\" content=\"Com servi\u00e7os de sa\u00fade e voltados ao cidad\u00e3o, a popula\u00e7\u00e3o Alagoinhense ter\u00e1 acesso a realiza\u00e7\u00e3o de exames, consultas, cirurgias na Feira Sa\u00fade Mais Perto nos dias 22 e 23 de fevereiro. A a\u00e7\u00e3o realizada pela Prefeitura Municipal em parceria com o Governo do Estado da Bahia, vai oferecer mais de 12 mil atendimentos gratuitos aos\" \/>\n\t<meta name=\"robots\" content=\"max-image-preview:large\" \/>\n\t<meta name=\"author\" content=\"administrador\"\/>\n\t<link rel=\"canonical\" href=\"https:\/\/newsinfoco.com.br\/inicio\/mais-de-12-mil-atendimentos-serao-ofertados-durante-a-feira-saude-mais-perto-em-alagoinhas\/\" \/>\n\t<meta name=\"generator\" content=\"All in One SEO (AIOSEO) 4.9.10\" \/>\n\t\t<meta property=\"og:locale\" content=\"pt_BR\" \/>\n\t\t<meta property=\"og:site_name\" content=\"News In Foco - Editado por Caio Pimenta - O principal site de noticias de Alagoinhas e regi\u00e3o\" \/>\n\t\t<meta property=\"og:type\" content=\"article\" \/>\n\t\t<meta property=\"og:title\" content=\"Mais de 12 mil atendimentos ser\u00e3o ofertados durante a Feira Sa\u00fade Mais Perto em Alagoinhas - News In Foco - Editado por Caio Pimenta\" \/>\n\t\t<meta property=\"og:description\" content=\"Com servi\u00e7os de sa\u00fade e voltados ao cidad\u00e3o, a popula\u00e7\u00e3o Alagoinhense ter\u00e1 acesso a realiza\u00e7\u00e3o de exames, consultas, cirurgias na Feira Sa\u00fade Mais Perto nos dias 22 e 23 de fevereiro. A a\u00e7\u00e3o realizada pela Prefeitura Municipal em parceria com o Governo do Estado da Bahia, vai oferecer mais de 12 mil atendimentos gratuitos aos\" \/>\n\t\t<meta property=\"og:url\" content=\"https:\/\/newsinfoco.com.br\/inicio\/mais-de-12-mil-atendimentos-serao-ofertados-durante-a-feira-saude-mais-perto-em-alagoinhas\/\" \/>\n\t\t<meta property=\"article:published_time\" content=\"2024-02-20T21:29:49+00:00\" \/>\n\t\t<meta property=\"article:modified_time\" content=\"2024-02-20T21:29:49+00:00\" \/>\n\t\t<meta name=\"twitter:card\" content=\"summary_large_image\" \/>\n\t\t<meta name=\"twitter:title\" content=\"Mais de 12 mil atendimentos ser\u00e3o ofertados durante a Feira Sa\u00fade Mais Perto em Alagoinhas - News In Foco - Editado por Caio Pimenta\" \/>\n\t\t<meta name=\"twitter:description\" content=\"Com servi\u00e7os de sa\u00fade e voltados ao cidad\u00e3o, a popula\u00e7\u00e3o Alagoinhense ter\u00e1 acesso a realiza\u00e7\u00e3o de exames, consultas, cirurgias na Feira Sa\u00fade Mais Perto nos dias 22 e 23 de fevereiro. A a\u00e7\u00e3o realizada pela Prefeitura Municipal em parceria com o Governo do Estado da Bahia, vai oferecer mais de 12 mil atendimentos gratuitos aos\" \/>\n\t\t<script type=\"application\/ld+json\" class=\"aioseo-schema\">\n\t\t\t{\"@context\":\"https:\\\/\\\/schema.org\",\"@graph\":[{\"@type\":\"BlogPosting\",\"@id\":\"https:\\\/\\\/newsinfoco.com.br\\\/inicio\\\/mais-de-12-mil-atendimentos-serao-ofertados-durante-a-feira-saude-mais-perto-em-alagoinhas\\\/#blogposting\",\"name\":\"Mais de 12 mil atendimentos ser\\u00e3o ofertados durante a Feira Sa\\u00fade Mais Perto em Alagoinhas - News In Foco - Editado por Caio Pimenta\",\"headline\":\"Mais de 12 mil atendimentos ser\\u00e3o ofertados durante a Feira Sa\\u00fade Mais Perto em Alagoinhas\",\"author\":{\"@id\":\"https:\\\/\\\/newsinfoco.com.br\\\/inicio\\\/author\\\/administrador\\\/#author\"},\"publisher\":{\"@id\":\"https:\\\/\\\/newsinfoco.com.br\\\/inicio\\\/#organization\"},\"image\":{\"@type\":\"ImageObject\",\"url\":\"https:\\\/\\\/newsinfoco.com.br\\\/inicio\\\/wp-content\\\/uploads\\\/2024\\\/02\\\/feira-de-saude-1.jpeg\",\"width\":550,\"height\":368},\"datePublished\":\"2024-02-20T18:29:49-03:00\",\"dateModified\":\"2024-02-20T18:29:49-03:00\",\"inLanguage\":\"pt-BR\",\"mainEntityOfPage\":{\"@id\":\"https:\\\/\\\/newsinfoco.com.br\\\/inicio\\\/mais-de-12-mil-atendimentos-serao-ofertados-durante-a-feira-saude-mais-perto-em-alagoinhas\\\/#webpage\"},\"isPartOf\":{\"@id\":\"https:\\\/\\\/newsinfoco.com.br\\\/inicio\\\/mais-de-12-mil-atendimentos-serao-ofertados-durante-a-feira-saude-mais-perto-em-alagoinhas\\\/#webpage\"},\"articleSection\":\"Alagoinhas e Regi\\u00e3o, Manchete\"},{\"@type\":\"BreadcrumbList\",\"@id\":\"https:\\\/\\\/newsinfoco.com.br\\\/inicio\\\/mais-de-12-mil-atendimentos-serao-ofertados-durante-a-feira-saude-mais-perto-em-alagoinhas\\\/#breadcrumblist\",\"itemListElement\":[{\"@type\":\"ListItem\",\"@id\":\"https:\\\/\\\/newsinfoco.com.br\\\/inicio#listItem\",\"position\":1,\"name\":\"In\\u00edcio\",\"item\":\"https:\\\/\\\/newsinfoco.com.br\\\/inicio\",\"nextItem\":{\"@type\":\"ListItem\",\"@id\":\"https:\\\/\\\/newsinfoco.com.br\\\/inicio\\\/category\\\/alagoinhas-e-regiao\\\/#listItem\",\"name\":\"Alagoinhas e Regi\\u00e3o\"}},{\"@type\":\"ListItem\",\"@id\":\"https:\\\/\\\/newsinfoco.com.br\\\/inicio\\\/category\\\/alagoinhas-e-regiao\\\/#listItem\",\"position\":2,\"name\":\"Alagoinhas e Regi\\u00e3o\",\"item\":\"https:\\\/\\\/newsinfoco.com.br\\\/inicio\\\/category\\\/alagoinhas-e-regiao\\\/\",\"nextItem\":{\"@type\":\"ListItem\",\"@id\":\"https:\\\/\\\/newsinfoco.com.br\\\/inicio\\\/mais-de-12-mil-atendimentos-serao-ofertados-durante-a-feira-saude-mais-perto-em-alagoinhas\\\/#listItem\",\"name\":\"Mais de 12 mil atendimentos ser\\u00e3o ofertados durante a Feira Sa\\u00fade Mais Perto em Alagoinhas\"},\"previousItem\":{\"@type\":\"ListItem\",\"@id\":\"https:\\\/\\\/newsinfoco.com.br\\\/inicio#listItem\",\"name\":\"In\\u00edcio\"}},{\"@type\":\"ListItem\",\"@id\":\"https:\\\/\\\/newsinfoco.com.br\\\/inicio\\\/mais-de-12-mil-atendimentos-serao-ofertados-durante-a-feira-saude-mais-perto-em-alagoinhas\\\/#listItem\",\"position\":3,\"name\":\"Mais de 12 mil atendimentos ser\\u00e3o ofertados durante a Feira Sa\\u00fade Mais Perto em Alagoinhas\",\"previousItem\":{\"@type\":\"ListItem\",\"@id\":\"https:\\\/\\\/newsinfoco.com.br\\\/inicio\\\/category\\\/alagoinhas-e-regiao\\\/#listItem\",\"name\":\"Alagoinhas e Regi\\u00e3o\"}}]},{\"@type\":\"Organization\",\"@id\":\"https:\\\/\\\/newsinfoco.com.br\\\/inicio\\\/#organization\",\"name\":\"News In Foco - Editado por Caio Pimenta\",\"description\":\"O principal site de noticias de Alagoinhas e regi\\u00e3o\",\"url\":\"https:\\\/\\\/newsinfoco.com.br\\\/inicio\\\/\"},{\"@type\":\"Person\",\"@id\":\"https:\\\/\\\/newsinfoco.com.br\\\/inicio\\\/author\\\/administrador\\\/#author\",\"url\":\"https:\\\/\\\/newsinfoco.com.br\\\/inicio\\\/author\\\/administrador\\\/\",\"name\":\"administrador\",\"image\":{\"@type\":\"ImageObject\",\"@id\":\"https:\\\/\\\/newsinfoco.com.br\\\/inicio\\\/mais-de-12-mil-atendimentos-serao-ofertados-durante-a-feira-saude-mais-perto-em-alagoinhas\\\/#authorImage\",\"url\":\"https:\\\/\\\/secure.gravatar.com\\\/avatar\\\/c17a617433de8c1dc9584bb79aab7563b46f5bb7e1728c9b17d9cc3ce6a08e49?s=96&d=mm&r=g\",\"width\":96,\"height\":96,\"caption\":\"administrador\"}},{\"@type\":\"WebPage\",\"@id\":\"https:\\\/\\\/newsinfoco.com.br\\\/inicio\\\/mais-de-12-mil-atendimentos-serao-ofertados-durante-a-feira-saude-mais-perto-em-alagoinhas\\\/#webpage\",\"url\":\"https:\\\/\\\/newsinfoco.com.br\\\/inicio\\\/mais-de-12-mil-atendimentos-serao-ofertados-durante-a-feira-saude-mais-perto-em-alagoinhas\\\/\",\"name\":\"Mais de 12 mil atendimentos ser\\u00e3o ofertados durante a Feira Sa\\u00fade Mais Perto em Alagoinhas - News In Foco - Editado por Caio Pimenta\",\"description\":\"Com servi\\u00e7os de sa\\u00fade e voltados ao cidad\\u00e3o, a popula\\u00e7\\u00e3o Alagoinhense ter\\u00e1 acesso a realiza\\u00e7\\u00e3o de exames, consultas, cirurgias na Feira Sa\\u00fade Mais Perto nos dias 22 e 23 de fevereiro. A a\\u00e7\\u00e3o realizada pela Prefeitura Municipal em parceria com o Governo do Estado da Bahia, vai oferecer mais de 12 mil atendimentos gratuitos aos\",\"inLanguage\":\"pt-BR\",\"isPartOf\":{\"@id\":\"https:\\\/\\\/newsinfoco.com.br\\\/inicio\\\/#website\"},\"breadcrumb\":{\"@id\":\"https:\\\/\\\/newsinfoco.com.br\\\/inicio\\\/mais-de-12-mil-atendimentos-serao-ofertados-durante-a-feira-saude-mais-perto-em-alagoinhas\\\/#breadcrumblist\"},\"author\":{\"@id\":\"https:\\\/\\\/newsinfoco.com.br\\\/inicio\\\/author\\\/administrador\\\/#author\"},\"creator\":{\"@id\":\"https:\\\/\\\/newsinfoco.com.br\\\/inicio\\\/author\\\/administrador\\\/#author\"},\"image\":{\"@type\":\"ImageObject\",\"url\":\"https:\\\/\\\/newsinfoco.com.br\\\/inicio\\\/wp-content\\\/uploads\\\/2024\\\/02\\\/feira-de-saude-1.jpeg\",\"@id\":\"https:\\\/\\\/newsinfoco.com.br\\\/inicio\\\/mais-de-12-mil-atendimentos-serao-ofertados-durante-a-feira-saude-mais-perto-em-alagoinhas\\\/#mainImage\",\"width\":550,\"height\":368},\"primaryImageOfPage\":{\"@id\":\"https:\\\/\\\/newsinfoco.com.br\\\/inicio\\\/mais-de-12-mil-atendimentos-serao-ofertados-durante-a-feira-saude-mais-perto-em-alagoinhas\\\/#mainImage\"},\"datePublished\":\"2024-02-20T18:29:49-03:00\",\"dateModified\":\"2024-02-20T18:29:49-03:00\"},{\"@type\":\"WebSite\",\"@id\":\"https:\\\/\\\/newsinfoco.com.br\\\/inicio\\\/#website\",\"url\":\"https:\\\/\\\/newsinfoco.com.br\\\/inicio\\\/\",\"name\":\"News In Foco - Editado por Caio Pimenta\",\"description\":\"O principal site de noticias de Alagoinhas e regi\\u00e3o\",\"inLanguage\":\"pt-BR\",\"publisher\":{\"@id\":\"https:\\\/\\\/newsinfoco.com.br\\\/inicio\\\/#organization\"}}]}\n\t\t<\/script>\n\t\t<!-- All in One SEO -->\n\n","aioseo_head_json":{"title":"Mais de 12 mil atendimentos ser\u00e3o ofertados durante a Feira Sa\u00fade Mais Perto em Alagoinhas - News In Foco - Editado por Caio Pimenta","description":"Com servi\u00e7os de sa\u00fade e voltados ao cidad\u00e3o, a popula\u00e7\u00e3o Alagoinhense ter\u00e1 acesso a realiza\u00e7\u00e3o de exames, consultas, cirurgias na Feira Sa\u00fade Mais Perto nos dias 22 e 23 de fevereiro. A a\u00e7\u00e3o realizada pela Prefeitura Municipal em parceria com o Governo do Estado da Bahia, vai oferecer mais de 12 mil atendimentos gratuitos aos","canonical_url":"https:\/\/newsinfoco.com.br\/inicio\/mais-de-12-mil-atendimentos-serao-ofertados-durante-a-feira-saude-mais-perto-em-alagoinhas\/","robots":"max-image-preview:large","keywords":"","webmasterTools":{"miscellaneous":""},"schema":{"@context":"https:\/\/schema.org","@graph":[{"@type":"BlogPosting","@id":"https:\/\/newsinfoco.com.br\/inicio\/mais-de-12-mil-atendimentos-serao-ofertados-durante-a-feira-saude-mais-perto-em-alagoinhas\/#blogposting","name":"Mais de 12 mil atendimentos ser\u00e3o ofertados durante a Feira Sa\u00fade Mais Perto em Alagoinhas - News In Foco - Editado por Caio Pimenta","headline":"Mais de 12 mil atendimentos ser\u00e3o ofertados durante a Feira Sa\u00fade Mais Perto em Alagoinhas","author":{"@id":"https:\/\/newsinfoco.com.br\/inicio\/author\/administrador\/#author"},"publisher":{"@id":"https:\/\/newsinfoco.com.br\/inicio\/#organization"},"image":{"@type":"ImageObject","url":"https:\/\/newsinfoco.com.br\/inicio\/wp-content\/uploads\/2024\/02\/feira-de-saude-1.jpeg","width":550,"height":368},"datePublished":"2024-02-20T18:29:49-03:00","dateModified":"2024-02-20T18:29:49-03:00","inLanguage":"pt-BR","mainEntityOfPage":{"@id":"https:\/\/newsinfoco.com.br\/inicio\/mais-de-12-mil-atendimentos-serao-ofertados-durante-a-feira-saude-mais-perto-em-alagoinhas\/#webpage"},"isPartOf":{"@id":"https:\/\/newsinfoco.com.br\/inicio\/mais-de-12-mil-atendimentos-serao-ofertados-durante-a-feira-saude-mais-perto-em-alagoinhas\/#webpage"},"articleSection":"Alagoinhas e Regi\u00e3o, Manchete"},{"@type":"BreadcrumbList","@id":"https:\/\/newsinfoco.com.br\/inicio\/mais-de-12-mil-atendimentos-serao-ofertados-durante-a-feira-saude-mais-perto-em-alagoinhas\/#breadcrumblist","itemListElement":[{"@type":"ListItem","@id":"https:\/\/newsinfoco.com.br\/inicio#listItem","position":1,"name":"In\u00edcio","item":"https:\/\/newsinfoco.com.br\/inicio","nextItem":{"@type":"ListItem","@id":"https:\/\/newsinfoco.com.br\/inicio\/category\/alagoinhas-e-regiao\/#listItem","name":"Alagoinhas e Regi\u00e3o"}},{"@type":"ListItem","@id":"https:\/\/newsinfoco.com.br\/inicio\/category\/alagoinhas-e-regiao\/#listItem","position":2,"name":"Alagoinhas e Regi\u00e3o","item":"https:\/\/newsinfoco.com.br\/inicio\/category\/alagoinhas-e-regiao\/","nextItem":{"@type":"ListItem","@id":"https:\/\/newsinfoco.com.br\/inicio\/mais-de-12-mil-atendimentos-serao-ofertados-durante-a-feira-saude-mais-perto-em-alagoinhas\/#listItem","name":"Mais de 12 mil atendimentos ser\u00e3o ofertados durante a Feira Sa\u00fade Mais Perto em Alagoinhas"},"previousItem":{"@type":"ListItem","@id":"https:\/\/newsinfoco.com.br\/inicio#listItem","name":"In\u00edcio"}},{"@type":"ListItem","@id":"https:\/\/newsinfoco.com.br\/inicio\/mais-de-12-mil-atendimentos-serao-ofertados-durante-a-feira-saude-mais-perto-em-alagoinhas\/#listItem","position":3,"name":"Mais de 12 mil atendimentos ser\u00e3o ofertados durante a Feira Sa\u00fade Mais Perto em Alagoinhas","previousItem":{"@type":"ListItem","@id":"https:\/\/newsinfoco.com.br\/inicio\/category\/alagoinhas-e-regiao\/#listItem","name":"Alagoinhas e Regi\u00e3o"}}]},{"@type":"Organization","@id":"https:\/\/newsinfoco.com.br\/inicio\/#organization","name":"News In Foco - Editado por Caio Pimenta","description":"O principal site de noticias de Alagoinhas e regi\u00e3o","url":"https:\/\/newsinfoco.com.br\/inicio\/"},{"@type":"Person","@id":"https:\/\/newsinfoco.com.br\/inicio\/author\/administrador\/#author","url":"https:\/\/newsinfoco.com.br\/inicio\/author\/administrador\/","name":"administrador","image":{"@type":"ImageObject","@id":"https:\/\/newsinfoco.com.br\/inicio\/mais-de-12-mil-atendimentos-serao-ofertados-durante-a-feira-saude-mais-perto-em-alagoinhas\/#authorImage","url":"https:\/\/secure.gravatar.com\/avatar\/c17a617433de8c1dc9584bb79aab7563b46f5bb7e1728c9b17d9cc3ce6a08e49?s=96&d=mm&r=g","width":96,"height":96,"caption":"administrador"}},{"@type":"WebPage","@id":"https:\/\/newsinfoco.com.br\/inicio\/mais-de-12-mil-atendimentos-serao-ofertados-durante-a-feira-saude-mais-perto-em-alagoinhas\/#webpage","url":"https:\/\/newsinfoco.com.br\/inicio\/mais-de-12-mil-atendimentos-serao-ofertados-durante-a-feira-saude-mais-perto-em-alagoinhas\/","name":"Mais de 12 mil atendimentos ser\u00e3o ofertados durante a Feira Sa\u00fade Mais Perto em Alagoinhas - News In Foco - Editado por Caio Pimenta","description":"Com servi\u00e7os de sa\u00fade e voltados ao cidad\u00e3o, a popula\u00e7\u00e3o Alagoinhense ter\u00e1 acesso a realiza\u00e7\u00e3o de exames, consultas, cirurgias na Feira Sa\u00fade Mais Perto nos dias 22 e 23 de fevereiro. A a\u00e7\u00e3o realizada pela Prefeitura Municipal em parceria com o Governo do Estado da Bahia, vai oferecer mais de 12 mil atendimentos gratuitos aos","inLanguage":"pt-BR","isPartOf":{"@id":"https:\/\/newsinfoco.com.br\/inicio\/#website"},"breadcrumb":{"@id":"https:\/\/newsinfoco.com.br\/inicio\/mais-de-12-mil-atendimentos-serao-ofertados-durante-a-feira-saude-mais-perto-em-alagoinhas\/#breadcrumblist"},"author":{"@id":"https:\/\/newsinfoco.com.br\/inicio\/author\/administrador\/#author"},"creator":{"@id":"https:\/\/newsinfoco.com.br\/inicio\/author\/administrador\/#author"},"image":{"@type":"ImageObject","url":"https:\/\/newsinfoco.com.br\/inicio\/wp-content\/uploads\/2024\/02\/feira-de-saude-1.jpeg","@id":"https:\/\/newsinfoco.com.br\/inicio\/mais-de-12-mil-atendimentos-serao-ofertados-durante-a-feira-saude-mais-perto-em-alagoinhas\/#mainImage","width":550,"height":368},"primaryImageOfPage":{"@id":"https:\/\/newsinfoco.com.br\/inicio\/mais-de-12-mil-atendimentos-serao-ofertados-durante-a-feira-saude-mais-perto-em-alagoinhas\/#mainImage"},"datePublished":"2024-02-20T18:29:49-03:00","dateModified":"2024-02-20T18:29:49-03:00"},{"@type":"WebSite","@id":"https:\/\/newsinfoco.com.br\/inicio\/#website","url":"https:\/\/newsinfoco.com.br\/inicio\/","name":"News In Foco - Editado por Caio Pimenta","description":"O principal site de noticias de Alagoinhas e regi\u00e3o","inLanguage":"pt-BR","publisher":{"@id":"https:\/\/newsinfoco.com.br\/inicio\/#organization"}}]},"og:locale":"pt_BR","og:site_name":"News In Foco - Editado por Caio Pimenta - O principal site de noticias de Alagoinhas e regi\u00e3o","og:type":"article","og:title":"Mais de 12 mil atendimentos ser\u00e3o ofertados durante a Feira Sa\u00fade Mais Perto em Alagoinhas - News In Foco - Editado por Caio Pimenta","og:description":"Com servi\u00e7os de sa\u00fade e voltados ao cidad\u00e3o, a popula\u00e7\u00e3o Alagoinhense ter\u00e1 acesso a realiza\u00e7\u00e3o de exames, consultas, cirurgias na Feira Sa\u00fade Mais Perto nos dias 22 e 23 de fevereiro. A a\u00e7\u00e3o realizada pela Prefeitura Municipal em parceria com o Governo do Estado da Bahia, vai oferecer mais de 12 mil atendimentos gratuitos aos","og:url":"https:\/\/newsinfoco.com.br\/inicio\/mais-de-12-mil-atendimentos-serao-ofertados-durante-a-feira-saude-mais-perto-em-alagoinhas\/","article:published_time":"2024-02-20T21:29:49+00:00","article:modified_time":"2024-02-20T21:29:49+00:00","twitter:card":"summary_large_image","twitter:title":"Mais de 12 mil atendimentos ser\u00e3o ofertados durante a Feira Sa\u00fade Mais Perto em Alagoinhas - News In Foco - Editado por Caio Pimenta","twitter:description":"Com servi\u00e7os de sa\u00fade e voltados ao cidad\u00e3o, a popula\u00e7\u00e3o Alagoinhense ter\u00e1 acesso a realiza\u00e7\u00e3o de exames, consultas, cirurgias na Feira Sa\u00fade Mais Perto nos dias 22 e 23 de fevereiro. A a\u00e7\u00e3o realizada pela Prefeitura Municipal em parceria com o Governo do Estado da Bahia, vai oferecer mais de 12 mil atendimentos gratuitos aos"},"aioseo_meta_data":{"post_id":"35798","title":null,"description":null,"keywords":[],"keyphrases":{"focus":{"keyphrase":"","score":0,"analysis":{"keyphraseInTitle":{"score":0,"maxScore":9,"error":1}}},"additional":[]},"primary_term":null,"canonical_url":null,"og_title":null,"og_description":null,"og_object_type":"default","og_image_type":"default","og_image_url":null,"og_image_width":null,"og_image_height":null,"og_image_custom_url":null,"og_image_custom_fields":null,"og_video":"","og_custom_url":null,"og_article_section":null,"og_article_tags":[],"twitter_use_og":false,"twitter_card":"default","twitter_image_type":"default","twitter_image_url":null,"twitter_image_custom_url":null,"twitter_image_custom_fields":null,"twitter_title":null,"twitter_description":null,"schema":{"blockGraphs":[],"customGraphs":[],"default":{"data":{"Article":[],"Course":[],"Dataset":[],"FAQPage":[],"Movie":[],"Person":[],"Product":[],"ProductReview":[],"Car":[],"Recipe":[],"Service":[],"SoftwareApplication":[],"WebPage":[]},"graphName":"BlogPosting","isEnabled":true},"graphs":[]},"schema_type":"default","schema_type_options":null,"pillar_content":false,"robots_default":true,"robots_noindex":false,"robots_noarchive":false,"robots_nosnippet":false,"robots_nofollow":false,"robots_noimageindex":false,"robots_noodp":false,"robots_notranslate":false,"robots_max_snippet":"-1","robots_max_videopreview":"-1","robots_max_imagepreview":"large","priority":null,"frequency":"default","local_seo":null,"breadcrumb_settings":null,"limit_modified_date":false,"ai":null,"created":"2024-02-20 21:29:49","updated":"2025-07-11 10:35:03","seo_analyzer_scan_date":null},"aioseo_breadcrumb":"<div class=\"aioseo-breadcrumbs\"><span class=\"aioseo-breadcrumb\">\n\t\t\t<a href=\"https:\/\/newsinfoco.com.br\/inicio\" title=\"In\u00edcio\">In\u00edcio<\/a>\n\t\t<\/span><span class=\"aioseo-breadcrumb-separator\">&raquo;<\/span><span class=\"aioseo-breadcrumb\">\n\t\t\t<a href=\"https:\/\/newsinfoco.com.br\/inicio\/category\/alagoinhas-e-regiao\/\" title=\"Alagoinhas e Regi\u00e3o\">Alagoinhas e Regi\u00e3o<\/a>\n\t\t<\/span><span class=\"aioseo-breadcrumb-separator\">&raquo;<\/span><span class=\"aioseo-breadcrumb\">\n\t\t\tMais de 12 mil atendimentos ser\u00e3o ofertados durante a Feira Sa\u00fade Mais Perto em Alagoinhas\n\t\t<\/span><\/div>","aioseo_breadcrumb_json":[{"label":"In\u00edcio","link":"https:\/\/newsinfoco.com.br\/inicio"},{"label":"Alagoinhas e Regi\u00e3o","link":"https:\/\/newsinfoco.com.br\/inicio\/category\/alagoinhas-e-regiao\/"},{"label":"Mais de 12 mil atendimentos ser\u00e3o ofertados durante a Feira Sa\u00fade Mais Perto em Alagoinhas","link":"https:\/\/newsinfoco.com.br\/inicio\/mais-de-12-mil-atendimentos-serao-ofertados-durante-a-feira-saude-mais-perto-em-alagoinhas\/"}],"_links":{"self":[{"href":"https:\/\/newsinfoco.com.br\/inicio\/wp-json\/wp\/v2\/posts\/35798","targetHints":{"allow":["GET"]}}],"collection":[{"href":"https:\/\/newsinfoco.com.br\/inicio\/wp-json\/wp\/v2\/posts"}],"about":[{"href":"https:\/\/newsinfoco.com.br\/inicio\/wp-json\/wp\/v2\/types\/post"}],"author":[{"embeddable":true,"href":"https:\/\/newsinfoco.com.br\/inicio\/wp-json\/wp\/v2\/users\/1"}],"replies":[{"embeddable":true,"href":"https:\/\/newsinfoco.com.br\/inicio\/wp-json\/wp\/v2\/comments?post=35798"}],"version-history":[{"count":1,"href":"https:\/\/newsinfoco.com.br\/inicio\/wp-json\/wp\/v2\/posts\/35798\/revisions"}],"predecessor-version":[{"id":35801,"href":"https:\/\/newsinfoco.com.br\/inicio\/wp-json\/wp\/v2\/posts\/35798\/revisions\/35801"}],"wp:featuredmedia":[{"embeddable":true,"href":"https:\/\/newsinfoco.com.br\/inicio\/wp-json\/wp\/v2\/media\/35800"}],"wp:attachment":[{"href":"https:\/\/newsinfoco.com.br\/inicio\/wp-json\/wp\/v2\/media?parent=35798"}],"wp:term":[{"taxonomy":"category","embeddable":true,"href":"https:\/\/newsinfoco.com.br\/inicio\/wp-json\/wp\/v2\/categories?post=35798"},{"taxonomy":"post_tag","embeddable":true,"href":"https:\/\/newsinfoco.com.br\/inicio\/wp-json\/wp\/v2\/tags?post=35798"}],"curies":[{"name":"wp","href":"https:\/\/api.w.org\/{rel}","templated":true}]}}