{"id":3580,"date":"2018-05-09T16:09:59","date_gmt":"2018-05-09T19:09:59","guid":{"rendered":"http:\/\/newsinfoco.com.br\/?p=3580"},"modified":"2018-05-09T16:12:04","modified_gmt":"2018-05-09T19:12:04","slug":"sessao-da-camara-de-vereadores-de-alagoinhas-e-marcada-por-discussoes-sobre-conjunto-minha-casa-minha-vida-e-direcionamento-de-recursos-para-o-sao-joao-2018-confira","status":"publish","type":"post","link":"https:\/\/newsinfoco.com.br\/inicio\/sessao-da-camara-de-vereadores-de-alagoinhas-e-marcada-por-discussoes-sobre-conjunto-minha-casa-minha-vida-e-direcionamento-de-recursos-para-o-sao-joao-2018-confira\/","title":{"rendered":"Sess\u00e3o da C\u00e2mara de Vereadores de Alagoinhas \u00e9 marcada por discuss\u00f5es sobre Conjunto Minha Casa Minha Vida e direcionamento de recursos para o S\u00e3o Jo\u00e3o 2018; confira"},"content":{"rendered":"<p style=\"text-align: justify;\">Entre os assuntos discutidos pelos parlamentares na sess\u00e3o ordin\u00e1ria que aconteceu na \u00faltima ter\u00e7a-feira (08), destacaram-se: a altera\u00e7\u00f5es do marco legal do saneamento (projeto de lei federal); a realiza\u00e7\u00e3o da Copa Rural Ant\u00f4nio Pena, ocorrido nesse \u00faltimo fim de semana; o n\u00famero de casas fechadas no Conjunto Urupiara e Linha Verde que vem sendo pauta da imprensa alagoinhense; a necessidade de escolas e postos de sa\u00fade nos conjuntos habitacionais; a situa\u00e7\u00e3o da maternidade;\u00a0 e direcionamento de recursos para o S\u00e3o Jo\u00e3o.<\/p>\n<p style=\"text-align: justify;\">Em rela\u00e7\u00e3o \u00e0 realiza\u00e7\u00e3o do S\u00e3o Jo\u00e3o no munic\u00edpio de Alagoinhas, o vereador Luciano S\u00e9rgio teceu cr\u00edticas a um poss\u00edvel direcionamento de recursos para artistas como Luan Santana e As coleguinhas, levantando durante o seu discurso o questionamento: &#8220;Voc\u00ea tem uma s\u00e9rie de artistas aqui que n\u00e3o deixam a desejar a ningu\u00e9m a n\u00edvel nacional, n\u00e3o devem nada. N\u00f3s queremos nos divertir, n\u00f3s queremos refor\u00e7ar, resgatar, reafirmar aqui as nossas bases para o S\u00e3o Jo\u00e3o ou fazer bem para a m\u00eddia?&#8221;.<\/p><div class=\"newsi-conteudo_19\" id=\"newsi-664271036\"><a href=\"https:\/\/www.instagram.com\/prefeituraalagoinhas?igsh=YzgzdDJ1bWR3aWI4\" aria-label=\"SAVE_20251006_221555\"><img loading=\"lazy\" decoding=\"async\" src=\"https:\/\/newsinfoco.com.br\/inicio\/wp-content\/uploads\/2025\/10\/SAVE_20251006_221555-rotated.jpg\" alt=\"\"  srcset=\"https:\/\/newsinfoco.com.br\/inicio\/wp-content\/uploads\/2025\/10\/SAVE_20251006_221555-rotated.jpg 1140w, https:\/\/newsinfoco.com.br\/inicio\/wp-content\/uploads\/2025\/10\/SAVE_20251006_221555-300x52.jpg 300w, https:\/\/newsinfoco.com.br\/inicio\/wp-content\/uploads\/2025\/10\/SAVE_20251006_221555-1024x177.jpg 1024w, https:\/\/newsinfoco.com.br\/inicio\/wp-content\/uploads\/2025\/10\/SAVE_20251006_221555-768x133.jpg 768w, https:\/\/newsinfoco.com.br\/inicio\/wp-content\/uploads\/2025\/10\/SAVE_20251006_221555-600x104.jpg 600w, https:\/\/newsinfoco.com.br\/inicio\/wp-content\/uploads\/2025\/10\/SAVE_20251006_221555-696x120.jpg 696w, https:\/\/newsinfoco.com.br\/inicio\/wp-content\/uploads\/2025\/10\/SAVE_20251006_221555-1068x185.jpg 1068w\" sizes=\"(max-width: 1140px) 100vw, 1140px\" width=\"1140\" height=\"197\"   \/><\/a><\/div>\n<p style=\"text-align: justify;\">Na sess\u00e3o tamb\u00e9m foram lidas indica\u00e7\u00f5es de autoria dos vereadores entre elas: a reforma total do gin\u00e1sio Tancredo Neves, situado na Rua do Avi\u00e3o, no Barreiro de autoria do vereador Darlan Lucena; o desenvolvimento de a\u00e7\u00f5es no sentido de disponibilizar internet gr\u00e1tis no Est\u00e1dio Carneir\u00e3o, a constru\u00e7\u00e3o de 01 unidade de sa\u00fade na zona rural, na regi\u00e3o da Cal\u00fa e a realiza\u00e7\u00e3o de obras de pavimenta\u00e7\u00e3o asf\u00e1ltica e esgotamento sanit\u00e1rio na Rua Estrada do Caminhoneiro, na localidade do Riacho do Mel, estas tr\u00eas de autoria do vereador Anderson Baqueiro.<\/p>\n<p style=\"text-align: justify;\">Constou na pauta ainda um projeto de lei advindo do Poder Executivo que institui o Programa Municipal de Parcerias P\u00fablico-Privadas.<\/p>\n<h6 style=\"text-align: right;\"><span style=\"color: #999999;\">Por Caio Pimenta com informa\u00e7\u00f5es da Ascom Camara<\/span><\/h6>\n<p style=\"text-align: justify;\">\n<div class='share-to-whatsapp-wrapper'><div class='share-on-whsp'>Share on: <\/div><a data-text='Sess\u00e3o da C\u00e2mara de Vereadores de Alagoinhas \u00e9 marcada por discuss\u00f5es sobre Conjunto Minha Casa Minha Vida e direcionamento de recursos para o S\u00e3o Jo\u00e3o 2018; confira' data-link='https:\/\/newsinfoco.com.br\/inicio\/sessao-da-camara-de-vereadores-de-alagoinhas-e-marcada-por-discussoes-sobre-conjunto-minha-casa-minha-vida-e-direcionamento-de-recursos-para-o-sao-joao-2018-confira\/' class='whatsapp-button whatsapp-share'>WhatsApp<\/a><div class='clear '><\/div><\/div>","protected":false},"excerpt":{"rendered":"<p>Entre os assuntos discutidos pelos parlamentares na sess\u00e3o ordin\u00e1ria que aconteceu na \u00faltima ter\u00e7a-feira (08), destacaram-se: a altera\u00e7\u00f5es do marco legal do saneamento (projeto de lei federal); a realiza\u00e7\u00e3o da Copa Rural Ant\u00f4nio Pena, ocorrido nesse \u00faltimo fim de semana; o n\u00famero de casas fechadas no Conjunto Urupiara e Linha Verde que vem sendo pauta [&hellip;]<\/p>\n","protected":false},"author":1,"featured_media":3581,"comment_status":"open","ping_status":"open","sticky":false,"template":"","format":"standard","meta":{"om_disable_all_campaigns":false,"_exactmetrics_skip_tracking":false,"_exactmetrics_sitenote_active":false,"_exactmetrics_sitenote_note":"","_exactmetrics_sitenote_category":0,"footnotes":""},"categories":[38,30],"tags":[],"class_list":["post-3580","post","type-post","status-publish","format-standard","has-post-thumbnail","hentry","category-alagoinhas-e-regiao","category-destaque"],"aioseo_notices":[],"_links":{"self":[{"href":"https:\/\/newsinfoco.com.br\/inicio\/wp-json\/wp\/v2\/posts\/3580","targetHints":{"allow":["GET"]}}],"collection":[{"href":"https:\/\/newsinfoco.com.br\/inicio\/wp-json\/wp\/v2\/posts"}],"about":[{"href":"https:\/\/newsinfoco.com.br\/inicio\/wp-json\/wp\/v2\/types\/post"}],"author":[{"embeddable":true,"href":"https:\/\/newsinfoco.com.br\/inicio\/wp-json\/wp\/v2\/users\/1"}],"replies":[{"embeddable":true,"href":"https:\/\/newsinfoco.com.br\/inicio\/wp-json\/wp\/v2\/comments?post=3580"}],"version-history":[{"count":0,"href":"https:\/\/newsinfoco.com.br\/inicio\/wp-json\/wp\/v2\/posts\/3580\/revisions"}],"wp:featuredmedia":[{"embeddable":true,"href":"https:\/\/newsinfoco.com.br\/inicio\/wp-json\/wp\/v2\/media\/3581"}],"wp:attachment":[{"href":"https:\/\/newsinfoco.com.br\/inicio\/wp-json\/wp\/v2\/media?parent=3580"}],"wp:term":[{"taxonomy":"category","embeddable":true,"href":"https:\/\/newsinfoco.com.br\/inicio\/wp-json\/wp\/v2\/categories?post=3580"},{"taxonomy":"post_tag","embeddable":true,"href":"https:\/\/newsinfoco.com.br\/inicio\/wp-json\/wp\/v2\/tags?post=3580"}],"curies":[{"name":"wp","href":"https:\/\/api.w.org\/{rel}","templated":true}]}}