{"id":35808,"date":"2024-02-21T17:01:37","date_gmt":"2024-02-21T20:01:37","guid":{"rendered":"https:\/\/newsinfoco.com.br\/inicio\/?p=35808"},"modified":"2024-02-21T17:01:37","modified_gmt":"2024-02-21T20:01:37","slug":"mensagem-do-governo-joaquim-neto-e-apresentada-na-abertura-dos-trabalhos-legislativos-de-2024","status":"publish","type":"post","link":"https:\/\/newsinfoco.com.br\/inicio\/mensagem-do-governo-joaquim-neto-e-apresentada-na-abertura-dos-trabalhos-legislativos-de-2024\/","title":{"rendered":"Mensagem do Governo Joaquim Neto \u00e9 apresentada na abertura dos trabalhos legislativos de 2024"},"content":{"rendered":"<p>Os trabalhos legislativos de 2024 foram abertos na \u00faltima ter\u00e7a-feira (20), na\u00a0C\u00e2mara\u00a0Municipal de\u00a0Alagoinhas. Como \u00e9 de costume, uma mensagem do Governo, apontando os avan\u00e7os alcan\u00e7ados e metas para o ano corrente foi repassada \u00e0 plen\u00e1ria, composta pelos parlamentares, representantes da imprensa, da sociedade civil organizada e secret\u00e1rios municipais.<\/p>\n<p>O prefeito Joaquim Neto, que tradicionalmente faz o discurso, foi representado pelo secret\u00e1rio de Governo Jo\u00e3o Rabelo, que retransmitiu a mensagem de pesar do alcaide pela sua aus\u00eancia. O Chefe do Executivo precisou ir \u00e0 Bras\u00edlia participar de tr\u00eas audi\u00eancias e n\u00e3o conseguira chegar ao munic\u00edpio a tempo.<\/p>\n<p>A mesa solene foi dirigida pelo presidente da Casa Legislativa, Jos\u00e9 Cleto (Cleto da Banana), que direcionou seu discurso no sentido de manter a civilidade na disputa eleitoral. \u201cNada justifica o ataque \u00e0 honra de quem quer que seja. A cidadania exige de todos n\u00f3s posturas e posicionamentos alinhados com o interesse da coletividade. Quando um vereador \u00e9 atacado em sua honra, a casa \u00e9 atingida\u201d. Tamb\u00e9m compuseram a mesa, a vice-presidente da casa, Raimunda Flor\u00eancio, a 1\u00aa secret\u00e1ria Luma Menezes, o 2\u00ba secret\u00e1rio Djalma Santos e a secret\u00e1ria de Planejamento e Or\u00e7amento Virg\u00ednia Porto Santos.<\/p>\n<p><a class=\"group1 cboxElement\" href=\"https:\/\/www.alagoinhas.ba.gov.br\/wp-content\/uploads\/2024\/02\/WhatsApp-Image-2024-02-21-at-09.04.09.jpeg\"><img loading=\"lazy\" decoding=\"async\" class=\"aligncenter size-full wp-image-72524\" src=\"https:\/\/www.alagoinhas.ba.gov.br\/wp-content\/uploads\/2024\/02\/WhatsApp-Image-2024-02-21-at-09.04.09.jpeg\" sizes=\"auto, (max-width: 1600px) 100vw, 1600px\" srcset=\"https:\/\/www.alagoinhas.ba.gov.br\/wp-content\/uploads\/2024\/02\/WhatsApp-Image-2024-02-21-at-09.04.09.jpeg 1600w, https:\/\/www.alagoinhas.ba.gov.br\/wp-content\/uploads\/2024\/02\/WhatsApp-Image-2024-02-21-at-09.04.09-300x200.jpeg 300w, https:\/\/www.alagoinhas.ba.gov.br\/wp-content\/uploads\/2024\/02\/WhatsApp-Image-2024-02-21-at-09.04.09-768x512.jpeg 768w, https:\/\/www.alagoinhas.ba.gov.br\/wp-content\/uploads\/2024\/02\/WhatsApp-Image-2024-02-21-at-09.04.09-1024x682.jpeg 1024w, https:\/\/www.alagoinhas.ba.gov.br\/wp-content\/uploads\/2024\/02\/WhatsApp-Image-2024-02-21-at-09.04.09-24x16.jpeg 24w\" alt=\"\" width=\"1600\" height=\"1066\" \/><\/a><\/p>\n<p>Fazendo uma retrospectiva da gest\u00e3o, desde a expectativa de realizar grandes a\u00e7\u00f5es pela cidade \u00a0\u2013 em 2017 \u2013 at\u00e9 a avalia\u00e7\u00e3o dos resultados \u2013 na oitava vez em que o Governo Joaquim Neto ocupou a Tribuna na abertura dos trabalhos do Legislativo \u2013\u00a0 os principais resultados alcan\u00e7ados foram relembrados.<\/p>\n<p>A situa\u00e7\u00e3o em que se encontravam as pra\u00e7as do munic\u00edpio \u2013 entregues \u00e0s tra\u00e7as, e a revitaliza\u00e7\u00e3o total desses espa\u00e7os, a exemplo das pra\u00e7as Rui Barbosa, do Coreto, de Alagoinhas Velha e Kennedy, \u201cespa\u00e7os de conviv\u00eancia e de hist\u00f3ria\u201d \u2013\u00a0 foi lembrada, assim como o enfrentamento aos problemas da Sa\u00fade p\u00fablica, com a busca de apoios institucionais e parlamentares, com emendas e conv\u00eanios; a recomposi\u00e7\u00e3o dos Postos de Sa\u00fade, as in\u00fameras iniciativas promovidas, com campanhas de vacina\u00e7\u00e3o, realiza\u00e7\u00e3o de cirurgias eletivas, sem contar a constru\u00e7\u00e3o do Hospital Materno \u2013 Infantil, prestes a ser entregue \u00e0 popula\u00e7\u00e3o.<\/p>\n<p>O avan\u00e7o a olhos vistos na Educa\u00e7\u00e3o municipal foi trazido \u00e0 tona, exemplificado com o aumento na nota do IDEB, a informatiza\u00e7\u00e3o da rede escolar, a reforma das unidades escolares, o pagamento dos precat\u00f3rios aos professores, entre outras iniciativas revolucion\u00e1rias. O excelente trabalho desenvolvido na SEMAS tamb\u00e9m foi lembrado, com destaque para o n\u00famero de refei\u00e7\u00f5es fornecidas pelo Restaurante Popular (261.250), de beneficiados no Programa Qualifica Alagoinhas (1.319), a inaugura\u00e7\u00e3o do Centro de Refer\u00eancia Especializado para Popula\u00e7\u00e3o em Situa\u00e7\u00e3o de Rua (Centro POP) e o Centro de Conviv\u00eancia da Pessoa Idosa.<\/p>\n<p><a class=\"group1 cboxElement\" href=\"https:\/\/www.alagoinhas.ba.gov.br\/wp-content\/uploads\/2024\/02\/WhatsApp-Image-2024-02-21-at-09.05.18.jpeg\"><img loading=\"lazy\" decoding=\"async\" class=\"aligncenter size-full wp-image-72519\" src=\"https:\/\/www.alagoinhas.ba.gov.br\/wp-content\/uploads\/2024\/02\/WhatsApp-Image-2024-02-21-at-09.05.18.jpeg\" sizes=\"auto, (max-width: 1066px) 100vw, 1066px\" srcset=\"https:\/\/www.alagoinhas.ba.gov.br\/wp-content\/uploads\/2024\/02\/WhatsApp-Image-2024-02-21-at-09.05.18.jpeg 1066w, https:\/\/www.alagoinhas.ba.gov.br\/wp-content\/uploads\/2024\/02\/WhatsApp-Image-2024-02-21-at-09.05.18-200x300.jpeg 200w, https:\/\/www.alagoinhas.ba.gov.br\/wp-content\/uploads\/2024\/02\/WhatsApp-Image-2024-02-21-at-09.05.18-768x1153.jpeg 768w, https:\/\/www.alagoinhas.ba.gov.br\/wp-content\/uploads\/2024\/02\/WhatsApp-Image-2024-02-21-at-09.05.18-682x1024.jpeg 682w, https:\/\/www.alagoinhas.ba.gov.br\/wp-content\/uploads\/2024\/02\/WhatsApp-Image-2024-02-21-at-09.05.18-16x24.jpeg 16w\" alt=\"\" width=\"1066\" height=\"1600\" \/><\/a><\/p>\n<p>O grande acontecimento tur\u00edstico de 2023, o Bahia Beer \u2013 Festival da Cerveja de Alagoinhas, que ganhou destaque na m\u00eddia nacional, assim como o S\u00e3o Jo\u00e3o de Alagoinhas, sobretudo o Trem do Forr\u00f3, foram apontados; a valoriza\u00e7\u00e3o das tradi\u00e7\u00f5es, o reconhecimento dos terreiros como templos religiosos e a isen\u00e7\u00e3o no IPTU, os editais da Paulo Gustavo e etc. Tamb\u00e9m foi citada a entrega do Centro de Inicia\u00e7\u00e3o ao Esporte (CIE), equipamento de ponta; a Pra\u00e7a dos Esportes; a pavimenta\u00e7\u00e3o de centenas de ruas; as macrodrenagens, requalifica\u00e7\u00e3o do Carneir\u00e3o, e tantas outras a\u00e7\u00f5es de infraestrutura.<\/p>\n<p>No campo do desenvolvimento econ\u00f4mico, a atra\u00e7\u00e3o de empresas e a gera\u00e7\u00e3o de empregos (25.565, segundo o Cadastro Nacional Geral de Empregados e Desempregados), assim como as capacita\u00e7\u00f5es no campo do empreendedorismo ganharam destaque, al\u00e9m do investimento de 600 milh\u00f5es de reais do Grupo Heineken, e dos 300 milh\u00f5es da empresa VCA, na cidade. Na \u00e1rea ambiental, foi implementado o Plano Municipal de Gest\u00e3o Integrada de Res\u00edduos S\u00f3lidos. A reviravolta no SAAE, que saiu de uma d\u00edvida de 14 milh\u00f5es de reais para refer\u00eancia nacional no saneamento b\u00e1sico; os projetos voltados para a zona rural, como o Empreender no Campo e Campo Forte, Campo Feliz tamb\u00e9m entraram na lista de realiza\u00e7\u00f5es do Governo Joaquim Neto.<\/p>\n<p><a class=\"group1 cboxElement\" href=\"https:\/\/www.alagoinhas.ba.gov.br\/wp-content\/uploads\/2024\/02\/WhatsApp-Image-2024-02-21-at-09.04.08.jpeg\"><img loading=\"lazy\" decoding=\"async\" class=\"aligncenter size-full wp-image-72523\" src=\"https:\/\/www.alagoinhas.ba.gov.br\/wp-content\/uploads\/2024\/02\/WhatsApp-Image-2024-02-21-at-09.04.08.jpeg\" sizes=\"auto, (max-width: 1600px) 100vw, 1600px\" srcset=\"https:\/\/www.alagoinhas.ba.gov.br\/wp-content\/uploads\/2024\/02\/WhatsApp-Image-2024-02-21-at-09.04.08.jpeg 1600w, https:\/\/www.alagoinhas.ba.gov.br\/wp-content\/uploads\/2024\/02\/WhatsApp-Image-2024-02-21-at-09.04.08-300x200.jpeg 300w, https:\/\/www.alagoinhas.ba.gov.br\/wp-content\/uploads\/2024\/02\/WhatsApp-Image-2024-02-21-at-09.04.08-768x512.jpeg 768w, https:\/\/www.alagoinhas.ba.gov.br\/wp-content\/uploads\/2024\/02\/WhatsApp-Image-2024-02-21-at-09.04.08-1024x682.jpeg 1024w, https:\/\/www.alagoinhas.ba.gov.br\/wp-content\/uploads\/2024\/02\/WhatsApp-Image-2024-02-21-at-09.04.08-24x16.jpeg 24w\" alt=\"\" width=\"1600\" height=\"1066\" \/><\/a><\/p>\n<p>Ganhou destaque na mensagem para o Legislativo, a concretiza\u00e7\u00e3o da PPP de Ilumina\u00e7\u00e3o P\u00fablica, com investimentos de 102 milh\u00f5es de reais, e tamb\u00e9m a vinda do Governador Jer\u00f4nimo para o munic\u00edpio, nesta quinta-feira (22), com a realiza\u00e7\u00e3o de uma importante Feira de Sa\u00fade, a assinatura da Ordem de Servi\u00e7o para a constru\u00e7\u00e3o do Hospital Regional de Alagoinhas \u2013 HRA, a entrega da pavimenta\u00e7\u00e3o no trecho de acesso vi\u00e1rio, em pista dupla, \u00e0 cidade, do Galp\u00e3o de Frutas da Central e de 13 t\u00edtulos de regulariza\u00e7\u00e3o fundi\u00e1ria.<\/p>\n<p>O final do discurso foi de agradecimentos \u00e0 Casa Legislativa \u201cpor todos esses anos de relacionamento, de debates, de propostas, de observa\u00e7\u00f5es, de entendimentos e de di\u00e1logo\u201d.<\/p>\n<p>Fotos: Roberto Fonseca<\/p>\n<p><a class=\"group1 cboxElement\" href=\"https:\/\/www.alagoinhas.ba.gov.br\/wp-content\/uploads\/2024\/02\/WhatsApp-Image-2024-02-21-at-09.04.42.jpeg\"><img loading=\"lazy\" decoding=\"async\" class=\"aligncenter size-full wp-image-72520\" src=\"https:\/\/www.alagoinhas.ba.gov.br\/wp-content\/uploads\/2024\/02\/WhatsApp-Image-2024-02-21-at-09.04.42.jpeg\" sizes=\"auto, (max-width: 1600px) 100vw, 1600px\" srcset=\"https:\/\/www.alagoinhas.ba.gov.br\/wp-content\/uploads\/2024\/02\/WhatsApp-Image-2024-02-21-at-09.04.42.jpeg 1600w, https:\/\/www.alagoinhas.ba.gov.br\/wp-content\/uploads\/2024\/02\/WhatsApp-Image-2024-02-21-at-09.04.42-300x200.jpeg 300w, https:\/\/www.alagoinhas.ba.gov.br\/wp-content\/uploads\/2024\/02\/WhatsApp-Image-2024-02-21-at-09.04.42-768x512.jpeg 768w, https:\/\/www.alagoinhas.ba.gov.br\/wp-content\/uploads\/2024\/02\/WhatsApp-Image-2024-02-21-at-09.04.42-1024x682.jpeg 1024w, https:\/\/www.alagoinhas.ba.gov.br\/wp-content\/uploads\/2024\/02\/WhatsApp-Image-2024-02-21-at-09.04.42-24x16.jpeg 24w\" alt=\"\" width=\"1600\" height=\"1066\" \/><\/a><\/p>\n<div align=\"right\">\n<p>&nbsp;<\/p>\n<\/div>\n<div class='share-to-whatsapp-wrapper'><div class='share-on-whsp'>Share on: <\/div><a data-text='Mensagem do Governo Joaquim Neto \u00e9 apresentada na abertura dos trabalhos legislativos de 2024' data-link='https:\/\/newsinfoco.com.br\/inicio\/mensagem-do-governo-joaquim-neto-e-apresentada-na-abertura-dos-trabalhos-legislativos-de-2024\/' class='whatsapp-button whatsapp-share'>WhatsApp<\/a><div class='clear '><\/div><\/div>","protected":false},"excerpt":{"rendered":"<p>Os trabalhos legislativos de 2024 foram abertos na \u00faltima ter\u00e7a-feira (20), na\u00a0C\u00e2mara\u00a0Municipal de\u00a0Alagoinhas. Como \u00e9 de costume, uma mensagem do Governo, apontando os avan\u00e7os alcan\u00e7ados e metas para o ano corrente foi repassada \u00e0 plen\u00e1ria, composta pelos parlamentares, representantes da imprensa, da sociedade civil organizada e secret\u00e1rios municipais. O prefeito Joaquim Neto, que tradicionalmente faz [&hellip;]<\/p>\n","protected":false},"author":1,"featured_media":35809,"comment_status":"closed","ping_status":"closed","sticky":false,"template":"","format":"standard","meta":{"om_disable_all_campaigns":false,"rop_custom_images_group":[],"rop_custom_messages_group":[],"rop_publish_now":"initial","rop_publish_now_accounts":[],"rop_publish_now_history":[],"rop_publish_now_status":"pending","_exactmetrics_skip_tracking":false,"footnotes":""},"categories":[38,167],"tags":[],"class_list":["post-35808","post","type-post","status-publish","format-standard","has-post-thumbnail","hentry","category-alagoinhas-e-regiao","category-exclusivas"],"aioseo_notices":[],"aioseo_head":"\n\t\t<!-- All in One SEO 4.9.10 - aioseo.com -->\n\t<meta name=\"description\" content=\"Os trabalhos legislativos de 2024 foram abertos na \u00faltima ter\u00e7a-feira (20), na C\u00e2mara Municipal de Alagoinhas. Como \u00e9 de costume, uma mensagem do Governo, apontando os avan\u00e7os alcan\u00e7ados e metas para o ano corrente foi repassada \u00e0 plen\u00e1ria, composta pelos parlamentares, representantes da imprensa, da sociedade civil organizada e secret\u00e1rios municipais. O prefeito Joaquim Neto, que tradicionalmente faz\" \/>\n\t<meta name=\"robots\" content=\"max-image-preview:large\" \/>\n\t<meta name=\"author\" content=\"administrador\"\/>\n\t<link rel=\"canonical\" href=\"https:\/\/newsinfoco.com.br\/inicio\/mensagem-do-governo-joaquim-neto-e-apresentada-na-abertura-dos-trabalhos-legislativos-de-2024\/\" \/>\n\t<meta name=\"generator\" content=\"All in One SEO (AIOSEO) 4.9.10\" \/>\n\t\t<meta property=\"og:locale\" content=\"pt_BR\" \/>\n\t\t<meta property=\"og:site_name\" content=\"News In Foco - Editado por Caio Pimenta - O principal site de noticias de Alagoinhas e regi\u00e3o\" \/>\n\t\t<meta property=\"og:type\" content=\"article\" \/>\n\t\t<meta property=\"og:title\" content=\"Mensagem do Governo Joaquim Neto \u00e9 apresentada na abertura dos trabalhos legislativos de 2024 - News In Foco - Editado por Caio Pimenta\" \/>\n\t\t<meta property=\"og:description\" content=\"Os trabalhos legislativos de 2024 foram abertos na \u00faltima ter\u00e7a-feira (20), na C\u00e2mara Municipal de Alagoinhas. Como \u00e9 de costume, uma mensagem do Governo, apontando os avan\u00e7os alcan\u00e7ados e metas para o ano corrente foi repassada \u00e0 plen\u00e1ria, composta pelos parlamentares, representantes da imprensa, da sociedade civil organizada e secret\u00e1rios municipais. O prefeito Joaquim Neto, que tradicionalmente faz\" \/>\n\t\t<meta property=\"og:url\" content=\"https:\/\/newsinfoco.com.br\/inicio\/mensagem-do-governo-joaquim-neto-e-apresentada-na-abertura-dos-trabalhos-legislativos-de-2024\/\" \/>\n\t\t<meta property=\"article:published_time\" content=\"2024-02-21T20:01:37+00:00\" \/>\n\t\t<meta property=\"article:modified_time\" content=\"2024-02-21T20:01:37+00:00\" \/>\n\t\t<meta name=\"twitter:card\" content=\"summary_large_image\" \/>\n\t\t<meta name=\"twitter:title\" content=\"Mensagem do Governo Joaquim Neto \u00e9 apresentada na abertura dos trabalhos legislativos de 2024 - News In Foco - Editado por Caio Pimenta\" \/>\n\t\t<meta name=\"twitter:description\" content=\"Os trabalhos legislativos de 2024 foram abertos na \u00faltima ter\u00e7a-feira (20), na C\u00e2mara Municipal de Alagoinhas. Como \u00e9 de costume, uma mensagem do Governo, apontando os avan\u00e7os alcan\u00e7ados e metas para o ano corrente foi repassada \u00e0 plen\u00e1ria, composta pelos parlamentares, representantes da imprensa, da sociedade civil organizada e secret\u00e1rios municipais. O prefeito Joaquim Neto, que tradicionalmente faz\" \/>\n\t\t<script type=\"application\/ld+json\" class=\"aioseo-schema\">\n\t\t\t{\"@context\":\"https:\\\/\\\/schema.org\",\"@graph\":[{\"@type\":\"BlogPosting\",\"@id\":\"https:\\\/\\\/newsinfoco.com.br\\\/inicio\\\/mensagem-do-governo-joaquim-neto-e-apresentada-na-abertura-dos-trabalhos-legislativos-de-2024\\\/#blogposting\",\"name\":\"Mensagem do Governo Joaquim Neto \\u00e9 apresentada na abertura dos trabalhos legislativos de 2024 - News In Foco - Editado por Caio Pimenta\",\"headline\":\"Mensagem do Governo Joaquim Neto \\u00e9 apresentada na abertura dos trabalhos legislativos de 2024\",\"author\":{\"@id\":\"https:\\\/\\\/newsinfoco.com.br\\\/inicio\\\/author\\\/administrador\\\/#author\"},\"publisher\":{\"@id\":\"https:\\\/\\\/newsinfoco.com.br\\\/inicio\\\/#organization\"},\"image\":{\"@type\":\"ImageObject\",\"url\":\"https:\\\/\\\/newsinfoco.com.br\\\/inicio\\\/wp-content\\\/uploads\\\/2024\\\/02\\\/WhatsApp-Image-2024-02-21-at-09.04.41-550x368-1.jpeg\",\"width\":550,\"height\":368},\"datePublished\":\"2024-02-21T17:01:37-03:00\",\"dateModified\":\"2024-02-21T17:01:37-03:00\",\"inLanguage\":\"pt-BR\",\"mainEntityOfPage\":{\"@id\":\"https:\\\/\\\/newsinfoco.com.br\\\/inicio\\\/mensagem-do-governo-joaquim-neto-e-apresentada-na-abertura-dos-trabalhos-legislativos-de-2024\\\/#webpage\"},\"isPartOf\":{\"@id\":\"https:\\\/\\\/newsinfoco.com.br\\\/inicio\\\/mensagem-do-governo-joaquim-neto-e-apresentada-na-abertura-dos-trabalhos-legislativos-de-2024\\\/#webpage\"},\"articleSection\":\"Alagoinhas e Regi\\u00e3o, Manchete\"},{\"@type\":\"BreadcrumbList\",\"@id\":\"https:\\\/\\\/newsinfoco.com.br\\\/inicio\\\/mensagem-do-governo-joaquim-neto-e-apresentada-na-abertura-dos-trabalhos-legislativos-de-2024\\\/#breadcrumblist\",\"itemListElement\":[{\"@type\":\"ListItem\",\"@id\":\"https:\\\/\\\/newsinfoco.com.br\\\/inicio#listItem\",\"position\":1,\"name\":\"In\\u00edcio\",\"item\":\"https:\\\/\\\/newsinfoco.com.br\\\/inicio\",\"nextItem\":{\"@type\":\"ListItem\",\"@id\":\"https:\\\/\\\/newsinfoco.com.br\\\/inicio\\\/category\\\/alagoinhas-e-regiao\\\/#listItem\",\"name\":\"Alagoinhas e Regi\\u00e3o\"}},{\"@type\":\"ListItem\",\"@id\":\"https:\\\/\\\/newsinfoco.com.br\\\/inicio\\\/category\\\/alagoinhas-e-regiao\\\/#listItem\",\"position\":2,\"name\":\"Alagoinhas e Regi\\u00e3o\",\"item\":\"https:\\\/\\\/newsinfoco.com.br\\\/inicio\\\/category\\\/alagoinhas-e-regiao\\\/\",\"nextItem\":{\"@type\":\"ListItem\",\"@id\":\"https:\\\/\\\/newsinfoco.com.br\\\/inicio\\\/mensagem-do-governo-joaquim-neto-e-apresentada-na-abertura-dos-trabalhos-legislativos-de-2024\\\/#listItem\",\"name\":\"Mensagem do Governo Joaquim Neto \\u00e9 apresentada na abertura dos trabalhos legislativos de 2024\"},\"previousItem\":{\"@type\":\"ListItem\",\"@id\":\"https:\\\/\\\/newsinfoco.com.br\\\/inicio#listItem\",\"name\":\"In\\u00edcio\"}},{\"@type\":\"ListItem\",\"@id\":\"https:\\\/\\\/newsinfoco.com.br\\\/inicio\\\/mensagem-do-governo-joaquim-neto-e-apresentada-na-abertura-dos-trabalhos-legislativos-de-2024\\\/#listItem\",\"position\":3,\"name\":\"Mensagem do Governo Joaquim Neto \\u00e9 apresentada na abertura dos trabalhos legislativos de 2024\",\"previousItem\":{\"@type\":\"ListItem\",\"@id\":\"https:\\\/\\\/newsinfoco.com.br\\\/inicio\\\/category\\\/alagoinhas-e-regiao\\\/#listItem\",\"name\":\"Alagoinhas e Regi\\u00e3o\"}}]},{\"@type\":\"Organization\",\"@id\":\"https:\\\/\\\/newsinfoco.com.br\\\/inicio\\\/#organization\",\"name\":\"News In Foco - Editado por Caio Pimenta\",\"description\":\"O principal site de noticias de Alagoinhas e regi\\u00e3o\",\"url\":\"https:\\\/\\\/newsinfoco.com.br\\\/inicio\\\/\"},{\"@type\":\"Person\",\"@id\":\"https:\\\/\\\/newsinfoco.com.br\\\/inicio\\\/author\\\/administrador\\\/#author\",\"url\":\"https:\\\/\\\/newsinfoco.com.br\\\/inicio\\\/author\\\/administrador\\\/\",\"name\":\"administrador\",\"image\":{\"@type\":\"ImageObject\",\"@id\":\"https:\\\/\\\/newsinfoco.com.br\\\/inicio\\\/mensagem-do-governo-joaquim-neto-e-apresentada-na-abertura-dos-trabalhos-legislativos-de-2024\\\/#authorImage\",\"url\":\"https:\\\/\\\/secure.gravatar.com\\\/avatar\\\/c17a617433de8c1dc9584bb79aab7563b46f5bb7e1728c9b17d9cc3ce6a08e49?s=96&d=mm&r=g\",\"width\":96,\"height\":96,\"caption\":\"administrador\"}},{\"@type\":\"WebPage\",\"@id\":\"https:\\\/\\\/newsinfoco.com.br\\\/inicio\\\/mensagem-do-governo-joaquim-neto-e-apresentada-na-abertura-dos-trabalhos-legislativos-de-2024\\\/#webpage\",\"url\":\"https:\\\/\\\/newsinfoco.com.br\\\/inicio\\\/mensagem-do-governo-joaquim-neto-e-apresentada-na-abertura-dos-trabalhos-legislativos-de-2024\\\/\",\"name\":\"Mensagem do Governo Joaquim Neto \\u00e9 apresentada na abertura dos trabalhos legislativos de 2024 - News In Foco - Editado por Caio Pimenta\",\"description\":\"Os trabalhos legislativos de 2024 foram abertos na \\u00faltima ter\\u00e7a-feira (20), na C\\u00e2mara Municipal de Alagoinhas. Como \\u00e9 de costume, uma mensagem do Governo, apontando os avan\\u00e7os alcan\\u00e7ados e metas para o ano corrente foi repassada \\u00e0 plen\\u00e1ria, composta pelos parlamentares, representantes da imprensa, da sociedade civil organizada e secret\\u00e1rios municipais. O prefeito Joaquim Neto, que tradicionalmente faz\",\"inLanguage\":\"pt-BR\",\"isPartOf\":{\"@id\":\"https:\\\/\\\/newsinfoco.com.br\\\/inicio\\\/#website\"},\"breadcrumb\":{\"@id\":\"https:\\\/\\\/newsinfoco.com.br\\\/inicio\\\/mensagem-do-governo-joaquim-neto-e-apresentada-na-abertura-dos-trabalhos-legislativos-de-2024\\\/#breadcrumblist\"},\"author\":{\"@id\":\"https:\\\/\\\/newsinfoco.com.br\\\/inicio\\\/author\\\/administrador\\\/#author\"},\"creator\":{\"@id\":\"https:\\\/\\\/newsinfoco.com.br\\\/inicio\\\/author\\\/administrador\\\/#author\"},\"image\":{\"@type\":\"ImageObject\",\"url\":\"https:\\\/\\\/newsinfoco.com.br\\\/inicio\\\/wp-content\\\/uploads\\\/2024\\\/02\\\/WhatsApp-Image-2024-02-21-at-09.04.41-550x368-1.jpeg\",\"@id\":\"https:\\\/\\\/newsinfoco.com.br\\\/inicio\\\/mensagem-do-governo-joaquim-neto-e-apresentada-na-abertura-dos-trabalhos-legislativos-de-2024\\\/#mainImage\",\"width\":550,\"height\":368},\"primaryImageOfPage\":{\"@id\":\"https:\\\/\\\/newsinfoco.com.br\\\/inicio\\\/mensagem-do-governo-joaquim-neto-e-apresentada-na-abertura-dos-trabalhos-legislativos-de-2024\\\/#mainImage\"},\"datePublished\":\"2024-02-21T17:01:37-03:00\",\"dateModified\":\"2024-02-21T17:01:37-03:00\"},{\"@type\":\"WebSite\",\"@id\":\"https:\\\/\\\/newsinfoco.com.br\\\/inicio\\\/#website\",\"url\":\"https:\\\/\\\/newsinfoco.com.br\\\/inicio\\\/\",\"name\":\"News In Foco - Editado por Caio Pimenta\",\"description\":\"O principal site de noticias de Alagoinhas e regi\\u00e3o\",\"inLanguage\":\"pt-BR\",\"publisher\":{\"@id\":\"https:\\\/\\\/newsinfoco.com.br\\\/inicio\\\/#organization\"}}]}\n\t\t<\/script>\n\t\t<!-- All in One SEO -->\n\n","aioseo_head_json":{"title":"Mensagem do Governo Joaquim Neto \u00e9 apresentada na abertura dos trabalhos legislativos de 2024 - News In Foco - Editado por Caio Pimenta","description":"Os trabalhos legislativos de 2024 foram abertos na \u00faltima ter\u00e7a-feira (20), na C\u00e2mara Municipal de Alagoinhas. Como \u00e9 de costume, uma mensagem do Governo, apontando os avan\u00e7os alcan\u00e7ados e metas para o ano corrente foi repassada \u00e0 plen\u00e1ria, composta pelos parlamentares, representantes da imprensa, da sociedade civil organizada e secret\u00e1rios municipais. O prefeito Joaquim Neto, que tradicionalmente faz","canonical_url":"https:\/\/newsinfoco.com.br\/inicio\/mensagem-do-governo-joaquim-neto-e-apresentada-na-abertura-dos-trabalhos-legislativos-de-2024\/","robots":"max-image-preview:large","keywords":"","webmasterTools":{"miscellaneous":""},"schema":{"@context":"https:\/\/schema.org","@graph":[{"@type":"BlogPosting","@id":"https:\/\/newsinfoco.com.br\/inicio\/mensagem-do-governo-joaquim-neto-e-apresentada-na-abertura-dos-trabalhos-legislativos-de-2024\/#blogposting","name":"Mensagem do Governo Joaquim Neto \u00e9 apresentada na abertura dos trabalhos legislativos de 2024 - News In Foco - Editado por Caio Pimenta","headline":"Mensagem do Governo Joaquim Neto \u00e9 apresentada na abertura dos trabalhos legislativos de 2024","author":{"@id":"https:\/\/newsinfoco.com.br\/inicio\/author\/administrador\/#author"},"publisher":{"@id":"https:\/\/newsinfoco.com.br\/inicio\/#organization"},"image":{"@type":"ImageObject","url":"https:\/\/newsinfoco.com.br\/inicio\/wp-content\/uploads\/2024\/02\/WhatsApp-Image-2024-02-21-at-09.04.41-550x368-1.jpeg","width":550,"height":368},"datePublished":"2024-02-21T17:01:37-03:00","dateModified":"2024-02-21T17:01:37-03:00","inLanguage":"pt-BR","mainEntityOfPage":{"@id":"https:\/\/newsinfoco.com.br\/inicio\/mensagem-do-governo-joaquim-neto-e-apresentada-na-abertura-dos-trabalhos-legislativos-de-2024\/#webpage"},"isPartOf":{"@id":"https:\/\/newsinfoco.com.br\/inicio\/mensagem-do-governo-joaquim-neto-e-apresentada-na-abertura-dos-trabalhos-legislativos-de-2024\/#webpage"},"articleSection":"Alagoinhas e Regi\u00e3o, Manchete"},{"@type":"BreadcrumbList","@id":"https:\/\/newsinfoco.com.br\/inicio\/mensagem-do-governo-joaquim-neto-e-apresentada-na-abertura-dos-trabalhos-legislativos-de-2024\/#breadcrumblist","itemListElement":[{"@type":"ListItem","@id":"https:\/\/newsinfoco.com.br\/inicio#listItem","position":1,"name":"In\u00edcio","item":"https:\/\/newsinfoco.com.br\/inicio","nextItem":{"@type":"ListItem","@id":"https:\/\/newsinfoco.com.br\/inicio\/category\/alagoinhas-e-regiao\/#listItem","name":"Alagoinhas e Regi\u00e3o"}},{"@type":"ListItem","@id":"https:\/\/newsinfoco.com.br\/inicio\/category\/alagoinhas-e-regiao\/#listItem","position":2,"name":"Alagoinhas e Regi\u00e3o","item":"https:\/\/newsinfoco.com.br\/inicio\/category\/alagoinhas-e-regiao\/","nextItem":{"@type":"ListItem","@id":"https:\/\/newsinfoco.com.br\/inicio\/mensagem-do-governo-joaquim-neto-e-apresentada-na-abertura-dos-trabalhos-legislativos-de-2024\/#listItem","name":"Mensagem do Governo Joaquim Neto \u00e9 apresentada na abertura dos trabalhos legislativos de 2024"},"previousItem":{"@type":"ListItem","@id":"https:\/\/newsinfoco.com.br\/inicio#listItem","name":"In\u00edcio"}},{"@type":"ListItem","@id":"https:\/\/newsinfoco.com.br\/inicio\/mensagem-do-governo-joaquim-neto-e-apresentada-na-abertura-dos-trabalhos-legislativos-de-2024\/#listItem","position":3,"name":"Mensagem do Governo Joaquim Neto \u00e9 apresentada na abertura dos trabalhos legislativos de 2024","previousItem":{"@type":"ListItem","@id":"https:\/\/newsinfoco.com.br\/inicio\/category\/alagoinhas-e-regiao\/#listItem","name":"Alagoinhas e Regi\u00e3o"}}]},{"@type":"Organization","@id":"https:\/\/newsinfoco.com.br\/inicio\/#organization","name":"News In Foco - Editado por Caio Pimenta","description":"O principal site de noticias de Alagoinhas e regi\u00e3o","url":"https:\/\/newsinfoco.com.br\/inicio\/"},{"@type":"Person","@id":"https:\/\/newsinfoco.com.br\/inicio\/author\/administrador\/#author","url":"https:\/\/newsinfoco.com.br\/inicio\/author\/administrador\/","name":"administrador","image":{"@type":"ImageObject","@id":"https:\/\/newsinfoco.com.br\/inicio\/mensagem-do-governo-joaquim-neto-e-apresentada-na-abertura-dos-trabalhos-legislativos-de-2024\/#authorImage","url":"https:\/\/secure.gravatar.com\/avatar\/c17a617433de8c1dc9584bb79aab7563b46f5bb7e1728c9b17d9cc3ce6a08e49?s=96&d=mm&r=g","width":96,"height":96,"caption":"administrador"}},{"@type":"WebPage","@id":"https:\/\/newsinfoco.com.br\/inicio\/mensagem-do-governo-joaquim-neto-e-apresentada-na-abertura-dos-trabalhos-legislativos-de-2024\/#webpage","url":"https:\/\/newsinfoco.com.br\/inicio\/mensagem-do-governo-joaquim-neto-e-apresentada-na-abertura-dos-trabalhos-legislativos-de-2024\/","name":"Mensagem do Governo Joaquim Neto \u00e9 apresentada na abertura dos trabalhos legislativos de 2024 - News In Foco - Editado por Caio Pimenta","description":"Os trabalhos legislativos de 2024 foram abertos na \u00faltima ter\u00e7a-feira (20), na C\u00e2mara Municipal de Alagoinhas. Como \u00e9 de costume, uma mensagem do Governo, apontando os avan\u00e7os alcan\u00e7ados e metas para o ano corrente foi repassada \u00e0 plen\u00e1ria, composta pelos parlamentares, representantes da imprensa, da sociedade civil organizada e secret\u00e1rios municipais. O prefeito Joaquim Neto, que tradicionalmente faz","inLanguage":"pt-BR","isPartOf":{"@id":"https:\/\/newsinfoco.com.br\/inicio\/#website"},"breadcrumb":{"@id":"https:\/\/newsinfoco.com.br\/inicio\/mensagem-do-governo-joaquim-neto-e-apresentada-na-abertura-dos-trabalhos-legislativos-de-2024\/#breadcrumblist"},"author":{"@id":"https:\/\/newsinfoco.com.br\/inicio\/author\/administrador\/#author"},"creator":{"@id":"https:\/\/newsinfoco.com.br\/inicio\/author\/administrador\/#author"},"image":{"@type":"ImageObject","url":"https:\/\/newsinfoco.com.br\/inicio\/wp-content\/uploads\/2024\/02\/WhatsApp-Image-2024-02-21-at-09.04.41-550x368-1.jpeg","@id":"https:\/\/newsinfoco.com.br\/inicio\/mensagem-do-governo-joaquim-neto-e-apresentada-na-abertura-dos-trabalhos-legislativos-de-2024\/#mainImage","width":550,"height":368},"primaryImageOfPage":{"@id":"https:\/\/newsinfoco.com.br\/inicio\/mensagem-do-governo-joaquim-neto-e-apresentada-na-abertura-dos-trabalhos-legislativos-de-2024\/#mainImage"},"datePublished":"2024-02-21T17:01:37-03:00","dateModified":"2024-02-21T17:01:37-03:00"},{"@type":"WebSite","@id":"https:\/\/newsinfoco.com.br\/inicio\/#website","url":"https:\/\/newsinfoco.com.br\/inicio\/","name":"News In Foco - Editado por Caio Pimenta","description":"O principal site de noticias de Alagoinhas e regi\u00e3o","inLanguage":"pt-BR","publisher":{"@id":"https:\/\/newsinfoco.com.br\/inicio\/#organization"}}]},"og:locale":"pt_BR","og:site_name":"News In Foco - Editado por Caio Pimenta - O principal site de noticias de Alagoinhas e regi\u00e3o","og:type":"article","og:title":"Mensagem do Governo Joaquim Neto \u00e9 apresentada na abertura dos trabalhos legislativos de 2024 - News In Foco - Editado por Caio Pimenta","og:description":"Os trabalhos legislativos de 2024 foram abertos na \u00faltima ter\u00e7a-feira (20), na C\u00e2mara Municipal de Alagoinhas. Como \u00e9 de costume, uma mensagem do Governo, apontando os avan\u00e7os alcan\u00e7ados e metas para o ano corrente foi repassada \u00e0 plen\u00e1ria, composta pelos parlamentares, representantes da imprensa, da sociedade civil organizada e secret\u00e1rios municipais. O prefeito Joaquim Neto, que tradicionalmente faz","og:url":"https:\/\/newsinfoco.com.br\/inicio\/mensagem-do-governo-joaquim-neto-e-apresentada-na-abertura-dos-trabalhos-legislativos-de-2024\/","article:published_time":"2024-02-21T20:01:37+00:00","article:modified_time":"2024-02-21T20:01:37+00:00","twitter:card":"summary_large_image","twitter:title":"Mensagem do Governo Joaquim Neto \u00e9 apresentada na abertura dos trabalhos legislativos de 2024 - News In Foco - Editado por Caio Pimenta","twitter:description":"Os trabalhos legislativos de 2024 foram abertos na \u00faltima ter\u00e7a-feira (20), na C\u00e2mara Municipal de Alagoinhas. Como \u00e9 de costume, uma mensagem do Governo, apontando os avan\u00e7os alcan\u00e7ados e metas para o ano corrente foi repassada \u00e0 plen\u00e1ria, composta pelos parlamentares, representantes da imprensa, da sociedade civil organizada e secret\u00e1rios municipais. O prefeito Joaquim Neto, que tradicionalmente faz"},"aioseo_meta_data":{"post_id":"35808","title":null,"description":null,"keywords":[],"keyphrases":{"focus":{"keyphrase":"","score":0,"analysis":{"keyphraseInTitle":{"score":0,"maxScore":9,"error":1}}},"additional":[]},"primary_term":null,"canonical_url":null,"og_title":null,"og_description":null,"og_object_type":"default","og_image_type":"default","og_image_url":null,"og_image_width":null,"og_image_height":null,"og_image_custom_url":null,"og_image_custom_fields":null,"og_video":"","og_custom_url":null,"og_article_section":null,"og_article_tags":[],"twitter_use_og":false,"twitter_card":"default","twitter_image_type":"default","twitter_image_url":null,"twitter_image_custom_url":null,"twitter_image_custom_fields":null,"twitter_title":null,"twitter_description":null,"schema":{"blockGraphs":[],"customGraphs":[],"default":{"data":{"Article":[],"Course":[],"Dataset":[],"FAQPage":[],"Movie":[],"Person":[],"Product":[],"ProductReview":[],"Car":[],"Recipe":[],"Service":[],"SoftwareApplication":[],"WebPage":[]},"graphName":"BlogPosting","isEnabled":true},"graphs":[]},"schema_type":"default","schema_type_options":null,"pillar_content":false,"robots_default":true,"robots_noindex":false,"robots_noarchive":false,"robots_nosnippet":false,"robots_nofollow":false,"robots_noimageindex":false,"robots_noodp":false,"robots_notranslate":false,"robots_max_snippet":"-1","robots_max_videopreview":"-1","robots_max_imagepreview":"large","priority":null,"frequency":"default","local_seo":null,"breadcrumb_settings":null,"limit_modified_date":false,"ai":null,"created":"2024-02-21 20:01:37","updated":"2025-07-11 10:35:03","seo_analyzer_scan_date":null},"aioseo_breadcrumb":"<div class=\"aioseo-breadcrumbs\"><span class=\"aioseo-breadcrumb\">\n\t\t\t<a href=\"https:\/\/newsinfoco.com.br\/inicio\" title=\"In\u00edcio\">In\u00edcio<\/a>\n\t\t<\/span><span class=\"aioseo-breadcrumb-separator\">&raquo;<\/span><span class=\"aioseo-breadcrumb\">\n\t\t\t<a href=\"https:\/\/newsinfoco.com.br\/inicio\/category\/alagoinhas-e-regiao\/\" title=\"Alagoinhas e Regi\u00e3o\">Alagoinhas e Regi\u00e3o<\/a>\n\t\t<\/span><span class=\"aioseo-breadcrumb-separator\">&raquo;<\/span><span class=\"aioseo-breadcrumb\">\n\t\t\tMensagem do Governo Joaquim Neto \u00e9 apresentada na abertura dos trabalhos legislativos de 2024\n\t\t<\/span><\/div>","aioseo_breadcrumb_json":[{"label":"In\u00edcio","link":"https:\/\/newsinfoco.com.br\/inicio"},{"label":"Alagoinhas e Regi\u00e3o","link":"https:\/\/newsinfoco.com.br\/inicio\/category\/alagoinhas-e-regiao\/"},{"label":"Mensagem do Governo Joaquim Neto \u00e9 apresentada na abertura dos trabalhos legislativos de 2024","link":"https:\/\/newsinfoco.com.br\/inicio\/mensagem-do-governo-joaquim-neto-e-apresentada-na-abertura-dos-trabalhos-legislativos-de-2024\/"}],"_links":{"self":[{"href":"https:\/\/newsinfoco.com.br\/inicio\/wp-json\/wp\/v2\/posts\/35808","targetHints":{"allow":["GET"]}}],"collection":[{"href":"https:\/\/newsinfoco.com.br\/inicio\/wp-json\/wp\/v2\/posts"}],"about":[{"href":"https:\/\/newsinfoco.com.br\/inicio\/wp-json\/wp\/v2\/types\/post"}],"author":[{"embeddable":true,"href":"https:\/\/newsinfoco.com.br\/inicio\/wp-json\/wp\/v2\/users\/1"}],"replies":[{"embeddable":true,"href":"https:\/\/newsinfoco.com.br\/inicio\/wp-json\/wp\/v2\/comments?post=35808"}],"version-history":[{"count":1,"href":"https:\/\/newsinfoco.com.br\/inicio\/wp-json\/wp\/v2\/posts\/35808\/revisions"}],"predecessor-version":[{"id":35810,"href":"https:\/\/newsinfoco.com.br\/inicio\/wp-json\/wp\/v2\/posts\/35808\/revisions\/35810"}],"wp:featuredmedia":[{"embeddable":true,"href":"https:\/\/newsinfoco.com.br\/inicio\/wp-json\/wp\/v2\/media\/35809"}],"wp:attachment":[{"href":"https:\/\/newsinfoco.com.br\/inicio\/wp-json\/wp\/v2\/media?parent=35808"}],"wp:term":[{"taxonomy":"category","embeddable":true,"href":"https:\/\/newsinfoco.com.br\/inicio\/wp-json\/wp\/v2\/categories?post=35808"},{"taxonomy":"post_tag","embeddable":true,"href":"https:\/\/newsinfoco.com.br\/inicio\/wp-json\/wp\/v2\/tags?post=35808"}],"curies":[{"name":"wp","href":"https:\/\/api.w.org\/{rel}","templated":true}]}}