{"id":35815,"date":"2024-02-23T12:20:51","date_gmt":"2024-02-23T15:20:51","guid":{"rendered":"https:\/\/newsinfoco.com.br\/inicio\/?p=35815"},"modified":"2024-02-23T12:24:13","modified_gmt":"2024-02-23T15:24:13","slug":"parceria-entre-governo-do-estado-e-prefeitura-garante-realizacao-de-feira-de-saude-e-obras-estruturantes-em-alagoinhas","status":"publish","type":"post","link":"https:\/\/newsinfoco.com.br\/inicio\/parceria-entre-governo-do-estado-e-prefeitura-garante-realizacao-de-feira-de-saude-e-obras-estruturantes-em-alagoinhas\/","title":{"rendered":"Parceria entre Governo do Estado e Prefeitura garante realiza\u00e7\u00e3o de feira de sa\u00fade e obras estruturantes em Alagoinhas"},"content":{"rendered":"<p>A Prefeitura Municipal de Alagoinhas e o Governo do Estado realizaram diversas a\u00e7\u00f5es no munic\u00edpio nesta quinta-feira (22). Durante todo o dia, a agenda contou com inaugura\u00e7\u00f5es, assinaturas de ordem de servi\u00e7os e a Feira Sa\u00fade Mais Perto.<\/p>\n<p>O governador Jer\u00f4nimo Rodrigues esteve na cidade e assinou a ordem de servi\u00e7o para o in\u00edcio das obras de constru\u00e7\u00e3o do t\u00e3o aguardado Hospital Regional. A obra tem um investimento de mais de R$161 milh\u00f5es, e contar\u00e1 com 180 leitos, sendo 30 de unidade de terapia intensiva (UTI), distribu\u00eddos em especialidades como cl\u00ednica geral, sa\u00fade mental, neurologia, cardiologia e oncologia. Haver\u00e1 atendimento adulto e pedi\u00e1trico.<\/p>\n<p>O projeto, que est\u00e1 previsto para ser conclu\u00eddo em maio de 2025, ter\u00e1 uma \u00e1rea de mais de 80 mil metros quadrados \u2013 sendo 23.262,09 m\u00b2 de \u00e1rea constru\u00edda -, localizada, estrategicamente, na Rodovia BR-110. A unidade vai funcionar como refer\u00eancia para 33 munic\u00edpios de toda a regi\u00e3o, oferecendo servi\u00e7os em alta complexidade nas \u00e1reas de neurologia, neurocirurgia e oncologia, al\u00e9m de assist\u00eancia cardiovascular.<\/p>\n<p>Estima-se que o hospital realizar\u00e1 cerca de 1.800 interna\u00e7\u00f5es por m\u00eas e 21 mil atendimentos ambulatoriais. \u201cAqui em Alagoinhas realizando a constru\u00e7\u00e3o desse t\u00e3o esperado hospital que contar\u00e1 com servi\u00e7os mais complexos, isso coincide justamente com o interesse da regi\u00e3o e com a pol\u00edtica nossa de enfrentar o tema da regula\u00e7\u00e3o, para que as pessoas possam, em curto tempo, dentro da necessidade delas, poder fazer seus exames, fazer seu tratamento, tomar sua medica\u00e7\u00e3o\u201d, afirmou o governador Jer\u00f3nimo Rodrigues.<\/p>\n<p>Durante o dia tamb\u00e9m foram realizados servi\u00e7os de sa\u00fade e voltados ao cidad\u00e3o com a Feira Sa\u00fade Mais Perto, onde a popula\u00e7\u00e3o alagoinhense teve acesso \u00e0 realiza\u00e7\u00e3o de exames, consultas e cirurgias. \u201cDurante dois dias, 22 e 23 de fevereiro, ser\u00e3o ofertados mais de 12 mil atendimentos gratuitos aos alagoinhenses e \u00e0 popula\u00e7\u00e3o da regi\u00e3o. Servi\u00e7os de odontologia; exames, rastreamento para cirurgia de catarata, capsulotomia por Yag Laser. Triagem para cirurgias eletivas com consulta com cirurgi\u00e3o geral para encaminhamento, agendamento e execu\u00e7\u00e3o de cirurgias; orienta\u00e7\u00e3o em sa\u00fade; imuniza\u00e7\u00e3o; testes r\u00e1pidos; aferi\u00e7\u00e3o de press\u00e3o arterial e glicemia; orienta\u00e7\u00e3o nutricional e servi\u00e7os de fisioterapia, e muito mais. Tudo isso para facilitar o acesso \u00e0 sa\u00fade e, consequentemente, melhorando a qualidade de vida da popula\u00e7\u00e3o\u201d, explicou o prefeito Joaquim Neto.<\/p>\n<p>A deputada estadual, Ludmila Fiscina, que tamb\u00e9m se fez presente, destacou as a\u00e7\u00f5es e mudan\u00e7as que vem ocorrendo na cidade. \u201cSempre \u00e9 um sentimento de gratid\u00e3o. Agrade\u00e7o ao governador Jer\u00f3nimo pela parceria e ao prefeito Joaquim Neto pela sensibilidade e pela forma de trabalhar. Estou muito feliz que no nosso mandato conseguimos um novo hospital e diversas outras demandas que n\u00f3s est\u00e1vamos solicitando. Ent\u00e3o, o sentimento \u00e9 de dever cumprido\u201d, falou.<\/p>\n<p>\u201cCom muita alegria e gratid\u00e3o recebemos do Governo do Estado essa grande feira de sa\u00fade para atender a popula\u00e7\u00e3o de Alagoinhas e regi\u00e3o. Isso vai zerar a fila da regula\u00e7\u00e3o e vai nos ajudar bastante com a demanda reprimida\u201d, disse a secret\u00e1ria de Sa\u00fade, La\u00edna Passos.<\/p>\n<p>Durante a manh\u00e3 tamb\u00e9m foi inaugurado o Galp\u00e3o de Frutas no Mercado Municipal, localizado na Central de Abastecimento, com a entrega de 75 barracas. \u201cNunca se viu tanto trabalho na Central de Abastecimento e \u00e9 o que continuamos fazendo com a entrega do Mercado de frutas e verduras. Aqui v\u00edamos uma necessidade muito grande de melhoramento da estrutura, e agora os feirante recebem um galp\u00e3o, fruto de uma parceria da Prefeitura de Alagoinhas com o Governo do Estado, com todo o entorno com pavimenta\u00e7\u00e3o em piso intertravado e na via principal em asfalto CBUQ (asfalto quente). Tamb\u00e9m foi feita a drenagem do local, substitui\u00e7\u00e3o de manilhas, tudo isso para maior conforto tanto do permission\u00e1rio que est\u00e1 aqui dentro trabalhando, como para a popula\u00e7\u00e3o que \u00e9 o nosso principal foco\u201d, afirmou George Cabor\u00e9, secret\u00e1rio de Agricultura.<\/p>\n<p>Na oportunidade, foram entregues a pavimenta\u00e7\u00e3o em pista dupla nos trechos de acesso vi\u00e1rio \u00e0 cidade, pela Avenida Murilo Cavalcanti, que abrange uma extens\u00e3o de 2,70 km, e a pavimenta\u00e7\u00e3o asf\u00e1ltica no entorno do mercado e autorizado novos investimentos em infraestrutura vi\u00e1ria, como a pavimenta\u00e7\u00e3o nos trechos de entroncamentos com a BR-110, nas comunidades de Port\u00f5es e Estrada do Caminhoneiro, pavimenta\u00e7\u00e3o em rodovia de acesso, no trecho entre Miguel Velho e Jorro, a moderniza\u00e7\u00e3o do sistema de ilumina\u00e7\u00e3o p\u00fablica na avenida Murilo Cavalcanti e a complementa\u00e7\u00e3o da \u00c1rea externa do Est\u00e1dio Municipal.<\/p>\n<p>&nbsp;<\/p>\n<p>Confira mais imagens:<\/p>\n<p>&nbsp;<\/p>\n<p><a class=\"group1 cboxElement\" href=\"https:\/\/www.alagoinhas.ba.gov.br\/wp-content\/uploads\/2024\/02\/7d31c5d2-4074-4fa2-b60f-59e7db6067fc.jpeg\"><img loading=\"lazy\" decoding=\"async\" class=\"aligncenter size-full wp-image-72540\" src=\"https:\/\/www.alagoinhas.ba.gov.br\/wp-content\/uploads\/2024\/02\/7d31c5d2-4074-4fa2-b60f-59e7db6067fc.jpeg\" sizes=\"auto, (max-width: 1600px) 100vw, 1600px\" srcset=\"https:\/\/www.alagoinhas.ba.gov.br\/wp-content\/uploads\/2024\/02\/7d31c5d2-4074-4fa2-b60f-59e7db6067fc.jpeg 1600w, https:\/\/www.alagoinhas.ba.gov.br\/wp-content\/uploads\/2024\/02\/7d31c5d2-4074-4fa2-b60f-59e7db6067fc-300x200.jpeg 300w, https:\/\/www.alagoinhas.ba.gov.br\/wp-content\/uploads\/2024\/02\/7d31c5d2-4074-4fa2-b60f-59e7db6067fc-768x512.jpeg 768w, https:\/\/www.alagoinhas.ba.gov.br\/wp-content\/uploads\/2024\/02\/7d31c5d2-4074-4fa2-b60f-59e7db6067fc-1024x682.jpeg 1024w, https:\/\/www.alagoinhas.ba.gov.br\/wp-content\/uploads\/2024\/02\/7d31c5d2-4074-4fa2-b60f-59e7db6067fc-24x16.jpeg 24w\" alt=\"\" width=\"1600\" height=\"1066\" \/><\/a><a class=\"group1 cboxElement\" href=\"https:\/\/www.alagoinhas.ba.gov.br\/wp-content\/uploads\/2024\/02\/e2763a70-7ae6-4dce-bd86-24d152221cea.jpeg\"><img loading=\"lazy\" decoding=\"async\" class=\"aligncenter size-full wp-image-72541\" src=\"https:\/\/www.alagoinhas.ba.gov.br\/wp-content\/uploads\/2024\/02\/e2763a70-7ae6-4dce-bd86-24d152221cea.jpeg\" sizes=\"auto, (max-width: 1600px) 100vw, 1600px\" srcset=\"https:\/\/www.alagoinhas.ba.gov.br\/wp-content\/uploads\/2024\/02\/e2763a70-7ae6-4dce-bd86-24d152221cea.jpeg 1600w, https:\/\/www.alagoinhas.ba.gov.br\/wp-content\/uploads\/2024\/02\/e2763a70-7ae6-4dce-bd86-24d152221cea-300x200.jpeg 300w, https:\/\/www.alagoinhas.ba.gov.br\/wp-content\/uploads\/2024\/02\/e2763a70-7ae6-4dce-bd86-24d152221cea-768x512.jpeg 768w, https:\/\/www.alagoinhas.ba.gov.br\/wp-content\/uploads\/2024\/02\/e2763a70-7ae6-4dce-bd86-24d152221cea-1024x682.jpeg 1024w, https:\/\/www.alagoinhas.ba.gov.br\/wp-content\/uploads\/2024\/02\/e2763a70-7ae6-4dce-bd86-24d152221cea-24x16.jpeg 24w\" alt=\"\" width=\"1600\" height=\"1066\" \/><\/a><a class=\"group1 cboxElement\" href=\"https:\/\/www.alagoinhas.ba.gov.br\/wp-content\/uploads\/2024\/02\/dad9d979-8841-4efd-bbca-b0f4e7f15212.jpeg\"><img loading=\"lazy\" decoding=\"async\" class=\"aligncenter size-full wp-image-72542\" src=\"https:\/\/www.alagoinhas.ba.gov.br\/wp-content\/uploads\/2024\/02\/dad9d979-8841-4efd-bbca-b0f4e7f15212.jpeg\" sizes=\"auto, (max-width: 1600px) 100vw, 1600px\" srcset=\"https:\/\/www.alagoinhas.ba.gov.br\/wp-content\/uploads\/2024\/02\/dad9d979-8841-4efd-bbca-b0f4e7f15212.jpeg 1600w, https:\/\/www.alagoinhas.ba.gov.br\/wp-content\/uploads\/2024\/02\/dad9d979-8841-4efd-bbca-b0f4e7f15212-300x200.jpeg 300w, https:\/\/www.alagoinhas.ba.gov.br\/wp-content\/uploads\/2024\/02\/dad9d979-8841-4efd-bbca-b0f4e7f15212-768x512.jpeg 768w, https:\/\/www.alagoinhas.ba.gov.br\/wp-content\/uploads\/2024\/02\/dad9d979-8841-4efd-bbca-b0f4e7f15212-1024x682.jpeg 1024w, https:\/\/www.alagoinhas.ba.gov.br\/wp-content\/uploads\/2024\/02\/dad9d979-8841-4efd-bbca-b0f4e7f15212-24x16.jpeg 24w\" alt=\"\" width=\"1600\" height=\"1066\" \/><\/a><a class=\"group1 cboxElement\" href=\"https:\/\/www.alagoinhas.ba.gov.br\/wp-content\/uploads\/2024\/02\/8dec2a49-0ac4-4649-89af-cc802db06a17.jpeg\"><img loading=\"lazy\" decoding=\"async\" class=\"aligncenter size-full wp-image-72543\" src=\"https:\/\/www.alagoinhas.ba.gov.br\/wp-content\/uploads\/2024\/02\/8dec2a49-0ac4-4649-89af-cc802db06a17.jpeg\" sizes=\"auto, (max-width: 1600px) 100vw, 1600px\" srcset=\"https:\/\/www.alagoinhas.ba.gov.br\/wp-content\/uploads\/2024\/02\/8dec2a49-0ac4-4649-89af-cc802db06a17.jpeg 1600w, https:\/\/www.alagoinhas.ba.gov.br\/wp-content\/uploads\/2024\/02\/8dec2a49-0ac4-4649-89af-cc802db06a17-300x200.jpeg 300w, https:\/\/www.alagoinhas.ba.gov.br\/wp-content\/uploads\/2024\/02\/8dec2a49-0ac4-4649-89af-cc802db06a17-768x512.jpeg 768w, https:\/\/www.alagoinhas.ba.gov.br\/wp-content\/uploads\/2024\/02\/8dec2a49-0ac4-4649-89af-cc802db06a17-1024x682.jpeg 1024w, https:\/\/www.alagoinhas.ba.gov.br\/wp-content\/uploads\/2024\/02\/8dec2a49-0ac4-4649-89af-cc802db06a17-24x16.jpeg 24w\" alt=\"\" width=\"1600\" height=\"1066\" \/><\/a><a class=\"group1 cboxElement\" href=\"https:\/\/www.alagoinhas.ba.gov.br\/wp-content\/uploads\/2024\/02\/332545f1-c1e2-482a-927f-057cecb6e6b0.jpeg\"><img loading=\"lazy\" decoding=\"async\" class=\"aligncenter size-full wp-image-72544\" src=\"https:\/\/www.alagoinhas.ba.gov.br\/wp-content\/uploads\/2024\/02\/332545f1-c1e2-482a-927f-057cecb6e6b0.jpeg\" sizes=\"auto, (max-width: 1600px) 100vw, 1600px\" srcset=\"https:\/\/www.alagoinhas.ba.gov.br\/wp-content\/uploads\/2024\/02\/332545f1-c1e2-482a-927f-057cecb6e6b0.jpeg 1600w, https:\/\/www.alagoinhas.ba.gov.br\/wp-content\/uploads\/2024\/02\/332545f1-c1e2-482a-927f-057cecb6e6b0-300x200.jpeg 300w, https:\/\/www.alagoinhas.ba.gov.br\/wp-content\/uploads\/2024\/02\/332545f1-c1e2-482a-927f-057cecb6e6b0-768x512.jpeg 768w, https:\/\/www.alagoinhas.ba.gov.br\/wp-content\/uploads\/2024\/02\/332545f1-c1e2-482a-927f-057cecb6e6b0-1024x682.jpeg 1024w, https:\/\/www.alagoinhas.ba.gov.br\/wp-content\/uploads\/2024\/02\/332545f1-c1e2-482a-927f-057cecb6e6b0-24x16.jpeg 24w\" alt=\"\" width=\"1600\" height=\"1066\" \/><\/a><a class=\"group1 cboxElement\" href=\"https:\/\/www.alagoinhas.ba.gov.br\/wp-content\/uploads\/2024\/02\/8400a280-fe94-4c5e-8410-58b93e230ece.jpeg\"><img loading=\"lazy\" decoding=\"async\" class=\"aligncenter size-full wp-image-72545\" src=\"https:\/\/www.alagoinhas.ba.gov.br\/wp-content\/uploads\/2024\/02\/8400a280-fe94-4c5e-8410-58b93e230ece.jpeg\" sizes=\"auto, (max-width: 1600px) 100vw, 1600px\" srcset=\"https:\/\/www.alagoinhas.ba.gov.br\/wp-content\/uploads\/2024\/02\/8400a280-fe94-4c5e-8410-58b93e230ece.jpeg 1600w, https:\/\/www.alagoinhas.ba.gov.br\/wp-content\/uploads\/2024\/02\/8400a280-fe94-4c5e-8410-58b93e230ece-300x200.jpeg 300w, https:\/\/www.alagoinhas.ba.gov.br\/wp-content\/uploads\/2024\/02\/8400a280-fe94-4c5e-8410-58b93e230ece-768x512.jpeg 768w, https:\/\/www.alagoinhas.ba.gov.br\/wp-content\/uploads\/2024\/02\/8400a280-fe94-4c5e-8410-58b93e230ece-1024x682.jpeg 1024w, https:\/\/www.alagoinhas.ba.gov.br\/wp-content\/uploads\/2024\/02\/8400a280-fe94-4c5e-8410-58b93e230ece-24x16.jpeg 24w\" alt=\"\" width=\"1600\" height=\"1066\" \/><\/a><a class=\"group1 cboxElement\" href=\"https:\/\/www.alagoinhas.ba.gov.br\/wp-content\/uploads\/2024\/02\/f7e17260-013f-4348-92f3-fc8b3ae0a349.jpeg\"><img loading=\"lazy\" decoding=\"async\" class=\"aligncenter size-full wp-image-72546\" src=\"https:\/\/www.alagoinhas.ba.gov.br\/wp-content\/uploads\/2024\/02\/f7e17260-013f-4348-92f3-fc8b3ae0a349.jpeg\" sizes=\"auto, (max-width: 1600px) 100vw, 1600px\" srcset=\"https:\/\/www.alagoinhas.ba.gov.br\/wp-content\/uploads\/2024\/02\/f7e17260-013f-4348-92f3-fc8b3ae0a349.jpeg 1600w, https:\/\/www.alagoinhas.ba.gov.br\/wp-content\/uploads\/2024\/02\/f7e17260-013f-4348-92f3-fc8b3ae0a349-300x200.jpeg 300w, https:\/\/www.alagoinhas.ba.gov.br\/wp-content\/uploads\/2024\/02\/f7e17260-013f-4348-92f3-fc8b3ae0a349-768x512.jpeg 768w, https:\/\/www.alagoinhas.ba.gov.br\/wp-content\/uploads\/2024\/02\/f7e17260-013f-4348-92f3-fc8b3ae0a349-1024x682.jpeg 1024w, https:\/\/www.alagoinhas.ba.gov.br\/wp-content\/uploads\/2024\/02\/f7e17260-013f-4348-92f3-fc8b3ae0a349-24x16.jpeg 24w\" alt=\"\" width=\"1600\" height=\"1066\" \/><\/a><a class=\"group1 cboxElement\" href=\"https:\/\/www.alagoinhas.ba.gov.br\/wp-content\/uploads\/2024\/02\/a74390fd-6fa8-40a6-b536-51cb213cc46b.jpeg\"><img loading=\"lazy\" decoding=\"async\" class=\"aligncenter size-full wp-image-72547\" src=\"https:\/\/www.alagoinhas.ba.gov.br\/wp-content\/uploads\/2024\/02\/a74390fd-6fa8-40a6-b536-51cb213cc46b.jpeg\" sizes=\"auto, (max-width: 1600px) 100vw, 1600px\" srcset=\"https:\/\/www.alagoinhas.ba.gov.br\/wp-content\/uploads\/2024\/02\/a74390fd-6fa8-40a6-b536-51cb213cc46b.jpeg 1600w, https:\/\/www.alagoinhas.ba.gov.br\/wp-content\/uploads\/2024\/02\/a74390fd-6fa8-40a6-b536-51cb213cc46b-300x200.jpeg 300w, https:\/\/www.alagoinhas.ba.gov.br\/wp-content\/uploads\/2024\/02\/a74390fd-6fa8-40a6-b536-51cb213cc46b-768x512.jpeg 768w, https:\/\/www.alagoinhas.ba.gov.br\/wp-content\/uploads\/2024\/02\/a74390fd-6fa8-40a6-b536-51cb213cc46b-1024x682.jpeg 1024w, https:\/\/www.alagoinhas.ba.gov.br\/wp-content\/uploads\/2024\/02\/a74390fd-6fa8-40a6-b536-51cb213cc46b-24x16.jpeg 24w\" alt=\"\" width=\"1600\" height=\"1066\" \/><\/a><a class=\"group1 cboxElement\" href=\"https:\/\/www.alagoinhas.ba.gov.br\/wp-content\/uploads\/2024\/02\/55b77a0a-582d-49bd-a82a-08b8dcf10fe8.jpeg\"><img loading=\"lazy\" decoding=\"async\" class=\"aligncenter size-full wp-image-72548\" src=\"https:\/\/www.alagoinhas.ba.gov.br\/wp-content\/uploads\/2024\/02\/55b77a0a-582d-49bd-a82a-08b8dcf10fe8.jpeg\" sizes=\"auto, (max-width: 1600px) 100vw, 1600px\" srcset=\"https:\/\/www.alagoinhas.ba.gov.br\/wp-content\/uploads\/2024\/02\/55b77a0a-582d-49bd-a82a-08b8dcf10fe8.jpeg 1600w, https:\/\/www.alagoinhas.ba.gov.br\/wp-content\/uploads\/2024\/02\/55b77a0a-582d-49bd-a82a-08b8dcf10fe8-300x200.jpeg 300w, https:\/\/www.alagoinhas.ba.gov.br\/wp-content\/uploads\/2024\/02\/55b77a0a-582d-49bd-a82a-08b8dcf10fe8-768x512.jpeg 768w, https:\/\/www.alagoinhas.ba.gov.br\/wp-content\/uploads\/2024\/02\/55b77a0a-582d-49bd-a82a-08b8dcf10fe8-1024x682.jpeg 1024w, https:\/\/www.alagoinhas.ba.gov.br\/wp-content\/uploads\/2024\/02\/55b77a0a-582d-49bd-a82a-08b8dcf10fe8-24x16.jpeg 24w\" alt=\"\" width=\"1600\" height=\"1066\" \/><\/a><a class=\"group1 cboxElement\" href=\"https:\/\/www.alagoinhas.ba.gov.br\/wp-content\/uploads\/2024\/02\/df725671-ab9a-4862-b1f3-52d2e723a358.jpeg\"><img loading=\"lazy\" decoding=\"async\" class=\"aligncenter size-full wp-image-72549\" src=\"https:\/\/www.alagoinhas.ba.gov.br\/wp-content\/uploads\/2024\/02\/df725671-ab9a-4862-b1f3-52d2e723a358.jpeg\" sizes=\"auto, (max-width: 1600px) 100vw, 1600px\" srcset=\"https:\/\/www.alagoinhas.ba.gov.br\/wp-content\/uploads\/2024\/02\/df725671-ab9a-4862-b1f3-52d2e723a358.jpeg 1600w, https:\/\/www.alagoinhas.ba.gov.br\/wp-content\/uploads\/2024\/02\/df725671-ab9a-4862-b1f3-52d2e723a358-300x200.jpeg 300w, https:\/\/www.alagoinhas.ba.gov.br\/wp-content\/uploads\/2024\/02\/df725671-ab9a-4862-b1f3-52d2e723a358-768x512.jpeg 768w, https:\/\/www.alagoinhas.ba.gov.br\/wp-content\/uploads\/2024\/02\/df725671-ab9a-4862-b1f3-52d2e723a358-1024x682.jpeg 1024w, https:\/\/www.alagoinhas.ba.gov.br\/wp-content\/uploads\/2024\/02\/df725671-ab9a-4862-b1f3-52d2e723a358-24x16.jpeg 24w\" alt=\"\" width=\"1600\" height=\"1066\" \/><\/a><a class=\"group1 cboxElement\" href=\"https:\/\/www.alagoinhas.ba.gov.br\/wp-content\/uploads\/2024\/02\/2f146a48-c698-4122-81a4-9b043a3b7829.jpeg\"><img loading=\"lazy\" decoding=\"async\" class=\"aligncenter size-full wp-image-72550\" src=\"https:\/\/www.alagoinhas.ba.gov.br\/wp-content\/uploads\/2024\/02\/2f146a48-c698-4122-81a4-9b043a3b7829.jpeg\" sizes=\"auto, (max-width: 1600px) 100vw, 1600px\" srcset=\"https:\/\/www.alagoinhas.ba.gov.br\/wp-content\/uploads\/2024\/02\/2f146a48-c698-4122-81a4-9b043a3b7829.jpeg 1600w, https:\/\/www.alagoinhas.ba.gov.br\/wp-content\/uploads\/2024\/02\/2f146a48-c698-4122-81a4-9b043a3b7829-300x200.jpeg 300w, https:\/\/www.alagoinhas.ba.gov.br\/wp-content\/uploads\/2024\/02\/2f146a48-c698-4122-81a4-9b043a3b7829-768x512.jpeg 768w, https:\/\/www.alagoinhas.ba.gov.br\/wp-content\/uploads\/2024\/02\/2f146a48-c698-4122-81a4-9b043a3b7829-1024x682.jpeg 1024w, https:\/\/www.alagoinhas.ba.gov.br\/wp-content\/uploads\/2024\/02\/2f146a48-c698-4122-81a4-9b043a3b7829-24x16.jpeg 24w\" alt=\"\" width=\"1600\" height=\"1066\" \/><\/a><a class=\"group1 cboxElement\" href=\"https:\/\/www.alagoinhas.ba.gov.br\/wp-content\/uploads\/2024\/02\/6b1f0d03-0e04-441d-9a9d-a66b0f439ce2.jpeg\"><img loading=\"lazy\" decoding=\"async\" class=\"aligncenter size-full wp-image-72551\" src=\"https:\/\/www.alagoinhas.ba.gov.br\/wp-content\/uploads\/2024\/02\/6b1f0d03-0e04-441d-9a9d-a66b0f439ce2.jpeg\" sizes=\"auto, (max-width: 1600px) 100vw, 1600px\" srcset=\"https:\/\/www.alagoinhas.ba.gov.br\/wp-content\/uploads\/2024\/02\/6b1f0d03-0e04-441d-9a9d-a66b0f439ce2.jpeg 1600w, https:\/\/www.alagoinhas.ba.gov.br\/wp-content\/uploads\/2024\/02\/6b1f0d03-0e04-441d-9a9d-a66b0f439ce2-300x200.jpeg 300w, https:\/\/www.alagoinhas.ba.gov.br\/wp-content\/uploads\/2024\/02\/6b1f0d03-0e04-441d-9a9d-a66b0f439ce2-768x512.jpeg 768w, https:\/\/www.alagoinhas.ba.gov.br\/wp-content\/uploads\/2024\/02\/6b1f0d03-0e04-441d-9a9d-a66b0f439ce2-1024x682.jpeg 1024w, https:\/\/www.alagoinhas.ba.gov.br\/wp-content\/uploads\/2024\/02\/6b1f0d03-0e04-441d-9a9d-a66b0f439ce2-24x16.jpeg 24w\" alt=\"\" width=\"1600\" height=\"1066\" \/><\/a><a class=\"group1 cboxElement\" href=\"https:\/\/www.alagoinhas.ba.gov.br\/wp-content\/uploads\/2024\/02\/dbbbe2d3-4db3-41ab-bb89-c483eb32c2a4.jpeg\"><img loading=\"lazy\" decoding=\"async\" class=\"aligncenter size-full wp-image-72552\" src=\"https:\/\/www.alagoinhas.ba.gov.br\/wp-content\/uploads\/2024\/02\/dbbbe2d3-4db3-41ab-bb89-c483eb32c2a4.jpeg\" sizes=\"auto, (max-width: 1600px) 100vw, 1600px\" srcset=\"https:\/\/www.alagoinhas.ba.gov.br\/wp-content\/uploads\/2024\/02\/dbbbe2d3-4db3-41ab-bb89-c483eb32c2a4.jpeg 1600w, https:\/\/www.alagoinhas.ba.gov.br\/wp-content\/uploads\/2024\/02\/dbbbe2d3-4db3-41ab-bb89-c483eb32c2a4-300x200.jpeg 300w, https:\/\/www.alagoinhas.ba.gov.br\/wp-content\/uploads\/2024\/02\/dbbbe2d3-4db3-41ab-bb89-c483eb32c2a4-768x512.jpeg 768w, https:\/\/www.alagoinhas.ba.gov.br\/wp-content\/uploads\/2024\/02\/dbbbe2d3-4db3-41ab-bb89-c483eb32c2a4-1024x682.jpeg 1024w, https:\/\/www.alagoinhas.ba.gov.br\/wp-content\/uploads\/2024\/02\/dbbbe2d3-4db3-41ab-bb89-c483eb32c2a4-24x16.jpeg 24w\" alt=\"\" width=\"1600\" height=\"1066\" \/><\/a><a class=\"group1 cboxElement\" href=\"https:\/\/www.alagoinhas.ba.gov.br\/wp-content\/uploads\/2024\/02\/15cb936c-744d-4787-85ea-baa9e7709a23.jpeg\"><img loading=\"lazy\" decoding=\"async\" class=\"aligncenter size-full wp-image-72553\" src=\"https:\/\/www.alagoinhas.ba.gov.br\/wp-content\/uploads\/2024\/02\/15cb936c-744d-4787-85ea-baa9e7709a23.jpeg\" sizes=\"auto, (max-width: 1600px) 100vw, 1600px\" srcset=\"https:\/\/www.alagoinhas.ba.gov.br\/wp-content\/uploads\/2024\/02\/15cb936c-744d-4787-85ea-baa9e7709a23.jpeg 1600w, https:\/\/www.alagoinhas.ba.gov.br\/wp-content\/uploads\/2024\/02\/15cb936c-744d-4787-85ea-baa9e7709a23-300x200.jpeg 300w, https:\/\/www.alagoinhas.ba.gov.br\/wp-content\/uploads\/2024\/02\/15cb936c-744d-4787-85ea-baa9e7709a23-768x512.jpeg 768w, https:\/\/www.alagoinhas.ba.gov.br\/wp-content\/uploads\/2024\/02\/15cb936c-744d-4787-85ea-baa9e7709a23-1024x682.jpeg 1024w, https:\/\/www.alagoinhas.ba.gov.br\/wp-content\/uploads\/2024\/02\/15cb936c-744d-4787-85ea-baa9e7709a23-24x16.jpeg 24w\" alt=\"\" width=\"1600\" height=\"1066\" \/><\/a><a class=\"group1 cboxElement\" href=\"https:\/\/www.alagoinhas.ba.gov.br\/wp-content\/uploads\/2024\/02\/985d13c4-84b5-493f-98ba-dc357ad7d538.jpeg\"><img loading=\"lazy\" decoding=\"async\" class=\"aligncenter size-full wp-image-72554\" src=\"https:\/\/www.alagoinhas.ba.gov.br\/wp-content\/uploads\/2024\/02\/985d13c4-84b5-493f-98ba-dc357ad7d538.jpeg\" sizes=\"auto, (max-width: 1600px) 100vw, 1600px\" srcset=\"https:\/\/www.alagoinhas.ba.gov.br\/wp-content\/uploads\/2024\/02\/985d13c4-84b5-493f-98ba-dc357ad7d538.jpeg 1600w, https:\/\/www.alagoinhas.ba.gov.br\/wp-content\/uploads\/2024\/02\/985d13c4-84b5-493f-98ba-dc357ad7d538-300x200.jpeg 300w, https:\/\/www.alagoinhas.ba.gov.br\/wp-content\/uploads\/2024\/02\/985d13c4-84b5-493f-98ba-dc357ad7d538-768x512.jpeg 768w, https:\/\/www.alagoinhas.ba.gov.br\/wp-content\/uploads\/2024\/02\/985d13c4-84b5-493f-98ba-dc357ad7d538-1024x682.jpeg 1024w, https:\/\/www.alagoinhas.ba.gov.br\/wp-content\/uploads\/2024\/02\/985d13c4-84b5-493f-98ba-dc357ad7d538-24x16.jpeg 24w\" alt=\"\" width=\"1600\" height=\"1066\" \/><\/a><a class=\"group1 cboxElement\" href=\"https:\/\/www.alagoinhas.ba.gov.br\/wp-content\/uploads\/2024\/02\/a0468f8d-4dc2-4171-bb8d-b92a63b84a58.jpeg\"><img loading=\"lazy\" decoding=\"async\" class=\"aligncenter size-full wp-image-72555\" src=\"https:\/\/www.alagoinhas.ba.gov.br\/wp-content\/uploads\/2024\/02\/a0468f8d-4dc2-4171-bb8d-b92a63b84a58.jpeg\" sizes=\"auto, (max-width: 1600px) 100vw, 1600px\" srcset=\"https:\/\/www.alagoinhas.ba.gov.br\/wp-content\/uploads\/2024\/02\/a0468f8d-4dc2-4171-bb8d-b92a63b84a58.jpeg 1600w, https:\/\/www.alagoinhas.ba.gov.br\/wp-content\/uploads\/2024\/02\/a0468f8d-4dc2-4171-bb8d-b92a63b84a58-300x200.jpeg 300w, https:\/\/www.alagoinhas.ba.gov.br\/wp-content\/uploads\/2024\/02\/a0468f8d-4dc2-4171-bb8d-b92a63b84a58-768x512.jpeg 768w, https:\/\/www.alagoinhas.ba.gov.br\/wp-content\/uploads\/2024\/02\/a0468f8d-4dc2-4171-bb8d-b92a63b84a58-1024x682.jpeg 1024w, https:\/\/www.alagoinhas.ba.gov.br\/wp-content\/uploads\/2024\/02\/a0468f8d-4dc2-4171-bb8d-b92a63b84a58-24x16.jpeg 24w\" alt=\"\" width=\"1600\" height=\"1066\" \/><\/a><a class=\"group1 cboxElement\" href=\"https:\/\/www.alagoinhas.ba.gov.br\/wp-content\/uploads\/2024\/02\/3927c526-b141-4613-a9c0-5b56e9048bea.jpeg\"><img loading=\"lazy\" decoding=\"async\" class=\"aligncenter size-full wp-image-72556\" src=\"https:\/\/www.alagoinhas.ba.gov.br\/wp-content\/uploads\/2024\/02\/3927c526-b141-4613-a9c0-5b56e9048bea.jpeg\" sizes=\"auto, (max-width: 1600px) 100vw, 1600px\" srcset=\"https:\/\/www.alagoinhas.ba.gov.br\/wp-content\/uploads\/2024\/02\/3927c526-b141-4613-a9c0-5b56e9048bea.jpeg 1600w, https:\/\/www.alagoinhas.ba.gov.br\/wp-content\/uploads\/2024\/02\/3927c526-b141-4613-a9c0-5b56e9048bea-300x200.jpeg 300w, https:\/\/www.alagoinhas.ba.gov.br\/wp-content\/uploads\/2024\/02\/3927c526-b141-4613-a9c0-5b56e9048bea-768x512.jpeg 768w, https:\/\/www.alagoinhas.ba.gov.br\/wp-content\/uploads\/2024\/02\/3927c526-b141-4613-a9c0-5b56e9048bea-1024x682.jpeg 1024w, https:\/\/www.alagoinhas.ba.gov.br\/wp-content\/uploads\/2024\/02\/3927c526-b141-4613-a9c0-5b56e9048bea-24x16.jpeg 24w\" alt=\"\" width=\"1600\" height=\"1066\" \/><\/a><a class=\"group1 cboxElement\" href=\"https:\/\/www.alagoinhas.ba.gov.br\/wp-content\/uploads\/2024\/02\/185ea185-3d9f-4fdd-be69-4601e01ff438.jpeg\"><img loading=\"lazy\" decoding=\"async\" class=\"aligncenter size-full wp-image-72557\" src=\"https:\/\/www.alagoinhas.ba.gov.br\/wp-content\/uploads\/2024\/02\/185ea185-3d9f-4fdd-be69-4601e01ff438.jpeg\" sizes=\"auto, (max-width: 1600px) 100vw, 1600px\" srcset=\"https:\/\/www.alagoinhas.ba.gov.br\/wp-content\/uploads\/2024\/02\/185ea185-3d9f-4fdd-be69-4601e01ff438.jpeg 1600w, https:\/\/www.alagoinhas.ba.gov.br\/wp-content\/uploads\/2024\/02\/185ea185-3d9f-4fdd-be69-4601e01ff438-300x200.jpeg 300w, https:\/\/www.alagoinhas.ba.gov.br\/wp-content\/uploads\/2024\/02\/185ea185-3d9f-4fdd-be69-4601e01ff438-768x512.jpeg 768w, https:\/\/www.alagoinhas.ba.gov.br\/wp-content\/uploads\/2024\/02\/185ea185-3d9f-4fdd-be69-4601e01ff438-1024x682.jpeg 1024w, https:\/\/www.alagoinhas.ba.gov.br\/wp-content\/uploads\/2024\/02\/185ea185-3d9f-4fdd-be69-4601e01ff438-24x16.jpeg 24w\" alt=\"\" width=\"1600\" height=\"1066\" \/><\/a><a class=\"group1 cboxElement\" href=\"https:\/\/www.alagoinhas.ba.gov.br\/wp-content\/uploads\/2024\/02\/12a3ff18-4538-4262-9a0a-eea9449507e9.jpeg\"><img loading=\"lazy\" decoding=\"async\" class=\"aligncenter size-full wp-image-72558\" src=\"https:\/\/www.alagoinhas.ba.gov.br\/wp-content\/uploads\/2024\/02\/12a3ff18-4538-4262-9a0a-eea9449507e9.jpeg\" sizes=\"auto, (max-width: 1600px) 100vw, 1600px\" srcset=\"https:\/\/www.alagoinhas.ba.gov.br\/wp-content\/uploads\/2024\/02\/12a3ff18-4538-4262-9a0a-eea9449507e9.jpeg 1600w, https:\/\/www.alagoinhas.ba.gov.br\/wp-content\/uploads\/2024\/02\/12a3ff18-4538-4262-9a0a-eea9449507e9-300x200.jpeg 300w, https:\/\/www.alagoinhas.ba.gov.br\/wp-content\/uploads\/2024\/02\/12a3ff18-4538-4262-9a0a-eea9449507e9-768x512.jpeg 768w, https:\/\/www.alagoinhas.ba.gov.br\/wp-content\/uploads\/2024\/02\/12a3ff18-4538-4262-9a0a-eea9449507e9-1024x682.jpeg 1024w, https:\/\/www.alagoinhas.ba.gov.br\/wp-content\/uploads\/2024\/02\/12a3ff18-4538-4262-9a0a-eea9449507e9-24x16.jpeg 24w\" alt=\"\" width=\"1600\" height=\"1066\" \/><\/a><a class=\"group1 cboxElement\" href=\"https:\/\/www.alagoinhas.ba.gov.br\/wp-content\/uploads\/2024\/02\/dd02ae88-71ed-4dcb-961f-3b9b09ae39c3.jpeg\"><img loading=\"lazy\" decoding=\"async\" class=\"aligncenter size-full wp-image-72559\" src=\"https:\/\/www.alagoinhas.ba.gov.br\/wp-content\/uploads\/2024\/02\/dd02ae88-71ed-4dcb-961f-3b9b09ae39c3.jpeg\" sizes=\"auto, (max-width: 1600px) 100vw, 1600px\" srcset=\"https:\/\/www.alagoinhas.ba.gov.br\/wp-content\/uploads\/2024\/02\/dd02ae88-71ed-4dcb-961f-3b9b09ae39c3.jpeg 1600w, https:\/\/www.alagoinhas.ba.gov.br\/wp-content\/uploads\/2024\/02\/dd02ae88-71ed-4dcb-961f-3b9b09ae39c3-300x200.jpeg 300w, https:\/\/www.alagoinhas.ba.gov.br\/wp-content\/uploads\/2024\/02\/dd02ae88-71ed-4dcb-961f-3b9b09ae39c3-768x512.jpeg 768w, https:\/\/www.alagoinhas.ba.gov.br\/wp-content\/uploads\/2024\/02\/dd02ae88-71ed-4dcb-961f-3b9b09ae39c3-1024x682.jpeg 1024w, https:\/\/www.alagoinhas.ba.gov.br\/wp-content\/uploads\/2024\/02\/dd02ae88-71ed-4dcb-961f-3b9b09ae39c3-24x16.jpeg 24w\" alt=\"\" width=\"1600\" height=\"1066\" \/><\/a><a class=\"group1 cboxElement\" href=\"https:\/\/www.alagoinhas.ba.gov.br\/wp-content\/uploads\/2024\/02\/222dada6-794c-4113-bf71-10f7c73a63dd.jpeg\"><img loading=\"lazy\" decoding=\"async\" class=\"aligncenter size-full wp-image-72560\" src=\"https:\/\/www.alagoinhas.ba.gov.br\/wp-content\/uploads\/2024\/02\/222dada6-794c-4113-bf71-10f7c73a63dd.jpeg\" sizes=\"auto, (max-width: 1600px) 100vw, 1600px\" srcset=\"https:\/\/www.alagoinhas.ba.gov.br\/wp-content\/uploads\/2024\/02\/222dada6-794c-4113-bf71-10f7c73a63dd.jpeg 1600w, https:\/\/www.alagoinhas.ba.gov.br\/wp-content\/uploads\/2024\/02\/222dada6-794c-4113-bf71-10f7c73a63dd-300x200.jpeg 300w, https:\/\/www.alagoinhas.ba.gov.br\/wp-content\/uploads\/2024\/02\/222dada6-794c-4113-bf71-10f7c73a63dd-768x512.jpeg 768w, https:\/\/www.alagoinhas.ba.gov.br\/wp-content\/uploads\/2024\/02\/222dada6-794c-4113-bf71-10f7c73a63dd-1024x682.jpeg 1024w, https:\/\/www.alagoinhas.ba.gov.br\/wp-content\/uploads\/2024\/02\/222dada6-794c-4113-bf71-10f7c73a63dd-24x16.jpeg 24w\" alt=\"\" width=\"1600\" height=\"1066\" \/><\/a><a class=\"group1 cboxElement\" href=\"https:\/\/www.alagoinhas.ba.gov.br\/wp-content\/uploads\/2024\/02\/82b426b1-facd-46e6-b5a8-112a715abc83.jpeg\"><img loading=\"lazy\" decoding=\"async\" class=\"aligncenter size-full wp-image-72561\" src=\"https:\/\/www.alagoinhas.ba.gov.br\/wp-content\/uploads\/2024\/02\/82b426b1-facd-46e6-b5a8-112a715abc83.jpeg\" sizes=\"auto, (max-width: 1600px) 100vw, 1600px\" srcset=\"https:\/\/www.alagoinhas.ba.gov.br\/wp-content\/uploads\/2024\/02\/82b426b1-facd-46e6-b5a8-112a715abc83.jpeg 1600w, https:\/\/www.alagoinhas.ba.gov.br\/wp-content\/uploads\/2024\/02\/82b426b1-facd-46e6-b5a8-112a715abc83-300x200.jpeg 300w, https:\/\/www.alagoinhas.ba.gov.br\/wp-content\/uploads\/2024\/02\/82b426b1-facd-46e6-b5a8-112a715abc83-768x512.jpeg 768w, https:\/\/www.alagoinhas.ba.gov.br\/wp-content\/uploads\/2024\/02\/82b426b1-facd-46e6-b5a8-112a715abc83-1024x682.jpeg 1024w, https:\/\/www.alagoinhas.ba.gov.br\/wp-content\/uploads\/2024\/02\/82b426b1-facd-46e6-b5a8-112a715abc83-24x16.jpeg 24w\" alt=\"\" width=\"1600\" height=\"1066\" \/><\/a><a class=\"group1 cboxElement\" href=\"https:\/\/www.alagoinhas.ba.gov.br\/wp-content\/uploads\/2024\/02\/c74dd1a2-d7eb-44ea-8237-6c445271ebcb.jpeg\"><img loading=\"lazy\" decoding=\"async\" class=\"aligncenter size-full wp-image-72562\" src=\"https:\/\/www.alagoinhas.ba.gov.br\/wp-content\/uploads\/2024\/02\/c74dd1a2-d7eb-44ea-8237-6c445271ebcb.jpeg\" sizes=\"auto, (max-width: 1600px) 100vw, 1600px\" srcset=\"https:\/\/www.alagoinhas.ba.gov.br\/wp-content\/uploads\/2024\/02\/c74dd1a2-d7eb-44ea-8237-6c445271ebcb.jpeg 1600w, https:\/\/www.alagoinhas.ba.gov.br\/wp-content\/uploads\/2024\/02\/c74dd1a2-d7eb-44ea-8237-6c445271ebcb-300x200.jpeg 300w, https:\/\/www.alagoinhas.ba.gov.br\/wp-content\/uploads\/2024\/02\/c74dd1a2-d7eb-44ea-8237-6c445271ebcb-768x512.jpeg 768w, https:\/\/www.alagoinhas.ba.gov.br\/wp-content\/uploads\/2024\/02\/c74dd1a2-d7eb-44ea-8237-6c445271ebcb-1024x682.jpeg 1024w, https:\/\/www.alagoinhas.ba.gov.br\/wp-content\/uploads\/2024\/02\/c74dd1a2-d7eb-44ea-8237-6c445271ebcb-24x16.jpeg 24w\" alt=\"\" width=\"1600\" height=\"1066\" \/><\/a><a class=\"group1 cboxElement\" href=\"https:\/\/www.alagoinhas.ba.gov.br\/wp-content\/uploads\/2024\/02\/1432614d-fddb-4289-91ae-7eeb5af19bf0.jpeg\"><img loading=\"lazy\" decoding=\"async\" class=\"aligncenter size-full wp-image-72563\" src=\"https:\/\/www.alagoinhas.ba.gov.br\/wp-content\/uploads\/2024\/02\/1432614d-fddb-4289-91ae-7eeb5af19bf0.jpeg\" sizes=\"auto, (max-width: 1600px) 100vw, 1600px\" srcset=\"https:\/\/www.alagoinhas.ba.gov.br\/wp-content\/uploads\/2024\/02\/1432614d-fddb-4289-91ae-7eeb5af19bf0.jpeg 1600w, https:\/\/www.alagoinhas.ba.gov.br\/wp-content\/uploads\/2024\/02\/1432614d-fddb-4289-91ae-7eeb5af19bf0-300x200.jpeg 300w, https:\/\/www.alagoinhas.ba.gov.br\/wp-content\/uploads\/2024\/02\/1432614d-fddb-4289-91ae-7eeb5af19bf0-768x512.jpeg 768w, https:\/\/www.alagoinhas.ba.gov.br\/wp-content\/uploads\/2024\/02\/1432614d-fddb-4289-91ae-7eeb5af19bf0-1024x682.jpeg 1024w, https:\/\/www.alagoinhas.ba.gov.br\/wp-content\/uploads\/2024\/02\/1432614d-fddb-4289-91ae-7eeb5af19bf0-24x16.jpeg 24w\" alt=\"\" width=\"1600\" height=\"1066\" \/><\/a><a class=\"group1 cboxElement\" href=\"https:\/\/www.alagoinhas.ba.gov.br\/wp-content\/uploads\/2024\/02\/IMG_1182.jpeg\"><img loading=\"lazy\" decoding=\"async\" class=\"aligncenter size-full wp-image-72564\" src=\"https:\/\/www.alagoinhas.ba.gov.br\/wp-content\/uploads\/2024\/02\/IMG_1182.jpeg\" sizes=\"auto, (max-width: 3024px) 100vw, 3024px\" srcset=\"https:\/\/www.alagoinhas.ba.gov.br\/wp-content\/uploads\/2024\/02\/IMG_1182.jpeg 3024w, https:\/\/www.alagoinhas.ba.gov.br\/wp-content\/uploads\/2024\/02\/IMG_1182-225x300.jpeg 225w, https:\/\/www.alagoinhas.ba.gov.br\/wp-content\/uploads\/2024\/02\/IMG_1182-768x1024.jpeg 768w, https:\/\/www.alagoinhas.ba.gov.br\/wp-content\/uploads\/2024\/02\/IMG_1182-18x24.jpeg 18w\" alt=\"\" width=\"3024\" height=\"4032\" \/><\/a><\/p>\n<p>&nbsp;<\/p>\n<p>Foto: Roberto Fonseca\/ SECOM<\/p>\n<div align=\"right\"><\/div>\n<div class='share-to-whatsapp-wrapper'><div class='share-on-whsp'>Share on: <\/div><a data-text='Parceria entre Governo do Estado e Prefeitura garante realiza\u00e7\u00e3o de feira de sa\u00fade e obras estruturantes em Alagoinhas' data-link='https:\/\/newsinfoco.com.br\/inicio\/parceria-entre-governo-do-estado-e-prefeitura-garante-realizacao-de-feira-de-saude-e-obras-estruturantes-em-alagoinhas\/' class='whatsapp-button whatsapp-share'>WhatsApp<\/a><div class='clear '><\/div><\/div>","protected":false},"excerpt":{"rendered":"<p>A Prefeitura Municipal de Alagoinhas e o Governo do Estado realizaram diversas a\u00e7\u00f5es no munic\u00edpio nesta quinta-feira (22). Durante todo o dia, a agenda contou com inaugura\u00e7\u00f5es, assinaturas de ordem de servi\u00e7os e a Feira Sa\u00fade Mais Perto. O governador Jer\u00f4nimo Rodrigues esteve na cidade e assinou a ordem de servi\u00e7o para o in\u00edcio das [&hellip;]<\/p>\n","protected":false},"author":1,"featured_media":35816,"comment_status":"closed","ping_status":"closed","sticky":false,"template":"","format":"standard","meta":{"om_disable_all_campaigns":false,"rop_custom_images_group":[],"rop_custom_messages_group":[],"rop_publish_now":"initial","rop_publish_now_accounts":[],"rop_publish_now_history":[],"rop_publish_now_status":"pending","_exactmetrics_skip_tracking":false,"footnotes":""},"categories":[38,167,1],"tags":[],"class_list":["post-35815","post","type-post","status-publish","format-standard","has-post-thumbnail","hentry","category-alagoinhas-e-regiao","category-exclusivas","category-sem-categoria"],"aioseo_notices":[],"aioseo_head":"\n\t\t<!-- All in One SEO 4.9.10 - aioseo.com -->\n\t<meta name=\"description\" content=\"A Prefeitura Municipal de Alagoinhas e o Governo do Estado realizaram diversas a\u00e7\u00f5es no munic\u00edpio nesta quinta-feira (22). Durante todo o dia, a agenda contou com inaugura\u00e7\u00f5es, assinaturas de ordem de servi\u00e7os e a Feira Sa\u00fade Mais Perto. O governador Jer\u00f4nimo Rodrigues esteve na cidade e assinou a ordem de servi\u00e7o para o in\u00edcio das\" \/>\n\t<meta name=\"robots\" content=\"max-image-preview:large\" \/>\n\t<meta name=\"author\" content=\"administrador\"\/>\n\t<link rel=\"canonical\" href=\"https:\/\/newsinfoco.com.br\/inicio\/parceria-entre-governo-do-estado-e-prefeitura-garante-realizacao-de-feira-de-saude-e-obras-estruturantes-em-alagoinhas\/\" \/>\n\t<meta name=\"generator\" content=\"All in One SEO (AIOSEO) 4.9.10\" \/>\n\t\t<meta property=\"og:locale\" content=\"pt_BR\" \/>\n\t\t<meta property=\"og:site_name\" content=\"News In Foco - Editado por Caio Pimenta - O principal site de noticias de Alagoinhas e regi\u00e3o\" \/>\n\t\t<meta property=\"og:type\" content=\"article\" \/>\n\t\t<meta property=\"og:title\" content=\"Parceria entre Governo do Estado e Prefeitura garante realiza\u00e7\u00e3o de feira de sa\u00fade e obras estruturantes em Alagoinhas - News In Foco - Editado por Caio Pimenta\" \/>\n\t\t<meta property=\"og:description\" content=\"A Prefeitura Municipal de Alagoinhas e o Governo do Estado realizaram diversas a\u00e7\u00f5es no munic\u00edpio nesta quinta-feira (22). Durante todo o dia, a agenda contou com inaugura\u00e7\u00f5es, assinaturas de ordem de servi\u00e7os e a Feira Sa\u00fade Mais Perto. O governador Jer\u00f4nimo Rodrigues esteve na cidade e assinou a ordem de servi\u00e7o para o in\u00edcio das\" \/>\n\t\t<meta property=\"og:url\" content=\"https:\/\/newsinfoco.com.br\/inicio\/parceria-entre-governo-do-estado-e-prefeitura-garante-realizacao-de-feira-de-saude-e-obras-estruturantes-em-alagoinhas\/\" \/>\n\t\t<meta property=\"article:published_time\" content=\"2024-02-23T15:20:51+00:00\" \/>\n\t\t<meta property=\"article:modified_time\" content=\"2024-02-23T15:24:13+00:00\" \/>\n\t\t<meta name=\"twitter:card\" content=\"summary_large_image\" \/>\n\t\t<meta name=\"twitter:title\" content=\"Parceria entre Governo do Estado e Prefeitura garante realiza\u00e7\u00e3o de feira de sa\u00fade e obras estruturantes em Alagoinhas - News In Foco - Editado por Caio Pimenta\" \/>\n\t\t<meta name=\"twitter:description\" content=\"A Prefeitura Municipal de Alagoinhas e o Governo do Estado realizaram diversas a\u00e7\u00f5es no munic\u00edpio nesta quinta-feira (22). Durante todo o dia, a agenda contou com inaugura\u00e7\u00f5es, assinaturas de ordem de servi\u00e7os e a Feira Sa\u00fade Mais Perto. O governador Jer\u00f4nimo Rodrigues esteve na cidade e assinou a ordem de servi\u00e7o para o in\u00edcio das\" \/>\n\t\t<script type=\"application\/ld+json\" class=\"aioseo-schema\">\n\t\t\t{\"@context\":\"https:\\\/\\\/schema.org\",\"@graph\":[{\"@type\":\"BlogPosting\",\"@id\":\"https:\\\/\\\/newsinfoco.com.br\\\/inicio\\\/parceria-entre-governo-do-estado-e-prefeitura-garante-realizacao-de-feira-de-saude-e-obras-estruturantes-em-alagoinhas\\\/#blogposting\",\"name\":\"Parceria entre Governo do Estado e Prefeitura garante realiza\\u00e7\\u00e3o de feira de sa\\u00fade e obras estruturantes em Alagoinhas - News In Foco - Editado por Caio Pimenta\",\"headline\":\"Parceria entre Governo do Estado e Prefeitura garante realiza\\u00e7\\u00e3o de feira de sa\\u00fade e obras estruturantes em Alagoinhas\",\"author\":{\"@id\":\"https:\\\/\\\/newsinfoco.com.br\\\/inicio\\\/author\\\/administrador\\\/#author\"},\"publisher\":{\"@id\":\"https:\\\/\\\/newsinfoco.com.br\\\/inicio\\\/#organization\"},\"image\":{\"@type\":\"ImageObject\",\"url\":\"https:\\\/\\\/newsinfoco.com.br\\\/inicio\\\/wp-content\\\/uploads\\\/2024\\\/02\\\/6c30409b-a295-44ed-a4e8-1d7c180a8e63.jpeg\",\"width\":1600,\"height\":1066},\"datePublished\":\"2024-02-23T12:20:51-03:00\",\"dateModified\":\"2024-02-23T12:24:13-03:00\",\"inLanguage\":\"pt-BR\",\"mainEntityOfPage\":{\"@id\":\"https:\\\/\\\/newsinfoco.com.br\\\/inicio\\\/parceria-entre-governo-do-estado-e-prefeitura-garante-realizacao-de-feira-de-saude-e-obras-estruturantes-em-alagoinhas\\\/#webpage\"},\"isPartOf\":{\"@id\":\"https:\\\/\\\/newsinfoco.com.br\\\/inicio\\\/parceria-entre-governo-do-estado-e-prefeitura-garante-realizacao-de-feira-de-saude-e-obras-estruturantes-em-alagoinhas\\\/#webpage\"},\"articleSection\":\"Alagoinhas e Regi\\u00e3o, Manchete, Sem categoria\"},{\"@type\":\"BreadcrumbList\",\"@id\":\"https:\\\/\\\/newsinfoco.com.br\\\/inicio\\\/parceria-entre-governo-do-estado-e-prefeitura-garante-realizacao-de-feira-de-saude-e-obras-estruturantes-em-alagoinhas\\\/#breadcrumblist\",\"itemListElement\":[{\"@type\":\"ListItem\",\"@id\":\"https:\\\/\\\/newsinfoco.com.br\\\/inicio#listItem\",\"position\":1,\"name\":\"In\\u00edcio\",\"item\":\"https:\\\/\\\/newsinfoco.com.br\\\/inicio\",\"nextItem\":{\"@type\":\"ListItem\",\"@id\":\"https:\\\/\\\/newsinfoco.com.br\\\/inicio\\\/category\\\/sem-categoria\\\/#listItem\",\"name\":\"Sem categoria\"}},{\"@type\":\"ListItem\",\"@id\":\"https:\\\/\\\/newsinfoco.com.br\\\/inicio\\\/category\\\/sem-categoria\\\/#listItem\",\"position\":2,\"name\":\"Sem categoria\",\"item\":\"https:\\\/\\\/newsinfoco.com.br\\\/inicio\\\/category\\\/sem-categoria\\\/\",\"nextItem\":{\"@type\":\"ListItem\",\"@id\":\"https:\\\/\\\/newsinfoco.com.br\\\/inicio\\\/parceria-entre-governo-do-estado-e-prefeitura-garante-realizacao-de-feira-de-saude-e-obras-estruturantes-em-alagoinhas\\\/#listItem\",\"name\":\"Parceria entre Governo do Estado e Prefeitura garante realiza\\u00e7\\u00e3o de feira de sa\\u00fade e obras estruturantes em Alagoinhas\"},\"previousItem\":{\"@type\":\"ListItem\",\"@id\":\"https:\\\/\\\/newsinfoco.com.br\\\/inicio#listItem\",\"name\":\"In\\u00edcio\"}},{\"@type\":\"ListItem\",\"@id\":\"https:\\\/\\\/newsinfoco.com.br\\\/inicio\\\/parceria-entre-governo-do-estado-e-prefeitura-garante-realizacao-de-feira-de-saude-e-obras-estruturantes-em-alagoinhas\\\/#listItem\",\"position\":3,\"name\":\"Parceria entre Governo do Estado e Prefeitura garante realiza\\u00e7\\u00e3o de feira de sa\\u00fade e obras estruturantes em Alagoinhas\",\"previousItem\":{\"@type\":\"ListItem\",\"@id\":\"https:\\\/\\\/newsinfoco.com.br\\\/inicio\\\/category\\\/sem-categoria\\\/#listItem\",\"name\":\"Sem categoria\"}}]},{\"@type\":\"Organization\",\"@id\":\"https:\\\/\\\/newsinfoco.com.br\\\/inicio\\\/#organization\",\"name\":\"News In Foco - Editado por Caio Pimenta\",\"description\":\"O principal site de noticias de Alagoinhas e regi\\u00e3o\",\"url\":\"https:\\\/\\\/newsinfoco.com.br\\\/inicio\\\/\"},{\"@type\":\"Person\",\"@id\":\"https:\\\/\\\/newsinfoco.com.br\\\/inicio\\\/author\\\/administrador\\\/#author\",\"url\":\"https:\\\/\\\/newsinfoco.com.br\\\/inicio\\\/author\\\/administrador\\\/\",\"name\":\"administrador\",\"image\":{\"@type\":\"ImageObject\",\"@id\":\"https:\\\/\\\/newsinfoco.com.br\\\/inicio\\\/parceria-entre-governo-do-estado-e-prefeitura-garante-realizacao-de-feira-de-saude-e-obras-estruturantes-em-alagoinhas\\\/#authorImage\",\"url\":\"https:\\\/\\\/secure.gravatar.com\\\/avatar\\\/c17a617433de8c1dc9584bb79aab7563b46f5bb7e1728c9b17d9cc3ce6a08e49?s=96&d=mm&r=g\",\"width\":96,\"height\":96,\"caption\":\"administrador\"}},{\"@type\":\"WebPage\",\"@id\":\"https:\\\/\\\/newsinfoco.com.br\\\/inicio\\\/parceria-entre-governo-do-estado-e-prefeitura-garante-realizacao-de-feira-de-saude-e-obras-estruturantes-em-alagoinhas\\\/#webpage\",\"url\":\"https:\\\/\\\/newsinfoco.com.br\\\/inicio\\\/parceria-entre-governo-do-estado-e-prefeitura-garante-realizacao-de-feira-de-saude-e-obras-estruturantes-em-alagoinhas\\\/\",\"name\":\"Parceria entre Governo do Estado e Prefeitura garante realiza\\u00e7\\u00e3o de feira de sa\\u00fade e obras estruturantes em Alagoinhas - News In Foco - Editado por Caio Pimenta\",\"description\":\"A Prefeitura Municipal de Alagoinhas e o Governo do Estado realizaram diversas a\\u00e7\\u00f5es no munic\\u00edpio nesta quinta-feira (22). Durante todo o dia, a agenda contou com inaugura\\u00e7\\u00f5es, assinaturas de ordem de servi\\u00e7os e a Feira Sa\\u00fade Mais Perto. O governador Jer\\u00f4nimo Rodrigues esteve na cidade e assinou a ordem de servi\\u00e7o para o in\\u00edcio das\",\"inLanguage\":\"pt-BR\",\"isPartOf\":{\"@id\":\"https:\\\/\\\/newsinfoco.com.br\\\/inicio\\\/#website\"},\"breadcrumb\":{\"@id\":\"https:\\\/\\\/newsinfoco.com.br\\\/inicio\\\/parceria-entre-governo-do-estado-e-prefeitura-garante-realizacao-de-feira-de-saude-e-obras-estruturantes-em-alagoinhas\\\/#breadcrumblist\"},\"author\":{\"@id\":\"https:\\\/\\\/newsinfoco.com.br\\\/inicio\\\/author\\\/administrador\\\/#author\"},\"creator\":{\"@id\":\"https:\\\/\\\/newsinfoco.com.br\\\/inicio\\\/author\\\/administrador\\\/#author\"},\"image\":{\"@type\":\"ImageObject\",\"url\":\"https:\\\/\\\/newsinfoco.com.br\\\/inicio\\\/wp-content\\\/uploads\\\/2024\\\/02\\\/6c30409b-a295-44ed-a4e8-1d7c180a8e63.jpeg\",\"@id\":\"https:\\\/\\\/newsinfoco.com.br\\\/inicio\\\/parceria-entre-governo-do-estado-e-prefeitura-garante-realizacao-de-feira-de-saude-e-obras-estruturantes-em-alagoinhas\\\/#mainImage\",\"width\":1600,\"height\":1066},\"primaryImageOfPage\":{\"@id\":\"https:\\\/\\\/newsinfoco.com.br\\\/inicio\\\/parceria-entre-governo-do-estado-e-prefeitura-garante-realizacao-de-feira-de-saude-e-obras-estruturantes-em-alagoinhas\\\/#mainImage\"},\"datePublished\":\"2024-02-23T12:20:51-03:00\",\"dateModified\":\"2024-02-23T12:24:13-03:00\"},{\"@type\":\"WebSite\",\"@id\":\"https:\\\/\\\/newsinfoco.com.br\\\/inicio\\\/#website\",\"url\":\"https:\\\/\\\/newsinfoco.com.br\\\/inicio\\\/\",\"name\":\"News In Foco - Editado por Caio Pimenta\",\"description\":\"O principal site de noticias de Alagoinhas e regi\\u00e3o\",\"inLanguage\":\"pt-BR\",\"publisher\":{\"@id\":\"https:\\\/\\\/newsinfoco.com.br\\\/inicio\\\/#organization\"}}]}\n\t\t<\/script>\n\t\t<!-- All in One SEO -->\n\n","aioseo_head_json":{"title":"Parceria entre Governo do Estado e Prefeitura garante realiza\u00e7\u00e3o de feira de sa\u00fade e obras estruturantes em Alagoinhas - News In Foco - Editado por Caio Pimenta","description":"A Prefeitura Municipal de Alagoinhas e o Governo do Estado realizaram diversas a\u00e7\u00f5es no munic\u00edpio nesta quinta-feira (22). Durante todo o dia, a agenda contou com inaugura\u00e7\u00f5es, assinaturas de ordem de servi\u00e7os e a Feira Sa\u00fade Mais Perto. O governador Jer\u00f4nimo Rodrigues esteve na cidade e assinou a ordem de servi\u00e7o para o in\u00edcio das","canonical_url":"https:\/\/newsinfoco.com.br\/inicio\/parceria-entre-governo-do-estado-e-prefeitura-garante-realizacao-de-feira-de-saude-e-obras-estruturantes-em-alagoinhas\/","robots":"max-image-preview:large","keywords":"","webmasterTools":{"miscellaneous":""},"schema":{"@context":"https:\/\/schema.org","@graph":[{"@type":"BlogPosting","@id":"https:\/\/newsinfoco.com.br\/inicio\/parceria-entre-governo-do-estado-e-prefeitura-garante-realizacao-de-feira-de-saude-e-obras-estruturantes-em-alagoinhas\/#blogposting","name":"Parceria entre Governo do Estado e Prefeitura garante realiza\u00e7\u00e3o de feira de sa\u00fade e obras estruturantes em Alagoinhas - News In Foco - Editado por Caio Pimenta","headline":"Parceria entre Governo do Estado e Prefeitura garante realiza\u00e7\u00e3o de feira de sa\u00fade e obras estruturantes em Alagoinhas","author":{"@id":"https:\/\/newsinfoco.com.br\/inicio\/author\/administrador\/#author"},"publisher":{"@id":"https:\/\/newsinfoco.com.br\/inicio\/#organization"},"image":{"@type":"ImageObject","url":"https:\/\/newsinfoco.com.br\/inicio\/wp-content\/uploads\/2024\/02\/6c30409b-a295-44ed-a4e8-1d7c180a8e63.jpeg","width":1600,"height":1066},"datePublished":"2024-02-23T12:20:51-03:00","dateModified":"2024-02-23T12:24:13-03:00","inLanguage":"pt-BR","mainEntityOfPage":{"@id":"https:\/\/newsinfoco.com.br\/inicio\/parceria-entre-governo-do-estado-e-prefeitura-garante-realizacao-de-feira-de-saude-e-obras-estruturantes-em-alagoinhas\/#webpage"},"isPartOf":{"@id":"https:\/\/newsinfoco.com.br\/inicio\/parceria-entre-governo-do-estado-e-prefeitura-garante-realizacao-de-feira-de-saude-e-obras-estruturantes-em-alagoinhas\/#webpage"},"articleSection":"Alagoinhas e Regi\u00e3o, Manchete, Sem categoria"},{"@type":"BreadcrumbList","@id":"https:\/\/newsinfoco.com.br\/inicio\/parceria-entre-governo-do-estado-e-prefeitura-garante-realizacao-de-feira-de-saude-e-obras-estruturantes-em-alagoinhas\/#breadcrumblist","itemListElement":[{"@type":"ListItem","@id":"https:\/\/newsinfoco.com.br\/inicio#listItem","position":1,"name":"In\u00edcio","item":"https:\/\/newsinfoco.com.br\/inicio","nextItem":{"@type":"ListItem","@id":"https:\/\/newsinfoco.com.br\/inicio\/category\/sem-categoria\/#listItem","name":"Sem categoria"}},{"@type":"ListItem","@id":"https:\/\/newsinfoco.com.br\/inicio\/category\/sem-categoria\/#listItem","position":2,"name":"Sem categoria","item":"https:\/\/newsinfoco.com.br\/inicio\/category\/sem-categoria\/","nextItem":{"@type":"ListItem","@id":"https:\/\/newsinfoco.com.br\/inicio\/parceria-entre-governo-do-estado-e-prefeitura-garante-realizacao-de-feira-de-saude-e-obras-estruturantes-em-alagoinhas\/#listItem","name":"Parceria entre Governo do Estado e Prefeitura garante realiza\u00e7\u00e3o de feira de sa\u00fade e obras estruturantes em Alagoinhas"},"previousItem":{"@type":"ListItem","@id":"https:\/\/newsinfoco.com.br\/inicio#listItem","name":"In\u00edcio"}},{"@type":"ListItem","@id":"https:\/\/newsinfoco.com.br\/inicio\/parceria-entre-governo-do-estado-e-prefeitura-garante-realizacao-de-feira-de-saude-e-obras-estruturantes-em-alagoinhas\/#listItem","position":3,"name":"Parceria entre Governo do Estado e Prefeitura garante realiza\u00e7\u00e3o de feira de sa\u00fade e obras estruturantes em Alagoinhas","previousItem":{"@type":"ListItem","@id":"https:\/\/newsinfoco.com.br\/inicio\/category\/sem-categoria\/#listItem","name":"Sem categoria"}}]},{"@type":"Organization","@id":"https:\/\/newsinfoco.com.br\/inicio\/#organization","name":"News In Foco - Editado por Caio Pimenta","description":"O principal site de noticias de Alagoinhas e regi\u00e3o","url":"https:\/\/newsinfoco.com.br\/inicio\/"},{"@type":"Person","@id":"https:\/\/newsinfoco.com.br\/inicio\/author\/administrador\/#author","url":"https:\/\/newsinfoco.com.br\/inicio\/author\/administrador\/","name":"administrador","image":{"@type":"ImageObject","@id":"https:\/\/newsinfoco.com.br\/inicio\/parceria-entre-governo-do-estado-e-prefeitura-garante-realizacao-de-feira-de-saude-e-obras-estruturantes-em-alagoinhas\/#authorImage","url":"https:\/\/secure.gravatar.com\/avatar\/c17a617433de8c1dc9584bb79aab7563b46f5bb7e1728c9b17d9cc3ce6a08e49?s=96&d=mm&r=g","width":96,"height":96,"caption":"administrador"}},{"@type":"WebPage","@id":"https:\/\/newsinfoco.com.br\/inicio\/parceria-entre-governo-do-estado-e-prefeitura-garante-realizacao-de-feira-de-saude-e-obras-estruturantes-em-alagoinhas\/#webpage","url":"https:\/\/newsinfoco.com.br\/inicio\/parceria-entre-governo-do-estado-e-prefeitura-garante-realizacao-de-feira-de-saude-e-obras-estruturantes-em-alagoinhas\/","name":"Parceria entre Governo do Estado e Prefeitura garante realiza\u00e7\u00e3o de feira de sa\u00fade e obras estruturantes em Alagoinhas - News In Foco - Editado por Caio Pimenta","description":"A Prefeitura Municipal de Alagoinhas e o Governo do Estado realizaram diversas a\u00e7\u00f5es no munic\u00edpio nesta quinta-feira (22). Durante todo o dia, a agenda contou com inaugura\u00e7\u00f5es, assinaturas de ordem de servi\u00e7os e a Feira Sa\u00fade Mais Perto. O governador Jer\u00f4nimo Rodrigues esteve na cidade e assinou a ordem de servi\u00e7o para o in\u00edcio das","inLanguage":"pt-BR","isPartOf":{"@id":"https:\/\/newsinfoco.com.br\/inicio\/#website"},"breadcrumb":{"@id":"https:\/\/newsinfoco.com.br\/inicio\/parceria-entre-governo-do-estado-e-prefeitura-garante-realizacao-de-feira-de-saude-e-obras-estruturantes-em-alagoinhas\/#breadcrumblist"},"author":{"@id":"https:\/\/newsinfoco.com.br\/inicio\/author\/administrador\/#author"},"creator":{"@id":"https:\/\/newsinfoco.com.br\/inicio\/author\/administrador\/#author"},"image":{"@type":"ImageObject","url":"https:\/\/newsinfoco.com.br\/inicio\/wp-content\/uploads\/2024\/02\/6c30409b-a295-44ed-a4e8-1d7c180a8e63.jpeg","@id":"https:\/\/newsinfoco.com.br\/inicio\/parceria-entre-governo-do-estado-e-prefeitura-garante-realizacao-de-feira-de-saude-e-obras-estruturantes-em-alagoinhas\/#mainImage","width":1600,"height":1066},"primaryImageOfPage":{"@id":"https:\/\/newsinfoco.com.br\/inicio\/parceria-entre-governo-do-estado-e-prefeitura-garante-realizacao-de-feira-de-saude-e-obras-estruturantes-em-alagoinhas\/#mainImage"},"datePublished":"2024-02-23T12:20:51-03:00","dateModified":"2024-02-23T12:24:13-03:00"},{"@type":"WebSite","@id":"https:\/\/newsinfoco.com.br\/inicio\/#website","url":"https:\/\/newsinfoco.com.br\/inicio\/","name":"News In Foco - Editado por Caio Pimenta","description":"O principal site de noticias de Alagoinhas e regi\u00e3o","inLanguage":"pt-BR","publisher":{"@id":"https:\/\/newsinfoco.com.br\/inicio\/#organization"}}]},"og:locale":"pt_BR","og:site_name":"News In Foco - Editado por Caio Pimenta - O principal site de noticias de Alagoinhas e regi\u00e3o","og:type":"article","og:title":"Parceria entre Governo do Estado e Prefeitura garante realiza\u00e7\u00e3o de feira de sa\u00fade e obras estruturantes em Alagoinhas - News In Foco - Editado por Caio Pimenta","og:description":"A Prefeitura Municipal de Alagoinhas e o Governo do Estado realizaram diversas a\u00e7\u00f5es no munic\u00edpio nesta quinta-feira (22). Durante todo o dia, a agenda contou com inaugura\u00e7\u00f5es, assinaturas de ordem de servi\u00e7os e a Feira Sa\u00fade Mais Perto. O governador Jer\u00f4nimo Rodrigues esteve na cidade e assinou a ordem de servi\u00e7o para o in\u00edcio das","og:url":"https:\/\/newsinfoco.com.br\/inicio\/parceria-entre-governo-do-estado-e-prefeitura-garante-realizacao-de-feira-de-saude-e-obras-estruturantes-em-alagoinhas\/","article:published_time":"2024-02-23T15:20:51+00:00","article:modified_time":"2024-02-23T15:24:13+00:00","twitter:card":"summary_large_image","twitter:title":"Parceria entre Governo do Estado e Prefeitura garante realiza\u00e7\u00e3o de feira de sa\u00fade e obras estruturantes em Alagoinhas - News In Foco - Editado por Caio Pimenta","twitter:description":"A Prefeitura Municipal de Alagoinhas e o Governo do Estado realizaram diversas a\u00e7\u00f5es no munic\u00edpio nesta quinta-feira (22). Durante todo o dia, a agenda contou com inaugura\u00e7\u00f5es, assinaturas de ordem de servi\u00e7os e a Feira Sa\u00fade Mais Perto. O governador Jer\u00f4nimo Rodrigues esteve na cidade e assinou a ordem de servi\u00e7o para o in\u00edcio das"},"aioseo_meta_data":{"post_id":"35815","title":null,"description":null,"keywords":[],"keyphrases":{"focus":{"keyphrase":"","score":0,"analysis":{"keyphraseInTitle":{"score":0,"maxScore":9,"error":1}}},"additional":[]},"primary_term":null,"canonical_url":null,"og_title":null,"og_description":null,"og_object_type":"default","og_image_type":"default","og_image_url":null,"og_image_width":null,"og_image_height":null,"og_image_custom_url":null,"og_image_custom_fields":null,"og_video":"","og_custom_url":null,"og_article_section":null,"og_article_tags":[],"twitter_use_og":false,"twitter_card":"default","twitter_image_type":"default","twitter_image_url":null,"twitter_image_custom_url":null,"twitter_image_custom_fields":null,"twitter_title":null,"twitter_description":null,"schema":{"blockGraphs":[],"customGraphs":[],"default":{"data":{"Article":[],"Course":[],"Dataset":[],"FAQPage":[],"Movie":[],"Person":[],"Product":[],"ProductReview":[],"Car":[],"Recipe":[],"Service":[],"SoftwareApplication":[],"WebPage":[]},"graphName":"BlogPosting","isEnabled":true},"graphs":[]},"schema_type":"default","schema_type_options":null,"pillar_content":false,"robots_default":true,"robots_noindex":false,"robots_noarchive":false,"robots_nosnippet":false,"robots_nofollow":false,"robots_noimageindex":false,"robots_noodp":false,"robots_notranslate":false,"robots_max_snippet":"-1","robots_max_videopreview":"-1","robots_max_imagepreview":"large","priority":null,"frequency":"default","local_seo":null,"breadcrumb_settings":null,"limit_modified_date":false,"ai":null,"created":"2024-02-23 15:20:51","updated":"2025-07-11 10:35:03","seo_analyzer_scan_date":null},"aioseo_breadcrumb":"<div class=\"aioseo-breadcrumbs\"><span class=\"aioseo-breadcrumb\">\n\t\t\t<a href=\"https:\/\/newsinfoco.com.br\/inicio\" title=\"In\u00edcio\">In\u00edcio<\/a>\n\t\t<\/span><span class=\"aioseo-breadcrumb-separator\">&raquo;<\/span><span class=\"aioseo-breadcrumb\">\n\t\t\t<a href=\"https:\/\/newsinfoco.com.br\/inicio\/category\/sem-categoria\/\" title=\"Sem categoria\">Sem categoria<\/a>\n\t\t<\/span><span class=\"aioseo-breadcrumb-separator\">&raquo;<\/span><span class=\"aioseo-breadcrumb\">\n\t\t\tParceria entre Governo do Estado e Prefeitura garante realiza\u00e7\u00e3o de feira de sa\u00fade e obras estruturantes em Alagoinhas\n\t\t<\/span><\/div>","aioseo_breadcrumb_json":[{"label":"In\u00edcio","link":"https:\/\/newsinfoco.com.br\/inicio"},{"label":"Sem categoria","link":"https:\/\/newsinfoco.com.br\/inicio\/category\/sem-categoria\/"},{"label":"Parceria entre Governo do Estado e Prefeitura garante realiza\u00e7\u00e3o de feira de sa\u00fade e obras estruturantes em Alagoinhas","link":"https:\/\/newsinfoco.com.br\/inicio\/parceria-entre-governo-do-estado-e-prefeitura-garante-realizacao-de-feira-de-saude-e-obras-estruturantes-em-alagoinhas\/"}],"_links":{"self":[{"href":"https:\/\/newsinfoco.com.br\/inicio\/wp-json\/wp\/v2\/posts\/35815","targetHints":{"allow":["GET"]}}],"collection":[{"href":"https:\/\/newsinfoco.com.br\/inicio\/wp-json\/wp\/v2\/posts"}],"about":[{"href":"https:\/\/newsinfoco.com.br\/inicio\/wp-json\/wp\/v2\/types\/post"}],"author":[{"embeddable":true,"href":"https:\/\/newsinfoco.com.br\/inicio\/wp-json\/wp\/v2\/users\/1"}],"replies":[{"embeddable":true,"href":"https:\/\/newsinfoco.com.br\/inicio\/wp-json\/wp\/v2\/comments?post=35815"}],"version-history":[{"count":3,"href":"https:\/\/newsinfoco.com.br\/inicio\/wp-json\/wp\/v2\/posts\/35815\/revisions"}],"predecessor-version":[{"id":35819,"href":"https:\/\/newsinfoco.com.br\/inicio\/wp-json\/wp\/v2\/posts\/35815\/revisions\/35819"}],"wp:featuredmedia":[{"embeddable":true,"href":"https:\/\/newsinfoco.com.br\/inicio\/wp-json\/wp\/v2\/media\/35816"}],"wp:attachment":[{"href":"https:\/\/newsinfoco.com.br\/inicio\/wp-json\/wp\/v2\/media?parent=35815"}],"wp:term":[{"taxonomy":"category","embeddable":true,"href":"https:\/\/newsinfoco.com.br\/inicio\/wp-json\/wp\/v2\/categories?post=35815"},{"taxonomy":"post_tag","embeddable":true,"href":"https:\/\/newsinfoco.com.br\/inicio\/wp-json\/wp\/v2\/tags?post=35815"}],"curies":[{"name":"wp","href":"https:\/\/api.w.org\/{rel}","templated":true}]}}