{"id":35821,"date":"2024-02-25T11:06:53","date_gmt":"2024-02-25T14:06:53","guid":{"rendered":"https:\/\/newsinfoco.com.br\/inicio\/?p=35821"},"modified":"2024-02-25T11:06:53","modified_gmt":"2024-02-25T14:06:53","slug":"comparacao-entre-guerra-israel-hamas-e-o-holocausto-e-um-grave-erro-historico-e-moral-por-valter-alves","status":"publish","type":"post","link":"https:\/\/newsinfoco.com.br\/inicio\/comparacao-entre-guerra-israel-hamas-e-o-holocausto-e-um-grave-erro-historico-e-moral-por-valter-alves\/","title":{"rendered":"Compara\u00e7\u00e3o entre guerra Israel-Hamas e o holocausto \u00e9 um grave erro hist\u00f3rico e moral &#8211; Por Valter Alves"},"content":{"rendered":"<p dir=\"auto\">Comparar a a\u00e7\u00e3o de Israel na faixa de gaza com a de Hitler contra os judeus \u00e9 um grave erro hist\u00f3rico e moral. Essa compara\u00e7\u00e3o ignora as diferen\u00e7as fundamentais entre os contextos, as motiva\u00e7\u00f5es e as consequ\u00eancias dos dois conflitos.<\/p>\n<p dir=\"auto\">O nazismo foi um regime totalit\u00e1rio que perseguiu, torturou e exterminou milh\u00f5es de pessoas por causa de sua origem \u00e9tnica, religiosa ou pol\u00edtica. O objetivo de Hitler era criar uma &#8220;ra\u00e7a pura&#8221; e dominar o mundo. Para isso, ele invadiu e ocupou v\u00e1rios pa\u00edses da Europa, impondo sua ideologia e sua viol\u00eancia.<\/p><div class=\"newsi-conteudo_19\" id=\"newsi-532005219\"><a href=\"https:\/\/www.instagram.com\/prefeituraalagoinhas?igsh=YzgzdDJ1bWR3aWI4\" aria-label=\"SAVE_20251006_221555\"><img loading=\"lazy\" decoding=\"async\" src=\"https:\/\/newsinfoco.com.br\/inicio\/wp-content\/uploads\/2025\/10\/SAVE_20251006_221555-rotated.jpg\" alt=\"\"  srcset=\"https:\/\/newsinfoco.com.br\/inicio\/wp-content\/uploads\/2025\/10\/SAVE_20251006_221555-rotated.jpg 1140w, https:\/\/newsinfoco.com.br\/inicio\/wp-content\/uploads\/2025\/10\/SAVE_20251006_221555-300x52.jpg 300w, https:\/\/newsinfoco.com.br\/inicio\/wp-content\/uploads\/2025\/10\/SAVE_20251006_221555-1024x177.jpg 1024w, https:\/\/newsinfoco.com.br\/inicio\/wp-content\/uploads\/2025\/10\/SAVE_20251006_221555-768x133.jpg 768w, https:\/\/newsinfoco.com.br\/inicio\/wp-content\/uploads\/2025\/10\/SAVE_20251006_221555-600x104.jpg 600w, https:\/\/newsinfoco.com.br\/inicio\/wp-content\/uploads\/2025\/10\/SAVE_20251006_221555-696x120.jpg 696w, https:\/\/newsinfoco.com.br\/inicio\/wp-content\/uploads\/2025\/10\/SAVE_20251006_221555-1068x185.jpg 1068w\" sizes=\"(max-width: 1140px) 100vw, 1140px\" width=\"1140\" height=\"197\"   \/><\/a><\/div>\n<p dir=\"auto\">A a\u00e7\u00e3o de Israel na faixa de gaza, por outro lado, \u00e9 uma resposta a uma s\u00e9rie de ataques terroristas do Hamas, um grupo isl\u00e2mico radical que n\u00e3o reconhece o direito de exist\u00eancia do Estado de Israel. O objetivo de Israel \u00e9 defender sua soberania e sua seguran\u00e7a, diante de uma amea\u00e7a constante e iminente. Para isso, ele usa meios militares proporcionais e leg\u00edtimos, respeitando as leis internacionais e os direitos humanos.<\/p>\n<p dir=\"auto\">N\u00e3o se trata, portanto, de uma guerra de exterm\u00ednio, mas de uma guerra de defesa. N\u00e3o se trata de uma guerra entre ra\u00e7as, mas de uma guerra entre Estados. N\u00e3o se trata de uma guerra sem limites, mas de uma guerra com regras.<\/p>\n<p dir=\"auto\">Ao fazer essa compara\u00e7\u00e3o, os cr\u00edticos de Israel n\u00e3o s\u00f3 ofendem a mem\u00f3ria das v\u00edtimas do Holocausto, como tamb\u00e9m desconsideram a complexidade e a realidade do conflito no Oriente M\u00e9dio. Eles tamb\u00e9m contribuem para alimentar o \u00f3dio, o preconceito e a viol\u00eancia, em vez de buscar o di\u00e1logo, a compreens\u00e3o e a paz.<\/p>\n<p dir=\"auto\">\n<p dir=\"auto\">\n<p dir=\"auto\">\n<div class='share-to-whatsapp-wrapper'><div class='share-on-whsp'>Share on: <\/div><a data-text='Compara\u00e7\u00e3o entre guerra Israel-Hamas e o holocausto \u00e9 um grave erro hist\u00f3rico e moral - Por Valter Alves' data-link='https:\/\/newsinfoco.com.br\/inicio\/comparacao-entre-guerra-israel-hamas-e-o-holocausto-e-um-grave-erro-historico-e-moral-por-valter-alves\/' class='whatsapp-button whatsapp-share'>WhatsApp<\/a><div class='clear '><\/div><\/div>","protected":false},"excerpt":{"rendered":"<p>Comparar a a\u00e7\u00e3o de Israel na faixa de gaza com a de Hitler contra os judeus \u00e9 um grave erro hist\u00f3rico e moral. Essa compara\u00e7\u00e3o ignora as diferen\u00e7as fundamentais entre os contextos, as motiva\u00e7\u00f5es e as consequ\u00eancias dos dois conflitos. O nazismo foi um regime totalit\u00e1rio que perseguiu, torturou e exterminou milh\u00f5es de pessoas por [&hellip;]<\/p>\n","protected":false},"author":1,"featured_media":35822,"comment_status":"closed","ping_status":"closed","sticky":false,"template":"","format":"standard","meta":{"om_disable_all_campaigns":false,"_exactmetrics_skip_tracking":false,"_exactmetrics_sitenote_active":false,"_exactmetrics_sitenote_note":"","_exactmetrics_sitenote_category":0,"footnotes":""},"categories":[26],"tags":[],"class_list":["post-35821","post","type-post","status-publish","format-standard","has-post-thumbnail","hentry","category-caio-pimenta"],"aioseo_notices":[],"_links":{"self":[{"href":"https:\/\/newsinfoco.com.br\/inicio\/wp-json\/wp\/v2\/posts\/35821","targetHints":{"allow":["GET"]}}],"collection":[{"href":"https:\/\/newsinfoco.com.br\/inicio\/wp-json\/wp\/v2\/posts"}],"about":[{"href":"https:\/\/newsinfoco.com.br\/inicio\/wp-json\/wp\/v2\/types\/post"}],"author":[{"embeddable":true,"href":"https:\/\/newsinfoco.com.br\/inicio\/wp-json\/wp\/v2\/users\/1"}],"replies":[{"embeddable":true,"href":"https:\/\/newsinfoco.com.br\/inicio\/wp-json\/wp\/v2\/comments?post=35821"}],"version-history":[{"count":1,"href":"https:\/\/newsinfoco.com.br\/inicio\/wp-json\/wp\/v2\/posts\/35821\/revisions"}],"predecessor-version":[{"id":35823,"href":"https:\/\/newsinfoco.com.br\/inicio\/wp-json\/wp\/v2\/posts\/35821\/revisions\/35823"}],"wp:featuredmedia":[{"embeddable":true,"href":"https:\/\/newsinfoco.com.br\/inicio\/wp-json\/wp\/v2\/media\/35822"}],"wp:attachment":[{"href":"https:\/\/newsinfoco.com.br\/inicio\/wp-json\/wp\/v2\/media?parent=35821"}],"wp:term":[{"taxonomy":"category","embeddable":true,"href":"https:\/\/newsinfoco.com.br\/inicio\/wp-json\/wp\/v2\/categories?post=35821"},{"taxonomy":"post_tag","embeddable":true,"href":"https:\/\/newsinfoco.com.br\/inicio\/wp-json\/wp\/v2\/tags?post=35821"}],"curies":[{"name":"wp","href":"https:\/\/api.w.org\/{rel}","templated":true}]}}