{"id":3584,"date":"2018-05-09T17:30:03","date_gmt":"2018-05-09T20:30:03","guid":{"rendered":"http:\/\/newsinfoco.com.br\/?p=3584"},"modified":"2018-05-09T17:30:03","modified_gmt":"2018-05-09T20:30:03","slug":"saae-da-continuidade-as-obras-do-saneamento-para-todos","status":"publish","type":"post","link":"https:\/\/newsinfoco.com.br\/inicio\/saae-da-continuidade-as-obras-do-saneamento-para-todos\/","title":{"rendered":"SAAE d\u00e1 continuidade \u00e0s obras do Saneamento Para Todos"},"content":{"rendered":"<p style=\"text-align: justify;\"><span style=\"color: #000000;\">A atual gest\u00e3o do Servi\u00e7o Aut\u00f4nomo de \u00c1gua e Esgoto (SAAE) Alagoinhas, sob a dire\u00e7\u00e3o de Maria das Gra\u00e7as de Castro Reis, vem trabalhando com celeridade em obras que, ao final, ir\u00e3o aumentar em mais que o dobro a cobertura de saneamento da cidade, passando de 14% para 30%.<\/span><\/p>\n<p style=\"text-align: justify;\"><span style=\"color: #000000;\">O programa Saneamento Para Todos, conv\u00eanio do Governo Federal que abarca localidades do Jardim Petrolar, do Barreiro e do Mangal\u00f4, contabiliza um investimento total de mais de R$6 milh\u00f5es, contemplando quarenta ruas e doze travessas com a instala\u00e7\u00e3o de rede convencional, rede condominial, liga\u00e7\u00f5es intradomiciliares e a cria\u00e7\u00e3o da Esta\u00e7\u00e3o de Tratamento.<\/span><\/p><div class=\"newsi-conteudo_19\" id=\"newsi-2278289021\"><a href=\"https:\/\/www.instagram.com\/prefeituraalagoinhas?igsh=YzgzdDJ1bWR3aWI4\" aria-label=\"SAVE_20251006_221555\"><img loading=\"lazy\" decoding=\"async\" src=\"https:\/\/newsinfoco.com.br\/inicio\/wp-content\/uploads\/2025\/10\/SAVE_20251006_221555-rotated.jpg\" alt=\"\"  srcset=\"https:\/\/newsinfoco.com.br\/inicio\/wp-content\/uploads\/2025\/10\/SAVE_20251006_221555-rotated.jpg 1140w, https:\/\/newsinfoco.com.br\/inicio\/wp-content\/uploads\/2025\/10\/SAVE_20251006_221555-300x52.jpg 300w, https:\/\/newsinfoco.com.br\/inicio\/wp-content\/uploads\/2025\/10\/SAVE_20251006_221555-1024x177.jpg 1024w, https:\/\/newsinfoco.com.br\/inicio\/wp-content\/uploads\/2025\/10\/SAVE_20251006_221555-768x133.jpg 768w, https:\/\/newsinfoco.com.br\/inicio\/wp-content\/uploads\/2025\/10\/SAVE_20251006_221555-600x104.jpg 600w, https:\/\/newsinfoco.com.br\/inicio\/wp-content\/uploads\/2025\/10\/SAVE_20251006_221555-696x120.jpg 696w, https:\/\/newsinfoco.com.br\/inicio\/wp-content\/uploads\/2025\/10\/SAVE_20251006_221555-1068x185.jpg 1068w\" sizes=\"(max-width: 1140px) 100vw, 1140px\" width=\"1140\" height=\"197\"   \/><\/a><\/div>\n<p style=\"text-align: justify;\"><span style=\"color: #000000;\">No Jardim Petrolar, atualmente a obra est\u00e1 na fase de levantamento topogr\u00e1fico da rede coletora e instala\u00e7\u00e3o de redes condominiais e intradomiciliares, respons\u00e1veis por ligar o esgoto coletado nas casas \u00e0 rede p\u00fablica.<\/span><\/p>\n<p style=\"text-align: justify;\"><span style=\"color: #000000;\">No Barreiro e Mangal\u00f4, por sua vez, al\u00e9m da instala\u00e7\u00e3o das redes condominiais e intradomiciliares, est\u00e1 sendo realizada a recomposi\u00e7\u00e3o de asfalto.<\/span><\/p>\n<p style=\"text-align: justify;\"><span style=\"color: #000000;\">Com todos esses avan\u00e7os, a qualidade de vida dos cidad\u00e3os ter\u00e1 um ganho significativo, uma vez que o esgoto produzido em suas resid\u00eancias ser\u00e1 tratado da maneira adequada \u00e0s normas de sa\u00fade p\u00fablica. Al\u00e9m disso, o novo processo de tratamento tamb\u00e9m contribuir\u00e1 para a preserva\u00e7\u00e3o dos rios, evitando a contamina\u00e7\u00e3o do solo e do subsolo.<\/span><\/p>\n<p style=\"text-align: justify;\"><span style=\"color: #000000;\"><em>O SAAE refor\u00e7a que os problemas de abastecimento, vazamento e reclama\u00e7\u00f5es relacionados ao servi\u00e7o, precisam ser registrados no sistema atrav\u00e9s dos canais oficiais de atendimento. \u00c9 a partir desse registro que a demanda \u00e9 direcionada ao setor respons\u00e1vel e \u00e9 aberta a Ordem de Servi\u00e7o (OS) para solucionar o problema. Pensando no usu\u00e1rio, a autarquia disponibiliza, al\u00e9m do atendimento presencial no Posto de Atendimento (Rua Moreira Rego,9977, Centro ) \u00a0outras duas maneiras de contato: WhatsApp e Call Center. Pelo aplicativo, basta enviar uma mensagem (75) 981804500; o retorno sempre \u00e9 instant\u00e2neo. Pelo Call Center, \u00e9 s\u00f3 ligar gratuitamente para 0800 702 7065.<\/em><\/span><\/p>\n<p style=\"text-align: justify;\"><span style=\"color: #000000;\"><strong>ASCOM<\/strong><\/span><br \/>\n<span style=\"color: #000000;\">Servi\u00e7o Aut\u00f4nomo de \u00c1gua e Esgoto \u2013 SAAE Alagoinhas<\/span><br \/>\n<span style=\"color: #000000;\">E-mail: ascom.saae@alagoinhas.ba.gov.br<\/span><br \/>\n<span style=\"color: #000000;\">Telefone: (75) 31826031<\/span><\/p>\n<p style=\"text-align: justify;\"><span style=\"color: #000000;\"><strong>Redes Sociais<\/strong><\/span><br \/>\n<span style=\"color: #000000;\">Facebook:\u00a0<a style=\"color: #000000;\" href=\"https:\/\/www.facebook.com\/saaedealagoinhas\" data-cke-saved-href=\"https:\/\/www.facebook.com\/saaedealagoinhas\">www.facebook.com\/saaedealagoinhas<\/a><\/span><br \/>\n<span style=\"color: #000000;\">Instagram:\u00a0<a style=\"color: #000000;\" href=\"http:\/\/www.instagram.com\/saaealagoinhas\" target=\"_blank\" rel=\"noopener noreferrer\" data-cke-saved-href=\"http:\/\/www.instagram.com\/saaealagoinhas\">www.instagram.com\/saaealagoinhas<\/a><\/span><br \/>\n<span style=\"color: #000000;\">Site:\u00a0<a style=\"color: #000000;\" href=\"http:\/\/www.saae.alagoinhas.ba.gov.br\/\" target=\"_blank\" rel=\"nofollow noopener noreferrer\">www.saae.alagoinhas.ba.gov.br<\/a><\/span><\/p>\n<h6 style=\"text-align: right;\" align=\"right\"><span style=\"color: #999999;\">Fonte: SAAE SECOM Prefeituera<\/span><\/h6>\n<div class='share-to-whatsapp-wrapper'><div class='share-on-whsp'>Share on: <\/div><a data-text='SAAE d\u00e1 continuidade \u00e0s obras do Saneamento Para Todos' data-link='https:\/\/newsinfoco.com.br\/inicio\/saae-da-continuidade-as-obras-do-saneamento-para-todos\/' class='whatsapp-button whatsapp-share'>WhatsApp<\/a><div class='clear '><\/div><\/div>","protected":false},"excerpt":{"rendered":"<p>A atual gest\u00e3o do Servi\u00e7o Aut\u00f4nomo de \u00c1gua e Esgoto (SAAE) Alagoinhas, sob a dire\u00e7\u00e3o de Maria das Gra\u00e7as de Castro Reis, vem trabalhando com celeridade em obras que, ao final, ir\u00e3o aumentar em mais que o dobro a cobertura de saneamento da cidade, passando de 14% para 30%. O programa Saneamento Para Todos, conv\u00eanio [&hellip;]<\/p>\n","protected":false},"author":1,"featured_media":2784,"comment_status":"open","ping_status":"open","sticky":false,"template":"","format":"standard","meta":{"om_disable_all_campaigns":false,"_exactmetrics_skip_tracking":false,"_exactmetrics_sitenote_active":false,"_exactmetrics_sitenote_note":"","_exactmetrics_sitenote_category":0,"footnotes":""},"categories":[38,30],"tags":[53,54,55],"class_list":["post-3584","post","type-post","status-publish","format-standard","has-post-thumbnail","hentry","category-alagoinhas-e-regiao","category-destaque","tag-alagoinhas","tag-prefeitura","tag-saae"],"aioseo_notices":[],"_links":{"self":[{"href":"https:\/\/newsinfoco.com.br\/inicio\/wp-json\/wp\/v2\/posts\/3584","targetHints":{"allow":["GET"]}}],"collection":[{"href":"https:\/\/newsinfoco.com.br\/inicio\/wp-json\/wp\/v2\/posts"}],"about":[{"href":"https:\/\/newsinfoco.com.br\/inicio\/wp-json\/wp\/v2\/types\/post"}],"author":[{"embeddable":true,"href":"https:\/\/newsinfoco.com.br\/inicio\/wp-json\/wp\/v2\/users\/1"}],"replies":[{"embeddable":true,"href":"https:\/\/newsinfoco.com.br\/inicio\/wp-json\/wp\/v2\/comments?post=3584"}],"version-history":[{"count":0,"href":"https:\/\/newsinfoco.com.br\/inicio\/wp-json\/wp\/v2\/posts\/3584\/revisions"}],"wp:featuredmedia":[{"embeddable":true,"href":"https:\/\/newsinfoco.com.br\/inicio\/wp-json\/wp\/v2\/media\/2784"}],"wp:attachment":[{"href":"https:\/\/newsinfoco.com.br\/inicio\/wp-json\/wp\/v2\/media?parent=3584"}],"wp:term":[{"taxonomy":"category","embeddable":true,"href":"https:\/\/newsinfoco.com.br\/inicio\/wp-json\/wp\/v2\/categories?post=3584"},{"taxonomy":"post_tag","embeddable":true,"href":"https:\/\/newsinfoco.com.br\/inicio\/wp-json\/wp\/v2\/tags?post=3584"}],"curies":[{"name":"wp","href":"https:\/\/api.w.org\/{rel}","templated":true}]}}