{"id":35857,"date":"2024-02-28T17:45:02","date_gmt":"2024-02-28T20:45:02","guid":{"rendered":"https:\/\/newsinfoco.com.br\/inicio\/?p=35857"},"modified":"2024-02-28T17:45:02","modified_gmt":"2024-02-28T20:45:02","slug":"curso-gratuito-para-bombeiro-civil-em-alagoinhas-tera-inscricoes-nos-dias-04-e-05-de-marco","status":"publish","type":"post","link":"https:\/\/newsinfoco.com.br\/inicio\/curso-gratuito-para-bombeiro-civil-em-alagoinhas-tera-inscricoes-nos-dias-04-e-05-de-marco\/","title":{"rendered":"Curso gratuito para Bombeiro Civil em Alagoinhas ter\u00e1 inscri\u00e7\u00f5es nos dias 04 e 05 de mar\u00e7o"},"content":{"rendered":"<p>Em uma oportunidade \u00fanica, nos dias 04 e 05 de mar\u00e7o, a Prefeitura Municipal de Alagoinhas, via Secretaria de Assist\u00eancia Social (SEMAS), ir\u00e1 receber inscri\u00e7\u00f5es para o curso gratuito de Bombeiro Civil. Com carga hor\u00e1ria de 310 horas, o p\u00fablico-alvo s\u00e3o pessoas com idade acima de 18 anos, Ensino M\u00e9dio completo, que seja benefici\u00e1rio do programa Bolsa Fam\u00edlia e n\u00e3o possua curso t\u00e9cnico ou gradua\u00e7\u00e3o.<\/p>\n<p>As inscri\u00e7\u00f5es poder\u00e3o ser feitas na sede da SEMAS (Avenida Luiz Viana, n\u00ba 642), mediante apresenta\u00e7\u00e3o de RG, CPF, NIS, comprovante de resid\u00eancia e de conclus\u00e3o do Ensino M\u00e9dio. Havendo um maior n\u00famero de inscri\u00e7\u00f5es ao quantitativo de vagas, ser\u00e1 realizado um teste de aptid\u00e3o. Os candidatos com as maiores notas ser\u00e3o selecionados.<\/p><div class=\"newsi-conteudo_19\" id=\"newsi-3295959707\"><a href=\"https:\/\/www.instagram.com\/prefeituraalagoinhas?igsh=YzgzdDJ1bWR3aWI4\" aria-label=\"SAVE_20251006_221555\"><img loading=\"lazy\" decoding=\"async\" src=\"https:\/\/newsinfoco.com.br\/inicio\/wp-content\/uploads\/2025\/10\/SAVE_20251006_221555-rotated.jpg\" alt=\"\"  srcset=\"https:\/\/newsinfoco.com.br\/inicio\/wp-content\/uploads\/2025\/10\/SAVE_20251006_221555-rotated.jpg 1140w, https:\/\/newsinfoco.com.br\/inicio\/wp-content\/uploads\/2025\/10\/SAVE_20251006_221555-300x52.jpg 300w, https:\/\/newsinfoco.com.br\/inicio\/wp-content\/uploads\/2025\/10\/SAVE_20251006_221555-1024x177.jpg 1024w, https:\/\/newsinfoco.com.br\/inicio\/wp-content\/uploads\/2025\/10\/SAVE_20251006_221555-768x133.jpg 768w, https:\/\/newsinfoco.com.br\/inicio\/wp-content\/uploads\/2025\/10\/SAVE_20251006_221555-600x104.jpg 600w, https:\/\/newsinfoco.com.br\/inicio\/wp-content\/uploads\/2025\/10\/SAVE_20251006_221555-696x120.jpg 696w, https:\/\/newsinfoco.com.br\/inicio\/wp-content\/uploads\/2025\/10\/SAVE_20251006_221555-1068x185.jpg 1068w\" sizes=\"(max-width: 1140px) 100vw, 1140px\" width=\"1140\" height=\"197\"   \/><\/a><\/div>\n<p>De acordo com o secret\u00e1rio de Assist\u00eancia Social Rui Costa Brito, \u201cpor identificar que existem v\u00e1rios setores que precisam de bombeiros civis e, sendo esse um curso extremamente caro, a SEMAS resolveu contemplar, por meio do Programa Qualifica Alagoinhas, a popula\u00e7\u00e3o benefici\u00e1ria do Bolsa Fam\u00edlia, prioritariamente\u201d. Ser\u00e3o oferecidas 30 vagas e o curso ser\u00e1 realizado pela L\u00edder Cursos.<\/p>\n<p><strong>O Curso<\/strong><\/p>\n<p>O curso de Bombeiro Civil visa formar profissionais para atuar na preven\u00e7\u00e3o de atividades de risco e no atendimento de emerg\u00eancias. Reconhecida pela Lei Federal 11.901 de 12 de janeiro de 2009, na profiss\u00e3o de Bombeiro Civil est\u00e1 apta a atuar em ind\u00fastrias, edif\u00edcios e eventos.<\/p>\n<div class='share-to-whatsapp-wrapper'><div class='share-on-whsp'>Share on: <\/div><a data-text='Curso gratuito para Bombeiro Civil em Alagoinhas ter\u00e1 inscri\u00e7\u00f5es nos dias 04 e 05 de mar\u00e7o' data-link='https:\/\/newsinfoco.com.br\/inicio\/curso-gratuito-para-bombeiro-civil-em-alagoinhas-tera-inscricoes-nos-dias-04-e-05-de-marco\/' class='whatsapp-button whatsapp-share'>WhatsApp<\/a><div class='clear '><\/div><\/div>","protected":false},"excerpt":{"rendered":"<p>Em uma oportunidade \u00fanica, nos dias 04 e 05 de mar\u00e7o, a Prefeitura Municipal de Alagoinhas, via Secretaria de Assist\u00eancia Social (SEMAS), ir\u00e1 receber inscri\u00e7\u00f5es para o curso gratuito de Bombeiro Civil. Com carga hor\u00e1ria de 310 horas, o p\u00fablico-alvo s\u00e3o pessoas com idade acima de 18 anos, Ensino M\u00e9dio completo, que seja benefici\u00e1rio do [&hellip;]<\/p>\n","protected":false},"author":1,"featured_media":35858,"comment_status":"closed","ping_status":"closed","sticky":false,"template":"","format":"standard","meta":{"om_disable_all_campaigns":false,"_exactmetrics_skip_tracking":false,"_exactmetrics_sitenote_active":false,"_exactmetrics_sitenote_note":"","_exactmetrics_sitenote_category":0,"footnotes":""},"categories":[38,167],"tags":[],"class_list":["post-35857","post","type-post","status-publish","format-standard","has-post-thumbnail","hentry","category-alagoinhas-e-regiao","category-exclusivas"],"aioseo_notices":[],"_links":{"self":[{"href":"https:\/\/newsinfoco.com.br\/inicio\/wp-json\/wp\/v2\/posts\/35857","targetHints":{"allow":["GET"]}}],"collection":[{"href":"https:\/\/newsinfoco.com.br\/inicio\/wp-json\/wp\/v2\/posts"}],"about":[{"href":"https:\/\/newsinfoco.com.br\/inicio\/wp-json\/wp\/v2\/types\/post"}],"author":[{"embeddable":true,"href":"https:\/\/newsinfoco.com.br\/inicio\/wp-json\/wp\/v2\/users\/1"}],"replies":[{"embeddable":true,"href":"https:\/\/newsinfoco.com.br\/inicio\/wp-json\/wp\/v2\/comments?post=35857"}],"version-history":[{"count":1,"href":"https:\/\/newsinfoco.com.br\/inicio\/wp-json\/wp\/v2\/posts\/35857\/revisions"}],"predecessor-version":[{"id":35859,"href":"https:\/\/newsinfoco.com.br\/inicio\/wp-json\/wp\/v2\/posts\/35857\/revisions\/35859"}],"wp:featuredmedia":[{"embeddable":true,"href":"https:\/\/newsinfoco.com.br\/inicio\/wp-json\/wp\/v2\/media\/35858"}],"wp:attachment":[{"href":"https:\/\/newsinfoco.com.br\/inicio\/wp-json\/wp\/v2\/media?parent=35857"}],"wp:term":[{"taxonomy":"category","embeddable":true,"href":"https:\/\/newsinfoco.com.br\/inicio\/wp-json\/wp\/v2\/categories?post=35857"},{"taxonomy":"post_tag","embeddable":true,"href":"https:\/\/newsinfoco.com.br\/inicio\/wp-json\/wp\/v2\/tags?post=35857"}],"curies":[{"name":"wp","href":"https:\/\/api.w.org\/{rel}","templated":true}]}}