{"id":35929,"date":"2024-03-14T20:03:21","date_gmt":"2024-03-14T23:03:21","guid":{"rendered":"https:\/\/newsinfoco.com.br\/inicio\/?p=35929"},"modified":"2024-03-14T20:03:21","modified_gmt":"2024-03-14T23:03:21","slug":"valor-economico-sob-comando-de-acm-neto-uniao-brasil-vai-reavaliar-alianca-com-lula","status":"publish","type":"post","link":"https:\/\/newsinfoco.com.br\/inicio\/valor-economico-sob-comando-de-acm-neto-uniao-brasil-vai-reavaliar-alianca-com-lula\/","title":{"rendered":"Valor Econ\u00f4mico: Sob comando de ACM Neto, Uni\u00e3o Brasil vai reavaliar alian\u00e7a com Lula"},"content":{"rendered":"<p>Com a chegada de uma nova mesa diretora, que vai contar com o ex-prefeito ACM Neto como vice-presidente, o Uni\u00e3o Brasil dever\u00e1 reavaliar a sua rela\u00e7\u00e3o com o governo do presidente Lula (PT).<\/p>\n<p>A expectativa, segundo o jornal Valor Econ\u00f4mico, era de que o grupo assumisse o comando da legenda a partir de junho, mas diante dos atritos e do poss\u00edvel afastamento do atual presidente, Luciano Bivar, a troca pode acontecer ainda neste m\u00eas.<\/p>\n<p>\u201cA forma\u00e7\u00e3o da nova Executiva vai deliberar sobre isso [rela\u00e7\u00e3o com o governo] tamb\u00e9m. Acho que a partir de junho vai ter um novo Norte, o Norte do di\u00e1logo, da democracia, do colegiado. Esse colegiado \u00e9 que vai ditar o caminho que o partido vai tomar em rela\u00e7\u00e3o ao governo e aos Estados. \u00c9 uma decis\u00e3o colegiada.\u201d, disse o presidente eleito, Ant\u00f4nio Rueda, para jornalistas.<\/p>\n<p>Terceiro maior partido na C\u00e2mara dos Deputados, o UB conta com Juscelino Filho, \u00e0 frente do minist\u00e9rio das Comunica\u00e7\u00f5es, Celso Sabino, no Turismo e Waldez G\u00f3es, na Integra\u00e7\u00e3o e Desenvolvimento Regional.<\/p>\n<p>&nbsp;<\/p>\n<p>Politicaaovivo<\/p>\n<div class='share-to-whatsapp-wrapper'><div class='share-on-whsp'>Share on: <\/div><a data-text='Valor Econ\u00f4mico: Sob comando de ACM Neto, Uni\u00e3o Brasil vai reavaliar alian\u00e7a com Lula' data-link='https:\/\/newsinfoco.com.br\/inicio\/valor-economico-sob-comando-de-acm-neto-uniao-brasil-vai-reavaliar-alianca-com-lula\/' class='whatsapp-button whatsapp-share'>WhatsApp<\/a><div class='clear '><\/div><\/div>","protected":false},"excerpt":{"rendered":"<p>Com a chegada de uma nova mesa diretora, que vai contar com o ex-prefeito ACM Neto como vice-presidente, o Uni\u00e3o Brasil dever\u00e1 reavaliar a sua rela\u00e7\u00e3o com o governo do presidente Lula (PT). A expectativa, segundo o jornal Valor Econ\u00f4mico, era de que o grupo assumisse o comando da legenda a partir de junho, mas [&hellip;]<\/p>\n","protected":false},"author":1,"featured_media":34728,"comment_status":"closed","ping_status":"closed","sticky":false,"template":"","format":"standard","meta":{"om_disable_all_campaigns":false,"rop_custom_images_group":[],"rop_custom_messages_group":[],"rop_publish_now":"initial","rop_publish_now_accounts":[],"rop_publish_now_history":[],"rop_publish_now_status":"pending","_exactmetrics_skip_tracking":false,"footnotes":""},"categories":[21],"tags":[],"class_list":["post-35929","post","type-post","status-publish","format-standard","has-post-thumbnail","hentry","category-brasil"],"aioseo_notices":[],"aioseo_head":"\n\t\t<!-- All in One SEO 4.9.10 - aioseo.com -->\n\t<meta name=\"description\" content=\"Com a chegada de uma nova mesa diretora, que vai contar com o ex-prefeito ACM Neto como vice-presidente, o Uni\u00e3o Brasil dever\u00e1 reavaliar a sua rela\u00e7\u00e3o com o governo do presidente Lula (PT). A expectativa, segundo o jornal Valor Econ\u00f4mico, era de que o grupo assumisse o comando da legenda a partir de junho, mas\" \/>\n\t<meta name=\"robots\" content=\"max-image-preview:large\" \/>\n\t<meta name=\"author\" content=\"administrador\"\/>\n\t<link rel=\"canonical\" href=\"https:\/\/newsinfoco.com.br\/inicio\/valor-economico-sob-comando-de-acm-neto-uniao-brasil-vai-reavaliar-alianca-com-lula\/\" \/>\n\t<meta name=\"generator\" content=\"All in One SEO (AIOSEO) 4.9.10\" \/>\n\t\t<meta property=\"og:locale\" content=\"pt_BR\" \/>\n\t\t<meta property=\"og:site_name\" content=\"News In Foco - Editado por Caio Pimenta - O principal site de noticias de Alagoinhas e regi\u00e3o\" \/>\n\t\t<meta property=\"og:type\" content=\"article\" \/>\n\t\t<meta property=\"og:title\" content=\"Valor Econ\u00f4mico: Sob comando de ACM Neto, Uni\u00e3o Brasil vai reavaliar alian\u00e7a com Lula - News In Foco - Editado por Caio Pimenta\" \/>\n\t\t<meta property=\"og:description\" content=\"Com a chegada de uma nova mesa diretora, que vai contar com o ex-prefeito ACM Neto como vice-presidente, o Uni\u00e3o Brasil dever\u00e1 reavaliar a sua rela\u00e7\u00e3o com o governo do presidente Lula (PT). A expectativa, segundo o jornal Valor Econ\u00f4mico, era de que o grupo assumisse o comando da legenda a partir de junho, mas\" \/>\n\t\t<meta property=\"og:url\" content=\"https:\/\/newsinfoco.com.br\/inicio\/valor-economico-sob-comando-de-acm-neto-uniao-brasil-vai-reavaliar-alianca-com-lula\/\" \/>\n\t\t<meta property=\"article:published_time\" content=\"2024-03-14T23:03:21+00:00\" \/>\n\t\t<meta property=\"article:modified_time\" content=\"2024-03-14T23:03:21+00:00\" \/>\n\t\t<meta name=\"twitter:card\" content=\"summary_large_image\" \/>\n\t\t<meta name=\"twitter:title\" content=\"Valor Econ\u00f4mico: Sob comando de ACM Neto, Uni\u00e3o Brasil vai reavaliar alian\u00e7a com Lula - News In Foco - Editado por Caio Pimenta\" \/>\n\t\t<meta name=\"twitter:description\" content=\"Com a chegada de uma nova mesa diretora, que vai contar com o ex-prefeito ACM Neto como vice-presidente, o Uni\u00e3o Brasil dever\u00e1 reavaliar a sua rela\u00e7\u00e3o com o governo do presidente Lula (PT). A expectativa, segundo o jornal Valor Econ\u00f4mico, era de que o grupo assumisse o comando da legenda a partir de junho, mas\" \/>\n\t\t<script type=\"application\/ld+json\" class=\"aioseo-schema\">\n\t\t\t{\"@context\":\"https:\\\/\\\/schema.org\",\"@graph\":[{\"@type\":\"BlogPosting\",\"@id\":\"https:\\\/\\\/newsinfoco.com.br\\\/inicio\\\/valor-economico-sob-comando-de-acm-neto-uniao-brasil-vai-reavaliar-alianca-com-lula\\\/#blogposting\",\"name\":\"Valor Econ\\u00f4mico: Sob comando de ACM Neto, Uni\\u00e3o Brasil vai reavaliar alian\\u00e7a com Lula - News In Foco - Editado por Caio Pimenta\",\"headline\":\"Valor Econ\\u00f4mico: Sob comando de ACM Neto, Uni\\u00e3o Brasil vai reavaliar alian\\u00e7a com Lula\",\"author\":{\"@id\":\"https:\\\/\\\/newsinfoco.com.br\\\/inicio\\\/author\\\/administrador\\\/#author\"},\"publisher\":{\"@id\":\"https:\\\/\\\/newsinfoco.com.br\\\/inicio\\\/#organization\"},\"image\":{\"@type\":\"ImageObject\",\"url\":\"https:\\\/\\\/newsinfoco.com.br\\\/inicio\\\/wp-content\\\/uploads\\\/2023\\\/07\\\/acmnetolula.jpg\",\"width\":826,\"height\":522},\"datePublished\":\"2024-03-14T20:03:21-03:00\",\"dateModified\":\"2024-03-14T20:03:21-03:00\",\"inLanguage\":\"pt-BR\",\"mainEntityOfPage\":{\"@id\":\"https:\\\/\\\/newsinfoco.com.br\\\/inicio\\\/valor-economico-sob-comando-de-acm-neto-uniao-brasil-vai-reavaliar-alianca-com-lula\\\/#webpage\"},\"isPartOf\":{\"@id\":\"https:\\\/\\\/newsinfoco.com.br\\\/inicio\\\/valor-economico-sob-comando-de-acm-neto-uniao-brasil-vai-reavaliar-alianca-com-lula\\\/#webpage\"},\"articleSection\":\"Brasil\"},{\"@type\":\"BreadcrumbList\",\"@id\":\"https:\\\/\\\/newsinfoco.com.br\\\/inicio\\\/valor-economico-sob-comando-de-acm-neto-uniao-brasil-vai-reavaliar-alianca-com-lula\\\/#breadcrumblist\",\"itemListElement\":[{\"@type\":\"ListItem\",\"@id\":\"https:\\\/\\\/newsinfoco.com.br\\\/inicio#listItem\",\"position\":1,\"name\":\"In\\u00edcio\",\"item\":\"https:\\\/\\\/newsinfoco.com.br\\\/inicio\",\"nextItem\":{\"@type\":\"ListItem\",\"@id\":\"https:\\\/\\\/newsinfoco.com.br\\\/inicio\\\/category\\\/brasil\\\/#listItem\",\"name\":\"Brasil\"}},{\"@type\":\"ListItem\",\"@id\":\"https:\\\/\\\/newsinfoco.com.br\\\/inicio\\\/category\\\/brasil\\\/#listItem\",\"position\":2,\"name\":\"Brasil\",\"item\":\"https:\\\/\\\/newsinfoco.com.br\\\/inicio\\\/category\\\/brasil\\\/\",\"nextItem\":{\"@type\":\"ListItem\",\"@id\":\"https:\\\/\\\/newsinfoco.com.br\\\/inicio\\\/valor-economico-sob-comando-de-acm-neto-uniao-brasil-vai-reavaliar-alianca-com-lula\\\/#listItem\",\"name\":\"Valor Econ\\u00f4mico: Sob comando de ACM Neto, Uni\\u00e3o Brasil vai reavaliar alian\\u00e7a com Lula\"},\"previousItem\":{\"@type\":\"ListItem\",\"@id\":\"https:\\\/\\\/newsinfoco.com.br\\\/inicio#listItem\",\"name\":\"In\\u00edcio\"}},{\"@type\":\"ListItem\",\"@id\":\"https:\\\/\\\/newsinfoco.com.br\\\/inicio\\\/valor-economico-sob-comando-de-acm-neto-uniao-brasil-vai-reavaliar-alianca-com-lula\\\/#listItem\",\"position\":3,\"name\":\"Valor Econ\\u00f4mico: Sob comando de ACM Neto, Uni\\u00e3o Brasil vai reavaliar alian\\u00e7a com Lula\",\"previousItem\":{\"@type\":\"ListItem\",\"@id\":\"https:\\\/\\\/newsinfoco.com.br\\\/inicio\\\/category\\\/brasil\\\/#listItem\",\"name\":\"Brasil\"}}]},{\"@type\":\"Organization\",\"@id\":\"https:\\\/\\\/newsinfoco.com.br\\\/inicio\\\/#organization\",\"name\":\"News In Foco - Editado por Caio Pimenta\",\"description\":\"O principal site de noticias de Alagoinhas e regi\\u00e3o\",\"url\":\"https:\\\/\\\/newsinfoco.com.br\\\/inicio\\\/\"},{\"@type\":\"Person\",\"@id\":\"https:\\\/\\\/newsinfoco.com.br\\\/inicio\\\/author\\\/administrador\\\/#author\",\"url\":\"https:\\\/\\\/newsinfoco.com.br\\\/inicio\\\/author\\\/administrador\\\/\",\"name\":\"administrador\",\"image\":{\"@type\":\"ImageObject\",\"@id\":\"https:\\\/\\\/newsinfoco.com.br\\\/inicio\\\/valor-economico-sob-comando-de-acm-neto-uniao-brasil-vai-reavaliar-alianca-com-lula\\\/#authorImage\",\"url\":\"https:\\\/\\\/secure.gravatar.com\\\/avatar\\\/c17a617433de8c1dc9584bb79aab7563b46f5bb7e1728c9b17d9cc3ce6a08e49?s=96&d=mm&r=g\",\"width\":96,\"height\":96,\"caption\":\"administrador\"}},{\"@type\":\"WebPage\",\"@id\":\"https:\\\/\\\/newsinfoco.com.br\\\/inicio\\\/valor-economico-sob-comando-de-acm-neto-uniao-brasil-vai-reavaliar-alianca-com-lula\\\/#webpage\",\"url\":\"https:\\\/\\\/newsinfoco.com.br\\\/inicio\\\/valor-economico-sob-comando-de-acm-neto-uniao-brasil-vai-reavaliar-alianca-com-lula\\\/\",\"name\":\"Valor Econ\\u00f4mico: Sob comando de ACM Neto, Uni\\u00e3o Brasil vai reavaliar alian\\u00e7a com Lula - News In Foco - Editado por Caio Pimenta\",\"description\":\"Com a chegada de uma nova mesa diretora, que vai contar com o ex-prefeito ACM Neto como vice-presidente, o Uni\\u00e3o Brasil dever\\u00e1 reavaliar a sua rela\\u00e7\\u00e3o com o governo do presidente Lula (PT). A expectativa, segundo o jornal Valor Econ\\u00f4mico, era de que o grupo assumisse o comando da legenda a partir de junho, mas\",\"inLanguage\":\"pt-BR\",\"isPartOf\":{\"@id\":\"https:\\\/\\\/newsinfoco.com.br\\\/inicio\\\/#website\"},\"breadcrumb\":{\"@id\":\"https:\\\/\\\/newsinfoco.com.br\\\/inicio\\\/valor-economico-sob-comando-de-acm-neto-uniao-brasil-vai-reavaliar-alianca-com-lula\\\/#breadcrumblist\"},\"author\":{\"@id\":\"https:\\\/\\\/newsinfoco.com.br\\\/inicio\\\/author\\\/administrador\\\/#author\"},\"creator\":{\"@id\":\"https:\\\/\\\/newsinfoco.com.br\\\/inicio\\\/author\\\/administrador\\\/#author\"},\"image\":{\"@type\":\"ImageObject\",\"url\":\"https:\\\/\\\/newsinfoco.com.br\\\/inicio\\\/wp-content\\\/uploads\\\/2023\\\/07\\\/acmnetolula.jpg\",\"@id\":\"https:\\\/\\\/newsinfoco.com.br\\\/inicio\\\/valor-economico-sob-comando-de-acm-neto-uniao-brasil-vai-reavaliar-alianca-com-lula\\\/#mainImage\",\"width\":826,\"height\":522},\"primaryImageOfPage\":{\"@id\":\"https:\\\/\\\/newsinfoco.com.br\\\/inicio\\\/valor-economico-sob-comando-de-acm-neto-uniao-brasil-vai-reavaliar-alianca-com-lula\\\/#mainImage\"},\"datePublished\":\"2024-03-14T20:03:21-03:00\",\"dateModified\":\"2024-03-14T20:03:21-03:00\"},{\"@type\":\"WebSite\",\"@id\":\"https:\\\/\\\/newsinfoco.com.br\\\/inicio\\\/#website\",\"url\":\"https:\\\/\\\/newsinfoco.com.br\\\/inicio\\\/\",\"name\":\"News In Foco - Editado por Caio Pimenta\",\"description\":\"O principal site de noticias de Alagoinhas e regi\\u00e3o\",\"inLanguage\":\"pt-BR\",\"publisher\":{\"@id\":\"https:\\\/\\\/newsinfoco.com.br\\\/inicio\\\/#organization\"}}]}\n\t\t<\/script>\n\t\t<!-- All in One SEO -->\n\n","aioseo_head_json":{"title":"Valor Econ\u00f4mico: Sob comando de ACM Neto, Uni\u00e3o Brasil vai reavaliar alian\u00e7a com Lula - News In Foco - Editado por Caio Pimenta","description":"Com a chegada de uma nova mesa diretora, que vai contar com o ex-prefeito ACM Neto como vice-presidente, o Uni\u00e3o Brasil dever\u00e1 reavaliar a sua rela\u00e7\u00e3o com o governo do presidente Lula (PT). A expectativa, segundo o jornal Valor Econ\u00f4mico, era de que o grupo assumisse o comando da legenda a partir de junho, mas","canonical_url":"https:\/\/newsinfoco.com.br\/inicio\/valor-economico-sob-comando-de-acm-neto-uniao-brasil-vai-reavaliar-alianca-com-lula\/","robots":"max-image-preview:large","keywords":"","webmasterTools":{"miscellaneous":""},"schema":{"@context":"https:\/\/schema.org","@graph":[{"@type":"BlogPosting","@id":"https:\/\/newsinfoco.com.br\/inicio\/valor-economico-sob-comando-de-acm-neto-uniao-brasil-vai-reavaliar-alianca-com-lula\/#blogposting","name":"Valor Econ\u00f4mico: Sob comando de ACM Neto, Uni\u00e3o Brasil vai reavaliar alian\u00e7a com Lula - News In Foco - Editado por Caio Pimenta","headline":"Valor Econ\u00f4mico: Sob comando de ACM Neto, Uni\u00e3o Brasil vai reavaliar alian\u00e7a com Lula","author":{"@id":"https:\/\/newsinfoco.com.br\/inicio\/author\/administrador\/#author"},"publisher":{"@id":"https:\/\/newsinfoco.com.br\/inicio\/#organization"},"image":{"@type":"ImageObject","url":"https:\/\/newsinfoco.com.br\/inicio\/wp-content\/uploads\/2023\/07\/acmnetolula.jpg","width":826,"height":522},"datePublished":"2024-03-14T20:03:21-03:00","dateModified":"2024-03-14T20:03:21-03:00","inLanguage":"pt-BR","mainEntityOfPage":{"@id":"https:\/\/newsinfoco.com.br\/inicio\/valor-economico-sob-comando-de-acm-neto-uniao-brasil-vai-reavaliar-alianca-com-lula\/#webpage"},"isPartOf":{"@id":"https:\/\/newsinfoco.com.br\/inicio\/valor-economico-sob-comando-de-acm-neto-uniao-brasil-vai-reavaliar-alianca-com-lula\/#webpage"},"articleSection":"Brasil"},{"@type":"BreadcrumbList","@id":"https:\/\/newsinfoco.com.br\/inicio\/valor-economico-sob-comando-de-acm-neto-uniao-brasil-vai-reavaliar-alianca-com-lula\/#breadcrumblist","itemListElement":[{"@type":"ListItem","@id":"https:\/\/newsinfoco.com.br\/inicio#listItem","position":1,"name":"In\u00edcio","item":"https:\/\/newsinfoco.com.br\/inicio","nextItem":{"@type":"ListItem","@id":"https:\/\/newsinfoco.com.br\/inicio\/category\/brasil\/#listItem","name":"Brasil"}},{"@type":"ListItem","@id":"https:\/\/newsinfoco.com.br\/inicio\/category\/brasil\/#listItem","position":2,"name":"Brasil","item":"https:\/\/newsinfoco.com.br\/inicio\/category\/brasil\/","nextItem":{"@type":"ListItem","@id":"https:\/\/newsinfoco.com.br\/inicio\/valor-economico-sob-comando-de-acm-neto-uniao-brasil-vai-reavaliar-alianca-com-lula\/#listItem","name":"Valor Econ\u00f4mico: Sob comando de ACM Neto, Uni\u00e3o Brasil vai reavaliar alian\u00e7a com Lula"},"previousItem":{"@type":"ListItem","@id":"https:\/\/newsinfoco.com.br\/inicio#listItem","name":"In\u00edcio"}},{"@type":"ListItem","@id":"https:\/\/newsinfoco.com.br\/inicio\/valor-economico-sob-comando-de-acm-neto-uniao-brasil-vai-reavaliar-alianca-com-lula\/#listItem","position":3,"name":"Valor Econ\u00f4mico: Sob comando de ACM Neto, Uni\u00e3o Brasil vai reavaliar alian\u00e7a com Lula","previousItem":{"@type":"ListItem","@id":"https:\/\/newsinfoco.com.br\/inicio\/category\/brasil\/#listItem","name":"Brasil"}}]},{"@type":"Organization","@id":"https:\/\/newsinfoco.com.br\/inicio\/#organization","name":"News In Foco - Editado por Caio Pimenta","description":"O principal site de noticias de Alagoinhas e regi\u00e3o","url":"https:\/\/newsinfoco.com.br\/inicio\/"},{"@type":"Person","@id":"https:\/\/newsinfoco.com.br\/inicio\/author\/administrador\/#author","url":"https:\/\/newsinfoco.com.br\/inicio\/author\/administrador\/","name":"administrador","image":{"@type":"ImageObject","@id":"https:\/\/newsinfoco.com.br\/inicio\/valor-economico-sob-comando-de-acm-neto-uniao-brasil-vai-reavaliar-alianca-com-lula\/#authorImage","url":"https:\/\/secure.gravatar.com\/avatar\/c17a617433de8c1dc9584bb79aab7563b46f5bb7e1728c9b17d9cc3ce6a08e49?s=96&d=mm&r=g","width":96,"height":96,"caption":"administrador"}},{"@type":"WebPage","@id":"https:\/\/newsinfoco.com.br\/inicio\/valor-economico-sob-comando-de-acm-neto-uniao-brasil-vai-reavaliar-alianca-com-lula\/#webpage","url":"https:\/\/newsinfoco.com.br\/inicio\/valor-economico-sob-comando-de-acm-neto-uniao-brasil-vai-reavaliar-alianca-com-lula\/","name":"Valor Econ\u00f4mico: Sob comando de ACM Neto, Uni\u00e3o Brasil vai reavaliar alian\u00e7a com Lula - News In Foco - Editado por Caio Pimenta","description":"Com a chegada de uma nova mesa diretora, que vai contar com o ex-prefeito ACM Neto como vice-presidente, o Uni\u00e3o Brasil dever\u00e1 reavaliar a sua rela\u00e7\u00e3o com o governo do presidente Lula (PT). A expectativa, segundo o jornal Valor Econ\u00f4mico, era de que o grupo assumisse o comando da legenda a partir de junho, mas","inLanguage":"pt-BR","isPartOf":{"@id":"https:\/\/newsinfoco.com.br\/inicio\/#website"},"breadcrumb":{"@id":"https:\/\/newsinfoco.com.br\/inicio\/valor-economico-sob-comando-de-acm-neto-uniao-brasil-vai-reavaliar-alianca-com-lula\/#breadcrumblist"},"author":{"@id":"https:\/\/newsinfoco.com.br\/inicio\/author\/administrador\/#author"},"creator":{"@id":"https:\/\/newsinfoco.com.br\/inicio\/author\/administrador\/#author"},"image":{"@type":"ImageObject","url":"https:\/\/newsinfoco.com.br\/inicio\/wp-content\/uploads\/2023\/07\/acmnetolula.jpg","@id":"https:\/\/newsinfoco.com.br\/inicio\/valor-economico-sob-comando-de-acm-neto-uniao-brasil-vai-reavaliar-alianca-com-lula\/#mainImage","width":826,"height":522},"primaryImageOfPage":{"@id":"https:\/\/newsinfoco.com.br\/inicio\/valor-economico-sob-comando-de-acm-neto-uniao-brasil-vai-reavaliar-alianca-com-lula\/#mainImage"},"datePublished":"2024-03-14T20:03:21-03:00","dateModified":"2024-03-14T20:03:21-03:00"},{"@type":"WebSite","@id":"https:\/\/newsinfoco.com.br\/inicio\/#website","url":"https:\/\/newsinfoco.com.br\/inicio\/","name":"News In Foco - Editado por Caio Pimenta","description":"O principal site de noticias de Alagoinhas e regi\u00e3o","inLanguage":"pt-BR","publisher":{"@id":"https:\/\/newsinfoco.com.br\/inicio\/#organization"}}]},"og:locale":"pt_BR","og:site_name":"News In Foco - Editado por Caio Pimenta - O principal site de noticias de Alagoinhas e regi\u00e3o","og:type":"article","og:title":"Valor Econ\u00f4mico: Sob comando de ACM Neto, Uni\u00e3o Brasil vai reavaliar alian\u00e7a com Lula - News In Foco - Editado por Caio Pimenta","og:description":"Com a chegada de uma nova mesa diretora, que vai contar com o ex-prefeito ACM Neto como vice-presidente, o Uni\u00e3o Brasil dever\u00e1 reavaliar a sua rela\u00e7\u00e3o com o governo do presidente Lula (PT). A expectativa, segundo o jornal Valor Econ\u00f4mico, era de que o grupo assumisse o comando da legenda a partir de junho, mas","og:url":"https:\/\/newsinfoco.com.br\/inicio\/valor-economico-sob-comando-de-acm-neto-uniao-brasil-vai-reavaliar-alianca-com-lula\/","article:published_time":"2024-03-14T23:03:21+00:00","article:modified_time":"2024-03-14T23:03:21+00:00","twitter:card":"summary_large_image","twitter:title":"Valor Econ\u00f4mico: Sob comando de ACM Neto, Uni\u00e3o Brasil vai reavaliar alian\u00e7a com Lula - News In Foco - Editado por Caio Pimenta","twitter:description":"Com a chegada de uma nova mesa diretora, que vai contar com o ex-prefeito ACM Neto como vice-presidente, o Uni\u00e3o Brasil dever\u00e1 reavaliar a sua rela\u00e7\u00e3o com o governo do presidente Lula (PT). A expectativa, segundo o jornal Valor Econ\u00f4mico, era de que o grupo assumisse o comando da legenda a partir de junho, mas"},"aioseo_meta_data":{"post_id":"35929","title":null,"description":null,"keywords":[],"keyphrases":{"focus":{"keyphrase":"","score":0,"analysis":{"keyphraseInTitle":{"score":0,"maxScore":9,"error":1}}},"additional":[]},"primary_term":null,"canonical_url":null,"og_title":null,"og_description":null,"og_object_type":"default","og_image_type":"default","og_image_url":null,"og_image_width":null,"og_image_height":null,"og_image_custom_url":null,"og_image_custom_fields":null,"og_video":"","og_custom_url":null,"og_article_section":null,"og_article_tags":[],"twitter_use_og":false,"twitter_card":"default","twitter_image_type":"default","twitter_image_url":null,"twitter_image_custom_url":null,"twitter_image_custom_fields":null,"twitter_title":null,"twitter_description":null,"schema":{"blockGraphs":[],"customGraphs":[],"default":{"data":{"Article":[],"Course":[],"Dataset":[],"FAQPage":[],"Movie":[],"Person":[],"Product":[],"ProductReview":[],"Car":[],"Recipe":[],"Service":[],"SoftwareApplication":[],"WebPage":[]},"graphName":"BlogPosting","isEnabled":true},"graphs":[]},"schema_type":"default","schema_type_options":null,"pillar_content":false,"robots_default":true,"robots_noindex":false,"robots_noarchive":false,"robots_nosnippet":false,"robots_nofollow":false,"robots_noimageindex":false,"robots_noodp":false,"robots_notranslate":false,"robots_max_snippet":"-1","robots_max_videopreview":"-1","robots_max_imagepreview":"large","priority":null,"frequency":"default","local_seo":null,"breadcrumb_settings":null,"limit_modified_date":false,"ai":null,"created":"2024-03-14 23:03:21","updated":"2025-07-11 10:37:46","seo_analyzer_scan_date":null},"aioseo_breadcrumb":"<div class=\"aioseo-breadcrumbs\"><span class=\"aioseo-breadcrumb\">\n\t\t\t<a href=\"https:\/\/newsinfoco.com.br\/inicio\" title=\"In\u00edcio\">In\u00edcio<\/a>\n\t\t<\/span><span class=\"aioseo-breadcrumb-separator\">&raquo;<\/span><span class=\"aioseo-breadcrumb\">\n\t\t\t<a href=\"https:\/\/newsinfoco.com.br\/inicio\/category\/brasil\/\" title=\"Brasil\">Brasil<\/a>\n\t\t<\/span><span class=\"aioseo-breadcrumb-separator\">&raquo;<\/span><span class=\"aioseo-breadcrumb\">\n\t\t\tValor Econ\u00f4mico: Sob comando de ACM Neto, Uni\u00e3o Brasil vai reavaliar alian\u00e7a com Lula\n\t\t<\/span><\/div>","aioseo_breadcrumb_json":[{"label":"In\u00edcio","link":"https:\/\/newsinfoco.com.br\/inicio"},{"label":"Brasil","link":"https:\/\/newsinfoco.com.br\/inicio\/category\/brasil\/"},{"label":"Valor Econ\u00f4mico: Sob comando de ACM Neto, Uni\u00e3o Brasil vai reavaliar alian\u00e7a com Lula","link":"https:\/\/newsinfoco.com.br\/inicio\/valor-economico-sob-comando-de-acm-neto-uniao-brasil-vai-reavaliar-alianca-com-lula\/"}],"_links":{"self":[{"href":"https:\/\/newsinfoco.com.br\/inicio\/wp-json\/wp\/v2\/posts\/35929","targetHints":{"allow":["GET"]}}],"collection":[{"href":"https:\/\/newsinfoco.com.br\/inicio\/wp-json\/wp\/v2\/posts"}],"about":[{"href":"https:\/\/newsinfoco.com.br\/inicio\/wp-json\/wp\/v2\/types\/post"}],"author":[{"embeddable":true,"href":"https:\/\/newsinfoco.com.br\/inicio\/wp-json\/wp\/v2\/users\/1"}],"replies":[{"embeddable":true,"href":"https:\/\/newsinfoco.com.br\/inicio\/wp-json\/wp\/v2\/comments?post=35929"}],"version-history":[{"count":1,"href":"https:\/\/newsinfoco.com.br\/inicio\/wp-json\/wp\/v2\/posts\/35929\/revisions"}],"predecessor-version":[{"id":35930,"href":"https:\/\/newsinfoco.com.br\/inicio\/wp-json\/wp\/v2\/posts\/35929\/revisions\/35930"}],"wp:featuredmedia":[{"embeddable":true,"href":"https:\/\/newsinfoco.com.br\/inicio\/wp-json\/wp\/v2\/media\/34728"}],"wp:attachment":[{"href":"https:\/\/newsinfoco.com.br\/inicio\/wp-json\/wp\/v2\/media?parent=35929"}],"wp:term":[{"taxonomy":"category","embeddable":true,"href":"https:\/\/newsinfoco.com.br\/inicio\/wp-json\/wp\/v2\/categories?post=35929"},{"taxonomy":"post_tag","embeddable":true,"href":"https:\/\/newsinfoco.com.br\/inicio\/wp-json\/wp\/v2\/tags?post=35929"}],"curies":[{"name":"wp","href":"https:\/\/api.w.org\/{rel}","templated":true}]}}