{"id":35965,"date":"2024-03-27T09:37:54","date_gmt":"2024-03-27T12:37:54","guid":{"rendered":"https:\/\/newsinfoco.com.br\/inicio\/?p=35965"},"modified":"2024-03-27T09:40:28","modified_gmt":"2024-03-27T12:40:28","slug":"pl-lanca-pre-candidatura-de-pastor-lins-a-prefeitura-de-alagoinhas","status":"publish","type":"post","link":"https:\/\/newsinfoco.com.br\/inicio\/pl-lanca-pre-candidatura-de-pastor-lins-a-prefeitura-de-alagoinhas\/","title":{"rendered":"PL lan\u00e7a pr\u00e9-candidatura de Pastor Lins \u00e0 prefeitura de Alagoinhas"},"content":{"rendered":"<p>Alagoinhas tem mais um pr\u00e9-candidato a prefeitura de Alagoinhas. Trata-se do Pastor Lins, nome apresentado pelo PL, partido do presidente Bolsonaro que na Bahia \u00e9 presidido pelo ex-ministro Jo\u00e3o Roma. A informa\u00e7\u00e3o foi divulgada hoje(27) pela manh\u00e3, pelo pr\u00f3prio Lins, em entrevista concedida ao programa Primeira M\u00e3o, da r\u00e1dio Ouro Negro 100.5 FM.<\/p>\n<p>A decis\u00e3o p\u00f5e fim \u00e0s especula\u00e7\u00f5es de que, em Alagoinhas, o partido poderia aderir \u00e0s pr\u00e9-candidaturas de Paulo Cezar ou Gustavo Carmo. Durante a entrevista Lins admitiu ter sido procurado pelos dois pr\u00e9-candidatos, mas afirmou que o PL de Alagoinhas n\u00e3o se junta com quem foi &#8220;sentenciado por corrup\u00e7\u00e3o&#8221;, em referencia a Paulo Cezar, e nem se junta com o PT, advers\u00e1rio ideol\u00f3gico do bolsonarismo e que que comp\u00f5e a chapa de Gustavo Carmo.<\/p><div class=\"newsi-conteudo_19\" id=\"newsi-1267460041\"><a href=\"https:\/\/www.instagram.com\/prefeituraalagoinhas?igsh=YzgzdDJ1bWR3aWI4\" aria-label=\"SAVE_20251006_221555\"><img loading=\"lazy\" decoding=\"async\" src=\"https:\/\/newsinfoco.com.br\/inicio\/wp-content\/uploads\/2025\/10\/SAVE_20251006_221555-rotated.jpg\" alt=\"\"  srcset=\"https:\/\/newsinfoco.com.br\/inicio\/wp-content\/uploads\/2025\/10\/SAVE_20251006_221555-rotated.jpg 1140w, https:\/\/newsinfoco.com.br\/inicio\/wp-content\/uploads\/2025\/10\/SAVE_20251006_221555-300x52.jpg 300w, https:\/\/newsinfoco.com.br\/inicio\/wp-content\/uploads\/2025\/10\/SAVE_20251006_221555-1024x177.jpg 1024w, https:\/\/newsinfoco.com.br\/inicio\/wp-content\/uploads\/2025\/10\/SAVE_20251006_221555-768x133.jpg 768w, https:\/\/newsinfoco.com.br\/inicio\/wp-content\/uploads\/2025\/10\/SAVE_20251006_221555-600x104.jpg 600w, https:\/\/newsinfoco.com.br\/inicio\/wp-content\/uploads\/2025\/10\/SAVE_20251006_221555-696x120.jpg 696w, https:\/\/newsinfoco.com.br\/inicio\/wp-content\/uploads\/2025\/10\/SAVE_20251006_221555-1068x185.jpg 1068w\" sizes=\"(max-width: 1140px) 100vw, 1140px\" width=\"1140\" height=\"197\"   \/><\/a><\/div>\n<p>Ainda durante entrevista Pastor Lins disse que mant\u00e9m conversas com lideran\u00e7as politicas simpatizantes do bolsonarismo e com o partido Novo, que lan\u00e7ou recentemente a pr\u00e9-candidatura do professor Leandro Sanson \u00e0 prefeitura. &#8220;Agora os bolosnaristas de Alagoinhas tem um pr\u00e9-candidato a prefeitura&#8221;, afirmou Lins.<\/p>\n<p>Pastor Lins milita na politica alagoinhense desde os anos 80, foi vereador da cidade entre 2017 e 2020 e um dos principais apoiadores de Bolsonaro no munic\u00edpio desde sua primeira elei\u00e7\u00e3o a presid\u00eancia, em 2018. Recentemente Lins assumiu presid\u00eancia do PL em Alagoinhas.<\/p>\n<p>&nbsp;<\/p>\n<p>Por Caio Pimenta para o News Infoco<\/p>\n<div class='share-to-whatsapp-wrapper'><div class='share-on-whsp'>Share on: <\/div><a data-text='PL lan\u00e7a pr\u00e9-candidatura de Pastor Lins \u00e0 prefeitura de Alagoinhas' data-link='https:\/\/newsinfoco.com.br\/inicio\/pl-lanca-pre-candidatura-de-pastor-lins-a-prefeitura-de-alagoinhas\/' class='whatsapp-button whatsapp-share'>WhatsApp<\/a><div class='clear '><\/div><\/div>","protected":false},"excerpt":{"rendered":"<p>Alagoinhas tem mais um pr\u00e9-candidato a prefeitura de Alagoinhas. Trata-se do Pastor Lins, nome apresentado pelo PL, partido do presidente Bolsonaro que na Bahia \u00e9 presidido pelo ex-ministro Jo\u00e3o Roma. A informa\u00e7\u00e3o foi divulgada hoje(27) pela manh\u00e3, pelo pr\u00f3prio Lins, em entrevista concedida ao programa Primeira M\u00e3o, da r\u00e1dio Ouro Negro 100.5 FM. A decis\u00e3o [&hellip;]<\/p>\n","protected":false},"author":1,"featured_media":13356,"comment_status":"closed","ping_status":"closed","sticky":false,"template":"","format":"standard","meta":{"om_disable_all_campaigns":false,"_exactmetrics_skip_tracking":false,"_exactmetrics_sitenote_active":false,"_exactmetrics_sitenote_note":"","_exactmetrics_sitenote_category":0,"footnotes":""},"categories":[38,167],"tags":[],"class_list":["post-35965","post","type-post","status-publish","format-standard","has-post-thumbnail","hentry","category-alagoinhas-e-regiao","category-exclusivas"],"aioseo_notices":[],"_links":{"self":[{"href":"https:\/\/newsinfoco.com.br\/inicio\/wp-json\/wp\/v2\/posts\/35965","targetHints":{"allow":["GET"]}}],"collection":[{"href":"https:\/\/newsinfoco.com.br\/inicio\/wp-json\/wp\/v2\/posts"}],"about":[{"href":"https:\/\/newsinfoco.com.br\/inicio\/wp-json\/wp\/v2\/types\/post"}],"author":[{"embeddable":true,"href":"https:\/\/newsinfoco.com.br\/inicio\/wp-json\/wp\/v2\/users\/1"}],"replies":[{"embeddable":true,"href":"https:\/\/newsinfoco.com.br\/inicio\/wp-json\/wp\/v2\/comments?post=35965"}],"version-history":[{"count":2,"href":"https:\/\/newsinfoco.com.br\/inicio\/wp-json\/wp\/v2\/posts\/35965\/revisions"}],"predecessor-version":[{"id":35967,"href":"https:\/\/newsinfoco.com.br\/inicio\/wp-json\/wp\/v2\/posts\/35965\/revisions\/35967"}],"wp:featuredmedia":[{"embeddable":true,"href":"https:\/\/newsinfoco.com.br\/inicio\/wp-json\/wp\/v2\/media\/13356"}],"wp:attachment":[{"href":"https:\/\/newsinfoco.com.br\/inicio\/wp-json\/wp\/v2\/media?parent=35965"}],"wp:term":[{"taxonomy":"category","embeddable":true,"href":"https:\/\/newsinfoco.com.br\/inicio\/wp-json\/wp\/v2\/categories?post=35965"},{"taxonomy":"post_tag","embeddable":true,"href":"https:\/\/newsinfoco.com.br\/inicio\/wp-json\/wp\/v2\/tags?post=35965"}],"curies":[{"name":"wp","href":"https:\/\/api.w.org\/{rel}","templated":true}]}}