{"id":36135,"date":"2024-05-27T18:22:32","date_gmt":"2024-05-27T21:22:32","guid":{"rendered":"https:\/\/newsinfoco.com.br\/inicio\/?p=36135"},"modified":"2024-05-27T18:22:32","modified_gmt":"2024-05-27T21:22:32","slug":"prefeitura-de-alagoinhas-inaugura-centro-de-ensino-profissionalizante-da-assistencia-social-cepas-vagas-abertas-para-os-primeiros-cursos-ate-amanha-28","status":"publish","type":"post","link":"https:\/\/newsinfoco.com.br\/inicio\/prefeitura-de-alagoinhas-inaugura-centro-de-ensino-profissionalizante-da-assistencia-social-cepas-vagas-abertas-para-os-primeiros-cursos-ate-amanha-28\/","title":{"rendered":"Prefeitura de Alagoinhas inaugura Centro de Ensino Profissionalizante da Assist\u00eancia Social (CEPAS); vagas abertas para os primeiros cursos at\u00e9 amanh\u00e3 (28)"},"content":{"rendered":"<p>Em uma cerim\u00f4nia marcada por entusiasmo e expectativas, a Prefeitura de Alagoinhas, por meio da Secretaria de Assist\u00eancia Social (SEMAS), inaugurou o Centro de Ensino Profissionalizante da Assist\u00eancia Social (CEPAS). Este centro surge como uma conquista significativa para a comunidade, proporcionando estrutura completa para a oferta de cursos profissionalizantes que garantem a dignidade e a autonomia das pessoas em vulnerabilidade social.<\/p>\n<p>O CEPAS est\u00e1 localizado no Centro Integrado de Assist\u00eancia Social (CIAS) e \u00e9 equipado com instala\u00e7\u00f5es modernas, materiais adequados para a pr\u00e1tica dos cursos e conta com equipes de profissionais qualificados, com foco direcionado para a prepara\u00e7\u00e3o dos alunos para o mercado de trabalho. As inscri\u00e7\u00f5es para os cursos est\u00e3o abertas at\u00e9 amanh\u00e3, dia 28. O interessado dever\u00e1 levar ao CIAS, dentro do hor\u00e1rio comercial, CPF, RG, comprovante de endere\u00e7o e NIS. Ter\u00e3o direito \u00e0s vagas, pessoas maiores de 18 anos, que sejam Benefici\u00e1rios do Programa Bolsa Fam\u00edlia.<\/p>\n<p><a class=\"group1 cboxElement\" href=\"https:\/\/www.alagoinhas.ba.gov.br\/wp-content\/uploads\/2024\/05\/IMG-20240527-WA0030.jpg\"><img loading=\"lazy\" decoding=\"async\" class=\"aligncenter size-full wp-image-75009\" src=\"https:\/\/www.alagoinhas.ba.gov.br\/wp-content\/uploads\/2024\/05\/IMG-20240527-WA0030.jpg\" sizes=\"auto, (max-width: 1600px) 100vw, 1600px\" srcset=\"https:\/\/www.alagoinhas.ba.gov.br\/wp-content\/uploads\/2024\/05\/IMG-20240527-WA0030.jpg 1600w, https:\/\/www.alagoinhas.ba.gov.br\/wp-content\/uploads\/2024\/05\/IMG-20240527-WA0030-300x200.jpg 300w, https:\/\/www.alagoinhas.ba.gov.br\/wp-content\/uploads\/2024\/05\/IMG-20240527-WA0030-768x512.jpg 768w, https:\/\/www.alagoinhas.ba.gov.br\/wp-content\/uploads\/2024\/05\/IMG-20240527-WA0030-1024x682.jpg 1024w, https:\/\/www.alagoinhas.ba.gov.br\/wp-content\/uploads\/2024\/05\/IMG-20240527-WA0030-24x16.jpg 24w\" alt=\"\" width=\"1600\" height=\"1066\" \/><\/a><\/p>\n<p>A iniciativa conta com recursos provenientes de uma emenda da vereadora Juci Cardoso no valor de 70 mil reais, somados aos 120 mil reais de recursos pr\u00f3prios da Prefeitura. Com a disponibilidade de 120 vagas para manicure e pedicure e 60 vagas para corte e costura na primeira fase, o CEPAS oferecer\u00e1 turmas tanto no turno vespertino, quanto matutino durante toda a semana. Os cursos ter\u00e3o dura\u00e7\u00e3o de 60 horas para manicure e pedicure, al\u00e9m do de customiza\u00e7\u00e3o de roupas; e 160 horas para corte e costura, abrangendo aulas te\u00f3ricas e pr\u00e1ticas.<\/p>\n<p>O Secret\u00e1rio de Assist\u00eancia Social, Rui Costa Brito, expressou sua satisfa\u00e7\u00e3o com a efetiva instala\u00e7\u00e3o do CEPAS, ressaltando que, embora documentalmente existisse desde 2022, fisicamente agora \u00e9 uma realidade. \u201cO CEPAS se torna um espa\u00e7o fixo para os cursos profissionalizantes, fortalecendo a oferta de capacita\u00e7\u00e3o t\u00e9cnica e qualifica\u00e7\u00e3o para o mercado de trabalho. Este novo espa\u00e7o n\u00e3o s\u00f3 atende \u00e0s demandas por capacita\u00e7\u00e3o profissional, mas tamb\u00e9m continuar\u00e1 a promover oficinas de gera\u00e7\u00e3o de renda, complementando as oportunidades de aprendizado oferecidas\u201d.<\/p>\n<p><a class=\"group1 cboxElement\" href=\"https:\/\/www.alagoinhas.ba.gov.br\/wp-content\/uploads\/2024\/05\/IMG-20240527-WA0047.jpg\"><img loading=\"lazy\" decoding=\"async\" class=\"aligncenter size-full wp-image-75008\" src=\"https:\/\/www.alagoinhas.ba.gov.br\/wp-content\/uploads\/2024\/05\/IMG-20240527-WA0047.jpg\" sizes=\"auto, (max-width: 1600px) 100vw, 1600px\" srcset=\"https:\/\/www.alagoinhas.ba.gov.br\/wp-content\/uploads\/2024\/05\/IMG-20240527-WA0047.jpg 1600w, https:\/\/www.alagoinhas.ba.gov.br\/wp-content\/uploads\/2024\/05\/IMG-20240527-WA0047-300x200.jpg 300w, https:\/\/www.alagoinhas.ba.gov.br\/wp-content\/uploads\/2024\/05\/IMG-20240527-WA0047-768x512.jpg 768w, https:\/\/www.alagoinhas.ba.gov.br\/wp-content\/uploads\/2024\/05\/IMG-20240527-WA0047-1024x682.jpg 1024w, https:\/\/www.alagoinhas.ba.gov.br\/wp-content\/uploads\/2024\/05\/IMG-20240527-WA0047-24x16.jpg 24w\" alt=\"\" width=\"1600\" height=\"1066\" \/><\/a><br \/>\nAinda de acordo com Rui, \u201co CEPAS representa mais um passo concreto no cumprimento das metas do Plano Plurianual (PPA) da Secretaria de Assist\u00eancia Social, contribuindo para a autonomia e independ\u00eancia das mulheres e de todos que buscam aprimorar suas habilidades e se inserir no mercado de trabalho\u201d.<\/p>\n<p>Al\u00e9m da equipe da SEMAS em peso, a inaugura\u00e7\u00e3o contou com a presen\u00e7a do prefeito Joaquim Neto, da deputada estadual Ludmilla Fiscina, do secret\u00e1rio de Comunica\u00e7\u00e3o M\u00e1rcio da Linha Verde e do vereador M\u00e1rcio da Cavada. A vereadora Juci, por conta de um compromisso anterior, estava representada.<\/p>\n<p><a class=\"group1 cboxElement\" href=\"https:\/\/www.alagoinhas.ba.gov.br\/wp-content\/uploads\/2024\/05\/IMG-20240527-WA0039.jpg\"><img loading=\"lazy\" decoding=\"async\" class=\"aligncenter size-full wp-image-75007\" src=\"https:\/\/www.alagoinhas.ba.gov.br\/wp-content\/uploads\/2024\/05\/IMG-20240527-WA0039.jpg\" sizes=\"auto, (max-width: 1600px) 100vw, 1600px\" srcset=\"https:\/\/www.alagoinhas.ba.gov.br\/wp-content\/uploads\/2024\/05\/IMG-20240527-WA0039.jpg 1600w, https:\/\/www.alagoinhas.ba.gov.br\/wp-content\/uploads\/2024\/05\/IMG-20240527-WA0039-300x200.jpg 300w, https:\/\/www.alagoinhas.ba.gov.br\/wp-content\/uploads\/2024\/05\/IMG-20240527-WA0039-768x512.jpg 768w, https:\/\/www.alagoinhas.ba.gov.br\/wp-content\/uploads\/2024\/05\/IMG-20240527-WA0039-1024x682.jpg 1024w, https:\/\/www.alagoinhas.ba.gov.br\/wp-content\/uploads\/2024\/05\/IMG-20240527-WA0039-24x16.jpg 24w\" alt=\"\" width=\"1600\" height=\"1066\" \/><\/a><br \/>\n\u201c\u00c9 com imensa satisfa\u00e7\u00e3o que celebramos a inaugura\u00e7\u00e3o do Centro de Ensino Profissionalizante da Assist\u00eancia Social (CEPAS) em Alagoinhas. Este marco representa um avan\u00e7o significativo em nossa miss\u00e3o de promover o desenvolvimento social e econ\u00f4mico de nossa cidade\u201d, considero o prefeito Joaquim Neto, ressaltando que o CEPAS n\u00e3o \u00e9 apenas uma estrutura f\u00edsica, mas sim um espa\u00e7o de oportunidades e transforma\u00e7\u00e3o para nossos cidad\u00e3os. \u201cA capacita\u00e7\u00e3o profissional \u00e9 essencial para impulsionar carreiras, gerar empregos e fortalecer nossa economia local. Ao oferecermos estes cursos, estamos investindo no potencial de nossos mun\u00edcipes e contribuindo para a constru\u00e7\u00e3o de um futuro mais pr\u00f3spero e inclusivo\u201d, concluiu.<\/p>\n<p><a class=\"group1 cboxElement\" href=\"https:\/\/www.alagoinhas.ba.gov.br\/wp-content\/uploads\/2024\/05\/IMG-20240527-WA0050.jpg\"><img loading=\"lazy\" decoding=\"async\" class=\"aligncenter size-full wp-image-75010\" src=\"https:\/\/www.alagoinhas.ba.gov.br\/wp-content\/uploads\/2024\/05\/IMG-20240527-WA0050.jpg\" sizes=\"auto, (max-width: 1600px) 100vw, 1600px\" srcset=\"https:\/\/www.alagoinhas.ba.gov.br\/wp-content\/uploads\/2024\/05\/IMG-20240527-WA0050.jpg 1600w, https:\/\/www.alagoinhas.ba.gov.br\/wp-content\/uploads\/2024\/05\/IMG-20240527-WA0050-300x200.jpg 300w, https:\/\/www.alagoinhas.ba.gov.br\/wp-content\/uploads\/2024\/05\/IMG-20240527-WA0050-768x512.jpg 768w, https:\/\/www.alagoinhas.ba.gov.br\/wp-content\/uploads\/2024\/05\/IMG-20240527-WA0050-1024x682.jpg 1024w, https:\/\/www.alagoinhas.ba.gov.br\/wp-content\/uploads\/2024\/05\/IMG-20240527-WA0050-24x16.jpg 24w\" alt=\"\" width=\"1600\" height=\"1066\" \/><\/a><\/p>\n<p>Com bastante entusiasmo, a deputada Ludmilla comemorou a inaugura\u00e7\u00e3o do Centro Profissionalizante, sonho antigo que se concretiza em um espa\u00e7o acolhedor e muito bem equipado. \u201cEste centro \u00e9 mais do que um espa\u00e7o de aprendizado, \u00e9 um lugar de esperan\u00e7a e oportunidades. Estou confiante de que o CEPAS ser\u00e1 um catalisador de mudan\u00e7as positivas em Alagoinhas, capacitando nossos cidad\u00e3os para alcan\u00e7arem seus sonhos e constru\u00edrem um futuro brilhante para si mesmos e para nossa cidade. Que este novo cap\u00edtulo que se inicia com a inaugura\u00e7\u00e3o do Centro Profissionalizante seja o primeiro de muitos sucessos e realiza\u00e7\u00f5es para nossa comunidade. Juntos, podemos construir um futuro melhor e mais pr\u00f3spero para todos. Parab\u00e9ns a Alagoinhas e a todos os envolvidos nessa conquista!\u201d<\/p>\n<p>Confira detalhes dos cursos:<\/p>\n<p>CURSO PEQUENOS REPAROS E CUSTOMIZA\u00c7\u00c3O DE ROUPAS.<br \/>\n\u2013 Carga hor\u00e1ria: 60hs.<br \/>\n\u2013 Dura\u00e7\u00e3o do curso: 02 meses<br \/>\n\u2013 Vagas: 15 vagas por turma ( 30 vagas no total)<br \/>\n02 turmas<br \/>\nTurmas:<br \/>\n1\u00aa turma: quinta e sexta pela manh\u00e3 (08:00hs \u00e0s 12:00hs)<br \/>\n2\u00aa turma: quinta e sexta \u00e0 tarde (13:00hs \u00e0s 17:00hs).<\/p>\n<p>MANICURE E PEDICURE<br \/>\nCarga hor\u00e1ria: 80hs.<br \/>\n\u2013 Dura\u00e7\u00e3o do curso: 02 meses e 15 dias (10 semanas)<br \/>\nVagas: 30 vagas por turma ( 120 vagas no total)<br \/>\n04 turmas<br \/>\nTurmas:<br \/>\n1\u00aa turma: segunda e quarta pela manh\u00e3 (08:00hs \u00e0s 12:00hs)<br \/>\n2\u00ba turma: segunda e quarta \u00e0 tarc2 (13:00hs \u00e0s 17:00hs)<br \/>\n3\u00ba turma: ter\u00e7a e quinta pela manh\u00e3 (08:00 hs \u00e0s 12:00hs)<br \/>\n4\u00ba turma: ter\u00e7a e quinta \u00e0 tarde (13:00 \u00e0s 17:00hs)<\/p>\n<p>CURSO DE FORMA\u00c7\u00c3O B\u00c1SICA DE CORTE E COSTURA<br \/>\n\u2013 Carga hor\u00e1ria: 160hs<br \/>\n\u2013 Vagas: 15 por turma (30 vagas no total).<br \/>\n\u2013 02 Turmas<br \/>\n\u2013 Per\u00edodo do curso: 05 meses<br \/>\nTurmas:<br \/>\n1\u00aa turma: segunda, ter\u00e7a e quarta-feira (08:00 hs \u00e0s 12:00hs)<br \/>\n2\u00aa turma: segunda, ter\u00e7a e quarta-feira (13:00 \u00e0s 17:00hs)<\/p>\n<p>Fotos: Roberto Fonseca<\/p>\n<p><a class=\"group1 cboxElement\" href=\"https:\/\/www.alagoinhas.ba.gov.br\/wp-content\/uploads\/2024\/05\/IMG-20240527-WA0027.jpg\"><img loading=\"lazy\" decoding=\"async\" class=\"aligncenter size-full wp-image-75012\" src=\"https:\/\/www.alagoinhas.ba.gov.br\/wp-content\/uploads\/2024\/05\/IMG-20240527-WA0027.jpg\" sizes=\"auto, (max-width: 1600px) 100vw, 1600px\" srcset=\"https:\/\/www.alagoinhas.ba.gov.br\/wp-content\/uploads\/2024\/05\/IMG-20240527-WA0027.jpg 1600w, https:\/\/www.alagoinhas.ba.gov.br\/wp-content\/uploads\/2024\/05\/IMG-20240527-WA0027-300x200.jpg 300w, https:\/\/www.alagoinhas.ba.gov.br\/wp-content\/uploads\/2024\/05\/IMG-20240527-WA0027-768x512.jpg 768w, https:\/\/www.alagoinhas.ba.gov.br\/wp-content\/uploads\/2024\/05\/IMG-20240527-WA0027-1024x682.jpg 1024w, https:\/\/www.alagoinhas.ba.gov.br\/wp-content\/uploads\/2024\/05\/IMG-20240527-WA0027-24x16.jpg 24w\" alt=\"\" width=\"1600\" height=\"1066\" \/><\/a><a class=\"group1 cboxElement\" href=\"https:\/\/www.alagoinhas.ba.gov.br\/wp-content\/uploads\/2024\/05\/IMG-20240527-WA0028.jpg\"><img loading=\"lazy\" decoding=\"async\" class=\"aligncenter size-full wp-image-75013\" src=\"https:\/\/www.alagoinhas.ba.gov.br\/wp-content\/uploads\/2024\/05\/IMG-20240527-WA0028.jpg\" sizes=\"auto, (max-width: 1600px) 100vw, 1600px\" srcset=\"https:\/\/www.alagoinhas.ba.gov.br\/wp-content\/uploads\/2024\/05\/IMG-20240527-WA0028.jpg 1600w, https:\/\/www.alagoinhas.ba.gov.br\/wp-content\/uploads\/2024\/05\/IMG-20240527-WA0028-300x200.jpg 300w, https:\/\/www.alagoinhas.ba.gov.br\/wp-content\/uploads\/2024\/05\/IMG-20240527-WA0028-768x512.jpg 768w, https:\/\/www.alagoinhas.ba.gov.br\/wp-content\/uploads\/2024\/05\/IMG-20240527-WA0028-1024x682.jpg 1024w, https:\/\/www.alagoinhas.ba.gov.br\/wp-content\/uploads\/2024\/05\/IMG-20240527-WA0028-24x16.jpg 24w\" alt=\"\" width=\"1600\" height=\"1066\" \/><\/a><a class=\"group1 cboxElement\" href=\"https:\/\/www.alagoinhas.ba.gov.br\/wp-content\/uploads\/2024\/05\/IMG-20240527-WA0026.jpg\"><img loading=\"lazy\" decoding=\"async\" class=\"aligncenter size-full wp-image-75014\" src=\"https:\/\/www.alagoinhas.ba.gov.br\/wp-content\/uploads\/2024\/05\/IMG-20240527-WA0026.jpg\" sizes=\"auto, (max-width: 1600px) 100vw, 1600px\" srcset=\"https:\/\/www.alagoinhas.ba.gov.br\/wp-content\/uploads\/2024\/05\/IMG-20240527-WA0026.jpg 1600w, https:\/\/www.alagoinhas.ba.gov.br\/wp-content\/uploads\/2024\/05\/IMG-20240527-WA0026-300x200.jpg 300w, https:\/\/www.alagoinhas.ba.gov.br\/wp-content\/uploads\/2024\/05\/IMG-20240527-WA0026-768x512.jpg 768w, https:\/\/www.alagoinhas.ba.gov.br\/wp-content\/uploads\/2024\/05\/IMG-20240527-WA0026-1024x682.jpg 1024w, https:\/\/www.alagoinhas.ba.gov.br\/wp-content\/uploads\/2024\/05\/IMG-20240527-WA0026-24x16.jpg 24w\" alt=\"\" width=\"1600\" height=\"1066\" \/><\/a><\/p>\n<div align=\"right\">\n<p>&nbsp;<\/p>\n<p>&nbsp;<\/p>\n<\/div>\n<div class='share-to-whatsapp-wrapper'><div class='share-on-whsp'>Share on: <\/div><a data-text='Prefeitura de Alagoinhas inaugura Centro de Ensino Profissionalizante da Assist\u00eancia Social (CEPAS); vagas abertas para os primeiros cursos at\u00e9 amanh\u00e3 (28)' data-link='https:\/\/newsinfoco.com.br\/inicio\/prefeitura-de-alagoinhas-inaugura-centro-de-ensino-profissionalizante-da-assistencia-social-cepas-vagas-abertas-para-os-primeiros-cursos-ate-amanha-28\/' class='whatsapp-button whatsapp-share'>WhatsApp<\/a><div class='clear '><\/div><\/div>","protected":false},"excerpt":{"rendered":"<p>Em uma cerim\u00f4nia marcada por entusiasmo e expectativas, a Prefeitura de Alagoinhas, por meio da Secretaria de Assist\u00eancia Social (SEMAS), inaugurou o Centro de Ensino Profissionalizante da Assist\u00eancia Social (CEPAS). Este centro surge como uma conquista significativa para a comunidade, proporcionando estrutura completa para a oferta de cursos profissionalizantes que garantem a dignidade e a [&hellip;]<\/p>\n","protected":false},"author":1,"featured_media":36136,"comment_status":"closed","ping_status":"closed","sticky":false,"template":"","format":"standard","meta":{"om_disable_all_campaigns":false,"rop_custom_images_group":[],"rop_custom_messages_group":[],"rop_publish_now":"initial","rop_publish_now_accounts":[],"rop_publish_now_history":[],"rop_publish_now_status":"pending","_exactmetrics_skip_tracking":false,"footnotes":""},"categories":[38,167,1],"tags":[],"class_list":["post-36135","post","type-post","status-publish","format-standard","has-post-thumbnail","hentry","category-alagoinhas-e-regiao","category-exclusivas","category-sem-categoria"],"aioseo_notices":[],"aioseo_head":"\n\t\t<!-- All in One SEO 4.9.10 - aioseo.com -->\n\t<meta name=\"description\" content=\"Em uma cerim\u00f4nia marcada por entusiasmo e expectativas, a Prefeitura de Alagoinhas, por meio da Secretaria de Assist\u00eancia Social (SEMAS), inaugurou o Centro de Ensino Profissionalizante da Assist\u00eancia Social (CEPAS). Este centro surge como uma conquista significativa para a comunidade, proporcionando estrutura completa para a oferta de cursos profissionalizantes que garantem a dignidade e a\" \/>\n\t<meta name=\"robots\" content=\"max-image-preview:large\" \/>\n\t<meta name=\"author\" content=\"administrador\"\/>\n\t<link rel=\"canonical\" href=\"https:\/\/newsinfoco.com.br\/inicio\/prefeitura-de-alagoinhas-inaugura-centro-de-ensino-profissionalizante-da-assistencia-social-cepas-vagas-abertas-para-os-primeiros-cursos-ate-amanha-28\/\" \/>\n\t<meta name=\"generator\" content=\"All in One SEO (AIOSEO) 4.9.10\" \/>\n\t\t<meta property=\"og:locale\" content=\"pt_BR\" \/>\n\t\t<meta property=\"og:site_name\" content=\"News In Foco - Editado por Caio Pimenta - O principal site de noticias de Alagoinhas e regi\u00e3o\" \/>\n\t\t<meta property=\"og:type\" content=\"article\" \/>\n\t\t<meta property=\"og:title\" content=\"Prefeitura de Alagoinhas inaugura Centro de Ensino Profissionalizante da Assist\u00eancia Social (CEPAS); vagas abertas para os primeiros cursos at\u00e9 amanh\u00e3 (28) - News In Foco - Editado por Caio Pimenta\" \/>\n\t\t<meta property=\"og:description\" content=\"Em uma cerim\u00f4nia marcada por entusiasmo e expectativas, a Prefeitura de Alagoinhas, por meio da Secretaria de Assist\u00eancia Social (SEMAS), inaugurou o Centro de Ensino Profissionalizante da Assist\u00eancia Social (CEPAS). Este centro surge como uma conquista significativa para a comunidade, proporcionando estrutura completa para a oferta de cursos profissionalizantes que garantem a dignidade e a\" \/>\n\t\t<meta property=\"og:url\" content=\"https:\/\/newsinfoco.com.br\/inicio\/prefeitura-de-alagoinhas-inaugura-centro-de-ensino-profissionalizante-da-assistencia-social-cepas-vagas-abertas-para-os-primeiros-cursos-ate-amanha-28\/\" \/>\n\t\t<meta property=\"article:published_time\" content=\"2024-05-27T21:22:32+00:00\" \/>\n\t\t<meta property=\"article:modified_time\" content=\"2024-05-27T21:22:32+00:00\" \/>\n\t\t<meta name=\"twitter:card\" content=\"summary_large_image\" \/>\n\t\t<meta name=\"twitter:title\" content=\"Prefeitura de Alagoinhas inaugura Centro de Ensino Profissionalizante da Assist\u00eancia Social (CEPAS); vagas abertas para os primeiros cursos at\u00e9 amanh\u00e3 (28) - News In Foco - Editado por Caio Pimenta\" \/>\n\t\t<meta name=\"twitter:description\" content=\"Em uma cerim\u00f4nia marcada por entusiasmo e expectativas, a Prefeitura de Alagoinhas, por meio da Secretaria de Assist\u00eancia Social (SEMAS), inaugurou o Centro de Ensino Profissionalizante da Assist\u00eancia Social (CEPAS). Este centro surge como uma conquista significativa para a comunidade, proporcionando estrutura completa para a oferta de cursos profissionalizantes que garantem a dignidade e a\" \/>\n\t\t<script type=\"application\/ld+json\" class=\"aioseo-schema\">\n\t\t\t{\"@context\":\"https:\\\/\\\/schema.org\",\"@graph\":[{\"@type\":\"BlogPosting\",\"@id\":\"https:\\\/\\\/newsinfoco.com.br\\\/inicio\\\/prefeitura-de-alagoinhas-inaugura-centro-de-ensino-profissionalizante-da-assistencia-social-cepas-vagas-abertas-para-os-primeiros-cursos-ate-amanha-28\\\/#blogposting\",\"name\":\"Prefeitura de Alagoinhas inaugura Centro de Ensino Profissionalizante da Assist\\u00eancia Social (CEPAS); vagas abertas para os primeiros cursos at\\u00e9 amanh\\u00e3 (28) - News In Foco - Editado por Caio Pimenta\",\"headline\":\"Prefeitura de Alagoinhas inaugura Centro de Ensino Profissionalizante da Assist\\u00eancia Social (CEPAS); vagas abertas para os primeiros cursos at\\u00e9 amanh\\u00e3 (28)\",\"author\":{\"@id\":\"https:\\\/\\\/newsinfoco.com.br\\\/inicio\\\/author\\\/administrador\\\/#author\"},\"publisher\":{\"@id\":\"https:\\\/\\\/newsinfoco.com.br\\\/inicio\\\/#organization\"},\"image\":{\"@type\":\"ImageObject\",\"url\":\"https:\\\/\\\/newsinfoco.com.br\\\/inicio\\\/wp-content\\\/uploads\\\/2024\\\/05\\\/semas.jpg\",\"width\":1600,\"height\":1066},\"datePublished\":\"2024-05-27T18:22:32-03:00\",\"dateModified\":\"2024-05-27T18:22:32-03:00\",\"inLanguage\":\"pt-BR\",\"mainEntityOfPage\":{\"@id\":\"https:\\\/\\\/newsinfoco.com.br\\\/inicio\\\/prefeitura-de-alagoinhas-inaugura-centro-de-ensino-profissionalizante-da-assistencia-social-cepas-vagas-abertas-para-os-primeiros-cursos-ate-amanha-28\\\/#webpage\"},\"isPartOf\":{\"@id\":\"https:\\\/\\\/newsinfoco.com.br\\\/inicio\\\/prefeitura-de-alagoinhas-inaugura-centro-de-ensino-profissionalizante-da-assistencia-social-cepas-vagas-abertas-para-os-primeiros-cursos-ate-amanha-28\\\/#webpage\"},\"articleSection\":\"Alagoinhas e Regi\\u00e3o, Manchete, Sem categoria\"},{\"@type\":\"BreadcrumbList\",\"@id\":\"https:\\\/\\\/newsinfoco.com.br\\\/inicio\\\/prefeitura-de-alagoinhas-inaugura-centro-de-ensino-profissionalizante-da-assistencia-social-cepas-vagas-abertas-para-os-primeiros-cursos-ate-amanha-28\\\/#breadcrumblist\",\"itemListElement\":[{\"@type\":\"ListItem\",\"@id\":\"https:\\\/\\\/newsinfoco.com.br\\\/inicio#listItem\",\"position\":1,\"name\":\"In\\u00edcio\",\"item\":\"https:\\\/\\\/newsinfoco.com.br\\\/inicio\",\"nextItem\":{\"@type\":\"ListItem\",\"@id\":\"https:\\\/\\\/newsinfoco.com.br\\\/inicio\\\/category\\\/sem-categoria\\\/#listItem\",\"name\":\"Sem categoria\"}},{\"@type\":\"ListItem\",\"@id\":\"https:\\\/\\\/newsinfoco.com.br\\\/inicio\\\/category\\\/sem-categoria\\\/#listItem\",\"position\":2,\"name\":\"Sem categoria\",\"item\":\"https:\\\/\\\/newsinfoco.com.br\\\/inicio\\\/category\\\/sem-categoria\\\/\",\"nextItem\":{\"@type\":\"ListItem\",\"@id\":\"https:\\\/\\\/newsinfoco.com.br\\\/inicio\\\/prefeitura-de-alagoinhas-inaugura-centro-de-ensino-profissionalizante-da-assistencia-social-cepas-vagas-abertas-para-os-primeiros-cursos-ate-amanha-28\\\/#listItem\",\"name\":\"Prefeitura de Alagoinhas inaugura Centro de Ensino Profissionalizante da Assist\\u00eancia Social (CEPAS); vagas abertas para os primeiros cursos at\\u00e9 amanh\\u00e3 (28)\"},\"previousItem\":{\"@type\":\"ListItem\",\"@id\":\"https:\\\/\\\/newsinfoco.com.br\\\/inicio#listItem\",\"name\":\"In\\u00edcio\"}},{\"@type\":\"ListItem\",\"@id\":\"https:\\\/\\\/newsinfoco.com.br\\\/inicio\\\/prefeitura-de-alagoinhas-inaugura-centro-de-ensino-profissionalizante-da-assistencia-social-cepas-vagas-abertas-para-os-primeiros-cursos-ate-amanha-28\\\/#listItem\",\"position\":3,\"name\":\"Prefeitura de Alagoinhas inaugura Centro de Ensino Profissionalizante da Assist\\u00eancia Social (CEPAS); vagas abertas para os primeiros cursos at\\u00e9 amanh\\u00e3 (28)\",\"previousItem\":{\"@type\":\"ListItem\",\"@id\":\"https:\\\/\\\/newsinfoco.com.br\\\/inicio\\\/category\\\/sem-categoria\\\/#listItem\",\"name\":\"Sem categoria\"}}]},{\"@type\":\"Organization\",\"@id\":\"https:\\\/\\\/newsinfoco.com.br\\\/inicio\\\/#organization\",\"name\":\"News In Foco - Editado por Caio Pimenta\",\"description\":\"O principal site de noticias de Alagoinhas e regi\\u00e3o\",\"url\":\"https:\\\/\\\/newsinfoco.com.br\\\/inicio\\\/\"},{\"@type\":\"Person\",\"@id\":\"https:\\\/\\\/newsinfoco.com.br\\\/inicio\\\/author\\\/administrador\\\/#author\",\"url\":\"https:\\\/\\\/newsinfoco.com.br\\\/inicio\\\/author\\\/administrador\\\/\",\"name\":\"administrador\",\"image\":{\"@type\":\"ImageObject\",\"@id\":\"https:\\\/\\\/newsinfoco.com.br\\\/inicio\\\/prefeitura-de-alagoinhas-inaugura-centro-de-ensino-profissionalizante-da-assistencia-social-cepas-vagas-abertas-para-os-primeiros-cursos-ate-amanha-28\\\/#authorImage\",\"url\":\"https:\\\/\\\/secure.gravatar.com\\\/avatar\\\/c17a617433de8c1dc9584bb79aab7563b46f5bb7e1728c9b17d9cc3ce6a08e49?s=96&d=mm&r=g\",\"width\":96,\"height\":96,\"caption\":\"administrador\"}},{\"@type\":\"WebPage\",\"@id\":\"https:\\\/\\\/newsinfoco.com.br\\\/inicio\\\/prefeitura-de-alagoinhas-inaugura-centro-de-ensino-profissionalizante-da-assistencia-social-cepas-vagas-abertas-para-os-primeiros-cursos-ate-amanha-28\\\/#webpage\",\"url\":\"https:\\\/\\\/newsinfoco.com.br\\\/inicio\\\/prefeitura-de-alagoinhas-inaugura-centro-de-ensino-profissionalizante-da-assistencia-social-cepas-vagas-abertas-para-os-primeiros-cursos-ate-amanha-28\\\/\",\"name\":\"Prefeitura de Alagoinhas inaugura Centro de Ensino Profissionalizante da Assist\\u00eancia Social (CEPAS); vagas abertas para os primeiros cursos at\\u00e9 amanh\\u00e3 (28) - News In Foco - Editado por Caio Pimenta\",\"description\":\"Em uma cerim\\u00f4nia marcada por entusiasmo e expectativas, a Prefeitura de Alagoinhas, por meio da Secretaria de Assist\\u00eancia Social (SEMAS), inaugurou o Centro de Ensino Profissionalizante da Assist\\u00eancia Social (CEPAS). Este centro surge como uma conquista significativa para a comunidade, proporcionando estrutura completa para a oferta de cursos profissionalizantes que garantem a dignidade e a\",\"inLanguage\":\"pt-BR\",\"isPartOf\":{\"@id\":\"https:\\\/\\\/newsinfoco.com.br\\\/inicio\\\/#website\"},\"breadcrumb\":{\"@id\":\"https:\\\/\\\/newsinfoco.com.br\\\/inicio\\\/prefeitura-de-alagoinhas-inaugura-centro-de-ensino-profissionalizante-da-assistencia-social-cepas-vagas-abertas-para-os-primeiros-cursos-ate-amanha-28\\\/#breadcrumblist\"},\"author\":{\"@id\":\"https:\\\/\\\/newsinfoco.com.br\\\/inicio\\\/author\\\/administrador\\\/#author\"},\"creator\":{\"@id\":\"https:\\\/\\\/newsinfoco.com.br\\\/inicio\\\/author\\\/administrador\\\/#author\"},\"image\":{\"@type\":\"ImageObject\",\"url\":\"https:\\\/\\\/newsinfoco.com.br\\\/inicio\\\/wp-content\\\/uploads\\\/2024\\\/05\\\/semas.jpg\",\"@id\":\"https:\\\/\\\/newsinfoco.com.br\\\/inicio\\\/prefeitura-de-alagoinhas-inaugura-centro-de-ensino-profissionalizante-da-assistencia-social-cepas-vagas-abertas-para-os-primeiros-cursos-ate-amanha-28\\\/#mainImage\",\"width\":1600,\"height\":1066},\"primaryImageOfPage\":{\"@id\":\"https:\\\/\\\/newsinfoco.com.br\\\/inicio\\\/prefeitura-de-alagoinhas-inaugura-centro-de-ensino-profissionalizante-da-assistencia-social-cepas-vagas-abertas-para-os-primeiros-cursos-ate-amanha-28\\\/#mainImage\"},\"datePublished\":\"2024-05-27T18:22:32-03:00\",\"dateModified\":\"2024-05-27T18:22:32-03:00\"},{\"@type\":\"WebSite\",\"@id\":\"https:\\\/\\\/newsinfoco.com.br\\\/inicio\\\/#website\",\"url\":\"https:\\\/\\\/newsinfoco.com.br\\\/inicio\\\/\",\"name\":\"News In Foco - Editado por Caio Pimenta\",\"description\":\"O principal site de noticias de Alagoinhas e regi\\u00e3o\",\"inLanguage\":\"pt-BR\",\"publisher\":{\"@id\":\"https:\\\/\\\/newsinfoco.com.br\\\/inicio\\\/#organization\"}}]}\n\t\t<\/script>\n\t\t<!-- All in One SEO -->\n\n","aioseo_head_json":{"title":"Prefeitura de Alagoinhas inaugura Centro de Ensino Profissionalizante da Assist\u00eancia Social (CEPAS); vagas abertas para os primeiros cursos at\u00e9 amanh\u00e3 (28) - News In Foco - Editado por Caio Pimenta","description":"Em uma cerim\u00f4nia marcada por entusiasmo e expectativas, a Prefeitura de Alagoinhas, por meio da Secretaria de Assist\u00eancia Social (SEMAS), inaugurou o Centro de Ensino Profissionalizante da Assist\u00eancia Social (CEPAS). Este centro surge como uma conquista significativa para a comunidade, proporcionando estrutura completa para a oferta de cursos profissionalizantes que garantem a dignidade e a","canonical_url":"https:\/\/newsinfoco.com.br\/inicio\/prefeitura-de-alagoinhas-inaugura-centro-de-ensino-profissionalizante-da-assistencia-social-cepas-vagas-abertas-para-os-primeiros-cursos-ate-amanha-28\/","robots":"max-image-preview:large","keywords":"","webmasterTools":{"miscellaneous":""},"schema":{"@context":"https:\/\/schema.org","@graph":[{"@type":"BlogPosting","@id":"https:\/\/newsinfoco.com.br\/inicio\/prefeitura-de-alagoinhas-inaugura-centro-de-ensino-profissionalizante-da-assistencia-social-cepas-vagas-abertas-para-os-primeiros-cursos-ate-amanha-28\/#blogposting","name":"Prefeitura de Alagoinhas inaugura Centro de Ensino Profissionalizante da Assist\u00eancia Social (CEPAS); vagas abertas para os primeiros cursos at\u00e9 amanh\u00e3 (28) - News In Foco - Editado por Caio Pimenta","headline":"Prefeitura de Alagoinhas inaugura Centro de Ensino Profissionalizante da Assist\u00eancia Social (CEPAS); vagas abertas para os primeiros cursos at\u00e9 amanh\u00e3 (28)","author":{"@id":"https:\/\/newsinfoco.com.br\/inicio\/author\/administrador\/#author"},"publisher":{"@id":"https:\/\/newsinfoco.com.br\/inicio\/#organization"},"image":{"@type":"ImageObject","url":"https:\/\/newsinfoco.com.br\/inicio\/wp-content\/uploads\/2024\/05\/semas.jpg","width":1600,"height":1066},"datePublished":"2024-05-27T18:22:32-03:00","dateModified":"2024-05-27T18:22:32-03:00","inLanguage":"pt-BR","mainEntityOfPage":{"@id":"https:\/\/newsinfoco.com.br\/inicio\/prefeitura-de-alagoinhas-inaugura-centro-de-ensino-profissionalizante-da-assistencia-social-cepas-vagas-abertas-para-os-primeiros-cursos-ate-amanha-28\/#webpage"},"isPartOf":{"@id":"https:\/\/newsinfoco.com.br\/inicio\/prefeitura-de-alagoinhas-inaugura-centro-de-ensino-profissionalizante-da-assistencia-social-cepas-vagas-abertas-para-os-primeiros-cursos-ate-amanha-28\/#webpage"},"articleSection":"Alagoinhas e Regi\u00e3o, Manchete, Sem categoria"},{"@type":"BreadcrumbList","@id":"https:\/\/newsinfoco.com.br\/inicio\/prefeitura-de-alagoinhas-inaugura-centro-de-ensino-profissionalizante-da-assistencia-social-cepas-vagas-abertas-para-os-primeiros-cursos-ate-amanha-28\/#breadcrumblist","itemListElement":[{"@type":"ListItem","@id":"https:\/\/newsinfoco.com.br\/inicio#listItem","position":1,"name":"In\u00edcio","item":"https:\/\/newsinfoco.com.br\/inicio","nextItem":{"@type":"ListItem","@id":"https:\/\/newsinfoco.com.br\/inicio\/category\/sem-categoria\/#listItem","name":"Sem categoria"}},{"@type":"ListItem","@id":"https:\/\/newsinfoco.com.br\/inicio\/category\/sem-categoria\/#listItem","position":2,"name":"Sem categoria","item":"https:\/\/newsinfoco.com.br\/inicio\/category\/sem-categoria\/","nextItem":{"@type":"ListItem","@id":"https:\/\/newsinfoco.com.br\/inicio\/prefeitura-de-alagoinhas-inaugura-centro-de-ensino-profissionalizante-da-assistencia-social-cepas-vagas-abertas-para-os-primeiros-cursos-ate-amanha-28\/#listItem","name":"Prefeitura de Alagoinhas inaugura Centro de Ensino Profissionalizante da Assist\u00eancia Social (CEPAS); vagas abertas para os primeiros cursos at\u00e9 amanh\u00e3 (28)"},"previousItem":{"@type":"ListItem","@id":"https:\/\/newsinfoco.com.br\/inicio#listItem","name":"In\u00edcio"}},{"@type":"ListItem","@id":"https:\/\/newsinfoco.com.br\/inicio\/prefeitura-de-alagoinhas-inaugura-centro-de-ensino-profissionalizante-da-assistencia-social-cepas-vagas-abertas-para-os-primeiros-cursos-ate-amanha-28\/#listItem","position":3,"name":"Prefeitura de Alagoinhas inaugura Centro de Ensino Profissionalizante da Assist\u00eancia Social (CEPAS); vagas abertas para os primeiros cursos at\u00e9 amanh\u00e3 (28)","previousItem":{"@type":"ListItem","@id":"https:\/\/newsinfoco.com.br\/inicio\/category\/sem-categoria\/#listItem","name":"Sem categoria"}}]},{"@type":"Organization","@id":"https:\/\/newsinfoco.com.br\/inicio\/#organization","name":"News In Foco - Editado por Caio Pimenta","description":"O principal site de noticias de Alagoinhas e regi\u00e3o","url":"https:\/\/newsinfoco.com.br\/inicio\/"},{"@type":"Person","@id":"https:\/\/newsinfoco.com.br\/inicio\/author\/administrador\/#author","url":"https:\/\/newsinfoco.com.br\/inicio\/author\/administrador\/","name":"administrador","image":{"@type":"ImageObject","@id":"https:\/\/newsinfoco.com.br\/inicio\/prefeitura-de-alagoinhas-inaugura-centro-de-ensino-profissionalizante-da-assistencia-social-cepas-vagas-abertas-para-os-primeiros-cursos-ate-amanha-28\/#authorImage","url":"https:\/\/secure.gravatar.com\/avatar\/c17a617433de8c1dc9584bb79aab7563b46f5bb7e1728c9b17d9cc3ce6a08e49?s=96&d=mm&r=g","width":96,"height":96,"caption":"administrador"}},{"@type":"WebPage","@id":"https:\/\/newsinfoco.com.br\/inicio\/prefeitura-de-alagoinhas-inaugura-centro-de-ensino-profissionalizante-da-assistencia-social-cepas-vagas-abertas-para-os-primeiros-cursos-ate-amanha-28\/#webpage","url":"https:\/\/newsinfoco.com.br\/inicio\/prefeitura-de-alagoinhas-inaugura-centro-de-ensino-profissionalizante-da-assistencia-social-cepas-vagas-abertas-para-os-primeiros-cursos-ate-amanha-28\/","name":"Prefeitura de Alagoinhas inaugura Centro de Ensino Profissionalizante da Assist\u00eancia Social (CEPAS); vagas abertas para os primeiros cursos at\u00e9 amanh\u00e3 (28) - News In Foco - Editado por Caio Pimenta","description":"Em uma cerim\u00f4nia marcada por entusiasmo e expectativas, a Prefeitura de Alagoinhas, por meio da Secretaria de Assist\u00eancia Social (SEMAS), inaugurou o Centro de Ensino Profissionalizante da Assist\u00eancia Social (CEPAS). Este centro surge como uma conquista significativa para a comunidade, proporcionando estrutura completa para a oferta de cursos profissionalizantes que garantem a dignidade e a","inLanguage":"pt-BR","isPartOf":{"@id":"https:\/\/newsinfoco.com.br\/inicio\/#website"},"breadcrumb":{"@id":"https:\/\/newsinfoco.com.br\/inicio\/prefeitura-de-alagoinhas-inaugura-centro-de-ensino-profissionalizante-da-assistencia-social-cepas-vagas-abertas-para-os-primeiros-cursos-ate-amanha-28\/#breadcrumblist"},"author":{"@id":"https:\/\/newsinfoco.com.br\/inicio\/author\/administrador\/#author"},"creator":{"@id":"https:\/\/newsinfoco.com.br\/inicio\/author\/administrador\/#author"},"image":{"@type":"ImageObject","url":"https:\/\/newsinfoco.com.br\/inicio\/wp-content\/uploads\/2024\/05\/semas.jpg","@id":"https:\/\/newsinfoco.com.br\/inicio\/prefeitura-de-alagoinhas-inaugura-centro-de-ensino-profissionalizante-da-assistencia-social-cepas-vagas-abertas-para-os-primeiros-cursos-ate-amanha-28\/#mainImage","width":1600,"height":1066},"primaryImageOfPage":{"@id":"https:\/\/newsinfoco.com.br\/inicio\/prefeitura-de-alagoinhas-inaugura-centro-de-ensino-profissionalizante-da-assistencia-social-cepas-vagas-abertas-para-os-primeiros-cursos-ate-amanha-28\/#mainImage"},"datePublished":"2024-05-27T18:22:32-03:00","dateModified":"2024-05-27T18:22:32-03:00"},{"@type":"WebSite","@id":"https:\/\/newsinfoco.com.br\/inicio\/#website","url":"https:\/\/newsinfoco.com.br\/inicio\/","name":"News In Foco - Editado por Caio Pimenta","description":"O principal site de noticias de Alagoinhas e regi\u00e3o","inLanguage":"pt-BR","publisher":{"@id":"https:\/\/newsinfoco.com.br\/inicio\/#organization"}}]},"og:locale":"pt_BR","og:site_name":"News In Foco - Editado por Caio Pimenta - O principal site de noticias de Alagoinhas e regi\u00e3o","og:type":"article","og:title":"Prefeitura de Alagoinhas inaugura Centro de Ensino Profissionalizante da Assist\u00eancia Social (CEPAS); vagas abertas para os primeiros cursos at\u00e9 amanh\u00e3 (28) - News In Foco - Editado por Caio Pimenta","og:description":"Em uma cerim\u00f4nia marcada por entusiasmo e expectativas, a Prefeitura de Alagoinhas, por meio da Secretaria de Assist\u00eancia Social (SEMAS), inaugurou o Centro de Ensino Profissionalizante da Assist\u00eancia Social (CEPAS). Este centro surge como uma conquista significativa para a comunidade, proporcionando estrutura completa para a oferta de cursos profissionalizantes que garantem a dignidade e a","og:url":"https:\/\/newsinfoco.com.br\/inicio\/prefeitura-de-alagoinhas-inaugura-centro-de-ensino-profissionalizante-da-assistencia-social-cepas-vagas-abertas-para-os-primeiros-cursos-ate-amanha-28\/","article:published_time":"2024-05-27T21:22:32+00:00","article:modified_time":"2024-05-27T21:22:32+00:00","twitter:card":"summary_large_image","twitter:title":"Prefeitura de Alagoinhas inaugura Centro de Ensino Profissionalizante da Assist\u00eancia Social (CEPAS); vagas abertas para os primeiros cursos at\u00e9 amanh\u00e3 (28) - News In Foco - Editado por Caio Pimenta","twitter:description":"Em uma cerim\u00f4nia marcada por entusiasmo e expectativas, a Prefeitura de Alagoinhas, por meio da Secretaria de Assist\u00eancia Social (SEMAS), inaugurou o Centro de Ensino Profissionalizante da Assist\u00eancia Social (CEPAS). Este centro surge como uma conquista significativa para a comunidade, proporcionando estrutura completa para a oferta de cursos profissionalizantes que garantem a dignidade e a"},"aioseo_meta_data":{"post_id":"36135","title":null,"description":null,"keywords":[],"keyphrases":{"focus":{"keyphrase":"","score":0,"analysis":{"keyphraseInTitle":{"score":0,"maxScore":9,"error":1}}},"additional":[]},"primary_term":null,"canonical_url":null,"og_title":null,"og_description":null,"og_object_type":"default","og_image_type":"default","og_image_url":null,"og_image_width":null,"og_image_height":null,"og_image_custom_url":null,"og_image_custom_fields":null,"og_video":"","og_custom_url":null,"og_article_section":null,"og_article_tags":[],"twitter_use_og":false,"twitter_card":"default","twitter_image_type":"default","twitter_image_url":null,"twitter_image_custom_url":null,"twitter_image_custom_fields":null,"twitter_title":null,"twitter_description":null,"schema":{"blockGraphs":[],"customGraphs":[],"default":{"data":{"Article":[],"Course":[],"Dataset":[],"FAQPage":[],"Movie":[],"Person":[],"Product":[],"ProductReview":[],"Car":[],"Recipe":[],"Service":[],"SoftwareApplication":[],"WebPage":[]},"graphName":"BlogPosting","isEnabled":true},"graphs":[]},"schema_type":"default","schema_type_options":null,"pillar_content":false,"robots_default":true,"robots_noindex":false,"robots_noarchive":false,"robots_nosnippet":false,"robots_nofollow":false,"robots_noimageindex":false,"robots_noodp":false,"robots_notranslate":false,"robots_max_snippet":"-1","robots_max_videopreview":"-1","robots_max_imagepreview":"large","priority":null,"frequency":"default","local_seo":null,"breadcrumb_settings":null,"limit_modified_date":false,"ai":null,"created":"2024-05-27 21:18:30","updated":"2025-07-11 10:44:49","seo_analyzer_scan_date":null},"aioseo_breadcrumb":"<div class=\"aioseo-breadcrumbs\"><span class=\"aioseo-breadcrumb\">\n\t\t\t<a href=\"https:\/\/newsinfoco.com.br\/inicio\" title=\"In\u00edcio\">In\u00edcio<\/a>\n\t\t<\/span><span class=\"aioseo-breadcrumb-separator\">&raquo;<\/span><span class=\"aioseo-breadcrumb\">\n\t\t\t<a href=\"https:\/\/newsinfoco.com.br\/inicio\/category\/sem-categoria\/\" title=\"Sem categoria\">Sem categoria<\/a>\n\t\t<\/span><span class=\"aioseo-breadcrumb-separator\">&raquo;<\/span><span class=\"aioseo-breadcrumb\">\n\t\t\tPrefeitura de Alagoinhas inaugura Centro de Ensino Profissionalizante da Assist\u00eancia Social (CEPAS); vagas abertas para os primeiros cursos at\u00e9 amanh\u00e3 (28)\n\t\t<\/span><\/div>","aioseo_breadcrumb_json":[{"label":"In\u00edcio","link":"https:\/\/newsinfoco.com.br\/inicio"},{"label":"Sem categoria","link":"https:\/\/newsinfoco.com.br\/inicio\/category\/sem-categoria\/"},{"label":"Prefeitura de Alagoinhas inaugura Centro de Ensino Profissionalizante da Assist\u00eancia Social (CEPAS); vagas abertas para os primeiros cursos at\u00e9 amanh\u00e3 (28)","link":"https:\/\/newsinfoco.com.br\/inicio\/prefeitura-de-alagoinhas-inaugura-centro-de-ensino-profissionalizante-da-assistencia-social-cepas-vagas-abertas-para-os-primeiros-cursos-ate-amanha-28\/"}],"_links":{"self":[{"href":"https:\/\/newsinfoco.com.br\/inicio\/wp-json\/wp\/v2\/posts\/36135","targetHints":{"allow":["GET"]}}],"collection":[{"href":"https:\/\/newsinfoco.com.br\/inicio\/wp-json\/wp\/v2\/posts"}],"about":[{"href":"https:\/\/newsinfoco.com.br\/inicio\/wp-json\/wp\/v2\/types\/post"}],"author":[{"embeddable":true,"href":"https:\/\/newsinfoco.com.br\/inicio\/wp-json\/wp\/v2\/users\/1"}],"replies":[{"embeddable":true,"href":"https:\/\/newsinfoco.com.br\/inicio\/wp-json\/wp\/v2\/comments?post=36135"}],"version-history":[{"count":1,"href":"https:\/\/newsinfoco.com.br\/inicio\/wp-json\/wp\/v2\/posts\/36135\/revisions"}],"predecessor-version":[{"id":36137,"href":"https:\/\/newsinfoco.com.br\/inicio\/wp-json\/wp\/v2\/posts\/36135\/revisions\/36137"}],"wp:featuredmedia":[{"embeddable":true,"href":"https:\/\/newsinfoco.com.br\/inicio\/wp-json\/wp\/v2\/media\/36136"}],"wp:attachment":[{"href":"https:\/\/newsinfoco.com.br\/inicio\/wp-json\/wp\/v2\/media?parent=36135"}],"wp:term":[{"taxonomy":"category","embeddable":true,"href":"https:\/\/newsinfoco.com.br\/inicio\/wp-json\/wp\/v2\/categories?post=36135"},{"taxonomy":"post_tag","embeddable":true,"href":"https:\/\/newsinfoco.com.br\/inicio\/wp-json\/wp\/v2\/tags?post=36135"}],"curies":[{"name":"wp","href":"https:\/\/api.w.org\/{rel}","templated":true}]}}