{"id":36138,"date":"2024-05-28T18:27:53","date_gmt":"2024-05-28T21:27:53","guid":{"rendered":"https:\/\/newsinfoco.com.br\/inicio\/?p=36138"},"modified":"2024-05-28T18:27:53","modified_gmt":"2024-05-28T21:27:53","slug":"presidente-da-assembleia-legislativa-da-bahia-veta-acesso-de-servidores-estaduais-as-galerias-e-e-alvo-de-protestos","status":"publish","type":"post","link":"https:\/\/newsinfoco.com.br\/inicio\/presidente-da-assembleia-legislativa-da-bahia-veta-acesso-de-servidores-estaduais-as-galerias-e-e-alvo-de-protestos\/","title":{"rendered":"Presidente da Assembleia Legislativa da Bahia veta acesso de servidores estaduais \u00e0s galerias e \u00e9 alvo de protestos"},"content":{"rendered":"<p>Gerou protestos a decis\u00e3o do presidente da Assembleia Legislativa da Bahia (AL-BA), deputado Adolfo Menezes (PSD), de impedir o acesso de servidores estaduais \u00e0s galerias da Casa na sess\u00e3o desta ter\u00e7a-feira (28), quando ser\u00e1 votada a proposta de reajuste de 4% para a categoria. Os sindicatos pedem 10%.<\/p>\n<p>Os servidores que foram \u00e0 sede do Legislativo ficaram acomodados no sagu\u00e3o ao lado do plen\u00e1rio, onde foi instalado um tel\u00e3o para transmiss\u00e3o ao vivo da vota\u00e7\u00e3o.<\/p>\n<p>O veto \u00e0s galerias foi alvo de severas cr\u00edticas. No plen\u00e1rio, o deputado Hilton Coelho (PSOL) disse que a medida promovia uma esp\u00e9cie de \u201csess\u00e3o secreta\u201d.<\/p>\n<p>\u201cQue Casa do povo \u00e9 essa? Onde \u00e9 que n\u00f3s temos democracia? Paz sem voz n\u00e3o \u00e9 paz, \u00e9 medo, j\u00e1 diria o poeta. N\u00e3o existe n\u00f3s considerarmos que deputado n\u00e3o pode ser vaiado\u201d, protestou Coelho.<\/p>\n<p>Do lado de fora, os servidores gritavam palavras de ordem contra o presidente Adolfo com extens\u00f5es ao governador Jer\u00f4nimo Rodrigues (PT).<\/p>\n<p>\u201cSe fosse para acompanhar pelo tel\u00e3o, as pessoas ficavam em casa\u201d, emendou Hilton, que chegou a pedir que a quest\u00e3o fosse submetida ao plen\u00e1rio.<\/p>\n<p>Alan Sanches (Uni\u00e3o Brasil), l\u00edder da oposi\u00e7\u00e3o, tamb\u00e9m pediu que a medida fosse ponderada. O pedido foi negado pela presid\u00eancia.<\/p>\n<p>\u201cEu pensei que a Assembleia estava sendo invadida por algum grupo terrorista\u201d, iniciou o deputado Sandro R\u00e9gis (Uni\u00e3o Brasil), ao falar sobre o refor\u00e7o policial presente nos corredores da Casa.<\/p>\n<p>\u201cN\u00e3o \u00e9 certo os servidores usarem as galerias para agredir deputado, mas tamb\u00e9m n\u00e3o \u00e9 certo a Casa tratar o servidor como bandido. Tem que ter o equil\u00edbrio em tudo. Tem que ter o equil\u00edbrio dos servidores nas suas manifesta\u00e7\u00f5es, mas tem que ter o equil\u00edbrio da Casa para que os servidores assistam como os 63 deputados votaram\u201d, ponderou.<\/p>\n<p>&nbsp;<\/p>\n<p><span class=\"assinatura_exclusiva\">Pol\u00edtica Livre<\/span><\/p>\n<div class='share-to-whatsapp-wrapper'><div class='share-on-whsp'>Share on: <\/div><a data-text='Presidente da Assembleia Legislativa da Bahia veta acesso de servidores estaduais \u00e0s galerias e \u00e9 alvo de protestos' data-link='https:\/\/newsinfoco.com.br\/inicio\/presidente-da-assembleia-legislativa-da-bahia-veta-acesso-de-servidores-estaduais-as-galerias-e-e-alvo-de-protestos\/' class='whatsapp-button whatsapp-share'>WhatsApp<\/a><div class='clear '><\/div><\/div>","protected":false},"excerpt":{"rendered":"<p>Gerou protestos a decis\u00e3o do presidente da Assembleia Legislativa da Bahia (AL-BA), deputado Adolfo Menezes (PSD), de impedir o acesso de servidores estaduais \u00e0s galerias da Casa na sess\u00e3o desta ter\u00e7a-feira (28), quando ser\u00e1 votada a proposta de reajuste de 4% para a categoria. Os sindicatos pedem 10%. Os servidores que foram \u00e0 sede do [&hellip;]<\/p>\n","protected":false},"author":1,"featured_media":30366,"comment_status":"closed","ping_status":"closed","sticky":false,"template":"","format":"standard","meta":{"om_disable_all_campaigns":false,"rop_custom_images_group":[],"rop_custom_messages_group":[],"rop_publish_now":"initial","rop_publish_now_accounts":[],"rop_publish_now_history":[],"rop_publish_now_status":"pending","_exactmetrics_skip_tracking":false,"footnotes":""},"categories":[19],"tags":[],"class_list":["post-36138","post","type-post","status-publish","format-standard","has-post-thumbnail","hentry","category-bahia"],"aioseo_notices":[],"aioseo_head":"\n\t\t<!-- All in One SEO 4.9.10 - aioseo.com -->\n\t<meta name=\"description\" content=\"Gerou protestos a decis\u00e3o do presidente da Assembleia Legislativa da Bahia (AL-BA), deputado Adolfo Menezes (PSD), de impedir o acesso de servidores estaduais \u00e0s galerias da Casa na sess\u00e3o desta ter\u00e7a-feira (28), quando ser\u00e1 votada a proposta de reajuste de 4% para a categoria. Os sindicatos pedem 10%. Os servidores que foram \u00e0 sede do\" \/>\n\t<meta name=\"robots\" content=\"max-image-preview:large\" \/>\n\t<meta name=\"author\" content=\"administrador\"\/>\n\t<link rel=\"canonical\" href=\"https:\/\/newsinfoco.com.br\/inicio\/presidente-da-assembleia-legislativa-da-bahia-veta-acesso-de-servidores-estaduais-as-galerias-e-e-alvo-de-protestos\/\" \/>\n\t<meta name=\"generator\" content=\"All in One SEO (AIOSEO) 4.9.10\" \/>\n\t\t<meta property=\"og:locale\" content=\"pt_BR\" \/>\n\t\t<meta property=\"og:site_name\" content=\"News In Foco - Editado por Caio Pimenta - O principal site de noticias de Alagoinhas e regi\u00e3o\" \/>\n\t\t<meta property=\"og:type\" content=\"article\" \/>\n\t\t<meta property=\"og:title\" content=\"Presidente da Assembleia Legislativa da Bahia veta acesso de servidores estaduais \u00e0s galerias e \u00e9 alvo de protestos - News In Foco - Editado por Caio Pimenta\" \/>\n\t\t<meta property=\"og:description\" content=\"Gerou protestos a decis\u00e3o do presidente da Assembleia Legislativa da Bahia (AL-BA), deputado Adolfo Menezes (PSD), de impedir o acesso de servidores estaduais \u00e0s galerias da Casa na sess\u00e3o desta ter\u00e7a-feira (28), quando ser\u00e1 votada a proposta de reajuste de 4% para a categoria. Os sindicatos pedem 10%. Os servidores que foram \u00e0 sede do\" \/>\n\t\t<meta property=\"og:url\" content=\"https:\/\/newsinfoco.com.br\/inicio\/presidente-da-assembleia-legislativa-da-bahia-veta-acesso-de-servidores-estaduais-as-galerias-e-e-alvo-de-protestos\/\" \/>\n\t\t<meta property=\"article:published_time\" content=\"2024-05-28T21:27:53+00:00\" \/>\n\t\t<meta property=\"article:modified_time\" content=\"2024-05-28T21:27:53+00:00\" \/>\n\t\t<meta name=\"twitter:card\" content=\"summary_large_image\" \/>\n\t\t<meta name=\"twitter:title\" content=\"Presidente da Assembleia Legislativa da Bahia veta acesso de servidores estaduais \u00e0s galerias e \u00e9 alvo de protestos - News In Foco - Editado por Caio Pimenta\" \/>\n\t\t<meta name=\"twitter:description\" content=\"Gerou protestos a decis\u00e3o do presidente da Assembleia Legislativa da Bahia (AL-BA), deputado Adolfo Menezes (PSD), de impedir o acesso de servidores estaduais \u00e0s galerias da Casa na sess\u00e3o desta ter\u00e7a-feira (28), quando ser\u00e1 votada a proposta de reajuste de 4% para a categoria. Os sindicatos pedem 10%. Os servidores que foram \u00e0 sede do\" \/>\n\t\t<script type=\"application\/ld+json\" class=\"aioseo-schema\">\n\t\t\t{\"@context\":\"https:\\\/\\\/schema.org\",\"@graph\":[{\"@type\":\"BlogPosting\",\"@id\":\"https:\\\/\\\/newsinfoco.com.br\\\/inicio\\\/presidente-da-assembleia-legislativa-da-bahia-veta-acesso-de-servidores-estaduais-as-galerias-e-e-alvo-de-protestos\\\/#blogposting\",\"name\":\"Presidente da Assembleia Legislativa da Bahia veta acesso de servidores estaduais \\u00e0s galerias e \\u00e9 alvo de protestos - News In Foco - Editado por Caio Pimenta\",\"headline\":\"Presidente da Assembleia Legislativa da Bahia veta acesso de servidores estaduais \\u00e0s galerias e \\u00e9 alvo de protestos\",\"author\":{\"@id\":\"https:\\\/\\\/newsinfoco.com.br\\\/inicio\\\/author\\\/administrador\\\/#author\"},\"publisher\":{\"@id\":\"https:\\\/\\\/newsinfoco.com.br\\\/inicio\\\/#organization\"},\"image\":{\"@type\":\"ImageObject\",\"url\":\"https:\\\/\\\/newsinfoco.com.br\\\/inicio\\\/wp-content\\\/uploads\\\/2022\\\/06\\\/adolfomenezes2.jpg\",\"width\":952,\"height\":535},\"datePublished\":\"2024-05-28T18:27:53-03:00\",\"dateModified\":\"2024-05-28T18:27:53-03:00\",\"inLanguage\":\"pt-BR\",\"mainEntityOfPage\":{\"@id\":\"https:\\\/\\\/newsinfoco.com.br\\\/inicio\\\/presidente-da-assembleia-legislativa-da-bahia-veta-acesso-de-servidores-estaduais-as-galerias-e-e-alvo-de-protestos\\\/#webpage\"},\"isPartOf\":{\"@id\":\"https:\\\/\\\/newsinfoco.com.br\\\/inicio\\\/presidente-da-assembleia-legislativa-da-bahia-veta-acesso-de-servidores-estaduais-as-galerias-e-e-alvo-de-protestos\\\/#webpage\"},\"articleSection\":\"Bahia\"},{\"@type\":\"BreadcrumbList\",\"@id\":\"https:\\\/\\\/newsinfoco.com.br\\\/inicio\\\/presidente-da-assembleia-legislativa-da-bahia-veta-acesso-de-servidores-estaduais-as-galerias-e-e-alvo-de-protestos\\\/#breadcrumblist\",\"itemListElement\":[{\"@type\":\"ListItem\",\"@id\":\"https:\\\/\\\/newsinfoco.com.br\\\/inicio#listItem\",\"position\":1,\"name\":\"In\\u00edcio\",\"item\":\"https:\\\/\\\/newsinfoco.com.br\\\/inicio\",\"nextItem\":{\"@type\":\"ListItem\",\"@id\":\"https:\\\/\\\/newsinfoco.com.br\\\/inicio\\\/category\\\/bahia\\\/#listItem\",\"name\":\"Bahia\"}},{\"@type\":\"ListItem\",\"@id\":\"https:\\\/\\\/newsinfoco.com.br\\\/inicio\\\/category\\\/bahia\\\/#listItem\",\"position\":2,\"name\":\"Bahia\",\"item\":\"https:\\\/\\\/newsinfoco.com.br\\\/inicio\\\/category\\\/bahia\\\/\",\"nextItem\":{\"@type\":\"ListItem\",\"@id\":\"https:\\\/\\\/newsinfoco.com.br\\\/inicio\\\/presidente-da-assembleia-legislativa-da-bahia-veta-acesso-de-servidores-estaduais-as-galerias-e-e-alvo-de-protestos\\\/#listItem\",\"name\":\"Presidente da Assembleia Legislativa da Bahia veta acesso de servidores estaduais \\u00e0s galerias e \\u00e9 alvo de protestos\"},\"previousItem\":{\"@type\":\"ListItem\",\"@id\":\"https:\\\/\\\/newsinfoco.com.br\\\/inicio#listItem\",\"name\":\"In\\u00edcio\"}},{\"@type\":\"ListItem\",\"@id\":\"https:\\\/\\\/newsinfoco.com.br\\\/inicio\\\/presidente-da-assembleia-legislativa-da-bahia-veta-acesso-de-servidores-estaduais-as-galerias-e-e-alvo-de-protestos\\\/#listItem\",\"position\":3,\"name\":\"Presidente da Assembleia Legislativa da Bahia veta acesso de servidores estaduais \\u00e0s galerias e \\u00e9 alvo de protestos\",\"previousItem\":{\"@type\":\"ListItem\",\"@id\":\"https:\\\/\\\/newsinfoco.com.br\\\/inicio\\\/category\\\/bahia\\\/#listItem\",\"name\":\"Bahia\"}}]},{\"@type\":\"Organization\",\"@id\":\"https:\\\/\\\/newsinfoco.com.br\\\/inicio\\\/#organization\",\"name\":\"News In Foco - Editado por Caio Pimenta\",\"description\":\"O principal site de noticias de Alagoinhas e regi\\u00e3o\",\"url\":\"https:\\\/\\\/newsinfoco.com.br\\\/inicio\\\/\"},{\"@type\":\"Person\",\"@id\":\"https:\\\/\\\/newsinfoco.com.br\\\/inicio\\\/author\\\/administrador\\\/#author\",\"url\":\"https:\\\/\\\/newsinfoco.com.br\\\/inicio\\\/author\\\/administrador\\\/\",\"name\":\"administrador\",\"image\":{\"@type\":\"ImageObject\",\"@id\":\"https:\\\/\\\/newsinfoco.com.br\\\/inicio\\\/presidente-da-assembleia-legislativa-da-bahia-veta-acesso-de-servidores-estaduais-as-galerias-e-e-alvo-de-protestos\\\/#authorImage\",\"url\":\"https:\\\/\\\/secure.gravatar.com\\\/avatar\\\/c17a617433de8c1dc9584bb79aab7563b46f5bb7e1728c9b17d9cc3ce6a08e49?s=96&d=mm&r=g\",\"width\":96,\"height\":96,\"caption\":\"administrador\"}},{\"@type\":\"WebPage\",\"@id\":\"https:\\\/\\\/newsinfoco.com.br\\\/inicio\\\/presidente-da-assembleia-legislativa-da-bahia-veta-acesso-de-servidores-estaduais-as-galerias-e-e-alvo-de-protestos\\\/#webpage\",\"url\":\"https:\\\/\\\/newsinfoco.com.br\\\/inicio\\\/presidente-da-assembleia-legislativa-da-bahia-veta-acesso-de-servidores-estaduais-as-galerias-e-e-alvo-de-protestos\\\/\",\"name\":\"Presidente da Assembleia Legislativa da Bahia veta acesso de servidores estaduais \\u00e0s galerias e \\u00e9 alvo de protestos - News In Foco - Editado por Caio Pimenta\",\"description\":\"Gerou protestos a decis\\u00e3o do presidente da Assembleia Legislativa da Bahia (AL-BA), deputado Adolfo Menezes (PSD), de impedir o acesso de servidores estaduais \\u00e0s galerias da Casa na sess\\u00e3o desta ter\\u00e7a-feira (28), quando ser\\u00e1 votada a proposta de reajuste de 4% para a categoria. Os sindicatos pedem 10%. Os servidores que foram \\u00e0 sede do\",\"inLanguage\":\"pt-BR\",\"isPartOf\":{\"@id\":\"https:\\\/\\\/newsinfoco.com.br\\\/inicio\\\/#website\"},\"breadcrumb\":{\"@id\":\"https:\\\/\\\/newsinfoco.com.br\\\/inicio\\\/presidente-da-assembleia-legislativa-da-bahia-veta-acesso-de-servidores-estaduais-as-galerias-e-e-alvo-de-protestos\\\/#breadcrumblist\"},\"author\":{\"@id\":\"https:\\\/\\\/newsinfoco.com.br\\\/inicio\\\/author\\\/administrador\\\/#author\"},\"creator\":{\"@id\":\"https:\\\/\\\/newsinfoco.com.br\\\/inicio\\\/author\\\/administrador\\\/#author\"},\"image\":{\"@type\":\"ImageObject\",\"url\":\"https:\\\/\\\/newsinfoco.com.br\\\/inicio\\\/wp-content\\\/uploads\\\/2022\\\/06\\\/adolfomenezes2.jpg\",\"@id\":\"https:\\\/\\\/newsinfoco.com.br\\\/inicio\\\/presidente-da-assembleia-legislativa-da-bahia-veta-acesso-de-servidores-estaduais-as-galerias-e-e-alvo-de-protestos\\\/#mainImage\",\"width\":952,\"height\":535},\"primaryImageOfPage\":{\"@id\":\"https:\\\/\\\/newsinfoco.com.br\\\/inicio\\\/presidente-da-assembleia-legislativa-da-bahia-veta-acesso-de-servidores-estaduais-as-galerias-e-e-alvo-de-protestos\\\/#mainImage\"},\"datePublished\":\"2024-05-28T18:27:53-03:00\",\"dateModified\":\"2024-05-28T18:27:53-03:00\"},{\"@type\":\"WebSite\",\"@id\":\"https:\\\/\\\/newsinfoco.com.br\\\/inicio\\\/#website\",\"url\":\"https:\\\/\\\/newsinfoco.com.br\\\/inicio\\\/\",\"name\":\"News In Foco - Editado por Caio Pimenta\",\"description\":\"O principal site de noticias de Alagoinhas e regi\\u00e3o\",\"inLanguage\":\"pt-BR\",\"publisher\":{\"@id\":\"https:\\\/\\\/newsinfoco.com.br\\\/inicio\\\/#organization\"}}]}\n\t\t<\/script>\n\t\t<!-- All in One SEO -->\n\n","aioseo_head_json":{"title":"Presidente da Assembleia Legislativa da Bahia veta acesso de servidores estaduais \u00e0s galerias e \u00e9 alvo de protestos - News In Foco - Editado por Caio Pimenta","description":"Gerou protestos a decis\u00e3o do presidente da Assembleia Legislativa da Bahia (AL-BA), deputado Adolfo Menezes (PSD), de impedir o acesso de servidores estaduais \u00e0s galerias da Casa na sess\u00e3o desta ter\u00e7a-feira (28), quando ser\u00e1 votada a proposta de reajuste de 4% para a categoria. Os sindicatos pedem 10%. Os servidores que foram \u00e0 sede do","canonical_url":"https:\/\/newsinfoco.com.br\/inicio\/presidente-da-assembleia-legislativa-da-bahia-veta-acesso-de-servidores-estaduais-as-galerias-e-e-alvo-de-protestos\/","robots":"max-image-preview:large","keywords":"","webmasterTools":{"miscellaneous":""},"schema":{"@context":"https:\/\/schema.org","@graph":[{"@type":"BlogPosting","@id":"https:\/\/newsinfoco.com.br\/inicio\/presidente-da-assembleia-legislativa-da-bahia-veta-acesso-de-servidores-estaduais-as-galerias-e-e-alvo-de-protestos\/#blogposting","name":"Presidente da Assembleia Legislativa da Bahia veta acesso de servidores estaduais \u00e0s galerias e \u00e9 alvo de protestos - News In Foco - Editado por Caio Pimenta","headline":"Presidente da Assembleia Legislativa da Bahia veta acesso de servidores estaduais \u00e0s galerias e \u00e9 alvo de protestos","author":{"@id":"https:\/\/newsinfoco.com.br\/inicio\/author\/administrador\/#author"},"publisher":{"@id":"https:\/\/newsinfoco.com.br\/inicio\/#organization"},"image":{"@type":"ImageObject","url":"https:\/\/newsinfoco.com.br\/inicio\/wp-content\/uploads\/2022\/06\/adolfomenezes2.jpg","width":952,"height":535},"datePublished":"2024-05-28T18:27:53-03:00","dateModified":"2024-05-28T18:27:53-03:00","inLanguage":"pt-BR","mainEntityOfPage":{"@id":"https:\/\/newsinfoco.com.br\/inicio\/presidente-da-assembleia-legislativa-da-bahia-veta-acesso-de-servidores-estaduais-as-galerias-e-e-alvo-de-protestos\/#webpage"},"isPartOf":{"@id":"https:\/\/newsinfoco.com.br\/inicio\/presidente-da-assembleia-legislativa-da-bahia-veta-acesso-de-servidores-estaduais-as-galerias-e-e-alvo-de-protestos\/#webpage"},"articleSection":"Bahia"},{"@type":"BreadcrumbList","@id":"https:\/\/newsinfoco.com.br\/inicio\/presidente-da-assembleia-legislativa-da-bahia-veta-acesso-de-servidores-estaduais-as-galerias-e-e-alvo-de-protestos\/#breadcrumblist","itemListElement":[{"@type":"ListItem","@id":"https:\/\/newsinfoco.com.br\/inicio#listItem","position":1,"name":"In\u00edcio","item":"https:\/\/newsinfoco.com.br\/inicio","nextItem":{"@type":"ListItem","@id":"https:\/\/newsinfoco.com.br\/inicio\/category\/bahia\/#listItem","name":"Bahia"}},{"@type":"ListItem","@id":"https:\/\/newsinfoco.com.br\/inicio\/category\/bahia\/#listItem","position":2,"name":"Bahia","item":"https:\/\/newsinfoco.com.br\/inicio\/category\/bahia\/","nextItem":{"@type":"ListItem","@id":"https:\/\/newsinfoco.com.br\/inicio\/presidente-da-assembleia-legislativa-da-bahia-veta-acesso-de-servidores-estaduais-as-galerias-e-e-alvo-de-protestos\/#listItem","name":"Presidente da Assembleia Legislativa da Bahia veta acesso de servidores estaduais \u00e0s galerias e \u00e9 alvo de protestos"},"previousItem":{"@type":"ListItem","@id":"https:\/\/newsinfoco.com.br\/inicio#listItem","name":"In\u00edcio"}},{"@type":"ListItem","@id":"https:\/\/newsinfoco.com.br\/inicio\/presidente-da-assembleia-legislativa-da-bahia-veta-acesso-de-servidores-estaduais-as-galerias-e-e-alvo-de-protestos\/#listItem","position":3,"name":"Presidente da Assembleia Legislativa da Bahia veta acesso de servidores estaduais \u00e0s galerias e \u00e9 alvo de protestos","previousItem":{"@type":"ListItem","@id":"https:\/\/newsinfoco.com.br\/inicio\/category\/bahia\/#listItem","name":"Bahia"}}]},{"@type":"Organization","@id":"https:\/\/newsinfoco.com.br\/inicio\/#organization","name":"News In Foco - Editado por Caio Pimenta","description":"O principal site de noticias de Alagoinhas e regi\u00e3o","url":"https:\/\/newsinfoco.com.br\/inicio\/"},{"@type":"Person","@id":"https:\/\/newsinfoco.com.br\/inicio\/author\/administrador\/#author","url":"https:\/\/newsinfoco.com.br\/inicio\/author\/administrador\/","name":"administrador","image":{"@type":"ImageObject","@id":"https:\/\/newsinfoco.com.br\/inicio\/presidente-da-assembleia-legislativa-da-bahia-veta-acesso-de-servidores-estaduais-as-galerias-e-e-alvo-de-protestos\/#authorImage","url":"https:\/\/secure.gravatar.com\/avatar\/c17a617433de8c1dc9584bb79aab7563b46f5bb7e1728c9b17d9cc3ce6a08e49?s=96&d=mm&r=g","width":96,"height":96,"caption":"administrador"}},{"@type":"WebPage","@id":"https:\/\/newsinfoco.com.br\/inicio\/presidente-da-assembleia-legislativa-da-bahia-veta-acesso-de-servidores-estaduais-as-galerias-e-e-alvo-de-protestos\/#webpage","url":"https:\/\/newsinfoco.com.br\/inicio\/presidente-da-assembleia-legislativa-da-bahia-veta-acesso-de-servidores-estaduais-as-galerias-e-e-alvo-de-protestos\/","name":"Presidente da Assembleia Legislativa da Bahia veta acesso de servidores estaduais \u00e0s galerias e \u00e9 alvo de protestos - News In Foco - Editado por Caio Pimenta","description":"Gerou protestos a decis\u00e3o do presidente da Assembleia Legislativa da Bahia (AL-BA), deputado Adolfo Menezes (PSD), de impedir o acesso de servidores estaduais \u00e0s galerias da Casa na sess\u00e3o desta ter\u00e7a-feira (28), quando ser\u00e1 votada a proposta de reajuste de 4% para a categoria. Os sindicatos pedem 10%. Os servidores que foram \u00e0 sede do","inLanguage":"pt-BR","isPartOf":{"@id":"https:\/\/newsinfoco.com.br\/inicio\/#website"},"breadcrumb":{"@id":"https:\/\/newsinfoco.com.br\/inicio\/presidente-da-assembleia-legislativa-da-bahia-veta-acesso-de-servidores-estaduais-as-galerias-e-e-alvo-de-protestos\/#breadcrumblist"},"author":{"@id":"https:\/\/newsinfoco.com.br\/inicio\/author\/administrador\/#author"},"creator":{"@id":"https:\/\/newsinfoco.com.br\/inicio\/author\/administrador\/#author"},"image":{"@type":"ImageObject","url":"https:\/\/newsinfoco.com.br\/inicio\/wp-content\/uploads\/2022\/06\/adolfomenezes2.jpg","@id":"https:\/\/newsinfoco.com.br\/inicio\/presidente-da-assembleia-legislativa-da-bahia-veta-acesso-de-servidores-estaduais-as-galerias-e-e-alvo-de-protestos\/#mainImage","width":952,"height":535},"primaryImageOfPage":{"@id":"https:\/\/newsinfoco.com.br\/inicio\/presidente-da-assembleia-legislativa-da-bahia-veta-acesso-de-servidores-estaduais-as-galerias-e-e-alvo-de-protestos\/#mainImage"},"datePublished":"2024-05-28T18:27:53-03:00","dateModified":"2024-05-28T18:27:53-03:00"},{"@type":"WebSite","@id":"https:\/\/newsinfoco.com.br\/inicio\/#website","url":"https:\/\/newsinfoco.com.br\/inicio\/","name":"News In Foco - Editado por Caio Pimenta","description":"O principal site de noticias de Alagoinhas e regi\u00e3o","inLanguage":"pt-BR","publisher":{"@id":"https:\/\/newsinfoco.com.br\/inicio\/#organization"}}]},"og:locale":"pt_BR","og:site_name":"News In Foco - Editado por Caio Pimenta - O principal site de noticias de Alagoinhas e regi\u00e3o","og:type":"article","og:title":"Presidente da Assembleia Legislativa da Bahia veta acesso de servidores estaduais \u00e0s galerias e \u00e9 alvo de protestos - News In Foco - Editado por Caio Pimenta","og:description":"Gerou protestos a decis\u00e3o do presidente da Assembleia Legislativa da Bahia (AL-BA), deputado Adolfo Menezes (PSD), de impedir o acesso de servidores estaduais \u00e0s galerias da Casa na sess\u00e3o desta ter\u00e7a-feira (28), quando ser\u00e1 votada a proposta de reajuste de 4% para a categoria. Os sindicatos pedem 10%. Os servidores que foram \u00e0 sede do","og:url":"https:\/\/newsinfoco.com.br\/inicio\/presidente-da-assembleia-legislativa-da-bahia-veta-acesso-de-servidores-estaduais-as-galerias-e-e-alvo-de-protestos\/","article:published_time":"2024-05-28T21:27:53+00:00","article:modified_time":"2024-05-28T21:27:53+00:00","twitter:card":"summary_large_image","twitter:title":"Presidente da Assembleia Legislativa da Bahia veta acesso de servidores estaduais \u00e0s galerias e \u00e9 alvo de protestos - News In Foco - Editado por Caio Pimenta","twitter:description":"Gerou protestos a decis\u00e3o do presidente da Assembleia Legislativa da Bahia (AL-BA), deputado Adolfo Menezes (PSD), de impedir o acesso de servidores estaduais \u00e0s galerias da Casa na sess\u00e3o desta ter\u00e7a-feira (28), quando ser\u00e1 votada a proposta de reajuste de 4% para a categoria. Os sindicatos pedem 10%. Os servidores que foram \u00e0 sede do"},"aioseo_meta_data":{"post_id":"36138","title":null,"description":null,"keywords":[],"keyphrases":{"focus":{"keyphrase":"","score":0,"analysis":{"keyphraseInTitle":{"score":0,"maxScore":9,"error":1}}},"additional":[]},"primary_term":null,"canonical_url":null,"og_title":null,"og_description":null,"og_object_type":"default","og_image_type":"default","og_image_url":null,"og_image_width":null,"og_image_height":null,"og_image_custom_url":null,"og_image_custom_fields":null,"og_video":"","og_custom_url":null,"og_article_section":null,"og_article_tags":[],"twitter_use_og":false,"twitter_card":"default","twitter_image_type":"default","twitter_image_url":null,"twitter_image_custom_url":null,"twitter_image_custom_fields":null,"twitter_title":null,"twitter_description":null,"schema":{"blockGraphs":[],"customGraphs":[],"default":{"data":{"Article":[],"Course":[],"Dataset":[],"FAQPage":[],"Movie":[],"Person":[],"Product":[],"ProductReview":[],"Car":[],"Recipe":[],"Service":[],"SoftwareApplication":[],"WebPage":[]},"graphName":"BlogPosting","isEnabled":true},"graphs":[]},"schema_type":"default","schema_type_options":null,"pillar_content":false,"robots_default":true,"robots_noindex":false,"robots_noarchive":false,"robots_nosnippet":false,"robots_nofollow":false,"robots_noimageindex":false,"robots_noodp":false,"robots_notranslate":false,"robots_max_snippet":"-1","robots_max_videopreview":"-1","robots_max_imagepreview":"large","priority":null,"frequency":"default","local_seo":null,"breadcrumb_settings":null,"limit_modified_date":false,"ai":null,"created":"2024-05-28 21:25:34","updated":"2025-07-11 10:44:49","seo_analyzer_scan_date":null},"aioseo_breadcrumb":"<div class=\"aioseo-breadcrumbs\"><span class=\"aioseo-breadcrumb\">\n\t\t\t<a href=\"https:\/\/newsinfoco.com.br\/inicio\" title=\"In\u00edcio\">In\u00edcio<\/a>\n\t\t<\/span><span class=\"aioseo-breadcrumb-separator\">&raquo;<\/span><span class=\"aioseo-breadcrumb\">\n\t\t\t<a href=\"https:\/\/newsinfoco.com.br\/inicio\/category\/bahia\/\" title=\"Bahia\">Bahia<\/a>\n\t\t<\/span><span class=\"aioseo-breadcrumb-separator\">&raquo;<\/span><span class=\"aioseo-breadcrumb\">\n\t\t\tPresidente da Assembleia Legislativa da Bahia veta acesso de servidores estaduais \u00e0s galerias e \u00e9 alvo de protestos\n\t\t<\/span><\/div>","aioseo_breadcrumb_json":[{"label":"In\u00edcio","link":"https:\/\/newsinfoco.com.br\/inicio"},{"label":"Bahia","link":"https:\/\/newsinfoco.com.br\/inicio\/category\/bahia\/"},{"label":"Presidente da Assembleia Legislativa da Bahia veta acesso de servidores estaduais \u00e0s galerias e \u00e9 alvo de protestos","link":"https:\/\/newsinfoco.com.br\/inicio\/presidente-da-assembleia-legislativa-da-bahia-veta-acesso-de-servidores-estaduais-as-galerias-e-e-alvo-de-protestos\/"}],"_links":{"self":[{"href":"https:\/\/newsinfoco.com.br\/inicio\/wp-json\/wp\/v2\/posts\/36138","targetHints":{"allow":["GET"]}}],"collection":[{"href":"https:\/\/newsinfoco.com.br\/inicio\/wp-json\/wp\/v2\/posts"}],"about":[{"href":"https:\/\/newsinfoco.com.br\/inicio\/wp-json\/wp\/v2\/types\/post"}],"author":[{"embeddable":true,"href":"https:\/\/newsinfoco.com.br\/inicio\/wp-json\/wp\/v2\/users\/1"}],"replies":[{"embeddable":true,"href":"https:\/\/newsinfoco.com.br\/inicio\/wp-json\/wp\/v2\/comments?post=36138"}],"version-history":[{"count":1,"href":"https:\/\/newsinfoco.com.br\/inicio\/wp-json\/wp\/v2\/posts\/36138\/revisions"}],"predecessor-version":[{"id":36139,"href":"https:\/\/newsinfoco.com.br\/inicio\/wp-json\/wp\/v2\/posts\/36138\/revisions\/36139"}],"wp:featuredmedia":[{"embeddable":true,"href":"https:\/\/newsinfoco.com.br\/inicio\/wp-json\/wp\/v2\/media\/30366"}],"wp:attachment":[{"href":"https:\/\/newsinfoco.com.br\/inicio\/wp-json\/wp\/v2\/media?parent=36138"}],"wp:term":[{"taxonomy":"category","embeddable":true,"href":"https:\/\/newsinfoco.com.br\/inicio\/wp-json\/wp\/v2\/categories?post=36138"},{"taxonomy":"post_tag","embeddable":true,"href":"https:\/\/newsinfoco.com.br\/inicio\/wp-json\/wp\/v2\/tags?post=36138"}],"curies":[{"name":"wp","href":"https:\/\/api.w.org\/{rel}","templated":true}]}}