{"id":36140,"date":"2024-05-28T18:46:18","date_gmt":"2024-05-28T21:46:18","guid":{"rendered":"https:\/\/newsinfoco.com.br\/inicio\/?p=36140"},"modified":"2024-05-28T18:46:18","modified_gmt":"2024-05-28T21:46:18","slug":"em-meio-a-protestos-projeto-de-reajuste-salarial-de-servidores-publicos-e-aprovado-na-al-ba","status":"publish","type":"post","link":"https:\/\/newsinfoco.com.br\/inicio\/em-meio-a-protestos-projeto-de-reajuste-salarial-de-servidores-publicos-e-aprovado-na-al-ba\/","title":{"rendered":"Em meio a protestos, projeto de reajuste salarial de servidores p\u00fablicos \u00e9 aprovado na AL-BA"},"content":{"rendered":"<p>Ap\u00f3s muitas idas e vindas, o projeto de reajuste do\u00a0sal\u00e1rio dos servidores p\u00fablicos baianos\u00a0finalmente foi aprovado na Assembleia Legislativa da Bahia (AL-BA). Durante a sess\u00e3o plen\u00e1ria desta ter\u00e7a-feira (28), a maioria dos deputados foi\u00a0favor\u00e1vel\u00a0ao reajuste salarial linear de 4% proposto pelo governo de Jer\u00f4nimo Rodrigues (PT).<\/p>\n<p style=\"font-weight: 400;\">Inclusive, mesmo ap\u00f3s ser adiado na semana passada, havia chance do projeto nem ser pautado hoje. Por\u00e9m, mais cedo, um almo\u00e7o organizado pelo l\u00edder do governo na AL-BA, Rosemberg Pinto (PT) tratou de incluir o item na pauta desta ter\u00e7a, que tamb\u00e9m contou com a vota\u00e7\u00e3o do empr\u00e9stimo de US$ 400 milh\u00f5es (cerca de R$ 2 bilh\u00f5es).<\/p>\n<p style=\"font-weight: 400;\">Durante a sess\u00e3o, Rosemberg e o presidente da AL-BA, Adolfo Menezes (PSD), foram vaiados v\u00e1rias vezes em seus discursos. As galerias da Casa foram esvaziadas ap\u00f3s professores vaiarem os parlamentares.<\/p>\n<p style=\"font-weight: 400;\">Apesar da aprova\u00e7\u00e3o, o reajuste n\u00e3o agradou aos servidores, que exigiam um acr\u00e9scimo de 10%, e direcionaram muitos xingamentos em dire\u00e7\u00e3o aos deputados da ala do governo.<\/p>\n<p>&nbsp;<\/p>\n<p>Bahianoticias<\/p>\n<div class='share-to-whatsapp-wrapper'><div class='share-on-whsp'>Share on: <\/div><a data-text='Em meio a protestos, projeto de reajuste salarial de servidores p\u00fablicos \u00e9 aprovado na AL-BA' data-link='https:\/\/newsinfoco.com.br\/inicio\/em-meio-a-protestos-projeto-de-reajuste-salarial-de-servidores-publicos-e-aprovado-na-al-ba\/' class='whatsapp-button whatsapp-share'>WhatsApp<\/a><div class='clear '><\/div><\/div>","protected":false},"excerpt":{"rendered":"<p>Ap\u00f3s muitas idas e vindas, o projeto de reajuste do\u00a0sal\u00e1rio dos servidores p\u00fablicos baianos\u00a0finalmente foi aprovado na Assembleia Legislativa da Bahia (AL-BA). Durante a sess\u00e3o plen\u00e1ria desta ter\u00e7a-feira (28), a maioria dos deputados foi\u00a0favor\u00e1vel\u00a0ao reajuste salarial linear de 4% proposto pelo governo de Jer\u00f4nimo Rodrigues (PT). Inclusive, mesmo ap\u00f3s ser adiado na semana passada, havia [&hellip;]<\/p>\n","protected":false},"author":1,"featured_media":36141,"comment_status":"closed","ping_status":"closed","sticky":false,"template":"","format":"standard","meta":{"om_disable_all_campaigns":false,"rop_custom_images_group":[],"rop_custom_messages_group":[],"rop_publish_now":"initial","rop_publish_now_accounts":[],"rop_publish_now_history":[],"rop_publish_now_status":"pending","_exactmetrics_skip_tracking":false,"footnotes":""},"categories":[19],"tags":[],"class_list":["post-36140","post","type-post","status-publish","format-standard","has-post-thumbnail","hentry","category-bahia"],"aioseo_notices":[],"aioseo_head":"\n\t\t<!-- All in One SEO 4.9.10 - aioseo.com -->\n\t<meta name=\"description\" content=\"Ap\u00f3s muitas idas e vindas, o projeto de reajuste do sal\u00e1rio dos servidores p\u00fablicos baianos finalmente foi aprovado na Assembleia Legislativa da Bahia (AL-BA). Durante a sess\u00e3o plen\u00e1ria desta ter\u00e7a-feira (28), a maioria dos deputados foi favor\u00e1vel ao reajuste salarial linear de 4% proposto pelo governo de Jer\u00f4nimo Rodrigues (PT). Inclusive, mesmo ap\u00f3s ser adiado na semana passada, havia\" \/>\n\t<meta name=\"robots\" content=\"max-image-preview:large\" \/>\n\t<meta name=\"author\" content=\"administrador\"\/>\n\t<link rel=\"canonical\" href=\"https:\/\/newsinfoco.com.br\/inicio\/em-meio-a-protestos-projeto-de-reajuste-salarial-de-servidores-publicos-e-aprovado-na-al-ba\/\" \/>\n\t<meta name=\"generator\" content=\"All in One SEO (AIOSEO) 4.9.10\" \/>\n\t\t<meta property=\"og:locale\" content=\"pt_BR\" \/>\n\t\t<meta property=\"og:site_name\" content=\"News In Foco - Editado por Caio Pimenta - O principal site de noticias de Alagoinhas e regi\u00e3o\" \/>\n\t\t<meta property=\"og:type\" content=\"article\" \/>\n\t\t<meta property=\"og:title\" content=\"Em meio a protestos, projeto de reajuste salarial de servidores p\u00fablicos \u00e9 aprovado na AL-BA - News In Foco - Editado por Caio Pimenta\" \/>\n\t\t<meta property=\"og:description\" content=\"Ap\u00f3s muitas idas e vindas, o projeto de reajuste do sal\u00e1rio dos servidores p\u00fablicos baianos finalmente foi aprovado na Assembleia Legislativa da Bahia (AL-BA). Durante a sess\u00e3o plen\u00e1ria desta ter\u00e7a-feira (28), a maioria dos deputados foi favor\u00e1vel ao reajuste salarial linear de 4% proposto pelo governo de Jer\u00f4nimo Rodrigues (PT). Inclusive, mesmo ap\u00f3s ser adiado na semana passada, havia\" \/>\n\t\t<meta property=\"og:url\" content=\"https:\/\/newsinfoco.com.br\/inicio\/em-meio-a-protestos-projeto-de-reajuste-salarial-de-servidores-publicos-e-aprovado-na-al-ba\/\" \/>\n\t\t<meta property=\"article:published_time\" content=\"2024-05-28T21:46:18+00:00\" \/>\n\t\t<meta property=\"article:modified_time\" content=\"2024-05-28T21:46:18+00:00\" \/>\n\t\t<meta name=\"twitter:card\" content=\"summary_large_image\" \/>\n\t\t<meta name=\"twitter:title\" content=\"Em meio a protestos, projeto de reajuste salarial de servidores p\u00fablicos \u00e9 aprovado na AL-BA - News In Foco - Editado por Caio Pimenta\" \/>\n\t\t<meta name=\"twitter:description\" content=\"Ap\u00f3s muitas idas e vindas, o projeto de reajuste do sal\u00e1rio dos servidores p\u00fablicos baianos finalmente foi aprovado na Assembleia Legislativa da Bahia (AL-BA). Durante a sess\u00e3o plen\u00e1ria desta ter\u00e7a-feira (28), a maioria dos deputados foi favor\u00e1vel ao reajuste salarial linear de 4% proposto pelo governo de Jer\u00f4nimo Rodrigues (PT). Inclusive, mesmo ap\u00f3s ser adiado na semana passada, havia\" \/>\n\t\t<script type=\"application\/ld+json\" class=\"aioseo-schema\">\n\t\t\t{\"@context\":\"https:\\\/\\\/schema.org\",\"@graph\":[{\"@type\":\"BlogPosting\",\"@id\":\"https:\\\/\\\/newsinfoco.com.br\\\/inicio\\\/em-meio-a-protestos-projeto-de-reajuste-salarial-de-servidores-publicos-e-aprovado-na-al-ba\\\/#blogposting\",\"name\":\"Em meio a protestos, projeto de reajuste salarial de servidores p\\u00fablicos \\u00e9 aprovado na AL-BA - News In Foco - Editado por Caio Pimenta\",\"headline\":\"Em meio a protestos, projeto de reajuste salarial de servidores p\\u00fablicos \\u00e9 aprovado na AL-BA\",\"author\":{\"@id\":\"https:\\\/\\\/newsinfoco.com.br\\\/inicio\\\/author\\\/administrador\\\/#author\"},\"publisher\":{\"@id\":\"https:\\\/\\\/newsinfoco.com.br\\\/inicio\\\/#organization\"},\"image\":{\"@type\":\"ImageObject\",\"url\":\"https:\\\/\\\/newsinfoco.com.br\\\/inicio\\\/wp-content\\\/uploads\\\/2024\\\/05\\\/alba.webp\",\"width\":1200,\"height\":630},\"datePublished\":\"2024-05-28T18:46:18-03:00\",\"dateModified\":\"2024-05-28T18:46:18-03:00\",\"inLanguage\":\"pt-BR\",\"mainEntityOfPage\":{\"@id\":\"https:\\\/\\\/newsinfoco.com.br\\\/inicio\\\/em-meio-a-protestos-projeto-de-reajuste-salarial-de-servidores-publicos-e-aprovado-na-al-ba\\\/#webpage\"},\"isPartOf\":{\"@id\":\"https:\\\/\\\/newsinfoco.com.br\\\/inicio\\\/em-meio-a-protestos-projeto-de-reajuste-salarial-de-servidores-publicos-e-aprovado-na-al-ba\\\/#webpage\"},\"articleSection\":\"Bahia\"},{\"@type\":\"BreadcrumbList\",\"@id\":\"https:\\\/\\\/newsinfoco.com.br\\\/inicio\\\/em-meio-a-protestos-projeto-de-reajuste-salarial-de-servidores-publicos-e-aprovado-na-al-ba\\\/#breadcrumblist\",\"itemListElement\":[{\"@type\":\"ListItem\",\"@id\":\"https:\\\/\\\/newsinfoco.com.br\\\/inicio#listItem\",\"position\":1,\"name\":\"In\\u00edcio\",\"item\":\"https:\\\/\\\/newsinfoco.com.br\\\/inicio\",\"nextItem\":{\"@type\":\"ListItem\",\"@id\":\"https:\\\/\\\/newsinfoco.com.br\\\/inicio\\\/category\\\/bahia\\\/#listItem\",\"name\":\"Bahia\"}},{\"@type\":\"ListItem\",\"@id\":\"https:\\\/\\\/newsinfoco.com.br\\\/inicio\\\/category\\\/bahia\\\/#listItem\",\"position\":2,\"name\":\"Bahia\",\"item\":\"https:\\\/\\\/newsinfoco.com.br\\\/inicio\\\/category\\\/bahia\\\/\",\"nextItem\":{\"@type\":\"ListItem\",\"@id\":\"https:\\\/\\\/newsinfoco.com.br\\\/inicio\\\/em-meio-a-protestos-projeto-de-reajuste-salarial-de-servidores-publicos-e-aprovado-na-al-ba\\\/#listItem\",\"name\":\"Em meio a protestos, projeto de reajuste salarial de servidores p\\u00fablicos \\u00e9 aprovado na AL-BA\"},\"previousItem\":{\"@type\":\"ListItem\",\"@id\":\"https:\\\/\\\/newsinfoco.com.br\\\/inicio#listItem\",\"name\":\"In\\u00edcio\"}},{\"@type\":\"ListItem\",\"@id\":\"https:\\\/\\\/newsinfoco.com.br\\\/inicio\\\/em-meio-a-protestos-projeto-de-reajuste-salarial-de-servidores-publicos-e-aprovado-na-al-ba\\\/#listItem\",\"position\":3,\"name\":\"Em meio a protestos, projeto de reajuste salarial de servidores p\\u00fablicos \\u00e9 aprovado na AL-BA\",\"previousItem\":{\"@type\":\"ListItem\",\"@id\":\"https:\\\/\\\/newsinfoco.com.br\\\/inicio\\\/category\\\/bahia\\\/#listItem\",\"name\":\"Bahia\"}}]},{\"@type\":\"Organization\",\"@id\":\"https:\\\/\\\/newsinfoco.com.br\\\/inicio\\\/#organization\",\"name\":\"News In Foco - Editado por Caio Pimenta\",\"description\":\"O principal site de noticias de Alagoinhas e regi\\u00e3o\",\"url\":\"https:\\\/\\\/newsinfoco.com.br\\\/inicio\\\/\"},{\"@type\":\"Person\",\"@id\":\"https:\\\/\\\/newsinfoco.com.br\\\/inicio\\\/author\\\/administrador\\\/#author\",\"url\":\"https:\\\/\\\/newsinfoco.com.br\\\/inicio\\\/author\\\/administrador\\\/\",\"name\":\"administrador\",\"image\":{\"@type\":\"ImageObject\",\"@id\":\"https:\\\/\\\/newsinfoco.com.br\\\/inicio\\\/em-meio-a-protestos-projeto-de-reajuste-salarial-de-servidores-publicos-e-aprovado-na-al-ba\\\/#authorImage\",\"url\":\"https:\\\/\\\/secure.gravatar.com\\\/avatar\\\/c17a617433de8c1dc9584bb79aab7563b46f5bb7e1728c9b17d9cc3ce6a08e49?s=96&d=mm&r=g\",\"width\":96,\"height\":96,\"caption\":\"administrador\"}},{\"@type\":\"WebPage\",\"@id\":\"https:\\\/\\\/newsinfoco.com.br\\\/inicio\\\/em-meio-a-protestos-projeto-de-reajuste-salarial-de-servidores-publicos-e-aprovado-na-al-ba\\\/#webpage\",\"url\":\"https:\\\/\\\/newsinfoco.com.br\\\/inicio\\\/em-meio-a-protestos-projeto-de-reajuste-salarial-de-servidores-publicos-e-aprovado-na-al-ba\\\/\",\"name\":\"Em meio a protestos, projeto de reajuste salarial de servidores p\\u00fablicos \\u00e9 aprovado na AL-BA - News In Foco - Editado por Caio Pimenta\",\"description\":\"Ap\\u00f3s muitas idas e vindas, o projeto de reajuste do sal\\u00e1rio dos servidores p\\u00fablicos baianos finalmente foi aprovado na Assembleia Legislativa da Bahia (AL-BA). Durante a sess\\u00e3o plen\\u00e1ria desta ter\\u00e7a-feira (28), a maioria dos deputados foi favor\\u00e1vel ao reajuste salarial linear de 4% proposto pelo governo de Jer\\u00f4nimo Rodrigues (PT). Inclusive, mesmo ap\\u00f3s ser adiado na semana passada, havia\",\"inLanguage\":\"pt-BR\",\"isPartOf\":{\"@id\":\"https:\\\/\\\/newsinfoco.com.br\\\/inicio\\\/#website\"},\"breadcrumb\":{\"@id\":\"https:\\\/\\\/newsinfoco.com.br\\\/inicio\\\/em-meio-a-protestos-projeto-de-reajuste-salarial-de-servidores-publicos-e-aprovado-na-al-ba\\\/#breadcrumblist\"},\"author\":{\"@id\":\"https:\\\/\\\/newsinfoco.com.br\\\/inicio\\\/author\\\/administrador\\\/#author\"},\"creator\":{\"@id\":\"https:\\\/\\\/newsinfoco.com.br\\\/inicio\\\/author\\\/administrador\\\/#author\"},\"image\":{\"@type\":\"ImageObject\",\"url\":\"https:\\\/\\\/newsinfoco.com.br\\\/inicio\\\/wp-content\\\/uploads\\\/2024\\\/05\\\/alba.webp\",\"@id\":\"https:\\\/\\\/newsinfoco.com.br\\\/inicio\\\/em-meio-a-protestos-projeto-de-reajuste-salarial-de-servidores-publicos-e-aprovado-na-al-ba\\\/#mainImage\",\"width\":1200,\"height\":630},\"primaryImageOfPage\":{\"@id\":\"https:\\\/\\\/newsinfoco.com.br\\\/inicio\\\/em-meio-a-protestos-projeto-de-reajuste-salarial-de-servidores-publicos-e-aprovado-na-al-ba\\\/#mainImage\"},\"datePublished\":\"2024-05-28T18:46:18-03:00\",\"dateModified\":\"2024-05-28T18:46:18-03:00\"},{\"@type\":\"WebSite\",\"@id\":\"https:\\\/\\\/newsinfoco.com.br\\\/inicio\\\/#website\",\"url\":\"https:\\\/\\\/newsinfoco.com.br\\\/inicio\\\/\",\"name\":\"News In Foco - Editado por Caio Pimenta\",\"description\":\"O principal site de noticias de Alagoinhas e regi\\u00e3o\",\"inLanguage\":\"pt-BR\",\"publisher\":{\"@id\":\"https:\\\/\\\/newsinfoco.com.br\\\/inicio\\\/#organization\"}}]}\n\t\t<\/script>\n\t\t<!-- All in One SEO -->\n\n","aioseo_head_json":{"title":"Em meio a protestos, projeto de reajuste salarial de servidores p\u00fablicos \u00e9 aprovado na AL-BA - News In Foco - Editado por Caio Pimenta","description":"Ap\u00f3s muitas idas e vindas, o projeto de reajuste do sal\u00e1rio dos servidores p\u00fablicos baianos finalmente foi aprovado na Assembleia Legislativa da Bahia (AL-BA). Durante a sess\u00e3o plen\u00e1ria desta ter\u00e7a-feira (28), a maioria dos deputados foi favor\u00e1vel ao reajuste salarial linear de 4% proposto pelo governo de Jer\u00f4nimo Rodrigues (PT). Inclusive, mesmo ap\u00f3s ser adiado na semana passada, havia","canonical_url":"https:\/\/newsinfoco.com.br\/inicio\/em-meio-a-protestos-projeto-de-reajuste-salarial-de-servidores-publicos-e-aprovado-na-al-ba\/","robots":"max-image-preview:large","keywords":"","webmasterTools":{"miscellaneous":""},"schema":{"@context":"https:\/\/schema.org","@graph":[{"@type":"BlogPosting","@id":"https:\/\/newsinfoco.com.br\/inicio\/em-meio-a-protestos-projeto-de-reajuste-salarial-de-servidores-publicos-e-aprovado-na-al-ba\/#blogposting","name":"Em meio a protestos, projeto de reajuste salarial de servidores p\u00fablicos \u00e9 aprovado na AL-BA - News In Foco - Editado por Caio Pimenta","headline":"Em meio a protestos, projeto de reajuste salarial de servidores p\u00fablicos \u00e9 aprovado na AL-BA","author":{"@id":"https:\/\/newsinfoco.com.br\/inicio\/author\/administrador\/#author"},"publisher":{"@id":"https:\/\/newsinfoco.com.br\/inicio\/#organization"},"image":{"@type":"ImageObject","url":"https:\/\/newsinfoco.com.br\/inicio\/wp-content\/uploads\/2024\/05\/alba.webp","width":1200,"height":630},"datePublished":"2024-05-28T18:46:18-03:00","dateModified":"2024-05-28T18:46:18-03:00","inLanguage":"pt-BR","mainEntityOfPage":{"@id":"https:\/\/newsinfoco.com.br\/inicio\/em-meio-a-protestos-projeto-de-reajuste-salarial-de-servidores-publicos-e-aprovado-na-al-ba\/#webpage"},"isPartOf":{"@id":"https:\/\/newsinfoco.com.br\/inicio\/em-meio-a-protestos-projeto-de-reajuste-salarial-de-servidores-publicos-e-aprovado-na-al-ba\/#webpage"},"articleSection":"Bahia"},{"@type":"BreadcrumbList","@id":"https:\/\/newsinfoco.com.br\/inicio\/em-meio-a-protestos-projeto-de-reajuste-salarial-de-servidores-publicos-e-aprovado-na-al-ba\/#breadcrumblist","itemListElement":[{"@type":"ListItem","@id":"https:\/\/newsinfoco.com.br\/inicio#listItem","position":1,"name":"In\u00edcio","item":"https:\/\/newsinfoco.com.br\/inicio","nextItem":{"@type":"ListItem","@id":"https:\/\/newsinfoco.com.br\/inicio\/category\/bahia\/#listItem","name":"Bahia"}},{"@type":"ListItem","@id":"https:\/\/newsinfoco.com.br\/inicio\/category\/bahia\/#listItem","position":2,"name":"Bahia","item":"https:\/\/newsinfoco.com.br\/inicio\/category\/bahia\/","nextItem":{"@type":"ListItem","@id":"https:\/\/newsinfoco.com.br\/inicio\/em-meio-a-protestos-projeto-de-reajuste-salarial-de-servidores-publicos-e-aprovado-na-al-ba\/#listItem","name":"Em meio a protestos, projeto de reajuste salarial de servidores p\u00fablicos \u00e9 aprovado na AL-BA"},"previousItem":{"@type":"ListItem","@id":"https:\/\/newsinfoco.com.br\/inicio#listItem","name":"In\u00edcio"}},{"@type":"ListItem","@id":"https:\/\/newsinfoco.com.br\/inicio\/em-meio-a-protestos-projeto-de-reajuste-salarial-de-servidores-publicos-e-aprovado-na-al-ba\/#listItem","position":3,"name":"Em meio a protestos, projeto de reajuste salarial de servidores p\u00fablicos \u00e9 aprovado na AL-BA","previousItem":{"@type":"ListItem","@id":"https:\/\/newsinfoco.com.br\/inicio\/category\/bahia\/#listItem","name":"Bahia"}}]},{"@type":"Organization","@id":"https:\/\/newsinfoco.com.br\/inicio\/#organization","name":"News In Foco - Editado por Caio Pimenta","description":"O principal site de noticias de Alagoinhas e regi\u00e3o","url":"https:\/\/newsinfoco.com.br\/inicio\/"},{"@type":"Person","@id":"https:\/\/newsinfoco.com.br\/inicio\/author\/administrador\/#author","url":"https:\/\/newsinfoco.com.br\/inicio\/author\/administrador\/","name":"administrador","image":{"@type":"ImageObject","@id":"https:\/\/newsinfoco.com.br\/inicio\/em-meio-a-protestos-projeto-de-reajuste-salarial-de-servidores-publicos-e-aprovado-na-al-ba\/#authorImage","url":"https:\/\/secure.gravatar.com\/avatar\/c17a617433de8c1dc9584bb79aab7563b46f5bb7e1728c9b17d9cc3ce6a08e49?s=96&d=mm&r=g","width":96,"height":96,"caption":"administrador"}},{"@type":"WebPage","@id":"https:\/\/newsinfoco.com.br\/inicio\/em-meio-a-protestos-projeto-de-reajuste-salarial-de-servidores-publicos-e-aprovado-na-al-ba\/#webpage","url":"https:\/\/newsinfoco.com.br\/inicio\/em-meio-a-protestos-projeto-de-reajuste-salarial-de-servidores-publicos-e-aprovado-na-al-ba\/","name":"Em meio a protestos, projeto de reajuste salarial de servidores p\u00fablicos \u00e9 aprovado na AL-BA - News In Foco - Editado por Caio Pimenta","description":"Ap\u00f3s muitas idas e vindas, o projeto de reajuste do sal\u00e1rio dos servidores p\u00fablicos baianos finalmente foi aprovado na Assembleia Legislativa da Bahia (AL-BA). Durante a sess\u00e3o plen\u00e1ria desta ter\u00e7a-feira (28), a maioria dos deputados foi favor\u00e1vel ao reajuste salarial linear de 4% proposto pelo governo de Jer\u00f4nimo Rodrigues (PT). Inclusive, mesmo ap\u00f3s ser adiado na semana passada, havia","inLanguage":"pt-BR","isPartOf":{"@id":"https:\/\/newsinfoco.com.br\/inicio\/#website"},"breadcrumb":{"@id":"https:\/\/newsinfoco.com.br\/inicio\/em-meio-a-protestos-projeto-de-reajuste-salarial-de-servidores-publicos-e-aprovado-na-al-ba\/#breadcrumblist"},"author":{"@id":"https:\/\/newsinfoco.com.br\/inicio\/author\/administrador\/#author"},"creator":{"@id":"https:\/\/newsinfoco.com.br\/inicio\/author\/administrador\/#author"},"image":{"@type":"ImageObject","url":"https:\/\/newsinfoco.com.br\/inicio\/wp-content\/uploads\/2024\/05\/alba.webp","@id":"https:\/\/newsinfoco.com.br\/inicio\/em-meio-a-protestos-projeto-de-reajuste-salarial-de-servidores-publicos-e-aprovado-na-al-ba\/#mainImage","width":1200,"height":630},"primaryImageOfPage":{"@id":"https:\/\/newsinfoco.com.br\/inicio\/em-meio-a-protestos-projeto-de-reajuste-salarial-de-servidores-publicos-e-aprovado-na-al-ba\/#mainImage"},"datePublished":"2024-05-28T18:46:18-03:00","dateModified":"2024-05-28T18:46:18-03:00"},{"@type":"WebSite","@id":"https:\/\/newsinfoco.com.br\/inicio\/#website","url":"https:\/\/newsinfoco.com.br\/inicio\/","name":"News In Foco - Editado por Caio Pimenta","description":"O principal site de noticias de Alagoinhas e regi\u00e3o","inLanguage":"pt-BR","publisher":{"@id":"https:\/\/newsinfoco.com.br\/inicio\/#organization"}}]},"og:locale":"pt_BR","og:site_name":"News In Foco - Editado por Caio Pimenta - O principal site de noticias de Alagoinhas e regi\u00e3o","og:type":"article","og:title":"Em meio a protestos, projeto de reajuste salarial de servidores p\u00fablicos \u00e9 aprovado na AL-BA - News In Foco - Editado por Caio Pimenta","og:description":"Ap\u00f3s muitas idas e vindas, o projeto de reajuste do sal\u00e1rio dos servidores p\u00fablicos baianos finalmente foi aprovado na Assembleia Legislativa da Bahia (AL-BA). Durante a sess\u00e3o plen\u00e1ria desta ter\u00e7a-feira (28), a maioria dos deputados foi favor\u00e1vel ao reajuste salarial linear de 4% proposto pelo governo de Jer\u00f4nimo Rodrigues (PT). Inclusive, mesmo ap\u00f3s ser adiado na semana passada, havia","og:url":"https:\/\/newsinfoco.com.br\/inicio\/em-meio-a-protestos-projeto-de-reajuste-salarial-de-servidores-publicos-e-aprovado-na-al-ba\/","article:published_time":"2024-05-28T21:46:18+00:00","article:modified_time":"2024-05-28T21:46:18+00:00","twitter:card":"summary_large_image","twitter:title":"Em meio a protestos, projeto de reajuste salarial de servidores p\u00fablicos \u00e9 aprovado na AL-BA - News In Foco - Editado por Caio Pimenta","twitter:description":"Ap\u00f3s muitas idas e vindas, o projeto de reajuste do sal\u00e1rio dos servidores p\u00fablicos baianos finalmente foi aprovado na Assembleia Legislativa da Bahia (AL-BA). Durante a sess\u00e3o plen\u00e1ria desta ter\u00e7a-feira (28), a maioria dos deputados foi favor\u00e1vel ao reajuste salarial linear de 4% proposto pelo governo de Jer\u00f4nimo Rodrigues (PT). Inclusive, mesmo ap\u00f3s ser adiado na semana passada, havia"},"aioseo_meta_data":{"post_id":"36140","title":null,"description":null,"keywords":[],"keyphrases":{"focus":{"keyphrase":"","score":0,"analysis":{"keyphraseInTitle":{"score":0,"maxScore":9,"error":1}}},"additional":[]},"primary_term":null,"canonical_url":null,"og_title":null,"og_description":null,"og_object_type":"default","og_image_type":"default","og_image_url":null,"og_image_width":null,"og_image_height":null,"og_image_custom_url":null,"og_image_custom_fields":null,"og_video":"","og_custom_url":null,"og_article_section":null,"og_article_tags":[],"twitter_use_og":false,"twitter_card":"default","twitter_image_type":"default","twitter_image_url":null,"twitter_image_custom_url":null,"twitter_image_custom_fields":null,"twitter_title":null,"twitter_description":null,"schema":{"blockGraphs":[],"customGraphs":[],"default":{"data":{"Article":[],"Course":[],"Dataset":[],"FAQPage":[],"Movie":[],"Person":[],"Product":[],"ProductReview":[],"Car":[],"Recipe":[],"Service":[],"SoftwareApplication":[],"WebPage":[]},"graphName":"BlogPosting","isEnabled":true},"graphs":[]},"schema_type":"default","schema_type_options":null,"pillar_content":false,"robots_default":true,"robots_noindex":false,"robots_noarchive":false,"robots_nosnippet":false,"robots_nofollow":false,"robots_noimageindex":false,"robots_noodp":false,"robots_notranslate":false,"robots_max_snippet":"-1","robots_max_videopreview":"-1","robots_max_imagepreview":"large","priority":null,"frequency":"default","local_seo":null,"breadcrumb_settings":null,"limit_modified_date":false,"ai":null,"created":"2024-05-28 21:46:18","updated":"2025-07-11 10:44:49","seo_analyzer_scan_date":null},"aioseo_breadcrumb":"<div class=\"aioseo-breadcrumbs\"><span class=\"aioseo-breadcrumb\">\n\t\t\t<a href=\"https:\/\/newsinfoco.com.br\/inicio\" title=\"In\u00edcio\">In\u00edcio<\/a>\n\t\t<\/span><span class=\"aioseo-breadcrumb-separator\">&raquo;<\/span><span class=\"aioseo-breadcrumb\">\n\t\t\t<a href=\"https:\/\/newsinfoco.com.br\/inicio\/category\/bahia\/\" title=\"Bahia\">Bahia<\/a>\n\t\t<\/span><span class=\"aioseo-breadcrumb-separator\">&raquo;<\/span><span class=\"aioseo-breadcrumb\">\n\t\t\tEm meio a protestos, projeto de reajuste salarial de servidores p\u00fablicos \u00e9 aprovado na AL-BA\n\t\t<\/span><\/div>","aioseo_breadcrumb_json":[{"label":"In\u00edcio","link":"https:\/\/newsinfoco.com.br\/inicio"},{"label":"Bahia","link":"https:\/\/newsinfoco.com.br\/inicio\/category\/bahia\/"},{"label":"Em meio a protestos, projeto de reajuste salarial de servidores p\u00fablicos \u00e9 aprovado na AL-BA","link":"https:\/\/newsinfoco.com.br\/inicio\/em-meio-a-protestos-projeto-de-reajuste-salarial-de-servidores-publicos-e-aprovado-na-al-ba\/"}],"_links":{"self":[{"href":"https:\/\/newsinfoco.com.br\/inicio\/wp-json\/wp\/v2\/posts\/36140","targetHints":{"allow":["GET"]}}],"collection":[{"href":"https:\/\/newsinfoco.com.br\/inicio\/wp-json\/wp\/v2\/posts"}],"about":[{"href":"https:\/\/newsinfoco.com.br\/inicio\/wp-json\/wp\/v2\/types\/post"}],"author":[{"embeddable":true,"href":"https:\/\/newsinfoco.com.br\/inicio\/wp-json\/wp\/v2\/users\/1"}],"replies":[{"embeddable":true,"href":"https:\/\/newsinfoco.com.br\/inicio\/wp-json\/wp\/v2\/comments?post=36140"}],"version-history":[{"count":1,"href":"https:\/\/newsinfoco.com.br\/inicio\/wp-json\/wp\/v2\/posts\/36140\/revisions"}],"predecessor-version":[{"id":36142,"href":"https:\/\/newsinfoco.com.br\/inicio\/wp-json\/wp\/v2\/posts\/36140\/revisions\/36142"}],"wp:featuredmedia":[{"embeddable":true,"href":"https:\/\/newsinfoco.com.br\/inicio\/wp-json\/wp\/v2\/media\/36141"}],"wp:attachment":[{"href":"https:\/\/newsinfoco.com.br\/inicio\/wp-json\/wp\/v2\/media?parent=36140"}],"wp:term":[{"taxonomy":"category","embeddable":true,"href":"https:\/\/newsinfoco.com.br\/inicio\/wp-json\/wp\/v2\/categories?post=36140"},{"taxonomy":"post_tag","embeddable":true,"href":"https:\/\/newsinfoco.com.br\/inicio\/wp-json\/wp\/v2\/tags?post=36140"}],"curies":[{"name":"wp","href":"https:\/\/api.w.org\/{rel}","templated":true}]}}