{"id":36144,"date":"2024-05-29T14:46:51","date_gmt":"2024-05-29T17:46:51","guid":{"rendered":"https:\/\/newsinfoco.com.br\/inicio\/?p=36144"},"modified":"2024-05-29T14:46:51","modified_gmt":"2024-05-29T17:46:51","slug":"em-nota-conjunta-omea-diocese-de-alagoinhas-e-sicomerciario-reafirmam-fechamento-do-comercio-de-alagoinhas-no-dia-de-corpus-christi","status":"publish","type":"post","link":"https:\/\/newsinfoco.com.br\/inicio\/em-nota-conjunta-omea-diocese-de-alagoinhas-e-sicomerciario-reafirmam-fechamento-do-comercio-de-alagoinhas-no-dia-de-corpus-christi\/","title":{"rendered":"Em nota conjunta, OMEA, Diocese de Alagoinhas e Sicomerci\u00e1rio reafirmam fechamento do com\u00e9rcio de Alagoinhas no dia de Corpus Christi"},"content":{"rendered":"<p>A Diocese de Alagoinhas, a O.M.E.A., (Ordem dos Ministros Evang\u00e9licos de Alagoinhas) e o Sindicato dos Comerci\u00e1rios de Alagoinhas (SICOMERCI\u00c1RIO), em nota p\u00fablica enviada \u00e0 imprensa, refor\u00e7ou o fechamento do com\u00e9rcio nesta quinta-feira(30), em alus\u00e3o ao feriado de Corpus Christi.<\/p>\n<p>Na data est\u00e1 prevista a realiza\u00e7\u00e3o de uma prociss\u00e3o da igreja cat\u00f3lica pela manh\u00e3 e a Marcha para Jesus na parte da tarde, que est\u00e1 sendo organizada por lideran\u00e7as evang\u00e9licas no munic\u00edpio.<\/p>\n<p>Devido a uma lei municipal sancionada em 2023, em Alagoinhas o dia de Corpus Christi \u00e9 considerado feriado municipal. Por\u00e9m, em circular divulgado para a classe empresarial, o sindicato patronal (Sicom\u00e9rcio) informou que o empregador poder\u00e1 abrir seu com\u00e9rcio, desde que remunere o seu empregado a titulo de hora extra, com adicional de 100% sobre o valor da hora normal, vedada a sua compensa\u00e7\u00e3o, conforme prev\u00ea a legisla\u00e7\u00e3o brasileira.<\/p>\n<p>Tal posicionamento n\u00e3o agradou os representantes religiosos, nem a representa\u00e7\u00e3o sindical dos empregados do com\u00e9rcio.<\/p>\n<p>Em nota, eles afirma que &#8220;n\u00e3o existe autoriza\u00e7\u00e3o expressa na Conven\u00e7\u00e3o Coletiva de Trabalho, 2022\/2024, para funcionar o com\u00e9rcio no Feriado de Corpus Christi&#8221; e que o Sicom\u00e9rcio ao divulgar a circular &#8220;n\u00e3o respeita a Lei 2.709\/2023, que determinou o Feriado Municipal de Corpus Christi&#8221;.<\/p>\n<p>As entidades dizem ainda que a atitude do Sicom\u00e9rcio \u00e9 uma falta de respeito\u00a0 com &#8220;os costumes e tradi\u00e7\u00f5es religiosas das pessoas de nosso munic\u00edpio e regi\u00e3o, porque quem trabalhar neste dia estar\u00e1 privado de exercer a sua f\u00e9 em comemora\u00e7\u00e3o ao Corpo de Cristo.<\/p>\n<p>Abaixo, veja na \u00edntegra a nota divulgada:<\/p>\n<p>&nbsp;<\/p>\n<p><strong>FERIADO DE CORPUS CHRISTI. CIRCULAR DO SICOM\u00c9RCIO ALAGOINHAS, (SINDICATO PATRONAL). NOTA EXPLICATIVA P\u00daBLICA, DA DIOCESE DE ALAGOINHAS, DA O.M.E.A., ORDEM DOS MINISTROS EVANG\u00c9LICOS DE ALAGOINHAS) E DO SINDICATO DOS COMERCI\u00c1RIOS DE ALAGOINHAS, (SICOMERCI\u00c1RIO).<\/strong><\/p>\n<p>A Diocese de Alagoinhas, a O.M.E.A., (Ordem dos Ministros Evang\u00e9licos de Alagoinhas e o Sindicato dos Comerci\u00e1rios de Alagoinhas, (SICOMERCI\u00c1RIO), vem a p\u00fablico manifestar sua preocupa\u00e7\u00e3o sobre a Circular do Sicom\u00e9rcio Alagoinhas, (Sindicato Patronal), divulgada na imprensa local, sobre o Feriado de Corpus Christi. Pois, essa Circular trouxe apenas dissabores, controv\u00e9rsias e mal entendido, para Empregados, Empres\u00e1rios e a Popula\u00e7\u00e3o em geral de Alagoinhas e Regi\u00e3o. Sen\u00e3o vejamos: Eles informam que est\u00e1 autorizado o trabalho, mas n\u00e3o existe autoriza\u00e7\u00e3o expressa na Conven\u00e7\u00e3o Coletiva de Trabalho, 2022\/2024, para funcionar o com\u00e9rcio no Feriado de Corpus Christi. N\u00e3o respeita a Lei 2.709\/2023, que determinou o Feriado Municipal de Corpus Christi; circular desrespeitosa, falaciosa e \u201ctendenciosa\u201d. Por \u00faltimo, mas n\u00e3o menos importante, n\u00e3o respeitam os costumes e tradi\u00e7\u00f5es religiosas das pessoas de<br \/>\nnosso Munic\u00edpio e Regi\u00e3o. Por que, quem trabalhar neste dia estar\u00e1 privado de exercer a sua f\u00e9 em comemora\u00e7\u00e3o ao Corpo de Cristo. Tal nota provoca desagrega\u00e7\u00e3o social, considerando que o funcionamento do com\u00e9rcio em dia de feriado, n\u00e3o \u00e9, nunca foi e nunca ser\u00e1 normal, principalmente se tratando do Feriado de Corpus Christi. Esperamos que os Empres\u00e1rios de nosso Munic\u00edpio respeitem o Feriado, os costumes e tradi\u00e7\u00f5es religiosas do nosso Povo. N\u00e3o aceitamos imposi\u00e7\u00e3o. Continuamos abertos ao di\u00e1logo.<\/p>\n<p><strong>Dom Francisco Vidal Bispo<\/strong> Diocese\/Alagoinhas e Regi\u00e3o<\/p>\n<p><strong>Pastor H\u00e9lio J\u00fanior<\/strong> Ordem dos Ministros Evang\u00e9licos de Alagoinhas<\/p>\n<p><strong>Adri\u00e3o Barbosa <\/strong>Presidente do Sicomerci\u00e1rio Alagoinhas e Regi\u00e3o<\/p>\n<p>&nbsp;<\/p>\n<p>Por Caio Pimenta para o News Infoco<\/p>\n<div class='share-to-whatsapp-wrapper'><div class='share-on-whsp'>Share on: <\/div><a data-text='Em nota conjunta, OMEA, Diocese de Alagoinhas e Sicomerci\u00e1rio reafirmam fechamento do com\u00e9rcio de Alagoinhas no dia de Corpus Christi' data-link='https:\/\/newsinfoco.com.br\/inicio\/em-nota-conjunta-omea-diocese-de-alagoinhas-e-sicomerciario-reafirmam-fechamento-do-comercio-de-alagoinhas-no-dia-de-corpus-christi\/' class='whatsapp-button whatsapp-share'>WhatsApp<\/a><div class='clear '><\/div><\/div>","protected":false},"excerpt":{"rendered":"<p>A Diocese de Alagoinhas, a O.M.E.A., (Ordem dos Ministros Evang\u00e9licos de Alagoinhas) e o Sindicato dos Comerci\u00e1rios de Alagoinhas (SICOMERCI\u00c1RIO), em nota p\u00fablica enviada \u00e0 imprensa, refor\u00e7ou o fechamento do com\u00e9rcio nesta quinta-feira(30), em alus\u00e3o ao feriado de Corpus Christi. Na data est\u00e1 prevista a realiza\u00e7\u00e3o de uma prociss\u00e3o da igreja cat\u00f3lica pela manh\u00e3 e [&hellip;]<\/p>\n","protected":false},"author":1,"featured_media":35458,"comment_status":"closed","ping_status":"closed","sticky":false,"template":"","format":"standard","meta":{"om_disable_all_campaigns":false,"rop_custom_images_group":[],"rop_custom_messages_group":[],"rop_publish_now":"initial","rop_publish_now_accounts":[],"rop_publish_now_history":[],"rop_publish_now_status":"pending","_exactmetrics_skip_tracking":false,"footnotes":""},"categories":[38,167],"tags":[],"class_list":["post-36144","post","type-post","status-publish","format-standard","has-post-thumbnail","hentry","category-alagoinhas-e-regiao","category-exclusivas"],"aioseo_notices":[],"aioseo_head":"\n\t\t<!-- All in One SEO 4.9.10 - aioseo.com -->\n\t<meta name=\"description\" content=\"A Diocese de Alagoinhas, a O.M.E.A., (Ordem dos Ministros Evang\u00e9licos de Alagoinhas) e o Sindicato dos Comerci\u00e1rios de Alagoinhas (SICOMERCI\u00c1RIO), em nota p\u00fablica enviada \u00e0 imprensa, refor\u00e7ou o fechamento do com\u00e9rcio nesta quinta-feira(30), em alus\u00e3o ao feriado de Corpus Christi. Na data est\u00e1 prevista a realiza\u00e7\u00e3o de uma prociss\u00e3o da igreja cat\u00f3lica pela manh\u00e3 e\" \/>\n\t<meta name=\"robots\" content=\"max-image-preview:large\" \/>\n\t<meta name=\"author\" content=\"administrador\"\/>\n\t<link rel=\"canonical\" href=\"https:\/\/newsinfoco.com.br\/inicio\/em-nota-conjunta-omea-diocese-de-alagoinhas-e-sicomerciario-reafirmam-fechamento-do-comercio-de-alagoinhas-no-dia-de-corpus-christi\/\" \/>\n\t<meta name=\"generator\" content=\"All in One SEO (AIOSEO) 4.9.10\" \/>\n\t\t<meta property=\"og:locale\" content=\"pt_BR\" \/>\n\t\t<meta property=\"og:site_name\" content=\"News In Foco - Editado por Caio Pimenta - O principal site de noticias de Alagoinhas e regi\u00e3o\" \/>\n\t\t<meta property=\"og:type\" content=\"article\" \/>\n\t\t<meta property=\"og:title\" content=\"Em nota conjunta, OMEA, Diocese de Alagoinhas e Sicomerci\u00e1rio reafirmam fechamento do com\u00e9rcio de Alagoinhas no dia de Corpus Christi - News In Foco - Editado por Caio Pimenta\" \/>\n\t\t<meta property=\"og:description\" content=\"A Diocese de Alagoinhas, a O.M.E.A., (Ordem dos Ministros Evang\u00e9licos de Alagoinhas) e o Sindicato dos Comerci\u00e1rios de Alagoinhas (SICOMERCI\u00c1RIO), em nota p\u00fablica enviada \u00e0 imprensa, refor\u00e7ou o fechamento do com\u00e9rcio nesta quinta-feira(30), em alus\u00e3o ao feriado de Corpus Christi. Na data est\u00e1 prevista a realiza\u00e7\u00e3o de uma prociss\u00e3o da igreja cat\u00f3lica pela manh\u00e3 e\" \/>\n\t\t<meta property=\"og:url\" content=\"https:\/\/newsinfoco.com.br\/inicio\/em-nota-conjunta-omea-diocese-de-alagoinhas-e-sicomerciario-reafirmam-fechamento-do-comercio-de-alagoinhas-no-dia-de-corpus-christi\/\" \/>\n\t\t<meta property=\"article:published_time\" content=\"2024-05-29T17:46:51+00:00\" \/>\n\t\t<meta property=\"article:modified_time\" content=\"2024-05-29T17:46:51+00:00\" \/>\n\t\t<meta name=\"twitter:card\" content=\"summary_large_image\" \/>\n\t\t<meta name=\"twitter:title\" content=\"Em nota conjunta, OMEA, Diocese de Alagoinhas e Sicomerci\u00e1rio reafirmam fechamento do com\u00e9rcio de Alagoinhas no dia de Corpus Christi - News In Foco - Editado por Caio Pimenta\" \/>\n\t\t<meta name=\"twitter:description\" content=\"A Diocese de Alagoinhas, a O.M.E.A., (Ordem dos Ministros Evang\u00e9licos de Alagoinhas) e o Sindicato dos Comerci\u00e1rios de Alagoinhas (SICOMERCI\u00c1RIO), em nota p\u00fablica enviada \u00e0 imprensa, refor\u00e7ou o fechamento do com\u00e9rcio nesta quinta-feira(30), em alus\u00e3o ao feriado de Corpus Christi. Na data est\u00e1 prevista a realiza\u00e7\u00e3o de uma prociss\u00e3o da igreja cat\u00f3lica pela manh\u00e3 e\" \/>\n\t\t<script type=\"application\/ld+json\" class=\"aioseo-schema\">\n\t\t\t{\"@context\":\"https:\\\/\\\/schema.org\",\"@graph\":[{\"@type\":\"BlogPosting\",\"@id\":\"https:\\\/\\\/newsinfoco.com.br\\\/inicio\\\/em-nota-conjunta-omea-diocese-de-alagoinhas-e-sicomerciario-reafirmam-fechamento-do-comercio-de-alagoinhas-no-dia-de-corpus-christi\\\/#blogposting\",\"name\":\"Em nota conjunta, OMEA, Diocese de Alagoinhas e Sicomerci\\u00e1rio reafirmam fechamento do com\\u00e9rcio de Alagoinhas no dia de Corpus Christi - News In Foco - Editado por Caio Pimenta\",\"headline\":\"Em nota conjunta, OMEA, Diocese de Alagoinhas e Sicomerci\\u00e1rio reafirmam fechamento do com\\u00e9rcio de Alagoinhas no dia de Corpus Christi\",\"author\":{\"@id\":\"https:\\\/\\\/newsinfoco.com.br\\\/inicio\\\/author\\\/administrador\\\/#author\"},\"publisher\":{\"@id\":\"https:\\\/\\\/newsinfoco.com.br\\\/inicio\\\/#organization\"},\"image\":{\"@type\":\"ImageObject\",\"url\":\"https:\\\/\\\/newsinfoco.com.br\\\/inicio\\\/wp-content\\\/uploads\\\/2023\\\/11\\\/comercio.jpg\",\"width\":1000,\"height\":547},\"datePublished\":\"2024-05-29T14:46:51-03:00\",\"dateModified\":\"2024-05-29T14:46:51-03:00\",\"inLanguage\":\"pt-BR\",\"mainEntityOfPage\":{\"@id\":\"https:\\\/\\\/newsinfoco.com.br\\\/inicio\\\/em-nota-conjunta-omea-diocese-de-alagoinhas-e-sicomerciario-reafirmam-fechamento-do-comercio-de-alagoinhas-no-dia-de-corpus-christi\\\/#webpage\"},\"isPartOf\":{\"@id\":\"https:\\\/\\\/newsinfoco.com.br\\\/inicio\\\/em-nota-conjunta-omea-diocese-de-alagoinhas-e-sicomerciario-reafirmam-fechamento-do-comercio-de-alagoinhas-no-dia-de-corpus-christi\\\/#webpage\"},\"articleSection\":\"Alagoinhas e Regi\\u00e3o, Manchete\"},{\"@type\":\"BreadcrumbList\",\"@id\":\"https:\\\/\\\/newsinfoco.com.br\\\/inicio\\\/em-nota-conjunta-omea-diocese-de-alagoinhas-e-sicomerciario-reafirmam-fechamento-do-comercio-de-alagoinhas-no-dia-de-corpus-christi\\\/#breadcrumblist\",\"itemListElement\":[{\"@type\":\"ListItem\",\"@id\":\"https:\\\/\\\/newsinfoco.com.br\\\/inicio#listItem\",\"position\":1,\"name\":\"In\\u00edcio\",\"item\":\"https:\\\/\\\/newsinfoco.com.br\\\/inicio\",\"nextItem\":{\"@type\":\"ListItem\",\"@id\":\"https:\\\/\\\/newsinfoco.com.br\\\/inicio\\\/category\\\/alagoinhas-e-regiao\\\/#listItem\",\"name\":\"Alagoinhas e Regi\\u00e3o\"}},{\"@type\":\"ListItem\",\"@id\":\"https:\\\/\\\/newsinfoco.com.br\\\/inicio\\\/category\\\/alagoinhas-e-regiao\\\/#listItem\",\"position\":2,\"name\":\"Alagoinhas e Regi\\u00e3o\",\"item\":\"https:\\\/\\\/newsinfoco.com.br\\\/inicio\\\/category\\\/alagoinhas-e-regiao\\\/\",\"nextItem\":{\"@type\":\"ListItem\",\"@id\":\"https:\\\/\\\/newsinfoco.com.br\\\/inicio\\\/em-nota-conjunta-omea-diocese-de-alagoinhas-e-sicomerciario-reafirmam-fechamento-do-comercio-de-alagoinhas-no-dia-de-corpus-christi\\\/#listItem\",\"name\":\"Em nota conjunta, OMEA, Diocese de Alagoinhas e Sicomerci\\u00e1rio reafirmam fechamento do com\\u00e9rcio de Alagoinhas no dia de Corpus Christi\"},\"previousItem\":{\"@type\":\"ListItem\",\"@id\":\"https:\\\/\\\/newsinfoco.com.br\\\/inicio#listItem\",\"name\":\"In\\u00edcio\"}},{\"@type\":\"ListItem\",\"@id\":\"https:\\\/\\\/newsinfoco.com.br\\\/inicio\\\/em-nota-conjunta-omea-diocese-de-alagoinhas-e-sicomerciario-reafirmam-fechamento-do-comercio-de-alagoinhas-no-dia-de-corpus-christi\\\/#listItem\",\"position\":3,\"name\":\"Em nota conjunta, OMEA, Diocese de Alagoinhas e Sicomerci\\u00e1rio reafirmam fechamento do com\\u00e9rcio de Alagoinhas no dia de Corpus Christi\",\"previousItem\":{\"@type\":\"ListItem\",\"@id\":\"https:\\\/\\\/newsinfoco.com.br\\\/inicio\\\/category\\\/alagoinhas-e-regiao\\\/#listItem\",\"name\":\"Alagoinhas e Regi\\u00e3o\"}}]},{\"@type\":\"Organization\",\"@id\":\"https:\\\/\\\/newsinfoco.com.br\\\/inicio\\\/#organization\",\"name\":\"News In Foco - Editado por Caio Pimenta\",\"description\":\"O principal site de noticias de Alagoinhas e regi\\u00e3o\",\"url\":\"https:\\\/\\\/newsinfoco.com.br\\\/inicio\\\/\"},{\"@type\":\"Person\",\"@id\":\"https:\\\/\\\/newsinfoco.com.br\\\/inicio\\\/author\\\/administrador\\\/#author\",\"url\":\"https:\\\/\\\/newsinfoco.com.br\\\/inicio\\\/author\\\/administrador\\\/\",\"name\":\"administrador\",\"image\":{\"@type\":\"ImageObject\",\"@id\":\"https:\\\/\\\/newsinfoco.com.br\\\/inicio\\\/em-nota-conjunta-omea-diocese-de-alagoinhas-e-sicomerciario-reafirmam-fechamento-do-comercio-de-alagoinhas-no-dia-de-corpus-christi\\\/#authorImage\",\"url\":\"https:\\\/\\\/secure.gravatar.com\\\/avatar\\\/c17a617433de8c1dc9584bb79aab7563b46f5bb7e1728c9b17d9cc3ce6a08e49?s=96&d=mm&r=g\",\"width\":96,\"height\":96,\"caption\":\"administrador\"}},{\"@type\":\"WebPage\",\"@id\":\"https:\\\/\\\/newsinfoco.com.br\\\/inicio\\\/em-nota-conjunta-omea-diocese-de-alagoinhas-e-sicomerciario-reafirmam-fechamento-do-comercio-de-alagoinhas-no-dia-de-corpus-christi\\\/#webpage\",\"url\":\"https:\\\/\\\/newsinfoco.com.br\\\/inicio\\\/em-nota-conjunta-omea-diocese-de-alagoinhas-e-sicomerciario-reafirmam-fechamento-do-comercio-de-alagoinhas-no-dia-de-corpus-christi\\\/\",\"name\":\"Em nota conjunta, OMEA, Diocese de Alagoinhas e Sicomerci\\u00e1rio reafirmam fechamento do com\\u00e9rcio de Alagoinhas no dia de Corpus Christi - News In Foco - Editado por Caio Pimenta\",\"description\":\"A Diocese de Alagoinhas, a O.M.E.A., (Ordem dos Ministros Evang\\u00e9licos de Alagoinhas) e o Sindicato dos Comerci\\u00e1rios de Alagoinhas (SICOMERCI\\u00c1RIO), em nota p\\u00fablica enviada \\u00e0 imprensa, refor\\u00e7ou o fechamento do com\\u00e9rcio nesta quinta-feira(30), em alus\\u00e3o ao feriado de Corpus Christi. Na data est\\u00e1 prevista a realiza\\u00e7\\u00e3o de uma prociss\\u00e3o da igreja cat\\u00f3lica pela manh\\u00e3 e\",\"inLanguage\":\"pt-BR\",\"isPartOf\":{\"@id\":\"https:\\\/\\\/newsinfoco.com.br\\\/inicio\\\/#website\"},\"breadcrumb\":{\"@id\":\"https:\\\/\\\/newsinfoco.com.br\\\/inicio\\\/em-nota-conjunta-omea-diocese-de-alagoinhas-e-sicomerciario-reafirmam-fechamento-do-comercio-de-alagoinhas-no-dia-de-corpus-christi\\\/#breadcrumblist\"},\"author\":{\"@id\":\"https:\\\/\\\/newsinfoco.com.br\\\/inicio\\\/author\\\/administrador\\\/#author\"},\"creator\":{\"@id\":\"https:\\\/\\\/newsinfoco.com.br\\\/inicio\\\/author\\\/administrador\\\/#author\"},\"image\":{\"@type\":\"ImageObject\",\"url\":\"https:\\\/\\\/newsinfoco.com.br\\\/inicio\\\/wp-content\\\/uploads\\\/2023\\\/11\\\/comercio.jpg\",\"@id\":\"https:\\\/\\\/newsinfoco.com.br\\\/inicio\\\/em-nota-conjunta-omea-diocese-de-alagoinhas-e-sicomerciario-reafirmam-fechamento-do-comercio-de-alagoinhas-no-dia-de-corpus-christi\\\/#mainImage\",\"width\":1000,\"height\":547},\"primaryImageOfPage\":{\"@id\":\"https:\\\/\\\/newsinfoco.com.br\\\/inicio\\\/em-nota-conjunta-omea-diocese-de-alagoinhas-e-sicomerciario-reafirmam-fechamento-do-comercio-de-alagoinhas-no-dia-de-corpus-christi\\\/#mainImage\"},\"datePublished\":\"2024-05-29T14:46:51-03:00\",\"dateModified\":\"2024-05-29T14:46:51-03:00\"},{\"@type\":\"WebSite\",\"@id\":\"https:\\\/\\\/newsinfoco.com.br\\\/inicio\\\/#website\",\"url\":\"https:\\\/\\\/newsinfoco.com.br\\\/inicio\\\/\",\"name\":\"News In Foco - Editado por Caio Pimenta\",\"description\":\"O principal site de noticias de Alagoinhas e regi\\u00e3o\",\"inLanguage\":\"pt-BR\",\"publisher\":{\"@id\":\"https:\\\/\\\/newsinfoco.com.br\\\/inicio\\\/#organization\"}}]}\n\t\t<\/script>\n\t\t<!-- All in One SEO -->\n\n","aioseo_head_json":{"title":"Em nota conjunta, OMEA, Diocese de Alagoinhas e Sicomerci\u00e1rio reafirmam fechamento do com\u00e9rcio de Alagoinhas no dia de Corpus Christi - News In Foco - Editado por Caio Pimenta","description":"A Diocese de Alagoinhas, a O.M.E.A., (Ordem dos Ministros Evang\u00e9licos de Alagoinhas) e o Sindicato dos Comerci\u00e1rios de Alagoinhas (SICOMERCI\u00c1RIO), em nota p\u00fablica enviada \u00e0 imprensa, refor\u00e7ou o fechamento do com\u00e9rcio nesta quinta-feira(30), em alus\u00e3o ao feriado de Corpus Christi. Na data est\u00e1 prevista a realiza\u00e7\u00e3o de uma prociss\u00e3o da igreja cat\u00f3lica pela manh\u00e3 e","canonical_url":"https:\/\/newsinfoco.com.br\/inicio\/em-nota-conjunta-omea-diocese-de-alagoinhas-e-sicomerciario-reafirmam-fechamento-do-comercio-de-alagoinhas-no-dia-de-corpus-christi\/","robots":"max-image-preview:large","keywords":"","webmasterTools":{"miscellaneous":""},"schema":{"@context":"https:\/\/schema.org","@graph":[{"@type":"BlogPosting","@id":"https:\/\/newsinfoco.com.br\/inicio\/em-nota-conjunta-omea-diocese-de-alagoinhas-e-sicomerciario-reafirmam-fechamento-do-comercio-de-alagoinhas-no-dia-de-corpus-christi\/#blogposting","name":"Em nota conjunta, OMEA, Diocese de Alagoinhas e Sicomerci\u00e1rio reafirmam fechamento do com\u00e9rcio de Alagoinhas no dia de Corpus Christi - News In Foco - Editado por Caio Pimenta","headline":"Em nota conjunta, OMEA, Diocese de Alagoinhas e Sicomerci\u00e1rio reafirmam fechamento do com\u00e9rcio de Alagoinhas no dia de Corpus Christi","author":{"@id":"https:\/\/newsinfoco.com.br\/inicio\/author\/administrador\/#author"},"publisher":{"@id":"https:\/\/newsinfoco.com.br\/inicio\/#organization"},"image":{"@type":"ImageObject","url":"https:\/\/newsinfoco.com.br\/inicio\/wp-content\/uploads\/2023\/11\/comercio.jpg","width":1000,"height":547},"datePublished":"2024-05-29T14:46:51-03:00","dateModified":"2024-05-29T14:46:51-03:00","inLanguage":"pt-BR","mainEntityOfPage":{"@id":"https:\/\/newsinfoco.com.br\/inicio\/em-nota-conjunta-omea-diocese-de-alagoinhas-e-sicomerciario-reafirmam-fechamento-do-comercio-de-alagoinhas-no-dia-de-corpus-christi\/#webpage"},"isPartOf":{"@id":"https:\/\/newsinfoco.com.br\/inicio\/em-nota-conjunta-omea-diocese-de-alagoinhas-e-sicomerciario-reafirmam-fechamento-do-comercio-de-alagoinhas-no-dia-de-corpus-christi\/#webpage"},"articleSection":"Alagoinhas e Regi\u00e3o, Manchete"},{"@type":"BreadcrumbList","@id":"https:\/\/newsinfoco.com.br\/inicio\/em-nota-conjunta-omea-diocese-de-alagoinhas-e-sicomerciario-reafirmam-fechamento-do-comercio-de-alagoinhas-no-dia-de-corpus-christi\/#breadcrumblist","itemListElement":[{"@type":"ListItem","@id":"https:\/\/newsinfoco.com.br\/inicio#listItem","position":1,"name":"In\u00edcio","item":"https:\/\/newsinfoco.com.br\/inicio","nextItem":{"@type":"ListItem","@id":"https:\/\/newsinfoco.com.br\/inicio\/category\/alagoinhas-e-regiao\/#listItem","name":"Alagoinhas e Regi\u00e3o"}},{"@type":"ListItem","@id":"https:\/\/newsinfoco.com.br\/inicio\/category\/alagoinhas-e-regiao\/#listItem","position":2,"name":"Alagoinhas e Regi\u00e3o","item":"https:\/\/newsinfoco.com.br\/inicio\/category\/alagoinhas-e-regiao\/","nextItem":{"@type":"ListItem","@id":"https:\/\/newsinfoco.com.br\/inicio\/em-nota-conjunta-omea-diocese-de-alagoinhas-e-sicomerciario-reafirmam-fechamento-do-comercio-de-alagoinhas-no-dia-de-corpus-christi\/#listItem","name":"Em nota conjunta, OMEA, Diocese de Alagoinhas e Sicomerci\u00e1rio reafirmam fechamento do com\u00e9rcio de Alagoinhas no dia de Corpus Christi"},"previousItem":{"@type":"ListItem","@id":"https:\/\/newsinfoco.com.br\/inicio#listItem","name":"In\u00edcio"}},{"@type":"ListItem","@id":"https:\/\/newsinfoco.com.br\/inicio\/em-nota-conjunta-omea-diocese-de-alagoinhas-e-sicomerciario-reafirmam-fechamento-do-comercio-de-alagoinhas-no-dia-de-corpus-christi\/#listItem","position":3,"name":"Em nota conjunta, OMEA, Diocese de Alagoinhas e Sicomerci\u00e1rio reafirmam fechamento do com\u00e9rcio de Alagoinhas no dia de Corpus Christi","previousItem":{"@type":"ListItem","@id":"https:\/\/newsinfoco.com.br\/inicio\/category\/alagoinhas-e-regiao\/#listItem","name":"Alagoinhas e Regi\u00e3o"}}]},{"@type":"Organization","@id":"https:\/\/newsinfoco.com.br\/inicio\/#organization","name":"News In Foco - Editado por Caio Pimenta","description":"O principal site de noticias de Alagoinhas e regi\u00e3o","url":"https:\/\/newsinfoco.com.br\/inicio\/"},{"@type":"Person","@id":"https:\/\/newsinfoco.com.br\/inicio\/author\/administrador\/#author","url":"https:\/\/newsinfoco.com.br\/inicio\/author\/administrador\/","name":"administrador","image":{"@type":"ImageObject","@id":"https:\/\/newsinfoco.com.br\/inicio\/em-nota-conjunta-omea-diocese-de-alagoinhas-e-sicomerciario-reafirmam-fechamento-do-comercio-de-alagoinhas-no-dia-de-corpus-christi\/#authorImage","url":"https:\/\/secure.gravatar.com\/avatar\/c17a617433de8c1dc9584bb79aab7563b46f5bb7e1728c9b17d9cc3ce6a08e49?s=96&d=mm&r=g","width":96,"height":96,"caption":"administrador"}},{"@type":"WebPage","@id":"https:\/\/newsinfoco.com.br\/inicio\/em-nota-conjunta-omea-diocese-de-alagoinhas-e-sicomerciario-reafirmam-fechamento-do-comercio-de-alagoinhas-no-dia-de-corpus-christi\/#webpage","url":"https:\/\/newsinfoco.com.br\/inicio\/em-nota-conjunta-omea-diocese-de-alagoinhas-e-sicomerciario-reafirmam-fechamento-do-comercio-de-alagoinhas-no-dia-de-corpus-christi\/","name":"Em nota conjunta, OMEA, Diocese de Alagoinhas e Sicomerci\u00e1rio reafirmam fechamento do com\u00e9rcio de Alagoinhas no dia de Corpus Christi - News In Foco - Editado por Caio Pimenta","description":"A Diocese de Alagoinhas, a O.M.E.A., (Ordem dos Ministros Evang\u00e9licos de Alagoinhas) e o Sindicato dos Comerci\u00e1rios de Alagoinhas (SICOMERCI\u00c1RIO), em nota p\u00fablica enviada \u00e0 imprensa, refor\u00e7ou o fechamento do com\u00e9rcio nesta quinta-feira(30), em alus\u00e3o ao feriado de Corpus Christi. Na data est\u00e1 prevista a realiza\u00e7\u00e3o de uma prociss\u00e3o da igreja cat\u00f3lica pela manh\u00e3 e","inLanguage":"pt-BR","isPartOf":{"@id":"https:\/\/newsinfoco.com.br\/inicio\/#website"},"breadcrumb":{"@id":"https:\/\/newsinfoco.com.br\/inicio\/em-nota-conjunta-omea-diocese-de-alagoinhas-e-sicomerciario-reafirmam-fechamento-do-comercio-de-alagoinhas-no-dia-de-corpus-christi\/#breadcrumblist"},"author":{"@id":"https:\/\/newsinfoco.com.br\/inicio\/author\/administrador\/#author"},"creator":{"@id":"https:\/\/newsinfoco.com.br\/inicio\/author\/administrador\/#author"},"image":{"@type":"ImageObject","url":"https:\/\/newsinfoco.com.br\/inicio\/wp-content\/uploads\/2023\/11\/comercio.jpg","@id":"https:\/\/newsinfoco.com.br\/inicio\/em-nota-conjunta-omea-diocese-de-alagoinhas-e-sicomerciario-reafirmam-fechamento-do-comercio-de-alagoinhas-no-dia-de-corpus-christi\/#mainImage","width":1000,"height":547},"primaryImageOfPage":{"@id":"https:\/\/newsinfoco.com.br\/inicio\/em-nota-conjunta-omea-diocese-de-alagoinhas-e-sicomerciario-reafirmam-fechamento-do-comercio-de-alagoinhas-no-dia-de-corpus-christi\/#mainImage"},"datePublished":"2024-05-29T14:46:51-03:00","dateModified":"2024-05-29T14:46:51-03:00"},{"@type":"WebSite","@id":"https:\/\/newsinfoco.com.br\/inicio\/#website","url":"https:\/\/newsinfoco.com.br\/inicio\/","name":"News In Foco - Editado por Caio Pimenta","description":"O principal site de noticias de Alagoinhas e regi\u00e3o","inLanguage":"pt-BR","publisher":{"@id":"https:\/\/newsinfoco.com.br\/inicio\/#organization"}}]},"og:locale":"pt_BR","og:site_name":"News In Foco - Editado por Caio Pimenta - O principal site de noticias de Alagoinhas e regi\u00e3o","og:type":"article","og:title":"Em nota conjunta, OMEA, Diocese de Alagoinhas e Sicomerci\u00e1rio reafirmam fechamento do com\u00e9rcio de Alagoinhas no dia de Corpus Christi - News In Foco - Editado por Caio Pimenta","og:description":"A Diocese de Alagoinhas, a O.M.E.A., (Ordem dos Ministros Evang\u00e9licos de Alagoinhas) e o Sindicato dos Comerci\u00e1rios de Alagoinhas (SICOMERCI\u00c1RIO), em nota p\u00fablica enviada \u00e0 imprensa, refor\u00e7ou o fechamento do com\u00e9rcio nesta quinta-feira(30), em alus\u00e3o ao feriado de Corpus Christi. Na data est\u00e1 prevista a realiza\u00e7\u00e3o de uma prociss\u00e3o da igreja cat\u00f3lica pela manh\u00e3 e","og:url":"https:\/\/newsinfoco.com.br\/inicio\/em-nota-conjunta-omea-diocese-de-alagoinhas-e-sicomerciario-reafirmam-fechamento-do-comercio-de-alagoinhas-no-dia-de-corpus-christi\/","article:published_time":"2024-05-29T17:46:51+00:00","article:modified_time":"2024-05-29T17:46:51+00:00","twitter:card":"summary_large_image","twitter:title":"Em nota conjunta, OMEA, Diocese de Alagoinhas e Sicomerci\u00e1rio reafirmam fechamento do com\u00e9rcio de Alagoinhas no dia de Corpus Christi - News In Foco - Editado por Caio Pimenta","twitter:description":"A Diocese de Alagoinhas, a O.M.E.A., (Ordem dos Ministros Evang\u00e9licos de Alagoinhas) e o Sindicato dos Comerci\u00e1rios de Alagoinhas (SICOMERCI\u00c1RIO), em nota p\u00fablica enviada \u00e0 imprensa, refor\u00e7ou o fechamento do com\u00e9rcio nesta quinta-feira(30), em alus\u00e3o ao feriado de Corpus Christi. Na data est\u00e1 prevista a realiza\u00e7\u00e3o de uma prociss\u00e3o da igreja cat\u00f3lica pela manh\u00e3 e"},"aioseo_meta_data":{"post_id":"36144","title":null,"description":null,"keywords":[],"keyphrases":{"focus":{"keyphrase":"","score":0,"analysis":{"keyphraseInTitle":{"score":0,"maxScore":9,"error":1}}},"additional":[]},"primary_term":null,"canonical_url":null,"og_title":null,"og_description":null,"og_object_type":"default","og_image_type":"default","og_image_url":null,"og_image_width":null,"og_image_height":null,"og_image_custom_url":null,"og_image_custom_fields":null,"og_video":"","og_custom_url":null,"og_article_section":null,"og_article_tags":[],"twitter_use_og":false,"twitter_card":"default","twitter_image_type":"default","twitter_image_url":null,"twitter_image_custom_url":null,"twitter_image_custom_fields":null,"twitter_title":null,"twitter_description":null,"schema":{"blockGraphs":[],"customGraphs":[],"default":{"data":{"Article":[],"Course":[],"Dataset":[],"FAQPage":[],"Movie":[],"Person":[],"Product":[],"ProductReview":[],"Car":[],"Recipe":[],"Service":[],"SoftwareApplication":[],"WebPage":[]},"graphName":"BlogPosting","isEnabled":true},"graphs":[]},"schema_type":"default","schema_type_options":null,"pillar_content":false,"robots_default":true,"robots_noindex":false,"robots_noarchive":false,"robots_nosnippet":false,"robots_nofollow":false,"robots_noimageindex":false,"robots_noodp":false,"robots_notranslate":false,"robots_max_snippet":"-1","robots_max_videopreview":"-1","robots_max_imagepreview":"large","priority":null,"frequency":"default","local_seo":null,"breadcrumb_settings":null,"limit_modified_date":false,"ai":null,"created":"2024-05-29 17:46:51","updated":"2025-07-11 10:44:49","seo_analyzer_scan_date":null},"aioseo_breadcrumb":"<div class=\"aioseo-breadcrumbs\"><span class=\"aioseo-breadcrumb\">\n\t\t\t<a href=\"https:\/\/newsinfoco.com.br\/inicio\" title=\"In\u00edcio\">In\u00edcio<\/a>\n\t\t<\/span><span class=\"aioseo-breadcrumb-separator\">&raquo;<\/span><span class=\"aioseo-breadcrumb\">\n\t\t\t<a href=\"https:\/\/newsinfoco.com.br\/inicio\/category\/alagoinhas-e-regiao\/\" title=\"Alagoinhas e Regi\u00e3o\">Alagoinhas e Regi\u00e3o<\/a>\n\t\t<\/span><span class=\"aioseo-breadcrumb-separator\">&raquo;<\/span><span class=\"aioseo-breadcrumb\">\n\t\t\tEm nota conjunta, OMEA, Diocese de Alagoinhas e Sicomerci\u00e1rio reafirmam fechamento do com\u00e9rcio de Alagoinhas no dia de Corpus Christi\n\t\t<\/span><\/div>","aioseo_breadcrumb_json":[{"label":"In\u00edcio","link":"https:\/\/newsinfoco.com.br\/inicio"},{"label":"Alagoinhas e Regi\u00e3o","link":"https:\/\/newsinfoco.com.br\/inicio\/category\/alagoinhas-e-regiao\/"},{"label":"Em nota conjunta, OMEA, Diocese de Alagoinhas e Sicomerci\u00e1rio reafirmam fechamento do com\u00e9rcio de Alagoinhas no dia de Corpus Christi","link":"https:\/\/newsinfoco.com.br\/inicio\/em-nota-conjunta-omea-diocese-de-alagoinhas-e-sicomerciario-reafirmam-fechamento-do-comercio-de-alagoinhas-no-dia-de-corpus-christi\/"}],"_links":{"self":[{"href":"https:\/\/newsinfoco.com.br\/inicio\/wp-json\/wp\/v2\/posts\/36144","targetHints":{"allow":["GET"]}}],"collection":[{"href":"https:\/\/newsinfoco.com.br\/inicio\/wp-json\/wp\/v2\/posts"}],"about":[{"href":"https:\/\/newsinfoco.com.br\/inicio\/wp-json\/wp\/v2\/types\/post"}],"author":[{"embeddable":true,"href":"https:\/\/newsinfoco.com.br\/inicio\/wp-json\/wp\/v2\/users\/1"}],"replies":[{"embeddable":true,"href":"https:\/\/newsinfoco.com.br\/inicio\/wp-json\/wp\/v2\/comments?post=36144"}],"version-history":[{"count":1,"href":"https:\/\/newsinfoco.com.br\/inicio\/wp-json\/wp\/v2\/posts\/36144\/revisions"}],"predecessor-version":[{"id":36145,"href":"https:\/\/newsinfoco.com.br\/inicio\/wp-json\/wp\/v2\/posts\/36144\/revisions\/36145"}],"wp:featuredmedia":[{"embeddable":true,"href":"https:\/\/newsinfoco.com.br\/inicio\/wp-json\/wp\/v2\/media\/35458"}],"wp:attachment":[{"href":"https:\/\/newsinfoco.com.br\/inicio\/wp-json\/wp\/v2\/media?parent=36144"}],"wp:term":[{"taxonomy":"category","embeddable":true,"href":"https:\/\/newsinfoco.com.br\/inicio\/wp-json\/wp\/v2\/categories?post=36144"},{"taxonomy":"post_tag","embeddable":true,"href":"https:\/\/newsinfoco.com.br\/inicio\/wp-json\/wp\/v2\/tags?post=36144"}],"curies":[{"name":"wp","href":"https:\/\/api.w.org\/{rel}","templated":true}]}}