{"id":36158,"date":"2024-06-01T12:36:33","date_gmt":"2024-06-01T15:36:33","guid":{"rendered":"https:\/\/newsinfoco.com.br\/inicio\/?p=36158"},"modified":"2024-06-01T12:36:33","modified_gmt":"2024-06-01T15:36:33","slug":"presidente-da-oab-critica-ministro-alexandre-de-moraes-por-mandar-prender-suspeitos-de-ameaca-lo","status":"publish","type":"post","link":"https:\/\/newsinfoco.com.br\/inicio\/presidente-da-oab-critica-ministro-alexandre-de-moraes-por-mandar-prender-suspeitos-de-ameaca-lo\/","title":{"rendered":"Presidente da OAB critica ministro Alexandre de Moraes por mandar prender suspeitos de amea\u00e7\u00e1-lo"},"content":{"rendered":"<p>O presidente da OAB (Ordem dos Advogados do Brasil), Beto Simonetti criticou o ministro Alexandre de Moraes, do Supremo Tribunal Federal, por ter ordenado nesta sexta-feira (31) as pris\u00f5es de suspeitos de terem feito amea\u00e7as a ele pr\u00f3prio e seus familiares.<\/p>\n<p data-t=\"{&quot;n&quot;:&quot;blueLinks&quot;}\">&#8220;A lei brasileira n\u00e3o permite que a v\u00edtima julgue o pr\u00f3prio caso&#8221;, afirma Simonetti. O presidente da OAB acrescenta que o STF erra ao julgar pessoas sem foro especial.<\/p>\n<p data-t=\"{&quot;n&quot;:&quot;blueLinks&quot;}\">A Pol\u00edcia Federal prendeu nesta sexta dois suspeitos de envolvimento em amea\u00e7as contra Moraes e seus familiares.<\/p>\n<p class=\"continue-read-break\" data-t=\"{&quot;n&quot;:&quot;blueLinks&quot;}\">Um dos presos \u00e9 o fuzileiro naval Raul Fonseca de Oliveira, sargento atualmente lotado no Comando da Marinha, segundo o Portal Transpar\u00eancia do governo federal. O outro \u00e9 Oliverino de Oliveira J\u00fanior.<\/p>\n<p data-t=\"{&quot;n&quot;:&quot;blueLinks&quot;}\">As pris\u00f5es foram realizadas por ordem de Moraes em S\u00e3o Paulo e no Rio de Janeiro. Tamb\u00e9m foram cumpridos cinco mandados de busca e apreens\u00e3o nas duas cidades.<\/p>\n<p data-t=\"{&quot;n&quot;:&quot;blueLinks&quot;}\">As medidas contra os suspeitos foram solicitadas pelo titular da Procuradoria-geral da Rep\u00fablica, Paulo Gonet, e determinadas pelo pr\u00f3prio Moraes.<\/p>\n<p data-t=\"{&quot;n&quot;:&quot;blueLinks&quot;}\">Segundo nota do ministro, o pedido da PGR diz que &#8220;o conte\u00fado das mensagens, com refer\u00eancias a \u0091comunismo\u0092 e \u0091antipatriotismo\u0092, evidencia com clareza o intuito de, por meio das graves amea\u00e7as a familiares do ministro Alexandre de Moraes, restringir o livre exerc\u00edcio da fun\u00e7\u00e3o judici\u00e1ria pelo magistrado do Supremo Tribunal Federal \u00e0 frente das investiga\u00e7\u00f5es relativas aos atos que culminaram na tentativa de aboli\u00e7\u00e3o do Estado Democr\u00e1tico de Direito&#8221;.<\/p>\n<p data-t=\"{&quot;n&quot;:&quot;blueLinks&quot;}\">Segundo o \u00f3rg\u00e3o, foram apontadas &#8220;provas suficientes da exist\u00eancia do crime e ind\u00edcios razo\u00e1veis de autoria&#8221;.<\/p>\n<p data-t=\"{&quot;n&quot;:&quot;blueLinks&quot;}\">Em entrevista ao jornal O Globo em janeiro, Moraes disse que as investiga\u00e7\u00f5es dos ataques golpistas de 8 de janeiro de 2023 revelaram tr\u00eas planos para mat\u00e1-lo.<\/p>\n<p data-t=\"{&quot;n&quot;:&quot;blueLinks&quot;}\">&#8220;O primeiro previa que as For\u00e7as Especiais do Ex\u00e9rcito me prenderiam em um domingo e me levariam para Goi\u00e2nia. No segundo, se livrariam do corpo no meio do caminho para Goi\u00e2nia. A\u00ed, n\u00e3o seria propriamente uma pris\u00e3o, mas um homic\u00eddio&#8221;, disse o ministro, \u00e0 \u00e9poca.<\/p>\n<p data-t=\"{&quot;n&quot;:&quot;blueLinks&quot;}\">&#8220;E o terceiro, de uns mais exaltados, defendia que, ap\u00f3s o golpe, eu deveria ser preso e enforcado na Pra\u00e7a dos Tr\u00eas Poderes&#8221;, completou.<\/p>\n<p data-t=\"{&quot;n&quot;:&quot;blueLinks&quot;}\">\n<p data-t=\"{&quot;n&quot;:&quot;blueLinks&quot;}\">Por Guilherme Seto para a Folha de S. Paulo<\/p>\n<div class='share-to-whatsapp-wrapper'><div class='share-on-whsp'>Share on: <\/div><a data-text='Presidente da OAB critica ministro Alexandre de Moraes por mandar prender suspeitos de amea\u00e7\u00e1-lo' data-link='https:\/\/newsinfoco.com.br\/inicio\/presidente-da-oab-critica-ministro-alexandre-de-moraes-por-mandar-prender-suspeitos-de-ameaca-lo\/' class='whatsapp-button whatsapp-share'>WhatsApp<\/a><div class='clear '><\/div><\/div>","protected":false},"excerpt":{"rendered":"<p>O presidente da OAB (Ordem dos Advogados do Brasil), Beto Simonetti criticou o ministro Alexandre de Moraes, do Supremo Tribunal Federal, por ter ordenado nesta sexta-feira (31) as pris\u00f5es de suspeitos de terem feito amea\u00e7as a ele pr\u00f3prio e seus familiares. &#8220;A lei brasileira n\u00e3o permite que a v\u00edtima julgue o pr\u00f3prio caso&#8221;, afirma Simonetti. [&hellip;]<\/p>\n","protected":false},"author":1,"featured_media":36159,"comment_status":"closed","ping_status":"closed","sticky":false,"template":"","format":"standard","meta":{"om_disable_all_campaigns":false,"rop_custom_images_group":[],"rop_custom_messages_group":[],"rop_publish_now":"initial","rop_publish_now_accounts":[],"rop_publish_now_history":[],"rop_publish_now_status":"pending","_exactmetrics_skip_tracking":false,"footnotes":""},"categories":[21],"tags":[],"class_list":["post-36158","post","type-post","status-publish","format-standard","has-post-thumbnail","hentry","category-brasil"],"aioseo_notices":[],"aioseo_head":"\n\t\t<!-- All in One SEO 4.9.10 - aioseo.com -->\n\t<meta name=\"description\" content=\"O presidente da OAB (Ordem dos Advogados do Brasil), Beto Simonetti criticou o ministro Alexandre de Moraes, do Supremo Tribunal Federal, por ter ordenado nesta sexta-feira (31) as pris\u00f5es de suspeitos de terem feito amea\u00e7as a ele pr\u00f3prio e seus familiares. &quot;A lei brasileira n\u00e3o permite que a v\u00edtima julgue o pr\u00f3prio caso&quot;, afirma Simonetti.\" \/>\n\t<meta name=\"robots\" content=\"max-image-preview:large\" \/>\n\t<meta name=\"author\" content=\"administrador\"\/>\n\t<link rel=\"canonical\" href=\"https:\/\/newsinfoco.com.br\/inicio\/presidente-da-oab-critica-ministro-alexandre-de-moraes-por-mandar-prender-suspeitos-de-ameaca-lo\/\" \/>\n\t<meta name=\"generator\" content=\"All in One SEO (AIOSEO) 4.9.10\" \/>\n\t\t<meta property=\"og:locale\" content=\"pt_BR\" \/>\n\t\t<meta property=\"og:site_name\" content=\"News In Foco - Editado por Caio Pimenta - O principal site de noticias de Alagoinhas e regi\u00e3o\" \/>\n\t\t<meta property=\"og:type\" content=\"article\" \/>\n\t\t<meta property=\"og:title\" content=\"Presidente da OAB critica ministro Alexandre de Moraes por mandar prender suspeitos de amea\u00e7\u00e1-lo - News In Foco - Editado por Caio Pimenta\" \/>\n\t\t<meta property=\"og:description\" content=\"O presidente da OAB (Ordem dos Advogados do Brasil), Beto Simonetti criticou o ministro Alexandre de Moraes, do Supremo Tribunal Federal, por ter ordenado nesta sexta-feira (31) as pris\u00f5es de suspeitos de terem feito amea\u00e7as a ele pr\u00f3prio e seus familiares. &quot;A lei brasileira n\u00e3o permite que a v\u00edtima julgue o pr\u00f3prio caso&quot;, afirma Simonetti.\" \/>\n\t\t<meta property=\"og:url\" content=\"https:\/\/newsinfoco.com.br\/inicio\/presidente-da-oab-critica-ministro-alexandre-de-moraes-por-mandar-prender-suspeitos-de-ameaca-lo\/\" \/>\n\t\t<meta property=\"article:published_time\" content=\"2024-06-01T15:36:33+00:00\" \/>\n\t\t<meta property=\"article:modified_time\" content=\"2024-06-01T15:36:33+00:00\" \/>\n\t\t<meta name=\"twitter:card\" content=\"summary_large_image\" \/>\n\t\t<meta name=\"twitter:title\" content=\"Presidente da OAB critica ministro Alexandre de Moraes por mandar prender suspeitos de amea\u00e7\u00e1-lo - News In Foco - Editado por Caio Pimenta\" \/>\n\t\t<meta name=\"twitter:description\" content=\"O presidente da OAB (Ordem dos Advogados do Brasil), Beto Simonetti criticou o ministro Alexandre de Moraes, do Supremo Tribunal Federal, por ter ordenado nesta sexta-feira (31) as pris\u00f5es de suspeitos de terem feito amea\u00e7as a ele pr\u00f3prio e seus familiares. &quot;A lei brasileira n\u00e3o permite que a v\u00edtima julgue o pr\u00f3prio caso&quot;, afirma Simonetti.\" \/>\n\t\t<script type=\"application\/ld+json\" class=\"aioseo-schema\">\n\t\t\t{\"@context\":\"https:\\\/\\\/schema.org\",\"@graph\":[{\"@type\":\"BlogPosting\",\"@id\":\"https:\\\/\\\/newsinfoco.com.br\\\/inicio\\\/presidente-da-oab-critica-ministro-alexandre-de-moraes-por-mandar-prender-suspeitos-de-ameaca-lo\\\/#blogposting\",\"name\":\"Presidente da OAB critica ministro Alexandre de Moraes por mandar prender suspeitos de amea\\u00e7\\u00e1-lo - News In Foco - Editado por Caio Pimenta\",\"headline\":\"Presidente da OAB critica ministro Alexandre de Moraes por mandar prender suspeitos de amea\\u00e7\\u00e1-lo\",\"author\":{\"@id\":\"https:\\\/\\\/newsinfoco.com.br\\\/inicio\\\/author\\\/administrador\\\/#author\"},\"publisher\":{\"@id\":\"https:\\\/\\\/newsinfoco.com.br\\\/inicio\\\/#organization\"},\"image\":{\"@type\":\"ImageObject\",\"url\":\"https:\\\/\\\/newsinfoco.com.br\\\/inicio\\\/wp-content\\\/uploads\\\/2024\\\/06\\\/portaldoholanda-capturadetela2024-06-01as102949-1308703.jpg\",\"width\":750,\"height\":507},\"datePublished\":\"2024-06-01T12:36:33-03:00\",\"dateModified\":\"2024-06-01T12:36:33-03:00\",\"inLanguage\":\"pt-BR\",\"mainEntityOfPage\":{\"@id\":\"https:\\\/\\\/newsinfoco.com.br\\\/inicio\\\/presidente-da-oab-critica-ministro-alexandre-de-moraes-por-mandar-prender-suspeitos-de-ameaca-lo\\\/#webpage\"},\"isPartOf\":{\"@id\":\"https:\\\/\\\/newsinfoco.com.br\\\/inicio\\\/presidente-da-oab-critica-ministro-alexandre-de-moraes-por-mandar-prender-suspeitos-de-ameaca-lo\\\/#webpage\"},\"articleSection\":\"Brasil\"},{\"@type\":\"BreadcrumbList\",\"@id\":\"https:\\\/\\\/newsinfoco.com.br\\\/inicio\\\/presidente-da-oab-critica-ministro-alexandre-de-moraes-por-mandar-prender-suspeitos-de-ameaca-lo\\\/#breadcrumblist\",\"itemListElement\":[{\"@type\":\"ListItem\",\"@id\":\"https:\\\/\\\/newsinfoco.com.br\\\/inicio#listItem\",\"position\":1,\"name\":\"In\\u00edcio\",\"item\":\"https:\\\/\\\/newsinfoco.com.br\\\/inicio\",\"nextItem\":{\"@type\":\"ListItem\",\"@id\":\"https:\\\/\\\/newsinfoco.com.br\\\/inicio\\\/category\\\/brasil\\\/#listItem\",\"name\":\"Brasil\"}},{\"@type\":\"ListItem\",\"@id\":\"https:\\\/\\\/newsinfoco.com.br\\\/inicio\\\/category\\\/brasil\\\/#listItem\",\"position\":2,\"name\":\"Brasil\",\"item\":\"https:\\\/\\\/newsinfoco.com.br\\\/inicio\\\/category\\\/brasil\\\/\",\"nextItem\":{\"@type\":\"ListItem\",\"@id\":\"https:\\\/\\\/newsinfoco.com.br\\\/inicio\\\/presidente-da-oab-critica-ministro-alexandre-de-moraes-por-mandar-prender-suspeitos-de-ameaca-lo\\\/#listItem\",\"name\":\"Presidente da OAB critica ministro Alexandre de Moraes por mandar prender suspeitos de amea\\u00e7\\u00e1-lo\"},\"previousItem\":{\"@type\":\"ListItem\",\"@id\":\"https:\\\/\\\/newsinfoco.com.br\\\/inicio#listItem\",\"name\":\"In\\u00edcio\"}},{\"@type\":\"ListItem\",\"@id\":\"https:\\\/\\\/newsinfoco.com.br\\\/inicio\\\/presidente-da-oab-critica-ministro-alexandre-de-moraes-por-mandar-prender-suspeitos-de-ameaca-lo\\\/#listItem\",\"position\":3,\"name\":\"Presidente da OAB critica ministro Alexandre de Moraes por mandar prender suspeitos de amea\\u00e7\\u00e1-lo\",\"previousItem\":{\"@type\":\"ListItem\",\"@id\":\"https:\\\/\\\/newsinfoco.com.br\\\/inicio\\\/category\\\/brasil\\\/#listItem\",\"name\":\"Brasil\"}}]},{\"@type\":\"Organization\",\"@id\":\"https:\\\/\\\/newsinfoco.com.br\\\/inicio\\\/#organization\",\"name\":\"News In Foco - Editado por Caio Pimenta\",\"description\":\"O principal site de noticias de Alagoinhas e regi\\u00e3o\",\"url\":\"https:\\\/\\\/newsinfoco.com.br\\\/inicio\\\/\"},{\"@type\":\"Person\",\"@id\":\"https:\\\/\\\/newsinfoco.com.br\\\/inicio\\\/author\\\/administrador\\\/#author\",\"url\":\"https:\\\/\\\/newsinfoco.com.br\\\/inicio\\\/author\\\/administrador\\\/\",\"name\":\"administrador\",\"image\":{\"@type\":\"ImageObject\",\"@id\":\"https:\\\/\\\/newsinfoco.com.br\\\/inicio\\\/presidente-da-oab-critica-ministro-alexandre-de-moraes-por-mandar-prender-suspeitos-de-ameaca-lo\\\/#authorImage\",\"url\":\"https:\\\/\\\/secure.gravatar.com\\\/avatar\\\/c17a617433de8c1dc9584bb79aab7563b46f5bb7e1728c9b17d9cc3ce6a08e49?s=96&d=mm&r=g\",\"width\":96,\"height\":96,\"caption\":\"administrador\"}},{\"@type\":\"WebPage\",\"@id\":\"https:\\\/\\\/newsinfoco.com.br\\\/inicio\\\/presidente-da-oab-critica-ministro-alexandre-de-moraes-por-mandar-prender-suspeitos-de-ameaca-lo\\\/#webpage\",\"url\":\"https:\\\/\\\/newsinfoco.com.br\\\/inicio\\\/presidente-da-oab-critica-ministro-alexandre-de-moraes-por-mandar-prender-suspeitos-de-ameaca-lo\\\/\",\"name\":\"Presidente da OAB critica ministro Alexandre de Moraes por mandar prender suspeitos de amea\\u00e7\\u00e1-lo - News In Foco - Editado por Caio Pimenta\",\"description\":\"O presidente da OAB (Ordem dos Advogados do Brasil), Beto Simonetti criticou o ministro Alexandre de Moraes, do Supremo Tribunal Federal, por ter ordenado nesta sexta-feira (31) as pris\\u00f5es de suspeitos de terem feito amea\\u00e7as a ele pr\\u00f3prio e seus familiares. \\\"A lei brasileira n\\u00e3o permite que a v\\u00edtima julgue o pr\\u00f3prio caso\\\", afirma Simonetti.\",\"inLanguage\":\"pt-BR\",\"isPartOf\":{\"@id\":\"https:\\\/\\\/newsinfoco.com.br\\\/inicio\\\/#website\"},\"breadcrumb\":{\"@id\":\"https:\\\/\\\/newsinfoco.com.br\\\/inicio\\\/presidente-da-oab-critica-ministro-alexandre-de-moraes-por-mandar-prender-suspeitos-de-ameaca-lo\\\/#breadcrumblist\"},\"author\":{\"@id\":\"https:\\\/\\\/newsinfoco.com.br\\\/inicio\\\/author\\\/administrador\\\/#author\"},\"creator\":{\"@id\":\"https:\\\/\\\/newsinfoco.com.br\\\/inicio\\\/author\\\/administrador\\\/#author\"},\"image\":{\"@type\":\"ImageObject\",\"url\":\"https:\\\/\\\/newsinfoco.com.br\\\/inicio\\\/wp-content\\\/uploads\\\/2024\\\/06\\\/portaldoholanda-capturadetela2024-06-01as102949-1308703.jpg\",\"@id\":\"https:\\\/\\\/newsinfoco.com.br\\\/inicio\\\/presidente-da-oab-critica-ministro-alexandre-de-moraes-por-mandar-prender-suspeitos-de-ameaca-lo\\\/#mainImage\",\"width\":750,\"height\":507},\"primaryImageOfPage\":{\"@id\":\"https:\\\/\\\/newsinfoco.com.br\\\/inicio\\\/presidente-da-oab-critica-ministro-alexandre-de-moraes-por-mandar-prender-suspeitos-de-ameaca-lo\\\/#mainImage\"},\"datePublished\":\"2024-06-01T12:36:33-03:00\",\"dateModified\":\"2024-06-01T12:36:33-03:00\"},{\"@type\":\"WebSite\",\"@id\":\"https:\\\/\\\/newsinfoco.com.br\\\/inicio\\\/#website\",\"url\":\"https:\\\/\\\/newsinfoco.com.br\\\/inicio\\\/\",\"name\":\"News In Foco - Editado por Caio Pimenta\",\"description\":\"O principal site de noticias de Alagoinhas e regi\\u00e3o\",\"inLanguage\":\"pt-BR\",\"publisher\":{\"@id\":\"https:\\\/\\\/newsinfoco.com.br\\\/inicio\\\/#organization\"}}]}\n\t\t<\/script>\n\t\t<!-- All in One SEO -->\n\n","aioseo_head_json":{"title":"Presidente da OAB critica ministro Alexandre de Moraes por mandar prender suspeitos de amea\u00e7\u00e1-lo - News In Foco - Editado por Caio Pimenta","description":"O presidente da OAB (Ordem dos Advogados do Brasil), Beto Simonetti criticou o ministro Alexandre de Moraes, do Supremo Tribunal Federal, por ter ordenado nesta sexta-feira (31) as pris\u00f5es de suspeitos de terem feito amea\u00e7as a ele pr\u00f3prio e seus familiares. \"A lei brasileira n\u00e3o permite que a v\u00edtima julgue o pr\u00f3prio caso\", afirma Simonetti.","canonical_url":"https:\/\/newsinfoco.com.br\/inicio\/presidente-da-oab-critica-ministro-alexandre-de-moraes-por-mandar-prender-suspeitos-de-ameaca-lo\/","robots":"max-image-preview:large","keywords":"","webmasterTools":{"miscellaneous":""},"schema":{"@context":"https:\/\/schema.org","@graph":[{"@type":"BlogPosting","@id":"https:\/\/newsinfoco.com.br\/inicio\/presidente-da-oab-critica-ministro-alexandre-de-moraes-por-mandar-prender-suspeitos-de-ameaca-lo\/#blogposting","name":"Presidente da OAB critica ministro Alexandre de Moraes por mandar prender suspeitos de amea\u00e7\u00e1-lo - News In Foco - Editado por Caio Pimenta","headline":"Presidente da OAB critica ministro Alexandre de Moraes por mandar prender suspeitos de amea\u00e7\u00e1-lo","author":{"@id":"https:\/\/newsinfoco.com.br\/inicio\/author\/administrador\/#author"},"publisher":{"@id":"https:\/\/newsinfoco.com.br\/inicio\/#organization"},"image":{"@type":"ImageObject","url":"https:\/\/newsinfoco.com.br\/inicio\/wp-content\/uploads\/2024\/06\/portaldoholanda-capturadetela2024-06-01as102949-1308703.jpg","width":750,"height":507},"datePublished":"2024-06-01T12:36:33-03:00","dateModified":"2024-06-01T12:36:33-03:00","inLanguage":"pt-BR","mainEntityOfPage":{"@id":"https:\/\/newsinfoco.com.br\/inicio\/presidente-da-oab-critica-ministro-alexandre-de-moraes-por-mandar-prender-suspeitos-de-ameaca-lo\/#webpage"},"isPartOf":{"@id":"https:\/\/newsinfoco.com.br\/inicio\/presidente-da-oab-critica-ministro-alexandre-de-moraes-por-mandar-prender-suspeitos-de-ameaca-lo\/#webpage"},"articleSection":"Brasil"},{"@type":"BreadcrumbList","@id":"https:\/\/newsinfoco.com.br\/inicio\/presidente-da-oab-critica-ministro-alexandre-de-moraes-por-mandar-prender-suspeitos-de-ameaca-lo\/#breadcrumblist","itemListElement":[{"@type":"ListItem","@id":"https:\/\/newsinfoco.com.br\/inicio#listItem","position":1,"name":"In\u00edcio","item":"https:\/\/newsinfoco.com.br\/inicio","nextItem":{"@type":"ListItem","@id":"https:\/\/newsinfoco.com.br\/inicio\/category\/brasil\/#listItem","name":"Brasil"}},{"@type":"ListItem","@id":"https:\/\/newsinfoco.com.br\/inicio\/category\/brasil\/#listItem","position":2,"name":"Brasil","item":"https:\/\/newsinfoco.com.br\/inicio\/category\/brasil\/","nextItem":{"@type":"ListItem","@id":"https:\/\/newsinfoco.com.br\/inicio\/presidente-da-oab-critica-ministro-alexandre-de-moraes-por-mandar-prender-suspeitos-de-ameaca-lo\/#listItem","name":"Presidente da OAB critica ministro Alexandre de Moraes por mandar prender suspeitos de amea\u00e7\u00e1-lo"},"previousItem":{"@type":"ListItem","@id":"https:\/\/newsinfoco.com.br\/inicio#listItem","name":"In\u00edcio"}},{"@type":"ListItem","@id":"https:\/\/newsinfoco.com.br\/inicio\/presidente-da-oab-critica-ministro-alexandre-de-moraes-por-mandar-prender-suspeitos-de-ameaca-lo\/#listItem","position":3,"name":"Presidente da OAB critica ministro Alexandre de Moraes por mandar prender suspeitos de amea\u00e7\u00e1-lo","previousItem":{"@type":"ListItem","@id":"https:\/\/newsinfoco.com.br\/inicio\/category\/brasil\/#listItem","name":"Brasil"}}]},{"@type":"Organization","@id":"https:\/\/newsinfoco.com.br\/inicio\/#organization","name":"News In Foco - Editado por Caio Pimenta","description":"O principal site de noticias de Alagoinhas e regi\u00e3o","url":"https:\/\/newsinfoco.com.br\/inicio\/"},{"@type":"Person","@id":"https:\/\/newsinfoco.com.br\/inicio\/author\/administrador\/#author","url":"https:\/\/newsinfoco.com.br\/inicio\/author\/administrador\/","name":"administrador","image":{"@type":"ImageObject","@id":"https:\/\/newsinfoco.com.br\/inicio\/presidente-da-oab-critica-ministro-alexandre-de-moraes-por-mandar-prender-suspeitos-de-ameaca-lo\/#authorImage","url":"https:\/\/secure.gravatar.com\/avatar\/c17a617433de8c1dc9584bb79aab7563b46f5bb7e1728c9b17d9cc3ce6a08e49?s=96&d=mm&r=g","width":96,"height":96,"caption":"administrador"}},{"@type":"WebPage","@id":"https:\/\/newsinfoco.com.br\/inicio\/presidente-da-oab-critica-ministro-alexandre-de-moraes-por-mandar-prender-suspeitos-de-ameaca-lo\/#webpage","url":"https:\/\/newsinfoco.com.br\/inicio\/presidente-da-oab-critica-ministro-alexandre-de-moraes-por-mandar-prender-suspeitos-de-ameaca-lo\/","name":"Presidente da OAB critica ministro Alexandre de Moraes por mandar prender suspeitos de amea\u00e7\u00e1-lo - News In Foco - Editado por Caio Pimenta","description":"O presidente da OAB (Ordem dos Advogados do Brasil), Beto Simonetti criticou o ministro Alexandre de Moraes, do Supremo Tribunal Federal, por ter ordenado nesta sexta-feira (31) as pris\u00f5es de suspeitos de terem feito amea\u00e7as a ele pr\u00f3prio e seus familiares. \"A lei brasileira n\u00e3o permite que a v\u00edtima julgue o pr\u00f3prio caso\", afirma Simonetti.","inLanguage":"pt-BR","isPartOf":{"@id":"https:\/\/newsinfoco.com.br\/inicio\/#website"},"breadcrumb":{"@id":"https:\/\/newsinfoco.com.br\/inicio\/presidente-da-oab-critica-ministro-alexandre-de-moraes-por-mandar-prender-suspeitos-de-ameaca-lo\/#breadcrumblist"},"author":{"@id":"https:\/\/newsinfoco.com.br\/inicio\/author\/administrador\/#author"},"creator":{"@id":"https:\/\/newsinfoco.com.br\/inicio\/author\/administrador\/#author"},"image":{"@type":"ImageObject","url":"https:\/\/newsinfoco.com.br\/inicio\/wp-content\/uploads\/2024\/06\/portaldoholanda-capturadetela2024-06-01as102949-1308703.jpg","@id":"https:\/\/newsinfoco.com.br\/inicio\/presidente-da-oab-critica-ministro-alexandre-de-moraes-por-mandar-prender-suspeitos-de-ameaca-lo\/#mainImage","width":750,"height":507},"primaryImageOfPage":{"@id":"https:\/\/newsinfoco.com.br\/inicio\/presidente-da-oab-critica-ministro-alexandre-de-moraes-por-mandar-prender-suspeitos-de-ameaca-lo\/#mainImage"},"datePublished":"2024-06-01T12:36:33-03:00","dateModified":"2024-06-01T12:36:33-03:00"},{"@type":"WebSite","@id":"https:\/\/newsinfoco.com.br\/inicio\/#website","url":"https:\/\/newsinfoco.com.br\/inicio\/","name":"News In Foco - Editado por Caio Pimenta","description":"O principal site de noticias de Alagoinhas e regi\u00e3o","inLanguage":"pt-BR","publisher":{"@id":"https:\/\/newsinfoco.com.br\/inicio\/#organization"}}]},"og:locale":"pt_BR","og:site_name":"News In Foco - Editado por Caio Pimenta - O principal site de noticias de Alagoinhas e regi\u00e3o","og:type":"article","og:title":"Presidente da OAB critica ministro Alexandre de Moraes por mandar prender suspeitos de amea\u00e7\u00e1-lo - News In Foco - Editado por Caio Pimenta","og:description":"O presidente da OAB (Ordem dos Advogados do Brasil), Beto Simonetti criticou o ministro Alexandre de Moraes, do Supremo Tribunal Federal, por ter ordenado nesta sexta-feira (31) as pris\u00f5es de suspeitos de terem feito amea\u00e7as a ele pr\u00f3prio e seus familiares. &quot;A lei brasileira n\u00e3o permite que a v\u00edtima julgue o pr\u00f3prio caso&quot;, afirma Simonetti.","og:url":"https:\/\/newsinfoco.com.br\/inicio\/presidente-da-oab-critica-ministro-alexandre-de-moraes-por-mandar-prender-suspeitos-de-ameaca-lo\/","article:published_time":"2024-06-01T15:36:33+00:00","article:modified_time":"2024-06-01T15:36:33+00:00","twitter:card":"summary_large_image","twitter:title":"Presidente da OAB critica ministro Alexandre de Moraes por mandar prender suspeitos de amea\u00e7\u00e1-lo - News In Foco - Editado por Caio Pimenta","twitter:description":"O presidente da OAB (Ordem dos Advogados do Brasil), Beto Simonetti criticou o ministro Alexandre de Moraes, do Supremo Tribunal Federal, por ter ordenado nesta sexta-feira (31) as pris\u00f5es de suspeitos de terem feito amea\u00e7as a ele pr\u00f3prio e seus familiares. &quot;A lei brasileira n\u00e3o permite que a v\u00edtima julgue o pr\u00f3prio caso&quot;, afirma Simonetti."},"aioseo_meta_data":{"post_id":"36158","title":null,"description":null,"keywords":[],"keyphrases":{"focus":{"keyphrase":"","score":0,"analysis":{"keyphraseInTitle":{"score":0,"maxScore":9,"error":1}}},"additional":[]},"primary_term":null,"canonical_url":null,"og_title":null,"og_description":null,"og_object_type":"default","og_image_type":"default","og_image_url":null,"og_image_width":null,"og_image_height":null,"og_image_custom_url":null,"og_image_custom_fields":null,"og_video":"","og_custom_url":null,"og_article_section":null,"og_article_tags":[],"twitter_use_og":false,"twitter_card":"default","twitter_image_type":"default","twitter_image_url":null,"twitter_image_custom_url":null,"twitter_image_custom_fields":null,"twitter_title":null,"twitter_description":null,"schema":{"blockGraphs":[],"customGraphs":[],"default":{"data":{"Article":[],"Course":[],"Dataset":[],"FAQPage":[],"Movie":[],"Person":[],"Product":[],"ProductReview":[],"Car":[],"Recipe":[],"Service":[],"SoftwareApplication":[],"WebPage":[]},"graphName":"BlogPosting","isEnabled":true},"graphs":[]},"schema_type":"default","schema_type_options":null,"pillar_content":false,"robots_default":true,"robots_noindex":false,"robots_noarchive":false,"robots_nosnippet":false,"robots_nofollow":false,"robots_noimageindex":false,"robots_noodp":false,"robots_notranslate":false,"robots_max_snippet":"-1","robots_max_videopreview":"-1","robots_max_imagepreview":"large","priority":null,"frequency":"default","local_seo":null,"breadcrumb_settings":null,"limit_modified_date":false,"ai":null,"created":"2024-06-01 15:36:33","updated":"2025-07-11 10:44:49","seo_analyzer_scan_date":null},"aioseo_breadcrumb":"<div class=\"aioseo-breadcrumbs\"><span class=\"aioseo-breadcrumb\">\n\t\t\t<a href=\"https:\/\/newsinfoco.com.br\/inicio\" title=\"In\u00edcio\">In\u00edcio<\/a>\n\t\t<\/span><span class=\"aioseo-breadcrumb-separator\">&raquo;<\/span><span class=\"aioseo-breadcrumb\">\n\t\t\t<a href=\"https:\/\/newsinfoco.com.br\/inicio\/category\/brasil\/\" title=\"Brasil\">Brasil<\/a>\n\t\t<\/span><span class=\"aioseo-breadcrumb-separator\">&raquo;<\/span><span class=\"aioseo-breadcrumb\">\n\t\t\tPresidente da OAB critica ministro Alexandre de Moraes por mandar prender suspeitos de amea\u00e7\u00e1-lo\n\t\t<\/span><\/div>","aioseo_breadcrumb_json":[{"label":"In\u00edcio","link":"https:\/\/newsinfoco.com.br\/inicio"},{"label":"Brasil","link":"https:\/\/newsinfoco.com.br\/inicio\/category\/brasil\/"},{"label":"Presidente da OAB critica ministro Alexandre de Moraes por mandar prender suspeitos de amea\u00e7\u00e1-lo","link":"https:\/\/newsinfoco.com.br\/inicio\/presidente-da-oab-critica-ministro-alexandre-de-moraes-por-mandar-prender-suspeitos-de-ameaca-lo\/"}],"_links":{"self":[{"href":"https:\/\/newsinfoco.com.br\/inicio\/wp-json\/wp\/v2\/posts\/36158","targetHints":{"allow":["GET"]}}],"collection":[{"href":"https:\/\/newsinfoco.com.br\/inicio\/wp-json\/wp\/v2\/posts"}],"about":[{"href":"https:\/\/newsinfoco.com.br\/inicio\/wp-json\/wp\/v2\/types\/post"}],"author":[{"embeddable":true,"href":"https:\/\/newsinfoco.com.br\/inicio\/wp-json\/wp\/v2\/users\/1"}],"replies":[{"embeddable":true,"href":"https:\/\/newsinfoco.com.br\/inicio\/wp-json\/wp\/v2\/comments?post=36158"}],"version-history":[{"count":1,"href":"https:\/\/newsinfoco.com.br\/inicio\/wp-json\/wp\/v2\/posts\/36158\/revisions"}],"predecessor-version":[{"id":36160,"href":"https:\/\/newsinfoco.com.br\/inicio\/wp-json\/wp\/v2\/posts\/36158\/revisions\/36160"}],"wp:featuredmedia":[{"embeddable":true,"href":"https:\/\/newsinfoco.com.br\/inicio\/wp-json\/wp\/v2\/media\/36159"}],"wp:attachment":[{"href":"https:\/\/newsinfoco.com.br\/inicio\/wp-json\/wp\/v2\/media?parent=36158"}],"wp:term":[{"taxonomy":"category","embeddable":true,"href":"https:\/\/newsinfoco.com.br\/inicio\/wp-json\/wp\/v2\/categories?post=36158"},{"taxonomy":"post_tag","embeddable":true,"href":"https:\/\/newsinfoco.com.br\/inicio\/wp-json\/wp\/v2\/tags?post=36158"}],"curies":[{"name":"wp","href":"https:\/\/api.w.org\/{rel}","templated":true}]}}