{"id":36189,"date":"2024-06-11T18:42:00","date_gmt":"2024-06-11T21:42:00","guid":{"rendered":"https:\/\/newsinfoco.com.br\/inicio\/?p=36189"},"modified":"2024-06-11T18:42:00","modified_gmt":"2024-06-11T21:42:00","slug":"vacina-monovalente-contra-covid-19-comeca-a-ser-aplicada-nesta-terca-11-em-alagoinhas","status":"publish","type":"post","link":"https:\/\/newsinfoco.com.br\/inicio\/vacina-monovalente-contra-covid-19-comeca-a-ser-aplicada-nesta-terca-11-em-alagoinhas\/","title":{"rendered":"Vacina monovalente contra Covid-19 come\u00e7a a ser aplicada nesta ter\u00e7a, 11, em Alagoinhas"},"content":{"rendered":"<p>Nesta ter\u00e7a-feira (11), a Prefeitura de Alagoinhas, por meio da Secretaria de Sa\u00fade, iniciou nas unidades de sa\u00fade a aplica\u00e7\u00e3o da vacina monovalente contra Covid-19.<\/p>\n<p>&nbsp;<\/p>\n<p>Neste primeiro momento, a vacina est\u00e1 liberada para crian\u00e7as entre 6 meses e 4 anos, 11 meses e 29 dias; pessoas de 60 anos ou mais; pessoas vivendo em institui\u00e7\u00f5es de longa perman\u00eancia (ILPI e RI) e seus trabalhadores; pessoas imunocomprometidas; ind\u00edgenas, ribeirinhos e quilombolas; gestantes e pu\u00e9rperas; trabalhadores da Sa\u00fade; pessoas com defici\u00eancia permanente; pessoas com comorbidades; pessoas privadas de liberdade (\u2265 18 anos) e funcion\u00e1rios do sistema de priva\u00e7\u00e3o de liberdade; adolescentes e jovens cumprindo medidas socioeducativas; e pessoas em situa\u00e7\u00e3o de rua.<\/p>\n<p>&nbsp;<\/p>\n<p>Para ter acesso ao imunizante basta procurar as unidades de sa\u00fade de: Alagoinhas Velha, Urbis III, L\u00edrio dos Vales, Taiz\u00ea, Nova Rep\u00fablica, Nova Esperan\u00e7a, Flavio Cavalcante e na Central de Imuniza\u00e7\u00e3o, portando cart\u00e3o de vacina\u00e7\u00e3o, CPF e cart\u00e3o do SUS. O intervalo m\u00ednimo recomendado entre a \u00faltima dose de qualquer vacina COVID-19 e a vacina COVID-19 monovalente (XBB) \u00e9 de tr\u00eas meses.<\/p>\n<p>&nbsp;<\/p>\n<p>A vacina monovalente contra Covid-19 \u00e9 feita com imunizante da Moderna que foi aprovado pela Ag\u00eancia Nacional de Vigil\u00e2ncia Sanit\u00e1ria (Anvisa). Esta vers\u00e3o est\u00e1 atualizada para a variante XBB 1.5, uma subvariante da \u00d4micron.<\/p>\n<p>&nbsp;<\/p>\n<p><a class=\"group1 cboxElement\" href=\"https:\/\/www.alagoinhas.ba.gov.br\/wp-content\/uploads\/2024\/06\/06643227-c7b3-4dc7-afe2-46442e8c200f.jpeg\"><img loading=\"lazy\" decoding=\"async\" class=\"aligncenter size-full wp-image-75549\" src=\"https:\/\/www.alagoinhas.ba.gov.br\/wp-content\/uploads\/2024\/06\/06643227-c7b3-4dc7-afe2-46442e8c200f.jpeg\" sizes=\"auto, (max-width: 1200px) 100vw, 1200px\" srcset=\"https:\/\/www.alagoinhas.ba.gov.br\/wp-content\/uploads\/2024\/06\/06643227-c7b3-4dc7-afe2-46442e8c200f.jpeg 1200w, https:\/\/www.alagoinhas.ba.gov.br\/wp-content\/uploads\/2024\/06\/06643227-c7b3-4dc7-afe2-46442e8c200f-300x300.jpeg 300w, https:\/\/www.alagoinhas.ba.gov.br\/wp-content\/uploads\/2024\/06\/06643227-c7b3-4dc7-afe2-46442e8c200f-768x768.jpeg 768w, https:\/\/www.alagoinhas.ba.gov.br\/wp-content\/uploads\/2024\/06\/06643227-c7b3-4dc7-afe2-46442e8c200f-1024x1024.jpeg 1024w, https:\/\/www.alagoinhas.ba.gov.br\/wp-content\/uploads\/2024\/06\/06643227-c7b3-4dc7-afe2-46442e8c200f-24x24.jpeg 24w\" alt=\"\" width=\"1200\" height=\"1200\" \/><\/a><a class=\"group1 cboxElement\" href=\"https:\/\/www.alagoinhas.ba.gov.br\/wp-content\/uploads\/2024\/06\/Facetune_11-06-2024-09-44-17.jpeg\"><img loading=\"lazy\" decoding=\"async\" class=\"aligncenter size-full wp-image-75550\" src=\"https:\/\/www.alagoinhas.ba.gov.br\/wp-content\/uploads\/2024\/06\/Facetune_11-06-2024-09-44-17.jpeg\" sizes=\"auto, (max-width: 1200px) 100vw, 1200px\" srcset=\"https:\/\/www.alagoinhas.ba.gov.br\/wp-content\/uploads\/2024\/06\/Facetune_11-06-2024-09-44-17.jpeg 1200w, https:\/\/www.alagoinhas.ba.gov.br\/wp-content\/uploads\/2024\/06\/Facetune_11-06-2024-09-44-17-300x300.jpeg 300w, https:\/\/www.alagoinhas.ba.gov.br\/wp-content\/uploads\/2024\/06\/Facetune_11-06-2024-09-44-17-768x768.jpeg 768w, https:\/\/www.alagoinhas.ba.gov.br\/wp-content\/uploads\/2024\/06\/Facetune_11-06-2024-09-44-17-1024x1024.jpeg 1024w, https:\/\/www.alagoinhas.ba.gov.br\/wp-content\/uploads\/2024\/06\/Facetune_11-06-2024-09-44-17-24x24.jpeg 24w\" alt=\"\" width=\"1200\" height=\"1200\" \/><\/a><a class=\"group1 cboxElement\" href=\"https:\/\/www.alagoinhas.ba.gov.br\/wp-content\/uploads\/2024\/06\/559af4be-64ad-40dd-87eb-b6ba690f6cfd.jpeg\"><img loading=\"lazy\" decoding=\"async\" class=\"aligncenter size-full wp-image-75551\" src=\"https:\/\/www.alagoinhas.ba.gov.br\/wp-content\/uploads\/2024\/06\/559af4be-64ad-40dd-87eb-b6ba690f6cfd.jpeg\" sizes=\"auto, (max-width: 1200px) 100vw, 1200px\" srcset=\"https:\/\/www.alagoinhas.ba.gov.br\/wp-content\/uploads\/2024\/06\/559af4be-64ad-40dd-87eb-b6ba690f6cfd.jpeg 1200w, https:\/\/www.alagoinhas.ba.gov.br\/wp-content\/uploads\/2024\/06\/559af4be-64ad-40dd-87eb-b6ba690f6cfd-300x300.jpeg 300w, https:\/\/www.alagoinhas.ba.gov.br\/wp-content\/uploads\/2024\/06\/559af4be-64ad-40dd-87eb-b6ba690f6cfd-768x768.jpeg 768w, https:\/\/www.alagoinhas.ba.gov.br\/wp-content\/uploads\/2024\/06\/559af4be-64ad-40dd-87eb-b6ba690f6cfd-1024x1024.jpeg 1024w, https:\/\/www.alagoinhas.ba.gov.br\/wp-content\/uploads\/2024\/06\/559af4be-64ad-40dd-87eb-b6ba690f6cfd-24x24.jpeg 24w\" alt=\"\" width=\"1200\" height=\"1200\" \/><\/a><\/p>\n<div align=\"right\"><\/div>\n<div class='share-to-whatsapp-wrapper'><div class='share-on-whsp'>Share on: <\/div><a data-text='Vacina monovalente contra Covid-19 come\u00e7a a ser aplicada nesta ter\u00e7a, 11, em Alagoinhas' data-link='https:\/\/newsinfoco.com.br\/inicio\/vacina-monovalente-contra-covid-19-comeca-a-ser-aplicada-nesta-terca-11-em-alagoinhas\/' class='whatsapp-button whatsapp-share'>WhatsApp<\/a><div class='clear '><\/div><\/div>","protected":false},"excerpt":{"rendered":"<p>Nesta ter\u00e7a-feira (11), a Prefeitura de Alagoinhas, por meio da Secretaria de Sa\u00fade, iniciou nas unidades de sa\u00fade a aplica\u00e7\u00e3o da vacina monovalente contra Covid-19. &nbsp; Neste primeiro momento, a vacina est\u00e1 liberada para crian\u00e7as entre 6 meses e 4 anos, 11 meses e 29 dias; pessoas de 60 anos ou mais; pessoas vivendo em [&hellip;]<\/p>\n","protected":false},"author":1,"featured_media":36191,"comment_status":"closed","ping_status":"closed","sticky":false,"template":"","format":"standard","meta":{"om_disable_all_campaigns":false,"rop_custom_images_group":[],"rop_custom_messages_group":[],"rop_publish_now":"initial","rop_publish_now_accounts":[],"rop_publish_now_history":[],"rop_publish_now_status":"pending","_exactmetrics_skip_tracking":false,"footnotes":""},"categories":[38,167],"tags":[],"class_list":["post-36189","post","type-post","status-publish","format-standard","has-post-thumbnail","hentry","category-alagoinhas-e-regiao","category-exclusivas"],"aioseo_notices":[],"aioseo_head":"\n\t\t<!-- All in One SEO 4.9.10 - aioseo.com -->\n\t<meta name=\"description\" content=\"Nesta ter\u00e7a-feira (11), a Prefeitura de Alagoinhas, por meio da Secretaria de Sa\u00fade, iniciou nas unidades de sa\u00fade a aplica\u00e7\u00e3o da vacina monovalente contra Covid-19. Neste primeiro momento, a vacina est\u00e1 liberada para crian\u00e7as entre 6 meses e 4 anos, 11 meses e 29 dias; pessoas de 60 anos ou mais; pessoas vivendo em\" \/>\n\t<meta name=\"robots\" content=\"max-image-preview:large\" \/>\n\t<meta name=\"author\" content=\"administrador\"\/>\n\t<link rel=\"canonical\" href=\"https:\/\/newsinfoco.com.br\/inicio\/vacina-monovalente-contra-covid-19-comeca-a-ser-aplicada-nesta-terca-11-em-alagoinhas\/\" \/>\n\t<meta name=\"generator\" content=\"All in One SEO (AIOSEO) 4.9.10\" \/>\n\t\t<meta property=\"og:locale\" content=\"pt_BR\" \/>\n\t\t<meta property=\"og:site_name\" content=\"News In Foco - Editado por Caio Pimenta - O principal site de noticias de Alagoinhas e regi\u00e3o\" \/>\n\t\t<meta property=\"og:type\" content=\"article\" \/>\n\t\t<meta property=\"og:title\" content=\"Vacina monovalente contra Covid-19 come\u00e7a a ser aplicada nesta ter\u00e7a, 11, em Alagoinhas - News In Foco - Editado por Caio Pimenta\" \/>\n\t\t<meta property=\"og:description\" content=\"Nesta ter\u00e7a-feira (11), a Prefeitura de Alagoinhas, por meio da Secretaria de Sa\u00fade, iniciou nas unidades de sa\u00fade a aplica\u00e7\u00e3o da vacina monovalente contra Covid-19. Neste primeiro momento, a vacina est\u00e1 liberada para crian\u00e7as entre 6 meses e 4 anos, 11 meses e 29 dias; pessoas de 60 anos ou mais; pessoas vivendo em\" \/>\n\t\t<meta property=\"og:url\" content=\"https:\/\/newsinfoco.com.br\/inicio\/vacina-monovalente-contra-covid-19-comeca-a-ser-aplicada-nesta-terca-11-em-alagoinhas\/\" \/>\n\t\t<meta property=\"article:published_time\" content=\"2024-06-11T21:42:00+00:00\" \/>\n\t\t<meta property=\"article:modified_time\" content=\"2024-06-11T21:42:00+00:00\" \/>\n\t\t<meta name=\"twitter:card\" content=\"summary_large_image\" \/>\n\t\t<meta name=\"twitter:title\" content=\"Vacina monovalente contra Covid-19 come\u00e7a a ser aplicada nesta ter\u00e7a, 11, em Alagoinhas - News In Foco - Editado por Caio Pimenta\" \/>\n\t\t<meta name=\"twitter:description\" content=\"Nesta ter\u00e7a-feira (11), a Prefeitura de Alagoinhas, por meio da Secretaria de Sa\u00fade, iniciou nas unidades de sa\u00fade a aplica\u00e7\u00e3o da vacina monovalente contra Covid-19. Neste primeiro momento, a vacina est\u00e1 liberada para crian\u00e7as entre 6 meses e 4 anos, 11 meses e 29 dias; pessoas de 60 anos ou mais; pessoas vivendo em\" \/>\n\t\t<script type=\"application\/ld+json\" class=\"aioseo-schema\">\n\t\t\t{\"@context\":\"https:\\\/\\\/schema.org\",\"@graph\":[{\"@type\":\"BlogPosting\",\"@id\":\"https:\\\/\\\/newsinfoco.com.br\\\/inicio\\\/vacina-monovalente-contra-covid-19-comeca-a-ser-aplicada-nesta-terca-11-em-alagoinhas\\\/#blogposting\",\"name\":\"Vacina monovalente contra Covid-19 come\\u00e7a a ser aplicada nesta ter\\u00e7a, 11, em Alagoinhas - News In Foco - Editado por Caio Pimenta\",\"headline\":\"Vacina monovalente contra Covid-19 come\\u00e7a a ser aplicada nesta ter\\u00e7a, 11, em Alagoinhas\",\"author\":{\"@id\":\"https:\\\/\\\/newsinfoco.com.br\\\/inicio\\\/author\\\/administrador\\\/#author\"},\"publisher\":{\"@id\":\"https:\\\/\\\/newsinfoco.com.br\\\/inicio\\\/#organization\"},\"image\":{\"@type\":\"ImageObject\",\"url\":\"https:\\\/\\\/newsinfoco.com.br\\\/inicio\\\/wp-content\\\/uploads\\\/2024\\\/06\\\/vacina.jpeg\",\"width\":550,\"height\":368},\"datePublished\":\"2024-06-11T18:42:00-03:00\",\"dateModified\":\"2024-06-11T18:42:00-03:00\",\"inLanguage\":\"pt-BR\",\"mainEntityOfPage\":{\"@id\":\"https:\\\/\\\/newsinfoco.com.br\\\/inicio\\\/vacina-monovalente-contra-covid-19-comeca-a-ser-aplicada-nesta-terca-11-em-alagoinhas\\\/#webpage\"},\"isPartOf\":{\"@id\":\"https:\\\/\\\/newsinfoco.com.br\\\/inicio\\\/vacina-monovalente-contra-covid-19-comeca-a-ser-aplicada-nesta-terca-11-em-alagoinhas\\\/#webpage\"},\"articleSection\":\"Alagoinhas e Regi\\u00e3o, Manchete\"},{\"@type\":\"BreadcrumbList\",\"@id\":\"https:\\\/\\\/newsinfoco.com.br\\\/inicio\\\/vacina-monovalente-contra-covid-19-comeca-a-ser-aplicada-nesta-terca-11-em-alagoinhas\\\/#breadcrumblist\",\"itemListElement\":[{\"@type\":\"ListItem\",\"@id\":\"https:\\\/\\\/newsinfoco.com.br\\\/inicio#listItem\",\"position\":1,\"name\":\"In\\u00edcio\",\"item\":\"https:\\\/\\\/newsinfoco.com.br\\\/inicio\",\"nextItem\":{\"@type\":\"ListItem\",\"@id\":\"https:\\\/\\\/newsinfoco.com.br\\\/inicio\\\/category\\\/alagoinhas-e-regiao\\\/#listItem\",\"name\":\"Alagoinhas e Regi\\u00e3o\"}},{\"@type\":\"ListItem\",\"@id\":\"https:\\\/\\\/newsinfoco.com.br\\\/inicio\\\/category\\\/alagoinhas-e-regiao\\\/#listItem\",\"position\":2,\"name\":\"Alagoinhas e Regi\\u00e3o\",\"item\":\"https:\\\/\\\/newsinfoco.com.br\\\/inicio\\\/category\\\/alagoinhas-e-regiao\\\/\",\"nextItem\":{\"@type\":\"ListItem\",\"@id\":\"https:\\\/\\\/newsinfoco.com.br\\\/inicio\\\/vacina-monovalente-contra-covid-19-comeca-a-ser-aplicada-nesta-terca-11-em-alagoinhas\\\/#listItem\",\"name\":\"Vacina monovalente contra Covid-19 come\\u00e7a a ser aplicada nesta ter\\u00e7a, 11, em Alagoinhas\"},\"previousItem\":{\"@type\":\"ListItem\",\"@id\":\"https:\\\/\\\/newsinfoco.com.br\\\/inicio#listItem\",\"name\":\"In\\u00edcio\"}},{\"@type\":\"ListItem\",\"@id\":\"https:\\\/\\\/newsinfoco.com.br\\\/inicio\\\/vacina-monovalente-contra-covid-19-comeca-a-ser-aplicada-nesta-terca-11-em-alagoinhas\\\/#listItem\",\"position\":3,\"name\":\"Vacina monovalente contra Covid-19 come\\u00e7a a ser aplicada nesta ter\\u00e7a, 11, em Alagoinhas\",\"previousItem\":{\"@type\":\"ListItem\",\"@id\":\"https:\\\/\\\/newsinfoco.com.br\\\/inicio\\\/category\\\/alagoinhas-e-regiao\\\/#listItem\",\"name\":\"Alagoinhas e Regi\\u00e3o\"}}]},{\"@type\":\"Organization\",\"@id\":\"https:\\\/\\\/newsinfoco.com.br\\\/inicio\\\/#organization\",\"name\":\"News In Foco - Editado por Caio Pimenta\",\"description\":\"O principal site de noticias de Alagoinhas e regi\\u00e3o\",\"url\":\"https:\\\/\\\/newsinfoco.com.br\\\/inicio\\\/\"},{\"@type\":\"Person\",\"@id\":\"https:\\\/\\\/newsinfoco.com.br\\\/inicio\\\/author\\\/administrador\\\/#author\",\"url\":\"https:\\\/\\\/newsinfoco.com.br\\\/inicio\\\/author\\\/administrador\\\/\",\"name\":\"administrador\",\"image\":{\"@type\":\"ImageObject\",\"@id\":\"https:\\\/\\\/newsinfoco.com.br\\\/inicio\\\/vacina-monovalente-contra-covid-19-comeca-a-ser-aplicada-nesta-terca-11-em-alagoinhas\\\/#authorImage\",\"url\":\"https:\\\/\\\/secure.gravatar.com\\\/avatar\\\/c17a617433de8c1dc9584bb79aab7563b46f5bb7e1728c9b17d9cc3ce6a08e49?s=96&d=mm&r=g\",\"width\":96,\"height\":96,\"caption\":\"administrador\"}},{\"@type\":\"WebPage\",\"@id\":\"https:\\\/\\\/newsinfoco.com.br\\\/inicio\\\/vacina-monovalente-contra-covid-19-comeca-a-ser-aplicada-nesta-terca-11-em-alagoinhas\\\/#webpage\",\"url\":\"https:\\\/\\\/newsinfoco.com.br\\\/inicio\\\/vacina-monovalente-contra-covid-19-comeca-a-ser-aplicada-nesta-terca-11-em-alagoinhas\\\/\",\"name\":\"Vacina monovalente contra Covid-19 come\\u00e7a a ser aplicada nesta ter\\u00e7a, 11, em Alagoinhas - News In Foco - Editado por Caio Pimenta\",\"description\":\"Nesta ter\\u00e7a-feira (11), a Prefeitura de Alagoinhas, por meio da Secretaria de Sa\\u00fade, iniciou nas unidades de sa\\u00fade a aplica\\u00e7\\u00e3o da vacina monovalente contra Covid-19. Neste primeiro momento, a vacina est\\u00e1 liberada para crian\\u00e7as entre 6 meses e 4 anos, 11 meses e 29 dias; pessoas de 60 anos ou mais; pessoas vivendo em\",\"inLanguage\":\"pt-BR\",\"isPartOf\":{\"@id\":\"https:\\\/\\\/newsinfoco.com.br\\\/inicio\\\/#website\"},\"breadcrumb\":{\"@id\":\"https:\\\/\\\/newsinfoco.com.br\\\/inicio\\\/vacina-monovalente-contra-covid-19-comeca-a-ser-aplicada-nesta-terca-11-em-alagoinhas\\\/#breadcrumblist\"},\"author\":{\"@id\":\"https:\\\/\\\/newsinfoco.com.br\\\/inicio\\\/author\\\/administrador\\\/#author\"},\"creator\":{\"@id\":\"https:\\\/\\\/newsinfoco.com.br\\\/inicio\\\/author\\\/administrador\\\/#author\"},\"image\":{\"@type\":\"ImageObject\",\"url\":\"https:\\\/\\\/newsinfoco.com.br\\\/inicio\\\/wp-content\\\/uploads\\\/2024\\\/06\\\/vacina.jpeg\",\"@id\":\"https:\\\/\\\/newsinfoco.com.br\\\/inicio\\\/vacina-monovalente-contra-covid-19-comeca-a-ser-aplicada-nesta-terca-11-em-alagoinhas\\\/#mainImage\",\"width\":550,\"height\":368},\"primaryImageOfPage\":{\"@id\":\"https:\\\/\\\/newsinfoco.com.br\\\/inicio\\\/vacina-monovalente-contra-covid-19-comeca-a-ser-aplicada-nesta-terca-11-em-alagoinhas\\\/#mainImage\"},\"datePublished\":\"2024-06-11T18:42:00-03:00\",\"dateModified\":\"2024-06-11T18:42:00-03:00\"},{\"@type\":\"WebSite\",\"@id\":\"https:\\\/\\\/newsinfoco.com.br\\\/inicio\\\/#website\",\"url\":\"https:\\\/\\\/newsinfoco.com.br\\\/inicio\\\/\",\"name\":\"News In Foco - Editado por Caio Pimenta\",\"description\":\"O principal site de noticias de Alagoinhas e regi\\u00e3o\",\"inLanguage\":\"pt-BR\",\"publisher\":{\"@id\":\"https:\\\/\\\/newsinfoco.com.br\\\/inicio\\\/#organization\"}}]}\n\t\t<\/script>\n\t\t<!-- All in One SEO -->\n\n","aioseo_head_json":{"title":"Vacina monovalente contra Covid-19 come\u00e7a a ser aplicada nesta ter\u00e7a, 11, em Alagoinhas - News In Foco - Editado por Caio Pimenta","description":"Nesta ter\u00e7a-feira (11), a Prefeitura de Alagoinhas, por meio da Secretaria de Sa\u00fade, iniciou nas unidades de sa\u00fade a aplica\u00e7\u00e3o da vacina monovalente contra Covid-19. Neste primeiro momento, a vacina est\u00e1 liberada para crian\u00e7as entre 6 meses e 4 anos, 11 meses e 29 dias; pessoas de 60 anos ou mais; pessoas vivendo em","canonical_url":"https:\/\/newsinfoco.com.br\/inicio\/vacina-monovalente-contra-covid-19-comeca-a-ser-aplicada-nesta-terca-11-em-alagoinhas\/","robots":"max-image-preview:large","keywords":"","webmasterTools":{"miscellaneous":""},"schema":{"@context":"https:\/\/schema.org","@graph":[{"@type":"BlogPosting","@id":"https:\/\/newsinfoco.com.br\/inicio\/vacina-monovalente-contra-covid-19-comeca-a-ser-aplicada-nesta-terca-11-em-alagoinhas\/#blogposting","name":"Vacina monovalente contra Covid-19 come\u00e7a a ser aplicada nesta ter\u00e7a, 11, em Alagoinhas - News In Foco - Editado por Caio Pimenta","headline":"Vacina monovalente contra Covid-19 come\u00e7a a ser aplicada nesta ter\u00e7a, 11, em Alagoinhas","author":{"@id":"https:\/\/newsinfoco.com.br\/inicio\/author\/administrador\/#author"},"publisher":{"@id":"https:\/\/newsinfoco.com.br\/inicio\/#organization"},"image":{"@type":"ImageObject","url":"https:\/\/newsinfoco.com.br\/inicio\/wp-content\/uploads\/2024\/06\/vacina.jpeg","width":550,"height":368},"datePublished":"2024-06-11T18:42:00-03:00","dateModified":"2024-06-11T18:42:00-03:00","inLanguage":"pt-BR","mainEntityOfPage":{"@id":"https:\/\/newsinfoco.com.br\/inicio\/vacina-monovalente-contra-covid-19-comeca-a-ser-aplicada-nesta-terca-11-em-alagoinhas\/#webpage"},"isPartOf":{"@id":"https:\/\/newsinfoco.com.br\/inicio\/vacina-monovalente-contra-covid-19-comeca-a-ser-aplicada-nesta-terca-11-em-alagoinhas\/#webpage"},"articleSection":"Alagoinhas e Regi\u00e3o, Manchete"},{"@type":"BreadcrumbList","@id":"https:\/\/newsinfoco.com.br\/inicio\/vacina-monovalente-contra-covid-19-comeca-a-ser-aplicada-nesta-terca-11-em-alagoinhas\/#breadcrumblist","itemListElement":[{"@type":"ListItem","@id":"https:\/\/newsinfoco.com.br\/inicio#listItem","position":1,"name":"In\u00edcio","item":"https:\/\/newsinfoco.com.br\/inicio","nextItem":{"@type":"ListItem","@id":"https:\/\/newsinfoco.com.br\/inicio\/category\/alagoinhas-e-regiao\/#listItem","name":"Alagoinhas e Regi\u00e3o"}},{"@type":"ListItem","@id":"https:\/\/newsinfoco.com.br\/inicio\/category\/alagoinhas-e-regiao\/#listItem","position":2,"name":"Alagoinhas e Regi\u00e3o","item":"https:\/\/newsinfoco.com.br\/inicio\/category\/alagoinhas-e-regiao\/","nextItem":{"@type":"ListItem","@id":"https:\/\/newsinfoco.com.br\/inicio\/vacina-monovalente-contra-covid-19-comeca-a-ser-aplicada-nesta-terca-11-em-alagoinhas\/#listItem","name":"Vacina monovalente contra Covid-19 come\u00e7a a ser aplicada nesta ter\u00e7a, 11, em Alagoinhas"},"previousItem":{"@type":"ListItem","@id":"https:\/\/newsinfoco.com.br\/inicio#listItem","name":"In\u00edcio"}},{"@type":"ListItem","@id":"https:\/\/newsinfoco.com.br\/inicio\/vacina-monovalente-contra-covid-19-comeca-a-ser-aplicada-nesta-terca-11-em-alagoinhas\/#listItem","position":3,"name":"Vacina monovalente contra Covid-19 come\u00e7a a ser aplicada nesta ter\u00e7a, 11, em Alagoinhas","previousItem":{"@type":"ListItem","@id":"https:\/\/newsinfoco.com.br\/inicio\/category\/alagoinhas-e-regiao\/#listItem","name":"Alagoinhas e Regi\u00e3o"}}]},{"@type":"Organization","@id":"https:\/\/newsinfoco.com.br\/inicio\/#organization","name":"News In Foco - Editado por Caio Pimenta","description":"O principal site de noticias de Alagoinhas e regi\u00e3o","url":"https:\/\/newsinfoco.com.br\/inicio\/"},{"@type":"Person","@id":"https:\/\/newsinfoco.com.br\/inicio\/author\/administrador\/#author","url":"https:\/\/newsinfoco.com.br\/inicio\/author\/administrador\/","name":"administrador","image":{"@type":"ImageObject","@id":"https:\/\/newsinfoco.com.br\/inicio\/vacina-monovalente-contra-covid-19-comeca-a-ser-aplicada-nesta-terca-11-em-alagoinhas\/#authorImage","url":"https:\/\/secure.gravatar.com\/avatar\/c17a617433de8c1dc9584bb79aab7563b46f5bb7e1728c9b17d9cc3ce6a08e49?s=96&d=mm&r=g","width":96,"height":96,"caption":"administrador"}},{"@type":"WebPage","@id":"https:\/\/newsinfoco.com.br\/inicio\/vacina-monovalente-contra-covid-19-comeca-a-ser-aplicada-nesta-terca-11-em-alagoinhas\/#webpage","url":"https:\/\/newsinfoco.com.br\/inicio\/vacina-monovalente-contra-covid-19-comeca-a-ser-aplicada-nesta-terca-11-em-alagoinhas\/","name":"Vacina monovalente contra Covid-19 come\u00e7a a ser aplicada nesta ter\u00e7a, 11, em Alagoinhas - News In Foco - Editado por Caio Pimenta","description":"Nesta ter\u00e7a-feira (11), a Prefeitura de Alagoinhas, por meio da Secretaria de Sa\u00fade, iniciou nas unidades de sa\u00fade a aplica\u00e7\u00e3o da vacina monovalente contra Covid-19. Neste primeiro momento, a vacina est\u00e1 liberada para crian\u00e7as entre 6 meses e 4 anos, 11 meses e 29 dias; pessoas de 60 anos ou mais; pessoas vivendo em","inLanguage":"pt-BR","isPartOf":{"@id":"https:\/\/newsinfoco.com.br\/inicio\/#website"},"breadcrumb":{"@id":"https:\/\/newsinfoco.com.br\/inicio\/vacina-monovalente-contra-covid-19-comeca-a-ser-aplicada-nesta-terca-11-em-alagoinhas\/#breadcrumblist"},"author":{"@id":"https:\/\/newsinfoco.com.br\/inicio\/author\/administrador\/#author"},"creator":{"@id":"https:\/\/newsinfoco.com.br\/inicio\/author\/administrador\/#author"},"image":{"@type":"ImageObject","url":"https:\/\/newsinfoco.com.br\/inicio\/wp-content\/uploads\/2024\/06\/vacina.jpeg","@id":"https:\/\/newsinfoco.com.br\/inicio\/vacina-monovalente-contra-covid-19-comeca-a-ser-aplicada-nesta-terca-11-em-alagoinhas\/#mainImage","width":550,"height":368},"primaryImageOfPage":{"@id":"https:\/\/newsinfoco.com.br\/inicio\/vacina-monovalente-contra-covid-19-comeca-a-ser-aplicada-nesta-terca-11-em-alagoinhas\/#mainImage"},"datePublished":"2024-06-11T18:42:00-03:00","dateModified":"2024-06-11T18:42:00-03:00"},{"@type":"WebSite","@id":"https:\/\/newsinfoco.com.br\/inicio\/#website","url":"https:\/\/newsinfoco.com.br\/inicio\/","name":"News In Foco - Editado por Caio Pimenta","description":"O principal site de noticias de Alagoinhas e regi\u00e3o","inLanguage":"pt-BR","publisher":{"@id":"https:\/\/newsinfoco.com.br\/inicio\/#organization"}}]},"og:locale":"pt_BR","og:site_name":"News In Foco - Editado por Caio Pimenta - O principal site de noticias de Alagoinhas e regi\u00e3o","og:type":"article","og:title":"Vacina monovalente contra Covid-19 come\u00e7a a ser aplicada nesta ter\u00e7a, 11, em Alagoinhas - News In Foco - Editado por Caio Pimenta","og:description":"Nesta ter\u00e7a-feira (11), a Prefeitura de Alagoinhas, por meio da Secretaria de Sa\u00fade, iniciou nas unidades de sa\u00fade a aplica\u00e7\u00e3o da vacina monovalente contra Covid-19. Neste primeiro momento, a vacina est\u00e1 liberada para crian\u00e7as entre 6 meses e 4 anos, 11 meses e 29 dias; pessoas de 60 anos ou mais; pessoas vivendo em","og:url":"https:\/\/newsinfoco.com.br\/inicio\/vacina-monovalente-contra-covid-19-comeca-a-ser-aplicada-nesta-terca-11-em-alagoinhas\/","article:published_time":"2024-06-11T21:42:00+00:00","article:modified_time":"2024-06-11T21:42:00+00:00","twitter:card":"summary_large_image","twitter:title":"Vacina monovalente contra Covid-19 come\u00e7a a ser aplicada nesta ter\u00e7a, 11, em Alagoinhas - News In Foco - Editado por Caio Pimenta","twitter:description":"Nesta ter\u00e7a-feira (11), a Prefeitura de Alagoinhas, por meio da Secretaria de Sa\u00fade, iniciou nas unidades de sa\u00fade a aplica\u00e7\u00e3o da vacina monovalente contra Covid-19. Neste primeiro momento, a vacina est\u00e1 liberada para crian\u00e7as entre 6 meses e 4 anos, 11 meses e 29 dias; pessoas de 60 anos ou mais; pessoas vivendo em"},"aioseo_meta_data":{"post_id":"36189","title":null,"description":null,"keywords":[],"keyphrases":{"focus":{"keyphrase":"","score":0,"analysis":{"keyphraseInTitle":{"score":0,"maxScore":9,"error":1}}},"additional":[]},"primary_term":null,"canonical_url":null,"og_title":null,"og_description":null,"og_object_type":"default","og_image_type":"default","og_image_url":null,"og_image_width":null,"og_image_height":null,"og_image_custom_url":null,"og_image_custom_fields":null,"og_video":"","og_custom_url":null,"og_article_section":null,"og_article_tags":[],"twitter_use_og":false,"twitter_card":"default","twitter_image_type":"default","twitter_image_url":null,"twitter_image_custom_url":null,"twitter_image_custom_fields":null,"twitter_title":null,"twitter_description":null,"schema":{"blockGraphs":[],"customGraphs":[],"default":{"data":{"Article":[],"Course":[],"Dataset":[],"FAQPage":[],"Movie":[],"Person":[],"Product":[],"ProductReview":[],"Car":[],"Recipe":[],"Service":[],"SoftwareApplication":[],"WebPage":[]},"graphName":"BlogPosting","isEnabled":true},"graphs":[]},"schema_type":"default","schema_type_options":null,"pillar_content":false,"robots_default":true,"robots_noindex":false,"robots_noarchive":false,"robots_nosnippet":false,"robots_nofollow":false,"robots_noimageindex":false,"robots_noodp":false,"robots_notranslate":false,"robots_max_snippet":"-1","robots_max_videopreview":"-1","robots_max_imagepreview":"large","priority":null,"frequency":"default","local_seo":null,"breadcrumb_settings":null,"limit_modified_date":false,"ai":null,"created":"2024-06-11 21:40:20","updated":"2025-07-11 10:45:48","seo_analyzer_scan_date":null},"aioseo_breadcrumb":"<div class=\"aioseo-breadcrumbs\"><span class=\"aioseo-breadcrumb\">\n\t\t\t<a href=\"https:\/\/newsinfoco.com.br\/inicio\" title=\"In\u00edcio\">In\u00edcio<\/a>\n\t\t<\/span><span class=\"aioseo-breadcrumb-separator\">&raquo;<\/span><span class=\"aioseo-breadcrumb\">\n\t\t\t<a href=\"https:\/\/newsinfoco.com.br\/inicio\/category\/alagoinhas-e-regiao\/\" title=\"Alagoinhas e Regi\u00e3o\">Alagoinhas e Regi\u00e3o<\/a>\n\t\t<\/span><span class=\"aioseo-breadcrumb-separator\">&raquo;<\/span><span class=\"aioseo-breadcrumb\">\n\t\t\tVacina monovalente contra Covid-19 come\u00e7a a ser aplicada nesta ter\u00e7a, 11, em Alagoinhas\n\t\t<\/span><\/div>","aioseo_breadcrumb_json":[{"label":"In\u00edcio","link":"https:\/\/newsinfoco.com.br\/inicio"},{"label":"Alagoinhas e Regi\u00e3o","link":"https:\/\/newsinfoco.com.br\/inicio\/category\/alagoinhas-e-regiao\/"},{"label":"Vacina monovalente contra Covid-19 come\u00e7a a ser aplicada nesta ter\u00e7a, 11, em Alagoinhas","link":"https:\/\/newsinfoco.com.br\/inicio\/vacina-monovalente-contra-covid-19-comeca-a-ser-aplicada-nesta-terca-11-em-alagoinhas\/"}],"_links":{"self":[{"href":"https:\/\/newsinfoco.com.br\/inicio\/wp-json\/wp\/v2\/posts\/36189","targetHints":{"allow":["GET"]}}],"collection":[{"href":"https:\/\/newsinfoco.com.br\/inicio\/wp-json\/wp\/v2\/posts"}],"about":[{"href":"https:\/\/newsinfoco.com.br\/inicio\/wp-json\/wp\/v2\/types\/post"}],"author":[{"embeddable":true,"href":"https:\/\/newsinfoco.com.br\/inicio\/wp-json\/wp\/v2\/users\/1"}],"replies":[{"embeddable":true,"href":"https:\/\/newsinfoco.com.br\/inicio\/wp-json\/wp\/v2\/comments?post=36189"}],"version-history":[{"count":1,"href":"https:\/\/newsinfoco.com.br\/inicio\/wp-json\/wp\/v2\/posts\/36189\/revisions"}],"predecessor-version":[{"id":36190,"href":"https:\/\/newsinfoco.com.br\/inicio\/wp-json\/wp\/v2\/posts\/36189\/revisions\/36190"}],"wp:featuredmedia":[{"embeddable":true,"href":"https:\/\/newsinfoco.com.br\/inicio\/wp-json\/wp\/v2\/media\/36191"}],"wp:attachment":[{"href":"https:\/\/newsinfoco.com.br\/inicio\/wp-json\/wp\/v2\/media?parent=36189"}],"wp:term":[{"taxonomy":"category","embeddable":true,"href":"https:\/\/newsinfoco.com.br\/inicio\/wp-json\/wp\/v2\/categories?post=36189"},{"taxonomy":"post_tag","embeddable":true,"href":"https:\/\/newsinfoco.com.br\/inicio\/wp-json\/wp\/v2\/tags?post=36189"}],"curies":[{"name":"wp","href":"https:\/\/api.w.org\/{rel}","templated":true}]}}