{"id":36225,"date":"2024-06-25T10:32:09","date_gmt":"2024-06-25T13:32:09","guid":{"rendered":"https:\/\/newsinfoco.com.br\/inicio\/?p=36225"},"modified":"2024-06-25T10:32:09","modified_gmt":"2024-06-25T13:32:09","slug":"nao-ha-clima-no-brasil-para-anistia-pelo-8-1-diz-gilmar-mendes-em-portugal","status":"publish","type":"post","link":"https:\/\/newsinfoco.com.br\/inicio\/nao-ha-clima-no-brasil-para-anistia-pelo-8-1-diz-gilmar-mendes-em-portugal\/","title":{"rendered":"N\u00e3o h\u00e1 clima no Brasil para anistia pelo 8\/1, diz Gilmar Mendes em Portugal"},"content":{"rendered":"<p>O ministro do STF (Supremo Tribunal Federal) Gilmar Mendes disse nesta segunda-feira (24) n\u00e3o acreditar no avan\u00e7o de propostas legislativas para anistiar os envolvidos nos ataques golpistas de 8 de janeiro.<\/p>\n<p>Ele disse que \u00e0s v\u00e9speras de elei\u00e7\u00f5es municipais \u00e9 natural que haja esse tipo de di\u00e1logo ret\u00f3rico e pol\u00edtico. &#8220;N\u00e3o acredito que haja clima no Brasil para um debate sobre anistia diante da gravidade dos fatos que ocorreram&#8221;, afirmou ele em entrevista \u00e0 CNN Portugal.<\/p>\n<p>Gilmar disse ainda ver pouca chance de o Supremo reverter a decis\u00e3o que tornou Jair Bolsonaro (PL) ineleg\u00edvel at\u00e9 2030. &#8220;Acho muito dif\u00edcil. Vamos aguardar a delibera\u00e7\u00e3o do tribunal, mas tudo tende a manter a decis\u00e3o que j\u00e1 foi tomada, essa tem sido a rotina em casos semelhantes&#8221;, respondeu.<\/p>\n<p>Tramita na C\u00e2mara dos Deputados um projeto de lei para anistiar os acusados e condenados de envolvimento na invas\u00e3o e depreda\u00e7\u00e3o das sedes dos tr\u00eas Poderes. No in\u00edcio de junho, o deputado bolsonarista Rodrigo Valadares (Uni\u00e3o Brasil-SE) foi escolhido para ser o relator da proposta na CCJ (Comiss\u00e3o de Constitui\u00e7\u00e3o e Justi\u00e7a) da Casa.<\/p>\n<p>&nbsp;<\/p>\n<p>Folhapress<\/p>\n<div class='share-to-whatsapp-wrapper'><div class='share-on-whsp'>Share on: <\/div><a data-text='N\u00e3o h\u00e1 clima no Brasil para anistia pelo 8\/1, diz Gilmar Mendes em Portugal' data-link='https:\/\/newsinfoco.com.br\/inicio\/nao-ha-clima-no-brasil-para-anistia-pelo-8-1-diz-gilmar-mendes-em-portugal\/' class='whatsapp-button whatsapp-share'>WhatsApp<\/a><div class='clear '><\/div><\/div>","protected":false},"excerpt":{"rendered":"<p>O ministro do STF (Supremo Tribunal Federal) Gilmar Mendes disse nesta segunda-feira (24) n\u00e3o acreditar no avan\u00e7o de propostas legislativas para anistiar os envolvidos nos ataques golpistas de 8 de janeiro. Ele disse que \u00e0s v\u00e9speras de elei\u00e7\u00f5es municipais \u00e9 natural que haja esse tipo de di\u00e1logo ret\u00f3rico e pol\u00edtico. &#8220;N\u00e3o acredito que haja clima [&hellip;]<\/p>\n","protected":false},"author":1,"featured_media":12026,"comment_status":"closed","ping_status":"closed","sticky":false,"template":"","format":"standard","meta":{"om_disable_all_campaigns":false,"rop_custom_images_group":[],"rop_custom_messages_group":[],"rop_publish_now":"initial","rop_publish_now_accounts":[],"rop_publish_now_history":[],"rop_publish_now_status":"pending","_exactmetrics_skip_tracking":false,"footnotes":""},"categories":[21],"tags":[],"class_list":["post-36225","post","type-post","status-publish","format-standard","has-post-thumbnail","hentry","category-brasil"],"aioseo_notices":[],"aioseo_head":"\n\t\t<!-- All in One SEO 4.9.10 - aioseo.com -->\n\t<meta name=\"description\" content=\"O ministro do STF (Supremo Tribunal Federal) Gilmar Mendes disse nesta segunda-feira (24) n\u00e3o acreditar no avan\u00e7o de propostas legislativas para anistiar os envolvidos nos ataques golpistas de 8 de janeiro. Ele disse que \u00e0s v\u00e9speras de elei\u00e7\u00f5es municipais \u00e9 natural que haja esse tipo de di\u00e1logo ret\u00f3rico e pol\u00edtico. &quot;N\u00e3o acredito que haja clima\" \/>\n\t<meta name=\"robots\" content=\"max-image-preview:large\" \/>\n\t<meta name=\"author\" content=\"administrador\"\/>\n\t<link rel=\"canonical\" href=\"https:\/\/newsinfoco.com.br\/inicio\/nao-ha-clima-no-brasil-para-anistia-pelo-8-1-diz-gilmar-mendes-em-portugal\/\" \/>\n\t<meta name=\"generator\" content=\"All in One SEO (AIOSEO) 4.9.10\" \/>\n\t\t<meta property=\"og:locale\" content=\"pt_BR\" \/>\n\t\t<meta property=\"og:site_name\" content=\"News In Foco - Editado por Caio Pimenta - O principal site de noticias de Alagoinhas e regi\u00e3o\" \/>\n\t\t<meta property=\"og:type\" content=\"article\" \/>\n\t\t<meta property=\"og:title\" content=\"N\u00e3o h\u00e1 clima no Brasil para anistia pelo 8\/1, diz Gilmar Mendes em Portugal - News In Foco - Editado por Caio Pimenta\" \/>\n\t\t<meta property=\"og:description\" content=\"O ministro do STF (Supremo Tribunal Federal) Gilmar Mendes disse nesta segunda-feira (24) n\u00e3o acreditar no avan\u00e7o de propostas legislativas para anistiar os envolvidos nos ataques golpistas de 8 de janeiro. Ele disse que \u00e0s v\u00e9speras de elei\u00e7\u00f5es municipais \u00e9 natural que haja esse tipo de di\u00e1logo ret\u00f3rico e pol\u00edtico. &quot;N\u00e3o acredito que haja clima\" \/>\n\t\t<meta property=\"og:url\" content=\"https:\/\/newsinfoco.com.br\/inicio\/nao-ha-clima-no-brasil-para-anistia-pelo-8-1-diz-gilmar-mendes-em-portugal\/\" \/>\n\t\t<meta property=\"article:published_time\" content=\"2024-06-25T13:32:09+00:00\" \/>\n\t\t<meta property=\"article:modified_time\" content=\"2024-06-25T13:32:09+00:00\" \/>\n\t\t<meta name=\"twitter:card\" content=\"summary_large_image\" \/>\n\t\t<meta name=\"twitter:title\" content=\"N\u00e3o h\u00e1 clima no Brasil para anistia pelo 8\/1, diz Gilmar Mendes em Portugal - News In Foco - Editado por Caio Pimenta\" \/>\n\t\t<meta name=\"twitter:description\" content=\"O ministro do STF (Supremo Tribunal Federal) Gilmar Mendes disse nesta segunda-feira (24) n\u00e3o acreditar no avan\u00e7o de propostas legislativas para anistiar os envolvidos nos ataques golpistas de 8 de janeiro. Ele disse que \u00e0s v\u00e9speras de elei\u00e7\u00f5es municipais \u00e9 natural que haja esse tipo de di\u00e1logo ret\u00f3rico e pol\u00edtico. &quot;N\u00e3o acredito que haja clima\" \/>\n\t\t<script type=\"application\/ld+json\" class=\"aioseo-schema\">\n\t\t\t{\"@context\":\"https:\\\/\\\/schema.org\",\"@graph\":[{\"@type\":\"BlogPosting\",\"@id\":\"https:\\\/\\\/newsinfoco.com.br\\\/inicio\\\/nao-ha-clima-no-brasil-para-anistia-pelo-8-1-diz-gilmar-mendes-em-portugal\\\/#blogposting\",\"name\":\"N\\u00e3o h\\u00e1 clima no Brasil para anistia pelo 8\\\/1, diz Gilmar Mendes em Portugal - News In Foco - Editado por Caio Pimenta\",\"headline\":\"N\\u00e3o h\\u00e1 clima no Brasil para anistia pelo 8\\\/1, diz Gilmar Mendes em Portugal\",\"author\":{\"@id\":\"https:\\\/\\\/newsinfoco.com.br\\\/inicio\\\/author\\\/administrador\\\/#author\"},\"publisher\":{\"@id\":\"https:\\\/\\\/newsinfoco.com.br\\\/inicio\\\/#organization\"},\"image\":{\"@type\":\"ImageObject\",\"url\":\"https:\\\/\\\/newsinfoco.com.br\\\/inicio\\\/wp-content\\\/uploads\\\/2018\\\/12\\\/09a0b91a444e6c3d2388d8ff30c88009.jpg\",\"width\":590,\"height\":320,\"caption\":\"Gilmar Mendes\"},\"datePublished\":\"2024-06-25T10:32:09-03:00\",\"dateModified\":\"2024-06-25T10:32:09-03:00\",\"inLanguage\":\"pt-BR\",\"mainEntityOfPage\":{\"@id\":\"https:\\\/\\\/newsinfoco.com.br\\\/inicio\\\/nao-ha-clima-no-brasil-para-anistia-pelo-8-1-diz-gilmar-mendes-em-portugal\\\/#webpage\"},\"isPartOf\":{\"@id\":\"https:\\\/\\\/newsinfoco.com.br\\\/inicio\\\/nao-ha-clima-no-brasil-para-anistia-pelo-8-1-diz-gilmar-mendes-em-portugal\\\/#webpage\"},\"articleSection\":\"Brasil\"},{\"@type\":\"BreadcrumbList\",\"@id\":\"https:\\\/\\\/newsinfoco.com.br\\\/inicio\\\/nao-ha-clima-no-brasil-para-anistia-pelo-8-1-diz-gilmar-mendes-em-portugal\\\/#breadcrumblist\",\"itemListElement\":[{\"@type\":\"ListItem\",\"@id\":\"https:\\\/\\\/newsinfoco.com.br\\\/inicio#listItem\",\"position\":1,\"name\":\"In\\u00edcio\",\"item\":\"https:\\\/\\\/newsinfoco.com.br\\\/inicio\",\"nextItem\":{\"@type\":\"ListItem\",\"@id\":\"https:\\\/\\\/newsinfoco.com.br\\\/inicio\\\/category\\\/brasil\\\/#listItem\",\"name\":\"Brasil\"}},{\"@type\":\"ListItem\",\"@id\":\"https:\\\/\\\/newsinfoco.com.br\\\/inicio\\\/category\\\/brasil\\\/#listItem\",\"position\":2,\"name\":\"Brasil\",\"item\":\"https:\\\/\\\/newsinfoco.com.br\\\/inicio\\\/category\\\/brasil\\\/\",\"nextItem\":{\"@type\":\"ListItem\",\"@id\":\"https:\\\/\\\/newsinfoco.com.br\\\/inicio\\\/nao-ha-clima-no-brasil-para-anistia-pelo-8-1-diz-gilmar-mendes-em-portugal\\\/#listItem\",\"name\":\"N\\u00e3o h\\u00e1 clima no Brasil para anistia pelo 8\\\/1, diz Gilmar Mendes em Portugal\"},\"previousItem\":{\"@type\":\"ListItem\",\"@id\":\"https:\\\/\\\/newsinfoco.com.br\\\/inicio#listItem\",\"name\":\"In\\u00edcio\"}},{\"@type\":\"ListItem\",\"@id\":\"https:\\\/\\\/newsinfoco.com.br\\\/inicio\\\/nao-ha-clima-no-brasil-para-anistia-pelo-8-1-diz-gilmar-mendes-em-portugal\\\/#listItem\",\"position\":3,\"name\":\"N\\u00e3o h\\u00e1 clima no Brasil para anistia pelo 8\\\/1, diz Gilmar Mendes em Portugal\",\"previousItem\":{\"@type\":\"ListItem\",\"@id\":\"https:\\\/\\\/newsinfoco.com.br\\\/inicio\\\/category\\\/brasil\\\/#listItem\",\"name\":\"Brasil\"}}]},{\"@type\":\"Organization\",\"@id\":\"https:\\\/\\\/newsinfoco.com.br\\\/inicio\\\/#organization\",\"name\":\"News In Foco - Editado por Caio Pimenta\",\"description\":\"O principal site de noticias de Alagoinhas e regi\\u00e3o\",\"url\":\"https:\\\/\\\/newsinfoco.com.br\\\/inicio\\\/\"},{\"@type\":\"Person\",\"@id\":\"https:\\\/\\\/newsinfoco.com.br\\\/inicio\\\/author\\\/administrador\\\/#author\",\"url\":\"https:\\\/\\\/newsinfoco.com.br\\\/inicio\\\/author\\\/administrador\\\/\",\"name\":\"administrador\",\"image\":{\"@type\":\"ImageObject\",\"@id\":\"https:\\\/\\\/newsinfoco.com.br\\\/inicio\\\/nao-ha-clima-no-brasil-para-anistia-pelo-8-1-diz-gilmar-mendes-em-portugal\\\/#authorImage\",\"url\":\"https:\\\/\\\/secure.gravatar.com\\\/avatar\\\/c17a617433de8c1dc9584bb79aab7563b46f5bb7e1728c9b17d9cc3ce6a08e49?s=96&d=mm&r=g\",\"width\":96,\"height\":96,\"caption\":\"administrador\"}},{\"@type\":\"WebPage\",\"@id\":\"https:\\\/\\\/newsinfoco.com.br\\\/inicio\\\/nao-ha-clima-no-brasil-para-anistia-pelo-8-1-diz-gilmar-mendes-em-portugal\\\/#webpage\",\"url\":\"https:\\\/\\\/newsinfoco.com.br\\\/inicio\\\/nao-ha-clima-no-brasil-para-anistia-pelo-8-1-diz-gilmar-mendes-em-portugal\\\/\",\"name\":\"N\\u00e3o h\\u00e1 clima no Brasil para anistia pelo 8\\\/1, diz Gilmar Mendes em Portugal - News In Foco - Editado por Caio Pimenta\",\"description\":\"O ministro do STF (Supremo Tribunal Federal) Gilmar Mendes disse nesta segunda-feira (24) n\\u00e3o acreditar no avan\\u00e7o de propostas legislativas para anistiar os envolvidos nos ataques golpistas de 8 de janeiro. Ele disse que \\u00e0s v\\u00e9speras de elei\\u00e7\\u00f5es municipais \\u00e9 natural que haja esse tipo de di\\u00e1logo ret\\u00f3rico e pol\\u00edtico. \\\"N\\u00e3o acredito que haja clima\",\"inLanguage\":\"pt-BR\",\"isPartOf\":{\"@id\":\"https:\\\/\\\/newsinfoco.com.br\\\/inicio\\\/#website\"},\"breadcrumb\":{\"@id\":\"https:\\\/\\\/newsinfoco.com.br\\\/inicio\\\/nao-ha-clima-no-brasil-para-anistia-pelo-8-1-diz-gilmar-mendes-em-portugal\\\/#breadcrumblist\"},\"author\":{\"@id\":\"https:\\\/\\\/newsinfoco.com.br\\\/inicio\\\/author\\\/administrador\\\/#author\"},\"creator\":{\"@id\":\"https:\\\/\\\/newsinfoco.com.br\\\/inicio\\\/author\\\/administrador\\\/#author\"},\"image\":{\"@type\":\"ImageObject\",\"url\":\"https:\\\/\\\/newsinfoco.com.br\\\/inicio\\\/wp-content\\\/uploads\\\/2018\\\/12\\\/09a0b91a444e6c3d2388d8ff30c88009.jpg\",\"@id\":\"https:\\\/\\\/newsinfoco.com.br\\\/inicio\\\/nao-ha-clima-no-brasil-para-anistia-pelo-8-1-diz-gilmar-mendes-em-portugal\\\/#mainImage\",\"width\":590,\"height\":320,\"caption\":\"Gilmar Mendes\"},\"primaryImageOfPage\":{\"@id\":\"https:\\\/\\\/newsinfoco.com.br\\\/inicio\\\/nao-ha-clima-no-brasil-para-anistia-pelo-8-1-diz-gilmar-mendes-em-portugal\\\/#mainImage\"},\"datePublished\":\"2024-06-25T10:32:09-03:00\",\"dateModified\":\"2024-06-25T10:32:09-03:00\"},{\"@type\":\"WebSite\",\"@id\":\"https:\\\/\\\/newsinfoco.com.br\\\/inicio\\\/#website\",\"url\":\"https:\\\/\\\/newsinfoco.com.br\\\/inicio\\\/\",\"name\":\"News In Foco - Editado por Caio Pimenta\",\"description\":\"O principal site de noticias de Alagoinhas e regi\\u00e3o\",\"inLanguage\":\"pt-BR\",\"publisher\":{\"@id\":\"https:\\\/\\\/newsinfoco.com.br\\\/inicio\\\/#organization\"}}]}\n\t\t<\/script>\n\t\t<!-- All in One SEO -->\n\n","aioseo_head_json":{"title":"N\u00e3o h\u00e1 clima no Brasil para anistia pelo 8\/1, diz Gilmar Mendes em Portugal - News In Foco - Editado por Caio Pimenta","description":"O ministro do STF (Supremo Tribunal Federal) Gilmar Mendes disse nesta segunda-feira (24) n\u00e3o acreditar no avan\u00e7o de propostas legislativas para anistiar os envolvidos nos ataques golpistas de 8 de janeiro. Ele disse que \u00e0s v\u00e9speras de elei\u00e7\u00f5es municipais \u00e9 natural que haja esse tipo de di\u00e1logo ret\u00f3rico e pol\u00edtico. \"N\u00e3o acredito que haja clima","canonical_url":"https:\/\/newsinfoco.com.br\/inicio\/nao-ha-clima-no-brasil-para-anistia-pelo-8-1-diz-gilmar-mendes-em-portugal\/","robots":"max-image-preview:large","keywords":"","webmasterTools":{"miscellaneous":""},"schema":{"@context":"https:\/\/schema.org","@graph":[{"@type":"BlogPosting","@id":"https:\/\/newsinfoco.com.br\/inicio\/nao-ha-clima-no-brasil-para-anistia-pelo-8-1-diz-gilmar-mendes-em-portugal\/#blogposting","name":"N\u00e3o h\u00e1 clima no Brasil para anistia pelo 8\/1, diz Gilmar Mendes em Portugal - News In Foco - Editado por Caio Pimenta","headline":"N\u00e3o h\u00e1 clima no Brasil para anistia pelo 8\/1, diz Gilmar Mendes em Portugal","author":{"@id":"https:\/\/newsinfoco.com.br\/inicio\/author\/administrador\/#author"},"publisher":{"@id":"https:\/\/newsinfoco.com.br\/inicio\/#organization"},"image":{"@type":"ImageObject","url":"https:\/\/newsinfoco.com.br\/inicio\/wp-content\/uploads\/2018\/12\/09a0b91a444e6c3d2388d8ff30c88009.jpg","width":590,"height":320,"caption":"Gilmar Mendes"},"datePublished":"2024-06-25T10:32:09-03:00","dateModified":"2024-06-25T10:32:09-03:00","inLanguage":"pt-BR","mainEntityOfPage":{"@id":"https:\/\/newsinfoco.com.br\/inicio\/nao-ha-clima-no-brasil-para-anistia-pelo-8-1-diz-gilmar-mendes-em-portugal\/#webpage"},"isPartOf":{"@id":"https:\/\/newsinfoco.com.br\/inicio\/nao-ha-clima-no-brasil-para-anistia-pelo-8-1-diz-gilmar-mendes-em-portugal\/#webpage"},"articleSection":"Brasil"},{"@type":"BreadcrumbList","@id":"https:\/\/newsinfoco.com.br\/inicio\/nao-ha-clima-no-brasil-para-anistia-pelo-8-1-diz-gilmar-mendes-em-portugal\/#breadcrumblist","itemListElement":[{"@type":"ListItem","@id":"https:\/\/newsinfoco.com.br\/inicio#listItem","position":1,"name":"In\u00edcio","item":"https:\/\/newsinfoco.com.br\/inicio","nextItem":{"@type":"ListItem","@id":"https:\/\/newsinfoco.com.br\/inicio\/category\/brasil\/#listItem","name":"Brasil"}},{"@type":"ListItem","@id":"https:\/\/newsinfoco.com.br\/inicio\/category\/brasil\/#listItem","position":2,"name":"Brasil","item":"https:\/\/newsinfoco.com.br\/inicio\/category\/brasil\/","nextItem":{"@type":"ListItem","@id":"https:\/\/newsinfoco.com.br\/inicio\/nao-ha-clima-no-brasil-para-anistia-pelo-8-1-diz-gilmar-mendes-em-portugal\/#listItem","name":"N\u00e3o h\u00e1 clima no Brasil para anistia pelo 8\/1, diz Gilmar Mendes em Portugal"},"previousItem":{"@type":"ListItem","@id":"https:\/\/newsinfoco.com.br\/inicio#listItem","name":"In\u00edcio"}},{"@type":"ListItem","@id":"https:\/\/newsinfoco.com.br\/inicio\/nao-ha-clima-no-brasil-para-anistia-pelo-8-1-diz-gilmar-mendes-em-portugal\/#listItem","position":3,"name":"N\u00e3o h\u00e1 clima no Brasil para anistia pelo 8\/1, diz Gilmar Mendes em Portugal","previousItem":{"@type":"ListItem","@id":"https:\/\/newsinfoco.com.br\/inicio\/category\/brasil\/#listItem","name":"Brasil"}}]},{"@type":"Organization","@id":"https:\/\/newsinfoco.com.br\/inicio\/#organization","name":"News In Foco - Editado por Caio Pimenta","description":"O principal site de noticias de Alagoinhas e regi\u00e3o","url":"https:\/\/newsinfoco.com.br\/inicio\/"},{"@type":"Person","@id":"https:\/\/newsinfoco.com.br\/inicio\/author\/administrador\/#author","url":"https:\/\/newsinfoco.com.br\/inicio\/author\/administrador\/","name":"administrador","image":{"@type":"ImageObject","@id":"https:\/\/newsinfoco.com.br\/inicio\/nao-ha-clima-no-brasil-para-anistia-pelo-8-1-diz-gilmar-mendes-em-portugal\/#authorImage","url":"https:\/\/secure.gravatar.com\/avatar\/c17a617433de8c1dc9584bb79aab7563b46f5bb7e1728c9b17d9cc3ce6a08e49?s=96&d=mm&r=g","width":96,"height":96,"caption":"administrador"}},{"@type":"WebPage","@id":"https:\/\/newsinfoco.com.br\/inicio\/nao-ha-clima-no-brasil-para-anistia-pelo-8-1-diz-gilmar-mendes-em-portugal\/#webpage","url":"https:\/\/newsinfoco.com.br\/inicio\/nao-ha-clima-no-brasil-para-anistia-pelo-8-1-diz-gilmar-mendes-em-portugal\/","name":"N\u00e3o h\u00e1 clima no Brasil para anistia pelo 8\/1, diz Gilmar Mendes em Portugal - News In Foco - Editado por Caio Pimenta","description":"O ministro do STF (Supremo Tribunal Federal) Gilmar Mendes disse nesta segunda-feira (24) n\u00e3o acreditar no avan\u00e7o de propostas legislativas para anistiar os envolvidos nos ataques golpistas de 8 de janeiro. Ele disse que \u00e0s v\u00e9speras de elei\u00e7\u00f5es municipais \u00e9 natural que haja esse tipo de di\u00e1logo ret\u00f3rico e pol\u00edtico. \"N\u00e3o acredito que haja clima","inLanguage":"pt-BR","isPartOf":{"@id":"https:\/\/newsinfoco.com.br\/inicio\/#website"},"breadcrumb":{"@id":"https:\/\/newsinfoco.com.br\/inicio\/nao-ha-clima-no-brasil-para-anistia-pelo-8-1-diz-gilmar-mendes-em-portugal\/#breadcrumblist"},"author":{"@id":"https:\/\/newsinfoco.com.br\/inicio\/author\/administrador\/#author"},"creator":{"@id":"https:\/\/newsinfoco.com.br\/inicio\/author\/administrador\/#author"},"image":{"@type":"ImageObject","url":"https:\/\/newsinfoco.com.br\/inicio\/wp-content\/uploads\/2018\/12\/09a0b91a444e6c3d2388d8ff30c88009.jpg","@id":"https:\/\/newsinfoco.com.br\/inicio\/nao-ha-clima-no-brasil-para-anistia-pelo-8-1-diz-gilmar-mendes-em-portugal\/#mainImage","width":590,"height":320,"caption":"Gilmar Mendes"},"primaryImageOfPage":{"@id":"https:\/\/newsinfoco.com.br\/inicio\/nao-ha-clima-no-brasil-para-anistia-pelo-8-1-diz-gilmar-mendes-em-portugal\/#mainImage"},"datePublished":"2024-06-25T10:32:09-03:00","dateModified":"2024-06-25T10:32:09-03:00"},{"@type":"WebSite","@id":"https:\/\/newsinfoco.com.br\/inicio\/#website","url":"https:\/\/newsinfoco.com.br\/inicio\/","name":"News In Foco - Editado por Caio Pimenta","description":"O principal site de noticias de Alagoinhas e regi\u00e3o","inLanguage":"pt-BR","publisher":{"@id":"https:\/\/newsinfoco.com.br\/inicio\/#organization"}}]},"og:locale":"pt_BR","og:site_name":"News In Foco - Editado por Caio Pimenta - O principal site de noticias de Alagoinhas e regi\u00e3o","og:type":"article","og:title":"N\u00e3o h\u00e1 clima no Brasil para anistia pelo 8\/1, diz Gilmar Mendes em Portugal - News In Foco - Editado por Caio Pimenta","og:description":"O ministro do STF (Supremo Tribunal Federal) Gilmar Mendes disse nesta segunda-feira (24) n\u00e3o acreditar no avan\u00e7o de propostas legislativas para anistiar os envolvidos nos ataques golpistas de 8 de janeiro. Ele disse que \u00e0s v\u00e9speras de elei\u00e7\u00f5es municipais \u00e9 natural que haja esse tipo de di\u00e1logo ret\u00f3rico e pol\u00edtico. &quot;N\u00e3o acredito que haja clima","og:url":"https:\/\/newsinfoco.com.br\/inicio\/nao-ha-clima-no-brasil-para-anistia-pelo-8-1-diz-gilmar-mendes-em-portugal\/","article:published_time":"2024-06-25T13:32:09+00:00","article:modified_time":"2024-06-25T13:32:09+00:00","twitter:card":"summary_large_image","twitter:title":"N\u00e3o h\u00e1 clima no Brasil para anistia pelo 8\/1, diz Gilmar Mendes em Portugal - News In Foco - Editado por Caio Pimenta","twitter:description":"O ministro do STF (Supremo Tribunal Federal) Gilmar Mendes disse nesta segunda-feira (24) n\u00e3o acreditar no avan\u00e7o de propostas legislativas para anistiar os envolvidos nos ataques golpistas de 8 de janeiro. Ele disse que \u00e0s v\u00e9speras de elei\u00e7\u00f5es municipais \u00e9 natural que haja esse tipo de di\u00e1logo ret\u00f3rico e pol\u00edtico. &quot;N\u00e3o acredito que haja clima"},"aioseo_meta_data":{"post_id":"36225","title":null,"description":null,"keywords":null,"keyphrases":{"focus":{"keyphrase":"","score":0,"analysis":{"keyphraseInTitle":{"score":0,"maxScore":9,"error":1}}},"additional":[]},"primary_term":null,"canonical_url":null,"og_title":null,"og_description":null,"og_object_type":"default","og_image_type":"default","og_image_url":null,"og_image_width":null,"og_image_height":null,"og_image_custom_url":null,"og_image_custom_fields":null,"og_video":"","og_custom_url":null,"og_article_section":null,"og_article_tags":null,"twitter_use_og":false,"twitter_card":"default","twitter_image_type":"default","twitter_image_url":null,"twitter_image_custom_url":null,"twitter_image_custom_fields":null,"twitter_title":null,"twitter_description":null,"schema":{"blockGraphs":[],"customGraphs":[],"default":{"data":{"Article":[],"Course":[],"Dataset":[],"FAQPage":[],"Movie":[],"Person":[],"Product":[],"ProductReview":[],"Car":[],"Recipe":[],"Service":[],"SoftwareApplication":[],"WebPage":[]},"graphName":"BlogPosting","isEnabled":true},"graphs":[]},"schema_type":"default","schema_type_options":null,"pillar_content":false,"robots_default":true,"robots_noindex":false,"robots_noarchive":false,"robots_nosnippet":false,"robots_nofollow":false,"robots_noimageindex":false,"robots_noodp":false,"robots_notranslate":false,"robots_max_snippet":"-1","robots_max_videopreview":"-1","robots_max_imagepreview":"large","priority":null,"frequency":"default","local_seo":null,"breadcrumb_settings":null,"limit_modified_date":false,"ai":null,"created":"2024-06-25 13:32:09","updated":"2025-07-11 10:46:54","seo_analyzer_scan_date":null},"aioseo_breadcrumb":"<div class=\"aioseo-breadcrumbs\"><span class=\"aioseo-breadcrumb\">\n\t\t\t<a href=\"https:\/\/newsinfoco.com.br\/inicio\" title=\"In\u00edcio\">In\u00edcio<\/a>\n\t\t<\/span><span class=\"aioseo-breadcrumb-separator\">&raquo;<\/span><span class=\"aioseo-breadcrumb\">\n\t\t\t<a href=\"https:\/\/newsinfoco.com.br\/inicio\/category\/brasil\/\" title=\"Brasil\">Brasil<\/a>\n\t\t<\/span><span class=\"aioseo-breadcrumb-separator\">&raquo;<\/span><span class=\"aioseo-breadcrumb\">\n\t\t\tN\u00e3o h\u00e1 clima no Brasil para anistia pelo 8\/1, diz Gilmar Mendes em Portugal\n\t\t<\/span><\/div>","aioseo_breadcrumb_json":[{"label":"In\u00edcio","link":"https:\/\/newsinfoco.com.br\/inicio"},{"label":"Brasil","link":"https:\/\/newsinfoco.com.br\/inicio\/category\/brasil\/"},{"label":"N\u00e3o h\u00e1 clima no Brasil para anistia pelo 8\/1, diz Gilmar Mendes em Portugal","link":"https:\/\/newsinfoco.com.br\/inicio\/nao-ha-clima-no-brasil-para-anistia-pelo-8-1-diz-gilmar-mendes-em-portugal\/"}],"_links":{"self":[{"href":"https:\/\/newsinfoco.com.br\/inicio\/wp-json\/wp\/v2\/posts\/36225","targetHints":{"allow":["GET"]}}],"collection":[{"href":"https:\/\/newsinfoco.com.br\/inicio\/wp-json\/wp\/v2\/posts"}],"about":[{"href":"https:\/\/newsinfoco.com.br\/inicio\/wp-json\/wp\/v2\/types\/post"}],"author":[{"embeddable":true,"href":"https:\/\/newsinfoco.com.br\/inicio\/wp-json\/wp\/v2\/users\/1"}],"replies":[{"embeddable":true,"href":"https:\/\/newsinfoco.com.br\/inicio\/wp-json\/wp\/v2\/comments?post=36225"}],"version-history":[{"count":1,"href":"https:\/\/newsinfoco.com.br\/inicio\/wp-json\/wp\/v2\/posts\/36225\/revisions"}],"predecessor-version":[{"id":36226,"href":"https:\/\/newsinfoco.com.br\/inicio\/wp-json\/wp\/v2\/posts\/36225\/revisions\/36226"}],"wp:featuredmedia":[{"embeddable":true,"href":"https:\/\/newsinfoco.com.br\/inicio\/wp-json\/wp\/v2\/media\/12026"}],"wp:attachment":[{"href":"https:\/\/newsinfoco.com.br\/inicio\/wp-json\/wp\/v2\/media?parent=36225"}],"wp:term":[{"taxonomy":"category","embeddable":true,"href":"https:\/\/newsinfoco.com.br\/inicio\/wp-json\/wp\/v2\/categories?post=36225"},{"taxonomy":"post_tag","embeddable":true,"href":"https:\/\/newsinfoco.com.br\/inicio\/wp-json\/wp\/v2\/tags?post=36225"}],"curies":[{"name":"wp","href":"https:\/\/api.w.org\/{rel}","templated":true}]}}