{"id":36288,"date":"2024-06-30T15:51:11","date_gmt":"2024-06-30T18:51:11","guid":{"rendered":"https:\/\/newsinfoco.com.br\/inicio\/?p=36288"},"modified":"2024-06-30T15:51:11","modified_gmt":"2024-06-30T18:51:11","slug":"julho-tera-bandeira-amarela-na-conta-de-luz-define-aneel","status":"publish","type":"post","link":"https:\/\/newsinfoco.com.br\/inicio\/julho-tera-bandeira-amarela-na-conta-de-luz-define-aneel\/","title":{"rendered":"Julho ter\u00e1 bandeira amarela na conta de luz, define Aneel"},"content":{"rendered":"<p>A Ag\u00eancia Nacional de Energia El\u00e9trica (Aneel) informou que a conta de luz ter\u00e1 acr\u00e9scimo de R$ 1,88 a cada 100 kW\/h consumidos no m\u00eas de julho. A cobran\u00e7a adicional vai ocorrer por causa do acionamento da bandeira tarif\u00e1ria amarela.<\/p>\n<p>Segundo a ag\u00eancia, a previs\u00e3o de chuva abaixo de m\u00e9dia e a expectativa de aumento do consumo de energia justificam a tarifa extra. O alerta foi publicado na sexta-feira (28).<\/p>\n<p>&#8220;Essa \u00e9 a primeira altera\u00e7\u00e3o na bandeira desde abril de 2022. Ao todo, foram 26 meses com bandeira verde. Com o sistema de bandeiras, o consumidor consegue fazer escolhas de consumo que contribuem para reduzir os custos de opera\u00e7\u00e3o do sistema, reduzindo a necessidade de acionar termel\u00e9tricas&#8221;, afirmou a Aneel.<\/p>\n<p>A previs\u00e3o de escassez de chuvas e as temperaturas mais altas no pa\u00eds aumentam os custos de opera\u00e7\u00e3o do sistema de gera\u00e7\u00e3o de energia das hidrel\u00e9tricas. Dessa forma, \u00e9 necess\u00e1rio acionar as usinas termel\u00e9tricas, que possuem custo maior.<\/p>\n<p>Criado pela Aneel em 2015, o sistema de bandeiras tarif\u00e1rias sinaliza o custo real da energia gerada, possibilitando aos consumidores o bom uso da energia el\u00e9trica. O c\u00e1lculo para acionamento das bandeiras tarif\u00e1rias leva em conta, principalmente, dois fatores: o risco hidrol\u00f3gico e o pre\u00e7o da energia.<\/p>\n<p>As bandeiras tarif\u00e1rias funcionam da seguinte maneira: as cores verde, amarela ou vermelha (nos patamares 1 e 2) indicam se a energia custar\u00e1 mais ou menos em fun\u00e7\u00e3o das condi\u00e7\u00f5es de gera\u00e7\u00e3o, sendo a bandeira vermelha a que tem um custo maior, e a verde, o menor.<\/p>\n<p>Fonte: Ag\u00eancia Brasil<\/p>\n<div class='share-to-whatsapp-wrapper'><div class='share-on-whsp'>Share on: <\/div><a data-text='Julho ter\u00e1 bandeira amarela na conta de luz, define Aneel' data-link='https:\/\/newsinfoco.com.br\/inicio\/julho-tera-bandeira-amarela-na-conta-de-luz-define-aneel\/' class='whatsapp-button whatsapp-share'>WhatsApp<\/a><div class='clear '><\/div><\/div>","protected":false},"excerpt":{"rendered":"<p>A Ag\u00eancia Nacional de Energia El\u00e9trica (Aneel) informou que a conta de luz ter\u00e1 acr\u00e9scimo de R$ 1,88 a cada 100 kW\/h consumidos no m\u00eas de julho. A cobran\u00e7a adicional vai ocorrer por causa do acionamento da bandeira tarif\u00e1ria amarela. Segundo a ag\u00eancia, a previs\u00e3o de chuva abaixo de m\u00e9dia e a expectativa de aumento [&hellip;]<\/p>\n","protected":false},"author":1,"featured_media":6618,"comment_status":"closed","ping_status":"closed","sticky":false,"template":"","format":"standard","meta":{"om_disable_all_campaigns":false,"rop_custom_images_group":[],"rop_custom_messages_group":[],"rop_publish_now":"initial","rop_publish_now_accounts":[],"rop_publish_now_history":[],"rop_publish_now_status":"pending","_exactmetrics_skip_tracking":false,"footnotes":""},"categories":[21],"tags":[],"class_list":["post-36288","post","type-post","status-publish","format-standard","has-post-thumbnail","hentry","category-brasil"],"aioseo_notices":[],"aioseo_head":"\n\t\t<!-- All in One SEO 4.9.10 - aioseo.com -->\n\t<meta name=\"description\" content=\"A Ag\u00eancia Nacional de Energia El\u00e9trica (Aneel) informou que a conta de luz ter\u00e1 acr\u00e9scimo de R$ 1,88 a cada 100 kW\/h consumidos no m\u00eas de julho. A cobran\u00e7a adicional vai ocorrer por causa do acionamento da bandeira tarif\u00e1ria amarela. Segundo a ag\u00eancia, a previs\u00e3o de chuva abaixo de m\u00e9dia e a expectativa de aumento\" \/>\n\t<meta name=\"robots\" content=\"max-image-preview:large\" \/>\n\t<meta name=\"author\" content=\"administrador\"\/>\n\t<link rel=\"canonical\" href=\"https:\/\/newsinfoco.com.br\/inicio\/julho-tera-bandeira-amarela-na-conta-de-luz-define-aneel\/\" \/>\n\t<meta name=\"generator\" content=\"All in One SEO (AIOSEO) 4.9.10\" \/>\n\t\t<meta property=\"og:locale\" content=\"pt_BR\" \/>\n\t\t<meta property=\"og:site_name\" content=\"News In Foco - Editado por Caio Pimenta - O principal site de noticias de Alagoinhas e regi\u00e3o\" \/>\n\t\t<meta property=\"og:type\" content=\"article\" \/>\n\t\t<meta property=\"og:title\" content=\"Julho ter\u00e1 bandeira amarela na conta de luz, define Aneel - News In Foco - Editado por Caio Pimenta\" \/>\n\t\t<meta property=\"og:description\" content=\"A Ag\u00eancia Nacional de Energia El\u00e9trica (Aneel) informou que a conta de luz ter\u00e1 acr\u00e9scimo de R$ 1,88 a cada 100 kW\/h consumidos no m\u00eas de julho. A cobran\u00e7a adicional vai ocorrer por causa do acionamento da bandeira tarif\u00e1ria amarela. Segundo a ag\u00eancia, a previs\u00e3o de chuva abaixo de m\u00e9dia e a expectativa de aumento\" \/>\n\t\t<meta property=\"og:url\" content=\"https:\/\/newsinfoco.com.br\/inicio\/julho-tera-bandeira-amarela-na-conta-de-luz-define-aneel\/\" \/>\n\t\t<meta property=\"article:published_time\" content=\"2024-06-30T18:51:11+00:00\" \/>\n\t\t<meta property=\"article:modified_time\" content=\"2024-06-30T18:51:11+00:00\" \/>\n\t\t<meta name=\"twitter:card\" content=\"summary_large_image\" \/>\n\t\t<meta name=\"twitter:title\" content=\"Julho ter\u00e1 bandeira amarela na conta de luz, define Aneel - News In Foco - Editado por Caio Pimenta\" \/>\n\t\t<meta name=\"twitter:description\" content=\"A Ag\u00eancia Nacional de Energia El\u00e9trica (Aneel) informou que a conta de luz ter\u00e1 acr\u00e9scimo de R$ 1,88 a cada 100 kW\/h consumidos no m\u00eas de julho. A cobran\u00e7a adicional vai ocorrer por causa do acionamento da bandeira tarif\u00e1ria amarela. Segundo a ag\u00eancia, a previs\u00e3o de chuva abaixo de m\u00e9dia e a expectativa de aumento\" \/>\n\t\t<script type=\"application\/ld+json\" class=\"aioseo-schema\">\n\t\t\t{\"@context\":\"https:\\\/\\\/schema.org\",\"@graph\":[{\"@type\":\"BlogPosting\",\"@id\":\"https:\\\/\\\/newsinfoco.com.br\\\/inicio\\\/julho-tera-bandeira-amarela-na-conta-de-luz-define-aneel\\\/#blogposting\",\"name\":\"Julho ter\\u00e1 bandeira amarela na conta de luz, define Aneel - News In Foco - Editado por Caio Pimenta\",\"headline\":\"Julho ter\\u00e1 bandeira amarela na conta de luz, define Aneel\",\"author\":{\"@id\":\"https:\\\/\\\/newsinfoco.com.br\\\/inicio\\\/author\\\/administrador\\\/#author\"},\"publisher\":{\"@id\":\"https:\\\/\\\/newsinfoco.com.br\\\/inicio\\\/#organization\"},\"image\":{\"@type\":\"ImageObject\",\"url\":\"https:\\\/\\\/newsinfoco.com.br\\\/inicio\\\/wp-content\\\/uploads\\\/2018\\\/07\\\/ENERGIA.jpg\",\"width\":800,\"height\":466},\"datePublished\":\"2024-06-30T15:51:11-03:00\",\"dateModified\":\"2024-06-30T15:51:11-03:00\",\"inLanguage\":\"pt-BR\",\"mainEntityOfPage\":{\"@id\":\"https:\\\/\\\/newsinfoco.com.br\\\/inicio\\\/julho-tera-bandeira-amarela-na-conta-de-luz-define-aneel\\\/#webpage\"},\"isPartOf\":{\"@id\":\"https:\\\/\\\/newsinfoco.com.br\\\/inicio\\\/julho-tera-bandeira-amarela-na-conta-de-luz-define-aneel\\\/#webpage\"},\"articleSection\":\"Brasil\"},{\"@type\":\"BreadcrumbList\",\"@id\":\"https:\\\/\\\/newsinfoco.com.br\\\/inicio\\\/julho-tera-bandeira-amarela-na-conta-de-luz-define-aneel\\\/#breadcrumblist\",\"itemListElement\":[{\"@type\":\"ListItem\",\"@id\":\"https:\\\/\\\/newsinfoco.com.br\\\/inicio#listItem\",\"position\":1,\"name\":\"In\\u00edcio\",\"item\":\"https:\\\/\\\/newsinfoco.com.br\\\/inicio\",\"nextItem\":{\"@type\":\"ListItem\",\"@id\":\"https:\\\/\\\/newsinfoco.com.br\\\/inicio\\\/category\\\/brasil\\\/#listItem\",\"name\":\"Brasil\"}},{\"@type\":\"ListItem\",\"@id\":\"https:\\\/\\\/newsinfoco.com.br\\\/inicio\\\/category\\\/brasil\\\/#listItem\",\"position\":2,\"name\":\"Brasil\",\"item\":\"https:\\\/\\\/newsinfoco.com.br\\\/inicio\\\/category\\\/brasil\\\/\",\"nextItem\":{\"@type\":\"ListItem\",\"@id\":\"https:\\\/\\\/newsinfoco.com.br\\\/inicio\\\/julho-tera-bandeira-amarela-na-conta-de-luz-define-aneel\\\/#listItem\",\"name\":\"Julho ter\\u00e1 bandeira amarela na conta de luz, define Aneel\"},\"previousItem\":{\"@type\":\"ListItem\",\"@id\":\"https:\\\/\\\/newsinfoco.com.br\\\/inicio#listItem\",\"name\":\"In\\u00edcio\"}},{\"@type\":\"ListItem\",\"@id\":\"https:\\\/\\\/newsinfoco.com.br\\\/inicio\\\/julho-tera-bandeira-amarela-na-conta-de-luz-define-aneel\\\/#listItem\",\"position\":3,\"name\":\"Julho ter\\u00e1 bandeira amarela na conta de luz, define Aneel\",\"previousItem\":{\"@type\":\"ListItem\",\"@id\":\"https:\\\/\\\/newsinfoco.com.br\\\/inicio\\\/category\\\/brasil\\\/#listItem\",\"name\":\"Brasil\"}}]},{\"@type\":\"Organization\",\"@id\":\"https:\\\/\\\/newsinfoco.com.br\\\/inicio\\\/#organization\",\"name\":\"News In Foco - Editado por Caio Pimenta\",\"description\":\"O principal site de noticias de Alagoinhas e regi\\u00e3o\",\"url\":\"https:\\\/\\\/newsinfoco.com.br\\\/inicio\\\/\"},{\"@type\":\"Person\",\"@id\":\"https:\\\/\\\/newsinfoco.com.br\\\/inicio\\\/author\\\/administrador\\\/#author\",\"url\":\"https:\\\/\\\/newsinfoco.com.br\\\/inicio\\\/author\\\/administrador\\\/\",\"name\":\"administrador\",\"image\":{\"@type\":\"ImageObject\",\"@id\":\"https:\\\/\\\/newsinfoco.com.br\\\/inicio\\\/julho-tera-bandeira-amarela-na-conta-de-luz-define-aneel\\\/#authorImage\",\"url\":\"https:\\\/\\\/secure.gravatar.com\\\/avatar\\\/c17a617433de8c1dc9584bb79aab7563b46f5bb7e1728c9b17d9cc3ce6a08e49?s=96&d=mm&r=g\",\"width\":96,\"height\":96,\"caption\":\"administrador\"}},{\"@type\":\"WebPage\",\"@id\":\"https:\\\/\\\/newsinfoco.com.br\\\/inicio\\\/julho-tera-bandeira-amarela-na-conta-de-luz-define-aneel\\\/#webpage\",\"url\":\"https:\\\/\\\/newsinfoco.com.br\\\/inicio\\\/julho-tera-bandeira-amarela-na-conta-de-luz-define-aneel\\\/\",\"name\":\"Julho ter\\u00e1 bandeira amarela na conta de luz, define Aneel - News In Foco - Editado por Caio Pimenta\",\"description\":\"A Ag\\u00eancia Nacional de Energia El\\u00e9trica (Aneel) informou que a conta de luz ter\\u00e1 acr\\u00e9scimo de R$ 1,88 a cada 100 kW\\\/h consumidos no m\\u00eas de julho. A cobran\\u00e7a adicional vai ocorrer por causa do acionamento da bandeira tarif\\u00e1ria amarela. Segundo a ag\\u00eancia, a previs\\u00e3o de chuva abaixo de m\\u00e9dia e a expectativa de aumento\",\"inLanguage\":\"pt-BR\",\"isPartOf\":{\"@id\":\"https:\\\/\\\/newsinfoco.com.br\\\/inicio\\\/#website\"},\"breadcrumb\":{\"@id\":\"https:\\\/\\\/newsinfoco.com.br\\\/inicio\\\/julho-tera-bandeira-amarela-na-conta-de-luz-define-aneel\\\/#breadcrumblist\"},\"author\":{\"@id\":\"https:\\\/\\\/newsinfoco.com.br\\\/inicio\\\/author\\\/administrador\\\/#author\"},\"creator\":{\"@id\":\"https:\\\/\\\/newsinfoco.com.br\\\/inicio\\\/author\\\/administrador\\\/#author\"},\"image\":{\"@type\":\"ImageObject\",\"url\":\"https:\\\/\\\/newsinfoco.com.br\\\/inicio\\\/wp-content\\\/uploads\\\/2018\\\/07\\\/ENERGIA.jpg\",\"@id\":\"https:\\\/\\\/newsinfoco.com.br\\\/inicio\\\/julho-tera-bandeira-amarela-na-conta-de-luz-define-aneel\\\/#mainImage\",\"width\":800,\"height\":466},\"primaryImageOfPage\":{\"@id\":\"https:\\\/\\\/newsinfoco.com.br\\\/inicio\\\/julho-tera-bandeira-amarela-na-conta-de-luz-define-aneel\\\/#mainImage\"},\"datePublished\":\"2024-06-30T15:51:11-03:00\",\"dateModified\":\"2024-06-30T15:51:11-03:00\"},{\"@type\":\"WebSite\",\"@id\":\"https:\\\/\\\/newsinfoco.com.br\\\/inicio\\\/#website\",\"url\":\"https:\\\/\\\/newsinfoco.com.br\\\/inicio\\\/\",\"name\":\"News In Foco - Editado por Caio Pimenta\",\"description\":\"O principal site de noticias de Alagoinhas e regi\\u00e3o\",\"inLanguage\":\"pt-BR\",\"publisher\":{\"@id\":\"https:\\\/\\\/newsinfoco.com.br\\\/inicio\\\/#organization\"}}]}\n\t\t<\/script>\n\t\t<!-- All in One SEO -->\n\n","aioseo_head_json":{"title":"Julho ter\u00e1 bandeira amarela na conta de luz, define Aneel - News In Foco - Editado por Caio Pimenta","description":"A Ag\u00eancia Nacional de Energia El\u00e9trica (Aneel) informou que a conta de luz ter\u00e1 acr\u00e9scimo de R$ 1,88 a cada 100 kW\/h consumidos no m\u00eas de julho. A cobran\u00e7a adicional vai ocorrer por causa do acionamento da bandeira tarif\u00e1ria amarela. Segundo a ag\u00eancia, a previs\u00e3o de chuva abaixo de m\u00e9dia e a expectativa de aumento","canonical_url":"https:\/\/newsinfoco.com.br\/inicio\/julho-tera-bandeira-amarela-na-conta-de-luz-define-aneel\/","robots":"max-image-preview:large","keywords":"","webmasterTools":{"miscellaneous":""},"schema":{"@context":"https:\/\/schema.org","@graph":[{"@type":"BlogPosting","@id":"https:\/\/newsinfoco.com.br\/inicio\/julho-tera-bandeira-amarela-na-conta-de-luz-define-aneel\/#blogposting","name":"Julho ter\u00e1 bandeira amarela na conta de luz, define Aneel - News In Foco - Editado por Caio Pimenta","headline":"Julho ter\u00e1 bandeira amarela na conta de luz, define Aneel","author":{"@id":"https:\/\/newsinfoco.com.br\/inicio\/author\/administrador\/#author"},"publisher":{"@id":"https:\/\/newsinfoco.com.br\/inicio\/#organization"},"image":{"@type":"ImageObject","url":"https:\/\/newsinfoco.com.br\/inicio\/wp-content\/uploads\/2018\/07\/ENERGIA.jpg","width":800,"height":466},"datePublished":"2024-06-30T15:51:11-03:00","dateModified":"2024-06-30T15:51:11-03:00","inLanguage":"pt-BR","mainEntityOfPage":{"@id":"https:\/\/newsinfoco.com.br\/inicio\/julho-tera-bandeira-amarela-na-conta-de-luz-define-aneel\/#webpage"},"isPartOf":{"@id":"https:\/\/newsinfoco.com.br\/inicio\/julho-tera-bandeira-amarela-na-conta-de-luz-define-aneel\/#webpage"},"articleSection":"Brasil"},{"@type":"BreadcrumbList","@id":"https:\/\/newsinfoco.com.br\/inicio\/julho-tera-bandeira-amarela-na-conta-de-luz-define-aneel\/#breadcrumblist","itemListElement":[{"@type":"ListItem","@id":"https:\/\/newsinfoco.com.br\/inicio#listItem","position":1,"name":"In\u00edcio","item":"https:\/\/newsinfoco.com.br\/inicio","nextItem":{"@type":"ListItem","@id":"https:\/\/newsinfoco.com.br\/inicio\/category\/brasil\/#listItem","name":"Brasil"}},{"@type":"ListItem","@id":"https:\/\/newsinfoco.com.br\/inicio\/category\/brasil\/#listItem","position":2,"name":"Brasil","item":"https:\/\/newsinfoco.com.br\/inicio\/category\/brasil\/","nextItem":{"@type":"ListItem","@id":"https:\/\/newsinfoco.com.br\/inicio\/julho-tera-bandeira-amarela-na-conta-de-luz-define-aneel\/#listItem","name":"Julho ter\u00e1 bandeira amarela na conta de luz, define Aneel"},"previousItem":{"@type":"ListItem","@id":"https:\/\/newsinfoco.com.br\/inicio#listItem","name":"In\u00edcio"}},{"@type":"ListItem","@id":"https:\/\/newsinfoco.com.br\/inicio\/julho-tera-bandeira-amarela-na-conta-de-luz-define-aneel\/#listItem","position":3,"name":"Julho ter\u00e1 bandeira amarela na conta de luz, define Aneel","previousItem":{"@type":"ListItem","@id":"https:\/\/newsinfoco.com.br\/inicio\/category\/brasil\/#listItem","name":"Brasil"}}]},{"@type":"Organization","@id":"https:\/\/newsinfoco.com.br\/inicio\/#organization","name":"News In Foco - Editado por Caio Pimenta","description":"O principal site de noticias de Alagoinhas e regi\u00e3o","url":"https:\/\/newsinfoco.com.br\/inicio\/"},{"@type":"Person","@id":"https:\/\/newsinfoco.com.br\/inicio\/author\/administrador\/#author","url":"https:\/\/newsinfoco.com.br\/inicio\/author\/administrador\/","name":"administrador","image":{"@type":"ImageObject","@id":"https:\/\/newsinfoco.com.br\/inicio\/julho-tera-bandeira-amarela-na-conta-de-luz-define-aneel\/#authorImage","url":"https:\/\/secure.gravatar.com\/avatar\/c17a617433de8c1dc9584bb79aab7563b46f5bb7e1728c9b17d9cc3ce6a08e49?s=96&d=mm&r=g","width":96,"height":96,"caption":"administrador"}},{"@type":"WebPage","@id":"https:\/\/newsinfoco.com.br\/inicio\/julho-tera-bandeira-amarela-na-conta-de-luz-define-aneel\/#webpage","url":"https:\/\/newsinfoco.com.br\/inicio\/julho-tera-bandeira-amarela-na-conta-de-luz-define-aneel\/","name":"Julho ter\u00e1 bandeira amarela na conta de luz, define Aneel - News In Foco - Editado por Caio Pimenta","description":"A Ag\u00eancia Nacional de Energia El\u00e9trica (Aneel) informou que a conta de luz ter\u00e1 acr\u00e9scimo de R$ 1,88 a cada 100 kW\/h consumidos no m\u00eas de julho. A cobran\u00e7a adicional vai ocorrer por causa do acionamento da bandeira tarif\u00e1ria amarela. Segundo a ag\u00eancia, a previs\u00e3o de chuva abaixo de m\u00e9dia e a expectativa de aumento","inLanguage":"pt-BR","isPartOf":{"@id":"https:\/\/newsinfoco.com.br\/inicio\/#website"},"breadcrumb":{"@id":"https:\/\/newsinfoco.com.br\/inicio\/julho-tera-bandeira-amarela-na-conta-de-luz-define-aneel\/#breadcrumblist"},"author":{"@id":"https:\/\/newsinfoco.com.br\/inicio\/author\/administrador\/#author"},"creator":{"@id":"https:\/\/newsinfoco.com.br\/inicio\/author\/administrador\/#author"},"image":{"@type":"ImageObject","url":"https:\/\/newsinfoco.com.br\/inicio\/wp-content\/uploads\/2018\/07\/ENERGIA.jpg","@id":"https:\/\/newsinfoco.com.br\/inicio\/julho-tera-bandeira-amarela-na-conta-de-luz-define-aneel\/#mainImage","width":800,"height":466},"primaryImageOfPage":{"@id":"https:\/\/newsinfoco.com.br\/inicio\/julho-tera-bandeira-amarela-na-conta-de-luz-define-aneel\/#mainImage"},"datePublished":"2024-06-30T15:51:11-03:00","dateModified":"2024-06-30T15:51:11-03:00"},{"@type":"WebSite","@id":"https:\/\/newsinfoco.com.br\/inicio\/#website","url":"https:\/\/newsinfoco.com.br\/inicio\/","name":"News In Foco - Editado por Caio Pimenta","description":"O principal site de noticias de Alagoinhas e regi\u00e3o","inLanguage":"pt-BR","publisher":{"@id":"https:\/\/newsinfoco.com.br\/inicio\/#organization"}}]},"og:locale":"pt_BR","og:site_name":"News In Foco - Editado por Caio Pimenta - O principal site de noticias de Alagoinhas e regi\u00e3o","og:type":"article","og:title":"Julho ter\u00e1 bandeira amarela na conta de luz, define Aneel - News In Foco - Editado por Caio Pimenta","og:description":"A Ag\u00eancia Nacional de Energia El\u00e9trica (Aneel) informou que a conta de luz ter\u00e1 acr\u00e9scimo de R$ 1,88 a cada 100 kW\/h consumidos no m\u00eas de julho. A cobran\u00e7a adicional vai ocorrer por causa do acionamento da bandeira tarif\u00e1ria amarela. Segundo a ag\u00eancia, a previs\u00e3o de chuva abaixo de m\u00e9dia e a expectativa de aumento","og:url":"https:\/\/newsinfoco.com.br\/inicio\/julho-tera-bandeira-amarela-na-conta-de-luz-define-aneel\/","article:published_time":"2024-06-30T18:51:11+00:00","article:modified_time":"2024-06-30T18:51:11+00:00","twitter:card":"summary_large_image","twitter:title":"Julho ter\u00e1 bandeira amarela na conta de luz, define Aneel - News In Foco - Editado por Caio Pimenta","twitter:description":"A Ag\u00eancia Nacional de Energia El\u00e9trica (Aneel) informou que a conta de luz ter\u00e1 acr\u00e9scimo de R$ 1,88 a cada 100 kW\/h consumidos no m\u00eas de julho. A cobran\u00e7a adicional vai ocorrer por causa do acionamento da bandeira tarif\u00e1ria amarela. Segundo a ag\u00eancia, a previs\u00e3o de chuva abaixo de m\u00e9dia e a expectativa de aumento"},"aioseo_meta_data":{"post_id":"36288","title":null,"description":null,"keywords":null,"keyphrases":{"focus":{"keyphrase":"","score":0,"analysis":{"keyphraseInTitle":{"score":0,"maxScore":9,"error":1}}},"additional":[]},"primary_term":null,"canonical_url":null,"og_title":null,"og_description":null,"og_object_type":"default","og_image_type":"default","og_image_url":null,"og_image_width":null,"og_image_height":null,"og_image_custom_url":null,"og_image_custom_fields":null,"og_video":"","og_custom_url":null,"og_article_section":null,"og_article_tags":null,"twitter_use_og":false,"twitter_card":"default","twitter_image_type":"default","twitter_image_url":null,"twitter_image_custom_url":null,"twitter_image_custom_fields":null,"twitter_title":null,"twitter_description":null,"schema":{"blockGraphs":[],"customGraphs":[],"default":{"data":{"Article":[],"Course":[],"Dataset":[],"FAQPage":[],"Movie":[],"Person":[],"Product":[],"ProductReview":[],"Car":[],"Recipe":[],"Service":[],"SoftwareApplication":[],"WebPage":[]},"graphName":"BlogPosting","isEnabled":true},"graphs":[]},"schema_type":"default","schema_type_options":null,"pillar_content":false,"robots_default":true,"robots_noindex":false,"robots_noarchive":false,"robots_nosnippet":false,"robots_nofollow":false,"robots_noimageindex":false,"robots_noodp":false,"robots_notranslate":false,"robots_max_snippet":"-1","robots_max_videopreview":"-1","robots_max_imagepreview":"large","priority":null,"frequency":"default","local_seo":null,"breadcrumb_settings":null,"limit_modified_date":false,"ai":null,"created":"2024-06-30 18:51:11","updated":"2025-07-11 10:49:10","seo_analyzer_scan_date":null},"aioseo_breadcrumb":"<div class=\"aioseo-breadcrumbs\"><span class=\"aioseo-breadcrumb\">\n\t\t\t<a href=\"https:\/\/newsinfoco.com.br\/inicio\" title=\"In\u00edcio\">In\u00edcio<\/a>\n\t\t<\/span><span class=\"aioseo-breadcrumb-separator\">&raquo;<\/span><span class=\"aioseo-breadcrumb\">\n\t\t\t<a href=\"https:\/\/newsinfoco.com.br\/inicio\/category\/brasil\/\" title=\"Brasil\">Brasil<\/a>\n\t\t<\/span><span class=\"aioseo-breadcrumb-separator\">&raquo;<\/span><span class=\"aioseo-breadcrumb\">\n\t\t\tJulho ter\u00e1 bandeira amarela na conta de luz, define Aneel\n\t\t<\/span><\/div>","aioseo_breadcrumb_json":[{"label":"In\u00edcio","link":"https:\/\/newsinfoco.com.br\/inicio"},{"label":"Brasil","link":"https:\/\/newsinfoco.com.br\/inicio\/category\/brasil\/"},{"label":"Julho ter\u00e1 bandeira amarela na conta de luz, define Aneel","link":"https:\/\/newsinfoco.com.br\/inicio\/julho-tera-bandeira-amarela-na-conta-de-luz-define-aneel\/"}],"_links":{"self":[{"href":"https:\/\/newsinfoco.com.br\/inicio\/wp-json\/wp\/v2\/posts\/36288","targetHints":{"allow":["GET"]}}],"collection":[{"href":"https:\/\/newsinfoco.com.br\/inicio\/wp-json\/wp\/v2\/posts"}],"about":[{"href":"https:\/\/newsinfoco.com.br\/inicio\/wp-json\/wp\/v2\/types\/post"}],"author":[{"embeddable":true,"href":"https:\/\/newsinfoco.com.br\/inicio\/wp-json\/wp\/v2\/users\/1"}],"replies":[{"embeddable":true,"href":"https:\/\/newsinfoco.com.br\/inicio\/wp-json\/wp\/v2\/comments?post=36288"}],"version-history":[{"count":1,"href":"https:\/\/newsinfoco.com.br\/inicio\/wp-json\/wp\/v2\/posts\/36288\/revisions"}],"predecessor-version":[{"id":36289,"href":"https:\/\/newsinfoco.com.br\/inicio\/wp-json\/wp\/v2\/posts\/36288\/revisions\/36289"}],"wp:featuredmedia":[{"embeddable":true,"href":"https:\/\/newsinfoco.com.br\/inicio\/wp-json\/wp\/v2\/media\/6618"}],"wp:attachment":[{"href":"https:\/\/newsinfoco.com.br\/inicio\/wp-json\/wp\/v2\/media?parent=36288"}],"wp:term":[{"taxonomy":"category","embeddable":true,"href":"https:\/\/newsinfoco.com.br\/inicio\/wp-json\/wp\/v2\/categories?post=36288"},{"taxonomy":"post_tag","embeddable":true,"href":"https:\/\/newsinfoco.com.br\/inicio\/wp-json\/wp\/v2\/tags?post=36288"}],"curies":[{"name":"wp","href":"https:\/\/api.w.org\/{rel}","templated":true}]}}