{"id":36406,"date":"2024-07-15T20:00:10","date_gmt":"2024-07-15T23:00:10","guid":{"rendered":"https:\/\/newsinfoco.com.br\/inicio\/?p=36406"},"modified":"2024-07-15T20:00:10","modified_gmt":"2024-07-15T23:00:10","slug":"ludmilla-fiscina-parabeniza-pedrao-pelos-62-anos-de-emancipacao-politica","status":"publish","type":"post","link":"https:\/\/newsinfoco.com.br\/inicio\/ludmilla-fiscina-parabeniza-pedrao-pelos-62-anos-de-emancipacao-politica\/","title":{"rendered":"Ludmilla Fiscina parabeniza Pedr\u00e3o pelos 62 anos de emancipa\u00e7\u00e3o pol\u00edtica"},"content":{"rendered":"<p>O munic\u00edpio de Pedr\u00e3o, que comp\u00f5e o Territ\u00f3rio de Identidade Litoral Norte e Agreste Baiano, foi homenageado na Assembleia Legislativa da Bahia (Alba) pela deputada estadual Ludmilla Fiscina (PV), atrav\u00e9s de uma mo\u00e7\u00e3o de congratula\u00e7\u00f5es pela passagem dos seus 62 anos de emancipa\u00e7\u00e3o pol\u00edtica, comemorados no dia 14 de julho.<\/p>\n<p>Pedr\u00e3o est\u00e1 localizado a 131 quil\u00f4metros de dist\u00e2ncia da capital baiana e tem uma popula\u00e7\u00e3o estimada em 6.235 habitantes, fazendo divisa com os munic\u00edpios de Aramari, Cora\u00e7\u00e3o de Maria, Irar\u00e1, Ouri\u00e7angas e Teodoro Sampaio.<\/p>\n<p>\u201cParabenizo esse povo aguerrido de Pedr\u00e3o, o maior protagonista de sua hist\u00f3ria e de todas as homenagens, que lutou bravamente pela emancipa\u00e7\u00e3o pol\u00edtica do munic\u00edpio e luta todos os dias por uma cidade cada vez melhor\u201d, felicitou Fiscina.<\/p>\n<p>Ao parabenizar os habitantes do munic\u00edpio, Fiscina tamb\u00e9m solicitou que fosse dado conhecimento da homenagem \u00e0 Prefeitura e \u00e0 C\u00e2mara Municipal de Pedr\u00e3o.<\/p>\n<p><strong>Foto:<\/strong>\u00a0Alu\u00edsio Neto<\/p>\n<div class='share-to-whatsapp-wrapper'><div class='share-on-whsp'>Share on: <\/div><a data-text='Ludmilla Fiscina parabeniza Pedr\u00e3o pelos 62 anos de emancipa\u00e7\u00e3o pol\u00edtica' data-link='https:\/\/newsinfoco.com.br\/inicio\/ludmilla-fiscina-parabeniza-pedrao-pelos-62-anos-de-emancipacao-politica\/' class='whatsapp-button whatsapp-share'>WhatsApp<\/a><div class='clear '><\/div><\/div>","protected":false},"excerpt":{"rendered":"<p>O munic\u00edpio de Pedr\u00e3o, que comp\u00f5e o Territ\u00f3rio de Identidade Litoral Norte e Agreste Baiano, foi homenageado na Assembleia Legislativa da Bahia (Alba) pela deputada estadual Ludmilla Fiscina (PV), atrav\u00e9s de uma mo\u00e7\u00e3o de congratula\u00e7\u00f5es pela passagem dos seus 62 anos de emancipa\u00e7\u00e3o pol\u00edtica, comemorados no dia 14 de julho. Pedr\u00e3o est\u00e1 localizado a 131 [&hellip;]<\/p>\n","protected":false},"author":1,"featured_media":36407,"comment_status":"closed","ping_status":"closed","sticky":false,"template":"","format":"standard","meta":{"om_disable_all_campaigns":false,"rop_custom_images_group":[],"rop_custom_messages_group":[],"rop_publish_now":"initial","rop_publish_now_accounts":[],"rop_publish_now_history":[],"rop_publish_now_status":"pending","_exactmetrics_skip_tracking":false,"footnotes":""},"categories":[38,167],"tags":[],"class_list":["post-36406","post","type-post","status-publish","format-standard","has-post-thumbnail","hentry","category-alagoinhas-e-regiao","category-exclusivas"],"aioseo_notices":[],"aioseo_head":"\n\t\t<!-- All in One SEO 4.9.10 - aioseo.com -->\n\t<meta name=\"description\" content=\"O munic\u00edpio de Pedr\u00e3o, que comp\u00f5e o Territ\u00f3rio de Identidade Litoral Norte e Agreste Baiano, foi homenageado na Assembleia Legislativa da Bahia (Alba) pela deputada estadual Ludmilla Fiscina (PV), atrav\u00e9s de uma mo\u00e7\u00e3o de congratula\u00e7\u00f5es pela passagem dos seus 62 anos de emancipa\u00e7\u00e3o pol\u00edtica, comemorados no dia 14 de julho. Pedr\u00e3o est\u00e1 localizado a 131\" \/>\n\t<meta name=\"robots\" content=\"max-image-preview:large\" \/>\n\t<meta name=\"author\" content=\"administrador\"\/>\n\t<link rel=\"canonical\" href=\"https:\/\/newsinfoco.com.br\/inicio\/ludmilla-fiscina-parabeniza-pedrao-pelos-62-anos-de-emancipacao-politica\/\" \/>\n\t<meta name=\"generator\" content=\"All in One SEO (AIOSEO) 4.9.10\" \/>\n\t\t<meta property=\"og:locale\" content=\"pt_BR\" \/>\n\t\t<meta property=\"og:site_name\" content=\"News In Foco - Editado por Caio Pimenta - O principal site de noticias de Alagoinhas e regi\u00e3o\" \/>\n\t\t<meta property=\"og:type\" content=\"article\" \/>\n\t\t<meta property=\"og:title\" content=\"Ludmilla Fiscina parabeniza Pedr\u00e3o pelos 62 anos de emancipa\u00e7\u00e3o pol\u00edtica - News In Foco - Editado por Caio Pimenta\" \/>\n\t\t<meta property=\"og:description\" content=\"O munic\u00edpio de Pedr\u00e3o, que comp\u00f5e o Territ\u00f3rio de Identidade Litoral Norte e Agreste Baiano, foi homenageado na Assembleia Legislativa da Bahia (Alba) pela deputada estadual Ludmilla Fiscina (PV), atrav\u00e9s de uma mo\u00e7\u00e3o de congratula\u00e7\u00f5es pela passagem dos seus 62 anos de emancipa\u00e7\u00e3o pol\u00edtica, comemorados no dia 14 de julho. Pedr\u00e3o est\u00e1 localizado a 131\" \/>\n\t\t<meta property=\"og:url\" content=\"https:\/\/newsinfoco.com.br\/inicio\/ludmilla-fiscina-parabeniza-pedrao-pelos-62-anos-de-emancipacao-politica\/\" \/>\n\t\t<meta property=\"article:published_time\" content=\"2024-07-15T23:00:10+00:00\" \/>\n\t\t<meta property=\"article:modified_time\" content=\"2024-07-15T23:00:10+00:00\" \/>\n\t\t<meta name=\"twitter:card\" content=\"summary_large_image\" \/>\n\t\t<meta name=\"twitter:title\" content=\"Ludmilla Fiscina parabeniza Pedr\u00e3o pelos 62 anos de emancipa\u00e7\u00e3o pol\u00edtica - News In Foco - Editado por Caio Pimenta\" \/>\n\t\t<meta name=\"twitter:description\" content=\"O munic\u00edpio de Pedr\u00e3o, que comp\u00f5e o Territ\u00f3rio de Identidade Litoral Norte e Agreste Baiano, foi homenageado na Assembleia Legislativa da Bahia (Alba) pela deputada estadual Ludmilla Fiscina (PV), atrav\u00e9s de uma mo\u00e7\u00e3o de congratula\u00e7\u00f5es pela passagem dos seus 62 anos de emancipa\u00e7\u00e3o pol\u00edtica, comemorados no dia 14 de julho. Pedr\u00e3o est\u00e1 localizado a 131\" \/>\n\t\t<script type=\"application\/ld+json\" class=\"aioseo-schema\">\n\t\t\t{\"@context\":\"https:\\\/\\\/schema.org\",\"@graph\":[{\"@type\":\"BlogPosting\",\"@id\":\"https:\\\/\\\/newsinfoco.com.br\\\/inicio\\\/ludmilla-fiscina-parabeniza-pedrao-pelos-62-anos-de-emancipacao-politica\\\/#blogposting\",\"name\":\"Ludmilla Fiscina parabeniza Pedr\\u00e3o pelos 62 anos de emancipa\\u00e7\\u00e3o pol\\u00edtica - News In Foco - Editado por Caio Pimenta\",\"headline\":\"Ludmilla Fiscina parabeniza Pedr\\u00e3o pelos 62 anos de emancipa\\u00e7\\u00e3o pol\\u00edtica\",\"author\":{\"@id\":\"https:\\\/\\\/newsinfoco.com.br\\\/inicio\\\/author\\\/administrador\\\/#author\"},\"publisher\":{\"@id\":\"https:\\\/\\\/newsinfoco.com.br\\\/inicio\\\/#organization\"},\"image\":{\"@type\":\"ImageObject\",\"url\":\"https:\\\/\\\/newsinfoco.com.br\\\/inicio\\\/wp-content\\\/uploads\\\/2024\\\/07\\\/LUDMILLA-FISCINA-PEDRAO-scaled-e1721067607478-1536x993-1.jpg\",\"width\":1536,\"height\":993},\"datePublished\":\"2024-07-15T20:00:10-03:00\",\"dateModified\":\"2024-07-15T20:00:10-03:00\",\"inLanguage\":\"pt-BR\",\"mainEntityOfPage\":{\"@id\":\"https:\\\/\\\/newsinfoco.com.br\\\/inicio\\\/ludmilla-fiscina-parabeniza-pedrao-pelos-62-anos-de-emancipacao-politica\\\/#webpage\"},\"isPartOf\":{\"@id\":\"https:\\\/\\\/newsinfoco.com.br\\\/inicio\\\/ludmilla-fiscina-parabeniza-pedrao-pelos-62-anos-de-emancipacao-politica\\\/#webpage\"},\"articleSection\":\"Alagoinhas e Regi\\u00e3o, Manchete\"},{\"@type\":\"BreadcrumbList\",\"@id\":\"https:\\\/\\\/newsinfoco.com.br\\\/inicio\\\/ludmilla-fiscina-parabeniza-pedrao-pelos-62-anos-de-emancipacao-politica\\\/#breadcrumblist\",\"itemListElement\":[{\"@type\":\"ListItem\",\"@id\":\"https:\\\/\\\/newsinfoco.com.br\\\/inicio#listItem\",\"position\":1,\"name\":\"In\\u00edcio\",\"item\":\"https:\\\/\\\/newsinfoco.com.br\\\/inicio\",\"nextItem\":{\"@type\":\"ListItem\",\"@id\":\"https:\\\/\\\/newsinfoco.com.br\\\/inicio\\\/category\\\/alagoinhas-e-regiao\\\/#listItem\",\"name\":\"Alagoinhas e Regi\\u00e3o\"}},{\"@type\":\"ListItem\",\"@id\":\"https:\\\/\\\/newsinfoco.com.br\\\/inicio\\\/category\\\/alagoinhas-e-regiao\\\/#listItem\",\"position\":2,\"name\":\"Alagoinhas e Regi\\u00e3o\",\"item\":\"https:\\\/\\\/newsinfoco.com.br\\\/inicio\\\/category\\\/alagoinhas-e-regiao\\\/\",\"nextItem\":{\"@type\":\"ListItem\",\"@id\":\"https:\\\/\\\/newsinfoco.com.br\\\/inicio\\\/ludmilla-fiscina-parabeniza-pedrao-pelos-62-anos-de-emancipacao-politica\\\/#listItem\",\"name\":\"Ludmilla Fiscina parabeniza Pedr\\u00e3o pelos 62 anos de emancipa\\u00e7\\u00e3o pol\\u00edtica\"},\"previousItem\":{\"@type\":\"ListItem\",\"@id\":\"https:\\\/\\\/newsinfoco.com.br\\\/inicio#listItem\",\"name\":\"In\\u00edcio\"}},{\"@type\":\"ListItem\",\"@id\":\"https:\\\/\\\/newsinfoco.com.br\\\/inicio\\\/ludmilla-fiscina-parabeniza-pedrao-pelos-62-anos-de-emancipacao-politica\\\/#listItem\",\"position\":3,\"name\":\"Ludmilla Fiscina parabeniza Pedr\\u00e3o pelos 62 anos de emancipa\\u00e7\\u00e3o pol\\u00edtica\",\"previousItem\":{\"@type\":\"ListItem\",\"@id\":\"https:\\\/\\\/newsinfoco.com.br\\\/inicio\\\/category\\\/alagoinhas-e-regiao\\\/#listItem\",\"name\":\"Alagoinhas e Regi\\u00e3o\"}}]},{\"@type\":\"Organization\",\"@id\":\"https:\\\/\\\/newsinfoco.com.br\\\/inicio\\\/#organization\",\"name\":\"News In Foco - Editado por Caio Pimenta\",\"description\":\"O principal site de noticias de Alagoinhas e regi\\u00e3o\",\"url\":\"https:\\\/\\\/newsinfoco.com.br\\\/inicio\\\/\"},{\"@type\":\"Person\",\"@id\":\"https:\\\/\\\/newsinfoco.com.br\\\/inicio\\\/author\\\/administrador\\\/#author\",\"url\":\"https:\\\/\\\/newsinfoco.com.br\\\/inicio\\\/author\\\/administrador\\\/\",\"name\":\"administrador\",\"image\":{\"@type\":\"ImageObject\",\"@id\":\"https:\\\/\\\/newsinfoco.com.br\\\/inicio\\\/ludmilla-fiscina-parabeniza-pedrao-pelos-62-anos-de-emancipacao-politica\\\/#authorImage\",\"url\":\"https:\\\/\\\/secure.gravatar.com\\\/avatar\\\/c17a617433de8c1dc9584bb79aab7563b46f5bb7e1728c9b17d9cc3ce6a08e49?s=96&d=mm&r=g\",\"width\":96,\"height\":96,\"caption\":\"administrador\"}},{\"@type\":\"WebPage\",\"@id\":\"https:\\\/\\\/newsinfoco.com.br\\\/inicio\\\/ludmilla-fiscina-parabeniza-pedrao-pelos-62-anos-de-emancipacao-politica\\\/#webpage\",\"url\":\"https:\\\/\\\/newsinfoco.com.br\\\/inicio\\\/ludmilla-fiscina-parabeniza-pedrao-pelos-62-anos-de-emancipacao-politica\\\/\",\"name\":\"Ludmilla Fiscina parabeniza Pedr\\u00e3o pelos 62 anos de emancipa\\u00e7\\u00e3o pol\\u00edtica - News In Foco - Editado por Caio Pimenta\",\"description\":\"O munic\\u00edpio de Pedr\\u00e3o, que comp\\u00f5e o Territ\\u00f3rio de Identidade Litoral Norte e Agreste Baiano, foi homenageado na Assembleia Legislativa da Bahia (Alba) pela deputada estadual Ludmilla Fiscina (PV), atrav\\u00e9s de uma mo\\u00e7\\u00e3o de congratula\\u00e7\\u00f5es pela passagem dos seus 62 anos de emancipa\\u00e7\\u00e3o pol\\u00edtica, comemorados no dia 14 de julho. Pedr\\u00e3o est\\u00e1 localizado a 131\",\"inLanguage\":\"pt-BR\",\"isPartOf\":{\"@id\":\"https:\\\/\\\/newsinfoco.com.br\\\/inicio\\\/#website\"},\"breadcrumb\":{\"@id\":\"https:\\\/\\\/newsinfoco.com.br\\\/inicio\\\/ludmilla-fiscina-parabeniza-pedrao-pelos-62-anos-de-emancipacao-politica\\\/#breadcrumblist\"},\"author\":{\"@id\":\"https:\\\/\\\/newsinfoco.com.br\\\/inicio\\\/author\\\/administrador\\\/#author\"},\"creator\":{\"@id\":\"https:\\\/\\\/newsinfoco.com.br\\\/inicio\\\/author\\\/administrador\\\/#author\"},\"image\":{\"@type\":\"ImageObject\",\"url\":\"https:\\\/\\\/newsinfoco.com.br\\\/inicio\\\/wp-content\\\/uploads\\\/2024\\\/07\\\/LUDMILLA-FISCINA-PEDRAO-scaled-e1721067607478-1536x993-1.jpg\",\"@id\":\"https:\\\/\\\/newsinfoco.com.br\\\/inicio\\\/ludmilla-fiscina-parabeniza-pedrao-pelos-62-anos-de-emancipacao-politica\\\/#mainImage\",\"width\":1536,\"height\":993},\"primaryImageOfPage\":{\"@id\":\"https:\\\/\\\/newsinfoco.com.br\\\/inicio\\\/ludmilla-fiscina-parabeniza-pedrao-pelos-62-anos-de-emancipacao-politica\\\/#mainImage\"},\"datePublished\":\"2024-07-15T20:00:10-03:00\",\"dateModified\":\"2024-07-15T20:00:10-03:00\"},{\"@type\":\"WebSite\",\"@id\":\"https:\\\/\\\/newsinfoco.com.br\\\/inicio\\\/#website\",\"url\":\"https:\\\/\\\/newsinfoco.com.br\\\/inicio\\\/\",\"name\":\"News In Foco - Editado por Caio Pimenta\",\"description\":\"O principal site de noticias de Alagoinhas e regi\\u00e3o\",\"inLanguage\":\"pt-BR\",\"publisher\":{\"@id\":\"https:\\\/\\\/newsinfoco.com.br\\\/inicio\\\/#organization\"}}]}\n\t\t<\/script>\n\t\t<!-- All in One SEO -->\n\n","aioseo_head_json":{"title":"Ludmilla Fiscina parabeniza Pedr\u00e3o pelos 62 anos de emancipa\u00e7\u00e3o pol\u00edtica - News In Foco - Editado por Caio Pimenta","description":"O munic\u00edpio de Pedr\u00e3o, que comp\u00f5e o Territ\u00f3rio de Identidade Litoral Norte e Agreste Baiano, foi homenageado na Assembleia Legislativa da Bahia (Alba) pela deputada estadual Ludmilla Fiscina (PV), atrav\u00e9s de uma mo\u00e7\u00e3o de congratula\u00e7\u00f5es pela passagem dos seus 62 anos de emancipa\u00e7\u00e3o pol\u00edtica, comemorados no dia 14 de julho. Pedr\u00e3o est\u00e1 localizado a 131","canonical_url":"https:\/\/newsinfoco.com.br\/inicio\/ludmilla-fiscina-parabeniza-pedrao-pelos-62-anos-de-emancipacao-politica\/","robots":"max-image-preview:large","keywords":"","webmasterTools":{"miscellaneous":""},"schema":{"@context":"https:\/\/schema.org","@graph":[{"@type":"BlogPosting","@id":"https:\/\/newsinfoco.com.br\/inicio\/ludmilla-fiscina-parabeniza-pedrao-pelos-62-anos-de-emancipacao-politica\/#blogposting","name":"Ludmilla Fiscina parabeniza Pedr\u00e3o pelos 62 anos de emancipa\u00e7\u00e3o pol\u00edtica - News In Foco - Editado por Caio Pimenta","headline":"Ludmilla Fiscina parabeniza Pedr\u00e3o pelos 62 anos de emancipa\u00e7\u00e3o pol\u00edtica","author":{"@id":"https:\/\/newsinfoco.com.br\/inicio\/author\/administrador\/#author"},"publisher":{"@id":"https:\/\/newsinfoco.com.br\/inicio\/#organization"},"image":{"@type":"ImageObject","url":"https:\/\/newsinfoco.com.br\/inicio\/wp-content\/uploads\/2024\/07\/LUDMILLA-FISCINA-PEDRAO-scaled-e1721067607478-1536x993-1.jpg","width":1536,"height":993},"datePublished":"2024-07-15T20:00:10-03:00","dateModified":"2024-07-15T20:00:10-03:00","inLanguage":"pt-BR","mainEntityOfPage":{"@id":"https:\/\/newsinfoco.com.br\/inicio\/ludmilla-fiscina-parabeniza-pedrao-pelos-62-anos-de-emancipacao-politica\/#webpage"},"isPartOf":{"@id":"https:\/\/newsinfoco.com.br\/inicio\/ludmilla-fiscina-parabeniza-pedrao-pelos-62-anos-de-emancipacao-politica\/#webpage"},"articleSection":"Alagoinhas e Regi\u00e3o, Manchete"},{"@type":"BreadcrumbList","@id":"https:\/\/newsinfoco.com.br\/inicio\/ludmilla-fiscina-parabeniza-pedrao-pelos-62-anos-de-emancipacao-politica\/#breadcrumblist","itemListElement":[{"@type":"ListItem","@id":"https:\/\/newsinfoco.com.br\/inicio#listItem","position":1,"name":"In\u00edcio","item":"https:\/\/newsinfoco.com.br\/inicio","nextItem":{"@type":"ListItem","@id":"https:\/\/newsinfoco.com.br\/inicio\/category\/alagoinhas-e-regiao\/#listItem","name":"Alagoinhas e Regi\u00e3o"}},{"@type":"ListItem","@id":"https:\/\/newsinfoco.com.br\/inicio\/category\/alagoinhas-e-regiao\/#listItem","position":2,"name":"Alagoinhas e Regi\u00e3o","item":"https:\/\/newsinfoco.com.br\/inicio\/category\/alagoinhas-e-regiao\/","nextItem":{"@type":"ListItem","@id":"https:\/\/newsinfoco.com.br\/inicio\/ludmilla-fiscina-parabeniza-pedrao-pelos-62-anos-de-emancipacao-politica\/#listItem","name":"Ludmilla Fiscina parabeniza Pedr\u00e3o pelos 62 anos de emancipa\u00e7\u00e3o pol\u00edtica"},"previousItem":{"@type":"ListItem","@id":"https:\/\/newsinfoco.com.br\/inicio#listItem","name":"In\u00edcio"}},{"@type":"ListItem","@id":"https:\/\/newsinfoco.com.br\/inicio\/ludmilla-fiscina-parabeniza-pedrao-pelos-62-anos-de-emancipacao-politica\/#listItem","position":3,"name":"Ludmilla Fiscina parabeniza Pedr\u00e3o pelos 62 anos de emancipa\u00e7\u00e3o pol\u00edtica","previousItem":{"@type":"ListItem","@id":"https:\/\/newsinfoco.com.br\/inicio\/category\/alagoinhas-e-regiao\/#listItem","name":"Alagoinhas e Regi\u00e3o"}}]},{"@type":"Organization","@id":"https:\/\/newsinfoco.com.br\/inicio\/#organization","name":"News In Foco - Editado por Caio Pimenta","description":"O principal site de noticias de Alagoinhas e regi\u00e3o","url":"https:\/\/newsinfoco.com.br\/inicio\/"},{"@type":"Person","@id":"https:\/\/newsinfoco.com.br\/inicio\/author\/administrador\/#author","url":"https:\/\/newsinfoco.com.br\/inicio\/author\/administrador\/","name":"administrador","image":{"@type":"ImageObject","@id":"https:\/\/newsinfoco.com.br\/inicio\/ludmilla-fiscina-parabeniza-pedrao-pelos-62-anos-de-emancipacao-politica\/#authorImage","url":"https:\/\/secure.gravatar.com\/avatar\/c17a617433de8c1dc9584bb79aab7563b46f5bb7e1728c9b17d9cc3ce6a08e49?s=96&d=mm&r=g","width":96,"height":96,"caption":"administrador"}},{"@type":"WebPage","@id":"https:\/\/newsinfoco.com.br\/inicio\/ludmilla-fiscina-parabeniza-pedrao-pelos-62-anos-de-emancipacao-politica\/#webpage","url":"https:\/\/newsinfoco.com.br\/inicio\/ludmilla-fiscina-parabeniza-pedrao-pelos-62-anos-de-emancipacao-politica\/","name":"Ludmilla Fiscina parabeniza Pedr\u00e3o pelos 62 anos de emancipa\u00e7\u00e3o pol\u00edtica - News In Foco - Editado por Caio Pimenta","description":"O munic\u00edpio de Pedr\u00e3o, que comp\u00f5e o Territ\u00f3rio de Identidade Litoral Norte e Agreste Baiano, foi homenageado na Assembleia Legislativa da Bahia (Alba) pela deputada estadual Ludmilla Fiscina (PV), atrav\u00e9s de uma mo\u00e7\u00e3o de congratula\u00e7\u00f5es pela passagem dos seus 62 anos de emancipa\u00e7\u00e3o pol\u00edtica, comemorados no dia 14 de julho. Pedr\u00e3o est\u00e1 localizado a 131","inLanguage":"pt-BR","isPartOf":{"@id":"https:\/\/newsinfoco.com.br\/inicio\/#website"},"breadcrumb":{"@id":"https:\/\/newsinfoco.com.br\/inicio\/ludmilla-fiscina-parabeniza-pedrao-pelos-62-anos-de-emancipacao-politica\/#breadcrumblist"},"author":{"@id":"https:\/\/newsinfoco.com.br\/inicio\/author\/administrador\/#author"},"creator":{"@id":"https:\/\/newsinfoco.com.br\/inicio\/author\/administrador\/#author"},"image":{"@type":"ImageObject","url":"https:\/\/newsinfoco.com.br\/inicio\/wp-content\/uploads\/2024\/07\/LUDMILLA-FISCINA-PEDRAO-scaled-e1721067607478-1536x993-1.jpg","@id":"https:\/\/newsinfoco.com.br\/inicio\/ludmilla-fiscina-parabeniza-pedrao-pelos-62-anos-de-emancipacao-politica\/#mainImage","width":1536,"height":993},"primaryImageOfPage":{"@id":"https:\/\/newsinfoco.com.br\/inicio\/ludmilla-fiscina-parabeniza-pedrao-pelos-62-anos-de-emancipacao-politica\/#mainImage"},"datePublished":"2024-07-15T20:00:10-03:00","dateModified":"2024-07-15T20:00:10-03:00"},{"@type":"WebSite","@id":"https:\/\/newsinfoco.com.br\/inicio\/#website","url":"https:\/\/newsinfoco.com.br\/inicio\/","name":"News In Foco - Editado por Caio Pimenta","description":"O principal site de noticias de Alagoinhas e regi\u00e3o","inLanguage":"pt-BR","publisher":{"@id":"https:\/\/newsinfoco.com.br\/inicio\/#organization"}}]},"og:locale":"pt_BR","og:site_name":"News In Foco - Editado por Caio Pimenta - O principal site de noticias de Alagoinhas e regi\u00e3o","og:type":"article","og:title":"Ludmilla Fiscina parabeniza Pedr\u00e3o pelos 62 anos de emancipa\u00e7\u00e3o pol\u00edtica - News In Foco - Editado por Caio Pimenta","og:description":"O munic\u00edpio de Pedr\u00e3o, que comp\u00f5e o Territ\u00f3rio de Identidade Litoral Norte e Agreste Baiano, foi homenageado na Assembleia Legislativa da Bahia (Alba) pela deputada estadual Ludmilla Fiscina (PV), atrav\u00e9s de uma mo\u00e7\u00e3o de congratula\u00e7\u00f5es pela passagem dos seus 62 anos de emancipa\u00e7\u00e3o pol\u00edtica, comemorados no dia 14 de julho. Pedr\u00e3o est\u00e1 localizado a 131","og:url":"https:\/\/newsinfoco.com.br\/inicio\/ludmilla-fiscina-parabeniza-pedrao-pelos-62-anos-de-emancipacao-politica\/","article:published_time":"2024-07-15T23:00:10+00:00","article:modified_time":"2024-07-15T23:00:10+00:00","twitter:card":"summary_large_image","twitter:title":"Ludmilla Fiscina parabeniza Pedr\u00e3o pelos 62 anos de emancipa\u00e7\u00e3o pol\u00edtica - News In Foco - Editado por Caio Pimenta","twitter:description":"O munic\u00edpio de Pedr\u00e3o, que comp\u00f5e o Territ\u00f3rio de Identidade Litoral Norte e Agreste Baiano, foi homenageado na Assembleia Legislativa da Bahia (Alba) pela deputada estadual Ludmilla Fiscina (PV), atrav\u00e9s de uma mo\u00e7\u00e3o de congratula\u00e7\u00f5es pela passagem dos seus 62 anos de emancipa\u00e7\u00e3o pol\u00edtica, comemorados no dia 14 de julho. Pedr\u00e3o est\u00e1 localizado a 131"},"aioseo_meta_data":{"post_id":"36406","title":null,"description":null,"keywords":null,"keyphrases":{"focus":{"keyphrase":"","score":0,"analysis":{"keyphraseInTitle":{"score":0,"maxScore":9,"error":1}}},"additional":[]},"primary_term":null,"canonical_url":null,"og_title":null,"og_description":null,"og_object_type":"default","og_image_type":"default","og_image_url":null,"og_image_width":null,"og_image_height":null,"og_image_custom_url":null,"og_image_custom_fields":null,"og_video":"","og_custom_url":null,"og_article_section":null,"og_article_tags":null,"twitter_use_og":false,"twitter_card":"default","twitter_image_type":"default","twitter_image_url":null,"twitter_image_custom_url":null,"twitter_image_custom_fields":null,"twitter_title":null,"twitter_description":null,"schema":{"blockGraphs":[],"customGraphs":[],"default":{"data":{"Article":[],"Course":[],"Dataset":[],"FAQPage":[],"Movie":[],"Person":[],"Product":[],"ProductReview":[],"Car":[],"Recipe":[],"Service":[],"SoftwareApplication":[],"WebPage":[]},"graphName":"BlogPosting","isEnabled":true},"graphs":[]},"schema_type":"default","schema_type_options":null,"pillar_content":false,"robots_default":true,"robots_noindex":false,"robots_noarchive":false,"robots_nosnippet":false,"robots_nofollow":false,"robots_noimageindex":false,"robots_noodp":false,"robots_notranslate":false,"robots_max_snippet":"-1","robots_max_videopreview":"-1","robots_max_imagepreview":"large","priority":null,"frequency":"default","local_seo":null,"breadcrumb_settings":null,"limit_modified_date":false,"ai":null,"created":"2024-07-15 23:00:10","updated":"2025-07-11 10:52:02","seo_analyzer_scan_date":null},"aioseo_breadcrumb":"<div class=\"aioseo-breadcrumbs\"><span class=\"aioseo-breadcrumb\">\n\t\t\t<a href=\"https:\/\/newsinfoco.com.br\/inicio\" title=\"In\u00edcio\">In\u00edcio<\/a>\n\t\t<\/span><span class=\"aioseo-breadcrumb-separator\">&raquo;<\/span><span class=\"aioseo-breadcrumb\">\n\t\t\t<a href=\"https:\/\/newsinfoco.com.br\/inicio\/category\/alagoinhas-e-regiao\/\" title=\"Alagoinhas e Regi\u00e3o\">Alagoinhas e Regi\u00e3o<\/a>\n\t\t<\/span><span class=\"aioseo-breadcrumb-separator\">&raquo;<\/span><span class=\"aioseo-breadcrumb\">\n\t\t\tLudmilla Fiscina parabeniza Pedr\u00e3o pelos 62 anos de emancipa\u00e7\u00e3o pol\u00edtica\n\t\t<\/span><\/div>","aioseo_breadcrumb_json":[{"label":"In\u00edcio","link":"https:\/\/newsinfoco.com.br\/inicio"},{"label":"Alagoinhas e Regi\u00e3o","link":"https:\/\/newsinfoco.com.br\/inicio\/category\/alagoinhas-e-regiao\/"},{"label":"Ludmilla Fiscina parabeniza Pedr\u00e3o pelos 62 anos de emancipa\u00e7\u00e3o pol\u00edtica","link":"https:\/\/newsinfoco.com.br\/inicio\/ludmilla-fiscina-parabeniza-pedrao-pelos-62-anos-de-emancipacao-politica\/"}],"_links":{"self":[{"href":"https:\/\/newsinfoco.com.br\/inicio\/wp-json\/wp\/v2\/posts\/36406","targetHints":{"allow":["GET"]}}],"collection":[{"href":"https:\/\/newsinfoco.com.br\/inicio\/wp-json\/wp\/v2\/posts"}],"about":[{"href":"https:\/\/newsinfoco.com.br\/inicio\/wp-json\/wp\/v2\/types\/post"}],"author":[{"embeddable":true,"href":"https:\/\/newsinfoco.com.br\/inicio\/wp-json\/wp\/v2\/users\/1"}],"replies":[{"embeddable":true,"href":"https:\/\/newsinfoco.com.br\/inicio\/wp-json\/wp\/v2\/comments?post=36406"}],"version-history":[{"count":1,"href":"https:\/\/newsinfoco.com.br\/inicio\/wp-json\/wp\/v2\/posts\/36406\/revisions"}],"predecessor-version":[{"id":36408,"href":"https:\/\/newsinfoco.com.br\/inicio\/wp-json\/wp\/v2\/posts\/36406\/revisions\/36408"}],"wp:featuredmedia":[{"embeddable":true,"href":"https:\/\/newsinfoco.com.br\/inicio\/wp-json\/wp\/v2\/media\/36407"}],"wp:attachment":[{"href":"https:\/\/newsinfoco.com.br\/inicio\/wp-json\/wp\/v2\/media?parent=36406"}],"wp:term":[{"taxonomy":"category","embeddable":true,"href":"https:\/\/newsinfoco.com.br\/inicio\/wp-json\/wp\/v2\/categories?post=36406"},{"taxonomy":"post_tag","embeddable":true,"href":"https:\/\/newsinfoco.com.br\/inicio\/wp-json\/wp\/v2\/tags?post=36406"}],"curies":[{"name":"wp","href":"https:\/\/api.w.org\/{rel}","templated":true}]}}