{"id":36409,"date":"2024-07-16T18:33:35","date_gmt":"2024-07-16T21:33:35","guid":{"rendered":"https:\/\/newsinfoco.com.br\/inicio\/?p=36409"},"modified":"2024-07-16T18:33:35","modified_gmt":"2024-07-16T21:33:35","slug":"uniao-brasil-debate-criterios-para-distribuicao-do-fundo-eleitoral-na-bahia-e-passa-a-admitir-possibilidade-de-coligacao-com-o-pt","status":"publish","type":"post","link":"https:\/\/newsinfoco.com.br\/inicio\/uniao-brasil-debate-criterios-para-distribuicao-do-fundo-eleitoral-na-bahia-e-passa-a-admitir-possibilidade-de-coligacao-com-o-pt\/","title":{"rendered":"Uni\u00e3o Brasil debate crit\u00e9rios para distribui\u00e7\u00e3o do fundo eleitoral na Bahia e passa a admitir possibilidade de coliga\u00e7\u00e3o com o PT"},"content":{"rendered":"<p>A Executiva estadual do Uni\u00e3o Brasil se reuniu nesta ter\u00e7a-feira (16) para discutir estrat\u00e9gias visando as elei\u00e7\u00f5es municipais deste ano. O principal ponto do encontro, liderado pelo ex-prefeito de Salvador ACM Neto, vice-presidente nacional da sigla, foi a defini\u00e7\u00e3o de crit\u00e9rios para a distribui\u00e7\u00e3o do fundo eleitoral. Houve tamb\u00e9m uma flexibiliza\u00e7\u00e3o sobre a possibilidade de coliga\u00e7\u00f5es com o PT.<\/p>\n<p>A reuni\u00e3o foi representativa, contando com as presen\u00e7as das principais lideran\u00e7as do Uni\u00e3o Brasil no Estado. Participaram os prefeitos de Salvador, Bruno Reis, e de Cama\u00e7ari, Antonio Elinaldo; os deputados federais Elmar Nascimento, Arthur Maia, Dal Barreto, Paulo Azi e Leur Lomanto J\u00fanior; e os deputados estaduais Alan Sanches, Marcinho Oliveira, J\u00fanior Nascimento, Pedro Tavares, Luciano Sim\u00f5es Filho, Sandro R\u00e9gis Manuel Rocha e Marcelinho Veiga (Uni\u00e3o).<\/p>\n<p>Ficou decidido que os parlamentares devem encaminhar, at\u00e9 sexta-feira (19), uma lista dos candidatos a prefeito e a vice do partido e de siglas aliadas no campo da oposi\u00e7\u00e3o ao governo baiano priorizando os nomes mais competitivos, que receber\u00e3o a maior parcela do fundo eleitoral. Nacionalmente, o Uni\u00e3o Brasil ter\u00e1 direito a R$ 536,5 milh\u00f5es para gastar no pleito. N\u00e3o ficou definido o montante que ser\u00e1 destinado \u00e0 Bahia.<\/p>\n<p>Cidades como Salvador, Feira de Santana, Vit\u00f3ria da Conquista e Cama\u00e7ari, que representam os maiores col\u00e9gios eleitorais do Estado e onde o Uni\u00e3o Brasil tem chances concretas de obter resultados positivos com candidaturas pr\u00f3prias, devem receber o teto do que ser\u00e1 permitido de gasto pela Justi\u00e7a Eleitoral. Outros munic\u00edpios vistos como prioridades s\u00e3o Lauro de Freitas e Sim\u00f5es Filho, dentro da ideia do \u201ccintur\u00e3o 44\u201d na Regi\u00e3o Metropolitana de Salvador.<\/p>\n<p>Sobre a possibilidade de coliga\u00e7\u00f5es com candidatos do PT, que j\u00e1 havia sido proibida por ACM Neto (clique\u00a0<a href=\"https:\/\/politicalivre.com.br\/2024\/03\/acm-neto-proibe-aliancas-do-uniao-brasil-com-pt-mas-deixa-caminho-livre-para-outras-siglas-aliadas-de-jeronimo\/#gsc.tab=0\">aqui<\/a>\u00a0para ler), ficou redefinido que cada caso ser\u00e1 tratado de forma individual. Um dos munic\u00edpios onde essa alian\u00e7a deve ser analisada \u00e9 Itoror\u00f3, em que o deputado estadual petista Rosemberg Pinto busca o apoio do Uni\u00e3o Brasil em torno do nome de Doutora Luciana. Vale lembrar que Elmar Nascimento tem buscado se aproximar do PT de olho na sucess\u00e3o da C\u00e2mara Federal.<\/p>\n<p>&nbsp;<\/p>\n<p><span class=\"assinatura_exclusiva\">Pol\u00edtica Livre<\/span><\/p>\n<div class='share-to-whatsapp-wrapper'><div class='share-on-whsp'>Share on: <\/div><a data-text='Uni\u00e3o Brasil debate crit\u00e9rios para distribui\u00e7\u00e3o do fundo eleitoral na Bahia e passa a admitir possibilidade de coliga\u00e7\u00e3o com o PT' data-link='https:\/\/newsinfoco.com.br\/inicio\/uniao-brasil-debate-criterios-para-distribuicao-do-fundo-eleitoral-na-bahia-e-passa-a-admitir-possibilidade-de-coligacao-com-o-pt\/' class='whatsapp-button whatsapp-share'>WhatsApp<\/a><div class='clear '><\/div><\/div>","protected":false},"excerpt":{"rendered":"<p>A Executiva estadual do Uni\u00e3o Brasil se reuniu nesta ter\u00e7a-feira (16) para discutir estrat\u00e9gias visando as elei\u00e7\u00f5es municipais deste ano. O principal ponto do encontro, liderado pelo ex-prefeito de Salvador ACM Neto, vice-presidente nacional da sigla, foi a defini\u00e7\u00e3o de crit\u00e9rios para a distribui\u00e7\u00e3o do fundo eleitoral. Houve tamb\u00e9m uma flexibiliza\u00e7\u00e3o sobre a possibilidade de [&hellip;]<\/p>\n","protected":false},"author":1,"featured_media":36410,"comment_status":"closed","ping_status":"closed","sticky":false,"template":"","format":"standard","meta":{"om_disable_all_campaigns":false,"rop_custom_images_group":[],"rop_custom_messages_group":[],"rop_publish_now":"initial","rop_publish_now_accounts":[],"rop_publish_now_history":[],"rop_publish_now_status":"pending","_exactmetrics_skip_tracking":false,"footnotes":""},"categories":[19],"tags":[],"class_list":["post-36409","post","type-post","status-publish","format-standard","has-post-thumbnail","hentry","category-bahia"],"aioseo_notices":[],"aioseo_head":"\n\t\t<!-- All in One SEO 4.9.10 - aioseo.com -->\n\t<meta name=\"description\" content=\"A Executiva estadual do Uni\u00e3o Brasil se reuniu nesta ter\u00e7a-feira (16) para discutir estrat\u00e9gias visando as elei\u00e7\u00f5es municipais deste ano. O principal ponto do encontro, liderado pelo ex-prefeito de Salvador ACM Neto, vice-presidente nacional da sigla, foi a defini\u00e7\u00e3o de crit\u00e9rios para a distribui\u00e7\u00e3o do fundo eleitoral. Houve tamb\u00e9m uma flexibiliza\u00e7\u00e3o sobre a possibilidade de\" \/>\n\t<meta name=\"robots\" content=\"max-image-preview:large\" \/>\n\t<meta name=\"author\" content=\"administrador\"\/>\n\t<link rel=\"canonical\" href=\"https:\/\/newsinfoco.com.br\/inicio\/uniao-brasil-debate-criterios-para-distribuicao-do-fundo-eleitoral-na-bahia-e-passa-a-admitir-possibilidade-de-coligacao-com-o-pt\/\" \/>\n\t<meta name=\"generator\" content=\"All in One SEO (AIOSEO) 4.9.10\" \/>\n\t\t<meta property=\"og:locale\" content=\"pt_BR\" \/>\n\t\t<meta property=\"og:site_name\" content=\"News In Foco - Editado por Caio Pimenta - O principal site de noticias de Alagoinhas e regi\u00e3o\" \/>\n\t\t<meta property=\"og:type\" content=\"article\" \/>\n\t\t<meta property=\"og:title\" content=\"Uni\u00e3o Brasil debate crit\u00e9rios para distribui\u00e7\u00e3o do fundo eleitoral na Bahia e passa a admitir possibilidade de coliga\u00e7\u00e3o com o PT - News In Foco - Editado por Caio Pimenta\" \/>\n\t\t<meta property=\"og:description\" content=\"A Executiva estadual do Uni\u00e3o Brasil se reuniu nesta ter\u00e7a-feira (16) para discutir estrat\u00e9gias visando as elei\u00e7\u00f5es municipais deste ano. O principal ponto do encontro, liderado pelo ex-prefeito de Salvador ACM Neto, vice-presidente nacional da sigla, foi a defini\u00e7\u00e3o de crit\u00e9rios para a distribui\u00e7\u00e3o do fundo eleitoral. Houve tamb\u00e9m uma flexibiliza\u00e7\u00e3o sobre a possibilidade de\" \/>\n\t\t<meta property=\"og:url\" content=\"https:\/\/newsinfoco.com.br\/inicio\/uniao-brasil-debate-criterios-para-distribuicao-do-fundo-eleitoral-na-bahia-e-passa-a-admitir-possibilidade-de-coligacao-com-o-pt\/\" \/>\n\t\t<meta property=\"article:published_time\" content=\"2024-07-16T21:33:35+00:00\" \/>\n\t\t<meta property=\"article:modified_time\" content=\"2024-07-16T21:33:35+00:00\" \/>\n\t\t<meta name=\"twitter:card\" content=\"summary_large_image\" \/>\n\t\t<meta name=\"twitter:title\" content=\"Uni\u00e3o Brasil debate crit\u00e9rios para distribui\u00e7\u00e3o do fundo eleitoral na Bahia e passa a admitir possibilidade de coliga\u00e7\u00e3o com o PT - News In Foco - Editado por Caio Pimenta\" \/>\n\t\t<meta name=\"twitter:description\" content=\"A Executiva estadual do Uni\u00e3o Brasil se reuniu nesta ter\u00e7a-feira (16) para discutir estrat\u00e9gias visando as elei\u00e7\u00f5es municipais deste ano. O principal ponto do encontro, liderado pelo ex-prefeito de Salvador ACM Neto, vice-presidente nacional da sigla, foi a defini\u00e7\u00e3o de crit\u00e9rios para a distribui\u00e7\u00e3o do fundo eleitoral. Houve tamb\u00e9m uma flexibiliza\u00e7\u00e3o sobre a possibilidade de\" \/>\n\t\t<script type=\"application\/ld+json\" class=\"aioseo-schema\">\n\t\t\t{\"@context\":\"https:\\\/\\\/schema.org\",\"@graph\":[{\"@type\":\"BlogPosting\",\"@id\":\"https:\\\/\\\/newsinfoco.com.br\\\/inicio\\\/uniao-brasil-debate-criterios-para-distribuicao-do-fundo-eleitoral-na-bahia-e-passa-a-admitir-possibilidade-de-coligacao-com-o-pt\\\/#blogposting\",\"name\":\"Uni\\u00e3o Brasil debate crit\\u00e9rios para distribui\\u00e7\\u00e3o do fundo eleitoral na Bahia e passa a admitir possibilidade de coliga\\u00e7\\u00e3o com o PT - News In Foco - Editado por Caio Pimenta\",\"headline\":\"Uni\\u00e3o Brasil debate crit\\u00e9rios para distribui\\u00e7\\u00e3o do fundo eleitoral na Bahia e passa a admitir possibilidade de coliga\\u00e7\\u00e3o com o PT\",\"author\":{\"@id\":\"https:\\\/\\\/newsinfoco.com.br\\\/inicio\\\/author\\\/administrador\\\/#author\"},\"publisher\":{\"@id\":\"https:\\\/\\\/newsinfoco.com.br\\\/inicio\\\/#organization\"},\"image\":{\"@type\":\"ImageObject\",\"url\":\"https:\\\/\\\/newsinfoco.com.br\\\/inicio\\\/wp-content\\\/uploads\\\/2024\\\/07\\\/ub.png\",\"width\":775,\"height\":539},\"datePublished\":\"2024-07-16T18:33:35-03:00\",\"dateModified\":\"2024-07-16T18:33:35-03:00\",\"inLanguage\":\"pt-BR\",\"mainEntityOfPage\":{\"@id\":\"https:\\\/\\\/newsinfoco.com.br\\\/inicio\\\/uniao-brasil-debate-criterios-para-distribuicao-do-fundo-eleitoral-na-bahia-e-passa-a-admitir-possibilidade-de-coligacao-com-o-pt\\\/#webpage\"},\"isPartOf\":{\"@id\":\"https:\\\/\\\/newsinfoco.com.br\\\/inicio\\\/uniao-brasil-debate-criterios-para-distribuicao-do-fundo-eleitoral-na-bahia-e-passa-a-admitir-possibilidade-de-coligacao-com-o-pt\\\/#webpage\"},\"articleSection\":\"Bahia\"},{\"@type\":\"BreadcrumbList\",\"@id\":\"https:\\\/\\\/newsinfoco.com.br\\\/inicio\\\/uniao-brasil-debate-criterios-para-distribuicao-do-fundo-eleitoral-na-bahia-e-passa-a-admitir-possibilidade-de-coligacao-com-o-pt\\\/#breadcrumblist\",\"itemListElement\":[{\"@type\":\"ListItem\",\"@id\":\"https:\\\/\\\/newsinfoco.com.br\\\/inicio#listItem\",\"position\":1,\"name\":\"In\\u00edcio\",\"item\":\"https:\\\/\\\/newsinfoco.com.br\\\/inicio\",\"nextItem\":{\"@type\":\"ListItem\",\"@id\":\"https:\\\/\\\/newsinfoco.com.br\\\/inicio\\\/category\\\/bahia\\\/#listItem\",\"name\":\"Bahia\"}},{\"@type\":\"ListItem\",\"@id\":\"https:\\\/\\\/newsinfoco.com.br\\\/inicio\\\/category\\\/bahia\\\/#listItem\",\"position\":2,\"name\":\"Bahia\",\"item\":\"https:\\\/\\\/newsinfoco.com.br\\\/inicio\\\/category\\\/bahia\\\/\",\"nextItem\":{\"@type\":\"ListItem\",\"@id\":\"https:\\\/\\\/newsinfoco.com.br\\\/inicio\\\/uniao-brasil-debate-criterios-para-distribuicao-do-fundo-eleitoral-na-bahia-e-passa-a-admitir-possibilidade-de-coligacao-com-o-pt\\\/#listItem\",\"name\":\"Uni\\u00e3o Brasil debate crit\\u00e9rios para distribui\\u00e7\\u00e3o do fundo eleitoral na Bahia e passa a admitir possibilidade de coliga\\u00e7\\u00e3o com o PT\"},\"previousItem\":{\"@type\":\"ListItem\",\"@id\":\"https:\\\/\\\/newsinfoco.com.br\\\/inicio#listItem\",\"name\":\"In\\u00edcio\"}},{\"@type\":\"ListItem\",\"@id\":\"https:\\\/\\\/newsinfoco.com.br\\\/inicio\\\/uniao-brasil-debate-criterios-para-distribuicao-do-fundo-eleitoral-na-bahia-e-passa-a-admitir-possibilidade-de-coligacao-com-o-pt\\\/#listItem\",\"position\":3,\"name\":\"Uni\\u00e3o Brasil debate crit\\u00e9rios para distribui\\u00e7\\u00e3o do fundo eleitoral na Bahia e passa a admitir possibilidade de coliga\\u00e7\\u00e3o com o PT\",\"previousItem\":{\"@type\":\"ListItem\",\"@id\":\"https:\\\/\\\/newsinfoco.com.br\\\/inicio\\\/category\\\/bahia\\\/#listItem\",\"name\":\"Bahia\"}}]},{\"@type\":\"Organization\",\"@id\":\"https:\\\/\\\/newsinfoco.com.br\\\/inicio\\\/#organization\",\"name\":\"News In Foco - Editado por Caio Pimenta\",\"description\":\"O principal site de noticias de Alagoinhas e regi\\u00e3o\",\"url\":\"https:\\\/\\\/newsinfoco.com.br\\\/inicio\\\/\"},{\"@type\":\"Person\",\"@id\":\"https:\\\/\\\/newsinfoco.com.br\\\/inicio\\\/author\\\/administrador\\\/#author\",\"url\":\"https:\\\/\\\/newsinfoco.com.br\\\/inicio\\\/author\\\/administrador\\\/\",\"name\":\"administrador\",\"image\":{\"@type\":\"ImageObject\",\"@id\":\"https:\\\/\\\/newsinfoco.com.br\\\/inicio\\\/uniao-brasil-debate-criterios-para-distribuicao-do-fundo-eleitoral-na-bahia-e-passa-a-admitir-possibilidade-de-coligacao-com-o-pt\\\/#authorImage\",\"url\":\"https:\\\/\\\/secure.gravatar.com\\\/avatar\\\/c17a617433de8c1dc9584bb79aab7563b46f5bb7e1728c9b17d9cc3ce6a08e49?s=96&d=mm&r=g\",\"width\":96,\"height\":96,\"caption\":\"administrador\"}},{\"@type\":\"WebPage\",\"@id\":\"https:\\\/\\\/newsinfoco.com.br\\\/inicio\\\/uniao-brasil-debate-criterios-para-distribuicao-do-fundo-eleitoral-na-bahia-e-passa-a-admitir-possibilidade-de-coligacao-com-o-pt\\\/#webpage\",\"url\":\"https:\\\/\\\/newsinfoco.com.br\\\/inicio\\\/uniao-brasil-debate-criterios-para-distribuicao-do-fundo-eleitoral-na-bahia-e-passa-a-admitir-possibilidade-de-coligacao-com-o-pt\\\/\",\"name\":\"Uni\\u00e3o Brasil debate crit\\u00e9rios para distribui\\u00e7\\u00e3o do fundo eleitoral na Bahia e passa a admitir possibilidade de coliga\\u00e7\\u00e3o com o PT - News In Foco - Editado por Caio Pimenta\",\"description\":\"A Executiva estadual do Uni\\u00e3o Brasil se reuniu nesta ter\\u00e7a-feira (16) para discutir estrat\\u00e9gias visando as elei\\u00e7\\u00f5es municipais deste ano. O principal ponto do encontro, liderado pelo ex-prefeito de Salvador ACM Neto, vice-presidente nacional da sigla, foi a defini\\u00e7\\u00e3o de crit\\u00e9rios para a distribui\\u00e7\\u00e3o do fundo eleitoral. Houve tamb\\u00e9m uma flexibiliza\\u00e7\\u00e3o sobre a possibilidade de\",\"inLanguage\":\"pt-BR\",\"isPartOf\":{\"@id\":\"https:\\\/\\\/newsinfoco.com.br\\\/inicio\\\/#website\"},\"breadcrumb\":{\"@id\":\"https:\\\/\\\/newsinfoco.com.br\\\/inicio\\\/uniao-brasil-debate-criterios-para-distribuicao-do-fundo-eleitoral-na-bahia-e-passa-a-admitir-possibilidade-de-coligacao-com-o-pt\\\/#breadcrumblist\"},\"author\":{\"@id\":\"https:\\\/\\\/newsinfoco.com.br\\\/inicio\\\/author\\\/administrador\\\/#author\"},\"creator\":{\"@id\":\"https:\\\/\\\/newsinfoco.com.br\\\/inicio\\\/author\\\/administrador\\\/#author\"},\"image\":{\"@type\":\"ImageObject\",\"url\":\"https:\\\/\\\/newsinfoco.com.br\\\/inicio\\\/wp-content\\\/uploads\\\/2024\\\/07\\\/ub.png\",\"@id\":\"https:\\\/\\\/newsinfoco.com.br\\\/inicio\\\/uniao-brasil-debate-criterios-para-distribuicao-do-fundo-eleitoral-na-bahia-e-passa-a-admitir-possibilidade-de-coligacao-com-o-pt\\\/#mainImage\",\"width\":775,\"height\":539},\"primaryImageOfPage\":{\"@id\":\"https:\\\/\\\/newsinfoco.com.br\\\/inicio\\\/uniao-brasil-debate-criterios-para-distribuicao-do-fundo-eleitoral-na-bahia-e-passa-a-admitir-possibilidade-de-coligacao-com-o-pt\\\/#mainImage\"},\"datePublished\":\"2024-07-16T18:33:35-03:00\",\"dateModified\":\"2024-07-16T18:33:35-03:00\"},{\"@type\":\"WebSite\",\"@id\":\"https:\\\/\\\/newsinfoco.com.br\\\/inicio\\\/#website\",\"url\":\"https:\\\/\\\/newsinfoco.com.br\\\/inicio\\\/\",\"name\":\"News In Foco - Editado por Caio Pimenta\",\"description\":\"O principal site de noticias de Alagoinhas e regi\\u00e3o\",\"inLanguage\":\"pt-BR\",\"publisher\":{\"@id\":\"https:\\\/\\\/newsinfoco.com.br\\\/inicio\\\/#organization\"}}]}\n\t\t<\/script>\n\t\t<!-- All in One SEO -->\n\n","aioseo_head_json":{"title":"Uni\u00e3o Brasil debate crit\u00e9rios para distribui\u00e7\u00e3o do fundo eleitoral na Bahia e passa a admitir possibilidade de coliga\u00e7\u00e3o com o PT - News In Foco - Editado por Caio Pimenta","description":"A Executiva estadual do Uni\u00e3o Brasil se reuniu nesta ter\u00e7a-feira (16) para discutir estrat\u00e9gias visando as elei\u00e7\u00f5es municipais deste ano. O principal ponto do encontro, liderado pelo ex-prefeito de Salvador ACM Neto, vice-presidente nacional da sigla, foi a defini\u00e7\u00e3o de crit\u00e9rios para a distribui\u00e7\u00e3o do fundo eleitoral. Houve tamb\u00e9m uma flexibiliza\u00e7\u00e3o sobre a possibilidade de","canonical_url":"https:\/\/newsinfoco.com.br\/inicio\/uniao-brasil-debate-criterios-para-distribuicao-do-fundo-eleitoral-na-bahia-e-passa-a-admitir-possibilidade-de-coligacao-com-o-pt\/","robots":"max-image-preview:large","keywords":"","webmasterTools":{"miscellaneous":""},"schema":{"@context":"https:\/\/schema.org","@graph":[{"@type":"BlogPosting","@id":"https:\/\/newsinfoco.com.br\/inicio\/uniao-brasil-debate-criterios-para-distribuicao-do-fundo-eleitoral-na-bahia-e-passa-a-admitir-possibilidade-de-coligacao-com-o-pt\/#blogposting","name":"Uni\u00e3o Brasil debate crit\u00e9rios para distribui\u00e7\u00e3o do fundo eleitoral na Bahia e passa a admitir possibilidade de coliga\u00e7\u00e3o com o PT - News In Foco - Editado por Caio Pimenta","headline":"Uni\u00e3o Brasil debate crit\u00e9rios para distribui\u00e7\u00e3o do fundo eleitoral na Bahia e passa a admitir possibilidade de coliga\u00e7\u00e3o com o PT","author":{"@id":"https:\/\/newsinfoco.com.br\/inicio\/author\/administrador\/#author"},"publisher":{"@id":"https:\/\/newsinfoco.com.br\/inicio\/#organization"},"image":{"@type":"ImageObject","url":"https:\/\/newsinfoco.com.br\/inicio\/wp-content\/uploads\/2024\/07\/ub.png","width":775,"height":539},"datePublished":"2024-07-16T18:33:35-03:00","dateModified":"2024-07-16T18:33:35-03:00","inLanguage":"pt-BR","mainEntityOfPage":{"@id":"https:\/\/newsinfoco.com.br\/inicio\/uniao-brasil-debate-criterios-para-distribuicao-do-fundo-eleitoral-na-bahia-e-passa-a-admitir-possibilidade-de-coligacao-com-o-pt\/#webpage"},"isPartOf":{"@id":"https:\/\/newsinfoco.com.br\/inicio\/uniao-brasil-debate-criterios-para-distribuicao-do-fundo-eleitoral-na-bahia-e-passa-a-admitir-possibilidade-de-coligacao-com-o-pt\/#webpage"},"articleSection":"Bahia"},{"@type":"BreadcrumbList","@id":"https:\/\/newsinfoco.com.br\/inicio\/uniao-brasil-debate-criterios-para-distribuicao-do-fundo-eleitoral-na-bahia-e-passa-a-admitir-possibilidade-de-coligacao-com-o-pt\/#breadcrumblist","itemListElement":[{"@type":"ListItem","@id":"https:\/\/newsinfoco.com.br\/inicio#listItem","position":1,"name":"In\u00edcio","item":"https:\/\/newsinfoco.com.br\/inicio","nextItem":{"@type":"ListItem","@id":"https:\/\/newsinfoco.com.br\/inicio\/category\/bahia\/#listItem","name":"Bahia"}},{"@type":"ListItem","@id":"https:\/\/newsinfoco.com.br\/inicio\/category\/bahia\/#listItem","position":2,"name":"Bahia","item":"https:\/\/newsinfoco.com.br\/inicio\/category\/bahia\/","nextItem":{"@type":"ListItem","@id":"https:\/\/newsinfoco.com.br\/inicio\/uniao-brasil-debate-criterios-para-distribuicao-do-fundo-eleitoral-na-bahia-e-passa-a-admitir-possibilidade-de-coligacao-com-o-pt\/#listItem","name":"Uni\u00e3o Brasil debate crit\u00e9rios para distribui\u00e7\u00e3o do fundo eleitoral na Bahia e passa a admitir possibilidade de coliga\u00e7\u00e3o com o PT"},"previousItem":{"@type":"ListItem","@id":"https:\/\/newsinfoco.com.br\/inicio#listItem","name":"In\u00edcio"}},{"@type":"ListItem","@id":"https:\/\/newsinfoco.com.br\/inicio\/uniao-brasil-debate-criterios-para-distribuicao-do-fundo-eleitoral-na-bahia-e-passa-a-admitir-possibilidade-de-coligacao-com-o-pt\/#listItem","position":3,"name":"Uni\u00e3o Brasil debate crit\u00e9rios para distribui\u00e7\u00e3o do fundo eleitoral na Bahia e passa a admitir possibilidade de coliga\u00e7\u00e3o com o PT","previousItem":{"@type":"ListItem","@id":"https:\/\/newsinfoco.com.br\/inicio\/category\/bahia\/#listItem","name":"Bahia"}}]},{"@type":"Organization","@id":"https:\/\/newsinfoco.com.br\/inicio\/#organization","name":"News In Foco - Editado por Caio Pimenta","description":"O principal site de noticias de Alagoinhas e regi\u00e3o","url":"https:\/\/newsinfoco.com.br\/inicio\/"},{"@type":"Person","@id":"https:\/\/newsinfoco.com.br\/inicio\/author\/administrador\/#author","url":"https:\/\/newsinfoco.com.br\/inicio\/author\/administrador\/","name":"administrador","image":{"@type":"ImageObject","@id":"https:\/\/newsinfoco.com.br\/inicio\/uniao-brasil-debate-criterios-para-distribuicao-do-fundo-eleitoral-na-bahia-e-passa-a-admitir-possibilidade-de-coligacao-com-o-pt\/#authorImage","url":"https:\/\/secure.gravatar.com\/avatar\/c17a617433de8c1dc9584bb79aab7563b46f5bb7e1728c9b17d9cc3ce6a08e49?s=96&d=mm&r=g","width":96,"height":96,"caption":"administrador"}},{"@type":"WebPage","@id":"https:\/\/newsinfoco.com.br\/inicio\/uniao-brasil-debate-criterios-para-distribuicao-do-fundo-eleitoral-na-bahia-e-passa-a-admitir-possibilidade-de-coligacao-com-o-pt\/#webpage","url":"https:\/\/newsinfoco.com.br\/inicio\/uniao-brasil-debate-criterios-para-distribuicao-do-fundo-eleitoral-na-bahia-e-passa-a-admitir-possibilidade-de-coligacao-com-o-pt\/","name":"Uni\u00e3o Brasil debate crit\u00e9rios para distribui\u00e7\u00e3o do fundo eleitoral na Bahia e passa a admitir possibilidade de coliga\u00e7\u00e3o com o PT - News In Foco - Editado por Caio Pimenta","description":"A Executiva estadual do Uni\u00e3o Brasil se reuniu nesta ter\u00e7a-feira (16) para discutir estrat\u00e9gias visando as elei\u00e7\u00f5es municipais deste ano. O principal ponto do encontro, liderado pelo ex-prefeito de Salvador ACM Neto, vice-presidente nacional da sigla, foi a defini\u00e7\u00e3o de crit\u00e9rios para a distribui\u00e7\u00e3o do fundo eleitoral. Houve tamb\u00e9m uma flexibiliza\u00e7\u00e3o sobre a possibilidade de","inLanguage":"pt-BR","isPartOf":{"@id":"https:\/\/newsinfoco.com.br\/inicio\/#website"},"breadcrumb":{"@id":"https:\/\/newsinfoco.com.br\/inicio\/uniao-brasil-debate-criterios-para-distribuicao-do-fundo-eleitoral-na-bahia-e-passa-a-admitir-possibilidade-de-coligacao-com-o-pt\/#breadcrumblist"},"author":{"@id":"https:\/\/newsinfoco.com.br\/inicio\/author\/administrador\/#author"},"creator":{"@id":"https:\/\/newsinfoco.com.br\/inicio\/author\/administrador\/#author"},"image":{"@type":"ImageObject","url":"https:\/\/newsinfoco.com.br\/inicio\/wp-content\/uploads\/2024\/07\/ub.png","@id":"https:\/\/newsinfoco.com.br\/inicio\/uniao-brasil-debate-criterios-para-distribuicao-do-fundo-eleitoral-na-bahia-e-passa-a-admitir-possibilidade-de-coligacao-com-o-pt\/#mainImage","width":775,"height":539},"primaryImageOfPage":{"@id":"https:\/\/newsinfoco.com.br\/inicio\/uniao-brasil-debate-criterios-para-distribuicao-do-fundo-eleitoral-na-bahia-e-passa-a-admitir-possibilidade-de-coligacao-com-o-pt\/#mainImage"},"datePublished":"2024-07-16T18:33:35-03:00","dateModified":"2024-07-16T18:33:35-03:00"},{"@type":"WebSite","@id":"https:\/\/newsinfoco.com.br\/inicio\/#website","url":"https:\/\/newsinfoco.com.br\/inicio\/","name":"News In Foco - Editado por Caio Pimenta","description":"O principal site de noticias de Alagoinhas e regi\u00e3o","inLanguage":"pt-BR","publisher":{"@id":"https:\/\/newsinfoco.com.br\/inicio\/#organization"}}]},"og:locale":"pt_BR","og:site_name":"News In Foco - Editado por Caio Pimenta - O principal site de noticias de Alagoinhas e regi\u00e3o","og:type":"article","og:title":"Uni\u00e3o Brasil debate crit\u00e9rios para distribui\u00e7\u00e3o do fundo eleitoral na Bahia e passa a admitir possibilidade de coliga\u00e7\u00e3o com o PT - News In Foco - Editado por Caio Pimenta","og:description":"A Executiva estadual do Uni\u00e3o Brasil se reuniu nesta ter\u00e7a-feira (16) para discutir estrat\u00e9gias visando as elei\u00e7\u00f5es municipais deste ano. O principal ponto do encontro, liderado pelo ex-prefeito de Salvador ACM Neto, vice-presidente nacional da sigla, foi a defini\u00e7\u00e3o de crit\u00e9rios para a distribui\u00e7\u00e3o do fundo eleitoral. Houve tamb\u00e9m uma flexibiliza\u00e7\u00e3o sobre a possibilidade de","og:url":"https:\/\/newsinfoco.com.br\/inicio\/uniao-brasil-debate-criterios-para-distribuicao-do-fundo-eleitoral-na-bahia-e-passa-a-admitir-possibilidade-de-coligacao-com-o-pt\/","article:published_time":"2024-07-16T21:33:35+00:00","article:modified_time":"2024-07-16T21:33:35+00:00","twitter:card":"summary_large_image","twitter:title":"Uni\u00e3o Brasil debate crit\u00e9rios para distribui\u00e7\u00e3o do fundo eleitoral na Bahia e passa a admitir possibilidade de coliga\u00e7\u00e3o com o PT - News In Foco - Editado por Caio Pimenta","twitter:description":"A Executiva estadual do Uni\u00e3o Brasil se reuniu nesta ter\u00e7a-feira (16) para discutir estrat\u00e9gias visando as elei\u00e7\u00f5es municipais deste ano. O principal ponto do encontro, liderado pelo ex-prefeito de Salvador ACM Neto, vice-presidente nacional da sigla, foi a defini\u00e7\u00e3o de crit\u00e9rios para a distribui\u00e7\u00e3o do fundo eleitoral. Houve tamb\u00e9m uma flexibiliza\u00e7\u00e3o sobre a possibilidade de"},"aioseo_meta_data":{"post_id":"36409","title":null,"description":null,"keywords":null,"keyphrases":{"focus":{"keyphrase":"","score":0,"analysis":{"keyphraseInTitle":{"score":0,"maxScore":9,"error":1}}},"additional":[]},"primary_term":null,"canonical_url":null,"og_title":null,"og_description":null,"og_object_type":"default","og_image_type":"default","og_image_url":null,"og_image_width":null,"og_image_height":null,"og_image_custom_url":null,"og_image_custom_fields":null,"og_video":"","og_custom_url":null,"og_article_section":null,"og_article_tags":null,"twitter_use_og":false,"twitter_card":"default","twitter_image_type":"default","twitter_image_url":null,"twitter_image_custom_url":null,"twitter_image_custom_fields":null,"twitter_title":null,"twitter_description":null,"schema":{"blockGraphs":[],"customGraphs":[],"default":{"data":{"Article":[],"Course":[],"Dataset":[],"FAQPage":[],"Movie":[],"Person":[],"Product":[],"ProductReview":[],"Car":[],"Recipe":[],"Service":[],"SoftwareApplication":[],"WebPage":[]},"graphName":"BlogPosting","isEnabled":true},"graphs":[]},"schema_type":"default","schema_type_options":null,"pillar_content":false,"robots_default":true,"robots_noindex":false,"robots_noarchive":false,"robots_nosnippet":false,"robots_nofollow":false,"robots_noimageindex":false,"robots_noodp":false,"robots_notranslate":false,"robots_max_snippet":"-1","robots_max_videopreview":"-1","robots_max_imagepreview":"large","priority":null,"frequency":"default","local_seo":null,"breadcrumb_settings":null,"limit_modified_date":false,"ai":null,"created":"2024-07-16 21:33:35","updated":"2025-07-11 10:52:02","seo_analyzer_scan_date":null},"aioseo_breadcrumb":"<div class=\"aioseo-breadcrumbs\"><span class=\"aioseo-breadcrumb\">\n\t\t\t<a href=\"https:\/\/newsinfoco.com.br\/inicio\" title=\"In\u00edcio\">In\u00edcio<\/a>\n\t\t<\/span><span class=\"aioseo-breadcrumb-separator\">&raquo;<\/span><span class=\"aioseo-breadcrumb\">\n\t\t\t<a href=\"https:\/\/newsinfoco.com.br\/inicio\/category\/bahia\/\" title=\"Bahia\">Bahia<\/a>\n\t\t<\/span><span class=\"aioseo-breadcrumb-separator\">&raquo;<\/span><span class=\"aioseo-breadcrumb\">\n\t\t\tUni\u00e3o Brasil debate crit\u00e9rios para distribui\u00e7\u00e3o do fundo eleitoral na Bahia e passa a admitir possibilidade de coliga\u00e7\u00e3o com o PT\n\t\t<\/span><\/div>","aioseo_breadcrumb_json":[{"label":"In\u00edcio","link":"https:\/\/newsinfoco.com.br\/inicio"},{"label":"Bahia","link":"https:\/\/newsinfoco.com.br\/inicio\/category\/bahia\/"},{"label":"Uni\u00e3o Brasil debate crit\u00e9rios para distribui\u00e7\u00e3o do fundo eleitoral na Bahia e passa a admitir possibilidade de coliga\u00e7\u00e3o com o PT","link":"https:\/\/newsinfoco.com.br\/inicio\/uniao-brasil-debate-criterios-para-distribuicao-do-fundo-eleitoral-na-bahia-e-passa-a-admitir-possibilidade-de-coligacao-com-o-pt\/"}],"_links":{"self":[{"href":"https:\/\/newsinfoco.com.br\/inicio\/wp-json\/wp\/v2\/posts\/36409","targetHints":{"allow":["GET"]}}],"collection":[{"href":"https:\/\/newsinfoco.com.br\/inicio\/wp-json\/wp\/v2\/posts"}],"about":[{"href":"https:\/\/newsinfoco.com.br\/inicio\/wp-json\/wp\/v2\/types\/post"}],"author":[{"embeddable":true,"href":"https:\/\/newsinfoco.com.br\/inicio\/wp-json\/wp\/v2\/users\/1"}],"replies":[{"embeddable":true,"href":"https:\/\/newsinfoco.com.br\/inicio\/wp-json\/wp\/v2\/comments?post=36409"}],"version-history":[{"count":1,"href":"https:\/\/newsinfoco.com.br\/inicio\/wp-json\/wp\/v2\/posts\/36409\/revisions"}],"predecessor-version":[{"id":36411,"href":"https:\/\/newsinfoco.com.br\/inicio\/wp-json\/wp\/v2\/posts\/36409\/revisions\/36411"}],"wp:featuredmedia":[{"embeddable":true,"href":"https:\/\/newsinfoco.com.br\/inicio\/wp-json\/wp\/v2\/media\/36410"}],"wp:attachment":[{"href":"https:\/\/newsinfoco.com.br\/inicio\/wp-json\/wp\/v2\/media?parent=36409"}],"wp:term":[{"taxonomy":"category","embeddable":true,"href":"https:\/\/newsinfoco.com.br\/inicio\/wp-json\/wp\/v2\/categories?post=36409"},{"taxonomy":"post_tag","embeddable":true,"href":"https:\/\/newsinfoco.com.br\/inicio\/wp-json\/wp\/v2\/tags?post=36409"}],"curies":[{"name":"wp","href":"https:\/\/api.w.org\/{rel}","templated":true}]}}