{"id":36668,"date":"2024-11-11T15:44:09","date_gmt":"2024-11-11T18:44:09","guid":{"rendered":"https:\/\/newsinfoco.com.br\/inicio\/?p=36668"},"modified":"2024-11-11T15:45:11","modified_gmt":"2024-11-11T18:45:11","slug":"prefeita-eleita-de-lauro-de-freitas-faz-denuncia-contra-moema-gramacho","status":"publish","type":"post","link":"https:\/\/newsinfoco.com.br\/inicio\/prefeita-eleita-de-lauro-de-freitas-faz-denuncia-contra-moema-gramacho\/","title":{"rendered":"Prefeita eleita de Lauro de Freitas faz den\u00fancia contra Moema Gramacho"},"content":{"rendered":"<p>A prefeita eleita de Lauro de Freitas, D\u00e9bora Regis (Uni\u00e3o Brasil), se reuniu nesta segunda-feira (11) com o procurador-Geral de Justi\u00e7a Pedro Maia para solicitar apoio do Minist\u00e9rio P\u00fablico Estadual (MP-BA) de forma a evitar um colapso dos servi\u00e7os p\u00fablicos essenciais no munic\u00edpio. No encontro, ela relatou os graves fatos que est\u00e3o acontecendo na cidade, como as demiss\u00f5es em massa, o atraso nos vencimentos dos funcion\u00e1rios e a falta de pagamento de fornecedores, que est\u00e3o comprometendo o funcionamento das \u00e1reas essenciais, como sa\u00fade e educa\u00e7\u00e3o.<\/p>\n<p>D\u00e9bora entregou ao procurador-geral um documento em que narra os acontecimentos nesta reta final da gest\u00e3o da atual prefeita Moema Gramacho (PT) e solicita apoio do MP-BA, al\u00e9m de ter apresentado tamb\u00e9m imagens da situa\u00e7\u00e3o de caos que enfrenta o munic\u00edpio. Um v\u00eddeo, inclusive, mostra uma servidora rasgando documentos p\u00fablicos.<\/p>\n<p>\u201cA atual gest\u00e3o, ao se aproximar seu t\u00e9rmino, est\u00e1 deixando um quadro de desafios na continuidade e qualidade dos servi\u00e7os prestados \u00e0 popula\u00e7\u00e3o, especialmente no que se refere \u00e0queles essenciais em nosso munic\u00edpio. Demiss\u00f5es, aus\u00eancia de repasses financeiros e a falta de regulariza\u00e7\u00e3o de pend\u00eancias com servidores e fornecedores t\u00eam gerado impacto direto na presta\u00e7\u00e3o do servi\u00e7os p\u00fablicos, especialmente na \u00e1rea de sa\u00fade, educa\u00e7\u00e3o, transporte e limpeza urbana, comprometendo gravemente a efic\u00e1cia e, consequentemente, prejudicando bem-estar do cidad\u00e3os\u201d, diz o documento entregue por D\u00e9bora.<\/p>\n<p>A situa\u00e7\u00e3o tem gerado problemas na normalmente das aulas nas escolas municipais, na oferta de consultas e tratamentos de sa\u00fade, como aqueles que n\u00e3o podem ser interrompidos, como hemodi\u00e1lise, al\u00e9m do pr\u00f3prio servi\u00e7o de limpeza urbana. Em um dos v\u00eddeos entregues por D\u00e9bora ao procurador-geral h\u00e1 imagens de ac\u00famulo de lixo em diversas regi\u00f5es da cidade, o que pode gerar tamb\u00e9m problemas para a sa\u00fade p\u00fablica.<\/p>\n<p>\u201c\u00c9 lament\u00e1vel ver o estado de abandono em que Lauro de Freitas se encontra. A situa\u00e7\u00e3o, que j\u00e1 era cr\u00edtica nos \u00faltimos anos, s\u00f3 piorou ap\u00f3s as elei\u00e7\u00f5es, quando o povo deu uma resposta dura ao grupo de Moema. O que vemos hoje em Lauro de Freitas \u00e9 um reflexo de uma gest\u00e3o que priorizou interesses pr\u00f3prios ao inv\u00e9s do bem-estar coletivo. \u00c9 preciso ter responsabilidade com o povo de Lauro de Freitas, ter cuidado com a gest\u00e3o p\u00fablica, e isso n\u00e3o tem acontecido nessa reta final do governo de Moema, que vai terminando de maneira ca\u00f3tica para a popula\u00e7\u00e3o\u201d, acrescentou a prefeita eleita.<\/p>\n<p>Ela ressaltou que o Minist\u00e9rio P\u00fablico, como guardi\u00e3o da ordem jur\u00eddica e defensor da sociedade, tem papel essencial em garantir que a administra\u00e7\u00e3o p\u00fablica seja executada de forma justa e em conformidade com os princ\u00edpios constitucionais que asseguram a boa governan\u00e7a. \u201cEm um momento de fragilidade como que n\u00f3s estamos vivenciando, a responsabilidade do poder p\u00fablico garantir n\u00e3o apenas a qualidade, mas primorosamente a continuidade dos servi\u00e7os b\u00e1sicos para todos os cidad\u00e3os, se torna ainda mais evidente, e \u00e9 com esse esp\u00edrito que iniciaremos a nova gest\u00e3o\u201d, disse.<\/p>\n<p>Fonte: Bahia.Ba<\/p>\n<div><\/div>\n<div class='share-to-whatsapp-wrapper'><div class='share-on-whsp'>Share on: <\/div><a data-text='Prefeita eleita de Lauro de Freitas faz den\u00fancia contra Moema Gramacho' data-link='https:\/\/newsinfoco.com.br\/inicio\/prefeita-eleita-de-lauro-de-freitas-faz-denuncia-contra-moema-gramacho\/' class='whatsapp-button whatsapp-share'>WhatsApp<\/a><div class='clear '><\/div><\/div>","protected":false},"excerpt":{"rendered":"<p>A prefeita eleita de Lauro de Freitas, D\u00e9bora Regis (Uni\u00e3o Brasil), se reuniu nesta segunda-feira (11) com o procurador-Geral de Justi\u00e7a Pedro Maia para solicitar apoio do Minist\u00e9rio P\u00fablico Estadual (MP-BA) de forma a evitar um colapso dos servi\u00e7os p\u00fablicos essenciais no munic\u00edpio. No encontro, ela relatou os graves fatos que est\u00e3o acontecendo na cidade, [&hellip;]<\/p>\n","protected":false},"author":1,"featured_media":36669,"comment_status":"closed","ping_status":"closed","sticky":false,"template":"","format":"standard","meta":{"om_disable_all_campaigns":false,"rop_custom_images_group":[],"rop_custom_messages_group":[],"rop_publish_now":"initial","rop_publish_now_accounts":[],"rop_publish_now_history":[],"rop_publish_now_status":"pending","_exactmetrics_skip_tracking":false,"footnotes":""},"categories":[19],"tags":[],"class_list":["post-36668","post","type-post","status-publish","format-standard","has-post-thumbnail","hentry","category-bahia"],"aioseo_notices":[],"aioseo_head":"\n\t\t<!-- All in One SEO 4.9.10 - aioseo.com -->\n\t<meta name=\"description\" content=\"A prefeita eleita de Lauro de Freitas, D\u00e9bora Regis (Uni\u00e3o Brasil), se reuniu nesta segunda-feira (11) com o procurador-Geral de Justi\u00e7a Pedro Maia para solicitar apoio do Minist\u00e9rio P\u00fablico Estadual (MP-BA) de forma a evitar um colapso dos servi\u00e7os p\u00fablicos essenciais no munic\u00edpio. No encontro, ela relatou os graves fatos que est\u00e3o acontecendo na cidade,\" \/>\n\t<meta name=\"robots\" content=\"max-image-preview:large\" \/>\n\t<meta name=\"author\" content=\"administrador\"\/>\n\t<link rel=\"canonical\" href=\"https:\/\/newsinfoco.com.br\/inicio\/prefeita-eleita-de-lauro-de-freitas-faz-denuncia-contra-moema-gramacho\/\" \/>\n\t<meta name=\"generator\" content=\"All in One SEO (AIOSEO) 4.9.10\" \/>\n\t\t<meta property=\"og:locale\" content=\"pt_BR\" \/>\n\t\t<meta property=\"og:site_name\" content=\"News In Foco - Editado por Caio Pimenta - O principal site de noticias de Alagoinhas e regi\u00e3o\" \/>\n\t\t<meta property=\"og:type\" content=\"article\" \/>\n\t\t<meta property=\"og:title\" content=\"Prefeita eleita de Lauro de Freitas faz den\u00fancia contra Moema Gramacho - News In Foco - Editado por Caio Pimenta\" \/>\n\t\t<meta property=\"og:description\" content=\"A prefeita eleita de Lauro de Freitas, D\u00e9bora Regis (Uni\u00e3o Brasil), se reuniu nesta segunda-feira (11) com o procurador-Geral de Justi\u00e7a Pedro Maia para solicitar apoio do Minist\u00e9rio P\u00fablico Estadual (MP-BA) de forma a evitar um colapso dos servi\u00e7os p\u00fablicos essenciais no munic\u00edpio. No encontro, ela relatou os graves fatos que est\u00e3o acontecendo na cidade,\" \/>\n\t\t<meta property=\"og:url\" content=\"https:\/\/newsinfoco.com.br\/inicio\/prefeita-eleita-de-lauro-de-freitas-faz-denuncia-contra-moema-gramacho\/\" \/>\n\t\t<meta property=\"article:published_time\" content=\"2024-11-11T18:44:09+00:00\" \/>\n\t\t<meta property=\"article:modified_time\" content=\"2024-11-11T18:45:11+00:00\" \/>\n\t\t<meta name=\"twitter:card\" content=\"summary_large_image\" \/>\n\t\t<meta name=\"twitter:title\" content=\"Prefeita eleita de Lauro de Freitas faz den\u00fancia contra Moema Gramacho - News In Foco - Editado por Caio Pimenta\" \/>\n\t\t<meta name=\"twitter:description\" content=\"A prefeita eleita de Lauro de Freitas, D\u00e9bora Regis (Uni\u00e3o Brasil), se reuniu nesta segunda-feira (11) com o procurador-Geral de Justi\u00e7a Pedro Maia para solicitar apoio do Minist\u00e9rio P\u00fablico Estadual (MP-BA) de forma a evitar um colapso dos servi\u00e7os p\u00fablicos essenciais no munic\u00edpio. No encontro, ela relatou os graves fatos que est\u00e3o acontecendo na cidade,\" \/>\n\t\t<script type=\"application\/ld+json\" class=\"aioseo-schema\">\n\t\t\t{\"@context\":\"https:\\\/\\\/schema.org\",\"@graph\":[{\"@type\":\"BlogPosting\",\"@id\":\"https:\\\/\\\/newsinfoco.com.br\\\/inicio\\\/prefeita-eleita-de-lauro-de-freitas-faz-denuncia-contra-moema-gramacho\\\/#blogposting\",\"name\":\"Prefeita eleita de Lauro de Freitas faz den\\u00fancia contra Moema Gramacho - News In Foco - Editado por Caio Pimenta\",\"headline\":\"Prefeita eleita de Lauro de Freitas faz den\\u00fancia contra Moema Gramacho\",\"author\":{\"@id\":\"https:\\\/\\\/newsinfoco.com.br\\\/inicio\\\/author\\\/administrador\\\/#author\"},\"publisher\":{\"@id\":\"https:\\\/\\\/newsinfoco.com.br\\\/inicio\\\/#organization\"},\"image\":{\"@type\":\"ImageObject\",\"url\":\"https:\\\/\\\/newsinfoco.com.br\\\/inicio\\\/wp-content\\\/uploads\\\/2024\\\/11\\\/Lauro-de-freitas.webp\",\"width\":600,\"height\":420},\"datePublished\":\"2024-11-11T15:44:09-03:00\",\"dateModified\":\"2024-11-11T15:45:11-03:00\",\"inLanguage\":\"pt-BR\",\"mainEntityOfPage\":{\"@id\":\"https:\\\/\\\/newsinfoco.com.br\\\/inicio\\\/prefeita-eleita-de-lauro-de-freitas-faz-denuncia-contra-moema-gramacho\\\/#webpage\"},\"isPartOf\":{\"@id\":\"https:\\\/\\\/newsinfoco.com.br\\\/inicio\\\/prefeita-eleita-de-lauro-de-freitas-faz-denuncia-contra-moema-gramacho\\\/#webpage\"},\"articleSection\":\"Bahia\"},{\"@type\":\"BreadcrumbList\",\"@id\":\"https:\\\/\\\/newsinfoco.com.br\\\/inicio\\\/prefeita-eleita-de-lauro-de-freitas-faz-denuncia-contra-moema-gramacho\\\/#breadcrumblist\",\"itemListElement\":[{\"@type\":\"ListItem\",\"@id\":\"https:\\\/\\\/newsinfoco.com.br\\\/inicio#listItem\",\"position\":1,\"name\":\"In\\u00edcio\",\"item\":\"https:\\\/\\\/newsinfoco.com.br\\\/inicio\",\"nextItem\":{\"@type\":\"ListItem\",\"@id\":\"https:\\\/\\\/newsinfoco.com.br\\\/inicio\\\/category\\\/bahia\\\/#listItem\",\"name\":\"Bahia\"}},{\"@type\":\"ListItem\",\"@id\":\"https:\\\/\\\/newsinfoco.com.br\\\/inicio\\\/category\\\/bahia\\\/#listItem\",\"position\":2,\"name\":\"Bahia\",\"item\":\"https:\\\/\\\/newsinfoco.com.br\\\/inicio\\\/category\\\/bahia\\\/\",\"nextItem\":{\"@type\":\"ListItem\",\"@id\":\"https:\\\/\\\/newsinfoco.com.br\\\/inicio\\\/prefeita-eleita-de-lauro-de-freitas-faz-denuncia-contra-moema-gramacho\\\/#listItem\",\"name\":\"Prefeita eleita de Lauro de Freitas faz den\\u00fancia contra Moema Gramacho\"},\"previousItem\":{\"@type\":\"ListItem\",\"@id\":\"https:\\\/\\\/newsinfoco.com.br\\\/inicio#listItem\",\"name\":\"In\\u00edcio\"}},{\"@type\":\"ListItem\",\"@id\":\"https:\\\/\\\/newsinfoco.com.br\\\/inicio\\\/prefeita-eleita-de-lauro-de-freitas-faz-denuncia-contra-moema-gramacho\\\/#listItem\",\"position\":3,\"name\":\"Prefeita eleita de Lauro de Freitas faz den\\u00fancia contra Moema Gramacho\",\"previousItem\":{\"@type\":\"ListItem\",\"@id\":\"https:\\\/\\\/newsinfoco.com.br\\\/inicio\\\/category\\\/bahia\\\/#listItem\",\"name\":\"Bahia\"}}]},{\"@type\":\"Organization\",\"@id\":\"https:\\\/\\\/newsinfoco.com.br\\\/inicio\\\/#organization\",\"name\":\"News In Foco - Editado por Caio Pimenta\",\"description\":\"O principal site de noticias de Alagoinhas e regi\\u00e3o\",\"url\":\"https:\\\/\\\/newsinfoco.com.br\\\/inicio\\\/\"},{\"@type\":\"Person\",\"@id\":\"https:\\\/\\\/newsinfoco.com.br\\\/inicio\\\/author\\\/administrador\\\/#author\",\"url\":\"https:\\\/\\\/newsinfoco.com.br\\\/inicio\\\/author\\\/administrador\\\/\",\"name\":\"administrador\",\"image\":{\"@type\":\"ImageObject\",\"@id\":\"https:\\\/\\\/newsinfoco.com.br\\\/inicio\\\/prefeita-eleita-de-lauro-de-freitas-faz-denuncia-contra-moema-gramacho\\\/#authorImage\",\"url\":\"https:\\\/\\\/secure.gravatar.com\\\/avatar\\\/c17a617433de8c1dc9584bb79aab7563b46f5bb7e1728c9b17d9cc3ce6a08e49?s=96&d=mm&r=g\",\"width\":96,\"height\":96,\"caption\":\"administrador\"}},{\"@type\":\"WebPage\",\"@id\":\"https:\\\/\\\/newsinfoco.com.br\\\/inicio\\\/prefeita-eleita-de-lauro-de-freitas-faz-denuncia-contra-moema-gramacho\\\/#webpage\",\"url\":\"https:\\\/\\\/newsinfoco.com.br\\\/inicio\\\/prefeita-eleita-de-lauro-de-freitas-faz-denuncia-contra-moema-gramacho\\\/\",\"name\":\"Prefeita eleita de Lauro de Freitas faz den\\u00fancia contra Moema Gramacho - News In Foco - Editado por Caio Pimenta\",\"description\":\"A prefeita eleita de Lauro de Freitas, D\\u00e9bora Regis (Uni\\u00e3o Brasil), se reuniu nesta segunda-feira (11) com o procurador-Geral de Justi\\u00e7a Pedro Maia para solicitar apoio do Minist\\u00e9rio P\\u00fablico Estadual (MP-BA) de forma a evitar um colapso dos servi\\u00e7os p\\u00fablicos essenciais no munic\\u00edpio. No encontro, ela relatou os graves fatos que est\\u00e3o acontecendo na cidade,\",\"inLanguage\":\"pt-BR\",\"isPartOf\":{\"@id\":\"https:\\\/\\\/newsinfoco.com.br\\\/inicio\\\/#website\"},\"breadcrumb\":{\"@id\":\"https:\\\/\\\/newsinfoco.com.br\\\/inicio\\\/prefeita-eleita-de-lauro-de-freitas-faz-denuncia-contra-moema-gramacho\\\/#breadcrumblist\"},\"author\":{\"@id\":\"https:\\\/\\\/newsinfoco.com.br\\\/inicio\\\/author\\\/administrador\\\/#author\"},\"creator\":{\"@id\":\"https:\\\/\\\/newsinfoco.com.br\\\/inicio\\\/author\\\/administrador\\\/#author\"},\"image\":{\"@type\":\"ImageObject\",\"url\":\"https:\\\/\\\/newsinfoco.com.br\\\/inicio\\\/wp-content\\\/uploads\\\/2024\\\/11\\\/Lauro-de-freitas.webp\",\"@id\":\"https:\\\/\\\/newsinfoco.com.br\\\/inicio\\\/prefeita-eleita-de-lauro-de-freitas-faz-denuncia-contra-moema-gramacho\\\/#mainImage\",\"width\":600,\"height\":420},\"primaryImageOfPage\":{\"@id\":\"https:\\\/\\\/newsinfoco.com.br\\\/inicio\\\/prefeita-eleita-de-lauro-de-freitas-faz-denuncia-contra-moema-gramacho\\\/#mainImage\"},\"datePublished\":\"2024-11-11T15:44:09-03:00\",\"dateModified\":\"2024-11-11T15:45:11-03:00\"},{\"@type\":\"WebSite\",\"@id\":\"https:\\\/\\\/newsinfoco.com.br\\\/inicio\\\/#website\",\"url\":\"https:\\\/\\\/newsinfoco.com.br\\\/inicio\\\/\",\"name\":\"News In Foco - Editado por Caio Pimenta\",\"description\":\"O principal site de noticias de Alagoinhas e regi\\u00e3o\",\"inLanguage\":\"pt-BR\",\"publisher\":{\"@id\":\"https:\\\/\\\/newsinfoco.com.br\\\/inicio\\\/#organization\"}}]}\n\t\t<\/script>\n\t\t<!-- All in One SEO -->\n\n","aioseo_head_json":{"title":"Prefeita eleita de Lauro de Freitas faz den\u00fancia contra Moema Gramacho - News In Foco - Editado por Caio Pimenta","description":"A prefeita eleita de Lauro de Freitas, D\u00e9bora Regis (Uni\u00e3o Brasil), se reuniu nesta segunda-feira (11) com o procurador-Geral de Justi\u00e7a Pedro Maia para solicitar apoio do Minist\u00e9rio P\u00fablico Estadual (MP-BA) de forma a evitar um colapso dos servi\u00e7os p\u00fablicos essenciais no munic\u00edpio. No encontro, ela relatou os graves fatos que est\u00e3o acontecendo na cidade,","canonical_url":"https:\/\/newsinfoco.com.br\/inicio\/prefeita-eleita-de-lauro-de-freitas-faz-denuncia-contra-moema-gramacho\/","robots":"max-image-preview:large","keywords":"","webmasterTools":{"miscellaneous":""},"schema":{"@context":"https:\/\/schema.org","@graph":[{"@type":"BlogPosting","@id":"https:\/\/newsinfoco.com.br\/inicio\/prefeita-eleita-de-lauro-de-freitas-faz-denuncia-contra-moema-gramacho\/#blogposting","name":"Prefeita eleita de Lauro de Freitas faz den\u00fancia contra Moema Gramacho - News In Foco - Editado por Caio Pimenta","headline":"Prefeita eleita de Lauro de Freitas faz den\u00fancia contra Moema Gramacho","author":{"@id":"https:\/\/newsinfoco.com.br\/inicio\/author\/administrador\/#author"},"publisher":{"@id":"https:\/\/newsinfoco.com.br\/inicio\/#organization"},"image":{"@type":"ImageObject","url":"https:\/\/newsinfoco.com.br\/inicio\/wp-content\/uploads\/2024\/11\/Lauro-de-freitas.webp","width":600,"height":420},"datePublished":"2024-11-11T15:44:09-03:00","dateModified":"2024-11-11T15:45:11-03:00","inLanguage":"pt-BR","mainEntityOfPage":{"@id":"https:\/\/newsinfoco.com.br\/inicio\/prefeita-eleita-de-lauro-de-freitas-faz-denuncia-contra-moema-gramacho\/#webpage"},"isPartOf":{"@id":"https:\/\/newsinfoco.com.br\/inicio\/prefeita-eleita-de-lauro-de-freitas-faz-denuncia-contra-moema-gramacho\/#webpage"},"articleSection":"Bahia"},{"@type":"BreadcrumbList","@id":"https:\/\/newsinfoco.com.br\/inicio\/prefeita-eleita-de-lauro-de-freitas-faz-denuncia-contra-moema-gramacho\/#breadcrumblist","itemListElement":[{"@type":"ListItem","@id":"https:\/\/newsinfoco.com.br\/inicio#listItem","position":1,"name":"In\u00edcio","item":"https:\/\/newsinfoco.com.br\/inicio","nextItem":{"@type":"ListItem","@id":"https:\/\/newsinfoco.com.br\/inicio\/category\/bahia\/#listItem","name":"Bahia"}},{"@type":"ListItem","@id":"https:\/\/newsinfoco.com.br\/inicio\/category\/bahia\/#listItem","position":2,"name":"Bahia","item":"https:\/\/newsinfoco.com.br\/inicio\/category\/bahia\/","nextItem":{"@type":"ListItem","@id":"https:\/\/newsinfoco.com.br\/inicio\/prefeita-eleita-de-lauro-de-freitas-faz-denuncia-contra-moema-gramacho\/#listItem","name":"Prefeita eleita de Lauro de Freitas faz den\u00fancia contra Moema Gramacho"},"previousItem":{"@type":"ListItem","@id":"https:\/\/newsinfoco.com.br\/inicio#listItem","name":"In\u00edcio"}},{"@type":"ListItem","@id":"https:\/\/newsinfoco.com.br\/inicio\/prefeita-eleita-de-lauro-de-freitas-faz-denuncia-contra-moema-gramacho\/#listItem","position":3,"name":"Prefeita eleita de Lauro de Freitas faz den\u00fancia contra Moema Gramacho","previousItem":{"@type":"ListItem","@id":"https:\/\/newsinfoco.com.br\/inicio\/category\/bahia\/#listItem","name":"Bahia"}}]},{"@type":"Organization","@id":"https:\/\/newsinfoco.com.br\/inicio\/#organization","name":"News In Foco - Editado por Caio Pimenta","description":"O principal site de noticias de Alagoinhas e regi\u00e3o","url":"https:\/\/newsinfoco.com.br\/inicio\/"},{"@type":"Person","@id":"https:\/\/newsinfoco.com.br\/inicio\/author\/administrador\/#author","url":"https:\/\/newsinfoco.com.br\/inicio\/author\/administrador\/","name":"administrador","image":{"@type":"ImageObject","@id":"https:\/\/newsinfoco.com.br\/inicio\/prefeita-eleita-de-lauro-de-freitas-faz-denuncia-contra-moema-gramacho\/#authorImage","url":"https:\/\/secure.gravatar.com\/avatar\/c17a617433de8c1dc9584bb79aab7563b46f5bb7e1728c9b17d9cc3ce6a08e49?s=96&d=mm&r=g","width":96,"height":96,"caption":"administrador"}},{"@type":"WebPage","@id":"https:\/\/newsinfoco.com.br\/inicio\/prefeita-eleita-de-lauro-de-freitas-faz-denuncia-contra-moema-gramacho\/#webpage","url":"https:\/\/newsinfoco.com.br\/inicio\/prefeita-eleita-de-lauro-de-freitas-faz-denuncia-contra-moema-gramacho\/","name":"Prefeita eleita de Lauro de Freitas faz den\u00fancia contra Moema Gramacho - News In Foco - Editado por Caio Pimenta","description":"A prefeita eleita de Lauro de Freitas, D\u00e9bora Regis (Uni\u00e3o Brasil), se reuniu nesta segunda-feira (11) com o procurador-Geral de Justi\u00e7a Pedro Maia para solicitar apoio do Minist\u00e9rio P\u00fablico Estadual (MP-BA) de forma a evitar um colapso dos servi\u00e7os p\u00fablicos essenciais no munic\u00edpio. No encontro, ela relatou os graves fatos que est\u00e3o acontecendo na cidade,","inLanguage":"pt-BR","isPartOf":{"@id":"https:\/\/newsinfoco.com.br\/inicio\/#website"},"breadcrumb":{"@id":"https:\/\/newsinfoco.com.br\/inicio\/prefeita-eleita-de-lauro-de-freitas-faz-denuncia-contra-moema-gramacho\/#breadcrumblist"},"author":{"@id":"https:\/\/newsinfoco.com.br\/inicio\/author\/administrador\/#author"},"creator":{"@id":"https:\/\/newsinfoco.com.br\/inicio\/author\/administrador\/#author"},"image":{"@type":"ImageObject","url":"https:\/\/newsinfoco.com.br\/inicio\/wp-content\/uploads\/2024\/11\/Lauro-de-freitas.webp","@id":"https:\/\/newsinfoco.com.br\/inicio\/prefeita-eleita-de-lauro-de-freitas-faz-denuncia-contra-moema-gramacho\/#mainImage","width":600,"height":420},"primaryImageOfPage":{"@id":"https:\/\/newsinfoco.com.br\/inicio\/prefeita-eleita-de-lauro-de-freitas-faz-denuncia-contra-moema-gramacho\/#mainImage"},"datePublished":"2024-11-11T15:44:09-03:00","dateModified":"2024-11-11T15:45:11-03:00"},{"@type":"WebSite","@id":"https:\/\/newsinfoco.com.br\/inicio\/#website","url":"https:\/\/newsinfoco.com.br\/inicio\/","name":"News In Foco - Editado por Caio Pimenta","description":"O principal site de noticias de Alagoinhas e regi\u00e3o","inLanguage":"pt-BR","publisher":{"@id":"https:\/\/newsinfoco.com.br\/inicio\/#organization"}}]},"og:locale":"pt_BR","og:site_name":"News In Foco - Editado por Caio Pimenta - O principal site de noticias de Alagoinhas e regi\u00e3o","og:type":"article","og:title":"Prefeita eleita de Lauro de Freitas faz den\u00fancia contra Moema Gramacho - News In Foco - Editado por Caio Pimenta","og:description":"A prefeita eleita de Lauro de Freitas, D\u00e9bora Regis (Uni\u00e3o Brasil), se reuniu nesta segunda-feira (11) com o procurador-Geral de Justi\u00e7a Pedro Maia para solicitar apoio do Minist\u00e9rio P\u00fablico Estadual (MP-BA) de forma a evitar um colapso dos servi\u00e7os p\u00fablicos essenciais no munic\u00edpio. No encontro, ela relatou os graves fatos que est\u00e3o acontecendo na cidade,","og:url":"https:\/\/newsinfoco.com.br\/inicio\/prefeita-eleita-de-lauro-de-freitas-faz-denuncia-contra-moema-gramacho\/","article:published_time":"2024-11-11T18:44:09+00:00","article:modified_time":"2024-11-11T18:45:11+00:00","twitter:card":"summary_large_image","twitter:title":"Prefeita eleita de Lauro de Freitas faz den\u00fancia contra Moema Gramacho - News In Foco - Editado por Caio Pimenta","twitter:description":"A prefeita eleita de Lauro de Freitas, D\u00e9bora Regis (Uni\u00e3o Brasil), se reuniu nesta segunda-feira (11) com o procurador-Geral de Justi\u00e7a Pedro Maia para solicitar apoio do Minist\u00e9rio P\u00fablico Estadual (MP-BA) de forma a evitar um colapso dos servi\u00e7os p\u00fablicos essenciais no munic\u00edpio. No encontro, ela relatou os graves fatos que est\u00e3o acontecendo na cidade,"},"aioseo_meta_data":{"post_id":"36668","title":null,"description":null,"keywords":null,"keyphrases":{"focus":{"keyphrase":"","score":0,"analysis":{"keyphraseInTitle":{"score":0,"maxScore":9,"error":1}}},"additional":[]},"primary_term":null,"canonical_url":null,"og_title":null,"og_description":null,"og_object_type":"default","og_image_type":"default","og_image_url":null,"og_image_width":null,"og_image_height":null,"og_image_custom_url":null,"og_image_custom_fields":null,"og_video":"","og_custom_url":null,"og_article_section":null,"og_article_tags":null,"twitter_use_og":false,"twitter_card":"default","twitter_image_type":"default","twitter_image_url":null,"twitter_image_custom_url":null,"twitter_image_custom_fields":null,"twitter_title":null,"twitter_description":null,"schema":{"blockGraphs":[],"customGraphs":[],"default":{"data":{"Article":[],"Course":[],"Dataset":[],"FAQPage":[],"Movie":[],"Person":[],"Product":[],"ProductReview":[],"Car":[],"Recipe":[],"Service":[],"SoftwareApplication":[],"WebPage":[]},"graphName":"BlogPosting","isEnabled":true},"graphs":[]},"schema_type":"default","schema_type_options":null,"pillar_content":false,"robots_default":true,"robots_noindex":false,"robots_noarchive":false,"robots_nosnippet":false,"robots_nofollow":false,"robots_noimageindex":false,"robots_noodp":false,"robots_notranslate":false,"robots_max_snippet":"-1","robots_max_videopreview":"-1","robots_max_imagepreview":"large","priority":null,"frequency":"default","local_seo":null,"breadcrumb_settings":null,"limit_modified_date":false,"ai":null,"created":"2024-11-11 18:44:09","updated":"2025-07-11 10:58:53","seo_analyzer_scan_date":null},"aioseo_breadcrumb":"<div class=\"aioseo-breadcrumbs\"><span class=\"aioseo-breadcrumb\">\n\t\t\t<a href=\"https:\/\/newsinfoco.com.br\/inicio\" title=\"In\u00edcio\">In\u00edcio<\/a>\n\t\t<\/span><span class=\"aioseo-breadcrumb-separator\">&raquo;<\/span><span class=\"aioseo-breadcrumb\">\n\t\t\t<a href=\"https:\/\/newsinfoco.com.br\/inicio\/category\/bahia\/\" title=\"Bahia\">Bahia<\/a>\n\t\t<\/span><span class=\"aioseo-breadcrumb-separator\">&raquo;<\/span><span class=\"aioseo-breadcrumb\">\n\t\t\tPrefeita eleita de Lauro de Freitas faz den\u00fancia contra Moema Gramacho\n\t\t<\/span><\/div>","aioseo_breadcrumb_json":[{"label":"In\u00edcio","link":"https:\/\/newsinfoco.com.br\/inicio"},{"label":"Bahia","link":"https:\/\/newsinfoco.com.br\/inicio\/category\/bahia\/"},{"label":"Prefeita eleita de Lauro de Freitas faz den\u00fancia contra Moema Gramacho","link":"https:\/\/newsinfoco.com.br\/inicio\/prefeita-eleita-de-lauro-de-freitas-faz-denuncia-contra-moema-gramacho\/"}],"_links":{"self":[{"href":"https:\/\/newsinfoco.com.br\/inicio\/wp-json\/wp\/v2\/posts\/36668","targetHints":{"allow":["GET"]}}],"collection":[{"href":"https:\/\/newsinfoco.com.br\/inicio\/wp-json\/wp\/v2\/posts"}],"about":[{"href":"https:\/\/newsinfoco.com.br\/inicio\/wp-json\/wp\/v2\/types\/post"}],"author":[{"embeddable":true,"href":"https:\/\/newsinfoco.com.br\/inicio\/wp-json\/wp\/v2\/users\/1"}],"replies":[{"embeddable":true,"href":"https:\/\/newsinfoco.com.br\/inicio\/wp-json\/wp\/v2\/comments?post=36668"}],"version-history":[{"count":2,"href":"https:\/\/newsinfoco.com.br\/inicio\/wp-json\/wp\/v2\/posts\/36668\/revisions"}],"predecessor-version":[{"id":36671,"href":"https:\/\/newsinfoco.com.br\/inicio\/wp-json\/wp\/v2\/posts\/36668\/revisions\/36671"}],"wp:featuredmedia":[{"embeddable":true,"href":"https:\/\/newsinfoco.com.br\/inicio\/wp-json\/wp\/v2\/media\/36669"}],"wp:attachment":[{"href":"https:\/\/newsinfoco.com.br\/inicio\/wp-json\/wp\/v2\/media?parent=36668"}],"wp:term":[{"taxonomy":"category","embeddable":true,"href":"https:\/\/newsinfoco.com.br\/inicio\/wp-json\/wp\/v2\/categories?post=36668"},{"taxonomy":"post_tag","embeddable":true,"href":"https:\/\/newsinfoco.com.br\/inicio\/wp-json\/wp\/v2\/tags?post=36668"}],"curies":[{"name":"wp","href":"https:\/\/api.w.org\/{rel}","templated":true}]}}