{"id":36676,"date":"2024-11-12T12:47:30","date_gmt":"2024-11-12T15:47:30","guid":{"rendered":"https:\/\/newsinfoco.com.br\/inicio\/?p=36676"},"modified":"2024-11-12T12:47:30","modified_gmt":"2024-11-12T15:47:30","slug":"advocacia-baiana-e-a-mais-pobre-e-abandonada-do-brasil-afirma-ana-patricia","status":"publish","type":"post","link":"https:\/\/newsinfoco.com.br\/inicio\/advocacia-baiana-e-a-mais-pobre-e-abandonada-do-brasil-afirma-ana-patricia\/","title":{"rendered":"\u201cAdvocacia baiana \u00e9 a mais pobre e abandonada do Brasil\u201d, afirma Ana Patr\u00edcia"},"content":{"rendered":"<p>A candidata defendeu a implanta\u00e7\u00e3o de um piso salarial \u00e9tico para impedir a explora\u00e7\u00e3o da jovem advocacia<\/p>\n<p>A advocacia baiana enfrenta desafios que a colocam como a mais empobrecida e desamparada do pa\u00eds, segundo a candidata \u00e0 presid\u00eancia da OAB-BA, Ana Patr\u00edcia Dantas Le\u00e3o. Em entrevista \u00e0 R\u00e1dio Sociedade, nesta ter\u00e7a-feira (12), Ana Patr\u00edcia destacou que os jovens advogados baianos n\u00e3o t\u00eam condi\u00e7\u00f5es m\u00ednimas para exercer a profiss\u00e3o com dignidade e seguran\u00e7a.<\/p>\n<p>\u201cA Bahia \u00e9 o \u00fanico estado do Brasil em que n\u00e3o existe piso salarial para o advogado. Isso leva a remunera\u00e7\u00f5es baixas, variando entre R$ 500, R$ 800 e R$ 1 mil por m\u00eas. \u00c9 necess\u00e1rio que a Ordem estabele\u00e7a um piso\u201d, afirmou.<\/p>\n<p>Ana Patr\u00edcia criticou a falta de apoio da institui\u00e7\u00e3o para com a classe, especialmente no cen\u00e1rio p\u00f3s-pandemia.<\/p>\n<p>\u201cEstamos vivendo o pior momento da advocacia baiana. Com os tribunais fechados por dois anos, muitos passaram por necessidades, a ponto de receberem cestas b\u00e1sicas. Recentemente, uma colega advogada, que lava roupas nas horas vagas, relatou as dificuldades de conciliar isso com a profiss\u00e3o. Ningu\u00e9m quer estar lavando roupa; todos querem advogar.\u201d<\/p>\n<p>Para Ana Patr\u00edcia, enquanto a advocacia luta para sobreviver, a OAB-BA falha em oferecer apoio efetivo. Ela prometeu aprovar um piso \u00e9tico na primeira sess\u00e3o do Conselho Seccional, caso eleita, lembrando que um projeto de lei foi enviado \u00e0 Casa Civil em 2015, mas nunca foi adiante. Al\u00e9m disso, destacou que a Ordem poderia ter inserido o piso salarial na tabela de honor\u00e1rios. Em junho de 2023, um grupo de conselheiros prop\u00f4s isso, mas a atual presidente retirou a pauta, o que, segundo Ana Patr\u00edcia, \u201cpermite que jovens advogados sejam explorados\u201d.<\/p>\n<p>Ana Patr\u00edcia tamb\u00e9m expressou o desejo dos advogados por uma pr\u00e1tica mais digna e respeitosa: \u201cQueremos estar em nossos escrit\u00f3rios, com nossa cartela de clientes, nos tribunais. Somos a advocacia mais pobre do Brasil e temos a institui\u00e7\u00e3o que mais nos abandona.\u201d<\/p>\n<p>A falta de remunera\u00e7\u00e3o justa afeta at\u00e9 os advogados do interior, que recebem valores m\u00ednimos: R$ 2,50 por avalia\u00e7\u00e3o de processos e R$ 10 para audi\u00eancias. Isso levou \u00e0 inadimpl\u00eancia de 50% entre os 62 mil advogados baianos, que deixam de pagar a anuidade pela dificuldade financeira. Somente quem est\u00e1 com a anuidade em dia pode votar, mas a OAB-BA apenas permite o parcelamento da taxa no cart\u00e3o de cr\u00e9dito, o que \u00e9 um obst\u00e1culo para advogados com restri\u00e7\u00e3o de cr\u00e9dito.<\/p>\n<p>Fonte: Pol\u00edtica Livre<\/p>\n<div class=\"carregar-mais\"><\/div>\n<div class='share-to-whatsapp-wrapper'><div class='share-on-whsp'>Share on: <\/div><a data-text='\u201cAdvocacia baiana \u00e9 a mais pobre e abandonada do Brasil\u201d, afirma Ana Patr\u00edcia' data-link='https:\/\/newsinfoco.com.br\/inicio\/advocacia-baiana-e-a-mais-pobre-e-abandonada-do-brasil-afirma-ana-patricia\/' class='whatsapp-button whatsapp-share'>WhatsApp<\/a><div class='clear '><\/div><\/div>","protected":false},"excerpt":{"rendered":"<p>A candidata defendeu a implanta\u00e7\u00e3o de um piso salarial \u00e9tico para impedir a explora\u00e7\u00e3o da jovem advocacia A advocacia baiana enfrenta desafios que a colocam como a mais empobrecida e desamparada do pa\u00eds, segundo a candidata \u00e0 presid\u00eancia da OAB-BA, Ana Patr\u00edcia Dantas Le\u00e3o. Em entrevista \u00e0 R\u00e1dio Sociedade, nesta ter\u00e7a-feira (12), Ana Patr\u00edcia destacou [&hellip;]<\/p>\n","protected":false},"author":1,"featured_media":36677,"comment_status":"closed","ping_status":"closed","sticky":false,"template":"","format":"standard","meta":{"om_disable_all_campaigns":false,"rop_custom_images_group":[],"rop_custom_messages_group":[],"rop_publish_now":"initial","rop_publish_now_accounts":[],"rop_publish_now_history":[],"rop_publish_now_status":"pending","_exactmetrics_skip_tracking":false,"footnotes":""},"categories":[19],"tags":[],"class_list":["post-36676","post","type-post","status-publish","format-standard","has-post-thumbnail","hentry","category-bahia"],"aioseo_notices":[],"aioseo_head":"\n\t\t<!-- All in One SEO 4.9.10 - aioseo.com -->\n\t<meta name=\"description\" content=\"A candidata defendeu a implanta\u00e7\u00e3o de um piso salarial \u00e9tico para impedir a explora\u00e7\u00e3o da jovem advocacia A advocacia baiana enfrenta desafios que a colocam como a mais empobrecida e desamparada do pa\u00eds, segundo a candidata \u00e0 presid\u00eancia da OAB-BA, Ana Patr\u00edcia Dantas Le\u00e3o. Em entrevista \u00e0 R\u00e1dio Sociedade, nesta ter\u00e7a-feira (12), Ana Patr\u00edcia destacou\" \/>\n\t<meta name=\"robots\" content=\"max-image-preview:large\" \/>\n\t<meta name=\"author\" content=\"administrador\"\/>\n\t<link rel=\"canonical\" href=\"https:\/\/newsinfoco.com.br\/inicio\/advocacia-baiana-e-a-mais-pobre-e-abandonada-do-brasil-afirma-ana-patricia\/\" \/>\n\t<meta name=\"generator\" content=\"All in One SEO (AIOSEO) 4.9.10\" \/>\n\t\t<meta property=\"og:locale\" content=\"pt_BR\" \/>\n\t\t<meta property=\"og:site_name\" content=\"News In Foco - Editado por Caio Pimenta - O principal site de noticias de Alagoinhas e regi\u00e3o\" \/>\n\t\t<meta property=\"og:type\" content=\"article\" \/>\n\t\t<meta property=\"og:title\" content=\"\u201cAdvocacia baiana \u00e9 a mais pobre e abandonada do Brasil\u201d, afirma Ana Patr\u00edcia - News In Foco - Editado por Caio Pimenta\" \/>\n\t\t<meta property=\"og:description\" content=\"A candidata defendeu a implanta\u00e7\u00e3o de um piso salarial \u00e9tico para impedir a explora\u00e7\u00e3o da jovem advocacia A advocacia baiana enfrenta desafios que a colocam como a mais empobrecida e desamparada do pa\u00eds, segundo a candidata \u00e0 presid\u00eancia da OAB-BA, Ana Patr\u00edcia Dantas Le\u00e3o. Em entrevista \u00e0 R\u00e1dio Sociedade, nesta ter\u00e7a-feira (12), Ana Patr\u00edcia destacou\" \/>\n\t\t<meta property=\"og:url\" content=\"https:\/\/newsinfoco.com.br\/inicio\/advocacia-baiana-e-a-mais-pobre-e-abandonada-do-brasil-afirma-ana-patricia\/\" \/>\n\t\t<meta property=\"article:published_time\" content=\"2024-11-12T15:47:30+00:00\" \/>\n\t\t<meta property=\"article:modified_time\" content=\"2024-11-12T15:47:30+00:00\" \/>\n\t\t<meta name=\"twitter:card\" content=\"summary_large_image\" \/>\n\t\t<meta name=\"twitter:title\" content=\"\u201cAdvocacia baiana \u00e9 a mais pobre e abandonada do Brasil\u201d, afirma Ana Patr\u00edcia - News In Foco - Editado por Caio Pimenta\" \/>\n\t\t<meta name=\"twitter:description\" content=\"A candidata defendeu a implanta\u00e7\u00e3o de um piso salarial \u00e9tico para impedir a explora\u00e7\u00e3o da jovem advocacia A advocacia baiana enfrenta desafios que a colocam como a mais empobrecida e desamparada do pa\u00eds, segundo a candidata \u00e0 presid\u00eancia da OAB-BA, Ana Patr\u00edcia Dantas Le\u00e3o. Em entrevista \u00e0 R\u00e1dio Sociedade, nesta ter\u00e7a-feira (12), Ana Patr\u00edcia destacou\" \/>\n\t\t<script type=\"application\/ld+json\" class=\"aioseo-schema\">\n\t\t\t{\"@context\":\"https:\\\/\\\/schema.org\",\"@graph\":[{\"@type\":\"BlogPosting\",\"@id\":\"https:\\\/\\\/newsinfoco.com.br\\\/inicio\\\/advocacia-baiana-e-a-mais-pobre-e-abandonada-do-brasil-afirma-ana-patricia\\\/#blogposting\",\"name\":\"\\u201cAdvocacia baiana \\u00e9 a mais pobre e abandonada do Brasil\\u201d, afirma Ana Patr\\u00edcia - News In Foco - Editado por Caio Pimenta\",\"headline\":\"\\u201cAdvocacia baiana \\u00e9 a mais pobre e abandonada do Brasil\\u201d, afirma Ana Patr\\u00edcia\",\"author\":{\"@id\":\"https:\\\/\\\/newsinfoco.com.br\\\/inicio\\\/author\\\/administrador\\\/#author\"},\"publisher\":{\"@id\":\"https:\\\/\\\/newsinfoco.com.br\\\/inicio\\\/#organization\"},\"image\":{\"@type\":\"ImageObject\",\"url\":\"https:\\\/\\\/newsinfoco.com.br\\\/inicio\\\/wp-content\\\/uploads\\\/2024\\\/11\\\/ana-patricia.jpg\",\"width\":640,\"height\":456},\"datePublished\":\"2024-11-12T12:47:30-03:00\",\"dateModified\":\"2024-11-12T12:47:30-03:00\",\"inLanguage\":\"pt-BR\",\"mainEntityOfPage\":{\"@id\":\"https:\\\/\\\/newsinfoco.com.br\\\/inicio\\\/advocacia-baiana-e-a-mais-pobre-e-abandonada-do-brasil-afirma-ana-patricia\\\/#webpage\"},\"isPartOf\":{\"@id\":\"https:\\\/\\\/newsinfoco.com.br\\\/inicio\\\/advocacia-baiana-e-a-mais-pobre-e-abandonada-do-brasil-afirma-ana-patricia\\\/#webpage\"},\"articleSection\":\"Bahia\"},{\"@type\":\"BreadcrumbList\",\"@id\":\"https:\\\/\\\/newsinfoco.com.br\\\/inicio\\\/advocacia-baiana-e-a-mais-pobre-e-abandonada-do-brasil-afirma-ana-patricia\\\/#breadcrumblist\",\"itemListElement\":[{\"@type\":\"ListItem\",\"@id\":\"https:\\\/\\\/newsinfoco.com.br\\\/inicio#listItem\",\"position\":1,\"name\":\"In\\u00edcio\",\"item\":\"https:\\\/\\\/newsinfoco.com.br\\\/inicio\",\"nextItem\":{\"@type\":\"ListItem\",\"@id\":\"https:\\\/\\\/newsinfoco.com.br\\\/inicio\\\/category\\\/bahia\\\/#listItem\",\"name\":\"Bahia\"}},{\"@type\":\"ListItem\",\"@id\":\"https:\\\/\\\/newsinfoco.com.br\\\/inicio\\\/category\\\/bahia\\\/#listItem\",\"position\":2,\"name\":\"Bahia\",\"item\":\"https:\\\/\\\/newsinfoco.com.br\\\/inicio\\\/category\\\/bahia\\\/\",\"nextItem\":{\"@type\":\"ListItem\",\"@id\":\"https:\\\/\\\/newsinfoco.com.br\\\/inicio\\\/advocacia-baiana-e-a-mais-pobre-e-abandonada-do-brasil-afirma-ana-patricia\\\/#listItem\",\"name\":\"\\u201cAdvocacia baiana \\u00e9 a mais pobre e abandonada do Brasil\\u201d, afirma Ana Patr\\u00edcia\"},\"previousItem\":{\"@type\":\"ListItem\",\"@id\":\"https:\\\/\\\/newsinfoco.com.br\\\/inicio#listItem\",\"name\":\"In\\u00edcio\"}},{\"@type\":\"ListItem\",\"@id\":\"https:\\\/\\\/newsinfoco.com.br\\\/inicio\\\/advocacia-baiana-e-a-mais-pobre-e-abandonada-do-brasil-afirma-ana-patricia\\\/#listItem\",\"position\":3,\"name\":\"\\u201cAdvocacia baiana \\u00e9 a mais pobre e abandonada do Brasil\\u201d, afirma Ana Patr\\u00edcia\",\"previousItem\":{\"@type\":\"ListItem\",\"@id\":\"https:\\\/\\\/newsinfoco.com.br\\\/inicio\\\/category\\\/bahia\\\/#listItem\",\"name\":\"Bahia\"}}]},{\"@type\":\"Organization\",\"@id\":\"https:\\\/\\\/newsinfoco.com.br\\\/inicio\\\/#organization\",\"name\":\"News In Foco - Editado por Caio Pimenta\",\"description\":\"O principal site de noticias de Alagoinhas e regi\\u00e3o\",\"url\":\"https:\\\/\\\/newsinfoco.com.br\\\/inicio\\\/\"},{\"@type\":\"Person\",\"@id\":\"https:\\\/\\\/newsinfoco.com.br\\\/inicio\\\/author\\\/administrador\\\/#author\",\"url\":\"https:\\\/\\\/newsinfoco.com.br\\\/inicio\\\/author\\\/administrador\\\/\",\"name\":\"administrador\",\"image\":{\"@type\":\"ImageObject\",\"@id\":\"https:\\\/\\\/newsinfoco.com.br\\\/inicio\\\/advocacia-baiana-e-a-mais-pobre-e-abandonada-do-brasil-afirma-ana-patricia\\\/#authorImage\",\"url\":\"https:\\\/\\\/secure.gravatar.com\\\/avatar\\\/c17a617433de8c1dc9584bb79aab7563b46f5bb7e1728c9b17d9cc3ce6a08e49?s=96&d=mm&r=g\",\"width\":96,\"height\":96,\"caption\":\"administrador\"}},{\"@type\":\"WebPage\",\"@id\":\"https:\\\/\\\/newsinfoco.com.br\\\/inicio\\\/advocacia-baiana-e-a-mais-pobre-e-abandonada-do-brasil-afirma-ana-patricia\\\/#webpage\",\"url\":\"https:\\\/\\\/newsinfoco.com.br\\\/inicio\\\/advocacia-baiana-e-a-mais-pobre-e-abandonada-do-brasil-afirma-ana-patricia\\\/\",\"name\":\"\\u201cAdvocacia baiana \\u00e9 a mais pobre e abandonada do Brasil\\u201d, afirma Ana Patr\\u00edcia - News In Foco - Editado por Caio Pimenta\",\"description\":\"A candidata defendeu a implanta\\u00e7\\u00e3o de um piso salarial \\u00e9tico para impedir a explora\\u00e7\\u00e3o da jovem advocacia A advocacia baiana enfrenta desafios que a colocam como a mais empobrecida e desamparada do pa\\u00eds, segundo a candidata \\u00e0 presid\\u00eancia da OAB-BA, Ana Patr\\u00edcia Dantas Le\\u00e3o. Em entrevista \\u00e0 R\\u00e1dio Sociedade, nesta ter\\u00e7a-feira (12), Ana Patr\\u00edcia destacou\",\"inLanguage\":\"pt-BR\",\"isPartOf\":{\"@id\":\"https:\\\/\\\/newsinfoco.com.br\\\/inicio\\\/#website\"},\"breadcrumb\":{\"@id\":\"https:\\\/\\\/newsinfoco.com.br\\\/inicio\\\/advocacia-baiana-e-a-mais-pobre-e-abandonada-do-brasil-afirma-ana-patricia\\\/#breadcrumblist\"},\"author\":{\"@id\":\"https:\\\/\\\/newsinfoco.com.br\\\/inicio\\\/author\\\/administrador\\\/#author\"},\"creator\":{\"@id\":\"https:\\\/\\\/newsinfoco.com.br\\\/inicio\\\/author\\\/administrador\\\/#author\"},\"image\":{\"@type\":\"ImageObject\",\"url\":\"https:\\\/\\\/newsinfoco.com.br\\\/inicio\\\/wp-content\\\/uploads\\\/2024\\\/11\\\/ana-patricia.jpg\",\"@id\":\"https:\\\/\\\/newsinfoco.com.br\\\/inicio\\\/advocacia-baiana-e-a-mais-pobre-e-abandonada-do-brasil-afirma-ana-patricia\\\/#mainImage\",\"width\":640,\"height\":456},\"primaryImageOfPage\":{\"@id\":\"https:\\\/\\\/newsinfoco.com.br\\\/inicio\\\/advocacia-baiana-e-a-mais-pobre-e-abandonada-do-brasil-afirma-ana-patricia\\\/#mainImage\"},\"datePublished\":\"2024-11-12T12:47:30-03:00\",\"dateModified\":\"2024-11-12T12:47:30-03:00\"},{\"@type\":\"WebSite\",\"@id\":\"https:\\\/\\\/newsinfoco.com.br\\\/inicio\\\/#website\",\"url\":\"https:\\\/\\\/newsinfoco.com.br\\\/inicio\\\/\",\"name\":\"News In Foco - Editado por Caio Pimenta\",\"description\":\"O principal site de noticias de Alagoinhas e regi\\u00e3o\",\"inLanguage\":\"pt-BR\",\"publisher\":{\"@id\":\"https:\\\/\\\/newsinfoco.com.br\\\/inicio\\\/#organization\"}}]}\n\t\t<\/script>\n\t\t<!-- All in One SEO -->\n\n","aioseo_head_json":{"title":"\u201cAdvocacia baiana \u00e9 a mais pobre e abandonada do Brasil\u201d, afirma Ana Patr\u00edcia - News In Foco - Editado por Caio Pimenta","description":"A candidata defendeu a implanta\u00e7\u00e3o de um piso salarial \u00e9tico para impedir a explora\u00e7\u00e3o da jovem advocacia A advocacia baiana enfrenta desafios que a colocam como a mais empobrecida e desamparada do pa\u00eds, segundo a candidata \u00e0 presid\u00eancia da OAB-BA, Ana Patr\u00edcia Dantas Le\u00e3o. Em entrevista \u00e0 R\u00e1dio Sociedade, nesta ter\u00e7a-feira (12), Ana Patr\u00edcia destacou","canonical_url":"https:\/\/newsinfoco.com.br\/inicio\/advocacia-baiana-e-a-mais-pobre-e-abandonada-do-brasil-afirma-ana-patricia\/","robots":"max-image-preview:large","keywords":"","webmasterTools":{"miscellaneous":""},"schema":{"@context":"https:\/\/schema.org","@graph":[{"@type":"BlogPosting","@id":"https:\/\/newsinfoco.com.br\/inicio\/advocacia-baiana-e-a-mais-pobre-e-abandonada-do-brasil-afirma-ana-patricia\/#blogposting","name":"\u201cAdvocacia baiana \u00e9 a mais pobre e abandonada do Brasil\u201d, afirma Ana Patr\u00edcia - News In Foco - Editado por Caio Pimenta","headline":"\u201cAdvocacia baiana \u00e9 a mais pobre e abandonada do Brasil\u201d, afirma Ana Patr\u00edcia","author":{"@id":"https:\/\/newsinfoco.com.br\/inicio\/author\/administrador\/#author"},"publisher":{"@id":"https:\/\/newsinfoco.com.br\/inicio\/#organization"},"image":{"@type":"ImageObject","url":"https:\/\/newsinfoco.com.br\/inicio\/wp-content\/uploads\/2024\/11\/ana-patricia.jpg","width":640,"height":456},"datePublished":"2024-11-12T12:47:30-03:00","dateModified":"2024-11-12T12:47:30-03:00","inLanguage":"pt-BR","mainEntityOfPage":{"@id":"https:\/\/newsinfoco.com.br\/inicio\/advocacia-baiana-e-a-mais-pobre-e-abandonada-do-brasil-afirma-ana-patricia\/#webpage"},"isPartOf":{"@id":"https:\/\/newsinfoco.com.br\/inicio\/advocacia-baiana-e-a-mais-pobre-e-abandonada-do-brasil-afirma-ana-patricia\/#webpage"},"articleSection":"Bahia"},{"@type":"BreadcrumbList","@id":"https:\/\/newsinfoco.com.br\/inicio\/advocacia-baiana-e-a-mais-pobre-e-abandonada-do-brasil-afirma-ana-patricia\/#breadcrumblist","itemListElement":[{"@type":"ListItem","@id":"https:\/\/newsinfoco.com.br\/inicio#listItem","position":1,"name":"In\u00edcio","item":"https:\/\/newsinfoco.com.br\/inicio","nextItem":{"@type":"ListItem","@id":"https:\/\/newsinfoco.com.br\/inicio\/category\/bahia\/#listItem","name":"Bahia"}},{"@type":"ListItem","@id":"https:\/\/newsinfoco.com.br\/inicio\/category\/bahia\/#listItem","position":2,"name":"Bahia","item":"https:\/\/newsinfoco.com.br\/inicio\/category\/bahia\/","nextItem":{"@type":"ListItem","@id":"https:\/\/newsinfoco.com.br\/inicio\/advocacia-baiana-e-a-mais-pobre-e-abandonada-do-brasil-afirma-ana-patricia\/#listItem","name":"\u201cAdvocacia baiana \u00e9 a mais pobre e abandonada do Brasil\u201d, afirma Ana Patr\u00edcia"},"previousItem":{"@type":"ListItem","@id":"https:\/\/newsinfoco.com.br\/inicio#listItem","name":"In\u00edcio"}},{"@type":"ListItem","@id":"https:\/\/newsinfoco.com.br\/inicio\/advocacia-baiana-e-a-mais-pobre-e-abandonada-do-brasil-afirma-ana-patricia\/#listItem","position":3,"name":"\u201cAdvocacia baiana \u00e9 a mais pobre e abandonada do Brasil\u201d, afirma Ana Patr\u00edcia","previousItem":{"@type":"ListItem","@id":"https:\/\/newsinfoco.com.br\/inicio\/category\/bahia\/#listItem","name":"Bahia"}}]},{"@type":"Organization","@id":"https:\/\/newsinfoco.com.br\/inicio\/#organization","name":"News In Foco - Editado por Caio Pimenta","description":"O principal site de noticias de Alagoinhas e regi\u00e3o","url":"https:\/\/newsinfoco.com.br\/inicio\/"},{"@type":"Person","@id":"https:\/\/newsinfoco.com.br\/inicio\/author\/administrador\/#author","url":"https:\/\/newsinfoco.com.br\/inicio\/author\/administrador\/","name":"administrador","image":{"@type":"ImageObject","@id":"https:\/\/newsinfoco.com.br\/inicio\/advocacia-baiana-e-a-mais-pobre-e-abandonada-do-brasil-afirma-ana-patricia\/#authorImage","url":"https:\/\/secure.gravatar.com\/avatar\/c17a617433de8c1dc9584bb79aab7563b46f5bb7e1728c9b17d9cc3ce6a08e49?s=96&d=mm&r=g","width":96,"height":96,"caption":"administrador"}},{"@type":"WebPage","@id":"https:\/\/newsinfoco.com.br\/inicio\/advocacia-baiana-e-a-mais-pobre-e-abandonada-do-brasil-afirma-ana-patricia\/#webpage","url":"https:\/\/newsinfoco.com.br\/inicio\/advocacia-baiana-e-a-mais-pobre-e-abandonada-do-brasil-afirma-ana-patricia\/","name":"\u201cAdvocacia baiana \u00e9 a mais pobre e abandonada do Brasil\u201d, afirma Ana Patr\u00edcia - News In Foco - Editado por Caio Pimenta","description":"A candidata defendeu a implanta\u00e7\u00e3o de um piso salarial \u00e9tico para impedir a explora\u00e7\u00e3o da jovem advocacia A advocacia baiana enfrenta desafios que a colocam como a mais empobrecida e desamparada do pa\u00eds, segundo a candidata \u00e0 presid\u00eancia da OAB-BA, Ana Patr\u00edcia Dantas Le\u00e3o. Em entrevista \u00e0 R\u00e1dio Sociedade, nesta ter\u00e7a-feira (12), Ana Patr\u00edcia destacou","inLanguage":"pt-BR","isPartOf":{"@id":"https:\/\/newsinfoco.com.br\/inicio\/#website"},"breadcrumb":{"@id":"https:\/\/newsinfoco.com.br\/inicio\/advocacia-baiana-e-a-mais-pobre-e-abandonada-do-brasil-afirma-ana-patricia\/#breadcrumblist"},"author":{"@id":"https:\/\/newsinfoco.com.br\/inicio\/author\/administrador\/#author"},"creator":{"@id":"https:\/\/newsinfoco.com.br\/inicio\/author\/administrador\/#author"},"image":{"@type":"ImageObject","url":"https:\/\/newsinfoco.com.br\/inicio\/wp-content\/uploads\/2024\/11\/ana-patricia.jpg","@id":"https:\/\/newsinfoco.com.br\/inicio\/advocacia-baiana-e-a-mais-pobre-e-abandonada-do-brasil-afirma-ana-patricia\/#mainImage","width":640,"height":456},"primaryImageOfPage":{"@id":"https:\/\/newsinfoco.com.br\/inicio\/advocacia-baiana-e-a-mais-pobre-e-abandonada-do-brasil-afirma-ana-patricia\/#mainImage"},"datePublished":"2024-11-12T12:47:30-03:00","dateModified":"2024-11-12T12:47:30-03:00"},{"@type":"WebSite","@id":"https:\/\/newsinfoco.com.br\/inicio\/#website","url":"https:\/\/newsinfoco.com.br\/inicio\/","name":"News In Foco - Editado por Caio Pimenta","description":"O principal site de noticias de Alagoinhas e regi\u00e3o","inLanguage":"pt-BR","publisher":{"@id":"https:\/\/newsinfoco.com.br\/inicio\/#organization"}}]},"og:locale":"pt_BR","og:site_name":"News In Foco - Editado por Caio Pimenta - O principal site de noticias de Alagoinhas e regi\u00e3o","og:type":"article","og:title":"\u201cAdvocacia baiana \u00e9 a mais pobre e abandonada do Brasil\u201d, afirma Ana Patr\u00edcia - News In Foco - Editado por Caio Pimenta","og:description":"A candidata defendeu a implanta\u00e7\u00e3o de um piso salarial \u00e9tico para impedir a explora\u00e7\u00e3o da jovem advocacia A advocacia baiana enfrenta desafios que a colocam como a mais empobrecida e desamparada do pa\u00eds, segundo a candidata \u00e0 presid\u00eancia da OAB-BA, Ana Patr\u00edcia Dantas Le\u00e3o. Em entrevista \u00e0 R\u00e1dio Sociedade, nesta ter\u00e7a-feira (12), Ana Patr\u00edcia destacou","og:url":"https:\/\/newsinfoco.com.br\/inicio\/advocacia-baiana-e-a-mais-pobre-e-abandonada-do-brasil-afirma-ana-patricia\/","article:published_time":"2024-11-12T15:47:30+00:00","article:modified_time":"2024-11-12T15:47:30+00:00","twitter:card":"summary_large_image","twitter:title":"\u201cAdvocacia baiana \u00e9 a mais pobre e abandonada do Brasil\u201d, afirma Ana Patr\u00edcia - News In Foco - Editado por Caio Pimenta","twitter:description":"A candidata defendeu a implanta\u00e7\u00e3o de um piso salarial \u00e9tico para impedir a explora\u00e7\u00e3o da jovem advocacia A advocacia baiana enfrenta desafios que a colocam como a mais empobrecida e desamparada do pa\u00eds, segundo a candidata \u00e0 presid\u00eancia da OAB-BA, Ana Patr\u00edcia Dantas Le\u00e3o. Em entrevista \u00e0 R\u00e1dio Sociedade, nesta ter\u00e7a-feira (12), Ana Patr\u00edcia destacou"},"aioseo_meta_data":{"post_id":"36676","title":null,"description":null,"keywords":null,"keyphrases":{"focus":{"keyphrase":"","score":0,"analysis":{"keyphraseInTitle":{"score":0,"maxScore":9,"error":1}}},"additional":[]},"primary_term":null,"canonical_url":null,"og_title":null,"og_description":null,"og_object_type":"default","og_image_type":"default","og_image_url":null,"og_image_width":null,"og_image_height":null,"og_image_custom_url":null,"og_image_custom_fields":null,"og_video":"","og_custom_url":null,"og_article_section":null,"og_article_tags":null,"twitter_use_og":false,"twitter_card":"default","twitter_image_type":"default","twitter_image_url":null,"twitter_image_custom_url":null,"twitter_image_custom_fields":null,"twitter_title":null,"twitter_description":null,"schema":{"blockGraphs":[],"customGraphs":[],"default":{"data":{"Article":[],"Course":[],"Dataset":[],"FAQPage":[],"Movie":[],"Person":[],"Product":[],"ProductReview":[],"Car":[],"Recipe":[],"Service":[],"SoftwareApplication":[],"WebPage":[]},"graphName":"BlogPosting","isEnabled":true},"graphs":[]},"schema_type":"default","schema_type_options":null,"pillar_content":false,"robots_default":true,"robots_noindex":false,"robots_noarchive":false,"robots_nosnippet":false,"robots_nofollow":false,"robots_noimageindex":false,"robots_noodp":false,"robots_notranslate":false,"robots_max_snippet":"-1","robots_max_videopreview":"-1","robots_max_imagepreview":"large","priority":null,"frequency":"default","local_seo":null,"breadcrumb_settings":null,"limit_modified_date":false,"ai":null,"created":"2024-11-12 15:47:30","updated":"2025-07-11 10:58:53","seo_analyzer_scan_date":null},"aioseo_breadcrumb":"<div class=\"aioseo-breadcrumbs\"><span class=\"aioseo-breadcrumb\">\n\t\t\t<a href=\"https:\/\/newsinfoco.com.br\/inicio\" title=\"In\u00edcio\">In\u00edcio<\/a>\n\t\t<\/span><span class=\"aioseo-breadcrumb-separator\">&raquo;<\/span><span class=\"aioseo-breadcrumb\">\n\t\t\t<a href=\"https:\/\/newsinfoco.com.br\/inicio\/category\/bahia\/\" title=\"Bahia\">Bahia<\/a>\n\t\t<\/span><span class=\"aioseo-breadcrumb-separator\">&raquo;<\/span><span class=\"aioseo-breadcrumb\">\n\t\t\t\u201cAdvocacia baiana \u00e9 a mais pobre e abandonada do Brasil\u201d, afirma Ana Patr\u00edcia\n\t\t<\/span><\/div>","aioseo_breadcrumb_json":[{"label":"In\u00edcio","link":"https:\/\/newsinfoco.com.br\/inicio"},{"label":"Bahia","link":"https:\/\/newsinfoco.com.br\/inicio\/category\/bahia\/"},{"label":"\u201cAdvocacia baiana \u00e9 a mais pobre e abandonada do Brasil\u201d, afirma Ana Patr\u00edcia","link":"https:\/\/newsinfoco.com.br\/inicio\/advocacia-baiana-e-a-mais-pobre-e-abandonada-do-brasil-afirma-ana-patricia\/"}],"_links":{"self":[{"href":"https:\/\/newsinfoco.com.br\/inicio\/wp-json\/wp\/v2\/posts\/36676","targetHints":{"allow":["GET"]}}],"collection":[{"href":"https:\/\/newsinfoco.com.br\/inicio\/wp-json\/wp\/v2\/posts"}],"about":[{"href":"https:\/\/newsinfoco.com.br\/inicio\/wp-json\/wp\/v2\/types\/post"}],"author":[{"embeddable":true,"href":"https:\/\/newsinfoco.com.br\/inicio\/wp-json\/wp\/v2\/users\/1"}],"replies":[{"embeddable":true,"href":"https:\/\/newsinfoco.com.br\/inicio\/wp-json\/wp\/v2\/comments?post=36676"}],"version-history":[{"count":1,"href":"https:\/\/newsinfoco.com.br\/inicio\/wp-json\/wp\/v2\/posts\/36676\/revisions"}],"predecessor-version":[{"id":36678,"href":"https:\/\/newsinfoco.com.br\/inicio\/wp-json\/wp\/v2\/posts\/36676\/revisions\/36678"}],"wp:featuredmedia":[{"embeddable":true,"href":"https:\/\/newsinfoco.com.br\/inicio\/wp-json\/wp\/v2\/media\/36677"}],"wp:attachment":[{"href":"https:\/\/newsinfoco.com.br\/inicio\/wp-json\/wp\/v2\/media?parent=36676"}],"wp:term":[{"taxonomy":"category","embeddable":true,"href":"https:\/\/newsinfoco.com.br\/inicio\/wp-json\/wp\/v2\/categories?post=36676"},{"taxonomy":"post_tag","embeddable":true,"href":"https:\/\/newsinfoco.com.br\/inicio\/wp-json\/wp\/v2\/tags?post=36676"}],"curies":[{"name":"wp","href":"https:\/\/api.w.org\/{rel}","templated":true}]}}