{"id":36679,"date":"2024-11-12T13:04:01","date_gmt":"2024-11-12T16:04:01","guid":{"rendered":"https:\/\/newsinfoco.com.br\/inicio\/?p=36679"},"modified":"2024-11-12T13:05:47","modified_gmt":"2024-11-12T16:05:47","slug":"nova-jornada-de-trabalho-e-criticada-por-lideranca-dos-empresarios-de-bares-e-restaurantes","status":"publish","type":"post","link":"https:\/\/newsinfoco.com.br\/inicio\/nova-jornada-de-trabalho-e-criticada-por-lideranca-dos-empresarios-de-bares-e-restaurantes\/","title":{"rendered":"Nova jornada de trabalho \u00e9 criticada por lideran\u00e7a dos empres\u00e1rios de bares e restaurantes"},"content":{"rendered":"<p>O fim da escala de trabalho 6 X 1, na qual o descanso remunerado ocorre apenas aos domingos, \u00e9 uma \u201cideia estapaf\u00fardia\u201d na opini\u00e3o de Paulo Solmucci J\u00fanior, presidente executivo da Abrasel (Associa\u00e7\u00e3o Brasileira de Bares e Restaurantes).<\/p>\n<p>Segundo ele, a PEC (proposta de emenda \u00e0 Constitui\u00e7\u00e3o) que prop\u00f5e a mudan\u00e7a n\u00e3o dever\u00e1 ser aprovada. \u201cN\u00e3o vejo chance de uma ideia estapaf\u00fardia dessa prosperar\u201d, disse \u00e0 Folha. Mas, caso passe pela C\u00e2mara dos Deputados e pelo Senado, a medida poder\u00e1 elevar os pre\u00e7os de produtos e servi\u00e7os em 15%.<\/p>\n<p>A redu\u00e7\u00e3o de jornada est\u00e1 sendo proposta pela deputada Erika Hilton (PSOL-SP), que busca assinaturas para dar andamento \u00e0 PEC. S\u00e3o necess\u00e1rias 171 assinaturas dos 513 deputados. At\u00e9 a noite desta segunda-feira (11), havia 132.<\/p>\n<p>A altera\u00e7\u00e3o instituiria jornada semanal de 36 horas ante a jornada atual, de 44 horas semanais.<\/p>\n<p>Para Solmucci J\u00fanior, o trabalhador j\u00e1 tem a op\u00e7\u00e3o de escolher outras escalas, se n\u00e3o quiser trabalhar as 44 horas semanais previstas pela Constitui\u00e7\u00e3o Federal e pela CLT (Consolida\u00e7\u00e3o das Leis do Trabalho).<\/p>\n<p>O empres\u00e1rio afirma ainda que a demanda por bares e restaurantes abertos sete dias por semana vem dos clientes e n\u00e3o atend\u00ea-los \u00e9 um problema econ\u00f4mico.<\/p>\n<p>\u201cTodo mundo quer bar e restaurante dispon\u00edvel a semana inteira, e querem a custo baixo. A\u00ed voc\u00ea v\u00ea as pessoas querendo inviabilizar para o consumidor. E j\u00e1 estamos com dificuldades enormes com trabalhadores\u201d, afirma.<\/p>\n<p>Solmucci afirma que a quest\u00e3o j\u00e1 est\u00e1 regulamentada e pacificada tanto na Constitui\u00e7\u00e3o quanto na CLT e, por isso, n\u00e3o precisa de uma emenda constitucional.<\/p>\n<p>\u201cA Abrasel integra a uni\u00e3o nacional das entidades de com\u00e9rcio e servi\u00e7os onde est\u00e3o as maiores entidades, representada por uma frente parlamentar muito forte. Tenho certeza que essa frente de quase 300 parlamentares n\u00e3o vai deixar prosperar.\u201d<\/p>\n<p>Dentro da pr\u00f3pria associa\u00e7\u00e3o, no entanto, a medida divide opini\u00f5es. Para alguns diretores, a falta de m\u00e3o de obra \u00e9 uma das justificativas para a mudan\u00e7a na escala de trabalho, com mais folgas aos trabalhadores, e automatiza\u00e7\u00e3o maior dos servi\u00e7os.<\/p>\n<p>\u201cAo meu ver, no processo civilizat\u00f3rio, a gente deveria estar indo para uma economia em que as pessoas trabalhassem menos, J\u00e1 temos cada vez mais m\u00e1quinas que trabalham por n\u00f3s. O problema \u00e9 produtividade, a concorr\u00eancia e uma economia subdesenvolvida, que patina\u201d, diz o advogado Percival Maricato, diretor da Abrasel.<\/p>\n<p>Leonel Paim, presidente da AbraselSP (Associa\u00e7\u00e3o Brasileira de Bares e Restaurantes de SP), afirma que, hoje h\u00e1 outras op\u00e7\u00f5es de trabalho, com mais liberdade para o profissional, e isso pode estar afastando os trabalhadores da \u00e1rea de bares e restaurante.<\/p>\n<p>Paim trata ainda das diferen\u00e7as de atividades dependendo da localidade. Segundo ele, estabelecimentos em cidades tur\u00edsticas j\u00e1 n\u00e3o abrem de segunda a quarta, e t\u00eam funcionamento de quinta a domingo.<\/p>\n<p>Maricato acredita que o Congresso pode chegar a um meio-termo, com a redu\u00e7\u00e3o da jornada de 44 horas semanais para 40 horas, instituindo a jornada 5 X 2 para todos os trabalhadores, como j\u00e1 h\u00e1 em muitos setores. E, s\u00f3 depois, evoluir para os quatro dias de trabalho e tr\u00eas de descanso, como em pa\u00edses da Europa.<\/p>\n<p>\u201cEst\u00e1 na hora de a gente conseguir um equil\u00edbrio\u201d, diz.<\/p>\n<p>O texto da PEC prop\u00f5e alterar o artigo 7\u00ba da Constitui\u00e7\u00e3o, no inciso 8, que trata sobre a jornada de trabalho. A sugest\u00e3o \u00e9 de jornada de quatro dias semanais, medida adotada em alguns pa\u00edses do mundo e que chegou a ser testada no Brasil por algumas empresas.<\/p>\n<p>O trecho passaria a vigorar da seguinte forma: \u201cDura\u00e7\u00e3o do trabalho normal n\u00e3o superior a oito horas di\u00e1rias e trinta e seis horas semanais, com jornada de trabalho de quatro dias por semana, facultada a compensa\u00e7\u00e3o de hor\u00e1rios e a redu\u00e7\u00e3o de jornada, mediante acordo ou conven\u00e7\u00e3o coletiva de trabalho\u201d.<\/p>\n<p>Hoje, a Constitui\u00e7\u00e3o determina jornada de trabalho limitada a \u201coito horas di\u00e1rias e quarenta e quatro semanais, facultada a compensa\u00e7\u00e3o de hor\u00e1rios e a redu\u00e7\u00e3o da jornada, mediante acordo ou conven\u00e7\u00e3o coletiva de trabalho\u201d.<\/p>\n<p>Em geral, boa parte dos trabalhadores t\u00eam escala 5 X 2, com exce\u00e7\u00e3o de atividades especiais, autorizadas a funcionar aos domingos. Na jornada de cinco dias de trabalho, \u00e9 necess\u00e1rio cumprir mais horas di\u00e1rias do que as oito necess\u00e1rias, para n\u00e3o precisar ir \u00e0 empresa aos s\u00e1bados.<\/p>\n<p>A deputada Erika Hilton protocolou a medida na C\u00e2mara em 1\u00ba de Maio, quando se celebra o Dia do Trabalho no Brasil e no mundo, ocasi\u00e3o na qual tamb\u00e9m a levou ao ministro do Trabalho, Luiz Marinho.<\/p>\n<p>A proposta foi apresentada a ela pelo Movimento VAT (Vida Al\u00e9m do Trabalho), encabe\u00e7ado pelo rec\u00e9m-eleito vereador Rick Azevedo (PSOL-RJ).<\/p>\n<p>\u201cAbracei de imediato por compreender ser um debate importante, relevante\u201d, disse a deputada \u00e0 Folha.<\/p>\n<p>Fonte: Pol\u00edtica Livre<\/p>\n<div class='share-to-whatsapp-wrapper'><div class='share-on-whsp'>Share on: <\/div><a data-text='Nova jornada de trabalho \u00e9 criticada por lideran\u00e7a dos empres\u00e1rios de bares e restaurantes' data-link='https:\/\/newsinfoco.com.br\/inicio\/nova-jornada-de-trabalho-e-criticada-por-lideranca-dos-empresarios-de-bares-e-restaurantes\/' class='whatsapp-button whatsapp-share'>WhatsApp<\/a><div class='clear '><\/div><\/div>","protected":false},"excerpt":{"rendered":"<p>O fim da escala de trabalho 6 X 1, na qual o descanso remunerado ocorre apenas aos domingos, \u00e9 uma \u201cideia estapaf\u00fardia\u201d na opini\u00e3o de Paulo Solmucci J\u00fanior, presidente executivo da Abrasel (Associa\u00e7\u00e3o Brasileira de Bares e Restaurantes). Segundo ele, a PEC (proposta de emenda \u00e0 Constitui\u00e7\u00e3o) que prop\u00f5e a mudan\u00e7a n\u00e3o dever\u00e1 ser aprovada. [&hellip;]<\/p>\n","protected":false},"author":1,"featured_media":36680,"comment_status":"closed","ping_status":"closed","sticky":false,"template":"","format":"standard","meta":{"om_disable_all_campaigns":false,"rop_custom_images_group":[],"rop_custom_messages_group":[],"rop_publish_now":"initial","rop_publish_now_accounts":[],"rop_publish_now_history":[],"rop_publish_now_status":"pending","_exactmetrics_skip_tracking":false,"footnotes":""},"categories":[21],"tags":[],"class_list":["post-36679","post","type-post","status-publish","format-standard","has-post-thumbnail","hentry","category-brasil"],"aioseo_notices":[],"aioseo_head":"\n\t\t<!-- All in One SEO 4.9.10 - aioseo.com -->\n\t<meta name=\"description\" content=\"O fim da escala de trabalho 6 X 1, na qual o descanso remunerado ocorre apenas aos domingos, \u00e9 uma \u201cideia estapaf\u00fardia\u201d na opini\u00e3o de Paulo Solmucci J\u00fanior, presidente executivo da Abrasel (Associa\u00e7\u00e3o Brasileira de Bares e Restaurantes). Segundo ele, a PEC (proposta de emenda \u00e0 Constitui\u00e7\u00e3o) que prop\u00f5e a mudan\u00e7a n\u00e3o dever\u00e1 ser aprovada.\" \/>\n\t<meta name=\"robots\" content=\"max-image-preview:large\" \/>\n\t<meta name=\"author\" content=\"administrador\"\/>\n\t<link rel=\"canonical\" href=\"https:\/\/newsinfoco.com.br\/inicio\/nova-jornada-de-trabalho-e-criticada-por-lideranca-dos-empresarios-de-bares-e-restaurantes\/\" \/>\n\t<meta name=\"generator\" content=\"All in One SEO (AIOSEO) 4.9.10\" \/>\n\t\t<meta property=\"og:locale\" content=\"pt_BR\" \/>\n\t\t<meta property=\"og:site_name\" content=\"News In Foco - Editado por Caio Pimenta - O principal site de noticias de Alagoinhas e regi\u00e3o\" \/>\n\t\t<meta property=\"og:type\" content=\"article\" \/>\n\t\t<meta property=\"og:title\" content=\"Nova jornada de trabalho \u00e9 criticada por lideran\u00e7a dos empres\u00e1rios de bares e restaurantes - News In Foco - Editado por Caio Pimenta\" \/>\n\t\t<meta property=\"og:description\" content=\"O fim da escala de trabalho 6 X 1, na qual o descanso remunerado ocorre apenas aos domingos, \u00e9 uma \u201cideia estapaf\u00fardia\u201d na opini\u00e3o de Paulo Solmucci J\u00fanior, presidente executivo da Abrasel (Associa\u00e7\u00e3o Brasileira de Bares e Restaurantes). Segundo ele, a PEC (proposta de emenda \u00e0 Constitui\u00e7\u00e3o) que prop\u00f5e a mudan\u00e7a n\u00e3o dever\u00e1 ser aprovada.\" \/>\n\t\t<meta property=\"og:url\" content=\"https:\/\/newsinfoco.com.br\/inicio\/nova-jornada-de-trabalho-e-criticada-por-lideranca-dos-empresarios-de-bares-e-restaurantes\/\" \/>\n\t\t<meta property=\"article:published_time\" content=\"2024-11-12T16:04:01+00:00\" \/>\n\t\t<meta property=\"article:modified_time\" content=\"2024-11-12T16:05:47+00:00\" \/>\n\t\t<meta name=\"twitter:card\" content=\"summary_large_image\" \/>\n\t\t<meta name=\"twitter:title\" content=\"Nova jornada de trabalho \u00e9 criticada por lideran\u00e7a dos empres\u00e1rios de bares e restaurantes - News In Foco - Editado por Caio Pimenta\" \/>\n\t\t<meta name=\"twitter:description\" content=\"O fim da escala de trabalho 6 X 1, na qual o descanso remunerado ocorre apenas aos domingos, \u00e9 uma \u201cideia estapaf\u00fardia\u201d na opini\u00e3o de Paulo Solmucci J\u00fanior, presidente executivo da Abrasel (Associa\u00e7\u00e3o Brasileira de Bares e Restaurantes). Segundo ele, a PEC (proposta de emenda \u00e0 Constitui\u00e7\u00e3o) que prop\u00f5e a mudan\u00e7a n\u00e3o dever\u00e1 ser aprovada.\" \/>\n\t\t<script type=\"application\/ld+json\" class=\"aioseo-schema\">\n\t\t\t{\"@context\":\"https:\\\/\\\/schema.org\",\"@graph\":[{\"@type\":\"BlogPosting\",\"@id\":\"https:\\\/\\\/newsinfoco.com.br\\\/inicio\\\/nova-jornada-de-trabalho-e-criticada-por-lideranca-dos-empresarios-de-bares-e-restaurantes\\\/#blogposting\",\"name\":\"Nova jornada de trabalho \\u00e9 criticada por lideran\\u00e7a dos empres\\u00e1rios de bares e restaurantes - News In Foco - Editado por Caio Pimenta\",\"headline\":\"Nova jornada de trabalho \\u00e9 criticada por lideran\\u00e7a dos empres\\u00e1rios de bares e restaurantes\",\"author\":{\"@id\":\"https:\\\/\\\/newsinfoco.com.br\\\/inicio\\\/author\\\/administrador\\\/#author\"},\"publisher\":{\"@id\":\"https:\\\/\\\/newsinfoco.com.br\\\/inicio\\\/#organization\"},\"image\":{\"@type\":\"ImageObject\",\"url\":\"https:\\\/\\\/newsinfoco.com.br\\\/inicio\\\/wp-content\\\/uploads\\\/2024\\\/11\\\/garcom-chines-servindo-jantar-em-restaurante_21477437_high.jpg\",\"width\":1400,\"height\":983},\"datePublished\":\"2024-11-12T13:04:01-03:00\",\"dateModified\":\"2024-11-12T13:05:47-03:00\",\"inLanguage\":\"pt-BR\",\"mainEntityOfPage\":{\"@id\":\"https:\\\/\\\/newsinfoco.com.br\\\/inicio\\\/nova-jornada-de-trabalho-e-criticada-por-lideranca-dos-empresarios-de-bares-e-restaurantes\\\/#webpage\"},\"isPartOf\":{\"@id\":\"https:\\\/\\\/newsinfoco.com.br\\\/inicio\\\/nova-jornada-de-trabalho-e-criticada-por-lideranca-dos-empresarios-de-bares-e-restaurantes\\\/#webpage\"},\"articleSection\":\"Brasil\"},{\"@type\":\"BreadcrumbList\",\"@id\":\"https:\\\/\\\/newsinfoco.com.br\\\/inicio\\\/nova-jornada-de-trabalho-e-criticada-por-lideranca-dos-empresarios-de-bares-e-restaurantes\\\/#breadcrumblist\",\"itemListElement\":[{\"@type\":\"ListItem\",\"@id\":\"https:\\\/\\\/newsinfoco.com.br\\\/inicio#listItem\",\"position\":1,\"name\":\"In\\u00edcio\",\"item\":\"https:\\\/\\\/newsinfoco.com.br\\\/inicio\",\"nextItem\":{\"@type\":\"ListItem\",\"@id\":\"https:\\\/\\\/newsinfoco.com.br\\\/inicio\\\/category\\\/brasil\\\/#listItem\",\"name\":\"Brasil\"}},{\"@type\":\"ListItem\",\"@id\":\"https:\\\/\\\/newsinfoco.com.br\\\/inicio\\\/category\\\/brasil\\\/#listItem\",\"position\":2,\"name\":\"Brasil\",\"item\":\"https:\\\/\\\/newsinfoco.com.br\\\/inicio\\\/category\\\/brasil\\\/\",\"nextItem\":{\"@type\":\"ListItem\",\"@id\":\"https:\\\/\\\/newsinfoco.com.br\\\/inicio\\\/nova-jornada-de-trabalho-e-criticada-por-lideranca-dos-empresarios-de-bares-e-restaurantes\\\/#listItem\",\"name\":\"Nova jornada de trabalho \\u00e9 criticada por lideran\\u00e7a dos empres\\u00e1rios de bares e restaurantes\"},\"previousItem\":{\"@type\":\"ListItem\",\"@id\":\"https:\\\/\\\/newsinfoco.com.br\\\/inicio#listItem\",\"name\":\"In\\u00edcio\"}},{\"@type\":\"ListItem\",\"@id\":\"https:\\\/\\\/newsinfoco.com.br\\\/inicio\\\/nova-jornada-de-trabalho-e-criticada-por-lideranca-dos-empresarios-de-bares-e-restaurantes\\\/#listItem\",\"position\":3,\"name\":\"Nova jornada de trabalho \\u00e9 criticada por lideran\\u00e7a dos empres\\u00e1rios de bares e restaurantes\",\"previousItem\":{\"@type\":\"ListItem\",\"@id\":\"https:\\\/\\\/newsinfoco.com.br\\\/inicio\\\/category\\\/brasil\\\/#listItem\",\"name\":\"Brasil\"}}]},{\"@type\":\"Organization\",\"@id\":\"https:\\\/\\\/newsinfoco.com.br\\\/inicio\\\/#organization\",\"name\":\"News In Foco - Editado por Caio Pimenta\",\"description\":\"O principal site de noticias de Alagoinhas e regi\\u00e3o\",\"url\":\"https:\\\/\\\/newsinfoco.com.br\\\/inicio\\\/\"},{\"@type\":\"Person\",\"@id\":\"https:\\\/\\\/newsinfoco.com.br\\\/inicio\\\/author\\\/administrador\\\/#author\",\"url\":\"https:\\\/\\\/newsinfoco.com.br\\\/inicio\\\/author\\\/administrador\\\/\",\"name\":\"administrador\",\"image\":{\"@type\":\"ImageObject\",\"@id\":\"https:\\\/\\\/newsinfoco.com.br\\\/inicio\\\/nova-jornada-de-trabalho-e-criticada-por-lideranca-dos-empresarios-de-bares-e-restaurantes\\\/#authorImage\",\"url\":\"https:\\\/\\\/secure.gravatar.com\\\/avatar\\\/c17a617433de8c1dc9584bb79aab7563b46f5bb7e1728c9b17d9cc3ce6a08e49?s=96&d=mm&r=g\",\"width\":96,\"height\":96,\"caption\":\"administrador\"}},{\"@type\":\"WebPage\",\"@id\":\"https:\\\/\\\/newsinfoco.com.br\\\/inicio\\\/nova-jornada-de-trabalho-e-criticada-por-lideranca-dos-empresarios-de-bares-e-restaurantes\\\/#webpage\",\"url\":\"https:\\\/\\\/newsinfoco.com.br\\\/inicio\\\/nova-jornada-de-trabalho-e-criticada-por-lideranca-dos-empresarios-de-bares-e-restaurantes\\\/\",\"name\":\"Nova jornada de trabalho \\u00e9 criticada por lideran\\u00e7a dos empres\\u00e1rios de bares e restaurantes - News In Foco - Editado por Caio Pimenta\",\"description\":\"O fim da escala de trabalho 6 X 1, na qual o descanso remunerado ocorre apenas aos domingos, \\u00e9 uma \\u201cideia estapaf\\u00fardia\\u201d na opini\\u00e3o de Paulo Solmucci J\\u00fanior, presidente executivo da Abrasel (Associa\\u00e7\\u00e3o Brasileira de Bares e Restaurantes). Segundo ele, a PEC (proposta de emenda \\u00e0 Constitui\\u00e7\\u00e3o) que prop\\u00f5e a mudan\\u00e7a n\\u00e3o dever\\u00e1 ser aprovada.\",\"inLanguage\":\"pt-BR\",\"isPartOf\":{\"@id\":\"https:\\\/\\\/newsinfoco.com.br\\\/inicio\\\/#website\"},\"breadcrumb\":{\"@id\":\"https:\\\/\\\/newsinfoco.com.br\\\/inicio\\\/nova-jornada-de-trabalho-e-criticada-por-lideranca-dos-empresarios-de-bares-e-restaurantes\\\/#breadcrumblist\"},\"author\":{\"@id\":\"https:\\\/\\\/newsinfoco.com.br\\\/inicio\\\/author\\\/administrador\\\/#author\"},\"creator\":{\"@id\":\"https:\\\/\\\/newsinfoco.com.br\\\/inicio\\\/author\\\/administrador\\\/#author\"},\"image\":{\"@type\":\"ImageObject\",\"url\":\"https:\\\/\\\/newsinfoco.com.br\\\/inicio\\\/wp-content\\\/uploads\\\/2024\\\/11\\\/garcom-chines-servindo-jantar-em-restaurante_21477437_high.jpg\",\"@id\":\"https:\\\/\\\/newsinfoco.com.br\\\/inicio\\\/nova-jornada-de-trabalho-e-criticada-por-lideranca-dos-empresarios-de-bares-e-restaurantes\\\/#mainImage\",\"width\":1400,\"height\":983},\"primaryImageOfPage\":{\"@id\":\"https:\\\/\\\/newsinfoco.com.br\\\/inicio\\\/nova-jornada-de-trabalho-e-criticada-por-lideranca-dos-empresarios-de-bares-e-restaurantes\\\/#mainImage\"},\"datePublished\":\"2024-11-12T13:04:01-03:00\",\"dateModified\":\"2024-11-12T13:05:47-03:00\"},{\"@type\":\"WebSite\",\"@id\":\"https:\\\/\\\/newsinfoco.com.br\\\/inicio\\\/#website\",\"url\":\"https:\\\/\\\/newsinfoco.com.br\\\/inicio\\\/\",\"name\":\"News In Foco - Editado por Caio Pimenta\",\"description\":\"O principal site de noticias de Alagoinhas e regi\\u00e3o\",\"inLanguage\":\"pt-BR\",\"publisher\":{\"@id\":\"https:\\\/\\\/newsinfoco.com.br\\\/inicio\\\/#organization\"}}]}\n\t\t<\/script>\n\t\t<!-- All in One SEO -->\n\n","aioseo_head_json":{"title":"Nova jornada de trabalho \u00e9 criticada por lideran\u00e7a dos empres\u00e1rios de bares e restaurantes - News In Foco - Editado por Caio Pimenta","description":"O fim da escala de trabalho 6 X 1, na qual o descanso remunerado ocorre apenas aos domingos, \u00e9 uma \u201cideia estapaf\u00fardia\u201d na opini\u00e3o de Paulo Solmucci J\u00fanior, presidente executivo da Abrasel (Associa\u00e7\u00e3o Brasileira de Bares e Restaurantes). Segundo ele, a PEC (proposta de emenda \u00e0 Constitui\u00e7\u00e3o) que prop\u00f5e a mudan\u00e7a n\u00e3o dever\u00e1 ser aprovada.","canonical_url":"https:\/\/newsinfoco.com.br\/inicio\/nova-jornada-de-trabalho-e-criticada-por-lideranca-dos-empresarios-de-bares-e-restaurantes\/","robots":"max-image-preview:large","keywords":"","webmasterTools":{"miscellaneous":""},"schema":{"@context":"https:\/\/schema.org","@graph":[{"@type":"BlogPosting","@id":"https:\/\/newsinfoco.com.br\/inicio\/nova-jornada-de-trabalho-e-criticada-por-lideranca-dos-empresarios-de-bares-e-restaurantes\/#blogposting","name":"Nova jornada de trabalho \u00e9 criticada por lideran\u00e7a dos empres\u00e1rios de bares e restaurantes - News In Foco - Editado por Caio Pimenta","headline":"Nova jornada de trabalho \u00e9 criticada por lideran\u00e7a dos empres\u00e1rios de bares e restaurantes","author":{"@id":"https:\/\/newsinfoco.com.br\/inicio\/author\/administrador\/#author"},"publisher":{"@id":"https:\/\/newsinfoco.com.br\/inicio\/#organization"},"image":{"@type":"ImageObject","url":"https:\/\/newsinfoco.com.br\/inicio\/wp-content\/uploads\/2024\/11\/garcom-chines-servindo-jantar-em-restaurante_21477437_high.jpg","width":1400,"height":983},"datePublished":"2024-11-12T13:04:01-03:00","dateModified":"2024-11-12T13:05:47-03:00","inLanguage":"pt-BR","mainEntityOfPage":{"@id":"https:\/\/newsinfoco.com.br\/inicio\/nova-jornada-de-trabalho-e-criticada-por-lideranca-dos-empresarios-de-bares-e-restaurantes\/#webpage"},"isPartOf":{"@id":"https:\/\/newsinfoco.com.br\/inicio\/nova-jornada-de-trabalho-e-criticada-por-lideranca-dos-empresarios-de-bares-e-restaurantes\/#webpage"},"articleSection":"Brasil"},{"@type":"BreadcrumbList","@id":"https:\/\/newsinfoco.com.br\/inicio\/nova-jornada-de-trabalho-e-criticada-por-lideranca-dos-empresarios-de-bares-e-restaurantes\/#breadcrumblist","itemListElement":[{"@type":"ListItem","@id":"https:\/\/newsinfoco.com.br\/inicio#listItem","position":1,"name":"In\u00edcio","item":"https:\/\/newsinfoco.com.br\/inicio","nextItem":{"@type":"ListItem","@id":"https:\/\/newsinfoco.com.br\/inicio\/category\/brasil\/#listItem","name":"Brasil"}},{"@type":"ListItem","@id":"https:\/\/newsinfoco.com.br\/inicio\/category\/brasil\/#listItem","position":2,"name":"Brasil","item":"https:\/\/newsinfoco.com.br\/inicio\/category\/brasil\/","nextItem":{"@type":"ListItem","@id":"https:\/\/newsinfoco.com.br\/inicio\/nova-jornada-de-trabalho-e-criticada-por-lideranca-dos-empresarios-de-bares-e-restaurantes\/#listItem","name":"Nova jornada de trabalho \u00e9 criticada por lideran\u00e7a dos empres\u00e1rios de bares e restaurantes"},"previousItem":{"@type":"ListItem","@id":"https:\/\/newsinfoco.com.br\/inicio#listItem","name":"In\u00edcio"}},{"@type":"ListItem","@id":"https:\/\/newsinfoco.com.br\/inicio\/nova-jornada-de-trabalho-e-criticada-por-lideranca-dos-empresarios-de-bares-e-restaurantes\/#listItem","position":3,"name":"Nova jornada de trabalho \u00e9 criticada por lideran\u00e7a dos empres\u00e1rios de bares e restaurantes","previousItem":{"@type":"ListItem","@id":"https:\/\/newsinfoco.com.br\/inicio\/category\/brasil\/#listItem","name":"Brasil"}}]},{"@type":"Organization","@id":"https:\/\/newsinfoco.com.br\/inicio\/#organization","name":"News In Foco - Editado por Caio Pimenta","description":"O principal site de noticias de Alagoinhas e regi\u00e3o","url":"https:\/\/newsinfoco.com.br\/inicio\/"},{"@type":"Person","@id":"https:\/\/newsinfoco.com.br\/inicio\/author\/administrador\/#author","url":"https:\/\/newsinfoco.com.br\/inicio\/author\/administrador\/","name":"administrador","image":{"@type":"ImageObject","@id":"https:\/\/newsinfoco.com.br\/inicio\/nova-jornada-de-trabalho-e-criticada-por-lideranca-dos-empresarios-de-bares-e-restaurantes\/#authorImage","url":"https:\/\/secure.gravatar.com\/avatar\/c17a617433de8c1dc9584bb79aab7563b46f5bb7e1728c9b17d9cc3ce6a08e49?s=96&d=mm&r=g","width":96,"height":96,"caption":"administrador"}},{"@type":"WebPage","@id":"https:\/\/newsinfoco.com.br\/inicio\/nova-jornada-de-trabalho-e-criticada-por-lideranca-dos-empresarios-de-bares-e-restaurantes\/#webpage","url":"https:\/\/newsinfoco.com.br\/inicio\/nova-jornada-de-trabalho-e-criticada-por-lideranca-dos-empresarios-de-bares-e-restaurantes\/","name":"Nova jornada de trabalho \u00e9 criticada por lideran\u00e7a dos empres\u00e1rios de bares e restaurantes - News In Foco - Editado por Caio Pimenta","description":"O fim da escala de trabalho 6 X 1, na qual o descanso remunerado ocorre apenas aos domingos, \u00e9 uma \u201cideia estapaf\u00fardia\u201d na opini\u00e3o de Paulo Solmucci J\u00fanior, presidente executivo da Abrasel (Associa\u00e7\u00e3o Brasileira de Bares e Restaurantes). Segundo ele, a PEC (proposta de emenda \u00e0 Constitui\u00e7\u00e3o) que prop\u00f5e a mudan\u00e7a n\u00e3o dever\u00e1 ser aprovada.","inLanguage":"pt-BR","isPartOf":{"@id":"https:\/\/newsinfoco.com.br\/inicio\/#website"},"breadcrumb":{"@id":"https:\/\/newsinfoco.com.br\/inicio\/nova-jornada-de-trabalho-e-criticada-por-lideranca-dos-empresarios-de-bares-e-restaurantes\/#breadcrumblist"},"author":{"@id":"https:\/\/newsinfoco.com.br\/inicio\/author\/administrador\/#author"},"creator":{"@id":"https:\/\/newsinfoco.com.br\/inicio\/author\/administrador\/#author"},"image":{"@type":"ImageObject","url":"https:\/\/newsinfoco.com.br\/inicio\/wp-content\/uploads\/2024\/11\/garcom-chines-servindo-jantar-em-restaurante_21477437_high.jpg","@id":"https:\/\/newsinfoco.com.br\/inicio\/nova-jornada-de-trabalho-e-criticada-por-lideranca-dos-empresarios-de-bares-e-restaurantes\/#mainImage","width":1400,"height":983},"primaryImageOfPage":{"@id":"https:\/\/newsinfoco.com.br\/inicio\/nova-jornada-de-trabalho-e-criticada-por-lideranca-dos-empresarios-de-bares-e-restaurantes\/#mainImage"},"datePublished":"2024-11-12T13:04:01-03:00","dateModified":"2024-11-12T13:05:47-03:00"},{"@type":"WebSite","@id":"https:\/\/newsinfoco.com.br\/inicio\/#website","url":"https:\/\/newsinfoco.com.br\/inicio\/","name":"News In Foco - Editado por Caio Pimenta","description":"O principal site de noticias de Alagoinhas e regi\u00e3o","inLanguage":"pt-BR","publisher":{"@id":"https:\/\/newsinfoco.com.br\/inicio\/#organization"}}]},"og:locale":"pt_BR","og:site_name":"News In Foco - Editado por Caio Pimenta - O principal site de noticias de Alagoinhas e regi\u00e3o","og:type":"article","og:title":"Nova jornada de trabalho \u00e9 criticada por lideran\u00e7a dos empres\u00e1rios de bares e restaurantes - News In Foco - Editado por Caio Pimenta","og:description":"O fim da escala de trabalho 6 X 1, na qual o descanso remunerado ocorre apenas aos domingos, \u00e9 uma \u201cideia estapaf\u00fardia\u201d na opini\u00e3o de Paulo Solmucci J\u00fanior, presidente executivo da Abrasel (Associa\u00e7\u00e3o Brasileira de Bares e Restaurantes). Segundo ele, a PEC (proposta de emenda \u00e0 Constitui\u00e7\u00e3o) que prop\u00f5e a mudan\u00e7a n\u00e3o dever\u00e1 ser aprovada.","og:url":"https:\/\/newsinfoco.com.br\/inicio\/nova-jornada-de-trabalho-e-criticada-por-lideranca-dos-empresarios-de-bares-e-restaurantes\/","article:published_time":"2024-11-12T16:04:01+00:00","article:modified_time":"2024-11-12T16:05:47+00:00","twitter:card":"summary_large_image","twitter:title":"Nova jornada de trabalho \u00e9 criticada por lideran\u00e7a dos empres\u00e1rios de bares e restaurantes - News In Foco - Editado por Caio Pimenta","twitter:description":"O fim da escala de trabalho 6 X 1, na qual o descanso remunerado ocorre apenas aos domingos, \u00e9 uma \u201cideia estapaf\u00fardia\u201d na opini\u00e3o de Paulo Solmucci J\u00fanior, presidente executivo da Abrasel (Associa\u00e7\u00e3o Brasileira de Bares e Restaurantes). Segundo ele, a PEC (proposta de emenda \u00e0 Constitui\u00e7\u00e3o) que prop\u00f5e a mudan\u00e7a n\u00e3o dever\u00e1 ser aprovada."},"aioseo_meta_data":{"post_id":"36679","title":null,"description":null,"keywords":null,"keyphrases":{"focus":{"keyphrase":"","score":0,"analysis":{"keyphraseInTitle":{"score":0,"maxScore":9,"error":1}}},"additional":[]},"primary_term":null,"canonical_url":null,"og_title":null,"og_description":null,"og_object_type":"default","og_image_type":"default","og_image_url":null,"og_image_width":null,"og_image_height":null,"og_image_custom_url":null,"og_image_custom_fields":null,"og_video":"","og_custom_url":null,"og_article_section":null,"og_article_tags":null,"twitter_use_og":false,"twitter_card":"default","twitter_image_type":"default","twitter_image_url":null,"twitter_image_custom_url":null,"twitter_image_custom_fields":null,"twitter_title":null,"twitter_description":null,"schema":{"blockGraphs":[],"customGraphs":[],"default":{"data":{"Article":[],"Course":[],"Dataset":[],"FAQPage":[],"Movie":[],"Person":[],"Product":[],"ProductReview":[],"Car":[],"Recipe":[],"Service":[],"SoftwareApplication":[],"WebPage":[]},"graphName":"BlogPosting","isEnabled":true},"graphs":[]},"schema_type":"default","schema_type_options":null,"pillar_content":false,"robots_default":true,"robots_noindex":false,"robots_noarchive":false,"robots_nosnippet":false,"robots_nofollow":false,"robots_noimageindex":false,"robots_noodp":false,"robots_notranslate":false,"robots_max_snippet":"-1","robots_max_videopreview":"-1","robots_max_imagepreview":"large","priority":null,"frequency":"default","local_seo":null,"breadcrumb_settings":null,"limit_modified_date":false,"ai":null,"created":"2024-11-12 16:04:01","updated":"2025-07-11 10:58:53","seo_analyzer_scan_date":null},"aioseo_breadcrumb":"<div class=\"aioseo-breadcrumbs\"><span class=\"aioseo-breadcrumb\">\n\t\t\t<a href=\"https:\/\/newsinfoco.com.br\/inicio\" title=\"In\u00edcio\">In\u00edcio<\/a>\n\t\t<\/span><span class=\"aioseo-breadcrumb-separator\">&raquo;<\/span><span class=\"aioseo-breadcrumb\">\n\t\t\t<a href=\"https:\/\/newsinfoco.com.br\/inicio\/category\/brasil\/\" title=\"Brasil\">Brasil<\/a>\n\t\t<\/span><span class=\"aioseo-breadcrumb-separator\">&raquo;<\/span><span class=\"aioseo-breadcrumb\">\n\t\t\tNova jornada de trabalho \u00e9 criticada por lideran\u00e7a dos empres\u00e1rios de bares e restaurantes\n\t\t<\/span><\/div>","aioseo_breadcrumb_json":[{"label":"In\u00edcio","link":"https:\/\/newsinfoco.com.br\/inicio"},{"label":"Brasil","link":"https:\/\/newsinfoco.com.br\/inicio\/category\/brasil\/"},{"label":"Nova jornada de trabalho \u00e9 criticada por lideran\u00e7a dos empres\u00e1rios de bares e restaurantes","link":"https:\/\/newsinfoco.com.br\/inicio\/nova-jornada-de-trabalho-e-criticada-por-lideranca-dos-empresarios-de-bares-e-restaurantes\/"}],"_links":{"self":[{"href":"https:\/\/newsinfoco.com.br\/inicio\/wp-json\/wp\/v2\/posts\/36679","targetHints":{"allow":["GET"]}}],"collection":[{"href":"https:\/\/newsinfoco.com.br\/inicio\/wp-json\/wp\/v2\/posts"}],"about":[{"href":"https:\/\/newsinfoco.com.br\/inicio\/wp-json\/wp\/v2\/types\/post"}],"author":[{"embeddable":true,"href":"https:\/\/newsinfoco.com.br\/inicio\/wp-json\/wp\/v2\/users\/1"}],"replies":[{"embeddable":true,"href":"https:\/\/newsinfoco.com.br\/inicio\/wp-json\/wp\/v2\/comments?post=36679"}],"version-history":[{"count":2,"href":"https:\/\/newsinfoco.com.br\/inicio\/wp-json\/wp\/v2\/posts\/36679\/revisions"}],"predecessor-version":[{"id":36682,"href":"https:\/\/newsinfoco.com.br\/inicio\/wp-json\/wp\/v2\/posts\/36679\/revisions\/36682"}],"wp:featuredmedia":[{"embeddable":true,"href":"https:\/\/newsinfoco.com.br\/inicio\/wp-json\/wp\/v2\/media\/36680"}],"wp:attachment":[{"href":"https:\/\/newsinfoco.com.br\/inicio\/wp-json\/wp\/v2\/media?parent=36679"}],"wp:term":[{"taxonomy":"category","embeddable":true,"href":"https:\/\/newsinfoco.com.br\/inicio\/wp-json\/wp\/v2\/categories?post=36679"},{"taxonomy":"post_tag","embeddable":true,"href":"https:\/\/newsinfoco.com.br\/inicio\/wp-json\/wp\/v2\/tags?post=36679"}],"curies":[{"name":"wp","href":"https:\/\/api.w.org\/{rel}","templated":true}]}}