{"id":36706,"date":"2024-11-13T13:37:27","date_gmt":"2024-11-13T16:37:27","guid":{"rendered":"https:\/\/newsinfoco.com.br\/inicio\/?p=36706"},"modified":"2024-11-13T13:37:27","modified_gmt":"2024-11-13T16:37:27","slug":"governador-envia-pl-que-cria-a-delegacia-contra-intolerancia-racial-e-religiosa","status":"publish","type":"post","link":"https:\/\/newsinfoco.com.br\/inicio\/governador-envia-pl-que-cria-a-delegacia-contra-intolerancia-racial-e-religiosa\/","title":{"rendered":"Governador envia PL que cria a deleg\u00e1cia contra intoler\u00e2ncia racial e religiosa"},"content":{"rendered":"<p>O governador Jer\u00f4nimo Rodrigues (PT) enviou \u00e0 Alba (Assembleia Legislativa da Bahia) um projeto de lei que cria a Decrin (Delegacia Especializada de Repress\u00e3o aos Crimes por Discrimina\u00e7\u00e3o e Intoler\u00e2ncia Racial e Religiosa). Segundo o governador, a unidade ter\u00e1 sede em Salvador e atuar\u00e1 no combate \u00e0 intoler\u00e2ncia. O equipamento contar\u00e1 com um efetivo de 12 funcion\u00e1rios entre delegado, escriv\u00e3es, psic\u00f3logo, entre outros.<\/p>\n<p>\u201c\u00c9 um passo essencial para garantir a seguran\u00e7a e o respeito \u00e0 diversidade no nosso estado. Com a Decrin, teremos uma estrutura espec\u00edfica e dedicada para enfrentar crimes de intoler\u00e2ncia racial e religiosa, assegurando que nenhuma forma de discrimina\u00e7\u00e3o fique impune\u201d, diz Jer\u00f4nimo.<\/p>\n<p>De acordo com o sacerdote do Terreiro de Lemb\u00e1, em Cama\u00e7ari, Tata Ricardo Tavares, o projeto atende a uma reivindica\u00e7\u00e3o antiga. \u201cEssa \u00e9 uma luta hist\u00f3rica que os movimentos sociais, em especial os terreiros de candombl\u00e9 e os movimentos negros organizados, v\u00eam travando h\u00e1 d\u00e9cadas. Hoje, podemos comemorar a decis\u00e3o do poder p\u00fablico de instituir uma delegacia especializada no combate aos crimes de intoler\u00e2ncia religiosa, crimes que v\u00eam crescendo de forma alarmante. Isso preocupa, profundamente, n\u00f3s, adeptos das religi\u00f5es de matriz africana, devido \u00e0 voracidade e perversidade com que essas agress\u00f5es se manifestam e se renovam a cada instante\u201d, afirmou ele, que \u00e9 representante do Conselho para a Sustentabilidade dos Povos e Comunidades Tradicionais do Estado da Bahia, vinculado \u00e0 Sepromi.<\/p>\n<p>A Decrin ser\u00e1 uma unidade do DPMCV (Departamento de Prote\u00e7\u00e3o \u00e0 Mulher, Cidadania e Pessoas Vulner\u00e1veis). Sua a\u00e7\u00e3o se estender\u00e1 aos postos da Pol\u00edcia Judici\u00e1ria localizados na regi\u00e3o metropolitana e no interior do estado, com colabora\u00e7\u00e3o em investiga\u00e7\u00f5es e processos administrativos.<\/p>\n<p>Fonte: Bahia.BA<\/p>\n<div>\n<div>\n<div class=\"trv-player-container\">\n<div class=\"trv-wrapper\">\n<div id=\"br_video_player_2c804a2dd3928809d59c356e396b169dc3c659f9\" class=\"trvd_video_player\">\n<div class=\"media-player\">\n<div class=\"trv-video\"><\/div>\n<div class=\"trv-poster\"><\/div>\n<\/div>\n<div class=\"trv-autoskip-container\">\n<div class=\"trv-autoskip-background\">\n<div class=\"trv-autoskip-line-top\">\n<div><\/div>\n<\/div>\n<div class=\"trv-autoskip-line-right\">\n<div><\/div>\n<\/div>\n<div class=\"trv-autoskip-line-bottom\">\n<div><\/div>\n<\/div>\n<div class=\"trv-autoskip-line-left\">\n<div><\/div>\n<\/div>\n<\/div>\n<div class=\"autoskip-btn autoskip-btn-blue\"><\/div>\n<div class=\"autoskip-btn autoskip-btn-gray\"><\/div>\n<\/div>\n<div><\/div>\n<p><img decoding=\"async\" src=\"https:\/\/ads.stickyadstv.com\/auto-user-sync?_fw_gdpr=0&amp;_fw_gdpr_consent=\" \/><img decoding=\"async\" src=\"https:\/\/ads.stickyadstv.com\/user-matching?id=2545&amp;_fw_gdpr=0&amp;_fw_gdpr_consent=\" \/><\/div>\n<\/div>\n<\/div>\n<\/div>\n<\/div>\n<div class='share-to-whatsapp-wrapper'><div class='share-on-whsp'>Share on: <\/div><a data-text='Governador envia PL que cria a deleg\u00e1cia contra intoler\u00e2ncia racial e religiosa' data-link='https:\/\/newsinfoco.com.br\/inicio\/governador-envia-pl-que-cria-a-delegacia-contra-intolerancia-racial-e-religiosa\/' class='whatsapp-button whatsapp-share'>WhatsApp<\/a><div class='clear '><\/div><\/div>","protected":false},"excerpt":{"rendered":"<p>O governador Jer\u00f4nimo Rodrigues (PT) enviou \u00e0 Alba (Assembleia Legislativa da Bahia) um projeto de lei que cria a Decrin (Delegacia Especializada de Repress\u00e3o aos Crimes por Discrimina\u00e7\u00e3o e Intoler\u00e2ncia Racial e Religiosa). Segundo o governador, a unidade ter\u00e1 sede em Salvador e atuar\u00e1 no combate \u00e0 intoler\u00e2ncia. O equipamento contar\u00e1 com um efetivo de [&hellip;]<\/p>\n","protected":false},"author":1,"featured_media":36707,"comment_status":"closed","ping_status":"closed","sticky":false,"template":"","format":"standard","meta":{"om_disable_all_campaigns":false,"rop_custom_images_group":[],"rop_custom_messages_group":[],"rop_publish_now":"initial","rop_publish_now_accounts":[],"rop_publish_now_history":[],"rop_publish_now_status":"pending","_exactmetrics_skip_tracking":false,"footnotes":""},"categories":[19],"tags":[],"class_list":["post-36706","post","type-post","status-publish","format-standard","has-post-thumbnail","hentry","category-bahia"],"aioseo_notices":[],"aioseo_head":"\n\t\t<!-- All in One SEO 4.9.10 - aioseo.com -->\n\t<meta name=\"description\" content=\"O governador Jer\u00f4nimo Rodrigues (PT) enviou \u00e0 Alba (Assembleia Legislativa da Bahia) um projeto de lei que cria a Decrin (Delegacia Especializada de Repress\u00e3o aos Crimes por Discrimina\u00e7\u00e3o e Intoler\u00e2ncia Racial e Religiosa). Segundo o governador, a unidade ter\u00e1 sede em Salvador e atuar\u00e1 no combate \u00e0 intoler\u00e2ncia. O equipamento contar\u00e1 com um efetivo de\" \/>\n\t<meta name=\"robots\" content=\"max-image-preview:large\" \/>\n\t<meta name=\"author\" content=\"administrador\"\/>\n\t<link rel=\"canonical\" href=\"https:\/\/newsinfoco.com.br\/inicio\/governador-envia-pl-que-cria-a-delegacia-contra-intolerancia-racial-e-religiosa\/\" \/>\n\t<meta name=\"generator\" content=\"All in One SEO (AIOSEO) 4.9.10\" \/>\n\t\t<meta property=\"og:locale\" content=\"pt_BR\" \/>\n\t\t<meta property=\"og:site_name\" content=\"News In Foco - Editado por Caio Pimenta - O principal site de noticias de Alagoinhas e regi\u00e3o\" \/>\n\t\t<meta property=\"og:type\" content=\"article\" \/>\n\t\t<meta property=\"og:title\" content=\"Governador envia PL que cria a deleg\u00e1cia contra intoler\u00e2ncia racial e religiosa - News In Foco - Editado por Caio Pimenta\" \/>\n\t\t<meta property=\"og:description\" content=\"O governador Jer\u00f4nimo Rodrigues (PT) enviou \u00e0 Alba (Assembleia Legislativa da Bahia) um projeto de lei que cria a Decrin (Delegacia Especializada de Repress\u00e3o aos Crimes por Discrimina\u00e7\u00e3o e Intoler\u00e2ncia Racial e Religiosa). Segundo o governador, a unidade ter\u00e1 sede em Salvador e atuar\u00e1 no combate \u00e0 intoler\u00e2ncia. O equipamento contar\u00e1 com um efetivo de\" \/>\n\t\t<meta property=\"og:url\" content=\"https:\/\/newsinfoco.com.br\/inicio\/governador-envia-pl-que-cria-a-delegacia-contra-intolerancia-racial-e-religiosa\/\" \/>\n\t\t<meta property=\"article:published_time\" content=\"2024-11-13T16:37:27+00:00\" \/>\n\t\t<meta property=\"article:modified_time\" content=\"2024-11-13T16:37:27+00:00\" \/>\n\t\t<meta name=\"twitter:card\" content=\"summary_large_image\" \/>\n\t\t<meta name=\"twitter:title\" content=\"Governador envia PL que cria a deleg\u00e1cia contra intoler\u00e2ncia racial e religiosa - News In Foco - Editado por Caio Pimenta\" \/>\n\t\t<meta name=\"twitter:description\" content=\"O governador Jer\u00f4nimo Rodrigues (PT) enviou \u00e0 Alba (Assembleia Legislativa da Bahia) um projeto de lei que cria a Decrin (Delegacia Especializada de Repress\u00e3o aos Crimes por Discrimina\u00e7\u00e3o e Intoler\u00e2ncia Racial e Religiosa). Segundo o governador, a unidade ter\u00e1 sede em Salvador e atuar\u00e1 no combate \u00e0 intoler\u00e2ncia. O equipamento contar\u00e1 com um efetivo de\" \/>\n\t\t<script type=\"application\/ld+json\" class=\"aioseo-schema\">\n\t\t\t{\"@context\":\"https:\\\/\\\/schema.org\",\"@graph\":[{\"@type\":\"BlogPosting\",\"@id\":\"https:\\\/\\\/newsinfoco.com.br\\\/inicio\\\/governador-envia-pl-que-cria-a-delegacia-contra-intolerancia-racial-e-religiosa\\\/#blogposting\",\"name\":\"Governador envia PL que cria a deleg\\u00e1cia contra intoler\\u00e2ncia racial e religiosa - News In Foco - Editado por Caio Pimenta\",\"headline\":\"Governador envia PL que cria a deleg\\u00e1cia contra intoler\\u00e2ncia racial e religiosa\",\"author\":{\"@id\":\"https:\\\/\\\/newsinfoco.com.br\\\/inicio\\\/author\\\/administrador\\\/#author\"},\"publisher\":{\"@id\":\"https:\\\/\\\/newsinfoco.com.br\\\/inicio\\\/#organization\"},\"image\":{\"@type\":\"ImageObject\",\"url\":\"https:\\\/\\\/newsinfoco.com.br\\\/inicio\\\/wp-content\\\/uploads\\\/2024\\\/11\\\/geronimo.jpg\",\"width\":600,\"height\":420},\"datePublished\":\"2024-11-13T13:37:27-03:00\",\"dateModified\":\"2024-11-13T13:37:27-03:00\",\"inLanguage\":\"pt-BR\",\"mainEntityOfPage\":{\"@id\":\"https:\\\/\\\/newsinfoco.com.br\\\/inicio\\\/governador-envia-pl-que-cria-a-delegacia-contra-intolerancia-racial-e-religiosa\\\/#webpage\"},\"isPartOf\":{\"@id\":\"https:\\\/\\\/newsinfoco.com.br\\\/inicio\\\/governador-envia-pl-que-cria-a-delegacia-contra-intolerancia-racial-e-religiosa\\\/#webpage\"},\"articleSection\":\"Bahia\"},{\"@type\":\"BreadcrumbList\",\"@id\":\"https:\\\/\\\/newsinfoco.com.br\\\/inicio\\\/governador-envia-pl-que-cria-a-delegacia-contra-intolerancia-racial-e-religiosa\\\/#breadcrumblist\",\"itemListElement\":[{\"@type\":\"ListItem\",\"@id\":\"https:\\\/\\\/newsinfoco.com.br\\\/inicio#listItem\",\"position\":1,\"name\":\"In\\u00edcio\",\"item\":\"https:\\\/\\\/newsinfoco.com.br\\\/inicio\",\"nextItem\":{\"@type\":\"ListItem\",\"@id\":\"https:\\\/\\\/newsinfoco.com.br\\\/inicio\\\/category\\\/bahia\\\/#listItem\",\"name\":\"Bahia\"}},{\"@type\":\"ListItem\",\"@id\":\"https:\\\/\\\/newsinfoco.com.br\\\/inicio\\\/category\\\/bahia\\\/#listItem\",\"position\":2,\"name\":\"Bahia\",\"item\":\"https:\\\/\\\/newsinfoco.com.br\\\/inicio\\\/category\\\/bahia\\\/\",\"nextItem\":{\"@type\":\"ListItem\",\"@id\":\"https:\\\/\\\/newsinfoco.com.br\\\/inicio\\\/governador-envia-pl-que-cria-a-delegacia-contra-intolerancia-racial-e-religiosa\\\/#listItem\",\"name\":\"Governador envia PL que cria a deleg\\u00e1cia contra intoler\\u00e2ncia racial e religiosa\"},\"previousItem\":{\"@type\":\"ListItem\",\"@id\":\"https:\\\/\\\/newsinfoco.com.br\\\/inicio#listItem\",\"name\":\"In\\u00edcio\"}},{\"@type\":\"ListItem\",\"@id\":\"https:\\\/\\\/newsinfoco.com.br\\\/inicio\\\/governador-envia-pl-que-cria-a-delegacia-contra-intolerancia-racial-e-religiosa\\\/#listItem\",\"position\":3,\"name\":\"Governador envia PL que cria a deleg\\u00e1cia contra intoler\\u00e2ncia racial e religiosa\",\"previousItem\":{\"@type\":\"ListItem\",\"@id\":\"https:\\\/\\\/newsinfoco.com.br\\\/inicio\\\/category\\\/bahia\\\/#listItem\",\"name\":\"Bahia\"}}]},{\"@type\":\"Organization\",\"@id\":\"https:\\\/\\\/newsinfoco.com.br\\\/inicio\\\/#organization\",\"name\":\"News In Foco - Editado por Caio Pimenta\",\"description\":\"O principal site de noticias de Alagoinhas e regi\\u00e3o\",\"url\":\"https:\\\/\\\/newsinfoco.com.br\\\/inicio\\\/\"},{\"@type\":\"Person\",\"@id\":\"https:\\\/\\\/newsinfoco.com.br\\\/inicio\\\/author\\\/administrador\\\/#author\",\"url\":\"https:\\\/\\\/newsinfoco.com.br\\\/inicio\\\/author\\\/administrador\\\/\",\"name\":\"administrador\",\"image\":{\"@type\":\"ImageObject\",\"@id\":\"https:\\\/\\\/newsinfoco.com.br\\\/inicio\\\/governador-envia-pl-que-cria-a-delegacia-contra-intolerancia-racial-e-religiosa\\\/#authorImage\",\"url\":\"https:\\\/\\\/secure.gravatar.com\\\/avatar\\\/c17a617433de8c1dc9584bb79aab7563b46f5bb7e1728c9b17d9cc3ce6a08e49?s=96&d=mm&r=g\",\"width\":96,\"height\":96,\"caption\":\"administrador\"}},{\"@type\":\"WebPage\",\"@id\":\"https:\\\/\\\/newsinfoco.com.br\\\/inicio\\\/governador-envia-pl-que-cria-a-delegacia-contra-intolerancia-racial-e-religiosa\\\/#webpage\",\"url\":\"https:\\\/\\\/newsinfoco.com.br\\\/inicio\\\/governador-envia-pl-que-cria-a-delegacia-contra-intolerancia-racial-e-religiosa\\\/\",\"name\":\"Governador envia PL que cria a deleg\\u00e1cia contra intoler\\u00e2ncia racial e religiosa - News In Foco - Editado por Caio Pimenta\",\"description\":\"O governador Jer\\u00f4nimo Rodrigues (PT) enviou \\u00e0 Alba (Assembleia Legislativa da Bahia) um projeto de lei que cria a Decrin (Delegacia Especializada de Repress\\u00e3o aos Crimes por Discrimina\\u00e7\\u00e3o e Intoler\\u00e2ncia Racial e Religiosa). Segundo o governador, a unidade ter\\u00e1 sede em Salvador e atuar\\u00e1 no combate \\u00e0 intoler\\u00e2ncia. O equipamento contar\\u00e1 com um efetivo de\",\"inLanguage\":\"pt-BR\",\"isPartOf\":{\"@id\":\"https:\\\/\\\/newsinfoco.com.br\\\/inicio\\\/#website\"},\"breadcrumb\":{\"@id\":\"https:\\\/\\\/newsinfoco.com.br\\\/inicio\\\/governador-envia-pl-que-cria-a-delegacia-contra-intolerancia-racial-e-religiosa\\\/#breadcrumblist\"},\"author\":{\"@id\":\"https:\\\/\\\/newsinfoco.com.br\\\/inicio\\\/author\\\/administrador\\\/#author\"},\"creator\":{\"@id\":\"https:\\\/\\\/newsinfoco.com.br\\\/inicio\\\/author\\\/administrador\\\/#author\"},\"image\":{\"@type\":\"ImageObject\",\"url\":\"https:\\\/\\\/newsinfoco.com.br\\\/inicio\\\/wp-content\\\/uploads\\\/2024\\\/11\\\/geronimo.jpg\",\"@id\":\"https:\\\/\\\/newsinfoco.com.br\\\/inicio\\\/governador-envia-pl-que-cria-a-delegacia-contra-intolerancia-racial-e-religiosa\\\/#mainImage\",\"width\":600,\"height\":420},\"primaryImageOfPage\":{\"@id\":\"https:\\\/\\\/newsinfoco.com.br\\\/inicio\\\/governador-envia-pl-que-cria-a-delegacia-contra-intolerancia-racial-e-religiosa\\\/#mainImage\"},\"datePublished\":\"2024-11-13T13:37:27-03:00\",\"dateModified\":\"2024-11-13T13:37:27-03:00\"},{\"@type\":\"WebSite\",\"@id\":\"https:\\\/\\\/newsinfoco.com.br\\\/inicio\\\/#website\",\"url\":\"https:\\\/\\\/newsinfoco.com.br\\\/inicio\\\/\",\"name\":\"News In Foco - Editado por Caio Pimenta\",\"description\":\"O principal site de noticias de Alagoinhas e regi\\u00e3o\",\"inLanguage\":\"pt-BR\",\"publisher\":{\"@id\":\"https:\\\/\\\/newsinfoco.com.br\\\/inicio\\\/#organization\"}}]}\n\t\t<\/script>\n\t\t<!-- All in One SEO -->\n\n","aioseo_head_json":{"title":"Governador envia PL que cria a deleg\u00e1cia contra intoler\u00e2ncia racial e religiosa - News In Foco - Editado por Caio Pimenta","description":"O governador Jer\u00f4nimo Rodrigues (PT) enviou \u00e0 Alba (Assembleia Legislativa da Bahia) um projeto de lei que cria a Decrin (Delegacia Especializada de Repress\u00e3o aos Crimes por Discrimina\u00e7\u00e3o e Intoler\u00e2ncia Racial e Religiosa). Segundo o governador, a unidade ter\u00e1 sede em Salvador e atuar\u00e1 no combate \u00e0 intoler\u00e2ncia. O equipamento contar\u00e1 com um efetivo de","canonical_url":"https:\/\/newsinfoco.com.br\/inicio\/governador-envia-pl-que-cria-a-delegacia-contra-intolerancia-racial-e-religiosa\/","robots":"max-image-preview:large","keywords":"","webmasterTools":{"miscellaneous":""},"schema":{"@context":"https:\/\/schema.org","@graph":[{"@type":"BlogPosting","@id":"https:\/\/newsinfoco.com.br\/inicio\/governador-envia-pl-que-cria-a-delegacia-contra-intolerancia-racial-e-religiosa\/#blogposting","name":"Governador envia PL que cria a deleg\u00e1cia contra intoler\u00e2ncia racial e religiosa - News In Foco - Editado por Caio Pimenta","headline":"Governador envia PL que cria a deleg\u00e1cia contra intoler\u00e2ncia racial e religiosa","author":{"@id":"https:\/\/newsinfoco.com.br\/inicio\/author\/administrador\/#author"},"publisher":{"@id":"https:\/\/newsinfoco.com.br\/inicio\/#organization"},"image":{"@type":"ImageObject","url":"https:\/\/newsinfoco.com.br\/inicio\/wp-content\/uploads\/2024\/11\/geronimo.jpg","width":600,"height":420},"datePublished":"2024-11-13T13:37:27-03:00","dateModified":"2024-11-13T13:37:27-03:00","inLanguage":"pt-BR","mainEntityOfPage":{"@id":"https:\/\/newsinfoco.com.br\/inicio\/governador-envia-pl-que-cria-a-delegacia-contra-intolerancia-racial-e-religiosa\/#webpage"},"isPartOf":{"@id":"https:\/\/newsinfoco.com.br\/inicio\/governador-envia-pl-que-cria-a-delegacia-contra-intolerancia-racial-e-religiosa\/#webpage"},"articleSection":"Bahia"},{"@type":"BreadcrumbList","@id":"https:\/\/newsinfoco.com.br\/inicio\/governador-envia-pl-que-cria-a-delegacia-contra-intolerancia-racial-e-religiosa\/#breadcrumblist","itemListElement":[{"@type":"ListItem","@id":"https:\/\/newsinfoco.com.br\/inicio#listItem","position":1,"name":"In\u00edcio","item":"https:\/\/newsinfoco.com.br\/inicio","nextItem":{"@type":"ListItem","@id":"https:\/\/newsinfoco.com.br\/inicio\/category\/bahia\/#listItem","name":"Bahia"}},{"@type":"ListItem","@id":"https:\/\/newsinfoco.com.br\/inicio\/category\/bahia\/#listItem","position":2,"name":"Bahia","item":"https:\/\/newsinfoco.com.br\/inicio\/category\/bahia\/","nextItem":{"@type":"ListItem","@id":"https:\/\/newsinfoco.com.br\/inicio\/governador-envia-pl-que-cria-a-delegacia-contra-intolerancia-racial-e-religiosa\/#listItem","name":"Governador envia PL que cria a deleg\u00e1cia contra intoler\u00e2ncia racial e religiosa"},"previousItem":{"@type":"ListItem","@id":"https:\/\/newsinfoco.com.br\/inicio#listItem","name":"In\u00edcio"}},{"@type":"ListItem","@id":"https:\/\/newsinfoco.com.br\/inicio\/governador-envia-pl-que-cria-a-delegacia-contra-intolerancia-racial-e-religiosa\/#listItem","position":3,"name":"Governador envia PL que cria a deleg\u00e1cia contra intoler\u00e2ncia racial e religiosa","previousItem":{"@type":"ListItem","@id":"https:\/\/newsinfoco.com.br\/inicio\/category\/bahia\/#listItem","name":"Bahia"}}]},{"@type":"Organization","@id":"https:\/\/newsinfoco.com.br\/inicio\/#organization","name":"News In Foco - Editado por Caio Pimenta","description":"O principal site de noticias de Alagoinhas e regi\u00e3o","url":"https:\/\/newsinfoco.com.br\/inicio\/"},{"@type":"Person","@id":"https:\/\/newsinfoco.com.br\/inicio\/author\/administrador\/#author","url":"https:\/\/newsinfoco.com.br\/inicio\/author\/administrador\/","name":"administrador","image":{"@type":"ImageObject","@id":"https:\/\/newsinfoco.com.br\/inicio\/governador-envia-pl-que-cria-a-delegacia-contra-intolerancia-racial-e-religiosa\/#authorImage","url":"https:\/\/secure.gravatar.com\/avatar\/c17a617433de8c1dc9584bb79aab7563b46f5bb7e1728c9b17d9cc3ce6a08e49?s=96&d=mm&r=g","width":96,"height":96,"caption":"administrador"}},{"@type":"WebPage","@id":"https:\/\/newsinfoco.com.br\/inicio\/governador-envia-pl-que-cria-a-delegacia-contra-intolerancia-racial-e-religiosa\/#webpage","url":"https:\/\/newsinfoco.com.br\/inicio\/governador-envia-pl-que-cria-a-delegacia-contra-intolerancia-racial-e-religiosa\/","name":"Governador envia PL que cria a deleg\u00e1cia contra intoler\u00e2ncia racial e religiosa - News In Foco - Editado por Caio Pimenta","description":"O governador Jer\u00f4nimo Rodrigues (PT) enviou \u00e0 Alba (Assembleia Legislativa da Bahia) um projeto de lei que cria a Decrin (Delegacia Especializada de Repress\u00e3o aos Crimes por Discrimina\u00e7\u00e3o e Intoler\u00e2ncia Racial e Religiosa). Segundo o governador, a unidade ter\u00e1 sede em Salvador e atuar\u00e1 no combate \u00e0 intoler\u00e2ncia. O equipamento contar\u00e1 com um efetivo de","inLanguage":"pt-BR","isPartOf":{"@id":"https:\/\/newsinfoco.com.br\/inicio\/#website"},"breadcrumb":{"@id":"https:\/\/newsinfoco.com.br\/inicio\/governador-envia-pl-que-cria-a-delegacia-contra-intolerancia-racial-e-religiosa\/#breadcrumblist"},"author":{"@id":"https:\/\/newsinfoco.com.br\/inicio\/author\/administrador\/#author"},"creator":{"@id":"https:\/\/newsinfoco.com.br\/inicio\/author\/administrador\/#author"},"image":{"@type":"ImageObject","url":"https:\/\/newsinfoco.com.br\/inicio\/wp-content\/uploads\/2024\/11\/geronimo.jpg","@id":"https:\/\/newsinfoco.com.br\/inicio\/governador-envia-pl-que-cria-a-delegacia-contra-intolerancia-racial-e-religiosa\/#mainImage","width":600,"height":420},"primaryImageOfPage":{"@id":"https:\/\/newsinfoco.com.br\/inicio\/governador-envia-pl-que-cria-a-delegacia-contra-intolerancia-racial-e-religiosa\/#mainImage"},"datePublished":"2024-11-13T13:37:27-03:00","dateModified":"2024-11-13T13:37:27-03:00"},{"@type":"WebSite","@id":"https:\/\/newsinfoco.com.br\/inicio\/#website","url":"https:\/\/newsinfoco.com.br\/inicio\/","name":"News In Foco - Editado por Caio Pimenta","description":"O principal site de noticias de Alagoinhas e regi\u00e3o","inLanguage":"pt-BR","publisher":{"@id":"https:\/\/newsinfoco.com.br\/inicio\/#organization"}}]},"og:locale":"pt_BR","og:site_name":"News In Foco - Editado por Caio Pimenta - O principal site de noticias de Alagoinhas e regi\u00e3o","og:type":"article","og:title":"Governador envia PL que cria a deleg\u00e1cia contra intoler\u00e2ncia racial e religiosa - News In Foco - Editado por Caio Pimenta","og:description":"O governador Jer\u00f4nimo Rodrigues (PT) enviou \u00e0 Alba (Assembleia Legislativa da Bahia) um projeto de lei que cria a Decrin (Delegacia Especializada de Repress\u00e3o aos Crimes por Discrimina\u00e7\u00e3o e Intoler\u00e2ncia Racial e Religiosa). Segundo o governador, a unidade ter\u00e1 sede em Salvador e atuar\u00e1 no combate \u00e0 intoler\u00e2ncia. O equipamento contar\u00e1 com um efetivo de","og:url":"https:\/\/newsinfoco.com.br\/inicio\/governador-envia-pl-que-cria-a-delegacia-contra-intolerancia-racial-e-religiosa\/","article:published_time":"2024-11-13T16:37:27+00:00","article:modified_time":"2024-11-13T16:37:27+00:00","twitter:card":"summary_large_image","twitter:title":"Governador envia PL que cria a deleg\u00e1cia contra intoler\u00e2ncia racial e religiosa - News In Foco - Editado por Caio Pimenta","twitter:description":"O governador Jer\u00f4nimo Rodrigues (PT) enviou \u00e0 Alba (Assembleia Legislativa da Bahia) um projeto de lei que cria a Decrin (Delegacia Especializada de Repress\u00e3o aos Crimes por Discrimina\u00e7\u00e3o e Intoler\u00e2ncia Racial e Religiosa). Segundo o governador, a unidade ter\u00e1 sede em Salvador e atuar\u00e1 no combate \u00e0 intoler\u00e2ncia. O equipamento contar\u00e1 com um efetivo de"},"aioseo_meta_data":{"post_id":"36706","title":null,"description":null,"keywords":null,"keyphrases":{"focus":{"keyphrase":"","score":0,"analysis":{"keyphraseInTitle":{"score":0,"maxScore":9,"error":1}}},"additional":[]},"primary_term":null,"canonical_url":null,"og_title":null,"og_description":null,"og_object_type":"default","og_image_type":"default","og_image_url":null,"og_image_width":null,"og_image_height":null,"og_image_custom_url":null,"og_image_custom_fields":null,"og_video":"","og_custom_url":null,"og_article_section":null,"og_article_tags":null,"twitter_use_og":false,"twitter_card":"default","twitter_image_type":"default","twitter_image_url":null,"twitter_image_custom_url":null,"twitter_image_custom_fields":null,"twitter_title":null,"twitter_description":null,"schema":{"blockGraphs":[],"customGraphs":[],"default":{"data":{"Article":[],"Course":[],"Dataset":[],"FAQPage":[],"Movie":[],"Person":[],"Product":[],"ProductReview":[],"Car":[],"Recipe":[],"Service":[],"SoftwareApplication":[],"WebPage":[]},"graphName":"BlogPosting","isEnabled":true},"graphs":[]},"schema_type":"default","schema_type_options":null,"pillar_content":false,"robots_default":true,"robots_noindex":false,"robots_noarchive":false,"robots_nosnippet":false,"robots_nofollow":false,"robots_noimageindex":false,"robots_noodp":false,"robots_notranslate":false,"robots_max_snippet":"-1","robots_max_videopreview":"-1","robots_max_imagepreview":"large","priority":null,"frequency":"default","local_seo":null,"breadcrumb_settings":null,"limit_modified_date":false,"ai":null,"created":"2024-11-13 16:37:27","updated":"2025-07-11 10:59:45","seo_analyzer_scan_date":null},"aioseo_breadcrumb":"<div class=\"aioseo-breadcrumbs\"><span class=\"aioseo-breadcrumb\">\n\t\t\t<a href=\"https:\/\/newsinfoco.com.br\/inicio\" title=\"In\u00edcio\">In\u00edcio<\/a>\n\t\t<\/span><span class=\"aioseo-breadcrumb-separator\">&raquo;<\/span><span class=\"aioseo-breadcrumb\">\n\t\t\t<a href=\"https:\/\/newsinfoco.com.br\/inicio\/category\/bahia\/\" title=\"Bahia\">Bahia<\/a>\n\t\t<\/span><span class=\"aioseo-breadcrumb-separator\">&raquo;<\/span><span class=\"aioseo-breadcrumb\">\n\t\t\tGovernador envia PL que cria a deleg\u00e1cia contra intoler\u00e2ncia racial e religiosa\n\t\t<\/span><\/div>","aioseo_breadcrumb_json":[{"label":"In\u00edcio","link":"https:\/\/newsinfoco.com.br\/inicio"},{"label":"Bahia","link":"https:\/\/newsinfoco.com.br\/inicio\/category\/bahia\/"},{"label":"Governador envia PL que cria a deleg\u00e1cia contra intoler\u00e2ncia racial e religiosa","link":"https:\/\/newsinfoco.com.br\/inicio\/governador-envia-pl-que-cria-a-delegacia-contra-intolerancia-racial-e-religiosa\/"}],"_links":{"self":[{"href":"https:\/\/newsinfoco.com.br\/inicio\/wp-json\/wp\/v2\/posts\/36706","targetHints":{"allow":["GET"]}}],"collection":[{"href":"https:\/\/newsinfoco.com.br\/inicio\/wp-json\/wp\/v2\/posts"}],"about":[{"href":"https:\/\/newsinfoco.com.br\/inicio\/wp-json\/wp\/v2\/types\/post"}],"author":[{"embeddable":true,"href":"https:\/\/newsinfoco.com.br\/inicio\/wp-json\/wp\/v2\/users\/1"}],"replies":[{"embeddable":true,"href":"https:\/\/newsinfoco.com.br\/inicio\/wp-json\/wp\/v2\/comments?post=36706"}],"version-history":[{"count":1,"href":"https:\/\/newsinfoco.com.br\/inicio\/wp-json\/wp\/v2\/posts\/36706\/revisions"}],"predecessor-version":[{"id":36708,"href":"https:\/\/newsinfoco.com.br\/inicio\/wp-json\/wp\/v2\/posts\/36706\/revisions\/36708"}],"wp:featuredmedia":[{"embeddable":true,"href":"https:\/\/newsinfoco.com.br\/inicio\/wp-json\/wp\/v2\/media\/36707"}],"wp:attachment":[{"href":"https:\/\/newsinfoco.com.br\/inicio\/wp-json\/wp\/v2\/media?parent=36706"}],"wp:term":[{"taxonomy":"category","embeddable":true,"href":"https:\/\/newsinfoco.com.br\/inicio\/wp-json\/wp\/v2\/categories?post=36706"},{"taxonomy":"post_tag","embeddable":true,"href":"https:\/\/newsinfoco.com.br\/inicio\/wp-json\/wp\/v2\/tags?post=36706"}],"curies":[{"name":"wp","href":"https:\/\/api.w.org\/{rel}","templated":true}]}}