{"id":36712,"date":"2024-11-13T14:29:50","date_gmt":"2024-11-13T17:29:50","guid":{"rendered":"https:\/\/newsinfoco.com.br\/inicio\/?p=36712"},"modified":"2024-11-13T14:29:50","modified_gmt":"2024-11-13T17:29:50","slug":"podemos-escolhe-ficar-com-alcolumbre","status":"publish","type":"post","link":"https:\/\/newsinfoco.com.br\/inicio\/podemos-escolhe-ficar-com-alcolumbre\/","title":{"rendered":"Podemos escolhe ficar com Alcolumbre"},"content":{"rendered":"<p>Rodrigo Cunha (Podemos-AL), Styvenson Valentim (Podemos-RN), Zequinha Marinho (Podemos-PA) e Carlos Viana (Podemos-MG) declaram apoio \u00e0 candidatura de Davi Alcolumbre (Uni\u00e3o-AP) \u00e0 presid\u00eancia do Senado, na ter\u00e7a-feira (12). A informa\u00e7\u00e3o \u00e9 da coluna de Lauro Jardim, do jornal O Globo.<\/p>\n<div>\n<div>\n<div class=\"trv-player-container\">\n<div class=\"trv-wrapper\">\n<div id=\"br_video_player_bb033628ae7cac14fbb2356e396b169dc3c659f9\" class=\"trvd_video_player\">\n<div class=\"media-player\">\n<div class=\"trv-video\">\n<div id=\"truvid_ima_container41685\" class=\"truvid_ima_container\">\n<div>\n<div class=\"materia\">\n<div class=\"conteudo_post\">\n<p>\u201cN\u00f3s confiamos que o senador Alcolumbre tem a experi\u00eancia e o preparo necess\u00e1rios para conduzir a Casa. Ele j\u00e1 demonstrou suas qualidades quando foi presidente. Por isso, nosso apoio \u00e9 dele\u201d, afirmou o l\u00edder do Podemos, Rodrigo Cunha.<\/p>\n<p>Soraya Thronicke (Podemos-MS), que tentava viabilizar uma candidatura feminina \u00e0 presid\u00eancia do Senado para fazer oposi\u00e7\u00e3o \u00e0 Alcolumbre, n\u00e3o participou da reuni\u00e3o. Marcos do Val, sexto senador do Podemos, tamb\u00e9m n\u00e3o estava presente.<\/p>\n<\/div>\n<div id=\"div-share\"><a class=\"facebook\" title=\"Facebook\"><img decoding=\"async\" id=\"img_facebook_449823\" class=\" ls-is-cached lazyloaded\" src=\"https:\/\/bahia.ba\/wp-content\/themes\/eleicoes2024\/assets\/imgs\/img_facebook_big.png\" alt=\"Facebook\" data-src=\"https:\/\/bahia.ba\/wp-content\/themes\/eleicoes2024\/assets\/imgs\/img_facebook_big.png\" \/><\/a><a class=\"twitter\" title=\"Twitter\"><img decoding=\"async\" id=\"img_twitter_449823\" class=\" ls-is-cached lazyloaded\" src=\"https:\/\/bahia.ba\/wp-content\/themes\/eleicoes2024\/assets\/imgs\/img_twitter_big.png\" alt=\"Twitter\" data-src=\"https:\/\/bahia.ba\/wp-content\/themes\/eleicoes2024\/assets\/imgs\/img_twitter_big.png\" \/><\/a><\/div>\n<\/div>\n<div class=\"mais-noticias-int\"><\/div>\n<\/div>\n<\/div>\n<\/div>\n<div class=\"trv-poster\"><\/div>\n<\/div>\n<div class=\"trv-autoskip-container\">\n<div class=\"trv-autoskip-background\">\n<div class=\"trv-autoskip-line-top\">\n<div><\/div>\n<\/div>\n<div class=\"trv-autoskip-line-right\">\n<div><\/div>\n<\/div>\n<div class=\"trv-autoskip-line-bottom\">\n<div><\/div>\n<\/div>\n<div class=\"trv-autoskip-line-left\">\n<div><\/div>\n<\/div>\n<\/div>\n<div class=\"autoskip-btn autoskip-btn-blue\"><\/div>\n<div class=\"autoskip-btn autoskip-btn-gray\"><\/div>\n<\/div>\n<div><\/div>\n<p><img decoding=\"async\" src=\"https:\/\/ads.stickyadstv.com\/auto-user-sync?_fw_gdpr=0&amp;_fw_gdpr_consent=\" \/><img decoding=\"async\" src=\"https:\/\/ads.stickyadstv.com\/user-matching?id=2545&amp;_fw_gdpr=0&amp;_fw_gdpr_consent=\" \/><\/p>\n<div><\/div>\n<div><\/div>\n<p><img decoding=\"async\" src=\"https:\/\/ads.stickyadstv.com\/auto-user-sync?_fw_gdpr=0&amp;_fw_gdpr_consent=\" \/><img decoding=\"async\" src=\"https:\/\/ads.stickyadstv.com\/user-matching?id=2545&amp;_fw_gdpr=0&amp;_fw_gdpr_consent=\" \/><\/p>\n<div><\/div>\n<\/div>\n<\/div>\n<\/div>\n<\/div>\n<\/div>\n<div class='share-to-whatsapp-wrapper'><div class='share-on-whsp'>Share on: <\/div><a data-text='Podemos escolhe ficar com Alcolumbre' data-link='https:\/\/newsinfoco.com.br\/inicio\/podemos-escolhe-ficar-com-alcolumbre\/' class='whatsapp-button whatsapp-share'>WhatsApp<\/a><div class='clear '><\/div><\/div>","protected":false},"excerpt":{"rendered":"<p>Rodrigo Cunha (Podemos-AL), Styvenson Valentim (Podemos-RN), Zequinha Marinho (Podemos-PA) e Carlos Viana (Podemos-MG) declaram apoio \u00e0 candidatura de Davi Alcolumbre (Uni\u00e3o-AP) \u00e0 presid\u00eancia do Senado, na ter\u00e7a-feira (12). A informa\u00e7\u00e3o \u00e9 da coluna de Lauro Jardim, do jornal O Globo. \u201cN\u00f3s confiamos que o senador Alcolumbre tem a experi\u00eancia e o preparo necess\u00e1rios para conduzir [&hellip;]<\/p>\n","protected":false},"author":1,"featured_media":36713,"comment_status":"closed","ping_status":"closed","sticky":false,"template":"","format":"standard","meta":{"om_disable_all_campaigns":false,"rop_custom_images_group":[],"rop_custom_messages_group":[],"rop_publish_now":"initial","rop_publish_now_accounts":[],"rop_publish_now_history":[],"rop_publish_now_status":"pending","_exactmetrics_skip_tracking":false,"footnotes":""},"categories":[21],"tags":[],"class_list":["post-36712","post","type-post","status-publish","format-standard","has-post-thumbnail","hentry","category-brasil"],"aioseo_notices":[],"aioseo_head":"\n\t\t<!-- All in One SEO 4.9.10 - aioseo.com -->\n\t<meta name=\"description\" content=\"Rodrigo Cunha (Podemos-AL), Styvenson Valentim (Podemos-RN), Zequinha Marinho (Podemos-PA) e Carlos Viana (Podemos-MG) declaram apoio \u00e0 candidatura de Davi Alcolumbre (Uni\u00e3o-AP) \u00e0 presid\u00eancia do Senado, na ter\u00e7a-feira (12). A informa\u00e7\u00e3o \u00e9 da coluna de Lauro Jardim, do jornal O Globo. \u201cN\u00f3s confiamos que o senador Alcolumbre tem a experi\u00eancia e o preparo necess\u00e1rios para conduzir\" \/>\n\t<meta name=\"robots\" content=\"max-image-preview:large\" \/>\n\t<meta name=\"author\" content=\"administrador\"\/>\n\t<link rel=\"canonical\" href=\"https:\/\/newsinfoco.com.br\/inicio\/podemos-escolhe-ficar-com-alcolumbre\/\" \/>\n\t<meta name=\"generator\" content=\"All in One SEO (AIOSEO) 4.9.10\" \/>\n\t\t<meta property=\"og:locale\" content=\"pt_BR\" \/>\n\t\t<meta property=\"og:site_name\" content=\"News In Foco - Editado por Caio Pimenta - O principal site de noticias de Alagoinhas e regi\u00e3o\" \/>\n\t\t<meta property=\"og:type\" content=\"article\" \/>\n\t\t<meta property=\"og:title\" content=\"Podemos escolhe ficar com Alcolumbre - News In Foco - Editado por Caio Pimenta\" \/>\n\t\t<meta property=\"og:description\" content=\"Rodrigo Cunha (Podemos-AL), Styvenson Valentim (Podemos-RN), Zequinha Marinho (Podemos-PA) e Carlos Viana (Podemos-MG) declaram apoio \u00e0 candidatura de Davi Alcolumbre (Uni\u00e3o-AP) \u00e0 presid\u00eancia do Senado, na ter\u00e7a-feira (12). A informa\u00e7\u00e3o \u00e9 da coluna de Lauro Jardim, do jornal O Globo. \u201cN\u00f3s confiamos que o senador Alcolumbre tem a experi\u00eancia e o preparo necess\u00e1rios para conduzir\" \/>\n\t\t<meta property=\"og:url\" content=\"https:\/\/newsinfoco.com.br\/inicio\/podemos-escolhe-ficar-com-alcolumbre\/\" \/>\n\t\t<meta property=\"article:published_time\" content=\"2024-11-13T17:29:50+00:00\" \/>\n\t\t<meta property=\"article:modified_time\" content=\"2024-11-13T17:29:50+00:00\" \/>\n\t\t<meta name=\"twitter:card\" content=\"summary_large_image\" \/>\n\t\t<meta name=\"twitter:title\" content=\"Podemos escolhe ficar com Alcolumbre - News In Foco - Editado por Caio Pimenta\" \/>\n\t\t<meta name=\"twitter:description\" content=\"Rodrigo Cunha (Podemos-AL), Styvenson Valentim (Podemos-RN), Zequinha Marinho (Podemos-PA) e Carlos Viana (Podemos-MG) declaram apoio \u00e0 candidatura de Davi Alcolumbre (Uni\u00e3o-AP) \u00e0 presid\u00eancia do Senado, na ter\u00e7a-feira (12). A informa\u00e7\u00e3o \u00e9 da coluna de Lauro Jardim, do jornal O Globo. \u201cN\u00f3s confiamos que o senador Alcolumbre tem a experi\u00eancia e o preparo necess\u00e1rios para conduzir\" \/>\n\t\t<script type=\"application\/ld+json\" class=\"aioseo-schema\">\n\t\t\t{\"@context\":\"https:\\\/\\\/schema.org\",\"@graph\":[{\"@type\":\"BlogPosting\",\"@id\":\"https:\\\/\\\/newsinfoco.com.br\\\/inicio\\\/podemos-escolhe-ficar-com-alcolumbre\\\/#blogposting\",\"name\":\"Podemos escolhe ficar com Alcolumbre - News In Foco - Editado por Caio Pimenta\",\"headline\":\"Podemos escolhe ficar com Alcolumbre\",\"author\":{\"@id\":\"https:\\\/\\\/newsinfoco.com.br\\\/inicio\\\/author\\\/administrador\\\/#author\"},\"publisher\":{\"@id\":\"https:\\\/\\\/newsinfoco.com.br\\\/inicio\\\/#organization\"},\"image\":{\"@type\":\"ImageObject\",\"url\":\"https:\\\/\\\/newsinfoco.com.br\\\/inicio\\\/wp-content\\\/uploads\\\/2024\\\/11\\\/lucho-rodriguez-bahia-2024-09-04T085650.963.png\",\"width\":600,\"height\":420},\"datePublished\":\"2024-11-13T14:29:50-03:00\",\"dateModified\":\"2024-11-13T14:29:50-03:00\",\"inLanguage\":\"pt-BR\",\"mainEntityOfPage\":{\"@id\":\"https:\\\/\\\/newsinfoco.com.br\\\/inicio\\\/podemos-escolhe-ficar-com-alcolumbre\\\/#webpage\"},\"isPartOf\":{\"@id\":\"https:\\\/\\\/newsinfoco.com.br\\\/inicio\\\/podemos-escolhe-ficar-com-alcolumbre\\\/#webpage\"},\"articleSection\":\"Brasil\"},{\"@type\":\"BreadcrumbList\",\"@id\":\"https:\\\/\\\/newsinfoco.com.br\\\/inicio\\\/podemos-escolhe-ficar-com-alcolumbre\\\/#breadcrumblist\",\"itemListElement\":[{\"@type\":\"ListItem\",\"@id\":\"https:\\\/\\\/newsinfoco.com.br\\\/inicio#listItem\",\"position\":1,\"name\":\"In\\u00edcio\",\"item\":\"https:\\\/\\\/newsinfoco.com.br\\\/inicio\",\"nextItem\":{\"@type\":\"ListItem\",\"@id\":\"https:\\\/\\\/newsinfoco.com.br\\\/inicio\\\/category\\\/brasil\\\/#listItem\",\"name\":\"Brasil\"}},{\"@type\":\"ListItem\",\"@id\":\"https:\\\/\\\/newsinfoco.com.br\\\/inicio\\\/category\\\/brasil\\\/#listItem\",\"position\":2,\"name\":\"Brasil\",\"item\":\"https:\\\/\\\/newsinfoco.com.br\\\/inicio\\\/category\\\/brasil\\\/\",\"nextItem\":{\"@type\":\"ListItem\",\"@id\":\"https:\\\/\\\/newsinfoco.com.br\\\/inicio\\\/podemos-escolhe-ficar-com-alcolumbre\\\/#listItem\",\"name\":\"Podemos escolhe ficar com Alcolumbre\"},\"previousItem\":{\"@type\":\"ListItem\",\"@id\":\"https:\\\/\\\/newsinfoco.com.br\\\/inicio#listItem\",\"name\":\"In\\u00edcio\"}},{\"@type\":\"ListItem\",\"@id\":\"https:\\\/\\\/newsinfoco.com.br\\\/inicio\\\/podemos-escolhe-ficar-com-alcolumbre\\\/#listItem\",\"position\":3,\"name\":\"Podemos escolhe ficar com Alcolumbre\",\"previousItem\":{\"@type\":\"ListItem\",\"@id\":\"https:\\\/\\\/newsinfoco.com.br\\\/inicio\\\/category\\\/brasil\\\/#listItem\",\"name\":\"Brasil\"}}]},{\"@type\":\"Organization\",\"@id\":\"https:\\\/\\\/newsinfoco.com.br\\\/inicio\\\/#organization\",\"name\":\"News In Foco - Editado por Caio Pimenta\",\"description\":\"O principal site de noticias de Alagoinhas e regi\\u00e3o\",\"url\":\"https:\\\/\\\/newsinfoco.com.br\\\/inicio\\\/\"},{\"@type\":\"Person\",\"@id\":\"https:\\\/\\\/newsinfoco.com.br\\\/inicio\\\/author\\\/administrador\\\/#author\",\"url\":\"https:\\\/\\\/newsinfoco.com.br\\\/inicio\\\/author\\\/administrador\\\/\",\"name\":\"administrador\",\"image\":{\"@type\":\"ImageObject\",\"@id\":\"https:\\\/\\\/newsinfoco.com.br\\\/inicio\\\/podemos-escolhe-ficar-com-alcolumbre\\\/#authorImage\",\"url\":\"https:\\\/\\\/secure.gravatar.com\\\/avatar\\\/c17a617433de8c1dc9584bb79aab7563b46f5bb7e1728c9b17d9cc3ce6a08e49?s=96&d=mm&r=g\",\"width\":96,\"height\":96,\"caption\":\"administrador\"}},{\"@type\":\"WebPage\",\"@id\":\"https:\\\/\\\/newsinfoco.com.br\\\/inicio\\\/podemos-escolhe-ficar-com-alcolumbre\\\/#webpage\",\"url\":\"https:\\\/\\\/newsinfoco.com.br\\\/inicio\\\/podemos-escolhe-ficar-com-alcolumbre\\\/\",\"name\":\"Podemos escolhe ficar com Alcolumbre - News In Foco - Editado por Caio Pimenta\",\"description\":\"Rodrigo Cunha (Podemos-AL), Styvenson Valentim (Podemos-RN), Zequinha Marinho (Podemos-PA) e Carlos Viana (Podemos-MG) declaram apoio \\u00e0 candidatura de Davi Alcolumbre (Uni\\u00e3o-AP) \\u00e0 presid\\u00eancia do Senado, na ter\\u00e7a-feira (12). A informa\\u00e7\\u00e3o \\u00e9 da coluna de Lauro Jardim, do jornal O Globo. \\u201cN\\u00f3s confiamos que o senador Alcolumbre tem a experi\\u00eancia e o preparo necess\\u00e1rios para conduzir\",\"inLanguage\":\"pt-BR\",\"isPartOf\":{\"@id\":\"https:\\\/\\\/newsinfoco.com.br\\\/inicio\\\/#website\"},\"breadcrumb\":{\"@id\":\"https:\\\/\\\/newsinfoco.com.br\\\/inicio\\\/podemos-escolhe-ficar-com-alcolumbre\\\/#breadcrumblist\"},\"author\":{\"@id\":\"https:\\\/\\\/newsinfoco.com.br\\\/inicio\\\/author\\\/administrador\\\/#author\"},\"creator\":{\"@id\":\"https:\\\/\\\/newsinfoco.com.br\\\/inicio\\\/author\\\/administrador\\\/#author\"},\"image\":{\"@type\":\"ImageObject\",\"url\":\"https:\\\/\\\/newsinfoco.com.br\\\/inicio\\\/wp-content\\\/uploads\\\/2024\\\/11\\\/lucho-rodriguez-bahia-2024-09-04T085650.963.png\",\"@id\":\"https:\\\/\\\/newsinfoco.com.br\\\/inicio\\\/podemos-escolhe-ficar-com-alcolumbre\\\/#mainImage\",\"width\":600,\"height\":420},\"primaryImageOfPage\":{\"@id\":\"https:\\\/\\\/newsinfoco.com.br\\\/inicio\\\/podemos-escolhe-ficar-com-alcolumbre\\\/#mainImage\"},\"datePublished\":\"2024-11-13T14:29:50-03:00\",\"dateModified\":\"2024-11-13T14:29:50-03:00\"},{\"@type\":\"WebSite\",\"@id\":\"https:\\\/\\\/newsinfoco.com.br\\\/inicio\\\/#website\",\"url\":\"https:\\\/\\\/newsinfoco.com.br\\\/inicio\\\/\",\"name\":\"News In Foco - Editado por Caio Pimenta\",\"description\":\"O principal site de noticias de Alagoinhas e regi\\u00e3o\",\"inLanguage\":\"pt-BR\",\"publisher\":{\"@id\":\"https:\\\/\\\/newsinfoco.com.br\\\/inicio\\\/#organization\"}}]}\n\t\t<\/script>\n\t\t<!-- All in One SEO -->\n\n","aioseo_head_json":{"title":"Podemos escolhe ficar com Alcolumbre - News In Foco - Editado por Caio Pimenta","description":"Rodrigo Cunha (Podemos-AL), Styvenson Valentim (Podemos-RN), Zequinha Marinho (Podemos-PA) e Carlos Viana (Podemos-MG) declaram apoio \u00e0 candidatura de Davi Alcolumbre (Uni\u00e3o-AP) \u00e0 presid\u00eancia do Senado, na ter\u00e7a-feira (12). A informa\u00e7\u00e3o \u00e9 da coluna de Lauro Jardim, do jornal O Globo. \u201cN\u00f3s confiamos que o senador Alcolumbre tem a experi\u00eancia e o preparo necess\u00e1rios para conduzir","canonical_url":"https:\/\/newsinfoco.com.br\/inicio\/podemos-escolhe-ficar-com-alcolumbre\/","robots":"max-image-preview:large","keywords":"","webmasterTools":{"miscellaneous":""},"schema":{"@context":"https:\/\/schema.org","@graph":[{"@type":"BlogPosting","@id":"https:\/\/newsinfoco.com.br\/inicio\/podemos-escolhe-ficar-com-alcolumbre\/#blogposting","name":"Podemos escolhe ficar com Alcolumbre - News In Foco - Editado por Caio Pimenta","headline":"Podemos escolhe ficar com Alcolumbre","author":{"@id":"https:\/\/newsinfoco.com.br\/inicio\/author\/administrador\/#author"},"publisher":{"@id":"https:\/\/newsinfoco.com.br\/inicio\/#organization"},"image":{"@type":"ImageObject","url":"https:\/\/newsinfoco.com.br\/inicio\/wp-content\/uploads\/2024\/11\/lucho-rodriguez-bahia-2024-09-04T085650.963.png","width":600,"height":420},"datePublished":"2024-11-13T14:29:50-03:00","dateModified":"2024-11-13T14:29:50-03:00","inLanguage":"pt-BR","mainEntityOfPage":{"@id":"https:\/\/newsinfoco.com.br\/inicio\/podemos-escolhe-ficar-com-alcolumbre\/#webpage"},"isPartOf":{"@id":"https:\/\/newsinfoco.com.br\/inicio\/podemos-escolhe-ficar-com-alcolumbre\/#webpage"},"articleSection":"Brasil"},{"@type":"BreadcrumbList","@id":"https:\/\/newsinfoco.com.br\/inicio\/podemos-escolhe-ficar-com-alcolumbre\/#breadcrumblist","itemListElement":[{"@type":"ListItem","@id":"https:\/\/newsinfoco.com.br\/inicio#listItem","position":1,"name":"In\u00edcio","item":"https:\/\/newsinfoco.com.br\/inicio","nextItem":{"@type":"ListItem","@id":"https:\/\/newsinfoco.com.br\/inicio\/category\/brasil\/#listItem","name":"Brasil"}},{"@type":"ListItem","@id":"https:\/\/newsinfoco.com.br\/inicio\/category\/brasil\/#listItem","position":2,"name":"Brasil","item":"https:\/\/newsinfoco.com.br\/inicio\/category\/brasil\/","nextItem":{"@type":"ListItem","@id":"https:\/\/newsinfoco.com.br\/inicio\/podemos-escolhe-ficar-com-alcolumbre\/#listItem","name":"Podemos escolhe ficar com Alcolumbre"},"previousItem":{"@type":"ListItem","@id":"https:\/\/newsinfoco.com.br\/inicio#listItem","name":"In\u00edcio"}},{"@type":"ListItem","@id":"https:\/\/newsinfoco.com.br\/inicio\/podemos-escolhe-ficar-com-alcolumbre\/#listItem","position":3,"name":"Podemos escolhe ficar com Alcolumbre","previousItem":{"@type":"ListItem","@id":"https:\/\/newsinfoco.com.br\/inicio\/category\/brasil\/#listItem","name":"Brasil"}}]},{"@type":"Organization","@id":"https:\/\/newsinfoco.com.br\/inicio\/#organization","name":"News In Foco - Editado por Caio Pimenta","description":"O principal site de noticias de Alagoinhas e regi\u00e3o","url":"https:\/\/newsinfoco.com.br\/inicio\/"},{"@type":"Person","@id":"https:\/\/newsinfoco.com.br\/inicio\/author\/administrador\/#author","url":"https:\/\/newsinfoco.com.br\/inicio\/author\/administrador\/","name":"administrador","image":{"@type":"ImageObject","@id":"https:\/\/newsinfoco.com.br\/inicio\/podemos-escolhe-ficar-com-alcolumbre\/#authorImage","url":"https:\/\/secure.gravatar.com\/avatar\/c17a617433de8c1dc9584bb79aab7563b46f5bb7e1728c9b17d9cc3ce6a08e49?s=96&d=mm&r=g","width":96,"height":96,"caption":"administrador"}},{"@type":"WebPage","@id":"https:\/\/newsinfoco.com.br\/inicio\/podemos-escolhe-ficar-com-alcolumbre\/#webpage","url":"https:\/\/newsinfoco.com.br\/inicio\/podemos-escolhe-ficar-com-alcolumbre\/","name":"Podemos escolhe ficar com Alcolumbre - News In Foco - Editado por Caio Pimenta","description":"Rodrigo Cunha (Podemos-AL), Styvenson Valentim (Podemos-RN), Zequinha Marinho (Podemos-PA) e Carlos Viana (Podemos-MG) declaram apoio \u00e0 candidatura de Davi Alcolumbre (Uni\u00e3o-AP) \u00e0 presid\u00eancia do Senado, na ter\u00e7a-feira (12). A informa\u00e7\u00e3o \u00e9 da coluna de Lauro Jardim, do jornal O Globo. \u201cN\u00f3s confiamos que o senador Alcolumbre tem a experi\u00eancia e o preparo necess\u00e1rios para conduzir","inLanguage":"pt-BR","isPartOf":{"@id":"https:\/\/newsinfoco.com.br\/inicio\/#website"},"breadcrumb":{"@id":"https:\/\/newsinfoco.com.br\/inicio\/podemos-escolhe-ficar-com-alcolumbre\/#breadcrumblist"},"author":{"@id":"https:\/\/newsinfoco.com.br\/inicio\/author\/administrador\/#author"},"creator":{"@id":"https:\/\/newsinfoco.com.br\/inicio\/author\/administrador\/#author"},"image":{"@type":"ImageObject","url":"https:\/\/newsinfoco.com.br\/inicio\/wp-content\/uploads\/2024\/11\/lucho-rodriguez-bahia-2024-09-04T085650.963.png","@id":"https:\/\/newsinfoco.com.br\/inicio\/podemos-escolhe-ficar-com-alcolumbre\/#mainImage","width":600,"height":420},"primaryImageOfPage":{"@id":"https:\/\/newsinfoco.com.br\/inicio\/podemos-escolhe-ficar-com-alcolumbre\/#mainImage"},"datePublished":"2024-11-13T14:29:50-03:00","dateModified":"2024-11-13T14:29:50-03:00"},{"@type":"WebSite","@id":"https:\/\/newsinfoco.com.br\/inicio\/#website","url":"https:\/\/newsinfoco.com.br\/inicio\/","name":"News In Foco - Editado por Caio Pimenta","description":"O principal site de noticias de Alagoinhas e regi\u00e3o","inLanguage":"pt-BR","publisher":{"@id":"https:\/\/newsinfoco.com.br\/inicio\/#organization"}}]},"og:locale":"pt_BR","og:site_name":"News In Foco - Editado por Caio Pimenta - O principal site de noticias de Alagoinhas e regi\u00e3o","og:type":"article","og:title":"Podemos escolhe ficar com Alcolumbre - News In Foco - Editado por Caio Pimenta","og:description":"Rodrigo Cunha (Podemos-AL), Styvenson Valentim (Podemos-RN), Zequinha Marinho (Podemos-PA) e Carlos Viana (Podemos-MG) declaram apoio \u00e0 candidatura de Davi Alcolumbre (Uni\u00e3o-AP) \u00e0 presid\u00eancia do Senado, na ter\u00e7a-feira (12). A informa\u00e7\u00e3o \u00e9 da coluna de Lauro Jardim, do jornal O Globo. \u201cN\u00f3s confiamos que o senador Alcolumbre tem a experi\u00eancia e o preparo necess\u00e1rios para conduzir","og:url":"https:\/\/newsinfoco.com.br\/inicio\/podemos-escolhe-ficar-com-alcolumbre\/","article:published_time":"2024-11-13T17:29:50+00:00","article:modified_time":"2024-11-13T17:29:50+00:00","twitter:card":"summary_large_image","twitter:title":"Podemos escolhe ficar com Alcolumbre - News In Foco - Editado por Caio Pimenta","twitter:description":"Rodrigo Cunha (Podemos-AL), Styvenson Valentim (Podemos-RN), Zequinha Marinho (Podemos-PA) e Carlos Viana (Podemos-MG) declaram apoio \u00e0 candidatura de Davi Alcolumbre (Uni\u00e3o-AP) \u00e0 presid\u00eancia do Senado, na ter\u00e7a-feira (12). A informa\u00e7\u00e3o \u00e9 da coluna de Lauro Jardim, do jornal O Globo. \u201cN\u00f3s confiamos que o senador Alcolumbre tem a experi\u00eancia e o preparo necess\u00e1rios para conduzir"},"aioseo_meta_data":{"post_id":"36712","title":null,"description":null,"keywords":null,"keyphrases":{"focus":{"keyphrase":"","score":0,"analysis":{"keyphraseInTitle":{"score":0,"maxScore":9,"error":1}}},"additional":[]},"primary_term":null,"canonical_url":null,"og_title":null,"og_description":null,"og_object_type":"default","og_image_type":"default","og_image_url":null,"og_image_width":null,"og_image_height":null,"og_image_custom_url":null,"og_image_custom_fields":null,"og_video":"","og_custom_url":null,"og_article_section":null,"og_article_tags":null,"twitter_use_og":false,"twitter_card":"default","twitter_image_type":"default","twitter_image_url":null,"twitter_image_custom_url":null,"twitter_image_custom_fields":null,"twitter_title":null,"twitter_description":null,"schema":{"blockGraphs":[],"customGraphs":[],"default":{"data":{"Article":[],"Course":[],"Dataset":[],"FAQPage":[],"Movie":[],"Person":[],"Product":[],"ProductReview":[],"Car":[],"Recipe":[],"Service":[],"SoftwareApplication":[],"WebPage":[]},"graphName":"BlogPosting","isEnabled":true},"graphs":[]},"schema_type":"default","schema_type_options":null,"pillar_content":false,"robots_default":true,"robots_noindex":false,"robots_noarchive":false,"robots_nosnippet":false,"robots_nofollow":false,"robots_noimageindex":false,"robots_noodp":false,"robots_notranslate":false,"robots_max_snippet":"-1","robots_max_videopreview":"-1","robots_max_imagepreview":"large","priority":null,"frequency":"default","local_seo":null,"breadcrumb_settings":null,"limit_modified_date":false,"ai":null,"created":"2024-11-13 17:29:50","updated":"2025-07-11 10:59:45","seo_analyzer_scan_date":null},"aioseo_breadcrumb":"<div class=\"aioseo-breadcrumbs\"><span class=\"aioseo-breadcrumb\">\n\t\t\t<a href=\"https:\/\/newsinfoco.com.br\/inicio\" title=\"In\u00edcio\">In\u00edcio<\/a>\n\t\t<\/span><span class=\"aioseo-breadcrumb-separator\">&raquo;<\/span><span class=\"aioseo-breadcrumb\">\n\t\t\t<a href=\"https:\/\/newsinfoco.com.br\/inicio\/category\/brasil\/\" title=\"Brasil\">Brasil<\/a>\n\t\t<\/span><span class=\"aioseo-breadcrumb-separator\">&raquo;<\/span><span class=\"aioseo-breadcrumb\">\n\t\t\tPodemos escolhe ficar com Alcolumbre\n\t\t<\/span><\/div>","aioseo_breadcrumb_json":[{"label":"In\u00edcio","link":"https:\/\/newsinfoco.com.br\/inicio"},{"label":"Brasil","link":"https:\/\/newsinfoco.com.br\/inicio\/category\/brasil\/"},{"label":"Podemos escolhe ficar com Alcolumbre","link":"https:\/\/newsinfoco.com.br\/inicio\/podemos-escolhe-ficar-com-alcolumbre\/"}],"_links":{"self":[{"href":"https:\/\/newsinfoco.com.br\/inicio\/wp-json\/wp\/v2\/posts\/36712","targetHints":{"allow":["GET"]}}],"collection":[{"href":"https:\/\/newsinfoco.com.br\/inicio\/wp-json\/wp\/v2\/posts"}],"about":[{"href":"https:\/\/newsinfoco.com.br\/inicio\/wp-json\/wp\/v2\/types\/post"}],"author":[{"embeddable":true,"href":"https:\/\/newsinfoco.com.br\/inicio\/wp-json\/wp\/v2\/users\/1"}],"replies":[{"embeddable":true,"href":"https:\/\/newsinfoco.com.br\/inicio\/wp-json\/wp\/v2\/comments?post=36712"}],"version-history":[{"count":1,"href":"https:\/\/newsinfoco.com.br\/inicio\/wp-json\/wp\/v2\/posts\/36712\/revisions"}],"predecessor-version":[{"id":36714,"href":"https:\/\/newsinfoco.com.br\/inicio\/wp-json\/wp\/v2\/posts\/36712\/revisions\/36714"}],"wp:featuredmedia":[{"embeddable":true,"href":"https:\/\/newsinfoco.com.br\/inicio\/wp-json\/wp\/v2\/media\/36713"}],"wp:attachment":[{"href":"https:\/\/newsinfoco.com.br\/inicio\/wp-json\/wp\/v2\/media?parent=36712"}],"wp:term":[{"taxonomy":"category","embeddable":true,"href":"https:\/\/newsinfoco.com.br\/inicio\/wp-json\/wp\/v2\/categories?post=36712"},{"taxonomy":"post_tag","embeddable":true,"href":"https:\/\/newsinfoco.com.br\/inicio\/wp-json\/wp\/v2\/tags?post=36712"}],"curies":[{"name":"wp","href":"https:\/\/api.w.org\/{rel}","templated":true}]}}