{"id":36831,"date":"2024-11-18T13:34:36","date_gmt":"2024-11-18T16:34:36","guid":{"rendered":"https:\/\/newsinfoco.com.br\/inicio\/?p=36831"},"modified":"2024-11-18T13:36:16","modified_gmt":"2024-11-18T16:36:16","slug":"noruega-doa-us-60-mi-para-preservacao-da-amazonia","status":"publish","type":"post","link":"https:\/\/newsinfoco.com.br\/inicio\/noruega-doa-us-60-mi-para-preservacao-da-amazonia\/","title":{"rendered":"Noruega doa US$ 60 mi para preserva\u00e7\u00e3o da Amaz\u00f4nia"},"content":{"rendered":"<p>O Fundo Amaz\u00f4nia receber\u00e1 nova doa\u00e7\u00e3o da Noruega no valor de US$ 60 milh\u00f5es (aproximadamente R$ 348 milh\u00f5es) , em reconhecimento pelos esfor\u00e7os do Brasil com a redu\u00e7\u00e3o do desmatamento em 31% no ano de 2023. Os recursos foram anunciados pelo primeiro-ministro da Noruega, Jonas Gahr St\u00f8re, neste domingo, 17, durante a Confer\u00eancia Global Citizen Now: Rio de Janeiro.<\/p>\n<p>\u201cTrata-se de mais uma demonstra\u00e7\u00e3o importante da confian\u00e7a do mundo e, em especial, da Noruega, do compromisso do governo do presidente Lula com a redu\u00e7\u00e3o do desmatamento, com a preserva\u00e7\u00e3o da Amaz\u00f4nia e com a mitiga\u00e7\u00e3o dos efeitos das mudan\u00e7as clim\u00e1ticas. A Noruega \u00e9 um pa\u00eds com quem temos uma longa parceria e que segue se fortalecendo\u201d, afirmou o presidente do BNDES, Aloizio Mercadante. O Fundo Amaz\u00f4nia \u00e9 gerido pelo BNDES, sob coordena\u00e7\u00e3o do Minist\u00e9rio do Meio Ambiente e da Mudan\u00e7a do Clima (MMA).<\/p>\n<p>\u201cO sucesso do Brasil na redu\u00e7\u00e3o do desmatamento \u00e9 uma prova clara das ambi\u00e7\u00f5es e da determina\u00e7\u00e3o do governo Lula. Mostra como medidas direcionadas podem produzir resultados importantes para o clima e a natureza,\u201d declarou o primeiro-ministro St\u00f8re.<\/p>\n<p>A diretora socioambiental do BNDES, Tereza Campello, destaca o esfor\u00e7o do Fundo Amaz\u00f4nia que atingiu a marca de R$ 882 milh\u00f5es em aprova\u00e7\u00f5es de projetos este ano . \u201cO Fundo Amaz\u00f4nia \u00e9 certamente um dos mais auditados do mundo e seguimos fortalecendo sua governan\u00e7a buscando ampliar o impacto na prote\u00e7\u00e3o ambiental, na bioeconomia e na inclus\u00e3o social na regi\u00e3o amaz\u00f4nica. Essa nova doa\u00e7\u00e3o da Noruega mostra que estamos num caminho auspicioso para amplificar a\u00e7\u00f5es que beneficiem ainda mais pessoas e a natureza naquele territ\u00f3rio\u201d, acrescentou a diretora Tereza Campello.<\/p>\n<p>Segundo dados do Projeto de Monitoramento do Desmatamento na Amaz\u00f4nia Legal por Sat\u00e9lite (Prodes\/INPE), o desmatamento na Amaz\u00f4nia no Brasil atingiu o n\u00edvel mais baixo desde 2015 no per\u00edodo entre agosto de 2023 e junho de 2024, sendo o quinto menor \u00edndice desde o in\u00edcio das medi\u00e7\u00f5es, em 1988.<\/p>\n<p>\u201c\u00c9 crucial para o clima e a natureza global que o Brasil atinja seus objetivos de controle do desmatamento. Por meio de nosso apoio ao Fundo Amaz\u00f4nia, estamos ajudando a proteger um dos ecossistemas mais importantes do planeta,\u201d disse St\u00f8re.<\/p>\n<p>O governo brasileiro estabeleceu a meta de zerar o desmatamento na Amaz\u00f4nia at\u00e9 2030, uma meta fundamental para a maior floresta tropical do mundo, que desempenha um papel essencial na regula\u00e7\u00e3o clim\u00e1tica global.<\/p>\n<div>\n<div class=\"trv-player-container\">\n<div class=\"trv-wrapper\">\n<div id=\"br_video_player_2caf17f7a8a5e38f05e4356e396b169dc3c659f9\" class=\"trvd_video_player trvdfloater trv-right\">\n<div class=\"media-player\">\n<div class=\"trv-video\">Fonte: Bahia.ba<\/div>\n<div class=\"trv-poster\"><\/div>\n<div class=\"links-overlay\">\n<div class=\"links-button\"><\/div>\n<\/div>\n<\/div>\n<p><img decoding=\"async\" src=\"https:\/\/ads.stickyadstv.com\/user-matching?id=2545&amp;_fw_gdpr=0&amp;_fw_gdpr_consent=\" \/><\/p>\n<div><\/div>\n<\/div>\n<\/div>\n<\/div>\n<\/div>\n<div>\n<div class=\"trv-player-container\">\n<div class=\"trv-wrapper\">\n<div id=\"br_video_player_2caf17f7a8a5e38f05e4356e396b169dc3c659f9\" class=\"trvd_video_player trvdfloater trv-right\">\n<div class=\"media-player\">\n<div class=\"trv-poster\"><\/div>\n<\/div>\n<\/div>\n<\/div>\n<\/div>\n<\/div>\n<div class='share-to-whatsapp-wrapper'><div class='share-on-whsp'>Share on: <\/div><a data-text='Noruega doa US$ 60 mi para preserva\u00e7\u00e3o da Amaz\u00f4nia' data-link='https:\/\/newsinfoco.com.br\/inicio\/noruega-doa-us-60-mi-para-preservacao-da-amazonia\/' class='whatsapp-button whatsapp-share'>WhatsApp<\/a><div class='clear '><\/div><\/div>","protected":false},"excerpt":{"rendered":"<p>O Fundo Amaz\u00f4nia receber\u00e1 nova doa\u00e7\u00e3o da Noruega no valor de US$ 60 milh\u00f5es (aproximadamente R$ 348 milh\u00f5es) , em reconhecimento pelos esfor\u00e7os do Brasil com a redu\u00e7\u00e3o do desmatamento em 31% no ano de 2023. Os recursos foram anunciados pelo primeiro-ministro da Noruega, Jonas Gahr St\u00f8re, neste domingo, 17, durante a Confer\u00eancia Global Citizen [&hellip;]<\/p>\n","protected":false},"author":1,"featured_media":36832,"comment_status":"closed","ping_status":"closed","sticky":false,"template":"","format":"standard","meta":{"om_disable_all_campaigns":false,"rop_custom_images_group":[],"rop_custom_messages_group":[],"rop_publish_now":"initial","rop_publish_now_accounts":[],"rop_publish_now_history":[],"rop_publish_now_status":"pending","_exactmetrics_skip_tracking":false,"footnotes":""},"categories":[21],"tags":[],"class_list":["post-36831","post","type-post","status-publish","format-standard","has-post-thumbnail","hentry","category-brasil"],"aioseo_notices":[],"aioseo_head":"\n\t\t<!-- All in One SEO 4.9.10 - aioseo.com -->\n\t<meta name=\"description\" content=\"O Fundo Amaz\u00f4nia receber\u00e1 nova doa\u00e7\u00e3o da Noruega no valor de US$ 60 milh\u00f5es (aproximadamente R$ 348 milh\u00f5es) , em reconhecimento pelos esfor\u00e7os do Brasil com a redu\u00e7\u00e3o do desmatamento em 31% no ano de 2023. Os recursos foram anunciados pelo primeiro-ministro da Noruega, Jonas Gahr St\u00f8re, neste domingo, 17, durante a Confer\u00eancia Global Citizen\" \/>\n\t<meta name=\"robots\" content=\"max-image-preview:large\" \/>\n\t<meta name=\"author\" content=\"administrador\"\/>\n\t<link rel=\"canonical\" href=\"https:\/\/newsinfoco.com.br\/inicio\/noruega-doa-us-60-mi-para-preservacao-da-amazonia\/\" \/>\n\t<meta name=\"generator\" content=\"All in One SEO (AIOSEO) 4.9.10\" \/>\n\t\t<meta property=\"og:locale\" content=\"pt_BR\" \/>\n\t\t<meta property=\"og:site_name\" content=\"News In Foco - Editado por Caio Pimenta - O principal site de noticias de Alagoinhas e regi\u00e3o\" \/>\n\t\t<meta property=\"og:type\" content=\"article\" \/>\n\t\t<meta property=\"og:title\" content=\"Noruega doa US$ 60 mi para preserva\u00e7\u00e3o da Amaz\u00f4nia - News In Foco - Editado por Caio Pimenta\" \/>\n\t\t<meta property=\"og:description\" content=\"O Fundo Amaz\u00f4nia receber\u00e1 nova doa\u00e7\u00e3o da Noruega no valor de US$ 60 milh\u00f5es (aproximadamente R$ 348 milh\u00f5es) , em reconhecimento pelos esfor\u00e7os do Brasil com a redu\u00e7\u00e3o do desmatamento em 31% no ano de 2023. Os recursos foram anunciados pelo primeiro-ministro da Noruega, Jonas Gahr St\u00f8re, neste domingo, 17, durante a Confer\u00eancia Global Citizen\" \/>\n\t\t<meta property=\"og:url\" content=\"https:\/\/newsinfoco.com.br\/inicio\/noruega-doa-us-60-mi-para-preservacao-da-amazonia\/\" \/>\n\t\t<meta property=\"article:published_time\" content=\"2024-11-18T16:34:36+00:00\" \/>\n\t\t<meta property=\"article:modified_time\" content=\"2024-11-18T16:36:16+00:00\" \/>\n\t\t<meta name=\"twitter:card\" content=\"summary_large_image\" \/>\n\t\t<meta name=\"twitter:title\" content=\"Noruega doa US$ 60 mi para preserva\u00e7\u00e3o da Amaz\u00f4nia - News In Foco - Editado por Caio Pimenta\" \/>\n\t\t<meta name=\"twitter:description\" content=\"O Fundo Amaz\u00f4nia receber\u00e1 nova doa\u00e7\u00e3o da Noruega no valor de US$ 60 milh\u00f5es (aproximadamente R$ 348 milh\u00f5es) , em reconhecimento pelos esfor\u00e7os do Brasil com a redu\u00e7\u00e3o do desmatamento em 31% no ano de 2023. Os recursos foram anunciados pelo primeiro-ministro da Noruega, Jonas Gahr St\u00f8re, neste domingo, 17, durante a Confer\u00eancia Global Citizen\" \/>\n\t\t<script type=\"application\/ld+json\" class=\"aioseo-schema\">\n\t\t\t{\"@context\":\"https:\\\/\\\/schema.org\",\"@graph\":[{\"@type\":\"BlogPosting\",\"@id\":\"https:\\\/\\\/newsinfoco.com.br\\\/inicio\\\/noruega-doa-us-60-mi-para-preservacao-da-amazonia\\\/#blogposting\",\"name\":\"Noruega doa US$ 60 mi para preserva\\u00e7\\u00e3o da Amaz\\u00f4nia - News In Foco - Editado por Caio Pimenta\",\"headline\":\"Noruega doa US$ 60 mi para preserva\\u00e7\\u00e3o da Amaz\\u00f4nia\",\"author\":{\"@id\":\"https:\\\/\\\/newsinfoco.com.br\\\/inicio\\\/author\\\/administrador\\\/#author\"},\"publisher\":{\"@id\":\"https:\\\/\\\/newsinfoco.com.br\\\/inicio\\\/#organization\"},\"image\":{\"@type\":\"ImageObject\",\"url\":\"https:\\\/\\\/newsinfoco.com.br\\\/inicio\\\/wp-content\\\/uploads\\\/2024\\\/11\\\/Amazonia-desmatamento.jpg\",\"width\":600,\"height\":420},\"datePublished\":\"2024-11-18T13:34:36-03:00\",\"dateModified\":\"2024-11-18T13:36:16-03:00\",\"inLanguage\":\"pt-BR\",\"mainEntityOfPage\":{\"@id\":\"https:\\\/\\\/newsinfoco.com.br\\\/inicio\\\/noruega-doa-us-60-mi-para-preservacao-da-amazonia\\\/#webpage\"},\"isPartOf\":{\"@id\":\"https:\\\/\\\/newsinfoco.com.br\\\/inicio\\\/noruega-doa-us-60-mi-para-preservacao-da-amazonia\\\/#webpage\"},\"articleSection\":\"Brasil\"},{\"@type\":\"BreadcrumbList\",\"@id\":\"https:\\\/\\\/newsinfoco.com.br\\\/inicio\\\/noruega-doa-us-60-mi-para-preservacao-da-amazonia\\\/#breadcrumblist\",\"itemListElement\":[{\"@type\":\"ListItem\",\"@id\":\"https:\\\/\\\/newsinfoco.com.br\\\/inicio#listItem\",\"position\":1,\"name\":\"In\\u00edcio\",\"item\":\"https:\\\/\\\/newsinfoco.com.br\\\/inicio\",\"nextItem\":{\"@type\":\"ListItem\",\"@id\":\"https:\\\/\\\/newsinfoco.com.br\\\/inicio\\\/category\\\/brasil\\\/#listItem\",\"name\":\"Brasil\"}},{\"@type\":\"ListItem\",\"@id\":\"https:\\\/\\\/newsinfoco.com.br\\\/inicio\\\/category\\\/brasil\\\/#listItem\",\"position\":2,\"name\":\"Brasil\",\"item\":\"https:\\\/\\\/newsinfoco.com.br\\\/inicio\\\/category\\\/brasil\\\/\",\"nextItem\":{\"@type\":\"ListItem\",\"@id\":\"https:\\\/\\\/newsinfoco.com.br\\\/inicio\\\/noruega-doa-us-60-mi-para-preservacao-da-amazonia\\\/#listItem\",\"name\":\"Noruega doa US$ 60 mi para preserva\\u00e7\\u00e3o da Amaz\\u00f4nia\"},\"previousItem\":{\"@type\":\"ListItem\",\"@id\":\"https:\\\/\\\/newsinfoco.com.br\\\/inicio#listItem\",\"name\":\"In\\u00edcio\"}},{\"@type\":\"ListItem\",\"@id\":\"https:\\\/\\\/newsinfoco.com.br\\\/inicio\\\/noruega-doa-us-60-mi-para-preservacao-da-amazonia\\\/#listItem\",\"position\":3,\"name\":\"Noruega doa US$ 60 mi para preserva\\u00e7\\u00e3o da Amaz\\u00f4nia\",\"previousItem\":{\"@type\":\"ListItem\",\"@id\":\"https:\\\/\\\/newsinfoco.com.br\\\/inicio\\\/category\\\/brasil\\\/#listItem\",\"name\":\"Brasil\"}}]},{\"@type\":\"Organization\",\"@id\":\"https:\\\/\\\/newsinfoco.com.br\\\/inicio\\\/#organization\",\"name\":\"News In Foco - Editado por Caio Pimenta\",\"description\":\"O principal site de noticias de Alagoinhas e regi\\u00e3o\",\"url\":\"https:\\\/\\\/newsinfoco.com.br\\\/inicio\\\/\"},{\"@type\":\"Person\",\"@id\":\"https:\\\/\\\/newsinfoco.com.br\\\/inicio\\\/author\\\/administrador\\\/#author\",\"url\":\"https:\\\/\\\/newsinfoco.com.br\\\/inicio\\\/author\\\/administrador\\\/\",\"name\":\"administrador\",\"image\":{\"@type\":\"ImageObject\",\"@id\":\"https:\\\/\\\/newsinfoco.com.br\\\/inicio\\\/noruega-doa-us-60-mi-para-preservacao-da-amazonia\\\/#authorImage\",\"url\":\"https:\\\/\\\/secure.gravatar.com\\\/avatar\\\/c17a617433de8c1dc9584bb79aab7563b46f5bb7e1728c9b17d9cc3ce6a08e49?s=96&d=mm&r=g\",\"width\":96,\"height\":96,\"caption\":\"administrador\"}},{\"@type\":\"WebPage\",\"@id\":\"https:\\\/\\\/newsinfoco.com.br\\\/inicio\\\/noruega-doa-us-60-mi-para-preservacao-da-amazonia\\\/#webpage\",\"url\":\"https:\\\/\\\/newsinfoco.com.br\\\/inicio\\\/noruega-doa-us-60-mi-para-preservacao-da-amazonia\\\/\",\"name\":\"Noruega doa US$ 60 mi para preserva\\u00e7\\u00e3o da Amaz\\u00f4nia - News In Foco - Editado por Caio Pimenta\",\"description\":\"O Fundo Amaz\\u00f4nia receber\\u00e1 nova doa\\u00e7\\u00e3o da Noruega no valor de US$ 60 milh\\u00f5es (aproximadamente R$ 348 milh\\u00f5es) , em reconhecimento pelos esfor\\u00e7os do Brasil com a redu\\u00e7\\u00e3o do desmatamento em 31% no ano de 2023. Os recursos foram anunciados pelo primeiro-ministro da Noruega, Jonas Gahr St\\u00f8re, neste domingo, 17, durante a Confer\\u00eancia Global Citizen\",\"inLanguage\":\"pt-BR\",\"isPartOf\":{\"@id\":\"https:\\\/\\\/newsinfoco.com.br\\\/inicio\\\/#website\"},\"breadcrumb\":{\"@id\":\"https:\\\/\\\/newsinfoco.com.br\\\/inicio\\\/noruega-doa-us-60-mi-para-preservacao-da-amazonia\\\/#breadcrumblist\"},\"author\":{\"@id\":\"https:\\\/\\\/newsinfoco.com.br\\\/inicio\\\/author\\\/administrador\\\/#author\"},\"creator\":{\"@id\":\"https:\\\/\\\/newsinfoco.com.br\\\/inicio\\\/author\\\/administrador\\\/#author\"},\"image\":{\"@type\":\"ImageObject\",\"url\":\"https:\\\/\\\/newsinfoco.com.br\\\/inicio\\\/wp-content\\\/uploads\\\/2024\\\/11\\\/Amazonia-desmatamento.jpg\",\"@id\":\"https:\\\/\\\/newsinfoco.com.br\\\/inicio\\\/noruega-doa-us-60-mi-para-preservacao-da-amazonia\\\/#mainImage\",\"width\":600,\"height\":420},\"primaryImageOfPage\":{\"@id\":\"https:\\\/\\\/newsinfoco.com.br\\\/inicio\\\/noruega-doa-us-60-mi-para-preservacao-da-amazonia\\\/#mainImage\"},\"datePublished\":\"2024-11-18T13:34:36-03:00\",\"dateModified\":\"2024-11-18T13:36:16-03:00\"},{\"@type\":\"WebSite\",\"@id\":\"https:\\\/\\\/newsinfoco.com.br\\\/inicio\\\/#website\",\"url\":\"https:\\\/\\\/newsinfoco.com.br\\\/inicio\\\/\",\"name\":\"News In Foco - Editado por Caio Pimenta\",\"description\":\"O principal site de noticias de Alagoinhas e regi\\u00e3o\",\"inLanguage\":\"pt-BR\",\"publisher\":{\"@id\":\"https:\\\/\\\/newsinfoco.com.br\\\/inicio\\\/#organization\"}}]}\n\t\t<\/script>\n\t\t<!-- All in One SEO -->\n\n","aioseo_head_json":{"title":"Noruega doa US$ 60 mi para preserva\u00e7\u00e3o da Amaz\u00f4nia - News In Foco - Editado por Caio Pimenta","description":"O Fundo Amaz\u00f4nia receber\u00e1 nova doa\u00e7\u00e3o da Noruega no valor de US$ 60 milh\u00f5es (aproximadamente R$ 348 milh\u00f5es) , em reconhecimento pelos esfor\u00e7os do Brasil com a redu\u00e7\u00e3o do desmatamento em 31% no ano de 2023. Os recursos foram anunciados pelo primeiro-ministro da Noruega, Jonas Gahr St\u00f8re, neste domingo, 17, durante a Confer\u00eancia Global Citizen","canonical_url":"https:\/\/newsinfoco.com.br\/inicio\/noruega-doa-us-60-mi-para-preservacao-da-amazonia\/","robots":"max-image-preview:large","keywords":"","webmasterTools":{"miscellaneous":""},"schema":{"@context":"https:\/\/schema.org","@graph":[{"@type":"BlogPosting","@id":"https:\/\/newsinfoco.com.br\/inicio\/noruega-doa-us-60-mi-para-preservacao-da-amazonia\/#blogposting","name":"Noruega doa US$ 60 mi para preserva\u00e7\u00e3o da Amaz\u00f4nia - News In Foco - Editado por Caio Pimenta","headline":"Noruega doa US$ 60 mi para preserva\u00e7\u00e3o da Amaz\u00f4nia","author":{"@id":"https:\/\/newsinfoco.com.br\/inicio\/author\/administrador\/#author"},"publisher":{"@id":"https:\/\/newsinfoco.com.br\/inicio\/#organization"},"image":{"@type":"ImageObject","url":"https:\/\/newsinfoco.com.br\/inicio\/wp-content\/uploads\/2024\/11\/Amazonia-desmatamento.jpg","width":600,"height":420},"datePublished":"2024-11-18T13:34:36-03:00","dateModified":"2024-11-18T13:36:16-03:00","inLanguage":"pt-BR","mainEntityOfPage":{"@id":"https:\/\/newsinfoco.com.br\/inicio\/noruega-doa-us-60-mi-para-preservacao-da-amazonia\/#webpage"},"isPartOf":{"@id":"https:\/\/newsinfoco.com.br\/inicio\/noruega-doa-us-60-mi-para-preservacao-da-amazonia\/#webpage"},"articleSection":"Brasil"},{"@type":"BreadcrumbList","@id":"https:\/\/newsinfoco.com.br\/inicio\/noruega-doa-us-60-mi-para-preservacao-da-amazonia\/#breadcrumblist","itemListElement":[{"@type":"ListItem","@id":"https:\/\/newsinfoco.com.br\/inicio#listItem","position":1,"name":"In\u00edcio","item":"https:\/\/newsinfoco.com.br\/inicio","nextItem":{"@type":"ListItem","@id":"https:\/\/newsinfoco.com.br\/inicio\/category\/brasil\/#listItem","name":"Brasil"}},{"@type":"ListItem","@id":"https:\/\/newsinfoco.com.br\/inicio\/category\/brasil\/#listItem","position":2,"name":"Brasil","item":"https:\/\/newsinfoco.com.br\/inicio\/category\/brasil\/","nextItem":{"@type":"ListItem","@id":"https:\/\/newsinfoco.com.br\/inicio\/noruega-doa-us-60-mi-para-preservacao-da-amazonia\/#listItem","name":"Noruega doa US$ 60 mi para preserva\u00e7\u00e3o da Amaz\u00f4nia"},"previousItem":{"@type":"ListItem","@id":"https:\/\/newsinfoco.com.br\/inicio#listItem","name":"In\u00edcio"}},{"@type":"ListItem","@id":"https:\/\/newsinfoco.com.br\/inicio\/noruega-doa-us-60-mi-para-preservacao-da-amazonia\/#listItem","position":3,"name":"Noruega doa US$ 60 mi para preserva\u00e7\u00e3o da Amaz\u00f4nia","previousItem":{"@type":"ListItem","@id":"https:\/\/newsinfoco.com.br\/inicio\/category\/brasil\/#listItem","name":"Brasil"}}]},{"@type":"Organization","@id":"https:\/\/newsinfoco.com.br\/inicio\/#organization","name":"News In Foco - Editado por Caio Pimenta","description":"O principal site de noticias de Alagoinhas e regi\u00e3o","url":"https:\/\/newsinfoco.com.br\/inicio\/"},{"@type":"Person","@id":"https:\/\/newsinfoco.com.br\/inicio\/author\/administrador\/#author","url":"https:\/\/newsinfoco.com.br\/inicio\/author\/administrador\/","name":"administrador","image":{"@type":"ImageObject","@id":"https:\/\/newsinfoco.com.br\/inicio\/noruega-doa-us-60-mi-para-preservacao-da-amazonia\/#authorImage","url":"https:\/\/secure.gravatar.com\/avatar\/c17a617433de8c1dc9584bb79aab7563b46f5bb7e1728c9b17d9cc3ce6a08e49?s=96&d=mm&r=g","width":96,"height":96,"caption":"administrador"}},{"@type":"WebPage","@id":"https:\/\/newsinfoco.com.br\/inicio\/noruega-doa-us-60-mi-para-preservacao-da-amazonia\/#webpage","url":"https:\/\/newsinfoco.com.br\/inicio\/noruega-doa-us-60-mi-para-preservacao-da-amazonia\/","name":"Noruega doa US$ 60 mi para preserva\u00e7\u00e3o da Amaz\u00f4nia - News In Foco - Editado por Caio Pimenta","description":"O Fundo Amaz\u00f4nia receber\u00e1 nova doa\u00e7\u00e3o da Noruega no valor de US$ 60 milh\u00f5es (aproximadamente R$ 348 milh\u00f5es) , em reconhecimento pelos esfor\u00e7os do Brasil com a redu\u00e7\u00e3o do desmatamento em 31% no ano de 2023. Os recursos foram anunciados pelo primeiro-ministro da Noruega, Jonas Gahr St\u00f8re, neste domingo, 17, durante a Confer\u00eancia Global Citizen","inLanguage":"pt-BR","isPartOf":{"@id":"https:\/\/newsinfoco.com.br\/inicio\/#website"},"breadcrumb":{"@id":"https:\/\/newsinfoco.com.br\/inicio\/noruega-doa-us-60-mi-para-preservacao-da-amazonia\/#breadcrumblist"},"author":{"@id":"https:\/\/newsinfoco.com.br\/inicio\/author\/administrador\/#author"},"creator":{"@id":"https:\/\/newsinfoco.com.br\/inicio\/author\/administrador\/#author"},"image":{"@type":"ImageObject","url":"https:\/\/newsinfoco.com.br\/inicio\/wp-content\/uploads\/2024\/11\/Amazonia-desmatamento.jpg","@id":"https:\/\/newsinfoco.com.br\/inicio\/noruega-doa-us-60-mi-para-preservacao-da-amazonia\/#mainImage","width":600,"height":420},"primaryImageOfPage":{"@id":"https:\/\/newsinfoco.com.br\/inicio\/noruega-doa-us-60-mi-para-preservacao-da-amazonia\/#mainImage"},"datePublished":"2024-11-18T13:34:36-03:00","dateModified":"2024-11-18T13:36:16-03:00"},{"@type":"WebSite","@id":"https:\/\/newsinfoco.com.br\/inicio\/#website","url":"https:\/\/newsinfoco.com.br\/inicio\/","name":"News In Foco - Editado por Caio Pimenta","description":"O principal site de noticias de Alagoinhas e regi\u00e3o","inLanguage":"pt-BR","publisher":{"@id":"https:\/\/newsinfoco.com.br\/inicio\/#organization"}}]},"og:locale":"pt_BR","og:site_name":"News In Foco - Editado por Caio Pimenta - O principal site de noticias de Alagoinhas e regi\u00e3o","og:type":"article","og:title":"Noruega doa US$ 60 mi para preserva\u00e7\u00e3o da Amaz\u00f4nia - News In Foco - Editado por Caio Pimenta","og:description":"O Fundo Amaz\u00f4nia receber\u00e1 nova doa\u00e7\u00e3o da Noruega no valor de US$ 60 milh\u00f5es (aproximadamente R$ 348 milh\u00f5es) , em reconhecimento pelos esfor\u00e7os do Brasil com a redu\u00e7\u00e3o do desmatamento em 31% no ano de 2023. Os recursos foram anunciados pelo primeiro-ministro da Noruega, Jonas Gahr St\u00f8re, neste domingo, 17, durante a Confer\u00eancia Global Citizen","og:url":"https:\/\/newsinfoco.com.br\/inicio\/noruega-doa-us-60-mi-para-preservacao-da-amazonia\/","article:published_time":"2024-11-18T16:34:36+00:00","article:modified_time":"2024-11-18T16:36:16+00:00","twitter:card":"summary_large_image","twitter:title":"Noruega doa US$ 60 mi para preserva\u00e7\u00e3o da Amaz\u00f4nia - News In Foco - Editado por Caio Pimenta","twitter:description":"O Fundo Amaz\u00f4nia receber\u00e1 nova doa\u00e7\u00e3o da Noruega no valor de US$ 60 milh\u00f5es (aproximadamente R$ 348 milh\u00f5es) , em reconhecimento pelos esfor\u00e7os do Brasil com a redu\u00e7\u00e3o do desmatamento em 31% no ano de 2023. Os recursos foram anunciados pelo primeiro-ministro da Noruega, Jonas Gahr St\u00f8re, neste domingo, 17, durante a Confer\u00eancia Global Citizen"},"aioseo_meta_data":{"post_id":"36831","title":null,"description":null,"keywords":null,"keyphrases":{"focus":{"keyphrase":"","score":0,"analysis":{"keyphraseInTitle":{"score":0,"maxScore":9,"error":1}}},"additional":[]},"primary_term":null,"canonical_url":null,"og_title":null,"og_description":null,"og_object_type":"default","og_image_type":"default","og_image_url":null,"og_image_width":null,"og_image_height":null,"og_image_custom_url":null,"og_image_custom_fields":null,"og_video":"","og_custom_url":null,"og_article_section":null,"og_article_tags":null,"twitter_use_og":false,"twitter_card":"default","twitter_image_type":"default","twitter_image_url":null,"twitter_image_custom_url":null,"twitter_image_custom_fields":null,"twitter_title":null,"twitter_description":null,"schema":{"blockGraphs":[],"customGraphs":[],"default":{"data":{"Article":[],"Course":[],"Dataset":[],"FAQPage":[],"Movie":[],"Person":[],"Product":[],"ProductReview":[],"Car":[],"Recipe":[],"Service":[],"SoftwareApplication":[],"WebPage":[]},"graphName":"BlogPosting","isEnabled":true},"graphs":[]},"schema_type":"default","schema_type_options":null,"pillar_content":false,"robots_default":true,"robots_noindex":false,"robots_noarchive":false,"robots_nosnippet":false,"robots_nofollow":false,"robots_noimageindex":false,"robots_noodp":false,"robots_notranslate":false,"robots_max_snippet":"-1","robots_max_videopreview":"-1","robots_max_imagepreview":"large","priority":null,"frequency":"default","local_seo":null,"breadcrumb_settings":null,"limit_modified_date":false,"ai":null,"created":"2024-11-18 16:34:36","updated":"2025-07-11 11:02:48","seo_analyzer_scan_date":null},"aioseo_breadcrumb":"<div class=\"aioseo-breadcrumbs\"><span class=\"aioseo-breadcrumb\">\n\t\t\t<a href=\"https:\/\/newsinfoco.com.br\/inicio\" title=\"In\u00edcio\">In\u00edcio<\/a>\n\t\t<\/span><span class=\"aioseo-breadcrumb-separator\">&raquo;<\/span><span class=\"aioseo-breadcrumb\">\n\t\t\t<a href=\"https:\/\/newsinfoco.com.br\/inicio\/category\/brasil\/\" title=\"Brasil\">Brasil<\/a>\n\t\t<\/span><span class=\"aioseo-breadcrumb-separator\">&raquo;<\/span><span class=\"aioseo-breadcrumb\">\n\t\t\tNoruega doa US$ 60 mi para preserva\u00e7\u00e3o da Amaz\u00f4nia\n\t\t<\/span><\/div>","aioseo_breadcrumb_json":[{"label":"In\u00edcio","link":"https:\/\/newsinfoco.com.br\/inicio"},{"label":"Brasil","link":"https:\/\/newsinfoco.com.br\/inicio\/category\/brasil\/"},{"label":"Noruega doa US$ 60 mi para preserva\u00e7\u00e3o da Amaz\u00f4nia","link":"https:\/\/newsinfoco.com.br\/inicio\/noruega-doa-us-60-mi-para-preservacao-da-amazonia\/"}],"_links":{"self":[{"href":"https:\/\/newsinfoco.com.br\/inicio\/wp-json\/wp\/v2\/posts\/36831","targetHints":{"allow":["GET"]}}],"collection":[{"href":"https:\/\/newsinfoco.com.br\/inicio\/wp-json\/wp\/v2\/posts"}],"about":[{"href":"https:\/\/newsinfoco.com.br\/inicio\/wp-json\/wp\/v2\/types\/post"}],"author":[{"embeddable":true,"href":"https:\/\/newsinfoco.com.br\/inicio\/wp-json\/wp\/v2\/users\/1"}],"replies":[{"embeddable":true,"href":"https:\/\/newsinfoco.com.br\/inicio\/wp-json\/wp\/v2\/comments?post=36831"}],"version-history":[{"count":2,"href":"https:\/\/newsinfoco.com.br\/inicio\/wp-json\/wp\/v2\/posts\/36831\/revisions"}],"predecessor-version":[{"id":36834,"href":"https:\/\/newsinfoco.com.br\/inicio\/wp-json\/wp\/v2\/posts\/36831\/revisions\/36834"}],"wp:featuredmedia":[{"embeddable":true,"href":"https:\/\/newsinfoco.com.br\/inicio\/wp-json\/wp\/v2\/media\/36832"}],"wp:attachment":[{"href":"https:\/\/newsinfoco.com.br\/inicio\/wp-json\/wp\/v2\/media?parent=36831"}],"wp:term":[{"taxonomy":"category","embeddable":true,"href":"https:\/\/newsinfoco.com.br\/inicio\/wp-json\/wp\/v2\/categories?post=36831"},{"taxonomy":"post_tag","embeddable":true,"href":"https:\/\/newsinfoco.com.br\/inicio\/wp-json\/wp\/v2\/tags?post=36831"}],"curies":[{"name":"wp","href":"https:\/\/api.w.org\/{rel}","templated":true}]}}