{"id":36851,"date":"2024-11-19T13:20:05","date_gmt":"2024-11-19T16:20:05","guid":{"rendered":"https:\/\/newsinfoco.com.br\/inicio\/?p=36851"},"modified":"2024-11-19T13:20:05","modified_gmt":"2024-11-19T16:20:05","slug":"experiencia-de-alagoinhas-no-combate-a-covid-19-e-apresentada-em-evento-do-sus","status":"publish","type":"post","link":"https:\/\/newsinfoco.com.br\/inicio\/experiencia-de-alagoinhas-no-combate-a-covid-19-e-apresentada-em-evento-do-sus\/","title":{"rendered":"Experi\u00eancia de Alagoinhas no combate \u00e0 covid-19 \u00e9 apresentada em evento do SUS"},"content":{"rendered":"<p>Trabalho realizado pela equipe da Vigil\u00e2ncia em Sa\u00fade da Secretaria de Sa\u00fade de Alagoinhas foi selecionado para participar da II Oficina Nacional do ImunizaSUS, evento que come\u00e7ou nesta segunda-feira (18), em Bras\u00edlia. A oficina re\u00fane profissionais do Sistema \u00danico de Sa\u00fade (SUS) de todo o Brasil e busca fortalecer as a\u00e7\u00f5es de imuniza\u00e7\u00e3o nos territ\u00f3rios.<\/p>\n<p>O tema do trabalho apresentado foi o relato da experi\u00eancia exitosa da imuniza\u00e7\u00e3o contra o v\u00edrus da Covid-19 em Alagoinhas, cujos autores foram Telma Pio, Eliziane Freitas e Jo\u00e3o Teixeira.<\/p>\n<p>Telma Pio, diretora da VISAU e uma do que idealizaram o projeto, explica que a inten\u00e7\u00e3o era mostrar a todos que Alagoinhas conseguiu fazer um bom trabalho de vacina\u00e7\u00e3o contra Covid-19 e que estrat\u00e9gias foram usadas para chegar ao resultado obtido. \u201cCom nossas estrat\u00e9gias, conseguimos reduzir \u00f3bitos e uma diminui\u00e7\u00e3o muito grande do n\u00famero de casos. Alcan\u00e7amos um grande quantitativo de vacina\u00e7\u00e3o de primeira e segunda doses, chegando a quase 100% de cobertura. Com a ajuda do nosso gestor, o prefeito Joaquim Neto, de toda a equipe da SESAU, da Secretaria de Assist\u00eancia Social, n\u00f3s conseguimos fazer uma vacina\u00e7\u00e3o eficaz\u201d, avalia Telma.<\/p>\n<p>Ao falar do trabalho, a diretora lembra das a\u00e7\u00f5es de vacina\u00e7\u00e3o da popula\u00e7\u00e3o quilombola, de como Alagoinhas foi o primeiro munic\u00edpio a vacinar a popula\u00e7\u00e3o da zona rural, dos mutir\u00f5es de 36 horas de vacina\u00e7\u00e3o e da vacina\u00e7\u00e3o itinerante. \u201cNo in\u00edcio foi tudo muito dif\u00edcil; receb\u00edamos poucas doses e o prefeito trabalhava para providenciar mais doses e fazer a distribui\u00e7\u00e3o em cada localidade. Foi um trabalho muito gratificante para n\u00f3s e de muito \u00eaxito\u201d, relembra Telma.<\/p>\n<p>A apresenta\u00e7\u00e3o do trabalho em Bras\u00edlia coube a Jo\u00e3o Teixeira, servidor efetivo do munic\u00edpio que atua na Central de Imuniza\u00e7\u00e3o. \u201cAl\u00e9m de mostrarmos a grande efetividade que nosso munic\u00edpio tem quando se trata de imuniza\u00e7\u00e3o, ainda \u00e9 poss\u00edvel compartilhar e conhecer outras experi\u00eancias de sucesso em todo o Brasil, que podem contribuir para o fortalecimento das a\u00e7\u00f5es em Alagoinhas\u201d, avaliou Jo\u00e3o.<\/p>\n<p>O evento, promovido pelo Conselho Nacional de Secret\u00e1rias Municipais de Sa\u00fade (Conasems), segue at\u00e9 o dia 20, quarta-feira.<\/p>\n<p>&nbsp;<\/p>\n<div class='share-to-whatsapp-wrapper'><div class='share-on-whsp'>Share on: <\/div><a data-text='Experi\u00eancia de Alagoinhas no combate \u00e0 covid-19 \u00e9 apresentada em evento do SUS' data-link='https:\/\/newsinfoco.com.br\/inicio\/experiencia-de-alagoinhas-no-combate-a-covid-19-e-apresentada-em-evento-do-sus\/' class='whatsapp-button whatsapp-share'>WhatsApp<\/a><div class='clear '><\/div><\/div>","protected":false},"excerpt":{"rendered":"<p>Trabalho realizado pela equipe da Vigil\u00e2ncia em Sa\u00fade da Secretaria de Sa\u00fade de Alagoinhas foi selecionado para participar da II Oficina Nacional do ImunizaSUS, evento que come\u00e7ou nesta segunda-feira (18), em Bras\u00edlia. A oficina re\u00fane profissionais do Sistema \u00danico de Sa\u00fade (SUS) de todo o Brasil e busca fortalecer as a\u00e7\u00f5es de imuniza\u00e7\u00e3o nos territ\u00f3rios. [&hellip;]<\/p>\n","protected":false},"author":1,"featured_media":36852,"comment_status":"closed","ping_status":"closed","sticky":false,"template":"","format":"standard","meta":{"om_disable_all_campaigns":false,"rop_custom_images_group":[],"rop_custom_messages_group":[],"rop_publish_now":"initial","rop_publish_now_accounts":[],"rop_publish_now_history":[],"rop_publish_now_status":"pending","_exactmetrics_skip_tracking":false,"footnotes":""},"categories":[38,167],"tags":[],"class_list":["post-36851","post","type-post","status-publish","format-standard","has-post-thumbnail","hentry","category-alagoinhas-e-regiao","category-exclusivas"],"aioseo_notices":[],"aioseo_head":"\n\t\t<!-- All in One SEO 4.9.10 - aioseo.com -->\n\t<meta name=\"description\" content=\"Trabalho realizado pela equipe da Vigil\u00e2ncia em Sa\u00fade da Secretaria de Sa\u00fade de Alagoinhas foi selecionado para participar da II Oficina Nacional do ImunizaSUS, evento que come\u00e7ou nesta segunda-feira (18), em Bras\u00edlia. A oficina re\u00fane profissionais do Sistema \u00danico de Sa\u00fade (SUS) de todo o Brasil e busca fortalecer as a\u00e7\u00f5es de imuniza\u00e7\u00e3o nos territ\u00f3rios.\" \/>\n\t<meta name=\"robots\" content=\"max-image-preview:large\" \/>\n\t<meta name=\"author\" content=\"administrador\"\/>\n\t<link rel=\"canonical\" href=\"https:\/\/newsinfoco.com.br\/inicio\/experiencia-de-alagoinhas-no-combate-a-covid-19-e-apresentada-em-evento-do-sus\/\" \/>\n\t<meta name=\"generator\" content=\"All in One SEO (AIOSEO) 4.9.10\" \/>\n\t\t<meta property=\"og:locale\" content=\"pt_BR\" \/>\n\t\t<meta property=\"og:site_name\" content=\"News In Foco - Editado por Caio Pimenta - O principal site de noticias de Alagoinhas e regi\u00e3o\" \/>\n\t\t<meta property=\"og:type\" content=\"article\" \/>\n\t\t<meta property=\"og:title\" content=\"Experi\u00eancia de Alagoinhas no combate \u00e0 covid-19 \u00e9 apresentada em evento do SUS - News In Foco - Editado por Caio Pimenta\" \/>\n\t\t<meta property=\"og:description\" content=\"Trabalho realizado pela equipe da Vigil\u00e2ncia em Sa\u00fade da Secretaria de Sa\u00fade de Alagoinhas foi selecionado para participar da II Oficina Nacional do ImunizaSUS, evento que come\u00e7ou nesta segunda-feira (18), em Bras\u00edlia. A oficina re\u00fane profissionais do Sistema \u00danico de Sa\u00fade (SUS) de todo o Brasil e busca fortalecer as a\u00e7\u00f5es de imuniza\u00e7\u00e3o nos territ\u00f3rios.\" \/>\n\t\t<meta property=\"og:url\" content=\"https:\/\/newsinfoco.com.br\/inicio\/experiencia-de-alagoinhas-no-combate-a-covid-19-e-apresentada-em-evento-do-sus\/\" \/>\n\t\t<meta property=\"article:published_time\" content=\"2024-11-19T16:20:05+00:00\" \/>\n\t\t<meta property=\"article:modified_time\" content=\"2024-11-19T16:20:05+00:00\" \/>\n\t\t<meta name=\"twitter:card\" content=\"summary_large_image\" \/>\n\t\t<meta name=\"twitter:title\" content=\"Experi\u00eancia de Alagoinhas no combate \u00e0 covid-19 \u00e9 apresentada em evento do SUS - News In Foco - Editado por Caio Pimenta\" \/>\n\t\t<meta name=\"twitter:description\" content=\"Trabalho realizado pela equipe da Vigil\u00e2ncia em Sa\u00fade da Secretaria de Sa\u00fade de Alagoinhas foi selecionado para participar da II Oficina Nacional do ImunizaSUS, evento que come\u00e7ou nesta segunda-feira (18), em Bras\u00edlia. A oficina re\u00fane profissionais do Sistema \u00danico de Sa\u00fade (SUS) de todo o Brasil e busca fortalecer as a\u00e7\u00f5es de imuniza\u00e7\u00e3o nos territ\u00f3rios.\" \/>\n\t\t<script type=\"application\/ld+json\" class=\"aioseo-schema\">\n\t\t\t{\"@context\":\"https:\\\/\\\/schema.org\",\"@graph\":[{\"@type\":\"BlogPosting\",\"@id\":\"https:\\\/\\\/newsinfoco.com.br\\\/inicio\\\/experiencia-de-alagoinhas-no-combate-a-covid-19-e-apresentada-em-evento-do-sus\\\/#blogposting\",\"name\":\"Experi\\u00eancia de Alagoinhas no combate \\u00e0 covid-19 \\u00e9 apresentada em evento do SUS - News In Foco - Editado por Caio Pimenta\",\"headline\":\"Experi\\u00eancia de Alagoinhas no combate \\u00e0 covid-19 \\u00e9 apresentada em evento do SUS\",\"author\":{\"@id\":\"https:\\\/\\\/newsinfoco.com.br\\\/inicio\\\/author\\\/administrador\\\/#author\"},\"publisher\":{\"@id\":\"https:\\\/\\\/newsinfoco.com.br\\\/inicio\\\/#organization\"},\"image\":{\"@type\":\"ImageObject\",\"url\":\"https:\\\/\\\/newsinfoco.com.br\\\/inicio\\\/wp-content\\\/uploads\\\/2024\\\/11\\\/IMG-20241119-WA0007.jpg\",\"width\":1600,\"height\":1200},\"datePublished\":\"2024-11-19T13:20:05-03:00\",\"dateModified\":\"2024-11-19T13:20:05-03:00\",\"inLanguage\":\"pt-BR\",\"mainEntityOfPage\":{\"@id\":\"https:\\\/\\\/newsinfoco.com.br\\\/inicio\\\/experiencia-de-alagoinhas-no-combate-a-covid-19-e-apresentada-em-evento-do-sus\\\/#webpage\"},\"isPartOf\":{\"@id\":\"https:\\\/\\\/newsinfoco.com.br\\\/inicio\\\/experiencia-de-alagoinhas-no-combate-a-covid-19-e-apresentada-em-evento-do-sus\\\/#webpage\"},\"articleSection\":\"Alagoinhas e Regi\\u00e3o, Manchete\"},{\"@type\":\"BreadcrumbList\",\"@id\":\"https:\\\/\\\/newsinfoco.com.br\\\/inicio\\\/experiencia-de-alagoinhas-no-combate-a-covid-19-e-apresentada-em-evento-do-sus\\\/#breadcrumblist\",\"itemListElement\":[{\"@type\":\"ListItem\",\"@id\":\"https:\\\/\\\/newsinfoco.com.br\\\/inicio#listItem\",\"position\":1,\"name\":\"In\\u00edcio\",\"item\":\"https:\\\/\\\/newsinfoco.com.br\\\/inicio\",\"nextItem\":{\"@type\":\"ListItem\",\"@id\":\"https:\\\/\\\/newsinfoco.com.br\\\/inicio\\\/category\\\/alagoinhas-e-regiao\\\/#listItem\",\"name\":\"Alagoinhas e Regi\\u00e3o\"}},{\"@type\":\"ListItem\",\"@id\":\"https:\\\/\\\/newsinfoco.com.br\\\/inicio\\\/category\\\/alagoinhas-e-regiao\\\/#listItem\",\"position\":2,\"name\":\"Alagoinhas e Regi\\u00e3o\",\"item\":\"https:\\\/\\\/newsinfoco.com.br\\\/inicio\\\/category\\\/alagoinhas-e-regiao\\\/\",\"nextItem\":{\"@type\":\"ListItem\",\"@id\":\"https:\\\/\\\/newsinfoco.com.br\\\/inicio\\\/experiencia-de-alagoinhas-no-combate-a-covid-19-e-apresentada-em-evento-do-sus\\\/#listItem\",\"name\":\"Experi\\u00eancia de Alagoinhas no combate \\u00e0 covid-19 \\u00e9 apresentada em evento do SUS\"},\"previousItem\":{\"@type\":\"ListItem\",\"@id\":\"https:\\\/\\\/newsinfoco.com.br\\\/inicio#listItem\",\"name\":\"In\\u00edcio\"}},{\"@type\":\"ListItem\",\"@id\":\"https:\\\/\\\/newsinfoco.com.br\\\/inicio\\\/experiencia-de-alagoinhas-no-combate-a-covid-19-e-apresentada-em-evento-do-sus\\\/#listItem\",\"position\":3,\"name\":\"Experi\\u00eancia de Alagoinhas no combate \\u00e0 covid-19 \\u00e9 apresentada em evento do SUS\",\"previousItem\":{\"@type\":\"ListItem\",\"@id\":\"https:\\\/\\\/newsinfoco.com.br\\\/inicio\\\/category\\\/alagoinhas-e-regiao\\\/#listItem\",\"name\":\"Alagoinhas e Regi\\u00e3o\"}}]},{\"@type\":\"Organization\",\"@id\":\"https:\\\/\\\/newsinfoco.com.br\\\/inicio\\\/#organization\",\"name\":\"News In Foco - Editado por Caio Pimenta\",\"description\":\"O principal site de noticias de Alagoinhas e regi\\u00e3o\",\"url\":\"https:\\\/\\\/newsinfoco.com.br\\\/inicio\\\/\"},{\"@type\":\"Person\",\"@id\":\"https:\\\/\\\/newsinfoco.com.br\\\/inicio\\\/author\\\/administrador\\\/#author\",\"url\":\"https:\\\/\\\/newsinfoco.com.br\\\/inicio\\\/author\\\/administrador\\\/\",\"name\":\"administrador\",\"image\":{\"@type\":\"ImageObject\",\"@id\":\"https:\\\/\\\/newsinfoco.com.br\\\/inicio\\\/experiencia-de-alagoinhas-no-combate-a-covid-19-e-apresentada-em-evento-do-sus\\\/#authorImage\",\"url\":\"https:\\\/\\\/secure.gravatar.com\\\/avatar\\\/c17a617433de8c1dc9584bb79aab7563b46f5bb7e1728c9b17d9cc3ce6a08e49?s=96&d=mm&r=g\",\"width\":96,\"height\":96,\"caption\":\"administrador\"}},{\"@type\":\"WebPage\",\"@id\":\"https:\\\/\\\/newsinfoco.com.br\\\/inicio\\\/experiencia-de-alagoinhas-no-combate-a-covid-19-e-apresentada-em-evento-do-sus\\\/#webpage\",\"url\":\"https:\\\/\\\/newsinfoco.com.br\\\/inicio\\\/experiencia-de-alagoinhas-no-combate-a-covid-19-e-apresentada-em-evento-do-sus\\\/\",\"name\":\"Experi\\u00eancia de Alagoinhas no combate \\u00e0 covid-19 \\u00e9 apresentada em evento do SUS - News In Foco - Editado por Caio Pimenta\",\"description\":\"Trabalho realizado pela equipe da Vigil\\u00e2ncia em Sa\\u00fade da Secretaria de Sa\\u00fade de Alagoinhas foi selecionado para participar da II Oficina Nacional do ImunizaSUS, evento que come\\u00e7ou nesta segunda-feira (18), em Bras\\u00edlia. A oficina re\\u00fane profissionais do Sistema \\u00danico de Sa\\u00fade (SUS) de todo o Brasil e busca fortalecer as a\\u00e7\\u00f5es de imuniza\\u00e7\\u00e3o nos territ\\u00f3rios.\",\"inLanguage\":\"pt-BR\",\"isPartOf\":{\"@id\":\"https:\\\/\\\/newsinfoco.com.br\\\/inicio\\\/#website\"},\"breadcrumb\":{\"@id\":\"https:\\\/\\\/newsinfoco.com.br\\\/inicio\\\/experiencia-de-alagoinhas-no-combate-a-covid-19-e-apresentada-em-evento-do-sus\\\/#breadcrumblist\"},\"author\":{\"@id\":\"https:\\\/\\\/newsinfoco.com.br\\\/inicio\\\/author\\\/administrador\\\/#author\"},\"creator\":{\"@id\":\"https:\\\/\\\/newsinfoco.com.br\\\/inicio\\\/author\\\/administrador\\\/#author\"},\"image\":{\"@type\":\"ImageObject\",\"url\":\"https:\\\/\\\/newsinfoco.com.br\\\/inicio\\\/wp-content\\\/uploads\\\/2024\\\/11\\\/IMG-20241119-WA0007.jpg\",\"@id\":\"https:\\\/\\\/newsinfoco.com.br\\\/inicio\\\/experiencia-de-alagoinhas-no-combate-a-covid-19-e-apresentada-em-evento-do-sus\\\/#mainImage\",\"width\":1600,\"height\":1200},\"primaryImageOfPage\":{\"@id\":\"https:\\\/\\\/newsinfoco.com.br\\\/inicio\\\/experiencia-de-alagoinhas-no-combate-a-covid-19-e-apresentada-em-evento-do-sus\\\/#mainImage\"},\"datePublished\":\"2024-11-19T13:20:05-03:00\",\"dateModified\":\"2024-11-19T13:20:05-03:00\"},{\"@type\":\"WebSite\",\"@id\":\"https:\\\/\\\/newsinfoco.com.br\\\/inicio\\\/#website\",\"url\":\"https:\\\/\\\/newsinfoco.com.br\\\/inicio\\\/\",\"name\":\"News In Foco - Editado por Caio Pimenta\",\"description\":\"O principal site de noticias de Alagoinhas e regi\\u00e3o\",\"inLanguage\":\"pt-BR\",\"publisher\":{\"@id\":\"https:\\\/\\\/newsinfoco.com.br\\\/inicio\\\/#organization\"}}]}\n\t\t<\/script>\n\t\t<!-- All in One SEO -->\n\n","aioseo_head_json":{"title":"Experi\u00eancia de Alagoinhas no combate \u00e0 covid-19 \u00e9 apresentada em evento do SUS - News In Foco - Editado por Caio Pimenta","description":"Trabalho realizado pela equipe da Vigil\u00e2ncia em Sa\u00fade da Secretaria de Sa\u00fade de Alagoinhas foi selecionado para participar da II Oficina Nacional do ImunizaSUS, evento que come\u00e7ou nesta segunda-feira (18), em Bras\u00edlia. A oficina re\u00fane profissionais do Sistema \u00danico de Sa\u00fade (SUS) de todo o Brasil e busca fortalecer as a\u00e7\u00f5es de imuniza\u00e7\u00e3o nos territ\u00f3rios.","canonical_url":"https:\/\/newsinfoco.com.br\/inicio\/experiencia-de-alagoinhas-no-combate-a-covid-19-e-apresentada-em-evento-do-sus\/","robots":"max-image-preview:large","keywords":"","webmasterTools":{"miscellaneous":""},"schema":{"@context":"https:\/\/schema.org","@graph":[{"@type":"BlogPosting","@id":"https:\/\/newsinfoco.com.br\/inicio\/experiencia-de-alagoinhas-no-combate-a-covid-19-e-apresentada-em-evento-do-sus\/#blogposting","name":"Experi\u00eancia de Alagoinhas no combate \u00e0 covid-19 \u00e9 apresentada em evento do SUS - News In Foco - Editado por Caio Pimenta","headline":"Experi\u00eancia de Alagoinhas no combate \u00e0 covid-19 \u00e9 apresentada em evento do SUS","author":{"@id":"https:\/\/newsinfoco.com.br\/inicio\/author\/administrador\/#author"},"publisher":{"@id":"https:\/\/newsinfoco.com.br\/inicio\/#organization"},"image":{"@type":"ImageObject","url":"https:\/\/newsinfoco.com.br\/inicio\/wp-content\/uploads\/2024\/11\/IMG-20241119-WA0007.jpg","width":1600,"height":1200},"datePublished":"2024-11-19T13:20:05-03:00","dateModified":"2024-11-19T13:20:05-03:00","inLanguage":"pt-BR","mainEntityOfPage":{"@id":"https:\/\/newsinfoco.com.br\/inicio\/experiencia-de-alagoinhas-no-combate-a-covid-19-e-apresentada-em-evento-do-sus\/#webpage"},"isPartOf":{"@id":"https:\/\/newsinfoco.com.br\/inicio\/experiencia-de-alagoinhas-no-combate-a-covid-19-e-apresentada-em-evento-do-sus\/#webpage"},"articleSection":"Alagoinhas e Regi\u00e3o, Manchete"},{"@type":"BreadcrumbList","@id":"https:\/\/newsinfoco.com.br\/inicio\/experiencia-de-alagoinhas-no-combate-a-covid-19-e-apresentada-em-evento-do-sus\/#breadcrumblist","itemListElement":[{"@type":"ListItem","@id":"https:\/\/newsinfoco.com.br\/inicio#listItem","position":1,"name":"In\u00edcio","item":"https:\/\/newsinfoco.com.br\/inicio","nextItem":{"@type":"ListItem","@id":"https:\/\/newsinfoco.com.br\/inicio\/category\/alagoinhas-e-regiao\/#listItem","name":"Alagoinhas e Regi\u00e3o"}},{"@type":"ListItem","@id":"https:\/\/newsinfoco.com.br\/inicio\/category\/alagoinhas-e-regiao\/#listItem","position":2,"name":"Alagoinhas e Regi\u00e3o","item":"https:\/\/newsinfoco.com.br\/inicio\/category\/alagoinhas-e-regiao\/","nextItem":{"@type":"ListItem","@id":"https:\/\/newsinfoco.com.br\/inicio\/experiencia-de-alagoinhas-no-combate-a-covid-19-e-apresentada-em-evento-do-sus\/#listItem","name":"Experi\u00eancia de Alagoinhas no combate \u00e0 covid-19 \u00e9 apresentada em evento do SUS"},"previousItem":{"@type":"ListItem","@id":"https:\/\/newsinfoco.com.br\/inicio#listItem","name":"In\u00edcio"}},{"@type":"ListItem","@id":"https:\/\/newsinfoco.com.br\/inicio\/experiencia-de-alagoinhas-no-combate-a-covid-19-e-apresentada-em-evento-do-sus\/#listItem","position":3,"name":"Experi\u00eancia de Alagoinhas no combate \u00e0 covid-19 \u00e9 apresentada em evento do SUS","previousItem":{"@type":"ListItem","@id":"https:\/\/newsinfoco.com.br\/inicio\/category\/alagoinhas-e-regiao\/#listItem","name":"Alagoinhas e Regi\u00e3o"}}]},{"@type":"Organization","@id":"https:\/\/newsinfoco.com.br\/inicio\/#organization","name":"News In Foco - Editado por Caio Pimenta","description":"O principal site de noticias de Alagoinhas e regi\u00e3o","url":"https:\/\/newsinfoco.com.br\/inicio\/"},{"@type":"Person","@id":"https:\/\/newsinfoco.com.br\/inicio\/author\/administrador\/#author","url":"https:\/\/newsinfoco.com.br\/inicio\/author\/administrador\/","name":"administrador","image":{"@type":"ImageObject","@id":"https:\/\/newsinfoco.com.br\/inicio\/experiencia-de-alagoinhas-no-combate-a-covid-19-e-apresentada-em-evento-do-sus\/#authorImage","url":"https:\/\/secure.gravatar.com\/avatar\/c17a617433de8c1dc9584bb79aab7563b46f5bb7e1728c9b17d9cc3ce6a08e49?s=96&d=mm&r=g","width":96,"height":96,"caption":"administrador"}},{"@type":"WebPage","@id":"https:\/\/newsinfoco.com.br\/inicio\/experiencia-de-alagoinhas-no-combate-a-covid-19-e-apresentada-em-evento-do-sus\/#webpage","url":"https:\/\/newsinfoco.com.br\/inicio\/experiencia-de-alagoinhas-no-combate-a-covid-19-e-apresentada-em-evento-do-sus\/","name":"Experi\u00eancia de Alagoinhas no combate \u00e0 covid-19 \u00e9 apresentada em evento do SUS - News In Foco - Editado por Caio Pimenta","description":"Trabalho realizado pela equipe da Vigil\u00e2ncia em Sa\u00fade da Secretaria de Sa\u00fade de Alagoinhas foi selecionado para participar da II Oficina Nacional do ImunizaSUS, evento que come\u00e7ou nesta segunda-feira (18), em Bras\u00edlia. A oficina re\u00fane profissionais do Sistema \u00danico de Sa\u00fade (SUS) de todo o Brasil e busca fortalecer as a\u00e7\u00f5es de imuniza\u00e7\u00e3o nos territ\u00f3rios.","inLanguage":"pt-BR","isPartOf":{"@id":"https:\/\/newsinfoco.com.br\/inicio\/#website"},"breadcrumb":{"@id":"https:\/\/newsinfoco.com.br\/inicio\/experiencia-de-alagoinhas-no-combate-a-covid-19-e-apresentada-em-evento-do-sus\/#breadcrumblist"},"author":{"@id":"https:\/\/newsinfoco.com.br\/inicio\/author\/administrador\/#author"},"creator":{"@id":"https:\/\/newsinfoco.com.br\/inicio\/author\/administrador\/#author"},"image":{"@type":"ImageObject","url":"https:\/\/newsinfoco.com.br\/inicio\/wp-content\/uploads\/2024\/11\/IMG-20241119-WA0007.jpg","@id":"https:\/\/newsinfoco.com.br\/inicio\/experiencia-de-alagoinhas-no-combate-a-covid-19-e-apresentada-em-evento-do-sus\/#mainImage","width":1600,"height":1200},"primaryImageOfPage":{"@id":"https:\/\/newsinfoco.com.br\/inicio\/experiencia-de-alagoinhas-no-combate-a-covid-19-e-apresentada-em-evento-do-sus\/#mainImage"},"datePublished":"2024-11-19T13:20:05-03:00","dateModified":"2024-11-19T13:20:05-03:00"},{"@type":"WebSite","@id":"https:\/\/newsinfoco.com.br\/inicio\/#website","url":"https:\/\/newsinfoco.com.br\/inicio\/","name":"News In Foco - Editado por Caio Pimenta","description":"O principal site de noticias de Alagoinhas e regi\u00e3o","inLanguage":"pt-BR","publisher":{"@id":"https:\/\/newsinfoco.com.br\/inicio\/#organization"}}]},"og:locale":"pt_BR","og:site_name":"News In Foco - Editado por Caio Pimenta - O principal site de noticias de Alagoinhas e regi\u00e3o","og:type":"article","og:title":"Experi\u00eancia de Alagoinhas no combate \u00e0 covid-19 \u00e9 apresentada em evento do SUS - News In Foco - Editado por Caio Pimenta","og:description":"Trabalho realizado pela equipe da Vigil\u00e2ncia em Sa\u00fade da Secretaria de Sa\u00fade de Alagoinhas foi selecionado para participar da II Oficina Nacional do ImunizaSUS, evento que come\u00e7ou nesta segunda-feira (18), em Bras\u00edlia. A oficina re\u00fane profissionais do Sistema \u00danico de Sa\u00fade (SUS) de todo o Brasil e busca fortalecer as a\u00e7\u00f5es de imuniza\u00e7\u00e3o nos territ\u00f3rios.","og:url":"https:\/\/newsinfoco.com.br\/inicio\/experiencia-de-alagoinhas-no-combate-a-covid-19-e-apresentada-em-evento-do-sus\/","article:published_time":"2024-11-19T16:20:05+00:00","article:modified_time":"2024-11-19T16:20:05+00:00","twitter:card":"summary_large_image","twitter:title":"Experi\u00eancia de Alagoinhas no combate \u00e0 covid-19 \u00e9 apresentada em evento do SUS - News In Foco - Editado por Caio Pimenta","twitter:description":"Trabalho realizado pela equipe da Vigil\u00e2ncia em Sa\u00fade da Secretaria de Sa\u00fade de Alagoinhas foi selecionado para participar da II Oficina Nacional do ImunizaSUS, evento que come\u00e7ou nesta segunda-feira (18), em Bras\u00edlia. A oficina re\u00fane profissionais do Sistema \u00danico de Sa\u00fade (SUS) de todo o Brasil e busca fortalecer as a\u00e7\u00f5es de imuniza\u00e7\u00e3o nos territ\u00f3rios."},"aioseo_meta_data":{"post_id":"36851","title":null,"description":null,"keywords":null,"keyphrases":{"focus":{"keyphrase":"","score":0,"analysis":{"keyphraseInTitle":{"score":0,"maxScore":9,"error":1}}},"additional":[]},"primary_term":null,"canonical_url":null,"og_title":null,"og_description":null,"og_object_type":"default","og_image_type":"default","og_image_url":null,"og_image_width":null,"og_image_height":null,"og_image_custom_url":null,"og_image_custom_fields":null,"og_video":"","og_custom_url":null,"og_article_section":null,"og_article_tags":null,"twitter_use_og":false,"twitter_card":"default","twitter_image_type":"default","twitter_image_url":null,"twitter_image_custom_url":null,"twitter_image_custom_fields":null,"twitter_title":null,"twitter_description":null,"schema":{"blockGraphs":[],"customGraphs":[],"default":{"data":{"Article":[],"Course":[],"Dataset":[],"FAQPage":[],"Movie":[],"Person":[],"Product":[],"ProductReview":[],"Car":[],"Recipe":[],"Service":[],"SoftwareApplication":[],"WebPage":[]},"graphName":"BlogPosting","isEnabled":true},"graphs":[]},"schema_type":"default","schema_type_options":null,"pillar_content":false,"robots_default":true,"robots_noindex":false,"robots_noarchive":false,"robots_nosnippet":false,"robots_nofollow":false,"robots_noimageindex":false,"robots_noodp":false,"robots_notranslate":false,"robots_max_snippet":"-1","robots_max_videopreview":"-1","robots_max_imagepreview":"large","priority":null,"frequency":"default","local_seo":null,"breadcrumb_settings":null,"limit_modified_date":false,"ai":null,"created":"2024-11-19 16:20:06","updated":"2025-07-11 11:04:01","seo_analyzer_scan_date":null},"aioseo_breadcrumb":"<div class=\"aioseo-breadcrumbs\"><span class=\"aioseo-breadcrumb\">\n\t\t\t<a href=\"https:\/\/newsinfoco.com.br\/inicio\" title=\"In\u00edcio\">In\u00edcio<\/a>\n\t\t<\/span><span class=\"aioseo-breadcrumb-separator\">&raquo;<\/span><span class=\"aioseo-breadcrumb\">\n\t\t\t<a href=\"https:\/\/newsinfoco.com.br\/inicio\/category\/alagoinhas-e-regiao\/\" title=\"Alagoinhas e Regi\u00e3o\">Alagoinhas e Regi\u00e3o<\/a>\n\t\t<\/span><span class=\"aioseo-breadcrumb-separator\">&raquo;<\/span><span class=\"aioseo-breadcrumb\">\n\t\t\tExperi\u00eancia de Alagoinhas no combate \u00e0 covid-19 \u00e9 apresentada em evento do SUS\n\t\t<\/span><\/div>","aioseo_breadcrumb_json":[{"label":"In\u00edcio","link":"https:\/\/newsinfoco.com.br\/inicio"},{"label":"Alagoinhas e Regi\u00e3o","link":"https:\/\/newsinfoco.com.br\/inicio\/category\/alagoinhas-e-regiao\/"},{"label":"Experi\u00eancia de Alagoinhas no combate \u00e0 covid-19 \u00e9 apresentada em evento do SUS","link":"https:\/\/newsinfoco.com.br\/inicio\/experiencia-de-alagoinhas-no-combate-a-covid-19-e-apresentada-em-evento-do-sus\/"}],"_links":{"self":[{"href":"https:\/\/newsinfoco.com.br\/inicio\/wp-json\/wp\/v2\/posts\/36851","targetHints":{"allow":["GET"]}}],"collection":[{"href":"https:\/\/newsinfoco.com.br\/inicio\/wp-json\/wp\/v2\/posts"}],"about":[{"href":"https:\/\/newsinfoco.com.br\/inicio\/wp-json\/wp\/v2\/types\/post"}],"author":[{"embeddable":true,"href":"https:\/\/newsinfoco.com.br\/inicio\/wp-json\/wp\/v2\/users\/1"}],"replies":[{"embeddable":true,"href":"https:\/\/newsinfoco.com.br\/inicio\/wp-json\/wp\/v2\/comments?post=36851"}],"version-history":[{"count":1,"href":"https:\/\/newsinfoco.com.br\/inicio\/wp-json\/wp\/v2\/posts\/36851\/revisions"}],"predecessor-version":[{"id":36853,"href":"https:\/\/newsinfoco.com.br\/inicio\/wp-json\/wp\/v2\/posts\/36851\/revisions\/36853"}],"wp:featuredmedia":[{"embeddable":true,"href":"https:\/\/newsinfoco.com.br\/inicio\/wp-json\/wp\/v2\/media\/36852"}],"wp:attachment":[{"href":"https:\/\/newsinfoco.com.br\/inicio\/wp-json\/wp\/v2\/media?parent=36851"}],"wp:term":[{"taxonomy":"category","embeddable":true,"href":"https:\/\/newsinfoco.com.br\/inicio\/wp-json\/wp\/v2\/categories?post=36851"},{"taxonomy":"post_tag","embeddable":true,"href":"https:\/\/newsinfoco.com.br\/inicio\/wp-json\/wp\/v2\/tags?post=36851"}],"curies":[{"name":"wp","href":"https:\/\/api.w.org\/{rel}","templated":true}]}}