{"id":36871,"date":"2024-11-19T15:05:34","date_gmt":"2024-11-19T18:05:34","guid":{"rendered":"https:\/\/newsinfoco.com.br\/inicio\/?p=36871"},"modified":"2024-11-19T15:09:37","modified_gmt":"2024-11-19T18:09:37","slug":"montadora-chinesa-de-carros-eletricos-prestes-a-iniciar-producao-na-bahia","status":"publish","type":"post","link":"https:\/\/newsinfoco.com.br\/inicio\/montadora-chinesa-de-carros-eletricos-prestes-a-iniciar-producao-na-bahia\/","title":{"rendered":"Montadora chinesa de carros el\u00e9tricos prestes a iniciar produ\u00e7\u00e3o na Bahia"},"content":{"rendered":"<p>No pr\u00f3ximo m\u00eas de dezembro a CEO global da\u00a0<a href=\"https:\/\/atarde.com.br\/?q=BYD\" target=\"_blank\" rel=\"noopener\" data-rel-defined=\"\">BYD<\/a>, Stella Li, retornar\u00e1 \u00e0 Bahia para fazer an\u00fancios importantes relacionados \u00e0 fabrica\u00e7\u00e3o de ve\u00edculos el\u00e9tricos em Cama\u00e7ari. De acordo com o governador\u00a0<a href=\"https:\/\/atarde.com.br\/?q=%20Jer%C3%B4nimo%20Rodrigues\" target=\"_blank\" rel=\"noopener\" data-rel-defined=\"\">Jer\u00f4nimo Rodrigues<\/a>, durante o Semin\u00e1rio Internacional do G20 para discutir o papel da cultura na crise clim\u00e1tica, a gestora anunciar\u00e1 o in\u00edcio das fabrica\u00e7\u00f5es dos ve\u00edculos em solo baiano.<\/p>\n<p>\u201cEu estou muito contente com a not\u00edcia de que a senhora Stella, que \u00e9 do staff da BYD, vai estar aqui na Bahia em dezembro. E eles disseram que v\u00e3o ter boas not\u00edcias. N\u00f3s esperamos que sejam realmente informa\u00e7\u00f5es que fortale\u00e7am a a\u00e7\u00e3o da BYD. A exemplo de f\u00e1brica de baterias&#8230;N\u00f3s temos hoje a produ\u00e7\u00e3o de energia e\u00f3lica, energia solar, j\u00e1 com o Estado com a maior produ\u00e7\u00e3o de energias renov\u00e1veis. Mas era preciso transmitir essas energias produzidas no entorno do estado, tanto para locais da Bahia, quanto para outros estados e outros pa\u00edses, e o Lula est\u00e1 cuidando disso\u201d, disse o governador.<\/p>\n<p>Segundo Jer\u00f4nimo, com o ritmo das constru\u00e7\u00f5es da nova f\u00e1brica indo bem, a expectativa \u00e9 que a montagem dos carros seja realmente iniciada entre os meses de dezembro e janeiro.<\/p>\n<div id=\"dmh-h-par2\" class=\"jba filled\" data-google-query-id=\"CL22gNX86IkDFXJV3QIdE3oxHQ\">\n<article id=\"article\">\u201cA expectativa de que j\u00e1 comece a montagem em dezembro, em janeiro, para n\u00f3s isso \u00e9 muito bom, o ritmo das constru\u00e7\u00f5es est\u00e1 muito boa, n\u00f3s estamos cuidando tamb\u00e9m, inclusive na rela\u00e7\u00e3o com eles, mas de uma forma p\u00fablica, do porto de Salvador, o antigo porto da Ford, para que por ali possa tamb\u00e9m chegar, receber m\u00e1quinas, equipamentos a montar, ent\u00e3o vamos aguardar\u201d pontuou.<\/article>\n<div id=\"dm-h-destaque2\" class=\"jba filled\" data-google-query-id=\"CKWdydX86IkDFaVK3QId6Ioajw\">Fonte: A Tarde<\/div>\n<\/div>\n<div class='share-to-whatsapp-wrapper'><div class='share-on-whsp'>Share on: <\/div><a data-text='Montadora chinesa de carros el\u00e9tricos prestes a iniciar produ\u00e7\u00e3o na Bahia' data-link='https:\/\/newsinfoco.com.br\/inicio\/montadora-chinesa-de-carros-eletricos-prestes-a-iniciar-producao-na-bahia\/' class='whatsapp-button whatsapp-share'>WhatsApp<\/a><div class='clear '><\/div><\/div>","protected":false},"excerpt":{"rendered":"<p>No pr\u00f3ximo m\u00eas de dezembro a CEO global da\u00a0BYD, Stella Li, retornar\u00e1 \u00e0 Bahia para fazer an\u00fancios importantes relacionados \u00e0 fabrica\u00e7\u00e3o de ve\u00edculos el\u00e9tricos em Cama\u00e7ari. De acordo com o governador\u00a0Jer\u00f4nimo Rodrigues, durante o Semin\u00e1rio Internacional do G20 para discutir o papel da cultura na crise clim\u00e1tica, a gestora anunciar\u00e1 o in\u00edcio das fabrica\u00e7\u00f5es dos [&hellip;]<\/p>\n","protected":false},"author":1,"featured_media":36874,"comment_status":"closed","ping_status":"closed","sticky":false,"template":"","format":"standard","meta":{"om_disable_all_campaigns":false,"rop_custom_images_group":[],"rop_custom_messages_group":[],"rop_publish_now":"initial","rop_publish_now_accounts":[],"rop_publish_now_history":[],"rop_publish_now_status":"pending","_exactmetrics_skip_tracking":false,"footnotes":""},"categories":[19],"tags":[],"class_list":["post-36871","post","type-post","status-publish","format-standard","has-post-thumbnail","hentry","category-bahia"],"aioseo_notices":[],"aioseo_head":"\n\t\t<!-- All in One SEO 4.9.10 - aioseo.com -->\n\t<meta name=\"description\" content=\"No pr\u00f3ximo m\u00eas de dezembro a CEO global da BYD, Stella Li, retornar\u00e1 \u00e0 Bahia para fazer an\u00fancios importantes relacionados \u00e0 fabrica\u00e7\u00e3o de ve\u00edculos el\u00e9tricos em Cama\u00e7ari. De acordo com o governador Jer\u00f4nimo Rodrigues, durante o Semin\u00e1rio Internacional do G20 para discutir o papel da cultura na crise clim\u00e1tica, a gestora anunciar\u00e1 o in\u00edcio das fabrica\u00e7\u00f5es dos\" \/>\n\t<meta name=\"robots\" content=\"max-image-preview:large\" \/>\n\t<meta name=\"author\" content=\"administrador\"\/>\n\t<link rel=\"canonical\" href=\"https:\/\/newsinfoco.com.br\/inicio\/montadora-chinesa-de-carros-eletricos-prestes-a-iniciar-producao-na-bahia\/\" \/>\n\t<meta name=\"generator\" content=\"All in One SEO (AIOSEO) 4.9.10\" \/>\n\t\t<meta property=\"og:locale\" content=\"pt_BR\" \/>\n\t\t<meta property=\"og:site_name\" content=\"News In Foco - Editado por Caio Pimenta - O principal site de noticias de Alagoinhas e regi\u00e3o\" \/>\n\t\t<meta property=\"og:type\" content=\"article\" \/>\n\t\t<meta property=\"og:title\" content=\"Montadora chinesa de carros el\u00e9tricos prestes a iniciar produ\u00e7\u00e3o na Bahia - News In Foco - Editado por Caio Pimenta\" \/>\n\t\t<meta property=\"og:description\" content=\"No pr\u00f3ximo m\u00eas de dezembro a CEO global da BYD, Stella Li, retornar\u00e1 \u00e0 Bahia para fazer an\u00fancios importantes relacionados \u00e0 fabrica\u00e7\u00e3o de ve\u00edculos el\u00e9tricos em Cama\u00e7ari. De acordo com o governador Jer\u00f4nimo Rodrigues, durante o Semin\u00e1rio Internacional do G20 para discutir o papel da cultura na crise clim\u00e1tica, a gestora anunciar\u00e1 o in\u00edcio das fabrica\u00e7\u00f5es dos\" \/>\n\t\t<meta property=\"og:url\" content=\"https:\/\/newsinfoco.com.br\/inicio\/montadora-chinesa-de-carros-eletricos-prestes-a-iniciar-producao-na-bahia\/\" \/>\n\t\t<meta property=\"article:published_time\" content=\"2024-11-19T18:05:34+00:00\" \/>\n\t\t<meta property=\"article:modified_time\" content=\"2024-11-19T18:09:37+00:00\" \/>\n\t\t<meta name=\"twitter:card\" content=\"summary_large_image\" \/>\n\t\t<meta name=\"twitter:title\" content=\"Montadora chinesa de carros el\u00e9tricos prestes a iniciar produ\u00e7\u00e3o na Bahia - News In Foco - Editado por Caio Pimenta\" \/>\n\t\t<meta name=\"twitter:description\" content=\"No pr\u00f3ximo m\u00eas de dezembro a CEO global da BYD, Stella Li, retornar\u00e1 \u00e0 Bahia para fazer an\u00fancios importantes relacionados \u00e0 fabrica\u00e7\u00e3o de ve\u00edculos el\u00e9tricos em Cama\u00e7ari. De acordo com o governador Jer\u00f4nimo Rodrigues, durante o Semin\u00e1rio Internacional do G20 para discutir o papel da cultura na crise clim\u00e1tica, a gestora anunciar\u00e1 o in\u00edcio das fabrica\u00e7\u00f5es dos\" \/>\n\t\t<script type=\"application\/ld+json\" class=\"aioseo-schema\">\n\t\t\t{\"@context\":\"https:\\\/\\\/schema.org\",\"@graph\":[{\"@type\":\"BlogPosting\",\"@id\":\"https:\\\/\\\/newsinfoco.com.br\\\/inicio\\\/montadora-chinesa-de-carros-eletricos-prestes-a-iniciar-producao-na-bahia\\\/#blogposting\",\"name\":\"Montadora chinesa de carros el\\u00e9tricos prestes a iniciar produ\\u00e7\\u00e3o na Bahia - News In Foco - Editado por Caio Pimenta\",\"headline\":\"Montadora chinesa de carros el\\u00e9tricos prestes a iniciar produ\\u00e7\\u00e3o na Bahia\",\"author\":{\"@id\":\"https:\\\/\\\/newsinfoco.com.br\\\/inicio\\\/author\\\/administrador\\\/#author\"},\"publisher\":{\"@id\":\"https:\\\/\\\/newsinfoco.com.br\\\/inicio\\\/#organization\"},\"image\":{\"@type\":\"ImageObject\",\"url\":\"https:\\\/\\\/newsinfoco.com.br\\\/inicio\\\/wp-content\\\/uploads\\\/2024\\\/11\\\/Jeronimo-se-reune-com-diretoria-da-BYD-Ampliacao-d0129539200202411131135-ScaleDownProportional.webp\",\"width\":556,\"height\":418},\"datePublished\":\"2024-11-19T15:05:34-03:00\",\"dateModified\":\"2024-11-19T15:09:37-03:00\",\"inLanguage\":\"pt-BR\",\"mainEntityOfPage\":{\"@id\":\"https:\\\/\\\/newsinfoco.com.br\\\/inicio\\\/montadora-chinesa-de-carros-eletricos-prestes-a-iniciar-producao-na-bahia\\\/#webpage\"},\"isPartOf\":{\"@id\":\"https:\\\/\\\/newsinfoco.com.br\\\/inicio\\\/montadora-chinesa-de-carros-eletricos-prestes-a-iniciar-producao-na-bahia\\\/#webpage\"},\"articleSection\":\"Bahia\"},{\"@type\":\"BreadcrumbList\",\"@id\":\"https:\\\/\\\/newsinfoco.com.br\\\/inicio\\\/montadora-chinesa-de-carros-eletricos-prestes-a-iniciar-producao-na-bahia\\\/#breadcrumblist\",\"itemListElement\":[{\"@type\":\"ListItem\",\"@id\":\"https:\\\/\\\/newsinfoco.com.br\\\/inicio#listItem\",\"position\":1,\"name\":\"In\\u00edcio\",\"item\":\"https:\\\/\\\/newsinfoco.com.br\\\/inicio\",\"nextItem\":{\"@type\":\"ListItem\",\"@id\":\"https:\\\/\\\/newsinfoco.com.br\\\/inicio\\\/category\\\/bahia\\\/#listItem\",\"name\":\"Bahia\"}},{\"@type\":\"ListItem\",\"@id\":\"https:\\\/\\\/newsinfoco.com.br\\\/inicio\\\/category\\\/bahia\\\/#listItem\",\"position\":2,\"name\":\"Bahia\",\"item\":\"https:\\\/\\\/newsinfoco.com.br\\\/inicio\\\/category\\\/bahia\\\/\",\"nextItem\":{\"@type\":\"ListItem\",\"@id\":\"https:\\\/\\\/newsinfoco.com.br\\\/inicio\\\/montadora-chinesa-de-carros-eletricos-prestes-a-iniciar-producao-na-bahia\\\/#listItem\",\"name\":\"Montadora chinesa de carros el\\u00e9tricos prestes a iniciar produ\\u00e7\\u00e3o na Bahia\"},\"previousItem\":{\"@type\":\"ListItem\",\"@id\":\"https:\\\/\\\/newsinfoco.com.br\\\/inicio#listItem\",\"name\":\"In\\u00edcio\"}},{\"@type\":\"ListItem\",\"@id\":\"https:\\\/\\\/newsinfoco.com.br\\\/inicio\\\/montadora-chinesa-de-carros-eletricos-prestes-a-iniciar-producao-na-bahia\\\/#listItem\",\"position\":3,\"name\":\"Montadora chinesa de carros el\\u00e9tricos prestes a iniciar produ\\u00e7\\u00e3o na Bahia\",\"previousItem\":{\"@type\":\"ListItem\",\"@id\":\"https:\\\/\\\/newsinfoco.com.br\\\/inicio\\\/category\\\/bahia\\\/#listItem\",\"name\":\"Bahia\"}}]},{\"@type\":\"Organization\",\"@id\":\"https:\\\/\\\/newsinfoco.com.br\\\/inicio\\\/#organization\",\"name\":\"News In Foco - Editado por Caio Pimenta\",\"description\":\"O principal site de noticias de Alagoinhas e regi\\u00e3o\",\"url\":\"https:\\\/\\\/newsinfoco.com.br\\\/inicio\\\/\"},{\"@type\":\"Person\",\"@id\":\"https:\\\/\\\/newsinfoco.com.br\\\/inicio\\\/author\\\/administrador\\\/#author\",\"url\":\"https:\\\/\\\/newsinfoco.com.br\\\/inicio\\\/author\\\/administrador\\\/\",\"name\":\"administrador\",\"image\":{\"@type\":\"ImageObject\",\"@id\":\"https:\\\/\\\/newsinfoco.com.br\\\/inicio\\\/montadora-chinesa-de-carros-eletricos-prestes-a-iniciar-producao-na-bahia\\\/#authorImage\",\"url\":\"https:\\\/\\\/secure.gravatar.com\\\/avatar\\\/c17a617433de8c1dc9584bb79aab7563b46f5bb7e1728c9b17d9cc3ce6a08e49?s=96&d=mm&r=g\",\"width\":96,\"height\":96,\"caption\":\"administrador\"}},{\"@type\":\"WebPage\",\"@id\":\"https:\\\/\\\/newsinfoco.com.br\\\/inicio\\\/montadora-chinesa-de-carros-eletricos-prestes-a-iniciar-producao-na-bahia\\\/#webpage\",\"url\":\"https:\\\/\\\/newsinfoco.com.br\\\/inicio\\\/montadora-chinesa-de-carros-eletricos-prestes-a-iniciar-producao-na-bahia\\\/\",\"name\":\"Montadora chinesa de carros el\\u00e9tricos prestes a iniciar produ\\u00e7\\u00e3o na Bahia - News In Foco - Editado por Caio Pimenta\",\"description\":\"No pr\\u00f3ximo m\\u00eas de dezembro a CEO global da BYD, Stella Li, retornar\\u00e1 \\u00e0 Bahia para fazer an\\u00fancios importantes relacionados \\u00e0 fabrica\\u00e7\\u00e3o de ve\\u00edculos el\\u00e9tricos em Cama\\u00e7ari. De acordo com o governador Jer\\u00f4nimo Rodrigues, durante o Semin\\u00e1rio Internacional do G20 para discutir o papel da cultura na crise clim\\u00e1tica, a gestora anunciar\\u00e1 o in\\u00edcio das fabrica\\u00e7\\u00f5es dos\",\"inLanguage\":\"pt-BR\",\"isPartOf\":{\"@id\":\"https:\\\/\\\/newsinfoco.com.br\\\/inicio\\\/#website\"},\"breadcrumb\":{\"@id\":\"https:\\\/\\\/newsinfoco.com.br\\\/inicio\\\/montadora-chinesa-de-carros-eletricos-prestes-a-iniciar-producao-na-bahia\\\/#breadcrumblist\"},\"author\":{\"@id\":\"https:\\\/\\\/newsinfoco.com.br\\\/inicio\\\/author\\\/administrador\\\/#author\"},\"creator\":{\"@id\":\"https:\\\/\\\/newsinfoco.com.br\\\/inicio\\\/author\\\/administrador\\\/#author\"},\"image\":{\"@type\":\"ImageObject\",\"url\":\"https:\\\/\\\/newsinfoco.com.br\\\/inicio\\\/wp-content\\\/uploads\\\/2024\\\/11\\\/Jeronimo-se-reune-com-diretoria-da-BYD-Ampliacao-d0129539200202411131135-ScaleDownProportional.webp\",\"@id\":\"https:\\\/\\\/newsinfoco.com.br\\\/inicio\\\/montadora-chinesa-de-carros-eletricos-prestes-a-iniciar-producao-na-bahia\\\/#mainImage\",\"width\":556,\"height\":418},\"primaryImageOfPage\":{\"@id\":\"https:\\\/\\\/newsinfoco.com.br\\\/inicio\\\/montadora-chinesa-de-carros-eletricos-prestes-a-iniciar-producao-na-bahia\\\/#mainImage\"},\"datePublished\":\"2024-11-19T15:05:34-03:00\",\"dateModified\":\"2024-11-19T15:09:37-03:00\"},{\"@type\":\"WebSite\",\"@id\":\"https:\\\/\\\/newsinfoco.com.br\\\/inicio\\\/#website\",\"url\":\"https:\\\/\\\/newsinfoco.com.br\\\/inicio\\\/\",\"name\":\"News In Foco - Editado por Caio Pimenta\",\"description\":\"O principal site de noticias de Alagoinhas e regi\\u00e3o\",\"inLanguage\":\"pt-BR\",\"publisher\":{\"@id\":\"https:\\\/\\\/newsinfoco.com.br\\\/inicio\\\/#organization\"}}]}\n\t\t<\/script>\n\t\t<!-- All in One SEO -->\n\n","aioseo_head_json":{"title":"Montadora chinesa de carros el\u00e9tricos prestes a iniciar produ\u00e7\u00e3o na Bahia - News In Foco - Editado por Caio Pimenta","description":"No pr\u00f3ximo m\u00eas de dezembro a CEO global da BYD, Stella Li, retornar\u00e1 \u00e0 Bahia para fazer an\u00fancios importantes relacionados \u00e0 fabrica\u00e7\u00e3o de ve\u00edculos el\u00e9tricos em Cama\u00e7ari. De acordo com o governador Jer\u00f4nimo Rodrigues, durante o Semin\u00e1rio Internacional do G20 para discutir o papel da cultura na crise clim\u00e1tica, a gestora anunciar\u00e1 o in\u00edcio das fabrica\u00e7\u00f5es dos","canonical_url":"https:\/\/newsinfoco.com.br\/inicio\/montadora-chinesa-de-carros-eletricos-prestes-a-iniciar-producao-na-bahia\/","robots":"max-image-preview:large","keywords":"","webmasterTools":{"miscellaneous":""},"schema":{"@context":"https:\/\/schema.org","@graph":[{"@type":"BlogPosting","@id":"https:\/\/newsinfoco.com.br\/inicio\/montadora-chinesa-de-carros-eletricos-prestes-a-iniciar-producao-na-bahia\/#blogposting","name":"Montadora chinesa de carros el\u00e9tricos prestes a iniciar produ\u00e7\u00e3o na Bahia - News In Foco - Editado por Caio Pimenta","headline":"Montadora chinesa de carros el\u00e9tricos prestes a iniciar produ\u00e7\u00e3o na Bahia","author":{"@id":"https:\/\/newsinfoco.com.br\/inicio\/author\/administrador\/#author"},"publisher":{"@id":"https:\/\/newsinfoco.com.br\/inicio\/#organization"},"image":{"@type":"ImageObject","url":"https:\/\/newsinfoco.com.br\/inicio\/wp-content\/uploads\/2024\/11\/Jeronimo-se-reune-com-diretoria-da-BYD-Ampliacao-d0129539200202411131135-ScaleDownProportional.webp","width":556,"height":418},"datePublished":"2024-11-19T15:05:34-03:00","dateModified":"2024-11-19T15:09:37-03:00","inLanguage":"pt-BR","mainEntityOfPage":{"@id":"https:\/\/newsinfoco.com.br\/inicio\/montadora-chinesa-de-carros-eletricos-prestes-a-iniciar-producao-na-bahia\/#webpage"},"isPartOf":{"@id":"https:\/\/newsinfoco.com.br\/inicio\/montadora-chinesa-de-carros-eletricos-prestes-a-iniciar-producao-na-bahia\/#webpage"},"articleSection":"Bahia"},{"@type":"BreadcrumbList","@id":"https:\/\/newsinfoco.com.br\/inicio\/montadora-chinesa-de-carros-eletricos-prestes-a-iniciar-producao-na-bahia\/#breadcrumblist","itemListElement":[{"@type":"ListItem","@id":"https:\/\/newsinfoco.com.br\/inicio#listItem","position":1,"name":"In\u00edcio","item":"https:\/\/newsinfoco.com.br\/inicio","nextItem":{"@type":"ListItem","@id":"https:\/\/newsinfoco.com.br\/inicio\/category\/bahia\/#listItem","name":"Bahia"}},{"@type":"ListItem","@id":"https:\/\/newsinfoco.com.br\/inicio\/category\/bahia\/#listItem","position":2,"name":"Bahia","item":"https:\/\/newsinfoco.com.br\/inicio\/category\/bahia\/","nextItem":{"@type":"ListItem","@id":"https:\/\/newsinfoco.com.br\/inicio\/montadora-chinesa-de-carros-eletricos-prestes-a-iniciar-producao-na-bahia\/#listItem","name":"Montadora chinesa de carros el\u00e9tricos prestes a iniciar produ\u00e7\u00e3o na Bahia"},"previousItem":{"@type":"ListItem","@id":"https:\/\/newsinfoco.com.br\/inicio#listItem","name":"In\u00edcio"}},{"@type":"ListItem","@id":"https:\/\/newsinfoco.com.br\/inicio\/montadora-chinesa-de-carros-eletricos-prestes-a-iniciar-producao-na-bahia\/#listItem","position":3,"name":"Montadora chinesa de carros el\u00e9tricos prestes a iniciar produ\u00e7\u00e3o na Bahia","previousItem":{"@type":"ListItem","@id":"https:\/\/newsinfoco.com.br\/inicio\/category\/bahia\/#listItem","name":"Bahia"}}]},{"@type":"Organization","@id":"https:\/\/newsinfoco.com.br\/inicio\/#organization","name":"News In Foco - Editado por Caio Pimenta","description":"O principal site de noticias de Alagoinhas e regi\u00e3o","url":"https:\/\/newsinfoco.com.br\/inicio\/"},{"@type":"Person","@id":"https:\/\/newsinfoco.com.br\/inicio\/author\/administrador\/#author","url":"https:\/\/newsinfoco.com.br\/inicio\/author\/administrador\/","name":"administrador","image":{"@type":"ImageObject","@id":"https:\/\/newsinfoco.com.br\/inicio\/montadora-chinesa-de-carros-eletricos-prestes-a-iniciar-producao-na-bahia\/#authorImage","url":"https:\/\/secure.gravatar.com\/avatar\/c17a617433de8c1dc9584bb79aab7563b46f5bb7e1728c9b17d9cc3ce6a08e49?s=96&d=mm&r=g","width":96,"height":96,"caption":"administrador"}},{"@type":"WebPage","@id":"https:\/\/newsinfoco.com.br\/inicio\/montadora-chinesa-de-carros-eletricos-prestes-a-iniciar-producao-na-bahia\/#webpage","url":"https:\/\/newsinfoco.com.br\/inicio\/montadora-chinesa-de-carros-eletricos-prestes-a-iniciar-producao-na-bahia\/","name":"Montadora chinesa de carros el\u00e9tricos prestes a iniciar produ\u00e7\u00e3o na Bahia - News In Foco - Editado por Caio Pimenta","description":"No pr\u00f3ximo m\u00eas de dezembro a CEO global da BYD, Stella Li, retornar\u00e1 \u00e0 Bahia para fazer an\u00fancios importantes relacionados \u00e0 fabrica\u00e7\u00e3o de ve\u00edculos el\u00e9tricos em Cama\u00e7ari. De acordo com o governador Jer\u00f4nimo Rodrigues, durante o Semin\u00e1rio Internacional do G20 para discutir o papel da cultura na crise clim\u00e1tica, a gestora anunciar\u00e1 o in\u00edcio das fabrica\u00e7\u00f5es dos","inLanguage":"pt-BR","isPartOf":{"@id":"https:\/\/newsinfoco.com.br\/inicio\/#website"},"breadcrumb":{"@id":"https:\/\/newsinfoco.com.br\/inicio\/montadora-chinesa-de-carros-eletricos-prestes-a-iniciar-producao-na-bahia\/#breadcrumblist"},"author":{"@id":"https:\/\/newsinfoco.com.br\/inicio\/author\/administrador\/#author"},"creator":{"@id":"https:\/\/newsinfoco.com.br\/inicio\/author\/administrador\/#author"},"image":{"@type":"ImageObject","url":"https:\/\/newsinfoco.com.br\/inicio\/wp-content\/uploads\/2024\/11\/Jeronimo-se-reune-com-diretoria-da-BYD-Ampliacao-d0129539200202411131135-ScaleDownProportional.webp","@id":"https:\/\/newsinfoco.com.br\/inicio\/montadora-chinesa-de-carros-eletricos-prestes-a-iniciar-producao-na-bahia\/#mainImage","width":556,"height":418},"primaryImageOfPage":{"@id":"https:\/\/newsinfoco.com.br\/inicio\/montadora-chinesa-de-carros-eletricos-prestes-a-iniciar-producao-na-bahia\/#mainImage"},"datePublished":"2024-11-19T15:05:34-03:00","dateModified":"2024-11-19T15:09:37-03:00"},{"@type":"WebSite","@id":"https:\/\/newsinfoco.com.br\/inicio\/#website","url":"https:\/\/newsinfoco.com.br\/inicio\/","name":"News In Foco - Editado por Caio Pimenta","description":"O principal site de noticias de Alagoinhas e regi\u00e3o","inLanguage":"pt-BR","publisher":{"@id":"https:\/\/newsinfoco.com.br\/inicio\/#organization"}}]},"og:locale":"pt_BR","og:site_name":"News In Foco - Editado por Caio Pimenta - O principal site de noticias de Alagoinhas e regi\u00e3o","og:type":"article","og:title":"Montadora chinesa de carros el\u00e9tricos prestes a iniciar produ\u00e7\u00e3o na Bahia - News In Foco - Editado por Caio Pimenta","og:description":"No pr\u00f3ximo m\u00eas de dezembro a CEO global da BYD, Stella Li, retornar\u00e1 \u00e0 Bahia para fazer an\u00fancios importantes relacionados \u00e0 fabrica\u00e7\u00e3o de ve\u00edculos el\u00e9tricos em Cama\u00e7ari. De acordo com o governador Jer\u00f4nimo Rodrigues, durante o Semin\u00e1rio Internacional do G20 para discutir o papel da cultura na crise clim\u00e1tica, a gestora anunciar\u00e1 o in\u00edcio das fabrica\u00e7\u00f5es dos","og:url":"https:\/\/newsinfoco.com.br\/inicio\/montadora-chinesa-de-carros-eletricos-prestes-a-iniciar-producao-na-bahia\/","article:published_time":"2024-11-19T18:05:34+00:00","article:modified_time":"2024-11-19T18:09:37+00:00","twitter:card":"summary_large_image","twitter:title":"Montadora chinesa de carros el\u00e9tricos prestes a iniciar produ\u00e7\u00e3o na Bahia - News In Foco - Editado por Caio Pimenta","twitter:description":"No pr\u00f3ximo m\u00eas de dezembro a CEO global da BYD, Stella Li, retornar\u00e1 \u00e0 Bahia para fazer an\u00fancios importantes relacionados \u00e0 fabrica\u00e7\u00e3o de ve\u00edculos el\u00e9tricos em Cama\u00e7ari. De acordo com o governador Jer\u00f4nimo Rodrigues, durante o Semin\u00e1rio Internacional do G20 para discutir o papel da cultura na crise clim\u00e1tica, a gestora anunciar\u00e1 o in\u00edcio das fabrica\u00e7\u00f5es dos"},"aioseo_meta_data":{"post_id":"36871","title":null,"description":null,"keywords":null,"keyphrases":{"focus":{"keyphrase":"","score":0,"analysis":{"keyphraseInTitle":{"score":0,"maxScore":9,"error":1}}},"additional":[]},"primary_term":null,"canonical_url":null,"og_title":null,"og_description":null,"og_object_type":"default","og_image_type":"default","og_image_url":null,"og_image_width":null,"og_image_height":null,"og_image_custom_url":null,"og_image_custom_fields":null,"og_video":"","og_custom_url":null,"og_article_section":null,"og_article_tags":null,"twitter_use_og":false,"twitter_card":"default","twitter_image_type":"default","twitter_image_url":null,"twitter_image_custom_url":null,"twitter_image_custom_fields":null,"twitter_title":null,"twitter_description":null,"schema":{"blockGraphs":[],"customGraphs":[],"default":{"data":{"Article":[],"Course":[],"Dataset":[],"FAQPage":[],"Movie":[],"Person":[],"Product":[],"ProductReview":[],"Car":[],"Recipe":[],"Service":[],"SoftwareApplication":[],"WebPage":[]},"graphName":"BlogPosting","isEnabled":true},"graphs":[]},"schema_type":"default","schema_type_options":null,"pillar_content":false,"robots_default":true,"robots_noindex":false,"robots_noarchive":false,"robots_nosnippet":false,"robots_nofollow":false,"robots_noimageindex":false,"robots_noodp":false,"robots_notranslate":false,"robots_max_snippet":"-1","robots_max_videopreview":"-1","robots_max_imagepreview":"large","priority":null,"frequency":"default","local_seo":null,"breadcrumb_settings":null,"limit_modified_date":false,"ai":null,"created":"2024-11-19 18:05:35","updated":"2025-07-11 11:04:01","seo_analyzer_scan_date":null},"aioseo_breadcrumb":"<div class=\"aioseo-breadcrumbs\"><span class=\"aioseo-breadcrumb\">\n\t\t\t<a href=\"https:\/\/newsinfoco.com.br\/inicio\" title=\"In\u00edcio\">In\u00edcio<\/a>\n\t\t<\/span><span class=\"aioseo-breadcrumb-separator\">&raquo;<\/span><span class=\"aioseo-breadcrumb\">\n\t\t\t<a href=\"https:\/\/newsinfoco.com.br\/inicio\/category\/bahia\/\" title=\"Bahia\">Bahia<\/a>\n\t\t<\/span><span class=\"aioseo-breadcrumb-separator\">&raquo;<\/span><span class=\"aioseo-breadcrumb\">\n\t\t\tMontadora chinesa de carros el\u00e9tricos prestes a iniciar produ\u00e7\u00e3o na Bahia\n\t\t<\/span><\/div>","aioseo_breadcrumb_json":[{"label":"In\u00edcio","link":"https:\/\/newsinfoco.com.br\/inicio"},{"label":"Bahia","link":"https:\/\/newsinfoco.com.br\/inicio\/category\/bahia\/"},{"label":"Montadora chinesa de carros el\u00e9tricos prestes a iniciar produ\u00e7\u00e3o na Bahia","link":"https:\/\/newsinfoco.com.br\/inicio\/montadora-chinesa-de-carros-eletricos-prestes-a-iniciar-producao-na-bahia\/"}],"_links":{"self":[{"href":"https:\/\/newsinfoco.com.br\/inicio\/wp-json\/wp\/v2\/posts\/36871","targetHints":{"allow":["GET"]}}],"collection":[{"href":"https:\/\/newsinfoco.com.br\/inicio\/wp-json\/wp\/v2\/posts"}],"about":[{"href":"https:\/\/newsinfoco.com.br\/inicio\/wp-json\/wp\/v2\/types\/post"}],"author":[{"embeddable":true,"href":"https:\/\/newsinfoco.com.br\/inicio\/wp-json\/wp\/v2\/users\/1"}],"replies":[{"embeddable":true,"href":"https:\/\/newsinfoco.com.br\/inicio\/wp-json\/wp\/v2\/comments?post=36871"}],"version-history":[{"count":2,"href":"https:\/\/newsinfoco.com.br\/inicio\/wp-json\/wp\/v2\/posts\/36871\/revisions"}],"predecessor-version":[{"id":36875,"href":"https:\/\/newsinfoco.com.br\/inicio\/wp-json\/wp\/v2\/posts\/36871\/revisions\/36875"}],"wp:featuredmedia":[{"embeddable":true,"href":"https:\/\/newsinfoco.com.br\/inicio\/wp-json\/wp\/v2\/media\/36874"}],"wp:attachment":[{"href":"https:\/\/newsinfoco.com.br\/inicio\/wp-json\/wp\/v2\/media?parent=36871"}],"wp:term":[{"taxonomy":"category","embeddable":true,"href":"https:\/\/newsinfoco.com.br\/inicio\/wp-json\/wp\/v2\/categories?post=36871"},{"taxonomy":"post_tag","embeddable":true,"href":"https:\/\/newsinfoco.com.br\/inicio\/wp-json\/wp\/v2\/tags?post=36871"}],"curies":[{"name":"wp","href":"https:\/\/api.w.org\/{rel}","templated":true}]}}