{"id":36892,"date":"2024-11-21T12:32:45","date_gmt":"2024-11-21T15:32:45","guid":{"rendered":"https:\/\/newsinfoco.com.br\/inicio\/?p=36892"},"modified":"2024-11-21T12:32:45","modified_gmt":"2024-11-21T15:32:45","slug":"impiedoso-e-preso-a-narrativa-de-golpe-pt-pede-arquivamento-do-pl-da-anistia","status":"publish","type":"post","link":"https:\/\/newsinfoco.com.br\/inicio\/impiedoso-e-preso-a-narrativa-de-golpe-pt-pede-arquivamento-do-pl-da-anistia\/","title":{"rendered":"Impiedoso e preso \u00e0 narrativa de golpe, PT pede arquivamento do PL da Anistia"},"content":{"rendered":"<p>O PT (Partido dos Trabalhadores) pediu que seja arquivado o Projeto de Lei (PL) n\u00ba 2.858, que prev\u00ea anistia aos condenados pela tentativa de golpe de Estado no dia 8 de janeiro de 2022. A solicita\u00e7\u00e3o foi feita por meio de requerimento ao presidente da C\u00e2mara dos Deputados, Arthur Lira (PP), nesta quarta-feira (20).<\/p>\n<p>A presidente do PT, deputada federal Gleisi Hoffmann (PT-PR), e o l\u00edder do partido na C\u00e2mara, deputado federal Odair Cunha (PT-MG), entregaram o pedido pessoalmente.<\/p>\n<div class=\"conteudo_post\">\n<p>Para o PT, manter a tramita\u00e7\u00e3o do projeto \u00e9 \u201cinoportuno\u201d e \u201cinconveniente\u201d para a democracia. \u201cIsso ficou demonstrado cabalmente pelo recente atentado a bomba contra a sede do STF [Supremo Tribunal Federal] em Bras\u00edlia e pelas conclus\u00f5es da Pol\u00edcia Federal no inqu\u00e9rito do 8 de janeiro, revelando os planos de assassinato do presidente Lula, do vice Geraldo Alckmin e do ministro Alexandre Moraes\u201d, diz trecho da nota.<\/p>\n<p>\u201cAl\u00e9m de demonstrar a grav\u00edssima trama criminosa dos chefes do golpe, que poderiam vir a se beneficiar da anistia proposta, a perspectiva de perd\u00e3o ou impunidade dos envolvidos tem servido de est\u00edmulo a indiv\u00edduos ou grupos extremistas de extrema direita\u201d, conclui o comunicado.<\/p>\n<\/div>\n<div id=\"div-share\">Fonte: Bahia.ba<\/div>\n<div>\n<div class=\"trv-player-container\">\n<div class=\"trv-wrapper\">\n<div id=\"br_video_player_d3b03847b68daf1073f1356e396b169dc3c659f9\" class=\"trvd_video_player\">\n<div class=\"media-player\">\n<div class=\"trv-video\">\n<div id=\"truvid_ima_container1119\" class=\"truvid_ima_container\">\n<\/div>\n<\/div>\n<\/div>\n<div class=\"trv-autoskip-container\">\n<div class=\"trv-autoskip-background\">\n<div class=\"trv-autoskip-line-right\">\n<div><\/div>\n<\/div>\n<div class=\"trv-autoskip-line-bottom\">\n<div><\/div>\n<\/div>\n<div class=\"trv-autoskip-line-left\">\n<div><\/div>\n<\/div>\n<\/div>\n<div class=\"autoskip-btn autoskip-btn-blue\"><\/div>\n<div class=\"autoskip-btn autoskip-btn-gray\"><\/div>\n<\/div>\n<div><\/div>\n<p><img decoding=\"async\" src=\"https:\/\/ads.stickyadstv.com\/auto-user-sync?_fw_gdpr=0&amp;_fw_gdpr_consent=\" \/><img decoding=\"async\" src=\"https:\/\/ads.stickyadstv.com\/user-matching?id=2545&amp;_fw_gdpr=0&amp;_fw_gdpr_consent=\" \/><\/div>\n<\/div>\n<\/div>\n<\/div>\n<div class='share-to-whatsapp-wrapper'><div class='share-on-whsp'>Share on: <\/div><a data-text='Impiedoso e preso \u00e0 narrativa de golpe, PT pede arquivamento do PL da Anistia' data-link='https:\/\/newsinfoco.com.br\/inicio\/impiedoso-e-preso-a-narrativa-de-golpe-pt-pede-arquivamento-do-pl-da-anistia\/' class='whatsapp-button whatsapp-share'>WhatsApp<\/a><div class='clear '><\/div><\/div>","protected":false},"excerpt":{"rendered":"<p>O PT (Partido dos Trabalhadores) pediu que seja arquivado o Projeto de Lei (PL) n\u00ba 2.858, que prev\u00ea anistia aos condenados pela tentativa de golpe de Estado no dia 8 de janeiro de 2022. A solicita\u00e7\u00e3o foi feita por meio de requerimento ao presidente da C\u00e2mara dos Deputados, Arthur Lira (PP), nesta quarta-feira (20). A [&hellip;]<\/p>\n","protected":false},"author":1,"featured_media":36893,"comment_status":"closed","ping_status":"closed","sticky":false,"template":"","format":"standard","meta":{"om_disable_all_campaigns":false,"rop_custom_images_group":[],"rop_custom_messages_group":[],"rop_publish_now":"initial","rop_publish_now_accounts":[],"rop_publish_now_history":[],"rop_publish_now_status":"pending","_exactmetrics_skip_tracking":false,"footnotes":""},"categories":[21],"tags":[],"class_list":["post-36892","post","type-post","status-publish","format-standard","has-post-thumbnail","hentry","category-brasil"],"aioseo_notices":[],"aioseo_head":"\n\t\t<!-- All in One SEO 4.9.10 - aioseo.com -->\n\t<meta name=\"description\" content=\"O PT (Partido dos Trabalhadores) pediu que seja arquivado o Projeto de Lei (PL) n\u00ba 2.858, que prev\u00ea anistia aos condenados pela tentativa de golpe de Estado no dia 8 de janeiro de 2022. A solicita\u00e7\u00e3o foi feita por meio de requerimento ao presidente da C\u00e2mara dos Deputados, Arthur Lira (PP), nesta quarta-feira (20). A\" \/>\n\t<meta name=\"robots\" content=\"max-image-preview:large\" \/>\n\t<meta name=\"author\" content=\"administrador\"\/>\n\t<link rel=\"canonical\" href=\"https:\/\/newsinfoco.com.br\/inicio\/impiedoso-e-preso-a-narrativa-de-golpe-pt-pede-arquivamento-do-pl-da-anistia\/\" \/>\n\t<meta name=\"generator\" content=\"All in One SEO (AIOSEO) 4.9.10\" \/>\n\t\t<meta property=\"og:locale\" content=\"pt_BR\" \/>\n\t\t<meta property=\"og:site_name\" content=\"News In Foco - Editado por Caio Pimenta - O principal site de noticias de Alagoinhas e regi\u00e3o\" \/>\n\t\t<meta property=\"og:type\" content=\"article\" \/>\n\t\t<meta property=\"og:title\" content=\"Impiedoso e preso \u00e0 narrativa de golpe, PT pede arquivamento do PL da Anistia - News In Foco - Editado por Caio Pimenta\" \/>\n\t\t<meta property=\"og:description\" content=\"O PT (Partido dos Trabalhadores) pediu que seja arquivado o Projeto de Lei (PL) n\u00ba 2.858, que prev\u00ea anistia aos condenados pela tentativa de golpe de Estado no dia 8 de janeiro de 2022. A solicita\u00e7\u00e3o foi feita por meio de requerimento ao presidente da C\u00e2mara dos Deputados, Arthur Lira (PP), nesta quarta-feira (20). A\" \/>\n\t\t<meta property=\"og:url\" content=\"https:\/\/newsinfoco.com.br\/inicio\/impiedoso-e-preso-a-narrativa-de-golpe-pt-pede-arquivamento-do-pl-da-anistia\/\" \/>\n\t\t<meta property=\"article:published_time\" content=\"2024-11-21T15:32:45+00:00\" \/>\n\t\t<meta property=\"article:modified_time\" content=\"2024-11-21T15:32:45+00:00\" \/>\n\t\t<meta name=\"twitter:card\" content=\"summary_large_image\" \/>\n\t\t<meta name=\"twitter:title\" content=\"Impiedoso e preso \u00e0 narrativa de golpe, PT pede arquivamento do PL da Anistia - News In Foco - Editado por Caio Pimenta\" \/>\n\t\t<meta name=\"twitter:description\" content=\"O PT (Partido dos Trabalhadores) pediu que seja arquivado o Projeto de Lei (PL) n\u00ba 2.858, que prev\u00ea anistia aos condenados pela tentativa de golpe de Estado no dia 8 de janeiro de 2022. A solicita\u00e7\u00e3o foi feita por meio de requerimento ao presidente da C\u00e2mara dos Deputados, Arthur Lira (PP), nesta quarta-feira (20). A\" \/>\n\t\t<script type=\"application\/ld+json\" class=\"aioseo-schema\">\n\t\t\t{\"@context\":\"https:\\\/\\\/schema.org\",\"@graph\":[{\"@type\":\"BlogPosting\",\"@id\":\"https:\\\/\\\/newsinfoco.com.br\\\/inicio\\\/impiedoso-e-preso-a-narrativa-de-golpe-pt-pede-arquivamento-do-pl-da-anistia\\\/#blogposting\",\"name\":\"Impiedoso e preso \\u00e0 narrativa de golpe, PT pede arquivamento do PL da Anistia - News In Foco - Editado por Caio Pimenta\",\"headline\":\"Impiedoso e preso \\u00e0 narrativa de golpe, PT pede arquivamento do PL da Anistia\",\"author\":{\"@id\":\"https:\\\/\\\/newsinfoco.com.br\\\/inicio\\\/author\\\/administrador\\\/#author\"},\"publisher\":{\"@id\":\"https:\\\/\\\/newsinfoco.com.br\\\/inicio\\\/#organization\"},\"image\":{\"@type\":\"ImageObject\",\"url\":\"https:\\\/\\\/newsinfoco.com.br\\\/inicio\\\/wp-content\\\/uploads\\\/2024\\\/11\\\/lucho-rodriguez-bahia-2024-10-16T064129.815.png\",\"width\":600,\"height\":420},\"datePublished\":\"2024-11-21T12:32:45-03:00\",\"dateModified\":\"2024-11-21T12:32:45-03:00\",\"inLanguage\":\"pt-BR\",\"mainEntityOfPage\":{\"@id\":\"https:\\\/\\\/newsinfoco.com.br\\\/inicio\\\/impiedoso-e-preso-a-narrativa-de-golpe-pt-pede-arquivamento-do-pl-da-anistia\\\/#webpage\"},\"isPartOf\":{\"@id\":\"https:\\\/\\\/newsinfoco.com.br\\\/inicio\\\/impiedoso-e-preso-a-narrativa-de-golpe-pt-pede-arquivamento-do-pl-da-anistia\\\/#webpage\"},\"articleSection\":\"Brasil\"},{\"@type\":\"BreadcrumbList\",\"@id\":\"https:\\\/\\\/newsinfoco.com.br\\\/inicio\\\/impiedoso-e-preso-a-narrativa-de-golpe-pt-pede-arquivamento-do-pl-da-anistia\\\/#breadcrumblist\",\"itemListElement\":[{\"@type\":\"ListItem\",\"@id\":\"https:\\\/\\\/newsinfoco.com.br\\\/inicio#listItem\",\"position\":1,\"name\":\"In\\u00edcio\",\"item\":\"https:\\\/\\\/newsinfoco.com.br\\\/inicio\",\"nextItem\":{\"@type\":\"ListItem\",\"@id\":\"https:\\\/\\\/newsinfoco.com.br\\\/inicio\\\/category\\\/brasil\\\/#listItem\",\"name\":\"Brasil\"}},{\"@type\":\"ListItem\",\"@id\":\"https:\\\/\\\/newsinfoco.com.br\\\/inicio\\\/category\\\/brasil\\\/#listItem\",\"position\":2,\"name\":\"Brasil\",\"item\":\"https:\\\/\\\/newsinfoco.com.br\\\/inicio\\\/category\\\/brasil\\\/\",\"nextItem\":{\"@type\":\"ListItem\",\"@id\":\"https:\\\/\\\/newsinfoco.com.br\\\/inicio\\\/impiedoso-e-preso-a-narrativa-de-golpe-pt-pede-arquivamento-do-pl-da-anistia\\\/#listItem\",\"name\":\"Impiedoso e preso \\u00e0 narrativa de golpe, PT pede arquivamento do PL da Anistia\"},\"previousItem\":{\"@type\":\"ListItem\",\"@id\":\"https:\\\/\\\/newsinfoco.com.br\\\/inicio#listItem\",\"name\":\"In\\u00edcio\"}},{\"@type\":\"ListItem\",\"@id\":\"https:\\\/\\\/newsinfoco.com.br\\\/inicio\\\/impiedoso-e-preso-a-narrativa-de-golpe-pt-pede-arquivamento-do-pl-da-anistia\\\/#listItem\",\"position\":3,\"name\":\"Impiedoso e preso \\u00e0 narrativa de golpe, PT pede arquivamento do PL da Anistia\",\"previousItem\":{\"@type\":\"ListItem\",\"@id\":\"https:\\\/\\\/newsinfoco.com.br\\\/inicio\\\/category\\\/brasil\\\/#listItem\",\"name\":\"Brasil\"}}]},{\"@type\":\"Organization\",\"@id\":\"https:\\\/\\\/newsinfoco.com.br\\\/inicio\\\/#organization\",\"name\":\"News In Foco - Editado por Caio Pimenta\",\"description\":\"O principal site de noticias de Alagoinhas e regi\\u00e3o\",\"url\":\"https:\\\/\\\/newsinfoco.com.br\\\/inicio\\\/\"},{\"@type\":\"Person\",\"@id\":\"https:\\\/\\\/newsinfoco.com.br\\\/inicio\\\/author\\\/administrador\\\/#author\",\"url\":\"https:\\\/\\\/newsinfoco.com.br\\\/inicio\\\/author\\\/administrador\\\/\",\"name\":\"administrador\",\"image\":{\"@type\":\"ImageObject\",\"@id\":\"https:\\\/\\\/newsinfoco.com.br\\\/inicio\\\/impiedoso-e-preso-a-narrativa-de-golpe-pt-pede-arquivamento-do-pl-da-anistia\\\/#authorImage\",\"url\":\"https:\\\/\\\/secure.gravatar.com\\\/avatar\\\/c17a617433de8c1dc9584bb79aab7563b46f5bb7e1728c9b17d9cc3ce6a08e49?s=96&d=mm&r=g\",\"width\":96,\"height\":96,\"caption\":\"administrador\"}},{\"@type\":\"WebPage\",\"@id\":\"https:\\\/\\\/newsinfoco.com.br\\\/inicio\\\/impiedoso-e-preso-a-narrativa-de-golpe-pt-pede-arquivamento-do-pl-da-anistia\\\/#webpage\",\"url\":\"https:\\\/\\\/newsinfoco.com.br\\\/inicio\\\/impiedoso-e-preso-a-narrativa-de-golpe-pt-pede-arquivamento-do-pl-da-anistia\\\/\",\"name\":\"Impiedoso e preso \\u00e0 narrativa de golpe, PT pede arquivamento do PL da Anistia - News In Foco - Editado por Caio Pimenta\",\"description\":\"O PT (Partido dos Trabalhadores) pediu que seja arquivado o Projeto de Lei (PL) n\\u00ba 2.858, que prev\\u00ea anistia aos condenados pela tentativa de golpe de Estado no dia 8 de janeiro de 2022. A solicita\\u00e7\\u00e3o foi feita por meio de requerimento ao presidente da C\\u00e2mara dos Deputados, Arthur Lira (PP), nesta quarta-feira (20). A\",\"inLanguage\":\"pt-BR\",\"isPartOf\":{\"@id\":\"https:\\\/\\\/newsinfoco.com.br\\\/inicio\\\/#website\"},\"breadcrumb\":{\"@id\":\"https:\\\/\\\/newsinfoco.com.br\\\/inicio\\\/impiedoso-e-preso-a-narrativa-de-golpe-pt-pede-arquivamento-do-pl-da-anistia\\\/#breadcrumblist\"},\"author\":{\"@id\":\"https:\\\/\\\/newsinfoco.com.br\\\/inicio\\\/author\\\/administrador\\\/#author\"},\"creator\":{\"@id\":\"https:\\\/\\\/newsinfoco.com.br\\\/inicio\\\/author\\\/administrador\\\/#author\"},\"image\":{\"@type\":\"ImageObject\",\"url\":\"https:\\\/\\\/newsinfoco.com.br\\\/inicio\\\/wp-content\\\/uploads\\\/2024\\\/11\\\/lucho-rodriguez-bahia-2024-10-16T064129.815.png\",\"@id\":\"https:\\\/\\\/newsinfoco.com.br\\\/inicio\\\/impiedoso-e-preso-a-narrativa-de-golpe-pt-pede-arquivamento-do-pl-da-anistia\\\/#mainImage\",\"width\":600,\"height\":420},\"primaryImageOfPage\":{\"@id\":\"https:\\\/\\\/newsinfoco.com.br\\\/inicio\\\/impiedoso-e-preso-a-narrativa-de-golpe-pt-pede-arquivamento-do-pl-da-anistia\\\/#mainImage\"},\"datePublished\":\"2024-11-21T12:32:45-03:00\",\"dateModified\":\"2024-11-21T12:32:45-03:00\"},{\"@type\":\"WebSite\",\"@id\":\"https:\\\/\\\/newsinfoco.com.br\\\/inicio\\\/#website\",\"url\":\"https:\\\/\\\/newsinfoco.com.br\\\/inicio\\\/\",\"name\":\"News In Foco - Editado por Caio Pimenta\",\"description\":\"O principal site de noticias de Alagoinhas e regi\\u00e3o\",\"inLanguage\":\"pt-BR\",\"publisher\":{\"@id\":\"https:\\\/\\\/newsinfoco.com.br\\\/inicio\\\/#organization\"}}]}\n\t\t<\/script>\n\t\t<!-- All in One SEO -->\n\n","aioseo_head_json":{"title":"Impiedoso e preso \u00e0 narrativa de golpe, PT pede arquivamento do PL da Anistia - News In Foco - Editado por Caio Pimenta","description":"O PT (Partido dos Trabalhadores) pediu que seja arquivado o Projeto de Lei (PL) n\u00ba 2.858, que prev\u00ea anistia aos condenados pela tentativa de golpe de Estado no dia 8 de janeiro de 2022. A solicita\u00e7\u00e3o foi feita por meio de requerimento ao presidente da C\u00e2mara dos Deputados, Arthur Lira (PP), nesta quarta-feira (20). A","canonical_url":"https:\/\/newsinfoco.com.br\/inicio\/impiedoso-e-preso-a-narrativa-de-golpe-pt-pede-arquivamento-do-pl-da-anistia\/","robots":"max-image-preview:large","keywords":"","webmasterTools":{"miscellaneous":""},"schema":{"@context":"https:\/\/schema.org","@graph":[{"@type":"BlogPosting","@id":"https:\/\/newsinfoco.com.br\/inicio\/impiedoso-e-preso-a-narrativa-de-golpe-pt-pede-arquivamento-do-pl-da-anistia\/#blogposting","name":"Impiedoso e preso \u00e0 narrativa de golpe, PT pede arquivamento do PL da Anistia - News In Foco - Editado por Caio Pimenta","headline":"Impiedoso e preso \u00e0 narrativa de golpe, PT pede arquivamento do PL da Anistia","author":{"@id":"https:\/\/newsinfoco.com.br\/inicio\/author\/administrador\/#author"},"publisher":{"@id":"https:\/\/newsinfoco.com.br\/inicio\/#organization"},"image":{"@type":"ImageObject","url":"https:\/\/newsinfoco.com.br\/inicio\/wp-content\/uploads\/2024\/11\/lucho-rodriguez-bahia-2024-10-16T064129.815.png","width":600,"height":420},"datePublished":"2024-11-21T12:32:45-03:00","dateModified":"2024-11-21T12:32:45-03:00","inLanguage":"pt-BR","mainEntityOfPage":{"@id":"https:\/\/newsinfoco.com.br\/inicio\/impiedoso-e-preso-a-narrativa-de-golpe-pt-pede-arquivamento-do-pl-da-anistia\/#webpage"},"isPartOf":{"@id":"https:\/\/newsinfoco.com.br\/inicio\/impiedoso-e-preso-a-narrativa-de-golpe-pt-pede-arquivamento-do-pl-da-anistia\/#webpage"},"articleSection":"Brasil"},{"@type":"BreadcrumbList","@id":"https:\/\/newsinfoco.com.br\/inicio\/impiedoso-e-preso-a-narrativa-de-golpe-pt-pede-arquivamento-do-pl-da-anistia\/#breadcrumblist","itemListElement":[{"@type":"ListItem","@id":"https:\/\/newsinfoco.com.br\/inicio#listItem","position":1,"name":"In\u00edcio","item":"https:\/\/newsinfoco.com.br\/inicio","nextItem":{"@type":"ListItem","@id":"https:\/\/newsinfoco.com.br\/inicio\/category\/brasil\/#listItem","name":"Brasil"}},{"@type":"ListItem","@id":"https:\/\/newsinfoco.com.br\/inicio\/category\/brasil\/#listItem","position":2,"name":"Brasil","item":"https:\/\/newsinfoco.com.br\/inicio\/category\/brasil\/","nextItem":{"@type":"ListItem","@id":"https:\/\/newsinfoco.com.br\/inicio\/impiedoso-e-preso-a-narrativa-de-golpe-pt-pede-arquivamento-do-pl-da-anistia\/#listItem","name":"Impiedoso e preso \u00e0 narrativa de golpe, PT pede arquivamento do PL da Anistia"},"previousItem":{"@type":"ListItem","@id":"https:\/\/newsinfoco.com.br\/inicio#listItem","name":"In\u00edcio"}},{"@type":"ListItem","@id":"https:\/\/newsinfoco.com.br\/inicio\/impiedoso-e-preso-a-narrativa-de-golpe-pt-pede-arquivamento-do-pl-da-anistia\/#listItem","position":3,"name":"Impiedoso e preso \u00e0 narrativa de golpe, PT pede arquivamento do PL da Anistia","previousItem":{"@type":"ListItem","@id":"https:\/\/newsinfoco.com.br\/inicio\/category\/brasil\/#listItem","name":"Brasil"}}]},{"@type":"Organization","@id":"https:\/\/newsinfoco.com.br\/inicio\/#organization","name":"News In Foco - Editado por Caio Pimenta","description":"O principal site de noticias de Alagoinhas e regi\u00e3o","url":"https:\/\/newsinfoco.com.br\/inicio\/"},{"@type":"Person","@id":"https:\/\/newsinfoco.com.br\/inicio\/author\/administrador\/#author","url":"https:\/\/newsinfoco.com.br\/inicio\/author\/administrador\/","name":"administrador","image":{"@type":"ImageObject","@id":"https:\/\/newsinfoco.com.br\/inicio\/impiedoso-e-preso-a-narrativa-de-golpe-pt-pede-arquivamento-do-pl-da-anistia\/#authorImage","url":"https:\/\/secure.gravatar.com\/avatar\/c17a617433de8c1dc9584bb79aab7563b46f5bb7e1728c9b17d9cc3ce6a08e49?s=96&d=mm&r=g","width":96,"height":96,"caption":"administrador"}},{"@type":"WebPage","@id":"https:\/\/newsinfoco.com.br\/inicio\/impiedoso-e-preso-a-narrativa-de-golpe-pt-pede-arquivamento-do-pl-da-anistia\/#webpage","url":"https:\/\/newsinfoco.com.br\/inicio\/impiedoso-e-preso-a-narrativa-de-golpe-pt-pede-arquivamento-do-pl-da-anistia\/","name":"Impiedoso e preso \u00e0 narrativa de golpe, PT pede arquivamento do PL da Anistia - News In Foco - Editado por Caio Pimenta","description":"O PT (Partido dos Trabalhadores) pediu que seja arquivado o Projeto de Lei (PL) n\u00ba 2.858, que prev\u00ea anistia aos condenados pela tentativa de golpe de Estado no dia 8 de janeiro de 2022. A solicita\u00e7\u00e3o foi feita por meio de requerimento ao presidente da C\u00e2mara dos Deputados, Arthur Lira (PP), nesta quarta-feira (20). A","inLanguage":"pt-BR","isPartOf":{"@id":"https:\/\/newsinfoco.com.br\/inicio\/#website"},"breadcrumb":{"@id":"https:\/\/newsinfoco.com.br\/inicio\/impiedoso-e-preso-a-narrativa-de-golpe-pt-pede-arquivamento-do-pl-da-anistia\/#breadcrumblist"},"author":{"@id":"https:\/\/newsinfoco.com.br\/inicio\/author\/administrador\/#author"},"creator":{"@id":"https:\/\/newsinfoco.com.br\/inicio\/author\/administrador\/#author"},"image":{"@type":"ImageObject","url":"https:\/\/newsinfoco.com.br\/inicio\/wp-content\/uploads\/2024\/11\/lucho-rodriguez-bahia-2024-10-16T064129.815.png","@id":"https:\/\/newsinfoco.com.br\/inicio\/impiedoso-e-preso-a-narrativa-de-golpe-pt-pede-arquivamento-do-pl-da-anistia\/#mainImage","width":600,"height":420},"primaryImageOfPage":{"@id":"https:\/\/newsinfoco.com.br\/inicio\/impiedoso-e-preso-a-narrativa-de-golpe-pt-pede-arquivamento-do-pl-da-anistia\/#mainImage"},"datePublished":"2024-11-21T12:32:45-03:00","dateModified":"2024-11-21T12:32:45-03:00"},{"@type":"WebSite","@id":"https:\/\/newsinfoco.com.br\/inicio\/#website","url":"https:\/\/newsinfoco.com.br\/inicio\/","name":"News In Foco - Editado por Caio Pimenta","description":"O principal site de noticias de Alagoinhas e regi\u00e3o","inLanguage":"pt-BR","publisher":{"@id":"https:\/\/newsinfoco.com.br\/inicio\/#organization"}}]},"og:locale":"pt_BR","og:site_name":"News In Foco - Editado por Caio Pimenta - O principal site de noticias de Alagoinhas e regi\u00e3o","og:type":"article","og:title":"Impiedoso e preso \u00e0 narrativa de golpe, PT pede arquivamento do PL da Anistia - News In Foco - Editado por Caio Pimenta","og:description":"O PT (Partido dos Trabalhadores) pediu que seja arquivado o Projeto de Lei (PL) n\u00ba 2.858, que prev\u00ea anistia aos condenados pela tentativa de golpe de Estado no dia 8 de janeiro de 2022. A solicita\u00e7\u00e3o foi feita por meio de requerimento ao presidente da C\u00e2mara dos Deputados, Arthur Lira (PP), nesta quarta-feira (20). A","og:url":"https:\/\/newsinfoco.com.br\/inicio\/impiedoso-e-preso-a-narrativa-de-golpe-pt-pede-arquivamento-do-pl-da-anistia\/","article:published_time":"2024-11-21T15:32:45+00:00","article:modified_time":"2024-11-21T15:32:45+00:00","twitter:card":"summary_large_image","twitter:title":"Impiedoso e preso \u00e0 narrativa de golpe, PT pede arquivamento do PL da Anistia - News In Foco - Editado por Caio Pimenta","twitter:description":"O PT (Partido dos Trabalhadores) pediu que seja arquivado o Projeto de Lei (PL) n\u00ba 2.858, que prev\u00ea anistia aos condenados pela tentativa de golpe de Estado no dia 8 de janeiro de 2022. A solicita\u00e7\u00e3o foi feita por meio de requerimento ao presidente da C\u00e2mara dos Deputados, Arthur Lira (PP), nesta quarta-feira (20). A"},"aioseo_meta_data":{"post_id":"36892","title":null,"description":null,"keywords":null,"keyphrases":{"focus":{"keyphrase":"","score":0,"analysis":{"keyphraseInTitle":{"score":0,"maxScore":9,"error":1}}},"additional":[]},"primary_term":null,"canonical_url":null,"og_title":null,"og_description":null,"og_object_type":"default","og_image_type":"default","og_image_url":null,"og_image_width":null,"og_image_height":null,"og_image_custom_url":null,"og_image_custom_fields":null,"og_video":"","og_custom_url":null,"og_article_section":null,"og_article_tags":null,"twitter_use_og":false,"twitter_card":"default","twitter_image_type":"default","twitter_image_url":null,"twitter_image_custom_url":null,"twitter_image_custom_fields":null,"twitter_title":null,"twitter_description":null,"schema":{"blockGraphs":[],"customGraphs":[],"default":{"data":{"Article":[],"Course":[],"Dataset":[],"FAQPage":[],"Movie":[],"Person":[],"Product":[],"ProductReview":[],"Car":[],"Recipe":[],"Service":[],"SoftwareApplication":[],"WebPage":[]},"graphName":"BlogPosting","isEnabled":true},"graphs":[]},"schema_type":"default","schema_type_options":null,"pillar_content":false,"robots_default":true,"robots_noindex":false,"robots_noarchive":false,"robots_nosnippet":false,"robots_nofollow":false,"robots_noimageindex":false,"robots_noodp":false,"robots_notranslate":false,"robots_max_snippet":"-1","robots_max_videopreview":"-1","robots_max_imagepreview":"large","priority":null,"frequency":"default","local_seo":null,"breadcrumb_settings":null,"limit_modified_date":false,"ai":null,"created":"2024-11-21 15:32:45","updated":"2025-07-11 11:05:00","seo_analyzer_scan_date":null},"aioseo_breadcrumb":"<div class=\"aioseo-breadcrumbs\"><span class=\"aioseo-breadcrumb\">\n\t\t\t<a href=\"https:\/\/newsinfoco.com.br\/inicio\" title=\"In\u00edcio\">In\u00edcio<\/a>\n\t\t<\/span><span class=\"aioseo-breadcrumb-separator\">&raquo;<\/span><span class=\"aioseo-breadcrumb\">\n\t\t\t<a href=\"https:\/\/newsinfoco.com.br\/inicio\/category\/brasil\/\" title=\"Brasil\">Brasil<\/a>\n\t\t<\/span><span class=\"aioseo-breadcrumb-separator\">&raquo;<\/span><span class=\"aioseo-breadcrumb\">\n\t\t\tImpiedoso e preso \u00e0 narrativa de golpe, PT pede arquivamento do PL da Anistia\n\t\t<\/span><\/div>","aioseo_breadcrumb_json":[{"label":"In\u00edcio","link":"https:\/\/newsinfoco.com.br\/inicio"},{"label":"Brasil","link":"https:\/\/newsinfoco.com.br\/inicio\/category\/brasil\/"},{"label":"Impiedoso e preso \u00e0 narrativa de golpe, PT pede arquivamento do PL da Anistia","link":"https:\/\/newsinfoco.com.br\/inicio\/impiedoso-e-preso-a-narrativa-de-golpe-pt-pede-arquivamento-do-pl-da-anistia\/"}],"_links":{"self":[{"href":"https:\/\/newsinfoco.com.br\/inicio\/wp-json\/wp\/v2\/posts\/36892","targetHints":{"allow":["GET"]}}],"collection":[{"href":"https:\/\/newsinfoco.com.br\/inicio\/wp-json\/wp\/v2\/posts"}],"about":[{"href":"https:\/\/newsinfoco.com.br\/inicio\/wp-json\/wp\/v2\/types\/post"}],"author":[{"embeddable":true,"href":"https:\/\/newsinfoco.com.br\/inicio\/wp-json\/wp\/v2\/users\/1"}],"replies":[{"embeddable":true,"href":"https:\/\/newsinfoco.com.br\/inicio\/wp-json\/wp\/v2\/comments?post=36892"}],"version-history":[{"count":1,"href":"https:\/\/newsinfoco.com.br\/inicio\/wp-json\/wp\/v2\/posts\/36892\/revisions"}],"predecessor-version":[{"id":36894,"href":"https:\/\/newsinfoco.com.br\/inicio\/wp-json\/wp\/v2\/posts\/36892\/revisions\/36894"}],"wp:featuredmedia":[{"embeddable":true,"href":"https:\/\/newsinfoco.com.br\/inicio\/wp-json\/wp\/v2\/media\/36893"}],"wp:attachment":[{"href":"https:\/\/newsinfoco.com.br\/inicio\/wp-json\/wp\/v2\/media?parent=36892"}],"wp:term":[{"taxonomy":"category","embeddable":true,"href":"https:\/\/newsinfoco.com.br\/inicio\/wp-json\/wp\/v2\/categories?post=36892"},{"taxonomy":"post_tag","embeddable":true,"href":"https:\/\/newsinfoco.com.br\/inicio\/wp-json\/wp\/v2\/tags?post=36892"}],"curies":[{"name":"wp","href":"https:\/\/api.w.org\/{rel}","templated":true}]}}