{"id":36952,"date":"2024-11-24T13:17:33","date_gmt":"2024-11-24T16:17:33","guid":{"rendered":"https:\/\/newsinfoco.com.br\/inicio\/?p=36952"},"modified":"2024-11-24T13:17:33","modified_gmt":"2024-11-24T16:17:33","slug":"paises-ricos-relutam-em-abrir-a-carteira-na-cop-29-e-frustram-marina-silva","status":"publish","type":"post","link":"https:\/\/newsinfoco.com.br\/inicio\/paises-ricos-relutam-em-abrir-a-carteira-na-cop-29-e-frustram-marina-silva\/","title":{"rendered":"Pa\u00edses ricos relutam em abrir a carteira na Cop 29 e frustram Marina Silva"},"content":{"rendered":"<p>A ministra do Meio Ambiente e Mudan\u00e7as Clim\u00e1ticas,\u00a0<a href=\"https:\/\/atarde.com.br\/?q=marina+silva&amp;d=1\" target=\"_blank\" rel=\"noopener\" data-rel-defined=\"\">Marina Silva<\/a>, avaliou a\u00a0<a href=\"https:\/\/atarde.com.br\/?q=Confer%C3%AAncia+das+Na%C3%A7%C3%B5es+Unidas+sobre+as+Mudan%C3%A7as+Clim%C3%A1ticas+de+2024&amp;d=1\" target=\"_blank\" rel=\"noopener\" data-rel-defined=\"\">Confer\u00eancia das Na\u00e7\u00f5es Unidas sobre as Mudan\u00e7as Clim\u00e1ticas de 2024<\/a>, em Baku, Azerbaij\u00e3o, como uma \u201cexperi\u00eancia dif\u00edcil\u201d. A declara\u00e7\u00e3o foi dada durante o discurso da autoridade brasileira, neste s\u00e1bado,23, na plen\u00e1ria final da COP29. \u201c\u00c9 fundamental, sobretudo ap\u00f3s a dif\u00edcil experi\u00eancia que estamos tendo aqui em Baku, chegar a um resultado minimamente aceit\u00e1vel para todos n\u00f3s, diante da emerg\u00eancia que estamos vivendo.\u201d<\/p>\n<p>As negocia\u00e7\u00f5es sobre a contribui\u00e7\u00e3o dos pa\u00edses ricos \u00e0s na\u00e7\u00f5es em desenvolvimento para enfrentar a crise do clima se estenderam al\u00e9m do prazo inicialmente estabelecido, que era a tarde desta sexta,22.<\/p>\n<p>Em entrevista coletiva \u00e0 imprensa, ap\u00f3s o discurso, Marina Silva explicou que a experi\u00eancia dolorosa ocorre porque, ao fim do dia de debates na Confer\u00eancia, ainda h\u00e1 assuntos que s\u00e3o altamente importantes para serem resolvidos e que o principal deles \u00e9 o financiamento clim\u00e1tico por pa\u00edses ricos at\u00e9 2035 demandado pelos pa\u00edses em desenvolvimento, entre eles o Brasil.<\/p>\n<div id=\"dmh-h-par1\" class=\"jba filled\" data-google-query-id=\"CMGimbCs9YkDFSxQuAQd1DAv5Q\">\u201cN\u00f3s, que somos m\u00e3es, se fic\u00e1ssemos apenas olhando para o processo das dores de parto, talvez a gente n\u00e3o olhasse com tanta ternura para a crian\u00e7a. Ent\u00e3o, aqui [em Baku], ainda estamos esperando a crian\u00e7a nascer. E se nascer, temos a oportunidade de olhar o processo dif\u00edcil, como algo que valeu a pena. Estamos no processo\u201d, avalia Marina.<\/div>\n<div data-google-query-id=\"CMGimbCs9YkDFSxQuAQd1DAv5Q\"><\/div>\n<div data-google-query-id=\"CMGimbCs9YkDFSxQuAQd1DAv5Q\">Fonte: A Tarde<\/div>\n<div class='share-to-whatsapp-wrapper'><div class='share-on-whsp'>Share on: <\/div><a data-text='Pa\u00edses ricos relutam em abrir a carteira na Cop 29 e frustram Marina Silva' data-link='https:\/\/newsinfoco.com.br\/inicio\/paises-ricos-relutam-em-abrir-a-carteira-na-cop-29-e-frustram-marina-silva\/' class='whatsapp-button whatsapp-share'>WhatsApp<\/a><div class='clear '><\/div><\/div>","protected":false},"excerpt":{"rendered":"<p>A ministra do Meio Ambiente e Mudan\u00e7as Clim\u00e1ticas,\u00a0Marina Silva, avaliou a\u00a0Confer\u00eancia das Na\u00e7\u00f5es Unidas sobre as Mudan\u00e7as Clim\u00e1ticas de 2024, em Baku, Azerbaij\u00e3o, como uma \u201cexperi\u00eancia dif\u00edcil\u201d. A declara\u00e7\u00e3o foi dada durante o discurso da autoridade brasileira, neste s\u00e1bado,23, na plen\u00e1ria final da COP29. \u201c\u00c9 fundamental, sobretudo ap\u00f3s a dif\u00edcil experi\u00eancia que estamos tendo aqui [&hellip;]<\/p>\n","protected":false},"author":1,"featured_media":36953,"comment_status":"closed","ping_status":"closed","sticky":false,"template":"","format":"standard","meta":{"om_disable_all_campaigns":false,"rop_custom_images_group":[],"rop_custom_messages_group":[],"rop_publish_now":"initial","rop_publish_now_accounts":[],"rop_publish_now_history":[],"rop_publish_now_status":"pending","_exactmetrics_skip_tracking":false,"footnotes":""},"categories":[21],"tags":[],"class_list":["post-36952","post","type-post","status-publish","format-standard","has-post-thumbnail","hentry","category-brasil"],"aioseo_notices":[],"aioseo_head":"\n\t\t<!-- All in One SEO 4.9.10 - aioseo.com -->\n\t<meta name=\"description\" content=\"A ministra do Meio Ambiente e Mudan\u00e7as Clim\u00e1ticas, Marina Silva, avaliou a Confer\u00eancia das Na\u00e7\u00f5es Unidas sobre as Mudan\u00e7as Clim\u00e1ticas de 2024, em Baku, Azerbaij\u00e3o, como uma \u201cexperi\u00eancia dif\u00edcil\u201d. A declara\u00e7\u00e3o foi dada durante o discurso da autoridade brasileira, neste s\u00e1bado,23, na plen\u00e1ria final da COP29. \u201c\u00c9 fundamental, sobretudo ap\u00f3s a dif\u00edcil experi\u00eancia que estamos tendo aqui\" \/>\n\t<meta name=\"robots\" content=\"max-image-preview:large\" \/>\n\t<meta name=\"author\" content=\"administrador\"\/>\n\t<link rel=\"canonical\" href=\"https:\/\/newsinfoco.com.br\/inicio\/paises-ricos-relutam-em-abrir-a-carteira-na-cop-29-e-frustram-marina-silva\/\" \/>\n\t<meta name=\"generator\" content=\"All in One SEO (AIOSEO) 4.9.10\" \/>\n\t\t<meta property=\"og:locale\" content=\"pt_BR\" \/>\n\t\t<meta property=\"og:site_name\" content=\"News In Foco - Editado por Caio Pimenta - O principal site de noticias de Alagoinhas e regi\u00e3o\" \/>\n\t\t<meta property=\"og:type\" content=\"article\" \/>\n\t\t<meta property=\"og:title\" content=\"Pa\u00edses ricos relutam em abrir a carteira na Cop 29 e frustram Marina Silva - News In Foco - Editado por Caio Pimenta\" \/>\n\t\t<meta property=\"og:description\" content=\"A ministra do Meio Ambiente e Mudan\u00e7as Clim\u00e1ticas, Marina Silva, avaliou a Confer\u00eancia das Na\u00e7\u00f5es Unidas sobre as Mudan\u00e7as Clim\u00e1ticas de 2024, em Baku, Azerbaij\u00e3o, como uma \u201cexperi\u00eancia dif\u00edcil\u201d. A declara\u00e7\u00e3o foi dada durante o discurso da autoridade brasileira, neste s\u00e1bado,23, na plen\u00e1ria final da COP29. \u201c\u00c9 fundamental, sobretudo ap\u00f3s a dif\u00edcil experi\u00eancia que estamos tendo aqui\" \/>\n\t\t<meta property=\"og:url\" content=\"https:\/\/newsinfoco.com.br\/inicio\/paises-ricos-relutam-em-abrir-a-carteira-na-cop-29-e-frustram-marina-silva\/\" \/>\n\t\t<meta property=\"article:published_time\" content=\"2024-11-24T16:17:33+00:00\" \/>\n\t\t<meta property=\"article:modified_time\" content=\"2024-11-24T16:17:33+00:00\" \/>\n\t\t<meta name=\"twitter:card\" content=\"summary_large_image\" \/>\n\t\t<meta name=\"twitter:title\" content=\"Pa\u00edses ricos relutam em abrir a carteira na Cop 29 e frustram Marina Silva - News In Foco - Editado por Caio Pimenta\" \/>\n\t\t<meta name=\"twitter:description\" content=\"A ministra do Meio Ambiente e Mudan\u00e7as Clim\u00e1ticas, Marina Silva, avaliou a Confer\u00eancia das Na\u00e7\u00f5es Unidas sobre as Mudan\u00e7as Clim\u00e1ticas de 2024, em Baku, Azerbaij\u00e3o, como uma \u201cexperi\u00eancia dif\u00edcil\u201d. A declara\u00e7\u00e3o foi dada durante o discurso da autoridade brasileira, neste s\u00e1bado,23, na plen\u00e1ria final da COP29. \u201c\u00c9 fundamental, sobretudo ap\u00f3s a dif\u00edcil experi\u00eancia que estamos tendo aqui\" \/>\n\t\t<script type=\"application\/ld+json\" class=\"aioseo-schema\">\n\t\t\t{\"@context\":\"https:\\\/\\\/schema.org\",\"@graph\":[{\"@type\":\"BlogPosting\",\"@id\":\"https:\\\/\\\/newsinfoco.com.br\\\/inicio\\\/paises-ricos-relutam-em-abrir-a-carteira-na-cop-29-e-frustram-marina-silva\\\/#blogposting\",\"name\":\"Pa\\u00edses ricos relutam em abrir a carteira na Cop 29 e frustram Marina Silva - News In Foco - Editado por Caio Pimenta\",\"headline\":\"Pa\\u00edses ricos relutam em abrir a carteira na Cop 29 e frustram Marina Silva\",\"author\":{\"@id\":\"https:\\\/\\\/newsinfoco.com.br\\\/inicio\\\/author\\\/administrador\\\/#author\"},\"publisher\":{\"@id\":\"https:\\\/\\\/newsinfoco.com.br\\\/inicio\\\/#organization\"},\"image\":{\"@type\":\"ImageObject\",\"url\":\"https:\\\/\\\/newsinfoco.com.br\\\/inicio\\\/wp-content\\\/uploads\\\/2024\\\/11\\\/Dificil-experiencia-diz-Marina-sobre-a-COP29-em-di0129674700202411240715-ScaleDownProportional.webp\",\"width\":1170,\"height\":700},\"datePublished\":\"2024-11-24T13:17:33-03:00\",\"dateModified\":\"2024-11-24T13:17:33-03:00\",\"inLanguage\":\"pt-BR\",\"mainEntityOfPage\":{\"@id\":\"https:\\\/\\\/newsinfoco.com.br\\\/inicio\\\/paises-ricos-relutam-em-abrir-a-carteira-na-cop-29-e-frustram-marina-silva\\\/#webpage\"},\"isPartOf\":{\"@id\":\"https:\\\/\\\/newsinfoco.com.br\\\/inicio\\\/paises-ricos-relutam-em-abrir-a-carteira-na-cop-29-e-frustram-marina-silva\\\/#webpage\"},\"articleSection\":\"Brasil\"},{\"@type\":\"BreadcrumbList\",\"@id\":\"https:\\\/\\\/newsinfoco.com.br\\\/inicio\\\/paises-ricos-relutam-em-abrir-a-carteira-na-cop-29-e-frustram-marina-silva\\\/#breadcrumblist\",\"itemListElement\":[{\"@type\":\"ListItem\",\"@id\":\"https:\\\/\\\/newsinfoco.com.br\\\/inicio#listItem\",\"position\":1,\"name\":\"In\\u00edcio\",\"item\":\"https:\\\/\\\/newsinfoco.com.br\\\/inicio\",\"nextItem\":{\"@type\":\"ListItem\",\"@id\":\"https:\\\/\\\/newsinfoco.com.br\\\/inicio\\\/category\\\/brasil\\\/#listItem\",\"name\":\"Brasil\"}},{\"@type\":\"ListItem\",\"@id\":\"https:\\\/\\\/newsinfoco.com.br\\\/inicio\\\/category\\\/brasil\\\/#listItem\",\"position\":2,\"name\":\"Brasil\",\"item\":\"https:\\\/\\\/newsinfoco.com.br\\\/inicio\\\/category\\\/brasil\\\/\",\"nextItem\":{\"@type\":\"ListItem\",\"@id\":\"https:\\\/\\\/newsinfoco.com.br\\\/inicio\\\/paises-ricos-relutam-em-abrir-a-carteira-na-cop-29-e-frustram-marina-silva\\\/#listItem\",\"name\":\"Pa\\u00edses ricos relutam em abrir a carteira na Cop 29 e frustram Marina Silva\"},\"previousItem\":{\"@type\":\"ListItem\",\"@id\":\"https:\\\/\\\/newsinfoco.com.br\\\/inicio#listItem\",\"name\":\"In\\u00edcio\"}},{\"@type\":\"ListItem\",\"@id\":\"https:\\\/\\\/newsinfoco.com.br\\\/inicio\\\/paises-ricos-relutam-em-abrir-a-carteira-na-cop-29-e-frustram-marina-silva\\\/#listItem\",\"position\":3,\"name\":\"Pa\\u00edses ricos relutam em abrir a carteira na Cop 29 e frustram Marina Silva\",\"previousItem\":{\"@type\":\"ListItem\",\"@id\":\"https:\\\/\\\/newsinfoco.com.br\\\/inicio\\\/category\\\/brasil\\\/#listItem\",\"name\":\"Brasil\"}}]},{\"@type\":\"Organization\",\"@id\":\"https:\\\/\\\/newsinfoco.com.br\\\/inicio\\\/#organization\",\"name\":\"News In Foco - Editado por Caio Pimenta\",\"description\":\"O principal site de noticias de Alagoinhas e regi\\u00e3o\",\"url\":\"https:\\\/\\\/newsinfoco.com.br\\\/inicio\\\/\"},{\"@type\":\"Person\",\"@id\":\"https:\\\/\\\/newsinfoco.com.br\\\/inicio\\\/author\\\/administrador\\\/#author\",\"url\":\"https:\\\/\\\/newsinfoco.com.br\\\/inicio\\\/author\\\/administrador\\\/\",\"name\":\"administrador\",\"image\":{\"@type\":\"ImageObject\",\"@id\":\"https:\\\/\\\/newsinfoco.com.br\\\/inicio\\\/paises-ricos-relutam-em-abrir-a-carteira-na-cop-29-e-frustram-marina-silva\\\/#authorImage\",\"url\":\"https:\\\/\\\/secure.gravatar.com\\\/avatar\\\/c17a617433de8c1dc9584bb79aab7563b46f5bb7e1728c9b17d9cc3ce6a08e49?s=96&d=mm&r=g\",\"width\":96,\"height\":96,\"caption\":\"administrador\"}},{\"@type\":\"WebPage\",\"@id\":\"https:\\\/\\\/newsinfoco.com.br\\\/inicio\\\/paises-ricos-relutam-em-abrir-a-carteira-na-cop-29-e-frustram-marina-silva\\\/#webpage\",\"url\":\"https:\\\/\\\/newsinfoco.com.br\\\/inicio\\\/paises-ricos-relutam-em-abrir-a-carteira-na-cop-29-e-frustram-marina-silva\\\/\",\"name\":\"Pa\\u00edses ricos relutam em abrir a carteira na Cop 29 e frustram Marina Silva - News In Foco - Editado por Caio Pimenta\",\"description\":\"A ministra do Meio Ambiente e Mudan\\u00e7as Clim\\u00e1ticas, Marina Silva, avaliou a Confer\\u00eancia das Na\\u00e7\\u00f5es Unidas sobre as Mudan\\u00e7as Clim\\u00e1ticas de 2024, em Baku, Azerbaij\\u00e3o, como uma \\u201cexperi\\u00eancia dif\\u00edcil\\u201d. A declara\\u00e7\\u00e3o foi dada durante o discurso da autoridade brasileira, neste s\\u00e1bado,23, na plen\\u00e1ria final da COP29. \\u201c\\u00c9 fundamental, sobretudo ap\\u00f3s a dif\\u00edcil experi\\u00eancia que estamos tendo aqui\",\"inLanguage\":\"pt-BR\",\"isPartOf\":{\"@id\":\"https:\\\/\\\/newsinfoco.com.br\\\/inicio\\\/#website\"},\"breadcrumb\":{\"@id\":\"https:\\\/\\\/newsinfoco.com.br\\\/inicio\\\/paises-ricos-relutam-em-abrir-a-carteira-na-cop-29-e-frustram-marina-silva\\\/#breadcrumblist\"},\"author\":{\"@id\":\"https:\\\/\\\/newsinfoco.com.br\\\/inicio\\\/author\\\/administrador\\\/#author\"},\"creator\":{\"@id\":\"https:\\\/\\\/newsinfoco.com.br\\\/inicio\\\/author\\\/administrador\\\/#author\"},\"image\":{\"@type\":\"ImageObject\",\"url\":\"https:\\\/\\\/newsinfoco.com.br\\\/inicio\\\/wp-content\\\/uploads\\\/2024\\\/11\\\/Dificil-experiencia-diz-Marina-sobre-a-COP29-em-di0129674700202411240715-ScaleDownProportional.webp\",\"@id\":\"https:\\\/\\\/newsinfoco.com.br\\\/inicio\\\/paises-ricos-relutam-em-abrir-a-carteira-na-cop-29-e-frustram-marina-silva\\\/#mainImage\",\"width\":1170,\"height\":700},\"primaryImageOfPage\":{\"@id\":\"https:\\\/\\\/newsinfoco.com.br\\\/inicio\\\/paises-ricos-relutam-em-abrir-a-carteira-na-cop-29-e-frustram-marina-silva\\\/#mainImage\"},\"datePublished\":\"2024-11-24T13:17:33-03:00\",\"dateModified\":\"2024-11-24T13:17:33-03:00\"},{\"@type\":\"WebSite\",\"@id\":\"https:\\\/\\\/newsinfoco.com.br\\\/inicio\\\/#website\",\"url\":\"https:\\\/\\\/newsinfoco.com.br\\\/inicio\\\/\",\"name\":\"News In Foco - Editado por Caio Pimenta\",\"description\":\"O principal site de noticias de Alagoinhas e regi\\u00e3o\",\"inLanguage\":\"pt-BR\",\"publisher\":{\"@id\":\"https:\\\/\\\/newsinfoco.com.br\\\/inicio\\\/#organization\"}}]}\n\t\t<\/script>\n\t\t<!-- All in One SEO -->\n\n","aioseo_head_json":{"title":"Pa\u00edses ricos relutam em abrir a carteira na Cop 29 e frustram Marina Silva - News In Foco - Editado por Caio Pimenta","description":"A ministra do Meio Ambiente e Mudan\u00e7as Clim\u00e1ticas, Marina Silva, avaliou a Confer\u00eancia das Na\u00e7\u00f5es Unidas sobre as Mudan\u00e7as Clim\u00e1ticas de 2024, em Baku, Azerbaij\u00e3o, como uma \u201cexperi\u00eancia dif\u00edcil\u201d. A declara\u00e7\u00e3o foi dada durante o discurso da autoridade brasileira, neste s\u00e1bado,23, na plen\u00e1ria final da COP29. \u201c\u00c9 fundamental, sobretudo ap\u00f3s a dif\u00edcil experi\u00eancia que estamos tendo aqui","canonical_url":"https:\/\/newsinfoco.com.br\/inicio\/paises-ricos-relutam-em-abrir-a-carteira-na-cop-29-e-frustram-marina-silva\/","robots":"max-image-preview:large","keywords":"","webmasterTools":{"miscellaneous":""},"schema":{"@context":"https:\/\/schema.org","@graph":[{"@type":"BlogPosting","@id":"https:\/\/newsinfoco.com.br\/inicio\/paises-ricos-relutam-em-abrir-a-carteira-na-cop-29-e-frustram-marina-silva\/#blogposting","name":"Pa\u00edses ricos relutam em abrir a carteira na Cop 29 e frustram Marina Silva - News In Foco - Editado por Caio Pimenta","headline":"Pa\u00edses ricos relutam em abrir a carteira na Cop 29 e frustram Marina Silva","author":{"@id":"https:\/\/newsinfoco.com.br\/inicio\/author\/administrador\/#author"},"publisher":{"@id":"https:\/\/newsinfoco.com.br\/inicio\/#organization"},"image":{"@type":"ImageObject","url":"https:\/\/newsinfoco.com.br\/inicio\/wp-content\/uploads\/2024\/11\/Dificil-experiencia-diz-Marina-sobre-a-COP29-em-di0129674700202411240715-ScaleDownProportional.webp","width":1170,"height":700},"datePublished":"2024-11-24T13:17:33-03:00","dateModified":"2024-11-24T13:17:33-03:00","inLanguage":"pt-BR","mainEntityOfPage":{"@id":"https:\/\/newsinfoco.com.br\/inicio\/paises-ricos-relutam-em-abrir-a-carteira-na-cop-29-e-frustram-marina-silva\/#webpage"},"isPartOf":{"@id":"https:\/\/newsinfoco.com.br\/inicio\/paises-ricos-relutam-em-abrir-a-carteira-na-cop-29-e-frustram-marina-silva\/#webpage"},"articleSection":"Brasil"},{"@type":"BreadcrumbList","@id":"https:\/\/newsinfoco.com.br\/inicio\/paises-ricos-relutam-em-abrir-a-carteira-na-cop-29-e-frustram-marina-silva\/#breadcrumblist","itemListElement":[{"@type":"ListItem","@id":"https:\/\/newsinfoco.com.br\/inicio#listItem","position":1,"name":"In\u00edcio","item":"https:\/\/newsinfoco.com.br\/inicio","nextItem":{"@type":"ListItem","@id":"https:\/\/newsinfoco.com.br\/inicio\/category\/brasil\/#listItem","name":"Brasil"}},{"@type":"ListItem","@id":"https:\/\/newsinfoco.com.br\/inicio\/category\/brasil\/#listItem","position":2,"name":"Brasil","item":"https:\/\/newsinfoco.com.br\/inicio\/category\/brasil\/","nextItem":{"@type":"ListItem","@id":"https:\/\/newsinfoco.com.br\/inicio\/paises-ricos-relutam-em-abrir-a-carteira-na-cop-29-e-frustram-marina-silva\/#listItem","name":"Pa\u00edses ricos relutam em abrir a carteira na Cop 29 e frustram Marina Silva"},"previousItem":{"@type":"ListItem","@id":"https:\/\/newsinfoco.com.br\/inicio#listItem","name":"In\u00edcio"}},{"@type":"ListItem","@id":"https:\/\/newsinfoco.com.br\/inicio\/paises-ricos-relutam-em-abrir-a-carteira-na-cop-29-e-frustram-marina-silva\/#listItem","position":3,"name":"Pa\u00edses ricos relutam em abrir a carteira na Cop 29 e frustram Marina Silva","previousItem":{"@type":"ListItem","@id":"https:\/\/newsinfoco.com.br\/inicio\/category\/brasil\/#listItem","name":"Brasil"}}]},{"@type":"Organization","@id":"https:\/\/newsinfoco.com.br\/inicio\/#organization","name":"News In Foco - Editado por Caio Pimenta","description":"O principal site de noticias de Alagoinhas e regi\u00e3o","url":"https:\/\/newsinfoco.com.br\/inicio\/"},{"@type":"Person","@id":"https:\/\/newsinfoco.com.br\/inicio\/author\/administrador\/#author","url":"https:\/\/newsinfoco.com.br\/inicio\/author\/administrador\/","name":"administrador","image":{"@type":"ImageObject","@id":"https:\/\/newsinfoco.com.br\/inicio\/paises-ricos-relutam-em-abrir-a-carteira-na-cop-29-e-frustram-marina-silva\/#authorImage","url":"https:\/\/secure.gravatar.com\/avatar\/c17a617433de8c1dc9584bb79aab7563b46f5bb7e1728c9b17d9cc3ce6a08e49?s=96&d=mm&r=g","width":96,"height":96,"caption":"administrador"}},{"@type":"WebPage","@id":"https:\/\/newsinfoco.com.br\/inicio\/paises-ricos-relutam-em-abrir-a-carteira-na-cop-29-e-frustram-marina-silva\/#webpage","url":"https:\/\/newsinfoco.com.br\/inicio\/paises-ricos-relutam-em-abrir-a-carteira-na-cop-29-e-frustram-marina-silva\/","name":"Pa\u00edses ricos relutam em abrir a carteira na Cop 29 e frustram Marina Silva - News In Foco - Editado por Caio Pimenta","description":"A ministra do Meio Ambiente e Mudan\u00e7as Clim\u00e1ticas, Marina Silva, avaliou a Confer\u00eancia das Na\u00e7\u00f5es Unidas sobre as Mudan\u00e7as Clim\u00e1ticas de 2024, em Baku, Azerbaij\u00e3o, como uma \u201cexperi\u00eancia dif\u00edcil\u201d. A declara\u00e7\u00e3o foi dada durante o discurso da autoridade brasileira, neste s\u00e1bado,23, na plen\u00e1ria final da COP29. \u201c\u00c9 fundamental, sobretudo ap\u00f3s a dif\u00edcil experi\u00eancia que estamos tendo aqui","inLanguage":"pt-BR","isPartOf":{"@id":"https:\/\/newsinfoco.com.br\/inicio\/#website"},"breadcrumb":{"@id":"https:\/\/newsinfoco.com.br\/inicio\/paises-ricos-relutam-em-abrir-a-carteira-na-cop-29-e-frustram-marina-silva\/#breadcrumblist"},"author":{"@id":"https:\/\/newsinfoco.com.br\/inicio\/author\/administrador\/#author"},"creator":{"@id":"https:\/\/newsinfoco.com.br\/inicio\/author\/administrador\/#author"},"image":{"@type":"ImageObject","url":"https:\/\/newsinfoco.com.br\/inicio\/wp-content\/uploads\/2024\/11\/Dificil-experiencia-diz-Marina-sobre-a-COP29-em-di0129674700202411240715-ScaleDownProportional.webp","@id":"https:\/\/newsinfoco.com.br\/inicio\/paises-ricos-relutam-em-abrir-a-carteira-na-cop-29-e-frustram-marina-silva\/#mainImage","width":1170,"height":700},"primaryImageOfPage":{"@id":"https:\/\/newsinfoco.com.br\/inicio\/paises-ricos-relutam-em-abrir-a-carteira-na-cop-29-e-frustram-marina-silva\/#mainImage"},"datePublished":"2024-11-24T13:17:33-03:00","dateModified":"2024-11-24T13:17:33-03:00"},{"@type":"WebSite","@id":"https:\/\/newsinfoco.com.br\/inicio\/#website","url":"https:\/\/newsinfoco.com.br\/inicio\/","name":"News In Foco - Editado por Caio Pimenta","description":"O principal site de noticias de Alagoinhas e regi\u00e3o","inLanguage":"pt-BR","publisher":{"@id":"https:\/\/newsinfoco.com.br\/inicio\/#organization"}}]},"og:locale":"pt_BR","og:site_name":"News In Foco - Editado por Caio Pimenta - O principal site de noticias de Alagoinhas e regi\u00e3o","og:type":"article","og:title":"Pa\u00edses ricos relutam em abrir a carteira na Cop 29 e frustram Marina Silva - News In Foco - Editado por Caio Pimenta","og:description":"A ministra do Meio Ambiente e Mudan\u00e7as Clim\u00e1ticas, Marina Silva, avaliou a Confer\u00eancia das Na\u00e7\u00f5es Unidas sobre as Mudan\u00e7as Clim\u00e1ticas de 2024, em Baku, Azerbaij\u00e3o, como uma \u201cexperi\u00eancia dif\u00edcil\u201d. A declara\u00e7\u00e3o foi dada durante o discurso da autoridade brasileira, neste s\u00e1bado,23, na plen\u00e1ria final da COP29. \u201c\u00c9 fundamental, sobretudo ap\u00f3s a dif\u00edcil experi\u00eancia que estamos tendo aqui","og:url":"https:\/\/newsinfoco.com.br\/inicio\/paises-ricos-relutam-em-abrir-a-carteira-na-cop-29-e-frustram-marina-silva\/","article:published_time":"2024-11-24T16:17:33+00:00","article:modified_time":"2024-11-24T16:17:33+00:00","twitter:card":"summary_large_image","twitter:title":"Pa\u00edses ricos relutam em abrir a carteira na Cop 29 e frustram Marina Silva - News In Foco - Editado por Caio Pimenta","twitter:description":"A ministra do Meio Ambiente e Mudan\u00e7as Clim\u00e1ticas, Marina Silva, avaliou a Confer\u00eancia das Na\u00e7\u00f5es Unidas sobre as Mudan\u00e7as Clim\u00e1ticas de 2024, em Baku, Azerbaij\u00e3o, como uma \u201cexperi\u00eancia dif\u00edcil\u201d. A declara\u00e7\u00e3o foi dada durante o discurso da autoridade brasileira, neste s\u00e1bado,23, na plen\u00e1ria final da COP29. \u201c\u00c9 fundamental, sobretudo ap\u00f3s a dif\u00edcil experi\u00eancia que estamos tendo aqui"},"aioseo_meta_data":{"post_id":"36952","title":null,"description":null,"keywords":null,"keyphrases":{"focus":{"keyphrase":"","score":0,"analysis":{"keyphraseInTitle":{"score":0,"maxScore":9,"error":1}}},"additional":[]},"primary_term":null,"canonical_url":null,"og_title":null,"og_description":null,"og_object_type":"default","og_image_type":"default","og_image_url":null,"og_image_width":null,"og_image_height":null,"og_image_custom_url":null,"og_image_custom_fields":null,"og_video":"","og_custom_url":null,"og_article_section":null,"og_article_tags":null,"twitter_use_og":false,"twitter_card":"default","twitter_image_type":"default","twitter_image_url":null,"twitter_image_custom_url":null,"twitter_image_custom_fields":null,"twitter_title":null,"twitter_description":null,"schema":{"blockGraphs":[],"customGraphs":[],"default":{"data":{"Article":[],"Course":[],"Dataset":[],"FAQPage":[],"Movie":[],"Person":[],"Product":[],"ProductReview":[],"Car":[],"Recipe":[],"Service":[],"SoftwareApplication":[],"WebPage":[]},"graphName":"BlogPosting","isEnabled":true},"graphs":[]},"schema_type":"default","schema_type_options":null,"pillar_content":false,"robots_default":true,"robots_noindex":false,"robots_noarchive":false,"robots_nosnippet":false,"robots_nofollow":false,"robots_noimageindex":false,"robots_noodp":false,"robots_notranslate":false,"robots_max_snippet":"-1","robots_max_videopreview":"-1","robots_max_imagepreview":"large","priority":null,"frequency":"default","local_seo":null,"breadcrumb_settings":null,"limit_modified_date":false,"ai":null,"created":"2024-11-24 16:17:33","updated":"2025-07-11 11:06:43","seo_analyzer_scan_date":null},"aioseo_breadcrumb":"<div class=\"aioseo-breadcrumbs\"><span class=\"aioseo-breadcrumb\">\n\t\t\t<a href=\"https:\/\/newsinfoco.com.br\/inicio\" title=\"In\u00edcio\">In\u00edcio<\/a>\n\t\t<\/span><span class=\"aioseo-breadcrumb-separator\">&raquo;<\/span><span class=\"aioseo-breadcrumb\">\n\t\t\t<a href=\"https:\/\/newsinfoco.com.br\/inicio\/category\/brasil\/\" title=\"Brasil\">Brasil<\/a>\n\t\t<\/span><span class=\"aioseo-breadcrumb-separator\">&raquo;<\/span><span class=\"aioseo-breadcrumb\">\n\t\t\tPa\u00edses ricos relutam em abrir a carteira na Cop 29 e frustram Marina Silva\n\t\t<\/span><\/div>","aioseo_breadcrumb_json":[{"label":"In\u00edcio","link":"https:\/\/newsinfoco.com.br\/inicio"},{"label":"Brasil","link":"https:\/\/newsinfoco.com.br\/inicio\/category\/brasil\/"},{"label":"Pa\u00edses ricos relutam em abrir a carteira na Cop 29 e frustram Marina Silva","link":"https:\/\/newsinfoco.com.br\/inicio\/paises-ricos-relutam-em-abrir-a-carteira-na-cop-29-e-frustram-marina-silva\/"}],"_links":{"self":[{"href":"https:\/\/newsinfoco.com.br\/inicio\/wp-json\/wp\/v2\/posts\/36952","targetHints":{"allow":["GET"]}}],"collection":[{"href":"https:\/\/newsinfoco.com.br\/inicio\/wp-json\/wp\/v2\/posts"}],"about":[{"href":"https:\/\/newsinfoco.com.br\/inicio\/wp-json\/wp\/v2\/types\/post"}],"author":[{"embeddable":true,"href":"https:\/\/newsinfoco.com.br\/inicio\/wp-json\/wp\/v2\/users\/1"}],"replies":[{"embeddable":true,"href":"https:\/\/newsinfoco.com.br\/inicio\/wp-json\/wp\/v2\/comments?post=36952"}],"version-history":[{"count":1,"href":"https:\/\/newsinfoco.com.br\/inicio\/wp-json\/wp\/v2\/posts\/36952\/revisions"}],"predecessor-version":[{"id":36954,"href":"https:\/\/newsinfoco.com.br\/inicio\/wp-json\/wp\/v2\/posts\/36952\/revisions\/36954"}],"wp:featuredmedia":[{"embeddable":true,"href":"https:\/\/newsinfoco.com.br\/inicio\/wp-json\/wp\/v2\/media\/36953"}],"wp:attachment":[{"href":"https:\/\/newsinfoco.com.br\/inicio\/wp-json\/wp\/v2\/media?parent=36952"}],"wp:term":[{"taxonomy":"category","embeddable":true,"href":"https:\/\/newsinfoco.com.br\/inicio\/wp-json\/wp\/v2\/categories?post=36952"},{"taxonomy":"post_tag","embeddable":true,"href":"https:\/\/newsinfoco.com.br\/inicio\/wp-json\/wp\/v2\/tags?post=36952"}],"curies":[{"name":"wp","href":"https:\/\/api.w.org\/{rel}","templated":true}]}}